{"id":267,"date":"2021-02-22T15:40:10","date_gmt":"2021-02-22T14:40:10","guid":{"rendered":"https:\/\/www.creilsudoise-tourisme.fr\/?p=267"},"modified":"2022-01-25T09:10:36","modified_gmt":"2022-01-25T08:10:36","slug":"creil-inondee","status":"publish","type":"post","link":"https:\/\/www.creilsudoise-tourisme.fr\/es\/2021\/02\/22\/creil-inondee\/","title":{"rendered":"Galer\u00eda de fotos: Creil bajo el agua"},"content":{"rendered":"<p class=\"is-style-excerpt\">Eche un vistazo a las grandes inundaciones de Creil en 1910, 1926 y 1995.<\/p>\n\n\n\n<p><strong>Aunque los municipios de la zona pudieron desarrollar<\/strong> despu\u00e9s de la Revoluci\u00f3n Francesa, <strong>gracias en particular a Oise<\/strong> y su domesticaci\u00f3n por el hombre, en particular gracias a los molinos de agua que permitieron la implantaci\u00f3n de las primeras industrias en nuestros municipios... <strong>pero a veces la naturaleza es m\u00e1s fuerte que cualquier otra cosa.<\/strong><\/p>\n\n\n\n<p>Sugerimos<strong> retroceda en el tiempo con estas im\u00e1genes de archivo<\/strong>.<span style=\"font-size: inherit\"> Cuando el Oise se desbord\u00f3<\/span> \u00a1para hacerse cargo de las carreteras en 1910, 1926 y 1995!<\/p>\n\n\n\n<figure class=\"is-layout-flex wp-block-gallery-1 wp-block-gallery columns-3 is-cropped\"><ul class=\"blocks-gallery-grid\"><li class=\"blocks-gallery-item\"><figure><a href=\"https:\/\/www.creilsudoise-tourisme.fr\/wp-content\/uploads\/2021\/02\/151500388_2940631012835838_7864474189454974618_n-1.jpg\"><img decoding=\"async\" loading=\"lazy\" width=\"1200\" height=\"772\" data-src=\"https:\/\/www.creilsudoise-tourisme.fr\/wp-content\/uploads\/2021\/02\/151500388_2940631012835838_7864474189454974618_n-1-1200x772.jpg\" alt=\"Inundaciones en Creil\" data-id=\"33946\" data-full-url=\"https:\/\/www.creilsudoise-tourisme.fr\/wp-content\/uploads\/2021\/02\/151500388_2940631012835838_7864474189454974618_n-1.jpg\" data-link=\"https:\/\/www.creilsudoise-tourisme.fr\/2021\/02\/22\/creil-innondee\/151500388_2940631012835838_7864474189454974618_n-2\/\" class=\"wp-image-33946\" data-srcset=\"https:\/\/www.creilsudoise-tourisme.fr\/wp-content\/uploads\/2021\/02\/151500388_2940631012835838_7864474189454974618_n-1-1200x772.jpg 1200w, https:\/\/www.creilsudoise-tourisme.fr\/wp-content\/uploads\/2021\/02\/151500388_2940631012835838_7864474189454974618_n-1-600x386.jpg 600w, https:\/\/www.creilsudoise-tourisme.fr\/wp-content\/uploads\/2021\/02\/151500388_2940631012835838_7864474189454974618_n-1-900x579.jpg 900w, https:\/\/www.creilsudoise-tourisme.fr\/wp-content\/uploads\/2021\/02\/151500388_2940631012835838_7864474189454974618_n-1-200x129.jpg 200w, https:\/\/www.creilsudoise-tourisme.fr\/wp-content\/uploads\/2021\/02\/151500388_2940631012835838_7864474189454974618_n-1-650x418.jpg 650w, https:\/\/www.creilsudoise-tourisme.fr\/wp-content\/uploads\/2021\/02\/151500388_2940631012835838_7864474189454974618_n-1-387x249.jpg 387w, https:\/\/www.creilsudoise-tourisme.fr\/wp-content\/uploads\/2021\/02\/151500388_2940631012835838_7864474189454974618_n-1-275x177.jpg 275w, https:\/\/www.creilsudoise-tourisme.fr\/wp-content\/uploads\/2021\/02\/151500388_2940631012835838_7864474189454974618_n-1.jpg 1370w\" sizes=\"(max-width: 1200px) 100vw, 1200px\" \/><\/a><\/figure><\/li><li class=\"blocks-gallery-item\"><figure><a href=\"https:\/\/www.creilsudoise-tourisme.fr\/wp-content\/uploads\/2021\/02\/151419505_2940628666169406_7923009276975414292_n.jpg\"><img decoding=\"async\" loading=\"lazy\" width=\"791\" height=\"491\" data-src=\"https:\/\/www.creilsudoise-tourisme.fr\/wp-content\/uploads\/2021\/02\/151419505_2940628666169406_7923009276975414292_n.jpg\" alt=\"Inundaciones en Creil\" data-id=\"33945\" data-full-url=\"https:\/\/www.creilsudoise-tourisme.fr\/wp-content\/uploads\/2021\/02\/151419505_2940628666169406_7923009276975414292_n.jpg\" data-link=\"https:\/\/www.creilsudoise-tourisme.fr\/2021\/02\/22\/creil-innondee\/151419505_2940628666169406_7923009276975414292_n\/\" class=\"wp-image-33945\" data-srcset=\"https:\/\/www.creilsudoise-tourisme.fr\/wp-content\/uploads\/2021\/02\/151419505_2940628666169406_7923009276975414292_n.jpg 791w, https:\/\/www.creilsudoise-tourisme.fr\/wp-content\/uploads\/2021\/02\/151419505_2940628666169406_7923009276975414292_n-600x372.jpg 600w, https:\/\/www.creilsudoise-tourisme.fr\/wp-content\/uploads\/2021\/02\/151419505_2940628666169406_7923009276975414292_n-200x124.jpg 200w, https:\/\/www.creilsudoise-tourisme.fr\/wp-content\/uploads\/2021\/02\/151419505_2940628666169406_7923009276975414292_n-650x403.jpg 650w, https:\/\/www.creilsudoise-tourisme.fr\/wp-content\/uploads\/2021\/02\/151419505_2940628666169406_7923009276975414292_n-387x240.jpg 387w, https:\/\/www.creilsudoise-tourisme.fr\/wp-content\/uploads\/2021\/02\/151419505_2940628666169406_7923009276975414292_n-275x171.jpg 275w\" sizes=\"(max-width: 791px) 100vw, 791px\" \/><\/a><\/figure><\/li><li class=\"blocks-gallery-item\"><figure><a href=\"https:\/\/www.creilsudoise-tourisme.fr\/wp-content\/uploads\/2021\/02\/151419503_2940628786169394_3780235280786130867_n.jpg\"><img decoding=\"async\" loading=\"lazy\" width=\"783\" height=\"499\" data-src=\"https:\/\/www.creilsudoise-tourisme.fr\/wp-content\/uploads\/2021\/02\/151419503_2940628786169394_3780235280786130867_n.jpg\" alt=\"Inundaciones en Creil\" data-id=\"33944\" data-full-url=\"https:\/\/www.creilsudoise-tourisme.fr\/wp-content\/uploads\/2021\/02\/151419503_2940628786169394_3780235280786130867_n.jpg\" data-link=\"https:\/\/www.creilsudoise-tourisme.fr\/2021\/02\/22\/creil-innondee\/151419503_2940628786169394_3780235280786130867_n\/\" class=\"wp-image-33944\" data-srcset=\"https:\/\/www.creilsudoise-tourisme.fr\/wp-content\/uploads\/2021\/02\/151419503_2940628786169394_3780235280786130867_n.jpg 783w, https:\/\/www.creilsudoise-tourisme.fr\/wp-content\/uploads\/2021\/02\/151419503_2940628786169394_3780235280786130867_n-600x382.jpg 600w, https:\/\/www.creilsudoise-tourisme.fr\/wp-content\/uploads\/2021\/02\/151419503_2940628786169394_3780235280786130867_n-200x127.jpg 200w, https:\/\/www.creilsudoise-tourisme.fr\/wp-content\/uploads\/2021\/02\/151419503_2940628786169394_3780235280786130867_n-650x414.jpg 650w, https:\/\/www.creilsudoise-tourisme.fr\/wp-content\/uploads\/2021\/02\/151419503_2940628786169394_3780235280786130867_n-387x247.jpg 387w, https:\/\/www.creilsudoise-tourisme.fr\/wp-content\/uploads\/2021\/02\/151419503_2940628786169394_3780235280786130867_n-275x175.jpg 275w\" sizes=\"(max-width: 783px) 100vw, 783px\" \/><\/a><\/figure><\/li><li class=\"blocks-gallery-item\"><figure><a href=\"https:\/\/www.creilsudoise-tourisme.fr\/wp-content\/uploads\/2021\/02\/151330999_2940631646169108_4926463305880265671_n.jpg\"><img decoding=\"async\" loading=\"lazy\" width=\"1196\" height=\"778\" data-src=\"https:\/\/www.creilsudoise-tourisme.fr\/wp-content\/uploads\/2021\/02\/151330999_2940631646169108_4926463305880265671_n.jpg\" alt=\"Inundaciones en Creil\" data-id=\"33943\" data-full-url=\"https:\/\/www.creilsudoise-tourisme.fr\/wp-content\/uploads\/2021\/02\/151330999_2940631646169108_4926463305880265671_n.jpg\" data-link=\"https:\/\/www.creilsudoise-tourisme.fr\/2021\/02\/22\/creil-innondee\/151330999_2940631646169108_4926463305880265671_n\/\" class=\"wp-image-33943\" data-srcset=\"https:\/\/www.creilsudoise-tourisme.fr\/wp-content\/uploads\/2021\/02\/151330999_2940631646169108_4926463305880265671_n.jpg 1196w, https:\/\/www.creilsudoise-tourisme.fr\/wp-content\/uploads\/2021\/02\/151330999_2940631646169108_4926463305880265671_n-600x390.jpg 600w, https:\/\/www.creilsudoise-tourisme.fr\/wp-content\/uploads\/2021\/02\/151330999_2940631646169108_4926463305880265671_n-900x585.jpg 900w, https:\/\/www.creilsudoise-tourisme.fr\/wp-content\/uploads\/2021\/02\/151330999_2940631646169108_4926463305880265671_n-200x130.jpg 200w, https:\/\/www.creilsudoise-tourisme.fr\/wp-content\/uploads\/2021\/02\/151330999_2940631646169108_4926463305880265671_n-650x423.jpg 650w, https:\/\/www.creilsudoise-tourisme.fr\/wp-content\/uploads\/2021\/02\/151330999_2940631646169108_4926463305880265671_n-387x252.jpg 387w, https:\/\/www.creilsudoise-tourisme.fr\/wp-content\/uploads\/2021\/02\/151330999_2940631646169108_4926463305880265671_n-275x179.jpg 275w\" sizes=\"(max-width: 1196px) 100vw, 1196px\" \/><\/a><\/figure><\/li><li class=\"blocks-gallery-item\"><figure><a href=\"https:\/\/www.creilsudoise-tourisme.fr\/wp-content\/uploads\/2021\/02\/151321337_2940628812836058_4723986122008066871_n.jpg\"><img decoding=\"async\" loading=\"lazy\" width=\"786\" height=\"502\" data-src=\"https:\/\/www.creilsudoise-tourisme.fr\/wp-content\/uploads\/2021\/02\/151321337_2940628812836058_4723986122008066871_n.jpg\" alt=\"Inundaciones en Creil\" data-id=\"33942\" data-full-url=\"https:\/\/www.creilsudoise-tourisme.fr\/wp-content\/uploads\/2021\/02\/151321337_2940628812836058_4723986122008066871_n.jpg\" data-link=\"https:\/\/www.creilsudoise-tourisme.fr\/2021\/02\/22\/creil-innondee\/151321337_2940628812836058_4723986122008066871_n\/\" class=\"wp-image-33942\" data-srcset=\"https:\/\/www.creilsudoise-tourisme.fr\/wp-content\/uploads\/2021\/02\/151321337_2940628812836058_4723986122008066871_n.jpg 786w, https:\/\/www.creilsudoise-tourisme.fr\/wp-content\/uploads\/2021\/02\/151321337_2940628812836058_4723986122008066871_n-600x383.jpg 600w, https:\/\/www.creilsudoise-tourisme.fr\/wp-content\/uploads\/2021\/02\/151321337_2940628812836058_4723986122008066871_n-200x128.jpg 200w, https:\/\/www.creilsudoise-tourisme.fr\/wp-content\/uploads\/2021\/02\/151321337_2940628812836058_4723986122008066871_n-650x415.jpg 650w, https:\/\/www.creilsudoise-tourisme.fr\/wp-content\/uploads\/2021\/02\/151321337_2940628812836058_4723986122008066871_n-387x247.jpg 387w, https:\/\/www.creilsudoise-tourisme.fr\/wp-content\/uploads\/2021\/02\/151321337_2940628812836058_4723986122008066871_n-275x176.jpg 275w\" sizes=\"(max-width: 786px) 100vw, 786px\" \/><\/a><\/figure><\/li><li class=\"blocks-gallery-item\"><figure><a href=\"https:\/\/www.creilsudoise-tourisme.fr\/wp-content\/uploads\/2021\/02\/151308587_2940628702836069_8892024293941368976_n.jpg\"><img decoding=\"async\" loading=\"lazy\" width=\"789\" height=\"498\" data-src=\"https:\/\/www.creilsudoise-tourisme.fr\/wp-content\/uploads\/2021\/02\/151308587_2940628702836069_8892024293941368976_n.jpg\" alt=\"Inundaciones en Creil\" data-id=\"33941\" data-full-url=\"https:\/\/www.creilsudoise-tourisme.fr\/wp-content\/uploads\/2021\/02\/151308587_2940628702836069_8892024293941368976_n.jpg\" data-link=\"https:\/\/www.creilsudoise-tourisme.fr\/2021\/02\/22\/creil-innondee\/151308587_2940628702836069_8892024293941368976_n\/\" class=\"wp-image-33941\" data-srcset=\"https:\/\/www.creilsudoise-tourisme.fr\/wp-content\/uploads\/2021\/02\/151308587_2940628702836069_8892024293941368976_n.jpg 789w, https:\/\/www.creilsudoise-tourisme.fr\/wp-content\/uploads\/2021\/02\/151308587_2940628702836069_8892024293941368976_n-600x379.jpg 600w, https:\/\/www.creilsudoise-tourisme.fr\/wp-content\/uploads\/2021\/02\/151308587_2940628702836069_8892024293941368976_n-200x126.jpg 200w, https:\/\/www.creilsudoise-tourisme.fr\/wp-content\/uploads\/2021\/02\/151308587_2940628702836069_8892024293941368976_n-650x410.jpg 650w, https:\/\/www.creilsudoise-tourisme.fr\/wp-content\/uploads\/2021\/02\/151308587_2940628702836069_8892024293941368976_n-387x244.jpg 387w, https:\/\/www.creilsudoise-tourisme.fr\/wp-content\/uploads\/2021\/02\/151308587_2940628702836069_8892024293941368976_n-275x174.jpg 275w\" sizes=\"(max-width: 789px) 100vw, 789px\" \/><\/a><\/figure><\/li><li class=\"blocks-gallery-item\"><figure><a href=\"https:\/\/www.creilsudoise-tourisme.fr\/wp-content\/uploads\/2021\/02\/151263334_2940628722836067_403840315054933464_n.jpg\"><img decoding=\"async\" loading=\"lazy\" width=\"786\" height=\"502\" data-src=\"https:\/\/www.creilsudoise-tourisme.fr\/wp-content\/uploads\/2021\/02\/151263334_2940628722836067_403840315054933464_n.jpg\" alt=\"Inundaciones en Creil\" data-id=\"33940\" data-full-url=\"https:\/\/www.creilsudoise-tourisme.fr\/wp-content\/uploads\/2021\/02\/151263334_2940628722836067_403840315054933464_n.jpg\" data-link=\"https:\/\/www.creilsudoise-tourisme.fr\/2021\/02\/22\/creil-innondee\/151263334_2940628722836067_403840315054933464_n\/\" class=\"wp-image-33940\" data-srcset=\"https:\/\/www.creilsudoise-tourisme.fr\/wp-content\/uploads\/2021\/02\/151263334_2940628722836067_403840315054933464_n.jpg 786w, https:\/\/www.creilsudoise-tourisme.fr\/wp-content\/uploads\/2021\/02\/151263334_2940628722836067_403840315054933464_n-600x383.jpg 600w, https:\/\/www.creilsudoise-tourisme.fr\/wp-content\/uploads\/2021\/02\/151263334_2940628722836067_403840315054933464_n-200x128.jpg 200w, https:\/\/www.creilsudoise-tourisme.fr\/wp-content\/uploads\/2021\/02\/151263334_2940628722836067_403840315054933464_n-650x415.jpg 650w, https:\/\/www.creilsudoise-tourisme.fr\/wp-content\/uploads\/2021\/02\/151263334_2940628722836067_403840315054933464_n-387x247.jpg 387w, https:\/\/www.creilsudoise-tourisme.fr\/wp-content\/uploads\/2021\/02\/151263334_2940628722836067_403840315054933464_n-275x176.jpg 275w\" sizes=\"(max-width: 786px) 100vw, 786px\" \/><\/a><\/figure><\/li><li class=\"blocks-gallery-item\"><figure><a href=\"https:\/\/www.creilsudoise-tourisme.fr\/wp-content\/uploads\/2021\/02\/151197129_2940628532836086_911764431494630897_n.jpg\"><img decoding=\"async\" loading=\"lazy\" width=\"785\" height=\"505\" data-src=\"https:\/\/www.creilsudoise-tourisme.fr\/wp-content\/uploads\/2021\/02\/151197129_2940628532836086_911764431494630897_n.jpg\" alt=\"Inundaciones en Creil\" data-id=\"33939\" data-full-url=\"https:\/\/www.creilsudoise-tourisme.fr\/wp-content\/uploads\/2021\/02\/151197129_2940628532836086_911764431494630897_n.jpg\" data-link=\"https:\/\/www.creilsudoise-tourisme.fr\/2021\/02\/22\/creil-innondee\/151197129_2940628532836086_911764431494630897_n\/\" class=\"wp-image-33939\" data-srcset=\"https:\/\/www.creilsudoise-tourisme.fr\/wp-content\/uploads\/2021\/02\/151197129_2940628532836086_911764431494630897_n.jpg 785w, https:\/\/www.creilsudoise-tourisme.fr\/wp-content\/uploads\/2021\/02\/151197129_2940628532836086_911764431494630897_n-600x386.jpg 600w, https:\/\/www.creilsudoise-tourisme.fr\/wp-content\/uploads\/2021\/02\/151197129_2940628532836086_911764431494630897_n-200x129.jpg 200w, https:\/\/www.creilsudoise-tourisme.fr\/wp-content\/uploads\/2021\/02\/151197129_2940628532836086_911764431494630897_n-650x418.jpg 650w, https:\/\/www.creilsudoise-tourisme.fr\/wp-content\/uploads\/2021\/02\/151197129_2940628532836086_911764431494630897_n-387x249.jpg 387w, https:\/\/www.creilsudoise-tourisme.fr\/wp-content\/uploads\/2021\/02\/151197129_2940628532836086_911764431494630897_n-275x177.jpg 275w\" sizes=\"(max-width: 785px) 100vw, 785px\" \/><\/a><\/figure><\/li><li class=\"blocks-gallery-item\"><figure><a href=\"https:\/\/www.creilsudoise-tourisme.fr\/wp-content\/uploads\/2021\/02\/151181621_2940628572836082_1698806906372290181_n.jpg\"><img decoding=\"async\" loading=\"lazy\" width=\"789\" height=\"501\" data-src=\"https:\/\/www.creilsudoise-tourisme.fr\/wp-content\/uploads\/2021\/02\/151181621_2940628572836082_1698806906372290181_n.jpg\" alt=\"Inundaciones en Creil\" data-id=\"33938\" data-full-url=\"https:\/\/www.creilsudoise-tourisme.fr\/wp-content\/uploads\/2021\/02\/151181621_2940628572836082_1698806906372290181_n.jpg\" data-link=\"https:\/\/www.creilsudoise-tourisme.fr\/2021\/02\/22\/creil-innondee\/151181621_2940628572836082_1698806906372290181_n\/\" class=\"wp-image-33938\" data-srcset=\"https:\/\/www.creilsudoise-tourisme.fr\/wp-content\/uploads\/2021\/02\/151181621_2940628572836082_1698806906372290181_n.jpg 789w, https:\/\/www.creilsudoise-tourisme.fr\/wp-content\/uploads\/2021\/02\/151181621_2940628572836082_1698806906372290181_n-600x381.jpg 600w, https:\/\/www.creilsudoise-tourisme.fr\/wp-content\/uploads\/2021\/02\/151181621_2940628572836082_1698806906372290181_n-200x127.jpg 200w, https:\/\/www.creilsudoise-tourisme.fr\/wp-content\/uploads\/2021\/02\/151181621_2940628572836082_1698806906372290181_n-650x413.jpg 650w, https:\/\/www.creilsudoise-tourisme.fr\/wp-content\/uploads\/2021\/02\/151181621_2940628572836082_1698806906372290181_n-387x246.jpg 387w, https:\/\/www.creilsudoise-tourisme.fr\/wp-content\/uploads\/2021\/02\/151181621_2940628572836082_1698806906372290181_n-275x175.jpg 275w\" sizes=\"(max-width: 789px) 100vw, 789px\" \/><\/a><\/figure><\/li><li class=\"blocks-gallery-item\"><figure><a href=\"https:\/\/www.creilsudoise-tourisme.fr\/wp-content\/uploads\/2021\/02\/151150539_2940631599502446_2808268747889956710_n.jpg\"><img decoding=\"async\" loading=\"lazy\" width=\"1099\" height=\"752\" data-src=\"https:\/\/www.creilsudoise-tourisme.fr\/wp-content\/uploads\/2021\/02\/151150539_2940631599502446_2808268747889956710_n.jpg\" alt=\"Inundaciones en Creil\" data-id=\"33937\" data-full-url=\"https:\/\/www.creilsudoise-tourisme.fr\/wp-content\/uploads\/2021\/02\/151150539_2940631599502446_2808268747889956710_n.jpg\" data-link=\"https:\/\/www.creilsudoise-tourisme.fr\/2021\/02\/22\/creil-innondee\/151150539_2940631599502446_2808268747889956710_n\/\" class=\"wp-image-33937\" data-srcset=\"https:\/\/www.creilsudoise-tourisme.fr\/wp-content\/uploads\/2021\/02\/151150539_2940631599502446_2808268747889956710_n.jpg 1099w, https:\/\/www.creilsudoise-tourisme.fr\/wp-content\/uploads\/2021\/02\/151150539_2940631599502446_2808268747889956710_n-600x411.jpg 600w, https:\/\/www.creilsudoise-tourisme.fr\/wp-content\/uploads\/2021\/02\/151150539_2940631599502446_2808268747889956710_n-900x616.jpg 900w, https:\/\/www.creilsudoise-tourisme.fr\/wp-content\/uploads\/2021\/02\/151150539_2940631599502446_2808268747889956710_n-200x137.jpg 200w, https:\/\/www.creilsudoise-tourisme.fr\/wp-content\/uploads\/2021\/02\/151150539_2940631599502446_2808268747889956710_n-650x445.jpg 650w, https:\/\/www.creilsudoise-tourisme.fr\/wp-content\/uploads\/2021\/02\/151150539_2940631599502446_2808268747889956710_n-387x265.jpg 387w, https:\/\/www.creilsudoise-tourisme.fr\/wp-content\/uploads\/2021\/02\/151150539_2940631599502446_2808268747889956710_n-275x188.jpg 275w\" sizes=\"(max-width: 1099px) 100vw, 1099px\" \/><\/a><\/figure><\/li><li class=\"blocks-gallery-item\"><figure><a href=\"https:\/\/www.creilsudoise-tourisme.fr\/wp-content\/uploads\/2021\/02\/151113767_2940631592835780_4183229061660095994_n.jpg\"><img decoding=\"async\" loading=\"lazy\" width=\"1145\" height=\"752\" data-src=\"https:\/\/www.creilsudoise-tourisme.fr\/wp-content\/uploads\/2021\/02\/151113767_2940631592835780_4183229061660095994_n.jpg\" alt=\"Inundaciones en Creil\" data-id=\"33936\" data-full-url=\"https:\/\/www.creilsudoise-tourisme.fr\/wp-content\/uploads\/2021\/02\/151113767_2940631592835780_4183229061660095994_n.jpg\" data-link=\"https:\/\/www.creilsudoise-tourisme.fr\/2021\/02\/22\/creil-innondee\/151113767_2940631592835780_4183229061660095994_n\/\" class=\"wp-image-33936\" data-srcset=\"https:\/\/www.creilsudoise-tourisme.fr\/wp-content\/uploads\/2021\/02\/151113767_2940631592835780_4183229061660095994_n.jpg 1145w, https:\/\/www.creilsudoise-tourisme.fr\/wp-content\/uploads\/2021\/02\/151113767_2940631592835780_4183229061660095994_n-600x394.jpg 600w, https:\/\/www.creilsudoise-tourisme.fr\/wp-content\/uploads\/2021\/02\/151113767_2940631592835780_4183229061660095994_n-900x591.jpg 900w, https:\/\/www.creilsudoise-tourisme.fr\/wp-content\/uploads\/2021\/02\/151113767_2940631592835780_4183229061660095994_n-200x131.jpg 200w, https:\/\/www.creilsudoise-tourisme.fr\/wp-content\/uploads\/2021\/02\/151113767_2940631592835780_4183229061660095994_n-650x427.jpg 650w, https:\/\/www.creilsudoise-tourisme.fr\/wp-content\/uploads\/2021\/02\/151113767_2940631592835780_4183229061660095994_n-387x254.jpg 387w, https:\/\/www.creilsudoise-tourisme.fr\/wp-content\/uploads\/2021\/02\/151113767_2940631592835780_4183229061660095994_n-275x181.jpg 275w\" sizes=\"(max-width: 1145px) 100vw, 1145px\" \/><\/a><\/figure><\/li><li class=\"blocks-gallery-item\"><figure><a href=\"https:\/\/www.creilsudoise-tourisme.fr\/wp-content\/uploads\/2021\/02\/151110925_2940631602835779_7776217426086597203_n.jpg\"><img decoding=\"async\" loading=\"lazy\" width=\"1141\" height=\"777\" data-src=\"https:\/\/www.creilsudoise-tourisme.fr\/wp-content\/uploads\/2021\/02\/151110925_2940631602835779_7776217426086597203_n.jpg\" alt=\"Inundaciones en Creil\" data-id=\"33935\" data-full-url=\"https:\/\/www.creilsudoise-tourisme.fr\/wp-content\/uploads\/2021\/02\/151110925_2940631602835779_7776217426086597203_n.jpg\" data-link=\"https:\/\/www.creilsudoise-tourisme.fr\/2021\/02\/22\/creil-innondee\/151110925_2940631602835779_7776217426086597203_n\/\" class=\"wp-image-33935\" data-srcset=\"https:\/\/www.creilsudoise-tourisme.fr\/wp-content\/uploads\/2021\/02\/151110925_2940631602835779_7776217426086597203_n.jpg 1141w, https:\/\/www.creilsudoise-tourisme.fr\/wp-content\/uploads\/2021\/02\/151110925_2940631602835779_7776217426086597203_n-600x409.jpg 600w, https:\/\/www.creilsudoise-tourisme.fr\/wp-content\/uploads\/2021\/02\/151110925_2940631602835779_7776217426086597203_n-900x613.jpg 900w, https:\/\/www.creilsudoise-tourisme.fr\/wp-content\/uploads\/2021\/02\/151110925_2940631602835779_7776217426086597203_n-200x136.jpg 200w, https:\/\/www.creilsudoise-tourisme.fr\/wp-content\/uploads\/2021\/02\/151110925_2940631602835779_7776217426086597203_n-650x443.jpg 650w, https:\/\/www.creilsudoise-tourisme.fr\/wp-content\/uploads\/2021\/02\/151110925_2940631602835779_7776217426086597203_n-387x264.jpg 387w, https:\/\/www.creilsudoise-tourisme.fr\/wp-content\/uploads\/2021\/02\/151110925_2940631602835779_7776217426086597203_n-275x187.jpg 275w\" sizes=\"(max-width: 1141px) 100vw, 1141px\" \/><\/a><\/figure><\/li><li class=\"blocks-gallery-item\"><figure><a href=\"https:\/\/www.creilsudoise-tourisme.fr\/wp-content\/uploads\/2021\/02\/151080696_2940628766169396_5124108039305470352_n.jpg\"><img decoding=\"async\" loading=\"lazy\" width=\"788\" height=\"502\" data-src=\"https:\/\/www.creilsudoise-tourisme.fr\/wp-content\/uploads\/2021\/02\/151080696_2940628766169396_5124108039305470352_n.jpg\" alt=\"Inundaciones en Creil\" data-id=\"33934\" data-full-url=\"https:\/\/www.creilsudoise-tourisme.fr\/wp-content\/uploads\/2021\/02\/151080696_2940628766169396_5124108039305470352_n.jpg\" data-link=\"https:\/\/www.creilsudoise-tourisme.fr\/2021\/02\/22\/creil-innondee\/151080696_2940628766169396_5124108039305470352_n\/\" class=\"wp-image-33934\" data-srcset=\"https:\/\/www.creilsudoise-tourisme.fr\/wp-content\/uploads\/2021\/02\/151080696_2940628766169396_5124108039305470352_n.jpg 788w, https:\/\/www.creilsudoise-tourisme.fr\/wp-content\/uploads\/2021\/02\/151080696_2940628766169396_5124108039305470352_n-600x382.jpg 600w, https:\/\/www.creilsudoise-tourisme.fr\/wp-content\/uploads\/2021\/02\/151080696_2940628766169396_5124108039305470352_n-200x127.jpg 200w, https:\/\/www.creilsudoise-tourisme.fr\/wp-content\/uploads\/2021\/02\/151080696_2940628766169396_5124108039305470352_n-650x414.jpg 650w, https:\/\/www.creilsudoise-tourisme.fr\/wp-content\/uploads\/2021\/02\/151080696_2940628766169396_5124108039305470352_n-387x247.jpg 387w, https:\/\/www.creilsudoise-tourisme.fr\/wp-content\/uploads\/2021\/02\/151080696_2940628766169396_5124108039305470352_n-275x175.jpg 275w\" sizes=\"(max-width: 788px) 100vw, 788px\" \/><\/a><\/figure><\/li><li class=\"blocks-gallery-item\"><figure><a href=\"https:\/\/www.creilsudoise-tourisme.fr\/wp-content\/uploads\/2021\/02\/150996589_2940631009502505_918428931757932027_n-1.jpg\"><img decoding=\"async\" loading=\"lazy\" width=\"1200\" height=\"797\" data-src=\"https:\/\/www.creilsudoise-tourisme.fr\/wp-content\/uploads\/2021\/02\/150996589_2940631009502505_918428931757932027_n-1-1200x797.jpg\" alt=\"Inundaciones en Creil\" data-id=\"33933\" data-full-url=\"https:\/\/www.creilsudoise-tourisme.fr\/wp-content\/uploads\/2021\/02\/150996589_2940631009502505_918428931757932027_n-1.jpg\" data-link=\"https:\/\/www.creilsudoise-tourisme.fr\/2021\/02\/22\/creil-innondee\/150996589_2940631009502505_918428931757932027_n-2\/\" class=\"wp-image-33933\" data-srcset=\"https:\/\/www.creilsudoise-tourisme.fr\/wp-content\/uploads\/2021\/02\/150996589_2940631009502505_918428931757932027_n-1-1200x797.jpg 1200w, https:\/\/www.creilsudoise-tourisme.fr\/wp-content\/uploads\/2021\/02\/150996589_2940631009502505_918428931757932027_n-1-600x398.jpg 600w, https:\/\/www.creilsudoise-tourisme.fr\/wp-content\/uploads\/2021\/02\/150996589_2940631009502505_918428931757932027_n-1-900x598.jpg 900w, https:\/\/www.creilsudoise-tourisme.fr\/wp-content\/uploads\/2021\/02\/150996589_2940631009502505_918428931757932027_n-1-200x133.jpg 200w, https:\/\/www.creilsudoise-tourisme.fr\/wp-content\/uploads\/2021\/02\/150996589_2940631009502505_918428931757932027_n-1-650x432.jpg 650w, https:\/\/www.creilsudoise-tourisme.fr\/wp-content\/uploads\/2021\/02\/150996589_2940631009502505_918428931757932027_n-1-387x257.jpg 387w, https:\/\/www.creilsudoise-tourisme.fr\/wp-content\/uploads\/2021\/02\/150996589_2940631009502505_918428931757932027_n-1-275x183.jpg 275w, https:\/\/www.creilsudoise-tourisme.fr\/wp-content\/uploads\/2021\/02\/150996589_2940631009502505_918428931757932027_n-1.jpg 1331w\" sizes=\"(max-width: 1200px) 100vw, 1200px\" \/><\/a><\/figure><\/li><\/ul><\/figure>\n\n\n\n<hr class=\"wp-block-separator\"\/>","protected":false},"excerpt":{"rendered":"<p>Recordemos las grandes inundaciones de Creil en 1910, 1926 y 1995 Las ciudades y pueblos de la regi\u00f3n pudieron desarrollarse tras la Revoluci\u00f3n Francesa, en gran parte gracias al Oise y a su aprovechamiento por el hombre, en particular los molinos de agua que permitieron la implantaci\u00f3n de las primeras industrias en la zona.<\/p>","protected":false},"author":1,"featured_media":33946,"comment_status":"closed","ping_status":"open","sticky":false,"template":"","format":"standard","meta":{"_relevanssi_hide_post":"","_relevanssi_hide_content":"","_relevanssi_pin_for_all":"","_relevanssi_pin_keywords":"","_relevanssi_unpin_keywords":"","_relevanssi_related_keywords":"","_relevanssi_related_include_ids":"","_relevanssi_related_exclude_ids":"","_relevanssi_related_no_append":"","_relevanssi_related_not_related":"","_relevanssi_related_posts":"273,275,271","_relevanssi_noindex_reason":""},"categories":[3],"tags":[],"yoast_head":"<!-- This site is optimized with the Yoast SEO plugin v20.2.1 - https:\/\/yoast.com\/wordpress\/plugins\/seo\/ -->\n<title>Anecdote en images : Creil inond\u00e9e en 1910,1926 et 1995<\/title>\n<meta name=\"description\" content=\"D\u00e9couvrez en images la ville de Creil comme on la voit (heureusement) rarement : les pieds dans l&#039;eau !\" \/>\n<meta name=\"robots\" content=\"index, follow, max-snippet:-1, max-image-preview:large, max-video-preview:-1\" \/>\n<link rel=\"canonical\" href=\"https:\/\/www.creilsudoise-tourisme.fr\/es\/2021\/02\/22\/creil-inondee\/\" \/>\n<meta property=\"og:locale\" content=\"es_ES\" \/>\n<meta property=\"og:type\" content=\"article\" \/>\n<meta property=\"og:title\" content=\"Anecdote en images : Creil inond\u00e9e en 1910,1926 et 1995\" \/>\n<meta property=\"og:description\" content=\"D\u00e9couvrez en images la ville de Creil comme on la voit (heureusement) rarement : les pieds dans l&#039;eau !\" \/>\n<meta property=\"og:url\" content=\"https:\/\/www.creilsudoise-tourisme.fr\/es\/2021\/02\/22\/creil-inondee\/\" \/>\n<meta property=\"og:site_name\" content=\"Office de Tourisme Creil Sud Oise\" \/>\n<meta property=\"article:publisher\" content=\"https:\/\/www.facebook.com\/creilsudoisetourisme\/\" \/>\n<meta property=\"article:published_time\" content=\"2021-02-22T14:40:10+00:00\" \/>\n<meta property=\"article:modified_time\" content=\"2022-01-25T08:10:36+00:00\" \/>\n<meta property=\"og:image\" content=\"https:\/\/www.creilsudoise-tourisme.fr\/wp-content\/uploads\/2021\/02\/151500388_2940631012835838_7864474189454974618_n-1.jpg\" \/>\n\t<meta property=\"og:image:width\" content=\"1370\" \/>\n\t<meta property=\"og:image:height\" content=\"881\" \/>\n\t<meta property=\"og:image:type\" content=\"image\/jpeg\" \/>\n<meta name=\"author\" content=\"IRIS Interactive\" \/>\n<meta name=\"twitter:card\" content=\"summary_large_image\" \/>\n<meta name=\"twitter:creator\" content=\"@CreilSudOiseOT\" \/>\n<meta name=\"twitter:site\" content=\"@CreilSudOiseOT\" \/>\n<meta name=\"twitter:label1\" content=\"Escrito por\" \/>\n\t<meta name=\"twitter:data1\" content=\"IRIS Interactive\" \/>\n\t<meta name=\"twitter:label2\" content=\"Tiempo de lectura\" \/>\n\t<meta name=\"twitter:data2\" content=\"4 minutos\" \/>\n<script type=\"application\/ld+json\" class=\"yoast-schema-graph\">{\"@context\":\"https:\/\/schema.org\",\"@graph\":[{\"@type\":\"Article\",\"@id\":\"https:\/\/www.creilsudoise-tourisme.fr\/en\/2021\/02\/22\/creil-inondee\/#article\",\"isPartOf\":{\"@id\":\"https:\/\/www.creilsudoise-tourisme.fr\/en\/2021\/02\/22\/creil-inondee\/\"},\"author\":{\"name\":\"IRIS Interactive\",\"@id\":\"https:\/\/www.creilsudoise-tourisme.fr\/#\/schema\/person\/c6ae20819fae7bb9a59b24e37eacfbd3\"},\"headline\":\"En image : Creil inond\u00e9e sous l&rsquo;eau\",\"datePublished\":\"2021-02-22T14:40:10+00:00\",\"dateModified\":\"2022-01-25T08:10:36+00:00\",\"mainEntityOfPage\":{\"@id\":\"https:\/\/www.creilsudoise-tourisme.fr\/en\/2021\/02\/22\/creil-inondee\/\"},\"wordCount\":97,\"publisher\":{\"@id\":\"https:\/\/www.creilsudoise-tourisme.fr\/#organization\"},\"articleSection\":[\"Anecdotes\"],\"inLanguage\":\"es\"},{\"@type\":\"WebPage\",\"@id\":\"https:\/\/www.creilsudoise-tourisme.fr\/en\/2021\/02\/22\/creil-inondee\/\",\"url\":\"https:\/\/www.creilsudoise-tourisme.fr\/en\/2021\/02\/22\/creil-inondee\/\",\"name\":\"Anecdote en images : Creil inond\u00e9e en 1910,1926 et 1995\",\"isPartOf\":{\"@id\":\"https:\/\/www.creilsudoise-tourisme.fr\/#website\"},\"datePublished\":\"2021-02-22T14:40:10+00:00\",\"dateModified\":\"2022-01-25T08:10:36+00:00\",\"description\":\"D\u00e9couvrez en images la ville de Creil comme on la voit (heureusement) rarement : les pieds dans l'eau !\",\"breadcrumb\":{\"@id\":\"https:\/\/www.creilsudoise-tourisme.fr\/en\/2021\/02\/22\/creil-inondee\/#breadcrumb\"},\"inLanguage\":\"es\",\"potentialAction\":[{\"@type\":\"ReadAction\",\"target\":[\"https:\/\/www.creilsudoise-tourisme.fr\/en\/2021\/02\/22\/creil-inondee\/\"]}]},{\"@type\":\"BreadcrumbList\",\"@id\":\"https:\/\/www.creilsudoise-tourisme.fr\/en\/2021\/02\/22\/creil-inondee\/#breadcrumb\",\"itemListElement\":[{\"@type\":\"ListItem\",\"position\":1,\"name\":\"Accueil\",\"item\":\"https:\/\/www.creilsudoise-tourisme.fr\/\"},{\"@type\":\"ListItem\",\"position\":2,\"name\":\"En image : Creil inond\u00e9e sous l&rsquo;eau\"}]},{\"@type\":\"WebSite\",\"@id\":\"https:\/\/www.creilsudoise-tourisme.fr\/#website\",\"url\":\"https:\/\/www.creilsudoise-tourisme.fr\/\",\"name\":\"Office de Tourisme Creil Sud Oise\",\"description\":\"Creil Sud Oise Tourisme, un territoire \u00e0 explorer !\",\"publisher\":{\"@id\":\"https:\/\/www.creilsudoise-tourisme.fr\/#organization\"},\"potentialAction\":[{\"@type\":\"SearchAction\",\"target\":{\"@type\":\"EntryPoint\",\"urlTemplate\":\"https:\/\/www.creilsudoise-tourisme.fr\/?s={search_term_string}\"},\"query-input\":\"required name=search_term_string\"}],\"inLanguage\":\"es\"},{\"@type\":\"Organization\",\"@id\":\"https:\/\/www.creilsudoise-tourisme.fr\/#organization\",\"name\":\"Creil Sud Oise Tourisme\",\"url\":\"https:\/\/www.creilsudoise-tourisme.fr\/\",\"logo\":{\"@type\":\"ImageObject\",\"inLanguage\":\"es\",\"@id\":\"https:\/\/www.creilsudoise-tourisme.fr\/#\/schema\/logo\/image\/\",\"url\":\"https:\/\/www.creilsudoise-tourisme.fr\/wp-content\/uploads\/2021\/05\/logo-svg.png\",\"contentUrl\":\"https:\/\/www.creilsudoise-tourisme.fr\/wp-content\/uploads\/2021\/05\/logo-svg.png\",\"width\":182,\"height\":71,\"caption\":\"Creil Sud Oise Tourisme\"},\"image\":{\"@id\":\"https:\/\/www.creilsudoise-tourisme.fr\/#\/schema\/logo\/image\/\"},\"sameAs\":[\"https:\/\/www.facebook.com\/creilsudoisetourisme\/\",\"https:\/\/twitter.com\/CreilSudOiseOT\",\"https:\/\/www.instagram.com\/creilsudoisetourisme\/\",\"https:\/\/www.youtube.com\/channel\/UC8L_QD2wwyADW14zt9fY8kw\"]},{\"@type\":\"Person\",\"@id\":\"https:\/\/www.creilsudoise-tourisme.fr\/#\/schema\/person\/c6ae20819fae7bb9a59b24e37eacfbd3\",\"name\":\"IRIS Interactive\",\"image\":{\"@type\":\"ImageObject\",\"inLanguage\":\"es\",\"@id\":\"https:\/\/www.creilsudoise-tourisme.fr\/#\/schema\/person\/image\/\",\"url\":\"https:\/\/secure.gravatar.com\/avatar\/93cb82e6d54a5d99796ec8c31b61fa21?s=96&d=mm&r=g\",\"contentUrl\":\"https:\/\/secure.gravatar.com\/avatar\/93cb82e6d54a5d99796ec8c31b61fa21?s=96&d=mm&r=g\",\"caption\":\"IRIS Interactive\"},\"sameAs\":[\"https:\/\/www.creilsudoise-tourisme.fr\"],\"url\":\"https:\/\/www.creilsudoise-tourisme.fr\/es\/auteur\/iris-interactive\/\"}]}<\/script>\n<!-- \/ Yoast SEO plugin. -->","yoast_head_json":{"title":"Anecdote en images : Creil inond\u00e9e en 1910,1926 et 1995","description":"D\u00e9couvrez en images la ville de Creil comme on la voit (heureusement) rarement : les pieds dans l'eau !","robots":{"index":"index","follow":"follow","max-snippet":"max-snippet:-1","max-image-preview":"max-image-preview:large","max-video-preview":"max-video-preview:-1"},"canonical":"https:\/\/www.creilsudoise-tourisme.fr\/es\/2021\/02\/22\/creil-inondee\/","og_locale":"es_ES","og_type":"article","og_title":"Anecdote en images : Creil inond\u00e9e en 1910,1926 et 1995","og_description":"D\u00e9couvrez en images la ville de Creil comme on la voit (heureusement) rarement : les pieds dans l'eau !","og_url":"https:\/\/www.creilsudoise-tourisme.fr\/es\/2021\/02\/22\/creil-inondee\/","og_site_name":"Office de Tourisme Creil Sud Oise","article_publisher":"https:\/\/www.facebook.com\/creilsudoisetourisme\/","article_published_time":"2021-02-22T14:40:10+00:00","article_modified_time":"2022-01-25T08:10:36+00:00","og_image":[{"width":1370,"height":881,"url":"https:\/\/www.creilsudoise-tourisme.fr\/wp-content\/uploads\/2021\/02\/151500388_2940631012835838_7864474189454974618_n-1.jpg","type":"image\/jpeg"}],"author":"IRIS Interactive","twitter_card":"summary_large_image","twitter_creator":"@CreilSudOiseOT","twitter_site":"@CreilSudOiseOT","twitter_misc":{"Escrito por":"IRIS Interactive","Tiempo de lectura":"4 minutos"},"schema":{"@context":"https:\/\/schema.org","@graph":[{"@type":"Article","@id":"https:\/\/www.creilsudoise-tourisme.fr\/en\/2021\/02\/22\/creil-inondee\/#article","isPartOf":{"@id":"https:\/\/www.creilsudoise-tourisme.fr\/en\/2021\/02\/22\/creil-inondee\/"},"author":{"name":"IRIS Interactive","@id":"https:\/\/www.creilsudoise-tourisme.fr\/#\/schema\/person\/c6ae20819fae7bb9a59b24e37eacfbd3"},"headline":"En image : Creil inond\u00e9e sous l&rsquo;eau","datePublished":"2021-02-22T14:40:10+00:00","dateModified":"2022-01-25T08:10:36+00:00","mainEntityOfPage":{"@id":"https:\/\/www.creilsudoise-tourisme.fr\/en\/2021\/02\/22\/creil-inondee\/"},"wordCount":97,"publisher":{"@id":"https:\/\/www.creilsudoise-tourisme.fr\/#organization"},"articleSection":["Anecdotes"],"inLanguage":"es"},{"@type":"WebPage","@id":"https:\/\/www.creilsudoise-tourisme.fr\/en\/2021\/02\/22\/creil-inondee\/","url":"https:\/\/www.creilsudoise-tourisme.fr\/en\/2021\/02\/22\/creil-inondee\/","name":"Anecdote en images : Creil inond\u00e9e en 1910,1926 et 1995","isPartOf":{"@id":"https:\/\/www.creilsudoise-tourisme.fr\/#website"},"datePublished":"2021-02-22T14:40:10+00:00","dateModified":"2022-01-25T08:10:36+00:00","description":"D\u00e9couvrez en images la ville de Creil comme on la voit (heureusement) rarement : les pieds dans l'eau !","breadcrumb":{"@id":"https:\/\/www.creilsudoise-tourisme.fr\/en\/2021\/02\/22\/creil-inondee\/#breadcrumb"},"inLanguage":"es","potentialAction":[{"@type":"ReadAction","target":["https:\/\/www.creilsudoise-tourisme.fr\/en\/2021\/02\/22\/creil-inondee\/"]}]},{"@type":"BreadcrumbList","@id":"https:\/\/www.creilsudoise-tourisme.fr\/en\/2021\/02\/22\/creil-inondee\/#breadcrumb","itemListElement":[{"@type":"ListItem","position":1,"name":"Accueil","item":"https:\/\/www.creilsudoise-tourisme.fr\/"},{"@type":"ListItem","position":2,"name":"En image : Creil inond\u00e9e sous l&rsquo;eau"}]},{"@type":"WebSite","@id":"https:\/\/www.creilsudoise-tourisme.fr\/#website","url":"https:\/\/www.creilsudoise-tourisme.fr\/","name":"Office de Tourisme Creil Sud Oise","description":"Creil Sud Oise Tourisme, un territoire \u00e0 explorer !","publisher":{"@id":"https:\/\/www.creilsudoise-tourisme.fr\/#organization"},"potentialAction":[{"@type":"SearchAction","target":{"@type":"EntryPoint","urlTemplate":"https:\/\/www.creilsudoise-tourisme.fr\/?s={search_term_string}"},"query-input":"required name=search_term_string"}],"inLanguage":"es"},{"@type":"Organization","@id":"https:\/\/www.creilsudoise-tourisme.fr\/#organization","name":"Creil Sud Oise Tourisme","url":"https:\/\/www.creilsudoise-tourisme.fr\/","logo":{"@type":"ImageObject","inLanguage":"es","@id":"https:\/\/www.creilsudoise-tourisme.fr\/#\/schema\/logo\/image\/","url":"https:\/\/www.creilsudoise-tourisme.fr\/wp-content\/uploads\/2021\/05\/logo-svg.png","contentUrl":"https:\/\/www.creilsudoise-tourisme.fr\/wp-content\/uploads\/2021\/05\/logo-svg.png","width":182,"height":71,"caption":"Creil Sud Oise Tourisme"},"image":{"@id":"https:\/\/www.creilsudoise-tourisme.fr\/#\/schema\/logo\/image\/"},"sameAs":["https:\/\/www.facebook.com\/creilsudoisetourisme\/","https:\/\/twitter.com\/CreilSudOiseOT","https:\/\/www.instagram.com\/creilsudoisetourisme\/","https:\/\/www.youtube.com\/channel\/UC8L_QD2wwyADW14zt9fY8kw"]},{"@type":"Person","@id":"https:\/\/www.creilsudoise-tourisme.fr\/#\/schema\/person\/c6ae20819fae7bb9a59b24e37eacfbd3","name":"IRIS Interactive","image":{"@type":"ImageObject","inLanguage":"es","@id":"https:\/\/www.creilsudoise-tourisme.fr\/#\/schema\/person\/image\/","url":"https:\/\/secure.gravatar.com\/avatar\/93cb82e6d54a5d99796ec8c31b61fa21?s=96&d=mm&r=g","contentUrl":"https:\/\/secure.gravatar.com\/avatar\/93cb82e6d54a5d99796ec8c31b61fa21?s=96&d=mm&r=g","caption":"IRIS Interactive"},"sameAs":["https:\/\/www.creilsudoise-tourisme.fr"],"url":"https:\/\/www.creilsudoise-tourisme.fr\/es\/auteur\/iris-interactive\/"}]}},"_links":{"self":[{"href":"https:\/\/www.creilsudoise-tourisme.fr\/es\/wp-json\/wp\/v2\/posts\/267"}],"collection":[{"href":"https:\/\/www.creilsudoise-tourisme.fr\/es\/wp-json\/wp\/v2\/posts"}],"about":[{"href":"https:\/\/www.creilsudoise-tourisme.fr\/es\/wp-json\/wp\/v2\/types\/post"}],"author":[{"embeddable":true,"href":"https:\/\/www.creilsudoise-tourisme.fr\/es\/wp-json\/wp\/v2\/users\/1"}],"replies":[{"embeddable":true,"href":"https:\/\/www.creilsudoise-tourisme.fr\/es\/wp-json\/wp\/v2\/comments?post=267"}],"version-history":[{"count":9,"href":"https:\/\/www.creilsudoise-tourisme.fr\/es\/wp-json\/wp\/v2\/posts\/267\/revisions"}],"predecessor-version":[{"id":36679,"href":"https:\/\/www.creilsudoise-tourisme.fr\/es\/wp-json\/wp\/v2\/posts\/267\/revisions\/36679"}],"wp:featuredmedia":[{"embeddable":true,"href":"https:\/\/www.creilsudoise-tourisme.fr\/es\/wp-json\/wp\/v2\/media\/33946"}],"wp:attachment":[{"href":"https:\/\/www.creilsudoise-tourisme.fr\/es\/wp-json\/wp\/v2\/media?parent=267"}],"wp:term":[{"taxonomy":"category","embeddable":true,"href":"https:\/\/www.creilsudoise-tourisme.fr\/es\/wp-json\/wp\/v2\/categories?post=267"},{"taxonomy":"post_tag","embeddable":true,"href":"https:\/\/www.creilsudoise-tourisme.fr\/es\/wp-json\/wp\/v2\/tags?post=267"}],"curies":[{"name":"wp","href":"https:\/\/api.w.org\/{rel}","templated":true}]}}