{"id":67433,"date":"2026-02-04T12:00:35","date_gmt":"2026-02-04T11:00:35","guid":{"rendered":"https:\/\/www.creilsudoise-tourisme.fr\/?p=67433"},"modified":"2026-02-25T16:17:59","modified_gmt":"2026-02-25T15:17:59","slug":"vacances-hiver-2026","status":"publish","type":"post","link":"https:\/\/www.creilsudoise-tourisme.fr\/en\/2026\/02\/04\/winter-holidays-2026\/","title":{"rendered":"Ideas for winter holiday activities!"},"content":{"rendered":"<p class=\"is-style-excerpt\">What to do during the school holidays <strong>from 14 February to 2 March<\/strong> ?<br> Don't ask yourself any more questions - this page <strong>full of ideas for activities<\/strong> for your <strong>children<\/strong> or <strong>grandchildren<\/strong> !<br><\/p>\n\n\n\n<h2>Carnival<\/h2>\n\n\n\n<p>The <strong><a href=\"https:\/\/www.saintmaximin.eu\/\" target=\"_blank\" rel=\"noreferrer noopener\">Town of Saint-Maximin <\/a><\/strong>is organising a <strong><a href=\"https:\/\/www.creilsudoise-tourisme.fr\/en\/agenda-animations\/carnaval-de-la-jungle-en-famille\/\" target=\"_blank\" rel=\"noreferrer noopener\">\"family jungle carnival<\/a><\/strong>then <strong>come dressed up<\/strong> you'll be <strong>made-up<\/strong> and <strong>parade through the streets<\/strong>. The <strong>cr\u00eapes<\/strong> are waiting for you after the parade! <br><br>The<strong> <a href=\"https:\/\/lesbibliothequesdemontataire.c3rb.org\/\" target=\"_blank\" rel=\"noreferrer noopener\">Elsa Triolet Library, Montataire<\/a> <\/strong>offers you <strong><a href=\"https:\/\/mairie-montataire.fr\/agenda\/culture\/vacances-en-bibliotheque\/\" target=\"_blank\" rel=\"noreferrer noopener\">decorate a mask<\/a> <\/strong>for Carnival!<br><br>Come and discover the costumes of the <strong><a href=\"https:\/\/www.creilsudoise-tourisme.fr\/en\/jexplore\/must-haves\/musee-galle-juillet-2\/\" target=\"_blank\" rel=\"noreferrer noopener\">Gall\u00e9-Juillet Museum<\/a><\/strong>then take part in a <strong><a href=\"https:\/\/www.facebook.com\/museegallejuillet\/posts\/pfbid037rN9eAHH9NxrA4m68CKXsUDXC6tmaHR2kJSDBnzFvQ8N1f1Xd4pWzwi3mMc9zm7wl\" target=\"_blank\" rel=\"noreferrer noopener\">creative workshop<\/a><\/strong> at <strong>decorating a mask<\/strong>. You can put on your<strong> best disguise <\/strong>to come to the museum!<\/p>\n\n\n\n<h2>Workshops<\/h2>\n\n\n\n<h3>at Clouterie Rivierre<\/h3>\n\n\n\n<div class=\"is-layout-flex wp-container-3 wp-block-columns\">\n<div class=\"is-layout-flow wp-block-column is-vertically-aligned-center\" style=\"flex-basis:66.66%\">\n<p>For 5-14 year-olds, the&nbsp;<strong><a href=\"https:\/\/www.creilsudoise-tourisme.fr\/en\/jexplore\/must-haves\/clouterie-rivierre\/\">Rivierre nail factory<\/a><\/strong>&nbsp;in Creil offers a&nbsp;<a href=\"https:\/\/www.creilsudoise-tourisme.fr\/en\/agenda-animations\/visite-et-atelier-creatif-a-la-clouterie\/\" target=\"_blank\" rel=\"noreferrer noopener\"><strong>playful visit<\/strong><\/a>&nbsp;of its&nbsp;<strong>factory<\/strong>followed by a&nbsp;<strong>creative workshop<\/strong>&nbsp;around the nails: accompanied by an adult, your child will leave with his or her own&nbsp;<strong>creation<\/strong>&nbsp;! Who knows, some&nbsp;<strong>vocations<\/strong>&nbsp;will perhaps be born? <\/p>\n<\/div>\n\n\n\n<div class=\"is-layout-flow wp-block-column is-vertically-aligned-center\" style=\"flex-basis:33.33%\">\n<figure class=\"wp-block-image size-large is-resized\"><img decoding=\"async\" loading=\"lazy\" data-src=\"https:\/\/www.creilsudoise-tourisme.fr\/wp-content\/uploads\/2026\/02\/Clouterie-rivierre-creil_\u00a9-Arnaud-Beauvois-Oise-Tourisme-1200x674.jpg\" alt=\"\" class=\"wp-image-67457\" width=\"344\" height=\"193\" data-srcset=\"https:\/\/www.creilsudoise-tourisme.fr\/wp-content\/uploads\/2026\/02\/Clouterie-rivierre-creil_\u00a9-Arnaud-Beauvois-Oise-Tourisme-1200x674.jpg 1200w, https:\/\/www.creilsudoise-tourisme.fr\/wp-content\/uploads\/2026\/02\/Clouterie-rivierre-creil_\u00a9-Arnaud-Beauvois-Oise-Tourisme-600x337.jpg 600w, https:\/\/www.creilsudoise-tourisme.fr\/wp-content\/uploads\/2026\/02\/Clouterie-rivierre-creil_\u00a9-Arnaud-Beauvois-Oise-Tourisme-900x505.jpg 900w, https:\/\/www.creilsudoise-tourisme.fr\/wp-content\/uploads\/2026\/02\/Clouterie-rivierre-creil_\u00a9-Arnaud-Beauvois-Oise-Tourisme-1536x862.jpg 1536w, https:\/\/www.creilsudoise-tourisme.fr\/wp-content\/uploads\/2026\/02\/Clouterie-rivierre-creil_\u00a9-Arnaud-Beauvois-Oise-Tourisme-18x10.jpg 18w, https:\/\/www.creilsudoise-tourisme.fr\/wp-content\/uploads\/2026\/02\/Clouterie-rivierre-creil_\u00a9-Arnaud-Beauvois-Oise-Tourisme-200x112.jpg 200w, https:\/\/www.creilsudoise-tourisme.fr\/wp-content\/uploads\/2026\/02\/Clouterie-rivierre-creil_\u00a9-Arnaud-Beauvois-Oise-Tourisme-1600x900.jpg 1600w, https:\/\/www.creilsudoise-tourisme.fr\/wp-content\/uploads\/2026\/02\/Clouterie-rivierre-creil_\u00a9-Arnaud-Beauvois-Oise-Tourisme-650x365.jpg 650w, https:\/\/www.creilsudoise-tourisme.fr\/wp-content\/uploads\/2026\/02\/Clouterie-rivierre-creil_\u00a9-Arnaud-Beauvois-Oise-Tourisme-387x217.jpg 387w, https:\/\/www.creilsudoise-tourisme.fr\/wp-content\/uploads\/2026\/02\/Clouterie-rivierre-creil_\u00a9-Arnaud-Beauvois-Oise-Tourisme.jpg 1920w\" sizes=\"(max-width: 344px) 100vw, 344px\" \/><\/figure>\n<\/div>\n<\/div>\n\n\n\n<h3>Recycl'art<\/h3>\n\n\n\n<p>&nbsp;Take part in a <strong><a href=\"https:\/\/www.creilsudoise-tourisme.fr\/en\/agenda-animations\/atelier-creatif-autour-de-la-chambre-a-air-de-velo\/\" target=\"_blank\" rel=\"noreferrer noopener\">bracelet-making workshop<\/a><\/strong> from<strong>old bicycle inner tubes<\/strong> ! An opportunity to<strong>entertain<\/strong> and <strong>make<\/strong> a jewel of your <strong>own hands<\/strong>.<\/p>\n\n\n\n<h3>Games, sport and cooking<\/h3>\n\n\n\n<p>The <strong><a href=\"https:\/\/www.saintmaximin.eu\/\" target=\"_blank\" rel=\"noreferrer noopener\">Town of Saint-Maximin<\/a><\/strong> concocts <strong>2 weeks dedicated to games and creativity<\/strong> at the Maison des Jeunes Mandela : <strong>board games<\/strong>manufacture of<strong> candles<\/strong>, <strong>football<\/strong>preparation for<strong> carnival,<\/strong> workshop <strong>culinary <\/strong>and<strong>other activities<\/strong> again! For the 11-13 age group, it's <strong><a href=\"https:\/\/www.creilsudoise-tourisme.fr\/en\/agenda-animations\/les-vacances-dhiver-a-saint-maximin-11-13-ans\/\" target=\"_blank\" rel=\"noreferrer noopener\">click here<\/a><\/strong> ! And for 14-17 year olds, it's <strong><a href=\"https:\/\/www.creilsudoise-tourisme.fr\/en\/agenda-animations\/les-vacances-dhiver-a-saint-maximin-14-17-ans\/\" target=\"_blank\" rel=\"noreferrer noopener\">this way <\/a><\/strong>!<\/p>\n\n\n\n<h3>Theatre<\/h3>\n\n\n\n<p>S'<strong>try your hand at theatre<\/strong> has always<strong> intrigued<\/strong> your <strong>child\/small child <\/strong>? To the<strong><a href=\"https:\/\/www.saintmaximin.eu\/bibliotheque-et-catalogue\" target=\"_blank\" rel=\"noreferrer noopener\"> Elsa Triolet library in Saint-Maximin<\/a><\/strong>He will have the opportunity to take part in a <strong><a href=\"https:\/\/www.creilsudoise-tourisme.fr\/en\/agenda-animations\/atelier-theatre-match-dimprovisation\/\" target=\"_blank\" rel=\"noreferrer noopener\">Theatrical improvisation match<\/a><\/strong>&nbsp;(for the general public)! A chance to show off your <strong>acting talent<\/strong> ! Bookings required.<\/p>\n\n\n\n<h3>Sciences<\/h3>\n\n\n\n<p>The <strong><a href=\"https:\/\/mediatheque.creil.fr\/l-abricotine--quartier-rouher\" target=\"_blank\" rel=\"noreferrer noopener\">L'abricotine media library, Creil<\/a><\/strong> invites you to take part in a<strong><a href=\"https:\/\/www.creilsudoise-tourisme.fr\/en\/agenda-animations\/atelier-les-ptits-scientifiques\/\"> fun introduction to science workshop <\/a><\/strong>for <strong>curious kids<\/strong> ! Registration required.<br><br>The <a href=\"https:\/\/lesbibliothequesdemontataire.c3rb.org\/\" target=\"_blank\" rel=\"noreferrer noopener\"><strong>Elsa Triolet Library, Montataire<\/strong><\/a> offers you a <strong><a href=\"https:\/\/mairie-montataire.fr\/agenda\/culture\/vacances-en-bibliotheque\/\" target=\"_blank\" rel=\"noreferrer noopener\">scientific animation<\/a><\/strong>.<\/p>\n\n\n\n<h3>Snoezelen sensory area (toddlers)<\/h3>\n\n\n\n<p>The<strong><a href=\"https:\/\/www.saintmaximin.eu\/bibliotheque-et-catalogue\" target=\"_blank\" rel=\"noreferrer noopener\">&nbsp;Elsa Triolet Library<\/a><\/strong> for your<strong> baby<\/strong>an <a href=\"https:\/\/www.facebook.com\/photo?fbid=1196796169231250&amp;set=a.419884906922384\" target=\"_blank\" rel=\"noreferrer noopener\"><strong>Snoezelen area<\/strong> <\/a>Taking care of your baby with <strong>comment<\/strong>, <strong>stimulation<\/strong> and <strong>sensory explorations<\/strong>all in a <strong>specially equipped space<\/strong>, <strong>lit <\/strong>a<strong> subdued light<\/strong> and lulled by a <strong>soft music<\/strong>. A space whose aim is to recreate a <strong>pleasant atmosphere<\/strong>. Reservations required.<br><\/p>\n\n\n\n<h2>Culture<\/h2>\n\n\n\n<h3>Media library discovery and storytelling (0-3 years)<\/h3>\n\n\n\n<p>Getting into the habit of<strong><a href=\"https:\/\/www.creilsudoise-tourisme.fr\/en\/agenda-animations\/reading-books-are-good-for-babies-2-2\/\" target=\"_blank\" rel=\"noreferrer noopener\"> come to the media library<\/a> <\/strong>with the<strong> toddlers<\/strong>familiarise them with the location, open up <strong>books<\/strong> with them, listening to <strong>stories read aloud expressively<\/strong>...a <strong>true openness<\/strong> about the world for toddlers. This takes place at the <strong><a href=\"https:\/\/saint-vaast-les-mello-pom.c3rb.org\/\" target=\"_blank\" rel=\"noreferrer noopener\">Saint-Vaast-l\u00e8s-Mello multimedia library<\/a><\/strong> !<\/p>\n\n\n\n<h3>Story readings (from 3 years)<\/h3>\n\n\n\n<p>The <strong><a href=\"https:\/\/mediatheque.nogentsuroise.fr\/\">Nogent-sur-Oise multimedia library<\/a><\/strong> offers you <strong><a href=\"https:\/\/www.creilsudoise-tourisme.fr\/en\/agenda-animations\/reading-stories-for-little-ears-6\/\" target=\"_blank\" rel=\"noreferrer noopener\">story readings<\/a><\/strong> for children, <strong>from 3 years<\/strong>.<\/p>\n\n\n\n<h3>Street art exhibition<\/h3>\n\n\n\n<div class=\"is-layout-flex wp-container-6 wp-block-columns\">\n<div class=\"is-layout-flow wp-block-column is-vertically-aligned-center\">\n<figure class=\"wp-block-image size-large is-resized\"><img decoding=\"async\" loading=\"lazy\" data-src=\"https:\/\/www.creilsudoise-tourisme.fr\/wp-content\/uploads\/wpetourisme\/affiche-sitou-800x1200.jpg\" alt=\"\" class=\"wp-image-67396\" width=\"285\" height=\"427\" data-srcset=\"https:\/\/www.creilsudoise-tourisme.fr\/wp-content\/uploads\/wpetourisme\/affiche-sitou-800x1200.jpg 800w, https:\/\/www.creilsudoise-tourisme.fr\/wp-content\/uploads\/wpetourisme\/affiche-sitou-400x600.jpg 400w, https:\/\/www.creilsudoise-tourisme.fr\/wp-content\/uploads\/wpetourisme\/affiche-sitou-600x900.jpg 600w, https:\/\/www.creilsudoise-tourisme.fr\/wp-content\/uploads\/wpetourisme\/affiche-sitou-1024x1536.jpg 1024w, https:\/\/www.creilsudoise-tourisme.fr\/wp-content\/uploads\/wpetourisme\/affiche-sitou-8x12.jpg 8w, https:\/\/www.creilsudoise-tourisme.fr\/wp-content\/uploads\/wpetourisme\/affiche-sitou-200x300.jpg 200w, https:\/\/www.creilsudoise-tourisme.fr\/wp-content\/uploads\/wpetourisme\/affiche-sitou-650x975.jpg 650w, https:\/\/www.creilsudoise-tourisme.fr\/wp-content\/uploads\/wpetourisme\/affiche-sitou-282x424.jpg 282w, https:\/\/www.creilsudoise-tourisme.fr\/wp-content\/uploads\/wpetourisme\/affiche-sitou-387x580.jpg 387w, https:\/\/www.creilsudoise-tourisme.fr\/wp-content\/uploads\/wpetourisme\/affiche-sitou.jpg 1067w\" sizes=\"(max-width: 285px) 100vw, 285px\" \/><\/figure>\n<\/div>\n\n\n\n<div class=\"is-layout-flow wp-block-column is-vertically-aligned-center\">\n<p>Discover a <strong><a href=\"https:\/\/www.creilsudoise-tourisme.fr\/en\/agenda-animations\/exposition-sur-faces\/\" target=\"_blank\" rel=\"noreferrer noopener\">street art exhibition<\/a><\/strong> to the<a href=\"https:\/\/www.creilsudoise-tourisme.fr\/en\/loisirs\/espace-henri-matisse\/\">Espace Matisse, Creil<\/a>by the artist <strong>Sitou Matt<\/strong>,<strong> <\/strong>who has already produced <strong>2 frescoes in Creil<\/strong> (Roger-Salengro Velodrome and the Nina Simone Conservatoire)! <\/p>\n<\/div>\n<\/div>\n\n\n\n<h3>Manga exhibition<\/h3>\n\n\n\n<p>Young people from<strong> Manga Club de Creil<\/strong> present the <strong>boards<\/strong> from <strong>their manga<\/strong> \"The Awakening of the Abyss\" through a <strong><a href=\"https:\/\/www.creilsudoise-tourisme.fr\/en\/agenda-animations\/exposition-manga-leveil-des-abimes\/\" target=\"_blank\" rel=\"noreferrer noopener\">exhibition<\/a><\/strong> to be held at the <strong><a href=\"https:\/\/www.creil.fr\/la-maison-la-ville\" target=\"_blank\" rel=\"noreferrer noopener\">Maison de la Ville de Creil<\/a><\/strong>!<\/p>\n\n\n\n<h3>Escape Game<\/h3>\n\n\n\n<h4>Escape Game in Saint-Maximin<\/h4>\n\n\n\n<p>For children <strong>from age 10<\/strong>l' <a href=\"https:\/\/www.saintmaximin.eu\/bibliotheque-et-catalogue\" target=\"_blank\" rel=\"noreferrer noopener\"><strong>Elsa Triolet library in Saint-Maximin<\/strong> <\/a>offers you a <strong><a href=\"https:\/\/www.creilsudoise-tourisme.fr\/en\/agenda-animations\/escape-game-recherche-a-risque-a-la-bibliotheque\/\" target=\"_blank\" rel=\"noreferrer noopener\">Escape Game \"Research at risk<\/a><\/strong>. <strong>Go and investigate<\/strong> ! (booking required)<\/p>\n\n\n\n<h4>Harry Potter Escape Game in Creil<\/h4>\n\n\n\n<p>The <strong><a href=\"https:\/\/mediatheque.creil.fr\/jean-pierre-besse--quartier-du-moulin\" target=\"_blank\" rel=\"noreferrer noopener\">Jean-Pierre Besse Media Library, Creil<\/a><\/strong> offers you a<strong><a href=\"https:\/\/www.creilsudoise-tourisme.fr\/en\/agenda-animations\/escape-game-theme-harry-potter\/\" target=\"_blank\" rel=\"noreferrer noopener\"> Escape Game on the theme of Harry Potter<\/a><\/strong> ! Come and immerse yourself in<strong>atmosphere<\/strong> of your <strong>favourite hero<\/strong>. Will you be able to solve the various<strong> riddles <\/strong>and escape <strong>Death Eaters<\/strong> in less than 45 minutes? Register now.<\/p>\n\n\n\n<h4>Secrecy at the Mus\u00e9e Gall\u00e9-Juillet<\/h4>\n\n\n\n<div class=\"is-layout-flex wp-container-9 wp-block-columns\">\n<div class=\"is-layout-flow wp-block-column is-vertically-aligned-center\">\n<p>In 60 minutes, discover <strong><a href=\"https:\/\/www.creilsudoise-tourisme.fr\/en\/agenda-animations\/escape-game-le-secret-au-musee-galle-juillet\/\" target=\"_blank\" rel=\"noreferrer noopener\">the secret of the Gall\u00e9-Juillet house<\/a><\/strong> and to <strong>escape<\/strong> !<br><strong>Go back in time<\/strong> and immerse yourself in<strong> 1913<\/strong>.<br>Inside the museum itself <strong>piece by piece<\/strong>, d'<strong>index in index<\/strong>you will discover the <strong>the secret that haunts the walls of the Gall\u00e9-Juillet house...<\/strong><\/p>\n<\/div>\n\n\n\n<div class=\"is-layout-flow wp-block-column\">\n<figure class=\"wp-block-image size-large\"><img decoding=\"async\" loading=\"lazy\" width=\"1200\" height=\"714\" data-src=\"https:\/\/www.creilsudoise-tourisme.fr\/wp-content\/uploads\/2021\/05\/Escape-game-au-Musee-Galle-Juillet-1200x714.jpg\" alt=\"Escape Game at the Mus\u00e9e Gall\u00e9-Juillet\" class=\"wp-image-34945\" data-srcset=\"https:\/\/www.creilsudoise-tourisme.fr\/wp-content\/uploads\/2021\/05\/Escape-game-au-Musee-Galle-Juillet-1200x714.jpg 1200w, https:\/\/www.creilsudoise-tourisme.fr\/wp-content\/uploads\/2021\/05\/Escape-game-au-Musee-Galle-Juillet-600x357.jpg 600w, https:\/\/www.creilsudoise-tourisme.fr\/wp-content\/uploads\/2021\/05\/Escape-game-au-Musee-Galle-Juillet-900x536.jpg 900w, https:\/\/www.creilsudoise-tourisme.fr\/wp-content\/uploads\/2021\/05\/Escape-game-au-Musee-Galle-Juillet-1536x914.jpg 1536w, https:\/\/www.creilsudoise-tourisme.fr\/wp-content\/uploads\/2021\/05\/Escape-game-au-Musee-Galle-Juillet-200x119.jpg 200w, https:\/\/www.creilsudoise-tourisme.fr\/wp-content\/uploads\/2021\/05\/Escape-game-au-Musee-Galle-Juillet-650x387.jpg 650w, https:\/\/www.creilsudoise-tourisme.fr\/wp-content\/uploads\/2021\/05\/Escape-game-au-Musee-Galle-Juillet-387x230.jpg 387w, https:\/\/www.creilsudoise-tourisme.fr\/wp-content\/uploads\/2021\/05\/Escape-game-au-Musee-Galle-Juillet.jpg 1600w\" sizes=\"(max-width: 1200px) 100vw, 1200px\" \/><\/figure>\n<\/div>\n<\/div>\n\n\n\n<h4>The treasure at the Mus\u00e9e Gall\u00e9-Juillet<\/h4>\n\n\n\n<div class=\"is-layout-flex wp-container-12 wp-block-columns\">\n<div class=\"is-layout-flow wp-block-column is-vertically-aligned-center\">\n<figure class=\"wp-block-image size-large\"><img decoding=\"async\" loading=\"lazy\" width=\"1200\" height=\"865\" data-src=\"https:\/\/www.creilsudoise-tourisme.fr\/wp-content\/uploads\/wpetourisme\/LE-TRESOR-1200x865.jpg\" alt=\"\" class=\"wp-image-66003\" data-srcset=\"https:\/\/www.creilsudoise-tourisme.fr\/wp-content\/uploads\/wpetourisme\/LE-TRESOR-1200x865.jpg 1200w, https:\/\/www.creilsudoise-tourisme.fr\/wp-content\/uploads\/wpetourisme\/LE-TRESOR-600x432.jpg 600w, https:\/\/www.creilsudoise-tourisme.fr\/wp-content\/uploads\/wpetourisme\/LE-TRESOR-900x649.jpg 900w, https:\/\/www.creilsudoise-tourisme.fr\/wp-content\/uploads\/wpetourisme\/LE-TRESOR-1536x1107.jpg 1536w, https:\/\/www.creilsudoise-tourisme.fr\/wp-content\/uploads\/wpetourisme\/LE-TRESOR-2048x1476.jpg 2048w, https:\/\/www.creilsudoise-tourisme.fr\/wp-content\/uploads\/wpetourisme\/LE-TRESOR-18x12.jpg 18w, https:\/\/www.creilsudoise-tourisme.fr\/wp-content\/uploads\/wpetourisme\/LE-TRESOR-200x144.jpg 200w, https:\/\/www.creilsudoise-tourisme.fr\/wp-content\/uploads\/wpetourisme\/LE-TRESOR-650x469.jpg 650w, https:\/\/www.creilsudoise-tourisme.fr\/wp-content\/uploads\/wpetourisme\/LE-TRESOR-387x279.jpg 387w\" sizes=\"(max-width: 1200px) 100vw, 1200px\" \/><\/figure>\n<\/div>\n\n\n\n<div class=\"is-layout-flow wp-block-column is-vertically-aligned-center\">\n<p>In 60 minutes, you can assemble <strong><a href=\"https:\/\/www.creilsudoise-tourisme.fr\/en\/agenda-animations\/escape-game-le-tresor-du-musee-galle-juillet\/\" target=\"_blank\" rel=\"noreferrer noopener\">the lock treasury<\/a><\/strong>. In 1974, in Creil, the <strong>Treasure of the lock<\/strong>. During the excavations, a <strong>pot d'or disappears<\/strong>. Your ancestor is the <strong>thief<\/strong> and since then, <strong>a curse has struck your family<\/strong>. Today you are <strong>the only <\/strong>to be able to repair <strong>his faults<\/strong>but <strong>your time is running out<\/strong> find the pot of gold, <strong>reunite the treasure <\/strong>or <strong>suffer the curse forever...<\/strong><\/p>\n<\/div>\n<\/div>\n\n\n\n<h3>Board games<\/h3>\n\n\n\n<h4>Board games of all kinds<\/h4>\n\n\n\n<p>The <strong><a href=\"https:\/\/www.nogentsuroise.fr\/\" target=\"_blank\" rel=\"noreferrer noopener\">Town of Nogent-sur-Oise <\/a><\/strong>offers you a Saturday at<strong><a href=\"https:\/\/www.creilsudoise-tourisme.fr\/en\/agenda-animations\/fun-activity-our-saturday-games\/\" target=\"_blank\" rel=\"noreferrer noopener\"> play board games!<\/a><\/strong> From <strong>beginner to expert<\/strong>between <strong>friends<\/strong> or in<strong> family<\/strong>come and <strong>entertain<\/strong> with<strong> board games <\/strong>!<\/p>\n\n\n\n<h4>Werewolves<\/h4>\n\n\n\n<p>Leaving for a <strong><a href=\"https:\/\/www.creilsudoise-tourisme.fr\/en\/agenda-animations\/activites-ludiques-les-vacances-a-la-mediatheque\/\" target=\"_blank\" rel=\"noreferrer noopener\">werewolf party<\/a><\/strong> to the <strong><a href=\"https:\/\/www.saintleudesserent.fr\/mediatheque-saint-leu-60\" target=\"_blank\" rel=\"noreferrer noopener\">Saint-Leu d'Esserent multimedia library<\/a><\/strong> ? Please note, <strong>exclusively for teenagers aged 13 and over and adults<\/strong>.<br><br>The <a href=\"https:\/\/lesbibliothequesdemontataire.c3rb.org\/\" target=\"_blank\" rel=\"noreferrer noopener\"><strong>Montatair Elsa Triolet Library<\/strong>e <\/a>offers you a <strong><a href=\"https:\/\/mairie-montataire.fr\/agenda\/culture\/vacances-en-bibliotheque\/\" target=\"_blank\" rel=\"noreferrer noopener\">time to play werewolves<\/a><\/strong>.<\/p>\n\n\n\n<h3>Video games<\/h3>\n\n\n\n<p>The <a href=\"https:\/\/lesbibliothequesdemontataire.c3rb.org\/\" target=\"_blank\" rel=\"noreferrer noopener\"><strong>Montatair Elsa Triolet Library<\/strong>e <\/a>offers you a time to <strong><a href=\"https:\/\/mairie-montataire.fr\/agenda\/culture\/vacances-en-bibliotheque\/\" target=\"_blank\" rel=\"noreferrer noopener\">play video games<\/a><\/strong> !<\/p>\n\n\n\n<h3>Cinema<\/h3>\n\n\n\n<h4>Cinema in Villers-Saint-Paul<\/h4>\n\n\n\n<div class=\"is-layout-flex wp-container-15 wp-block-columns\">\n<div class=\"is-layout-flow wp-block-column\">\n<p>The city of <strong><a href=\"https:\/\/www.creilsudoise-tourisme.fr\/en\/agenda-animations\/cinema-cine-villers-de-fevrier-elio\/\" target=\"_blank\" rel=\"noreferrer noopener\">animated film Elio<\/a><\/strong> will be shown in Villers-Saint-Paul. Elio, an 11-year-old boy, <strong>dreamer and space enthusiast<\/strong>struggling to find <strong>its place on Earth<\/strong>. But his life was turned upside down when he was <strong>mysteriously teleported<\/strong> in the Communiverse: an intergalactic organisation bringing together representatives (as strange as they are fascinating) from distant galaxies.<\/p>\n<\/div>\n\n\n\n<div class=\"is-layout-flow wp-block-column\">\n<figure class=\"wp-block-image size-full\"><img decoding=\"async\" loading=\"lazy\" width=\"194\" height=\"259\" data-src=\"https:\/\/www.creilsudoise-tourisme.fr\/wp-content\/uploads\/2026\/02\/elio.jpg\" alt=\"\" class=\"wp-image-67460\" data-srcset=\"https:\/\/www.creilsudoise-tourisme.fr\/wp-content\/uploads\/2026\/02\/elio.jpg 194w, https:\/\/www.creilsudoise-tourisme.fr\/wp-content\/uploads\/2026\/02\/elio-9x12.jpg 9w\" sizes=\"(max-width: 194px) 100vw, 194px\" \/><\/figure>\n<\/div>\n<\/div>\n\n\n\n<h4>Cinema in Creil<\/h4>\n\n\n\n<p>The <strong><a href=\"https:\/\/www.creil.fr\/la-maison-la-ville\" target=\"_blank\" rel=\"noreferrer noopener\">Maison de la Ville de Creil<\/a><\/strong> offers you a <strong><a href=\"https:\/\/www.creilsudoise-tourisme.fr\/en\/agenda-animations\/cinema-seance-decouverte-en-famille\/\" target=\"_blank\" rel=\"noreferrer noopener\">mystery film screening<\/a><\/strong> <strong>free of charge,<\/strong> the content<br>of the film will be discovered at <strong>time of the session<\/strong> ! The film is suitable for family audiences.<\/p>\n\n\n\n<h4>Cinema in Nogent-sur-Oise<\/h4>\n\n\n\n<p>Bring the whole family <strong>(re)discover <a href=\"https:\/\/www.creilsudoise-tourisme.fr\/en\/agenda-animations\/cinema-mon-petit-cine\/\" target=\"_blank\" rel=\"noreferrer noopener\">an animated film<\/a><\/strong> offered free of charge to <a href=\"https:\/\/mediatheque.nogentsuroise.fr\/\" target=\"_blank\" rel=\"noreferrer noopener\">Nogent-sur-Oise multimedia library<\/a> !<\/p>\n\n\n\n<h4>Cinema in Montataire<\/h4>\n\n\n\n<p>The <a href=\"https:\/\/lesbibliothequesdemontataire.c3rb.org\/\" target=\"_blank\" rel=\"noreferrer noopener\"><strong>Elsa Triolet Library, Montataire<\/strong><\/a> offers you <strong><a href=\"https:\/\/mairie-montataire.fr\/agenda\/culture\/vacances-en-bibliotheque\/\" target=\"_blank\" rel=\"noreferrer noopener\">cin\u00e9-mioche\" screenings<\/a><\/strong> !<\/p>\n\n\n\n<h2>Sport<\/h2>\n\n\n\n<h3>Synthetic pitch<\/h3>\n\n\n\n<p> The Armand Bellard synthetic pitch in Montataire <strong><a href=\"https:\/\/mairie-montataire.fr\/agenda\/information\/acces-au-terrain-synthetique-armand-bellard-pour-les-vacances\/\" target=\"_blank\" rel=\"noreferrer noopener\">opens its doors to you<\/a><\/strong> for the holidays. A <strong>sports presenter<\/strong> will be present and <strong>equipment<\/strong> will be loaned to you.<\/p>\n\n\n\n<p><\/p>\n\n\n\n<h3>Introduction to kayaking<\/h3>\n\n\n\n<p>The city of&nbsp;<a href=\"https:\/\/mairie-montataire.fr\/annuaires\/associations\/sport\/canoe-kayak-club-du-therain-ckct\/\">Canoe-Kayak Club du Th\u00e9rain<\/a>&nbsp;offers you a <strong><a href=\"https:\/\/mairie-montataire.fr\/agenda\/vie-associative\/initiation-au-kayak\/\" target=\"_blank\" rel=\"noreferrer noopener\">supervised introduction to kayaking<\/a><\/strong> to the&nbsp;<a href=\"https:\/\/mairie-montataire.fr\/s-epanouir\/sports-loisirs\/piscine-intercommunale\/\">inter-communal swimming pool<\/a>&nbsp;in Montataire. With the help of games and trips on the water, you can become real kayakers!<\/p>\n\n\n\n<h3>First dive<\/h3>\n\n\n\n<p>The&nbsp;<a href=\"https:\/\/mairie-montataire.fr\/annuaires\/associations\/sport\/palanquee-club-intercommunal-de-montataire-pcim\/\">Palanqu\u00e9e Club Intercommunal de Montataire<\/a>&nbsp;offers you <strong><a href=\"https:\/\/mairie-montataire.fr\/agenda\/vie-associative\/baptemes-de-plongee\/\" target=\"_blank\" rel=\"noreferrer noopener\">first dives<\/a><\/strong> to the&nbsp;<a href=\"https:\/\/mairie-montataire.fr\/s-epanouir\/sports-loisirs\/piscine-intercommunale\/\">inter-communal swimming pool<\/a>&nbsp;of Montataire.<\/p>\n\n\n\n<p><\/p>\n\n\n\n<h2>Other indoor activities<\/h2>\n\n\n\n<p>Rendezvous in Nogent-sur-Oise for a <strong><a href=\"https:\/\/www.facebook.com\/Aievents.org\/?locale=fr_FR\" target=\"_blank\" rel=\"noreferrer noopener\">business park <\/a><\/strong>for children aged 3 to 12! On the programme: inflatable games, XXL slides, fun runs, a little train, an ice rink and even a relaxation area for parents!<\/p>\n\n\n\n<p><\/p>\n\n\n\n<p>To <strong>even more activities<\/strong> (Path\u00e9 cinema, RoyalKids, Bowling, Museums...). <a href=\"https:\/\/www.creilsudoise-tourisme.fr\/en\/with-the-family\/family-activities\/\">click here <\/a>!<\/p>\n\n\n\n<hr class=\"wp-block-separator has-alpha-channel-opacity\"\/>\n\n\n\n<div class=\"is-content-justification-center is-layout-flex wp-container-16 wp-block-buttons\">\n<div class=\"wp-block-button\"><a class=\"wp-block-button__link wp-element-button\" href=\"https:\/\/www.creilsudoise-tourisme.fr\/en\/agenda\/\" target=\"_blank\" rel=\"noreferrer noopener\">all the diary<\/a><\/div>\n<\/div>","protected":false},"excerpt":{"rendered":"<p>What can you do during the school holidays from 14 February to 2 March? This page is full of ideas for activities for your children or grandchildren! Carnival The town of Saint-Maximin is organising a \"family jungle carnival\", so come dressed up: you'll be made up and paraded through the streets. [...]<\/p>","protected":false},"author":10,"featured_media":67457,"comment_status":"closed","ping_status":"closed","sticky":false,"template":"","format":"standard","meta":{"_relevanssi_hide_post":"","_relevanssi_hide_content":"","_relevanssi_pin_for_all":"","_relevanssi_pin_keywords":"","_relevanssi_unpin_keywords":"","_relevanssi_related_keywords":"","_relevanssi_related_include_ids":"","_relevanssi_related_exclude_ids":"","_relevanssi_related_no_append":"","_relevanssi_related_not_related":"","_relevanssi_related_posts":"41684,38928,37060,38711,271,52387","_relevanssi_noindex_reason":""},"categories":[5],"tags":[],"yoast_head":"<!-- This site is optimized with the Yoast SEO plugin v20.2.1 - https:\/\/yoast.com\/wordpress\/plugins\/seo\/ -->\n<title>Programme des vacances d&#039;hiver 2026<\/title>\n<meta name=\"description\" content=\"D\u00e9couvrez les sorties \u00e0 faire en famille ou entre amis \u00e0 Creil Sud Oise, pr\u00e8s de Chantilly et Senlis, lors des vacances d&#039;hiver !\" \/>\n<meta name=\"robots\" content=\"index, follow, max-snippet:-1, max-image-preview:large, max-video-preview:-1\" \/>\n<link rel=\"canonical\" href=\"https:\/\/www.creilsudoise-tourisme.fr\/en\/2026\/02\/04\/winter-holidays-2026\/\" \/>\n<meta property=\"og:locale\" content=\"en_GB\" \/>\n<meta property=\"og:type\" content=\"article\" \/>\n<meta property=\"og:title\" content=\"Programme des vacances d&#039;hiver 2026\" \/>\n<meta property=\"og:description\" content=\"D\u00e9couvrez les sorties \u00e0 faire en famille ou entre amis \u00e0 Creil Sud Oise, pr\u00e8s de Chantilly et Senlis, lors des vacances d&#039;hiver !\" \/>\n<meta property=\"og:url\" content=\"https:\/\/www.creilsudoise-tourisme.fr\/en\/2026\/02\/04\/winter-holidays-2026\/\" \/>\n<meta property=\"og:site_name\" content=\"Office de Tourisme Creil Sud Oise\" \/>\n<meta property=\"article:publisher\" content=\"https:\/\/www.facebook.com\/creilsudoisetourisme\/\" \/>\n<meta property=\"article:published_time\" content=\"2026-02-04T11:00:35+00:00\" \/>\n<meta property=\"article:modified_time\" content=\"2026-02-25T15:17:59+00:00\" \/>\n<meta property=\"og:image\" content=\"https:\/\/www.creilsudoise-tourisme.fr\/wp-content\/uploads\/2026\/02\/Clouterie-rivierre-creil_\u00a9-Arnaud-Beauvois-Oise-Tourisme.jpg\" \/>\n\t<meta property=\"og:image:width\" content=\"1920\" \/>\n\t<meta property=\"og:image:height\" content=\"1078\" \/>\n\t<meta property=\"og:image:type\" content=\"image\/jpeg\" \/>\n<meta name=\"author\" content=\"emilie\" \/>\n<meta name=\"twitter:card\" content=\"summary_large_image\" \/>\n<meta name=\"twitter:creator\" content=\"@CreilSudOiseOT\" \/>\n<meta name=\"twitter:site\" content=\"@CreilSudOiseOT\" \/>\n<meta name=\"twitter:label1\" content=\"Written by\" \/>\n\t<meta name=\"twitter:data1\" content=\"emilie\" \/>\n\t<meta name=\"twitter:label2\" content=\"Estimated reading time\" \/>\n\t<meta name=\"twitter:data2\" content=\"6 minutes\" \/>\n<script type=\"application\/ld+json\" class=\"yoast-schema-graph\">{\"@context\":\"https:\/\/schema.org\",\"@graph\":[{\"@type\":\"Article\",\"@id\":\"https:\/\/www.creilsudoise-tourisme.fr\/2026\/02\/04\/vacances-hiver-2026\/#article\",\"isPartOf\":{\"@id\":\"https:\/\/www.creilsudoise-tourisme.fr\/2026\/02\/04\/vacances-hiver-2026\/\"},\"author\":{\"name\":\"emilie\",\"@id\":\"https:\/\/www.creilsudoise-tourisme.fr\/#\/schema\/person\/81a1ab3a236faa5508e8f47600a85072\"},\"headline\":\"Id\u00e9es d&rsquo;activit\u00e9s pour les vacances d&rsquo;hiver !\",\"datePublished\":\"2026-02-04T11:00:35+00:00\",\"dateModified\":\"2026-02-25T15:17:59+00:00\",\"mainEntityOfPage\":{\"@id\":\"https:\/\/www.creilsudoise-tourisme.fr\/2026\/02\/04\/vacances-hiver-2026\/\"},\"wordCount\":1202,\"publisher\":{\"@id\":\"https:\/\/www.creilsudoise-tourisme.fr\/#organization\"},\"articleSection\":[\"Actus\"],\"inLanguage\":\"en-GB\"},{\"@type\":\"WebPage\",\"@id\":\"https:\/\/www.creilsudoise-tourisme.fr\/2026\/02\/04\/vacances-hiver-2026\/\",\"url\":\"https:\/\/www.creilsudoise-tourisme.fr\/2026\/02\/04\/vacances-hiver-2026\/\",\"name\":\"Programme des vacances d'hiver 2026\",\"isPartOf\":{\"@id\":\"https:\/\/www.creilsudoise-tourisme.fr\/#website\"},\"datePublished\":\"2026-02-04T11:00:35+00:00\",\"dateModified\":\"2026-02-25T15:17:59+00:00\",\"description\":\"D\u00e9couvrez les sorties \u00e0 faire en famille ou entre amis \u00e0 Creil Sud Oise, pr\u00e8s de Chantilly et Senlis, lors des vacances d'hiver !\",\"breadcrumb\":{\"@id\":\"https:\/\/www.creilsudoise-tourisme.fr\/2026\/02\/04\/vacances-hiver-2026\/#breadcrumb\"},\"inLanguage\":\"en-GB\",\"potentialAction\":[{\"@type\":\"ReadAction\",\"target\":[\"https:\/\/www.creilsudoise-tourisme.fr\/2026\/02\/04\/vacances-hiver-2026\/\"]}]},{\"@type\":\"BreadcrumbList\",\"@id\":\"https:\/\/www.creilsudoise-tourisme.fr\/2026\/02\/04\/vacances-hiver-2026\/#breadcrumb\",\"itemListElement\":[{\"@type\":\"ListItem\",\"position\":1,\"name\":\"Accueil\",\"item\":\"https:\/\/www.creilsudoise-tourisme.fr\/\"},{\"@type\":\"ListItem\",\"position\":2,\"name\":\"Id\u00e9es d&rsquo;activit\u00e9s pour les vacances d&rsquo;hiver !\"}]},{\"@type\":\"WebSite\",\"@id\":\"https:\/\/www.creilsudoise-tourisme.fr\/#website\",\"url\":\"https:\/\/www.creilsudoise-tourisme.fr\/\",\"name\":\"Office de Tourisme Creil Sud Oise\",\"description\":\"Creil Sud Oise Tourisme, un territoire \u00e0 explorer !\",\"publisher\":{\"@id\":\"https:\/\/www.creilsudoise-tourisme.fr\/#organization\"},\"potentialAction\":[{\"@type\":\"SearchAction\",\"target\":{\"@type\":\"EntryPoint\",\"urlTemplate\":\"https:\/\/www.creilsudoise-tourisme.fr\/?s={search_term_string}\"},\"query-input\":\"required name=search_term_string\"}],\"inLanguage\":\"en-GB\"},{\"@type\":\"Organization\",\"@id\":\"https:\/\/www.creilsudoise-tourisme.fr\/#organization\",\"name\":\"Creil Sud Oise Tourisme\",\"url\":\"https:\/\/www.creilsudoise-tourisme.fr\/\",\"logo\":{\"@type\":\"ImageObject\",\"inLanguage\":\"en-GB\",\"@id\":\"https:\/\/www.creilsudoise-tourisme.fr\/#\/schema\/logo\/image\/\",\"url\":\"https:\/\/www.creilsudoise-tourisme.fr\/wp-content\/uploads\/2021\/05\/logo-svg.png\",\"contentUrl\":\"https:\/\/www.creilsudoise-tourisme.fr\/wp-content\/uploads\/2021\/05\/logo-svg.png\",\"width\":182,\"height\":71,\"caption\":\"Creil Sud Oise Tourisme\"},\"image\":{\"@id\":\"https:\/\/www.creilsudoise-tourisme.fr\/#\/schema\/logo\/image\/\"},\"sameAs\":[\"https:\/\/www.facebook.com\/creilsudoisetourisme\/\",\"https:\/\/twitter.com\/CreilSudOiseOT\",\"https:\/\/www.instagram.com\/creilsudoisetourisme\/\",\"https:\/\/www.youtube.com\/channel\/UC8L_QD2wwyADW14zt9fY8kw\"]},{\"@type\":\"Person\",\"@id\":\"https:\/\/www.creilsudoise-tourisme.fr\/#\/schema\/person\/81a1ab3a236faa5508e8f47600a85072\",\"name\":\"emilie\",\"image\":{\"@type\":\"ImageObject\",\"inLanguage\":\"en-GB\",\"@id\":\"https:\/\/www.creilsudoise-tourisme.fr\/#\/schema\/person\/image\/\",\"url\":\"https:\/\/secure.gravatar.com\/avatar\/63ed1ecafae1b27e36a71e8626bc354f?s=96&d=mm&r=g\",\"contentUrl\":\"https:\/\/secure.gravatar.com\/avatar\/63ed1ecafae1b27e36a71e8626bc354f?s=96&d=mm&r=g\",\"caption\":\"emilie\"},\"url\":\"https:\/\/www.creilsudoise-tourisme.fr\/en\/auteur\/emilie\/\"}]}<\/script>\n<!-- \/ Yoast SEO plugin. -->","yoast_head_json":{"title":"Programme des vacances d'hiver 2026","description":"D\u00e9couvrez les sorties \u00e0 faire en famille ou entre amis \u00e0 Creil Sud Oise, pr\u00e8s de Chantilly et Senlis, lors des vacances d'hiver !","robots":{"index":"index","follow":"follow","max-snippet":"max-snippet:-1","max-image-preview":"max-image-preview:large","max-video-preview":"max-video-preview:-1"},"canonical":"https:\/\/www.creilsudoise-tourisme.fr\/en\/2026\/02\/04\/winter-holidays-2026\/","og_locale":"en_GB","og_type":"article","og_title":"Programme des vacances d'hiver 2026","og_description":"D\u00e9couvrez les sorties \u00e0 faire en famille ou entre amis \u00e0 Creil Sud Oise, pr\u00e8s de Chantilly et Senlis, lors des vacances d'hiver !","og_url":"https:\/\/www.creilsudoise-tourisme.fr\/en\/2026\/02\/04\/winter-holidays-2026\/","og_site_name":"Office de Tourisme Creil Sud Oise","article_publisher":"https:\/\/www.facebook.com\/creilsudoisetourisme\/","article_published_time":"2026-02-04T11:00:35+00:00","article_modified_time":"2026-02-25T15:17:59+00:00","og_image":[{"width":1920,"height":1078,"url":"https:\/\/www.creilsudoise-tourisme.fr\/wp-content\/uploads\/2026\/02\/Clouterie-rivierre-creil_\u00a9-Arnaud-Beauvois-Oise-Tourisme.jpg","type":"image\/jpeg"}],"author":"emilie","twitter_card":"summary_large_image","twitter_creator":"@CreilSudOiseOT","twitter_site":"@CreilSudOiseOT","twitter_misc":{"Written by":"emilie","Estimated reading time":"6 minutes"},"schema":{"@context":"https:\/\/schema.org","@graph":[{"@type":"Article","@id":"https:\/\/www.creilsudoise-tourisme.fr\/2026\/02\/04\/vacances-hiver-2026\/#article","isPartOf":{"@id":"https:\/\/www.creilsudoise-tourisme.fr\/2026\/02\/04\/vacances-hiver-2026\/"},"author":{"name":"emilie","@id":"https:\/\/www.creilsudoise-tourisme.fr\/#\/schema\/person\/81a1ab3a236faa5508e8f47600a85072"},"headline":"Id\u00e9es d&rsquo;activit\u00e9s pour les vacances d&rsquo;hiver !","datePublished":"2026-02-04T11:00:35+00:00","dateModified":"2026-02-25T15:17:59+00:00","mainEntityOfPage":{"@id":"https:\/\/www.creilsudoise-tourisme.fr\/2026\/02\/04\/vacances-hiver-2026\/"},"wordCount":1202,"publisher":{"@id":"https:\/\/www.creilsudoise-tourisme.fr\/#organization"},"articleSection":["Actus"],"inLanguage":"en-GB"},{"@type":"WebPage","@id":"https:\/\/www.creilsudoise-tourisme.fr\/2026\/02\/04\/vacances-hiver-2026\/","url":"https:\/\/www.creilsudoise-tourisme.fr\/2026\/02\/04\/vacances-hiver-2026\/","name":"Programme des vacances d'hiver 2026","isPartOf":{"@id":"https:\/\/www.creilsudoise-tourisme.fr\/#website"},"datePublished":"2026-02-04T11:00:35+00:00","dateModified":"2026-02-25T15:17:59+00:00","description":"D\u00e9couvrez les sorties \u00e0 faire en famille ou entre amis \u00e0 Creil Sud Oise, pr\u00e8s de Chantilly et Senlis, lors des vacances d'hiver !","breadcrumb":{"@id":"https:\/\/www.creilsudoise-tourisme.fr\/2026\/02\/04\/vacances-hiver-2026\/#breadcrumb"},"inLanguage":"en-GB","potentialAction":[{"@type":"ReadAction","target":["https:\/\/www.creilsudoise-tourisme.fr\/2026\/02\/04\/vacances-hiver-2026\/"]}]},{"@type":"BreadcrumbList","@id":"https:\/\/www.creilsudoise-tourisme.fr\/2026\/02\/04\/vacances-hiver-2026\/#breadcrumb","itemListElement":[{"@type":"ListItem","position":1,"name":"Accueil","item":"https:\/\/www.creilsudoise-tourisme.fr\/"},{"@type":"ListItem","position":2,"name":"Id\u00e9es d&rsquo;activit\u00e9s pour les vacances d&rsquo;hiver !"}]},{"@type":"WebSite","@id":"https:\/\/www.creilsudoise-tourisme.fr\/#website","url":"https:\/\/www.creilsudoise-tourisme.fr\/","name":"Office de Tourisme Creil Sud Oise","description":"Creil Sud Oise Tourisme, un territoire \u00e0 explorer !","publisher":{"@id":"https:\/\/www.creilsudoise-tourisme.fr\/#organization"},"potentialAction":[{"@type":"SearchAction","target":{"@type":"EntryPoint","urlTemplate":"https:\/\/www.creilsudoise-tourisme.fr\/?s={search_term_string}"},"query-input":"required name=search_term_string"}],"inLanguage":"en-GB"},{"@type":"Organization","@id":"https:\/\/www.creilsudoise-tourisme.fr\/#organization","name":"Creil Sud Oise Tourisme","url":"https:\/\/www.creilsudoise-tourisme.fr\/","logo":{"@type":"ImageObject","inLanguage":"en-GB","@id":"https:\/\/www.creilsudoise-tourisme.fr\/#\/schema\/logo\/image\/","url":"https:\/\/www.creilsudoise-tourisme.fr\/wp-content\/uploads\/2021\/05\/logo-svg.png","contentUrl":"https:\/\/www.creilsudoise-tourisme.fr\/wp-content\/uploads\/2021\/05\/logo-svg.png","width":182,"height":71,"caption":"Creil Sud Oise Tourisme"},"image":{"@id":"https:\/\/www.creilsudoise-tourisme.fr\/#\/schema\/logo\/image\/"},"sameAs":["https:\/\/www.facebook.com\/creilsudoisetourisme\/","https:\/\/twitter.com\/CreilSudOiseOT","https:\/\/www.instagram.com\/creilsudoisetourisme\/","https:\/\/www.youtube.com\/channel\/UC8L_QD2wwyADW14zt9fY8kw"]},{"@type":"Person","@id":"https:\/\/www.creilsudoise-tourisme.fr\/#\/schema\/person\/81a1ab3a236faa5508e8f47600a85072","name":"emilie","image":{"@type":"ImageObject","inLanguage":"en-GB","@id":"https:\/\/www.creilsudoise-tourisme.fr\/#\/schema\/person\/image\/","url":"https:\/\/secure.gravatar.com\/avatar\/63ed1ecafae1b27e36a71e8626bc354f?s=96&d=mm&r=g","contentUrl":"https:\/\/secure.gravatar.com\/avatar\/63ed1ecafae1b27e36a71e8626bc354f?s=96&d=mm&r=g","caption":"emilie"},"url":"https:\/\/www.creilsudoise-tourisme.fr\/en\/auteur\/emilie\/"}]}},"_links":{"self":[{"href":"https:\/\/www.creilsudoise-tourisme.fr\/en\/wp-json\/wp\/v2\/posts\/67433"}],"collection":[{"href":"https:\/\/www.creilsudoise-tourisme.fr\/en\/wp-json\/wp\/v2\/posts"}],"about":[{"href":"https:\/\/www.creilsudoise-tourisme.fr\/en\/wp-json\/wp\/v2\/types\/post"}],"author":[{"embeddable":true,"href":"https:\/\/www.creilsudoise-tourisme.fr\/en\/wp-json\/wp\/v2\/users\/10"}],"replies":[{"embeddable":true,"href":"https:\/\/www.creilsudoise-tourisme.fr\/en\/wp-json\/wp\/v2\/comments?post=67433"}],"version-history":[{"count":30,"href":"https:\/\/www.creilsudoise-tourisme.fr\/en\/wp-json\/wp\/v2\/posts\/67433\/revisions"}],"predecessor-version":[{"id":67997,"href":"https:\/\/www.creilsudoise-tourisme.fr\/en\/wp-json\/wp\/v2\/posts\/67433\/revisions\/67997"}],"wp:featuredmedia":[{"embeddable":true,"href":"https:\/\/www.creilsudoise-tourisme.fr\/en\/wp-json\/wp\/v2\/media\/67457"}],"wp:attachment":[{"href":"https:\/\/www.creilsudoise-tourisme.fr\/en\/wp-json\/wp\/v2\/media?parent=67433"}],"wp:term":[{"taxonomy":"category","embeddable":true,"href":"https:\/\/www.creilsudoise-tourisme.fr\/en\/wp-json\/wp\/v2\/categories?post=67433"},{"taxonomy":"post_tag","embeddable":true,"href":"https:\/\/www.creilsudoise-tourisme.fr\/en\/wp-json\/wp\/v2\/tags?post=67433"}],"curies":[{"name":"wp","href":"https:\/\/api.w.org\/{rel}","templated":true}]}}