{"id":66474,"date":"2025-11-25T15:51:11","date_gmt":"2025-11-25T14:51:11","guid":{"rendered":"https:\/\/www.creilsudoise-tourisme.fr\/?p=66474"},"modified":"2026-01-12T17:37:14","modified_gmt":"2026-01-12T16:37:14","slug":"feerie-noel","status":"publish","type":"post","link":"https:\/\/www.creilsudoise-tourisme.fr\/en\/2025\/11\/25\/feerie-noel\/","title":{"rendered":"Immerse yourself in the magic of Christmas!"},"content":{"rendered":"<p class=\"is-style-excerpt\">December is here! Let yourself be carried away by <strong>Christmas enchantment<\/strong> with a <strong>free, festive programme <\/strong>at Creil Sud Oise! Some activities are subject to a charge; these are marked with an asterisk.<\/p>\n\n\n\n<h2><strong>Christmas markets<\/strong><\/h2>\n\n\n\n<p>Creil, Nogent-sur-Oise, Saint-Leu d'Esserent... the season of <a href=\"https:\/\/www.creilsudoise-tourisme.fr\/en\/2024\/11\/15\/marches-noel\/\" target=\"_blank\" rel=\"noreferrer noopener\"><strong>Christmas markets<\/strong><\/a> is back! The chance to find your <strong>gifts<\/strong> Christmas, to make a <strong>photo with Father Christmas<\/strong> or drink a delicious <strong>hot chocolate<\/strong> ! Make sure you don't miss a minute of it, as most of the markets take place over one weekend only!<\/p>\n\n\n\n<h2>Storytelling walks<\/h2>\n\n\n\n<p>Follow in <strong>family <\/strong>a<strong><a href=\"https:\/\/www.creilsudoise-tourisme.fr\/en\/agenda-animations\/festivites-de-noel-balades-contees\/\" target=\"_blank\" rel=\"noreferrer noopener\"> a storytelling walk in the magical atmosphere of Christmas<\/a><\/strong> *! You will be welcomed by a storyteller who will <strong>will guide you<\/strong> through the different locations, mixing <strong>short stories <\/strong>to the universe<strong> unique<\/strong> of the <strong>career <\/strong>of the <strong><a href=\"https:\/\/www.creilsudoise-tourisme.fr\/en\/jexplore\/must-haves\/maison-de-la-pierre\/\" target=\"_blank\" rel=\"noreferrer noopener\">Maison de la Pierre<\/a><\/strong>.<\/p>\n\n\n\n<h2>Shows <\/h2>\n\n\n\n<h3>Laser and drone show<\/h3>\n\n\n\n<p>On the theme of<strong> Christmas in the<\/strong> <strong>1960s<\/strong>attend a <a href=\"https:\/\/www.creilsudoise-tourisme.fr\/en\/agenda-animations\/spectacle-show-laser-et-drones-dans-labbatiale\/\" target=\"_blank\" rel=\"noreferrer noopener\"><strong>a performance combining lasers and drones<\/strong><\/a> in a breathtaking light show at the<a href=\"https:\/\/www.creilsudoise-tourisme.fr\/en\/jexplore\/videos\/abbey-saint-nicolas-2\/\">Abbey church of Saint-Leu d'Esserent<\/a> !<\/p>\n\n\n\n<h3>Magic show<\/h3>\n\n\n\n<p>The <strong><a href=\"https:\/\/www.villers-saint-paul.fr\/\" target=\"_blank\" rel=\"noreferrer noopener\">Town of Villers-Saint-Paul <\/a><\/strong>offers you a<strong><a href=\"https:\/\/www.creilsudoise-tourisme.fr\/en\/agenda-animations\/spectacle-la-fete-foraine-magique\/\" target=\"_blank\" rel=\"noreferrer noopener\"> entertainment for all the family<\/a><\/strong>* blending <strong>magic<\/strong>, <strong>humour<\/strong> and <strong>poetry<\/strong>.<\/p>\n\n\n\n<h3>Autumn tales<\/h3>\n\n\n\n<p><strong>Set off on an adventure<\/strong> with a<strong><a href=\"https:\/\/www.creilsudoise-tourisme.fr\/en\/agenda-animations\/festival-contes-dautomne-la-sauvage\/\" target=\"_blank\" rel=\"noreferrer noopener\"> story reading<\/a><\/strong> A 13-year-old girl brings joy, insolence and colour to the hospital where her grandmother and a whole gang of crazy people live. From age 10, booking required.<\/p>\n\n\n\n<h2>Concerts<\/h2>\n\n\n\n<h3>Concert by AMEM students<\/h3>\n\n\n\n<p>The Association Municipale d'Enseignement et d'Education Musicale (<strong><a href=\"https:\/\/www.a-m-e-m.fr\/\" target=\"_blank\" rel=\"noreferrer noopener\">AMEM<\/a><\/strong>) offers you the <strong><a href=\"https:\/\/www.creilsudoise-tourisme.fr\/en\/agenda-animations\/concert-de-noel-concert-des-eleves-de-lamem\/\" target=\"_blank\" rel=\"noreferrer noopener\">student concert<\/a><\/strong>as the festive season approaches. <em>Just like in the films!<\/em><\/p>\n\n\n\n<h3>Charity concert<\/h3>\n\n\n\n<p><strong>40 years of Grange \u00e0 Musique<\/strong>is also <strong>40 years of<\/strong> <strong><a href=\"https:\/\/www.creilsudoise-tourisme.fr\/en\/agenda-animations\/concert-caritarif-les-rockeurs-ont-du-coeur\/\" target=\"_blank\" rel=\"noreferrer noopener\">Rockers with heart<\/a>*,<\/strong> l'<strong>charitable event<\/strong> At the end of the year, all you have to do to get in is bring a new toy worth at least \u20ac10 to the Secours Populaire Fran\u00e7ais Green Santa. And what better way to <strong>celebrate in style<\/strong> than to invite the veterans of French ska punk <strong>Los Tres Puntos<\/strong> who are also celebrating <strong>their 30-year career<\/strong> ! Come along in your best Christmas jumper (or your ugliest if you dare!)<\/p>\n\n\n\n<h2>Other activities<\/h2>\n\n\n\n<h3>Christmas on the farm<\/h3>\n\n\n\n<p>Meet at the <strong><a href=\"https:\/\/www.nogentsuroise.fr\/a-tout-age\/enfance-et-education\/ferme-pedagogique\" target=\"_blank\" rel=\"noreferrer noopener\">Nogent-sur-Oise educational farm<\/a> <\/strong>for <strong>various activities<\/strong> including a miniature train, pony rides and a visit from the <strong>Father Christmas<\/strong> with a selfie machine, mascot, traditional wooden games, barrel organ, snowball exhibition, sweet stall and hot drinks, <strong>and many other surprises <\/strong>!<\/p>\n\n\n\n<h3>Rides<\/h3>\n\n\n\n<p>From 19 to 26 December, the town of Creil is offering <strong><a href=\"https:\/\/www.creilsudoise-tourisme.fr\/en\/agenda-animations\/noel-a-creil-les-maneges\/\" target=\"_blank\" rel=\"noreferrer noopener\">free rides<\/a><\/strong> for children all over the city centre!<\/p>\n\n\n\n<hr class=\"wp-block-separator has-alpha-channel-opacity\"\/>\n\n\n\n<p>The whole team at the Tourist Office wishes you a wonderful festive season!<\/p>\n\n\n\n<div class=\"is-content-justification-center is-layout-flex wp-container-1 wp-block-buttons\">\n<div class=\"wp-block-button\"><a class=\"wp-block-button__link wp-element-button\" href=\"https:\/\/www.creilsudoise-tourisme.fr\/en\/agenda\/\" target=\"_blank\" rel=\"noreferrer noopener\">all the diary<\/a><\/div>\n<\/div>","protected":false},"excerpt":{"rendered":"<p>December is just around the corner! Let yourself be carried away by the festive spirit of Christmas with a festive and free programme in Creil Sud Oise! Some activities are subject to a charge, and these will be marked with an asterisk. Christmas markets Creil, Nogent-sur-Oise, Saint-Leu d'Esserent... the Christmas market season is back! It's the perfect opportunity to find your presents [...]<\/p>","protected":false},"author":10,"featured_media":66518,"comment_status":"closed","ping_status":"closed","sticky":false,"template":"","format":"standard","meta":{"_relevanssi_hide_post":"","_relevanssi_hide_content":"","_relevanssi_pin_for_all":"","_relevanssi_pin_keywords":"","_relevanssi_unpin_keywords":"","_relevanssi_related_keywords":"","_relevanssi_related_include_ids":"","_relevanssi_related_exclude_ids":"","_relevanssi_related_no_append":"","_relevanssi_related_not_related":"","_relevanssi_related_posts":"40285,56025,63226,52387,40900,41679","_relevanssi_noindex_reason":""},"categories":[5],"tags":[],"yoast_head":"<!-- This site is optimized with the Yoast SEO plugin v20.2.1 - https:\/\/yoast.com\/wordpress\/plugins\/seo\/ -->\n<title>Savourez la magie des f\u00eates de No\u00ebl<\/title>\n<meta name=\"description\" content=\"D\u00e9couvrez les sorties \u00e0 faire en famille ou entre amis \u00e0 Creil Sud Oise, pr\u00e8s de Chantilly et Senlis, lors des vacances de No\u00ebl.\" \/>\n<meta name=\"robots\" content=\"index, follow, max-snippet:-1, max-image-preview:large, max-video-preview:-1\" \/>\n<link rel=\"canonical\" href=\"https:\/\/www.creilsudoise-tourisme.fr\/en\/2025\/11\/25\/feerie-noel\/\" \/>\n<meta property=\"og:locale\" content=\"en_GB\" \/>\n<meta property=\"og:type\" content=\"article\" \/>\n<meta property=\"og:title\" content=\"Savourez la magie des f\u00eates de No\u00ebl\" \/>\n<meta property=\"og:description\" content=\"D\u00e9couvrez les sorties \u00e0 faire en famille ou entre amis \u00e0 Creil Sud Oise, pr\u00e8s de Chantilly et Senlis, lors des vacances de No\u00ebl.\" \/>\n<meta property=\"og:url\" content=\"https:\/\/www.creilsudoise-tourisme.fr\/en\/2025\/11\/25\/feerie-noel\/\" \/>\n<meta property=\"og:site_name\" content=\"Office de Tourisme Creil Sud Oise\" \/>\n<meta property=\"article:publisher\" content=\"https:\/\/www.facebook.com\/creilsudoisetourisme\/\" \/>\n<meta property=\"article:published_time\" content=\"2025-11-25T14:51:11+00:00\" \/>\n<meta property=\"article:modified_time\" content=\"2026-01-12T16:37:14+00:00\" \/>\n<meta property=\"og:image\" content=\"https:\/\/www.creilsudoise-tourisme.fr\/wp-content\/uploads\/2025\/11\/xshdxsqxd.jpg\" \/>\n\t<meta property=\"og:image:width\" content=\"1920\" \/>\n\t<meta property=\"og:image:height\" content=\"1280\" \/>\n\t<meta property=\"og:image:type\" content=\"image\/jpeg\" \/>\n<meta name=\"author\" content=\"emilie\" \/>\n<meta name=\"twitter:card\" content=\"summary_large_image\" \/>\n<meta name=\"twitter:creator\" content=\"@CreilSudOiseOT\" \/>\n<meta name=\"twitter:site\" content=\"@CreilSudOiseOT\" \/>\n<meta name=\"twitter:label1\" content=\"Written by\" \/>\n\t<meta name=\"twitter:data1\" content=\"emilie\" \/>\n\t<meta name=\"twitter:label2\" content=\"Estimated reading time\" \/>\n\t<meta name=\"twitter:data2\" content=\"2 minutes\" \/>\n<script type=\"application\/ld+json\" class=\"yoast-schema-graph\">{\"@context\":\"https:\/\/schema.org\",\"@graph\":[{\"@type\":\"Article\",\"@id\":\"https:\/\/www.creilsudoise-tourisme.fr\/2025\/11\/25\/feerie-noel\/#article\",\"isPartOf\":{\"@id\":\"https:\/\/www.creilsudoise-tourisme.fr\/2025\/11\/25\/feerie-noel\/\"},\"author\":{\"name\":\"emilie\",\"@id\":\"https:\/\/www.creilsudoise-tourisme.fr\/#\/schema\/person\/81a1ab3a236faa5508e8f47600a85072\"},\"headline\":\"Plongez au c\u0153ur de la f\u00e9\u00e9rie de No\u00ebl !\",\"datePublished\":\"2025-11-25T14:51:11+00:00\",\"dateModified\":\"2026-01-12T16:37:14+00:00\",\"mainEntityOfPage\":{\"@id\":\"https:\/\/www.creilsudoise-tourisme.fr\/2025\/11\/25\/feerie-noel\/\"},\"wordCount\":503,\"publisher\":{\"@id\":\"https:\/\/www.creilsudoise-tourisme.fr\/#organization\"},\"articleSection\":[\"Actus\"],\"inLanguage\":\"en-GB\"},{\"@type\":\"WebPage\",\"@id\":\"https:\/\/www.creilsudoise-tourisme.fr\/2025\/11\/25\/feerie-noel\/\",\"url\":\"https:\/\/www.creilsudoise-tourisme.fr\/2025\/11\/25\/feerie-noel\/\",\"name\":\"Savourez la magie des f\u00eates de No\u00ebl\",\"isPartOf\":{\"@id\":\"https:\/\/www.creilsudoise-tourisme.fr\/#website\"},\"datePublished\":\"2025-11-25T14:51:11+00:00\",\"dateModified\":\"2026-01-12T16:37:14+00:00\",\"description\":\"D\u00e9couvrez les sorties \u00e0 faire en famille ou entre amis \u00e0 Creil Sud Oise, pr\u00e8s de Chantilly et Senlis, lors des vacances de No\u00ebl.\",\"breadcrumb\":{\"@id\":\"https:\/\/www.creilsudoise-tourisme.fr\/2025\/11\/25\/feerie-noel\/#breadcrumb\"},\"inLanguage\":\"en-GB\",\"potentialAction\":[{\"@type\":\"ReadAction\",\"target\":[\"https:\/\/www.creilsudoise-tourisme.fr\/2025\/11\/25\/feerie-noel\/\"]}]},{\"@type\":\"BreadcrumbList\",\"@id\":\"https:\/\/www.creilsudoise-tourisme.fr\/2025\/11\/25\/feerie-noel\/#breadcrumb\",\"itemListElement\":[{\"@type\":\"ListItem\",\"position\":1,\"name\":\"Accueil\",\"item\":\"https:\/\/www.creilsudoise-tourisme.fr\/\"},{\"@type\":\"ListItem\",\"position\":2,\"name\":\"Plongez au c\u0153ur de la f\u00e9\u00e9rie de No\u00ebl !\"}]},{\"@type\":\"WebSite\",\"@id\":\"https:\/\/www.creilsudoise-tourisme.fr\/#website\",\"url\":\"https:\/\/www.creilsudoise-tourisme.fr\/\",\"name\":\"Office de Tourisme Creil Sud Oise\",\"description\":\"Creil Sud Oise Tourisme, un territoire \u00e0 explorer !\",\"publisher\":{\"@id\":\"https:\/\/www.creilsudoise-tourisme.fr\/#organization\"},\"potentialAction\":[{\"@type\":\"SearchAction\",\"target\":{\"@type\":\"EntryPoint\",\"urlTemplate\":\"https:\/\/www.creilsudoise-tourisme.fr\/?s={search_term_string}\"},\"query-input\":\"required name=search_term_string\"}],\"inLanguage\":\"en-GB\"},{\"@type\":\"Organization\",\"@id\":\"https:\/\/www.creilsudoise-tourisme.fr\/#organization\",\"name\":\"Creil Sud Oise Tourisme\",\"url\":\"https:\/\/www.creilsudoise-tourisme.fr\/\",\"logo\":{\"@type\":\"ImageObject\",\"inLanguage\":\"en-GB\",\"@id\":\"https:\/\/www.creilsudoise-tourisme.fr\/#\/schema\/logo\/image\/\",\"url\":\"https:\/\/www.creilsudoise-tourisme.fr\/wp-content\/uploads\/2021\/05\/logo-svg.png\",\"contentUrl\":\"https:\/\/www.creilsudoise-tourisme.fr\/wp-content\/uploads\/2021\/05\/logo-svg.png\",\"width\":182,\"height\":71,\"caption\":\"Creil Sud Oise Tourisme\"},\"image\":{\"@id\":\"https:\/\/www.creilsudoise-tourisme.fr\/#\/schema\/logo\/image\/\"},\"sameAs\":[\"https:\/\/www.facebook.com\/creilsudoisetourisme\/\",\"https:\/\/twitter.com\/CreilSudOiseOT\",\"https:\/\/www.instagram.com\/creilsudoisetourisme\/\",\"https:\/\/www.youtube.com\/channel\/UC8L_QD2wwyADW14zt9fY8kw\"]},{\"@type\":\"Person\",\"@id\":\"https:\/\/www.creilsudoise-tourisme.fr\/#\/schema\/person\/81a1ab3a236faa5508e8f47600a85072\",\"name\":\"emilie\",\"image\":{\"@type\":\"ImageObject\",\"inLanguage\":\"en-GB\",\"@id\":\"https:\/\/www.creilsudoise-tourisme.fr\/#\/schema\/person\/image\/\",\"url\":\"https:\/\/secure.gravatar.com\/avatar\/63ed1ecafae1b27e36a71e8626bc354f?s=96&d=mm&r=g\",\"contentUrl\":\"https:\/\/secure.gravatar.com\/avatar\/63ed1ecafae1b27e36a71e8626bc354f?s=96&d=mm&r=g\",\"caption\":\"emilie\"},\"url\":\"https:\/\/www.creilsudoise-tourisme.fr\/en\/auteur\/emilie\/\"}]}<\/script>\n<!-- \/ Yoast SEO plugin. -->","yoast_head_json":{"title":"Savourez la magie des f\u00eates de No\u00ebl","description":"D\u00e9couvrez les sorties \u00e0 faire en famille ou entre amis \u00e0 Creil Sud Oise, pr\u00e8s de Chantilly et Senlis, lors des vacances de No\u00ebl.","robots":{"index":"index","follow":"follow","max-snippet":"max-snippet:-1","max-image-preview":"max-image-preview:large","max-video-preview":"max-video-preview:-1"},"canonical":"https:\/\/www.creilsudoise-tourisme.fr\/en\/2025\/11\/25\/feerie-noel\/","og_locale":"en_GB","og_type":"article","og_title":"Savourez la magie des f\u00eates de No\u00ebl","og_description":"D\u00e9couvrez les sorties \u00e0 faire en famille ou entre amis \u00e0 Creil Sud Oise, pr\u00e8s de Chantilly et Senlis, lors des vacances de No\u00ebl.","og_url":"https:\/\/www.creilsudoise-tourisme.fr\/en\/2025\/11\/25\/feerie-noel\/","og_site_name":"Office de Tourisme Creil Sud Oise","article_publisher":"https:\/\/www.facebook.com\/creilsudoisetourisme\/","article_published_time":"2025-11-25T14:51:11+00:00","article_modified_time":"2026-01-12T16:37:14+00:00","og_image":[{"width":1920,"height":1280,"url":"https:\/\/www.creilsudoise-tourisme.fr\/wp-content\/uploads\/2025\/11\/xshdxsqxd.jpg","type":"image\/jpeg"}],"author":"emilie","twitter_card":"summary_large_image","twitter_creator":"@CreilSudOiseOT","twitter_site":"@CreilSudOiseOT","twitter_misc":{"Written by":"emilie","Estimated reading time":"2 minutes"},"schema":{"@context":"https:\/\/schema.org","@graph":[{"@type":"Article","@id":"https:\/\/www.creilsudoise-tourisme.fr\/2025\/11\/25\/feerie-noel\/#article","isPartOf":{"@id":"https:\/\/www.creilsudoise-tourisme.fr\/2025\/11\/25\/feerie-noel\/"},"author":{"name":"emilie","@id":"https:\/\/www.creilsudoise-tourisme.fr\/#\/schema\/person\/81a1ab3a236faa5508e8f47600a85072"},"headline":"Plongez au c\u0153ur de la f\u00e9\u00e9rie de No\u00ebl !","datePublished":"2025-11-25T14:51:11+00:00","dateModified":"2026-01-12T16:37:14+00:00","mainEntityOfPage":{"@id":"https:\/\/www.creilsudoise-tourisme.fr\/2025\/11\/25\/feerie-noel\/"},"wordCount":503,"publisher":{"@id":"https:\/\/www.creilsudoise-tourisme.fr\/#organization"},"articleSection":["Actus"],"inLanguage":"en-GB"},{"@type":"WebPage","@id":"https:\/\/www.creilsudoise-tourisme.fr\/2025\/11\/25\/feerie-noel\/","url":"https:\/\/www.creilsudoise-tourisme.fr\/2025\/11\/25\/feerie-noel\/","name":"Savourez la magie des f\u00eates de No\u00ebl","isPartOf":{"@id":"https:\/\/www.creilsudoise-tourisme.fr\/#website"},"datePublished":"2025-11-25T14:51:11+00:00","dateModified":"2026-01-12T16:37:14+00:00","description":"D\u00e9couvrez les sorties \u00e0 faire en famille ou entre amis \u00e0 Creil Sud Oise, pr\u00e8s de Chantilly et Senlis, lors des vacances de No\u00ebl.","breadcrumb":{"@id":"https:\/\/www.creilsudoise-tourisme.fr\/2025\/11\/25\/feerie-noel\/#breadcrumb"},"inLanguage":"en-GB","potentialAction":[{"@type":"ReadAction","target":["https:\/\/www.creilsudoise-tourisme.fr\/2025\/11\/25\/feerie-noel\/"]}]},{"@type":"BreadcrumbList","@id":"https:\/\/www.creilsudoise-tourisme.fr\/2025\/11\/25\/feerie-noel\/#breadcrumb","itemListElement":[{"@type":"ListItem","position":1,"name":"Accueil","item":"https:\/\/www.creilsudoise-tourisme.fr\/"},{"@type":"ListItem","position":2,"name":"Plongez au c\u0153ur de la f\u00e9\u00e9rie de No\u00ebl !"}]},{"@type":"WebSite","@id":"https:\/\/www.creilsudoise-tourisme.fr\/#website","url":"https:\/\/www.creilsudoise-tourisme.fr\/","name":"Office de Tourisme Creil Sud Oise","description":"Creil Sud Oise Tourisme, un territoire \u00e0 explorer !","publisher":{"@id":"https:\/\/www.creilsudoise-tourisme.fr\/#organization"},"potentialAction":[{"@type":"SearchAction","target":{"@type":"EntryPoint","urlTemplate":"https:\/\/www.creilsudoise-tourisme.fr\/?s={search_term_string}"},"query-input":"required name=search_term_string"}],"inLanguage":"en-GB"},{"@type":"Organization","@id":"https:\/\/www.creilsudoise-tourisme.fr\/#organization","name":"Creil Sud Oise Tourisme","url":"https:\/\/www.creilsudoise-tourisme.fr\/","logo":{"@type":"ImageObject","inLanguage":"en-GB","@id":"https:\/\/www.creilsudoise-tourisme.fr\/#\/schema\/logo\/image\/","url":"https:\/\/www.creilsudoise-tourisme.fr\/wp-content\/uploads\/2021\/05\/logo-svg.png","contentUrl":"https:\/\/www.creilsudoise-tourisme.fr\/wp-content\/uploads\/2021\/05\/logo-svg.png","width":182,"height":71,"caption":"Creil Sud Oise Tourisme"},"image":{"@id":"https:\/\/www.creilsudoise-tourisme.fr\/#\/schema\/logo\/image\/"},"sameAs":["https:\/\/www.facebook.com\/creilsudoisetourisme\/","https:\/\/twitter.com\/CreilSudOiseOT","https:\/\/www.instagram.com\/creilsudoisetourisme\/","https:\/\/www.youtube.com\/channel\/UC8L_QD2wwyADW14zt9fY8kw"]},{"@type":"Person","@id":"https:\/\/www.creilsudoise-tourisme.fr\/#\/schema\/person\/81a1ab3a236faa5508e8f47600a85072","name":"emilie","image":{"@type":"ImageObject","inLanguage":"en-GB","@id":"https:\/\/www.creilsudoise-tourisme.fr\/#\/schema\/person\/image\/","url":"https:\/\/secure.gravatar.com\/avatar\/63ed1ecafae1b27e36a71e8626bc354f?s=96&d=mm&r=g","contentUrl":"https:\/\/secure.gravatar.com\/avatar\/63ed1ecafae1b27e36a71e8626bc354f?s=96&d=mm&r=g","caption":"emilie"},"url":"https:\/\/www.creilsudoise-tourisme.fr\/en\/auteur\/emilie\/"}]}},"_links":{"self":[{"href":"https:\/\/www.creilsudoise-tourisme.fr\/en\/wp-json\/wp\/v2\/posts\/66474"}],"collection":[{"href":"https:\/\/www.creilsudoise-tourisme.fr\/en\/wp-json\/wp\/v2\/posts"}],"about":[{"href":"https:\/\/www.creilsudoise-tourisme.fr\/en\/wp-json\/wp\/v2\/types\/post"}],"author":[{"embeddable":true,"href":"https:\/\/www.creilsudoise-tourisme.fr\/en\/wp-json\/wp\/v2\/users\/10"}],"replies":[{"embeddable":true,"href":"https:\/\/www.creilsudoise-tourisme.fr\/en\/wp-json\/wp\/v2\/comments?post=66474"}],"version-history":[{"count":23,"href":"https:\/\/www.creilsudoise-tourisme.fr\/en\/wp-json\/wp\/v2\/posts\/66474\/revisions"}],"predecessor-version":[{"id":66874,"href":"https:\/\/www.creilsudoise-tourisme.fr\/en\/wp-json\/wp\/v2\/posts\/66474\/revisions\/66874"}],"wp:featuredmedia":[{"embeddable":true,"href":"https:\/\/www.creilsudoise-tourisme.fr\/en\/wp-json\/wp\/v2\/media\/66518"}],"wp:attachment":[{"href":"https:\/\/www.creilsudoise-tourisme.fr\/en\/wp-json\/wp\/v2\/media?parent=66474"}],"wp:term":[{"taxonomy":"category","embeddable":true,"href":"https:\/\/www.creilsudoise-tourisme.fr\/en\/wp-json\/wp\/v2\/categories?post=66474"},{"taxonomy":"post_tag","embeddable":true,"href":"https:\/\/www.creilsudoise-tourisme.fr\/en\/wp-json\/wp\/v2\/tags?post=66474"}],"curies":[{"name":"wp","href":"https:\/\/api.w.org\/{rel}","templated":true}]}}