{"id":65722,"date":"2025-10-09T12:12:59","date_gmt":"2025-10-09T10:12:59","guid":{"rendered":"https:\/\/www.creilsudoise-tourisme.fr\/?p=65722"},"modified":"2025-11-04T12:22:39","modified_gmt":"2025-11-04T11:22:39","slug":"vacances-toussaint-2","status":"publish","type":"post","link":"https:\/\/www.creilsudoise-tourisme.fr\/en\/2025\/10\/09\/holiday-toussaint-2\/","title":{"rendered":"All Saints' Day holidays"},"content":{"rendered":"<p class=\"is-style-excerpt\">L<strong>Autumn<\/strong> and its<strong> pretty orange colours <\/strong>have arrived! Because it's not just bad weather and colds that are on the way, it's time to catch up on a series or read a good book under your favourite blanket... but also, and above all, it's time to get out and about!<strong>A chance to discover scary activities with Halloween<\/strong> ! Visit <strong>just below<\/strong> a <strong>lots of activities<\/strong> for <strong>holidays<\/strong> !<\/p>\n\n\n\n<div class=\"is-content-justification-center is-layout-flex wp-container-1 wp-block-buttons\">\n<div class=\"wp-block-button\"><a class=\"wp-block-button__link wp-element-button\" href=\"https:\/\/www.creilsudoise-tourisme.fr\/en\/agenda\/\">all the diary<\/a><\/div>\n<\/div>\n\n\n\n<h2>Halloween entertainment<\/h2>\n\n\n\n<p><em>Click on the pink words to be redirected to the animation page.<\/em><br>We start directly with the <strong>the heart of the matter<\/strong> : <strong>Halloween<\/strong> !<\/p>\n\n\n\n<h3>Escape Game<\/h3>\n\n\n\n<p><strong>Investigate<\/strong> to find out who<strong> <a href=\"https:\/\/www.creilsudoise-tourisme.fr\/en\/agenda-animations\/activite-ludique-enquete-interactive-qui-a-refroidi-lemaure\/\" target=\"_blank\" rel=\"noreferrer noopener\">cooled Lamaure<\/a><\/strong> <em>(who is <\/em> this one <em>?)<\/em> thanks to <strong>riddles<\/strong> and<strong> scattered clues<\/strong> to the <strong><a href=\"https:\/\/www.saintmaximin.eu\/bibliotheque-et-catalogue\" target=\"_blank\" rel=\"noreferrer noopener\">Saint-Maximin Library<\/a><\/strong> (several slots, booking required).<br><\/p>\n\n\n\n<div class=\"is-layout-flex wp-container-4 wp-block-columns\">\n<div class=\"is-layout-flow wp-block-column\" style=\"flex-basis:66.66%\">\n<p class=\"has-text-align-left\">A <strong>underground quarry<\/strong> is the <strong>ideal place<\/strong> for <strong>scare yourself<\/strong>which is why the <strong><a href=\"https:\/\/www.creilsudoise-tourisme.fr\/en\/jexplore\/must-haves\/maison-de-la-pierre\/\" target=\"_blank\" rel=\"noreferrer noopener\">Maison de la Pie<\/a><a href=\"https:\/\/www.creilsudoise-tourisme.fr\/en\/jexplore\/must-haves\/maison-de-la-pierre\/\">rre<\/a><\/strong> has created a <strong><a href=\"https:\/\/www.creilsudoise-tourisme.fr\/en\/agenda-animations\/escape-game-special-halloween-descente-aux-enfers\/\" target=\"_blank\" rel=\"noreferrer noopener\">Special Halloween Escape Game<\/a><\/strong> : <strong>Dare you<\/strong> dive into <strong>depths<\/strong> of the <strong>career Sponsor <\/strong>? Inspired by a <strong>mysterious disappearance never solved<\/strong>This Escape Game takes you on a journey <strong>an underground world full of secrets<\/strong>. At <strong>The tourist office\u2018s team<\/strong>try your hand at <strong>escape<\/strong>drill the <strong>mystery<\/strong> from <strong>missing explorers<\/strong>... and <strong>beware<\/strong> of what <strong>on the prowl<\/strong> still in the<strong>shadow<\/strong>. Reservations required.<\/p>\n<\/div>\n\n\n\n<div class=\"is-layout-flow wp-block-column\" style=\"flex-basis:33.33%\"><div class=\"wp-block-image\">\n<figure class=\"aligncenter size-large is-resized\"><img decoding=\"async\" loading=\"lazy\" data-src=\"https:\/\/www.creilsudoise-tourisme.fr\/wp-content\/uploads\/wpetourisme\/escape-game-11-1200x800.jpg\" alt=\"\" class=\"wp-image-65226\" width=\"258\" height=\"172\" data-srcset=\"https:\/\/www.creilsudoise-tourisme.fr\/wp-content\/uploads\/wpetourisme\/escape-game-11-1200x800.jpg 1200w, https:\/\/www.creilsudoise-tourisme.fr\/wp-content\/uploads\/wpetourisme\/escape-game-11-600x400.jpg 600w, https:\/\/www.creilsudoise-tourisme.fr\/wp-content\/uploads\/wpetourisme\/escape-game-11-900x600.jpg 900w, https:\/\/www.creilsudoise-tourisme.fr\/wp-content\/uploads\/wpetourisme\/escape-game-11-1536x1024.jpg 1536w, https:\/\/www.creilsudoise-tourisme.fr\/wp-content\/uploads\/wpetourisme\/escape-game-11-18x12.jpg 18w, https:\/\/www.creilsudoise-tourisme.fr\/wp-content\/uploads\/wpetourisme\/escape-game-11-200x133.jpg 200w, https:\/\/www.creilsudoise-tourisme.fr\/wp-content\/uploads\/wpetourisme\/escape-game-11-650x433.jpg 650w, https:\/\/www.creilsudoise-tourisme.fr\/wp-content\/uploads\/wpetourisme\/escape-game-11-387x258.jpg 387w, https:\/\/www.creilsudoise-tourisme.fr\/wp-content\/uploads\/wpetourisme\/escape-game-11.jpg 1600w\" sizes=\"(max-width: 258px) 100vw, 258px\" \/><\/figure><\/div><\/div>\n<\/div>\n\n\n\n<p>Not forgetting of course <strong><a href=\"https:\/\/freeing.fr\/\" target=\"_blank\" rel=\"noreferrer noopener\">Freeing Escape Game<\/a><\/strong> ! La <strong>largest auditorium in France<\/strong> is right here in Saint-Maximin! Escape games for <strong>Halloween<\/strong> have been specially designed.<\/p>\n\n\n\n<h3>Are we scaring ourselves?<br><\/h3>\n\n\n\n<div class=\"is-layout-flex wp-container-7 wp-block-columns\">\n<div class=\"is-layout-flow wp-block-column\" style=\"flex-basis:33.33%\">\n<figure class=\"wp-block-image size-full\"><img decoding=\"async\" loading=\"lazy\" width=\"1000\" height=\"635\" data-src=\"https:\/\/www.creilsudoise-tourisme.fr\/wp-content\/uploads\/wpetourisme\/c-Maison-de-la-pierre--6--2.jpg\" alt=\"Storytelling walk at the Maison de la Pierre in Saint-Maximin\" class=\"wp-image-45184\" data-srcset=\"https:\/\/www.creilsudoise-tourisme.fr\/wp-content\/uploads\/wpetourisme\/c-Maison-de-la-pierre--6--2.jpg 1000w, https:\/\/www.creilsudoise-tourisme.fr\/wp-content\/uploads\/wpetourisme\/c-Maison-de-la-pierre--6--2-600x381.jpg 600w, https:\/\/www.creilsudoise-tourisme.fr\/wp-content\/uploads\/wpetourisme\/c-Maison-de-la-pierre--6--2-900x572.jpg 900w, https:\/\/www.creilsudoise-tourisme.fr\/wp-content\/uploads\/wpetourisme\/c-Maison-de-la-pierre--6--2-18x12.jpg 18w, https:\/\/www.creilsudoise-tourisme.fr\/wp-content\/uploads\/wpetourisme\/c-Maison-de-la-pierre--6--2-200x127.jpg 200w, https:\/\/www.creilsudoise-tourisme.fr\/wp-content\/uploads\/wpetourisme\/c-Maison-de-la-pierre--6--2-650x413.jpg 650w, https:\/\/www.creilsudoise-tourisme.fr\/wp-content\/uploads\/wpetourisme\/c-Maison-de-la-pierre--6--2-387x246.jpg 387w\" sizes=\"(max-width: 1000px) 100vw, 1000px\" \/><\/figure>\n<\/div>\n\n\n\n<div class=\"is-layout-flow wp-block-column\" style=\"flex-basis:66.66%\">\n<p>To<strong> get the shakes<\/strong> we have an address that you don't <strong>will not be disappointed <\/strong>and where you can find the<a href=\"https:\/\/www.creilsudoise-tourisme.fr\/en\/agenda-animations\/festivites-dhalloween-balades-contees\/\" target=\"_blank\" rel=\"noreferrer noopener\"><strong>the mysterious atmosphere of an underground quarry<\/strong><\/a>the home of<strong>horrible witches<\/strong> that you're likely to come across... and where stories that <strong>fear <\/strong>(from 8 years old, booking required)! We're talking about a <strong>storytelling walk <\/strong>to the <strong><a href=\"https:\/\/www.creilsudoise-tourisme.fr\/en\/jexplore\/must-haves\/maison-de-la-pierre\/\" target=\"_blank\" rel=\"noreferrer noopener\">House of the Stone of Saint-Maximin<\/a><\/strong>.<\/p>\n<\/div>\n<\/div>\n\n\n\n<p>Come <strong>Shiver with your family<\/strong> and listen to <strong><a href=\"https:\/\/www.creilsudoise-tourisme.fr\/en\/agenda-animations\/visite-a-la-lampe-torche-speciale-halloween-mythes-et-legendes-a-labatiale\/\" target=\"_blank\" rel=\"noreferrer noopener\">Myths and legends of the Abbey of Saint-Leu d'Esserent <\/a><\/strong>to the <strong>torchlight<\/strong>&#8230;<br><br>Ready for a <strong>evening of horror <\/strong>? Visit <strong><a href=\"https:\/\/www.creilsudoise-tourisme.fr\/en\/loisirs\/cinema-pathe\/\">Path\u00e9 Montataire<\/a><\/strong> has put together a <strong><a href=\"https:\/\/www.creilsudoise-tourisme.fr\/en\/agenda-animations\/nuit-halloween-au-cinema-pathe\/\" target=\"_blank\" rel=\"noreferrer noopener\">special Halloween night <\/a><\/strong>with <strong>3 rooms - 3 atmospheres<\/strong> ! The place is at <strong>8\u20ac<\/strong> and there will be entertainment (cosplays, VR, etc.) in a <strong>horror atmosphere<\/strong>...<\/p>\n\n\n\n<h3>A gentle Halloween<\/h3>\n\n\n\n<p>\"Jack Skellington, <strong>king of the pumpkins<\/strong> and <strong>Halloween city guide<\/strong>He's bored: for centuries, he's been fed up with preparing the same Halloween party every year, and he's <strong>dream<\/strong> from <strong>change<\/strong>. It was then that he had the idea of taking over the <strong>Christmas party<\/strong>...\": so, <strong>tempt you<\/strong> ? it's perfect: the <strong><a href=\"https:\/\/www.creil.fr\/la-maison-la-ville\" target=\"_blank\" rel=\"noreferrer noopener\">Maison de la Ville de Creil<\/a><\/strong> invites you to see <a href=\"https:\/\/www.creilsudoise-tourisme.fr\/en\/agenda-animations\/cinema-letrange-noel-de-monsieur-jack\/\" target=\"_blank\" rel=\"noreferrer noopener\"><strong>\"Mr Jack's Christmas<\/strong><\/a>. <strong>Thrills guaranteed <\/strong>with this film by <strong>Tim Burton<\/strong>.<\/p>\n\n\n\n<p><\/p>\n\n\n\n<p>The<strong><a href=\"https:\/\/www.villers-saint-paul.fr\/la-biblioth%C3%A8que-municipale-colette\" target=\"_blank\" rel=\"noreferrer noopener\"> Villers-Saint-Paul Colette Library<\/a><\/strong> invites children aged 5 and over to a <strong><a href=\"https:\/\/www.creilsudoise-tourisme.fr\/en\/agenda-animations\/un-spectacle-pour-halloween\/\" target=\"_blank\" rel=\"noreferrer noopener\">an afternoon of laughter and thrills<\/a><\/strong> with <strong>\"Fiasco for the scoundrels<\/strong>an <strong>musical tale<\/strong>. Between <strong>rock<\/strong>, <strong>reggae<\/strong> and <strong>flamenco<\/strong>the storyteller takes <strong>young and old<\/strong> in a <strong>crazy world<\/strong> where <strong>villains<\/strong> tales are not in the <strong>at their best<\/strong>. A <strong>interactive show,<\/strong> <strong>funny<\/strong> and <strong>rhythmic<\/strong> for<strong> Shiver with your family<\/strong> ... and <strong>a smooth finish <\/strong>with <strong>Complimentary sweets<\/strong> to every little spectator! <strong>Come dressed up <\/strong>!<\/p>\n\n\n\n<p> <\/p>\n\n\n\n<p>The <strong><a href=\"https:\/\/lesbibliothequesdemontataire.c3rb.org\/le-reseau\/toutes-les-mediatheques\/bibliotheque-elsa-triolet\" target=\"_blank\" rel=\"noreferrer noopener\">Elsa Triolet Library, Montataire<\/a><\/strong> offers you <strong><a href=\"https:\/\/www.creilsudoise-tourisme.fr\/en\/agenda-animations\/activites-halloween-les-vacances-a-la-bibliotheque\/\" target=\"_blank\" rel=\"noreferrer noopener\">various events<\/a><\/strong> in conjunction with<strong> Halloween<\/strong> : <strong>video games<\/strong>, <strong>cinema<\/strong>, <strong>reading,<\/strong> <strong>games<\/strong>, <strong>creation<\/strong> from <strong>witches' hats<\/strong>, <strong>cutting <\/strong>from <strong>pumpkins<\/strong>, <strong>tasting<\/strong> from <strong>soups<\/strong> ! In short, the <strong>perfect programme<\/strong> !<\/p>\n\n\n\n<p><br>To<strong> celebrate Halloween more peacefully<\/strong>l'<strong> <a href=\"https:\/\/www.villers-saint-paul.fr\/\" target=\"_blank\" rel=\"noreferrer noopener\">Town of Villers-Saint-Paul<\/a><\/strong> invites you to its<strong><a href=\"https:\/\/www.creilsudoise-tourisme.fr\/en\/agenda-animations\/soiree-halloween\/\" target=\"_blank\" rel=\"noreferrer noopener\"> Halloween party<\/a><\/strong> open <strong>for all generations<\/strong> ! Take part in the<strong> competition<\/strong> from <strong>best disguise<\/strong> with <strong>categories<\/strong> for <strong>children<\/strong>, <strong>adults<\/strong> and<strong> seniors<\/strong>. A<strong> DJ <\/strong>will be responsible for<strong>musical entertainment<\/strong> all evening and a <strong>refreshment bar<\/strong> will be at your disposal.<strong> A great atmosphere guaranteed <\/strong>!<\/p>\n\n\n\n<p> <\/p>\n\n\n\n<p>Young and old, come along<strong> shiver<\/strong> with the<strong><a href=\"https:\/\/www.nogentsuroise.fr\/se-divertir\/culture\/la-mediatheque\" target=\"_blank\" rel=\"noreferrer noopener\"> Maurice Schumann media library, Nogent-Sur-Oise<\/a><\/strong> with a<strong><a href=\"https:\/\/www.nogentsuroise.fr\/agenda\/1307-apres-midi-special-halloween\/2025-10-29-15-00\" target=\"_blank\" rel=\"noreferrer noopener\"> film screenings and a creative workshop<\/a><\/strong> !<\/p>\n\n\n\n<p> <\/p>\n\n\n\n<p><strong>Create<\/strong> from <strong><a href=\"https:\/\/www.creilsudoise-tourisme.fr\/en\/agenda-animations\/activites-manuelles-atelier-special-halloween\/\" target=\"_blank\" rel=\"noreferrer noopener\">the work of your little hands<\/a><\/strong>followed by a<strong> snack<\/strong> ! Children will go home with their <strong>terrifying creation<\/strong>... <\/p>\n\n\n\n<p> <\/p>\n\n\n\n<p>The <strong><a href=\"https:\/\/www.nogentsuroise.fr\/a-tout-age\/enfance-et-education\/ferme-pedagogique\" target=\"_blank\" rel=\"noreferrer noopener\">Nogent-sur-Oise educational farm<\/a><\/strong> is also in <strong><a href=\"https:\/\/www.creilsudoise-tourisme.fr\/en\/agenda-animations\/activites-halloween-peur-sur-la-ferme\/\" target=\"_blank\" rel=\"noreferrer noopener\">terror mode<\/a><\/strong> ! On the programme:<strong> animations<\/strong>, <strong>workshops<\/strong>,<strong> games<\/strong>, <strong>monster hunting<\/strong>, <strong>distribution<\/strong> from <strong>sweets<\/strong> and <strong>competition <\/strong>from <strong>best disguise<\/strong> !<\/p>\n\n\n\n<p><br>Finally, for <strong>younger<\/strong>l' <strong><a href=\"https:\/\/www.saintmaximin.eu\/\" target=\"_blank\" rel=\"noreferrer noopener\">Town of Saint-Maximin <\/a><\/strong>invites you to <strong><a href=\"https:\/\/www.creilsudoise-tourisme.fr\/en\/agenda-animations\/activites-halloween-zombies-party\/\" target=\"_blank\" rel=\"noreferrer noopener\">celebrate Halloween<\/a><\/strong> in a <strong>quieter<\/strong> to the <strong><a href=\"https:\/\/www.creilsudoise-tourisme.fr\/en\/jexplore\/must-haves\/maison-de-la-pierre\/\">Maison de la Pierre<\/a><\/strong> : <strong>stands<\/strong>,<strong> animations<\/strong>,<strong> make-up<\/strong>, <strong>snack and magic potion<\/strong> ! From <strong>horror walks <\/strong>will be possible, to <strong>scare yourself a bit<\/strong> (ages 3 to 11). And from the age of 12, take part in the <strong>\"infernal laboratory<\/strong>an <strong>Escape Game<\/strong> <strong>under zombie duress<\/strong> <em>fast forward! They're coming !!!<\/em><\/p>\n\n\n\n<p><\/p>\n\n\n\n<p>Ready for a <strong>Halloween afternoon <\/strong>? Visit <strong><a href=\"https:\/\/www.creilsudoise-tourisme.fr\/en\/loisirs\/cinema-pathe\/\" target=\"_blank\" rel=\"noreferrer noopener\">Path\u00e9 Montataire cinema<\/a><\/strong> will be screening <strong>Disney film<\/strong> \"\u00a0<strong>Coco<\/strong>\u00a0\"Preceded by a \"Dia de los muertos\" make-up workshop!<\/p>\n\n\n\n<h3>Activities for Lupovicien(ne)s<br><\/h3>\n\n\n\n<p>And finally... <strong>for Lupocians only<\/strong>Let us tell you about <strong><a href=\"https:\/\/www.creilsudoise-tourisme.fr\/en\/agenda-animations\/lecture-contes-dhalloween\/\" target=\"_blank\" rel=\"noreferrer noopener\">Halloween tale<\/a><\/strong> \"Igor's crazy experiment! (From 5 years old), take part in a <strong><a href=\"https:\/\/www.creilsudoise-tourisme.fr\/en\/agenda-animations\/escape-game-dhalloween\/\" target=\"_blank\" rel=\"noreferrer noopener\">Escape Game<\/a><\/strong> at <strong>former stables<\/strong> of the city (aged 12 and over) or <strong>come with your family<\/strong> or <strong>with your friends<\/strong> attend the <strong><a href=\"https:\/\/www.creilsudoise-tourisme.fr\/en\/agenda-animations\/cinema-projection-speciale-halloween\/\" target=\"_blank\" rel=\"noreferrer noopener\">film projection<\/a><\/strong> \"Goosebumps 2: the ghosts of Halloween! Please note that these 3 events must be booked in advance.<\/p>\n\n\n\n<h2>Cultural activities<\/h2>\n\n\n\n<h3>Music<\/h3>\n\n\n\n<p>Let's talk <strong>music<\/strong> ! La<strong><a href=\"https:\/\/www.gam-creil.fr\/\" target=\"_blank\" rel=\"noreferrer noopener\"> Music Barn<\/a><\/strong> offers you a <strong><a href=\"https:\/\/www.creilsudoise-tourisme.fr\/en\/agenda-animations\/concert-spectacle-jeune-public-malou-de-kawataro\/\" target=\"_blank\" rel=\"noreferrer noopener\">concert-show: Malou by Kawataro<\/a><\/strong>.<br>Between<strong> daydream <\/strong>and <strong>poetic reality<\/strong>over the course of <strong>songs<\/strong> and <strong>stories<\/strong>we follow a <strong>curious young explorer <\/strong>growing up, learning to <strong>love<\/strong>, \u00e0 <strong>understanding the world<\/strong> and to <strong>understand himself<\/strong>.<\/p>\n\n\n\n<div class=\"is-layout-flex wp-container-10 wp-block-columns\">\n<div class=\"is-layout-flow wp-block-column\" style=\"flex-basis:66.66%\">\n<p>Management<strong><a href=\"https:\/\/faiencerie-theatre.com\/\" target=\"_blank\" rel=\"noreferrer noopener\"> La Fa\u00efencerie<\/a><\/strong> to attend the <strong><a href=\"https:\/\/www.creilsudoise-tourisme.fr\/en\/agenda-animations\/mute\/\" target=\"_blank\" rel=\"noreferrer noopener\">MuTE show<\/a><\/strong>an <strong>show<\/strong> from<strong> dance<\/strong> and <strong>electro music<\/strong> (ages 11 and up). Based on <strong>rock and electro tempos<\/strong>the dancers promise us an unforgettable experience. <strong>evening without a break<\/strong> !<\/p>\n<\/div>\n\n\n\n<div class=\"is-layout-flow wp-block-column\" style=\"flex-basis:33.33%\">\n<figure class=\"wp-block-image size-large\"><img decoding=\"async\" loading=\"lazy\" width=\"1200\" height=\"800\" data-src=\"https:\/\/www.creilsudoise-tourisme.fr\/wp-content\/uploads\/wpetourisme\/MuTE---spect.-danse-17-10-2025---La-Ruse---Frederic-Iovino-2-1200x800.jpg\" alt=\"\" class=\"wp-image-63832\" data-srcset=\"https:\/\/www.creilsudoise-tourisme.fr\/wp-content\/uploads\/wpetourisme\/MuTE---spect.-danse-17-10-2025---La-Ruse---Frederic-Iovino-2-1200x800.jpg 1200w, https:\/\/www.creilsudoise-tourisme.fr\/wp-content\/uploads\/wpetourisme\/MuTE---spect.-danse-17-10-2025---La-Ruse---Frederic-Iovino-2-600x400.jpg 600w, https:\/\/www.creilsudoise-tourisme.fr\/wp-content\/uploads\/wpetourisme\/MuTE---spect.-danse-17-10-2025---La-Ruse---Frederic-Iovino-2-900x600.jpg 900w, https:\/\/www.creilsudoise-tourisme.fr\/wp-content\/uploads\/wpetourisme\/MuTE---spect.-danse-17-10-2025---La-Ruse---Frederic-Iovino-2-18x12.jpg 18w, https:\/\/www.creilsudoise-tourisme.fr\/wp-content\/uploads\/wpetourisme\/MuTE---spect.-danse-17-10-2025---La-Ruse---Frederic-Iovino-2-200x133.jpg 200w, https:\/\/www.creilsudoise-tourisme.fr\/wp-content\/uploads\/wpetourisme\/MuTE---spect.-danse-17-10-2025---La-Ruse---Frederic-Iovino-2-650x433.jpg 650w, https:\/\/www.creilsudoise-tourisme.fr\/wp-content\/uploads\/wpetourisme\/MuTE---spect.-danse-17-10-2025---La-Ruse---Frederic-Iovino-2-387x258.jpg 387w, https:\/\/www.creilsudoise-tourisme.fr\/wp-content\/uploads\/wpetourisme\/MuTE---spect.-danse-17-10-2025---La-Ruse---Frederic-Iovino-2.jpg 1500w\" sizes=\"(max-width: 1200px) 100vw, 1200px\" \/><figcaption class=\"wp-element-caption\">La Ruse - B\u00e9r\u00e9nice Legrand \/ MuTE<\/figcaption><\/figure>\n<\/div>\n<\/div>\n\n\n\n<h3>Video game<\/h3>\n\n\n\n<p>Ready for a <strong><a href=\"https:\/\/www.creilsudoise-tourisme.fr\/en\/agenda-animations\/loisirs-tournoi-de-jeux-videos\/\" target=\"_blank\" rel=\"noreferrer noopener\">video games tournament<\/a><\/strong> ? <strong>Come and challenge your friends!<\/strong> ! From age 7, registration required.<\/p>\n\n\n\n<h3>Escape Game<\/h3>\n\n\n\n<p>The city of <strong><a href=\"https:\/\/www.creilsudoise-tourisme.fr\/en\/jexplore\/must-haves\/musee-galle-juillet-2\/\" target=\"_blank\" rel=\"noreferrer noopener\">Mus\u00e9e Gall\u00e9 July<\/a><\/strong> unveils a <strong><a href=\"https:\/\/www.creilsudoise-tourisme.fr\/en\/agenda-animations\/escape-game-le-tresor-du-musee-galle-juillet\/\" target=\"_blank\" rel=\"noreferrer noopener\">new Escape Game<\/a><\/strong> ?! In 60 minutes, manage to r<strong>euniting the lock's treasure<\/strong> ! Visit <strong>1974 in Creil<\/strong> was discovered on <strong>Treasure of the lock<\/strong>. During the excavations, a pot of gold <strong>disappears<\/strong>. Your <strong>ancestor <\/strong>is the <strong>thief <\/strong>and since then, a <strong>curse strikes your family<\/strong>. Today you are <strong>the only<\/strong> to <strong>make amends<\/strong>but the <strong>your time is running out <\/strong>find the pot of gold, <strong>reunite the treasure<\/strong> or <strong>suffer<\/strong> the curse<strong> forever<\/strong> !<\/p>\n\n\n\n<h3>Reading<\/h3>\n\n\n\n<p><strong>Do you prefer reading? <\/strong>Direction <strong><a href=\"https:\/\/saint-vaast-les-mello-pom.c3rb.org\/\" target=\"_blank\" rel=\"noreferrer noopener\">Saint-Vaast-l\u00e8s-Mello multimedia library<\/a> <\/strong>for a <strong><a href=\"https:\/\/www.creilsudoise-tourisme.fr\/en\/agenda-animations\/reading-sharing-the-joy-of-reading\/\" target=\"_blank\" rel=\"noreferrer noopener\">moment of exchange<\/a><\/strong> about your readings with <strong>tea<\/strong> or <strong>coffee<\/strong>. And the<strong> positive news<\/strong> ? Even <strong>no need to have read<\/strong> or<strong> to speak<\/strong> (aged 16 and over)!<br><\/p>\n\n\n\n<p><strong>Passionate readers<\/strong>, <strong>casual onlookers<\/strong> or <strong>little page explorers<\/strong> : come<strong> experience a day<\/strong> placed under the<strong> a sign of the pleasure of reading<\/strong> and <strong>cultural sharing<\/strong> with the <strong><a href=\"https:\/\/www.creilsudoise-tourisme.fr\/en\/agenda-animations\/fete-du-livre\/\" target=\"_blank\" rel=\"noreferrer noopener\">Villers-Saint-Paul book festival<\/a><\/strong> ! Visit<strong> programme<\/strong> : <strong>meetings<\/strong>, <strong>animations<\/strong>, <strong>creative workshops<\/strong>, <strong>read-alouds<\/strong>selection <strong>favourites <\/strong>librarians, and many<strong> other surprises<\/strong> for <strong>young and old<\/strong> !<\/p>\n\n\n\n<h3>Exhibition<\/h3>\n\n\n\n<div class=\"is-layout-flex wp-container-13 wp-block-columns\">\n<div class=\"is-layout-flow wp-block-column\" style=\"flex-basis:33.33%\">\n<figure class=\"wp-block-image size-large\"><img decoding=\"async\" loading=\"lazy\" width=\"1200\" height=\"675\" data-src=\"https:\/\/www.creilsudoise-tourisme.fr\/wp-content\/uploads\/2021\/10\/Sortie-champignon-1200x675.jpg\" alt=\"Mushroom exit\" class=\"wp-image-38426\" data-srcset=\"https:\/\/www.creilsudoise-tourisme.fr\/wp-content\/uploads\/2021\/10\/Sortie-champignon-1200x675.jpg 1200w, https:\/\/www.creilsudoise-tourisme.fr\/wp-content\/uploads\/2021\/10\/Sortie-champignon-600x338.jpg 600w, https:\/\/www.creilsudoise-tourisme.fr\/wp-content\/uploads\/2021\/10\/Sortie-champignon-900x506.jpg 900w, https:\/\/www.creilsudoise-tourisme.fr\/wp-content\/uploads\/2021\/10\/Sortie-champignon-1536x864.jpg 1536w, https:\/\/www.creilsudoise-tourisme.fr\/wp-content\/uploads\/2021\/10\/Sortie-champignon-200x113.jpg 200w, https:\/\/www.creilsudoise-tourisme.fr\/wp-content\/uploads\/2021\/10\/Sortie-champignon-650x366.jpg 650w, https:\/\/www.creilsudoise-tourisme.fr\/wp-content\/uploads\/2021\/10\/Sortie-champignon-387x218.jpg 387w, https:\/\/www.creilsudoise-tourisme.fr\/wp-content\/uploads\/2021\/10\/Sortie-champignon.jpg 1600w\" sizes=\"(max-width: 1200px) 100vw, 1200px\" \/><figcaption class=\"wp-element-caption\">Mushroom outing with the Montataire mycological society<\/figcaption><\/figure>\n<\/div>\n\n\n\n<div class=\"is-layout-flow wp-block-column\" style=\"flex-basis:66.66%\">\n<p><strong><a href=\"https:\/\/www.creilsudoise-tourisme.fr\/en\/agenda-animations\/exposition-47eme-edition-de-la-societe-mycologique-de-montataire\/\" target=\"_blank\" rel=\"noreferrer noopener\">Mycological exhibition <\/a><\/strong>: Come <strong>discovering<\/strong> from <strong>fascinating world<\/strong> from<strong> mushrooms <\/strong>! And for the<strong> 80 years of the association<\/strong>also come <strong>sample specimens on site<\/strong>.<\/p>\n<\/div>\n<\/div>\n\n\n\n<p><strong><a href=\"https:\/\/www.creilsudoise-tourisme.fr\/en\/agenda-animations\/exposition-raizes\/\" target=\"_blank\" rel=\"noreferrer noopener\">Ra\u00edzes exhibition<\/a><\/strong> : <strong>admire<\/strong> the <strong>colourful works<\/strong> of the<strong>plastic artist<\/strong> <strong>Gabriela Ribeiro<\/strong> to the <a href=\"https:\/\/www.nogentsuroise.fr\/se-divertir\/culture\/la-mediatheque\" target=\"_blank\" rel=\"noreferrer noopener\"><strong>Robert Schumann media library, Nogent-sur-Oise<\/strong>,<\/a> as part of the event <strong>\"Destination Brazil.<\/strong><\/p>\n\n\n\n<p><\/p>\n\n\n\n<p> <strong><a href=\"https:\/\/www.creilsudoise-tourisme.fr\/en\/agenda-animations\/exposition-insectes-et-poesie\/\" target=\"_blank\" rel=\"noreferrer noopener\">Insects and Poetry exhibition<\/a><\/strong> : <strong>be amazed<\/strong> with a c<strong>ollection of insect photos<\/strong>. To extend your <strong>experience<\/strong>l' <strong><a href=\"https:\/\/saint-vaast-les-mello-pom.c3rb.org\/\" target=\"_blank\" rel=\"noreferrer noopener\">Saint-Vaast-l\u00e8s-Mello multimedia library<\/a><\/strong> wanted to add <strong>poetry<\/strong> so you can also<strong> treat<\/strong> from<strong> poetry<\/strong> in conjunction with the<strong>world of insects<\/strong>.<\/p>\n\n\n\n<h3>Cinema<\/h3>\n\n\n\n<p><strong><a href=\"https:\/\/www.creilsudoise-tourisme.fr\/en\/agenda-animations\/cinema-cine-villers-monstres-cie\/\" target=\"_blank\" rel=\"noreferrer noopener\">\"Monsters &amp; Co<\/a><\/strong> will be broadcast on <strong>Halloween night<\/strong> \u00e0 <strong>Villers-Saint-Paul.<\/strong>  <em>Who do you prefer between Bob and Jacques?<\/em><br><br>Come <strong><a href=\"https:\/\/www.creilsudoise-tourisme.fr\/en\/agenda-animations\/loisirs-cine-club-3\/\" target=\"_blank\" rel=\"noreferrer noopener\">present your favourite<\/a><\/strong> of the month and <strong>exchange ideas about the 7th art<\/strong> to the <strong><a href=\"https:\/\/mediatheque.creil.fr\/\" target=\"_blank\" rel=\"noreferrer noopener\">Antoine Chanut media library in Creil<\/a><\/strong> (from age 15).<\/p>\n\n\n\n<h3>Urban culture<\/h3>\n\n\n\n<p>The<strong> 7th edition<\/strong> from <strong><a href=\"https:\/\/www.creilsudoise-tourisme.fr\/en\/agenda-animations\/handi-culturbaine\/\" target=\"_blank\" rel=\"noreferrer noopener\">Handicult'urbaine<\/a><\/strong>organised by the <strong><a href=\"https:\/\/www.nogentsuroise.fr\/\" target=\"_blank\" rel=\"noreferrer noopener\">Town of Nogent-sur-Oise<\/a> <\/strong>is <strong>back<\/strong> ! Handicult'urbaine is <strong>meeting<\/strong> between the <strong>disability<\/strong> and the <strong>urban culture<\/strong>. You'll find <strong>dance<\/strong>the <strong>singing<\/strong>the <strong>theatre<\/strong> and <strong>quiz<\/strong> !<\/p>\n\n\n\n<h2>Visits<\/h2>\n\n\n\n<div class=\"is-layout-flex wp-container-16 wp-block-columns\">\n<div class=\"is-layout-flow wp-block-column\" style=\"flex-basis:66.66%\">\n<p>For younger children (aged 5-14), the&nbsp;<strong><a href=\"https:\/\/www.creilsudoise-tourisme.fr\/en\/jexplore\/must-haves\/clouterie-rivierre\/\" target=\"_blank\" rel=\"noreferrer noopener\">Rivierre nail factory<\/a><\/strong>&nbsp;in Creil offers a&nbsp;<strong><a href=\"https:\/\/www.creilsudoise-tourisme.fr\/en\/agenda-animations\/visite-et-atelier-creatif-a-la-clouterie-3\/\" target=\"_blank\" rel=\"noreferrer noopener\">playful visit<\/a><\/strong>&nbsp;of its&nbsp;<strong>factory<\/strong>followed by a&nbsp;<strong>creative workshop<\/strong>&nbsp;around <strong>nails<\/strong> Accompanied by an adult, your child will leave with his or her own&nbsp;<strong>creation<\/strong>&nbsp;!<\/p>\n<\/div>\n\n\n\n<div class=\"is-layout-flow wp-block-column\" style=\"flex-basis:33.33%\">\n<figure class=\"wp-block-image size-large\"><img decoding=\"async\" loading=\"lazy\" width=\"1200\" height=\"674\" data-src=\"https:\/\/www.creilsudoise-tourisme.fr\/wp-content\/uploads\/2023\/09\/Clouterie-Rivierre-Creil-\u00a9-Arnaud-Beauvois-Oise-Tourisme-2-1200x674.jpg\" alt=\"clouterie rivierre creil oise guided tour family factory unique know-how living heritage industry family child outing\" class=\"wp-image-49656\" data-srcset=\"https:\/\/www.creilsudoise-tourisme.fr\/wp-content\/uploads\/2023\/09\/Clouterie-Rivierre-Creil-\u00a9-Arnaud-Beauvois-Oise-Tourisme-2-1200x674.jpg 1200w, https:\/\/www.creilsudoise-tourisme.fr\/wp-content\/uploads\/2023\/09\/Clouterie-Rivierre-Creil-\u00a9-Arnaud-Beauvois-Oise-Tourisme-2-600x337.jpg 600w, https:\/\/www.creilsudoise-tourisme.fr\/wp-content\/uploads\/2023\/09\/Clouterie-Rivierre-Creil-\u00a9-Arnaud-Beauvois-Oise-Tourisme-2-900x505.jpg 900w, https:\/\/www.creilsudoise-tourisme.fr\/wp-content\/uploads\/2023\/09\/Clouterie-Rivierre-Creil-\u00a9-Arnaud-Beauvois-Oise-Tourisme-2-18x10.jpg 18w, https:\/\/www.creilsudoise-tourisme.fr\/wp-content\/uploads\/2023\/09\/Clouterie-Rivierre-Creil-\u00a9-Arnaud-Beauvois-Oise-Tourisme-2-200x112.jpg 200w, https:\/\/www.creilsudoise-tourisme.fr\/wp-content\/uploads\/2023\/09\/Clouterie-Rivierre-Creil-\u00a9-Arnaud-Beauvois-Oise-Tourisme-2-650x365.jpg 650w, https:\/\/www.creilsudoise-tourisme.fr\/wp-content\/uploads\/2023\/09\/Clouterie-Rivierre-Creil-\u00a9-Arnaud-Beauvois-Oise-Tourisme-2-387x217.jpg 387w, https:\/\/www.creilsudoise-tourisme.fr\/wp-content\/uploads\/2023\/09\/Clouterie-Rivierre-Creil-\u00a9-Arnaud-Beauvois-Oise-Tourisme-2.jpg 1480w\" sizes=\"(max-width: 1200px) 100vw, 1200px\" \/><figcaption class=\"wp-element-caption\">Arnaud Beauvois - Oise Tourisme<\/figcaption><\/figure>\n<\/div>\n<\/div>\n\n\n\n<div class=\"is-layout-flex wp-container-19 wp-block-columns\">\n<div class=\"is-layout-flow wp-block-column\" style=\"flex-basis:33.33%\">\n<figure class=\"wp-block-image size-large\"><img decoding=\"async\" loading=\"lazy\" width=\"1200\" height=\"675\" data-src=\"https:\/\/www.creilsudoise-tourisme.fr\/wp-content\/uploads\/2025\/10\/maison_pierre_visite-guidee_creil-sud-oise-tourisme-5_lumineuse_basseresolution-1200x675.jpg\" alt=\"visit;quarry;stone\" class=\"wp-image-65758\" data-srcset=\"https:\/\/www.creilsudoise-tourisme.fr\/wp-content\/uploads\/2025\/10\/maison_pierre_visite-guidee_creil-sud-oise-tourisme-5_lumineuse_basseresolution-1200x675.jpg 1200w, https:\/\/www.creilsudoise-tourisme.fr\/wp-content\/uploads\/2025\/10\/maison_pierre_visite-guidee_creil-sud-oise-tourisme-5_lumineuse_basseresolution-600x338.jpg 600w, https:\/\/www.creilsudoise-tourisme.fr\/wp-content\/uploads\/2025\/10\/maison_pierre_visite-guidee_creil-sud-oise-tourisme-5_lumineuse_basseresolution-900x506.jpg 900w, https:\/\/www.creilsudoise-tourisme.fr\/wp-content\/uploads\/2025\/10\/maison_pierre_visite-guidee_creil-sud-oise-tourisme-5_lumineuse_basseresolution-1536x864.jpg 1536w, https:\/\/www.creilsudoise-tourisme.fr\/wp-content\/uploads\/2025\/10\/maison_pierre_visite-guidee_creil-sud-oise-tourisme-5_lumineuse_basseresolution-18x10.jpg 18w, https:\/\/www.creilsudoise-tourisme.fr\/wp-content\/uploads\/2025\/10\/maison_pierre_visite-guidee_creil-sud-oise-tourisme-5_lumineuse_basseresolution-200x113.jpg 200w, https:\/\/www.creilsudoise-tourisme.fr\/wp-content\/uploads\/2025\/10\/maison_pierre_visite-guidee_creil-sud-oise-tourisme-5_lumineuse_basseresolution-1600x900.jpg 1600w, https:\/\/www.creilsudoise-tourisme.fr\/wp-content\/uploads\/2025\/10\/maison_pierre_visite-guidee_creil-sud-oise-tourisme-5_lumineuse_basseresolution-650x366.jpg 650w, https:\/\/www.creilsudoise-tourisme.fr\/wp-content\/uploads\/2025\/10\/maison_pierre_visite-guidee_creil-sud-oise-tourisme-5_lumineuse_basseresolution-387x218.jpg 387w, https:\/\/www.creilsudoise-tourisme.fr\/wp-content\/uploads\/2025\/10\/maison_pierre_visite-guidee_creil-sud-oise-tourisme-5_lumineuse_basseresolution.jpg 1920w\" sizes=\"(max-width: 1200px) 100vw, 1200px\" \/><figcaption class=\"wp-element-caption\">Creil Sud Oise Tourisme<\/figcaption><\/figure>\n<\/div>\n\n\n\n<div class=\"is-layout-flow wp-block-column\" style=\"flex-basis:66.66%\">\n<p>Don't miss <strong>the latest opportunities<\/strong> from <strong><a href=\"https:\/\/www.creilsudoise-tourisme.fr\/en\/agenda-animations\/visite-guidee-de-la-maison-de-la-pierre-3\/\" target=\"_blank\" rel=\"noreferrer noopener\">visit the underground quarry<\/a><\/strong> of the <strong><a href=\"https:\/\/www.creilsudoise-tourisme.fr\/en\/jexplore\/must-haves\/maison-de-la-pierre\/\" target=\"_blank\" rel=\"noreferrer noopener\">Maison de la Pierre<\/a><\/strong> ! What's left<strong> 2 sessions<\/strong> before it <strong>go into hibernation<\/strong>for a return in <strong>next April<\/strong>. Follow the <strong>guide <\/strong>who will explain the<strong>history<\/strong> of this<strong> career <\/strong>and how<strong> stone was extracted<\/strong> !<\/p>\n<\/div>\n<\/div>\n\n\n\n<p>Get away <strong><a href=\"https:\/\/www.creilsudoise-tourisme.fr\/en\/agenda-animations\/balade-contee-participative-au-parc-de-la-breche\/\" target=\"_blank\" rel=\"noreferrer noopener\">storytelling walk<\/a><\/strong> for a <strong>interactive adventure <\/strong>! Let yourself be carried away by the story of Calie and <strong>go on an adventure<\/strong> all the <strong>challenges<\/strong> ! Organised by<strong>Tourist Office<\/strong>.<br><br>Follow a <strong><a href=\"https:\/\/www.creilsudoise-tourisme.fr\/en\/agenda-animations\/rallye-encadre-a-la-decouverte-de-montataire\/\" target=\"_blank\" rel=\"noreferrer noopener\">rally-game<\/a><\/strong> punctuated by<strong>riddles <\/strong>and<strong>historical anecdotes<\/strong> on the <strong>Town of Montataire<\/strong> ! Over a 3km course, children (aged 7-11) will <strong>have fun learning<\/strong>while parents and grandparents discover the<strong>little-known story<\/strong> of the <strong>city<\/strong> !  Organised by<strong>Tourist Office<\/strong>.<\/p>\n\n\n\n<h2>Workshops<\/h2>\n\n\n\n<p>The<strong>&nbsp;<a href=\"https:\/\/www.nogentsuroise.fr\/a-tout-age\/enfance-et-education\/ferme-pedagogique\" target=\"_blank\" rel=\"noreferrer noopener\">la MASTE educational farm<\/a><\/strong>at Nogent-sur-Oise, welcomes you to&nbsp;<a href=\"https:\/\/www.creilsudoise-tourisme.fr\/en\/agenda-animations\/bienvenue-a-la-ferme-pedagogique-de-la-maste-2\/\" target=\"_blank\" rel=\"noreferrer noopener\"><strong>visit the animals<\/strong><\/a> just waiting&nbsp;<strong>you<\/strong>&nbsp;to be <strong>stroked<\/strong> !<\/p>\n\n\n\n<p><\/p>\n\n\n\n<p>Create a<strong>&nbsp;the work of your hands<\/strong>&nbsp;with a&nbsp;<strong><a href=\"https:\/\/www.creilsudoise-tourisme.fr\/en\/agenda-animations\/stage-sculpture-sur-pierre-3\/\" target=\"_blank\" rel=\"noreferrer noopener\">stone sculpture<\/a><\/strong>&nbsp;from half a day to 3 days, at the Maison de la Pierre in Saint-Maximin! Courses for adults and children aged 8 and over. Leave with the&nbsp;<strong>sculpture<\/strong>&nbsp;that you have&nbsp;<strong>made by yourself<\/strong>.<\/p>\n\n\n\n<p><\/p>\n\n\n\n<p>Take a 5-day course (2 hours per day) to <strong>create a self-portrait<\/strong> not <strong>like the others<\/strong>. <strong>Experiment<\/strong> drawing on different <strong>media<\/strong>, <strong>aspects<\/strong>, <strong>techniques<\/strong> and<strong> attitudes<\/strong> ! For children aged 7 to 10.<\/p>\n\n\n\n<h2>And also...<\/h2>\n\n\n\n<p>The city of <strong><a href=\"https:\/\/www.creilsudoise.fr\/petits-pas-grandes-histoires\/\" target=\"_blank\" rel=\"noreferrer noopener\">early childhood festival<\/a><\/strong> by the<strong><a href=\"https:\/\/www.creilsudoise.fr\/\" target=\"_blank\" rel=\"noreferrer noopener\">Greater Creil Sud Oise<\/a><\/strong> offers <strong>throughout the month<\/strong> <strong>October<\/strong> including activities for 0-5 year olds : <strong>toy library<\/strong>, <strong>exhibitions<\/strong>, <strong>workshops<\/strong>, <strong>shows<\/strong>, <strong>early music<\/strong>, <strong>baby readers<\/strong>&#8230;<br><br>The<strong><a href=\"https:\/\/www.creilsudoise-tourisme.fr\/en\/agenda-animations\/fete-foraine-dautomne-a-creil\/\" target=\"_blank\" rel=\"noreferrer noopener\"> Creil funfair<\/a><\/strong> is back for the <strong>holidays<\/strong> !<br><br>The<a href=\"https:\/\/www.creilsudoise-tourisme.fr\/en\/agenda-animations\/foire-aux-marrons\/\" target=\"_blank\" rel=\"noreferrer noopener\"> chestnut fair<\/a> de Creil returns for its <strong>814th<\/strong> edition (<em>than this?<\/em>) ! Rendezvous in the city centre for a <strong>convivial day<\/strong> and <strong>festive<\/strong>.<\/p>\n\n\n\n<p><\/p>\n\n\n\n<hr class=\"wp-block-separator has-alpha-channel-opacity\"\/>\n\n\n\n<p class=\"has-text-align-center\">We wish you <strong>happy holidays<\/strong> and <strong>beautiful discoveries<\/strong> !<\/p>\n\n\n\n<hr class=\"wp-block-separator has-alpha-channel-opacity\"\/>\n\n\n\n<div class=\"is-content-justification-center is-layout-flex wp-container-20 wp-block-buttons\">\n<div class=\"wp-block-button\"><a class=\"wp-block-button__link wp-element-button\" href=\"https:\/\/www.creilsudoise-tourisme.fr\/en\/agenda\/\">THE WHOLE AGENDA<\/a><\/div>\n<\/div>","protected":false},"excerpt":{"rendered":"<p>Autumn and its pretty orange colours have arrived! Because it's not all bad weather and colds, it's time to catch up on a series or read a good book under your favourite blanket... but above all, it's time to discover some scary activities with Halloween [...].<\/p>","protected":false},"author":10,"featured_media":65743,"comment_status":"closed","ping_status":"closed","sticky":false,"template":"","format":"standard","meta":{"_relevanssi_hide_post":"","_relevanssi_hide_content":"","_relevanssi_pin_for_all":"","_relevanssi_pin_keywords":"","_relevanssi_unpin_keywords":"","_relevanssi_related_keywords":"","_relevanssi_related_include_ids":"","_relevanssi_related_exclude_ids":"","_relevanssi_related_no_append":"","_relevanssi_related_not_related":"","_relevanssi_related_posts":"43606,37317,58743,56025,37920,57870","_relevanssi_noindex_reason":""},"categories":[5],"tags":[],"yoast_head":"<!-- This site is optimized with the Yoast SEO plugin v20.2.1 - https:\/\/yoast.com\/wordpress\/plugins\/seo\/ -->\n<title>Activit\u00e9s pour les vacances de la Toussaint<\/title>\n<meta name=\"description\" content=\"D\u00e9couvrez les sorties \u00e0 faire en famille ou entre amis \u00e0 Creil Sud Oise, pr\u00e8s de Chantilly et Senlis, lors des vacances de la Toussaint.\" \/>\n<meta name=\"robots\" content=\"index, follow, max-snippet:-1, max-image-preview:large, max-video-preview:-1\" \/>\n<link rel=\"canonical\" href=\"https:\/\/www.creilsudoise-tourisme.fr\/en\/2025\/10\/09\/holiday-toussaint-2\/\" \/>\n<meta property=\"og:locale\" content=\"en_GB\" \/>\n<meta property=\"og:type\" content=\"article\" \/>\n<meta property=\"og:title\" content=\"Activit\u00e9s pour les vacances de la Toussaint\" \/>\n<meta property=\"og:description\" content=\"D\u00e9couvrez les sorties \u00e0 faire en famille ou entre amis \u00e0 Creil Sud Oise, pr\u00e8s de Chantilly et Senlis, lors des vacances de la Toussaint.\" \/>\n<meta property=\"og:url\" content=\"https:\/\/www.creilsudoise-tourisme.fr\/en\/2025\/10\/09\/holiday-toussaint-2\/\" \/>\n<meta property=\"og:site_name\" content=\"Office de Tourisme Creil Sud Oise\" \/>\n<meta property=\"article:publisher\" content=\"https:\/\/www.facebook.com\/creilsudoisetourisme\/\" \/>\n<meta property=\"article:published_time\" content=\"2025-10-09T10:12:59+00:00\" \/>\n<meta property=\"article:modified_time\" content=\"2025-11-04T11:22:39+00:00\" \/>\n<meta property=\"og:image\" content=\"https:\/\/www.creilsudoise-tourisme.fr\/wp-content\/uploads\/2025\/10\/Vacances-Toussaint-2025-1.jpg\" \/>\n\t<meta property=\"og:image:width\" content=\"1480\" \/>\n\t<meta property=\"og:image:height\" content=\"740\" \/>\n\t<meta property=\"og:image:type\" content=\"image\/jpeg\" \/>\n<meta name=\"author\" content=\"emilie\" \/>\n<meta name=\"twitter:card\" content=\"summary_large_image\" \/>\n<meta name=\"twitter:creator\" content=\"@CreilSudOiseOT\" \/>\n<meta name=\"twitter:site\" content=\"@CreilSudOiseOT\" \/>\n<meta name=\"twitter:label1\" content=\"Written by\" \/>\n\t<meta name=\"twitter:data1\" content=\"emilie\" \/>\n\t<meta name=\"twitter:label2\" content=\"Estimated reading time\" \/>\n\t<meta name=\"twitter:data2\" content=\"9 minutes\" \/>\n<script type=\"application\/ld+json\" class=\"yoast-schema-graph\">{\"@context\":\"https:\/\/schema.org\",\"@graph\":[{\"@type\":\"Article\",\"@id\":\"https:\/\/www.creilsudoise-tourisme.fr\/2025\/10\/09\/vacances-toussaint-2\/#article\",\"isPartOf\":{\"@id\":\"https:\/\/www.creilsudoise-tourisme.fr\/2025\/10\/09\/vacances-toussaint-2\/\"},\"author\":{\"name\":\"emilie\",\"@id\":\"https:\/\/www.creilsudoise-tourisme.fr\/#\/schema\/person\/81a1ab3a236faa5508e8f47600a85072\"},\"headline\":\"Vacances de la Toussaint\",\"datePublished\":\"2025-10-09T10:12:59+00:00\",\"dateModified\":\"2025-11-04T11:22:39+00:00\",\"mainEntityOfPage\":{\"@id\":\"https:\/\/www.creilsudoise-tourisme.fr\/2025\/10\/09\/vacances-toussaint-2\/\"},\"wordCount\":1837,\"publisher\":{\"@id\":\"https:\/\/www.creilsudoise-tourisme.fr\/#organization\"},\"articleSection\":[\"Actus\"],\"inLanguage\":\"en-GB\"},{\"@type\":\"WebPage\",\"@id\":\"https:\/\/www.creilsudoise-tourisme.fr\/2025\/10\/09\/vacances-toussaint-2\/\",\"url\":\"https:\/\/www.creilsudoise-tourisme.fr\/2025\/10\/09\/vacances-toussaint-2\/\",\"name\":\"Activit\u00e9s pour les vacances de la Toussaint\",\"isPartOf\":{\"@id\":\"https:\/\/www.creilsudoise-tourisme.fr\/#website\"},\"datePublished\":\"2025-10-09T10:12:59+00:00\",\"dateModified\":\"2025-11-04T11:22:39+00:00\",\"description\":\"D\u00e9couvrez les sorties \u00e0 faire en famille ou entre amis \u00e0 Creil Sud Oise, pr\u00e8s de Chantilly et Senlis, lors des vacances de la Toussaint.\",\"breadcrumb\":{\"@id\":\"https:\/\/www.creilsudoise-tourisme.fr\/2025\/10\/09\/vacances-toussaint-2\/#breadcrumb\"},\"inLanguage\":\"en-GB\",\"potentialAction\":[{\"@type\":\"ReadAction\",\"target\":[\"https:\/\/www.creilsudoise-tourisme.fr\/2025\/10\/09\/vacances-toussaint-2\/\"]}]},{\"@type\":\"BreadcrumbList\",\"@id\":\"https:\/\/www.creilsudoise-tourisme.fr\/2025\/10\/09\/vacances-toussaint-2\/#breadcrumb\",\"itemListElement\":[{\"@type\":\"ListItem\",\"position\":1,\"name\":\"Accueil\",\"item\":\"https:\/\/www.creilsudoise-tourisme.fr\/\"},{\"@type\":\"ListItem\",\"position\":2,\"name\":\"Vacances de la Toussaint\"}]},{\"@type\":\"WebSite\",\"@id\":\"https:\/\/www.creilsudoise-tourisme.fr\/#website\",\"url\":\"https:\/\/www.creilsudoise-tourisme.fr\/\",\"name\":\"Office de Tourisme Creil Sud Oise\",\"description\":\"Creil Sud Oise Tourisme, un territoire \u00e0 explorer !\",\"publisher\":{\"@id\":\"https:\/\/www.creilsudoise-tourisme.fr\/#organization\"},\"potentialAction\":[{\"@type\":\"SearchAction\",\"target\":{\"@type\":\"EntryPoint\",\"urlTemplate\":\"https:\/\/www.creilsudoise-tourisme.fr\/?s={search_term_string}\"},\"query-input\":\"required name=search_term_string\"}],\"inLanguage\":\"en-GB\"},{\"@type\":\"Organization\",\"@id\":\"https:\/\/www.creilsudoise-tourisme.fr\/#organization\",\"name\":\"Creil Sud Oise Tourisme\",\"url\":\"https:\/\/www.creilsudoise-tourisme.fr\/\",\"logo\":{\"@type\":\"ImageObject\",\"inLanguage\":\"en-GB\",\"@id\":\"https:\/\/www.creilsudoise-tourisme.fr\/#\/schema\/logo\/image\/\",\"url\":\"https:\/\/www.creilsudoise-tourisme.fr\/wp-content\/uploads\/2021\/05\/logo-svg.png\",\"contentUrl\":\"https:\/\/www.creilsudoise-tourisme.fr\/wp-content\/uploads\/2021\/05\/logo-svg.png\",\"width\":182,\"height\":71,\"caption\":\"Creil Sud Oise Tourisme\"},\"image\":{\"@id\":\"https:\/\/www.creilsudoise-tourisme.fr\/#\/schema\/logo\/image\/\"},\"sameAs\":[\"https:\/\/www.facebook.com\/creilsudoisetourisme\/\",\"https:\/\/twitter.com\/CreilSudOiseOT\",\"https:\/\/www.instagram.com\/creilsudoisetourisme\/\",\"https:\/\/www.youtube.com\/channel\/UC8L_QD2wwyADW14zt9fY8kw\"]},{\"@type\":\"Person\",\"@id\":\"https:\/\/www.creilsudoise-tourisme.fr\/#\/schema\/person\/81a1ab3a236faa5508e8f47600a85072\",\"name\":\"emilie\",\"image\":{\"@type\":\"ImageObject\",\"inLanguage\":\"en-GB\",\"@id\":\"https:\/\/www.creilsudoise-tourisme.fr\/#\/schema\/person\/image\/\",\"url\":\"https:\/\/secure.gravatar.com\/avatar\/63ed1ecafae1b27e36a71e8626bc354f?s=96&d=mm&r=g\",\"contentUrl\":\"https:\/\/secure.gravatar.com\/avatar\/63ed1ecafae1b27e36a71e8626bc354f?s=96&d=mm&r=g\",\"caption\":\"emilie\"},\"url\":\"https:\/\/www.creilsudoise-tourisme.fr\/en\/auteur\/emilie\/\"}]}<\/script>\n<!-- \/ Yoast SEO plugin. -->","yoast_head_json":{"title":"Activit\u00e9s pour les vacances de la Toussaint","description":"D\u00e9couvrez les sorties \u00e0 faire en famille ou entre amis \u00e0 Creil Sud Oise, pr\u00e8s de Chantilly et Senlis, lors des vacances de la Toussaint.","robots":{"index":"index","follow":"follow","max-snippet":"max-snippet:-1","max-image-preview":"max-image-preview:large","max-video-preview":"max-video-preview:-1"},"canonical":"https:\/\/www.creilsudoise-tourisme.fr\/en\/2025\/10\/09\/holiday-toussaint-2\/","og_locale":"en_GB","og_type":"article","og_title":"Activit\u00e9s pour les vacances de la Toussaint","og_description":"D\u00e9couvrez les sorties \u00e0 faire en famille ou entre amis \u00e0 Creil Sud Oise, pr\u00e8s de Chantilly et Senlis, lors des vacances de la Toussaint.","og_url":"https:\/\/www.creilsudoise-tourisme.fr\/en\/2025\/10\/09\/holiday-toussaint-2\/","og_site_name":"Office de Tourisme Creil Sud Oise","article_publisher":"https:\/\/www.facebook.com\/creilsudoisetourisme\/","article_published_time":"2025-10-09T10:12:59+00:00","article_modified_time":"2025-11-04T11:22:39+00:00","og_image":[{"width":1480,"height":740,"url":"https:\/\/www.creilsudoise-tourisme.fr\/wp-content\/uploads\/2025\/10\/Vacances-Toussaint-2025-1.jpg","type":"image\/jpeg"}],"author":"emilie","twitter_card":"summary_large_image","twitter_creator":"@CreilSudOiseOT","twitter_site":"@CreilSudOiseOT","twitter_misc":{"Written by":"emilie","Estimated reading time":"9 minutes"},"schema":{"@context":"https:\/\/schema.org","@graph":[{"@type":"Article","@id":"https:\/\/www.creilsudoise-tourisme.fr\/2025\/10\/09\/vacances-toussaint-2\/#article","isPartOf":{"@id":"https:\/\/www.creilsudoise-tourisme.fr\/2025\/10\/09\/vacances-toussaint-2\/"},"author":{"name":"emilie","@id":"https:\/\/www.creilsudoise-tourisme.fr\/#\/schema\/person\/81a1ab3a236faa5508e8f47600a85072"},"headline":"Vacances de la Toussaint","datePublished":"2025-10-09T10:12:59+00:00","dateModified":"2025-11-04T11:22:39+00:00","mainEntityOfPage":{"@id":"https:\/\/www.creilsudoise-tourisme.fr\/2025\/10\/09\/vacances-toussaint-2\/"},"wordCount":1837,"publisher":{"@id":"https:\/\/www.creilsudoise-tourisme.fr\/#organization"},"articleSection":["Actus"],"inLanguage":"en-GB"},{"@type":"WebPage","@id":"https:\/\/www.creilsudoise-tourisme.fr\/2025\/10\/09\/vacances-toussaint-2\/","url":"https:\/\/www.creilsudoise-tourisme.fr\/2025\/10\/09\/vacances-toussaint-2\/","name":"Activit\u00e9s pour les vacances de la Toussaint","isPartOf":{"@id":"https:\/\/www.creilsudoise-tourisme.fr\/#website"},"datePublished":"2025-10-09T10:12:59+00:00","dateModified":"2025-11-04T11:22:39+00:00","description":"D\u00e9couvrez les sorties \u00e0 faire en famille ou entre amis \u00e0 Creil Sud Oise, pr\u00e8s de Chantilly et Senlis, lors des vacances de la Toussaint.","breadcrumb":{"@id":"https:\/\/www.creilsudoise-tourisme.fr\/2025\/10\/09\/vacances-toussaint-2\/#breadcrumb"},"inLanguage":"en-GB","potentialAction":[{"@type":"ReadAction","target":["https:\/\/www.creilsudoise-tourisme.fr\/2025\/10\/09\/vacances-toussaint-2\/"]}]},{"@type":"BreadcrumbList","@id":"https:\/\/www.creilsudoise-tourisme.fr\/2025\/10\/09\/vacances-toussaint-2\/#breadcrumb","itemListElement":[{"@type":"ListItem","position":1,"name":"Accueil","item":"https:\/\/www.creilsudoise-tourisme.fr\/"},{"@type":"ListItem","position":2,"name":"Vacances de la Toussaint"}]},{"@type":"WebSite","@id":"https:\/\/www.creilsudoise-tourisme.fr\/#website","url":"https:\/\/www.creilsudoise-tourisme.fr\/","name":"Office de Tourisme Creil Sud Oise","description":"Creil Sud Oise Tourisme, un territoire \u00e0 explorer !","publisher":{"@id":"https:\/\/www.creilsudoise-tourisme.fr\/#organization"},"potentialAction":[{"@type":"SearchAction","target":{"@type":"EntryPoint","urlTemplate":"https:\/\/www.creilsudoise-tourisme.fr\/?s={search_term_string}"},"query-input":"required name=search_term_string"}],"inLanguage":"en-GB"},{"@type":"Organization","@id":"https:\/\/www.creilsudoise-tourisme.fr\/#organization","name":"Creil Sud Oise Tourisme","url":"https:\/\/www.creilsudoise-tourisme.fr\/","logo":{"@type":"ImageObject","inLanguage":"en-GB","@id":"https:\/\/www.creilsudoise-tourisme.fr\/#\/schema\/logo\/image\/","url":"https:\/\/www.creilsudoise-tourisme.fr\/wp-content\/uploads\/2021\/05\/logo-svg.png","contentUrl":"https:\/\/www.creilsudoise-tourisme.fr\/wp-content\/uploads\/2021\/05\/logo-svg.png","width":182,"height":71,"caption":"Creil Sud Oise Tourisme"},"image":{"@id":"https:\/\/www.creilsudoise-tourisme.fr\/#\/schema\/logo\/image\/"},"sameAs":["https:\/\/www.facebook.com\/creilsudoisetourisme\/","https:\/\/twitter.com\/CreilSudOiseOT","https:\/\/www.instagram.com\/creilsudoisetourisme\/","https:\/\/www.youtube.com\/channel\/UC8L_QD2wwyADW14zt9fY8kw"]},{"@type":"Person","@id":"https:\/\/www.creilsudoise-tourisme.fr\/#\/schema\/person\/81a1ab3a236faa5508e8f47600a85072","name":"emilie","image":{"@type":"ImageObject","inLanguage":"en-GB","@id":"https:\/\/www.creilsudoise-tourisme.fr\/#\/schema\/person\/image\/","url":"https:\/\/secure.gravatar.com\/avatar\/63ed1ecafae1b27e36a71e8626bc354f?s=96&d=mm&r=g","contentUrl":"https:\/\/secure.gravatar.com\/avatar\/63ed1ecafae1b27e36a71e8626bc354f?s=96&d=mm&r=g","caption":"emilie"},"url":"https:\/\/www.creilsudoise-tourisme.fr\/en\/auteur\/emilie\/"}]}},"_links":{"self":[{"href":"https:\/\/www.creilsudoise-tourisme.fr\/en\/wp-json\/wp\/v2\/posts\/65722"}],"collection":[{"href":"https:\/\/www.creilsudoise-tourisme.fr\/en\/wp-json\/wp\/v2\/posts"}],"about":[{"href":"https:\/\/www.creilsudoise-tourisme.fr\/en\/wp-json\/wp\/v2\/types\/post"}],"author":[{"embeddable":true,"href":"https:\/\/www.creilsudoise-tourisme.fr\/en\/wp-json\/wp\/v2\/users\/10"}],"replies":[{"embeddable":true,"href":"https:\/\/www.creilsudoise-tourisme.fr\/en\/wp-json\/wp\/v2\/comments?post=65722"}],"version-history":[{"count":42,"href":"https:\/\/www.creilsudoise-tourisme.fr\/en\/wp-json\/wp\/v2\/posts\/65722\/revisions"}],"predecessor-version":[{"id":65913,"href":"https:\/\/www.creilsudoise-tourisme.fr\/en\/wp-json\/wp\/v2\/posts\/65722\/revisions\/65913"}],"wp:featuredmedia":[{"embeddable":true,"href":"https:\/\/www.creilsudoise-tourisme.fr\/en\/wp-json\/wp\/v2\/media\/65743"}],"wp:attachment":[{"href":"https:\/\/www.creilsudoise-tourisme.fr\/en\/wp-json\/wp\/v2\/media?parent=65722"}],"wp:term":[{"taxonomy":"category","embeddable":true,"href":"https:\/\/www.creilsudoise-tourisme.fr\/en\/wp-json\/wp\/v2\/categories?post=65722"},{"taxonomy":"post_tag","embeddable":true,"href":"https:\/\/www.creilsudoise-tourisme.fr\/en\/wp-json\/wp\/v2\/tags?post=65722"}],"curies":[{"name":"wp","href":"https:\/\/api.w.org\/{rel}","templated":true}]}}