{"id":63226,"date":"2025-06-26T14:14:18","date_gmt":"2025-06-26T12:14:18","guid":{"rendered":"https:\/\/www.creilsudoise-tourisme.fr\/?p=63226"},"modified":"2025-10-08T10:32:34","modified_gmt":"2025-10-08T08:32:34","slug":"vacances-ete","status":"publish","type":"post","link":"https:\/\/www.creilsudoise-tourisme.fr\/en\/2025\/06\/26\/summer-holidays-2\/","title":{"rendered":"It's summer holidays!"},"content":{"rendered":"<p><\/p>\n\n\n\n<p class=\"is-style-excerpt\"><strong>That's it: it's finally the holidays! <\/strong>Whether you live in the Oise or are just passing through, there's plenty to keep you busy this summer! See our selection of activities below.<\/p>\n\n\n\n<h2>C'est l'\u00e9t\u00e9\" city programme<\/h2>\n\n\n\n<h3>In Villers-Saint-Paul<\/h3>\n\n\n\n<p><strong>Inflatable structures, board games, sports activities, arts and crafts, smoothie bar<\/strong>manufacture of <strong>natural cosmetics<\/strong>, <strong>shared meal<\/strong> and <strong>dancing<\/strong>,<strong> concert, open-air cinema and exhibition<\/strong> <strong>participatory <\/strong>on <strong>the history of Villers-Saint-Paul<\/strong> (<em>that's all<\/em>) is what Villers-Saint-Paul is proposing within the \"\u00a0<strong><a href=\"https:\/\/www.villers-saint-paul.fr\/actualite\/mon-%C3%A9t%C3%A9-%C3%A0-villers-2025\" target=\"_blank\" rel=\"noreferrer noopener\">My summer in Villers<\/a><\/strong>\u00a0\" ! Outings outside the city are also organised. <strong>Booking recommended<\/strong> !<\/p>\n\n\n\n<h3>In Creil<\/h3>\n\n\n\n<p>The city of <strong>Creil<\/strong> as it does every year <strong>summer<\/strong>to the people of Creillois, <strong><a href=\"https:\/\/www.creil.fr\/actualites\/programme-des-vacances-ete-service-jeunesse?fbclid=IwY2xjawLHjhZleHRuA2FlbQIxMABicmlkETFDRlJuVkcxTTg5S3NPdktrAR4FpJBFLZ6BSyAHm_PVjxeZvC2qFNqD0efv6tceZfsWUhJVTfsRPek47CG5ew_aem_v2KCwwUn8wmJubPSrMGAeA\" target=\"_blank\" rel=\"noreferrer noopener\">outings outside the city <\/a><\/strong> to enable <strong>travel<\/strong>. <strong>Booking recommended<\/strong> !<\/p>\n\n\n\n<h3>In Montataire<\/h3>\n\n\n\n<p><strong>Sports <\/strong>(basketball, gymnastics, tennis, football), <strong>cake workshop, big party, celebration<\/strong> social centre on the theme of<strong>Asia<\/strong>, <strong>heritage rally, open-air cinema, drawing course, horse-riding afternoon, sewing, magic, games afternoon, gardening<\/strong>and<strong>other activities<\/strong> await you with the city of <strong>Montataire<\/strong> for <strong><a href=\"https:\/\/mairie-montataire.fr\/app\/uploads\/2025\/06\/QE2025-progA5-BD-planche.pdf\" target=\"_blank\" rel=\"noreferrer noopener\">savour the summer<\/a><\/strong> ! From <strong>out-of-town breaks <\/strong>are also planned. <strong>Booking recommended<\/strong> !<br><\/p>\n\n\n\n<h2>Workshops of all kinds<\/h2>\n\n\n\n<h3>Stone sculpture<\/h3>\n\n\n\n<p>The <strong>stone sculpture<\/strong> tempted? Then this is the place for you, <a href=\"https:\/\/www.creilsudoise-tourisme.fr\/en\/jexplore\/must-haves\/maison-de-la-pierre\/\"><strong>the Maison de la Pierre<\/strong><\/a> from Wednesday to Friday<strong> initiations<\/strong> during the<strong>he 2-month holiday<\/strong> ! <em>You've got no more excuses...<\/em> It also offers<strong> <a href=\"https:\/\/www.creilsudoise-tourisme.fr\/en\/agenda-animations\/stage-sculpture-sur-pierre-2\/\" target=\"_blank\" rel=\"noreferrer noopener\">half-day to 3-day courses<\/a><\/strong> ! <em>Where can I book?<\/em><\/p>\n\n\n\n<figure class=\"is-layout-flex wp-block-gallery-1 wp-block-gallery has-nested-images columns-default is-cropped\">\n<figure class=\"wp-block-image size-large\"><img decoding=\"async\" loading=\"lazy\" width=\"800\" height=\"1200\" data-id=\"45089\"  data-src=\"https:\/\/www.creilsudoise-tourisme.fr\/wp-content\/uploads\/2023\/02\/155_Maison-de-la-Pierre\u00a92022_Smellinckx-800x1200.jpg\" alt=\"Stone sculpture workshop at the Maison de la Pierre\" class=\"wp-image-45089\" data-srcset=\"https:\/\/www.creilsudoise-tourisme.fr\/wp-content\/uploads\/2023\/02\/155_Maison-de-la-Pierre\u00a92022_Smellinckx-800x1200.jpg 800w, https:\/\/www.creilsudoise-tourisme.fr\/wp-content\/uploads\/2023\/02\/155_Maison-de-la-Pierre\u00a92022_Smellinckx-400x600.jpg 400w, https:\/\/www.creilsudoise-tourisme.fr\/wp-content\/uploads\/2023\/02\/155_Maison-de-la-Pierre\u00a92022_Smellinckx-600x900.jpg 600w, https:\/\/www.creilsudoise-tourisme.fr\/wp-content\/uploads\/2023\/02\/155_Maison-de-la-Pierre\u00a92022_Smellinckx-1024x1536.jpg 1024w, https:\/\/www.creilsudoise-tourisme.fr\/wp-content\/uploads\/2023\/02\/155_Maison-de-la-Pierre\u00a92022_Smellinckx-8x12.jpg 8w, https:\/\/www.creilsudoise-tourisme.fr\/wp-content\/uploads\/2023\/02\/155_Maison-de-la-Pierre\u00a92022_Smellinckx-200x300.jpg 200w, https:\/\/www.creilsudoise-tourisme.fr\/wp-content\/uploads\/2023\/02\/155_Maison-de-la-Pierre\u00a92022_Smellinckx-650x975.jpg 650w, https:\/\/www.creilsudoise-tourisme.fr\/wp-content\/uploads\/2023\/02\/155_Maison-de-la-Pierre\u00a92022_Smellinckx-282x424.jpg 282w, https:\/\/www.creilsudoise-tourisme.fr\/wp-content\/uploads\/2023\/02\/155_Maison-de-la-Pierre\u00a92022_Smellinckx-387x581.jpg 387w, https:\/\/www.creilsudoise-tourisme.fr\/wp-content\/uploads\/2023\/02\/155_Maison-de-la-Pierre\u00a92022_Smellinckx.jpg 1280w\" sizes=\"(max-width: 800px) 100vw, 800px\" \/><figcaption class=\"wp-element-caption\">Creil Sud Oise Tourisme<\/figcaption><\/figure>\n\n\n\n<figure class=\"wp-block-image size-large\"><img decoding=\"async\" loading=\"lazy\" width=\"1200\" height=\"800\" data-id=\"59267\"  data-src=\"https:\/\/www.creilsudoise-tourisme.fr\/wp-content\/uploads\/wpetourisme\/Sculpture-sur-pierre-1-1200x800.jpg\" alt=\"\" class=\"wp-image-59267\" data-srcset=\"https:\/\/www.creilsudoise-tourisme.fr\/wp-content\/uploads\/wpetourisme\/Sculpture-sur-pierre-1-1200x800.jpg 1200w, https:\/\/www.creilsudoise-tourisme.fr\/wp-content\/uploads\/wpetourisme\/Sculpture-sur-pierre-1-600x400.jpg 600w, https:\/\/www.creilsudoise-tourisme.fr\/wp-content\/uploads\/wpetourisme\/Sculpture-sur-pierre-1-900x600.jpg 900w, https:\/\/www.creilsudoise-tourisme.fr\/wp-content\/uploads\/wpetourisme\/Sculpture-sur-pierre-1-1536x1024.jpg 1536w, https:\/\/www.creilsudoise-tourisme.fr\/wp-content\/uploads\/wpetourisme\/Sculpture-sur-pierre-1-18x12.jpg 18w, https:\/\/www.creilsudoise-tourisme.fr\/wp-content\/uploads\/wpetourisme\/Sculpture-sur-pierre-1-200x133.jpg 200w, https:\/\/www.creilsudoise-tourisme.fr\/wp-content\/uploads\/wpetourisme\/Sculpture-sur-pierre-1-650x433.jpg 650w, https:\/\/www.creilsudoise-tourisme.fr\/wp-content\/uploads\/wpetourisme\/Sculpture-sur-pierre-1-387x258.jpg 387w, https:\/\/www.creilsudoise-tourisme.fr\/wp-content\/uploads\/wpetourisme\/Sculpture-sur-pierre-1.jpg 1600w\" sizes=\"(max-width: 1200px) 100vw, 1200px\" \/><figcaption class=\"wp-element-caption\">Creil Sud Oise Tourisme<\/figcaption><\/figure>\n\n\n\n<figure class=\"wp-block-image size-large\"><img decoding=\"async\" loading=\"lazy\" width=\"1200\" height=\"725\" data-id=\"34654\"  data-src=\"https:\/\/www.creilsudoise-tourisme.fr\/wp-content\/uploads\/2021\/05\/Stage-de-sculpture-sur-pierre-a-la-Maison-de-la-Pierre-a-Saint-Maximin-1200x725.jpg\" alt=\"A stone sculpture course at the Maison de la Pierre in Saint-Maximin\" class=\"wp-image-34654\" data-srcset=\"https:\/\/www.creilsudoise-tourisme.fr\/wp-content\/uploads\/2021\/05\/Stage-de-sculpture-sur-pierre-a-la-Maison-de-la-Pierre-a-Saint-Maximin-1200x725.jpg 1200w, https:\/\/www.creilsudoise-tourisme.fr\/wp-content\/uploads\/2021\/05\/Stage-de-sculpture-sur-pierre-a-la-Maison-de-la-Pierre-a-Saint-Maximin-600x362.jpg 600w, https:\/\/www.creilsudoise-tourisme.fr\/wp-content\/uploads\/2021\/05\/Stage-de-sculpture-sur-pierre-a-la-Maison-de-la-Pierre-a-Saint-Maximin-900x543.jpg 900w, https:\/\/www.creilsudoise-tourisme.fr\/wp-content\/uploads\/2021\/05\/Stage-de-sculpture-sur-pierre-a-la-Maison-de-la-Pierre-a-Saint-Maximin-1536x927.jpg 1536w, https:\/\/www.creilsudoise-tourisme.fr\/wp-content\/uploads\/2021\/05\/Stage-de-sculpture-sur-pierre-a-la-Maison-de-la-Pierre-a-Saint-Maximin-200x121.jpg 200w, https:\/\/www.creilsudoise-tourisme.fr\/wp-content\/uploads\/2021\/05\/Stage-de-sculpture-sur-pierre-a-la-Maison-de-la-Pierre-a-Saint-Maximin-650x392.jpg 650w, https:\/\/www.creilsudoise-tourisme.fr\/wp-content\/uploads\/2021\/05\/Stage-de-sculpture-sur-pierre-a-la-Maison-de-la-Pierre-a-Saint-Maximin-416x251.jpg 416w, https:\/\/www.creilsudoise-tourisme.fr\/wp-content\/uploads\/2021\/05\/Stage-de-sculpture-sur-pierre-a-la-Maison-de-la-Pierre-a-Saint-Maximin-387x234.jpg 387w, https:\/\/www.creilsudoise-tourisme.fr\/wp-content\/uploads\/2021\/05\/Stage-de-sculpture-sur-pierre-a-la-Maison-de-la-Pierre-a-Saint-Maximin.jpg 1600w\" sizes=\"(max-width: 1200px) 100vw, 1200px\" \/><figcaption class=\"wp-element-caption\">Creil Sud Oise Tourisme<\/figcaption><\/figure>\n\n\n\n<figure class=\"wp-block-image size-large\"><img decoding=\"async\" loading=\"lazy\" width=\"1200\" height=\"800\" data-id=\"61272\"  data-src=\"https:\/\/www.creilsudoise-tourisme.fr\/wp-content\/uploads\/wpetourisme\/Maison-Pierre-Saint-Maximin-Smellinckx-Oise-Tourisme--41--1200x800.jpg\" alt=\"\" class=\"wp-image-61272\" data-srcset=\"https:\/\/www.creilsudoise-tourisme.fr\/wp-content\/uploads\/wpetourisme\/Maison-Pierre-Saint-Maximin-Smellinckx-Oise-Tourisme--41--1200x800.jpg 1200w, https:\/\/www.creilsudoise-tourisme.fr\/wp-content\/uploads\/wpetourisme\/Maison-Pierre-Saint-Maximin-Smellinckx-Oise-Tourisme--41--600x400.jpg 600w, https:\/\/www.creilsudoise-tourisme.fr\/wp-content\/uploads\/wpetourisme\/Maison-Pierre-Saint-Maximin-Smellinckx-Oise-Tourisme--41--900x600.jpg 900w, https:\/\/www.creilsudoise-tourisme.fr\/wp-content\/uploads\/wpetourisme\/Maison-Pierre-Saint-Maximin-Smellinckx-Oise-Tourisme--41--1536x1024.jpg 1536w, https:\/\/www.creilsudoise-tourisme.fr\/wp-content\/uploads\/wpetourisme\/Maison-Pierre-Saint-Maximin-Smellinckx-Oise-Tourisme--41--2048x1365.jpg 2048w, https:\/\/www.creilsudoise-tourisme.fr\/wp-content\/uploads\/wpetourisme\/Maison-Pierre-Saint-Maximin-Smellinckx-Oise-Tourisme--41--18x12.jpg 18w, https:\/\/www.creilsudoise-tourisme.fr\/wp-content\/uploads\/wpetourisme\/Maison-Pierre-Saint-Maximin-Smellinckx-Oise-Tourisme--41--200x133.jpg 200w, https:\/\/www.creilsudoise-tourisme.fr\/wp-content\/uploads\/wpetourisme\/Maison-Pierre-Saint-Maximin-Smellinckx-Oise-Tourisme--41--650x433.jpg 650w, https:\/\/www.creilsudoise-tourisme.fr\/wp-content\/uploads\/wpetourisme\/Maison-Pierre-Saint-Maximin-Smellinckx-Oise-Tourisme--41--387x258.jpg 387w\" sizes=\"(max-width: 1200px) 100vw, 1200px\" \/><\/figure>\n<\/figure>\n\n\n\n<h3>Creative workshop<\/h3>\n\n\n\n<p>The <strong><a href=\"https:\/\/www.creilsudoise-tourisme.fr\/en\/jexplore\/must-haves\/\" target=\"_blank\" rel=\"noreferrer noopener\">Rivierre nail factory<\/a><\/strong> in Creil offers a <a href=\"https:\/\/www.creilsudoise-tourisme.fr\/en\/agenda-animations\/visite-et-atelier-creatif-a-la-clouterie\/\" target=\"_blank\" rel=\"noreferrer noopener\"><strong>playful visit<\/strong><\/a> of its <strong>factory<\/strong>followed by a <strong>creative workshop<\/strong> around the nails: accompanied by an adult, your child will leave with his or her own <strong>creation<\/strong> ! Who knows, some <strong>vocations<\/strong> will perhaps be born?<\/p>\n\n\n\n<figure class=\"is-layout-flex wp-block-gallery-3 wp-block-gallery has-nested-images columns-default is-cropped\">\n<figure class=\"wp-block-image size-large\"><img decoding=\"async\" loading=\"lazy\" width=\"1200\" height=\"674\" data-id=\"49750\"  data-src=\"https:\/\/www.creilsudoise-tourisme.fr\/wp-content\/uploads\/wpetourisme\/Clouterie-Rivierre-Creil-Visite-guidee-Oise-Tourisme--2--1200x674.jpg\" alt=\"\" class=\"wp-image-49750\" data-srcset=\"https:\/\/www.creilsudoise-tourisme.fr\/wp-content\/uploads\/wpetourisme\/Clouterie-Rivierre-Creil-Visite-guidee-Oise-Tourisme--2--1200x674.jpg 1200w, https:\/\/www.creilsudoise-tourisme.fr\/wp-content\/uploads\/wpetourisme\/Clouterie-Rivierre-Creil-Visite-guidee-Oise-Tourisme--2--600x337.jpg 600w, https:\/\/www.creilsudoise-tourisme.fr\/wp-content\/uploads\/wpetourisme\/Clouterie-Rivierre-Creil-Visite-guidee-Oise-Tourisme--2--900x505.jpg 900w, https:\/\/www.creilsudoise-tourisme.fr\/wp-content\/uploads\/wpetourisme\/Clouterie-Rivierre-Creil-Visite-guidee-Oise-Tourisme--2--18x10.jpg 18w, https:\/\/www.creilsudoise-tourisme.fr\/wp-content\/uploads\/wpetourisme\/Clouterie-Rivierre-Creil-Visite-guidee-Oise-Tourisme--2--200x112.jpg 200w, https:\/\/www.creilsudoise-tourisme.fr\/wp-content\/uploads\/wpetourisme\/Clouterie-Rivierre-Creil-Visite-guidee-Oise-Tourisme--2--650x365.jpg 650w, https:\/\/www.creilsudoise-tourisme.fr\/wp-content\/uploads\/wpetourisme\/Clouterie-Rivierre-Creil-Visite-guidee-Oise-Tourisme--2--387x217.jpg 387w, https:\/\/www.creilsudoise-tourisme.fr\/wp-content\/uploads\/wpetourisme\/Clouterie-Rivierre-Creil-Visite-guidee-Oise-Tourisme--2-.JPG 1364w\" sizes=\"(max-width: 1200px) 100vw, 1200px\" \/><\/figure>\n\n\n\n<figure class=\"wp-block-image size-large\"><img decoding=\"async\" loading=\"lazy\" width=\"1200\" height=\"674\" data-id=\"49746\"  data-src=\"https:\/\/www.creilsudoise-tourisme.fr\/wp-content\/uploads\/wpetourisme\/Clouterie-Rivierre-Creil-Visite-guidee-Oise-Tourisme--3--1200x674.jpg\" alt=\"\" class=\"wp-image-49746\" data-srcset=\"https:\/\/www.creilsudoise-tourisme.fr\/wp-content\/uploads\/wpetourisme\/Clouterie-Rivierre-Creil-Visite-guidee-Oise-Tourisme--3--1200x674.jpg 1200w, https:\/\/www.creilsudoise-tourisme.fr\/wp-content\/uploads\/wpetourisme\/Clouterie-Rivierre-Creil-Visite-guidee-Oise-Tourisme--3--600x337.jpg 600w, https:\/\/www.creilsudoise-tourisme.fr\/wp-content\/uploads\/wpetourisme\/Clouterie-Rivierre-Creil-Visite-guidee-Oise-Tourisme--3--900x505.jpg 900w, https:\/\/www.creilsudoise-tourisme.fr\/wp-content\/uploads\/wpetourisme\/Clouterie-Rivierre-Creil-Visite-guidee-Oise-Tourisme--3--18x10.jpg 18w, https:\/\/www.creilsudoise-tourisme.fr\/wp-content\/uploads\/wpetourisme\/Clouterie-Rivierre-Creil-Visite-guidee-Oise-Tourisme--3--200x112.jpg 200w, https:\/\/www.creilsudoise-tourisme.fr\/wp-content\/uploads\/wpetourisme\/Clouterie-Rivierre-Creil-Visite-guidee-Oise-Tourisme--3--650x365.jpg 650w, https:\/\/www.creilsudoise-tourisme.fr\/wp-content\/uploads\/wpetourisme\/Clouterie-Rivierre-Creil-Visite-guidee-Oise-Tourisme--3--387x217.jpg 387w, https:\/\/www.creilsudoise-tourisme.fr\/wp-content\/uploads\/wpetourisme\/Clouterie-Rivierre-Creil-Visite-guidee-Oise-Tourisme--3-.JPG 1364w\" sizes=\"(max-width: 1200px) 100vw, 1200px\" \/><\/figure>\n<\/figure>\n\n\n\n<h3>Discovering animals<\/h3>\n\n\n\n<p><a href=\"https:\/\/www.creilsudoise-tourisme.fr\/en\/agenda-animations\/stage-a-la-ferme-pedagogique\/\" target=\"_blank\" rel=\"noreferrer noopener\">Discover life on a farm<\/a> by participating in <strong>care<\/strong> and<strong> feeding<\/strong> animals with the <a href=\"https:\/\/www.nogentsuroise.fr\/a-tout-age\/enfance-et-education\/ferme-pedagogique\" target=\"_blank\" rel=\"noreferrer noopener\">Nogent-sur-Oise educational farm<\/a> and go on an outing to a riding school <strong>meet the ponies and horses<\/strong> !<\/p>\n\n\n\n<p><\/p>\n\n\n\n<h3>Little train ride<\/h3>\n\n\n\n<p>For a <strong><a href=\"https:\/\/www.creilsudoise-tourisme.fr\/en\/agenda-animations\/loisirs-les-petits-trains-dans-le-parc-de-la-breche-5\/\" target=\"_blank\" rel=\"noreferrer noopener\">mini-train ride in the Parc de la Br\u00e8che in Villers-Saint-Paul<\/a><\/strong>It's over here! Event <strong>unmissable<\/strong> of Villersois and Oisiens in the vicinity, which will give you <strong>a moment of family reunion<\/strong>.<\/p>\n\n\n\n<figure class=\"is-layout-flex wp-block-gallery-5 wp-block-gallery has-nested-images columns-default is-cropped\">\n<figure class=\"wp-block-image size-large\"><img decoding=\"async\" loading=\"lazy\" width=\"1200\" height=\"731\" data-id=\"63355\"  data-src=\"https:\/\/www.creilsudoise-tourisme.fr\/wp-content\/uploads\/2025\/06\/442428580_999325178866983_6880691649542027331_n-1200x731.jpg\" alt=\"train Villers-Saint-Paul\" class=\"wp-image-63355\" data-srcset=\"https:\/\/www.creilsudoise-tourisme.fr\/wp-content\/uploads\/2025\/06\/442428580_999325178866983_6880691649542027331_n-1200x731.jpg 1200w, https:\/\/www.creilsudoise-tourisme.fr\/wp-content\/uploads\/2025\/06\/442428580_999325178866983_6880691649542027331_n-600x366.jpg 600w, https:\/\/www.creilsudoise-tourisme.fr\/wp-content\/uploads\/2025\/06\/442428580_999325178866983_6880691649542027331_n-900x549.jpg 900w, https:\/\/www.creilsudoise-tourisme.fr\/wp-content\/uploads\/2025\/06\/442428580_999325178866983_6880691649542027331_n-1536x936.jpg 1536w, https:\/\/www.creilsudoise-tourisme.fr\/wp-content\/uploads\/2025\/06\/442428580_999325178866983_6880691649542027331_n-18x12.jpg 18w, https:\/\/www.creilsudoise-tourisme.fr\/wp-content\/uploads\/2025\/06\/442428580_999325178866983_6880691649542027331_n-200x122.jpg 200w, https:\/\/www.creilsudoise-tourisme.fr\/wp-content\/uploads\/2025\/06\/442428580_999325178866983_6880691649542027331_n-650x396.jpg 650w, https:\/\/www.creilsudoise-tourisme.fr\/wp-content\/uploads\/2025\/06\/442428580_999325178866983_6880691649542027331_n-387x236.jpg 387w, https:\/\/www.creilsudoise-tourisme.fr\/wp-content\/uploads\/2025\/06\/442428580_999325178866983_6880691649542027331_n.jpg 1854w\" sizes=\"(max-width: 1200px) 100vw, 1200px\" \/><figcaption class=\"wp-element-caption\">Villers-Saint-Paul<\/figcaption><\/figure>\n\n\n\n<figure class=\"wp-block-image size-large\"><img decoding=\"async\" loading=\"lazy\" width=\"1200\" height=\"616\" data-id=\"63354\"  data-src=\"https:\/\/www.creilsudoise-tourisme.fr\/wp-content\/uploads\/2025\/06\/444923854_999325182200316_764945890767617903_n-1200x616.jpg\" alt=\"train Villers-Saint-Paul\" class=\"wp-image-63354\" data-srcset=\"https:\/\/www.creilsudoise-tourisme.fr\/wp-content\/uploads\/2025\/06\/444923854_999325182200316_764945890767617903_n-1200x616.jpg 1200w, https:\/\/www.creilsudoise-tourisme.fr\/wp-content\/uploads\/2025\/06\/444923854_999325182200316_764945890767617903_n-600x308.jpg 600w, https:\/\/www.creilsudoise-tourisme.fr\/wp-content\/uploads\/2025\/06\/444923854_999325182200316_764945890767617903_n-900x462.jpg 900w, https:\/\/www.creilsudoise-tourisme.fr\/wp-content\/uploads\/2025\/06\/444923854_999325182200316_764945890767617903_n-1536x789.jpg 1536w, https:\/\/www.creilsudoise-tourisme.fr\/wp-content\/uploads\/2025\/06\/444923854_999325182200316_764945890767617903_n-18x9.jpg 18w, https:\/\/www.creilsudoise-tourisme.fr\/wp-content\/uploads\/2025\/06\/444923854_999325182200316_764945890767617903_n-200x103.jpg 200w, https:\/\/www.creilsudoise-tourisme.fr\/wp-content\/uploads\/2025\/06\/444923854_999325182200316_764945890767617903_n-650x334.jpg 650w, https:\/\/www.creilsudoise-tourisme.fr\/wp-content\/uploads\/2025\/06\/444923854_999325182200316_764945890767617903_n-387x199.jpg 387w, https:\/\/www.creilsudoise-tourisme.fr\/wp-content\/uploads\/2025\/06\/444923854_999325182200316_764945890767617903_n.jpg 2048w\" sizes=\"(max-width: 1200px) 100vw, 1200px\" \/><figcaption class=\"wp-element-caption\">Villers-Saint-Paul<\/figcaption><\/figure>\n<\/figure>\n\n\n<div class=\"wp-block-image\">\n<figure class=\"aligncenter size-full\"><img decoding=\"async\" loading=\"lazy\" width=\"601\" height=\"319\" data-src=\"https:\/\/www.creilsudoise-tourisme.fr\/wp-content\/uploads\/2025\/06\/442424007_999325148866986_6373676804258733364_n.jpg\" alt=\"train Villers-Saint-Paul\" class=\"wp-image-63353\" data-srcset=\"https:\/\/www.creilsudoise-tourisme.fr\/wp-content\/uploads\/2025\/06\/442424007_999325148866986_6373676804258733364_n.jpg 601w, https:\/\/www.creilsudoise-tourisme.fr\/wp-content\/uploads\/2025\/06\/442424007_999325148866986_6373676804258733364_n-18x10.jpg 18w, https:\/\/www.creilsudoise-tourisme.fr\/wp-content\/uploads\/2025\/06\/442424007_999325148866986_6373676804258733364_n-200x106.jpg 200w, https:\/\/www.creilsudoise-tourisme.fr\/wp-content\/uploads\/2025\/06\/442424007_999325148866986_6373676804258733364_n-387x205.jpg 387w\" sizes=\"(max-width: 601px) 100vw, 601px\" \/><\/figure><\/div>\n\n\n<p><\/p>\n\n\n\n<h3>Afternoon games<\/h3>\n\n\n\n<p>The <a href=\"https:\/\/www.saintleudesserent.fr\/mediatheque-saint-leu-60\" target=\"_blank\" rel=\"noreferrer noopener\">Saint-Leu d'Esserent multimedia library<\/a> offers you \"\u00a0<a href=\"https:\/\/www.creilsudoise-tourisme.fr\/en\/agenda-animations\/activites-ludiques-les-jeudis-du-jeu\/\" target=\"_blank\" rel=\"noreferrer noopener\"><strong>Game Thursdays at the M\u00e9diath\u00e8que<\/strong><\/a>\u00a0\" ! A concept <strong>clear and precise<\/strong> games (wooden games, giant games, original games and sports games) both indoors and outdoors <strong>every Thursday afternoon in July<\/strong> !<br><br>The city of <strong><a href=\"https:\/\/www.creilsudoise-tourisme.fr\/en\/jexplore\/must-haves\/musee-galle-juillet-2\/\">Gall\u00e9-Juillet Museum<\/a><\/strong> met <strong>available to<a href=\"https:\/\/www.creilsudoise-tourisme.fr\/en\/agenda-animations\/les-jeux-anciens-du-musee\/\" target=\"_blank\" rel=\"noreferrer noopener\"> old games<\/a><\/strong> in his garden. <strong>Take advantage<\/strong>z of a<strong> pleasant surroundings<\/strong> to have fun e<strong>n family<\/strong> or <strong>with your friends<\/strong> !<\/p>\n\n\n\n<h3>Art, history and science at MASTE<\/h3>\n\n\n\n<p>Finally, the <strong><a href=\"https:\/\/www.nogentsuroise.fr\/a-tout-age\/enfance-et-education\/la-mast\" target=\"_blank\" rel=\"noreferrer noopener\">MASTE<\/a><\/strong> has <strong>concocted<\/strong>  a <strong><a href=\"https:\/\/www.creilsudoise-tourisme.fr\/en\/agenda-animations\/ateliers-stage-des-savants-fous-sur-le-moyen-age\/\" target=\"_blank\" rel=\"noreferrer noopener\">Savants Fou on the Middle Ages<\/a><\/strong> and if your child <strong>went back in time<\/strong> for <strong>visit<\/strong> the <strong>secrets<\/strong> from <strong>scientists<\/strong> from<strong> Middle Ages<\/strong> ? Through <strong>immersive workshops<\/strong> and <strong>recreational<\/strong>it will explore the<strong>art <\/strong>from <strong>alchemy,<\/strong> will create its <strong>own coat-of-arms<\/strong>will learn <strong>calligraphy<\/strong> and learn about <strong>techniques <\/strong>from <strong>builders<\/strong> ! A programme <strong>in charge<\/strong> to become <strong>insider<\/strong> on the subject!<\/p>\n\n\n\n<h3>Escape Game<\/h3>\n\n\n\n<p>For the <strong>teenagers<\/strong> (aged 12 and over) and adults, the <strong><a href=\"https:\/\/www.saintleudesserent.fr\/\">Town of Saint-Leu d'Esserent<\/a><\/strong> is organising a <strong><a href=\"https:\/\/www.facebook.com\/photo\/?fbid=1142976067862864&amp;set=a.618221620338314\" target=\"_blank\" rel=\"noreferrer noopener\">Escape Game<\/a><\/strong>.<\/p>\n\n\n\n<p><strong>Dive in<\/strong> in a <strong>captivating investigation<\/strong> through <strong>forgotten treasures <\/strong>in Saint-Leu-d'Esserent! An archaeologist from the 1955 dig is said to have<strong> stole a precious possession...<\/strong> \u00c0 <strong>you <\/strong>of r<strong>solving riddles<\/strong> for the<strong>e find<\/strong> ! And what's more, <strong>a reward awaits you<\/strong> !<br>Several<strong> dates<\/strong> and <strong>slots<\/strong> available.<\/p>\n\n\n\n<h2>Culture<\/h2>\n\n\n\n<p><\/p>\n\n\n\n<h3>Libraries and media libraries<\/h3>\n\n\n\n<p>The <a href=\"https:\/\/www.saintmaximin.eu\/bibliotheque-et-catalogue\" target=\"_blank\" rel=\"noreferrer noopener\">Saint-Maximin Library<\/a> gives you <strong>appointment<\/strong> every Wednesday for <strong><a href=\"https:\/\/www.creilsudoise-tourisme.fr\/en\/agenda-animations\/lecture-histoires-en-plein-air-2\/\" target=\"_blank\" rel=\"noreferrer noopener\">reading outdoors<\/a><\/strong> ! What could be better than <strong>reading in nature<\/strong> ?<br><br>The <strong><a href=\"https:\/\/mediatheque.creil.fr\/\" target=\"_blank\" rel=\"noreferrer noopener\">Media libraries in Creil<\/a><\/strong> await you for <a href=\"https:\/\/mediatheque.creil.fr\/a-vos-agendas-\" target=\"_blank\" rel=\"noreferrer noopener\">a whole host of activities<\/a>such as <strong>tales<\/strong>, <strong>board games<\/strong> (<em>very nice<\/em>), the <strong>cinema<\/strong>, <strong>parts of Loup-Garou<\/strong>, <strong>book clubs<\/strong>, <strong>introductions to<\/strong> <strong>chess<\/strong> and <strong>digital workshops<\/strong> ! You won't get bored with the <strong>Media libraries in Creil<\/strong> !<\/p>\n\n\n\n<div class=\"is-layout-flex wp-container-9 wp-block-columns\">\n<div class=\"is-layout-flow wp-block-column\" style=\"flex-basis:33.33%\">\n<figure class=\"wp-block-image size-large\"><img decoding=\"async\" loading=\"lazy\" width=\"900\" height=\"1200\" data-src=\"https:\/\/www.creilsudoise-tourisme.fr\/wp-content\/uploads\/2025\/06\/2965930-2-900x1200.jpg\" alt=\"\" class=\"wp-image-63360\" data-srcset=\"https:\/\/www.creilsudoise-tourisme.fr\/wp-content\/uploads\/2025\/06\/2965930-2-900x1200.jpg 900w, https:\/\/www.creilsudoise-tourisme.fr\/wp-content\/uploads\/2025\/06\/2965930-2-450x600.jpg 450w, https:\/\/www.creilsudoise-tourisme.fr\/wp-content\/uploads\/2025\/06\/2965930-2-675x900.jpg 675w, https:\/\/www.creilsudoise-tourisme.fr\/wp-content\/uploads\/2025\/06\/2965930-2-1152x1536.jpg 1152w, https:\/\/www.creilsudoise-tourisme.fr\/wp-content\/uploads\/2025\/06\/2965930-2-9x12.jpg 9w, https:\/\/www.creilsudoise-tourisme.fr\/wp-content\/uploads\/2025\/06\/2965930-2-200x267.jpg 200w, https:\/\/www.creilsudoise-tourisme.fr\/wp-content\/uploads\/2025\/06\/2965930-2-650x867.jpg 650w, https:\/\/www.creilsudoise-tourisme.fr\/wp-content\/uploads\/2025\/06\/2965930-2-387x516.jpg 387w, https:\/\/www.creilsudoise-tourisme.fr\/wp-content\/uploads\/2025\/06\/2965930-2.jpg 1200w\" sizes=\"(max-width: 900px) 100vw, 900px\" \/><\/figure>\n<\/div>\n\n\n\n<div class=\"is-layout-flow wp-block-column\" style=\"flex-basis:66.66%\">\n<h3>Open-air cinema<\/h3>\n\n\n\n<p><\/p>\n\n\n\n<p>Distribution of<a href=\"https:\/\/www.creilsudoise-tourisme.fr\/en\/agenda-animations\/cine-plein-air-un-ptit-truc-en-plus\/\" target=\"_blank\" rel=\"noreferrer noopener\"> <strong>Un p'tit truc en plus\" film<\/strong><\/a> at the Parc H\u00e9bert in <strong>Nogent-sur-Oise<\/strong>. A <strong>foodtruck<\/strong> will be present (<em>what more could you ask for?<\/em>)<\/p>\n<\/div>\n<\/div>\n\n\n\n<div class=\"is-layout-flex wp-container-12 wp-block-columns\">\n<div class=\"is-layout-flow wp-block-column is-vertically-aligned-center\" style=\"flex-basis:66.66%\">\n<p class=\"has-text-align-left\">The town of Creil invites you to see the<a href=\"https:\/\/www.creilsudoise-tourisme.fr\/en\/agenda-animations\/creil-cest-lete-cine-plein-air\/\" target=\"_blank\" rel=\"noreferrer noopener\"> <strong>The Lion King\" film<\/strong><\/a>&nbsp;! (<em>We don't want to see this famous scene either...<\/em>)<br><br>The City of Creil will be broadcasting <strong>another film<\/strong> at <strong>open air<\/strong> on 20 August and <strong>YOU<\/strong> from <a href=\"https:\/\/jeparticipe.creil.fr\/...\/presentation\/presentation\" target=\"_blank\" rel=\"noreferrer noopener\">vote for the <strong>choice of film<\/strong><\/a> ! So, will it be \"Flow\", \"Top Gun\" or \"Asterix and Obelix: Mission Cleopatra\"? You've got until 1 August!<\/p>\n<\/div>\n\n\n\n<div class=\"is-layout-flow wp-block-column\" style=\"flex-basis:33.33%\">\n<figure class=\"wp-block-image size-full\"><img decoding=\"async\" loading=\"lazy\" width=\"602\" height=\"862\" data-src=\"https:\/\/www.creilsudoise-tourisme.fr\/wp-content\/uploads\/2025\/07\/roi-lion.png\" alt=\"\" class=\"wp-image-63872\" data-srcset=\"https:\/\/www.creilsudoise-tourisme.fr\/wp-content\/uploads\/2025\/07\/roi-lion.png 602w, https:\/\/www.creilsudoise-tourisme.fr\/wp-content\/uploads\/2025\/07\/roi-lion-419x600.png 419w, https:\/\/www.creilsudoise-tourisme.fr\/wp-content\/uploads\/2025\/07\/roi-lion-8x12.png 8w, https:\/\/www.creilsudoise-tourisme.fr\/wp-content\/uploads\/2025\/07\/roi-lion-200x286.png 200w, https:\/\/www.creilsudoise-tourisme.fr\/wp-content\/uploads\/2025\/07\/roi-lion-387x554.png 387w\" sizes=\"(max-width: 602px) 100vw, 602px\" \/><\/figure>\n<\/div>\n<\/div>\n\n\n\n<div class=\"is-layout-flex wp-container-15 wp-block-columns\">\n<div class=\"is-layout-flow wp-block-column\" style=\"flex-basis:33.33%\">\n<figure class=\"wp-block-image size-full\"><img decoding=\"async\" loading=\"lazy\" width=\"310\" height=\"420\" data-src=\"https:\/\/www.creilsudoise-tourisme.fr\/wp-content\/uploads\/2025\/07\/f5f2447c4246e42eb3e69040605d7cf1.jpg\" alt=\"\" class=\"wp-image-63996\" data-srcset=\"https:\/\/www.creilsudoise-tourisme.fr\/wp-content\/uploads\/2025\/07\/f5f2447c4246e42eb3e69040605d7cf1.jpg 310w, https:\/\/www.creilsudoise-tourisme.fr\/wp-content\/uploads\/2025\/07\/f5f2447c4246e42eb3e69040605d7cf1-9x12.jpg 9w, https:\/\/www.creilsudoise-tourisme.fr\/wp-content\/uploads\/2025\/07\/f5f2447c4246e42eb3e69040605d7cf1-200x271.jpg 200w\" sizes=\"(max-width: 310px) 100vw, 310px\" \/><\/figure>\n<\/div>\n\n\n\n<div class=\"is-layout-flow wp-block-column is-vertically-aligned-center\" style=\"flex-basis:66.66%\">\n<p>The <a href=\"https:\/\/www.villers-saint-paul.fr\/\" target=\"_blank\" rel=\"noreferrer noopener\">Municipality<strong> of Villers-Saint-Paul<\/strong><\/a> invites you to (re)discover <a href=\"https:\/\/www.villers-saint-paul.fr\/agenda\" target=\"_blank\" rel=\"noreferrer noopener\">\"Mufasa: The Lion King<\/a> by Barry Jenkins!<\/p>\n<\/div>\n<\/div>\n\n\n\n<div class=\"is-layout-flex wp-container-18 wp-block-columns are-vertically-aligned-center\">\n<div class=\"is-layout-flow wp-block-column is-vertically-aligned-center\" style=\"flex-basis:66.66%\">\n<p>As part of the <strong>project<\/strong> <strong>\"Culture and urban renewal\",<\/strong> in partnership with <strong>1001 Vies Habitat<\/strong>come <strong>take advantage<\/strong> a <strong><a href=\"https:\/\/www.creilsudoise-tourisme.fr\/en\/agenda-animations\/spectacle-et-cinema-en-plein-air\/\" target=\"_blank\" rel=\"noreferrer noopener\">festive late afternoon<\/a> <\/strong>and <strong>user-friendly<\/strong> with a<strong> show<\/strong> (by the Fer \u00e0 Coudre company) followed by a session of <strong>open-air cinema<\/strong> with the<strong> animated film<\/strong> \"\u00a0<strong>Flow<\/strong>\u00a0\" !<\/p>\n<\/div>\n\n\n\n<div class=\"is-layout-flow wp-block-column is-vertically-aligned-center\" style=\"flex-basis:33.33%\">\n<figure class=\"wp-block-image size-large\"><img decoding=\"async\" loading=\"lazy\" width=\"900\" height=\"1200\" data-src=\"https:\/\/www.creilsudoise-tourisme.fr\/wp-content\/uploads\/2025\/08\/flow_affiche_web_fc-900x1200.jpg\" alt=\"\" class=\"wp-image-64499\" data-srcset=\"https:\/\/www.creilsudoise-tourisme.fr\/wp-content\/uploads\/2025\/08\/flow_affiche_web_fc-900x1200.jpg 900w, https:\/\/www.creilsudoise-tourisme.fr\/wp-content\/uploads\/2025\/08\/flow_affiche_web_fc-450x600.jpg 450w, https:\/\/www.creilsudoise-tourisme.fr\/wp-content\/uploads\/2025\/08\/flow_affiche_web_fc-675x900.jpg 675w, https:\/\/www.creilsudoise-tourisme.fr\/wp-content\/uploads\/2025\/08\/flow_affiche_web_fc-1152x1536.jpg 1152w, https:\/\/www.creilsudoise-tourisme.fr\/wp-content\/uploads\/2025\/08\/flow_affiche_web_fc-9x12.jpg 9w, https:\/\/www.creilsudoise-tourisme.fr\/wp-content\/uploads\/2025\/08\/flow_affiche_web_fc-200x267.jpg 200w, https:\/\/www.creilsudoise-tourisme.fr\/wp-content\/uploads\/2025\/08\/flow_affiche_web_fc-650x867.jpg 650w, https:\/\/www.creilsudoise-tourisme.fr\/wp-content\/uploads\/2025\/08\/flow_affiche_web_fc-387x516.jpg 387w, https:\/\/www.creilsudoise-tourisme.fr\/wp-content\/uploads\/2025\/08\/flow_affiche_web_fc.jpg 1440w\" sizes=\"(max-width: 900px) 100vw, 900px\" \/><\/figure>\n<\/div>\n<\/div>\n\n\n\n<h3>Guided tour<\/h3>\n\n\n\n<p>More for adults, a <strong><a href=\"https:\/\/www.creilsudoise-tourisme.fr\/en\/agenda-animations\/visite-guidee-de-leglise-saint-pierre-et-saint-paul\/\" target=\"_blank\" rel=\"noreferrer noopener\">guided tour of the church of Saint-Pierre and Saint-Paul<\/a><\/strong> by <strong>Nicolas Bilot<\/strong>archaeologist at <strong><a href=\"https:\/\/aquilon-decouverte.com\/\" target=\"_blank\" rel=\"noreferrer noopener\">Aquilon Discovery<\/a><\/strong> in partnership with<strong>Creil Sud Oise Tourist Office<\/strong> (<em>with us, at the end of the day<\/em>). Come and discover <strong>its history<\/strong> and how its<strong> architecture<\/strong> is <strong>special<\/strong> ! <strong>Booking recommended<\/strong> !<br><br>The heritage department of the <strong><a href=\"https:\/\/www.creil.fr\/\" target=\"_blank\" rel=\"noreferrer noopener\">City of Creil<\/a><\/strong> invites you to a <strong><a href=\"https:\/\/www.creilsudoise-tourisme.fr\/en\/agenda-animations\/balade-historique-des-bords-de-loise\/\" target=\"_blank\" rel=\"noreferrer noopener\">historical walk along the banks of the river Oise<\/a><\/strong> ! <strong>Follow<\/strong> the <strong>guide <\/strong>through a <strong>route <\/strong>and <strong>discover our hidden treasures<\/strong>, <strong>anecdotes<\/strong> and<strong> emblematic buildings<\/strong>visible or disappeared, that once lined or still line the <strong>banks of the Oise<\/strong>.<\/p>\n\n\n<div class=\"wp-block-image\">\n<figure class=\"aligncenter size-thumbnail\"><img decoding=\"async\" loading=\"lazy\" width=\"300\" height=\"300\" data-src=\"https:\/\/www.creilsudoise-tourisme.fr\/wp-content\/uploads\/wpetourisme\/VILLERS-SAINT-PAUL-Eglise-Creil-Sud-Oise-Tourisme--7--2-300x300.jpg\" alt=\"\" class=\"wp-image-61450\"\/><\/figure><\/div>\n\n\n<h2>Sport<\/h2>\n\n\n\n<p><\/p>\n\n\n\n<h3>Canoeing<\/h3>\n\n\n\n<p>To <strong>combat the heat<\/strong>there's nothing better than a <strong>activity on the water<\/strong>don't you think? Le <strong><a href=\"https:\/\/www.creilsudoise-tourisme.fr\/en\/loisirs\/canoe-kayak-club-du-therain\/\">Th\u00e9rain canoe-kayak club<\/a><\/strong> offers you a <strong><a href=\"https:\/\/canoe-kayak-montataire.com\/location-randonnees-canoe-kayak-oise\" target=\"_blank\" rel=\"noreferrer noopener\">kayak trip<\/a><\/strong>, <strong>experience complete autonomy<\/strong>departing from <strong>Mouy<\/strong> or <strong>Mello<\/strong>.<\/p>\n\n\n\n<p><\/p>\n\n\n\n<h3>Walking \/ Guided tour<\/h3>\n\n\n\n<p><strong><a href=\"https:\/\/aquilon-decouverte.com\/\" target=\"_blank\" rel=\"noreferrer noopener\">Aquilon Discovery<\/a><\/strong> offers you a <strong><a href=\"https:\/\/www.creilsudoise-tourisme.fr\/en\/agenda-animations\/randonnee-de-saint-vaast\/\" target=\"_blank\" rel=\"noreferrer noopener\">hike\/guided tour<\/a><\/strong> in Saint-Vaast-l\u00e8s-Mello for <strong>take advantage<\/strong> of the <strong>freshness<\/strong>.<\/p>\n\n\n\n<p>Between<strong> tray <\/strong>and<strong> valley bottom<\/strong>, <strong>careers<\/strong> at <strong>ponds<\/strong>come <strong>discover history<\/strong>on <strong>terroir<\/strong> and <strong>ancient landscapes <\/strong>from <strong>Saint-Vaast-l\u00e8s-Mello<\/strong>.<\/p>\n\n\n\n<h3>Les Boucles de l'Oise (cycling)<\/h3>\n\n\n\n<p>If you're passing through Nogent-sur-Oise, take part in a<strong> international cycle race<\/strong> with <strong>teams<\/strong> of the <strong>France as a whole<\/strong> and the<strong>foreign<\/strong> !<br>Find the <strong><a href=\"https:\/\/www.creilsudoise-tourisme.fr\/en\/agenda-animations\/les-boucles-de-loise-feminines-4eme-edition\/\" target=\"_blank\" rel=\"noreferrer noopener\">feminine curls<\/a><\/strong> which will take place over a <strong>single day<\/strong>as well as <strong><a href=\"https:\/\/www.creilsudoise-tourisme.fr\/en\/agenda-animations\/les-boucles-de-loise-juniors_-trophee-arnaud-coyot\/\" target=\"_blank\" rel=\"noreferrer noopener\">junior loops<\/a><\/strong> which will take place on <strong>2 days<\/strong> !<\/p>\n\n\n\n<h2>Melting Pot<\/h2>\n\n\n\n<p>A <strong><a href=\"https:\/\/www.nogentsuroise.fr\/agenda\/1263-soiree-guinguette-3\/2025-08-30-19-00\" target=\"_blank\" rel=\"noreferrer noopener\">guinguette evening<\/a><\/strong> \u00e0 <strong>Nogent-sur-Oise<\/strong> you <strong>wait<\/strong> for <strong>dancing the night away<\/strong> !<br><br>Want to <strong>unearthing nuggets<\/strong> or <strong>sell your Pok\u00e9mon card collection<\/strong> ? A <strong><a href=\"https:\/\/www.nogentsuroise.fr\/agenda\/1225-brocante-4\" target=\"_blank\" rel=\"noreferrer noopener\">flea market<\/a><\/strong> is organised at the end of August!<br><br>Montataire returns with its<strong><a href=\"https:\/\/www.creilsudoise-tourisme.fr\/en\/agenda-animations\/fete-foraine-de-montataire\/\" target=\"_blank\" rel=\"noreferrer noopener\"> traditional funfair<\/a><\/strong> for <strong>last days of August<\/strong>. Come and enjoy <strong>rides<\/strong> and<strong>thrill rides<\/strong>, <strong>gourmet stands<\/strong>a <strong>tombola <\/strong>and <strong>shows <\/strong>! D'<strong>other surprises<\/strong> are waiting for you!<br><br>Meet at the <strong><a href=\"https:\/\/www.creilsudoise-tourisme.fr\/en\/jexplore\/must-haves\/maison-de-la-pierre\/\">Maison de la Pierre<\/a><\/strong> to discover the <strong>fascinating world<\/strong> from <strong>bat<\/strong> ! To mark the <strong>Bat Night<\/strong>get involved <strong>a family trip<\/strong> to a <a href=\"https:\/\/www.creilsudoise-tourisme.fr\/en\/agenda-animations\/nuit-de-la-chauve-souris-jeu-de-piste\/\" target=\"_blank\" rel=\"noreferrer noopener\"><strong>playful treasure hunt<\/strong> <\/a>and <strong>educational<\/strong> !<br>You will also have the opportunity to <strong><a href=\"https:\/\/www.creilsudoise-tourisme.fr\/en\/agenda-animations\/a-la-decouverte-des-chauve-souris\/\" target=\"_blank\" rel=\"noreferrer noopener\">build your own bat hotel<\/a> <\/strong>and <strong>leave with<\/strong> !<br><br>We conclude the <strong>end of holidays<\/strong> with <strong><a href=\"https:\/\/www.nogentsuroise.fr\/agenda\/1181-un-dimanche-a-la-campagne-4\/2025-08-31-11-28\" target=\"_blank\" rel=\"noreferrer noopener\">A Sunday in the Country<\/a><\/strong> : <strong>activities<\/strong> and <strong>stands<\/strong> <em>(hello, we'll be there with the Maison de la Pierre!)<\/em> all day to close the <strong>end of summer<\/strong> !<\/p>\n\n\n\n<h2>Our must-haves<\/h2>\n\n\n\n<p>Don't miss our <strong>classics<\/strong>our<strong> timeless<\/strong>our <strong>must-see<\/strong> !<\/p>\n\n\n\n<div class=\"is-layout-flex wp-container-21 wp-block-columns\">\n<div class=\"is-layout-flow wp-block-column\" style=\"flex-basis:66.66%\">\n<figure class=\"wp-block-image size-large\"><img decoding=\"async\" loading=\"lazy\" width=\"1200\" height=\"800\" data-src=\"https:\/\/www.creilsudoise-tourisme.fr\/wp-content\/uploads\/wpetourisme\/-comdesimages-b.teissedre-ADRTOise-maison-de-la-pierre-COM1097-1200x800.jpg\" alt=\"\" class=\"wp-image-47902\" data-srcset=\"https:\/\/www.creilsudoise-tourisme.fr\/wp-content\/uploads\/wpetourisme\/-comdesimages-b.teissedre-ADRTOise-maison-de-la-pierre-COM1097-1200x800.jpg 1200w, https:\/\/www.creilsudoise-tourisme.fr\/wp-content\/uploads\/wpetourisme\/-comdesimages-b.teissedre-ADRTOise-maison-de-la-pierre-COM1097-600x400.jpg 600w, https:\/\/www.creilsudoise-tourisme.fr\/wp-content\/uploads\/wpetourisme\/-comdesimages-b.teissedre-ADRTOise-maison-de-la-pierre-COM1097-900x600.jpg 900w, https:\/\/www.creilsudoise-tourisme.fr\/wp-content\/uploads\/wpetourisme\/-comdesimages-b.teissedre-ADRTOise-maison-de-la-pierre-COM1097-1536x1024.jpg 1536w, https:\/\/www.creilsudoise-tourisme.fr\/wp-content\/uploads\/wpetourisme\/-comdesimages-b.teissedre-ADRTOise-maison-de-la-pierre-COM1097-18x12.jpg 18w, https:\/\/www.creilsudoise-tourisme.fr\/wp-content\/uploads\/wpetourisme\/-comdesimages-b.teissedre-ADRTOise-maison-de-la-pierre-COM1097-200x133.jpg 200w, https:\/\/www.creilsudoise-tourisme.fr\/wp-content\/uploads\/wpetourisme\/-comdesimages-b.teissedre-ADRTOise-maison-de-la-pierre-COM1097-650x433.jpg 650w, https:\/\/www.creilsudoise-tourisme.fr\/wp-content\/uploads\/wpetourisme\/-comdesimages-b.teissedre-ADRTOise-maison-de-la-pierre-COM1097-387x258.jpg 387w, https:\/\/www.creilsudoise-tourisme.fr\/wp-content\/uploads\/wpetourisme\/-comdesimages-b.teissedre-ADRTOise-maison-de-la-pierre-COM1097.jpg 1600w\" sizes=\"(max-width: 1200px) 100vw, 1200px\" \/><\/figure>\n<\/div>\n\n\n\n<div class=\"is-layout-flow wp-block-column\" style=\"flex-basis:33.33%\">\n<p>The <strong><a href=\"https:\/\/www.creilsudoise-tourisme.fr\/en\/jexplore\/must-haves\/maison-de-la-pierre\/\">Maison de la Pierre<\/a><\/strong>located in <strong>Saint-Maximin<\/strong> invites you to <strong>enter its underground quarry<\/strong> for a <strong>a guided tour<\/strong>. Discover the<strong>history of stone<\/strong> and <strong>carriers<\/strong>. Nestled underground, the quarry is <strong>11\u00b0C<\/strong> : <strong>ideal <\/strong>during the <strong>extreme heat<\/strong>. Dress accordingly!<\/p>\n<\/div>\n<\/div>\n\n\n\n<div class=\"is-layout-flex wp-container-24 wp-block-columns\">\n<div class=\"is-layout-flow wp-block-column\" style=\"flex-basis:33.33%\">\n<p>You can also take refuge at the<strong><a href=\"https:\/\/www.creilsudoise-tourisme.fr\/en\/jexplore\/must-haves\/abbey-church\/\">Abbey of St. Nicholas<\/a><\/strong> from <strong>Saint-Leu d'Esserent<\/strong>that will <strong>opens its doors<\/strong> every Sunday afternoon! Discover a<strong> Church<\/strong> at <strong>impressive dimensions<\/strong> !<\/p>\n<\/div>\n\n\n\n<div class=\"is-layout-flow wp-block-column\" style=\"flex-basis:66.66%\">\n<figure class=\"wp-block-image size-large\"><img decoding=\"async\" loading=\"lazy\" width=\"1200\" height=\"600\" data-src=\"https:\/\/www.creilsudoise-tourisme.fr\/wp-content\/uploads\/2024\/02\/Web_header-Abbatiale-1200x600.jpg\" alt=\"\" class=\"wp-image-52164\" data-srcset=\"https:\/\/www.creilsudoise-tourisme.fr\/wp-content\/uploads\/2024\/02\/Web_header-Abbatiale-1200x600.jpg 1200w, https:\/\/www.creilsudoise-tourisme.fr\/wp-content\/uploads\/2024\/02\/Web_header-Abbatiale-600x300.jpg 600w, https:\/\/www.creilsudoise-tourisme.fr\/wp-content\/uploads\/2024\/02\/Web_header-Abbatiale-900x450.jpg 900w, https:\/\/www.creilsudoise-tourisme.fr\/wp-content\/uploads\/2024\/02\/Web_header-Abbatiale-18x9.jpg 18w, https:\/\/www.creilsudoise-tourisme.fr\/wp-content\/uploads\/2024\/02\/Web_header-Abbatiale-200x100.jpg 200w, https:\/\/www.creilsudoise-tourisme.fr\/wp-content\/uploads\/2024\/02\/Web_header-Abbatiale-1000x500.jpg 1000w, https:\/\/www.creilsudoise-tourisme.fr\/wp-content\/uploads\/2024\/02\/Web_header-Abbatiale-650x325.jpg 650w, https:\/\/www.creilsudoise-tourisme.fr\/wp-content\/uploads\/2024\/02\/Web_header-Abbatiale-387x194.jpg 387w, https:\/\/www.creilsudoise-tourisme.fr\/wp-content\/uploads\/2024\/02\/Web_header-Abbatiale.jpg 1480w\" sizes=\"(max-width: 1200px) 100vw, 1200px\" \/><\/figure>\n<\/div>\n<\/div>\n\n\n\n<div class=\"is-layout-flex wp-container-27 wp-block-columns\">\n<div class=\"is-layout-flow wp-block-column\" style=\"flex-basis:66.66%\">\n<figure class=\"wp-block-image size-large\"><img decoding=\"async\" loading=\"lazy\" width=\"1200\" height=\"675\" data-src=\"https:\/\/www.creilsudoise-tourisme.fr\/wp-content\/uploads\/wpetourisme\/Clouterie-Rivierre-Creil-Machines-Creil-Sud-Oise-Tourisme--45--1200x675.jpg\" alt=\"\" class=\"wp-image-49748\" data-srcset=\"https:\/\/www.creilsudoise-tourisme.fr\/wp-content\/uploads\/wpetourisme\/Clouterie-Rivierre-Creil-Machines-Creil-Sud-Oise-Tourisme--45--1200x675.jpg 1200w, https:\/\/www.creilsudoise-tourisme.fr\/wp-content\/uploads\/wpetourisme\/Clouterie-Rivierre-Creil-Machines-Creil-Sud-Oise-Tourisme--45--600x338.jpg 600w, https:\/\/www.creilsudoise-tourisme.fr\/wp-content\/uploads\/wpetourisme\/Clouterie-Rivierre-Creil-Machines-Creil-Sud-Oise-Tourisme--45--900x506.jpg 900w, https:\/\/www.creilsudoise-tourisme.fr\/wp-content\/uploads\/wpetourisme\/Clouterie-Rivierre-Creil-Machines-Creil-Sud-Oise-Tourisme--45--1536x864.jpg 1536w, https:\/\/www.creilsudoise-tourisme.fr\/wp-content\/uploads\/wpetourisme\/Clouterie-Rivierre-Creil-Machines-Creil-Sud-Oise-Tourisme--45--18x10.jpg 18w, https:\/\/www.creilsudoise-tourisme.fr\/wp-content\/uploads\/wpetourisme\/Clouterie-Rivierre-Creil-Machines-Creil-Sud-Oise-Tourisme--45--200x113.jpg 200w, https:\/\/www.creilsudoise-tourisme.fr\/wp-content\/uploads\/wpetourisme\/Clouterie-Rivierre-Creil-Machines-Creil-Sud-Oise-Tourisme--45--650x366.jpg 650w, https:\/\/www.creilsudoise-tourisme.fr\/wp-content\/uploads\/wpetourisme\/Clouterie-Rivierre-Creil-Machines-Creil-Sud-Oise-Tourisme--45--387x218.jpg 387w, https:\/\/www.creilsudoise-tourisme.fr\/wp-content\/uploads\/wpetourisme\/Clouterie-Rivierre-Creil-Machines-Creil-Sud-Oise-Tourisme--45-.jpg 1600w\" sizes=\"(max-width: 1200px) 100vw, 1200px\" \/><\/figure>\n<\/div>\n\n\n\n<div class=\"is-layout-flow wp-block-column\" style=\"flex-basis:33.33%\">\n<p>The <strong><a href=\"https:\/\/www.creilsudoise-tourisme.fr\/en\/jexplore\/must-haves\/clouterie-rivierre\/\">Rivierre nail factory<\/a><\/strong>, <strong>Europe's last Clouterie<\/strong> still in <strong>activity<\/strong> offers you a <strong>visit<\/strong> every Wednesday afternoon! Come and discover the <strong>manufacture of nails<\/strong>, <strong>here<\/strong> \u00e0 <strong>Creil <\/strong>! The only prerequisite is that you wear closed-toe shoes.<\/p>\n<\/div>\n<\/div>\n\n\n\n<div class=\"is-layout-flex wp-container-30 wp-block-columns\">\n<div class=\"is-layout-flow wp-block-column\" style=\"flex-basis:33.33%\">\n<p>You're not leaving <strong>holidays<\/strong> this <strong>summer<\/strong> but you <strong>dream <\/strong>of you<strong> bathe,<\/strong> ? Visit <strong><a href=\"https:\/\/www.creilsudoise-tourisme.fr\/en\/jexplore\/must-haves\/base-loisirs\/\">Leisure centre<\/a><\/strong> of Saint-Leu d'Esserent awaits you on <strong>arms wide open<\/strong> ! <strong>Swimming, water games, canoeing, kayaking or pedalos<\/strong>l' <strong>Leisure Centre<\/strong> a <strong>everything you need<\/strong>t for you <strong>seduce<\/strong> !<\/p>\n<\/div>\n\n\n\n<div class=\"is-layout-flow wp-block-column\" style=\"flex-basis:66.66%\">\n<figure class=\"wp-block-image size-full\"><img decoding=\"async\" loading=\"lazy\" width=\"800\" height=\"536\" data-src=\"https:\/\/www.creilsudoise-tourisme.fr\/wp-content\/uploads\/2021\/03\/La-plage-surveille\u0301e-de-la-Base-de-loisirs-de-Saint-Leu-dEsserent.jpg\" alt=\"Leisure centre oise Saint-Leu-d&#039;Esserent swimming outdoor activity nature family child\" class=\"wp-image-32522\" data-srcset=\"https:\/\/www.creilsudoise-tourisme.fr\/wp-content\/uploads\/2021\/03\/La-plage-surveille\u0301e-de-la-Base-de-loisirs-de-Saint-Leu-dEsserent.jpg 800w, https:\/\/www.creilsudoise-tourisme.fr\/wp-content\/uploads\/2021\/03\/La-plage-surveille\u0301e-de-la-Base-de-loisirs-de-Saint-Leu-dEsserent-600x402.jpg 600w, https:\/\/www.creilsudoise-tourisme.fr\/wp-content\/uploads\/2021\/03\/La-plage-surveille\u0301e-de-la-Base-de-loisirs-de-Saint-Leu-dEsserent-200x134.jpg 200w, https:\/\/www.creilsudoise-tourisme.fr\/wp-content\/uploads\/2021\/03\/La-plage-surveille\u0301e-de-la-Base-de-loisirs-de-Saint-Leu-dEsserent-650x436.jpg 650w, https:\/\/www.creilsudoise-tourisme.fr\/wp-content\/uploads\/2021\/03\/La-plage-surveille\u0301e-de-la-Base-de-loisirs-de-Saint-Leu-dEsserent-387x259.jpg 387w\" sizes=\"(max-width: 800px) 100vw, 800px\" \/><figcaption class=\"wp-element-caption\">Creil Sud Oise Tourisme<\/figcaption><\/figure>\n<\/div>\n<\/div>\n\n\n\n<div class=\"is-layout-flex wp-container-33 wp-block-columns\">\n<div class=\"is-layout-flow wp-block-column\" style=\"flex-basis:66.66%\">\n<figure class=\"wp-block-image size-large\"><img decoding=\"async\" loading=\"lazy\" width=\"1200\" height=\"675\" data-src=\"https:\/\/www.creilsudoise-tourisme.fr\/wp-content\/uploads\/2024\/08\/Parc_loups-Saint_Leu_dEsserent-Accrobranche-Creil_Sud_Oise_Tourisme-5-1200x675.jpg\" alt=\"Accrobranche Tyrolienne Oise Saint-Leu-d&#039;Esserent Base de loisirs activit\u00e9s plein air famille amis enfant Parc des loups\" class=\"wp-image-56030\" data-srcset=\"https:\/\/www.creilsudoise-tourisme.fr\/wp-content\/uploads\/2024\/08\/Parc_loups-Saint_Leu_dEsserent-Accrobranche-Creil_Sud_Oise_Tourisme-5-1200x675.jpg 1200w, https:\/\/www.creilsudoise-tourisme.fr\/wp-content\/uploads\/2024\/08\/Parc_loups-Saint_Leu_dEsserent-Accrobranche-Creil_Sud_Oise_Tourisme-5-600x338.jpg 600w, https:\/\/www.creilsudoise-tourisme.fr\/wp-content\/uploads\/2024\/08\/Parc_loups-Saint_Leu_dEsserent-Accrobranche-Creil_Sud_Oise_Tourisme-5-900x507.jpg 900w, https:\/\/www.creilsudoise-tourisme.fr\/wp-content\/uploads\/2024\/08\/Parc_loups-Saint_Leu_dEsserent-Accrobranche-Creil_Sud_Oise_Tourisme-5-18x10.jpg 18w, https:\/\/www.creilsudoise-tourisme.fr\/wp-content\/uploads\/2024\/08\/Parc_loups-Saint_Leu_dEsserent-Accrobranche-Creil_Sud_Oise_Tourisme-5-200x113.jpg 200w, https:\/\/www.creilsudoise-tourisme.fr\/wp-content\/uploads\/2024\/08\/Parc_loups-Saint_Leu_dEsserent-Accrobranche-Creil_Sud_Oise_Tourisme-5-650x366.jpg 650w, https:\/\/www.creilsudoise-tourisme.fr\/wp-content\/uploads\/2024\/08\/Parc_loups-Saint_Leu_dEsserent-Accrobranche-Creil_Sud_Oise_Tourisme-5-387x218.jpg 387w, https:\/\/www.creilsudoise-tourisme.fr\/wp-content\/uploads\/2024\/08\/Parc_loups-Saint_Leu_dEsserent-Accrobranche-Creil_Sud_Oise_Tourisme-5.jpg 1480w\" sizes=\"(max-width: 1200px) 100vw, 1200px\" \/><figcaption class=\"wp-element-caption\">Creil Sud Oise Tourisme<\/figcaption><\/figure>\n<\/div>\n\n\n\n<div class=\"is-layout-flow wp-block-column\" style=\"flex-basis:33.33%\">\n<p>What's more, you can also go cycling here.<strong>treetop course,<\/strong> ! Visit <strong><a href=\"https:\/\/www.creilsudoise-tourisme.fr\/en\/jexplore\/incontournables\/parc-des-loups\/\">Parc des Loups<\/a><\/strong>located at <strong>within the base<\/strong> offers you <strong>several routes<\/strong> for <strong>small<\/strong> and <strong>big<\/strong>an <strong>Explor Games<\/strong> (activity in <strong>immersion<\/strong> in the <strong>nature<\/strong> guided by a<strong> tablet<\/strong>) and a <strong>zip line <\/strong>!<\/p>\n<\/div>\n<\/div>\n\n\n\n<div class=\"is-layout-flex wp-container-36 wp-block-columns\">\n<div class=\"is-layout-flow wp-block-column\" style=\"flex-basis:33.33%\">\n<p>A <strong>Museum<\/strong> to finish? The <strong><a href=\"https:\/\/www.creilsudoise-tourisme.fr\/en\/jexplore\/must-haves\/musee-galle-juillet-2\/\">Gall\u00e9-Juillet Museum <\/a><\/strong>takes you on a tour of its <strong>typical bourgeois house of the period<\/strong>again in his<strong> juice<\/strong> and was <strong>bequeathed<\/strong> to the <strong>City of Creil <\/strong>by the <strong>Gall\u00e9 family<\/strong>. <strong>Discover<\/strong> the story <strong>tragic<\/strong> of this family...<br>You can also discover a <strong>fine earthenware collection<\/strong> to the <strong><a href=\"https:\/\/www.creilsudoise-tourisme.fr\/en\/patrimoine\/maison-de-la-faience\/\">House of Earthenware<\/a><\/strong>located just opposite the Museum!<\/p>\n<\/div>\n\n\n\n<div class=\"is-layout-flow wp-block-column\" style=\"flex-basis:66.66%\">\n<figure class=\"wp-block-image size-large\"><img decoding=\"async\" loading=\"lazy\" width=\"1200\" height=\"800\" data-src=\"https:\/\/www.creilsudoise-tourisme.fr\/wp-content\/uploads\/2021\/04\/Visite-guide\u0301e-de-la-cuisine-a\u0300-la-Maison-Galle\u0301-Juillet-1200x800.jpg\" alt=\"Guided tour of the Maison Gall\u00e9-Juillet\" class=\"wp-image-33097\" data-srcset=\"https:\/\/www.creilsudoise-tourisme.fr\/wp-content\/uploads\/2021\/04\/Visite-guide\u0301e-de-la-cuisine-a\u0300-la-Maison-Galle\u0301-Juillet-1200x800.jpg 1200w, https:\/\/www.creilsudoise-tourisme.fr\/wp-content\/uploads\/2021\/04\/Visite-guide\u0301e-de-la-cuisine-a\u0300-la-Maison-Galle\u0301-Juillet-600x400.jpg 600w, https:\/\/www.creilsudoise-tourisme.fr\/wp-content\/uploads\/2021\/04\/Visite-guide\u0301e-de-la-cuisine-a\u0300-la-Maison-Galle\u0301-Juillet-900x600.jpg 900w, https:\/\/www.creilsudoise-tourisme.fr\/wp-content\/uploads\/2021\/04\/Visite-guide\u0301e-de-la-cuisine-a\u0300-la-Maison-Galle\u0301-Juillet-1536x1024.jpg 1536w, https:\/\/www.creilsudoise-tourisme.fr\/wp-content\/uploads\/2021\/04\/Visite-guide\u0301e-de-la-cuisine-a\u0300-la-Maison-Galle\u0301-Juillet-200x133.jpg 200w, https:\/\/www.creilsudoise-tourisme.fr\/wp-content\/uploads\/2021\/04\/Visite-guide\u0301e-de-la-cuisine-a\u0300-la-Maison-Galle\u0301-Juillet-650x433.jpg 650w, https:\/\/www.creilsudoise-tourisme.fr\/wp-content\/uploads\/2021\/04\/Visite-guide\u0301e-de-la-cuisine-a\u0300-la-Maison-Galle\u0301-Juillet-387x258.jpg 387w, https:\/\/www.creilsudoise-tourisme.fr\/wp-content\/uploads\/2021\/04\/Visite-guide\u0301e-de-la-cuisine-a\u0300-la-Maison-Galle\u0301-Juillet-275x183.jpg 275w, https:\/\/www.creilsudoise-tourisme.fr\/wp-content\/uploads\/2021\/04\/Visite-guide\u0301e-de-la-cuisine-a\u0300-la-Maison-Galle\u0301-Juillet.jpg 1600w\" sizes=\"(max-width: 1200px) 100vw, 1200px\" \/><\/figure>\n<\/div>\n<\/div>\n\n\n\n<hr class=\"wp-block-separator has-alpha-channel-opacity\"\/>\n\n\n\n<p>We wish you <strong>very nice holidays <\/strong>!<br><strong>Don't hesitate to<\/strong> \u00e0 <strong>return to this page<\/strong> which will <strong>updated regularly<\/strong> or c<strong>onsult our agenda<\/strong> <strong>online<\/strong> \u2193<\/p>\n\n\n\n<div class=\"is-content-justification-center is-layout-flex wp-container-37 wp-block-buttons\">\n<div class=\"wp-block-button\"><a class=\"wp-block-button__link wp-element-button\" href=\"https:\/\/www.creilsudoise-tourisme.fr\/en\/agenda\/\" target=\"_blank\" rel=\"noreferrer noopener\">THE WHOLE AGENDA<\/a><\/div>\n<\/div>\n\n\n\n<hr class=\"wp-block-separator has-alpha-channel-opacity\"\/>","protected":false},"excerpt":{"rendered":"<p>It's finally holiday time! Whether you live in the Oise or are just passing through, there's plenty to keep you busy this summer! See our selection of activities below. Programme of \"C'est l'\u00e9t\u00e9\" towns In Villers-Saint-Paul Inflatable structures, board games, sports activities, arts and crafts, smoothie bar, cosmetics making [...]<\/p>","protected":false},"author":10,"featured_media":63310,"comment_status":"closed","ping_status":"closed","sticky":false,"template":"","format":"standard","meta":{"_relevanssi_hide_post":"","_relevanssi_hide_content":"","_relevanssi_pin_for_all":"","_relevanssi_pin_keywords":"","_relevanssi_unpin_keywords":"","_relevanssi_related_keywords":"","_relevanssi_related_include_ids":"","_relevanssi_related_exclude_ids":"","_relevanssi_related_no_append":"","_relevanssi_related_not_related":"","_relevanssi_related_posts":"56179,41674,39315,59693,38921,56040","_relevanssi_noindex_reason":""},"categories":[5],"tags":[],"yoast_head":"<!-- This site is optimized with the Yoast SEO plugin v20.2.1 - https:\/\/yoast.com\/wordpress\/plugins\/seo\/ -->\n<title>Que faire cet \u00e9t\u00e9 ?<\/title>\n<meta name=\"description\" content=\"Que faire cet \u00e9t\u00e9 en famille ou entre amis \u00e0 Creil Sud Oise, pr\u00e8s de Chantilly et Senlis ? D\u00e9couvrez notre s\u00e9lection de sorties !\" \/>\n<meta name=\"robots\" content=\"index, follow, max-snippet:-1, max-image-preview:large, max-video-preview:-1\" \/>\n<link rel=\"canonical\" href=\"https:\/\/www.creilsudoise-tourisme.fr\/en\/2025\/06\/26\/summer-holidays-2\/\" \/>\n<meta property=\"og:locale\" content=\"en_GB\" \/>\n<meta property=\"og:type\" content=\"article\" \/>\n<meta property=\"og:title\" content=\"Que faire cet \u00e9t\u00e9 ?\" \/>\n<meta property=\"og:description\" content=\"Que faire cet \u00e9t\u00e9 en famille ou entre amis \u00e0 Creil Sud Oise, pr\u00e8s de Chantilly et Senlis ? D\u00e9couvrez notre s\u00e9lection de sorties !\" \/>\n<meta property=\"og:url\" content=\"https:\/\/www.creilsudoise-tourisme.fr\/en\/2025\/06\/26\/summer-holidays-2\/\" \/>\n<meta property=\"og:site_name\" content=\"Office de Tourisme Creil Sud Oise\" \/>\n<meta property=\"article:publisher\" content=\"https:\/\/www.facebook.com\/creilsudoisetourisme\/\" \/>\n<meta property=\"article:published_time\" content=\"2025-06-26T12:14:18+00:00\" \/>\n<meta property=\"article:modified_time\" content=\"2025-10-08T08:32:34+00:00\" \/>\n<meta property=\"og:image\" content=\"https:\/\/www.creilsudoise-tourisme.fr\/wp-content\/uploads\/2025\/06\/Actu-vacances-ete-1.png\" \/>\n\t<meta property=\"og:image:width\" content=\"1480\" \/>\n\t<meta property=\"og:image:height\" content=\"740\" \/>\n\t<meta property=\"og:image:type\" content=\"image\/png\" \/>\n<meta name=\"author\" content=\"emilie\" \/>\n<meta name=\"twitter:card\" content=\"summary_large_image\" \/>\n<meta name=\"twitter:creator\" content=\"@CreilSudOiseOT\" \/>\n<meta name=\"twitter:site\" content=\"@CreilSudOiseOT\" \/>\n<meta name=\"twitter:label1\" content=\"Written by\" \/>\n\t<meta name=\"twitter:data1\" content=\"emilie\" \/>\n\t<meta name=\"twitter:label2\" content=\"Estimated reading time\" \/>\n\t<meta name=\"twitter:data2\" content=\"8 minutes\" \/>\n<script type=\"application\/ld+json\" class=\"yoast-schema-graph\">{\"@context\":\"https:\/\/schema.org\",\"@graph\":[{\"@type\":\"Article\",\"@id\":\"https:\/\/www.creilsudoise-tourisme.fr\/2025\/06\/26\/vacances-ete\/#article\",\"isPartOf\":{\"@id\":\"https:\/\/www.creilsudoise-tourisme.fr\/2025\/06\/26\/vacances-ete\/\"},\"author\":{\"name\":\"emilie\",\"@id\":\"https:\/\/www.creilsudoise-tourisme.fr\/#\/schema\/person\/81a1ab3a236faa5508e8f47600a85072\"},\"headline\":\"C&rsquo;est les vacances d&rsquo;\u00e9t\u00e9 !\",\"datePublished\":\"2025-06-26T12:14:18+00:00\",\"dateModified\":\"2025-10-08T08:32:34+00:00\",\"mainEntityOfPage\":{\"@id\":\"https:\/\/www.creilsudoise-tourisme.fr\/2025\/06\/26\/vacances-ete\/\"},\"wordCount\":1617,\"publisher\":{\"@id\":\"https:\/\/www.creilsudoise-tourisme.fr\/#organization\"},\"articleSection\":[\"Actus\"],\"inLanguage\":\"en-GB\"},{\"@type\":\"WebPage\",\"@id\":\"https:\/\/www.creilsudoise-tourisme.fr\/2025\/06\/26\/vacances-ete\/\",\"url\":\"https:\/\/www.creilsudoise-tourisme.fr\/2025\/06\/26\/vacances-ete\/\",\"name\":\"Que faire cet \u00e9t\u00e9 ?\",\"isPartOf\":{\"@id\":\"https:\/\/www.creilsudoise-tourisme.fr\/#website\"},\"datePublished\":\"2025-06-26T12:14:18+00:00\",\"dateModified\":\"2025-10-08T08:32:34+00:00\",\"description\":\"Que faire cet \u00e9t\u00e9 en famille ou entre amis \u00e0 Creil Sud Oise, pr\u00e8s de Chantilly et Senlis ? D\u00e9couvrez notre s\u00e9lection de sorties !\",\"breadcrumb\":{\"@id\":\"https:\/\/www.creilsudoise-tourisme.fr\/2025\/06\/26\/vacances-ete\/#breadcrumb\"},\"inLanguage\":\"en-GB\",\"potentialAction\":[{\"@type\":\"ReadAction\",\"target\":[\"https:\/\/www.creilsudoise-tourisme.fr\/2025\/06\/26\/vacances-ete\/\"]}]},{\"@type\":\"BreadcrumbList\",\"@id\":\"https:\/\/www.creilsudoise-tourisme.fr\/2025\/06\/26\/vacances-ete\/#breadcrumb\",\"itemListElement\":[{\"@type\":\"ListItem\",\"position\":1,\"name\":\"Accueil\",\"item\":\"https:\/\/www.creilsudoise-tourisme.fr\/\"},{\"@type\":\"ListItem\",\"position\":2,\"name\":\"C&rsquo;est les vacances d&rsquo;\u00e9t\u00e9 !\"}]},{\"@type\":\"WebSite\",\"@id\":\"https:\/\/www.creilsudoise-tourisme.fr\/#website\",\"url\":\"https:\/\/www.creilsudoise-tourisme.fr\/\",\"name\":\"Office de Tourisme Creil Sud Oise\",\"description\":\"Creil Sud Oise Tourisme, un territoire \u00e0 explorer !\",\"publisher\":{\"@id\":\"https:\/\/www.creilsudoise-tourisme.fr\/#organization\"},\"potentialAction\":[{\"@type\":\"SearchAction\",\"target\":{\"@type\":\"EntryPoint\",\"urlTemplate\":\"https:\/\/www.creilsudoise-tourisme.fr\/?s={search_term_string}\"},\"query-input\":\"required name=search_term_string\"}],\"inLanguage\":\"en-GB\"},{\"@type\":\"Organization\",\"@id\":\"https:\/\/www.creilsudoise-tourisme.fr\/#organization\",\"name\":\"Creil Sud Oise Tourisme\",\"url\":\"https:\/\/www.creilsudoise-tourisme.fr\/\",\"logo\":{\"@type\":\"ImageObject\",\"inLanguage\":\"en-GB\",\"@id\":\"https:\/\/www.creilsudoise-tourisme.fr\/#\/schema\/logo\/image\/\",\"url\":\"https:\/\/www.creilsudoise-tourisme.fr\/wp-content\/uploads\/2021\/05\/logo-svg.png\",\"contentUrl\":\"https:\/\/www.creilsudoise-tourisme.fr\/wp-content\/uploads\/2021\/05\/logo-svg.png\",\"width\":182,\"height\":71,\"caption\":\"Creil Sud Oise Tourisme\"},\"image\":{\"@id\":\"https:\/\/www.creilsudoise-tourisme.fr\/#\/schema\/logo\/image\/\"},\"sameAs\":[\"https:\/\/www.facebook.com\/creilsudoisetourisme\/\",\"https:\/\/twitter.com\/CreilSudOiseOT\",\"https:\/\/www.instagram.com\/creilsudoisetourisme\/\",\"https:\/\/www.youtube.com\/channel\/UC8L_QD2wwyADW14zt9fY8kw\"]},{\"@type\":\"Person\",\"@id\":\"https:\/\/www.creilsudoise-tourisme.fr\/#\/schema\/person\/81a1ab3a236faa5508e8f47600a85072\",\"name\":\"emilie\",\"image\":{\"@type\":\"ImageObject\",\"inLanguage\":\"en-GB\",\"@id\":\"https:\/\/www.creilsudoise-tourisme.fr\/#\/schema\/person\/image\/\",\"url\":\"https:\/\/secure.gravatar.com\/avatar\/63ed1ecafae1b27e36a71e8626bc354f?s=96&d=mm&r=g\",\"contentUrl\":\"https:\/\/secure.gravatar.com\/avatar\/63ed1ecafae1b27e36a71e8626bc354f?s=96&d=mm&r=g\",\"caption\":\"emilie\"},\"url\":\"https:\/\/www.creilsudoise-tourisme.fr\/en\/auteur\/emilie\/\"}]}<\/script>\n<!-- \/ Yoast SEO plugin. -->","yoast_head_json":{"title":"Que faire cet \u00e9t\u00e9 ?","description":"Que faire cet \u00e9t\u00e9 en famille ou entre amis \u00e0 Creil Sud Oise, pr\u00e8s de Chantilly et Senlis ? D\u00e9couvrez notre s\u00e9lection de sorties !","robots":{"index":"index","follow":"follow","max-snippet":"max-snippet:-1","max-image-preview":"max-image-preview:large","max-video-preview":"max-video-preview:-1"},"canonical":"https:\/\/www.creilsudoise-tourisme.fr\/en\/2025\/06\/26\/summer-holidays-2\/","og_locale":"en_GB","og_type":"article","og_title":"Que faire cet \u00e9t\u00e9 ?","og_description":"Que faire cet \u00e9t\u00e9 en famille ou entre amis \u00e0 Creil Sud Oise, pr\u00e8s de Chantilly et Senlis ? D\u00e9couvrez notre s\u00e9lection de sorties !","og_url":"https:\/\/www.creilsudoise-tourisme.fr\/en\/2025\/06\/26\/summer-holidays-2\/","og_site_name":"Office de Tourisme Creil Sud Oise","article_publisher":"https:\/\/www.facebook.com\/creilsudoisetourisme\/","article_published_time":"2025-06-26T12:14:18+00:00","article_modified_time":"2025-10-08T08:32:34+00:00","og_image":[{"width":1480,"height":740,"url":"https:\/\/www.creilsudoise-tourisme.fr\/wp-content\/uploads\/2025\/06\/Actu-vacances-ete-1.png","type":"image\/png"}],"author":"emilie","twitter_card":"summary_large_image","twitter_creator":"@CreilSudOiseOT","twitter_site":"@CreilSudOiseOT","twitter_misc":{"Written by":"emilie","Estimated reading time":"8 minutes"},"schema":{"@context":"https:\/\/schema.org","@graph":[{"@type":"Article","@id":"https:\/\/www.creilsudoise-tourisme.fr\/2025\/06\/26\/vacances-ete\/#article","isPartOf":{"@id":"https:\/\/www.creilsudoise-tourisme.fr\/2025\/06\/26\/vacances-ete\/"},"author":{"name":"emilie","@id":"https:\/\/www.creilsudoise-tourisme.fr\/#\/schema\/person\/81a1ab3a236faa5508e8f47600a85072"},"headline":"C&rsquo;est les vacances d&rsquo;\u00e9t\u00e9 !","datePublished":"2025-06-26T12:14:18+00:00","dateModified":"2025-10-08T08:32:34+00:00","mainEntityOfPage":{"@id":"https:\/\/www.creilsudoise-tourisme.fr\/2025\/06\/26\/vacances-ete\/"},"wordCount":1617,"publisher":{"@id":"https:\/\/www.creilsudoise-tourisme.fr\/#organization"},"articleSection":["Actus"],"inLanguage":"en-GB"},{"@type":"WebPage","@id":"https:\/\/www.creilsudoise-tourisme.fr\/2025\/06\/26\/vacances-ete\/","url":"https:\/\/www.creilsudoise-tourisme.fr\/2025\/06\/26\/vacances-ete\/","name":"Que faire cet \u00e9t\u00e9 ?","isPartOf":{"@id":"https:\/\/www.creilsudoise-tourisme.fr\/#website"},"datePublished":"2025-06-26T12:14:18+00:00","dateModified":"2025-10-08T08:32:34+00:00","description":"Que faire cet \u00e9t\u00e9 en famille ou entre amis \u00e0 Creil Sud Oise, pr\u00e8s de Chantilly et Senlis ? D\u00e9couvrez notre s\u00e9lection de sorties !","breadcrumb":{"@id":"https:\/\/www.creilsudoise-tourisme.fr\/2025\/06\/26\/vacances-ete\/#breadcrumb"},"inLanguage":"en-GB","potentialAction":[{"@type":"ReadAction","target":["https:\/\/www.creilsudoise-tourisme.fr\/2025\/06\/26\/vacances-ete\/"]}]},{"@type":"BreadcrumbList","@id":"https:\/\/www.creilsudoise-tourisme.fr\/2025\/06\/26\/vacances-ete\/#breadcrumb","itemListElement":[{"@type":"ListItem","position":1,"name":"Accueil","item":"https:\/\/www.creilsudoise-tourisme.fr\/"},{"@type":"ListItem","position":2,"name":"C&rsquo;est les vacances d&rsquo;\u00e9t\u00e9 !"}]},{"@type":"WebSite","@id":"https:\/\/www.creilsudoise-tourisme.fr\/#website","url":"https:\/\/www.creilsudoise-tourisme.fr\/","name":"Office de Tourisme Creil Sud Oise","description":"Creil Sud Oise Tourisme, un territoire \u00e0 explorer !","publisher":{"@id":"https:\/\/www.creilsudoise-tourisme.fr\/#organization"},"potentialAction":[{"@type":"SearchAction","target":{"@type":"EntryPoint","urlTemplate":"https:\/\/www.creilsudoise-tourisme.fr\/?s={search_term_string}"},"query-input":"required name=search_term_string"}],"inLanguage":"en-GB"},{"@type":"Organization","@id":"https:\/\/www.creilsudoise-tourisme.fr\/#organization","name":"Creil Sud Oise Tourisme","url":"https:\/\/www.creilsudoise-tourisme.fr\/","logo":{"@type":"ImageObject","inLanguage":"en-GB","@id":"https:\/\/www.creilsudoise-tourisme.fr\/#\/schema\/logo\/image\/","url":"https:\/\/www.creilsudoise-tourisme.fr\/wp-content\/uploads\/2021\/05\/logo-svg.png","contentUrl":"https:\/\/www.creilsudoise-tourisme.fr\/wp-content\/uploads\/2021\/05\/logo-svg.png","width":182,"height":71,"caption":"Creil Sud Oise Tourisme"},"image":{"@id":"https:\/\/www.creilsudoise-tourisme.fr\/#\/schema\/logo\/image\/"},"sameAs":["https:\/\/www.facebook.com\/creilsudoisetourisme\/","https:\/\/twitter.com\/CreilSudOiseOT","https:\/\/www.instagram.com\/creilsudoisetourisme\/","https:\/\/www.youtube.com\/channel\/UC8L_QD2wwyADW14zt9fY8kw"]},{"@type":"Person","@id":"https:\/\/www.creilsudoise-tourisme.fr\/#\/schema\/person\/81a1ab3a236faa5508e8f47600a85072","name":"emilie","image":{"@type":"ImageObject","inLanguage":"en-GB","@id":"https:\/\/www.creilsudoise-tourisme.fr\/#\/schema\/person\/image\/","url":"https:\/\/secure.gravatar.com\/avatar\/63ed1ecafae1b27e36a71e8626bc354f?s=96&d=mm&r=g","contentUrl":"https:\/\/secure.gravatar.com\/avatar\/63ed1ecafae1b27e36a71e8626bc354f?s=96&d=mm&r=g","caption":"emilie"},"url":"https:\/\/www.creilsudoise-tourisme.fr\/en\/auteur\/emilie\/"}]}},"_links":{"self":[{"href":"https:\/\/www.creilsudoise-tourisme.fr\/en\/wp-json\/wp\/v2\/posts\/63226"}],"collection":[{"href":"https:\/\/www.creilsudoise-tourisme.fr\/en\/wp-json\/wp\/v2\/posts"}],"about":[{"href":"https:\/\/www.creilsudoise-tourisme.fr\/en\/wp-json\/wp\/v2\/types\/post"}],"author":[{"embeddable":true,"href":"https:\/\/www.creilsudoise-tourisme.fr\/en\/wp-json\/wp\/v2\/users\/10"}],"replies":[{"embeddable":true,"href":"https:\/\/www.creilsudoise-tourisme.fr\/en\/wp-json\/wp\/v2\/comments?post=63226"}],"version-history":[{"count":35,"href":"https:\/\/www.creilsudoise-tourisme.fr\/en\/wp-json\/wp\/v2\/posts\/63226\/revisions"}],"predecessor-version":[{"id":64500,"href":"https:\/\/www.creilsudoise-tourisme.fr\/en\/wp-json\/wp\/v2\/posts\/63226\/revisions\/64500"}],"wp:featuredmedia":[{"embeddable":true,"href":"https:\/\/www.creilsudoise-tourisme.fr\/en\/wp-json\/wp\/v2\/media\/63310"}],"wp:attachment":[{"href":"https:\/\/www.creilsudoise-tourisme.fr\/en\/wp-json\/wp\/v2\/media?parent=63226"}],"wp:term":[{"taxonomy":"category","embeddable":true,"href":"https:\/\/www.creilsudoise-tourisme.fr\/en\/wp-json\/wp\/v2\/categories?post=63226"},{"taxonomy":"post_tag","embeddable":true,"href":"https:\/\/www.creilsudoise-tourisme.fr\/en\/wp-json\/wp\/v2\/tags?post=63226"}],"curies":[{"name":"wp","href":"https:\/\/api.w.org\/{rel}","templated":true}]}}