{"id":60988,"date":"2025-03-21T14:53:15","date_gmt":"2025-03-21T13:53:15","guid":{"rendered":"https:\/\/www.creilsudoise-tourisme.fr\/?p=60988"},"modified":"2025-04-25T08:58:56","modified_gmt":"2025-04-25T06:58:56","slug":"vacances-printemps","status":"publish","type":"post","link":"https:\/\/www.creilsudoise-tourisme.fr\/en\/2025\/03\/21\/spring-holidays\/","title":{"rendered":"Spring holidays: what's on?"},"content":{"rendered":"<p class=\"is-style-excerpt\">The <strong>beautiful days<\/strong> are coming! Visit <strong>sky <\/strong>is blue, the birds <strong>sing<\/strong>and here we are, hesitating about what to wear today: the mornings are still <strong>fresh<\/strong>while the afternoons become <strong>pleasantly soft<\/strong>.<br>Enough chit-chat: what if we were to offer you some <strong>activities<\/strong> and <strong>exits<\/strong> for your children's\/grandchildren's holidays?<\/p>\n\n\n\n<div class=\"is-content-justification-center is-layout-flex wp-container-1 wp-block-buttons\">\n<div class=\"wp-block-button\"><a class=\"wp-block-button__link wp-element-button\" href=\"https:\/\/www.creilsudoise-tourisme.fr\/en\/agenda\/\" target=\"_blank\" rel=\"noreferrer noopener\">THE WHOLE AGENDA<\/a><\/div>\n<\/div>\n\n\n\n<h2>Visits<\/h2>\n\n\n\n<p><\/p>\n\n\n\n<div class=\"is-layout-flex wp-container-4 wp-block-columns are-vertically-aligned-center\">\n<div class=\"is-layout-flow wp-block-column is-vertically-aligned-center\">\n<p>As usual, the <a href=\"https:\/\/www.creilsudoise-tourisme.fr\/en\/jexplore\/must-haves\/musee-galle-juillet-2\/\" target=\"_blank\" rel=\"noreferrer noopener\"><strong>Gall\u00e9-Juillet Museum<\/strong><\/a> is open from Wednesday afternoons to Sunday afternoons during the holidays! If you haven't visited the museum yet <strong>a must<\/strong> de Creil, which is actually a <strong>Belle Epoque house<\/strong>Now's your chance! The furniture of yesteryear is still on display and you can discover the<strong>history<\/strong> of this <strong>family<\/strong>in particular that of the small <strong>Maurice<\/strong>.<br>Don't hesitate to visit the <strong><a href=\"https:\/\/www.creilsudoise-tourisme.fr\/en\/patrimoine\/maison-de-la-faience\/\" target=\"_blank\" rel=\"noreferrer noopener\">House of Earthenware<\/a><\/strong>just opposite the Museum: a <strong>impressive collection<\/strong> fine earthenware awaits you, and there are plenty of activities to keep the young ones occupied!<br>I'm discovering the Museum by <a href=\"https:\/\/www.youtube.com\/watch?v=wY9wGoow8Vo&amp;ab_channel=CreilSudOiseTourisme\" target=\"_blank\" rel=\"noreferrer noopener\"><strong>video<\/strong><\/a> (<strong>it's all new!<\/strong>)<\/p>\n<\/div>\n\n\n\n<div class=\"is-layout-flow wp-block-column is-vertically-aligned-center\"><div class=\"wp-block-image\">\n<figure class=\"aligncenter size-large is-resized\"><img decoding=\"async\" loading=\"lazy\" data-src=\"https:\/\/www.creilsudoise-tourisme.fr\/wp-content\/uploads\/2023\/01\/3-Anne-Sophie-FLAMENT-ville-de-creil-MGJ-peintures-et-dessins-edited-1200x676.jpg\" alt=\"Guided tour for children at the Mus\u00e9e Gall\u00e9-Juillet in Creil\" class=\"wp-image-44228\" width=\"423\" height=\"238\" data-srcset=\"https:\/\/www.creilsudoise-tourisme.fr\/wp-content\/uploads\/2023\/01\/3-Anne-Sophie-FLAMENT-ville-de-creil-MGJ-peintures-et-dessins-edited-1200x676.jpg 1200w, https:\/\/www.creilsudoise-tourisme.fr\/wp-content\/uploads\/2023\/01\/3-Anne-Sophie-FLAMENT-ville-de-creil-MGJ-peintures-et-dessins-edited-600x338.jpg 600w, https:\/\/www.creilsudoise-tourisme.fr\/wp-content\/uploads\/2023\/01\/3-Anne-Sophie-FLAMENT-ville-de-creil-MGJ-peintures-et-dessins-edited-900x507.jpg 900w, https:\/\/www.creilsudoise-tourisme.fr\/wp-content\/uploads\/2023\/01\/3-Anne-Sophie-FLAMENT-ville-de-creil-MGJ-peintures-et-dessins-edited-1536x865.jpg 1536w, https:\/\/www.creilsudoise-tourisme.fr\/wp-content\/uploads\/2023\/01\/3-Anne-Sophie-FLAMENT-ville-de-creil-MGJ-peintures-et-dessins-edited-200x113.jpg 200w, https:\/\/www.creilsudoise-tourisme.fr\/wp-content\/uploads\/2023\/01\/3-Anne-Sophie-FLAMENT-ville-de-creil-MGJ-peintures-et-dessins-edited-650x366.jpg 650w, https:\/\/www.creilsudoise-tourisme.fr\/wp-content\/uploads\/2023\/01\/3-Anne-Sophie-FLAMENT-ville-de-creil-MGJ-peintures-et-dessins-edited-387x218.jpg 387w, https:\/\/www.creilsudoise-tourisme.fr\/wp-content\/uploads\/2023\/01\/3-Anne-Sophie-FLAMENT-ville-de-creil-MGJ-peintures-et-dessins-edited.jpg 1600w\" sizes=\"(max-width: 423px) 100vw, 423px\" \/><figcaption class=\"wp-element-caption\">Anne-Sophie Flament<\/figcaption><\/figure><\/div><\/div>\n<\/div>\n\n\n\n<div class=\"is-layout-flex wp-container-7 wp-block-columns\">\n<div class=\"is-layout-flow wp-block-column is-vertically-aligned-center\" style=\"flex-basis:33.33%\">\n<figure class=\"wp-block-image size-large\"><img decoding=\"async\" loading=\"lazy\" width=\"777\" height=\"1200\" data-src=\"https:\/\/www.creilsudoise-tourisme.fr\/wp-content\/uploads\/2025\/03\/Maison_Pierre-Saint_Maximin-Visite_guidee-B_Teissedre-5-777x1200.jpg\" alt=\"Carri\u00e8re Parrain at the Maison de la Pierre in Saint-Maximin\" class=\"wp-image-61012\" data-srcset=\"https:\/\/www.creilsudoise-tourisme.fr\/wp-content\/uploads\/2025\/03\/Maison_Pierre-Saint_Maximin-Visite_guidee-B_Teissedre-5-777x1200.jpg 777w, https:\/\/www.creilsudoise-tourisme.fr\/wp-content\/uploads\/2025\/03\/Maison_Pierre-Saint_Maximin-Visite_guidee-B_Teissedre-5-388x600.jpg 388w, https:\/\/www.creilsudoise-tourisme.fr\/wp-content\/uploads\/2025\/03\/Maison_Pierre-Saint_Maximin-Visite_guidee-B_Teissedre-5-583x900.jpg 583w, https:\/\/www.creilsudoise-tourisme.fr\/wp-content\/uploads\/2025\/03\/Maison_Pierre-Saint_Maximin-Visite_guidee-B_Teissedre-5-994x1536.jpg 994w, https:\/\/www.creilsudoise-tourisme.fr\/wp-content\/uploads\/2025\/03\/Maison_Pierre-Saint_Maximin-Visite_guidee-B_Teissedre-5-8x12.jpg 8w, https:\/\/www.creilsudoise-tourisme.fr\/wp-content\/uploads\/2025\/03\/Maison_Pierre-Saint_Maximin-Visite_guidee-B_Teissedre-5-200x309.jpg 200w, https:\/\/www.creilsudoise-tourisme.fr\/wp-content\/uploads\/2025\/03\/Maison_Pierre-Saint_Maximin-Visite_guidee-B_Teissedre-5-650x1004.jpg 650w, https:\/\/www.creilsudoise-tourisme.fr\/wp-content\/uploads\/2025\/03\/Maison_Pierre-Saint_Maximin-Visite_guidee-B_Teissedre-5-387x598.jpg 387w, https:\/\/www.creilsudoise-tourisme.fr\/wp-content\/uploads\/2025\/03\/Maison_Pierre-Saint_Maximin-Visite_guidee-B_Teissedre-5.jpg 1243w\" sizes=\"(max-width: 777px) 100vw, 777px\" \/><figcaption class=\"wp-element-caption\">B.Teissedre<\/figcaption><\/figure>\n<\/div>\n\n\n\n<div class=\"is-layout-flow wp-block-column\" style=\"flex-basis:66.66%\">\n<p>For Easter, the<a href=\"https:\/\/www.creilsudoise-tourisme.fr\/en\/jexplore\/must-haves\/maison-de-la-pierre\/\"> <strong>Maison de la Pierre<\/strong><\/a> offers you a whole <strong>lots of activities<\/strong> (<em>see ci-d<\/em>essous, in the \"Workshops\" section) as well as a <strong><a href=\"https:\/\/www.creilsudoise-tourisme.fr\/en\/agenda-animations\/balades-contees-de-paques-au-coeur-des-carrieres-souterraines\/\" target=\"_blank\" rel=\"noreferrer noopener\">new storytelling walk<\/a><\/strong> at <strong>the heart of the underground quarry<\/strong> of Saint-Maximin! Follow a <strong>mysterious fairy<\/strong> which will take you to the <strong>Easter bunnies<\/strong>&#8230; <em>But shhh, it's a <strong>secret<\/strong> !<\/em><br>A<strong> egg hunt<\/strong> is planned after the walk. So, are you ready to <strong>run<\/strong> and open <strong>your eyes wide<\/strong> ? <em>1,2,3...Go!<\/em><br>The Maison de la Pierre will reopen for the season at the beginning of April: <strong>every Wednesday<\/strong>you can attend a <strong>guided tour of the underground quarry<\/strong>with a few extra dates for Easter: <a href=\"https:\/\/www.maisondelapierre-oise.fr\/activites\/\" target=\"_blank\" rel=\"noreferrer noopener\">we'll let you find out<\/a> !<\/p>\n<\/div>\n<\/div>\n\n\n\n<p><br><\/p>\n\n\n\n<p>For younger children (aged 5-14), the&nbsp;<strong><a href=\"https:\/\/www.creilsudoise-tourisme.fr\/en\/jexplore\/must-haves\/\" target=\"_blank\" rel=\"noreferrer noopener\">Rivierre nail factory<\/a><\/strong>&nbsp;in Creil offers a&nbsp;<a href=\"https:\/\/www.creilsudoise-tourisme.fr\/en\/agenda-animations\/visite-et-atelier-creatif-a-la-clouterie\/\" target=\"_blank\" rel=\"noreferrer noopener\"><strong>screws<\/strong><\/a><strong><a href=\"https:\/\/www.creilsudoise-tourisme.fr\/en\/agenda-animations\/visite-et-atelier-creatif-a-la-clouterie\/\" target=\"_blank\" rel=\"noreferrer noopener\">playful ite<\/a><\/strong>&nbsp;of its&nbsp;<strong>factory<\/strong>followed by a&nbsp;<strong>creative workshop<\/strong>&nbsp;around the nails: accompanied by an adult, your child will leave with his or her own&nbsp;<strong>creation<\/strong>&nbsp;! Who knows, some&nbsp;<strong>vocations<\/strong>&nbsp;will perhaps be born?<br><br>The <a href=\"https:\/\/www.nogentsuroise.fr\/a-tout-age\/enfance-et-education\/ferme-pedagogique\" target=\"_blank\" rel=\"noreferrer noopener\">la MASTE educational farm<\/a>at Nogent-sur-Oise, welcomes you to <a href=\"https:\/\/www.creilsudoise-tourisme.fr\/en\/agenda-animations\/bienvenue-a-la-ferme-pedagogique-de-la-maste-4\/\" target=\"_blank\" rel=\"noreferrer noopener\"><strong>visit the animals<\/strong> <\/a>just waiting <strong>you<\/strong> to be stroked!<\/p>\n\n\n\n<h2>Workshops<br><\/h2>\n\n\n\n<div class=\"is-layout-flex wp-container-10 wp-block-columns are-vertically-aligned-center\">\n<div class=\"is-layout-flow wp-block-column is-vertically-aligned-center\" style=\"flex-basis:66.66%\">\n<p>The <strong><a href=\"https:\/\/www.creilsudoise-tourisme.fr\/en\/jexplore\/must-haves\/maison-de-la-pierre\/\">Maison de la Pierre<\/a> <\/strong>in Saint-Maximin offers a wide range of activities:<strong> <a href=\"https:\/\/www.creilsudoise-tourisme.fr\/en\/agenda-animations\/initiation-sculpture-sur-pierre\/\" target=\"_blank\" rel=\"noreferrer noopener\">stone sculpture<\/a><\/strong>, <strong>introduction to <a href=\"https:\/\/www.creilsudoise-tourisme.fr\/en\/agenda-animations\/initiation-lithotherapy-3-2\/\" target=\"_blank\" rel=\"noreferrer noopener\">lithotherapy<\/a><\/strong>, <strong>discovery of <a href=\"https:\/\/www.creilsudoise-tourisme.fr\/en\/agenda-animations\/atelier-le-pouvoir-des-plantes\/\" target=\"_blank\" rel=\"noreferrer noopener\">the power of plants<\/a><\/strong> with a <strong>naturopath<\/strong>.<br>You can even <strong>do them all<\/strong> if the<strong>boredom<\/strong> is your <strong>enemy<\/strong> !<\/p>\n<\/div>\n\n\n\n<div class=\"is-layout-flow wp-block-column is-vertically-aligned-center\" style=\"flex-basis:33.33%\">\n<figure class=\"wp-block-image size-large\"><img decoding=\"async\" loading=\"lazy\" width=\"800\" height=\"1200\" data-src=\"https:\/\/www.creilsudoise-tourisme.fr\/wp-content\/uploads\/2021\/05\/Initiation-a-la-sculpture-sur-pierre-avec-des-enfants-a-la-Maison-de-la-Pierre-a-Saint-Maximin-800x1200.jpg\" alt=\"Initiation to stone sculpture with children at the Maison de la Pierre in Saint-Maximin\" class=\"wp-image-34645\" data-srcset=\"https:\/\/www.creilsudoise-tourisme.fr\/wp-content\/uploads\/2021\/05\/Initiation-a-la-sculpture-sur-pierre-avec-des-enfants-a-la-Maison-de-la-Pierre-a-Saint-Maximin-800x1200.jpg 800w, https:\/\/www.creilsudoise-tourisme.fr\/wp-content\/uploads\/2021\/05\/Initiation-a-la-sculpture-sur-pierre-avec-des-enfants-a-la-Maison-de-la-Pierre-a-Saint-Maximin-400x600.jpg 400w, https:\/\/www.creilsudoise-tourisme.fr\/wp-content\/uploads\/2021\/05\/Initiation-a-la-sculpture-sur-pierre-avec-des-enfants-a-la-Maison-de-la-Pierre-a-Saint-Maximin-600x900.jpg 600w, https:\/\/www.creilsudoise-tourisme.fr\/wp-content\/uploads\/2021\/05\/Initiation-a-la-sculpture-sur-pierre-avec-des-enfants-a-la-Maison-de-la-Pierre-a-Saint-Maximin-200x300.jpg 200w, https:\/\/www.creilsudoise-tourisme.fr\/wp-content\/uploads\/2021\/05\/Initiation-a-la-sculpture-sur-pierre-avec-des-enfants-a-la-Maison-de-la-Pierre-a-Saint-Maximin-650x975.jpg 650w, https:\/\/www.creilsudoise-tourisme.fr\/wp-content\/uploads\/2021\/05\/Initiation-a-la-sculpture-sur-pierre-avec-des-enfants-a-la-Maison-de-la-Pierre-a-Saint-Maximin-282x424.jpg 282w, https:\/\/www.creilsudoise-tourisme.fr\/wp-content\/uploads\/2021\/05\/Initiation-a-la-sculpture-sur-pierre-avec-des-enfants-a-la-Maison-de-la-Pierre-a-Saint-Maximin-387x581.jpg 387w, https:\/\/www.creilsudoise-tourisme.fr\/wp-content\/uploads\/2021\/05\/Initiation-a-la-sculpture-sur-pierre-avec-des-enfants-a-la-Maison-de-la-Pierre-a-Saint-Maximin.jpg 900w\" sizes=\"(max-width: 800px) 100vw, 800px\" \/><figcaption class=\"wp-element-caption\">Comdesimages B. Teissedre ADRTOise<\/figcaption><\/figure>\n<\/div>\n<\/div>\n\n\n\n<p><br><br>Take a tour of the <a href=\"https:\/\/www.creilsudoise-tourisme.fr\/en\/jexplore\/must-haves\/musee-galle-juillet-2\/\" target=\"_blank\" rel=\"noreferrer noopener\">Gall\u00e9-Juillet Museum<\/a>followed by a<strong> <a href=\"https:\/\/www.creilsudoise-tourisme.fr\/en\/agenda-animations\/decore-ton-coloriage-pour-quil-rime-avec-musique\/\" target=\"_blank\" rel=\"noreferrer noopener\">creative colouring and collage workshop<\/a><\/strong> on the theme of <strong>music<\/strong> represented in the <strong>ceramics<\/strong>. This workshop is <strong>in link<\/strong> with <a href=\"https:\/\/www.creilsudoise-tourisme.fr\/en\/agenda-animations\/exposition-quand-musique-rime-avec-ceramique-2\/\" target=\"_blank\" rel=\"noreferrer noopener\">the \"When music rhymes with ceramics\" exhibition,<\/a> available until 22 June.<br><br>Let yourself be tempted by a<strong> <a href=\"https:\/\/www.creilsudoise-tourisme.fr\/en\/agenda-animations\/stage-sculpture-sur-bois\/\" target=\"_blank\" rel=\"noreferrer noopener\">woodcarving workshop<\/a><\/strong> which takes place over several days at the<a href=\"https:\/\/www.creilsudoise-tourisme.fr\/en\/loisirs\/espace-henri-matisse\/\" target=\"_blank\" rel=\"noreferrer noopener\">'<strong>Espace Matisse<\/strong><\/a> in Creil. Discover the <strong>ancestral gestures<\/strong> and the <strong>know-how<\/strong> of the <strong>wood sculpture<\/strong>. From age 14.<br><br>With the <strong><a href=\"https:\/\/www.facebook.com\/ecologis60\" target=\"_blank\" rel=\"noreferrer noopener\">Eco'Logis<\/a><\/strong> from <strong>Tandem Immobilier<\/strong>you can <strong><a href=\"https:\/\/www.creilsudoise-tourisme.fr\/en\/agenda-animations\/atelier-initiation-au-jardinage-2\/\" target=\"_blank\" rel=\"noreferrer noopener\">Introduction to gardening<\/a> <\/strong>planting seedlings, talking about seasonal fruit and vegetables, garden insects, and more.<strong> possible<\/strong> to take up gardening, <strong>even in flats<\/strong> ! Workshop <strong>possible<\/strong> with the <strong>children<\/strong>.<br><\/p>\n\n\n\n<h2>Culture<\/h2>\n\n\n\n<p>Let's talk culture! <\/p>\n\n\n\n<div class=\"is-layout-flex wp-container-13 wp-block-columns are-vertically-aligned-center\">\n<div class=\"is-layout-flow wp-block-column is-vertically-aligned-center\">\n<p>The city of <strong>festival <a href=\"https:\/\/www.creilsudoise-tourisme.fr\/en\/agenda-animations\/festival-les-ptites-tommettes\/\" target=\"_blank\" rel=\"noreferrer noopener\">Les p'tites tommettes<\/a><\/strong> by <a href=\"https:\/\/www.creilsudoise-tourisme.fr\/en\/loisirs\/la-faiencerie-theatre\/\"><strong>La Fa\u00efencerie<\/strong><\/a> de Creil offers a range of <strong>workshops<\/strong>, <strong>shows<\/strong> and <strong>film screenings<\/strong> for <strong>piece of cabbage<\/strong> (0 to 5 years old!). Workshops for <strong>expectant mothers<\/strong> are also waiting for you!<br>Find out more about <strong>programme<\/strong> entire <strong><a href=\"https:\/\/faiencerie-theatre.com\/p-tites-tommettes\" target=\"_blank\" rel=\"noreferrer noopener\">here<\/a><\/strong> !<\/p>\n<\/div>\n\n\n\n<div class=\"is-layout-flow wp-block-column is-vertically-aligned-center\">\n<figure class=\"wp-block-image size-full is-resized\"><img decoding=\"async\" loading=\"lazy\" data-src=\"https:\/\/www.creilsudoise-tourisme.fr\/wp-content\/uploads\/2025\/03\/programme_ptitestomettes_2025_web_Page_01.jpg\" alt=\"\" class=\"wp-image-60997\" width=\"228\" height=\"315\" data-srcset=\"https:\/\/www.creilsudoise-tourisme.fr\/wp-content\/uploads\/2025\/03\/programme_ptitestomettes_2025_web_Page_01.jpg 768w, https:\/\/www.creilsudoise-tourisme.fr\/wp-content\/uploads\/2025\/03\/programme_ptitestomettes_2025_web_Page_01-433x600.jpg 433w, https:\/\/www.creilsudoise-tourisme.fr\/wp-content\/uploads\/2025\/03\/programme_ptitestomettes_2025_web_Page_01-650x900.jpg 650w, https:\/\/www.creilsudoise-tourisme.fr\/wp-content\/uploads\/2025\/03\/programme_ptitestomettes_2025_web_Page_01-9x12.jpg 9w, https:\/\/www.creilsudoise-tourisme.fr\/wp-content\/uploads\/2025\/03\/programme_ptitestomettes_2025_web_Page_01-200x277.jpg 200w, https:\/\/www.creilsudoise-tourisme.fr\/wp-content\/uploads\/2025\/03\/programme_ptitestomettes_2025_web_Page_01-387x536.jpg 387w\" sizes=\"(max-width: 228px) 100vw, 228px\" \/><\/figure>\n<\/div>\n<\/div>\n\n\n\n<p><\/p>\n\n\n\n<p><br>At the <a href=\"https:\/\/www.villers-saint-paul.fr\/la-biblioth%C3%A8que-municipale-colette\"><strong>Colette Library<\/strong><\/a> of Villers-Saint-Paul, a<a href=\"https:\/\/www.creilsudoise-tourisme.fr\/en\/agenda-animations\/loisirs-les-apres-midi-jeux-en-avril\/\" target=\"_blank\" rel=\"noreferrer noopener\">&nbsp;<strong>afternoon board games<\/strong><\/a>&nbsp;for (accompanied) children. All you need for a&nbsp;<strong>nice afternoon<\/strong> strategic. <em>Counter-Uno!<\/em><br><br>Also for youngsters, the&nbsp;<a href=\"https:\/\/www.creilsudoise-tourisme.fr\/en\/agenda-animations\/lecture-les-livres-cest-bon-pour-les-bebes_-fevrier\/\" target=\"_blank\" rel=\"noreferrer noopener\">Saint-Vaast-l\u00e8s-Mello multimedia library<\/a>  offers a&nbsp;<strong><a href=\"https:\/\/www.creilsudoise-tourisme.fr\/en\/agenda-animations\/lecture-les-livres-cest-bon-pour-les-bebes_-avril\/\" target=\"_blank\" rel=\"noreferrer noopener\">suitable for children aged 0 to 3<\/a><\/strong>. On the programme:&nbsp;<strong>an hour of storytelling<\/strong> and discovering words.<br><br>For teenagers (aged 15 and over), the <a href=\"https:\/\/mediatheque.creil.fr\/decouvrir-les-mediatheques\" target=\"_blank\" rel=\"noreferrer noopener\">Antoine Chanut Media Library<\/a> of Creil to present your<strong> film coup de c\u0153ur<\/strong> of the moment and discuss the <strong>7th art<\/strong> ! <em>But that's crazy, it's my favourite film too!<\/em><br><br>The&nbsp;<a href=\"https:\/\/www.saintmaximin.eu\/bibliotheque-et-catalogue_fr.html\" target=\"_blank\" rel=\"noreferrer noopener\">Elsa Triolet library in Saint-Maximin<\/a>&nbsp;for<strong> Teens aged 16 and over<\/strong> and <strong>adults<\/strong>an&nbsp;<strong><a href=\"https:\/\/www.saintmaximin.eu\/article_468_1_cafe-gourmand_fr.html\" target=\"_blank\" rel=\"noreferrer noopener\">gourmet coffee<\/a><\/strong>&nbsp;around&nbsp;<strong>share<\/strong>&nbsp;books, series, films, games, exhibitions... It's that time of year!&nbsp;<strong>ideal<\/strong>&nbsp;to make&nbsp;<strong>cultural discoveries<\/strong>&nbsp;and&nbsp;<strong>friendly<\/strong>&nbsp;!<\/p>\n\n\n\n<h2>And also...<\/h2>\n\n\n\n<p>The<strong> <a href=\"https:\/\/www.creilsudoise-tourisme.fr\/en\/agenda-animations\/loisirs-les-petits-trains-dans-le-parc-de-la-breche\/\" target=\"_blank\" rel=\"noreferrer noopener\">mini-train rides<\/a><\/strong><a href=\"https:\/\/www.creilsudoise-tourisme.fr\/en\/agenda-animations\/loisirs-les-petits-trains-dans-le-parc-de-la-breche\/\" target=\"_blank\" rel=\"noreferrer noopener\"> <\/a>in the <a href=\"https:\/\/www.creilsudoise-tourisme.fr\/en\/espace-naturel\/parc-de-la-breche\/\" target=\"_blank\" rel=\"noreferrer noopener\">Parc de la Br\u00e8che<\/a> in Villers-Saint-Paul <strong>back <\/strong>this spring!<br>Take advantage of the <strong>beautiful days<\/strong> for a <strong>family time<\/strong> ! <em>Shall we move on to the next round?<\/em><\/p>\n\n\n\n<div class=\"is-layout-flex wp-container-15 wp-block-columns\">\n<div class=\"is-layout-flow wp-block-column\" style=\"flex-basis:66.66%\">\n<p><\/p>\n<\/div>\n<\/div>\n\n\n\n<div class=\"is-layout-flex wp-container-18 wp-block-columns\">\n<div class=\"is-layout-flow wp-block-column is-vertically-aligned-center\" style=\"flex-basis:50%\">\n<figure class=\"wp-block-image size-large\"><img decoding=\"async\" data-src=\"https:\/\/www.creilsudoise-tourisme.fr\/wp-content\/uploads\/wpetourisme\/SAINT-VAAST-LES-MELLO-Etang-Drone-Creil-Sud-Oise-Tourisme--1--1200x675.jpg\" alt=\"\" class=\"wp-image-60720\"\/><figcaption class=\"wp-element-caption\">Saint-Vaast-l\u00e8s-Mello<\/figcaption><\/figure>\n<\/div>\n\n\n\n<div class=\"is-layout-flow wp-block-column\" style=\"flex-basis:33.33%\">\n<p>Output <strong>100% nature and discovery<\/strong> a <strong><a href=\"https:\/\/www.creilsudoise-tourisme.fr\/en\/agenda-animations\/balade-decouverte-du-territoire-a-la-vallee-du-therain\/\" target=\"_blank\" rel=\"noreferrer noopener\">discovery walk through the region as far as the Th\u00e9rain valley<\/a><\/strong>. Commented by a <strong>certified nature guide <a href=\"https:\/\/www.parcs-naturels-regionaux.fr\/les-enjeux\/economie\/valeurs-parc-naturel-regional\/valeurs-parc-naturel-regional-la-marque\">Regional Nature Park values<\/a><\/strong>go on a <strong>exploration<\/strong> ! On the programme: wash-houses, churches, ponds and wetlands: real refuges of biodiversity. <strong>Learn more<\/strong> more about <strong>local wildlife<\/strong>. Finally, <strong>taste<\/strong> from <strong>local products<\/strong> to round off a morning that promises to be <strong>full of sharing<\/strong> !<\/p>\n<\/div>\n<\/div>\n\n\n\n<p><br><br>The <strong><a href=\"https:\/\/www.creilsudoise-tourisme.fr\/en\/agenda-animations\/fete-foraine-de-printemps\/\" target=\"_blank\" rel=\"noreferrer noopener\">spring fair<\/a><\/strong> is coming to Creil! It will be present in almost all the <strong>all holidays<\/strong>. Which ride appeals to you most? <br><br>A <strong>treasure hunt<\/strong> to round off the holidays and <strong>celebrate the arrival of the Easter bells<\/strong> ? The Saint-Leu d'Esserent leisure centre has come up with a special <strong><a href=\"https:\/\/www.creilsudoise-tourisme.fr\/en\/agenda-animations\/chasse-aux-oeufs-a-saint-leu-desserent\/\" target=\"_blank\" rel=\"noreferrer noopener\">egg hunt<\/a><\/strong> reserved exclusively for residents of Lupov.<br><br>The <a href=\"https:\/\/www.saintleudesserent.fr\/\" target=\"_blank\" rel=\"noreferrer noopener\">commune of Saint-Leu d'Esserent<\/a> is organising a <a href=\"https:\/\/www.saintleudesserent.fr\/article_549_1_chasse-au-tresor-du-patrimoine-pour-paques_fr.html\" target=\"_blank\" rel=\"noreferrer noopener\">treasure hunt<\/a> Help the rabbit find his treasure! Booking essential!<br><br>A<a href=\"https:\/\/www.creilsudoise-tourisme.fr\/en\/agenda-animations\/escape-game-panique-dans-la-bibliotheque\/\" target=\"_blank\" rel=\"noreferrer noopener\"> escape game<\/a> to the <a href=\"https:\/\/www.saintmaximin.eu\/bibliotheque-et-catalogue\" target=\"_blank\" rel=\"noreferrer noopener\">Saint-Maximin Library<\/a> Stop a very dangerous group, the Obscurantes. These manipulators regularly spread false scientific information. Can you stop them in time?<br><\/p>\n\n\n\n<hr class=\"wp-block-separator has-alpha-channel-opacity\"\/>\n\n\n\n<div class=\"is-layout-flex wp-block-buttons\">\n<div class=\"wp-block-button aligncenter\"><a class=\"wp-block-button__link wp-element-button\" href=\"https:\/\/www.creilsudoise-tourisme.fr\/en\/agenda\/\" target=\"_blank\" rel=\"noreferrer noopener\">THE WHOLE AGENDA<\/a><\/div>\n<\/div>","protected":false},"excerpt":{"rendered":"<p>The fine weather is here! The sky is blue, the birds are singing, and here we are, hesitating about what to wear for the day: the mornings are still cool, while the afternoons are getting pleasantly mild.Enough chit-chat: what if we suggested some activities and outings to keep your children\/grandchildren busy on their holidays? [...]<\/p>","protected":false},"author":10,"featured_media":60835,"comment_status":"closed","ping_status":"closed","sticky":false,"template":"","format":"standard","meta":{"_relevanssi_hide_post":"","_relevanssi_hide_content":"","_relevanssi_pin_for_all":"","_relevanssi_pin_keywords":"","_relevanssi_unpin_keywords":"","_relevanssi_related_keywords":"","_relevanssi_related_include_ids":"","_relevanssi_related_exclude_ids":"","_relevanssi_related_no_append":"","_relevanssi_related_not_related":"","_relevanssi_related_posts":"40150,40285,39936,40900,52538,37060","_relevanssi_noindex_reason":""},"categories":[5],"tags":[],"yoast_head":"<!-- This site is optimized with the Yoast SEO plugin v20.2.1 - https:\/\/yoast.com\/wordpress\/plugins\/seo\/ -->\n<title>Programme des vacances de Printemps \u00e0 Creil Sud Oise !<\/title>\n<meta name=\"description\" content=\"On fait quoi pendant les vacances de printemps ? D\u00e9couvrez notre s\u00e9lection d&#039;activit\u00e9s \u00e0 Creil Sud Oise, pr\u00e8s de Chantilly et Senlis !\" \/>\n<meta name=\"robots\" content=\"index, follow, max-snippet:-1, max-image-preview:large, max-video-preview:-1\" \/>\n<link rel=\"canonical\" href=\"https:\/\/www.creilsudoise-tourisme.fr\/en\/2025\/03\/21\/spring-holidays\/\" \/>\n<meta property=\"og:locale\" content=\"en_GB\" \/>\n<meta property=\"og:type\" content=\"article\" \/>\n<meta property=\"og:title\" content=\"Programme des vacances de Printemps \u00e0 Creil Sud Oise !\" \/>\n<meta property=\"og:description\" content=\"On fait quoi pendant les vacances de printemps ? D\u00e9couvrez notre s\u00e9lection d&#039;activit\u00e9s \u00e0 Creil Sud Oise, pr\u00e8s de Chantilly et Senlis !\" \/>\n<meta property=\"og:url\" content=\"https:\/\/www.creilsudoise-tourisme.fr\/en\/2025\/03\/21\/spring-holidays\/\" \/>\n<meta property=\"og:site_name\" content=\"Office de Tourisme Creil Sud Oise\" \/>\n<meta property=\"article:publisher\" content=\"https:\/\/www.facebook.com\/creilsudoisetourisme\/\" \/>\n<meta property=\"article:published_time\" content=\"2025-03-21T13:53:15+00:00\" \/>\n<meta property=\"article:modified_time\" content=\"2025-04-25T06:58:56+00:00\" \/>\n<meta property=\"og:image\" content=\"https:\/\/www.creilsudoise-tourisme.fr\/wp-content\/uploads\/2025\/03\/Prog-Paques-web-NL-Header-image-de-mise-en-avant.jpg\" \/>\n\t<meta property=\"og:image:width\" content=\"1480\" \/>\n\t<meta property=\"og:image:height\" content=\"740\" \/>\n\t<meta property=\"og:image:type\" content=\"image\/jpeg\" \/>\n<meta name=\"author\" content=\"emilie\" \/>\n<meta name=\"twitter:card\" content=\"summary_large_image\" \/>\n<meta name=\"twitter:creator\" content=\"@CreilSudOiseOT\" \/>\n<meta name=\"twitter:site\" content=\"@CreilSudOiseOT\" \/>\n<meta name=\"twitter:label1\" content=\"Written by\" \/>\n\t<meta name=\"twitter:data1\" content=\"emilie\" \/>\n\t<meta name=\"twitter:label2\" content=\"Estimated reading time\" \/>\n\t<meta name=\"twitter:data2\" content=\"5 minutes\" \/>\n<script type=\"application\/ld+json\" class=\"yoast-schema-graph\">{\"@context\":\"https:\/\/schema.org\",\"@graph\":[{\"@type\":\"Article\",\"@id\":\"https:\/\/www.creilsudoise-tourisme.fr\/2025\/03\/21\/vacances-printemps\/#article\",\"isPartOf\":{\"@id\":\"https:\/\/www.creilsudoise-tourisme.fr\/2025\/03\/21\/vacances-printemps\/\"},\"author\":{\"name\":\"emilie\",\"@id\":\"https:\/\/www.creilsudoise-tourisme.fr\/#\/schema\/person\/81a1ab3a236faa5508e8f47600a85072\"},\"headline\":\"Vacances de printemps : on fait quoi ?\",\"datePublished\":\"2025-03-21T13:53:15+00:00\",\"dateModified\":\"2025-04-25T06:58:56+00:00\",\"mainEntityOfPage\":{\"@id\":\"https:\/\/www.creilsudoise-tourisme.fr\/2025\/03\/21\/vacances-printemps\/\"},\"wordCount\":1012,\"publisher\":{\"@id\":\"https:\/\/www.creilsudoise-tourisme.fr\/#organization\"},\"articleSection\":[\"Actus\"],\"inLanguage\":\"en-GB\"},{\"@type\":\"WebPage\",\"@id\":\"https:\/\/www.creilsudoise-tourisme.fr\/2025\/03\/21\/vacances-printemps\/\",\"url\":\"https:\/\/www.creilsudoise-tourisme.fr\/2025\/03\/21\/vacances-printemps\/\",\"name\":\"Programme des vacances de Printemps \u00e0 Creil Sud Oise !\",\"isPartOf\":{\"@id\":\"https:\/\/www.creilsudoise-tourisme.fr\/#website\"},\"datePublished\":\"2025-03-21T13:53:15+00:00\",\"dateModified\":\"2025-04-25T06:58:56+00:00\",\"description\":\"On fait quoi pendant les vacances de printemps ? D\u00e9couvrez notre s\u00e9lection d'activit\u00e9s \u00e0 Creil Sud Oise, pr\u00e8s de Chantilly et Senlis !\",\"breadcrumb\":{\"@id\":\"https:\/\/www.creilsudoise-tourisme.fr\/2025\/03\/21\/vacances-printemps\/#breadcrumb\"},\"inLanguage\":\"en-GB\",\"potentialAction\":[{\"@type\":\"ReadAction\",\"target\":[\"https:\/\/www.creilsudoise-tourisme.fr\/2025\/03\/21\/vacances-printemps\/\"]}]},{\"@type\":\"BreadcrumbList\",\"@id\":\"https:\/\/www.creilsudoise-tourisme.fr\/2025\/03\/21\/vacances-printemps\/#breadcrumb\",\"itemListElement\":[{\"@type\":\"ListItem\",\"position\":1,\"name\":\"Accueil\",\"item\":\"https:\/\/www.creilsudoise-tourisme.fr\/\"},{\"@type\":\"ListItem\",\"position\":2,\"name\":\"Vacances de printemps : on fait quoi ?\"}]},{\"@type\":\"WebSite\",\"@id\":\"https:\/\/www.creilsudoise-tourisme.fr\/#website\",\"url\":\"https:\/\/www.creilsudoise-tourisme.fr\/\",\"name\":\"Office de Tourisme Creil Sud Oise\",\"description\":\"Creil Sud Oise Tourisme, un territoire \u00e0 explorer !\",\"publisher\":{\"@id\":\"https:\/\/www.creilsudoise-tourisme.fr\/#organization\"},\"potentialAction\":[{\"@type\":\"SearchAction\",\"target\":{\"@type\":\"EntryPoint\",\"urlTemplate\":\"https:\/\/www.creilsudoise-tourisme.fr\/?s={search_term_string}\"},\"query-input\":\"required name=search_term_string\"}],\"inLanguage\":\"en-GB\"},{\"@type\":\"Organization\",\"@id\":\"https:\/\/www.creilsudoise-tourisme.fr\/#organization\",\"name\":\"Creil Sud Oise Tourisme\",\"url\":\"https:\/\/www.creilsudoise-tourisme.fr\/\",\"logo\":{\"@type\":\"ImageObject\",\"inLanguage\":\"en-GB\",\"@id\":\"https:\/\/www.creilsudoise-tourisme.fr\/#\/schema\/logo\/image\/\",\"url\":\"https:\/\/www.creilsudoise-tourisme.fr\/wp-content\/uploads\/2021\/05\/logo-svg.png\",\"contentUrl\":\"https:\/\/www.creilsudoise-tourisme.fr\/wp-content\/uploads\/2021\/05\/logo-svg.png\",\"width\":182,\"height\":71,\"caption\":\"Creil Sud Oise Tourisme\"},\"image\":{\"@id\":\"https:\/\/www.creilsudoise-tourisme.fr\/#\/schema\/logo\/image\/\"},\"sameAs\":[\"https:\/\/www.facebook.com\/creilsudoisetourisme\/\",\"https:\/\/twitter.com\/CreilSudOiseOT\",\"https:\/\/www.instagram.com\/creilsudoisetourisme\/\",\"https:\/\/www.youtube.com\/channel\/UC8L_QD2wwyADW14zt9fY8kw\"]},{\"@type\":\"Person\",\"@id\":\"https:\/\/www.creilsudoise-tourisme.fr\/#\/schema\/person\/81a1ab3a236faa5508e8f47600a85072\",\"name\":\"emilie\",\"image\":{\"@type\":\"ImageObject\",\"inLanguage\":\"en-GB\",\"@id\":\"https:\/\/www.creilsudoise-tourisme.fr\/#\/schema\/person\/image\/\",\"url\":\"https:\/\/secure.gravatar.com\/avatar\/63ed1ecafae1b27e36a71e8626bc354f?s=96&d=mm&r=g\",\"contentUrl\":\"https:\/\/secure.gravatar.com\/avatar\/63ed1ecafae1b27e36a71e8626bc354f?s=96&d=mm&r=g\",\"caption\":\"emilie\"},\"url\":\"https:\/\/www.creilsudoise-tourisme.fr\/en\/auteur\/emilie\/\"}]}<\/script>\n<!-- \/ Yoast SEO plugin. -->","yoast_head_json":{"title":"Programme des vacances de Printemps \u00e0 Creil Sud Oise !","description":"On fait quoi pendant les vacances de printemps ? D\u00e9couvrez notre s\u00e9lection d'activit\u00e9s \u00e0 Creil Sud Oise, pr\u00e8s de Chantilly et Senlis !","robots":{"index":"index","follow":"follow","max-snippet":"max-snippet:-1","max-image-preview":"max-image-preview:large","max-video-preview":"max-video-preview:-1"},"canonical":"https:\/\/www.creilsudoise-tourisme.fr\/en\/2025\/03\/21\/spring-holidays\/","og_locale":"en_GB","og_type":"article","og_title":"Programme des vacances de Printemps \u00e0 Creil Sud Oise !","og_description":"On fait quoi pendant les vacances de printemps ? D\u00e9couvrez notre s\u00e9lection d'activit\u00e9s \u00e0 Creil Sud Oise, pr\u00e8s de Chantilly et Senlis !","og_url":"https:\/\/www.creilsudoise-tourisme.fr\/en\/2025\/03\/21\/spring-holidays\/","og_site_name":"Office de Tourisme Creil Sud Oise","article_publisher":"https:\/\/www.facebook.com\/creilsudoisetourisme\/","article_published_time":"2025-03-21T13:53:15+00:00","article_modified_time":"2025-04-25T06:58:56+00:00","og_image":[{"width":1480,"height":740,"url":"https:\/\/www.creilsudoise-tourisme.fr\/wp-content\/uploads\/2025\/03\/Prog-Paques-web-NL-Header-image-de-mise-en-avant.jpg","type":"image\/jpeg"}],"author":"emilie","twitter_card":"summary_large_image","twitter_creator":"@CreilSudOiseOT","twitter_site":"@CreilSudOiseOT","twitter_misc":{"Written by":"emilie","Estimated reading time":"5 minutes"},"schema":{"@context":"https:\/\/schema.org","@graph":[{"@type":"Article","@id":"https:\/\/www.creilsudoise-tourisme.fr\/2025\/03\/21\/vacances-printemps\/#article","isPartOf":{"@id":"https:\/\/www.creilsudoise-tourisme.fr\/2025\/03\/21\/vacances-printemps\/"},"author":{"name":"emilie","@id":"https:\/\/www.creilsudoise-tourisme.fr\/#\/schema\/person\/81a1ab3a236faa5508e8f47600a85072"},"headline":"Vacances de printemps : on fait quoi ?","datePublished":"2025-03-21T13:53:15+00:00","dateModified":"2025-04-25T06:58:56+00:00","mainEntityOfPage":{"@id":"https:\/\/www.creilsudoise-tourisme.fr\/2025\/03\/21\/vacances-printemps\/"},"wordCount":1012,"publisher":{"@id":"https:\/\/www.creilsudoise-tourisme.fr\/#organization"},"articleSection":["Actus"],"inLanguage":"en-GB"},{"@type":"WebPage","@id":"https:\/\/www.creilsudoise-tourisme.fr\/2025\/03\/21\/vacances-printemps\/","url":"https:\/\/www.creilsudoise-tourisme.fr\/2025\/03\/21\/vacances-printemps\/","name":"Programme des vacances de Printemps \u00e0 Creil Sud Oise !","isPartOf":{"@id":"https:\/\/www.creilsudoise-tourisme.fr\/#website"},"datePublished":"2025-03-21T13:53:15+00:00","dateModified":"2025-04-25T06:58:56+00:00","description":"On fait quoi pendant les vacances de printemps ? D\u00e9couvrez notre s\u00e9lection d'activit\u00e9s \u00e0 Creil Sud Oise, pr\u00e8s de Chantilly et Senlis !","breadcrumb":{"@id":"https:\/\/www.creilsudoise-tourisme.fr\/2025\/03\/21\/vacances-printemps\/#breadcrumb"},"inLanguage":"en-GB","potentialAction":[{"@type":"ReadAction","target":["https:\/\/www.creilsudoise-tourisme.fr\/2025\/03\/21\/vacances-printemps\/"]}]},{"@type":"BreadcrumbList","@id":"https:\/\/www.creilsudoise-tourisme.fr\/2025\/03\/21\/vacances-printemps\/#breadcrumb","itemListElement":[{"@type":"ListItem","position":1,"name":"Accueil","item":"https:\/\/www.creilsudoise-tourisme.fr\/"},{"@type":"ListItem","position":2,"name":"Vacances de printemps : on fait quoi ?"}]},{"@type":"WebSite","@id":"https:\/\/www.creilsudoise-tourisme.fr\/#website","url":"https:\/\/www.creilsudoise-tourisme.fr\/","name":"Office de Tourisme Creil Sud Oise","description":"Creil Sud Oise Tourisme, un territoire \u00e0 explorer !","publisher":{"@id":"https:\/\/www.creilsudoise-tourisme.fr\/#organization"},"potentialAction":[{"@type":"SearchAction","target":{"@type":"EntryPoint","urlTemplate":"https:\/\/www.creilsudoise-tourisme.fr\/?s={search_term_string}"},"query-input":"required name=search_term_string"}],"inLanguage":"en-GB"},{"@type":"Organization","@id":"https:\/\/www.creilsudoise-tourisme.fr\/#organization","name":"Creil Sud Oise Tourisme","url":"https:\/\/www.creilsudoise-tourisme.fr\/","logo":{"@type":"ImageObject","inLanguage":"en-GB","@id":"https:\/\/www.creilsudoise-tourisme.fr\/#\/schema\/logo\/image\/","url":"https:\/\/www.creilsudoise-tourisme.fr\/wp-content\/uploads\/2021\/05\/logo-svg.png","contentUrl":"https:\/\/www.creilsudoise-tourisme.fr\/wp-content\/uploads\/2021\/05\/logo-svg.png","width":182,"height":71,"caption":"Creil Sud Oise Tourisme"},"image":{"@id":"https:\/\/www.creilsudoise-tourisme.fr\/#\/schema\/logo\/image\/"},"sameAs":["https:\/\/www.facebook.com\/creilsudoisetourisme\/","https:\/\/twitter.com\/CreilSudOiseOT","https:\/\/www.instagram.com\/creilsudoisetourisme\/","https:\/\/www.youtube.com\/channel\/UC8L_QD2wwyADW14zt9fY8kw"]},{"@type":"Person","@id":"https:\/\/www.creilsudoise-tourisme.fr\/#\/schema\/person\/81a1ab3a236faa5508e8f47600a85072","name":"emilie","image":{"@type":"ImageObject","inLanguage":"en-GB","@id":"https:\/\/www.creilsudoise-tourisme.fr\/#\/schema\/person\/image\/","url":"https:\/\/secure.gravatar.com\/avatar\/63ed1ecafae1b27e36a71e8626bc354f?s=96&d=mm&r=g","contentUrl":"https:\/\/secure.gravatar.com\/avatar\/63ed1ecafae1b27e36a71e8626bc354f?s=96&d=mm&r=g","caption":"emilie"},"url":"https:\/\/www.creilsudoise-tourisme.fr\/en\/auteur\/emilie\/"}]}},"_links":{"self":[{"href":"https:\/\/www.creilsudoise-tourisme.fr\/en\/wp-json\/wp\/v2\/posts\/60988"}],"collection":[{"href":"https:\/\/www.creilsudoise-tourisme.fr\/en\/wp-json\/wp\/v2\/posts"}],"about":[{"href":"https:\/\/www.creilsudoise-tourisme.fr\/en\/wp-json\/wp\/v2\/types\/post"}],"author":[{"embeddable":true,"href":"https:\/\/www.creilsudoise-tourisme.fr\/en\/wp-json\/wp\/v2\/users\/10"}],"replies":[{"embeddable":true,"href":"https:\/\/www.creilsudoise-tourisme.fr\/en\/wp-json\/wp\/v2\/comments?post=60988"}],"version-history":[{"count":19,"href":"https:\/\/www.creilsudoise-tourisme.fr\/en\/wp-json\/wp\/v2\/posts\/60988\/revisions"}],"predecessor-version":[{"id":61302,"href":"https:\/\/www.creilsudoise-tourisme.fr\/en\/wp-json\/wp\/v2\/posts\/60988\/revisions\/61302"}],"wp:featuredmedia":[{"embeddable":true,"href":"https:\/\/www.creilsudoise-tourisme.fr\/en\/wp-json\/wp\/v2\/media\/60835"}],"wp:attachment":[{"href":"https:\/\/www.creilsudoise-tourisme.fr\/en\/wp-json\/wp\/v2\/media?parent=60988"}],"wp:term":[{"taxonomy":"category","embeddable":true,"href":"https:\/\/www.creilsudoise-tourisme.fr\/en\/wp-json\/wp\/v2\/categories?post=60988"},{"taxonomy":"post_tag","embeddable":true,"href":"https:\/\/www.creilsudoise-tourisme.fr\/en\/wp-json\/wp\/v2\/tags?post=60988"}],"curies":[{"name":"wp","href":"https:\/\/api.w.org\/{rel}","templated":true}]}}