{"id":59693,"date":"2025-01-23T11:01:32","date_gmt":"2025-01-23T10:01:32","guid":{"rendered":"https:\/\/www.creilsudoise-tourisme.fr\/?p=59693"},"modified":"2025-06-24T12:43:35","modified_gmt":"2025-06-24T10:43:35","slug":"vacances-hiver","status":"publish","type":"post","link":"https:\/\/www.creilsudoise-tourisme.fr\/en\/2025\/01\/23\/winter-holidays\/","title":{"rendered":"Winter holiday programme"},"content":{"rendered":"<p class=\"is-style-excerpt\">The <strong>winter holidays<\/strong> are coming soon! Check out our <strong>selection to plan a trip<\/strong> of activities, discoveries and events, from 8 to 23 February 2025.<\/p>\n\n\n\n<div class=\"is-content-justification-center is-layout-flex wp-container-1 wp-block-buttons\">\n<div class=\"wp-block-button\"><a class=\"wp-block-button__link wp-element-button\" href=\"https:\/\/www.creilsudoise-tourisme.fr\/en\/agenda\/\" target=\"_blank\" rel=\"noreferrer noopener\">all the diary<\/a><\/div>\n<\/div>\n\n\n\n<h2><strong>Visits<\/strong> unusual<\/h2>\n\n\n\n<p>The city of <a href=\"https:\/\/www.creilsudoise-tourisme.fr\/en\/agenda-animations\/balade-contee-le-carnaval-des-casse-cailloux\/\" target=\"_blank\" rel=\"noreferrer noopener\">rock-breaking carnival<\/a> is back at the <strong><a href=\"https:\/\/www.creilsudoise-tourisme.fr\/en\/jexplore\/must-haves\/maison-de-la-pierre\/\">Maison de la Pierre <\/a><\/strong>! Take the whole family and go back to the origins of stone. You <strong>explore<\/strong> with a<strong> storyteller<\/strong>, <strong>mysterious underground quarry<\/strong> and experience a <strong>magical epic<\/strong> seashell hunting, making your own seashells <strong>own masks <\/strong>of the seas, a storytelling walk with muted lighting... A <strong>great adventure<\/strong> not to be missed!<br>As part of the carnival, the <a href=\"https:\/\/www.maisondelapierre-oise.fr\/evenements\/\" target=\"_blank\" rel=\"noreferrer noopener\">guided tour of the quarry<\/a> is possible! Take advantage of the fact that, as it's low season, the <strong>next will be in April<\/strong> !<br><\/p>\n\n\n\n<p>The <strong><a href=\"https:\/\/www.nogentsuroise.fr\/a-tout-age\/enfance-et-education\/ferme-pedagogique\" target=\"_blank\" rel=\"noreferrer noopener\">educational farm<\/a><\/strong> MASTE in Nogent-sur-Oise welcomes you to <a href=\"https:\/\/www.creilsudoise-tourisme.fr\/en\/agenda-animations\/bienvenue-a-la-ferme-pedagogique-de-la-maste-2\/\" target=\"_blank\" rel=\"noreferrer noopener\">visit the animals<\/a>. They are just waiting <strong>you<\/strong> to be cuddled!<\/p>\n\n\n\n<h2>Creative workshops<\/h2>\n\n\n\n<p>Create a<strong> the work of your hands<\/strong> with a <a href=\"https:\/\/www.creilsudoise-tourisme.fr\/en\/agenda-animations\/stage-sculpture-sur-pierre-3\/\" target=\"_blank\" rel=\"noreferrer noopener\">stone sculpture<\/a> from half a day to 3 days, at the Maison de la Pierre in Saint-Maximin! Adults aged 12 and over are welcome! Take away the <strong>sculpture<\/strong> that you have <strong>made by yourself<\/strong>.<br><br>For younger children (aged 5-14), the <strong><a href=\"https:\/\/www.creilsudoise-tourisme.fr\/en\/jexplore\/must-haves\/\" target=\"_blank\" rel=\"noreferrer noopener\">Rivierre nail factory<\/a><\/strong> in Creil offers a <a href=\"https:\/\/www.creilsudoise-tourisme.fr\/en\/agenda-animations\/visite-et-atelier-creatif-a-la-clouterie\/\" target=\"_blank\" rel=\"noreferrer noopener\"><strong>playful visit<\/strong><\/a> of its <strong>factory<\/strong>followed by a <strong>creative workshop<\/strong> around the nails: accompanied by an adult, your child will leave with his or her own <strong>creation<\/strong> ! Who knows, some <strong>vocations<\/strong> will perhaps be born?<br><br>The Saint-Vaast-l\u00e8s-Mello multimedia library offers you<strong><a href=\"https:\/\/www.creilsudoise-tourisme.fr\/en\/agenda-animations\/activite-manuelle-atelier-alphabet-cousu\/\" target=\"_blank\" rel=\"noreferrer noopener\"> make an alphabet from multicoloured fabrics<\/a><\/strong> from recycled off-cuts. How original is that?<br><br>For the carnival, discover with your family the <strong>costumes<\/strong> from <strong><a href=\"https:\/\/www.creilsudoise-tourisme.fr\/en\/jexplore\/must-haves\/musee-galle-juillet-2\/\" target=\"_blank\" rel=\"noreferrer noopener\">Gall\u00e9-Juillet Museum<\/a><\/strong> de Creil , then<a href=\"https:\/\/www.creilsudoise-tourisme.fr\/en\/agenda-animations\/deguise-toi-au-musee\/\" target=\"_blank\" rel=\"noreferrer noopener\"> take part in a <strong>creative workshop<\/strong><\/a> by decorating a <strong>wolf<\/strong> ! You can put on <strong>your best disguise <\/strong>for the occasion!<br><br>For adults, the <strong><a href=\"https:\/\/mediatheque.nogentsuroise.fr\/\" target=\"_blank\" rel=\"noreferrer noopener\">Maurice Schumann Media Library<\/a><\/strong> in Nogent-sur-Oise offers a <a href=\"https:\/\/www.creilsudoise-tourisme.fr\/en\/agenda-animations\/atelier-atelier-cre-actif-loisirs-creatifs-2\/\" target=\"_blank\" rel=\"noreferrer noopener\">cr\u00e9-actif\" workshop<\/a>an <strong>creative hobbies workshop<\/strong>free of charge! But that's not all: you can also take part in a <a href=\"https:\/\/www.creilsudoise-tourisme.fr\/en\/agenda-animations\/atelier-ecriture-creative-adultes\/\" target=\"_blank\" rel=\"noreferrer noopener\">writing workshop<\/a> ! Who knows, you could be the next Victor Hugo! <\/p>\n\n\n\n<h2>Culture<\/h2>\n\n\n\n<p>The <strong><a href=\"https:\/\/www.saintleudesserent.fr\/mediatheque-saint-leu-60_fr.html\" target=\"_blank\" rel=\"noreferrer noopener\">Saint-Leu d'Esserent multimedia library<\/a><\/strong> has put together <a href=\"https:\/\/www.facebook.com\/photo?fbid=1007604711400001&amp;set=a.618221620338314\" target=\"_blank\" rel=\"noreferrer noopener\"><strong>several events<\/strong><\/a> around <strong>video games <\/strong>with <strong>Mario Kart <\/strong>and <strong>Mario Party<\/strong>, <strong>chess games<\/strong>, <strong>role-playing games<\/strong> with <strong>Dungeons and Dragons<\/strong>, <strong>Heroquest<\/strong> or even <strong>Alien<\/strong>. You can also go on a <strong>heritage discovery<\/strong> of the commune! Please note that all these superb activities are <strong>to reserve<\/strong> !<br><br>Discover the <a href=\"https:\/\/www.creilsudoise-tourisme.fr\/en\/agenda-animations\/projection-au-musee-le-court-metrage-isaac-de-mmlt-production\/\" target=\"_blank\" rel=\"noreferrer noopener\">short film \"Isaac<\/a>shown at the Mus\u00e9e Gall\u00e9-Juillet in Creil: a family heirloom awakens the senses <strong>traumatic memories<\/strong> and <strong>nightmares<\/strong> of Isaac, trapped between reality and<strong> supernatural phenomena<\/strong> in a <strong>old castle<\/strong> haunted by the <strong>past<\/strong>&#8230;<\/p>\n\n\n\n<h3>Cultural workshops<\/h3>\n\n\n\n<p>On the cultural front, the <strong><a href=\"https:\/\/www.creil.fr\/le-conservatoire\" target=\"_blank\" rel=\"noreferrer noopener\">Nina Simone Conservatory, Creil <\/a><\/strong>offers you a <strong><a href=\"https:\/\/www.creilsudoise-tourisme.fr\/en\/agenda-animations\/eveil-musical-les-ptites-notes\/\" target=\"_blank\" rel=\"noreferrer noopener\">musical awakening<\/a><\/strong> for toddlers at the <strong><a href=\"https:\/\/mediatheque.creil.fr\/jean-pierre-besse--quartier-du-moulin\" target=\"_blank\" rel=\"noreferrer noopener\">Jean-Pierre Besse Media Library, Creil<\/a><\/strong>.<br><\/p>\n\n\n\n<p>The socio-cultural centre <strong><a href=\"https:\/\/www.villers-saint-paul.fr\/le-centre-socioculturel-le-trait-dunion\" target=\"_blank\" rel=\"noreferrer noopener\">The Villers-Saint-Paul link<\/a><\/strong> offers a <strong>free cinema screening<\/strong> (<strong>registration required<\/strong> !). On the programme: <strong>Despicable Me 4<\/strong> ! <em>Is there a junior Gru now?<\/em><br><\/p>\n\n\n\n<p>The <a href=\"https:\/\/www.saintmaximin.eu\/bibliotheque-et-catalogue_fr.html\" target=\"_blank\" rel=\"noreferrer noopener\">Elsa Triolet library in Saint-Maximin<\/a> for teenagers aged 16 and over and adults. <strong><a href=\"https:\/\/www.creilsudoise-tourisme.fr\/en\/agenda-animations\/lecture-cafe-gourmand-de-fevrier\/\" target=\"_blank\" rel=\"noreferrer noopener\">gourmet coffee<\/a><\/strong> around <strong>share<\/strong> books, series, films, games, exhibitions... It's that time of year! <strong>ideal<\/strong> to make <strong>cultural discoveries<\/strong> and <strong>friendly<\/strong> !<br><br>At the Maurice Schumann multimedia library in Nogent-sur-Oise, a <strong><a href=\"https:\/\/www.creilsudoise-tourisme.fr\/en\/agenda-animations\/activite-ludique-nos-jeux-du-samedi-2\/\" target=\"_blank\" rel=\"noreferrer noopener\">afternoon board games<\/a><\/strong> for adults and children. A great time <strong>great family time<\/strong> !<\/p>\n\n\n\n<h3>Exhibitions<\/h3>\n\n\n\n<p>4 exhibitions are taking place during this holiday period:<br><br>For the <strong>manga fans<\/strong>, <a href=\"https:\/\/www.creilsudoise-tourisme.fr\/en\/agenda-animations\/exposition-par-le-pouvoir-du-manga\/\" target=\"_blank\" rel=\"noreferrer noopener\">exhibition dedicated to it<\/a> at the Elsa Triolet Library in Saint-Maximin with Elsa Brants who <strong>highlights<\/strong> the <strong>manga culture<\/strong>.<br><br>The \"Au fil des Usines\" exhibition at the Maurice Schumann multimedia library in Nogent-sur-Oise highlights the <strong>heritage<\/strong> and the<strong> wealth <\/strong>from <strong>south of Oise<\/strong> and <strong>Creillois basin<\/strong>.<\/p>\n\n\n\n<p><br>Find a <a href=\"https:\/\/www.creilsudoise-tourisme.fr\/en\/agenda-animations\/exposition-quand-musique-rime-avec-ceramique\/\" target=\"_blank\" rel=\"noreferrer noopener\">exhibition combining <strong>music<\/strong> and the <strong>ceramics<\/strong><\/a> with \"When music rhymes with ceramics\", at the Mus\u00e9e Gall\u00e9-Juillet in Creil. Dive into <strong>19th century musical repertoire<\/strong> with an exhibition dedicated to the representation of music in ceramics. <br><br>L'<a href=\"https:\/\/www.creilsudoise-tourisme.fr\/en\/agenda-animations\/exposition-memoire-habillee-par-pierre-florent\/\" target=\"_blank\" rel=\"noreferrer noopener\">M\u00e9moire Habill\u00e9e\" exhibition<\/a>exhibition on <strong>textile<\/strong>  \u00e0 <strong><a href=\"https:\/\/www.creil.fr\/espace-matisse\" target=\"_blank\" rel=\"noreferrer noopener\">the Espace Matisse in Creil <\/a><\/strong>will show you how to dress differently. \"To dress is to choose how to present yourself to the world.<br>Opening in the presence of the artists on 8 February at 10.30am!<\/p>\n\n\n\n<h3>Reading<\/h3>\n\n\n\n<p>Several events for baby readers are being organised for the holidays!<br><br>At the Elsa Triolet Library in Saint-Maximinet at the <a href=\"https:\/\/www.creilsudoise-tourisme.fr\/en\/agenda-animations\/lecture-les-livres-cest-bon-pour-les-bebes_-fevrier\/\" target=\"_blank\" rel=\"noreferrer noopener\">Saint-Vaast-l\u00e8s-Mello multimedia library<\/a>, <strong>suitable for children aged 0 to 3<\/strong> is proposed for <strong>an hour of storytelling<\/strong>.<br><\/p>\n\n\n\n<p>For teenagers and adults, the <strong><a href=\"https:\/\/mediatheque.creil.fr\/mediatheque-a.-chanut\" target=\"_blank\" rel=\"noreferrer noopener\">Antoine Chanut media library in Creil<\/a><\/strong> offers a<strong> <a href=\"https:\/\/www.creilsudoise-tourisme.fr\/en\/agenda-animations\/lecture-club-des-lecteurs-2\/\" target=\"_blank\" rel=\"noreferrer noopener\">moment of exchange<\/a><\/strong> around your <strong>discoveries<\/strong> and <strong>literary favourites<\/strong>. An opportunity to talk about your <strong>new favourite book <\/strong>and <strong>visit<\/strong> new authors!<\/p>\n\n\n\n<h2>And also...<br><\/h2>\n\n\n\n<p>Rather <strong>nature<\/strong> ? The Conservatoire d'Espaces Naturels des Hauts-de-France invites you to <a href=\"https:\/\/www.creilsudoise-tourisme.fr\/en\/agenda-animations\/sortie-nature-participez-a-la-restauration-de-la-colline-aux-oiseaux\/\" target=\"_blank\" rel=\"noreferrer noopener\">cutting back shrubs<\/a> on the <strong>Bird Hill<\/strong> in Saint-Maximin. No need to have a green thumb!<br><br>For the <strong>Valentine's Day<\/strong>take advantage of a <a href=\"https:\/\/www.facebook.com\/permalink.php?story_fbid=pfbid0JcWF39EUbcfjfsxq3GetBYx4NFaptR9bqRwF2YNc3NHkbJCgKmLVFVmTZ5FcX1ufl&amp;id=61555335685574\" target=\"_blank\" rel=\"noreferrer noopener\">duo evening<\/a> at <a href=\"https:\/\/www.nogentsuroise.fr\/se-divertir\/sport\/les-equipements-sportifs\/214-le-centre-nautique-nogent-villers-piscine\" target=\"_blank\" rel=\"noreferrer noopener\">Nogent-Villers water sports centre <\/a>in Nogent-sur-Oise. The programme includes <strong>aqua-gym<\/strong>, <strong>aquabike<\/strong> and <strong>aquatraining<\/strong> ! Take advantage of a <strong>advantageous prices<\/strong> <strong>for 2<\/strong>From age 16. Go there <strong>with your friends<\/strong> or <strong>for two<\/strong> (It's none of our business!).<br><br>The city of<strong> <a href=\"https:\/\/www.vandb.fr\/v-and-b-st-maximin.html?srsltid=AfmBOoqx0aDwfhBWDpgCW6l_YK1Xsi2jPYEdeRpFbUIrb576E_maF5KC\" target=\"_blank\" rel=\"noreferrer noopener\">V and B in Saint-Maximin<\/a> <\/strong>invites you to its evening event on 14 February<strong><a href=\"https:\/\/www.creilsudoise-tourisme.fr\/en\/agenda-animations\/v-and-b-saint-maximin-soiree-sans-valentin\/\" target=\"_blank\" rel=\"noreferrer noopener\"> Valentine's Day<\/a><\/strong> ! Because love is also celebrated<strong> with your friends<\/strong> and <strong>anywhere<\/strong> ! An <strong>DJ<\/strong> the evening, and you can also enjoy an evening of <strong>blind test of love<\/strong> (registration required).<br><br>Find the <a href=\"https:\/\/www.creilsudoise-tourisme.fr\/en\/2025\/01\/29\/menu-st-valentin\/\" target=\"_blank\" rel=\"noreferrer noopener\"><strong>menus<\/strong> of the <strong>Valentine's Day<\/strong><\/a> in the south of Oise!<\/p>\n\n\n\n<div class=\"is-layout-flex wp-block-buttons\">\n<div class=\"wp-block-button aligncenter\"><a class=\"wp-block-button__link wp-element-button\" href=\"https:\/\/www.creilsudoise-tourisme.fr\/en\/agenda\/\" target=\"_blank\" rel=\"noreferrer noopener\">all the diary<\/a><\/div>\n<\/div>","protected":false},"excerpt":{"rendered":"<p>The winter holidays are almost here! Check out our selection of activities, discoveries and events, from 8 to 23 February 2025. Unusual visits The Carnaval des Casse-cailloux is back at the Maison de la Pierre! Bring the whole family and go back to the origins of stone. With a storyteller, you'll explore a mysterious quarry [...]<\/p>","protected":false},"author":10,"featured_media":60063,"comment_status":"closed","ping_status":"closed","sticky":false,"template":"","format":"standard","meta":{"_relevanssi_hide_post":"","_relevanssi_hide_content":"","_relevanssi_pin_for_all":"","_relevanssi_pin_keywords":"","_relevanssi_unpin_keywords":"","_relevanssi_related_keywords":"","_relevanssi_related_include_ids":"","_relevanssi_related_exclude_ids":"","_relevanssi_related_no_append":"","_relevanssi_related_not_related":"","_relevanssi_related_posts":"52404,50806,41674,56183,55006,56025","_relevanssi_noindex_reason":""},"categories":[5],"tags":[],"yoast_head":"<!-- This site is optimized with the Yoast SEO plugin v20.2.1 - https:\/\/yoast.com\/wordpress\/plugins\/seo\/ -->\n<title>Programme des vacances d&#039;hiver 2025<\/title>\n<meta name=\"description\" content=\"D\u00e9couvrez les sorties \u00e0 faire en famille ou entre amis \u00e0 Creil Sud Oise, pr\u00e8s de Chantilly et Senlis, lors des vacances d&#039;hiver !\" \/>\n<meta name=\"robots\" content=\"index, follow, max-snippet:-1, max-image-preview:large, max-video-preview:-1\" \/>\n<link rel=\"canonical\" href=\"https:\/\/www.creilsudoise-tourisme.fr\/en\/2025\/01\/23\/winter-holidays\/\" \/>\n<meta property=\"og:locale\" content=\"en_GB\" \/>\n<meta property=\"og:type\" content=\"article\" \/>\n<meta property=\"og:title\" content=\"Programme des vacances d&#039;hiver 2025\" \/>\n<meta property=\"og:description\" content=\"D\u00e9couvrez les sorties \u00e0 faire en famille ou entre amis \u00e0 Creil Sud Oise, pr\u00e8s de Chantilly et Senlis, lors des vacances d&#039;hiver !\" \/>\n<meta property=\"og:url\" content=\"https:\/\/www.creilsudoise-tourisme.fr\/en\/2025\/01\/23\/winter-holidays\/\" \/>\n<meta property=\"og:site_name\" content=\"Office de Tourisme Creil Sud Oise\" \/>\n<meta property=\"article:publisher\" content=\"https:\/\/www.facebook.com\/creilsudoisetourisme\/\" \/>\n<meta property=\"article:published_time\" content=\"2025-01-23T10:01:32+00:00\" \/>\n<meta property=\"article:modified_time\" content=\"2025-06-24T10:43:35+00:00\" \/>\n<meta property=\"og:image\" content=\"https:\/\/www.creilsudoise-tourisme.fr\/wp-content\/uploads\/2025\/01\/Prog-Fevrier-web-NL-Header-image-de-mise-en-avant.png\" \/>\n\t<meta property=\"og:image:width\" content=\"1480\" \/>\n\t<meta property=\"og:image:height\" content=\"740\" \/>\n\t<meta property=\"og:image:type\" content=\"image\/png\" \/>\n<meta name=\"author\" content=\"emilie\" \/>\n<meta name=\"twitter:card\" content=\"summary_large_image\" \/>\n<meta name=\"twitter:creator\" content=\"@CreilSudOiseOT\" \/>\n<meta name=\"twitter:site\" content=\"@CreilSudOiseOT\" \/>\n<meta name=\"twitter:label1\" content=\"Written by\" \/>\n\t<meta name=\"twitter:data1\" content=\"emilie\" \/>\n\t<meta name=\"twitter:label2\" content=\"Estimated reading time\" \/>\n\t<meta name=\"twitter:data2\" content=\"5 minutes\" \/>\n<script type=\"application\/ld+json\" class=\"yoast-schema-graph\">{\"@context\":\"https:\/\/schema.org\",\"@graph\":[{\"@type\":\"Article\",\"@id\":\"https:\/\/www.creilsudoise-tourisme.fr\/2025\/01\/23\/vacances-hiver\/#article\",\"isPartOf\":{\"@id\":\"https:\/\/www.creilsudoise-tourisme.fr\/2025\/01\/23\/vacances-hiver\/\"},\"author\":{\"name\":\"emilie\",\"@id\":\"https:\/\/www.creilsudoise-tourisme.fr\/#\/schema\/person\/81a1ab3a236faa5508e8f47600a85072\"},\"headline\":\"Programme des vacances d&rsquo;hiver\",\"datePublished\":\"2025-01-23T10:01:32+00:00\",\"dateModified\":\"2025-06-24T10:43:35+00:00\",\"mainEntityOfPage\":{\"@id\":\"https:\/\/www.creilsudoise-tourisme.fr\/2025\/01\/23\/vacances-hiver\/\"},\"wordCount\":982,\"publisher\":{\"@id\":\"https:\/\/www.creilsudoise-tourisme.fr\/#organization\"},\"articleSection\":[\"Actus\"],\"inLanguage\":\"en-GB\"},{\"@type\":\"WebPage\",\"@id\":\"https:\/\/www.creilsudoise-tourisme.fr\/2025\/01\/23\/vacances-hiver\/\",\"url\":\"https:\/\/www.creilsudoise-tourisme.fr\/2025\/01\/23\/vacances-hiver\/\",\"name\":\"Programme des vacances d'hiver 2025\",\"isPartOf\":{\"@id\":\"https:\/\/www.creilsudoise-tourisme.fr\/#website\"},\"datePublished\":\"2025-01-23T10:01:32+00:00\",\"dateModified\":\"2025-06-24T10:43:35+00:00\",\"description\":\"D\u00e9couvrez les sorties \u00e0 faire en famille ou entre amis \u00e0 Creil Sud Oise, pr\u00e8s de Chantilly et Senlis, lors des vacances d'hiver !\",\"breadcrumb\":{\"@id\":\"https:\/\/www.creilsudoise-tourisme.fr\/2025\/01\/23\/vacances-hiver\/#breadcrumb\"},\"inLanguage\":\"en-GB\",\"potentialAction\":[{\"@type\":\"ReadAction\",\"target\":[\"https:\/\/www.creilsudoise-tourisme.fr\/2025\/01\/23\/vacances-hiver\/\"]}]},{\"@type\":\"BreadcrumbList\",\"@id\":\"https:\/\/www.creilsudoise-tourisme.fr\/2025\/01\/23\/vacances-hiver\/#breadcrumb\",\"itemListElement\":[{\"@type\":\"ListItem\",\"position\":1,\"name\":\"Accueil\",\"item\":\"https:\/\/www.creilsudoise-tourisme.fr\/\"},{\"@type\":\"ListItem\",\"position\":2,\"name\":\"Programme des vacances d&rsquo;hiver\"}]},{\"@type\":\"WebSite\",\"@id\":\"https:\/\/www.creilsudoise-tourisme.fr\/#website\",\"url\":\"https:\/\/www.creilsudoise-tourisme.fr\/\",\"name\":\"Office de Tourisme Creil Sud Oise\",\"description\":\"Creil Sud Oise Tourisme, un territoire \u00e0 explorer !\",\"publisher\":{\"@id\":\"https:\/\/www.creilsudoise-tourisme.fr\/#organization\"},\"potentialAction\":[{\"@type\":\"SearchAction\",\"target\":{\"@type\":\"EntryPoint\",\"urlTemplate\":\"https:\/\/www.creilsudoise-tourisme.fr\/?s={search_term_string}\"},\"query-input\":\"required name=search_term_string\"}],\"inLanguage\":\"en-GB\"},{\"@type\":\"Organization\",\"@id\":\"https:\/\/www.creilsudoise-tourisme.fr\/#organization\",\"name\":\"Creil Sud Oise Tourisme\",\"url\":\"https:\/\/www.creilsudoise-tourisme.fr\/\",\"logo\":{\"@type\":\"ImageObject\",\"inLanguage\":\"en-GB\",\"@id\":\"https:\/\/www.creilsudoise-tourisme.fr\/#\/schema\/logo\/image\/\",\"url\":\"https:\/\/www.creilsudoise-tourisme.fr\/wp-content\/uploads\/2021\/05\/logo-svg.png\",\"contentUrl\":\"https:\/\/www.creilsudoise-tourisme.fr\/wp-content\/uploads\/2021\/05\/logo-svg.png\",\"width\":182,\"height\":71,\"caption\":\"Creil Sud Oise Tourisme\"},\"image\":{\"@id\":\"https:\/\/www.creilsudoise-tourisme.fr\/#\/schema\/logo\/image\/\"},\"sameAs\":[\"https:\/\/www.facebook.com\/creilsudoisetourisme\/\",\"https:\/\/twitter.com\/CreilSudOiseOT\",\"https:\/\/www.instagram.com\/creilsudoisetourisme\/\",\"https:\/\/www.youtube.com\/channel\/UC8L_QD2wwyADW14zt9fY8kw\"]},{\"@type\":\"Person\",\"@id\":\"https:\/\/www.creilsudoise-tourisme.fr\/#\/schema\/person\/81a1ab3a236faa5508e8f47600a85072\",\"name\":\"emilie\",\"image\":{\"@type\":\"ImageObject\",\"inLanguage\":\"en-GB\",\"@id\":\"https:\/\/www.creilsudoise-tourisme.fr\/#\/schema\/person\/image\/\",\"url\":\"https:\/\/secure.gravatar.com\/avatar\/63ed1ecafae1b27e36a71e8626bc354f?s=96&d=mm&r=g\",\"contentUrl\":\"https:\/\/secure.gravatar.com\/avatar\/63ed1ecafae1b27e36a71e8626bc354f?s=96&d=mm&r=g\",\"caption\":\"emilie\"},\"url\":\"https:\/\/www.creilsudoise-tourisme.fr\/en\/auteur\/emilie\/\"}]}<\/script>\n<!-- \/ Yoast SEO plugin. -->","yoast_head_json":{"title":"Programme des vacances d'hiver 2025","description":"D\u00e9couvrez les sorties \u00e0 faire en famille ou entre amis \u00e0 Creil Sud Oise, pr\u00e8s de Chantilly et Senlis, lors des vacances d'hiver !","robots":{"index":"index","follow":"follow","max-snippet":"max-snippet:-1","max-image-preview":"max-image-preview:large","max-video-preview":"max-video-preview:-1"},"canonical":"https:\/\/www.creilsudoise-tourisme.fr\/en\/2025\/01\/23\/winter-holidays\/","og_locale":"en_GB","og_type":"article","og_title":"Programme des vacances d'hiver 2025","og_description":"D\u00e9couvrez les sorties \u00e0 faire en famille ou entre amis \u00e0 Creil Sud Oise, pr\u00e8s de Chantilly et Senlis, lors des vacances d'hiver !","og_url":"https:\/\/www.creilsudoise-tourisme.fr\/en\/2025\/01\/23\/winter-holidays\/","og_site_name":"Office de Tourisme Creil Sud Oise","article_publisher":"https:\/\/www.facebook.com\/creilsudoisetourisme\/","article_published_time":"2025-01-23T10:01:32+00:00","article_modified_time":"2025-06-24T10:43:35+00:00","og_image":[{"width":1480,"height":740,"url":"https:\/\/www.creilsudoise-tourisme.fr\/wp-content\/uploads\/2025\/01\/Prog-Fevrier-web-NL-Header-image-de-mise-en-avant.png","type":"image\/png"}],"author":"emilie","twitter_card":"summary_large_image","twitter_creator":"@CreilSudOiseOT","twitter_site":"@CreilSudOiseOT","twitter_misc":{"Written by":"emilie","Estimated reading time":"5 minutes"},"schema":{"@context":"https:\/\/schema.org","@graph":[{"@type":"Article","@id":"https:\/\/www.creilsudoise-tourisme.fr\/2025\/01\/23\/vacances-hiver\/#article","isPartOf":{"@id":"https:\/\/www.creilsudoise-tourisme.fr\/2025\/01\/23\/vacances-hiver\/"},"author":{"name":"emilie","@id":"https:\/\/www.creilsudoise-tourisme.fr\/#\/schema\/person\/81a1ab3a236faa5508e8f47600a85072"},"headline":"Programme des vacances d&rsquo;hiver","datePublished":"2025-01-23T10:01:32+00:00","dateModified":"2025-06-24T10:43:35+00:00","mainEntityOfPage":{"@id":"https:\/\/www.creilsudoise-tourisme.fr\/2025\/01\/23\/vacances-hiver\/"},"wordCount":982,"publisher":{"@id":"https:\/\/www.creilsudoise-tourisme.fr\/#organization"},"articleSection":["Actus"],"inLanguage":"en-GB"},{"@type":"WebPage","@id":"https:\/\/www.creilsudoise-tourisme.fr\/2025\/01\/23\/vacances-hiver\/","url":"https:\/\/www.creilsudoise-tourisme.fr\/2025\/01\/23\/vacances-hiver\/","name":"Programme des vacances d'hiver 2025","isPartOf":{"@id":"https:\/\/www.creilsudoise-tourisme.fr\/#website"},"datePublished":"2025-01-23T10:01:32+00:00","dateModified":"2025-06-24T10:43:35+00:00","description":"D\u00e9couvrez les sorties \u00e0 faire en famille ou entre amis \u00e0 Creil Sud Oise, pr\u00e8s de Chantilly et Senlis, lors des vacances d'hiver !","breadcrumb":{"@id":"https:\/\/www.creilsudoise-tourisme.fr\/2025\/01\/23\/vacances-hiver\/#breadcrumb"},"inLanguage":"en-GB","potentialAction":[{"@type":"ReadAction","target":["https:\/\/www.creilsudoise-tourisme.fr\/2025\/01\/23\/vacances-hiver\/"]}]},{"@type":"BreadcrumbList","@id":"https:\/\/www.creilsudoise-tourisme.fr\/2025\/01\/23\/vacances-hiver\/#breadcrumb","itemListElement":[{"@type":"ListItem","position":1,"name":"Accueil","item":"https:\/\/www.creilsudoise-tourisme.fr\/"},{"@type":"ListItem","position":2,"name":"Programme des vacances d&rsquo;hiver"}]},{"@type":"WebSite","@id":"https:\/\/www.creilsudoise-tourisme.fr\/#website","url":"https:\/\/www.creilsudoise-tourisme.fr\/","name":"Office de Tourisme Creil Sud Oise","description":"Creil Sud Oise Tourisme, un territoire \u00e0 explorer !","publisher":{"@id":"https:\/\/www.creilsudoise-tourisme.fr\/#organization"},"potentialAction":[{"@type":"SearchAction","target":{"@type":"EntryPoint","urlTemplate":"https:\/\/www.creilsudoise-tourisme.fr\/?s={search_term_string}"},"query-input":"required name=search_term_string"}],"inLanguage":"en-GB"},{"@type":"Organization","@id":"https:\/\/www.creilsudoise-tourisme.fr\/#organization","name":"Creil Sud Oise Tourisme","url":"https:\/\/www.creilsudoise-tourisme.fr\/","logo":{"@type":"ImageObject","inLanguage":"en-GB","@id":"https:\/\/www.creilsudoise-tourisme.fr\/#\/schema\/logo\/image\/","url":"https:\/\/www.creilsudoise-tourisme.fr\/wp-content\/uploads\/2021\/05\/logo-svg.png","contentUrl":"https:\/\/www.creilsudoise-tourisme.fr\/wp-content\/uploads\/2021\/05\/logo-svg.png","width":182,"height":71,"caption":"Creil Sud Oise Tourisme"},"image":{"@id":"https:\/\/www.creilsudoise-tourisme.fr\/#\/schema\/logo\/image\/"},"sameAs":["https:\/\/www.facebook.com\/creilsudoisetourisme\/","https:\/\/twitter.com\/CreilSudOiseOT","https:\/\/www.instagram.com\/creilsudoisetourisme\/","https:\/\/www.youtube.com\/channel\/UC8L_QD2wwyADW14zt9fY8kw"]},{"@type":"Person","@id":"https:\/\/www.creilsudoise-tourisme.fr\/#\/schema\/person\/81a1ab3a236faa5508e8f47600a85072","name":"emilie","image":{"@type":"ImageObject","inLanguage":"en-GB","@id":"https:\/\/www.creilsudoise-tourisme.fr\/#\/schema\/person\/image\/","url":"https:\/\/secure.gravatar.com\/avatar\/63ed1ecafae1b27e36a71e8626bc354f?s=96&d=mm&r=g","contentUrl":"https:\/\/secure.gravatar.com\/avatar\/63ed1ecafae1b27e36a71e8626bc354f?s=96&d=mm&r=g","caption":"emilie"},"url":"https:\/\/www.creilsudoise-tourisme.fr\/en\/auteur\/emilie\/"}]}},"_links":{"self":[{"href":"https:\/\/www.creilsudoise-tourisme.fr\/en\/wp-json\/wp\/v2\/posts\/59693"}],"collection":[{"href":"https:\/\/www.creilsudoise-tourisme.fr\/en\/wp-json\/wp\/v2\/posts"}],"about":[{"href":"https:\/\/www.creilsudoise-tourisme.fr\/en\/wp-json\/wp\/v2\/types\/post"}],"author":[{"embeddable":true,"href":"https:\/\/www.creilsudoise-tourisme.fr\/en\/wp-json\/wp\/v2\/users\/10"}],"replies":[{"embeddable":true,"href":"https:\/\/www.creilsudoise-tourisme.fr\/en\/wp-json\/wp\/v2\/comments?post=59693"}],"version-history":[{"count":26,"href":"https:\/\/www.creilsudoise-tourisme.fr\/en\/wp-json\/wp\/v2\/posts\/59693\/revisions"}],"predecessor-version":[{"id":63228,"href":"https:\/\/www.creilsudoise-tourisme.fr\/en\/wp-json\/wp\/v2\/posts\/59693\/revisions\/63228"}],"wp:featuredmedia":[{"embeddable":true,"href":"https:\/\/www.creilsudoise-tourisme.fr\/en\/wp-json\/wp\/v2\/media\/60063"}],"wp:attachment":[{"href":"https:\/\/www.creilsudoise-tourisme.fr\/en\/wp-json\/wp\/v2\/media?parent=59693"}],"wp:term":[{"taxonomy":"category","embeddable":true,"href":"https:\/\/www.creilsudoise-tourisme.fr\/en\/wp-json\/wp\/v2\/categories?post=59693"},{"taxonomy":"post_tag","embeddable":true,"href":"https:\/\/www.creilsudoise-tourisme.fr\/en\/wp-json\/wp\/v2\/tags?post=59693"}],"curies":[{"name":"wp","href":"https:\/\/api.w.org\/{rel}","templated":true}]}}