{"id":58743,"date":"2024-12-04T15:03:50","date_gmt":"2024-12-04T14:03:50","guid":{"rendered":"https:\/\/www.creilsudoise-tourisme.fr\/?p=58743"},"modified":"2025-01-09T09:54:14","modified_gmt":"2025-01-09T08:54:14","slug":"vacances-noel","status":"publish","type":"post","link":"https:\/\/www.creilsudoise-tourisme.fr\/en\/2024\/12\/04\/holiday-christmas\/","title":{"rendered":"Enjoy the magic of Christmas!"},"content":{"rendered":"<p class=\"is-style-excerpt\">The festive season is fast approaching! Let yourself be carried away by the <strong>the magic of Christmas<\/strong> with a <strong>a varied and festive programme<\/strong> in Creil Sud Oise, throughout December and until the end of the holidays.<br><br><\/p>\n\n\n\n<div class=\"is-content-justification-center is-layout-flex wp-container-1 wp-block-buttons\">\n<div class=\"wp-block-button\"><a class=\"wp-block-button__link wp-element-button\" href=\"https:\/\/www.creilsudoise-tourisme.fr\/en\/agenda\/\" target=\"_blank\" rel=\"noreferrer noopener\">all the diary<\/a><\/div>\n<\/div>\n\n\n\n<h2><strong>Christmas markets<\/strong><\/h2>\n\n\n\n<p>Creil, Nogent-sur-Oise, Saint-Leu d'Esserent... the season of <a href=\"https:\/\/www.creilsudoise-tourisme.fr\/en\/2024\/11\/15\/marches-noel\/\" target=\"_blank\" rel=\"noreferrer noopener\">Christmas markets<\/a> is back! The chance to find your <strong>gifts<\/strong> Christmas, to make a <strong>photo with Father Christmas<\/strong> or drink a delicious <strong>hot chocolate<\/strong> ! Make sure you don't miss a minute of it, as most of the markets take place over one weekend only! <br><br>You can also take part in Christmas activities in Montataire: on 25 December, a Christmas party will be held in the town centre. <a href=\"https:\/\/mairie-montataire.fr\/agenda\/evenement\/festivites-de-fin-dannee-2\/\" target=\"_blank\" rel=\"noreferrer noopener\">ice rink<\/a> awaits you on the Esplanade Fernand Tuil. Visit <a href=\"https:\/\/mairie-montataire.fr\/agenda\/evenement\/festivites-de-fin-dannee-3\/\" target=\"_blank\" rel=\"noreferrer noopener\">26 December<\/a>go ice-skating (still on the Esplanade Fernand Tuil), enjoy an <strong>good hot chocolate<\/strong> <span style=\"font-size: 1.125rem;\">and take part in <strong>creative and fun activities<\/strong> Caricaturist, giant log, arts and crafts, face painting...<\/span> !<\/p>\n\n\n\n<p><\/p>\n\n\n\n<h2><strong>Christmas visits and workshops<\/strong><\/h2>\n\n\n\n<p>Experience total immersion with a <a href=\"https:\/\/www.creilsudoise-tourisme.fr\/en\/agenda-animations\/noel-balades-contees-au-coeur-des-carrieres-souterraines\/\" target=\"_blank\" rel=\"noreferrer noopener\">storytelling walk<\/a> in a <strong>underground quarry<\/strong> ! With the Maison de la Pierre in Saint-Maximin, you can share in this unique experience. <strong>magical moment<\/strong> with the whole family!<br><br><strong>Go back in time<\/strong> and <a href=\"https:\/\/www.creilsudoise-tourisme.fr\/en\/agenda-animations\/sous-le-sapin-de-maurice-visite-guidee\/\" target=\"_blank\" rel=\"noreferrer noopener\">discover Christmas in the early 20th century<\/a> thanks to the traces left by Maurice, a child of the Gall\u00e9 family, in Creil with the Mus\u00e9e Gall\u00e9-Juillet! For children aged 3 and over.<br><br>In the run-up to Christmas, take advantage of a <strong>family time<\/strong> with the Mus\u00e9e Gall\u00e9-Juillet, taking part in the <a href=\"https:\/\/www.creilsudoise-tourisme.fr\/en\/agenda-animations\/ateliers-de-noel-du-musee\/\" target=\"_blank\" rel=\"noreferrer noopener\">Museum Christmas workshops<\/a>. On the programme: making and decorating objects in self-hardening clay (enough to make a <strong>a gift from his hands<\/strong> !)<br><strong><br><\/strong>The Nogent-sur-Oise educational farm offers you a <a href=\"https:\/\/www.creilsudoise-tourisme.fr\/en\/agenda-animations\/noel-la-ferme-fete-noel\/\" target=\"_blank\" rel=\"noreferrer noopener\">lots of activities for Christmas <\/a>all in one day: the Christmas mini-train, pony rides, Father Christmas with a selfie-taking machine, mascot, traditional wooden games, barrel organ, snowball display, sweet and hot drinks stall... it's sure to be a great day! <strong>magic<\/strong> for everyone!<\/p>\n\n\n\n<h2><strong>Shows<\/strong><\/h2>\n\n\n\n<h3><strong>Concerts<\/strong><\/h3>\n\n\n\n<p><a href=\"https:\/\/www.creilsudoise-tourisme.fr\/en\/agenda-animations\/concert-de-noel-jazz\/\" target=\"_blank\" rel=\"noreferrer noopener\">Special Christmas Jazz Concert<\/a> in Saint-Maximin, <a href=\"https:\/\/www.creilsudoise-tourisme.fr\/en\/agenda-animations\/concert-caritarif-les-rockeurs-ont-du-coeur\/\" target=\"_blank\" rel=\"noreferrer noopener\">charity rock concert<\/a> in Creil, <a href=\"https:\/\/www.creilsudoise-tourisme.fr\/en\/agenda-animations\/concert-de-noel-the-solistes\/\" target=\"_blank\" rel=\"noreferrer noopener\">solo concert<\/a> in Creil and <a href=\"https:\/\/www.creilsudoise-tourisme.fr\/en\/agenda-animations\/concert-de-noel-concert-des-eleves-de-lamem\/\" target=\"_blank\" rel=\"noreferrer noopener\">student concert<\/a> in Montataire...and why not all 4? 4 totally different concerts, but all in <strong>the spirit of Christmas<\/strong> are organised for the greatest <strong>pleasure for your ears<\/strong> ! Get out your most <strong>nice Christmas jumper <\/strong>for the occasion!<\/p>\n\n\n\n<h3><strong>Shows<\/strong><\/h3>\n\n\n\n<p>Marvel at  <a href=\"https:\/\/www.creilsudoise-tourisme.fr\/en\/agenda-animations\/ballet-au-cine-casse-noisette\/\" target=\"_blank\" rel=\"noreferrer noopener\">Nutcracker<\/a>a Christmas ballet at La Fa\u00efencerie-Th\u00e9\u00e2tre in Creil: one Christmas Eve, a young girl is given an inanimate puppet, a nutcracker. And if in her<strong> dreams<\/strong>he took <strong>life<\/strong> ?<\/p>\n\n\n\n<h3><strong>Films<\/strong><\/h3>\n\n\n\n<p>Do you prefer <strong>films<\/strong> ? La Fa\u00efencerie-Th\u00e9\u00e2tre also offers a selection of <strong>Christmas films<\/strong> opt for <a href=\"https:\/\/faiencerie-theatre.com\/saison-2024-2025\/le-grand-noel-des-animaux\" target=\"_blank\" rel=\"noreferrer noopener\">The Great Animal Christmas<\/a> or <a href=\"https:\/\/faiencerie-theatre.com\/saison-2024-2025\/les-ours-gloutons-au-pole-nord\" target=\"_blank\" rel=\"noreferrer noopener\">Gobbling bears at the North Pole<\/a>. The Path\u00e9 in Montataire is also showing Christmas films:<a href=\"https:\/\/www.pathe.fr\/films\/les-boules-de-noel-40182\" target=\"_blank\" rel=\"noreferrer noopener\"> Christmas baubles<\/a>a French comedy where Christmas Eve turns into a nightmare. More <strong>animated film<\/strong> ? Then <a href=\"https:\/\/www.pathe.fr\/films\/niko-le-petit-renne-mission-pere-noel-35493\" target=\"_blank\" rel=\"noreferrer noopener\">Niko the little reindeer, Mission Father Christmas<\/a> is for you! To see in <strong>family<\/strong> (or not!)<\/p>\n\n\n\n<h3><strong>Storytelling readings<\/strong><\/h3>\n\n\n\n<p>For the little ones, the <a href=\"https:\/\/www.creilsudoise-tourisme.fr\/en\/agenda-animations\/lecture-lectures-au-pied-du-sapin\/\" target=\"_blank\" rel=\"noreferrer noopener\">Elsa Triolet library<\/a> of Saint-Maximin and <a href=\"https:\/\/www.creilsudoise-tourisme.fr\/en\/agenda-animations\/lecture-contes-dhiver-et-de-noel\/\" target=\"_blank\" rel=\"noreferrer noopener\">Media libraries in Creil<\/a> invites you to <strong>at the foot of their tree<\/strong> for readings of Christmas tales!<\/p>\n\n\n\n<h2><strong>Advent Calendar 2.0<\/strong><\/h2>\n\n\n\n<p>An Advent Calendar 2.0? What's this now?<br>Find an Advent calendar <a href=\"https:\/\/www.buffalo-grill.fr\/nos-actualites\/lesprit-buffalo\/calendrier-de-lavent\" target=\"_blank\" rel=\"noreferrer noopener\">downloadable online<\/a> and to <strong>building with your family <\/strong>with the <strong>Buffalo Grill<\/strong> ! Every day, you'll be offered a design for a house, a dwelling, to create a new home. <strong>Christmas village<\/strong> ! Charming, isn't it?<br><\/p>\n\n\n\n<div class=\"is-layout-flex wp-block-buttons\"><\/div>\n\n\n\n<div class=\"is-layout-flex wp-block-buttons\"><\/div>\n\n\n\n<h2><strong>Gift ideas<\/strong><\/h2>\n\n\n\n<p>In search of<strong>local and\/or artisanal gift ideas<\/strong> ? We've put together a special selection just for you, and you can find it here. <a href=\"https:\/\/www.creilsudoise-tourisme.fr\/en\/2024\/11\/28\/cadeaux-locaux\/\" target=\"_blank\" rel=\"noreferrer noopener\">here<\/a> ! Don't hesitate to go to the Tourist Office to create a booking.<strong> basket or box<\/strong> with<strong> regional products<\/strong> see for yourself what's inside <a href=\"https:\/\/www.creilsudoise-tourisme.fr\/en\/practice\/tourism-office\/shop\/\" target=\"_blank\" rel=\"noreferrer noopener\">our shop<\/a> !&nbsp;<\/p>\n\n\n\n<h2><strong>Christmas and New Year evenings<\/strong><\/h2>\n\n\n\n<p>No plan yet for <strong>festivities<\/strong> ? We did our little research and <a href=\"https:\/\/www.creilsudoise-tourisme.fr\/en\/menu-reveillon\/\" target=\"_blank\" rel=\"noreferrer noopener\">here are the restaurants<\/a> offering <strong>menus for the festive season <\/strong>!<br><br>Celebrate <a href=\"https:\/\/www.plazabowling.com\/bowling-saint-maximin-creil\/2\/\" target=\"_blank\" rel=\"noreferrer noopener\">New Year's Eve<\/a> at Bowling Plaza in Saint-Maximin! Enjoy a festive evening with lots of activities: bowling, billiards, arcade games, disco dancefloor and much more, all in a 100% disco atmosphere! The perfect programme for a memorable evening full of surprises!<\/p>\n\n\n\n<p><\/p>\n\n\n\n<hr class=\"wp-block-separator has-alpha-channel-opacity\"\/>\n\n\n\n<p>The whole team at the Tourist Office hopes you enjoy <strong>happy holidays<\/strong> !<\/p>\n\n\n\n<div class=\"is-content-justification-center is-layout-flex wp-container-4 wp-block-buttons\">\n<div class=\"wp-block-button\"><a class=\"wp-block-button__link wp-element-button\" href=\"https:\/\/www.creilsudoise-tourisme.fr\/en\/agenda\/\" target=\"_blank\" rel=\"noreferrer noopener\">THE WHOLE AGENDA<\/a><\/div>\n<\/div>","protected":false},"excerpt":{"rendered":"<p>The festive season is fast approaching! Let yourself be carried away by the magic of Christmas with a festive and varied programme in Creil Sud Oise, throughout December and right up to the end of the holidays. Christmas markets Creil, Nogent-sur-Oise, Saint-Leu d'Esserent... the Christmas market season is [...]<\/p>","protected":false},"author":10,"featured_media":58821,"comment_status":"closed","ping_status":"closed","sticky":false,"template":"","format":"standard","meta":{"_relevanssi_hide_post":"","_relevanssi_hide_content":"","_relevanssi_pin_for_all":"","_relevanssi_pin_keywords":"","_relevanssi_unpin_keywords":"","_relevanssi_related_keywords":"","_relevanssi_related_include_ids":"","_relevanssi_related_exclude_ids":"","_relevanssi_related_no_append":"","_relevanssi_related_not_related":"","_relevanssi_related_posts":"52387,40285,39936,39126,56183,56179","_relevanssi_noindex_reason":""},"categories":[5],"tags":[],"yoast_head":"<!-- This site is optimized with the Yoast SEO plugin v20.2.1 - https:\/\/yoast.com\/wordpress\/plugins\/seo\/ -->\n<title>Programme des vacances de No\u00ebl 2024<\/title>\n<meta name=\"description\" content=\"D\u00e9couvrez les sorties \u00e0 faire en famille ou entre amis \u00e0 Creil Sud Oise, pr\u00e8s de Chantilly et Senlis, lors des vacances de No\u00ebl.\" \/>\n<meta name=\"robots\" content=\"index, follow, max-snippet:-1, max-image-preview:large, max-video-preview:-1\" \/>\n<link rel=\"canonical\" href=\"https:\/\/www.creilsudoise-tourisme.fr\/en\/2024\/12\/04\/holiday-christmas\/\" \/>\n<meta property=\"og:locale\" content=\"en_GB\" \/>\n<meta property=\"og:type\" content=\"article\" \/>\n<meta property=\"og:title\" content=\"Programme des vacances de No\u00ebl 2024\" \/>\n<meta property=\"og:description\" content=\"D\u00e9couvrez les sorties \u00e0 faire en famille ou entre amis \u00e0 Creil Sud Oise, pr\u00e8s de Chantilly et Senlis, lors des vacances de No\u00ebl.\" \/>\n<meta property=\"og:url\" content=\"https:\/\/www.creilsudoise-tourisme.fr\/en\/2024\/12\/04\/holiday-christmas\/\" \/>\n<meta property=\"og:site_name\" content=\"Office de Tourisme Creil Sud Oise\" \/>\n<meta property=\"article:publisher\" content=\"https:\/\/www.facebook.com\/creilsudoisetourisme\/\" \/>\n<meta property=\"article:published_time\" content=\"2024-12-04T14:03:50+00:00\" \/>\n<meta property=\"article:modified_time\" content=\"2025-01-09T08:54:14+00:00\" \/>\n<meta property=\"og:image\" content=\"https:\/\/www.creilsudoise-tourisme.fr\/wp-content\/uploads\/2024\/12\/noel.jpg\" \/>\n\t<meta property=\"og:image:width\" content=\"1480\" \/>\n\t<meta property=\"og:image:height\" content=\"740\" \/>\n\t<meta property=\"og:image:type\" content=\"image\/jpeg\" \/>\n<meta name=\"author\" content=\"emilie\" \/>\n<meta name=\"twitter:card\" content=\"summary_large_image\" \/>\n<meta name=\"twitter:creator\" content=\"@CreilSudOiseOT\" \/>\n<meta name=\"twitter:site\" content=\"@CreilSudOiseOT\" \/>\n<meta name=\"twitter:label1\" content=\"Written by\" \/>\n\t<meta name=\"twitter:data1\" content=\"emilie\" \/>\n\t<meta name=\"twitter:label2\" content=\"Estimated reading time\" \/>\n\t<meta name=\"twitter:data2\" content=\"4 minutes\" \/>\n<script type=\"application\/ld+json\" class=\"yoast-schema-graph\">{\"@context\":\"https:\/\/schema.org\",\"@graph\":[{\"@type\":\"Article\",\"@id\":\"https:\/\/www.creilsudoise-tourisme.fr\/2024\/12\/04\/vacances-noel\/#article\",\"isPartOf\":{\"@id\":\"https:\/\/www.creilsudoise-tourisme.fr\/2024\/12\/04\/vacances-noel\/\"},\"author\":{\"name\":\"emilie\",\"@id\":\"https:\/\/www.creilsudoise-tourisme.fr\/#\/schema\/person\/81a1ab3a236faa5508e8f47600a85072\"},\"headline\":\"Savourez la magie des f\u00eates de No\u00ebl !\",\"datePublished\":\"2024-12-04T14:03:50+00:00\",\"dateModified\":\"2025-01-09T08:54:14+00:00\",\"mainEntityOfPage\":{\"@id\":\"https:\/\/www.creilsudoise-tourisme.fr\/2024\/12\/04\/vacances-noel\/\"},\"wordCount\":840,\"publisher\":{\"@id\":\"https:\/\/www.creilsudoise-tourisme.fr\/#organization\"},\"articleSection\":[\"Actus\"],\"inLanguage\":\"en-GB\"},{\"@type\":\"WebPage\",\"@id\":\"https:\/\/www.creilsudoise-tourisme.fr\/2024\/12\/04\/vacances-noel\/\",\"url\":\"https:\/\/www.creilsudoise-tourisme.fr\/2024\/12\/04\/vacances-noel\/\",\"name\":\"Programme des vacances de No\u00ebl 2024\",\"isPartOf\":{\"@id\":\"https:\/\/www.creilsudoise-tourisme.fr\/#website\"},\"datePublished\":\"2024-12-04T14:03:50+00:00\",\"dateModified\":\"2025-01-09T08:54:14+00:00\",\"description\":\"D\u00e9couvrez les sorties \u00e0 faire en famille ou entre amis \u00e0 Creil Sud Oise, pr\u00e8s de Chantilly et Senlis, lors des vacances de No\u00ebl.\",\"breadcrumb\":{\"@id\":\"https:\/\/www.creilsudoise-tourisme.fr\/2024\/12\/04\/vacances-noel\/#breadcrumb\"},\"inLanguage\":\"en-GB\",\"potentialAction\":[{\"@type\":\"ReadAction\",\"target\":[\"https:\/\/www.creilsudoise-tourisme.fr\/2024\/12\/04\/vacances-noel\/\"]}]},{\"@type\":\"BreadcrumbList\",\"@id\":\"https:\/\/www.creilsudoise-tourisme.fr\/2024\/12\/04\/vacances-noel\/#breadcrumb\",\"itemListElement\":[{\"@type\":\"ListItem\",\"position\":1,\"name\":\"Accueil\",\"item\":\"https:\/\/www.creilsudoise-tourisme.fr\/\"},{\"@type\":\"ListItem\",\"position\":2,\"name\":\"Savourez la magie des f\u00eates de No\u00ebl !\"}]},{\"@type\":\"WebSite\",\"@id\":\"https:\/\/www.creilsudoise-tourisme.fr\/#website\",\"url\":\"https:\/\/www.creilsudoise-tourisme.fr\/\",\"name\":\"Office de Tourisme Creil Sud Oise\",\"description\":\"Creil Sud Oise Tourisme, un territoire \u00e0 explorer !\",\"publisher\":{\"@id\":\"https:\/\/www.creilsudoise-tourisme.fr\/#organization\"},\"potentialAction\":[{\"@type\":\"SearchAction\",\"target\":{\"@type\":\"EntryPoint\",\"urlTemplate\":\"https:\/\/www.creilsudoise-tourisme.fr\/?s={search_term_string}\"},\"query-input\":\"required name=search_term_string\"}],\"inLanguage\":\"en-GB\"},{\"@type\":\"Organization\",\"@id\":\"https:\/\/www.creilsudoise-tourisme.fr\/#organization\",\"name\":\"Creil Sud Oise Tourisme\",\"url\":\"https:\/\/www.creilsudoise-tourisme.fr\/\",\"logo\":{\"@type\":\"ImageObject\",\"inLanguage\":\"en-GB\",\"@id\":\"https:\/\/www.creilsudoise-tourisme.fr\/#\/schema\/logo\/image\/\",\"url\":\"https:\/\/www.creilsudoise-tourisme.fr\/wp-content\/uploads\/2021\/05\/logo-svg.png\",\"contentUrl\":\"https:\/\/www.creilsudoise-tourisme.fr\/wp-content\/uploads\/2021\/05\/logo-svg.png\",\"width\":182,\"height\":71,\"caption\":\"Creil Sud Oise Tourisme\"},\"image\":{\"@id\":\"https:\/\/www.creilsudoise-tourisme.fr\/#\/schema\/logo\/image\/\"},\"sameAs\":[\"https:\/\/www.facebook.com\/creilsudoisetourisme\/\",\"https:\/\/twitter.com\/CreilSudOiseOT\",\"https:\/\/www.instagram.com\/creilsudoisetourisme\/\",\"https:\/\/www.youtube.com\/channel\/UC8L_QD2wwyADW14zt9fY8kw\"]},{\"@type\":\"Person\",\"@id\":\"https:\/\/www.creilsudoise-tourisme.fr\/#\/schema\/person\/81a1ab3a236faa5508e8f47600a85072\",\"name\":\"emilie\",\"image\":{\"@type\":\"ImageObject\",\"inLanguage\":\"en-GB\",\"@id\":\"https:\/\/www.creilsudoise-tourisme.fr\/#\/schema\/person\/image\/\",\"url\":\"https:\/\/secure.gravatar.com\/avatar\/63ed1ecafae1b27e36a71e8626bc354f?s=96&d=mm&r=g\",\"contentUrl\":\"https:\/\/secure.gravatar.com\/avatar\/63ed1ecafae1b27e36a71e8626bc354f?s=96&d=mm&r=g\",\"caption\":\"emilie\"},\"url\":\"https:\/\/www.creilsudoise-tourisme.fr\/en\/auteur\/emilie\/\"}]}<\/script>\n<!-- \/ Yoast SEO plugin. -->","yoast_head_json":{"title":"Programme des vacances de No\u00ebl 2024","description":"D\u00e9couvrez les sorties \u00e0 faire en famille ou entre amis \u00e0 Creil Sud Oise, pr\u00e8s de Chantilly et Senlis, lors des vacances de No\u00ebl.","robots":{"index":"index","follow":"follow","max-snippet":"max-snippet:-1","max-image-preview":"max-image-preview:large","max-video-preview":"max-video-preview:-1"},"canonical":"https:\/\/www.creilsudoise-tourisme.fr\/en\/2024\/12\/04\/holiday-christmas\/","og_locale":"en_GB","og_type":"article","og_title":"Programme des vacances de No\u00ebl 2024","og_description":"D\u00e9couvrez les sorties \u00e0 faire en famille ou entre amis \u00e0 Creil Sud Oise, pr\u00e8s de Chantilly et Senlis, lors des vacances de No\u00ebl.","og_url":"https:\/\/www.creilsudoise-tourisme.fr\/en\/2024\/12\/04\/holiday-christmas\/","og_site_name":"Office de Tourisme Creil Sud Oise","article_publisher":"https:\/\/www.facebook.com\/creilsudoisetourisme\/","article_published_time":"2024-12-04T14:03:50+00:00","article_modified_time":"2025-01-09T08:54:14+00:00","og_image":[{"width":1480,"height":740,"url":"https:\/\/www.creilsudoise-tourisme.fr\/wp-content\/uploads\/2024\/12\/noel.jpg","type":"image\/jpeg"}],"author":"emilie","twitter_card":"summary_large_image","twitter_creator":"@CreilSudOiseOT","twitter_site":"@CreilSudOiseOT","twitter_misc":{"Written by":"emilie","Estimated reading time":"4 minutes"},"schema":{"@context":"https:\/\/schema.org","@graph":[{"@type":"Article","@id":"https:\/\/www.creilsudoise-tourisme.fr\/2024\/12\/04\/vacances-noel\/#article","isPartOf":{"@id":"https:\/\/www.creilsudoise-tourisme.fr\/2024\/12\/04\/vacances-noel\/"},"author":{"name":"emilie","@id":"https:\/\/www.creilsudoise-tourisme.fr\/#\/schema\/person\/81a1ab3a236faa5508e8f47600a85072"},"headline":"Savourez la magie des f\u00eates de No\u00ebl !","datePublished":"2024-12-04T14:03:50+00:00","dateModified":"2025-01-09T08:54:14+00:00","mainEntityOfPage":{"@id":"https:\/\/www.creilsudoise-tourisme.fr\/2024\/12\/04\/vacances-noel\/"},"wordCount":840,"publisher":{"@id":"https:\/\/www.creilsudoise-tourisme.fr\/#organization"},"articleSection":["Actus"],"inLanguage":"en-GB"},{"@type":"WebPage","@id":"https:\/\/www.creilsudoise-tourisme.fr\/2024\/12\/04\/vacances-noel\/","url":"https:\/\/www.creilsudoise-tourisme.fr\/2024\/12\/04\/vacances-noel\/","name":"Programme des vacances de No\u00ebl 2024","isPartOf":{"@id":"https:\/\/www.creilsudoise-tourisme.fr\/#website"},"datePublished":"2024-12-04T14:03:50+00:00","dateModified":"2025-01-09T08:54:14+00:00","description":"D\u00e9couvrez les sorties \u00e0 faire en famille ou entre amis \u00e0 Creil Sud Oise, pr\u00e8s de Chantilly et Senlis, lors des vacances de No\u00ebl.","breadcrumb":{"@id":"https:\/\/www.creilsudoise-tourisme.fr\/2024\/12\/04\/vacances-noel\/#breadcrumb"},"inLanguage":"en-GB","potentialAction":[{"@type":"ReadAction","target":["https:\/\/www.creilsudoise-tourisme.fr\/2024\/12\/04\/vacances-noel\/"]}]},{"@type":"BreadcrumbList","@id":"https:\/\/www.creilsudoise-tourisme.fr\/2024\/12\/04\/vacances-noel\/#breadcrumb","itemListElement":[{"@type":"ListItem","position":1,"name":"Accueil","item":"https:\/\/www.creilsudoise-tourisme.fr\/"},{"@type":"ListItem","position":2,"name":"Savourez la magie des f\u00eates de No\u00ebl !"}]},{"@type":"WebSite","@id":"https:\/\/www.creilsudoise-tourisme.fr\/#website","url":"https:\/\/www.creilsudoise-tourisme.fr\/","name":"Office de Tourisme Creil Sud Oise","description":"Creil Sud Oise Tourisme, un territoire \u00e0 explorer !","publisher":{"@id":"https:\/\/www.creilsudoise-tourisme.fr\/#organization"},"potentialAction":[{"@type":"SearchAction","target":{"@type":"EntryPoint","urlTemplate":"https:\/\/www.creilsudoise-tourisme.fr\/?s={search_term_string}"},"query-input":"required name=search_term_string"}],"inLanguage":"en-GB"},{"@type":"Organization","@id":"https:\/\/www.creilsudoise-tourisme.fr\/#organization","name":"Creil Sud Oise Tourisme","url":"https:\/\/www.creilsudoise-tourisme.fr\/","logo":{"@type":"ImageObject","inLanguage":"en-GB","@id":"https:\/\/www.creilsudoise-tourisme.fr\/#\/schema\/logo\/image\/","url":"https:\/\/www.creilsudoise-tourisme.fr\/wp-content\/uploads\/2021\/05\/logo-svg.png","contentUrl":"https:\/\/www.creilsudoise-tourisme.fr\/wp-content\/uploads\/2021\/05\/logo-svg.png","width":182,"height":71,"caption":"Creil Sud Oise Tourisme"},"image":{"@id":"https:\/\/www.creilsudoise-tourisme.fr\/#\/schema\/logo\/image\/"},"sameAs":["https:\/\/www.facebook.com\/creilsudoisetourisme\/","https:\/\/twitter.com\/CreilSudOiseOT","https:\/\/www.instagram.com\/creilsudoisetourisme\/","https:\/\/www.youtube.com\/channel\/UC8L_QD2wwyADW14zt9fY8kw"]},{"@type":"Person","@id":"https:\/\/www.creilsudoise-tourisme.fr\/#\/schema\/person\/81a1ab3a236faa5508e8f47600a85072","name":"emilie","image":{"@type":"ImageObject","inLanguage":"en-GB","@id":"https:\/\/www.creilsudoise-tourisme.fr\/#\/schema\/person\/image\/","url":"https:\/\/secure.gravatar.com\/avatar\/63ed1ecafae1b27e36a71e8626bc354f?s=96&d=mm&r=g","contentUrl":"https:\/\/secure.gravatar.com\/avatar\/63ed1ecafae1b27e36a71e8626bc354f?s=96&d=mm&r=g","caption":"emilie"},"url":"https:\/\/www.creilsudoise-tourisme.fr\/en\/auteur\/emilie\/"}]}},"_links":{"self":[{"href":"https:\/\/www.creilsudoise-tourisme.fr\/en\/wp-json\/wp\/v2\/posts\/58743"}],"collection":[{"href":"https:\/\/www.creilsudoise-tourisme.fr\/en\/wp-json\/wp\/v2\/posts"}],"about":[{"href":"https:\/\/www.creilsudoise-tourisme.fr\/en\/wp-json\/wp\/v2\/types\/post"}],"author":[{"embeddable":true,"href":"https:\/\/www.creilsudoise-tourisme.fr\/en\/wp-json\/wp\/v2\/users\/10"}],"replies":[{"embeddable":true,"href":"https:\/\/www.creilsudoise-tourisme.fr\/en\/wp-json\/wp\/v2\/comments?post=58743"}],"version-history":[{"count":57,"href":"https:\/\/www.creilsudoise-tourisme.fr\/en\/wp-json\/wp\/v2\/posts\/58743\/revisions"}],"predecessor-version":[{"id":59175,"href":"https:\/\/www.creilsudoise-tourisme.fr\/en\/wp-json\/wp\/v2\/posts\/58743\/revisions\/59175"}],"wp:featuredmedia":[{"embeddable":true,"href":"https:\/\/www.creilsudoise-tourisme.fr\/en\/wp-json\/wp\/v2\/media\/58821"}],"wp:attachment":[{"href":"https:\/\/www.creilsudoise-tourisme.fr\/en\/wp-json\/wp\/v2\/media?parent=58743"}],"wp:term":[{"taxonomy":"category","embeddable":true,"href":"https:\/\/www.creilsudoise-tourisme.fr\/en\/wp-json\/wp\/v2\/categories?post=58743"},{"taxonomy":"post_tag","embeddable":true,"href":"https:\/\/www.creilsudoise-tourisme.fr\/en\/wp-json\/wp\/v2\/tags?post=58743"}],"curies":[{"name":"wp","href":"https:\/\/api.w.org\/{rel}","templated":true}]}}