{"id":56183,"date":"2024-11-14T15:58:57","date_gmt":"2024-11-14T14:58:57","guid":{"rendered":"https:\/\/www.creilsudoise-tourisme.fr\/?p=56183"},"modified":"2024-08-22T10:29:10","modified_gmt":"2024-08-22T08:29:10","slug":"famille-bernet","status":"publish","type":"post","link":"https:\/\/www.creilsudoise-tourisme.fr\/en\/2024\/11\/14\/famille-bernet\/","title":{"rendered":"My father's castle"},"content":{"rendered":"<p class=\"is-style-excerpt\">On the heights of the town, in the shadow of the collegiate church of Notre-Dame, built at the same time, stands the Ch\u00e2teau de Montataire, which has survived many centuries and had many owners. <strong>For 12 years, the infectious passion of a father and daughter have transformed this old, uninhabited building into a veritable fairytale castle.<\/strong><\/p>\n\n\n\n<div class=\"is-layout-flex wp-container-3 wp-block-columns\">\n<div class=\"is-layout-flow wp-block-column\" style=\"flex-basis:33.33%\">\n<figure class=\"wp-block-image size-large\"><img decoding=\"async\" loading=\"lazy\" width=\"1041\" height=\"1200\" data-src=\"https:\/\/www.creilsudoise-tourisme.fr\/wp-content\/uploads\/2024\/08\/IMG_8395-1041x1200.jpg\" alt=\"\" class=\"wp-image-56271\" data-srcset=\"https:\/\/www.creilsudoise-tourisme.fr\/wp-content\/uploads\/2024\/08\/IMG_8395-1041x1200.jpg 1041w, https:\/\/www.creilsudoise-tourisme.fr\/wp-content\/uploads\/2024\/08\/IMG_8395-520x600.jpg 520w, https:\/\/www.creilsudoise-tourisme.fr\/wp-content\/uploads\/2024\/08\/IMG_8395-780x900.jpg 780w, https:\/\/www.creilsudoise-tourisme.fr\/wp-content\/uploads\/2024\/08\/IMG_8395-1332x1536.jpg 1332w, https:\/\/www.creilsudoise-tourisme.fr\/wp-content\/uploads\/2024\/08\/IMG_8395-10x12.jpg 10w, https:\/\/www.creilsudoise-tourisme.fr\/wp-content\/uploads\/2024\/08\/IMG_8395-200x231.jpg 200w, https:\/\/www.creilsudoise-tourisme.fr\/wp-content\/uploads\/2024\/08\/IMG_8395-650x750.jpg 650w, https:\/\/www.creilsudoise-tourisme.fr\/wp-content\/uploads\/2024\/08\/IMG_8395-387x446.jpg 387w, https:\/\/www.creilsudoise-tourisme.fr\/wp-content\/uploads\/2024\/08\/IMG_8395.jpg 1665w\" sizes=\"(max-width: 1041px) 100vw, 1041px\" \/><\/figure>\n<\/div>\n\n\n\n<div class=\"is-layout-flow wp-block-column\" style=\"flex-basis:66.66%\">\n<p><strong>Fran\u00e7ois-Xavier and Marie-Astrid<\/strong>father and daughter and owners of Ch\u00e2teau de Montataire, opened their doors to us...<\/p>\n<\/div>\n<\/div>\n\n\n\n<h2>A castle with a rich past<\/h2>\n\n\n\n<p>Before becoming a \"ch\u00e2telain\" (a term he finds hardly appropriate in this day and age), Fran\u00e7ois-Xavier Bernet was a property manager. At the time, he simply wanted to acquire a building with character so that he could organise seminars there, if possible in the Oise region, so that he could visit his eldest daughter, a teacher in Chantilly, more often. <strong>A simple advert from a local estate agency led him to the Ch\u00e2teau de Montataire, but it was his daughter Marie-Astrid, a history buff, who encouraged him to buy it.<\/strong><\/p>\n\n\n\n<figure class=\"wp-block-image size-large\"><img decoding=\"async\" loading=\"lazy\" width=\"1200\" height=\"770\" data-src=\"https:\/\/www.creilsudoise-tourisme.fr\/wp-content\/uploads\/2021\/12\/Chateau-de-Montataire-1200x770.jpg\" alt=\"Chateau de Montataire\" class=\"wp-image-39134\" data-srcset=\"https:\/\/www.creilsudoise-tourisme.fr\/wp-content\/uploads\/2021\/12\/Chateau-de-Montataire-1200x770.jpg 1200w, https:\/\/www.creilsudoise-tourisme.fr\/wp-content\/uploads\/2021\/12\/Chateau-de-Montataire-600x385.jpg 600w, https:\/\/www.creilsudoise-tourisme.fr\/wp-content\/uploads\/2021\/12\/Chateau-de-Montataire-900x578.jpg 900w, https:\/\/www.creilsudoise-tourisme.fr\/wp-content\/uploads\/2021\/12\/Chateau-de-Montataire-200x128.jpg 200w, https:\/\/www.creilsudoise-tourisme.fr\/wp-content\/uploads\/2021\/12\/Chateau-de-Montataire-650x417.jpg 650w, https:\/\/www.creilsudoise-tourisme.fr\/wp-content\/uploads\/2021\/12\/Chateau-de-Montataire-387x248.jpg 387w, https:\/\/www.creilsudoise-tourisme.fr\/wp-content\/uploads\/2021\/12\/Chateau-de-Montataire.jpg 1480w\" sizes=\"(max-width: 1200px) 100vw, 1200px\" \/><\/figure>\n\n\n\n<p>Because the <strong>Ch\u00e2teau de Montataire boasts a rich history.<\/strong> It was built in 12<sup>e<\/sup> century by Count Hugues de Clermont after a donation from the king, and originally consisted, in the most <strong>pure medieval style<\/strong>It comprises a right-angled main building flanked by four semi-circular towers of different diameters.\u00a0<\/p>\n\n\n\n<p>The building underwent several transformations up until the 19th century.<sup>e<\/sup> century. It was extended in the 15th<sup>e<\/sup> century by the Madaillan de Lesparre family, <strong>adopting a Renaissance style of architecture <\/strong>more square and rectilinear, with French windows and an Italian-style balustrade on the fa\u00e7ade. The ch\u00e2teau was then <strong>restored and completed in 19<sup>e<\/sup> century after 20 years of work by Baron de Cond\u00e9<\/strong>who was also mayor of the town of Montataire. The interior was then converted into small flats to house the various members of the family.<\/p>\n\n\n\n<figure class=\"is-layout-flex wp-block-gallery-4 wp-block-gallery has-nested-images columns-default is-cropped\">\n<figure class=\"wp-block-image size-large\"><img decoding=\"async\" loading=\"lazy\" width=\"797\" height=\"1200\" data-id=\"56246\"  data-src=\"https:\/\/www.creilsudoise-tourisme.fr\/wp-content\/uploads\/2024\/08\/Chateau_Montataire-Creil_Sud_Oise_Tourisme-11-797x1200.jpg\" alt=\"Ch\u00e2teau de Montataire renovation history Cond\u00e9 henri IV 4 Oise guided tour Bernet family\" class=\"wp-image-56246\" data-srcset=\"https:\/\/www.creilsudoise-tourisme.fr\/wp-content\/uploads\/2024\/08\/Chateau_Montataire-Creil_Sud_Oise_Tourisme-11-797x1200.jpg 797w, https:\/\/www.creilsudoise-tourisme.fr\/wp-content\/uploads\/2024\/08\/Chateau_Montataire-Creil_Sud_Oise_Tourisme-11-399x600.jpg 399w, https:\/\/www.creilsudoise-tourisme.fr\/wp-content\/uploads\/2024\/08\/Chateau_Montataire-Creil_Sud_Oise_Tourisme-11-598x900.jpg 598w, https:\/\/www.creilsudoise-tourisme.fr\/wp-content\/uploads\/2024\/08\/Chateau_Montataire-Creil_Sud_Oise_Tourisme-11-8x12.jpg 8w, https:\/\/www.creilsudoise-tourisme.fr\/wp-content\/uploads\/2024\/08\/Chateau_Montataire-Creil_Sud_Oise_Tourisme-11-200x301.jpg 200w, https:\/\/www.creilsudoise-tourisme.fr\/wp-content\/uploads\/2024\/08\/Chateau_Montataire-Creil_Sud_Oise_Tourisme-11-650x979.jpg 650w, https:\/\/www.creilsudoise-tourisme.fr\/wp-content\/uploads\/2024\/08\/Chateau_Montataire-Creil_Sud_Oise_Tourisme-11-282x424.jpg 282w, https:\/\/www.creilsudoise-tourisme.fr\/wp-content\/uploads\/2024\/08\/Chateau_Montataire-Creil_Sud_Oise_Tourisme-11-387x583.jpg 387w, https:\/\/www.creilsudoise-tourisme.fr\/wp-content\/uploads\/2024\/08\/Chateau_Montataire-Creil_Sud_Oise_Tourisme-11.jpg 983w\" sizes=\"(max-width: 797px) 100vw, 797px\" \/><figcaption class=\"wp-element-caption\">Creil Sud Oise Tourisme<\/figcaption><\/figure>\n\n\n\n<figure class=\"wp-block-image size-large\"><img decoding=\"async\" loading=\"lazy\" width=\"675\" height=\"1200\" data-id=\"56255\"  data-src=\"https:\/\/www.creilsudoise-tourisme.fr\/wp-content\/uploads\/2024\/08\/Chateau_Montataire-Creil_Sud_Oise_Tourisme-2-675x1200.jpg\" alt=\"Ch\u00e2teau de Montataire renovation history Cond\u00e9 henri IV 4 Oise guided tour Bernet family\" class=\"wp-image-56255\" data-srcset=\"https:\/\/www.creilsudoise-tourisme.fr\/wp-content\/uploads\/2024\/08\/Chateau_Montataire-Creil_Sud_Oise_Tourisme-2-675x1200.jpg 675w, https:\/\/www.creilsudoise-tourisme.fr\/wp-content\/uploads\/2024\/08\/Chateau_Montataire-Creil_Sud_Oise_Tourisme-2-338x600.jpg 338w, https:\/\/www.creilsudoise-tourisme.fr\/wp-content\/uploads\/2024\/08\/Chateau_Montataire-Creil_Sud_Oise_Tourisme-2-507x900.jpg 507w, https:\/\/www.creilsudoise-tourisme.fr\/wp-content\/uploads\/2024\/08\/Chateau_Montataire-Creil_Sud_Oise_Tourisme-2-7x12.jpg 7w, https:\/\/www.creilsudoise-tourisme.fr\/wp-content\/uploads\/2024\/08\/Chateau_Montataire-Creil_Sud_Oise_Tourisme-2-200x355.jpg 200w, https:\/\/www.creilsudoise-tourisme.fr\/wp-content\/uploads\/2024\/08\/Chateau_Montataire-Creil_Sud_Oise_Tourisme-2-650x1155.jpg 650w, https:\/\/www.creilsudoise-tourisme.fr\/wp-content\/uploads\/2024\/08\/Chateau_Montataire-Creil_Sud_Oise_Tourisme-2-387x688.jpg 387w, https:\/\/www.creilsudoise-tourisme.fr\/wp-content\/uploads\/2024\/08\/Chateau_Montataire-Creil_Sud_Oise_Tourisme-2.jpg 833w\" sizes=\"(max-width: 675px) 100vw, 675px\" \/><figcaption class=\"wp-element-caption\">Creil Sud Oise Tourisme<\/figcaption><\/figure>\n<\/figure>\n\n\n\n<p><strong>The Ch\u00e2teau was subsequently bought by Usinor in the 1960s.<\/strong>a major French steel group that owned a plant with 4,000 employees in Montataire, but was mainly looking to build Californian-style pavilions in the park to house its executives. The company only used the ground floor of the building, <strong>to organise seminars and cater for employees<\/strong>who had their own chef. <strong>The upper floors were quickly walled off, condemned and abandoned.<\/strong><\/p>\n\n\n\n<h2>Renovating the Ch\u00e2teau as a family<\/h2>\n\n\n\n<div class=\"is-layout-flex wp-container-8 wp-block-columns\">\n<div class=\"is-layout-flow wp-block-column\" style=\"flex-basis:66.66%\">\n<p><strong>On 5 April 2012, Fran\u00e7ois-Xavier Bernet and his daughter Marie-Astrid got down to work. <\/strong>Everything has to be redone before it can be renovated: electricity, plumbing, roofing, framework, etc. Between the work, the furnishings and decoration,<strong> there's no shortage of work to be done to breathe new life into such a vast 40-room space <\/strong>covering an area of around 1000 square metres! A veritable armada of painters, carpenters, roofers, floorers and even stonemasons are working incessantly on the shell, insulation and interior fittings.<\/p>\n\n\n\n<p>Little by little, each piece takes shape as the<strong> the castle comes back to life<\/strong>. The halls and bedrooms are adorned with furniture, candelabras, small everyday objects, paintings and engravings. <strong>found on the Internet, in second-hand shops or at auctions.<\/strong> There are also many superb clocks at the castle, although none of them work because \"&nbsp;<em>here time stands still&nbsp;<\/em>\"as Fran\u00e7ois-Xavier Bernet mischievously puts it.<\/p>\n<\/div>\n\n\n\n<div class=\"is-layout-flow wp-block-column\" style=\"flex-basis:33.33%\">\n<figure class=\"wp-block-image size-large\"><img decoding=\"async\" loading=\"lazy\" width=\"800\" height=\"1200\" data-src=\"https:\/\/www.creilsudoise-tourisme.fr\/wp-content\/uploads\/2024\/08\/IMG_8409-800x1200.jpg\" alt=\"Ch\u00e2teau de Montataire renovation history Cond\u00e9 henri IV 4 Oise guided tour Bernet family\" class=\"wp-image-56269\" data-srcset=\"https:\/\/www.creilsudoise-tourisme.fr\/wp-content\/uploads\/2024\/08\/IMG_8409-800x1200.jpg 800w, https:\/\/www.creilsudoise-tourisme.fr\/wp-content\/uploads\/2024\/08\/IMG_8409-400x600.jpg 400w, https:\/\/www.creilsudoise-tourisme.fr\/wp-content\/uploads\/2024\/08\/IMG_8409-600x900.jpg 600w, https:\/\/www.creilsudoise-tourisme.fr\/wp-content\/uploads\/2024\/08\/IMG_8409-8x12.jpg 8w, https:\/\/www.creilsudoise-tourisme.fr\/wp-content\/uploads\/2024\/08\/IMG_8409-200x300.jpg 200w, https:\/\/www.creilsudoise-tourisme.fr\/wp-content\/uploads\/2024\/08\/IMG_8409-650x975.jpg 650w, https:\/\/www.creilsudoise-tourisme.fr\/wp-content\/uploads\/2024\/08\/IMG_8409-282x424.jpg 282w, https:\/\/www.creilsudoise-tourisme.fr\/wp-content\/uploads\/2024\/08\/IMG_8409-387x580.jpg 387w, https:\/\/www.creilsudoise-tourisme.fr\/wp-content\/uploads\/2024\/08\/IMG_8409.jpg 987w\" sizes=\"(max-width: 800px) 100vw, 800px\" \/><figcaption class=\"wp-element-caption\">Emmanuel Latouche<\/figcaption><\/figure>\n<\/div>\n<\/div>\n\n\n\n<h3>Detective work<\/h3>\n\n\n\n<p>She's like a real detective, arming herself with courage and patience to unravel the mysteries of the past, <strong>Marie-Astrid has carried out extensive historical research in the national and departmental archives of the Oise region. <\/strong>A precious clue may be hidden in a painting, an engraving or a sketch, making it possible to reconstruct the d\u00e9cor piece by piece. It is not always possible to authenticate the provenance of a work with certainty, such as the superb pink earthenware in the garden level bathroom, probably made by the Creil faience factory established in 1797.<\/p>\n\n\n\n<p><strong>Excavation of the cellars and attics also unearthed some precious remains <\/strong>- bits of marble, floorboards, scraps of tapestry... - and sometimes even curious objects. Fran\u00e7ois-Xavier found the remains of a doorbell panel system from the 19th century.<sup>e<\/sup> In the 19th century, a bell was used to summon servants by means of wires strung throughout the house. Each bell probably tinkled differently, so that the servants could identify the corresponding room: the Henri IV room, the Clermont room, the chambre \u00e0 Glaces or the chambre Bleue, who's calling?<\/p>\n\n\n\n<figure class=\"is-layout-flex wp-block-gallery-9 wp-block-gallery has-nested-images columns-default is-cropped\">\n<figure class=\"wp-block-image size-large\"><img decoding=\"async\" loading=\"lazy\" width=\"1200\" height=\"675\" data-id=\"56248\"  data-src=\"https:\/\/www.creilsudoise-tourisme.fr\/wp-content\/uploads\/2024\/08\/Chateau_Montataire-Details-Creil_Sud_Oise_Tourisme-20-1200x675.jpg\" alt=\"Ch\u00e2teau de Montataire renovation history Cond\u00e9 henri IV 4 Oise guided tour Bernet family\" class=\"wp-image-56248\" data-srcset=\"https:\/\/www.creilsudoise-tourisme.fr\/wp-content\/uploads\/2024\/08\/Chateau_Montataire-Details-Creil_Sud_Oise_Tourisme-20-1200x675.jpg 1200w, https:\/\/www.creilsudoise-tourisme.fr\/wp-content\/uploads\/2024\/08\/Chateau_Montataire-Details-Creil_Sud_Oise_Tourisme-20-600x338.jpg 600w, https:\/\/www.creilsudoise-tourisme.fr\/wp-content\/uploads\/2024\/08\/Chateau_Montataire-Details-Creil_Sud_Oise_Tourisme-20-900x507.jpg 900w, https:\/\/www.creilsudoise-tourisme.fr\/wp-content\/uploads\/2024\/08\/Chateau_Montataire-Details-Creil_Sud_Oise_Tourisme-20-18x10.jpg 18w, https:\/\/www.creilsudoise-tourisme.fr\/wp-content\/uploads\/2024\/08\/Chateau_Montataire-Details-Creil_Sud_Oise_Tourisme-20-200x113.jpg 200w, https:\/\/www.creilsudoise-tourisme.fr\/wp-content\/uploads\/2024\/08\/Chateau_Montataire-Details-Creil_Sud_Oise_Tourisme-20-650x366.jpg 650w, https:\/\/www.creilsudoise-tourisme.fr\/wp-content\/uploads\/2024\/08\/Chateau_Montataire-Details-Creil_Sud_Oise_Tourisme-20-387x218.jpg 387w, https:\/\/www.creilsudoise-tourisme.fr\/wp-content\/uploads\/2024\/08\/Chateau_Montataire-Details-Creil_Sud_Oise_Tourisme-20.jpg 1480w\" sizes=\"(max-width: 1200px) 100vw, 1200px\" \/><figcaption class=\"wp-element-caption\">Creil Sud Oise Tourisme<\/figcaption><\/figure>\n\n\n\n<figure class=\"wp-block-image size-large\"><img decoding=\"async\" loading=\"lazy\" width=\"1200\" height=\"677\" data-id=\"33216\"  data-src=\"https:\/\/www.creilsudoise-tourisme.fr\/wp-content\/uploads\/2021\/04\/Exposition-au-Cha\u0302teau-de-Montataire.jpg\" alt=\"Ch\u00e2teau de Montataire renovation history Cond\u00e9 henri IV 4 Oise guided tour Bernet family\" class=\"wp-image-33216\" data-srcset=\"https:\/\/www.creilsudoise-tourisme.fr\/wp-content\/uploads\/2021\/04\/Exposition-au-Cha\u0302teau-de-Montataire.jpg 1200w, https:\/\/www.creilsudoise-tourisme.fr\/wp-content\/uploads\/2021\/04\/Exposition-au-Cha\u0302teau-de-Montataire-600x339.jpg 600w, https:\/\/www.creilsudoise-tourisme.fr\/wp-content\/uploads\/2021\/04\/Exposition-au-Cha\u0302teau-de-Montataire-900x508.jpg 900w, https:\/\/www.creilsudoise-tourisme.fr\/wp-content\/uploads\/2021\/04\/Exposition-au-Cha\u0302teau-de-Montataire-200x113.jpg 200w, https:\/\/www.creilsudoise-tourisme.fr\/wp-content\/uploads\/2021\/04\/Exposition-au-Cha\u0302teau-de-Montataire-650x367.jpg 650w, https:\/\/www.creilsudoise-tourisme.fr\/wp-content\/uploads\/2021\/04\/Exposition-au-Cha\u0302teau-de-Montataire-387x218.jpg 387w, https:\/\/www.creilsudoise-tourisme.fr\/wp-content\/uploads\/2021\/04\/Exposition-au-Cha\u0302teau-de-Montataire-275x155.jpg 275w\" sizes=\"(max-width: 1200px) 100vw, 1200px\" \/><figcaption class=\"wp-element-caption\">Creil Sud Oise Tourisme<\/figcaption><\/figure>\n<\/figure>\n\n\n\n<h2>A great crowd<\/h2>\n\n\n\n<p><strong>The centrepiece of the ch\u00e2teau is undoubtedly Henri IV's bedroom.<\/strong>located on the first floor. <strong>The King of France came several times <\/strong>to visit his friend Jean de Madaillan, Lord of Montataire. You can still see <strong>painted the King's 'H' on the ceiling<\/strong>with its crown and fleur-de-lys. A superb Renaissance ceiling with polychrome joists adds even more cachet to this room, which looks as if it has been frozen in time. <strong>The famous letter writer Madame de S\u00e9vign\u00e9 also visited the Ch\u00e2teau de Montataire on several occasions.<\/strong> to 17<sup>e<\/sup> century, and the<strong>Voltaire is also said to have passed through here.<\/strong><\/p>\n\n\n\n<figure class=\"wp-block-image size-large\"><img decoding=\"async\" loading=\"lazy\" width=\"1200\" height=\"675\" data-src=\"https:\/\/www.creilsudoise-tourisme.fr\/wp-content\/uploads\/wpetourisme\/Chateau-de-Montataire---Creil-Sud-Oise-Tourisme--3--1200x675.jpg\" alt=\"\" class=\"wp-image-50793\" data-srcset=\"https:\/\/www.creilsudoise-tourisme.fr\/wp-content\/uploads\/wpetourisme\/Chateau-de-Montataire---Creil-Sud-Oise-Tourisme--3--1200x675.jpg 1200w, https:\/\/www.creilsudoise-tourisme.fr\/wp-content\/uploads\/wpetourisme\/Chateau-de-Montataire---Creil-Sud-Oise-Tourisme--3--600x338.jpg 600w, https:\/\/www.creilsudoise-tourisme.fr\/wp-content\/uploads\/wpetourisme\/Chateau-de-Montataire---Creil-Sud-Oise-Tourisme--3--900x507.jpg 900w, https:\/\/www.creilsudoise-tourisme.fr\/wp-content\/uploads\/wpetourisme\/Chateau-de-Montataire---Creil-Sud-Oise-Tourisme--3--18x10.jpg 18w, https:\/\/www.creilsudoise-tourisme.fr\/wp-content\/uploads\/wpetourisme\/Chateau-de-Montataire---Creil-Sud-Oise-Tourisme--3--200x113.jpg 200w, https:\/\/www.creilsudoise-tourisme.fr\/wp-content\/uploads\/wpetourisme\/Chateau-de-Montataire---Creil-Sud-Oise-Tourisme--3--650x366.jpg 650w, https:\/\/www.creilsudoise-tourisme.fr\/wp-content\/uploads\/wpetourisme\/Chateau-de-Montataire---Creil-Sud-Oise-Tourisme--3--387x218.jpg 387w, https:\/\/www.creilsudoise-tourisme.fr\/wp-content\/uploads\/wpetourisme\/Chateau-de-Montataire---Creil-Sud-Oise-Tourisme--3-.jpg 1480w\" sizes=\"(max-width: 1200px) 100vw, 1200px\" \/><\/figure>\n\n\n\n<p>True lovers of their castle for its history and atmosphere,<strong> the owners are quick to transform themselves into guide-lecturers <\/strong>and admire the spectacular metamorphosis of an 18th-century staircase.<sup>e<\/sup> The Ch\u00e2teau de Montataire is not open to the public, but you can enjoy the beauty of a herringbone parquet floor or the delicate softness of period earthenware. Ch\u00e2teau de Montataire is not open to the public. <strong>guided tours are organised on a regular basis<\/strong>and <strong>days at the Ch\u00e2teau for groups<\/strong>The Ch\u00e2teau also welcomes companies to organise business events and private receptions. The Ch\u00e2teau also caters for corporate events and private receptions.<\/p>\n\n\n\n<figure class=\"is-layout-flex wp-block-gallery-11 wp-block-gallery has-nested-images columns-default is-cropped\">\n<figure class=\"wp-block-image size-large\"><img decoding=\"async\" loading=\"lazy\" width=\"1200\" height=\"675\" data-id=\"56253\"  data-src=\"https:\/\/www.creilsudoise-tourisme.fr\/wp-content\/uploads\/2024\/08\/Chateau_Montataire-Visite_guidee-Creil_Sud_Oise_Tourisme-17-1200x675.jpg\" alt=\"Ch\u00e2teau de Montataire renovation history Cond\u00e9 henri IV 4 Oise guided tour Bernet family\" class=\"wp-image-56253\" data-srcset=\"https:\/\/www.creilsudoise-tourisme.fr\/wp-content\/uploads\/2024\/08\/Chateau_Montataire-Visite_guidee-Creil_Sud_Oise_Tourisme-17-1200x675.jpg 1200w, https:\/\/www.creilsudoise-tourisme.fr\/wp-content\/uploads\/2024\/08\/Chateau_Montataire-Visite_guidee-Creil_Sud_Oise_Tourisme-17-600x338.jpg 600w, https:\/\/www.creilsudoise-tourisme.fr\/wp-content\/uploads\/2024\/08\/Chateau_Montataire-Visite_guidee-Creil_Sud_Oise_Tourisme-17-900x507.jpg 900w, https:\/\/www.creilsudoise-tourisme.fr\/wp-content\/uploads\/2024\/08\/Chateau_Montataire-Visite_guidee-Creil_Sud_Oise_Tourisme-17-18x10.jpg 18w, https:\/\/www.creilsudoise-tourisme.fr\/wp-content\/uploads\/2024\/08\/Chateau_Montataire-Visite_guidee-Creil_Sud_Oise_Tourisme-17-200x113.jpg 200w, https:\/\/www.creilsudoise-tourisme.fr\/wp-content\/uploads\/2024\/08\/Chateau_Montataire-Visite_guidee-Creil_Sud_Oise_Tourisme-17-650x366.jpg 650w, https:\/\/www.creilsudoise-tourisme.fr\/wp-content\/uploads\/2024\/08\/Chateau_Montataire-Visite_guidee-Creil_Sud_Oise_Tourisme-17-387x218.jpg 387w, https:\/\/www.creilsudoise-tourisme.fr\/wp-content\/uploads\/2024\/08\/Chateau_Montataire-Visite_guidee-Creil_Sud_Oise_Tourisme-17.jpg 1480w\" sizes=\"(max-width: 1200px) 100vw, 1200px\" \/><figcaption class=\"wp-element-caption\">Creil Sud Oise Tourisme<\/figcaption><\/figure>\n\n\n\n<figure class=\"wp-block-image size-large\"><img decoding=\"async\" loading=\"lazy\" width=\"797\" height=\"1200\" data-id=\"56252\"  data-src=\"https:\/\/www.creilsudoise-tourisme.fr\/wp-content\/uploads\/2024\/08\/Chateau_Montataire-Visite_guidee-Creil_Sud_Oise_Tourisme-2-797x1200.jpg\" alt=\"Ch\u00e2teau de Montataire renovation history Cond\u00e9 henri IV 4 Oise guided tour Bernet family\" class=\"wp-image-56252\" data-srcset=\"https:\/\/www.creilsudoise-tourisme.fr\/wp-content\/uploads\/2024\/08\/Chateau_Montataire-Visite_guidee-Creil_Sud_Oise_Tourisme-2-797x1200.jpg 797w, https:\/\/www.creilsudoise-tourisme.fr\/wp-content\/uploads\/2024\/08\/Chateau_Montataire-Visite_guidee-Creil_Sud_Oise_Tourisme-2-399x600.jpg 399w, https:\/\/www.creilsudoise-tourisme.fr\/wp-content\/uploads\/2024\/08\/Chateau_Montataire-Visite_guidee-Creil_Sud_Oise_Tourisme-2-598x900.jpg 598w, https:\/\/www.creilsudoise-tourisme.fr\/wp-content\/uploads\/2024\/08\/Chateau_Montataire-Visite_guidee-Creil_Sud_Oise_Tourisme-2-8x12.jpg 8w, https:\/\/www.creilsudoise-tourisme.fr\/wp-content\/uploads\/2024\/08\/Chateau_Montataire-Visite_guidee-Creil_Sud_Oise_Tourisme-2-200x301.jpg 200w, https:\/\/www.creilsudoise-tourisme.fr\/wp-content\/uploads\/2024\/08\/Chateau_Montataire-Visite_guidee-Creil_Sud_Oise_Tourisme-2-650x979.jpg 650w, https:\/\/www.creilsudoise-tourisme.fr\/wp-content\/uploads\/2024\/08\/Chateau_Montataire-Visite_guidee-Creil_Sud_Oise_Tourisme-2-282x424.jpg 282w, https:\/\/www.creilsudoise-tourisme.fr\/wp-content\/uploads\/2024\/08\/Chateau_Montataire-Visite_guidee-Creil_Sud_Oise_Tourisme-2-387x583.jpg 387w, https:\/\/www.creilsudoise-tourisme.fr\/wp-content\/uploads\/2024\/08\/Chateau_Montataire-Visite_guidee-Creil_Sud_Oise_Tourisme-2.jpg 983w\" sizes=\"(max-width: 797px) 100vw, 797px\" \/><figcaption class=\"wp-element-caption\">Creil Sud Oise Tourisme<\/figcaption><\/figure>\n\n\n\n<figure class=\"wp-block-image size-large\"><img decoding=\"async\" loading=\"lazy\" width=\"1200\" height=\"800\" data-id=\"56245\"  data-src=\"https:\/\/www.creilsudoise-tourisme.fr\/wp-content\/uploads\/2024\/08\/Chateau-de-Montataire-Creil-Sud-Oise-Tourisme-9-1200x800.jpg\" alt=\"Ch\u00e2teau de Montataire renovation history Cond\u00e9 henri IV 4 Oise guided tour Bernet family\" class=\"wp-image-56245\" data-srcset=\"https:\/\/www.creilsudoise-tourisme.fr\/wp-content\/uploads\/2024\/08\/Chateau-de-Montataire-Creil-Sud-Oise-Tourisme-9-1200x800.jpg 1200w, https:\/\/www.creilsudoise-tourisme.fr\/wp-content\/uploads\/2024\/08\/Chateau-de-Montataire-Creil-Sud-Oise-Tourisme-9-600x400.jpg 600w, https:\/\/www.creilsudoise-tourisme.fr\/wp-content\/uploads\/2024\/08\/Chateau-de-Montataire-Creil-Sud-Oise-Tourisme-9-900x600.jpg 900w, https:\/\/www.creilsudoise-tourisme.fr\/wp-content\/uploads\/2024\/08\/Chateau-de-Montataire-Creil-Sud-Oise-Tourisme-9-18x12.jpg 18w, https:\/\/www.creilsudoise-tourisme.fr\/wp-content\/uploads\/2024\/08\/Chateau-de-Montataire-Creil-Sud-Oise-Tourisme-9-200x133.jpg 200w, https:\/\/www.creilsudoise-tourisme.fr\/wp-content\/uploads\/2024\/08\/Chateau-de-Montataire-Creil-Sud-Oise-Tourisme-9-650x433.jpg 650w, https:\/\/www.creilsudoise-tourisme.fr\/wp-content\/uploads\/2024\/08\/Chateau-de-Montataire-Creil-Sud-Oise-Tourisme-9-387x258.jpg 387w, https:\/\/www.creilsudoise-tourisme.fr\/wp-content\/uploads\/2024\/08\/Chateau-de-Montataire-Creil-Sud-Oise-Tourisme-9.jpg 1480w\" sizes=\"(max-width: 1200px) 100vw, 1200px\" \/><figcaption class=\"wp-element-caption\">Creil Sud Oise Tourisme<\/figcaption><\/figure>\n\n\n\n<figure class=\"wp-block-image size-large\"><img decoding=\"async\" loading=\"lazy\" width=\"1200\" height=\"675\" data-id=\"56243\"  data-src=\"https:\/\/www.creilsudoise-tourisme.fr\/wp-content\/uploads\/2024\/08\/Chateau-de-Montataire-Creil-Sud-Oise-Tourisme-2-1200x675.jpg\" alt=\"Ch\u00e2teau de Montataire renovation history Cond\u00e9 henri IV 4 Oise guided tour Bernet family\" class=\"wp-image-56243\" data-srcset=\"https:\/\/www.creilsudoise-tourisme.fr\/wp-content\/uploads\/2024\/08\/Chateau-de-Montataire-Creil-Sud-Oise-Tourisme-2-1200x675.jpg 1200w, https:\/\/www.creilsudoise-tourisme.fr\/wp-content\/uploads\/2024\/08\/Chateau-de-Montataire-Creil-Sud-Oise-Tourisme-2-600x338.jpg 600w, https:\/\/www.creilsudoise-tourisme.fr\/wp-content\/uploads\/2024\/08\/Chateau-de-Montataire-Creil-Sud-Oise-Tourisme-2-900x507.jpg 900w, https:\/\/www.creilsudoise-tourisme.fr\/wp-content\/uploads\/2024\/08\/Chateau-de-Montataire-Creil-Sud-Oise-Tourisme-2-18x10.jpg 18w, https:\/\/www.creilsudoise-tourisme.fr\/wp-content\/uploads\/2024\/08\/Chateau-de-Montataire-Creil-Sud-Oise-Tourisme-2-200x113.jpg 200w, https:\/\/www.creilsudoise-tourisme.fr\/wp-content\/uploads\/2024\/08\/Chateau-de-Montataire-Creil-Sud-Oise-Tourisme-2-650x366.jpg 650w, https:\/\/www.creilsudoise-tourisme.fr\/wp-content\/uploads\/2024\/08\/Chateau-de-Montataire-Creil-Sud-Oise-Tourisme-2-387x218.jpg 387w, https:\/\/www.creilsudoise-tourisme.fr\/wp-content\/uploads\/2024\/08\/Chateau-de-Montataire-Creil-Sud-Oise-Tourisme-2.jpg 1480w\" sizes=\"(max-width: 1200px) 100vw, 1200px\" \/><figcaption class=\"wp-element-caption\">Creil Sud Oise Tourisme<\/figcaption><\/figure>\n\n\n\n<figure class=\"wp-block-image size-large\"><img decoding=\"async\" loading=\"lazy\" width=\"1200\" height=\"675\" data-id=\"56242\"  data-src=\"https:\/\/www.creilsudoise-tourisme.fr\/wp-content\/uploads\/2024\/08\/Chateau-de-Montataire-Creil-Sud-Oise-Tourisme-1-3-1200x675.jpg\" alt=\"Ch\u00e2teau de Montataire renovation history Cond\u00e9 henri IV 4 Oise guided tour Bernet family\" class=\"wp-image-56242\" data-srcset=\"https:\/\/www.creilsudoise-tourisme.fr\/wp-content\/uploads\/2024\/08\/Chateau-de-Montataire-Creil-Sud-Oise-Tourisme-1-3-1200x675.jpg 1200w, https:\/\/www.creilsudoise-tourisme.fr\/wp-content\/uploads\/2024\/08\/Chateau-de-Montataire-Creil-Sud-Oise-Tourisme-1-3-600x338.jpg 600w, https:\/\/www.creilsudoise-tourisme.fr\/wp-content\/uploads\/2024\/08\/Chateau-de-Montataire-Creil-Sud-Oise-Tourisme-1-3-900x507.jpg 900w, https:\/\/www.creilsudoise-tourisme.fr\/wp-content\/uploads\/2024\/08\/Chateau-de-Montataire-Creil-Sud-Oise-Tourisme-1-3-18x10.jpg 18w, https:\/\/www.creilsudoise-tourisme.fr\/wp-content\/uploads\/2024\/08\/Chateau-de-Montataire-Creil-Sud-Oise-Tourisme-1-3-200x113.jpg 200w, https:\/\/www.creilsudoise-tourisme.fr\/wp-content\/uploads\/2024\/08\/Chateau-de-Montataire-Creil-Sud-Oise-Tourisme-1-3-650x366.jpg 650w, https:\/\/www.creilsudoise-tourisme.fr\/wp-content\/uploads\/2024\/08\/Chateau-de-Montataire-Creil-Sud-Oise-Tourisme-1-3-387x218.jpg 387w, https:\/\/www.creilsudoise-tourisme.fr\/wp-content\/uploads\/2024\/08\/Chateau-de-Montataire-Creil-Sud-Oise-Tourisme-1-3.jpg 1480w\" sizes=\"(max-width: 1200px) 100vw, 1200px\" \/><figcaption class=\"wp-element-caption\">Creil Sud Oise Tourisme<\/figcaption><\/figure>\n\n\n\n<figure class=\"wp-block-image size-large\"><img decoding=\"async\" loading=\"lazy\" width=\"1200\" height=\"675\" data-id=\"32680\"  data-src=\"https:\/\/www.creilsudoise-tourisme.fr\/wp-content\/uploads\/2021\/03\/Une-visite-guide\u0301e-en-groupes-du-Cha\u0302teau-de-Montataire-1-1200x675.jpg\" alt=\"Ch\u00e2teau de Montataire renovation history Cond\u00e9 henri IV 4 Oise guided tour Bernet family\" class=\"wp-image-32680\" data-srcset=\"https:\/\/www.creilsudoise-tourisme.fr\/wp-content\/uploads\/2021\/03\/Une-visite-guide\u0301e-en-groupes-du-Cha\u0302teau-de-Montataire-1-1200x675.jpg 1200w, https:\/\/www.creilsudoise-tourisme.fr\/wp-content\/uploads\/2021\/03\/Une-visite-guide\u0301e-en-groupes-du-Cha\u0302teau-de-Montataire-1-600x338.jpg 600w, https:\/\/www.creilsudoise-tourisme.fr\/wp-content\/uploads\/2021\/03\/Une-visite-guide\u0301e-en-groupes-du-Cha\u0302teau-de-Montataire-1-900x506.jpg 900w, https:\/\/www.creilsudoise-tourisme.fr\/wp-content\/uploads\/2021\/03\/Une-visite-guide\u0301e-en-groupes-du-Cha\u0302teau-de-Montataire-1-1536x864.jpg 1536w, https:\/\/www.creilsudoise-tourisme.fr\/wp-content\/uploads\/2021\/03\/Une-visite-guide\u0301e-en-groupes-du-Cha\u0302teau-de-Montataire-1-200x113.jpg 200w, https:\/\/www.creilsudoise-tourisme.fr\/wp-content\/uploads\/2021\/03\/Une-visite-guide\u0301e-en-groupes-du-Cha\u0302teau-de-Montataire-1-650x366.jpg 650w, https:\/\/www.creilsudoise-tourisme.fr\/wp-content\/uploads\/2021\/03\/Une-visite-guide\u0301e-en-groupes-du-Cha\u0302teau-de-Montataire-1-387x218.jpg 387w, https:\/\/www.creilsudoise-tourisme.fr\/wp-content\/uploads\/2021\/03\/Une-visite-guide\u0301e-en-groupes-du-Cha\u0302teau-de-Montataire-1.jpg 1600w\" sizes=\"(max-width: 1200px) 100vw, 1200px\" \/><figcaption class=\"wp-element-caption\">Creil Sud Oise Tourisme<\/figcaption><\/figure>\n\n\n\n<figure class=\"wp-block-image size-large\"><img decoding=\"async\" loading=\"lazy\" width=\"1200\" height=\"675\" data-id=\"33219\"  data-src=\"https:\/\/www.creilsudoise-tourisme.fr\/wp-content\/uploads\/2021\/04\/Visite-guide\u0301e-en-groupes-du-Cha\u0302teau-de-Montataire.jpg\" alt=\"Ch\u00e2teau de Montataire renovation history Cond\u00e9 henri IV 4 Oise guided tour Bernet family\" class=\"wp-image-33219\" data-srcset=\"https:\/\/www.creilsudoise-tourisme.fr\/wp-content\/uploads\/2021\/04\/Visite-guide\u0301e-en-groupes-du-Cha\u0302teau-de-Montataire.jpg 1200w, https:\/\/www.creilsudoise-tourisme.fr\/wp-content\/uploads\/2021\/04\/Visite-guide\u0301e-en-groupes-du-Cha\u0302teau-de-Montataire-600x338.jpg 600w, https:\/\/www.creilsudoise-tourisme.fr\/wp-content\/uploads\/2021\/04\/Visite-guide\u0301e-en-groupes-du-Cha\u0302teau-de-Montataire-900x506.jpg 900w, https:\/\/www.creilsudoise-tourisme.fr\/wp-content\/uploads\/2021\/04\/Visite-guide\u0301e-en-groupes-du-Cha\u0302teau-de-Montataire-200x113.jpg 200w, https:\/\/www.creilsudoise-tourisme.fr\/wp-content\/uploads\/2021\/04\/Visite-guide\u0301e-en-groupes-du-Cha\u0302teau-de-Montataire-650x366.jpg 650w, https:\/\/www.creilsudoise-tourisme.fr\/wp-content\/uploads\/2021\/04\/Visite-guide\u0301e-en-groupes-du-Cha\u0302teau-de-Montataire-387x218.jpg 387w, https:\/\/www.creilsudoise-tourisme.fr\/wp-content\/uploads\/2021\/04\/Visite-guide\u0301e-en-groupes-du-Cha\u0302teau-de-Montataire-275x155.jpg 275w\" sizes=\"(max-width: 1200px) 100vw, 1200px\" \/><figcaption class=\"wp-element-caption\">Creil Sud Oise Tourisme<\/figcaption><\/figure>\n\n\n\n<figure class=\"wp-block-image size-large\"><img decoding=\"async\" loading=\"lazy\" width=\"800\" height=\"533\" data-id=\"32674\"  data-src=\"https:\/\/www.creilsudoise-tourisme.fr\/wp-content\/uploads\/2021\/03\/Franc\u0327ois-Xavier-et-Marie-Astrid-Bernet-proprie\u0301taires-du-Cha\u0302teau-de-Montataire.jpg\" alt=\"Ch\u00e2teau de Montataire renovation history Cond\u00e9 henri IV 4 Oise guided tour Bernet family\" class=\"wp-image-32674\" data-srcset=\"https:\/\/www.creilsudoise-tourisme.fr\/wp-content\/uploads\/2021\/03\/Franc\u0327ois-Xavier-et-Marie-Astrid-Bernet-proprie\u0301taires-du-Cha\u0302teau-de-Montataire.jpg 800w, https:\/\/www.creilsudoise-tourisme.fr\/wp-content\/uploads\/2021\/03\/Franc\u0327ois-Xavier-et-Marie-Astrid-Bernet-proprie\u0301taires-du-Cha\u0302teau-de-Montataire-600x400.jpg 600w, https:\/\/www.creilsudoise-tourisme.fr\/wp-content\/uploads\/2021\/03\/Franc\u0327ois-Xavier-et-Marie-Astrid-Bernet-proprie\u0301taires-du-Cha\u0302teau-de-Montataire-200x133.jpg 200w, https:\/\/www.creilsudoise-tourisme.fr\/wp-content\/uploads\/2021\/03\/Franc\u0327ois-Xavier-et-Marie-Astrid-Bernet-proprie\u0301taires-du-Cha\u0302teau-de-Montataire-650x433.jpg 650w, https:\/\/www.creilsudoise-tourisme.fr\/wp-content\/uploads\/2021\/03\/Franc\u0327ois-Xavier-et-Marie-Astrid-Bernet-proprie\u0301taires-du-Cha\u0302teau-de-Montataire-387x258.jpg 387w\" sizes=\"(max-width: 800px) 100vw, 800px\" \/><figcaption class=\"wp-element-caption\">Creil Sud Oise Tourisme<\/figcaption><\/figure>\n<\/figure>\n\n\n\n<h2>Spend the night at the Ch\u00e2teau<\/h2>\n\n\n\n<p><strong>Two small flats have even been renovated<\/strong>These apartments are available for short-stay rentals, each comprising a fully-equipped living room with kitchen, bathroom and bedroom. They have all the modern comforts (sofa, TV, wifi and, above all, good bedding), but they are also very comfortable.<strong> their case retains all the prestige of the old. <\/strong>One of the bedrooms is located in a tower with a ribbed vault bearing the coats of arms of the families who have lived in the ch\u00e2teau.<strong> The ideal opportunity to travel back in time as a couple or a family<\/strong>It's a place that's steeped in history and yet so much alive.<\/p>\n\n\n\n<p>\"\u00a0<em>Our ch\u00e2teau is more than a family project, it's a life project,<\/em> concludes Marie-Astrid. <em><strong>We live in the castle 24 hours a day, we think about the castle all the time <\/strong>but it's a real pleasure, and even <strong>an honour, to be able to bring the past back to life. <\/strong>I even say hello to Henri IV when I pass his large portrait, and tell him all about my day. <\/em><strong><em>Maybe one day he'll reply, who knows?<\/em>\u00a0<\/strong>\".<\/p>\n\n\n\n<div class=\"is-layout-flex wp-container-16 wp-block-columns\">\n<div class=\"is-layout-flow wp-block-column\" style=\"flex-basis:25%\">\n<figure class=\"wp-block-image size-full\"><img decoding=\"async\" loading=\"lazy\" width=\"225\" height=\"225\" data-src=\"https:\/\/www.creilsudoise-tourisme.fr\/wp-content\/uploads\/2024\/03\/Emmanuel_Latouche.jpg\" alt=\"\" class=\"wp-image-52865\" data-srcset=\"https:\/\/www.creilsudoise-tourisme.fr\/wp-content\/uploads\/2024\/03\/Emmanuel_Latouche.jpg 225w, https:\/\/www.creilsudoise-tourisme.fr\/wp-content\/uploads\/2024\/03\/Emmanuel_Latouche-12x12.jpg 12w, https:\/\/www.creilsudoise-tourisme.fr\/wp-content\/uploads\/2024\/03\/Emmanuel_Latouche-200x200.jpg 200w\" sizes=\"(max-width: 225px) 100vw, 225px\" \/><figcaption class=\"wp-element-caption\">Emmanuel Latouche<\/figcaption><\/figure>\n<\/div>\n\n\n\n<div class=\"is-layout-flow wp-block-column is-vertically-aligned-center\" style=\"flex-basis:50%\">\n<p><strong>Emmanuel Latouche<\/strong> &#8211; <a href=\"https:\/\/leredac.com\/\" target=\"_blank\" rel=\"noreferrer noopener\">The Editor<\/a><\/p>\n<\/div>\n\n\n\n<div class=\"is-layout-flow wp-block-column\" style=\"flex-basis:25%\"><\/div>\n<\/div>\n\n\n\n<hr class=\"wp-block-separator has-alpha-channel-opacity\"\/>\n\n\n\n<h2>Video of Ch\u00e2teau de Montataire<\/h2>\n\n\n\n<figure class=\"wp-block-embed is-type-video is-provider-youtube wp-block-embed-youtube wp-embed-aspect-16-9 wp-has-aspect-ratio\"><div class=\"wp-block-embed__wrapper\">\n<iframe loading=\"lazy\" title=\"[LES INCONTOURNABLES] The Ch\u00e2teau of Montataire | Creil Sud Oise Tourisme\" width=\"500\" height=\"281\" data-src=\"https:\/\/www.youtube.com\/embed\/fmzzVgNdKz0?feature=oembed\" frameborder=\"0\" allow=\"accelerometer; autoplay; clipboard-write; encrypted-media; gyroscope; picture-in-picture; web-share\" referrerpolicy=\"strict-origin-when-cross-origin\" allowfullscreen><\/iframe>\n<\/div><\/figure>\n\n\n\n<hr class=\"wp-block-separator has-alpha-channel-opacity\"\/>\n\n\n\n\n\n<hr class=\"wp-block-separator has-alpha-channel-opacity\"\/>\n\n\n\n<div class=\"wp-block wp-block-single-sit wp-block-single-sit-coordonnees\" >\n\n            <h2>Access<\/h2>\n    \n    <div class=\"wp-block-media-text is-stacked-on-mobile\">\n\n        <div class=\"wp-block-media-text__media wpet-map-detail\" style=\"width:100%; height: 100%;\">\n            <div class=\"wp-block-media-text__media__content\" id=\"wpetSingleSitMap\" data-wpet-type-map=\"leaflet\" ><\/div>\n        <\/div>\n\n        <div class=\"wp-block-media-text__content\">\n\n                            <p class=\"wp-block-coordonnees__status wp-block-coordonnees__status--close\">\n                    Closed                <\/p>\n            \n            <p class=\"wp-block-media-text__content__address\">\n                                    <strong>Montataire Castle<\/strong><br \/>\n                \n                                    All\u00e9e des marronniers<br \/>\n                \n                                    <span>60160<\/span>\n                    <span>MONTATAIRE<\/span><br \/>\n                            <\/p>\n\n                                                <p class=\"wp-block-media-text__content__phone\"><a data-type=\"TEL\" href=\"tel: 33 3 44 25 00 05\">+33 3 44 25 00 05<\/a><\/p>\n                            \n            <a href=\"https:\/\/www.google.fr\/maps?saddr&#038;daddr=49.2563337,2.44298939\" target=\"_blank\" class=\"button GtmButtonCalculItinerairePrestataire\" rel=\"noopener noreferrer\">Calculate my route<\/a>\n        <\/div>\n    <\/div>\n<\/div>\n\n\n    <div class=\"wp-block wp-block-single-sit wp-block-single-sit-ouvertures\" id=\"opening\">\n\n                    <h2>Opening<\/h2>\n        \n        \t<div class=\"wpetTableList\" >\n                <div data-id=\"wpet-table-slider-wrapper\">\n\t\t    \t\t\t\t\t\t<div class=\"wpetTableContainer\" >\n\t\t\t\t<table class=\"wpetTable wpTable--opening\">\n\t\t\t\t\t<thead class=\"wpetTableHeader\">\n\t\t\t\t\t<tr>\n\t\t\t\t\t\t<td colspan=\"2\">\n\t\t\t\t\t\t\t\t\t\t\t\t\t\t\tFrom 05 January to 30 December\t\t\t\t\t\t\t\t\t\t\t\t\t<\/td>\n\t\t\t\t\t<\/tr>\n\t\t\t\t\t<\/thead>\n\t\t\t\t\t\t\t\t\t\t\t\t\t\t\t\t\t\t<tr class=\"wpetTableLine\">\n\t\t\t\t\t\t\t\t<td class=\"wpetTableCell\">Monday<\/td>\n\t\t\t\t\t\t\t\t<td class=\"wpetTableCell\">Open from 10am to 12pm and from 2.30pm to 5.30pm<\/td>\n\t\t\t\t\t\t\t<\/tr>\n\t\t\t\t\t\t\t\t\t\t\t\t\t\t\t\t\t\t\t\t\t\t\t\t<tr class=\"wpetTableLine\">\n\t\t\t\t\t\t\t\t<td class=\"wpetTableCell\">Tuesday<\/td>\n\t\t\t\t\t\t\t\t<td class=\"wpetTableCell\">Open from 10am to 12pm and from 2.30pm to 5.30pm<\/td>\n\t\t\t\t\t\t\t<\/tr>\n\t\t\t\t\t\t\t\t\t\t\t\t\t\t\t\t\t\t\t\t\t\t\t\t<tr class=\"wpetTableLine\">\n\t\t\t\t\t\t\t\t<td class=\"wpetTableCell\">Wednesday<\/td>\n\t\t\t\t\t\t\t\t<td class=\"wpetTableCell\">Open from 10am to 12pm and from 2.30pm to 5.30pm<\/td>\n\t\t\t\t\t\t\t<\/tr>\n\t\t\t\t\t\t\t\t\t\t\t\t\t\t\t\t\t\t\t\t\t\t\t\t<tr class=\"wpetTableLine\">\n\t\t\t\t\t\t\t\t<td class=\"wpetTableCell\">Thursday<\/td>\n\t\t\t\t\t\t\t\t<td class=\"wpetTableCell\">Open from 10am to 12pm and from 2.30pm to 5.30pm<\/td>\n\t\t\t\t\t\t\t<\/tr>\n\t\t\t\t\t\t\t\t\t\t\t\t\t\t\t\t\t\t\t\t\t\t\t\t<tr class=\"wpetTableLine\">\n\t\t\t\t\t\t\t\t<td class=\"wpetTableCell\">Friday<\/td>\n\t\t\t\t\t\t\t\t<td class=\"wpetTableCell\">Open from 10am to 12pm and from 2.30pm to 5.30pm<\/td>\n\t\t\t\t\t\t\t<\/tr>\n\t\t\t\t\t\t\t\t\t\t\t\t\t\t\t\t\t\t\t\t\t\t\t\t<tr class=\"wpetTableLine\">\n\t\t\t\t\t\t\t\t<td class=\"wpetTableCell\">Saturday<\/td>\n\t\t\t\t\t\t\t\t<td class=\"wpetTableCell\">Open from 10am to 12pm and from 2.30pm to 5.30pm<\/td>\n\t\t\t\t\t\t\t<\/tr>\n\t\t\t\t\t\t\t\t\t\t\t\t\t\t\t\t\t\t\t\t\t\t\t\t<tr class=\"wpetTableLine\">\n\t\t\t\t\t\t\t\t<td class=\"wpetTableCell\">Sunday<\/td>\n\t\t\t\t\t\t\t\t<td class=\"wpetTableCell\">Open from 10am to 12pm and from 2.30pm to 5.30pm<\/td>\n\t\t\t\t\t\t\t<\/tr>\n\t\t\t\t\t\t\t\t\t\t\t\t\t\t\t<\/table>\n\t\t\t<\/div>\n\t\t        <\/div>\n\t<\/div>\n\n    <\/div>\n\n\n\n    <div class=\"wp-block wp-block-single-sit wp-block-single-sit-tarifs\">\n\n                    <h2>Prices<\/h2>\n        \n        \n    <table class=\"wpetTable\">\n                    <tr class=\"wpetTableLine\">\n                <td class=\"wpetTableCell\">\n                    Adult price                                            <span class=\"wpetTableCell--complement entryMeta\">guided tour by appointment, price from 13 years old<\/span>\n                                    <\/td>\n                <td class=\"wpetTableCell\">8 \u20ac<\/td>\n            <\/tr>\n                    <tr class=\"wpetTableLine\">\n                <td class=\"wpetTableCell\">\n                    Other price                                            <span class=\"wpetTableCell--complement entryMeta\">visit and snack at the ch\u00e2teau<\/span>\n                                    <\/td>\n                <td class=\"wpetTableCell\">12 \u20ac<\/td>\n            <\/tr>\n                    <tr class=\"wpetTableLine\">\n                <td class=\"wpetTableCell\">\n                    Other price                                            <span class=\"wpetTableCell--complement entryMeta\">Escape Game session for 4 people on reservation<\/span>\n                                    <\/td>\n                <td class=\"wpetTableCell\">100 \u20ac<\/td>\n            <\/tr>\n                    <tr class=\"wpetTableLine\">\n                <td class=\"wpetTableCell\">\n                    Child price                                            <span class=\"wpetTableCell--complement entryMeta\">3-12 years<\/span>\n                                    <\/td>\n                <td class=\"wpetTableCell\">5 \u20ac<\/td>\n            <\/tr>\n            <\/table>\n\n\n    \n    \n    \n    \n    <\/div>\n\n\n\n\n<hr class=\"wp-block-separator has-alpha-channel-opacity\"\/>\n\n\n<div class=\"wp-block wp-block-highlight\">\n            <h3 class=\"wp-block-highlight-item wp-block-highlight-title\">Want to find out more?<\/h3>\n                <p class=\"wp-block-highlight-item wp-block-highlight-excerpt\">This beautiful report was written to coincide with the release of the brand new<strong> Creil Sud Oise Tourisme's first Destination Magazine<\/strong>.<br>Inside, n<strong>umerous other articles<\/strong> will take you to meet <strong>local figures<\/strong> and offer <strong>ideas for outings!<\/strong><br><strong>Order at<\/strong> to receive it in hard copy!<br><strong><a href=\"https:\/\/www.creilsudoise-tourisme.fr\/en\/practice\/brochures\/\" target=\"_blank\" rel=\"noreferrer noopener\">Click here to order<\/a><\/strong><\/p>\n    <\/div>","protected":false},"excerpt":{"rendered":"<p>On the heights of the town, in the shadow of the collegiate church of Notre-Dame, built at the same time, stands the Ch\u00e2teau de Montataire, which has survived many centuries and had many owners. Over the last 12 years, the infectious passion of a father and daughter have transformed this old, uninhabited building into a veritable [...].<\/p>","protected":false},"author":3,"featured_media":56271,"comment_status":"closed","ping_status":"closed","sticky":false,"template":"","format":"standard","meta":{"_relevanssi_hide_post":"","_relevanssi_hide_content":"","_relevanssi_pin_for_all":"","_relevanssi_pin_keywords":"","_relevanssi_unpin_keywords":"","_relevanssi_related_keywords":"","_relevanssi_related_include_ids":"","_relevanssi_related_exclude_ids":"","_relevanssi_related_no_append":"","_relevanssi_related_not_related":"","_relevanssi_related_posts":"42107,43994,37757,39785,38910,54043","_relevanssi_noindex_reason":""},"categories":[10],"tags":[],"yoast_head":"<!-- This site is optimized with the Yoast SEO plugin v20.2.1 - https:\/\/yoast.com\/wordpress\/plugins\/seo\/ -->\n<title>Le Ch\u00e2teau de mon p\u00e8re<\/title>\n<meta name=\"description\" content=\"Rencontre avec Marie-Astrid et Fran\u00e7ois-Xavier Bernet, propri\u00e9taires et amoureux du Ch\u00e2teau de Montataire.\" \/>\n<meta name=\"robots\" content=\"index, follow, max-snippet:-1, max-image-preview:large, max-video-preview:-1\" \/>\n<link rel=\"canonical\" href=\"https:\/\/www.creilsudoise-tourisme.fr\/en\/2024\/11\/14\/famille-bernet\/\" \/>\n<meta property=\"og:locale\" content=\"en_GB\" \/>\n<meta property=\"og:type\" content=\"article\" \/>\n<meta property=\"og:title\" content=\"Le Ch\u00e2teau de mon p\u00e8re\" \/>\n<meta property=\"og:description\" content=\"Rencontre avec Marie-Astrid et Fran\u00e7ois-Xavier Bernet, propri\u00e9taires et amoureux du Ch\u00e2teau de Montataire.\" \/>\n<meta property=\"og:url\" content=\"https:\/\/www.creilsudoise-tourisme.fr\/en\/2024\/11\/14\/famille-bernet\/\" \/>\n<meta property=\"og:site_name\" content=\"Office de Tourisme Creil Sud Oise\" \/>\n<meta property=\"article:publisher\" content=\"https:\/\/www.facebook.com\/creilsudoisetourisme\/\" \/>\n<meta property=\"article:published_time\" content=\"2024-11-14T14:58:57+00:00\" \/>\n<meta property=\"article:modified_time\" content=\"2024-08-22T08:29:10+00:00\" \/>\n<meta property=\"og:image\" content=\"https:\/\/www.creilsudoise-tourisme.fr\/wp-content\/uploads\/2024\/08\/IMG_8395.jpg\" \/>\n\t<meta property=\"og:image:width\" content=\"1665\" \/>\n\t<meta property=\"og:image:height\" content=\"1920\" \/>\n\t<meta property=\"og:image:type\" content=\"image\/jpeg\" \/>\n<meta name=\"author\" content=\"fdubut\" \/>\n<meta name=\"twitter:card\" content=\"summary_large_image\" \/>\n<meta name=\"twitter:creator\" content=\"@CreilSudOiseOT\" \/>\n<meta name=\"twitter:site\" content=\"@CreilSudOiseOT\" \/>\n<meta name=\"twitter:label1\" content=\"Written by\" \/>\n\t<meta name=\"twitter:data1\" content=\"fdubut\" \/>\n\t<meta name=\"twitter:label2\" content=\"Estimated reading time\" \/>\n\t<meta name=\"twitter:data2\" content=\"7 minutes\" \/>\n<script type=\"application\/ld+json\" class=\"yoast-schema-graph\">{\"@context\":\"https:\/\/schema.org\",\"@graph\":[{\"@type\":\"Article\",\"@id\":\"https:\/\/www.creilsudoise-tourisme.fr\/2024\/11\/14\/famille-bernet\/#article\",\"isPartOf\":{\"@id\":\"https:\/\/www.creilsudoise-tourisme.fr\/2024\/11\/14\/famille-bernet\/\"},\"author\":{\"name\":\"fdubut\",\"@id\":\"https:\/\/www.creilsudoise-tourisme.fr\/#\/schema\/person\/c5140d47645b13bee896bfe05f1bd5da\"},\"headline\":\"Le Ch\u00e2teau de mon p\u00e8re\",\"datePublished\":\"2024-11-14T14:58:57+00:00\",\"dateModified\":\"2024-08-22T08:29:10+00:00\",\"mainEntityOfPage\":{\"@id\":\"https:\/\/www.creilsudoise-tourisme.fr\/2024\/11\/14\/famille-bernet\/\"},\"wordCount\":1418,\"publisher\":{\"@id\":\"https:\/\/www.creilsudoise-tourisme.fr\/#organization\"},\"articleSection\":[\"Nos ambassadeurs\"],\"inLanguage\":\"en-GB\"},{\"@type\":\"WebPage\",\"@id\":\"https:\/\/www.creilsudoise-tourisme.fr\/2024\/11\/14\/famille-bernet\/\",\"url\":\"https:\/\/www.creilsudoise-tourisme.fr\/2024\/11\/14\/famille-bernet\/\",\"name\":\"Le Ch\u00e2teau de mon p\u00e8re\",\"isPartOf\":{\"@id\":\"https:\/\/www.creilsudoise-tourisme.fr\/#website\"},\"datePublished\":\"2024-11-14T14:58:57+00:00\",\"dateModified\":\"2024-08-22T08:29:10+00:00\",\"description\":\"Rencontre avec Marie-Astrid et Fran\u00e7ois-Xavier Bernet, propri\u00e9taires et amoureux du Ch\u00e2teau de Montataire.\",\"breadcrumb\":{\"@id\":\"https:\/\/www.creilsudoise-tourisme.fr\/2024\/11\/14\/famille-bernet\/#breadcrumb\"},\"inLanguage\":\"en-GB\",\"potentialAction\":[{\"@type\":\"ReadAction\",\"target\":[\"https:\/\/www.creilsudoise-tourisme.fr\/2024\/11\/14\/famille-bernet\/\"]}]},{\"@type\":\"BreadcrumbList\",\"@id\":\"https:\/\/www.creilsudoise-tourisme.fr\/2024\/11\/14\/famille-bernet\/#breadcrumb\",\"itemListElement\":[{\"@type\":\"ListItem\",\"position\":1,\"name\":\"Accueil\",\"item\":\"https:\/\/www.creilsudoise-tourisme.fr\/\"},{\"@type\":\"ListItem\",\"position\":2,\"name\":\"Le Ch\u00e2teau de mon p\u00e8re\"}]},{\"@type\":\"WebSite\",\"@id\":\"https:\/\/www.creilsudoise-tourisme.fr\/#website\",\"url\":\"https:\/\/www.creilsudoise-tourisme.fr\/\",\"name\":\"Office de Tourisme Creil Sud Oise\",\"description\":\"Creil Sud Oise Tourisme, un territoire \u00e0 explorer !\",\"publisher\":{\"@id\":\"https:\/\/www.creilsudoise-tourisme.fr\/#organization\"},\"potentialAction\":[{\"@type\":\"SearchAction\",\"target\":{\"@type\":\"EntryPoint\",\"urlTemplate\":\"https:\/\/www.creilsudoise-tourisme.fr\/?s={search_term_string}\"},\"query-input\":\"required name=search_term_string\"}],\"inLanguage\":\"en-GB\"},{\"@type\":\"Organization\",\"@id\":\"https:\/\/www.creilsudoise-tourisme.fr\/#organization\",\"name\":\"Creil Sud Oise Tourisme\",\"url\":\"https:\/\/www.creilsudoise-tourisme.fr\/\",\"logo\":{\"@type\":\"ImageObject\",\"inLanguage\":\"en-GB\",\"@id\":\"https:\/\/www.creilsudoise-tourisme.fr\/#\/schema\/logo\/image\/\",\"url\":\"https:\/\/www.creilsudoise-tourisme.fr\/wp-content\/uploads\/2021\/05\/logo-svg.png\",\"contentUrl\":\"https:\/\/www.creilsudoise-tourisme.fr\/wp-content\/uploads\/2021\/05\/logo-svg.png\",\"width\":182,\"height\":71,\"caption\":\"Creil Sud Oise Tourisme\"},\"image\":{\"@id\":\"https:\/\/www.creilsudoise-tourisme.fr\/#\/schema\/logo\/image\/\"},\"sameAs\":[\"https:\/\/www.facebook.com\/creilsudoisetourisme\/\",\"https:\/\/twitter.com\/CreilSudOiseOT\",\"https:\/\/www.instagram.com\/creilsudoisetourisme\/\",\"https:\/\/www.youtube.com\/channel\/UC8L_QD2wwyADW14zt9fY8kw\"]},{\"@type\":\"Person\",\"@id\":\"https:\/\/www.creilsudoise-tourisme.fr\/#\/schema\/person\/c5140d47645b13bee896bfe05f1bd5da\",\"name\":\"fdubut\",\"image\":{\"@type\":\"ImageObject\",\"inLanguage\":\"en-GB\",\"@id\":\"https:\/\/www.creilsudoise-tourisme.fr\/#\/schema\/person\/image\/\",\"url\":\"https:\/\/secure.gravatar.com\/avatar\/c49bb61337bf4556cafdbcb92c18618d?s=96&d=mm&r=g\",\"contentUrl\":\"https:\/\/secure.gravatar.com\/avatar\/c49bb61337bf4556cafdbcb92c18618d?s=96&d=mm&r=g\",\"caption\":\"fdubut\"},\"url\":\"https:\/\/www.creilsudoise-tourisme.fr\/en\/auteur\/fdubut\/\"}]}<\/script>\n<!-- \/ Yoast SEO plugin. -->","yoast_head_json":{"title":"Le Ch\u00e2teau de mon p\u00e8re","description":"Rencontre avec Marie-Astrid et Fran\u00e7ois-Xavier Bernet, propri\u00e9taires et amoureux du Ch\u00e2teau de Montataire.","robots":{"index":"index","follow":"follow","max-snippet":"max-snippet:-1","max-image-preview":"max-image-preview:large","max-video-preview":"max-video-preview:-1"},"canonical":"https:\/\/www.creilsudoise-tourisme.fr\/en\/2024\/11\/14\/famille-bernet\/","og_locale":"en_GB","og_type":"article","og_title":"Le Ch\u00e2teau de mon p\u00e8re","og_description":"Rencontre avec Marie-Astrid et Fran\u00e7ois-Xavier Bernet, propri\u00e9taires et amoureux du Ch\u00e2teau de Montataire.","og_url":"https:\/\/www.creilsudoise-tourisme.fr\/en\/2024\/11\/14\/famille-bernet\/","og_site_name":"Office de Tourisme Creil Sud Oise","article_publisher":"https:\/\/www.facebook.com\/creilsudoisetourisme\/","article_published_time":"2024-11-14T14:58:57+00:00","article_modified_time":"2024-08-22T08:29:10+00:00","og_image":[{"width":1665,"height":1920,"url":"https:\/\/www.creilsudoise-tourisme.fr\/wp-content\/uploads\/2024\/08\/IMG_8395.jpg","type":"image\/jpeg"}],"author":"fdubut","twitter_card":"summary_large_image","twitter_creator":"@CreilSudOiseOT","twitter_site":"@CreilSudOiseOT","twitter_misc":{"Written by":"fdubut","Estimated reading time":"7 minutes"},"schema":{"@context":"https:\/\/schema.org","@graph":[{"@type":"Article","@id":"https:\/\/www.creilsudoise-tourisme.fr\/2024\/11\/14\/famille-bernet\/#article","isPartOf":{"@id":"https:\/\/www.creilsudoise-tourisme.fr\/2024\/11\/14\/famille-bernet\/"},"author":{"name":"fdubut","@id":"https:\/\/www.creilsudoise-tourisme.fr\/#\/schema\/person\/c5140d47645b13bee896bfe05f1bd5da"},"headline":"Le Ch\u00e2teau de mon p\u00e8re","datePublished":"2024-11-14T14:58:57+00:00","dateModified":"2024-08-22T08:29:10+00:00","mainEntityOfPage":{"@id":"https:\/\/www.creilsudoise-tourisme.fr\/2024\/11\/14\/famille-bernet\/"},"wordCount":1418,"publisher":{"@id":"https:\/\/www.creilsudoise-tourisme.fr\/#organization"},"articleSection":["Nos ambassadeurs"],"inLanguage":"en-GB"},{"@type":"WebPage","@id":"https:\/\/www.creilsudoise-tourisme.fr\/2024\/11\/14\/famille-bernet\/","url":"https:\/\/www.creilsudoise-tourisme.fr\/2024\/11\/14\/famille-bernet\/","name":"Le Ch\u00e2teau de mon p\u00e8re","isPartOf":{"@id":"https:\/\/www.creilsudoise-tourisme.fr\/#website"},"datePublished":"2024-11-14T14:58:57+00:00","dateModified":"2024-08-22T08:29:10+00:00","description":"Rencontre avec Marie-Astrid et Fran\u00e7ois-Xavier Bernet, propri\u00e9taires et amoureux du Ch\u00e2teau de Montataire.","breadcrumb":{"@id":"https:\/\/www.creilsudoise-tourisme.fr\/2024\/11\/14\/famille-bernet\/#breadcrumb"},"inLanguage":"en-GB","potentialAction":[{"@type":"ReadAction","target":["https:\/\/www.creilsudoise-tourisme.fr\/2024\/11\/14\/famille-bernet\/"]}]},{"@type":"BreadcrumbList","@id":"https:\/\/www.creilsudoise-tourisme.fr\/2024\/11\/14\/famille-bernet\/#breadcrumb","itemListElement":[{"@type":"ListItem","position":1,"name":"Accueil","item":"https:\/\/www.creilsudoise-tourisme.fr\/"},{"@type":"ListItem","position":2,"name":"Le Ch\u00e2teau de mon p\u00e8re"}]},{"@type":"WebSite","@id":"https:\/\/www.creilsudoise-tourisme.fr\/#website","url":"https:\/\/www.creilsudoise-tourisme.fr\/","name":"Office de Tourisme Creil Sud Oise","description":"Creil Sud Oise Tourisme, un territoire \u00e0 explorer !","publisher":{"@id":"https:\/\/www.creilsudoise-tourisme.fr\/#organization"},"potentialAction":[{"@type":"SearchAction","target":{"@type":"EntryPoint","urlTemplate":"https:\/\/www.creilsudoise-tourisme.fr\/?s={search_term_string}"},"query-input":"required name=search_term_string"}],"inLanguage":"en-GB"},{"@type":"Organization","@id":"https:\/\/www.creilsudoise-tourisme.fr\/#organization","name":"Creil Sud Oise Tourisme","url":"https:\/\/www.creilsudoise-tourisme.fr\/","logo":{"@type":"ImageObject","inLanguage":"en-GB","@id":"https:\/\/www.creilsudoise-tourisme.fr\/#\/schema\/logo\/image\/","url":"https:\/\/www.creilsudoise-tourisme.fr\/wp-content\/uploads\/2021\/05\/logo-svg.png","contentUrl":"https:\/\/www.creilsudoise-tourisme.fr\/wp-content\/uploads\/2021\/05\/logo-svg.png","width":182,"height":71,"caption":"Creil Sud Oise Tourisme"},"image":{"@id":"https:\/\/www.creilsudoise-tourisme.fr\/#\/schema\/logo\/image\/"},"sameAs":["https:\/\/www.facebook.com\/creilsudoisetourisme\/","https:\/\/twitter.com\/CreilSudOiseOT","https:\/\/www.instagram.com\/creilsudoisetourisme\/","https:\/\/www.youtube.com\/channel\/UC8L_QD2wwyADW14zt9fY8kw"]},{"@type":"Person","@id":"https:\/\/www.creilsudoise-tourisme.fr\/#\/schema\/person\/c5140d47645b13bee896bfe05f1bd5da","name":"fdubut","image":{"@type":"ImageObject","inLanguage":"en-GB","@id":"https:\/\/www.creilsudoise-tourisme.fr\/#\/schema\/person\/image\/","url":"https:\/\/secure.gravatar.com\/avatar\/c49bb61337bf4556cafdbcb92c18618d?s=96&d=mm&r=g","contentUrl":"https:\/\/secure.gravatar.com\/avatar\/c49bb61337bf4556cafdbcb92c18618d?s=96&d=mm&r=g","caption":"fdubut"},"url":"https:\/\/www.creilsudoise-tourisme.fr\/en\/auteur\/fdubut\/"}]}},"_links":{"self":[{"href":"https:\/\/www.creilsudoise-tourisme.fr\/en\/wp-json\/wp\/v2\/posts\/56183"}],"collection":[{"href":"https:\/\/www.creilsudoise-tourisme.fr\/en\/wp-json\/wp\/v2\/posts"}],"about":[{"href":"https:\/\/www.creilsudoise-tourisme.fr\/en\/wp-json\/wp\/v2\/types\/post"}],"author":[{"embeddable":true,"href":"https:\/\/www.creilsudoise-tourisme.fr\/en\/wp-json\/wp\/v2\/users\/3"}],"replies":[{"embeddable":true,"href":"https:\/\/www.creilsudoise-tourisme.fr\/en\/wp-json\/wp\/v2\/comments?post=56183"}],"version-history":[{"count":6,"href":"https:\/\/www.creilsudoise-tourisme.fr\/en\/wp-json\/wp\/v2\/posts\/56183\/revisions"}],"predecessor-version":[{"id":56314,"href":"https:\/\/www.creilsudoise-tourisme.fr\/en\/wp-json\/wp\/v2\/posts\/56183\/revisions\/56314"}],"wp:featuredmedia":[{"embeddable":true,"href":"https:\/\/www.creilsudoise-tourisme.fr\/en\/wp-json\/wp\/v2\/media\/56271"}],"wp:attachment":[{"href":"https:\/\/www.creilsudoise-tourisme.fr\/en\/wp-json\/wp\/v2\/media?parent=56183"}],"wp:term":[{"taxonomy":"category","embeddable":true,"href":"https:\/\/www.creilsudoise-tourisme.fr\/en\/wp-json\/wp\/v2\/categories?post=56183"},{"taxonomy":"post_tag","embeddable":true,"href":"https:\/\/www.creilsudoise-tourisme.fr\/en\/wp-json\/wp\/v2\/tags?post=56183"}],"curies":[{"name":"wp","href":"https:\/\/api.w.org\/{rel}","templated":true}]}}