{"id":54043,"date":"2024-05-24T11:16:35","date_gmt":"2024-05-24T09:16:35","guid":{"rendered":"https:\/\/www.creilsudoise-tourisme.fr\/?p=54043"},"modified":"2024-07-02T10:40:05","modified_gmt":"2024-07-02T08:40:05","slug":"claude-boufflet","status":"publish","type":"post","link":"https:\/\/www.creilsudoise-tourisme.fr\/en\/2024\/05\/24\/claude-boufflet\/","title":{"rendered":"La Maison de la Pierre, stories of people and places"},"content":{"rendered":"<p class=\"is-style-excerpt\">In Saint-Maximin, a few kilometres from Chantilly, <strong>the Maison de la Pierre tells a thousand-year-old story<\/strong>a stone little known to the general public. Today, the renown of regional stone goes hand in hand with the <strong>major Haussmann projects<\/strong> from 19<sup>th<\/sup> century and older works. <strong>Saint-Pierre church and Senlis cathedral, Vaux-le-Vicomte castle... there are hundreds of monuments to choose from!<\/strong><\/p>\n\n\n\n<p>In this area of southern Oise, <strong>Since Gallo-Roman times, limestone has been quarried and used to enhance buildings.<\/strong> Over the ages, as techniques evolved, people appropriated this treasure, first exploiting the hillsides of the Oise and then the Oise valley. <strong>digging underground galleries <\/strong>and open-cast quarries.<\/p>\n\n\n\n<div class=\"is-layout-flex wp-container-3 wp-block-columns\">\n<div class=\"is-layout-flow wp-block-column\" style=\"flex-basis:66.66%\">\n<p><strong>Claude Boufflet, insatiable local ambassador, former quarryman, son and grandson of quarrymen<\/strong>has been helping the Maison de la Pierre to create numerous projects over the last 10 years. In his own way, he brings to life this exceptional natural and cultural heritage, a nugget of the southern Oise region...<\/p>\n<\/div>\n\n\n\n<div class=\"is-layout-flow wp-block-column\" style=\"flex-basis:33.33%\">\n<figure class=\"wp-block-image size-full\"><img decoding=\"async\" loading=\"lazy\" width=\"640\" height=\"640\" data-src=\"https:\/\/www.creilsudoise-tourisme.fr\/wp-content\/uploads\/2024\/05\/Claude-Boufflet-\u00a9-Creil-Sud-Oise-Tourisme-2-edited.jpg\" alt=\"Underground exploration urbex saint-maximin oise Maison de la Pierre discovery family archives Claude Boufflet\" class=\"wp-image-54111\" data-srcset=\"https:\/\/www.creilsudoise-tourisme.fr\/wp-content\/uploads\/2024\/05\/Claude-Boufflet-\u00a9-Creil-Sud-Oise-Tourisme-2-edited.jpg 640w, https:\/\/www.creilsudoise-tourisme.fr\/wp-content\/uploads\/2024\/05\/Claude-Boufflet-\u00a9-Creil-Sud-Oise-Tourisme-2-edited-600x600.jpg 600w, https:\/\/www.creilsudoise-tourisme.fr\/wp-content\/uploads\/2024\/05\/Claude-Boufflet-\u00a9-Creil-Sud-Oise-Tourisme-2-edited-300x300.jpg 300w, https:\/\/www.creilsudoise-tourisme.fr\/wp-content\/uploads\/2024\/05\/Claude-Boufflet-\u00a9-Creil-Sud-Oise-Tourisme-2-edited-12x12.jpg 12w, https:\/\/www.creilsudoise-tourisme.fr\/wp-content\/uploads\/2024\/05\/Claude-Boufflet-\u00a9-Creil-Sud-Oise-Tourisme-2-edited-200x200.jpg 200w, https:\/\/www.creilsudoise-tourisme.fr\/wp-content\/uploads\/2024\/05\/Claude-Boufflet-\u00a9-Creil-Sud-Oise-Tourisme-2-edited-387x387.jpg 387w\" sizes=\"(max-width: 640px) 100vw, 640px\" \/><figcaption class=\"wp-element-caption\">Creil Sud Oise Tourisme<\/figcaption><\/figure>\n<\/div>\n<\/div>\n\n\n\n<h2>A history carved in stone<\/h2>\n\n\n\n<p>At the Maison de la Pierre,<strong> a place of remembrance and transmission<\/strong>Claude acts as ambassador and mediator, <strong>a precious link between eras.<\/strong><\/p>\n\n\n\n<p>In the old quarries in the area, he regularly sets off, in all seasons, in search of a new source of inspiration.<strong>search for remains<\/strong> You'll find all sorts of things to discover: old tools, traces of quarrymen from days gone by and of human activity in the quarries. Maybe you'll spot him out and about, on his bike or on foot, discovering these traces: \" [...] <em>I'm passionate about it and it grips me, but I can't explain it.<\/em>r [...] \".<\/p>\n\n\n\n<figure class=\"wp-block-image size-large\"><img decoding=\"async\" loading=\"lazy\" width=\"1200\" height=\"900\" data-src=\"https:\/\/www.creilsudoise-tourisme.fr\/wp-content\/uploads\/2024\/05\/Exploration-\u00a9-Claude-Boufflet-7-1200x900.jpg\" alt=\"Underground exploration urbex saint-maximin oise Maison de la Pierre discovery family archives Claude Boufflet\" class=\"wp-image-54046\" data-srcset=\"https:\/\/www.creilsudoise-tourisme.fr\/wp-content\/uploads\/2024\/05\/Exploration-\u00a9-Claude-Boufflet-7-1200x900.jpg 1200w, https:\/\/www.creilsudoise-tourisme.fr\/wp-content\/uploads\/2024\/05\/Exploration-\u00a9-Claude-Boufflet-7-600x450.jpg 600w, https:\/\/www.creilsudoise-tourisme.fr\/wp-content\/uploads\/2024\/05\/Exploration-\u00a9-Claude-Boufflet-7-900x675.jpg 900w, https:\/\/www.creilsudoise-tourisme.fr\/wp-content\/uploads\/2024\/05\/Exploration-\u00a9-Claude-Boufflet-7-1536x1152.jpg 1536w, https:\/\/www.creilsudoise-tourisme.fr\/wp-content\/uploads\/2024\/05\/Exploration-\u00a9-Claude-Boufflet-7-16x12.jpg 16w, https:\/\/www.creilsudoise-tourisme.fr\/wp-content\/uploads\/2024\/05\/Exploration-\u00a9-Claude-Boufflet-7-200x150.jpg 200w, https:\/\/www.creilsudoise-tourisme.fr\/wp-content\/uploads\/2024\/05\/Exploration-\u00a9-Claude-Boufflet-7-650x488.jpg 650w, https:\/\/www.creilsudoise-tourisme.fr\/wp-content\/uploads\/2024\/05\/Exploration-\u00a9-Claude-Boufflet-7-387x290.jpg 387w, https:\/\/www.creilsudoise-tourisme.fr\/wp-content\/uploads\/2024\/05\/Exploration-\u00a9-Claude-Boufflet-7.jpg 1920w\" sizes=\"(max-width: 1200px) 100vw, 1200px\" \/><figcaption class=\"wp-element-caption\">Claude Boufflet<\/figcaption><\/figure>\n\n\n\n<figure class=\"is-layout-flex wp-block-gallery-4 wp-block-gallery has-nested-images columns-default is-cropped\">\n<figure class=\"wp-block-image size-large\"><img decoding=\"async\" loading=\"lazy\" width=\"900\" height=\"1200\" data-id=\"54052\"  data-src=\"https:\/\/www.creilsudoise-tourisme.fr\/wp-content\/uploads\/2024\/05\/Exploration-\u00a9-Claude-Boufflet-8-900x1200.jpg\" alt=\"Underground exploration urbex saint-maximin oise Maison de la Pierre discovery family archives Claude Boufflet\" class=\"wp-image-54052\" data-srcset=\"https:\/\/www.creilsudoise-tourisme.fr\/wp-content\/uploads\/2024\/05\/Exploration-\u00a9-Claude-Boufflet-8-900x1200.jpg 900w, https:\/\/www.creilsudoise-tourisme.fr\/wp-content\/uploads\/2024\/05\/Exploration-\u00a9-Claude-Boufflet-8-450x600.jpg 450w, https:\/\/www.creilsudoise-tourisme.fr\/wp-content\/uploads\/2024\/05\/Exploration-\u00a9-Claude-Boufflet-8-675x900.jpg 675w, https:\/\/www.creilsudoise-tourisme.fr\/wp-content\/uploads\/2024\/05\/Exploration-\u00a9-Claude-Boufflet-8-1152x1536.jpg 1152w, https:\/\/www.creilsudoise-tourisme.fr\/wp-content\/uploads\/2024\/05\/Exploration-\u00a9-Claude-Boufflet-8-9x12.jpg 9w, https:\/\/www.creilsudoise-tourisme.fr\/wp-content\/uploads\/2024\/05\/Exploration-\u00a9-Claude-Boufflet-8-200x267.jpg 200w, https:\/\/www.creilsudoise-tourisme.fr\/wp-content\/uploads\/2024\/05\/Exploration-\u00a9-Claude-Boufflet-8-650x867.jpg 650w, https:\/\/www.creilsudoise-tourisme.fr\/wp-content\/uploads\/2024\/05\/Exploration-\u00a9-Claude-Boufflet-8-387x516.jpg 387w, https:\/\/www.creilsudoise-tourisme.fr\/wp-content\/uploads\/2024\/05\/Exploration-\u00a9-Claude-Boufflet-8.jpg 1440w\" sizes=\"(max-width: 900px) 100vw, 900px\" \/><figcaption class=\"wp-element-caption\">Claude Boufflet<\/figcaption><\/figure>\n\n\n\n<figure class=\"wp-block-image size-large\"><img decoding=\"async\" loading=\"lazy\" width=\"508\" height=\"436\" data-id=\"54062\"  data-src=\"https:\/\/www.creilsudoise-tourisme.fr\/wp-content\/uploads\/2024\/05\/Exploration-\u00a9-Claude-Boufflet-1.jpg\" alt=\"Underground exploration urbex saint-maximin oise Maison de la Pierre discovery family archives Claude Boufflet\" class=\"wp-image-54062\" data-srcset=\"https:\/\/www.creilsudoise-tourisme.fr\/wp-content\/uploads\/2024\/05\/Exploration-\u00a9-Claude-Boufflet-1.jpg 508w, https:\/\/www.creilsudoise-tourisme.fr\/wp-content\/uploads\/2024\/05\/Exploration-\u00a9-Claude-Boufflet-1-14x12.jpg 14w, https:\/\/www.creilsudoise-tourisme.fr\/wp-content\/uploads\/2024\/05\/Exploration-\u00a9-Claude-Boufflet-1-200x172.jpg 200w, https:\/\/www.creilsudoise-tourisme.fr\/wp-content\/uploads\/2024\/05\/Exploration-\u00a9-Claude-Boufflet-1-387x332.jpg 387w\" sizes=\"(max-width: 508px) 100vw, 508px\" \/><figcaption class=\"wp-element-caption\">Claude Boufflet<\/figcaption><\/figure>\n<\/figure>\n\n\n\n<p>The explanation lies in the past. There's not much left of Claude's childhood in Saint-Maximin in the 50s and 60s, apart from a few photos. Barracks built after the war, children's games and the idea of a certain solidarity. <strong>At the time, stone was providing a living for many families, including his own.<\/strong>. His grandfather, <strong>L\u00e9on Boufflet<\/strong>then his father, <strong>Marcel Boufflet<\/strong>work in quarries: \"[...] <em>my grandfather worked in the Ouach\u00e9e quarries, he was a man of character<\/em> [...] <em>in his spare time he played the bugle, then became mayor of Saint-Maximin<\/em> [...]\" he says.<\/p>\n\n\n\n<figure class=\"is-layout-flex wp-block-gallery-6 wp-block-gallery has-nested-images columns-default is-cropped\">\n<figure class=\"wp-block-image size-large\"><img decoding=\"async\" loading=\"lazy\" width=\"800\" height=\"505\" data-id=\"54067\"  data-src=\"https:\/\/www.creilsudoise-tourisme.fr\/wp-content\/uploads\/2024\/05\/Image-darchives-de-la-famille-Boufflet-\u00a9-Claude-Boufflet-5.jpg\" alt=\"Underground exploration urbex saint-maximin oise Maison de la Pierre discovery family archives Claude Boufflet\" class=\"wp-image-54067\" data-srcset=\"https:\/\/www.creilsudoise-tourisme.fr\/wp-content\/uploads\/2024\/05\/Image-darchives-de-la-famille-Boufflet-\u00a9-Claude-Boufflet-5.jpg 800w, https:\/\/www.creilsudoise-tourisme.fr\/wp-content\/uploads\/2024\/05\/Image-darchives-de-la-famille-Boufflet-\u00a9-Claude-Boufflet-5-600x379.jpg 600w, https:\/\/www.creilsudoise-tourisme.fr\/wp-content\/uploads\/2024\/05\/Image-darchives-de-la-famille-Boufflet-\u00a9-Claude-Boufflet-5-18x12.jpg 18w, https:\/\/www.creilsudoise-tourisme.fr\/wp-content\/uploads\/2024\/05\/Image-darchives-de-la-famille-Boufflet-\u00a9-Claude-Boufflet-5-200x126.jpg 200w, https:\/\/www.creilsudoise-tourisme.fr\/wp-content\/uploads\/2024\/05\/Image-darchives-de-la-famille-Boufflet-\u00a9-Claude-Boufflet-5-650x410.jpg 650w, https:\/\/www.creilsudoise-tourisme.fr\/wp-content\/uploads\/2024\/05\/Image-darchives-de-la-famille-Boufflet-\u00a9-Claude-Boufflet-5-387x244.jpg 387w\" sizes=\"(max-width: 800px) 100vw, 800px\" \/><figcaption class=\"wp-element-caption\">Claude Boufflet<\/figcaption><\/figure>\n\n\n\n<figure class=\"wp-block-image size-full\"><img decoding=\"async\" loading=\"lazy\" width=\"766\" height=\"465\" data-id=\"54063\"  data-src=\"https:\/\/www.creilsudoise-tourisme.fr\/wp-content\/uploads\/2024\/05\/Image-darchives-de-la-famille-Boufflet-\u00a9-Claude-Boufflet-7.jpg\" alt=\"Underground exploration urbex saint-maximin oise Maison de la Pierre discovery family archives Claude Boufflet\" class=\"wp-image-54063\" data-srcset=\"https:\/\/www.creilsudoise-tourisme.fr\/wp-content\/uploads\/2024\/05\/Image-darchives-de-la-famille-Boufflet-\u00a9-Claude-Boufflet-7.jpg 766w, https:\/\/www.creilsudoise-tourisme.fr\/wp-content\/uploads\/2024\/05\/Image-darchives-de-la-famille-Boufflet-\u00a9-Claude-Boufflet-7-600x364.jpg 600w, https:\/\/www.creilsudoise-tourisme.fr\/wp-content\/uploads\/2024\/05\/Image-darchives-de-la-famille-Boufflet-\u00a9-Claude-Boufflet-7-18x12.jpg 18w, https:\/\/www.creilsudoise-tourisme.fr\/wp-content\/uploads\/2024\/05\/Image-darchives-de-la-famille-Boufflet-\u00a9-Claude-Boufflet-7-200x121.jpg 200w, https:\/\/www.creilsudoise-tourisme.fr\/wp-content\/uploads\/2024\/05\/Image-darchives-de-la-famille-Boufflet-\u00a9-Claude-Boufflet-7-650x395.jpg 650w, https:\/\/www.creilsudoise-tourisme.fr\/wp-content\/uploads\/2024\/05\/Image-darchives-de-la-famille-Boufflet-\u00a9-Claude-Boufflet-7-387x235.jpg 387w\" sizes=\"(max-width: 766px) 100vw, 766px\" \/><figcaption class=\"wp-element-caption\">Claude Boufflet<\/figcaption><\/figure>\n<\/figure>\n\n\n\n<figure class=\"is-layout-flex wp-block-gallery-8 wp-block-gallery has-nested-images columns-default is-cropped\">\n<figure class=\"wp-block-image size-large\"><img decoding=\"async\" loading=\"lazy\" width=\"740\" height=\"600\" data-id=\"54053\"  data-src=\"https:\/\/www.creilsudoise-tourisme.fr\/wp-content\/uploads\/2024\/05\/Image-darchives-de-la-famille-Boufflet-\u00a9-Claude-Boufflet-6.jpg\" alt=\"Underground exploration urbex saint-maximin oise Maison de la Pierre discovery family archives Claude Boufflet\" class=\"wp-image-54053\" data-srcset=\"https:\/\/www.creilsudoise-tourisme.fr\/wp-content\/uploads\/2024\/05\/Image-darchives-de-la-famille-Boufflet-\u00a9-Claude-Boufflet-6.jpg 740w, https:\/\/www.creilsudoise-tourisme.fr\/wp-content\/uploads\/2024\/05\/Image-darchives-de-la-famille-Boufflet-\u00a9-Claude-Boufflet-6-600x486.jpg 600w, https:\/\/www.creilsudoise-tourisme.fr\/wp-content\/uploads\/2024\/05\/Image-darchives-de-la-famille-Boufflet-\u00a9-Claude-Boufflet-6-15x12.jpg 15w, https:\/\/www.creilsudoise-tourisme.fr\/wp-content\/uploads\/2024\/05\/Image-darchives-de-la-famille-Boufflet-\u00a9-Claude-Boufflet-6-200x162.jpg 200w, https:\/\/www.creilsudoise-tourisme.fr\/wp-content\/uploads\/2024\/05\/Image-darchives-de-la-famille-Boufflet-\u00a9-Claude-Boufflet-6-650x527.jpg 650w, https:\/\/www.creilsudoise-tourisme.fr\/wp-content\/uploads\/2024\/05\/Image-darchives-de-la-famille-Boufflet-\u00a9-Claude-Boufflet-6-387x314.jpg 387w\" sizes=\"(max-width: 740px) 100vw, 740px\" \/><figcaption class=\"wp-element-caption\">Claude Boufflet<\/figcaption><\/figure>\n\n\n\n<figure class=\"wp-block-image size-large\"><img decoding=\"async\" loading=\"lazy\" width=\"800\" height=\"600\" data-id=\"54060\"  data-src=\"https:\/\/www.creilsudoise-tourisme.fr\/wp-content\/uploads\/2024\/05\/Leon-Boufflet-ancien-maire-de-Saint-Maximin-\u00a9-Claude-Boufflet.jpg\" alt=\"Underground exploration urbex saint-maximin oise Maison de la Pierre discovery family archives Claude Boufflet\" class=\"wp-image-54060\" data-srcset=\"https:\/\/www.creilsudoise-tourisme.fr\/wp-content\/uploads\/2024\/05\/Leon-Boufflet-ancien-maire-de-Saint-Maximin-\u00a9-Claude-Boufflet.jpg 800w, https:\/\/www.creilsudoise-tourisme.fr\/wp-content\/uploads\/2024\/05\/Leon-Boufflet-ancien-maire-de-Saint-Maximin-\u00a9-Claude-Boufflet-600x450.jpg 600w, https:\/\/www.creilsudoise-tourisme.fr\/wp-content\/uploads\/2024\/05\/Leon-Boufflet-ancien-maire-de-Saint-Maximin-\u00a9-Claude-Boufflet-16x12.jpg 16w, https:\/\/www.creilsudoise-tourisme.fr\/wp-content\/uploads\/2024\/05\/Leon-Boufflet-ancien-maire-de-Saint-Maximin-\u00a9-Claude-Boufflet-200x150.jpg 200w, https:\/\/www.creilsudoise-tourisme.fr\/wp-content\/uploads\/2024\/05\/Leon-Boufflet-ancien-maire-de-Saint-Maximin-\u00a9-Claude-Boufflet-650x488.jpg 650w, https:\/\/www.creilsudoise-tourisme.fr\/wp-content\/uploads\/2024\/05\/Leon-Boufflet-ancien-maire-de-Saint-Maximin-\u00a9-Claude-Boufflet-387x290.jpg 387w\" sizes=\"(max-width: 800px) 100vw, 800px\" \/><figcaption class=\"wp-element-caption\">Claude Boufflet<\/figcaption><\/figure>\n<\/figure>\n\n\n\n<p>Under his father's orders,<strong> young Claude, like his peers, received on-the-job training in the quarries<\/strong>He began working with stone at the age of 18: \"[...] <em>as a bartender, I went where the work was<\/em> [...] \". His work consisted of moving the blocks of stone cleared by the workers, which required a great deal of precision and meticulousness: \"[...]\". <em>the workers, most of whom were Portuguese, did not count the hours because they were paid by the piece and worked manually<\/em> [...] <em>if I broke the block while handling it, they didn't touch anything, so I had to be very vigilant <\/em>[...] \". The blocks then pass through the hands of sawyers and cutters. Very often, <strong>Claude takes care of deliveries, sometimes as far as Deauville.<\/strong> His <strong>long days, hard work<\/strong>and his father gave him a hard time: \"[...].<em> he didn't pay me overtime, it was a difficult upbringing<\/em> [...]\" he recalls...<\/p>\n\n\n\n<figure class=\"wp-block-image size-full is-resized\"><img decoding=\"async\" loading=\"lazy\" data-src=\"https:\/\/www.creilsudoise-tourisme.fr\/wp-content\/uploads\/2024\/05\/Image-darchives-de-la-famille-Boufflet-\u00a9-Claude-Boufflet-3.jpg\" alt=\"Underground exploration urbex saint-maximin oise Maison de la Pierre discovery family archives Claude Boufflet\" class=\"wp-image-54058\" width=\"805\" height=\"444\" data-srcset=\"https:\/\/www.creilsudoise-tourisme.fr\/wp-content\/uploads\/2024\/05\/Image-darchives-de-la-famille-Boufflet-\u00a9-Claude-Boufflet-3.jpg 706w, https:\/\/www.creilsudoise-tourisme.fr\/wp-content\/uploads\/2024\/05\/Image-darchives-de-la-famille-Boufflet-\u00a9-Claude-Boufflet-3-600x331.jpg 600w, https:\/\/www.creilsudoise-tourisme.fr\/wp-content\/uploads\/2024\/05\/Image-darchives-de-la-famille-Boufflet-\u00a9-Claude-Boufflet-3-18x10.jpg 18w, https:\/\/www.creilsudoise-tourisme.fr\/wp-content\/uploads\/2024\/05\/Image-darchives-de-la-famille-Boufflet-\u00a9-Claude-Boufflet-3-200x110.jpg 200w, https:\/\/www.creilsudoise-tourisme.fr\/wp-content\/uploads\/2024\/05\/Image-darchives-de-la-famille-Boufflet-\u00a9-Claude-Boufflet-3-650x358.jpg 650w, https:\/\/www.creilsudoise-tourisme.fr\/wp-content\/uploads\/2024\/05\/Image-darchives-de-la-famille-Boufflet-\u00a9-Claude-Boufflet-3-387x213.jpg 387w\" sizes=\"(max-width: 805px) 100vw, 805px\" \/><figcaption class=\"wp-element-caption\">Claude Boufflet<\/figcaption><\/figure>\n\n\n\n<h2>Paying tribute to the work of men<\/h2>\n\n\n\n<p>Today, if <strong>stone from the south of the Oise is still quarried in the surrounding area<\/strong>These include the construction of buildings and the restoration of monuments such as Notre-Dame,<strong> techniques have come a long way<\/strong> : \" [...] <em>machines have taken over, and work has become less demanding than it used to be<\/em> [...] <em>before, you had to find the vein, clear the block with a hand retractor <\/em>[...]<em> it's all over<\/em> [...] \".<\/p>\n\n\n\n<figure class=\"wp-block-image size-large\"><img decoding=\"async\" loading=\"lazy\" width=\"1200\" height=\"676\" data-src=\"https:\/\/www.creilsudoise-tourisme.fr\/wp-content\/uploads\/2024\/05\/Visite-historique-de-la-Maison-de-la-Pierre-1200x676.jpg\" alt=\"Underground exploration urbex saint-maximin oise Maison de la Pierre discovery family archives Claude Boufflet\" class=\"wp-image-54112\" data-srcset=\"https:\/\/www.creilsudoise-tourisme.fr\/wp-content\/uploads\/2024\/05\/Visite-historique-de-la-Maison-de-la-Pierre-1200x676.jpg 1200w, https:\/\/www.creilsudoise-tourisme.fr\/wp-content\/uploads\/2024\/05\/Visite-historique-de-la-Maison-de-la-Pierre-600x338.jpg 600w, https:\/\/www.creilsudoise-tourisme.fr\/wp-content\/uploads\/2024\/05\/Visite-historique-de-la-Maison-de-la-Pierre-900x507.jpg 900w, https:\/\/www.creilsudoise-tourisme.fr\/wp-content\/uploads\/2024\/05\/Visite-historique-de-la-Maison-de-la-Pierre-1536x865.jpg 1536w, https:\/\/www.creilsudoise-tourisme.fr\/wp-content\/uploads\/2024\/05\/Visite-historique-de-la-Maison-de-la-Pierre-18x10.jpg 18w, https:\/\/www.creilsudoise-tourisme.fr\/wp-content\/uploads\/2024\/05\/Visite-historique-de-la-Maison-de-la-Pierre-200x113.jpg 200w, https:\/\/www.creilsudoise-tourisme.fr\/wp-content\/uploads\/2024\/05\/Visite-historique-de-la-Maison-de-la-Pierre-1600x900.jpg 1600w, https:\/\/www.creilsudoise-tourisme.fr\/wp-content\/uploads\/2024\/05\/Visite-historique-de-la-Maison-de-la-Pierre-650x366.jpg 650w, https:\/\/www.creilsudoise-tourisme.fr\/wp-content\/uploads\/2024\/05\/Visite-historique-de-la-Maison-de-la-Pierre-387x218.jpg 387w, https:\/\/www.creilsudoise-tourisme.fr\/wp-content\/uploads\/2024\/05\/Visite-historique-de-la-Maison-de-la-Pierre.jpg 1920w\" sizes=\"(max-width: 1200px) 100vw, 1200px\" \/><figcaption class=\"wp-element-caption\">The Maison de la Pierre organises historical tours of the quarry, with demonstrations of old-fashioned quarrying \u00a9 Creil Sud Oise Tourisme<\/figcaption><\/figure>\n\n\n\n<p><strong>Claude Boufflet, on the eve of his 80th birthday, is working alongside the Maison de la Pierre team.<\/strong>His retirement coincided with the creation and opening of the site in 2014. In the basement, visitors can follow an underground trail and relive the glory days of the Parrain quarry, which operated between 17<sup>th<\/sup> and the beginning of the 20<sup>th<\/sup> century: \"[...] <em>everyone is curious to know how the stone was extracted <\/em>[...] <em>it's a pleasure to share my knowledge and experience with the public<\/em> [...]\" confides Claude, not without some emotion.<\/p>\n\n\n\n<figure class=\"wp-block-image alignwide size-large\"><img decoding=\"async\" loading=\"lazy\" width=\"1200\" height=\"799\" data-src=\"https:\/\/www.creilsudoise-tourisme.fr\/wp-content\/uploads\/2024\/05\/Visite-de-la-Maison-de-la-PIerre-\u00a9-Smellinckx-Oise-Tourisme-2-1200x799.jpg\" alt=\"Underground exploration urbex saint-maximin oise Maison de la Pierre discovery family archives Claude Boufflet\" class=\"wp-image-54045\" data-srcset=\"https:\/\/www.creilsudoise-tourisme.fr\/wp-content\/uploads\/2024\/05\/Visite-de-la-Maison-de-la-PIerre-\u00a9-Smellinckx-Oise-Tourisme-2-1200x799.jpg 1200w, https:\/\/www.creilsudoise-tourisme.fr\/wp-content\/uploads\/2024\/05\/Visite-de-la-Maison-de-la-PIerre-\u00a9-Smellinckx-Oise-Tourisme-2-600x400.jpg 600w, https:\/\/www.creilsudoise-tourisme.fr\/wp-content\/uploads\/2024\/05\/Visite-de-la-Maison-de-la-PIerre-\u00a9-Smellinckx-Oise-Tourisme-2-900x600.jpg 900w, https:\/\/www.creilsudoise-tourisme.fr\/wp-content\/uploads\/2024\/05\/Visite-de-la-Maison-de-la-PIerre-\u00a9-Smellinckx-Oise-Tourisme-2-18x12.jpg 18w, https:\/\/www.creilsudoise-tourisme.fr\/wp-content\/uploads\/2024\/05\/Visite-de-la-Maison-de-la-PIerre-\u00a9-Smellinckx-Oise-Tourisme-2-200x133.jpg 200w, https:\/\/www.creilsudoise-tourisme.fr\/wp-content\/uploads\/2024\/05\/Visite-de-la-Maison-de-la-PIerre-\u00a9-Smellinckx-Oise-Tourisme-2-650x433.jpg 650w, https:\/\/www.creilsudoise-tourisme.fr\/wp-content\/uploads\/2024\/05\/Visite-de-la-Maison-de-la-PIerre-\u00a9-Smellinckx-Oise-Tourisme-2-387x258.jpg 387w, https:\/\/www.creilsudoise-tourisme.fr\/wp-content\/uploads\/2024\/05\/Visite-de-la-Maison-de-la-PIerre-\u00a9-Smellinckx-Oise-Tourisme-2.jpg 1498w\" sizes=\"(max-width: 1200px) 100vw, 1200px\" \/><figcaption class=\"wp-element-caption\">Smellinckx Oise Tourisme<\/figcaption><\/figure>\n\n\n\n<h2>Keeping the memory of places alive<\/h2>\n\n\n\n<p>On the waistline, <strong>tools discovered by Claude are on display<\/strong>. It's easy to imagine the <strong>difficult working conditions<\/strong>It's all thanks to Claude. Here, thanks to Claude, <strong>many traces of human activity have been preserved<\/strong> : \" [...] <em>After the closure of the Parrain quarry in the 1920s, the site was used to grow mushrooms, so that during the war, the population of Saint-Maximin also benefited from this source of income, protecting themselves from the bombardments underground.<\/em> [...]\" he explains as he passes old rusty beds or crates containing a crumbly substrate...<\/p>\n\n\n\n<figure class=\"is-layout-flex wp-block-gallery-10 wp-block-gallery has-nested-images columns-default is-cropped\">\n<figure class=\"wp-block-image size-large\"><img decoding=\"async\" loading=\"lazy\" width=\"800\" height=\"531\" data-id=\"54055\"  data-src=\"https:\/\/www.creilsudoise-tourisme.fr\/wp-content\/uploads\/2024\/05\/Exploration-\u00a9-Claude-Boufflet-5.jpg\" alt=\"Underground exploration urbex saint-maximin oise Maison de la Pierre discovery family archives Claude Boufflet\" class=\"wp-image-54055\" data-srcset=\"https:\/\/www.creilsudoise-tourisme.fr\/wp-content\/uploads\/2024\/05\/Exploration-\u00a9-Claude-Boufflet-5.jpg 800w, https:\/\/www.creilsudoise-tourisme.fr\/wp-content\/uploads\/2024\/05\/Exploration-\u00a9-Claude-Boufflet-5-600x398.jpg 600w, https:\/\/www.creilsudoise-tourisme.fr\/wp-content\/uploads\/2024\/05\/Exploration-\u00a9-Claude-Boufflet-5-18x12.jpg 18w, https:\/\/www.creilsudoise-tourisme.fr\/wp-content\/uploads\/2024\/05\/Exploration-\u00a9-Claude-Boufflet-5-200x133.jpg 200w, https:\/\/www.creilsudoise-tourisme.fr\/wp-content\/uploads\/2024\/05\/Exploration-\u00a9-Claude-Boufflet-5-650x431.jpg 650w, https:\/\/www.creilsudoise-tourisme.fr\/wp-content\/uploads\/2024\/05\/Exploration-\u00a9-Claude-Boufflet-5-387x257.jpg 387w\" sizes=\"(max-width: 800px) 100vw, 800px\" \/><figcaption class=\"wp-element-caption\">Claude Boufflet<\/figcaption><\/figure>\n<figcaption class=\"blocks-gallery-caption wp-element-caption\">In 2017, <a href=\"https:\/\/www.leparisien.fr\/oise-60\/saint-maximin-l-etonnante-decouverte-d-un-abri-de-la-seconde-guerre-mondiale-13-12-2017-7450776.php\" target=\"_blank\" rel=\"noreferrer noopener\">Claude discovers a career that has been frozen in time since the Second World War<\/a>. Inside: bed frames used by Saint-Maximinois refugees.<\/figcaption><\/figure>\n\n\n\n<p>Pausing for a moment, Claude suddenly invites us to look up. <strong>There, on the sky above the Parrain quarry, you can see letters.<\/strong> The halo of his lamp shakes a little. \" <em>L\u00e9on Boufflet<\/em> \"Claude went on to say: \"[...]. <em>when I discovered these letters traced by my grandfather, it did something to me<\/em> [...] \".<\/p>\n\n\n\n<figure class=\"wp-block-image size-full\"><img decoding=\"async\" loading=\"lazy\" width=\"800\" height=\"552\" data-src=\"https:\/\/www.creilsudoise-tourisme.fr\/wp-content\/uploads\/2024\/05\/Exploration-\u00a9-Claude-Boufflet-2.jpg\" alt=\"Underground exploration urbex saint-maximin oise Maison de la Pierre discovery family archives Claude Boufflet\" class=\"wp-image-54056\" data-srcset=\"https:\/\/www.creilsudoise-tourisme.fr\/wp-content\/uploads\/2024\/05\/Exploration-\u00a9-Claude-Boufflet-2.jpg 800w, https:\/\/www.creilsudoise-tourisme.fr\/wp-content\/uploads\/2024\/05\/Exploration-\u00a9-Claude-Boufflet-2-600x414.jpg 600w, https:\/\/www.creilsudoise-tourisme.fr\/wp-content\/uploads\/2024\/05\/Exploration-\u00a9-Claude-Boufflet-2-18x12.jpg 18w, https:\/\/www.creilsudoise-tourisme.fr\/wp-content\/uploads\/2024\/05\/Exploration-\u00a9-Claude-Boufflet-2-200x138.jpg 200w, https:\/\/www.creilsudoise-tourisme.fr\/wp-content\/uploads\/2024\/05\/Exploration-\u00a9-Claude-Boufflet-2-650x449.jpg 650w, https:\/\/www.creilsudoise-tourisme.fr\/wp-content\/uploads\/2024\/05\/Exploration-\u00a9-Claude-Boufflet-2-387x267.jpg 387w\" sizes=\"(max-width: 800px) 100vw, 800px\" \/><figcaption class=\"wp-element-caption\">Claude Boufflet<\/figcaption><\/figure>\n\n\n\n<p>In the silence of the underground quarry, illuminated by a faint light, <strong>Claude recounts how his son S\u00e9bastien and grandson Anthony have taken it in turns to explore the quarries.<\/strong>and other enthusiasts in their wake. <strong>What is born of stone never seems to pass away...<\/strong><\/p>\n\n\n\n<div class=\"is-layout-flex wp-container-15 wp-block-columns\">\n<div class=\"is-layout-flow wp-block-column\" style=\"flex-basis:25%\">\n<figure class=\"wp-block-image size-full\"><img decoding=\"async\" loading=\"lazy\" width=\"350\" height=\"350\" data-src=\"https:\/\/www.creilsudoise-tourisme.fr\/wp-content\/uploads\/2024\/02\/celine-weissier-portrait-edited.jpg\" alt=\"C\u00e9line Weissier Les mots \u00e0 la page biographer editor\" class=\"wp-image-52484\" data-srcset=\"https:\/\/www.creilsudoise-tourisme.fr\/wp-content\/uploads\/2024\/02\/celine-weissier-portrait-edited.jpg 350w, https:\/\/www.creilsudoise-tourisme.fr\/wp-content\/uploads\/2024\/02\/celine-weissier-portrait-edited-300x300.jpg 300w, https:\/\/www.creilsudoise-tourisme.fr\/wp-content\/uploads\/2024\/02\/celine-weissier-portrait-edited-12x12.jpg 12w, https:\/\/www.creilsudoise-tourisme.fr\/wp-content\/uploads\/2024\/02\/celine-weissier-portrait-edited-200x200.jpg 200w\" sizes=\"(max-width: 350px) 100vw, 350px\" \/><figcaption class=\"wp-element-caption\">C\u00e9line Weissier<\/figcaption><\/figure>\n<\/div>\n\n\n\n<div class=\"is-layout-flow wp-block-column\" style=\"flex-basis:50%\">\n<p><strong>C\u00e9line Weissier<\/strong> &#8211; <a href=\"https:\/\/celineweissier.fr\/\" target=\"_blank\" rel=\"noreferrer noopener\">Words on the page<\/a><\/p>\n<\/div>\n\n\n\n<div class=\"is-layout-flow wp-block-column\" style=\"flex-basis:25%\"><\/div>\n<\/div>\n\n\n\n<hr class=\"wp-block-separator has-alpha-channel-opacity\"\/>\n\n\n\n<h2>Visit the Maison de la Pierre<\/h2>\n\n\n\n<figure class=\"wp-block-embed is-type-video is-provider-youtube wp-block-embed-youtube wp-embed-aspect-16-9 wp-has-aspect-ratio\"><div class=\"wp-block-embed__wrapper\">\n<iframe loading=\"lazy\" title=\"[LES INCONTOURNABLES] The House of Stone at Saint-Maximin | Creil Sud Oise Tourisme\" width=\"500\" height=\"281\" data-src=\"https:\/\/www.youtube.com\/embed\/Nx6Uz5neMS8?start=2&#038;feature=oembed\" frameborder=\"0\" allow=\"accelerometer; autoplay; clipboard-write; encrypted-media; gyroscope; picture-in-picture; web-share\" referrerpolicy=\"strict-origin-when-cross-origin\" allowfullscreen><\/iframe>\n<\/div><\/figure>\n\n\n<div data-related-sit=\"1\" data-block-type=\"related-sit-gt\" data-block-id=\"wpet-sit-2f80b9u914o\"><div class=\"wp-block wp-block-related-post wp-block-related-list-sit alignfull\">\n    \n    <div class=\"container\">\n\n                    <h2 class=\"wp-block-related-post-title\">On the programme at the moment<\/h2>\n        \n                    <div id=\"wpiris-related-post-135\" data-id=\"wpiris-entity-slider\">\n                <div class=\"wp-block-related-post-list wp-block-related-post-list--14\" data-id=\"wpiris-entity-slider-wrapper\">\n\n                    \n<div class=\"entityItem\" data-trigger=\"wpiris-click\" data-id=\"wpiris-entity-slider-item\">\n    <p class=\"entityItemThumbnail\">\n        <a href=\"https:\/\/www.creilsudoise-tourisme.fr\/en\/agenda-animations\/stage-ceramique-2\/\" nofancybox>\n            <img data-src=\"https:\/\/www.creilsudoise-tourisme.fr\/wp-content\/uploads\/wpetourisme\/Faconnez-votre-ceramique-275x350.png\" alt=\"Internship | Ceramics\">\n        <\/a>\n    <\/p>\n    <div class=\"entityItemContent\">\n        <h2 class=\"entityItemContentTitle\">\n            <a href=\"https:\/\/www.creilsudoise-tourisme.fr\/en\/agenda-animations\/stage-ceramique-2\/\">Internship | Ceramics<\/a>\n        <\/h2>\n                    <p class=\"entityItemContentType\">Festivals and events<\/p>\n            <\/div>\n    <a href=\"https:\/\/www.creilsudoise-tourisme.fr\/en\/agenda-animations\/stage-ceramique-2\/\" class=\"seeMore\"><span class=\"sr-only\">See more<\/span><\/a>\n<\/div>\n\n<div class=\"entityItem\" data-trigger=\"wpiris-click\" data-id=\"wpiris-entity-slider-item\">\n    <p class=\"entityItemThumbnail\">\n        <a href=\"https:\/\/www.creilsudoise-tourisme.fr\/en\/agenda-animations\/les-relais-de-lacso\/\" nofancybox>\n            <img data-src=\"https:\/\/www.creilsudoise-tourisme.fr\/wp-content\/uploads\/wpetourisme\/relais-de-l-ACSO-2026-700x700px-275x350.jpg\" alt=\"The ACSO Relays\">\n        <\/a>\n    <\/p>\n    <div class=\"entityItemContent\">\n        <h2 class=\"entityItemContentTitle\">\n            <a href=\"https:\/\/www.creilsudoise-tourisme.fr\/en\/agenda-animations\/les-relais-de-lacso\/\">The ACSO Relays<\/a>\n        <\/h2>\n                    <p class=\"entityItemContentType\">Festivals and events<\/p>\n            <\/div>\n    <a href=\"https:\/\/www.creilsudoise-tourisme.fr\/en\/agenda-animations\/les-relais-de-lacso\/\" class=\"seeMore\"><span class=\"sr-only\">See more<\/span><\/a>\n<\/div>\n\n<div class=\"entityItem\" data-trigger=\"wpiris-click\" data-id=\"wpiris-entity-slider-item\">\n    <p class=\"entityItemThumbnail\">\n        <a href=\"https:\/\/www.creilsudoise-tourisme.fr\/en\/agenda-animations\/christmas-festivities-stained-glass-workshop\/\" nofancybox>\n            <img data-src=\"https:\/\/www.creilsudoise-tourisme.fr\/wp-content\/uploads\/wpetourisme\/Noel---Post-FB-Insta-2-275x350.jpg\" alt=\"Christmas festivities | Stained glass workshop\">\n        <\/a>\n    <\/p>\n    <div class=\"entityItemContent\">\n        <h2 class=\"entityItemContentTitle\">\n            <a href=\"https:\/\/www.creilsudoise-tourisme.fr\/en\/agenda-animations\/christmas-festivities-stained-glass-workshop\/\">Christmas festivities | Stained glass workshop<\/a>\n        <\/h2>\n                    <p class=\"entityItemContentType\">Festivals and events<\/p>\n            <\/div>\n    <a href=\"https:\/\/www.creilsudoise-tourisme.fr\/en\/agenda-animations\/christmas-festivities-stained-glass-workshop\/\" class=\"seeMore\"><span class=\"sr-only\">See more<\/span><\/a>\n<\/div>\n\n<div class=\"entityItem\" data-trigger=\"wpiris-click\" data-id=\"wpiris-entity-slider-item\">\n    <p class=\"entityItemThumbnail\">\n        <a href=\"https:\/\/www.creilsudoise-tourisme.fr\/en\/agenda-animations\/stage-vitrail-6\/\" nofancybox>\n            <img data-src=\"https:\/\/www.creilsudoise-tourisme.fr\/wp-content\/uploads\/wpetourisme\/Creez-votre-vitrail-275x350.png\" alt=\"Internship | Stained glass\">\n        <\/a>\n    <\/p>\n    <div class=\"entityItemContent\">\n        <h2 class=\"entityItemContentTitle\">\n            <a href=\"https:\/\/www.creilsudoise-tourisme.fr\/en\/agenda-animations\/stage-vitrail-6\/\">Internship | Stained glass<\/a>\n        <\/h2>\n                    <p class=\"entityItemContentType\">Festivals and events<\/p>\n            <\/div>\n    <a href=\"https:\/\/www.creilsudoise-tourisme.fr\/en\/agenda-animations\/stage-vitrail-6\/\" class=\"seeMore\"><span class=\"sr-only\">See more<\/span><\/a>\n<\/div>\n\n<div class=\"entityItem\" data-trigger=\"wpiris-click\" data-id=\"wpiris-entity-slider-item\">\n    <p class=\"entityItemThumbnail\">\n        <a href=\"https:\/\/www.creilsudoise-tourisme.fr\/en\/agenda-animations\/initiation-lithotherapy-3-2\/\" nofancybox>\n            <img data-src=\"https:\/\/www.creilsudoise-tourisme.fr\/wp-content\/uploads\/wpetourisme\/Fabriquez-votre-bijou-275x350.png\" alt=\"Workshop | Lithotherapy\">\n        <\/a>\n    <\/p>\n    <div class=\"entityItemContent\">\n        <h2 class=\"entityItemContentTitle\">\n            <a href=\"https:\/\/www.creilsudoise-tourisme.fr\/en\/agenda-animations\/initiation-lithotherapy-3-2\/\">Workshop | Lithotherapy<\/a>\n        <\/h2>\n                    <p class=\"entityItemContentType\">Festivals and events<\/p>\n            <\/div>\n    <a href=\"https:\/\/www.creilsudoise-tourisme.fr\/en\/agenda-animations\/initiation-lithotherapy-3-2\/\" class=\"seeMore\"><span class=\"sr-only\">See more<\/span><\/a>\n<\/div>\n\n<div class=\"entityItem\" data-trigger=\"wpiris-click\" data-id=\"wpiris-entity-slider-item\">\n    <p class=\"entityItemThumbnail\">\n        <a href=\"https:\/\/www.creilsudoise-tourisme.fr\/en\/agenda-animations\/stage-mosaique-2\/\" nofancybox>\n            <img data-src=\"https:\/\/www.creilsudoise-tourisme.fr\/wp-content\/uploads\/wpetourisme\/1000063457-275x350.jpg\" alt=\"Workshop | Mosaic\">\n        <\/a>\n    <\/p>\n    <div class=\"entityItemContent\">\n        <h2 class=\"entityItemContentTitle\">\n            <a href=\"https:\/\/www.creilsudoise-tourisme.fr\/en\/agenda-animations\/stage-mosaique-2\/\">Workshop | Mosaic<\/a>\n        <\/h2>\n                    <p class=\"entityItemContentType\">Festivals and events<\/p>\n            <\/div>\n    <a href=\"https:\/\/www.creilsudoise-tourisme.fr\/en\/agenda-animations\/stage-mosaique-2\/\" class=\"seeMore\"><span class=\"sr-only\">See more<\/span><\/a>\n<\/div>\n\n<div class=\"entityItem\" data-trigger=\"wpiris-click\" data-id=\"wpiris-entity-slider-item\">\n    <p class=\"entityItemThumbnail\">\n        <a href=\"https:\/\/www.creilsudoise-tourisme.fr\/en\/agenda-animations\/stage-vitrail-2\/\" nofancybox>\n            <img data-src=\"https:\/\/www.creilsudoise-tourisme.fr\/wp-content\/uploads\/wpetourisme\/Creez-votre-vitrail-275x350.png\" alt=\"Internship | Stained glass\">\n        <\/a>\n    <\/p>\n    <div class=\"entityItemContent\">\n        <h2 class=\"entityItemContentTitle\">\n            <a href=\"https:\/\/www.creilsudoise-tourisme.fr\/en\/agenda-animations\/stage-vitrail-2\/\">Internship | Stained glass<\/a>\n        <\/h2>\n                    <p class=\"entityItemContentType\">Festivals and events<\/p>\n            <\/div>\n    <a href=\"https:\/\/www.creilsudoise-tourisme.fr\/en\/agenda-animations\/stage-vitrail-2\/\" class=\"seeMore\"><span class=\"sr-only\">See more<\/span><\/a>\n<\/div>\n\n<div class=\"entityItem\" data-trigger=\"wpiris-click\" data-id=\"wpiris-entity-slider-item\">\n    <p class=\"entityItemThumbnail\">\n        <a href=\"https:\/\/www.creilsudoise-tourisme.fr\/en\/agenda-animations\/atelier-initiation-a-lart-de-la-ceramique\/\" nofancybox>\n            <img data-src=\"https:\/\/www.creilsudoise-tourisme.fr\/wp-content\/uploads\/wpetourisme\/Faconnez-votre-ceramique-275x350.png\" alt=\"Internship | Ceramics\">\n        <\/a>\n    <\/p>\n    <div class=\"entityItemContent\">\n        <h2 class=\"entityItemContentTitle\">\n            <a href=\"https:\/\/www.creilsudoise-tourisme.fr\/en\/agenda-animations\/atelier-initiation-a-lart-de-la-ceramique\/\">Internship | Ceramics<\/a>\n        <\/h2>\n                    <p class=\"entityItemContentType\">Festivals and events<\/p>\n            <\/div>\n    <a href=\"https:\/\/www.creilsudoise-tourisme.fr\/en\/agenda-animations\/atelier-initiation-a-lart-de-la-ceramique\/\" class=\"seeMore\"><span class=\"sr-only\">See more<\/span><\/a>\n<\/div>\n\n<div class=\"entityItem\" data-trigger=\"wpiris-click\" data-id=\"wpiris-entity-slider-item\">\n    <p class=\"entityItemThumbnail\">\n        <a href=\"https:\/\/www.creilsudoise-tourisme.fr\/en\/agenda-animations\/stage-vitrail-5\/\" nofancybox>\n            <img data-src=\"https:\/\/www.creilsudoise-tourisme.fr\/wp-content\/uploads\/wpetourisme\/Creez-votre-vitrail-275x350.png\" alt=\"Internship | Stained glass\">\n        <\/a>\n    <\/p>\n    <div class=\"entityItemContent\">\n        <h2 class=\"entityItemContentTitle\">\n            <a href=\"https:\/\/www.creilsudoise-tourisme.fr\/en\/agenda-animations\/stage-vitrail-5\/\">Internship | Stained glass<\/a>\n        <\/h2>\n                    <p class=\"entityItemContentType\">Festivals and events<\/p>\n            <\/div>\n    <a href=\"https:\/\/www.creilsudoise-tourisme.fr\/en\/agenda-animations\/stage-vitrail-5\/\" class=\"seeMore\"><span class=\"sr-only\">See more<\/span><\/a>\n<\/div>\n\n<div class=\"entityItem\" data-trigger=\"wpiris-click\" data-id=\"wpiris-entity-slider-item\">\n    <p class=\"entityItemThumbnail\">\n        <a href=\"https:\/\/www.creilsudoise-tourisme.fr\/en\/agenda-animations\/stage-vitrail-4\/\" nofancybox>\n            <img data-src=\"https:\/\/www.creilsudoise-tourisme.fr\/wp-content\/uploads\/wpetourisme\/Creez-votre-vitrail-275x350.png\" alt=\"Internship | Stained glass\">\n        <\/a>\n    <\/p>\n    <div class=\"entityItemContent\">\n        <h2 class=\"entityItemContentTitle\">\n            <a href=\"https:\/\/www.creilsudoise-tourisme.fr\/en\/agenda-animations\/stage-vitrail-4\/\">Internship | Stained glass<\/a>\n        <\/h2>\n                    <p class=\"entityItemContentType\">Festivals and events<\/p>\n            <\/div>\n    <a href=\"https:\/\/www.creilsudoise-tourisme.fr\/en\/agenda-animations\/stage-vitrail-4\/\" class=\"seeMore\"><span class=\"sr-only\">See more<\/span><\/a>\n<\/div>\n\n<div class=\"entityItem\" data-trigger=\"wpiris-click\" data-id=\"wpiris-entity-slider-item\">\n    <p class=\"entityItemThumbnail\">\n        <a href=\"https:\/\/www.creilsudoise-tourisme.fr\/en\/agenda-animations\/stage-mosaique-4\/\" nofancybox>\n            <img data-src=\"https:\/\/www.creilsudoise-tourisme.fr\/wp-content\/uploads\/wpetourisme\/1000063457-275x350.jpg\" alt=\"Workshop | Mosaic\">\n        <\/a>\n    <\/p>\n    <div class=\"entityItemContent\">\n        <h2 class=\"entityItemContentTitle\">\n            <a href=\"https:\/\/www.creilsudoise-tourisme.fr\/en\/agenda-animations\/stage-mosaique-4\/\">Workshop | Mosaic<\/a>\n        <\/h2>\n                    <p class=\"entityItemContentType\">Festivals and events<\/p>\n            <\/div>\n    <a href=\"https:\/\/www.creilsudoise-tourisme.fr\/en\/agenda-animations\/stage-mosaique-4\/\" class=\"seeMore\"><span class=\"sr-only\">See more<\/span><\/a>\n<\/div>\n\n<div class=\"entityItem\" data-trigger=\"wpiris-click\" data-id=\"wpiris-entity-slider-item\">\n    <p class=\"entityItemThumbnail\">\n        <a href=\"https:\/\/www.creilsudoise-tourisme.fr\/en\/agenda-animations\/stage-mosaique-3\/\" nofancybox>\n            <img data-src=\"https:\/\/www.creilsudoise-tourisme.fr\/wp-content\/uploads\/wpetourisme\/1000063457-275x350.jpg\" alt=\"Workshop | Mosaic\">\n        <\/a>\n    <\/p>\n    <div class=\"entityItemContent\">\n        <h2 class=\"entityItemContentTitle\">\n            <a href=\"https:\/\/www.creilsudoise-tourisme.fr\/en\/agenda-animations\/stage-mosaique-3\/\">Workshop | Mosaic<\/a>\n        <\/h2>\n                    <p class=\"entityItemContentType\">Festivals and events<\/p>\n            <\/div>\n    <a href=\"https:\/\/www.creilsudoise-tourisme.fr\/en\/agenda-animations\/stage-mosaique-3\/\" class=\"seeMore\"><span class=\"sr-only\">See more<\/span><\/a>\n<\/div>\n\n<div class=\"entityItem\" data-trigger=\"wpiris-click\" data-id=\"wpiris-entity-slider-item\">\n    <p class=\"entityItemThumbnail\">\n        <a href=\"https:\/\/www.creilsudoise-tourisme.fr\/en\/agenda-animations\/atelier-lithotherapie-2\/\" nofancybox>\n            <img data-src=\"https:\/\/www.creilsudoise-tourisme.fr\/wp-content\/uploads\/wpetourisme\/Fabriquez-votre-bijou-275x350.png\" alt=\"Workshop | Lithotherapy\">\n        <\/a>\n    <\/p>\n    <div class=\"entityItemContent\">\n        <h2 class=\"entityItemContentTitle\">\n            <a href=\"https:\/\/www.creilsudoise-tourisme.fr\/en\/agenda-animations\/atelier-lithotherapie-2\/\">Workshop | Lithotherapy<\/a>\n        <\/h2>\n                    <p class=\"entityItemContentType\">Festivals and events<\/p>\n            <\/div>\n    <a href=\"https:\/\/www.creilsudoise-tourisme.fr\/en\/agenda-animations\/atelier-lithotherapie-2\/\" class=\"seeMore\"><span class=\"sr-only\">See more<\/span><\/a>\n<\/div>\n\n<div class=\"entityItem\" data-trigger=\"wpiris-click\" data-id=\"wpiris-entity-slider-item\">\n    <p class=\"entityItemThumbnail\">\n        <a href=\"https:\/\/www.creilsudoise-tourisme.fr\/en\/agenda-animations\/stained-glass-course-3\/\" nofancybox>\n            <img data-src=\"https:\/\/www.creilsudoise-tourisme.fr\/wp-content\/uploads\/wpetourisme\/Creez-votre-vitrail-275x350.png\" alt=\"Internship | Stained glass\">\n        <\/a>\n    <\/p>\n    <div class=\"entityItemContent\">\n        <h2 class=\"entityItemContentTitle\">\n            <a href=\"https:\/\/www.creilsudoise-tourisme.fr\/en\/agenda-animations\/stained-glass-course-3\/\">Internship | Stained glass<\/a>\n        <\/h2>\n                    <p class=\"entityItemContentType\">Festivals and events<\/p>\n            <\/div>\n    <a href=\"https:\/\/www.creilsudoise-tourisme.fr\/en\/agenda-animations\/stained-glass-course-3\/\" class=\"seeMore\"><span class=\"sr-only\">See more<\/span><\/a>\n<\/div>\n                <\/div>\n\n                \n<div class=\"sliderNav\">\n    <div class=\"sliderNavWrapper\">\n        <p class=\"swiperArrow swiperArrow--next\" data-trigger=\"swiper-next\">\n            <span class=\"sr-only\">Next<\/span>\n        <\/p>\n        <p class=\"swiperArrow swiperArrow--prev\" data-trigger=\"swiper-prev\">\n            <span class=\"sr-only\">Previous<\/span>\n        <\/p>\n    <\/div>\n<\/div>\n            <\/div>\n            <\/div>\n<\/div><\/div>\n\n\n<div class=\"wp-block wp-block-single-sit wp-block-single-sit-coordonnees\" >\n\n            <h2>Access<\/h2>\n    \n    <div class=\"wp-block-media-text is-stacked-on-mobile\">\n\n        <div class=\"wp-block-media-text__media wpet-map-detail\" style=\"width:100%; height: 100%;\">\n            <div class=\"wp-block-media-text__media__content\" id=\"wpetSingleSitMap\" data-wpet-type-map=\"leaflet\" ><\/div>\n        <\/div>\n\n        <div class=\"wp-block-media-text__content\">\n\n                            <p class=\"wp-block-coordonnees__status wp-block-coordonnees__status--close\">\n                    Closed                <\/p>\n            \n            <p class=\"wp-block-media-text__content__address\">\n                                    <strong>Maison de la Pierre<\/strong><br \/>\n                \n                                    22 Jean Jaur\u00e8s Street<br \/>\n                \n                                    <span>60740<\/span>\n                    <span>SAINT-MAXIMIN<\/span><br \/>\n                            <\/p>\n\n                                                <p class=\"wp-block-media-text__content__phone\"><a data-type=\"TEL\" href=\"tel: 33 3 44 61 18 54\">+33 3 44 61 18 54<\/a><\/p>\n                            \n            <a href=\"https:\/\/www.google.fr\/maps?saddr&#038;daddr=49.2224151,2.4444556\" target=\"_blank\" class=\"button GtmButtonCalculItinerairePrestataire\" rel=\"noopener noreferrer\">Calculate my route<\/a>\n        <\/div>\n    <\/div>\n<\/div>\n\n\n    <div class=\"wp-block wp-block-single-sit wp-block-single-sit-ouvertures\" id=\"opening\">\n\n                    <h2>Opening<\/h2>\n        \n        \t<div class=\"wpetTableList\" >\n                <div data-id=\"wpet-table-slider-wrapper\">\n\t\t    \t\t\t\t\t\t<div class=\"wpetTableContainer\" >\n\t\t\t\t<table class=\"wpetTable wpTable--opening\">\n\t\t\t\t\t<thead class=\"wpetTableHeader\">\n\t\t\t\t\t<tr>\n\t\t\t\t\t\t<td colspan=\"2\">\n\t\t\t\t\t\t\t\t\t\t\t\t\t\t\tDu 01 January au 30 June\t\t\t\t\t\t\t\t\t\t\t\t\t<\/td>\n\t\t\t\t\t<\/tr>\n\t\t\t\t\t<\/thead>\n\t\t\t\t\t\t\t\t\t\t\t\t\t\t\t\t\t\t<tr class=\"wpetTableLine\">\n\t\t\t\t\t\t\t\t<td class=\"wpetTableCell\">Monday<\/td>\n\t\t\t\t\t\t\t\t<td class=\"wpetTableCell\">Closed<\/td>\n\t\t\t\t\t\t\t<\/tr>\n\t\t\t\t\t\t\t\t\t\t\t\t\t\t\t\t\t\t\t\t\t\t\t\t<tr class=\"wpetTableLine\">\n\t\t\t\t\t\t\t\t<td class=\"wpetTableCell\">Tuesday<\/td>\n\t\t\t\t\t\t\t\t<td class=\"wpetTableCell\">Closed<\/td>\n\t\t\t\t\t\t\t<\/tr>\n\t\t\t\t\t\t\t\t\t\t\t\t\t\t\t\t\t\t\t\t\t\t\t\t<tr class=\"wpetTableLine\">\n\t\t\t\t\t\t\t\t<td class=\"wpetTableCell\">Wednesday<\/td>\n\t\t\t\t\t\t\t\t<td class=\"wpetTableCell\">Closed<\/td>\n\t\t\t\t\t\t\t<\/tr>\n\t\t\t\t\t\t\t\t\t\t\t\t\t\t\t\t\t\t\t\t\t\t\t\t<tr class=\"wpetTableLine\">\n\t\t\t\t\t\t\t\t<td class=\"wpetTableCell\">Thursday<\/td>\n\t\t\t\t\t\t\t\t<td class=\"wpetTableCell\">Closed<\/td>\n\t\t\t\t\t\t\t<\/tr>\n\t\t\t\t\t\t\t\t\t\t\t\t\t\t\t\t\t\t\t\t\t\t\t\t<tr class=\"wpetTableLine\">\n\t\t\t\t\t\t\t\t<td class=\"wpetTableCell\">Friday<\/td>\n\t\t\t\t\t\t\t\t<td class=\"wpetTableCell\">Closed<\/td>\n\t\t\t\t\t\t\t<\/tr>\n\t\t\t\t\t\t\t\t\t\t\t\t\t\t\t\t\t\t\t\t\t\t\t\t<tr class=\"wpetTableLine\">\n\t\t\t\t\t\t\t\t<td class=\"wpetTableCell\">Saturday<\/td>\n\t\t\t\t\t\t\t\t<td class=\"wpetTableCell\">Closed<\/td>\n\t\t\t\t\t\t\t<\/tr>\n\t\t\t\t\t\t\t\t\t\t\t\t\t\t\t\t\t\t\t\t\t\t\t\t<tr class=\"wpetTableLine\">\n\t\t\t\t\t\t\t\t<td class=\"wpetTableCell\">Sunday<\/td>\n\t\t\t\t\t\t\t\t<td class=\"wpetTableCell\">Closed<\/td>\n\t\t\t\t\t\t\t<\/tr>\n\t\t\t\t\t\t\t\t\t\t\t\t\t\t\t<\/table>\n\t\t\t<\/div>\n\t\t        <\/div>\n\t<\/div>\n\n    <\/div>\n\n\n\n    <div class=\"wp-block wp-block-single-sit wp-block-single-sit-tarifs\">\n\n                    <h2>Prices<\/h2>\n        \n        \n    <table class=\"wpetTable\">\n                    <tr class=\"wpetTableLine\">\n                <td class=\"wpetTableCell\">\n                    Adult price                                            <span class=\"wpetTableCell--complement entryMeta\">Guided tour of the underground quarry<\/span>\n                                    <\/td>\n                <td class=\"wpetTableCell\">7 \u20ac<\/td>\n            <\/tr>\n                    <tr class=\"wpetTableLine\">\n                <td class=\"wpetTableCell\">\n                    Other price                                            <span class=\"wpetTableCell--complement entryMeta\">tarif \u00e0 partir de&#8230; pour les stages artistiques<\/span>\n                                    <\/td>\n                <td class=\"wpetTableCell\">31 \u20ac<\/td>\n            <\/tr>\n                    <tr class=\"wpetTableLine\">\n                <td class=\"wpetTableCell\">\n                    Reduced adult rate                                            <span class=\"wpetTableCell--complement entryMeta\">Guided tour ACSO residents, Unemployed, Disabled<\/span>\n                                    <\/td>\n                <td class=\"wpetTableCell\">5 \u20ac<\/td>\n            <\/tr>\n                    <tr class=\"wpetTableLine\">\n                <td class=\"wpetTableCell\">\n                    Child price                                            <span class=\"wpetTableCell--complement entryMeta\">Guided tour of the underground quarry 5-17 years<\/span>\n                                    <\/td>\n                <td class=\"wpetTableCell\">5 \u20ac<\/td>\n            <\/tr>\n            <\/table>\n\n\n    \n    \n    \n    \n    <\/div>\n\n\n\n\n<hr class=\"wp-block-separator has-alpha-channel-opacity\"\/>\n\n\n<div class=\"wp-block wp-block-highlight\">\n            <h3 class=\"wp-block-highlight-item wp-block-highlight-title\">Want to find out more?<\/h3>\n                <p class=\"wp-block-highlight-item wp-block-highlight-excerpt\">This beautiful report was written to coincide with the release of the brand new<strong> Creil Sud Oise Tourisme's first Destination Magazine<\/strong>.<br>Inside, n<strong>umerous other articles<\/strong> will take you to meet <strong>local figures<\/strong> and offer <strong>ideas for outings!<\/strong><br><strong>Order at<\/strong> to receive it in hard copy!<br><strong><a href=\"https:\/\/www.creilsudoise-tourisme.fr\/en\/practice\/brochures\/\" target=\"_blank\" rel=\"noreferrer noopener\">Click here to order<\/a><\/strong><\/p>\n    <\/div>","protected":false},"excerpt":{"rendered":"<p>At Saint-Maximin, just a few kilometres from Chantilly, the Maison de la Pierre tells the story of a thousand years of stonework, little known to the general public. Today, the reputation of the region's stone goes hand in hand with the great Haussmann building projects of the 19th century and older structures. Saint Peter's Church and Senlis Cathedral, Vaux-le-Vicomte Castle... you name it!<\/p>","protected":false},"author":3,"featured_media":54065,"comment_status":"closed","ping_status":"closed","sticky":false,"template":"","format":"standard","meta":{"_relevanssi_hide_post":"","_relevanssi_hide_content":"","_relevanssi_pin_for_all":"","_relevanssi_pin_keywords":"","_relevanssi_unpin_keywords":"","_relevanssi_related_keywords":"","_relevanssi_related_include_ids":"","_relevanssi_related_exclude_ids":"","_relevanssi_related_no_append":"","_relevanssi_related_not_related":"","_relevanssi_related_posts":"41674,39613,39315,53601,40454,41664","_relevanssi_noindex_reason":""},"categories":[10],"tags":[],"yoast_head":"<!-- This site is optimized with the Yoast SEO plugin v20.2.1 - https:\/\/yoast.com\/wordpress\/plugins\/seo\/ -->\n<title>La Maison de la Pierre, histoires d\u2019hommes &amp; de territoire<\/title>\n<meta name=\"description\" content=\"Rencontre avec Claude, passionn\u00e9 d&#039;exploration en carri\u00e8re souterraine, carrier, fils et petit-fils de carrier \u00e0 Saint-Maximin dans l&#039;Oise\" \/>\n<meta name=\"robots\" content=\"index, follow, max-snippet:-1, max-image-preview:large, max-video-preview:-1\" \/>\n<link rel=\"canonical\" href=\"https:\/\/www.creilsudoise-tourisme.fr\/en\/2024\/05\/24\/claude-boufflet\/\" \/>\n<meta property=\"og:locale\" content=\"en_GB\" \/>\n<meta property=\"og:type\" content=\"article\" \/>\n<meta property=\"og:title\" content=\"La Maison de la Pierre, histoires d\u2019hommes &amp; de territoire\" \/>\n<meta property=\"og:description\" content=\"Rencontre avec Claude, passionn\u00e9 d&#039;exploration en carri\u00e8re souterraine, carrier, fils et petit-fils de carrier \u00e0 Saint-Maximin dans l&#039;Oise\" \/>\n<meta property=\"og:url\" content=\"https:\/\/www.creilsudoise-tourisme.fr\/en\/2024\/05\/24\/claude-boufflet\/\" \/>\n<meta property=\"og:site_name\" content=\"Office de Tourisme Creil Sud Oise\" \/>\n<meta property=\"article:publisher\" content=\"https:\/\/www.facebook.com\/creilsudoisetourisme\/\" \/>\n<meta property=\"article:published_time\" content=\"2024-05-24T09:16:35+00:00\" \/>\n<meta property=\"article:modified_time\" content=\"2024-07-02T08:40:05+00:00\" \/>\n<meta property=\"og:image\" content=\"https:\/\/www.creilsudoise-tourisme.fr\/wp-content\/uploads\/2024\/05\/Claude-Boufflet-\u00a9-Creil-Sud-Oise-Tourisme-2.jpg\" \/>\n\t<meta property=\"og:image:width\" content=\"640\" \/>\n\t<meta property=\"og:image:height\" content=\"960\" \/>\n\t<meta property=\"og:image:type\" content=\"image\/jpeg\" \/>\n<meta name=\"author\" content=\"fdubut\" \/>\n<meta name=\"twitter:card\" content=\"summary_large_image\" \/>\n<meta name=\"twitter:creator\" content=\"@CreilSudOiseOT\" \/>\n<meta name=\"twitter:site\" content=\"@CreilSudOiseOT\" \/>\n<meta name=\"twitter:label1\" content=\"Written by\" \/>\n\t<meta name=\"twitter:data1\" content=\"fdubut\" \/>\n\t<meta name=\"twitter:label2\" content=\"Estimated reading time\" \/>\n\t<meta name=\"twitter:data2\" content=\"5 minutes\" \/>\n<script type=\"application\/ld+json\" class=\"yoast-schema-graph\">{\"@context\":\"https:\/\/schema.org\",\"@graph\":[{\"@type\":\"Article\",\"@id\":\"https:\/\/www.creilsudoise-tourisme.fr\/2024\/05\/24\/claude-boufflet\/#article\",\"isPartOf\":{\"@id\":\"https:\/\/www.creilsudoise-tourisme.fr\/2024\/05\/24\/claude-boufflet\/\"},\"author\":{\"name\":\"fdubut\",\"@id\":\"https:\/\/www.creilsudoise-tourisme.fr\/#\/schema\/person\/c5140d47645b13bee896bfe05f1bd5da\"},\"headline\":\"La Maison de la Pierre, histoires d\u2019hommes &#038; de territoire\",\"datePublished\":\"2024-05-24T09:16:35+00:00\",\"dateModified\":\"2024-07-02T08:40:05+00:00\",\"mainEntityOfPage\":{\"@id\":\"https:\/\/www.creilsudoise-tourisme.fr\/2024\/05\/24\/claude-boufflet\/\"},\"wordCount\":1082,\"publisher\":{\"@id\":\"https:\/\/www.creilsudoise-tourisme.fr\/#organization\"},\"articleSection\":[\"Nos ambassadeurs\"],\"inLanguage\":\"en-GB\"},{\"@type\":\"WebPage\",\"@id\":\"https:\/\/www.creilsudoise-tourisme.fr\/2024\/05\/24\/claude-boufflet\/\",\"url\":\"https:\/\/www.creilsudoise-tourisme.fr\/2024\/05\/24\/claude-boufflet\/\",\"name\":\"La Maison de la Pierre, histoires d\u2019hommes & de territoire\",\"isPartOf\":{\"@id\":\"https:\/\/www.creilsudoise-tourisme.fr\/#website\"},\"datePublished\":\"2024-05-24T09:16:35+00:00\",\"dateModified\":\"2024-07-02T08:40:05+00:00\",\"description\":\"Rencontre avec Claude, passionn\u00e9 d'exploration en carri\u00e8re souterraine, carrier, fils et petit-fils de carrier \u00e0 Saint-Maximin dans l'Oise\",\"breadcrumb\":{\"@id\":\"https:\/\/www.creilsudoise-tourisme.fr\/2024\/05\/24\/claude-boufflet\/#breadcrumb\"},\"inLanguage\":\"en-GB\",\"potentialAction\":[{\"@type\":\"ReadAction\",\"target\":[\"https:\/\/www.creilsudoise-tourisme.fr\/2024\/05\/24\/claude-boufflet\/\"]}]},{\"@type\":\"BreadcrumbList\",\"@id\":\"https:\/\/www.creilsudoise-tourisme.fr\/2024\/05\/24\/claude-boufflet\/#breadcrumb\",\"itemListElement\":[{\"@type\":\"ListItem\",\"position\":1,\"name\":\"Accueil\",\"item\":\"https:\/\/www.creilsudoise-tourisme.fr\/\"},{\"@type\":\"ListItem\",\"position\":2,\"name\":\"La Maison de la Pierre, histoires d\u2019hommes &#038; de territoire\"}]},{\"@type\":\"WebSite\",\"@id\":\"https:\/\/www.creilsudoise-tourisme.fr\/#website\",\"url\":\"https:\/\/www.creilsudoise-tourisme.fr\/\",\"name\":\"Office de Tourisme Creil Sud Oise\",\"description\":\"Creil Sud Oise Tourisme, un territoire \u00e0 explorer !\",\"publisher\":{\"@id\":\"https:\/\/www.creilsudoise-tourisme.fr\/#organization\"},\"potentialAction\":[{\"@type\":\"SearchAction\",\"target\":{\"@type\":\"EntryPoint\",\"urlTemplate\":\"https:\/\/www.creilsudoise-tourisme.fr\/?s={search_term_string}\"},\"query-input\":\"required name=search_term_string\"}],\"inLanguage\":\"en-GB\"},{\"@type\":\"Organization\",\"@id\":\"https:\/\/www.creilsudoise-tourisme.fr\/#organization\",\"name\":\"Creil Sud Oise Tourisme\",\"url\":\"https:\/\/www.creilsudoise-tourisme.fr\/\",\"logo\":{\"@type\":\"ImageObject\",\"inLanguage\":\"en-GB\",\"@id\":\"https:\/\/www.creilsudoise-tourisme.fr\/#\/schema\/logo\/image\/\",\"url\":\"https:\/\/www.creilsudoise-tourisme.fr\/wp-content\/uploads\/2021\/05\/logo-svg.png\",\"contentUrl\":\"https:\/\/www.creilsudoise-tourisme.fr\/wp-content\/uploads\/2021\/05\/logo-svg.png\",\"width\":182,\"height\":71,\"caption\":\"Creil Sud Oise Tourisme\"},\"image\":{\"@id\":\"https:\/\/www.creilsudoise-tourisme.fr\/#\/schema\/logo\/image\/\"},\"sameAs\":[\"https:\/\/www.facebook.com\/creilsudoisetourisme\/\",\"https:\/\/twitter.com\/CreilSudOiseOT\",\"https:\/\/www.instagram.com\/creilsudoisetourisme\/\",\"https:\/\/www.youtube.com\/channel\/UC8L_QD2wwyADW14zt9fY8kw\"]},{\"@type\":\"Person\",\"@id\":\"https:\/\/www.creilsudoise-tourisme.fr\/#\/schema\/person\/c5140d47645b13bee896bfe05f1bd5da\",\"name\":\"fdubut\",\"image\":{\"@type\":\"ImageObject\",\"inLanguage\":\"en-GB\",\"@id\":\"https:\/\/www.creilsudoise-tourisme.fr\/#\/schema\/person\/image\/\",\"url\":\"https:\/\/secure.gravatar.com\/avatar\/c49bb61337bf4556cafdbcb92c18618d?s=96&d=mm&r=g\",\"contentUrl\":\"https:\/\/secure.gravatar.com\/avatar\/c49bb61337bf4556cafdbcb92c18618d?s=96&d=mm&r=g\",\"caption\":\"fdubut\"},\"url\":\"https:\/\/www.creilsudoise-tourisme.fr\/en\/auteur\/fdubut\/\"}]}<\/script>\n<!-- \/ Yoast SEO plugin. -->","yoast_head_json":{"title":"La Maison de la Pierre, histoires d\u2019hommes & de territoire","description":"Rencontre avec Claude, passionn\u00e9 d'exploration en carri\u00e8re souterraine, carrier, fils et petit-fils de carrier \u00e0 Saint-Maximin dans l'Oise","robots":{"index":"index","follow":"follow","max-snippet":"max-snippet:-1","max-image-preview":"max-image-preview:large","max-video-preview":"max-video-preview:-1"},"canonical":"https:\/\/www.creilsudoise-tourisme.fr\/en\/2024\/05\/24\/claude-boufflet\/","og_locale":"en_GB","og_type":"article","og_title":"La Maison de la Pierre, histoires d\u2019hommes & de territoire","og_description":"Rencontre avec Claude, passionn\u00e9 d'exploration en carri\u00e8re souterraine, carrier, fils et petit-fils de carrier \u00e0 Saint-Maximin dans l'Oise","og_url":"https:\/\/www.creilsudoise-tourisme.fr\/en\/2024\/05\/24\/claude-boufflet\/","og_site_name":"Office de Tourisme Creil Sud Oise","article_publisher":"https:\/\/www.facebook.com\/creilsudoisetourisme\/","article_published_time":"2024-05-24T09:16:35+00:00","article_modified_time":"2024-07-02T08:40:05+00:00","og_image":[{"width":640,"height":960,"url":"https:\/\/www.creilsudoise-tourisme.fr\/wp-content\/uploads\/2024\/05\/Claude-Boufflet-\u00a9-Creil-Sud-Oise-Tourisme-2.jpg","type":"image\/jpeg"}],"author":"fdubut","twitter_card":"summary_large_image","twitter_creator":"@CreilSudOiseOT","twitter_site":"@CreilSudOiseOT","twitter_misc":{"Written by":"fdubut","Estimated reading time":"5 minutes"},"schema":{"@context":"https:\/\/schema.org","@graph":[{"@type":"Article","@id":"https:\/\/www.creilsudoise-tourisme.fr\/2024\/05\/24\/claude-boufflet\/#article","isPartOf":{"@id":"https:\/\/www.creilsudoise-tourisme.fr\/2024\/05\/24\/claude-boufflet\/"},"author":{"name":"fdubut","@id":"https:\/\/www.creilsudoise-tourisme.fr\/#\/schema\/person\/c5140d47645b13bee896bfe05f1bd5da"},"headline":"La Maison de la Pierre, histoires d\u2019hommes &#038; de territoire","datePublished":"2024-05-24T09:16:35+00:00","dateModified":"2024-07-02T08:40:05+00:00","mainEntityOfPage":{"@id":"https:\/\/www.creilsudoise-tourisme.fr\/2024\/05\/24\/claude-boufflet\/"},"wordCount":1082,"publisher":{"@id":"https:\/\/www.creilsudoise-tourisme.fr\/#organization"},"articleSection":["Nos ambassadeurs"],"inLanguage":"en-GB"},{"@type":"WebPage","@id":"https:\/\/www.creilsudoise-tourisme.fr\/2024\/05\/24\/claude-boufflet\/","url":"https:\/\/www.creilsudoise-tourisme.fr\/2024\/05\/24\/claude-boufflet\/","name":"La Maison de la Pierre, histoires d\u2019hommes & de territoire","isPartOf":{"@id":"https:\/\/www.creilsudoise-tourisme.fr\/#website"},"datePublished":"2024-05-24T09:16:35+00:00","dateModified":"2024-07-02T08:40:05+00:00","description":"Rencontre avec Claude, passionn\u00e9 d'exploration en carri\u00e8re souterraine, carrier, fils et petit-fils de carrier \u00e0 Saint-Maximin dans l'Oise","breadcrumb":{"@id":"https:\/\/www.creilsudoise-tourisme.fr\/2024\/05\/24\/claude-boufflet\/#breadcrumb"},"inLanguage":"en-GB","potentialAction":[{"@type":"ReadAction","target":["https:\/\/www.creilsudoise-tourisme.fr\/2024\/05\/24\/claude-boufflet\/"]}]},{"@type":"BreadcrumbList","@id":"https:\/\/www.creilsudoise-tourisme.fr\/2024\/05\/24\/claude-boufflet\/#breadcrumb","itemListElement":[{"@type":"ListItem","position":1,"name":"Accueil","item":"https:\/\/www.creilsudoise-tourisme.fr\/"},{"@type":"ListItem","position":2,"name":"La Maison de la Pierre, histoires d\u2019hommes &#038; de territoire"}]},{"@type":"WebSite","@id":"https:\/\/www.creilsudoise-tourisme.fr\/#website","url":"https:\/\/www.creilsudoise-tourisme.fr\/","name":"Office de Tourisme Creil Sud Oise","description":"Creil Sud Oise Tourisme, un territoire \u00e0 explorer !","publisher":{"@id":"https:\/\/www.creilsudoise-tourisme.fr\/#organization"},"potentialAction":[{"@type":"SearchAction","target":{"@type":"EntryPoint","urlTemplate":"https:\/\/www.creilsudoise-tourisme.fr\/?s={search_term_string}"},"query-input":"required name=search_term_string"}],"inLanguage":"en-GB"},{"@type":"Organization","@id":"https:\/\/www.creilsudoise-tourisme.fr\/#organization","name":"Creil Sud Oise Tourisme","url":"https:\/\/www.creilsudoise-tourisme.fr\/","logo":{"@type":"ImageObject","inLanguage":"en-GB","@id":"https:\/\/www.creilsudoise-tourisme.fr\/#\/schema\/logo\/image\/","url":"https:\/\/www.creilsudoise-tourisme.fr\/wp-content\/uploads\/2021\/05\/logo-svg.png","contentUrl":"https:\/\/www.creilsudoise-tourisme.fr\/wp-content\/uploads\/2021\/05\/logo-svg.png","width":182,"height":71,"caption":"Creil Sud Oise Tourisme"},"image":{"@id":"https:\/\/www.creilsudoise-tourisme.fr\/#\/schema\/logo\/image\/"},"sameAs":["https:\/\/www.facebook.com\/creilsudoisetourisme\/","https:\/\/twitter.com\/CreilSudOiseOT","https:\/\/www.instagram.com\/creilsudoisetourisme\/","https:\/\/www.youtube.com\/channel\/UC8L_QD2wwyADW14zt9fY8kw"]},{"@type":"Person","@id":"https:\/\/www.creilsudoise-tourisme.fr\/#\/schema\/person\/c5140d47645b13bee896bfe05f1bd5da","name":"fdubut","image":{"@type":"ImageObject","inLanguage":"en-GB","@id":"https:\/\/www.creilsudoise-tourisme.fr\/#\/schema\/person\/image\/","url":"https:\/\/secure.gravatar.com\/avatar\/c49bb61337bf4556cafdbcb92c18618d?s=96&d=mm&r=g","contentUrl":"https:\/\/secure.gravatar.com\/avatar\/c49bb61337bf4556cafdbcb92c18618d?s=96&d=mm&r=g","caption":"fdubut"},"url":"https:\/\/www.creilsudoise-tourisme.fr\/en\/auteur\/fdubut\/"}]}},"_links":{"self":[{"href":"https:\/\/www.creilsudoise-tourisme.fr\/en\/wp-json\/wp\/v2\/posts\/54043"}],"collection":[{"href":"https:\/\/www.creilsudoise-tourisme.fr\/en\/wp-json\/wp\/v2\/posts"}],"about":[{"href":"https:\/\/www.creilsudoise-tourisme.fr\/en\/wp-json\/wp\/v2\/types\/post"}],"author":[{"embeddable":true,"href":"https:\/\/www.creilsudoise-tourisme.fr\/en\/wp-json\/wp\/v2\/users\/3"}],"replies":[{"embeddable":true,"href":"https:\/\/www.creilsudoise-tourisme.fr\/en\/wp-json\/wp\/v2\/comments?post=54043"}],"version-history":[{"count":9,"href":"https:\/\/www.creilsudoise-tourisme.fr\/en\/wp-json\/wp\/v2\/posts\/54043\/revisions"}],"predecessor-version":[{"id":54117,"href":"https:\/\/www.creilsudoise-tourisme.fr\/en\/wp-json\/wp\/v2\/posts\/54043\/revisions\/54117"}],"wp:featuredmedia":[{"embeddable":true,"href":"https:\/\/www.creilsudoise-tourisme.fr\/en\/wp-json\/wp\/v2\/media\/54065"}],"wp:attachment":[{"href":"https:\/\/www.creilsudoise-tourisme.fr\/en\/wp-json\/wp\/v2\/media?parent=54043"}],"wp:term":[{"taxonomy":"category","embeddable":true,"href":"https:\/\/www.creilsudoise-tourisme.fr\/en\/wp-json\/wp\/v2\/categories?post=54043"},{"taxonomy":"post_tag","embeddable":true,"href":"https:\/\/www.creilsudoise-tourisme.fr\/en\/wp-json\/wp\/v2\/tags?post=54043"}],"curies":[{"name":"wp","href":"https:\/\/api.w.org\/{rel}","templated":true}]}}