{"id":53601,"date":"2024-04-26T11:58:14","date_gmt":"2024-04-26T09:58:14","guid":{"rendered":"https:\/\/www.creilsudoise-tourisme.fr\/?p=53601"},"modified":"2024-07-02T10:40:12","modified_gmt":"2024-07-02T08:40:12","slug":"nicolas-bilot","status":"publish","type":"post","link":"https:\/\/www.creilsudoise-tourisme.fr\/en\/2024\/04\/26\/nicolas-bilot\/","title":{"rendered":"Creil Castle: a lost treasure"},"content":{"rendered":"<p class=\"is-style-excerpt\">What's left of <strong>monumental castle overlooking Creil <\/strong>in the Middle Ages? <strong>Nicolas Bilot, archaeologist <\/strong>a member of the SDAO (Service D\u00e9partemental d'Arch\u00e9ologie de l'Oise) and founder of Aquilon, a firm specialising in heritage studies and development, takes us on a journey of discovery through the history of the Oise region. <strong>the remains of this radiant but little-known past.<\/strong><\/p>\n\n\n\n<h2><strong>Creil: a strategic and royal town<\/strong><\/h2>\n\n\n\n<div class=\"is-layout-flex wp-container-3 wp-block-columns\">\n<div class=\"is-layout-flow wp-block-column\" style=\"flex-basis:33.33%\">\n<figure class=\"wp-block-image size-large\"><img decoding=\"async\" loading=\"lazy\" width=\"1200\" height=\"1180\" data-src=\"https:\/\/www.creilsudoise-tourisme.fr\/wp-content\/uploads\/2024\/04\/Nicolas_Bilot-1-1200x1180.jpg\" alt=\"tower history creil ch\u00e2teau Nicolas Bilot archaeology\" class=\"wp-image-53618\" data-srcset=\"https:\/\/www.creilsudoise-tourisme.fr\/wp-content\/uploads\/2024\/04\/Nicolas_Bilot-1-1200x1180.jpg 1200w, https:\/\/www.creilsudoise-tourisme.fr\/wp-content\/uploads\/2024\/04\/Nicolas_Bilot-1-600x590.jpg 600w, https:\/\/www.creilsudoise-tourisme.fr\/wp-content\/uploads\/2024\/04\/Nicolas_Bilot-1-900x885.jpg 900w, https:\/\/www.creilsudoise-tourisme.fr\/wp-content\/uploads\/2024\/04\/Nicolas_Bilot-1-12x12.jpg 12w, https:\/\/www.creilsudoise-tourisme.fr\/wp-content\/uploads\/2024\/04\/Nicolas_Bilot-1-200x197.jpg 200w, https:\/\/www.creilsudoise-tourisme.fr\/wp-content\/uploads\/2024\/04\/Nicolas_Bilot-1-650x639.jpg 650w, https:\/\/www.creilsudoise-tourisme.fr\/wp-content\/uploads\/2024\/04\/Nicolas_Bilot-1-387x381.jpg 387w, https:\/\/www.creilsudoise-tourisme.fr\/wp-content\/uploads\/2024\/04\/Nicolas_Bilot-1.jpg 1205w\" sizes=\"(max-width: 1200px) 100vw, 1200px\" \/><figcaption class=\"wp-element-caption\">Diane Maat<\/figcaption><\/figure>\n<\/div>\n\n\n\n<div class=\"is-layout-flow wp-block-column\" style=\"flex-basis:66.66%\">\n<p>Surprising as it may seem,<strong> there was a large medieval castle in Creil, on the \u00cele Saint-Maurice.<\/strong> It stood on the site of the town hall and the <a href=\"https:\/\/www.creilsudoise-tourisme.fr\/en\/jexplore\/must-haves\/musee-galle-juillet-2\/\" target=\"_blank\" rel=\"noreferrer noopener\">Mus\u00e9e Gall\u00e9-Juillet<\/a>The ch\u00e2teau was built in the style of the Ch\u00e2teau de Pierrefonds, which included the home of this Creillois family as well as the Maison de la Fa\u00efence. Nicolas Bilot now believes that it was just like the Ch\u00e2teau de Pierrefonds, built a few decades later.<\/p>\n<\/div>\n<\/div>\n\n\n\n<p>In the Middle Ages, this site was <strong>strategic <\/strong>For several reasons: \"The first was that it controlled the Oise, at a time when most goods were being transported by waterway,\" explains the archaeologist. \"It connected to Rouen and linked to Paris via the Seine, which meant that Creil became a hinterland port for the capital. A major issue for the food supply: \"The Oise is a cereal-growing area with high yields, and Paris being a gigantic belly, it is part of Paris's granary. So there's a huge economic stake in Creil and its castle.<\/p>\n\n\n\n<p>\u00cele Saint-Maurice also had a defensive role to play: \"If you control the island, you control navigation on the Oise,\" explains Nicolas Bilot. It was the ideal location to counter invasions from the north, which were often English at the time.<\/p>\n\n\n\n<h2><strong>What did this medieval castle look like?<\/strong><\/h2>\n\n\n\n<p>It's at 12<sup>th<\/sup> It was in the 16th century that the Counts of Clermont commissioned the first castle in Creil. The town of Clermont had greatly enriched itself thanks to the trade routes to Beauvais, Soissons and Arras... In order to keep control of trade and passageways, they decided to build a castle on the banks of the River Oise.<\/p>\n\n\n\n<figure class=\"wp-block-image size-large\"><img decoding=\"async\" loading=\"lazy\" width=\"1200\" height=\"675\" data-src=\"https:\/\/www.creilsudoise-tourisme.fr\/wp-content\/uploads\/2024\/04\/Chateau_Creil-4-1200x675.jpg\" alt=\"tower history creil ch\u00e2teau Nicolas Bilot archaeology\" class=\"wp-image-53622\" data-srcset=\"https:\/\/www.creilsudoise-tourisme.fr\/wp-content\/uploads\/2024\/04\/Chateau_Creil-4-1200x675.jpg 1200w, https:\/\/www.creilsudoise-tourisme.fr\/wp-content\/uploads\/2024\/04\/Chateau_Creil-4-600x338.jpg 600w, https:\/\/www.creilsudoise-tourisme.fr\/wp-content\/uploads\/2024\/04\/Chateau_Creil-4-900x506.jpg 900w, https:\/\/www.creilsudoise-tourisme.fr\/wp-content\/uploads\/2024\/04\/Chateau_Creil-4-1536x864.jpg 1536w, https:\/\/www.creilsudoise-tourisme.fr\/wp-content\/uploads\/2024\/04\/Chateau_Creil-4-18x10.jpg 18w, https:\/\/www.creilsudoise-tourisme.fr\/wp-content\/uploads\/2024\/04\/Chateau_Creil-4-200x113.jpg 200w, https:\/\/www.creilsudoise-tourisme.fr\/wp-content\/uploads\/2024\/04\/Chateau_Creil-4-1600x900.jpg 1600w, https:\/\/www.creilsudoise-tourisme.fr\/wp-content\/uploads\/2024\/04\/Chateau_Creil-4-650x366.jpg 650w, https:\/\/www.creilsudoise-tourisme.fr\/wp-content\/uploads\/2024\/04\/Chateau_Creil-4-387x218.jpg 387w, https:\/\/www.creilsudoise-tourisme.fr\/wp-content\/uploads\/2024\/04\/Chateau_Creil-4.jpg 1920w\" sizes=\"(max-width: 1200px) 100vw, 1200px\" \/><figcaption class=\"wp-element-caption\">City of Creil<\/figcaption><\/figure>\n\n\n\n<p>For building purposes, the counts used Creil limestone: \"There's not just the Saint-Maximin quarry,\" says Nicolas Bilot, \"Creil was a quarry for a long time. The archaeologist goes on to highlight the two special features of these stones: \"&nbsp;<strong>The limestone of the Oise is among the best in the world.<\/strong>&nbsp;\"Inside, there is also \"veined limestone, with a natural pink tinge. These stones have a rare aesthetic quality.<\/p>\n\n\n\n<p>The castle became even more important when the county of Clermont became part of the French crown in the 13th century.<sup>th<\/sup> century. <strong>Nicolas Bilot asserts that the kings \"kept Creil castle for themselves because they considered it to be a strategic castle, but also a symbolic one\".<\/strong><\/p>\n\n\n\n<figure class=\"is-layout-flex wp-block-gallery-4 wp-block-gallery has-nested-images columns-default is-cropped\">\n<figure class=\"wp-block-image size-large\"><img decoding=\"async\" loading=\"lazy\" width=\"1200\" height=\"675\" data-id=\"53627\"  data-src=\"https:\/\/www.creilsudoise-tourisme.fr\/wp-content\/uploads\/2024\/04\/Chateau_Creil-9-1200x675.jpg\" alt=\"tower history creil ch\u00e2teau Nicolas Bilot archaeology\" class=\"wp-image-53627\" data-srcset=\"https:\/\/www.creilsudoise-tourisme.fr\/wp-content\/uploads\/2024\/04\/Chateau_Creil-9-1200x675.jpg 1200w, https:\/\/www.creilsudoise-tourisme.fr\/wp-content\/uploads\/2024\/04\/Chateau_Creil-9-600x338.jpg 600w, https:\/\/www.creilsudoise-tourisme.fr\/wp-content\/uploads\/2024\/04\/Chateau_Creil-9-900x506.jpg 900w, https:\/\/www.creilsudoise-tourisme.fr\/wp-content\/uploads\/2024\/04\/Chateau_Creil-9-1536x864.jpg 1536w, https:\/\/www.creilsudoise-tourisme.fr\/wp-content\/uploads\/2024\/04\/Chateau_Creil-9-18x10.jpg 18w, https:\/\/www.creilsudoise-tourisme.fr\/wp-content\/uploads\/2024\/04\/Chateau_Creil-9-200x113.jpg 200w, https:\/\/www.creilsudoise-tourisme.fr\/wp-content\/uploads\/2024\/04\/Chateau_Creil-9-1600x900.jpg 1600w, https:\/\/www.creilsudoise-tourisme.fr\/wp-content\/uploads\/2024\/04\/Chateau_Creil-9-650x366.jpg 650w, https:\/\/www.creilsudoise-tourisme.fr\/wp-content\/uploads\/2024\/04\/Chateau_Creil-9-387x218.jpg 387w, https:\/\/www.creilsudoise-tourisme.fr\/wp-content\/uploads\/2024\/04\/Chateau_Creil-9.jpg 1920w\" sizes=\"(max-width: 1200px) 100vw, 1200px\" \/><figcaption class=\"wp-element-caption\">City of Creil<\/figcaption><\/figure>\n\n\n\n<figure class=\"wp-block-image size-large\"><img decoding=\"async\" loading=\"lazy\" width=\"1200\" height=\"675\" data-id=\"53623\"  data-src=\"https:\/\/www.creilsudoise-tourisme.fr\/wp-content\/uploads\/2024\/04\/Chateau_Creil-5-1200x675.jpg\" alt=\"tower history creil ch\u00e2teau Nicolas Bilot archaeology\" class=\"wp-image-53623\" data-srcset=\"https:\/\/www.creilsudoise-tourisme.fr\/wp-content\/uploads\/2024\/04\/Chateau_Creil-5-1200x675.jpg 1200w, https:\/\/www.creilsudoise-tourisme.fr\/wp-content\/uploads\/2024\/04\/Chateau_Creil-5-600x338.jpg 600w, https:\/\/www.creilsudoise-tourisme.fr\/wp-content\/uploads\/2024\/04\/Chateau_Creil-5-900x506.jpg 900w, https:\/\/www.creilsudoise-tourisme.fr\/wp-content\/uploads\/2024\/04\/Chateau_Creil-5-1536x864.jpg 1536w, https:\/\/www.creilsudoise-tourisme.fr\/wp-content\/uploads\/2024\/04\/Chateau_Creil-5-18x10.jpg 18w, https:\/\/www.creilsudoise-tourisme.fr\/wp-content\/uploads\/2024\/04\/Chateau_Creil-5-200x113.jpg 200w, https:\/\/www.creilsudoise-tourisme.fr\/wp-content\/uploads\/2024\/04\/Chateau_Creil-5-1600x900.jpg 1600w, https:\/\/www.creilsudoise-tourisme.fr\/wp-content\/uploads\/2024\/04\/Chateau_Creil-5-650x366.jpg 650w, https:\/\/www.creilsudoise-tourisme.fr\/wp-content\/uploads\/2024\/04\/Chateau_Creil-5-387x218.jpg 387w, https:\/\/www.creilsudoise-tourisme.fr\/wp-content\/uploads\/2024\/04\/Chateau_Creil-5.jpg 1920w\" sizes=\"(max-width: 1200px) 100vw, 1200px\" \/><figcaption class=\"wp-element-caption\">City of Creil<\/figcaption><\/figure>\n<\/figure>\n\n\n\n<p><strong>At 14<sup>th<\/sup> century that Charles V took a particular interest in the Ch\u00e2teau de Creil <\/strong>and added his own personal touches. \"He was called the Wise Man because he was a real hard-working king. Also the builder of the Ch\u00e2teau de Vincennes, the archaeologist notes many similarities between these two royal ch\u00e2teaux.<\/p>\n\n\n\n<p>\"When Charles V took over the site, he added floors and square towers. You can see the differences in the way they were built: the blocks are more beautiful and larger on the royal additions. As Nicolas Bilot points out, <strong>The king needed space when he came to Creil with his court of over 300 people.<\/strong><\/p>\n\n\n\n<h2><strong>What remains of this royal castle today?<\/strong><\/h2>\n\n\n\n<div class=\"is-layout-flex wp-container-8 wp-block-columns\">\n<div class=\"is-layout-flow wp-block-column\">\n<figure class=\"wp-block-image size-large\"><img decoding=\"async\" loading=\"lazy\" width=\"722\" height=\"1200\" data-src=\"https:\/\/www.creilsudoise-tourisme.fr\/wp-content\/uploads\/2024\/04\/Chateau_Creil-10-722x1200.jpg\" alt=\"tower history creil ch\u00e2teau Nicolas Bilot archaeology\" class=\"wp-image-53628\" data-srcset=\"https:\/\/www.creilsudoise-tourisme.fr\/wp-content\/uploads\/2024\/04\/Chateau_Creil-10-722x1200.jpg 722w, https:\/\/www.creilsudoise-tourisme.fr\/wp-content\/uploads\/2024\/04\/Chateau_Creil-10-361x600.jpg 361w, https:\/\/www.creilsudoise-tourisme.fr\/wp-content\/uploads\/2024\/04\/Chateau_Creil-10-541x900.jpg 541w, https:\/\/www.creilsudoise-tourisme.fr\/wp-content\/uploads\/2024\/04\/Chateau_Creil-10-924x1536.jpg 924w, https:\/\/www.creilsudoise-tourisme.fr\/wp-content\/uploads\/2024\/04\/Chateau_Creil-10-7x12.jpg 7w, https:\/\/www.creilsudoise-tourisme.fr\/wp-content\/uploads\/2024\/04\/Chateau_Creil-10-200x332.jpg 200w, https:\/\/www.creilsudoise-tourisme.fr\/wp-content\/uploads\/2024\/04\/Chateau_Creil-10-650x1081.jpg 650w, https:\/\/www.creilsudoise-tourisme.fr\/wp-content\/uploads\/2024\/04\/Chateau_Creil-10-387x643.jpg 387w, https:\/\/www.creilsudoise-tourisme.fr\/wp-content\/uploads\/2024\/04\/Chateau_Creil-10.jpg 1155w\" sizes=\"(max-width: 722px) 100vw, 722px\" \/><figcaption class=\"wp-element-caption\">Creil Sud Oise Tourisme<\/figcaption><\/figure>\n<\/div>\n\n\n\n<div class=\"is-layout-flow wp-block-column\">\n<p><strong>Today, only 10% of this medieval castle remain.<\/strong>The building is concentrated between the tower of the Maison de la Fa\u00efence (potentially the Queen's flats, according to Nicolas Bilot), the ground floor of the Gall\u00e9-Juillet house, the cellar on the ground floor of the ch\u00e2teau, visible from the Place de la Mairie, and the first floor above the cellar.<\/p>\n\n\n\n<p>Although extremely strategic in the Middle Ages, <strong>the castle gradually lost the interest of its lords from the end of the 17th century.<sup>th<\/sup> century, which prefers the <a href=\"https:\/\/chateaudechantilly.fr\/\" target=\"_blank\" rel=\"noreferrer noopener\">Chantilly castle<\/a>. <\/strong><\/p>\n\n\n\n<p>The Ch\u00e2teau de Creil was then rented out and sold to quarrymen, as Nicolas Bilot explains: \"They were interested in dismantling the walls and selling the stones. They started at the top: they dismantled the frameworks, sold the wood and then dismantled the second and first floors.<\/p>\n<\/div>\n<\/div>\n\n\n\n<p>However, the Revolution came and the quarrymen were driven out of the ch\u00e2teau before they could dismantle the rest. Luckily for the archaeologist, the cellar used for storage was excavated in 2019. Upstairs, although it has been much altered by the castle's many owners, you can still make out parts of the great hall where the king received his guests.<\/p>\n\n\n\n<p>After the French Revolution, the owners converted the ch\u00e2teau in their own style, adding storeys, terraces and bathrooms.<strong>... Today's Mus\u00e9e Gall\u00e9-Juillet, which includes a beautiful 19th-century bourgeois house, is located in the heart of the city.<sup>th<\/sup> century, preserves very real traces of the castle<\/strong>As Nicolas Bilot tells us: \"They're going to use the ch\u00e2teau to build their house on top of it and create basements for their cellar and kitchen.<\/p>\n\n\n\n<p>The gardens are also important: \"The ch\u00e2teau has always had a garden, but we know nothing about the one in the Middle Ages,\" says the archaeologist. \"The current garden belongs to the Gall\u00e9-Juillet family. Surrounded by a wall built from the old stones of the ch\u00e2teau,<strong> there is something unusual: a miniature motte castrale. <\/strong>The tower in the middle of the garden is thought to be the stairway tower at the entrance to the ch\u00e2teau. As the round stones were difficult to sell, the owners decided to turn it into a rest area for visitors. Plus, <strong>it is surrounded by ancient Merovingian sarcophagi<\/strong> that decorate this surprising place.<\/p>\n\n\n\n<figure class=\"wp-block-embed is-type-video is-provider-youtube wp-block-embed-youtube wp-embed-aspect-16-9 wp-has-aspect-ratio\"><div class=\"wp-block-embed__wrapper\">\n<iframe loading=\"lazy\" title=\"[RENCONTRE] with Nicolas Billot, archaeologist | Creil Sud Oise Tourisme\" width=\"500\" height=\"281\" data-src=\"https:\/\/www.youtube.com\/embed\/_cg5aDCH3Os?list=PLyTXFZvx5-KNbtgLVlgXrRkIYsV-wBfYH\" frameborder=\"0\" allow=\"accelerometer; autoplay; clipboard-write; encrypted-media; gyroscope; picture-in-picture; web-share\" referrerpolicy=\"strict-origin-when-cross-origin\" allowfullscreen><\/iframe>\n<\/div><\/figure>\n\n\n\n<h2><strong>When and how can you visit?<\/strong><\/h2>\n\n\n\n<p><strong>The garden, the Gall\u00e9-Juillet museum and the earthenware museum can be visited all year round. <\/strong>Here you can discover the life of a <strong>bourgeois family<\/strong> from the Revolution to the First World War, when they bequeathed their house to the town of Creil following the death of their only son at the front. <strong>The Mus\u00e9e de la Fa\u00efence will fascinate you with its collection of around 15,000 works of art. <\/strong>and earthenware objects of all kinds.<\/p>\n\n\n\n<figure class=\"is-layout-flex wp-block-gallery-9 wp-block-gallery has-nested-images columns-default is-cropped\">\n<figure class=\"wp-block-image size-large\"><img decoding=\"async\" loading=\"lazy\" width=\"1200\" height=\"800\" data-id=\"44254\"  data-src=\"https:\/\/www.creilsudoise-tourisme.fr\/wp-content\/uploads\/wpetourisme\/5--Anne-Sophie-FLAMENT--ville-de-creil--maison-de-la-faience--visite-guidee-individuels-et-groupes-1268-2-1200x800.jpg\" alt=\"Free visit of the Maison de la Fa\u00efence and the Treasure Tower\" class=\"wp-image-44254\" data-srcset=\"https:\/\/www.creilsudoise-tourisme.fr\/wp-content\/uploads\/wpetourisme\/5--Anne-Sophie-FLAMENT--ville-de-creil--maison-de-la-faience--visite-guidee-individuels-et-groupes-1268-2-1200x800.jpg 1200w, https:\/\/www.creilsudoise-tourisme.fr\/wp-content\/uploads\/wpetourisme\/5--Anne-Sophie-FLAMENT--ville-de-creil--maison-de-la-faience--visite-guidee-individuels-et-groupes-1268-2-600x400.jpg 600w, https:\/\/www.creilsudoise-tourisme.fr\/wp-content\/uploads\/wpetourisme\/5--Anne-Sophie-FLAMENT--ville-de-creil--maison-de-la-faience--visite-guidee-individuels-et-groupes-1268-2-900x600.jpg 900w, https:\/\/www.creilsudoise-tourisme.fr\/wp-content\/uploads\/wpetourisme\/5--Anne-Sophie-FLAMENT--ville-de-creil--maison-de-la-faience--visite-guidee-individuels-et-groupes-1268-2-1536x1024.jpg 1536w, https:\/\/www.creilsudoise-tourisme.fr\/wp-content\/uploads\/wpetourisme\/5--Anne-Sophie-FLAMENT--ville-de-creil--maison-de-la-faience--visite-guidee-individuels-et-groupes-1268-2-200x133.jpg 200w, https:\/\/www.creilsudoise-tourisme.fr\/wp-content\/uploads\/wpetourisme\/5--Anne-Sophie-FLAMENT--ville-de-creil--maison-de-la-faience--visite-guidee-individuels-et-groupes-1268-2-650x433.jpg 650w, https:\/\/www.creilsudoise-tourisme.fr\/wp-content\/uploads\/wpetourisme\/5--Anne-Sophie-FLAMENT--ville-de-creil--maison-de-la-faience--visite-guidee-individuels-et-groupes-1268-2-387x258.jpg 387w, https:\/\/www.creilsudoise-tourisme.fr\/wp-content\/uploads\/wpetourisme\/5--Anne-Sophie-FLAMENT--ville-de-creil--maison-de-la-faience--visite-guidee-individuels-et-groupes-1268-2.jpg 1600w\" sizes=\"(max-width: 1200px) 100vw, 1200px\" \/><\/figure>\n\n\n\n<figure class=\"wp-block-image size-large\"><img decoding=\"async\" loading=\"lazy\" width=\"1200\" height=\"800\" data-id=\"33097\"  data-src=\"https:\/\/www.creilsudoise-tourisme.fr\/wp-content\/uploads\/2021\/04\/Visite-guide\u0301e-de-la-cuisine-a\u0300-la-Maison-Galle\u0301-Juillet-1200x800.jpg\" alt=\"Guided tour of the Maison Gall\u00e9-Juillet\" class=\"wp-image-33097\" data-srcset=\"https:\/\/www.creilsudoise-tourisme.fr\/wp-content\/uploads\/2021\/04\/Visite-guide\u0301e-de-la-cuisine-a\u0300-la-Maison-Galle\u0301-Juillet-1200x800.jpg 1200w, https:\/\/www.creilsudoise-tourisme.fr\/wp-content\/uploads\/2021\/04\/Visite-guide\u0301e-de-la-cuisine-a\u0300-la-Maison-Galle\u0301-Juillet-600x400.jpg 600w, https:\/\/www.creilsudoise-tourisme.fr\/wp-content\/uploads\/2021\/04\/Visite-guide\u0301e-de-la-cuisine-a\u0300-la-Maison-Galle\u0301-Juillet-900x600.jpg 900w, https:\/\/www.creilsudoise-tourisme.fr\/wp-content\/uploads\/2021\/04\/Visite-guide\u0301e-de-la-cuisine-a\u0300-la-Maison-Galle\u0301-Juillet-1536x1024.jpg 1536w, https:\/\/www.creilsudoise-tourisme.fr\/wp-content\/uploads\/2021\/04\/Visite-guide\u0301e-de-la-cuisine-a\u0300-la-Maison-Galle\u0301-Juillet-200x133.jpg 200w, https:\/\/www.creilsudoise-tourisme.fr\/wp-content\/uploads\/2021\/04\/Visite-guide\u0301e-de-la-cuisine-a\u0300-la-Maison-Galle\u0301-Juillet-650x433.jpg 650w, https:\/\/www.creilsudoise-tourisme.fr\/wp-content\/uploads\/2021\/04\/Visite-guide\u0301e-de-la-cuisine-a\u0300-la-Maison-Galle\u0301-Juillet-387x258.jpg 387w, https:\/\/www.creilsudoise-tourisme.fr\/wp-content\/uploads\/2021\/04\/Visite-guide\u0301e-de-la-cuisine-a\u0300-la-Maison-Galle\u0301-Juillet-275x183.jpg 275w, https:\/\/www.creilsudoise-tourisme.fr\/wp-content\/uploads\/2021\/04\/Visite-guide\u0301e-de-la-cuisine-a\u0300-la-Maison-Galle\u0301-Juillet.jpg 1600w\" sizes=\"(max-width: 1200px) 100vw, 1200px\" \/><\/figure>\n<\/figure>\n\n\n\n<p><strong>As far as the castle is concerned, it is the cellar and the first floor that are of interest to archaeologists today.<\/strong> and museum director Marion Kalt: \"The cellar has been the subject of an excavation since September 2023. We're removing the fill caused by quarrymen in the 18th century.<sup>th<\/sup> century to bring it down to the original level (1.50 m lower), and remove the false walls to restore the original volume.<\/p>\n\n\n\n<figure class=\"wp-block-image size-large\"><img decoding=\"async\" loading=\"lazy\" width=\"1200\" height=\"675\" data-src=\"https:\/\/www.creilsudoise-tourisme.fr\/wp-content\/uploads\/2024\/04\/Chateau_Creil-2-1200x675.jpg\" alt=\"tower history creil ch\u00e2teau Nicolas Bilot archaeology\" class=\"wp-image-53620\" data-srcset=\"https:\/\/www.creilsudoise-tourisme.fr\/wp-content\/uploads\/2024\/04\/Chateau_Creil-2-1200x675.jpg 1200w, https:\/\/www.creilsudoise-tourisme.fr\/wp-content\/uploads\/2024\/04\/Chateau_Creil-2-600x338.jpg 600w, https:\/\/www.creilsudoise-tourisme.fr\/wp-content\/uploads\/2024\/04\/Chateau_Creil-2-900x506.jpg 900w, https:\/\/www.creilsudoise-tourisme.fr\/wp-content\/uploads\/2024\/04\/Chateau_Creil-2-1536x864.jpg 1536w, https:\/\/www.creilsudoise-tourisme.fr\/wp-content\/uploads\/2024\/04\/Chateau_Creil-2-18x10.jpg 18w, https:\/\/www.creilsudoise-tourisme.fr\/wp-content\/uploads\/2024\/04\/Chateau_Creil-2-200x113.jpg 200w, https:\/\/www.creilsudoise-tourisme.fr\/wp-content\/uploads\/2024\/04\/Chateau_Creil-2-1600x900.jpg 1600w, https:\/\/www.creilsudoise-tourisme.fr\/wp-content\/uploads\/2024\/04\/Chateau_Creil-2-650x366.jpg 650w, https:\/\/www.creilsudoise-tourisme.fr\/wp-content\/uploads\/2024\/04\/Chateau_Creil-2-387x218.jpg 387w, https:\/\/www.creilsudoise-tourisme.fr\/wp-content\/uploads\/2024\/04\/Chateau_Creil-2.jpg 1920w\" sizes=\"(max-width: 1200px) 100vw, 1200px\" \/><figcaption class=\"wp-element-caption\">Creil Sud Oise Tourisme<\/figcaption><\/figure>\n\n\n\n<p><strong>The museum and the castle will communicate to allow visitors to fully immerse themselves in Creil's past.<\/strong>From the Gallo-Roman era, with the treasure of the lock, to the remains of the medieval castle, not forgetting the industrial era with the earthenware factory and the Gall\u00e9-Juillet house.<\/p>\n\n\n\n<figure class=\"wp-block-image size-large\"><img decoding=\"async\" loading=\"lazy\" width=\"1200\" height=\"675\" data-src=\"https:\/\/www.creilsudoise-tourisme.fr\/wp-content\/uploads\/2024\/04\/Chateau_Creil-1-1200x675.jpg\" alt=\"tower history creil ch\u00e2teau Nicolas Bilot archaeology\" class=\"wp-image-53619\" data-srcset=\"https:\/\/www.creilsudoise-tourisme.fr\/wp-content\/uploads\/2024\/04\/Chateau_Creil-1-1200x675.jpg 1200w, https:\/\/www.creilsudoise-tourisme.fr\/wp-content\/uploads\/2024\/04\/Chateau_Creil-1-600x338.jpg 600w, https:\/\/www.creilsudoise-tourisme.fr\/wp-content\/uploads\/2024\/04\/Chateau_Creil-1-900x506.jpg 900w, https:\/\/www.creilsudoise-tourisme.fr\/wp-content\/uploads\/2024\/04\/Chateau_Creil-1-1536x864.jpg 1536w, https:\/\/www.creilsudoise-tourisme.fr\/wp-content\/uploads\/2024\/04\/Chateau_Creil-1-18x10.jpg 18w, https:\/\/www.creilsudoise-tourisme.fr\/wp-content\/uploads\/2024\/04\/Chateau_Creil-1-200x113.jpg 200w, https:\/\/www.creilsudoise-tourisme.fr\/wp-content\/uploads\/2024\/04\/Chateau_Creil-1-1600x900.jpg 1600w, https:\/\/www.creilsudoise-tourisme.fr\/wp-content\/uploads\/2024\/04\/Chateau_Creil-1-650x366.jpg 650w, https:\/\/www.creilsudoise-tourisme.fr\/wp-content\/uploads\/2024\/04\/Chateau_Creil-1-387x218.jpg 387w, https:\/\/www.creilsudoise-tourisme.fr\/wp-content\/uploads\/2024\/04\/Chateau_Creil-1.jpg 1920w\" sizes=\"(max-width: 1200px) 100vw, 1200px\" \/><figcaption class=\"wp-element-caption\">Creil Sud Oise Tourisme<\/figcaption><\/figure>\n\n\n\n<p>The restoration work began in September 2023 and will take around 3 years to complete. If your curiosity can't wait, contact the Town Hall to request site visits so you can find out more about the ch\u00e2teau, and also go behind the scenes of an archaeological dig.<\/p>\n\n\n\n<div class=\"is-layout-flex wp-container-14 wp-block-columns\">\n<div class=\"is-layout-flow wp-block-column\" style=\"flex-basis:25%\">\n<figure class=\"wp-block-image size-full\"><img decoding=\"async\" loading=\"lazy\" width=\"400\" height=\"400\" data-src=\"https:\/\/www.creilsudoise-tourisme.fr\/wp-content\/uploads\/2024\/04\/Diane-Maat.jpg\" alt=\"\" class=\"wp-image-53629\" data-srcset=\"https:\/\/www.creilsudoise-tourisme.fr\/wp-content\/uploads\/2024\/04\/Diane-Maat.jpg 400w, https:\/\/www.creilsudoise-tourisme.fr\/wp-content\/uploads\/2024\/04\/Diane-Maat-300x300.jpg 300w, https:\/\/www.creilsudoise-tourisme.fr\/wp-content\/uploads\/2024\/04\/Diane-Maat-12x12.jpg 12w, https:\/\/www.creilsudoise-tourisme.fr\/wp-content\/uploads\/2024\/04\/Diane-Maat-200x200.jpg 200w, https:\/\/www.creilsudoise-tourisme.fr\/wp-content\/uploads\/2024\/04\/Diane-Maat-387x387.jpg 387w\" sizes=\"(max-width: 400px) 100vw, 400px\" \/><\/figure>\n<\/div>\n\n\n\n<div class=\"is-layout-flow wp-block-column\" style=\"flex-basis:50%\">\n<p><strong>Diane Maat<\/strong> &#8211; <a href=\"https:\/\/www.linkedin.com\/company\/com-positive-dm\/?trk=similar-pages\" target=\"_blank\" rel=\"noreferrer noopener\">Com'Positiv<\/a><\/p>\n<\/div>\n\n\n\n<div class=\"is-layout-flow wp-block-column\" style=\"flex-basis:25%\"><\/div>\n<\/div>\n\n\n\n<hr class=\"wp-block-separator has-alpha-channel-opacity\"\/>\n\n\n<div data-related-sit=\"1\" data-block-type=\"related-sit-gt\" data-block-id=\"wpet-sit-1nu5urqx74c\"><div class=\"wp-block wp-block-related-post wp-block-related-list-sit alignfull\">\n    \n    <div class=\"container\">\n\n                    <h2 class=\"wp-block-related-post-title\">Visit the Museum and Castle<\/h2>\n        \n                    <div id=\"wpiris-related-post-131\" data-id=\"wpiris-entity-slider\">\n                <div class=\"wp-block-related-post-list wp-block-related-post-list--2\" data-id=\"wpiris-entity-slider-wrapper\">\n\n                    \n<div class=\"entityItem\" data-trigger=\"wpiris-click\" data-id=\"wpiris-entity-slider-item\">\n    <p class=\"entityItemThumbnail\">\n        <a href=\"https:\/\/www.creilsudoise-tourisme.fr\/en\/agenda-animations\/explore-games-crazy-history-at-creil-boat\/\" nofancybox>\n            <img data-src=\"https:\/\/www.creilsudoise-tourisme.fr\/wp-content\/uploads\/wpetourisme\/Affiche-jeu-2-275x350.jpg\" alt=\"Explor Games\u00ae | Crazy history at the Ch\u00e2teau de Creil\">\n        <\/a>\n    <\/p>\n    <div class=\"entityItemContent\">\n        <h2 class=\"entityItemContentTitle\">\n            <a href=\"https:\/\/www.creilsudoise-tourisme.fr\/en\/agenda-animations\/explore-games-crazy-history-at-creil-boat\/\">Explor Games\u00ae | Crazy history at the Ch\u00e2teau de Creil<\/a>\n        <\/h2>\n                    <p class=\"entityItemContentType\">Festivals and events<\/p>\n            <\/div>\n    <a href=\"https:\/\/www.creilsudoise-tourisme.fr\/en\/agenda-animations\/explore-games-crazy-history-at-creil-boat\/\" class=\"seeMore\"><span class=\"sr-only\">See more<\/span><\/a>\n<\/div>\n\n<div class=\"entityItem\" data-trigger=\"wpiris-click\" data-id=\"wpiris-entity-slider-item\">\n    <p class=\"entityItemThumbnail\">\n        <a href=\"https:\/\/www.creilsudoise-tourisme.fr\/en\/agenda-animations\/nuit-des-musees-bienvenue-chez-les-galle\/\" nofancybox>\n            <img data-src=\"https:\/\/www.creilsudoise-tourisme.fr\/wp-content\/uploads\/wpetourisme\/NDM-MGJ-275x350.jpg\" alt=\"Nuit des mus\u00e9es |  \u00ab\u00a0Bienvenue chez les Gall\u00e9\u00a0\u00bb\">\n        <\/a>\n    <\/p>\n    <div class=\"entityItemContent\">\n        <h2 class=\"entityItemContentTitle\">\n            <a href=\"https:\/\/www.creilsudoise-tourisme.fr\/en\/agenda-animations\/nuit-des-musees-bienvenue-chez-les-galle\/\">Nuit des mus\u00e9es |  \u00ab\u00a0Bienvenue chez les Gall\u00e9\u00a0\u00bb<\/a>\n        <\/h2>\n                    <p class=\"entityItemContentType\">Festivals and events<\/p>\n            <\/div>\n    <a href=\"https:\/\/www.creilsudoise-tourisme.fr\/en\/agenda-animations\/nuit-des-musees-bienvenue-chez-les-galle\/\" class=\"seeMore\"><span class=\"sr-only\">See more<\/span><\/a>\n<\/div>\n                <\/div>\n\n                            <\/div>\n            <\/div>\n<\/div><\/div>\n\n<div class=\"wp-block wp-block-highlight\">\n            <h3 class=\"wp-block-highlight-item wp-block-highlight-title\">Want to find out more?<\/h3>\n                <p class=\"wp-block-highlight-item wp-block-highlight-excerpt\">This beautiful report was written to coincide with the release of the brand new<strong>\u00a0Creil Sud Oise Tourisme's first Destination Magazine<\/strong>.<br>Inside, n<strong>umerous other articles<\/strong>\u00a0will take you to meet\u00a0<strong>local figures<\/strong>\u00a0and offer\u00a0<strong>ideas for outings!<\/strong><br><strong>Order at<\/strong>\u00a0to receive it in hard copy!<br><strong><a href=\"https:\/\/www.creilsudoise-tourisme.fr\/en\/practice\/brochures\/\" target=\"_blank\" rel=\"noreferrer noopener\">Click here to order<\/a><\/strong><\/p>\n    <\/div>","protected":false},"excerpt":{"rendered":"<p>What remains of the monumental castle that towered over Creil in the Middle Ages? Nicolas Bilot, an archaeologist with the SDAO (Service D\u00e9partemental d'Arch\u00e9ologie de l'Oise) and founder of Aquilon, a firm specialising in heritage studies and development, takes us on a tour of the remains of this radiant past, little known to the people of Creil. Creil: [...]<\/p>","protected":false},"author":3,"featured_media":53618,"comment_status":"closed","ping_status":"closed","sticky":false,"template":"","format":"standard","meta":{"_relevanssi_hide_post":"","_relevanssi_hide_content":"","_relevanssi_pin_for_all":"","_relevanssi_pin_keywords":"","_relevanssi_unpin_keywords":"","_relevanssi_related_keywords":"","_relevanssi_related_include_ids":"","_relevanssi_related_exclude_ids":"","_relevanssi_related_no_append":"","_relevanssi_related_not_related":"","_relevanssi_related_posts":"52385,41679,32820,40150,52861,41664","_relevanssi_noindex_reason":""},"categories":[10],"tags":[],"yoast_head":"<!-- This site is optimized with the Yoast SEO plugin v20.2.1 - https:\/\/yoast.com\/wordpress\/plugins\/seo\/ -->\n<title>Le Ch\u00e2teau de Creil : un tr\u00e9sor perdu<\/title>\n<meta name=\"description\" content=\"Rencontre avec Nicolas Bilot, arch\u00e9ologue au d\u00e9partement de l&#039;Oise, qui nous parle de l&#039;ancien Ch\u00e2teau de Creil, tr\u00e8s peu connu\" \/>\n<meta name=\"robots\" content=\"index, follow, max-snippet:-1, max-image-preview:large, max-video-preview:-1\" \/>\n<link rel=\"canonical\" href=\"https:\/\/www.creilsudoise-tourisme.fr\/en\/2024\/04\/26\/nicolas-bilot\/\" \/>\n<meta property=\"og:locale\" content=\"en_GB\" \/>\n<meta property=\"og:type\" content=\"article\" \/>\n<meta property=\"og:title\" content=\"Le Ch\u00e2teau de Creil : un tr\u00e9sor perdu\" \/>\n<meta property=\"og:description\" content=\"Rencontre avec Nicolas Bilot, arch\u00e9ologue au d\u00e9partement de l&#039;Oise, qui nous parle de l&#039;ancien Ch\u00e2teau de Creil, tr\u00e8s peu connu\" \/>\n<meta property=\"og:url\" content=\"https:\/\/www.creilsudoise-tourisme.fr\/en\/2024\/04\/26\/nicolas-bilot\/\" \/>\n<meta property=\"og:site_name\" content=\"Office de Tourisme Creil Sud Oise\" \/>\n<meta property=\"article:publisher\" content=\"https:\/\/www.facebook.com\/creilsudoisetourisme\/\" \/>\n<meta property=\"article:published_time\" content=\"2024-04-26T09:58:14+00:00\" \/>\n<meta property=\"article:modified_time\" content=\"2024-07-02T08:40:12+00:00\" \/>\n<meta property=\"og:image\" content=\"https:\/\/www.creilsudoise-tourisme.fr\/wp-content\/uploads\/2024\/04\/Nicolas_Bilot-1.jpg\" \/>\n\t<meta property=\"og:image:width\" content=\"1205\" \/>\n\t<meta property=\"og:image:height\" content=\"1185\" \/>\n\t<meta property=\"og:image:type\" content=\"image\/jpeg\" \/>\n<meta name=\"author\" content=\"fdubut\" \/>\n<meta name=\"twitter:card\" content=\"summary_large_image\" \/>\n<meta name=\"twitter:creator\" content=\"@CreilSudOiseOT\" \/>\n<meta name=\"twitter:site\" content=\"@CreilSudOiseOT\" \/>\n<meta name=\"twitter:label1\" content=\"Written by\" \/>\n\t<meta name=\"twitter:data1\" content=\"fdubut\" \/>\n\t<meta name=\"twitter:label2\" content=\"Estimated reading time\" \/>\n\t<meta name=\"twitter:data2\" content=\"7 minutes\" \/>\n<script type=\"application\/ld+json\" class=\"yoast-schema-graph\">{\"@context\":\"https:\/\/schema.org\",\"@graph\":[{\"@type\":\"Article\",\"@id\":\"https:\/\/www.creilsudoise-tourisme.fr\/2024\/04\/26\/nicolas-bilot\/#article\",\"isPartOf\":{\"@id\":\"https:\/\/www.creilsudoise-tourisme.fr\/2024\/04\/26\/nicolas-bilot\/\"},\"author\":{\"name\":\"fdubut\",\"@id\":\"https:\/\/www.creilsudoise-tourisme.fr\/#\/schema\/person\/c5140d47645b13bee896bfe05f1bd5da\"},\"headline\":\"Le ch\u00e2teau de Creil : un tr\u00e9sor perdu\",\"datePublished\":\"2024-04-26T09:58:14+00:00\",\"dateModified\":\"2024-07-02T08:40:12+00:00\",\"mainEntityOfPage\":{\"@id\":\"https:\/\/www.creilsudoise-tourisme.fr\/2024\/04\/26\/nicolas-bilot\/\"},\"wordCount\":1437,\"publisher\":{\"@id\":\"https:\/\/www.creilsudoise-tourisme.fr\/#organization\"},\"articleSection\":[\"Nos ambassadeurs\"],\"inLanguage\":\"en-GB\"},{\"@type\":\"WebPage\",\"@id\":\"https:\/\/www.creilsudoise-tourisme.fr\/2024\/04\/26\/nicolas-bilot\/\",\"url\":\"https:\/\/www.creilsudoise-tourisme.fr\/2024\/04\/26\/nicolas-bilot\/\",\"name\":\"Le Ch\u00e2teau de Creil : un tr\u00e9sor perdu\",\"isPartOf\":{\"@id\":\"https:\/\/www.creilsudoise-tourisme.fr\/#website\"},\"datePublished\":\"2024-04-26T09:58:14+00:00\",\"dateModified\":\"2024-07-02T08:40:12+00:00\",\"description\":\"Rencontre avec Nicolas Bilot, arch\u00e9ologue au d\u00e9partement de l'Oise, qui nous parle de l'ancien Ch\u00e2teau de Creil, tr\u00e8s peu connu\",\"breadcrumb\":{\"@id\":\"https:\/\/www.creilsudoise-tourisme.fr\/2024\/04\/26\/nicolas-bilot\/#breadcrumb\"},\"inLanguage\":\"en-GB\",\"potentialAction\":[{\"@type\":\"ReadAction\",\"target\":[\"https:\/\/www.creilsudoise-tourisme.fr\/2024\/04\/26\/nicolas-bilot\/\"]}]},{\"@type\":\"BreadcrumbList\",\"@id\":\"https:\/\/www.creilsudoise-tourisme.fr\/2024\/04\/26\/nicolas-bilot\/#breadcrumb\",\"itemListElement\":[{\"@type\":\"ListItem\",\"position\":1,\"name\":\"Accueil\",\"item\":\"https:\/\/www.creilsudoise-tourisme.fr\/\"},{\"@type\":\"ListItem\",\"position\":2,\"name\":\"Le ch\u00e2teau de Creil : un tr\u00e9sor perdu\"}]},{\"@type\":\"WebSite\",\"@id\":\"https:\/\/www.creilsudoise-tourisme.fr\/#website\",\"url\":\"https:\/\/www.creilsudoise-tourisme.fr\/\",\"name\":\"Office de Tourisme Creil Sud Oise\",\"description\":\"Creil Sud Oise Tourisme, un territoire \u00e0 explorer !\",\"publisher\":{\"@id\":\"https:\/\/www.creilsudoise-tourisme.fr\/#organization\"},\"potentialAction\":[{\"@type\":\"SearchAction\",\"target\":{\"@type\":\"EntryPoint\",\"urlTemplate\":\"https:\/\/www.creilsudoise-tourisme.fr\/?s={search_term_string}\"},\"query-input\":\"required name=search_term_string\"}],\"inLanguage\":\"en-GB\"},{\"@type\":\"Organization\",\"@id\":\"https:\/\/www.creilsudoise-tourisme.fr\/#organization\",\"name\":\"Creil Sud Oise Tourisme\",\"url\":\"https:\/\/www.creilsudoise-tourisme.fr\/\",\"logo\":{\"@type\":\"ImageObject\",\"inLanguage\":\"en-GB\",\"@id\":\"https:\/\/www.creilsudoise-tourisme.fr\/#\/schema\/logo\/image\/\",\"url\":\"https:\/\/www.creilsudoise-tourisme.fr\/wp-content\/uploads\/2021\/05\/logo-svg.png\",\"contentUrl\":\"https:\/\/www.creilsudoise-tourisme.fr\/wp-content\/uploads\/2021\/05\/logo-svg.png\",\"width\":182,\"height\":71,\"caption\":\"Creil Sud Oise Tourisme\"},\"image\":{\"@id\":\"https:\/\/www.creilsudoise-tourisme.fr\/#\/schema\/logo\/image\/\"},\"sameAs\":[\"https:\/\/www.facebook.com\/creilsudoisetourisme\/\",\"https:\/\/twitter.com\/CreilSudOiseOT\",\"https:\/\/www.instagram.com\/creilsudoisetourisme\/\",\"https:\/\/www.youtube.com\/channel\/UC8L_QD2wwyADW14zt9fY8kw\"]},{\"@type\":\"Person\",\"@id\":\"https:\/\/www.creilsudoise-tourisme.fr\/#\/schema\/person\/c5140d47645b13bee896bfe05f1bd5da\",\"name\":\"fdubut\",\"image\":{\"@type\":\"ImageObject\",\"inLanguage\":\"en-GB\",\"@id\":\"https:\/\/www.creilsudoise-tourisme.fr\/#\/schema\/person\/image\/\",\"url\":\"https:\/\/secure.gravatar.com\/avatar\/c49bb61337bf4556cafdbcb92c18618d?s=96&d=mm&r=g\",\"contentUrl\":\"https:\/\/secure.gravatar.com\/avatar\/c49bb61337bf4556cafdbcb92c18618d?s=96&d=mm&r=g\",\"caption\":\"fdubut\"},\"url\":\"https:\/\/www.creilsudoise-tourisme.fr\/en\/auteur\/fdubut\/\"}]}<\/script>\n<!-- \/ Yoast SEO plugin. -->","yoast_head_json":{"title":"Le Ch\u00e2teau de Creil : un tr\u00e9sor perdu","description":"Rencontre avec Nicolas Bilot, arch\u00e9ologue au d\u00e9partement de l'Oise, qui nous parle de l'ancien Ch\u00e2teau de Creil, tr\u00e8s peu connu","robots":{"index":"index","follow":"follow","max-snippet":"max-snippet:-1","max-image-preview":"max-image-preview:large","max-video-preview":"max-video-preview:-1"},"canonical":"https:\/\/www.creilsudoise-tourisme.fr\/en\/2024\/04\/26\/nicolas-bilot\/","og_locale":"en_GB","og_type":"article","og_title":"Le Ch\u00e2teau de Creil : un tr\u00e9sor perdu","og_description":"Rencontre avec Nicolas Bilot, arch\u00e9ologue au d\u00e9partement de l'Oise, qui nous parle de l'ancien Ch\u00e2teau de Creil, tr\u00e8s peu connu","og_url":"https:\/\/www.creilsudoise-tourisme.fr\/en\/2024\/04\/26\/nicolas-bilot\/","og_site_name":"Office de Tourisme Creil Sud Oise","article_publisher":"https:\/\/www.facebook.com\/creilsudoisetourisme\/","article_published_time":"2024-04-26T09:58:14+00:00","article_modified_time":"2024-07-02T08:40:12+00:00","og_image":[{"width":1205,"height":1185,"url":"https:\/\/www.creilsudoise-tourisme.fr\/wp-content\/uploads\/2024\/04\/Nicolas_Bilot-1.jpg","type":"image\/jpeg"}],"author":"fdubut","twitter_card":"summary_large_image","twitter_creator":"@CreilSudOiseOT","twitter_site":"@CreilSudOiseOT","twitter_misc":{"Written by":"fdubut","Estimated reading time":"7 minutes"},"schema":{"@context":"https:\/\/schema.org","@graph":[{"@type":"Article","@id":"https:\/\/www.creilsudoise-tourisme.fr\/2024\/04\/26\/nicolas-bilot\/#article","isPartOf":{"@id":"https:\/\/www.creilsudoise-tourisme.fr\/2024\/04\/26\/nicolas-bilot\/"},"author":{"name":"fdubut","@id":"https:\/\/www.creilsudoise-tourisme.fr\/#\/schema\/person\/c5140d47645b13bee896bfe05f1bd5da"},"headline":"Le ch\u00e2teau de Creil : un tr\u00e9sor perdu","datePublished":"2024-04-26T09:58:14+00:00","dateModified":"2024-07-02T08:40:12+00:00","mainEntityOfPage":{"@id":"https:\/\/www.creilsudoise-tourisme.fr\/2024\/04\/26\/nicolas-bilot\/"},"wordCount":1437,"publisher":{"@id":"https:\/\/www.creilsudoise-tourisme.fr\/#organization"},"articleSection":["Nos ambassadeurs"],"inLanguage":"en-GB"},{"@type":"WebPage","@id":"https:\/\/www.creilsudoise-tourisme.fr\/2024\/04\/26\/nicolas-bilot\/","url":"https:\/\/www.creilsudoise-tourisme.fr\/2024\/04\/26\/nicolas-bilot\/","name":"Le Ch\u00e2teau de Creil : un tr\u00e9sor perdu","isPartOf":{"@id":"https:\/\/www.creilsudoise-tourisme.fr\/#website"},"datePublished":"2024-04-26T09:58:14+00:00","dateModified":"2024-07-02T08:40:12+00:00","description":"Rencontre avec Nicolas Bilot, arch\u00e9ologue au d\u00e9partement de l'Oise, qui nous parle de l'ancien Ch\u00e2teau de Creil, tr\u00e8s peu connu","breadcrumb":{"@id":"https:\/\/www.creilsudoise-tourisme.fr\/2024\/04\/26\/nicolas-bilot\/#breadcrumb"},"inLanguage":"en-GB","potentialAction":[{"@type":"ReadAction","target":["https:\/\/www.creilsudoise-tourisme.fr\/2024\/04\/26\/nicolas-bilot\/"]}]},{"@type":"BreadcrumbList","@id":"https:\/\/www.creilsudoise-tourisme.fr\/2024\/04\/26\/nicolas-bilot\/#breadcrumb","itemListElement":[{"@type":"ListItem","position":1,"name":"Accueil","item":"https:\/\/www.creilsudoise-tourisme.fr\/"},{"@type":"ListItem","position":2,"name":"Le ch\u00e2teau de Creil : un tr\u00e9sor perdu"}]},{"@type":"WebSite","@id":"https:\/\/www.creilsudoise-tourisme.fr\/#website","url":"https:\/\/www.creilsudoise-tourisme.fr\/","name":"Office de Tourisme Creil Sud Oise","description":"Creil Sud Oise Tourisme, un territoire \u00e0 explorer !","publisher":{"@id":"https:\/\/www.creilsudoise-tourisme.fr\/#organization"},"potentialAction":[{"@type":"SearchAction","target":{"@type":"EntryPoint","urlTemplate":"https:\/\/www.creilsudoise-tourisme.fr\/?s={search_term_string}"},"query-input":"required name=search_term_string"}],"inLanguage":"en-GB"},{"@type":"Organization","@id":"https:\/\/www.creilsudoise-tourisme.fr\/#organization","name":"Creil Sud Oise Tourisme","url":"https:\/\/www.creilsudoise-tourisme.fr\/","logo":{"@type":"ImageObject","inLanguage":"en-GB","@id":"https:\/\/www.creilsudoise-tourisme.fr\/#\/schema\/logo\/image\/","url":"https:\/\/www.creilsudoise-tourisme.fr\/wp-content\/uploads\/2021\/05\/logo-svg.png","contentUrl":"https:\/\/www.creilsudoise-tourisme.fr\/wp-content\/uploads\/2021\/05\/logo-svg.png","width":182,"height":71,"caption":"Creil Sud Oise Tourisme"},"image":{"@id":"https:\/\/www.creilsudoise-tourisme.fr\/#\/schema\/logo\/image\/"},"sameAs":["https:\/\/www.facebook.com\/creilsudoisetourisme\/","https:\/\/twitter.com\/CreilSudOiseOT","https:\/\/www.instagram.com\/creilsudoisetourisme\/","https:\/\/www.youtube.com\/channel\/UC8L_QD2wwyADW14zt9fY8kw"]},{"@type":"Person","@id":"https:\/\/www.creilsudoise-tourisme.fr\/#\/schema\/person\/c5140d47645b13bee896bfe05f1bd5da","name":"fdubut","image":{"@type":"ImageObject","inLanguage":"en-GB","@id":"https:\/\/www.creilsudoise-tourisme.fr\/#\/schema\/person\/image\/","url":"https:\/\/secure.gravatar.com\/avatar\/c49bb61337bf4556cafdbcb92c18618d?s=96&d=mm&r=g","contentUrl":"https:\/\/secure.gravatar.com\/avatar\/c49bb61337bf4556cafdbcb92c18618d?s=96&d=mm&r=g","caption":"fdubut"},"url":"https:\/\/www.creilsudoise-tourisme.fr\/en\/auteur\/fdubut\/"}]}},"_links":{"self":[{"href":"https:\/\/www.creilsudoise-tourisme.fr\/en\/wp-json\/wp\/v2\/posts\/53601"}],"collection":[{"href":"https:\/\/www.creilsudoise-tourisme.fr\/en\/wp-json\/wp\/v2\/posts"}],"about":[{"href":"https:\/\/www.creilsudoise-tourisme.fr\/en\/wp-json\/wp\/v2\/types\/post"}],"author":[{"embeddable":true,"href":"https:\/\/www.creilsudoise-tourisme.fr\/en\/wp-json\/wp\/v2\/users\/3"}],"replies":[{"embeddable":true,"href":"https:\/\/www.creilsudoise-tourisme.fr\/en\/wp-json\/wp\/v2\/comments?post=53601"}],"version-history":[{"count":11,"href":"https:\/\/www.creilsudoise-tourisme.fr\/en\/wp-json\/wp\/v2\/posts\/53601\/revisions"}],"predecessor-version":[{"id":53959,"href":"https:\/\/www.creilsudoise-tourisme.fr\/en\/wp-json\/wp\/v2\/posts\/53601\/revisions\/53959"}],"wp:featuredmedia":[{"embeddable":true,"href":"https:\/\/www.creilsudoise-tourisme.fr\/en\/wp-json\/wp\/v2\/media\/53618"}],"wp:attachment":[{"href":"https:\/\/www.creilsudoise-tourisme.fr\/en\/wp-json\/wp\/v2\/media?parent=53601"}],"wp:term":[{"taxonomy":"category","embeddable":true,"href":"https:\/\/www.creilsudoise-tourisme.fr\/en\/wp-json\/wp\/v2\/categories?post=53601"},{"taxonomy":"post_tag","embeddable":true,"href":"https:\/\/www.creilsudoise-tourisme.fr\/en\/wp-json\/wp\/v2\/tags?post=53601"}],"curies":[{"name":"wp","href":"https:\/\/api.w.org\/{rel}","templated":true}]}}