{"id":43994,"date":"2023-01-09T15:43:36","date_gmt":"2023-01-09T14:43:36","guid":{"rendered":"https:\/\/www.creilsudoise-tourisme.fr\/?p=43994"},"modified":"2023-05-09T15:27:31","modified_gmt":"2023-05-09T13:27:31","slug":"bernard-beaudet","status":"publish","type":"post","link":"https:\/\/www.creilsudoise-tourisme.fr\/en\/2023\/01\/09\/bernard-beaudet\/","title":{"rendered":"Bernard Beaudet, President of the Sailing Club"},"content":{"rendered":"<p class=\"is-style-excerpt\">Each month, we invite you to&nbsp;<strong>discover the Creil Sud Oise area in a different way<\/strong>&nbsp;through&nbsp;<strong>the portrait of 12 Tourism Ambassadors&nbsp;<\/strong>who act daily for tourism in the south of the Oise!<\/p>\n\n\n\n<h2>Bernard Beaudet<\/h2>\n\n\n\n<h3>President of the Saint-Leu-d'Esserent Sailing Club<\/h3>\n\n\n\n<p>Did you know that it is <strong>possible to go sailing in Saint-Leu-d'Esserent<\/strong>&nbsp;? Yes! Only a few dozen kilometres from Paris (and much further from the sea), the Soci\u00e9t\u00e9 des r\u00e9gates et comp\u00e9titions du Sud de l'Oise offers the possibility of sailing in paddle, sail, optimist... <strong>Bernard Beaudet, the president of this Sailing Club<\/strong>is a <strong>relentless<\/strong> (passionate was not strong enough!) of navigation! <strong>A determination that he transmits with passion...<\/strong><\/p>\n\n\n\n<figure class=\"wp-block-image size-large\"><img decoding=\"async\" loading=\"lazy\" width=\"1200\" height=\"675\" data-src=\"https:\/\/www.creilsudoise-tourisme.fr\/wp-content\/uploads\/2023\/01\/DSC05071-1200x675.jpg\" alt=\"Nautical base Sailing Club\" class=\"wp-image-44004\" data-srcset=\"https:\/\/www.creilsudoise-tourisme.fr\/wp-content\/uploads\/2023\/01\/DSC05071-1200x675.jpg 1200w, https:\/\/www.creilsudoise-tourisme.fr\/wp-content\/uploads\/2023\/01\/DSC05071-600x338.jpg 600w, https:\/\/www.creilsudoise-tourisme.fr\/wp-content\/uploads\/2023\/01\/DSC05071-900x507.jpg 900w, https:\/\/www.creilsudoise-tourisme.fr\/wp-content\/uploads\/2023\/01\/DSC05071-200x113.jpg 200w, https:\/\/www.creilsudoise-tourisme.fr\/wp-content\/uploads\/2023\/01\/DSC05071-650x366.jpg 650w, https:\/\/www.creilsudoise-tourisme.fr\/wp-content\/uploads\/2023\/01\/DSC05071-387x218.jpg 387w, https:\/\/www.creilsudoise-tourisme.fr\/wp-content\/uploads\/2023\/01\/DSC05071.jpg 1480w\" sizes=\"(max-width: 1200px) 100vw, 1200px\" \/><\/figure>\n\n\n\n<h3>The Saint-Leu-d'Esserent Sailing Club<\/h3>\n\n\n\n<p>It is in a <strong>former gravel pit of 22 hectares<\/strong> (from which sand was extracted until the 1960s), that the <strong>Soci\u00e9t\u00e9 des r\u00e9gates de Creil<\/strong> (SRC) set sail 50 years ago, in 1972. At the time, a former post-war SNCF barrack served as the clubhouse! &nbsp;<\/p>\n\n\n\n<div class=\"is-layout-flex wp-container-3 wp-block-columns\">\n<div class=\"is-layout-flow wp-block-column\"><div class=\"wp-block-image\">\n<figure class=\"alignright size-large\"><img decoding=\"async\" loading=\"lazy\" width=\"1200\" height=\"726\" data-src=\"https:\/\/www.creilsudoise-tourisme.fr\/wp-content\/uploads\/2023\/01\/ancien-local-1200x726.jpg\" alt=\"Former Sailing Club premises\" class=\"wp-image-43996\" data-srcset=\"https:\/\/www.creilsudoise-tourisme.fr\/wp-content\/uploads\/2023\/01\/ancien-local-1200x726.jpg 1200w, https:\/\/www.creilsudoise-tourisme.fr\/wp-content\/uploads\/2023\/01\/ancien-local-600x363.jpg 600w, https:\/\/www.creilsudoise-tourisme.fr\/wp-content\/uploads\/2023\/01\/ancien-local-900x545.jpg 900w, https:\/\/www.creilsudoise-tourisme.fr\/wp-content\/uploads\/2023\/01\/ancien-local-200x121.jpg 200w, https:\/\/www.creilsudoise-tourisme.fr\/wp-content\/uploads\/2023\/01\/ancien-local-650x394.jpg 650w, https:\/\/www.creilsudoise-tourisme.fr\/wp-content\/uploads\/2023\/01\/ancien-local-416x251.jpg 416w, https:\/\/www.creilsudoise-tourisme.fr\/wp-content\/uploads\/2023\/01\/ancien-local-387x234.jpg 387w, https:\/\/www.creilsudoise-tourisme.fr\/wp-content\/uploads\/2023\/01\/ancien-local.jpg 1480w\" sizes=\"(max-width: 1200px) 100vw, 1200px\" \/><\/figure><\/div><\/div>\n\n\n\n<div class=\"is-layout-flow wp-block-column\"><div class=\"wp-block-image\">\n<figure class=\"alignleft size-large is-resized\"><img decoding=\"async\" loading=\"lazy\" data-src=\"https:\/\/www.creilsudoise-tourisme.fr\/wp-content\/uploads\/2023\/01\/DSC05063-1200x675.jpg\" alt=\"Nautical base Sailing Club\" class=\"wp-image-44003\" width=\"396\" height=\"223\" data-srcset=\"https:\/\/www.creilsudoise-tourisme.fr\/wp-content\/uploads\/2023\/01\/DSC05063-1200x675.jpg 1200w, https:\/\/www.creilsudoise-tourisme.fr\/wp-content\/uploads\/2023\/01\/DSC05063-600x338.jpg 600w, https:\/\/www.creilsudoise-tourisme.fr\/wp-content\/uploads\/2023\/01\/DSC05063-900x507.jpg 900w, https:\/\/www.creilsudoise-tourisme.fr\/wp-content\/uploads\/2023\/01\/DSC05063-200x113.jpg 200w, https:\/\/www.creilsudoise-tourisme.fr\/wp-content\/uploads\/2023\/01\/DSC05063-650x366.jpg 650w, https:\/\/www.creilsudoise-tourisme.fr\/wp-content\/uploads\/2023\/01\/DSC05063-387x218.jpg 387w, https:\/\/www.creilsudoise-tourisme.fr\/wp-content\/uploads\/2023\/01\/DSC05063.jpg 1480w\" sizes=\"(max-width: 396px) 100vw, 396px\" \/><\/figure><\/div><\/div>\n<\/div>\n\n\n\n<figure class=\"wp-block-image size-large\"><img decoding=\"async\" loading=\"lazy\" width=\"1200\" height=\"675\" data-src=\"https:\/\/www.creilsudoise-tourisme.fr\/wp-content\/uploads\/2023\/01\/DSC05060-1200x675.jpg\" alt=\"Nautical base Sailing Club\" class=\"wp-image-44002\" data-srcset=\"https:\/\/www.creilsudoise-tourisme.fr\/wp-content\/uploads\/2023\/01\/DSC05060-1200x675.jpg 1200w, https:\/\/www.creilsudoise-tourisme.fr\/wp-content\/uploads\/2023\/01\/DSC05060-600x338.jpg 600w, https:\/\/www.creilsudoise-tourisme.fr\/wp-content\/uploads\/2023\/01\/DSC05060-900x507.jpg 900w, https:\/\/www.creilsudoise-tourisme.fr\/wp-content\/uploads\/2023\/01\/DSC05060-200x113.jpg 200w, https:\/\/www.creilsudoise-tourisme.fr\/wp-content\/uploads\/2023\/01\/DSC05060-650x366.jpg 650w, https:\/\/www.creilsudoise-tourisme.fr\/wp-content\/uploads\/2023\/01\/DSC05060-387x218.jpg 387w, https:\/\/www.creilsudoise-tourisme.fr\/wp-content\/uploads\/2023\/01\/DSC05060.jpg 1480w\" sizes=\"(max-width: 1200px) 100vw, 1200px\" \/><\/figure>\n\n\n\n<p>In 1977, Bernard worked at the Base de Loisirs called BSL (right next to the Sailing Club), then managed by the Service Jeunesse et Sport of the Oise department. For 10 years, he was a windsurfing instructor, then, after the closure of the Base D\u00e9partementale, he joined the Soci\u00e9t\u00e9 des r\u00e9gates de Creil as a member of the F\u00e9d\u00e9ration Fran\u00e7aise de Voile. He then became a trainer, before becoming president of the Soci\u00e9t\u00e9 des r\u00e9gates de Creil in 1989. Bernard is also <strong>Race committee, jury and coach for regional races<\/strong>&nbsp;a <strong>a true sailing enthusiast<\/strong>We told you so!<\/p>\n\n\n\n<p>The Sailing Club evolves and expands after its destruction by fire in 1997. A comfortable room replaced the hut and many boats now anchor on the banks of the lake. It became <strong>Soci\u00e9t\u00e9 des R\u00e9gates et Comp\u00e9tition Sud-Oise in 2010<\/strong>. In 2019, the Club receives a generous donation: a <strong>10-metre sailing boat<\/strong> which the members of the association will take 3 years to renovate. <strong>Her name: Justine. Her home port: Dieppe.<\/strong><\/p>\n\n\n\n<p>Far from being inward-looking, the association <strong>regularly welcomes leisure centres and individuals<\/strong> for water sports courses in the summer, organizes a <strong>telethon event<\/strong>, <strong>work for the Forgotten Holidaymakers<\/strong>... They also exchange with <strong>Apprentis d'Auteuil for internships<\/strong> and <strong>classes <\/strong><strong>SEGPA of Michelet and Rousseau colleges in Creil<\/strong> for the implementation of projects such as the construction of a carport and other facilities for the club, as well as the renovation project of a schooner named Loup de Mer!<\/p>\n\n\n\n<p>The Club <strong>also organises regattas<\/strong> and in October 2022, the association organised for the first time ever a <strong>National event: the Open Tour for 11-15 year olds<\/strong> was held in Saint-Leu-d'Esserent and brought together nearly 75 Open-Skiff boats from all over France!<\/p>\n\n\n\n<figure class=\"wp-block-image alignfull size-large\"><img decoding=\"async\" loading=\"lazy\" width=\"1200\" height=\"675\" data-src=\"https:\/\/www.creilsudoise-tourisme.fr\/wp-content\/uploads\/2023\/01\/310920387_527792032686969_7828047795805630370_n-1200x675.jpg\" alt=\"Regatta at the nautical base\" class=\"wp-image-43995\" data-srcset=\"https:\/\/www.creilsudoise-tourisme.fr\/wp-content\/uploads\/2023\/01\/310920387_527792032686969_7828047795805630370_n-1200x675.jpg 1200w, https:\/\/www.creilsudoise-tourisme.fr\/wp-content\/uploads\/2023\/01\/310920387_527792032686969_7828047795805630370_n-600x338.jpg 600w, https:\/\/www.creilsudoise-tourisme.fr\/wp-content\/uploads\/2023\/01\/310920387_527792032686969_7828047795805630370_n-900x507.jpg 900w, https:\/\/www.creilsudoise-tourisme.fr\/wp-content\/uploads\/2023\/01\/310920387_527792032686969_7828047795805630370_n-200x113.jpg 200w, https:\/\/www.creilsudoise-tourisme.fr\/wp-content\/uploads\/2023\/01\/310920387_527792032686969_7828047795805630370_n-650x366.jpg 650w, https:\/\/www.creilsudoise-tourisme.fr\/wp-content\/uploads\/2023\/01\/310920387_527792032686969_7828047795805630370_n-387x218.jpg 387w, https:\/\/www.creilsudoise-tourisme.fr\/wp-content\/uploads\/2023\/01\/310920387_527792032686969_7828047795805630370_n.jpg 1480w\" sizes=\"(max-width: 1200px) 100vw, 1200px\" \/><\/figure>\n\n\n\n<h3>Learning to navigate<\/h3>\n\n\n\n<p>Today, the association has <strong>nearly 200 members<\/strong>Most of them come from the Oise region and more particularly from the surroundings of Saint-Leu-d'Esserent and sometimes from more distant regions, such as the Aube and the Morbihan!<\/p>\n\n\n\n<p>The <strong>instructors (including Bernard!) are all volunteers<\/strong> and are committed to <strong>pass on their knowledge<\/strong>&nbsp;Know the wind, anticipate, sail, follow the lay line... and all that <strong>in a good mood and in perfect autonomy<\/strong>. Here, the material is available to all, each one accompanying the other to help them evolve. And this, every day of the year! The Club's motto is : <strong>You come when you want, for as long as you want because we are in Saint-Leu! <\/strong>and its slogan: <strong>Sailing in everyday life!<\/strong><\/p>\n\n\n\n<div class=\"is-layout-flex wp-container-6 wp-block-columns\">\n<div class=\"is-layout-flow wp-block-column\"><div class=\"wp-block-image\">\n<figure class=\"alignright size-large\"><img decoding=\"async\" loading=\"lazy\" width=\"1200\" height=\"675\" data-src=\"https:\/\/www.creilsudoise-tourisme.fr\/wp-content\/uploads\/2023\/01\/DSC04757-1200x675.jpg\" alt=\"Nautical base Sailing Club\" class=\"wp-image-44000\" data-srcset=\"https:\/\/www.creilsudoise-tourisme.fr\/wp-content\/uploads\/2023\/01\/DSC04757-1200x675.jpg 1200w, https:\/\/www.creilsudoise-tourisme.fr\/wp-content\/uploads\/2023\/01\/DSC04757-600x338.jpg 600w, https:\/\/www.creilsudoise-tourisme.fr\/wp-content\/uploads\/2023\/01\/DSC04757-900x507.jpg 900w, https:\/\/www.creilsudoise-tourisme.fr\/wp-content\/uploads\/2023\/01\/DSC04757-200x113.jpg 200w, https:\/\/www.creilsudoise-tourisme.fr\/wp-content\/uploads\/2023\/01\/DSC04757-650x366.jpg 650w, https:\/\/www.creilsudoise-tourisme.fr\/wp-content\/uploads\/2023\/01\/DSC04757-387x218.jpg 387w, https:\/\/www.creilsudoise-tourisme.fr\/wp-content\/uploads\/2023\/01\/DSC04757.jpg 1480w\" sizes=\"(max-width: 1200px) 100vw, 1200px\" \/><\/figure><\/div><\/div>\n\n\n\n<div class=\"is-layout-flow wp-block-column\"><div class=\"wp-block-image\">\n<figure class=\"alignleft size-large\"><img decoding=\"async\" loading=\"lazy\" width=\"1200\" height=\"675\" data-src=\"https:\/\/www.creilsudoise-tourisme.fr\/wp-content\/uploads\/2023\/01\/DSC04761-1200x675.jpg\" alt=\"Nautical base Sailing Club\" class=\"wp-image-44001\" data-srcset=\"https:\/\/www.creilsudoise-tourisme.fr\/wp-content\/uploads\/2023\/01\/DSC04761-1200x675.jpg 1200w, https:\/\/www.creilsudoise-tourisme.fr\/wp-content\/uploads\/2023\/01\/DSC04761-600x338.jpg 600w, https:\/\/www.creilsudoise-tourisme.fr\/wp-content\/uploads\/2023\/01\/DSC04761-900x507.jpg 900w, https:\/\/www.creilsudoise-tourisme.fr\/wp-content\/uploads\/2023\/01\/DSC04761-200x113.jpg 200w, https:\/\/www.creilsudoise-tourisme.fr\/wp-content\/uploads\/2023\/01\/DSC04761-650x366.jpg 650w, https:\/\/www.creilsudoise-tourisme.fr\/wp-content\/uploads\/2023\/01\/DSC04761-387x218.jpg 387w, https:\/\/www.creilsudoise-tourisme.fr\/wp-content\/uploads\/2023\/01\/DSC04761.jpg 1480w\" sizes=\"(max-width: 1200px) 100vw, 1200px\" \/><\/figure><\/div><\/div>\n<\/div>\n\n\n\n<p>The members first train on the water, where they rub shoulders with <strong>paddle, dinghy, mini catamaran, open bic, optimist or canoes<\/strong>After a few years of training, they will be able to sail on board Justine, the 10-metre sailing boat based in Dieppe. Some will then take the <strong>instructor's diploma<\/strong> on the Saint-Leu-d'Esserent lake, others will go to the <strong>French championship<\/strong>and others, such as the <a href=\"https:\/\/www.youtube.com\/@vancofamily\" target=\"_blank\" rel=\"noreferrer noopener\"><strong>Vancofamily<\/strong><\/a>whose videos can be found on their Youtube channel, will spend all their free time on their boat!<\/p>\n\n\n\n<p><\/p>\n\n\n\n<p><\/p>\n\n\n<div class=\"wp-block wp-block-highlight\">\n            <h3 class=\"wp-block-highlight-item wp-block-highlight-title\">Did you know that?<\/h3>\n                <p class=\"wp-block-highlight-item wp-block-highlight-excerpt\">Thanks to two collective boats, the Saint-Leu-d'Esserent Sailing Club is <strong>equipped for the reception of people with mental disabilities.<\/strong><\/p>\n    <\/div>\n\n\n<h3>The activities of the Sailing Club<\/h3>\n\n\n\n<p>If the motto is to come when you want, the <strong>The Saint-Leu-d'Esserent Sailing Club offers 2 weekly meetings to practice, train and gain the necessary experience to become autonomous.<\/strong><\/p>\n\n\n\n<figure class=\"wp-block-image size-large\"><img decoding=\"async\" loading=\"lazy\" width=\"1200\" height=\"675\" data-src=\"https:\/\/www.creilsudoise-tourisme.fr\/wp-content\/uploads\/2023\/01\/OTCSO_base_nautique_2021_mai-3-1200x675.jpg\" alt=\"Nautical base Sailing Club\" class=\"wp-image-44008\" data-srcset=\"https:\/\/www.creilsudoise-tourisme.fr\/wp-content\/uploads\/2023\/01\/OTCSO_base_nautique_2021_mai-3-1200x675.jpg 1200w, https:\/\/www.creilsudoise-tourisme.fr\/wp-content\/uploads\/2023\/01\/OTCSO_base_nautique_2021_mai-3-600x337.jpg 600w, https:\/\/www.creilsudoise-tourisme.fr\/wp-content\/uploads\/2023\/01\/OTCSO_base_nautique_2021_mai-3-900x506.jpg 900w, https:\/\/www.creilsudoise-tourisme.fr\/wp-content\/uploads\/2023\/01\/OTCSO_base_nautique_2021_mai-3-200x112.jpg 200w, https:\/\/www.creilsudoise-tourisme.fr\/wp-content\/uploads\/2023\/01\/OTCSO_base_nautique_2021_mai-3-650x365.jpg 650w, https:\/\/www.creilsudoise-tourisme.fr\/wp-content\/uploads\/2023\/01\/OTCSO_base_nautique_2021_mai-3-387x218.jpg 387w, https:\/\/www.creilsudoise-tourisme.fr\/wp-content\/uploads\/2023\/01\/OTCSO_base_nautique_2021_mai-3.jpg 1480w\" sizes=\"(max-width: 1200px) 100vw, 1200px\" \/><\/figure>\n\n\n\n<p>For the <strong>young people aged 7 to 18-20<\/strong>A 4-hour session is offered <strong>Saturday afternoons<\/strong>all year round, excluding school holidays, and <strong>whatever the weather<\/strong>&nbsp;! It is <strong>the sailing school \"Les P'tits Loups<\/strong> (in reference to \"leu\" from Saint-Leu-d'Esserent, meaning \"wolf\"). It is important to <strong>to be fully involved in this very demanding discipline<\/strong> which requires <strong>a lot of diligence to evolve and improve<\/strong>. Of the 12 young people currently on the course, the following is the most important, <strong>6 are at the French championship!<\/strong><\/p>\n\n\n\n<p>For the <strong>adults<\/strong>appointment <strong>every Sunday morning from 10am to 12.30pm<\/strong> with the <strong>\"Sunday morning work\".<\/strong>&nbsp;! They learn to sail on the water and then to sail at sea.<\/p>\n\n\n\n<p>The year starts in September, a month during which the new members follow technical courses, then they sail on the plan all year long. It takes 3 months of experience to acquire a certain autonomy, and 1 year to be able to sponsor a beginner.<\/p>\n\n\n\n<p><\/p>\n\n\n\n<p><\/p>\n\n\n<div class=\"wp-block wp-block-highlight\">\n            <h3 class=\"wp-block-highlight-item wp-block-highlight-title\">Security measures<\/h3>\n                <p class=\"wp-block-highlight-item wp-block-highlight-excerpt\"><strong>The entrance to the Sailing Club is at the exit of Saint-Leu-d'Esserent<\/strong>In the direction of Pr\u00e9cy-sur-Oise, departmental road 92, opposite Villers-Sous-Saint-Leu.<\/p>\n    <\/div>\n\n\n<hr class=\"wp-block-separator has-css-opacity\"\/>\n\n\n\n<figure class=\"wp-block-embed is-type-video is-provider-youtube wp-block-embed-youtube wp-embed-aspect-4-3 wp-has-aspect-ratio\"><div class=\"wp-block-embed__wrapper\">\n<iframe loading=\"lazy\" title=\"Discovering Saint Leu d&#039;Esserent with Bernard Beaudet\" width=\"500\" height=\"375\" data-src=\"https:\/\/www.youtube.com\/embed\/JDUED2_tXxg?feature=oembed\" frameborder=\"0\" allow=\"accelerometer; autoplay; clipboard-write; encrypted-media; gyroscope; picture-in-picture; web-share\" allowfullscreen><\/iframe>\n<\/div><\/figure>","protected":false},"excerpt":{"rendered":"<p>Each month, we invite you to discover the Creil Sud Oise region in a different way: through the portraits of 12 Tourism Ambassadors who work daily for tourism in the south of the Oise! Bernard Beaudet President of the Saint-Leu-d'Esserent Sailing Club Did you know that it is possible to go sailing in Saint-Leu-d'Esserent? Yes! at [...]<\/p>","protected":false},"author":3,"featured_media":43998,"comment_status":"closed","ping_status":"closed","sticky":false,"template":"","format":"standard","meta":{"_relevanssi_hide_post":"","_relevanssi_hide_content":"","_relevanssi_pin_for_all":"","_relevanssi_pin_keywords":"","_relevanssi_unpin_keywords":"","_relevanssi_related_keywords":"","_relevanssi_related_include_ids":"","_relevanssi_related_exclude_ids":"","_relevanssi_related_no_append":"","_relevanssi_related_not_related":"","_relevanssi_related_posts":"40150,39613,32820,37951,39942,37932","_relevanssi_noindex_reason":""},"categories":[10],"tags":[],"yoast_head":"<!-- This site is optimized with the Yoast SEO plugin v20.2.1 - https:\/\/yoast.com\/wordpress\/plugins\/seo\/ -->\n<title>Bernard Beaudet, pr\u00e9sident du Club de Voile de Saint-Leu-d&#039;Esserent<\/title>\n<meta name=\"description\" content=\"D\u00e9couvrez le territoire Creil Sud Oise \u00e0 travers un article et une interview sur un ambassadeur passionn\u00e9 ! Ce mois-ci, c&#039;est Bernard Beaudet\" \/>\n<meta name=\"robots\" content=\"index, follow, max-snippet:-1, max-image-preview:large, max-video-preview:-1\" \/>\n<link rel=\"canonical\" href=\"https:\/\/www.creilsudoise-tourisme.fr\/en\/2023\/01\/09\/bernard-beaudet\/\" \/>\n<meta property=\"og:locale\" content=\"en_GB\" \/>\n<meta property=\"og:type\" content=\"article\" \/>\n<meta property=\"og:title\" content=\"Bernard Beaudet, pr\u00e9sident du Club de Voile de Saint-Leu-d&#039;Esserent\" \/>\n<meta property=\"og:description\" content=\"D\u00e9couvrez le territoire Creil Sud Oise \u00e0 travers un article et une interview sur un ambassadeur passionn\u00e9 ! Ce mois-ci, c&#039;est Bernard Beaudet\" \/>\n<meta property=\"og:url\" content=\"https:\/\/www.creilsudoise-tourisme.fr\/en\/2023\/01\/09\/bernard-beaudet\/\" \/>\n<meta property=\"og:site_name\" content=\"Office de Tourisme Creil Sud Oise\" \/>\n<meta property=\"article:publisher\" content=\"https:\/\/www.facebook.com\/creilsudoisetourisme\/\" \/>\n<meta property=\"article:published_time\" content=\"2023-01-09T14:43:36+00:00\" \/>\n<meta property=\"article:modified_time\" content=\"2023-05-09T13:27:31+00:00\" \/>\n<meta property=\"og:image\" content=\"https:\/\/www.creilsudoise-tourisme.fr\/wp-content\/uploads\/2023\/01\/Bernard.jpg\" \/>\n\t<meta property=\"og:image:width\" content=\"640\" \/>\n\t<meta property=\"og:image:height\" content=\"570\" \/>\n\t<meta property=\"og:image:type\" content=\"image\/jpeg\" \/>\n<meta name=\"author\" content=\"fdubut\" \/>\n<meta name=\"twitter:card\" content=\"summary_large_image\" \/>\n<meta name=\"twitter:creator\" content=\"@CreilSudOiseOT\" \/>\n<meta name=\"twitter:site\" content=\"@CreilSudOiseOT\" \/>\n<meta name=\"twitter:label1\" content=\"Written by\" \/>\n\t<meta name=\"twitter:data1\" content=\"fdubut\" \/>\n\t<meta name=\"twitter:label2\" content=\"Estimated reading time\" \/>\n\t<meta name=\"twitter:data2\" content=\"6 minutes\" \/>\n<script type=\"application\/ld+json\" class=\"yoast-schema-graph\">{\"@context\":\"https:\/\/schema.org\",\"@graph\":[{\"@type\":\"Article\",\"@id\":\"https:\/\/www.creilsudoise-tourisme.fr\/2023\/01\/09\/bernard-beaudet\/#article\",\"isPartOf\":{\"@id\":\"https:\/\/www.creilsudoise-tourisme.fr\/2023\/01\/09\/bernard-beaudet\/\"},\"author\":{\"name\":\"fdubut\",\"@id\":\"https:\/\/www.creilsudoise-tourisme.fr\/#\/schema\/person\/c5140d47645b13bee896bfe05f1bd5da\"},\"headline\":\"Bernard Beaudet, pr\u00e9sident du Club de voile\",\"datePublished\":\"2023-01-09T14:43:36+00:00\",\"dateModified\":\"2023-05-09T13:27:31+00:00\",\"mainEntityOfPage\":{\"@id\":\"https:\/\/www.creilsudoise-tourisme.fr\/2023\/01\/09\/bernard-beaudet\/\"},\"wordCount\":1056,\"publisher\":{\"@id\":\"https:\/\/www.creilsudoise-tourisme.fr\/#organization\"},\"articleSection\":[\"Nos ambassadeurs\"],\"inLanguage\":\"en-GB\"},{\"@type\":\"WebPage\",\"@id\":\"https:\/\/www.creilsudoise-tourisme.fr\/2023\/01\/09\/bernard-beaudet\/\",\"url\":\"https:\/\/www.creilsudoise-tourisme.fr\/2023\/01\/09\/bernard-beaudet\/\",\"name\":\"Bernard Beaudet, pr\u00e9sident du Club de Voile de Saint-Leu-d'Esserent\",\"isPartOf\":{\"@id\":\"https:\/\/www.creilsudoise-tourisme.fr\/#website\"},\"datePublished\":\"2023-01-09T14:43:36+00:00\",\"dateModified\":\"2023-05-09T13:27:31+00:00\",\"description\":\"D\u00e9couvrez le territoire Creil Sud Oise \u00e0 travers un article et une interview sur un ambassadeur passionn\u00e9 ! Ce mois-ci, c'est Bernard Beaudet\",\"breadcrumb\":{\"@id\":\"https:\/\/www.creilsudoise-tourisme.fr\/2023\/01\/09\/bernard-beaudet\/#breadcrumb\"},\"inLanguage\":\"en-GB\",\"potentialAction\":[{\"@type\":\"ReadAction\",\"target\":[\"https:\/\/www.creilsudoise-tourisme.fr\/2023\/01\/09\/bernard-beaudet\/\"]}]},{\"@type\":\"BreadcrumbList\",\"@id\":\"https:\/\/www.creilsudoise-tourisme.fr\/2023\/01\/09\/bernard-beaudet\/#breadcrumb\",\"itemListElement\":[{\"@type\":\"ListItem\",\"position\":1,\"name\":\"Accueil\",\"item\":\"https:\/\/www.creilsudoise-tourisme.fr\/\"},{\"@type\":\"ListItem\",\"position\":2,\"name\":\"Bernard Beaudet, pr\u00e9sident du Club de voile\"}]},{\"@type\":\"WebSite\",\"@id\":\"https:\/\/www.creilsudoise-tourisme.fr\/#website\",\"url\":\"https:\/\/www.creilsudoise-tourisme.fr\/\",\"name\":\"Office de Tourisme Creil Sud Oise\",\"description\":\"Creil Sud Oise Tourisme, un territoire \u00e0 explorer !\",\"publisher\":{\"@id\":\"https:\/\/www.creilsudoise-tourisme.fr\/#organization\"},\"potentialAction\":[{\"@type\":\"SearchAction\",\"target\":{\"@type\":\"EntryPoint\",\"urlTemplate\":\"https:\/\/www.creilsudoise-tourisme.fr\/?s={search_term_string}\"},\"query-input\":\"required name=search_term_string\"}],\"inLanguage\":\"en-GB\"},{\"@type\":\"Organization\",\"@id\":\"https:\/\/www.creilsudoise-tourisme.fr\/#organization\",\"name\":\"Creil Sud Oise Tourisme\",\"url\":\"https:\/\/www.creilsudoise-tourisme.fr\/\",\"logo\":{\"@type\":\"ImageObject\",\"inLanguage\":\"en-GB\",\"@id\":\"https:\/\/www.creilsudoise-tourisme.fr\/#\/schema\/logo\/image\/\",\"url\":\"https:\/\/www.creilsudoise-tourisme.fr\/wp-content\/uploads\/2021\/05\/logo-svg.png\",\"contentUrl\":\"https:\/\/www.creilsudoise-tourisme.fr\/wp-content\/uploads\/2021\/05\/logo-svg.png\",\"width\":182,\"height\":71,\"caption\":\"Creil Sud Oise Tourisme\"},\"image\":{\"@id\":\"https:\/\/www.creilsudoise-tourisme.fr\/#\/schema\/logo\/image\/\"},\"sameAs\":[\"https:\/\/www.facebook.com\/creilsudoisetourisme\/\",\"https:\/\/twitter.com\/CreilSudOiseOT\",\"https:\/\/www.instagram.com\/creilsudoisetourisme\/\",\"https:\/\/www.youtube.com\/channel\/UC8L_QD2wwyADW14zt9fY8kw\"]},{\"@type\":\"Person\",\"@id\":\"https:\/\/www.creilsudoise-tourisme.fr\/#\/schema\/person\/c5140d47645b13bee896bfe05f1bd5da\",\"name\":\"fdubut\",\"image\":{\"@type\":\"ImageObject\",\"inLanguage\":\"en-GB\",\"@id\":\"https:\/\/www.creilsudoise-tourisme.fr\/#\/schema\/person\/image\/\",\"url\":\"https:\/\/secure.gravatar.com\/avatar\/c49bb61337bf4556cafdbcb92c18618d?s=96&d=mm&r=g\",\"contentUrl\":\"https:\/\/secure.gravatar.com\/avatar\/c49bb61337bf4556cafdbcb92c18618d?s=96&d=mm&r=g\",\"caption\":\"fdubut\"},\"url\":\"https:\/\/www.creilsudoise-tourisme.fr\/en\/auteur\/fdubut\/\"}]}<\/script>\n<!-- \/ Yoast SEO plugin. -->","yoast_head_json":{"title":"Bernard Beaudet, pr\u00e9sident du Club de Voile de Saint-Leu-d'Esserent","description":"D\u00e9couvrez le territoire Creil Sud Oise \u00e0 travers un article et une interview sur un ambassadeur passionn\u00e9 ! Ce mois-ci, c'est Bernard Beaudet","robots":{"index":"index","follow":"follow","max-snippet":"max-snippet:-1","max-image-preview":"max-image-preview:large","max-video-preview":"max-video-preview:-1"},"canonical":"https:\/\/www.creilsudoise-tourisme.fr\/en\/2023\/01\/09\/bernard-beaudet\/","og_locale":"en_GB","og_type":"article","og_title":"Bernard Beaudet, pr\u00e9sident du Club de Voile de Saint-Leu-d'Esserent","og_description":"D\u00e9couvrez le territoire Creil Sud Oise \u00e0 travers un article et une interview sur un ambassadeur passionn\u00e9 ! Ce mois-ci, c'est Bernard Beaudet","og_url":"https:\/\/www.creilsudoise-tourisme.fr\/en\/2023\/01\/09\/bernard-beaudet\/","og_site_name":"Office de Tourisme Creil Sud Oise","article_publisher":"https:\/\/www.facebook.com\/creilsudoisetourisme\/","article_published_time":"2023-01-09T14:43:36+00:00","article_modified_time":"2023-05-09T13:27:31+00:00","og_image":[{"width":640,"height":570,"url":"https:\/\/www.creilsudoise-tourisme.fr\/wp-content\/uploads\/2023\/01\/Bernard.jpg","type":"image\/jpeg"}],"author":"fdubut","twitter_card":"summary_large_image","twitter_creator":"@CreilSudOiseOT","twitter_site":"@CreilSudOiseOT","twitter_misc":{"Written by":"fdubut","Estimated reading time":"6 minutes"},"schema":{"@context":"https:\/\/schema.org","@graph":[{"@type":"Article","@id":"https:\/\/www.creilsudoise-tourisme.fr\/2023\/01\/09\/bernard-beaudet\/#article","isPartOf":{"@id":"https:\/\/www.creilsudoise-tourisme.fr\/2023\/01\/09\/bernard-beaudet\/"},"author":{"name":"fdubut","@id":"https:\/\/www.creilsudoise-tourisme.fr\/#\/schema\/person\/c5140d47645b13bee896bfe05f1bd5da"},"headline":"Bernard Beaudet, pr\u00e9sident du Club de voile","datePublished":"2023-01-09T14:43:36+00:00","dateModified":"2023-05-09T13:27:31+00:00","mainEntityOfPage":{"@id":"https:\/\/www.creilsudoise-tourisme.fr\/2023\/01\/09\/bernard-beaudet\/"},"wordCount":1056,"publisher":{"@id":"https:\/\/www.creilsudoise-tourisme.fr\/#organization"},"articleSection":["Nos ambassadeurs"],"inLanguage":"en-GB"},{"@type":"WebPage","@id":"https:\/\/www.creilsudoise-tourisme.fr\/2023\/01\/09\/bernard-beaudet\/","url":"https:\/\/www.creilsudoise-tourisme.fr\/2023\/01\/09\/bernard-beaudet\/","name":"Bernard Beaudet, pr\u00e9sident du Club de Voile de Saint-Leu-d'Esserent","isPartOf":{"@id":"https:\/\/www.creilsudoise-tourisme.fr\/#website"},"datePublished":"2023-01-09T14:43:36+00:00","dateModified":"2023-05-09T13:27:31+00:00","description":"D\u00e9couvrez le territoire Creil Sud Oise \u00e0 travers un article et une interview sur un ambassadeur passionn\u00e9 ! Ce mois-ci, c'est Bernard Beaudet","breadcrumb":{"@id":"https:\/\/www.creilsudoise-tourisme.fr\/2023\/01\/09\/bernard-beaudet\/#breadcrumb"},"inLanguage":"en-GB","potentialAction":[{"@type":"ReadAction","target":["https:\/\/www.creilsudoise-tourisme.fr\/2023\/01\/09\/bernard-beaudet\/"]}]},{"@type":"BreadcrumbList","@id":"https:\/\/www.creilsudoise-tourisme.fr\/2023\/01\/09\/bernard-beaudet\/#breadcrumb","itemListElement":[{"@type":"ListItem","position":1,"name":"Accueil","item":"https:\/\/www.creilsudoise-tourisme.fr\/"},{"@type":"ListItem","position":2,"name":"Bernard Beaudet, pr\u00e9sident du Club de voile"}]},{"@type":"WebSite","@id":"https:\/\/www.creilsudoise-tourisme.fr\/#website","url":"https:\/\/www.creilsudoise-tourisme.fr\/","name":"Office de Tourisme Creil Sud Oise","description":"Creil Sud Oise Tourisme, un territoire \u00e0 explorer !","publisher":{"@id":"https:\/\/www.creilsudoise-tourisme.fr\/#organization"},"potentialAction":[{"@type":"SearchAction","target":{"@type":"EntryPoint","urlTemplate":"https:\/\/www.creilsudoise-tourisme.fr\/?s={search_term_string}"},"query-input":"required name=search_term_string"}],"inLanguage":"en-GB"},{"@type":"Organization","@id":"https:\/\/www.creilsudoise-tourisme.fr\/#organization","name":"Creil Sud Oise Tourisme","url":"https:\/\/www.creilsudoise-tourisme.fr\/","logo":{"@type":"ImageObject","inLanguage":"en-GB","@id":"https:\/\/www.creilsudoise-tourisme.fr\/#\/schema\/logo\/image\/","url":"https:\/\/www.creilsudoise-tourisme.fr\/wp-content\/uploads\/2021\/05\/logo-svg.png","contentUrl":"https:\/\/www.creilsudoise-tourisme.fr\/wp-content\/uploads\/2021\/05\/logo-svg.png","width":182,"height":71,"caption":"Creil Sud Oise Tourisme"},"image":{"@id":"https:\/\/www.creilsudoise-tourisme.fr\/#\/schema\/logo\/image\/"},"sameAs":["https:\/\/www.facebook.com\/creilsudoisetourisme\/","https:\/\/twitter.com\/CreilSudOiseOT","https:\/\/www.instagram.com\/creilsudoisetourisme\/","https:\/\/www.youtube.com\/channel\/UC8L_QD2wwyADW14zt9fY8kw"]},{"@type":"Person","@id":"https:\/\/www.creilsudoise-tourisme.fr\/#\/schema\/person\/c5140d47645b13bee896bfe05f1bd5da","name":"fdubut","image":{"@type":"ImageObject","inLanguage":"en-GB","@id":"https:\/\/www.creilsudoise-tourisme.fr\/#\/schema\/person\/image\/","url":"https:\/\/secure.gravatar.com\/avatar\/c49bb61337bf4556cafdbcb92c18618d?s=96&d=mm&r=g","contentUrl":"https:\/\/secure.gravatar.com\/avatar\/c49bb61337bf4556cafdbcb92c18618d?s=96&d=mm&r=g","caption":"fdubut"},"url":"https:\/\/www.creilsudoise-tourisme.fr\/en\/auteur\/fdubut\/"}]}},"_links":{"self":[{"href":"https:\/\/www.creilsudoise-tourisme.fr\/en\/wp-json\/wp\/v2\/posts\/43994"}],"collection":[{"href":"https:\/\/www.creilsudoise-tourisme.fr\/en\/wp-json\/wp\/v2\/posts"}],"about":[{"href":"https:\/\/www.creilsudoise-tourisme.fr\/en\/wp-json\/wp\/v2\/types\/post"}],"author":[{"embeddable":true,"href":"https:\/\/www.creilsudoise-tourisme.fr\/en\/wp-json\/wp\/v2\/users\/3"}],"replies":[{"embeddable":true,"href":"https:\/\/www.creilsudoise-tourisme.fr\/en\/wp-json\/wp\/v2\/comments?post=43994"}],"version-history":[{"count":5,"href":"https:\/\/www.creilsudoise-tourisme.fr\/en\/wp-json\/wp\/v2\/posts\/43994\/revisions"}],"predecessor-version":[{"id":47505,"href":"https:\/\/www.creilsudoise-tourisme.fr\/en\/wp-json\/wp\/v2\/posts\/43994\/revisions\/47505"}],"wp:featuredmedia":[{"embeddable":true,"href":"https:\/\/www.creilsudoise-tourisme.fr\/en\/wp-json\/wp\/v2\/media\/43998"}],"wp:attachment":[{"href":"https:\/\/www.creilsudoise-tourisme.fr\/en\/wp-json\/wp\/v2\/media?parent=43994"}],"wp:term":[{"taxonomy":"category","embeddable":true,"href":"https:\/\/www.creilsudoise-tourisme.fr\/en\/wp-json\/wp\/v2\/categories?post=43994"},{"taxonomy":"post_tag","embeddable":true,"href":"https:\/\/www.creilsudoise-tourisme.fr\/en\/wp-json\/wp\/v2\/tags?post=43994"}],"curies":[{"name":"wp","href":"https:\/\/api.w.org\/{rel}","templated":true}]}}