{"id":43630,"date":"2022-11-29T17:00:43","date_gmt":"2022-11-29T16:00:43","guid":{"rendered":"https:\/\/www.creilsudoise-tourisme.fr\/?p=43630"},"modified":"2024-04-23T10:00:28","modified_gmt":"2024-04-23T08:00:28","slug":"frederic-mutillod","status":"publish","type":"post","link":"https:\/\/www.creilsudoise-tourisme.fr\/en\/2022\/11\/29\/frederic-mutillod\/","title":{"rendered":"Fr\u00e9d\u00e9ric Mutillod"},"content":{"rendered":"<p class=\"is-style-excerpt\">Each month, we invite you to&nbsp;<strong>discover the Creil Sud Oise area in a different way<\/strong>&nbsp;through&nbsp;<strong>the portrait of 12 Tourism Ambassadors&nbsp;<\/strong>who act daily for tourism in the south of the Oise!<\/p>\n\n\n\n<h2><strong>Fr\u00e9d\u00e9ric Mutillod<\/strong><\/h2>\n\n\n\n<h3>Trainer at the Atelier de la Pierre d'Angle in Saint-Maximin<\/h3>\n\n\n\n<p>When you walk through the doors of <strong>l'Atelier de la Pierre d'Angle in Saint-Maximin<\/strong>It is impossible to miss the <strong>monumental works<\/strong> (such as this replica of the organ staircase of Notre-Dame de Paris or the life-size replica of the porch of the church in Thiverny [<a href=\"https:\/\/www.creilsudoise-tourisme.fr\/en\/jexplore\/#thiverny\">https:\/\/www.creilsudoise-tourisme.fr\/jexplore\/#thiverny<\/a>]) <strong>made by the students<\/strong> who have succeeded one another. <strong>Meeting with the man who trained them<\/strong>He is a stone enthusiast, passionate about his job as a trainer: <strong>Fr\u00e9d\u00e9ric Mutillod.<\/strong><\/p>\n\n\n\n<h3>Fr\u00e9d\u00e9ric, the trainer<\/h3>\n\n\n\n<p>It all started in Lyon. As a child, Fr\u00e9d\u00e9ric lived above two shops: a wooden head cutter of Guignols, the Lyon puppets, and a stone cutter. The stonemason must have hit harder, because that's where Fr\u00e9d\u00e9ric went and where he was able to get a job. <strong>develops his passion for the profession he will later practice<\/strong>.<\/p>\n\n\n\n<figure class=\"wp-block-image size-large\"><img decoding=\"async\" loading=\"lazy\" width=\"1200\" height=\"675\" data-src=\"https:\/\/www.creilsudoise-tourisme.fr\/wp-content\/uploads\/2022\/11\/DSC04307-1200x675.jpg\" alt=\"\" class=\"wp-image-43635\" data-srcset=\"https:\/\/www.creilsudoise-tourisme.fr\/wp-content\/uploads\/2022\/11\/DSC04307-1200x675.jpg 1200w, https:\/\/www.creilsudoise-tourisme.fr\/wp-content\/uploads\/2022\/11\/DSC04307-600x338.jpg 600w, https:\/\/www.creilsudoise-tourisme.fr\/wp-content\/uploads\/2022\/11\/DSC04307-900x507.jpg 900w, https:\/\/www.creilsudoise-tourisme.fr\/wp-content\/uploads\/2022\/11\/DSC04307-200x113.jpg 200w, https:\/\/www.creilsudoise-tourisme.fr\/wp-content\/uploads\/2022\/11\/DSC04307-650x366.jpg 650w, https:\/\/www.creilsudoise-tourisme.fr\/wp-content\/uploads\/2022\/11\/DSC04307-387x218.jpg 387w, https:\/\/www.creilsudoise-tourisme.fr\/wp-content\/uploads\/2022\/11\/DSC04307.jpg 1480w\" sizes=\"(max-width: 1200px) 100vw, 1200px\" \/><\/figure>\n\n\n\n<p>At the age of 16, he passed a <strong>CAP Stonemason<\/strong> and then makes its journey&nbsp;<strong>&nbsp;in France<\/strong>He will discover the different techniques for cutting the different stones in the different regions. He meets <strong>lava stone, granite, sandstone, marble and coarse sedimentary limestone<\/strong>which the very <strong>famous Stone of Saint-Maximin<\/strong> (and the surrounding area!), known worldwide as the <strong>Pierre de Paris<\/strong>.<\/p>\n\n\n\n<p>Year after year, site after site, Fr\u00e9d\u00e9ric improves his skills <strong>to managing a renovation company for historical monuments <\/strong>in Bayonne. But he no longer touches the stone, while enduring long days at a frantic pace... Until the day when a superb opportunity is offered to him.<\/p>\n\n\n\n<p>In the 2010s, the <strong>Mayor of Saint-Maximin <\/strong>wishes to revitalise the stone work in the municipality and <strong>offer training as a tailor<\/strong>. He approached the Atelier de la Pierre d'Angle, an association that trains in stone cutting in Brignoles, in the Var. Some time later, <strong>l'Atelier num\u00e9ro 2 moves to Saint-Maximin<\/strong>on a piece of land made available by the town hall! Another Fr\u00e9d\u00e9ric, Milleville by name, in charge of the Ouach\u00e9e and Corpechot quarry workshop in Saint-Maximin, brings Fr\u00e9d\u00e9ric (ours) into the equation. <strong>Fr\u00e9d\u00e9ric<\/strong> (still ours), <strong>rediscover the joy of working with stone<\/strong> (that of the South of the Oise, which he has shaped so much throughout France, without really knowing its origins) and discovers a <strong>a passion: that of a trainer<\/strong>&nbsp;!<\/p>\n\n\n\n<p>As Fr\u00e9d\u00e9ric says so beautifully, since that moment, <strong>he restores people by passing on his knowledge.<\/strong><\/p>\n\n\n\n<figure class=\"wp-block-image size-large\"><img decoding=\"async\" loading=\"lazy\" width=\"1200\" height=\"675\" data-src=\"https:\/\/www.creilsudoise-tourisme.fr\/wp-content\/uploads\/2022\/11\/Sans-titre-1200x675.jpg\" alt=\"\" class=\"wp-image-43641\" data-srcset=\"https:\/\/www.creilsudoise-tourisme.fr\/wp-content\/uploads\/2022\/11\/Sans-titre-1200x675.jpg 1200w, https:\/\/www.creilsudoise-tourisme.fr\/wp-content\/uploads\/2022\/11\/Sans-titre-600x338.jpg 600w, https:\/\/www.creilsudoise-tourisme.fr\/wp-content\/uploads\/2022\/11\/Sans-titre-900x507.jpg 900w, https:\/\/www.creilsudoise-tourisme.fr\/wp-content\/uploads\/2022\/11\/Sans-titre-200x113.jpg 200w, https:\/\/www.creilsudoise-tourisme.fr\/wp-content\/uploads\/2022\/11\/Sans-titre-650x366.jpg 650w, https:\/\/www.creilsudoise-tourisme.fr\/wp-content\/uploads\/2022\/11\/Sans-titre-387x218.jpg 387w, https:\/\/www.creilsudoise-tourisme.fr\/wp-content\/uploads\/2022\/11\/Sans-titre.jpg 1480w\" sizes=\"(max-width: 1200px) 100vw, 1200px\" \/><\/figure>\n\n\n\n<h3>L'Atelier de la Pierre d'Angle, training courses<\/h3>\n\n\n\n<p><strong>The Cornerstone Workshop <\/strong>[<a href=\"https:\/\/hautsdefrance.apprentis-auteuil.org\/editorial\/pole-formation-insertion\/atelier-pierre-dangle\/\">https:\/\/hautsdefrance.apprentis-auteuil.org\/editorial\/pole-formation-insertion\/atelier-pierre-dangle\/<\/a>]<strong> opens its doors in 2014<\/strong> and then proposes a training course, that of <strong>Stonemason <\/strong>[<a href=\"https:\/\/hautsdefrance.apprentis-auteuil.org\/files\/2022\/01\/Fiche-de-formation-complete_TP-Tailleur-de-pierre.pdf\">https:\/\/hautsdefrance.apprentis-auteuil.org\/files\/2022\/01\/Fiche-de-formation-complete_TP-Tailleur-de-pierre.pdf<\/a>]. During <strong>8 months<\/strong>12 apprentices discover the ancestral techniques of the cathedral builders, and learn how to draw a blueprint, cut, carve (by hand, not with machines!), lay, seal, patinate and harmonise the stone. <strong>They become familiar with their tools<\/strong>&nbsp;The point, the pointerolle, the chisel, the sledgehammer, the chaser, the square, the metre or the pencil.<\/p>\n\n\n\n<p>At the end of their training, a <strong>Professional Title 3<\/strong> (equivalent to the CAP), is awarded following an examination lasting 6 hours during which the student must carve his work.<\/p>\n\n\n\n<div class=\"is-layout-flex wp-container-3 wp-block-columns\">\n<div class=\"is-layout-flow wp-block-column\" style=\"flex-basis:66.66%\">\n<figure class=\"wp-block-image size-large\"><img decoding=\"async\" loading=\"lazy\" width=\"1200\" height=\"675\" data-src=\"https:\/\/www.creilsudoise-tourisme.fr\/wp-content\/uploads\/2022\/11\/DSC03998-1200x675.jpg\" alt=\"\" class=\"wp-image-43633\" data-srcset=\"https:\/\/www.creilsudoise-tourisme.fr\/wp-content\/uploads\/2022\/11\/DSC03998-1200x675.jpg 1200w, https:\/\/www.creilsudoise-tourisme.fr\/wp-content\/uploads\/2022\/11\/DSC03998-600x338.jpg 600w, https:\/\/www.creilsudoise-tourisme.fr\/wp-content\/uploads\/2022\/11\/DSC03998-900x507.jpg 900w, https:\/\/www.creilsudoise-tourisme.fr\/wp-content\/uploads\/2022\/11\/DSC03998-200x113.jpg 200w, https:\/\/www.creilsudoise-tourisme.fr\/wp-content\/uploads\/2022\/11\/DSC03998-650x366.jpg 650w, https:\/\/www.creilsudoise-tourisme.fr\/wp-content\/uploads\/2022\/11\/DSC03998-387x218.jpg 387w, https:\/\/www.creilsudoise-tourisme.fr\/wp-content\/uploads\/2022\/11\/DSC03998.jpg 1480w\" sizes=\"(max-width: 1200px) 100vw, 1200px\" \/><\/figure>\n<\/div>\n\n\n\n<div class=\"is-layout-flow wp-block-column\" style=\"flex-basis:33.33%\">\n<figure class=\"wp-block-image size-large is-resized\"><img decoding=\"async\" loading=\"lazy\" data-src=\"https:\/\/www.creilsudoise-tourisme.fr\/wp-content\/uploads\/2022\/11\/Sans-titreff-2-edited.jpg\" alt=\"\" class=\"wp-image-43645\" width=\"179\" height=\"286\" data-srcset=\"https:\/\/www.creilsudoise-tourisme.fr\/wp-content\/uploads\/2022\/11\/Sans-titreff-2-edited.jpg 492w, https:\/\/www.creilsudoise-tourisme.fr\/wp-content\/uploads\/2022\/11\/Sans-titreff-2-edited-375x600.jpg 375w, https:\/\/www.creilsudoise-tourisme.fr\/wp-content\/uploads\/2022\/11\/Sans-titreff-2-edited-200x320.jpg 200w, https:\/\/www.creilsudoise-tourisme.fr\/wp-content\/uploads\/2022\/11\/Sans-titreff-2-edited-387x620.jpg 387w\" sizes=\"(max-width: 179px) 100vw, 179px\" \/><\/figure>\n<\/div>\n<\/div>\n\n\n\n<p>Subsequently, from <strong>good professional opportunities await the winners<\/strong>Many companies are looking for the skills they will have acquired at the Workshop. Previous sessions include, <strong>some of our former students are now working on beautiful sites <\/strong>as the <strong>renovation of the Ch\u00e2teau de Villers-Cotter\u00eats<\/strong>which will host the Cit\u00e9 internationale de la langue fran\u00e7aise [<a href=\"https:\/\/www.cite-langue-francaise.fr\/\">https:\/\/www.cite-langue-francaise.fr\/<\/a>...] or the one for the <strong>restoration of the Ch\u00e2teau de Creil<\/strong> [<a href=\"https:\/\/www.creil.fr\/le-chateau-et-la-salle-des-gardes-ancien-chateau-fort\">https:\/\/www.creil.fr\/le-chateau-et-la-salle-des-gardes-ancien-chateau-fort<\/a>]. Others participated in the <strong>cleaning of Notre-Dame in Paris<\/strong>after the terrible fire of 2019.<\/p>\n\n\n<div class=\"wp-block wp-block-highlight\">\n            <h3 class=\"wp-block-highlight-item wp-block-highlight-title\">Did you know that?<\/h3>\n                <p class=\"wp-block-highlight-item wp-block-highlight-excerpt\"><strong>You can see one of the superb creations of the Atelier de la Pierre d'Angle<\/strong> at the reception of the Creil Sud Oise Tourist Office: on <strong>stone wall of Saint-Maximin<\/strong>. All rights reserved <strong>from the imagination of Fr\u00e9d\u00e9ric<\/strong>This wall is <strong>an ode to stone cutting!<\/strong> Very <strong>educational<\/strong>It allows you to visualise the <strong>different pruning techniques<\/strong>but also of <strong>discover the art of heraldry<\/strong> (the science of coats of arms) through the representation, in relief, of the 4 colours of the logo of the Creil Sud Oise Tourist Office: black, green, yellow and blue. A particularly unique piece not to be missed, <strong>the wall also incorporates a sedimented stone in a very curious way<\/strong>... Come to the Office to discover it and understand its origin!<\/p>\n    <\/div>\n\n\n<p><strong>In 2016, the centre will have a new training course<\/strong>&nbsp;that of the <strong>masonry in old buildings<\/strong> [<a href=\"https:\/\/hautsdefrance.apprentis-auteuil.org\/files\/2022\/01\/Fiche-de-formation-complete_Titre-Pro-MB.pdf\">https:\/\/hautsdefrance.apprentis-auteuil.org\/files\/2022\/01\/Fiche-de-formation-complete_Titre-Pro-MB.pdf<\/a>]. Pascal is in charge of training and preparing the 12 students, during <strong>6 months<\/strong>They will have to make a formwork, a stone wall and a plastering with old materials.<\/p>\n\n\n\n<p>The training courses offered at the Atelier de la Pierre d'Angle are all Qualiopi certified.<\/p>\n\n\n\n<figure class=\"wp-block-image size-large\"><img decoding=\"async\" loading=\"lazy\" width=\"1200\" height=\"675\" data-src=\"https:\/\/www.creilsudoise-tourisme.fr\/wp-content\/uploads\/2022\/11\/DSC04330-1200x675.jpg\" alt=\"\" class=\"wp-image-43638\" data-srcset=\"https:\/\/www.creilsudoise-tourisme.fr\/wp-content\/uploads\/2022\/11\/DSC04330-1200x675.jpg 1200w, https:\/\/www.creilsudoise-tourisme.fr\/wp-content\/uploads\/2022\/11\/DSC04330-600x338.jpg 600w, https:\/\/www.creilsudoise-tourisme.fr\/wp-content\/uploads\/2022\/11\/DSC04330-900x507.jpg 900w, https:\/\/www.creilsudoise-tourisme.fr\/wp-content\/uploads\/2022\/11\/DSC04330-200x113.jpg 200w, https:\/\/www.creilsudoise-tourisme.fr\/wp-content\/uploads\/2022\/11\/DSC04330-650x366.jpg 650w, https:\/\/www.creilsudoise-tourisme.fr\/wp-content\/uploads\/2022\/11\/DSC04330-387x218.jpg 387w, https:\/\/www.creilsudoise-tourisme.fr\/wp-content\/uploads\/2022\/11\/DSC04330.jpg 1480w\" sizes=\"(max-width: 1200px) 100vw, 1200px\" \/><\/figure>\n\n\n\n<p><strong>Since 2018, the Atelier de la Pierre d'Angle has been hosting integration projects<\/strong>The project is managed by Philippe, a technical supervisor, and Carole, a socio-professional support worker, assisted by Marthe. Thus, through workcamps commissioned by professionals, associations or communities, these people learn a trade and resume a stable life path.<\/p>\n\n\n\n<p>In 2021, <strong><s>the<\/s> <a href=\"https:\/\/hautsdefrance.apprentis-auteuil.org\/\" target=\"_blank\" rel=\"noreferrer noopener\">Apprentices of Auteuil<\/a>Catholic foundation recognised as being of public utility<\/strong>which works to support and re-mobilise young people in difficulty,<strong> integrates the Atelier de la Pierre d'Angle into its Carlo Acutis training and integration centre in Picardy<\/strong>. The individualised support offered by the teams enables trainees to find employment after the course.<\/p>\n\n\n<div class=\"wp-block wp-block-highlight\">\n            <h3 class=\"wp-block-highlight-item wp-block-highlight-title\">How to register for one of the courses?<\/h3>\n                <p class=\"wp-block-highlight-item wp-block-highlight-excerpt\">Both courses are <strong>funded by the Regional Council<\/strong> for people <strong>registered with P\u00f4le emploi<\/strong>. You need to be <strong>major<\/strong>Some of them have just finished their studies, others already have an advanced professional career (you will meet a young person who is still studying, a former computer scientist, an art historian or a geology enthusiast... and a great emulation takes place in this heterogeneous and complementary group!) For those who wish to do <strong>continuous learning<\/strong>This is also possible: for example, the workshop sometimes welcomes masons who wish to improve their skills.<br><strong>Meeting on Wednesdays at 9am<\/strong> for a visit of the premises and the discovery of the training during a <strong>collective information meeting<\/strong>. The <strong>next training starts in February 2023<\/strong>.<\/p>\n    <\/div>\n\n\n<div class=\"is-layout-flex wp-container-6 wp-block-columns\">\n<div class=\"is-layout-flow wp-block-column\">\n<figure class=\"wp-block-image size-large\"><img decoding=\"async\" loading=\"lazy\" width=\"1200\" height=\"675\" data-src=\"https:\/\/www.creilsudoise-tourisme.fr\/wp-content\/uploads\/2022\/11\/DSC04324-1200x675.jpg\" alt=\"\" class=\"wp-image-43637\" data-srcset=\"https:\/\/www.creilsudoise-tourisme.fr\/wp-content\/uploads\/2022\/11\/DSC04324-1200x675.jpg 1200w, https:\/\/www.creilsudoise-tourisme.fr\/wp-content\/uploads\/2022\/11\/DSC04324-600x338.jpg 600w, https:\/\/www.creilsudoise-tourisme.fr\/wp-content\/uploads\/2022\/11\/DSC04324-900x507.jpg 900w, https:\/\/www.creilsudoise-tourisme.fr\/wp-content\/uploads\/2022\/11\/DSC04324-200x113.jpg 200w, https:\/\/www.creilsudoise-tourisme.fr\/wp-content\/uploads\/2022\/11\/DSC04324-650x366.jpg 650w, https:\/\/www.creilsudoise-tourisme.fr\/wp-content\/uploads\/2022\/11\/DSC04324-387x218.jpg 387w, https:\/\/www.creilsudoise-tourisme.fr\/wp-content\/uploads\/2022\/11\/DSC04324.jpg 1480w\" sizes=\"(max-width: 1200px) 100vw, 1200px\" \/><\/figure>\n<\/div>\n\n\n\n<div class=\"is-layout-flow wp-block-column\">\n<figure class=\"wp-block-image size-large\"><img decoding=\"async\" loading=\"lazy\" width=\"1200\" height=\"675\" data-src=\"https:\/\/www.creilsudoise-tourisme.fr\/wp-content\/uploads\/2022\/11\/DSC04320-1200x675.jpg\" alt=\"\" class=\"wp-image-43636\" data-srcset=\"https:\/\/www.creilsudoise-tourisme.fr\/wp-content\/uploads\/2022\/11\/DSC04320-1200x675.jpg 1200w, https:\/\/www.creilsudoise-tourisme.fr\/wp-content\/uploads\/2022\/11\/DSC04320-600x338.jpg 600w, https:\/\/www.creilsudoise-tourisme.fr\/wp-content\/uploads\/2022\/11\/DSC04320-900x507.jpg 900w, https:\/\/www.creilsudoise-tourisme.fr\/wp-content\/uploads\/2022\/11\/DSC04320-200x113.jpg 200w, https:\/\/www.creilsudoise-tourisme.fr\/wp-content\/uploads\/2022\/11\/DSC04320-650x366.jpg 650w, https:\/\/www.creilsudoise-tourisme.fr\/wp-content\/uploads\/2022\/11\/DSC04320-387x218.jpg 387w, https:\/\/www.creilsudoise-tourisme.fr\/wp-content\/uploads\/2022\/11\/DSC04320.jpg 1480w\" sizes=\"(max-width: 1200px) 100vw, 1200px\" \/><\/figure>\n<\/div>\n<\/div>\n\n\n\n<h3>To find out more about Saint-Maximin stone<\/h3>\n\n\n\n<p><strong>See you at the <a href=\"https:\/\/www.creilsudoise-tourisme.fr\/en\/jexplore\/must-haves\/maison-de-la-pierre\/\" target=\"_blank\" rel=\"noreferrer noopener\">House of the Stone of Saint-Maximin<\/a><\/strong> to find out more about the stone from the south of the Oise region, its sedimentation and use over the centuries!<\/p>\n\n\n\n<hr class=\"wp-block-separator has-css-opacity\"\/>\n\n\n\n<figure class=\"wp-block-embed is-type-video is-provider-youtube wp-block-embed-youtube wp-embed-aspect-16-9 wp-has-aspect-ratio\"><div class=\"wp-block-embed__wrapper\">\n<iframe loading=\"lazy\" title=\"Discovering Saint-Maximin\" width=\"500\" height=\"281\" data-src=\"https:\/\/www.youtube.com\/embed\/D17VXbBNfYk?feature=oembed\" frameborder=\"0\" allow=\"accelerometer; autoplay; clipboard-write; encrypted-media; gyroscope; picture-in-picture\" allowfullscreen><\/iframe>\n<\/div><\/figure>","protected":false},"excerpt":{"rendered":"<p>Each month, we invite you to discover the Creil Sud Oise region in a different way: through the portraits of 12 Tourism Ambassadors who work every day to promote tourism in the south of the Oise! Fr\u00e9d\u00e9ric Mutillod Trainer at the Atelier de la Pierre d'Angle in Saint-Maximin When you walk through the doors of the Atelier de la Pierre d'Angle in [...]<\/p>","protected":false},"author":3,"featured_media":43648,"comment_status":"closed","ping_status":"closed","sticky":false,"template":"","format":"standard","meta":{"_relevanssi_hide_post":"","_relevanssi_hide_content":"","_relevanssi_pin_for_all":"","_relevanssi_pin_keywords":"","_relevanssi_unpin_keywords":"","_relevanssi_related_keywords":"","_relevanssi_related_include_ids":"","_relevanssi_related_exclude_ids":"","_relevanssi_related_no_append":"","_relevanssi_related_not_related":"","_relevanssi_related_posts":"39315,39133,38910,37757,38705,37920","_relevanssi_noindex_reason":""},"categories":[10],"tags":[],"yoast_head":"<!-- This site is optimized with the Yoast SEO plugin v20.2.1 - https:\/\/yoast.com\/wordpress\/plugins\/seo\/ -->\n<title>Fr\u00e9d\u00e9ric Mutillod, formateur \u00e0 l&#039;Atelier de la Pierre d&#039;Angle<\/title>\n<meta name=\"description\" content=\"Chaque mois, d\u00e9couvrez le territoire Creil Sud Oise \u00e0 travers un article et une interview sur un ambassadeur passionn\u00e9 ! En novembre, c&#039;est Fr\u00e9d\u00e9ric Mutillod !\" \/>\n<meta name=\"robots\" content=\"index, follow, max-snippet:-1, max-image-preview:large, max-video-preview:-1\" \/>\n<link rel=\"canonical\" href=\"https:\/\/www.creilsudoise-tourisme.fr\/en\/2022\/11\/29\/frederic-mutillod\/\" \/>\n<meta property=\"og:locale\" content=\"en_GB\" \/>\n<meta property=\"og:type\" content=\"article\" \/>\n<meta property=\"og:title\" content=\"Fr\u00e9d\u00e9ric Mutillod, formateur \u00e0 l&#039;Atelier de la Pierre d&#039;Angle\" \/>\n<meta property=\"og:description\" content=\"Chaque mois, d\u00e9couvrez le territoire Creil Sud Oise \u00e0 travers un article et une interview sur un ambassadeur passionn\u00e9 ! En novembre, c&#039;est Fr\u00e9d\u00e9ric Mutillod !\" \/>\n<meta property=\"og:url\" content=\"https:\/\/www.creilsudoise-tourisme.fr\/en\/2022\/11\/29\/frederic-mutillod\/\" \/>\n<meta property=\"og:site_name\" content=\"Office de Tourisme Creil Sud Oise\" \/>\n<meta property=\"article:publisher\" content=\"https:\/\/www.facebook.com\/creilsudoisetourisme\/\" \/>\n<meta property=\"article:published_time\" content=\"2022-11-29T16:00:43+00:00\" \/>\n<meta property=\"article:modified_time\" content=\"2024-04-23T08:00:28+00:00\" \/>\n<meta property=\"og:image\" content=\"https:\/\/www.creilsudoise-tourisme.fr\/wp-content\/uploads\/2022\/11\/Frederic.jpg\" \/>\n\t<meta property=\"og:image:width\" content=\"816\" \/>\n\t<meta property=\"og:image:height\" content=\"833\" \/>\n\t<meta property=\"og:image:type\" content=\"image\/jpeg\" \/>\n<meta name=\"author\" content=\"fdubut\" \/>\n<meta name=\"twitter:card\" content=\"summary_large_image\" \/>\n<meta name=\"twitter:creator\" content=\"@CreilSudOiseOT\" \/>\n<meta name=\"twitter:site\" content=\"@CreilSudOiseOT\" \/>\n<meta name=\"twitter:label1\" content=\"Written by\" \/>\n\t<meta name=\"twitter:data1\" content=\"fdubut\" \/>\n\t<meta name=\"twitter:label2\" content=\"Estimated reading time\" \/>\n\t<meta name=\"twitter:data2\" content=\"6 minutes\" \/>\n<script type=\"application\/ld+json\" class=\"yoast-schema-graph\">{\"@context\":\"https:\/\/schema.org\",\"@graph\":[{\"@type\":\"Article\",\"@id\":\"https:\/\/www.creilsudoise-tourisme.fr\/2022\/11\/29\/frederic-mutillod\/#article\",\"isPartOf\":{\"@id\":\"https:\/\/www.creilsudoise-tourisme.fr\/2022\/11\/29\/frederic-mutillod\/\"},\"author\":{\"name\":\"fdubut\",\"@id\":\"https:\/\/www.creilsudoise-tourisme.fr\/#\/schema\/person\/c5140d47645b13bee896bfe05f1bd5da\"},\"headline\":\"Fr\u00e9d\u00e9ric Mutillod\",\"datePublished\":\"2022-11-29T16:00:43+00:00\",\"dateModified\":\"2024-04-23T08:00:28+00:00\",\"mainEntityOfPage\":{\"@id\":\"https:\/\/www.creilsudoise-tourisme.fr\/2022\/11\/29\/frederic-mutillod\/\"},\"wordCount\":1024,\"publisher\":{\"@id\":\"https:\/\/www.creilsudoise-tourisme.fr\/#organization\"},\"articleSection\":[\"Nos ambassadeurs\"],\"inLanguage\":\"en-GB\"},{\"@type\":\"WebPage\",\"@id\":\"https:\/\/www.creilsudoise-tourisme.fr\/2022\/11\/29\/frederic-mutillod\/\",\"url\":\"https:\/\/www.creilsudoise-tourisme.fr\/2022\/11\/29\/frederic-mutillod\/\",\"name\":\"Fr\u00e9d\u00e9ric Mutillod, formateur \u00e0 l'Atelier de la Pierre d'Angle\",\"isPartOf\":{\"@id\":\"https:\/\/www.creilsudoise-tourisme.fr\/#website\"},\"datePublished\":\"2022-11-29T16:00:43+00:00\",\"dateModified\":\"2024-04-23T08:00:28+00:00\",\"description\":\"Chaque mois, d\u00e9couvrez le territoire Creil Sud Oise \u00e0 travers un article et une interview sur un ambassadeur passionn\u00e9 ! En novembre, c'est Fr\u00e9d\u00e9ric Mutillod !\",\"breadcrumb\":{\"@id\":\"https:\/\/www.creilsudoise-tourisme.fr\/2022\/11\/29\/frederic-mutillod\/#breadcrumb\"},\"inLanguage\":\"en-GB\",\"potentialAction\":[{\"@type\":\"ReadAction\",\"target\":[\"https:\/\/www.creilsudoise-tourisme.fr\/2022\/11\/29\/frederic-mutillod\/\"]}]},{\"@type\":\"BreadcrumbList\",\"@id\":\"https:\/\/www.creilsudoise-tourisme.fr\/2022\/11\/29\/frederic-mutillod\/#breadcrumb\",\"itemListElement\":[{\"@type\":\"ListItem\",\"position\":1,\"name\":\"Accueil\",\"item\":\"https:\/\/www.creilsudoise-tourisme.fr\/\"},{\"@type\":\"ListItem\",\"position\":2,\"name\":\"Fr\u00e9d\u00e9ric Mutillod\"}]},{\"@type\":\"WebSite\",\"@id\":\"https:\/\/www.creilsudoise-tourisme.fr\/#website\",\"url\":\"https:\/\/www.creilsudoise-tourisme.fr\/\",\"name\":\"Office de Tourisme Creil Sud Oise\",\"description\":\"Creil Sud Oise Tourisme, un territoire \u00e0 explorer !\",\"publisher\":{\"@id\":\"https:\/\/www.creilsudoise-tourisme.fr\/#organization\"},\"potentialAction\":[{\"@type\":\"SearchAction\",\"target\":{\"@type\":\"EntryPoint\",\"urlTemplate\":\"https:\/\/www.creilsudoise-tourisme.fr\/?s={search_term_string}\"},\"query-input\":\"required name=search_term_string\"}],\"inLanguage\":\"en-GB\"},{\"@type\":\"Organization\",\"@id\":\"https:\/\/www.creilsudoise-tourisme.fr\/#organization\",\"name\":\"Creil Sud Oise Tourisme\",\"url\":\"https:\/\/www.creilsudoise-tourisme.fr\/\",\"logo\":{\"@type\":\"ImageObject\",\"inLanguage\":\"en-GB\",\"@id\":\"https:\/\/www.creilsudoise-tourisme.fr\/#\/schema\/logo\/image\/\",\"url\":\"https:\/\/www.creilsudoise-tourisme.fr\/wp-content\/uploads\/2021\/05\/logo-svg.png\",\"contentUrl\":\"https:\/\/www.creilsudoise-tourisme.fr\/wp-content\/uploads\/2021\/05\/logo-svg.png\",\"width\":182,\"height\":71,\"caption\":\"Creil Sud Oise Tourisme\"},\"image\":{\"@id\":\"https:\/\/www.creilsudoise-tourisme.fr\/#\/schema\/logo\/image\/\"},\"sameAs\":[\"https:\/\/www.facebook.com\/creilsudoisetourisme\/\",\"https:\/\/twitter.com\/CreilSudOiseOT\",\"https:\/\/www.instagram.com\/creilsudoisetourisme\/\",\"https:\/\/www.youtube.com\/channel\/UC8L_QD2wwyADW14zt9fY8kw\"]},{\"@type\":\"Person\",\"@id\":\"https:\/\/www.creilsudoise-tourisme.fr\/#\/schema\/person\/c5140d47645b13bee896bfe05f1bd5da\",\"name\":\"fdubut\",\"image\":{\"@type\":\"ImageObject\",\"inLanguage\":\"en-GB\",\"@id\":\"https:\/\/www.creilsudoise-tourisme.fr\/#\/schema\/person\/image\/\",\"url\":\"https:\/\/secure.gravatar.com\/avatar\/c49bb61337bf4556cafdbcb92c18618d?s=96&d=mm&r=g\",\"contentUrl\":\"https:\/\/secure.gravatar.com\/avatar\/c49bb61337bf4556cafdbcb92c18618d?s=96&d=mm&r=g\",\"caption\":\"fdubut\"},\"url\":\"https:\/\/www.creilsudoise-tourisme.fr\/en\/auteur\/fdubut\/\"}]}<\/script>\n<!-- \/ Yoast SEO plugin. -->","yoast_head_json":{"title":"Fr\u00e9d\u00e9ric Mutillod, formateur \u00e0 l'Atelier de la Pierre d'Angle","description":"Chaque mois, d\u00e9couvrez le territoire Creil Sud Oise \u00e0 travers un article et une interview sur un ambassadeur passionn\u00e9 ! En novembre, c'est Fr\u00e9d\u00e9ric Mutillod !","robots":{"index":"index","follow":"follow","max-snippet":"max-snippet:-1","max-image-preview":"max-image-preview:large","max-video-preview":"max-video-preview:-1"},"canonical":"https:\/\/www.creilsudoise-tourisme.fr\/en\/2022\/11\/29\/frederic-mutillod\/","og_locale":"en_GB","og_type":"article","og_title":"Fr\u00e9d\u00e9ric Mutillod, formateur \u00e0 l'Atelier de la Pierre d'Angle","og_description":"Chaque mois, d\u00e9couvrez le territoire Creil Sud Oise \u00e0 travers un article et une interview sur un ambassadeur passionn\u00e9 ! En novembre, c'est Fr\u00e9d\u00e9ric Mutillod !","og_url":"https:\/\/www.creilsudoise-tourisme.fr\/en\/2022\/11\/29\/frederic-mutillod\/","og_site_name":"Office de Tourisme Creil Sud Oise","article_publisher":"https:\/\/www.facebook.com\/creilsudoisetourisme\/","article_published_time":"2022-11-29T16:00:43+00:00","article_modified_time":"2024-04-23T08:00:28+00:00","og_image":[{"width":816,"height":833,"url":"https:\/\/www.creilsudoise-tourisme.fr\/wp-content\/uploads\/2022\/11\/Frederic.jpg","type":"image\/jpeg"}],"author":"fdubut","twitter_card":"summary_large_image","twitter_creator":"@CreilSudOiseOT","twitter_site":"@CreilSudOiseOT","twitter_misc":{"Written by":"fdubut","Estimated reading time":"6 minutes"},"schema":{"@context":"https:\/\/schema.org","@graph":[{"@type":"Article","@id":"https:\/\/www.creilsudoise-tourisme.fr\/2022\/11\/29\/frederic-mutillod\/#article","isPartOf":{"@id":"https:\/\/www.creilsudoise-tourisme.fr\/2022\/11\/29\/frederic-mutillod\/"},"author":{"name":"fdubut","@id":"https:\/\/www.creilsudoise-tourisme.fr\/#\/schema\/person\/c5140d47645b13bee896bfe05f1bd5da"},"headline":"Fr\u00e9d\u00e9ric Mutillod","datePublished":"2022-11-29T16:00:43+00:00","dateModified":"2024-04-23T08:00:28+00:00","mainEntityOfPage":{"@id":"https:\/\/www.creilsudoise-tourisme.fr\/2022\/11\/29\/frederic-mutillod\/"},"wordCount":1024,"publisher":{"@id":"https:\/\/www.creilsudoise-tourisme.fr\/#organization"},"articleSection":["Nos ambassadeurs"],"inLanguage":"en-GB"},{"@type":"WebPage","@id":"https:\/\/www.creilsudoise-tourisme.fr\/2022\/11\/29\/frederic-mutillod\/","url":"https:\/\/www.creilsudoise-tourisme.fr\/2022\/11\/29\/frederic-mutillod\/","name":"Fr\u00e9d\u00e9ric Mutillod, formateur \u00e0 l'Atelier de la Pierre d'Angle","isPartOf":{"@id":"https:\/\/www.creilsudoise-tourisme.fr\/#website"},"datePublished":"2022-11-29T16:00:43+00:00","dateModified":"2024-04-23T08:00:28+00:00","description":"Chaque mois, d\u00e9couvrez le territoire Creil Sud Oise \u00e0 travers un article et une interview sur un ambassadeur passionn\u00e9 ! En novembre, c'est Fr\u00e9d\u00e9ric Mutillod !","breadcrumb":{"@id":"https:\/\/www.creilsudoise-tourisme.fr\/2022\/11\/29\/frederic-mutillod\/#breadcrumb"},"inLanguage":"en-GB","potentialAction":[{"@type":"ReadAction","target":["https:\/\/www.creilsudoise-tourisme.fr\/2022\/11\/29\/frederic-mutillod\/"]}]},{"@type":"BreadcrumbList","@id":"https:\/\/www.creilsudoise-tourisme.fr\/2022\/11\/29\/frederic-mutillod\/#breadcrumb","itemListElement":[{"@type":"ListItem","position":1,"name":"Accueil","item":"https:\/\/www.creilsudoise-tourisme.fr\/"},{"@type":"ListItem","position":2,"name":"Fr\u00e9d\u00e9ric Mutillod"}]},{"@type":"WebSite","@id":"https:\/\/www.creilsudoise-tourisme.fr\/#website","url":"https:\/\/www.creilsudoise-tourisme.fr\/","name":"Office de Tourisme Creil Sud Oise","description":"Creil Sud Oise Tourisme, un territoire \u00e0 explorer !","publisher":{"@id":"https:\/\/www.creilsudoise-tourisme.fr\/#organization"},"potentialAction":[{"@type":"SearchAction","target":{"@type":"EntryPoint","urlTemplate":"https:\/\/www.creilsudoise-tourisme.fr\/?s={search_term_string}"},"query-input":"required name=search_term_string"}],"inLanguage":"en-GB"},{"@type":"Organization","@id":"https:\/\/www.creilsudoise-tourisme.fr\/#organization","name":"Creil Sud Oise Tourisme","url":"https:\/\/www.creilsudoise-tourisme.fr\/","logo":{"@type":"ImageObject","inLanguage":"en-GB","@id":"https:\/\/www.creilsudoise-tourisme.fr\/#\/schema\/logo\/image\/","url":"https:\/\/www.creilsudoise-tourisme.fr\/wp-content\/uploads\/2021\/05\/logo-svg.png","contentUrl":"https:\/\/www.creilsudoise-tourisme.fr\/wp-content\/uploads\/2021\/05\/logo-svg.png","width":182,"height":71,"caption":"Creil Sud Oise Tourisme"},"image":{"@id":"https:\/\/www.creilsudoise-tourisme.fr\/#\/schema\/logo\/image\/"},"sameAs":["https:\/\/www.facebook.com\/creilsudoisetourisme\/","https:\/\/twitter.com\/CreilSudOiseOT","https:\/\/www.instagram.com\/creilsudoisetourisme\/","https:\/\/www.youtube.com\/channel\/UC8L_QD2wwyADW14zt9fY8kw"]},{"@type":"Person","@id":"https:\/\/www.creilsudoise-tourisme.fr\/#\/schema\/person\/c5140d47645b13bee896bfe05f1bd5da","name":"fdubut","image":{"@type":"ImageObject","inLanguage":"en-GB","@id":"https:\/\/www.creilsudoise-tourisme.fr\/#\/schema\/person\/image\/","url":"https:\/\/secure.gravatar.com\/avatar\/c49bb61337bf4556cafdbcb92c18618d?s=96&d=mm&r=g","contentUrl":"https:\/\/secure.gravatar.com\/avatar\/c49bb61337bf4556cafdbcb92c18618d?s=96&d=mm&r=g","caption":"fdubut"},"url":"https:\/\/www.creilsudoise-tourisme.fr\/en\/auteur\/fdubut\/"}]}},"_links":{"self":[{"href":"https:\/\/www.creilsudoise-tourisme.fr\/en\/wp-json\/wp\/v2\/posts\/43630"}],"collection":[{"href":"https:\/\/www.creilsudoise-tourisme.fr\/en\/wp-json\/wp\/v2\/posts"}],"about":[{"href":"https:\/\/www.creilsudoise-tourisme.fr\/en\/wp-json\/wp\/v2\/types\/post"}],"author":[{"embeddable":true,"href":"https:\/\/www.creilsudoise-tourisme.fr\/en\/wp-json\/wp\/v2\/users\/3"}],"replies":[{"embeddable":true,"href":"https:\/\/www.creilsudoise-tourisme.fr\/en\/wp-json\/wp\/v2\/comments?post=43630"}],"version-history":[{"count":4,"href":"https:\/\/www.creilsudoise-tourisme.fr\/en\/wp-json\/wp\/v2\/posts\/43630\/revisions"}],"predecessor-version":[{"id":53485,"href":"https:\/\/www.creilsudoise-tourisme.fr\/en\/wp-json\/wp\/v2\/posts\/43630\/revisions\/53485"}],"wp:featuredmedia":[{"embeddable":true,"href":"https:\/\/www.creilsudoise-tourisme.fr\/en\/wp-json\/wp\/v2\/media\/43648"}],"wp:attachment":[{"href":"https:\/\/www.creilsudoise-tourisme.fr\/en\/wp-json\/wp\/v2\/media?parent=43630"}],"wp:term":[{"taxonomy":"category","embeddable":true,"href":"https:\/\/www.creilsudoise-tourisme.fr\/en\/wp-json\/wp\/v2\/categories?post=43630"},{"taxonomy":"post_tag","embeddable":true,"href":"https:\/\/www.creilsudoise-tourisme.fr\/en\/wp-json\/wp\/v2\/tags?post=43630"}],"curies":[{"name":"wp","href":"https:\/\/api.w.org\/{rel}","templated":true}]}}