{"id":41674,"date":"2024-07-02T10:31:42","date_gmt":"2024-07-02T08:31:42","guid":{"rendered":"https:\/\/www.creilsudoise-tourisme.fr\/?p=41674"},"modified":"2024-08-27T17:17:19","modified_gmt":"2024-08-27T15:17:19","slug":"que-faire-cet-ete","status":"publish","type":"post","link":"https:\/\/www.creilsudoise-tourisme.fr\/en\/2024\/07\/02\/que-faire-cet-ete\/","title":{"rendered":"What to do this summer?"},"content":{"rendered":"<p class=\"is-style-excerpt\"><strong>In July and August<\/strong>Click here to find out more <strong>Things to do in Creil Sud Oise<\/strong>just a stone's throw from Chantilly, Senlis and Compi\u00e8gne, and not far from the Ile-de-France region!<\/p>\n\n\n\n<div class=\"is-content-justification-center is-layout-flex wp-container-1 wp-block-buttons\">\n<div class=\"wp-block-button\"><a class=\"wp-block-button__link wp-element-button\" href=\"#agenda\">Summer diary<\/a><\/div>\n<\/div>\n\n\n\n<h2>Escape and Explore Games<sup>\u00ae<\/sup> at the Mus\u00e9e Gall\u00e9-Juillet<\/h2>\n\n\n\n<h3>Escape Game<\/h3>\n\n\n\n<p>In an atypical setting (a bourgeois house furnished as if in the 19th century), the<sup>th<\/sup> century!), you will discover the history of the family who lived there at the beginning of the last century through a mysterious story...<\/p>\n\n\n\n<h3>Explor Game<sup>\u00ae<\/sup><\/h3>\n\n\n\n<p>The year is 1393, and a mysterious evil is plaguing King Charles VI! Help Ewen investigate by solving riddles in and around the Museum garden!<\/p>\n\n\n\n<h3>And many other activities<\/h3>\n\n\n\n<p>Painting, craft workshops, illuminations... and exhibitions!<\/p>\n\n\n\n<div class=\"is-content-justification-center is-layout-flex wp-container-2 wp-block-buttons\">\n<div class=\"wp-block-button\"><a class=\"wp-block-button__link wp-element-button\" href=\"https:\/\/museegallejuillet.fr\/expos-activites-culturelles\/\" target=\"_blank\" rel=\"noreferrer noopener\">Mus\u00e9e Gall\u00e9-Juillet in Creil<\/a><\/div>\n<\/div>\n\n\n\n<h2>Introduction to sculpture at the Maison de la Pierre<\/h2>\n\n\n\n<h3>Initiation 1h30<\/h3>\n\n\n\n<p>Join us at the Maison de la Pierre for a 1? hour introduction to stone carving! The little extra: you'll go home with your own masterpiece!<\/p>\n\n\n\n<p><em>Tip: Wednesdays, Thursdays and Fridays, by prior arrangement.<\/em><\/p>\n\n\n\n<h3>Internship<\/h3>\n\n\n\n<p>Would you like to expand your knowledge and skills in stone carving? Take a stone carving course, from 3 hours to 3 days, your choice!<\/p>\n\n\n\n<h3>And many other activities<\/h3>\n\n\n\n<p>Take a guided tour of an underground quarry, take a course in stone sculpture (several days) or stained glass, go on a bat treasure hunt or learn about plants!<\/p>\n\n\n\n<div class=\"is-content-justification-center is-layout-flex wp-container-3 wp-block-buttons\">\n<div class=\"wp-block-button\"><a class=\"wp-block-button__link wp-element-button\" href=\"https:\/\/www.maisondelapierre-oise.fr\/activites\/\" target=\"_blank\" rel=\"noreferrer noopener\">Maison de la Pierre in Saint-Maximin<\/a><\/div>\n<\/div>\n\n\n\n<h2>Themed escape games<\/h2>\n\n\n\n<p>Do you prefer Harry Potter or Alice in Wonderland? Do you prefer to get your knickers in a twist or use your brain?<br>At Freeing Escape Game, there's something for everyone, with 15 different Escape Game scenarios!<\/p>\n\n\n\n<p><em>Please note: Freeing Escape Game will be closed from 15 July to 6 August.<\/em><\/p>\n\n\n\n<div class=\"is-content-justification-center is-layout-flex wp-container-4 wp-block-buttons\">\n<div class=\"wp-block-button\"><a class=\"wp-block-button__link wp-element-button\" href=\"https:\/\/freeing.fr\/\" target=\"_blank\" rel=\"noreferrer noopener\">Freeing Escape Game in Saint-Maximin<\/a><\/div>\n<\/div>\n\n\n\n<h2>Canoeing and kayaking<\/h2>\n\n\n\n<p>You don't have to go all the way to the Ard\u00e8che to go canoeing! The Club de Montataire will drop you off at Mello for a half-day trip down to Montataire, in complete autonomy!<\/p>\n\n\n\n<p><em>Please note: the Cano\u00eb-Kayak Club de Montataire is a voluntary association, so response times sometimes depend on their availability. Thank you for your understanding!<\/em><\/p>\n\n\n\n<div class=\"is-content-justification-center is-layout-flex wp-container-5 wp-block-buttons\">\n<div class=\"wp-block-button\"><a class=\"wp-block-button__link wp-element-button\" href=\"https:\/\/canoe-kayak-montataire.com\/location-randonnees-canoe-kayak-oise\" target=\"_blank\" rel=\"noreferrer noopener\">Canoe-Kayak Club de Montataire<\/a><\/div>\n<\/div>\n\n\n\n<h2>Swimming at the Leisure Centre<\/h2>\n\n\n\n<p>Take advantage of the supervised swimming at the Saint-Leu-d'Esserent Leisure Centre! You can spend the whole day there: water games and courses, playgrounds, water games, pony rides, picnic areas and even barbecues!<\/p>\n\n\n\n<div class=\"is-content-justification-center is-layout-flex wp-container-6 wp-block-buttons\">\n<div class=\"wp-block-button\"><a class=\"wp-block-button__link wp-element-button\" href=\"https:\/\/www.creilsudoise-tourisme.fr\/en\/jexplore\/must-haves\/base-loisirs\/\" target=\"_blank\" rel=\"noreferrer noopener\">Saint-Leu-d'Esserent leisure centre<\/a><\/div>\n<\/div>\n\n\n\n<h2><br>Accrobranche and Explor Games<sup>\u00ae<\/sup> at Parc des Loups<\/h2>\n\n\n\n<h3>Tree climbing<\/h3>\n\n\n\n<p>Test your climbing skills by trying out one of the 6 accrobranche courses in the Parc de l'\u00c9tang des Loups! There's even a zip line over a lake!<\/p>\n\n\n\n<h3>Explor Games<sup>\u00ae<\/sup><\/h3>\n\n\n\n<p>Minus a geolocated tablet and set against a life-size backdrop, your mission (if you accept it) is to free the forest from the Black Elves!<\/p>\n\n\n\n<p><em>Good to know: The Parc des Loups is located within the Leisure Centre (entrance ticket not included).<\/em><\/p>\n\n\n\n<div class=\"is-content-justification-center is-layout-flex wp-container-7 wp-block-buttons\">\n<div class=\"wp-block-button\"><a class=\"wp-block-button__link wp-element-button\" href=\"https:\/\/www.parcdesloups.com\/\" target=\"_blank\" rel=\"noreferrer noopener\">Parcs des Loups in Saint-Leu-d'Esserent<\/a><\/div>\n<\/div>\n\n\n\n<h2>Guided tour and children's workshop at Clouterie Rivierre<\/h2>\n\n\n\n<h3>Guided tour<\/h3>\n\n\n\n<p>Discover a setting worthy of a Zola novel! The Rivierre Clouterie is the last remaining clouter factory in France, where you'll see unique century-old machines and observe the exceptional skills of the men and women who work there.<\/p>\n\n\n\n<p>Meet us every Wednesday at 2pm, by prior arrangement, or for a private tour (\u20ac120 or for groups of 10 or more) from Monday to Friday, by prior arrangement.<\/p>\n\n\n\n<h3>Guided tour and children's workshop<\/h3>\n\n\n\n<p>For the little ones, there are creative workshops specially designed for children! After a guided tour of the nail works, children can take part in a handicraft workshop using nails!<\/p>\n\n\n\n<div class=\"is-content-justification-center is-layout-flex wp-container-8 wp-block-buttons\">\n<div class=\"wp-block-button\"><a class=\"wp-block-button__link wp-element-button\" href=\"https:\/\/www.creilsudoise-tourisme.fr\/en\/jexplore\/must-haves\/clouterie-rivierre\/\" target=\"_blank\" rel=\"noreferrer noopener\">Clouterie Rivierre in Creil<\/a><\/div>\n<\/div>\n\n\n\n<h2>Family cinema<\/h2>\n\n\n\n<h3>Indoor<\/h3>\n\n\n\n<p>Is it too hot? Take advantage of Path\u00e9's air-conditioned cinemas!<br>Is it raining? Take advantage of Path\u00e9's comfortable cinemas!<br>Do you have small children? Take advantage of Ma Mini S\u00e9ance, special slots for them with short films, subdued lighting and adapted sound.<br>In short, there are plenty of good reasons to go to the cinema in summer!<\/p>\n\n\n\n<div class=\"is-content-justification-center is-layout-flex wp-container-9 wp-block-buttons\">\n<div class=\"wp-block-button\"><a class=\"wp-block-button__link wp-element-button\" href=\"https:\/\/www.pathe.fr\/cinemas\/cinema-pathe-montataire\" target=\"_blank\" rel=\"noreferrer noopener\">Path\u00e9 cinema in Montataire<\/a><\/div>\n<\/div>\n\n\n\n<h3>Outdoors<\/h3>\n\n\n\n<p>Summer is the perfect time to take advantage of the good weather to enjoy a film in the open air! Find out which films will be shown at Creil Sud Oise by clicking below:<\/p>\n\n\n\n<div class=\"is-content-justification-center is-layout-flex wp-container-10 wp-block-buttons\">\n<div class=\"wp-block-button\"><a class=\"wp-block-button__link wp-element-button\" href=\"https:\/\/www.creilsudoise-tourisme.fr\/en\/2023\/07\/21\/cine-plein-air\/\" target=\"_blank\" rel=\"noreferrer noopener\">outdoor programming<\/a><\/div>\n<\/div>\n\n\n\n<h2>Guided tour of the Bombing Museum<\/h2>\n\n\n\n<h3>Guided tour<\/h3>\n\n\n\n<p>Interested in the Second World War? Visit the Mus\u00e9e des Bombardments to discover an impressive collection of objects from that era, collected by G\u00e9rard, who was a child in the 1940s and witnessed a plane crash. He has spent his life looking for souvenirs linked to the bombings. Perhaps you'll have the chance to meet him during your visit?<\/p>\n\n\n\n<h3>Family visits<\/h3>\n\n\n\n<p>In July, the Mus\u00e9e des Bombardments is organising a guided tour of Saint-Maximin and the museum, specially designed for families: Raconte-moi l'histoire de Saint-Maximin (Tell me the story of Saint-Maximin).<\/p>\n\n\n\n<div class=\"is-content-justification-center is-layout-flex wp-container-11 wp-block-buttons\">\n<div class=\"wp-block-button\"><a class=\"wp-block-button__link wp-element-button\" href=\"https:\/\/www.creilsudoise-tourisme.fr\/en\/jexplore\/must-haves\/museum-bombing\/\" target=\"_blank\" rel=\"noreferrer noopener\">Bombing Museum at Saint-Maximin<\/a><\/div>\n<\/div>\n\n\n\n<h2>Paintball<\/h2>\n\n\n\n<p>Put on your protective gear, you're in for a real treat! Make the most of a wooded area of over 3,000 m\u00b2 and try to get the flag before the enemy team, avoiding the paintballs!<\/p>\n\n\n\n<div class=\"is-content-justification-center is-layout-flex wp-container-12 wp-block-buttons\">\n<div class=\"wp-block-button\"><a class=\"wp-block-button__link wp-element-button\" href=\"https:\/\/www.paintballplayzone.com\/\" target=\"_blank\" rel=\"noreferrer noopener\">Paintball Play Zone in Saint-Maximin<\/a><\/div>\n<\/div>\n\n\n\n<h2>Royal kids play area<\/h2>\n\n\n\n<p>Slides, nets, ball pools, climbing obstacles, giant legos... Royal Kids is a children's paradise! For parents, there's an air-conditioned relaxation area and a snack bar.<\/p>\n\n\n\n<div class=\"is-content-justification-center is-layout-flex wp-container-13 wp-block-buttons\">\n<div class=\"wp-block-button\"><a class=\"wp-block-button__link wp-element-button\" href=\"https:\/\/www.royalkids.fr\/parcs\/saint_maximin\" target=\"_blank\" rel=\"noreferrer noopener\">Royal Kids in Saint-Maximin<\/a><\/div>\n<\/div>\n\n\n\n<h2>Unlimited bowling!<\/h2>\n\n\n\n<p>Take part in the Vegas Cup at Bowling Plaza and be in with a chance of winning a week in Las Vegas! <\/p>\n\n\n\n<p>When you buy your Vegas Pass for just \u20ac10, you get 4 weeks of unlimited bowling, Monday to Friday, and you're entered for the Vegas Cup!<\/p>\n\n\n\n<p>You'll also be able to follow this year's sporting events on the big screen: Euro 2024 and the Olympic Games!<\/p>\n\n\n\n<p><em>Good to know: Bowling Plaza does not have a telephone line. To contact them, we advise you to use the online form on their website.<\/em><\/p>\n\n\n\n<div class=\"is-content-justification-center is-layout-flex wp-container-14 wp-block-buttons\">\n<div class=\"wp-block-button\"><a class=\"wp-block-button__link wp-element-button\" href=\"https:\/\/www.plazabowling.com\/bowling-saint-maximin-creil\/2\/\" target=\"_blank\" rel=\"noreferrer noopener\">Bowling Plaza in Saint-Maximin<\/a><\/div>\n<\/div>\n\n\n\n<h2>Passage of the Olympic Flame<\/h2>\n\n\n\n<p>Don't miss this historic moment! On 18 July, the Olympic flame will pass through Nogent-sur-Oise and Creil. To mark the occasion, a host of sporting events and shows will be taking place in both towns. Check out the programme below:<\/p>\n\n\n\n<div class=\"is-content-justification-center is-layout-flex wp-container-15 wp-block-buttons\">\n<div class=\"wp-block-button\"><a class=\"wp-block-button__link wp-element-button\" href=\"https:\/\/www.creilsudoise.fr\/passage-flamme-olympique-acso\/?section=passage-flamme\" target=\"_blank\" rel=\"noreferrer noopener\">Programme for 18 July<\/a><\/div>\n<\/div>\n\n\n\n<h2>Robots and animal care<\/h2>\n\n\n\n<h3>Robot programming course<\/h3>\n\n\n\n<p>The Maison d'Activit\u00e9s Scientifiques, Technologiques et Environnementales (MASTE - it's getting quicker!) in Nogent-sur-Oise is offering a course to teach children how to program a robot!<\/p>\n\n\n\n<h3>Work experience with farm animals<\/h3>\n\n\n\n<p>Located right next to MASTE, the educational farm is home to a whole host of animals: children will love taking care of them during the courses organised this summer!<\/p>\n\n\n\n<div class=\"is-content-justification-center is-layout-flex wp-container-16 wp-block-buttons\">\n<div class=\"wp-block-button\"><a class=\"wp-block-button__link wp-element-button\" href=\"https:\/\/www.facebook.com\/MASTENSO\" target=\"_blank\" rel=\"noreferrer noopener\">La MASTE in Nogent-sur-Oise<\/a><\/div>\n<\/div>\n\n\n\n<h2 id=\"agenda\">Calendar<\/h2>\n\n\n\n<p>Not forgetting the <strong>numerous outings, activities and events <\/strong>organised over the two summer months!<\/p>\n\n\n<div data-related-sit=\"1\" data-block-type=\"related-sit-gt\" data-block-id=\"wpet-sit-2cqhzgw9f6o\"><div class=\"wp-block wp-block-related-post wp-block-related-list-sit alignfull\">\n    \n    <div class=\"container\">\n\n                    <h2 class=\"wp-block-related-post-title\">On the programme in July and August<\/h2>\n        \n                    <div id=\"wpiris-related-post-205\" data-id=\"wpiris-entity-slider\">\n                <div class=\"wp-block-related-post-list wp-block-related-post-list--5\" data-id=\"wpiris-entity-slider-wrapper\">\n\n                    \n<div class=\"entityItem\" data-trigger=\"wpiris-click\" data-id=\"wpiris-entity-slider-item\">\n    <p class=\"entityItemThumbnail\">\n        <a href=\"https:\/\/www.creilsudoise-tourisme.fr\/en\/agenda-animations\/stage-vitrail-6\/\" nofancybox>\n            <img data-src=\"https:\/\/www.creilsudoise-tourisme.fr\/wp-content\/uploads\/wpetourisme\/Creez-votre-vitrail-275x350.png\" alt=\"Internship | Stained glass\">\n        <\/a>\n    <\/p>\n    <div class=\"entityItemContent\">\n        <h2 class=\"entityItemContentTitle\">\n            <a href=\"https:\/\/www.creilsudoise-tourisme.fr\/en\/agenda-animations\/stage-vitrail-6\/\">Internship | Stained glass<\/a>\n        <\/h2>\n                    <p class=\"entityItemContentType\">Festivals and events<\/p>\n            <\/div>\n    <a href=\"https:\/\/www.creilsudoise-tourisme.fr\/en\/agenda-animations\/stage-vitrail-6\/\" class=\"seeMore\"><span class=\"sr-only\">See more<\/span><\/a>\n<\/div>\n\n<div class=\"entityItem\" data-trigger=\"wpiris-click\" data-id=\"wpiris-entity-slider-item\">\n    <p class=\"entityItemThumbnail\">\n        <a href=\"https:\/\/www.creilsudoise-tourisme.fr\/en\/agenda-animations\/explore-games-crazy-history-at-creil-boat\/\" nofancybox>\n            <img data-src=\"https:\/\/www.creilsudoise-tourisme.fr\/wp-content\/uploads\/wpetourisme\/Affiche-jeu-2-275x350.jpg\" alt=\"Explor Games\u00ae | Crazy history at the Ch\u00e2teau de Creil\">\n        <\/a>\n    <\/p>\n    <div class=\"entityItemContent\">\n        <h2 class=\"entityItemContentTitle\">\n            <a href=\"https:\/\/www.creilsudoise-tourisme.fr\/en\/agenda-animations\/explore-games-crazy-history-at-creil-boat\/\">Explor Games\u00ae | Crazy history at the Ch\u00e2teau de Creil<\/a>\n        <\/h2>\n                    <p class=\"entityItemContentType\">Festivals and events<\/p>\n            <\/div>\n    <a href=\"https:\/\/www.creilsudoise-tourisme.fr\/en\/agenda-animations\/explore-games-crazy-history-at-creil-boat\/\" class=\"seeMore\"><span class=\"sr-only\">See more<\/span><\/a>\n<\/div>\n\n<div class=\"entityItem\" data-trigger=\"wpiris-click\" data-id=\"wpiris-entity-slider-item\">\n    <p class=\"entityItemThumbnail\">\n        <a href=\"https:\/\/www.creilsudoise-tourisme.fr\/en\/agenda-animations\/stage-vitrail-2\/\" nofancybox>\n            <img data-src=\"https:\/\/www.creilsudoise-tourisme.fr\/wp-content\/uploads\/wpetourisme\/Creez-votre-vitrail-275x350.png\" alt=\"Internship | Stained glass\">\n        <\/a>\n    <\/p>\n    <div class=\"entityItemContent\">\n        <h2 class=\"entityItemContentTitle\">\n            <a href=\"https:\/\/www.creilsudoise-tourisme.fr\/en\/agenda-animations\/stage-vitrail-2\/\">Internship | Stained glass<\/a>\n        <\/h2>\n                    <p class=\"entityItemContentType\">Festivals and events<\/p>\n            <\/div>\n    <a href=\"https:\/\/www.creilsudoise-tourisme.fr\/en\/agenda-animations\/stage-vitrail-2\/\" class=\"seeMore\"><span class=\"sr-only\">See more<\/span><\/a>\n<\/div>\n\n<div class=\"entityItem\" data-trigger=\"wpiris-click\" data-id=\"wpiris-entity-slider-item\">\n    <p class=\"entityItemThumbnail\">\n        <a href=\"https:\/\/www.creilsudoise-tourisme.fr\/en\/agenda-animations\/stage-vitrail-4\/\" nofancybox>\n            <img data-src=\"https:\/\/www.creilsudoise-tourisme.fr\/wp-content\/uploads\/wpetourisme\/Creez-votre-vitrail-275x350.png\" alt=\"Internship | Stained glass\">\n        <\/a>\n    <\/p>\n    <div class=\"entityItemContent\">\n        <h2 class=\"entityItemContentTitle\">\n            <a href=\"https:\/\/www.creilsudoise-tourisme.fr\/en\/agenda-animations\/stage-vitrail-4\/\">Internship | Stained glass<\/a>\n        <\/h2>\n                    <p class=\"entityItemContentType\">Festivals and events<\/p>\n            <\/div>\n    <a href=\"https:\/\/www.creilsudoise-tourisme.fr\/en\/agenda-animations\/stage-vitrail-4\/\" class=\"seeMore\"><span class=\"sr-only\">See more<\/span><\/a>\n<\/div>\n\n<div class=\"entityItem\" data-trigger=\"wpiris-click\" data-id=\"wpiris-entity-slider-item\">\n    <p class=\"entityItemThumbnail\">\n        <a href=\"https:\/\/www.creilsudoise-tourisme.fr\/en\/agenda-animations\/stage-vitrail-5\/\" nofancybox>\n            <img data-src=\"https:\/\/www.creilsudoise-tourisme.fr\/wp-content\/uploads\/wpetourisme\/Creez-votre-vitrail-275x350.png\" alt=\"Internship | Stained glass\">\n        <\/a>\n    <\/p>\n    <div class=\"entityItemContent\">\n        <h2 class=\"entityItemContentTitle\">\n            <a href=\"https:\/\/www.creilsudoise-tourisme.fr\/en\/agenda-animations\/stage-vitrail-5\/\">Internship | Stained glass<\/a>\n        <\/h2>\n                    <p class=\"entityItemContentType\">Festivals and events<\/p>\n            <\/div>\n    <a href=\"https:\/\/www.creilsudoise-tourisme.fr\/en\/agenda-animations\/stage-vitrail-5\/\" class=\"seeMore\"><span class=\"sr-only\">See more<\/span><\/a>\n<\/div>\n                <\/div>\n\n                \n<div class=\"sliderNav\">\n    <div class=\"sliderNavWrapper\">\n        <p class=\"swiperArrow swiperArrow--next\" data-trigger=\"swiper-next\">\n            <span class=\"sr-only\">Next<\/span>\n        <\/p>\n        <p class=\"swiperArrow swiperArrow--prev\" data-trigger=\"swiper-prev\">\n            <span class=\"sr-only\">Previous<\/span>\n        <\/p>\n    <\/div>\n<\/div>\n            <\/div>\n            <\/div>\n<\/div><\/div>\n\n\n<hr class=\"wp-block-separator has-css-opacity\"\/>\n\n\n<div class=\"wp-block wp-block-highlight\">\n            <h3 class=\"wp-block-highlight-item wp-block-highlight-title\">Organising an event this summer<\/h3>\n                <p class=\"wp-block-highlight-item wp-block-highlight-excerpt\">You are <strong>organiser of an event to be held in July or August in the Creil Sud Oise area<\/strong> (or any other event!) but it does not appear on this list?<br><br><strong>Advertise your event for free by filling in this <a href=\"https:\/\/oise.tourinsoft.com\/questionnaire-web\/2f591c16-b52e-4dfc-8106-ffe735dad39e\/eef450e0-413e-4799-b603-660b1bec7447\/add.aspx\" target=\"_blank\" rel=\"noreferrer noopener\">form <\/a>!<\/strong><\/p>\n    <\/div>","protected":false},"excerpt":{"rendered":"<p>In July and August, find out more about what to do in Creil Sud Oise, just a stone's throw from Chantilly, Senlis or Compi\u00e8gne and not far from the Ile-de-France! Escape Game and Explore Games\u00ae at the Mus\u00e9e Gall\u00e9-Juillet Escape Game In an unusual setting (a bourgeois house furnished just as it was in the 19th century!), discover the history of the [...] Mus\u00e9e Gall\u00e9-Juillet<\/p>","protected":false},"author":3,"featured_media":41675,"comment_status":"closed","ping_status":"closed","sticky":false,"template":"","format":"standard","meta":{"_relevanssi_hide_post":"","_relevanssi_hide_content":"","_relevanssi_pin_for_all":"","_relevanssi_pin_keywords":"","_relevanssi_unpin_keywords":"","_relevanssi_related_keywords":"","_relevanssi_related_include_ids":"","_relevanssi_related_exclude_ids":"","_relevanssi_related_no_append":"","_relevanssi_related_not_related":"","_relevanssi_related_posts":"41280,41283,40285,40448,38928,40214","_relevanssi_noindex_reason":""},"categories":[5],"tags":[],"yoast_head":"<!-- This site is optimized with the Yoast SEO plugin v20.2.1 - https:\/\/yoast.com\/wordpress\/plugins\/seo\/ -->\n<title>Au programme cet \u00e9t\u00e9 \u00e0 Creil Sud Oise<\/title>\n<meta name=\"description\" content=\"Vous passez vos vacances dans l&#039;Oise ? Quelle chance, le programme de juillet et ao\u00fbt fourmille d&#039;id\u00e9es de sorties \u00e0 Creil Sud Oise !\" \/>\n<meta name=\"robots\" content=\"index, follow, max-snippet:-1, max-image-preview:large, max-video-preview:-1\" \/>\n<link rel=\"canonical\" href=\"https:\/\/www.creilsudoise-tourisme.fr\/en\/2024\/07\/02\/que-faire-cet-ete\/\" \/>\n<meta property=\"og:locale\" content=\"en_GB\" \/>\n<meta property=\"og:type\" content=\"article\" \/>\n<meta property=\"og:title\" content=\"Au programme cet \u00e9t\u00e9 \u00e0 Creil Sud Oise\" \/>\n<meta property=\"og:description\" content=\"Vous passez vos vacances dans l&#039;Oise ? Quelle chance, le programme de juillet et ao\u00fbt fourmille d&#039;id\u00e9es de sorties \u00e0 Creil Sud Oise !\" \/>\n<meta property=\"og:url\" content=\"https:\/\/www.creilsudoise-tourisme.fr\/en\/2024\/07\/02\/que-faire-cet-ete\/\" \/>\n<meta property=\"og:site_name\" content=\"Office de Tourisme Creil Sud Oise\" \/>\n<meta property=\"article:publisher\" content=\"https:\/\/www.facebook.com\/creilsudoisetourisme\/\" \/>\n<meta property=\"article:published_time\" content=\"2024-07-02T08:31:42+00:00\" \/>\n<meta property=\"article:modified_time\" content=\"2024-08-27T15:17:19+00:00\" \/>\n<meta property=\"og:image\" content=\"https:\/\/www.creilsudoise-tourisme.fr\/wp-content\/uploads\/2022\/06\/Cet-ete-a-Creil-Sud-Oise.jpg\" \/>\n\t<meta property=\"og:image:width\" content=\"1480\" \/>\n\t<meta property=\"og:image:height\" content=\"833\" \/>\n\t<meta property=\"og:image:type\" content=\"image\/jpeg\" \/>\n<meta name=\"author\" content=\"fdubut\" \/>\n<meta name=\"twitter:card\" content=\"summary_large_image\" \/>\n<meta name=\"twitter:creator\" content=\"@CreilSudOiseOT\" \/>\n<meta name=\"twitter:site\" content=\"@CreilSudOiseOT\" \/>\n<meta name=\"twitter:label1\" content=\"Written by\" \/>\n\t<meta name=\"twitter:data1\" content=\"fdubut\" \/>\n\t<meta name=\"twitter:label2\" content=\"Estimated reading time\" \/>\n\t<meta name=\"twitter:data2\" content=\"1 minute\" \/>\n<script type=\"application\/ld+json\" class=\"yoast-schema-graph\">{\"@context\":\"https:\/\/schema.org\",\"@graph\":[{\"@type\":\"Article\",\"@id\":\"https:\/\/www.creilsudoise-tourisme.fr\/2024\/07\/02\/que-faire-cet-ete\/#article\",\"isPartOf\":{\"@id\":\"https:\/\/www.creilsudoise-tourisme.fr\/2024\/07\/02\/que-faire-cet-ete\/\"},\"author\":{\"name\":\"fdubut\",\"@id\":\"https:\/\/www.creilsudoise-tourisme.fr\/#\/schema\/person\/c5140d47645b13bee896bfe05f1bd5da\"},\"headline\":\"Que faire cet \u00e9t\u00e9 ?\",\"datePublished\":\"2024-07-02T08:31:42+00:00\",\"dateModified\":\"2024-08-27T15:17:19+00:00\",\"mainEntityOfPage\":{\"@id\":\"https:\/\/www.creilsudoise-tourisme.fr\/2024\/07\/02\/que-faire-cet-ete\/\"},\"wordCount\":1201,\"publisher\":{\"@id\":\"https:\/\/www.creilsudoise-tourisme.fr\/#organization\"},\"articleSection\":[\"Actus\"],\"inLanguage\":\"en-GB\"},{\"@type\":\"WebPage\",\"@id\":\"https:\/\/www.creilsudoise-tourisme.fr\/2024\/07\/02\/que-faire-cet-ete\/\",\"url\":\"https:\/\/www.creilsudoise-tourisme.fr\/2024\/07\/02\/que-faire-cet-ete\/\",\"name\":\"Au programme cet \u00e9t\u00e9 \u00e0 Creil Sud Oise\",\"isPartOf\":{\"@id\":\"https:\/\/www.creilsudoise-tourisme.fr\/#website\"},\"datePublished\":\"2024-07-02T08:31:42+00:00\",\"dateModified\":\"2024-08-27T15:17:19+00:00\",\"description\":\"Vous passez vos vacances dans l'Oise ? Quelle chance, le programme de juillet et ao\u00fbt fourmille d'id\u00e9es de sorties \u00e0 Creil Sud Oise !\",\"breadcrumb\":{\"@id\":\"https:\/\/www.creilsudoise-tourisme.fr\/2024\/07\/02\/que-faire-cet-ete\/#breadcrumb\"},\"inLanguage\":\"en-GB\",\"potentialAction\":[{\"@type\":\"ReadAction\",\"target\":[\"https:\/\/www.creilsudoise-tourisme.fr\/2024\/07\/02\/que-faire-cet-ete\/\"]}]},{\"@type\":\"BreadcrumbList\",\"@id\":\"https:\/\/www.creilsudoise-tourisme.fr\/2024\/07\/02\/que-faire-cet-ete\/#breadcrumb\",\"itemListElement\":[{\"@type\":\"ListItem\",\"position\":1,\"name\":\"Accueil\",\"item\":\"https:\/\/www.creilsudoise-tourisme.fr\/\"},{\"@type\":\"ListItem\",\"position\":2,\"name\":\"Que faire cet \u00e9t\u00e9 ?\"}]},{\"@type\":\"WebSite\",\"@id\":\"https:\/\/www.creilsudoise-tourisme.fr\/#website\",\"url\":\"https:\/\/www.creilsudoise-tourisme.fr\/\",\"name\":\"Office de Tourisme Creil Sud Oise\",\"description\":\"Creil Sud Oise Tourisme, un territoire \u00e0 explorer !\",\"publisher\":{\"@id\":\"https:\/\/www.creilsudoise-tourisme.fr\/#organization\"},\"potentialAction\":[{\"@type\":\"SearchAction\",\"target\":{\"@type\":\"EntryPoint\",\"urlTemplate\":\"https:\/\/www.creilsudoise-tourisme.fr\/?s={search_term_string}\"},\"query-input\":\"required name=search_term_string\"}],\"inLanguage\":\"en-GB\"},{\"@type\":\"Organization\",\"@id\":\"https:\/\/www.creilsudoise-tourisme.fr\/#organization\",\"name\":\"Creil Sud Oise Tourisme\",\"url\":\"https:\/\/www.creilsudoise-tourisme.fr\/\",\"logo\":{\"@type\":\"ImageObject\",\"inLanguage\":\"en-GB\",\"@id\":\"https:\/\/www.creilsudoise-tourisme.fr\/#\/schema\/logo\/image\/\",\"url\":\"https:\/\/www.creilsudoise-tourisme.fr\/wp-content\/uploads\/2021\/05\/logo-svg.png\",\"contentUrl\":\"https:\/\/www.creilsudoise-tourisme.fr\/wp-content\/uploads\/2021\/05\/logo-svg.png\",\"width\":182,\"height\":71,\"caption\":\"Creil Sud Oise Tourisme\"},\"image\":{\"@id\":\"https:\/\/www.creilsudoise-tourisme.fr\/#\/schema\/logo\/image\/\"},\"sameAs\":[\"https:\/\/www.facebook.com\/creilsudoisetourisme\/\",\"https:\/\/twitter.com\/CreilSudOiseOT\",\"https:\/\/www.instagram.com\/creilsudoisetourisme\/\",\"https:\/\/www.youtube.com\/channel\/UC8L_QD2wwyADW14zt9fY8kw\"]},{\"@type\":\"Person\",\"@id\":\"https:\/\/www.creilsudoise-tourisme.fr\/#\/schema\/person\/c5140d47645b13bee896bfe05f1bd5da\",\"name\":\"fdubut\",\"image\":{\"@type\":\"ImageObject\",\"inLanguage\":\"en-GB\",\"@id\":\"https:\/\/www.creilsudoise-tourisme.fr\/#\/schema\/person\/image\/\",\"url\":\"https:\/\/secure.gravatar.com\/avatar\/c49bb61337bf4556cafdbcb92c18618d?s=96&d=mm&r=g\",\"contentUrl\":\"https:\/\/secure.gravatar.com\/avatar\/c49bb61337bf4556cafdbcb92c18618d?s=96&d=mm&r=g\",\"caption\":\"fdubut\"},\"url\":\"https:\/\/www.creilsudoise-tourisme.fr\/en\/auteur\/fdubut\/\"}]}<\/script>\n<!-- \/ Yoast SEO plugin. -->","yoast_head_json":{"title":"Au programme cet \u00e9t\u00e9 \u00e0 Creil Sud Oise","description":"Vous passez vos vacances dans l'Oise ? Quelle chance, le programme de juillet et ao\u00fbt fourmille d'id\u00e9es de sorties \u00e0 Creil Sud Oise !","robots":{"index":"index","follow":"follow","max-snippet":"max-snippet:-1","max-image-preview":"max-image-preview:large","max-video-preview":"max-video-preview:-1"},"canonical":"https:\/\/www.creilsudoise-tourisme.fr\/en\/2024\/07\/02\/que-faire-cet-ete\/","og_locale":"en_GB","og_type":"article","og_title":"Au programme cet \u00e9t\u00e9 \u00e0 Creil Sud Oise","og_description":"Vous passez vos vacances dans l'Oise ? Quelle chance, le programme de juillet et ao\u00fbt fourmille d'id\u00e9es de sorties \u00e0 Creil Sud Oise !","og_url":"https:\/\/www.creilsudoise-tourisme.fr\/en\/2024\/07\/02\/que-faire-cet-ete\/","og_site_name":"Office de Tourisme Creil Sud Oise","article_publisher":"https:\/\/www.facebook.com\/creilsudoisetourisme\/","article_published_time":"2024-07-02T08:31:42+00:00","article_modified_time":"2024-08-27T15:17:19+00:00","og_image":[{"width":1480,"height":833,"url":"https:\/\/www.creilsudoise-tourisme.fr\/wp-content\/uploads\/2022\/06\/Cet-ete-a-Creil-Sud-Oise.jpg","type":"image\/jpeg"}],"author":"fdubut","twitter_card":"summary_large_image","twitter_creator":"@CreilSudOiseOT","twitter_site":"@CreilSudOiseOT","twitter_misc":{"Written by":"fdubut","Estimated reading time":"1 minute"},"schema":{"@context":"https:\/\/schema.org","@graph":[{"@type":"Article","@id":"https:\/\/www.creilsudoise-tourisme.fr\/2024\/07\/02\/que-faire-cet-ete\/#article","isPartOf":{"@id":"https:\/\/www.creilsudoise-tourisme.fr\/2024\/07\/02\/que-faire-cet-ete\/"},"author":{"name":"fdubut","@id":"https:\/\/www.creilsudoise-tourisme.fr\/#\/schema\/person\/c5140d47645b13bee896bfe05f1bd5da"},"headline":"Que faire cet \u00e9t\u00e9 ?","datePublished":"2024-07-02T08:31:42+00:00","dateModified":"2024-08-27T15:17:19+00:00","mainEntityOfPage":{"@id":"https:\/\/www.creilsudoise-tourisme.fr\/2024\/07\/02\/que-faire-cet-ete\/"},"wordCount":1201,"publisher":{"@id":"https:\/\/www.creilsudoise-tourisme.fr\/#organization"},"articleSection":["Actus"],"inLanguage":"en-GB"},{"@type":"WebPage","@id":"https:\/\/www.creilsudoise-tourisme.fr\/2024\/07\/02\/que-faire-cet-ete\/","url":"https:\/\/www.creilsudoise-tourisme.fr\/2024\/07\/02\/que-faire-cet-ete\/","name":"Au programme cet \u00e9t\u00e9 \u00e0 Creil Sud Oise","isPartOf":{"@id":"https:\/\/www.creilsudoise-tourisme.fr\/#website"},"datePublished":"2024-07-02T08:31:42+00:00","dateModified":"2024-08-27T15:17:19+00:00","description":"Vous passez vos vacances dans l'Oise ? Quelle chance, le programme de juillet et ao\u00fbt fourmille d'id\u00e9es de sorties \u00e0 Creil Sud Oise !","breadcrumb":{"@id":"https:\/\/www.creilsudoise-tourisme.fr\/2024\/07\/02\/que-faire-cet-ete\/#breadcrumb"},"inLanguage":"en-GB","potentialAction":[{"@type":"ReadAction","target":["https:\/\/www.creilsudoise-tourisme.fr\/2024\/07\/02\/que-faire-cet-ete\/"]}]},{"@type":"BreadcrumbList","@id":"https:\/\/www.creilsudoise-tourisme.fr\/2024\/07\/02\/que-faire-cet-ete\/#breadcrumb","itemListElement":[{"@type":"ListItem","position":1,"name":"Accueil","item":"https:\/\/www.creilsudoise-tourisme.fr\/"},{"@type":"ListItem","position":2,"name":"Que faire cet \u00e9t\u00e9 ?"}]},{"@type":"WebSite","@id":"https:\/\/www.creilsudoise-tourisme.fr\/#website","url":"https:\/\/www.creilsudoise-tourisme.fr\/","name":"Office de Tourisme Creil Sud Oise","description":"Creil Sud Oise Tourisme, un territoire \u00e0 explorer !","publisher":{"@id":"https:\/\/www.creilsudoise-tourisme.fr\/#organization"},"potentialAction":[{"@type":"SearchAction","target":{"@type":"EntryPoint","urlTemplate":"https:\/\/www.creilsudoise-tourisme.fr\/?s={search_term_string}"},"query-input":"required name=search_term_string"}],"inLanguage":"en-GB"},{"@type":"Organization","@id":"https:\/\/www.creilsudoise-tourisme.fr\/#organization","name":"Creil Sud Oise Tourisme","url":"https:\/\/www.creilsudoise-tourisme.fr\/","logo":{"@type":"ImageObject","inLanguage":"en-GB","@id":"https:\/\/www.creilsudoise-tourisme.fr\/#\/schema\/logo\/image\/","url":"https:\/\/www.creilsudoise-tourisme.fr\/wp-content\/uploads\/2021\/05\/logo-svg.png","contentUrl":"https:\/\/www.creilsudoise-tourisme.fr\/wp-content\/uploads\/2021\/05\/logo-svg.png","width":182,"height":71,"caption":"Creil Sud Oise Tourisme"},"image":{"@id":"https:\/\/www.creilsudoise-tourisme.fr\/#\/schema\/logo\/image\/"},"sameAs":["https:\/\/www.facebook.com\/creilsudoisetourisme\/","https:\/\/twitter.com\/CreilSudOiseOT","https:\/\/www.instagram.com\/creilsudoisetourisme\/","https:\/\/www.youtube.com\/channel\/UC8L_QD2wwyADW14zt9fY8kw"]},{"@type":"Person","@id":"https:\/\/www.creilsudoise-tourisme.fr\/#\/schema\/person\/c5140d47645b13bee896bfe05f1bd5da","name":"fdubut","image":{"@type":"ImageObject","inLanguage":"en-GB","@id":"https:\/\/www.creilsudoise-tourisme.fr\/#\/schema\/person\/image\/","url":"https:\/\/secure.gravatar.com\/avatar\/c49bb61337bf4556cafdbcb92c18618d?s=96&d=mm&r=g","contentUrl":"https:\/\/secure.gravatar.com\/avatar\/c49bb61337bf4556cafdbcb92c18618d?s=96&d=mm&r=g","caption":"fdubut"},"url":"https:\/\/www.creilsudoise-tourisme.fr\/en\/auteur\/fdubut\/"}]}},"_links":{"self":[{"href":"https:\/\/www.creilsudoise-tourisme.fr\/en\/wp-json\/wp\/v2\/posts\/41674"}],"collection":[{"href":"https:\/\/www.creilsudoise-tourisme.fr\/en\/wp-json\/wp\/v2\/posts"}],"about":[{"href":"https:\/\/www.creilsudoise-tourisme.fr\/en\/wp-json\/wp\/v2\/types\/post"}],"author":[{"embeddable":true,"href":"https:\/\/www.creilsudoise-tourisme.fr\/en\/wp-json\/wp\/v2\/users\/3"}],"replies":[{"embeddable":true,"href":"https:\/\/www.creilsudoise-tourisme.fr\/en\/wp-json\/wp\/v2\/comments?post=41674"}],"version-history":[{"count":7,"href":"https:\/\/www.creilsudoise-tourisme.fr\/en\/wp-json\/wp\/v2\/posts\/41674\/revisions"}],"predecessor-version":[{"id":60073,"href":"https:\/\/www.creilsudoise-tourisme.fr\/en\/wp-json\/wp\/v2\/posts\/41674\/revisions\/60073"}],"wp:featuredmedia":[{"embeddable":true,"href":"https:\/\/www.creilsudoise-tourisme.fr\/en\/wp-json\/wp\/v2\/media\/41675"}],"wp:attachment":[{"href":"https:\/\/www.creilsudoise-tourisme.fr\/en\/wp-json\/wp\/v2\/media?parent=41674"}],"wp:term":[{"taxonomy":"category","embeddable":true,"href":"https:\/\/www.creilsudoise-tourisme.fr\/en\/wp-json\/wp\/v2\/categories?post=41674"},{"taxonomy":"post_tag","embeddable":true,"href":"https:\/\/www.creilsudoise-tourisme.fr\/en\/wp-json\/wp\/v2\/tags?post=41674"}],"curies":[{"name":"wp","href":"https:\/\/api.w.org\/{rel}","templated":true}]}}