{"id":40454,"date":"2025-04-18T17:08:02","date_gmt":"2025-04-18T15:08:02","guid":{"rendered":"https:\/\/www.creilsudoise-tourisme.fr\/?p=40454"},"modified":"2025-06-27T16:26:18","modified_gmt":"2025-06-27T14:26:18","slug":"brocante","status":"publish","type":"post","link":"https:\/\/www.creilsudoise-tourisme.fr\/en\/2025\/04\/18\/flea-market-2\/","title":{"rendered":"Flea markets, sales, bartering"},"content":{"rendered":"<p class=\"is-style-excerpt\">The fine weather is back, and with it the <strong>the pleasure of bargain hunting<\/strong> ! Discover the <strong>forthcoming flea markets, jumble sales, markets or barter markets<\/strong> taking place in Creil Sud Oise!<\/p>\n\n\n<div data-related-sit=\"1\" data-block-type=\"related-sit-gt\" data-block-id=\"wpet-sit-1r9cd6ce62n\"><div class=\"wp-block wp-block-related-post wp-block-related-list-sit alignfull\">\n    \n    <div class=\"container\">\n\n                    <h2 class=\"wp-block-related-post-title\">Let's go bargain hunting!<\/h2>\n        \n                    <div id=\"wpiris-related-post-174\" data-id=\"wpiris-entity-slider\">\n                <div class=\"wp-block-related-post-list wp-block-related-post-list--5\" data-id=\"wpiris-entity-slider-wrapper\">\n\n                    \n<div class=\"entityItem\" data-trigger=\"wpiris-click\" data-id=\"wpiris-entity-slider-item\">\n    <p class=\"entityItemThumbnail\">\n        <a href=\"https:\/\/www.creilsudoise-tourisme.fr\/en\/agenda-animations\/10th-flea-market-at-the-st-leu-desserent-leisure-centre\/\" nofancybox>\n            <img data-src=\"https:\/\/www.creilsudoise-tourisme.fr\/wp-content\/uploads\/wpetourisme\/Aff-10eBrocanteStLeu-2026-HD-V2-275x350.jpg\" alt=\"10th flea market at the St Leu d&#039;Esserent leisure centre\">\n        <\/a>\n    <\/p>\n    <div class=\"entityItemContent\">\n        <h2 class=\"entityItemContentTitle\">\n            <a href=\"https:\/\/www.creilsudoise-tourisme.fr\/en\/agenda-animations\/10th-flea-market-at-the-st-leu-desserent-leisure-centre\/\">10th flea market at the St Leu d'Esserent leisure centre<\/a>\n        <\/h2>\n                    <p class=\"entityItemContentType\">Festivals and events<\/p>\n            <\/div>\n    <a href=\"https:\/\/www.creilsudoise-tourisme.fr\/en\/agenda-animations\/10th-flea-market-at-the-st-leu-desserent-leisure-centre\/\" class=\"seeMore\"><span class=\"sr-only\">See more<\/span><\/a>\n<\/div>\n\n<div class=\"entityItem\" data-trigger=\"wpiris-click\" data-id=\"wpiris-entity-slider-item\">\n    <p class=\"entityItemThumbnail\">\n        <a href=\"https:\/\/www.creilsudoise-tourisme.fr\/en\/agenda-animations\/montataires-brocante-and-braderie-de-lascension\/\" nofancybox>\n            <img data-src=\"https:\/\/www.creilsudoise-tourisme.fr\/wp-content\/uploads\/wpetourisme\/aff-brocante-ascension-2026-V2-page-001-275x350.jpg\" alt=\"Brocante and braderie de l&#039;Ascension in Montataire\">\n        <\/a>\n    <\/p>\n    <div class=\"entityItemContent\">\n        <h2 class=\"entityItemContentTitle\">\n            <a href=\"https:\/\/www.creilsudoise-tourisme.fr\/en\/agenda-animations\/montataires-brocante-and-braderie-de-lascension\/\">Brocante and braderie de l'Ascension in Montataire<\/a>\n        <\/h2>\n                    <p class=\"entityItemContentType\">Festivals and events<\/p>\n            <\/div>\n    <a href=\"https:\/\/www.creilsudoise-tourisme.fr\/en\/agenda-animations\/montataires-brocante-and-braderie-de-lascension\/\" class=\"seeMore\"><span class=\"sr-only\">See more<\/span><\/a>\n<\/div>\n\n<div class=\"entityItem\" data-trigger=\"wpiris-click\" data-id=\"wpiris-entity-slider-item\">\n    <p class=\"entityItemThumbnail\">\n        <a href=\"https:\/\/www.creilsudoise-tourisme.fr\/en\/agenda-animations\/brocante-de-printemps\/\" nofancybox>\n            <img data-src=\"https:\/\/www.creilsudoise-tourisme.fr\/wp-content\/uploads\/wpetourisme\/VSP-GAB-600-320-2024-Brocante--0-2-275x320.jpg\" alt=\"Spring flea market\">\n        <\/a>\n    <\/p>\n    <div class=\"entityItemContent\">\n        <h2 class=\"entityItemContentTitle\">\n            <a href=\"https:\/\/www.creilsudoise-tourisme.fr\/en\/agenda-animations\/brocante-de-printemps\/\">Spring flea market<\/a>\n        <\/h2>\n                    <p class=\"entityItemContentType\">Festivals and events<\/p>\n            <\/div>\n    <a href=\"https:\/\/www.creilsudoise-tourisme.fr\/en\/agenda-animations\/brocante-de-printemps\/\" class=\"seeMore\"><span class=\"sr-only\">See more<\/span><\/a>\n<\/div>\n\n<div class=\"entityItem\" data-trigger=\"wpiris-click\" data-id=\"wpiris-entity-slider-item\">\n    <p class=\"entityItemThumbnail\">\n        <a href=\"https:\/\/www.creilsudoise-tourisme.fr\/en\/agenda-animations\/brocante-du-quartier-des-cheminots\/\" nofancybox>\n            <img data-src=\"https:\/\/www.creilsudoise-tourisme.fr\/wp-content\/uploads\/wpetourisme\/4904000-275x350.jpg\" alt=\"Flea market in the Cheminots district\">\n        <\/a>\n    <\/p>\n    <div class=\"entityItemContent\">\n        <h2 class=\"entityItemContentTitle\">\n            <a href=\"https:\/\/www.creilsudoise-tourisme.fr\/en\/agenda-animations\/brocante-du-quartier-des-cheminots\/\">Flea market in the Cheminots district<\/a>\n        <\/h2>\n                    <p class=\"entityItemContentType\">Festivals and events<\/p>\n            <\/div>\n    <a href=\"https:\/\/www.creilsudoise-tourisme.fr\/en\/agenda-animations\/brocante-du-quartier-des-cheminots\/\" class=\"seeMore\"><span class=\"sr-only\">See more<\/span><\/a>\n<\/div>\n\n<div class=\"entityItem\" data-trigger=\"wpiris-click\" data-id=\"wpiris-entity-slider-item\">\n    <p class=\"entityItemThumbnail\">\n        <a href=\"https:\/\/www.creilsudoise-tourisme.fr\/en\/agenda-animations\/32nd-montataire-basketball-flea-market\/\" nofancybox>\n            <img data-src=\"https:\/\/www.creilsudoise-tourisme.fr\/wp-content\/uploads\/wpetourisme\/Aff-BrocanteJuin2026-MBB-V2-page-001-275x350.jpg\" alt=\"32nd Montataire Basket Ball flea market\">\n        <\/a>\n    <\/p>\n    <div class=\"entityItemContent\">\n        <h2 class=\"entityItemContentTitle\">\n            <a href=\"https:\/\/www.creilsudoise-tourisme.fr\/en\/agenda-animations\/32nd-montataire-basketball-flea-market\/\">32nd Montataire Basket Ball flea market<\/a>\n        <\/h2>\n                    <p class=\"entityItemContentType\">Festivals and events<\/p>\n            <\/div>\n    <a href=\"https:\/\/www.creilsudoise-tourisme.fr\/en\/agenda-animations\/32nd-montataire-basketball-flea-market\/\" class=\"seeMore\"><span class=\"sr-only\">See more<\/span><\/a>\n<\/div>\n                <\/div>\n\n                \n<div class=\"sliderNav\">\n    <div class=\"sliderNavWrapper\">\n        <p class=\"swiperArrow swiperArrow--next\" data-trigger=\"swiper-next\">\n            <span class=\"sr-only\">Next<\/span>\n        <\/p>\n        <p class=\"swiperArrow swiperArrow--prev\" data-trigger=\"swiper-prev\">\n            <span class=\"sr-only\">Previous<\/span>\n        <\/p>\n    <\/div>\n<\/div>\n            <\/div>\n            <\/div>\n<\/div><\/div>\n\n\n<hr class=\"wp-block-separator has-css-opacity\"\/>\n\n\n<div class=\"wp-block wp-block-highlight\">\n            <h3 class=\"wp-block-highlight-item wp-block-highlight-title\">Are you organising a flea market?<\/h3>\n                <p class=\"wp-block-highlight-item wp-block-highlight-excerpt\">You are <strong>organiser of a flea market to be held in the Creil Sud Oise area<\/strong> (or any other event!) but it does not appear on this list? <br><br><strong>Advertise your event for free by filling in this <a href=\"https:\/\/oise.tourinsoft.com\/questionnaire-web\/2f591c16-b52e-4dfc-8106-ffe735dad39e\/eef450e0-413e-4799-b603-660b1bec7447\/add.aspx\" target=\"_blank\" rel=\"noreferrer noopener\">form <\/a>! <\/strong><\/p>\n    <\/div>","protected":false},"excerpt":{"rendered":"<p>The beautiful days are back, and with them the pleasure of bargain hunting! Discover the next flea markets, auctions, markets or bartering that will take place in Creil Sud Oise!<\/p>","protected":false},"author":3,"featured_media":40455,"comment_status":"closed","ping_status":"closed","sticky":false,"template":"","format":"standard","meta":{"_relevanssi_hide_post":"","_relevanssi_hide_content":"","_relevanssi_pin_for_all":"","_relevanssi_pin_keywords":"","_relevanssi_unpin_keywords":"","_relevanssi_related_keywords":"","_relevanssi_related_include_ids":"","_relevanssi_related_exclude_ids":"","_relevanssi_related_no_append":"","_relevanssi_related_not_related":"","_relevanssi_related_posts":"39613,39126,36681,39913,38910,40448","_relevanssi_noindex_reason":""},"categories":[5],"tags":[],"yoast_head":"<!-- This site is optimized with the Yoast SEO plugin v20.2.1 - https:\/\/yoast.com\/wordpress\/plugins\/seo\/ -->\n<title>Prochaines brocantes, braderies, bourses de Creil Sud Oise<\/title>\n<meta name=\"description\" content=\"Quel plaisir de chiner et de d\u00e9couvrir de v\u00e9ritables petits tr\u00e9sors dans nos brocantes ! D\u00e9couvrez les dates des prochaines braderies \u00e0 Creil Sud Oise !\" \/>\n<meta name=\"robots\" content=\"index, follow, max-snippet:-1, max-image-preview:large, max-video-preview:-1\" \/>\n<link rel=\"canonical\" href=\"https:\/\/www.creilsudoise-tourisme.fr\/en\/2025\/04\/18\/flea-market-2\/\" \/>\n<meta property=\"og:locale\" content=\"en_GB\" \/>\n<meta property=\"og:type\" content=\"article\" \/>\n<meta property=\"og:title\" content=\"Prochaines brocantes, braderies, bourses de Creil Sud Oise\" \/>\n<meta property=\"og:description\" content=\"Quel plaisir de chiner et de d\u00e9couvrir de v\u00e9ritables petits tr\u00e9sors dans nos brocantes ! D\u00e9couvrez les dates des prochaines braderies \u00e0 Creil Sud Oise !\" \/>\n<meta property=\"og:url\" content=\"https:\/\/www.creilsudoise-tourisme.fr\/en\/2025\/04\/18\/flea-market-2\/\" \/>\n<meta property=\"og:site_name\" content=\"Office de Tourisme Creil Sud Oise\" \/>\n<meta property=\"article:publisher\" content=\"https:\/\/www.facebook.com\/creilsudoisetourisme\/\" \/>\n<meta property=\"article:published_time\" content=\"2025-04-18T15:08:02+00:00\" \/>\n<meta property=\"article:modified_time\" content=\"2025-06-27T14:26:18+00:00\" \/>\n<meta property=\"og:image\" content=\"https:\/\/www.creilsudoise-tourisme.fr\/wp-content\/uploads\/2022\/03\/Brocantes.jpg\" \/>\n\t<meta property=\"og:image:width\" content=\"1480\" \/>\n\t<meta property=\"og:image:height\" content=\"987\" \/>\n\t<meta property=\"og:image:type\" content=\"image\/jpeg\" \/>\n<meta name=\"author\" content=\"fdubut\" \/>\n<meta name=\"twitter:card\" content=\"summary_large_image\" \/>\n<meta name=\"twitter:creator\" content=\"@CreilSudOiseOT\" \/>\n<meta name=\"twitter:site\" content=\"@CreilSudOiseOT\" \/>\n<meta name=\"twitter:label1\" content=\"Written by\" \/>\n\t<meta name=\"twitter:data1\" content=\"fdubut\" \/>\n\t<meta name=\"twitter:label2\" content=\"Estimated reading time\" \/>\n\t<meta name=\"twitter:data2\" content=\"1 minute\" \/>\n<script type=\"application\/ld+json\" class=\"yoast-schema-graph\">{\"@context\":\"https:\/\/schema.org\",\"@graph\":[{\"@type\":\"Article\",\"@id\":\"https:\/\/www.creilsudoise-tourisme.fr\/2025\/04\/18\/brocante\/#article\",\"isPartOf\":{\"@id\":\"https:\/\/www.creilsudoise-tourisme.fr\/2025\/04\/18\/brocante\/\"},\"author\":{\"name\":\"fdubut\",\"@id\":\"https:\/\/www.creilsudoise-tourisme.fr\/#\/schema\/person\/c5140d47645b13bee896bfe05f1bd5da\"},\"headline\":\"Brocantes, braderies, trocs\",\"datePublished\":\"2025-04-18T15:08:02+00:00\",\"dateModified\":\"2025-06-27T14:26:18+00:00\",\"mainEntityOfPage\":{\"@id\":\"https:\/\/www.creilsudoise-tourisme.fr\/2025\/04\/18\/brocante\/\"},\"wordCount\":29,\"publisher\":{\"@id\":\"https:\/\/www.creilsudoise-tourisme.fr\/#organization\"},\"articleSection\":[\"Actus\"],\"inLanguage\":\"en-GB\"},{\"@type\":\"WebPage\",\"@id\":\"https:\/\/www.creilsudoise-tourisme.fr\/2025\/04\/18\/brocante\/\",\"url\":\"https:\/\/www.creilsudoise-tourisme.fr\/2025\/04\/18\/brocante\/\",\"name\":\"Prochaines brocantes, braderies, bourses de Creil Sud Oise\",\"isPartOf\":{\"@id\":\"https:\/\/www.creilsudoise-tourisme.fr\/#website\"},\"datePublished\":\"2025-04-18T15:08:02+00:00\",\"dateModified\":\"2025-06-27T14:26:18+00:00\",\"description\":\"Quel plaisir de chiner et de d\u00e9couvrir de v\u00e9ritables petits tr\u00e9sors dans nos brocantes ! D\u00e9couvrez les dates des prochaines braderies \u00e0 Creil Sud Oise !\",\"breadcrumb\":{\"@id\":\"https:\/\/www.creilsudoise-tourisme.fr\/2025\/04\/18\/brocante\/#breadcrumb\"},\"inLanguage\":\"en-GB\",\"potentialAction\":[{\"@type\":\"ReadAction\",\"target\":[\"https:\/\/www.creilsudoise-tourisme.fr\/2025\/04\/18\/brocante\/\"]}]},{\"@type\":\"BreadcrumbList\",\"@id\":\"https:\/\/www.creilsudoise-tourisme.fr\/2025\/04\/18\/brocante\/#breadcrumb\",\"itemListElement\":[{\"@type\":\"ListItem\",\"position\":1,\"name\":\"Accueil\",\"item\":\"https:\/\/www.creilsudoise-tourisme.fr\/\"},{\"@type\":\"ListItem\",\"position\":2,\"name\":\"Brocantes, braderies, trocs\"}]},{\"@type\":\"WebSite\",\"@id\":\"https:\/\/www.creilsudoise-tourisme.fr\/#website\",\"url\":\"https:\/\/www.creilsudoise-tourisme.fr\/\",\"name\":\"Office de Tourisme Creil Sud Oise\",\"description\":\"Creil Sud Oise Tourisme, un territoire \u00e0 explorer !\",\"publisher\":{\"@id\":\"https:\/\/www.creilsudoise-tourisme.fr\/#organization\"},\"potentialAction\":[{\"@type\":\"SearchAction\",\"target\":{\"@type\":\"EntryPoint\",\"urlTemplate\":\"https:\/\/www.creilsudoise-tourisme.fr\/?s={search_term_string}\"},\"query-input\":\"required name=search_term_string\"}],\"inLanguage\":\"en-GB\"},{\"@type\":\"Organization\",\"@id\":\"https:\/\/www.creilsudoise-tourisme.fr\/#organization\",\"name\":\"Creil Sud Oise Tourisme\",\"url\":\"https:\/\/www.creilsudoise-tourisme.fr\/\",\"logo\":{\"@type\":\"ImageObject\",\"inLanguage\":\"en-GB\",\"@id\":\"https:\/\/www.creilsudoise-tourisme.fr\/#\/schema\/logo\/image\/\",\"url\":\"https:\/\/www.creilsudoise-tourisme.fr\/wp-content\/uploads\/2021\/05\/logo-svg.png\",\"contentUrl\":\"https:\/\/www.creilsudoise-tourisme.fr\/wp-content\/uploads\/2021\/05\/logo-svg.png\",\"width\":182,\"height\":71,\"caption\":\"Creil Sud Oise Tourisme\"},\"image\":{\"@id\":\"https:\/\/www.creilsudoise-tourisme.fr\/#\/schema\/logo\/image\/\"},\"sameAs\":[\"https:\/\/www.facebook.com\/creilsudoisetourisme\/\",\"https:\/\/twitter.com\/CreilSudOiseOT\",\"https:\/\/www.instagram.com\/creilsudoisetourisme\/\",\"https:\/\/www.youtube.com\/channel\/UC8L_QD2wwyADW14zt9fY8kw\"]},{\"@type\":\"Person\",\"@id\":\"https:\/\/www.creilsudoise-tourisme.fr\/#\/schema\/person\/c5140d47645b13bee896bfe05f1bd5da\",\"name\":\"fdubut\",\"image\":{\"@type\":\"ImageObject\",\"inLanguage\":\"en-GB\",\"@id\":\"https:\/\/www.creilsudoise-tourisme.fr\/#\/schema\/person\/image\/\",\"url\":\"https:\/\/secure.gravatar.com\/avatar\/c49bb61337bf4556cafdbcb92c18618d?s=96&d=mm&r=g\",\"contentUrl\":\"https:\/\/secure.gravatar.com\/avatar\/c49bb61337bf4556cafdbcb92c18618d?s=96&d=mm&r=g\",\"caption\":\"fdubut\"},\"url\":\"https:\/\/www.creilsudoise-tourisme.fr\/en\/auteur\/fdubut\/\"}]}<\/script>\n<!-- \/ Yoast SEO plugin. -->","yoast_head_json":{"title":"Prochaines brocantes, braderies, bourses de Creil Sud Oise","description":"Quel plaisir de chiner et de d\u00e9couvrir de v\u00e9ritables petits tr\u00e9sors dans nos brocantes ! D\u00e9couvrez les dates des prochaines braderies \u00e0 Creil Sud Oise !","robots":{"index":"index","follow":"follow","max-snippet":"max-snippet:-1","max-image-preview":"max-image-preview:large","max-video-preview":"max-video-preview:-1"},"canonical":"https:\/\/www.creilsudoise-tourisme.fr\/en\/2025\/04\/18\/flea-market-2\/","og_locale":"en_GB","og_type":"article","og_title":"Prochaines brocantes, braderies, bourses de Creil Sud Oise","og_description":"Quel plaisir de chiner et de d\u00e9couvrir de v\u00e9ritables petits tr\u00e9sors dans nos brocantes ! D\u00e9couvrez les dates des prochaines braderies \u00e0 Creil Sud Oise !","og_url":"https:\/\/www.creilsudoise-tourisme.fr\/en\/2025\/04\/18\/flea-market-2\/","og_site_name":"Office de Tourisme Creil Sud Oise","article_publisher":"https:\/\/www.facebook.com\/creilsudoisetourisme\/","article_published_time":"2025-04-18T15:08:02+00:00","article_modified_time":"2025-06-27T14:26:18+00:00","og_image":[{"width":1480,"height":987,"url":"https:\/\/www.creilsudoise-tourisme.fr\/wp-content\/uploads\/2022\/03\/Brocantes.jpg","type":"image\/jpeg"}],"author":"fdubut","twitter_card":"summary_large_image","twitter_creator":"@CreilSudOiseOT","twitter_site":"@CreilSudOiseOT","twitter_misc":{"Written by":"fdubut","Estimated reading time":"1 minute"},"schema":{"@context":"https:\/\/schema.org","@graph":[{"@type":"Article","@id":"https:\/\/www.creilsudoise-tourisme.fr\/2025\/04\/18\/brocante\/#article","isPartOf":{"@id":"https:\/\/www.creilsudoise-tourisme.fr\/2025\/04\/18\/brocante\/"},"author":{"name":"fdubut","@id":"https:\/\/www.creilsudoise-tourisme.fr\/#\/schema\/person\/c5140d47645b13bee896bfe05f1bd5da"},"headline":"Brocantes, braderies, trocs","datePublished":"2025-04-18T15:08:02+00:00","dateModified":"2025-06-27T14:26:18+00:00","mainEntityOfPage":{"@id":"https:\/\/www.creilsudoise-tourisme.fr\/2025\/04\/18\/brocante\/"},"wordCount":29,"publisher":{"@id":"https:\/\/www.creilsudoise-tourisme.fr\/#organization"},"articleSection":["Actus"],"inLanguage":"en-GB"},{"@type":"WebPage","@id":"https:\/\/www.creilsudoise-tourisme.fr\/2025\/04\/18\/brocante\/","url":"https:\/\/www.creilsudoise-tourisme.fr\/2025\/04\/18\/brocante\/","name":"Prochaines brocantes, braderies, bourses de Creil Sud Oise","isPartOf":{"@id":"https:\/\/www.creilsudoise-tourisme.fr\/#website"},"datePublished":"2025-04-18T15:08:02+00:00","dateModified":"2025-06-27T14:26:18+00:00","description":"Quel plaisir de chiner et de d\u00e9couvrir de v\u00e9ritables petits tr\u00e9sors dans nos brocantes ! D\u00e9couvrez les dates des prochaines braderies \u00e0 Creil Sud Oise !","breadcrumb":{"@id":"https:\/\/www.creilsudoise-tourisme.fr\/2025\/04\/18\/brocante\/#breadcrumb"},"inLanguage":"en-GB","potentialAction":[{"@type":"ReadAction","target":["https:\/\/www.creilsudoise-tourisme.fr\/2025\/04\/18\/brocante\/"]}]},{"@type":"BreadcrumbList","@id":"https:\/\/www.creilsudoise-tourisme.fr\/2025\/04\/18\/brocante\/#breadcrumb","itemListElement":[{"@type":"ListItem","position":1,"name":"Accueil","item":"https:\/\/www.creilsudoise-tourisme.fr\/"},{"@type":"ListItem","position":2,"name":"Brocantes, braderies, trocs"}]},{"@type":"WebSite","@id":"https:\/\/www.creilsudoise-tourisme.fr\/#website","url":"https:\/\/www.creilsudoise-tourisme.fr\/","name":"Office de Tourisme Creil Sud Oise","description":"Creil Sud Oise Tourisme, un territoire \u00e0 explorer !","publisher":{"@id":"https:\/\/www.creilsudoise-tourisme.fr\/#organization"},"potentialAction":[{"@type":"SearchAction","target":{"@type":"EntryPoint","urlTemplate":"https:\/\/www.creilsudoise-tourisme.fr\/?s={search_term_string}"},"query-input":"required name=search_term_string"}],"inLanguage":"en-GB"},{"@type":"Organization","@id":"https:\/\/www.creilsudoise-tourisme.fr\/#organization","name":"Creil Sud Oise Tourisme","url":"https:\/\/www.creilsudoise-tourisme.fr\/","logo":{"@type":"ImageObject","inLanguage":"en-GB","@id":"https:\/\/www.creilsudoise-tourisme.fr\/#\/schema\/logo\/image\/","url":"https:\/\/www.creilsudoise-tourisme.fr\/wp-content\/uploads\/2021\/05\/logo-svg.png","contentUrl":"https:\/\/www.creilsudoise-tourisme.fr\/wp-content\/uploads\/2021\/05\/logo-svg.png","width":182,"height":71,"caption":"Creil Sud Oise Tourisme"},"image":{"@id":"https:\/\/www.creilsudoise-tourisme.fr\/#\/schema\/logo\/image\/"},"sameAs":["https:\/\/www.facebook.com\/creilsudoisetourisme\/","https:\/\/twitter.com\/CreilSudOiseOT","https:\/\/www.instagram.com\/creilsudoisetourisme\/","https:\/\/www.youtube.com\/channel\/UC8L_QD2wwyADW14zt9fY8kw"]},{"@type":"Person","@id":"https:\/\/www.creilsudoise-tourisme.fr\/#\/schema\/person\/c5140d47645b13bee896bfe05f1bd5da","name":"fdubut","image":{"@type":"ImageObject","inLanguage":"en-GB","@id":"https:\/\/www.creilsudoise-tourisme.fr\/#\/schema\/person\/image\/","url":"https:\/\/secure.gravatar.com\/avatar\/c49bb61337bf4556cafdbcb92c18618d?s=96&d=mm&r=g","contentUrl":"https:\/\/secure.gravatar.com\/avatar\/c49bb61337bf4556cafdbcb92c18618d?s=96&d=mm&r=g","caption":"fdubut"},"url":"https:\/\/www.creilsudoise-tourisme.fr\/en\/auteur\/fdubut\/"}]}},"_links":{"self":[{"href":"https:\/\/www.creilsudoise-tourisme.fr\/en\/wp-json\/wp\/v2\/posts\/40454"}],"collection":[{"href":"https:\/\/www.creilsudoise-tourisme.fr\/en\/wp-json\/wp\/v2\/posts"}],"about":[{"href":"https:\/\/www.creilsudoise-tourisme.fr\/en\/wp-json\/wp\/v2\/types\/post"}],"author":[{"embeddable":true,"href":"https:\/\/www.creilsudoise-tourisme.fr\/en\/wp-json\/wp\/v2\/users\/3"}],"replies":[{"embeddable":true,"href":"https:\/\/www.creilsudoise-tourisme.fr\/en\/wp-json\/wp\/v2\/comments?post=40454"}],"version-history":[{"count":7,"href":"https:\/\/www.creilsudoise-tourisme.fr\/en\/wp-json\/wp\/v2\/posts\/40454\/revisions"}],"predecessor-version":[{"id":63381,"href":"https:\/\/www.creilsudoise-tourisme.fr\/en\/wp-json\/wp\/v2\/posts\/40454\/revisions\/63381"}],"wp:featuredmedia":[{"embeddable":true,"href":"https:\/\/www.creilsudoise-tourisme.fr\/en\/wp-json\/wp\/v2\/media\/40455"}],"wp:attachment":[{"href":"https:\/\/www.creilsudoise-tourisme.fr\/en\/wp-json\/wp\/v2\/media?parent=40454"}],"wp:term":[{"taxonomy":"category","embeddable":true,"href":"https:\/\/www.creilsudoise-tourisme.fr\/en\/wp-json\/wp\/v2\/categories?post=40454"},{"taxonomy":"post_tag","embeddable":true,"href":"https:\/\/www.creilsudoise-tourisme.fr\/en\/wp-json\/wp\/v2\/tags?post=40454"}],"curies":[{"name":"wp","href":"https:\/\/api.w.org\/{rel}","templated":true}]}}