{"id":38928,"date":"2021-11-30T11:30:40","date_gmt":"2021-11-30T10:30:40","guid":{"rendered":"https:\/\/www.creilsudoise-tourisme.fr\/?p=38928"},"modified":"2022-01-25T09:09:12","modified_gmt":"2022-01-25T08:09:12","slug":"etymologie-2","status":"publish","type":"post","link":"https:\/\/www.creilsudoise-tourisme.fr\/en\/2021\/11\/30\/etymology-2\/","title":{"rendered":"Etymology: Creil, Nogent-sur-Oise"},"content":{"rendered":"<p class=\"is-style-excerpt\">Have you ever wondered\u00a0<strong>where the name of your municipality comes from<\/strong>\u00a0? Well, we'll try to answer that with a few hints. In this anecdote, we will discover\u00a0<strong>Creil\u00a0<\/strong>and\u00a0<strong>Nogent-sur-Oise<\/strong> !<\/p>\n\n\n\n<h2>Creil<\/h2>\n\n\n\n<p>The name of the city of <strong>appears for the first time in a text in 656<\/strong> under the name <strong>Criolo, Crioilum around 672 <\/strong>and subsequently as <strong>Credilium in 851<\/strong>.<\/p>\n\n\n\n<p>The appearance of the \"\u00a0<strong>eil\u00a0<\/strong>\"This is probably due to the transformation over the years of its termination <strong>Gallic 'iolo' meaning 'cleared place, clearing <\/strong>before taking on the meaning of \" <strong>village<\/strong> \". Generally, it gives the final <strong>\"euil\" or \"ueil\" in northern France<\/strong>but exceptionally we find <strong>\"eil<\/strong> (see also Corbo-ialum which became Corbeil).<\/p>\n\n\n\n<p>The identification of the <strong>root \"cry\" could mean \"heart<\/strong>s, rooted in<strong> the old irishman cries 'heart'<\/strong> and the<strong> breton kreiz \" centre, middle \".<\/strong>. One can then <strong>imagine that Creil was a village of some importance at a very early stage<\/strong>The village in the centre, in the heart.<\/p>\n\n\n\n<p><strong>Other avenues <\/strong>nevertheless lead us to another inspiration which refers us to the<strong>DNA of the territory<\/strong> our<strong> stone quarries<\/strong>This was the main economic activity of the agglomeration for many centuries. Creil would then take on<strong> its origin through the Latin word \"creta\" meaning \"chalk\". <\/strong><\/p>\n\n\n\n<p>However, there seems to be no consensus on this issue, leaving the name of this commune a mystery for the time being.<\/p>\n\n\n\n<figure class=\"wp-block-image size-large\"><img decoding=\"async\" loading=\"lazy\" width=\"1200\" height=\"762\" data-src=\"https:\/\/www.creilsudoise-tourisme.fr\/wp-content\/uploads\/2021\/11\/Creil-Le-marche-1200x762.jpg\" alt=\"Creil market\" class=\"wp-image-38931\" data-srcset=\"https:\/\/www.creilsudoise-tourisme.fr\/wp-content\/uploads\/2021\/11\/Creil-Le-marche-1200x762.jpg 1200w, https:\/\/www.creilsudoise-tourisme.fr\/wp-content\/uploads\/2021\/11\/Creil-Le-marche-600x381.jpg 600w, https:\/\/www.creilsudoise-tourisme.fr\/wp-content\/uploads\/2021\/11\/Creil-Le-marche-900x572.jpg 900w, https:\/\/www.creilsudoise-tourisme.fr\/wp-content\/uploads\/2021\/11\/Creil-Le-marche-1536x975.jpg 1536w, https:\/\/www.creilsudoise-tourisme.fr\/wp-content\/uploads\/2021\/11\/Creil-Le-marche-200x127.jpg 200w, https:\/\/www.creilsudoise-tourisme.fr\/wp-content\/uploads\/2021\/11\/Creil-Le-marche-650x413.jpg 650w, https:\/\/www.creilsudoise-tourisme.fr\/wp-content\/uploads\/2021\/11\/Creil-Le-marche-387x246.jpg 387w, https:\/\/www.creilsudoise-tourisme.fr\/wp-content\/uploads\/2021\/11\/Creil-Le-marche.jpg 1836w\" sizes=\"(max-width: 1200px) 100vw, 1200px\" \/><\/figure>\n\n\n\n<h2>Nogent-sur-Oise<\/h2>\n\n\n\n<p>It is hard to imagine that behind this name lies the story of a very special legend. And that's normal, since <strong>Nogent-sur-Oise was formerly known as Nogent-les-vierges.<\/strong><\/p>\n\n\n\n<p>The name <strong>Nogent comes from Novientum which means \"new domain\".<\/strong> in the Gallic language, but the secret is hidden behind the terms <strong>\"the virgins\", referring to the legend of Sainte-Maure and Sainte-Brigide<\/strong>daughters of Ella, King of Scotland in 5<sup>th<\/sup> They will perform many miracles (restoring sight and life) during a great journey that will end in Balagny-sur-Th\u00e9rain where they will die.<\/p>\n\n\n\n<p>But it is at 7<sup>th<\/sup> century that the legend of the commune was really forged, when<strong> Queen Bathilde, wife of Clovis II, undertook to repatriate the remains of Sainte-Maure and Sainte-Brigide to her abbey<\/strong>. Transported by oxen,<strong> the animals changed course and went to the foot of the church in Nogent to lie down.<\/strong> At the same time, the bells began to ring. The queen saw this as a divine sign and decided <strong>to bury the remains of Moor and Brigid in the churchyard.<\/strong><\/p>\n\n\n\n<figure class=\"wp-block-image size-large\"><img decoding=\"async\" loading=\"lazy\" width=\"916\" height=\"606\" data-src=\"https:\/\/www.creilsudoise-tourisme.fr\/wp-content\/uploads\/2021\/11\/Nogent-sur-Oise.jpg\" alt=\"Nogent-sur-Oise\" class=\"wp-image-38933\" data-srcset=\"https:\/\/www.creilsudoise-tourisme.fr\/wp-content\/uploads\/2021\/11\/Nogent-sur-Oise.jpg 916w, https:\/\/www.creilsudoise-tourisme.fr\/wp-content\/uploads\/2021\/11\/Nogent-sur-Oise-600x397.jpg 600w, https:\/\/www.creilsudoise-tourisme.fr\/wp-content\/uploads\/2021\/11\/Nogent-sur-Oise-900x595.jpg 900w, https:\/\/www.creilsudoise-tourisme.fr\/wp-content\/uploads\/2021\/11\/Nogent-sur-Oise-200x132.jpg 200w, https:\/\/www.creilsudoise-tourisme.fr\/wp-content\/uploads\/2021\/11\/Nogent-sur-Oise-650x430.jpg 650w, https:\/\/www.creilsudoise-tourisme.fr\/wp-content\/uploads\/2021\/11\/Nogent-sur-Oise-387x256.jpg 387w\" sizes=\"(max-width: 916px) 100vw, 916px\" \/><\/figure>\n\n\n\n<hr class=\"wp-block-separator\"\/>","protected":false},"excerpt":{"rendered":"<p>Have you ever wondered where the name of your town comes from? Well, we'll try to answer that with a few hints. In this anecdote, we will discover Creil and Nogent-sur-Oise! Creil The name of the town of Creil appears for the first time in a text in 656 under the name Criolo, Crioilum around 672 and later [...]<\/p>","protected":false},"author":3,"featured_media":38931,"comment_status":"closed","ping_status":"open","sticky":false,"template":"","format":"standard","meta":{"_relevanssi_hide_post":"","_relevanssi_hide_content":"","_relevanssi_pin_for_all":"","_relevanssi_pin_keywords":"","_relevanssi_unpin_keywords":"","_relevanssi_related_keywords":"","_relevanssi_related_include_ids":"","_relevanssi_related_exclude_ids":"","_relevanssi_related_no_append":"","_relevanssi_related_not_related":"","_relevanssi_related_posts":"36660,38921,37307,36690,37046,38910","_relevanssi_noindex_reason":""},"categories":[3],"tags":[],"yoast_head":"<!-- This site is optimized with the Yoast SEO plugin v20.2.1 - https:\/\/yoast.com\/wordpress\/plugins\/seo\/ -->\n<title>Anecdote : l&#039;\u00e9tymologie de Creil et de Nogent-sur-Oise<\/title>\n<meta name=\"description\" content=\"D\u00e9couvrez l&#039;origine des noms des villes de Creil et de Nogent-sur-Oise \u00e0 travers une anecdote concoct\u00e9e par l&#039;Office de Tourisme !\" \/>\n<meta name=\"robots\" content=\"index, follow, max-snippet:-1, max-image-preview:large, max-video-preview:-1\" \/>\n<link rel=\"canonical\" href=\"https:\/\/www.creilsudoise-tourisme.fr\/en\/2021\/11\/30\/etymologie-2\/\" \/>\n<meta property=\"og:locale\" content=\"en_GB\" \/>\n<meta property=\"og:type\" content=\"article\" \/>\n<meta property=\"og:title\" content=\"Anecdote : l&#039;\u00e9tymologie de Creil et de Nogent-sur-Oise\" \/>\n<meta property=\"og:description\" content=\"D\u00e9couvrez l&#039;origine des noms des villes de Creil et de Nogent-sur-Oise \u00e0 travers une anecdote concoct\u00e9e par l&#039;Office de Tourisme !\" \/>\n<meta property=\"og:url\" content=\"https:\/\/www.creilsudoise-tourisme.fr\/en\/2021\/11\/30\/etymologie-2\/\" \/>\n<meta property=\"og:site_name\" content=\"Office de Tourisme Creil Sud Oise\" \/>\n<meta property=\"article:publisher\" content=\"https:\/\/www.facebook.com\/creilsudoisetourisme\/\" \/>\n<meta property=\"article:published_time\" content=\"2021-11-30T10:30:40+00:00\" \/>\n<meta property=\"article:modified_time\" content=\"2022-01-25T08:09:12+00:00\" \/>\n<meta property=\"og:image\" content=\"https:\/\/www.creilsudoise-tourisme.fr\/wp-content\/uploads\/2021\/11\/Creil-Le-marche.jpg\" \/>\n\t<meta property=\"og:image:width\" content=\"1836\" \/>\n\t<meta property=\"og:image:height\" content=\"1166\" \/>\n\t<meta property=\"og:image:type\" content=\"image\/jpeg\" \/>\n<meta name=\"author\" content=\"fdubut\" \/>\n<meta name=\"twitter:card\" content=\"summary_large_image\" \/>\n<meta name=\"twitter:creator\" content=\"@CreilSudOiseOT\" \/>\n<meta name=\"twitter:site\" content=\"@CreilSudOiseOT\" \/>\n<meta name=\"twitter:label1\" content=\"Written by\" \/>\n\t<meta name=\"twitter:data1\" content=\"fdubut\" \/>\n\t<meta name=\"twitter:label2\" content=\"Estimated reading time\" \/>\n\t<meta name=\"twitter:data2\" content=\"3 minutes\" \/>\n<script type=\"application\/ld+json\" class=\"yoast-schema-graph\">{\"@context\":\"https:\/\/schema.org\",\"@graph\":[{\"@type\":\"Article\",\"@id\":\"https:\/\/www.creilsudoise-tourisme.fr\/en\/2021\/11\/30\/etymologie-2\/#article\",\"isPartOf\":{\"@id\":\"https:\/\/www.creilsudoise-tourisme.fr\/en\/2021\/11\/30\/etymologie-2\/\"},\"author\":{\"name\":\"fdubut\",\"@id\":\"https:\/\/www.creilsudoise-tourisme.fr\/#\/schema\/person\/c5140d47645b13bee896bfe05f1bd5da\"},\"headline\":\"\u00c9tymologie : Creil, Nogent-sur-Oise\",\"datePublished\":\"2021-11-30T10:30:40+00:00\",\"dateModified\":\"2022-01-25T08:09:12+00:00\",\"mainEntityOfPage\":{\"@id\":\"https:\/\/www.creilsudoise-tourisme.fr\/en\/2021\/11\/30\/etymologie-2\/\"},\"wordCount\":466,\"publisher\":{\"@id\":\"https:\/\/www.creilsudoise-tourisme.fr\/#organization\"},\"articleSection\":[\"Anecdotes\"],\"inLanguage\":\"en-GB\"},{\"@type\":\"WebPage\",\"@id\":\"https:\/\/www.creilsudoise-tourisme.fr\/en\/2021\/11\/30\/etymologie-2\/\",\"url\":\"https:\/\/www.creilsudoise-tourisme.fr\/en\/2021\/11\/30\/etymologie-2\/\",\"name\":\"Anecdote : l'\u00e9tymologie de Creil et de Nogent-sur-Oise\",\"isPartOf\":{\"@id\":\"https:\/\/www.creilsudoise-tourisme.fr\/#website\"},\"datePublished\":\"2021-11-30T10:30:40+00:00\",\"dateModified\":\"2022-01-25T08:09:12+00:00\",\"description\":\"D\u00e9couvrez l'origine des noms des villes de Creil et de Nogent-sur-Oise \u00e0 travers une anecdote concoct\u00e9e par l'Office de Tourisme !\",\"breadcrumb\":{\"@id\":\"https:\/\/www.creilsudoise-tourisme.fr\/en\/2021\/11\/30\/etymologie-2\/#breadcrumb\"},\"inLanguage\":\"en-GB\",\"potentialAction\":[{\"@type\":\"ReadAction\",\"target\":[\"https:\/\/www.creilsudoise-tourisme.fr\/en\/2021\/11\/30\/etymologie-2\/\"]}]},{\"@type\":\"BreadcrumbList\",\"@id\":\"https:\/\/www.creilsudoise-tourisme.fr\/en\/2021\/11\/30\/etymologie-2\/#breadcrumb\",\"itemListElement\":[{\"@type\":\"ListItem\",\"position\":1,\"name\":\"Accueil\",\"item\":\"https:\/\/www.creilsudoise-tourisme.fr\/\"},{\"@type\":\"ListItem\",\"position\":2,\"name\":\"\u00c9tymologie : Creil, Nogent-sur-Oise\"}]},{\"@type\":\"WebSite\",\"@id\":\"https:\/\/www.creilsudoise-tourisme.fr\/#website\",\"url\":\"https:\/\/www.creilsudoise-tourisme.fr\/\",\"name\":\"Office de Tourisme Creil Sud Oise\",\"description\":\"Creil Sud Oise Tourisme, un territoire \u00e0 explorer !\",\"publisher\":{\"@id\":\"https:\/\/www.creilsudoise-tourisme.fr\/#organization\"},\"potentialAction\":[{\"@type\":\"SearchAction\",\"target\":{\"@type\":\"EntryPoint\",\"urlTemplate\":\"https:\/\/www.creilsudoise-tourisme.fr\/?s={search_term_string}\"},\"query-input\":\"required name=search_term_string\"}],\"inLanguage\":\"en-GB\"},{\"@type\":\"Organization\",\"@id\":\"https:\/\/www.creilsudoise-tourisme.fr\/#organization\",\"name\":\"Creil Sud Oise Tourisme\",\"url\":\"https:\/\/www.creilsudoise-tourisme.fr\/\",\"logo\":{\"@type\":\"ImageObject\",\"inLanguage\":\"en-GB\",\"@id\":\"https:\/\/www.creilsudoise-tourisme.fr\/#\/schema\/logo\/image\/\",\"url\":\"https:\/\/www.creilsudoise-tourisme.fr\/wp-content\/uploads\/2021\/05\/logo-svg.png\",\"contentUrl\":\"https:\/\/www.creilsudoise-tourisme.fr\/wp-content\/uploads\/2021\/05\/logo-svg.png\",\"width\":182,\"height\":71,\"caption\":\"Creil Sud Oise Tourisme\"},\"image\":{\"@id\":\"https:\/\/www.creilsudoise-tourisme.fr\/#\/schema\/logo\/image\/\"},\"sameAs\":[\"https:\/\/www.facebook.com\/creilsudoisetourisme\/\",\"https:\/\/twitter.com\/CreilSudOiseOT\",\"https:\/\/www.instagram.com\/creilsudoisetourisme\/\",\"https:\/\/www.youtube.com\/channel\/UC8L_QD2wwyADW14zt9fY8kw\"]},{\"@type\":\"Person\",\"@id\":\"https:\/\/www.creilsudoise-tourisme.fr\/#\/schema\/person\/c5140d47645b13bee896bfe05f1bd5da\",\"name\":\"fdubut\",\"image\":{\"@type\":\"ImageObject\",\"inLanguage\":\"en-GB\",\"@id\":\"https:\/\/www.creilsudoise-tourisme.fr\/#\/schema\/person\/image\/\",\"url\":\"https:\/\/secure.gravatar.com\/avatar\/c49bb61337bf4556cafdbcb92c18618d?s=96&d=mm&r=g\",\"contentUrl\":\"https:\/\/secure.gravatar.com\/avatar\/c49bb61337bf4556cafdbcb92c18618d?s=96&d=mm&r=g\",\"caption\":\"fdubut\"},\"url\":\"https:\/\/www.creilsudoise-tourisme.fr\/en\/auteur\/fdubut\/\"}]}<\/script>\n<!-- \/ Yoast SEO plugin. -->","yoast_head_json":{"title":"Anecdote : l'\u00e9tymologie de Creil et de Nogent-sur-Oise","description":"D\u00e9couvrez l'origine des noms des villes de Creil et de Nogent-sur-Oise \u00e0 travers une anecdote concoct\u00e9e par l'Office de Tourisme !","robots":{"index":"index","follow":"follow","max-snippet":"max-snippet:-1","max-image-preview":"max-image-preview:large","max-video-preview":"max-video-preview:-1"},"canonical":"https:\/\/www.creilsudoise-tourisme.fr\/en\/2021\/11\/30\/etymologie-2\/","og_locale":"en_GB","og_type":"article","og_title":"Anecdote : l'\u00e9tymologie de Creil et de Nogent-sur-Oise","og_description":"D\u00e9couvrez l'origine des noms des villes de Creil et de Nogent-sur-Oise \u00e0 travers une anecdote concoct\u00e9e par l'Office de Tourisme !","og_url":"https:\/\/www.creilsudoise-tourisme.fr\/en\/2021\/11\/30\/etymologie-2\/","og_site_name":"Office de Tourisme Creil Sud Oise","article_publisher":"https:\/\/www.facebook.com\/creilsudoisetourisme\/","article_published_time":"2021-11-30T10:30:40+00:00","article_modified_time":"2022-01-25T08:09:12+00:00","og_image":[{"width":1836,"height":1166,"url":"https:\/\/www.creilsudoise-tourisme.fr\/wp-content\/uploads\/2021\/11\/Creil-Le-marche.jpg","type":"image\/jpeg"}],"author":"fdubut","twitter_card":"summary_large_image","twitter_creator":"@CreilSudOiseOT","twitter_site":"@CreilSudOiseOT","twitter_misc":{"Written by":"fdubut","Estimated reading time":"3 minutes"},"schema":{"@context":"https:\/\/schema.org","@graph":[{"@type":"Article","@id":"https:\/\/www.creilsudoise-tourisme.fr\/en\/2021\/11\/30\/etymologie-2\/#article","isPartOf":{"@id":"https:\/\/www.creilsudoise-tourisme.fr\/en\/2021\/11\/30\/etymologie-2\/"},"author":{"name":"fdubut","@id":"https:\/\/www.creilsudoise-tourisme.fr\/#\/schema\/person\/c5140d47645b13bee896bfe05f1bd5da"},"headline":"\u00c9tymologie : Creil, Nogent-sur-Oise","datePublished":"2021-11-30T10:30:40+00:00","dateModified":"2022-01-25T08:09:12+00:00","mainEntityOfPage":{"@id":"https:\/\/www.creilsudoise-tourisme.fr\/en\/2021\/11\/30\/etymologie-2\/"},"wordCount":466,"publisher":{"@id":"https:\/\/www.creilsudoise-tourisme.fr\/#organization"},"articleSection":["Anecdotes"],"inLanguage":"en-GB"},{"@type":"WebPage","@id":"https:\/\/www.creilsudoise-tourisme.fr\/en\/2021\/11\/30\/etymologie-2\/","url":"https:\/\/www.creilsudoise-tourisme.fr\/en\/2021\/11\/30\/etymologie-2\/","name":"Anecdote : l'\u00e9tymologie de Creil et de Nogent-sur-Oise","isPartOf":{"@id":"https:\/\/www.creilsudoise-tourisme.fr\/#website"},"datePublished":"2021-11-30T10:30:40+00:00","dateModified":"2022-01-25T08:09:12+00:00","description":"D\u00e9couvrez l'origine des noms des villes de Creil et de Nogent-sur-Oise \u00e0 travers une anecdote concoct\u00e9e par l'Office de Tourisme !","breadcrumb":{"@id":"https:\/\/www.creilsudoise-tourisme.fr\/en\/2021\/11\/30\/etymologie-2\/#breadcrumb"},"inLanguage":"en-GB","potentialAction":[{"@type":"ReadAction","target":["https:\/\/www.creilsudoise-tourisme.fr\/en\/2021\/11\/30\/etymologie-2\/"]}]},{"@type":"BreadcrumbList","@id":"https:\/\/www.creilsudoise-tourisme.fr\/en\/2021\/11\/30\/etymologie-2\/#breadcrumb","itemListElement":[{"@type":"ListItem","position":1,"name":"Accueil","item":"https:\/\/www.creilsudoise-tourisme.fr\/"},{"@type":"ListItem","position":2,"name":"\u00c9tymologie : Creil, Nogent-sur-Oise"}]},{"@type":"WebSite","@id":"https:\/\/www.creilsudoise-tourisme.fr\/#website","url":"https:\/\/www.creilsudoise-tourisme.fr\/","name":"Office de Tourisme Creil Sud Oise","description":"Creil Sud Oise Tourisme, un territoire \u00e0 explorer !","publisher":{"@id":"https:\/\/www.creilsudoise-tourisme.fr\/#organization"},"potentialAction":[{"@type":"SearchAction","target":{"@type":"EntryPoint","urlTemplate":"https:\/\/www.creilsudoise-tourisme.fr\/?s={search_term_string}"},"query-input":"required name=search_term_string"}],"inLanguage":"en-GB"},{"@type":"Organization","@id":"https:\/\/www.creilsudoise-tourisme.fr\/#organization","name":"Creil Sud Oise Tourisme","url":"https:\/\/www.creilsudoise-tourisme.fr\/","logo":{"@type":"ImageObject","inLanguage":"en-GB","@id":"https:\/\/www.creilsudoise-tourisme.fr\/#\/schema\/logo\/image\/","url":"https:\/\/www.creilsudoise-tourisme.fr\/wp-content\/uploads\/2021\/05\/logo-svg.png","contentUrl":"https:\/\/www.creilsudoise-tourisme.fr\/wp-content\/uploads\/2021\/05\/logo-svg.png","width":182,"height":71,"caption":"Creil Sud Oise Tourisme"},"image":{"@id":"https:\/\/www.creilsudoise-tourisme.fr\/#\/schema\/logo\/image\/"},"sameAs":["https:\/\/www.facebook.com\/creilsudoisetourisme\/","https:\/\/twitter.com\/CreilSudOiseOT","https:\/\/www.instagram.com\/creilsudoisetourisme\/","https:\/\/www.youtube.com\/channel\/UC8L_QD2wwyADW14zt9fY8kw"]},{"@type":"Person","@id":"https:\/\/www.creilsudoise-tourisme.fr\/#\/schema\/person\/c5140d47645b13bee896bfe05f1bd5da","name":"fdubut","image":{"@type":"ImageObject","inLanguage":"en-GB","@id":"https:\/\/www.creilsudoise-tourisme.fr\/#\/schema\/person\/image\/","url":"https:\/\/secure.gravatar.com\/avatar\/c49bb61337bf4556cafdbcb92c18618d?s=96&d=mm&r=g","contentUrl":"https:\/\/secure.gravatar.com\/avatar\/c49bb61337bf4556cafdbcb92c18618d?s=96&d=mm&r=g","caption":"fdubut"},"url":"https:\/\/www.creilsudoise-tourisme.fr\/en\/auteur\/fdubut\/"}]}},"_links":{"self":[{"href":"https:\/\/www.creilsudoise-tourisme.fr\/en\/wp-json\/wp\/v2\/posts\/38928"}],"collection":[{"href":"https:\/\/www.creilsudoise-tourisme.fr\/en\/wp-json\/wp\/v2\/posts"}],"about":[{"href":"https:\/\/www.creilsudoise-tourisme.fr\/en\/wp-json\/wp\/v2\/types\/post"}],"author":[{"embeddable":true,"href":"https:\/\/www.creilsudoise-tourisme.fr\/en\/wp-json\/wp\/v2\/users\/3"}],"replies":[{"embeddable":true,"href":"https:\/\/www.creilsudoise-tourisme.fr\/en\/wp-json\/wp\/v2\/comments?post=38928"}],"version-history":[{"count":2,"href":"https:\/\/www.creilsudoise-tourisme.fr\/en\/wp-json\/wp\/v2\/posts\/38928\/revisions"}],"predecessor-version":[{"id":38935,"href":"https:\/\/www.creilsudoise-tourisme.fr\/en\/wp-json\/wp\/v2\/posts\/38928\/revisions\/38935"}],"wp:featuredmedia":[{"embeddable":true,"href":"https:\/\/www.creilsudoise-tourisme.fr\/en\/wp-json\/wp\/v2\/media\/38931"}],"wp:attachment":[{"href":"https:\/\/www.creilsudoise-tourisme.fr\/en\/wp-json\/wp\/v2\/media?parent=38928"}],"wp:term":[{"taxonomy":"category","embeddable":true,"href":"https:\/\/www.creilsudoise-tourisme.fr\/en\/wp-json\/wp\/v2\/categories?post=38928"},{"taxonomy":"post_tag","embeddable":true,"href":"https:\/\/www.creilsudoise-tourisme.fr\/en\/wp-json\/wp\/v2\/tags?post=38928"}],"curies":[{"name":"wp","href":"https:\/\/api.w.org\/{rel}","templated":true}]}}