{"id":37317,"date":"2021-08-11T13:57:52","date_gmt":"2021-08-11T11:57:52","guid":{"rendered":"https:\/\/www.creilsudoise-tourisme.fr\/?p=37317"},"modified":"2022-01-25T09:09:50","modified_gmt":"2022-01-25T08:09:50","slug":"usine-parville","status":"publish","type":"post","link":"https:\/\/www.creilsudoise-tourisme.fr\/en\/2021\/08\/11\/factory-parville\/","title":{"rendered":"The Parvill\u00e9 factory"},"content":{"rendered":"<p class=\"is-style-excerpt\">Visible from afar, the<strong>Parvill\u00e9 factory<\/strong> exhibits its glass roof in the village of Cramoisy. Did you know that she <strong>now houses flats<\/strong> ?<\/p>\n\n\n\n<h2>The history of the factory<\/h2>\n\n\n\n<p>In 1899, the Parisian company Anciens \u00e9tablissements Parvill\u00e9e Fr\u00e8res et Cie set up a<strong> porcelain electrical insulator factory<\/strong> and had new, large buildings constructed. These buildings were constructed between 1900 and 1901.<\/p>\n\n\n\n<p>Prior to the installation of the plant, the <strong>main economic activity<\/strong> of the village was the<strong>stone quarrying<\/strong>.<\/p>\n\n\n\n<p>Beyond the industrial buildings, it is the entire <strong>a working class housing estate that develops with allotment houses and gardens<\/strong>. Several successive generations of Cramoisy people worked in the factory from the time they left primary school until they retired.<\/p>\n\n\n\n<figure class=\"wp-block-image size-large\"><img decoding=\"async\" loading=\"lazy\" width=\"1200\" height=\"675\" data-src=\"https:\/\/www.creilsudoise-tourisme.fr\/wp-content\/uploads\/2021\/08\/La-structure-Eiffel-de-lusine-Parville-1200x675.jpg\" alt=\"\" class=\"wp-image-37318\" data-srcset=\"https:\/\/www.creilsudoise-tourisme.fr\/wp-content\/uploads\/2021\/08\/La-structure-Eiffel-de-lusine-Parville-1200x675.jpg 1200w, https:\/\/www.creilsudoise-tourisme.fr\/wp-content\/uploads\/2021\/08\/La-structure-Eiffel-de-lusine-Parville-600x338.jpg 600w, https:\/\/www.creilsudoise-tourisme.fr\/wp-content\/uploads\/2021\/08\/La-structure-Eiffel-de-lusine-Parville-900x506.jpg 900w, https:\/\/www.creilsudoise-tourisme.fr\/wp-content\/uploads\/2021\/08\/La-structure-Eiffel-de-lusine-Parville-1536x864.jpg 1536w, https:\/\/www.creilsudoise-tourisme.fr\/wp-content\/uploads\/2021\/08\/La-structure-Eiffel-de-lusine-Parville-200x113.jpg 200w, https:\/\/www.creilsudoise-tourisme.fr\/wp-content\/uploads\/2021\/08\/La-structure-Eiffel-de-lusine-Parville-1600x900.jpg 1600w, https:\/\/www.creilsudoise-tourisme.fr\/wp-content\/uploads\/2021\/08\/La-structure-Eiffel-de-lusine-Parville-650x366.jpg 650w, https:\/\/www.creilsudoise-tourisme.fr\/wp-content\/uploads\/2021\/08\/La-structure-Eiffel-de-lusine-Parville-387x218.jpg 387w, https:\/\/www.creilsudoise-tourisme.fr\/wp-content\/uploads\/2021\/08\/La-structure-Eiffel-de-lusine-Parville.jpg 1920w\" sizes=\"(max-width: 1200px) 100vw, 1200px\" \/><\/figure>\n\n\n\n<h2>Listed as a Historical Monument<\/h2>\n\n\n\n<p>Abandoned in 1983,<strong> the site was listed as a Historical Monument in 2002<\/strong>s, notably through the <strong>glass roof of its central Eiffel-style building<\/strong>.<\/p>\n\n\n\n<p>At the request of the Town Hall, <strong>a rehabilitation project was launched in 2003<\/strong>. The work took place from 2006 to 2008 and <strong>100 homes were built on this site<\/strong>.<\/p>\n\n\n\n<h3>Visit the factory!<\/h3>\n\n\n\n<p>A few months ago, Floriane presented a <strong>a guided tour<\/strong>This is a very special site in our territory, a small overview in <strong>video <\/strong>:<\/p>\n\n\n\n<div class=\"is-layout-flex wp-block-buttons is-content-justification-center\">\n<div class=\"wp-block-button\"><a class=\"wp-block-button__link\" href=\"https:\/\/www.creilsudoise-tourisme.fr\/en\/jexplore\/videos\/factory-parville-a-cramoisy\/\" target=\"_blank\" rel=\"noreferrer noopener\">Watch the video<\/a><\/div>\n<\/div>\n\n\n\n<p>If you would like to know more about this monument, see our <strong><a href=\"https:\/\/www.creilsudoise-tourisme.fr\/en\/agenda\/\" target=\"_blank\" rel=\"noreferrer noopener\">Calendar<\/a><\/strong>There may be a visit soon!<\/p>\n\n\n\n<figure class=\"wp-block-image size-large\"><img decoding=\"async\" loading=\"lazy\" width=\"1200\" height=\"675\" data-src=\"https:\/\/www.creilsudoise-tourisme.fr\/wp-content\/uploads\/2021\/08\/Visite-guidee-de-lusine-Parville-1200x675.jpg\" alt=\"Guided tour of the Parvill\u00e9 factory\" class=\"wp-image-37320\" data-srcset=\"https:\/\/www.creilsudoise-tourisme.fr\/wp-content\/uploads\/2021\/08\/Visite-guidee-de-lusine-Parville-1200x675.jpg 1200w, https:\/\/www.creilsudoise-tourisme.fr\/wp-content\/uploads\/2021\/08\/Visite-guidee-de-lusine-Parville-600x338.jpg 600w, https:\/\/www.creilsudoise-tourisme.fr\/wp-content\/uploads\/2021\/08\/Visite-guidee-de-lusine-Parville-900x506.jpg 900w, https:\/\/www.creilsudoise-tourisme.fr\/wp-content\/uploads\/2021\/08\/Visite-guidee-de-lusine-Parville-1536x864.jpg 1536w, https:\/\/www.creilsudoise-tourisme.fr\/wp-content\/uploads\/2021\/08\/Visite-guidee-de-lusine-Parville-200x113.jpg 200w, https:\/\/www.creilsudoise-tourisme.fr\/wp-content\/uploads\/2021\/08\/Visite-guidee-de-lusine-Parville-1600x900.jpg 1600w, https:\/\/www.creilsudoise-tourisme.fr\/wp-content\/uploads\/2021\/08\/Visite-guidee-de-lusine-Parville-650x366.jpg 650w, https:\/\/www.creilsudoise-tourisme.fr\/wp-content\/uploads\/2021\/08\/Visite-guidee-de-lusine-Parville-387x218.jpg 387w, https:\/\/www.creilsudoise-tourisme.fr\/wp-content\/uploads\/2021\/08\/Visite-guidee-de-lusine-Parville.jpg 1920w\" sizes=\"(max-width: 1200px) 100vw, 1200px\" \/><figcaption>Guided tour of the Parvill\u00e9 factory by Floriane<\/figcaption><\/figure>\n\n\n\n<hr class=\"wp-block-separator\"\/>","protected":false},"excerpt":{"rendered":"<p>Visible from afar, the Parvill\u00e9 factory displays its glass roof in the village of Cramoisy. Did you know that it now houses flats? The history of the factory In 1899, the Parisian company Anciens \u00e9tablissements Parvill\u00e9e Fr\u00e8res et Cie set up a porcelain electrical insulator factory in Cramoisy and had new, vast buildings constructed. These buildings were to be [...]<\/p>","protected":false},"author":3,"featured_media":37319,"comment_status":"closed","ping_status":"open","sticky":false,"template":"","format":"standard","meta":{"_relevanssi_hide_post":"","_relevanssi_hide_content":"","_relevanssi_pin_for_all":"","_relevanssi_pin_keywords":"","_relevanssi_unpin_keywords":"","_relevanssi_related_keywords":"","_relevanssi_related_include_ids":"","_relevanssi_related_exclude_ids":"","_relevanssi_related_no_append":"","_relevanssi_related_not_related":"","_relevanssi_related_posts":"271,267,32820,36660,36653,37307","_relevanssi_noindex_reason":""},"categories":[3],"tags":[],"yoast_head":"<!-- This site is optimized with the Yoast SEO plugin v20.2.1 - https:\/\/yoast.com\/wordpress\/plugins\/seo\/ -->\n<title>Anecdote : l&#039;histoire de l&#039;usine Parvill\u00e9, devenue appartements<\/title>\n<meta name=\"description\" content=\"D\u00e9couvrez l&#039;histoire de l&#039;usine Parvill\u00e9 qui a \u00e9t\u00e9 r\u00e9habilit\u00e9 en appartements et qui comporte une armature des ateliers Eiffel.\" \/>\n<meta name=\"robots\" content=\"index, follow, max-snippet:-1, max-image-preview:large, max-video-preview:-1\" \/>\n<link rel=\"canonical\" href=\"https:\/\/www.creilsudoise-tourisme.fr\/en\/2021\/08\/11\/usine-parville\/\" \/>\n<meta property=\"og:locale\" content=\"en_GB\" \/>\n<meta property=\"og:type\" content=\"article\" \/>\n<meta property=\"og:title\" content=\"Anecdote : l&#039;histoire de l&#039;usine Parvill\u00e9, devenue appartements\" \/>\n<meta property=\"og:description\" content=\"D\u00e9couvrez l&#039;histoire de l&#039;usine Parvill\u00e9 qui a \u00e9t\u00e9 r\u00e9habilit\u00e9 en appartements et qui comporte une armature des ateliers Eiffel.\" \/>\n<meta property=\"og:url\" content=\"https:\/\/www.creilsudoise-tourisme.fr\/en\/2021\/08\/11\/usine-parville\/\" \/>\n<meta property=\"og:site_name\" content=\"Office de Tourisme Creil Sud Oise\" \/>\n<meta property=\"article:publisher\" content=\"https:\/\/www.facebook.com\/creilsudoisetourisme\/\" \/>\n<meta property=\"article:published_time\" content=\"2021-08-11T11:57:52+00:00\" \/>\n<meta property=\"article:modified_time\" content=\"2022-01-25T08:09:50+00:00\" \/>\n<meta property=\"og:image\" content=\"https:\/\/www.creilsudoise-tourisme.fr\/wp-content\/uploads\/2021\/08\/Lusine-Parville.jpg\" \/>\n\t<meta property=\"og:image:width\" content=\"1760\" \/>\n\t<meta property=\"og:image:height\" content=\"1320\" \/>\n\t<meta property=\"og:image:type\" content=\"image\/jpeg\" \/>\n<meta name=\"author\" content=\"fdubut\" \/>\n<meta name=\"twitter:card\" content=\"summary_large_image\" \/>\n<meta name=\"twitter:creator\" content=\"@CreilSudOiseOT\" \/>\n<meta name=\"twitter:site\" content=\"@CreilSudOiseOT\" \/>\n<meta name=\"twitter:label1\" content=\"Written by\" \/>\n\t<meta name=\"twitter:data1\" content=\"fdubut\" \/>\n\t<meta name=\"twitter:label2\" content=\"Estimated reading time\" \/>\n\t<meta name=\"twitter:data2\" content=\"2 minutes\" \/>\n<script type=\"application\/ld+json\" class=\"yoast-schema-graph\">{\"@context\":\"https:\/\/schema.org\",\"@graph\":[{\"@type\":\"Article\",\"@id\":\"https:\/\/www.creilsudoise-tourisme.fr\/en\/2021\/08\/11\/usine-parville\/#article\",\"isPartOf\":{\"@id\":\"https:\/\/www.creilsudoise-tourisme.fr\/en\/2021\/08\/11\/usine-parville\/\"},\"author\":{\"name\":\"fdubut\",\"@id\":\"https:\/\/www.creilsudoise-tourisme.fr\/#\/schema\/person\/c5140d47645b13bee896bfe05f1bd5da\"},\"headline\":\"L&rsquo;usine Parvill\u00e9\",\"datePublished\":\"2021-08-11T11:57:52+00:00\",\"dateModified\":\"2022-01-25T08:09:50+00:00\",\"mainEntityOfPage\":{\"@id\":\"https:\/\/www.creilsudoise-tourisme.fr\/en\/2021\/08\/11\/usine-parville\/\"},\"wordCount\":252,\"publisher\":{\"@id\":\"https:\/\/www.creilsudoise-tourisme.fr\/#organization\"},\"articleSection\":[\"Anecdotes\"],\"inLanguage\":\"en-GB\"},{\"@type\":\"WebPage\",\"@id\":\"https:\/\/www.creilsudoise-tourisme.fr\/en\/2021\/08\/11\/usine-parville\/\",\"url\":\"https:\/\/www.creilsudoise-tourisme.fr\/en\/2021\/08\/11\/usine-parville\/\",\"name\":\"Anecdote : l'histoire de l'usine Parvill\u00e9, devenue appartements\",\"isPartOf\":{\"@id\":\"https:\/\/www.creilsudoise-tourisme.fr\/#website\"},\"datePublished\":\"2021-08-11T11:57:52+00:00\",\"dateModified\":\"2022-01-25T08:09:50+00:00\",\"description\":\"D\u00e9couvrez l'histoire de l'usine Parvill\u00e9 qui a \u00e9t\u00e9 r\u00e9habilit\u00e9 en appartements et qui comporte une armature des ateliers Eiffel.\",\"breadcrumb\":{\"@id\":\"https:\/\/www.creilsudoise-tourisme.fr\/en\/2021\/08\/11\/usine-parville\/#breadcrumb\"},\"inLanguage\":\"en-GB\",\"potentialAction\":[{\"@type\":\"ReadAction\",\"target\":[\"https:\/\/www.creilsudoise-tourisme.fr\/en\/2021\/08\/11\/usine-parville\/\"]}]},{\"@type\":\"BreadcrumbList\",\"@id\":\"https:\/\/www.creilsudoise-tourisme.fr\/en\/2021\/08\/11\/usine-parville\/#breadcrumb\",\"itemListElement\":[{\"@type\":\"ListItem\",\"position\":1,\"name\":\"Accueil\",\"item\":\"https:\/\/www.creilsudoise-tourisme.fr\/\"},{\"@type\":\"ListItem\",\"position\":2,\"name\":\"L&rsquo;usine Parvill\u00e9\"}]},{\"@type\":\"WebSite\",\"@id\":\"https:\/\/www.creilsudoise-tourisme.fr\/#website\",\"url\":\"https:\/\/www.creilsudoise-tourisme.fr\/\",\"name\":\"Office de Tourisme Creil Sud Oise\",\"description\":\"Creil Sud Oise Tourisme, un territoire \u00e0 explorer !\",\"publisher\":{\"@id\":\"https:\/\/www.creilsudoise-tourisme.fr\/#organization\"},\"potentialAction\":[{\"@type\":\"SearchAction\",\"target\":{\"@type\":\"EntryPoint\",\"urlTemplate\":\"https:\/\/www.creilsudoise-tourisme.fr\/?s={search_term_string}\"},\"query-input\":\"required name=search_term_string\"}],\"inLanguage\":\"en-GB\"},{\"@type\":\"Organization\",\"@id\":\"https:\/\/www.creilsudoise-tourisme.fr\/#organization\",\"name\":\"Creil Sud Oise Tourisme\",\"url\":\"https:\/\/www.creilsudoise-tourisme.fr\/\",\"logo\":{\"@type\":\"ImageObject\",\"inLanguage\":\"en-GB\",\"@id\":\"https:\/\/www.creilsudoise-tourisme.fr\/#\/schema\/logo\/image\/\",\"url\":\"https:\/\/www.creilsudoise-tourisme.fr\/wp-content\/uploads\/2021\/05\/logo-svg.png\",\"contentUrl\":\"https:\/\/www.creilsudoise-tourisme.fr\/wp-content\/uploads\/2021\/05\/logo-svg.png\",\"width\":182,\"height\":71,\"caption\":\"Creil Sud Oise Tourisme\"},\"image\":{\"@id\":\"https:\/\/www.creilsudoise-tourisme.fr\/#\/schema\/logo\/image\/\"},\"sameAs\":[\"https:\/\/www.facebook.com\/creilsudoisetourisme\/\",\"https:\/\/twitter.com\/CreilSudOiseOT\",\"https:\/\/www.instagram.com\/creilsudoisetourisme\/\",\"https:\/\/www.youtube.com\/channel\/UC8L_QD2wwyADW14zt9fY8kw\"]},{\"@type\":\"Person\",\"@id\":\"https:\/\/www.creilsudoise-tourisme.fr\/#\/schema\/person\/c5140d47645b13bee896bfe05f1bd5da\",\"name\":\"fdubut\",\"image\":{\"@type\":\"ImageObject\",\"inLanguage\":\"en-GB\",\"@id\":\"https:\/\/www.creilsudoise-tourisme.fr\/#\/schema\/person\/image\/\",\"url\":\"https:\/\/secure.gravatar.com\/avatar\/c49bb61337bf4556cafdbcb92c18618d?s=96&d=mm&r=g\",\"contentUrl\":\"https:\/\/secure.gravatar.com\/avatar\/c49bb61337bf4556cafdbcb92c18618d?s=96&d=mm&r=g\",\"caption\":\"fdubut\"},\"url\":\"https:\/\/www.creilsudoise-tourisme.fr\/en\/auteur\/fdubut\/\"}]}<\/script>\n<!-- \/ Yoast SEO plugin. -->","yoast_head_json":{"title":"Anecdote : l'histoire de l'usine Parvill\u00e9, devenue appartements","description":"D\u00e9couvrez l'histoire de l'usine Parvill\u00e9 qui a \u00e9t\u00e9 r\u00e9habilit\u00e9 en appartements et qui comporte une armature des ateliers Eiffel.","robots":{"index":"index","follow":"follow","max-snippet":"max-snippet:-1","max-image-preview":"max-image-preview:large","max-video-preview":"max-video-preview:-1"},"canonical":"https:\/\/www.creilsudoise-tourisme.fr\/en\/2021\/08\/11\/usine-parville\/","og_locale":"en_GB","og_type":"article","og_title":"Anecdote : l'histoire de l'usine Parvill\u00e9, devenue appartements","og_description":"D\u00e9couvrez l'histoire de l'usine Parvill\u00e9 qui a \u00e9t\u00e9 r\u00e9habilit\u00e9 en appartements et qui comporte une armature des ateliers Eiffel.","og_url":"https:\/\/www.creilsudoise-tourisme.fr\/en\/2021\/08\/11\/usine-parville\/","og_site_name":"Office de Tourisme Creil Sud Oise","article_publisher":"https:\/\/www.facebook.com\/creilsudoisetourisme\/","article_published_time":"2021-08-11T11:57:52+00:00","article_modified_time":"2022-01-25T08:09:50+00:00","og_image":[{"width":1760,"height":1320,"url":"https:\/\/www.creilsudoise-tourisme.fr\/wp-content\/uploads\/2021\/08\/Lusine-Parville.jpg","type":"image\/jpeg"}],"author":"fdubut","twitter_card":"summary_large_image","twitter_creator":"@CreilSudOiseOT","twitter_site":"@CreilSudOiseOT","twitter_misc":{"Written by":"fdubut","Estimated reading time":"2 minutes"},"schema":{"@context":"https:\/\/schema.org","@graph":[{"@type":"Article","@id":"https:\/\/www.creilsudoise-tourisme.fr\/en\/2021\/08\/11\/usine-parville\/#article","isPartOf":{"@id":"https:\/\/www.creilsudoise-tourisme.fr\/en\/2021\/08\/11\/usine-parville\/"},"author":{"name":"fdubut","@id":"https:\/\/www.creilsudoise-tourisme.fr\/#\/schema\/person\/c5140d47645b13bee896bfe05f1bd5da"},"headline":"L&rsquo;usine Parvill\u00e9","datePublished":"2021-08-11T11:57:52+00:00","dateModified":"2022-01-25T08:09:50+00:00","mainEntityOfPage":{"@id":"https:\/\/www.creilsudoise-tourisme.fr\/en\/2021\/08\/11\/usine-parville\/"},"wordCount":252,"publisher":{"@id":"https:\/\/www.creilsudoise-tourisme.fr\/#organization"},"articleSection":["Anecdotes"],"inLanguage":"en-GB"},{"@type":"WebPage","@id":"https:\/\/www.creilsudoise-tourisme.fr\/en\/2021\/08\/11\/usine-parville\/","url":"https:\/\/www.creilsudoise-tourisme.fr\/en\/2021\/08\/11\/usine-parville\/","name":"Anecdote : l'histoire de l'usine Parvill\u00e9, devenue appartements","isPartOf":{"@id":"https:\/\/www.creilsudoise-tourisme.fr\/#website"},"datePublished":"2021-08-11T11:57:52+00:00","dateModified":"2022-01-25T08:09:50+00:00","description":"D\u00e9couvrez l'histoire de l'usine Parvill\u00e9 qui a \u00e9t\u00e9 r\u00e9habilit\u00e9 en appartements et qui comporte une armature des ateliers Eiffel.","breadcrumb":{"@id":"https:\/\/www.creilsudoise-tourisme.fr\/en\/2021\/08\/11\/usine-parville\/#breadcrumb"},"inLanguage":"en-GB","potentialAction":[{"@type":"ReadAction","target":["https:\/\/www.creilsudoise-tourisme.fr\/en\/2021\/08\/11\/usine-parville\/"]}]},{"@type":"BreadcrumbList","@id":"https:\/\/www.creilsudoise-tourisme.fr\/en\/2021\/08\/11\/usine-parville\/#breadcrumb","itemListElement":[{"@type":"ListItem","position":1,"name":"Accueil","item":"https:\/\/www.creilsudoise-tourisme.fr\/"},{"@type":"ListItem","position":2,"name":"L&rsquo;usine Parvill\u00e9"}]},{"@type":"WebSite","@id":"https:\/\/www.creilsudoise-tourisme.fr\/#website","url":"https:\/\/www.creilsudoise-tourisme.fr\/","name":"Office de Tourisme Creil Sud Oise","description":"Creil Sud Oise Tourisme, un territoire \u00e0 explorer !","publisher":{"@id":"https:\/\/www.creilsudoise-tourisme.fr\/#organization"},"potentialAction":[{"@type":"SearchAction","target":{"@type":"EntryPoint","urlTemplate":"https:\/\/www.creilsudoise-tourisme.fr\/?s={search_term_string}"},"query-input":"required name=search_term_string"}],"inLanguage":"en-GB"},{"@type":"Organization","@id":"https:\/\/www.creilsudoise-tourisme.fr\/#organization","name":"Creil Sud Oise Tourisme","url":"https:\/\/www.creilsudoise-tourisme.fr\/","logo":{"@type":"ImageObject","inLanguage":"en-GB","@id":"https:\/\/www.creilsudoise-tourisme.fr\/#\/schema\/logo\/image\/","url":"https:\/\/www.creilsudoise-tourisme.fr\/wp-content\/uploads\/2021\/05\/logo-svg.png","contentUrl":"https:\/\/www.creilsudoise-tourisme.fr\/wp-content\/uploads\/2021\/05\/logo-svg.png","width":182,"height":71,"caption":"Creil Sud Oise Tourisme"},"image":{"@id":"https:\/\/www.creilsudoise-tourisme.fr\/#\/schema\/logo\/image\/"},"sameAs":["https:\/\/www.facebook.com\/creilsudoisetourisme\/","https:\/\/twitter.com\/CreilSudOiseOT","https:\/\/www.instagram.com\/creilsudoisetourisme\/","https:\/\/www.youtube.com\/channel\/UC8L_QD2wwyADW14zt9fY8kw"]},{"@type":"Person","@id":"https:\/\/www.creilsudoise-tourisme.fr\/#\/schema\/person\/c5140d47645b13bee896bfe05f1bd5da","name":"fdubut","image":{"@type":"ImageObject","inLanguage":"en-GB","@id":"https:\/\/www.creilsudoise-tourisme.fr\/#\/schema\/person\/image\/","url":"https:\/\/secure.gravatar.com\/avatar\/c49bb61337bf4556cafdbcb92c18618d?s=96&d=mm&r=g","contentUrl":"https:\/\/secure.gravatar.com\/avatar\/c49bb61337bf4556cafdbcb92c18618d?s=96&d=mm&r=g","caption":"fdubut"},"url":"https:\/\/www.creilsudoise-tourisme.fr\/en\/auteur\/fdubut\/"}]}},"_links":{"self":[{"href":"https:\/\/www.creilsudoise-tourisme.fr\/en\/wp-json\/wp\/v2\/posts\/37317"}],"collection":[{"href":"https:\/\/www.creilsudoise-tourisme.fr\/en\/wp-json\/wp\/v2\/posts"}],"about":[{"href":"https:\/\/www.creilsudoise-tourisme.fr\/en\/wp-json\/wp\/v2\/types\/post"}],"author":[{"embeddable":true,"href":"https:\/\/www.creilsudoise-tourisme.fr\/en\/wp-json\/wp\/v2\/users\/3"}],"replies":[{"embeddable":true,"href":"https:\/\/www.creilsudoise-tourisme.fr\/en\/wp-json\/wp\/v2\/comments?post=37317"}],"version-history":[{"count":4,"href":"https:\/\/www.creilsudoise-tourisme.fr\/en\/wp-json\/wp\/v2\/posts\/37317\/revisions"}],"predecessor-version":[{"id":37324,"href":"https:\/\/www.creilsudoise-tourisme.fr\/en\/wp-json\/wp\/v2\/posts\/37317\/revisions\/37324"}],"wp:featuredmedia":[{"embeddable":true,"href":"https:\/\/www.creilsudoise-tourisme.fr\/en\/wp-json\/wp\/v2\/media\/37319"}],"wp:attachment":[{"href":"https:\/\/www.creilsudoise-tourisme.fr\/en\/wp-json\/wp\/v2\/media?parent=37317"}],"wp:term":[{"taxonomy":"category","embeddable":true,"href":"https:\/\/www.creilsudoise-tourisme.fr\/en\/wp-json\/wp\/v2\/categories?post=37317"},{"taxonomy":"post_tag","embeddable":true,"href":"https:\/\/www.creilsudoise-tourisme.fr\/en\/wp-json\/wp\/v2\/tags?post=37317"}],"curies":[{"name":"wp","href":"https:\/\/api.w.org\/{rel}","templated":true}]}}