{"id":67433,"date":"2026-02-04T12:00:35","date_gmt":"2026-02-04T11:00:35","guid":{"rendered":"https:\/\/www.creilsudoise-tourisme.fr\/?p=67433"},"modified":"2026-02-25T16:17:59","modified_gmt":"2026-02-25T15:17:59","slug":"vacances-hiver-2026","status":"publish","type":"post","link":"https:\/\/www.creilsudoise-tourisme.fr\/de\/2026\/02\/04\/winterferien-2026\/","title":{"rendered":"Ideen f\u00fcr Aktivit\u00e4ten in den Winterferien!"},"content":{"rendered":"<p class=\"is-style-excerpt\">Was man w\u00e4hrend der Schulferien tun kann <strong>vom 14. Februar bis zum 2. M\u00e4rz<\/strong> ?<br> Stellen Sie sich diese Frage nicht mehr, diese Seite <strong>ist voll von Ideen f\u00fcr Aktivit\u00e4ten<\/strong> f\u00fcr deine <strong>Kinder<\/strong> oder <strong>Enkelkinder<\/strong> !<br><\/p>\n\n\n\n<h2>Karneval<\/h2>\n\n\n\n<p>Die <strong><a href=\"https:\/\/www.saintmaximin.eu\/\" target=\"_blank\" rel=\"noreferrer noopener\">Stadt Saint-Maximin <\/a><\/strong>organisiert einen <strong><a href=\"https:\/\/www.creilsudoise-tourisme.fr\/de\/agenda-animations\/carnaval-de-la-jungle-en-famille\/\" target=\"_blank\" rel=\"noreferrer noopener\">\"Dschungelkarneval f\u00fcr die ganze Familie\"<\/a><\/strong>dann <strong>kommen Sie verkleidet<\/strong> : Sie werden <strong>geschminkt<\/strong> und <strong>durch die Stra\u00dfen marschieren<\/strong>. Die <strong>Pfannkuchen<\/strong> erwarten Sie nat\u00fcrlich nach der Parade! <br><br>Die<strong> <a href=\"https:\/\/lesbibliothequesdemontataire.c3rb.org\/\" target=\"_blank\" rel=\"noreferrer noopener\">Bibliothek Elsa Triolet in Montataire<\/a> <\/strong>bietet Ihnen <strong><a href=\"https:\/\/mairie-montataire.fr\/agenda\/culture\/vacances-en-bibliotheque\/\" target=\"_blank\" rel=\"noreferrer noopener\">eine Maske verzieren<\/a> <\/strong>f\u00fcr den Karneval!<br><br>Entdecken Sie mit Ihrer Familie die Kost\u00fcme des <strong><a href=\"https:\/\/www.creilsudoise-tourisme.fr\/de\/jexplore\/unumganglich\/musee-galle-juli\/\" target=\"_blank\" rel=\"noreferrer noopener\">Gall\u00e9-Juillet-Museum<\/a><\/strong>und nehmen Sie dann an einem <strong><a href=\"https:\/\/www.facebook.com\/museegallejuillet\/posts\/pfbid037rN9eAHH9NxrA4m68CKXsUDXC6tmaHR2kJSDBnzFvQ8N1f1Xd4pWzwi3mMc9zm7wl\" target=\"_blank\" rel=\"noreferrer noopener\">Kreativwerkstatt<\/a><\/strong> in <strong>eine Maske verzieren<\/strong>. Sie k\u00f6nnen Ihren<strong> sch\u00f6nste Verkleidung <\/strong>um ins Museum zu kommen!<\/p>\n\n\n\n<h2>Workshops<\/h2>\n\n\n\n<h3>in der Clouterie Rivierre<\/h3>\n\n\n\n<div class=\"is-layout-flex wp-container-3 wp-block-columns\">\n<div class=\"is-layout-flow wp-block-column is-vertically-aligned-center\" style=\"flex-basis:66.66%\">\n<p>F\u00fcr 5- bis 14-J\u00e4hrige ist die&nbsp;<strong><a href=\"https:\/\/www.creilsudoise-tourisme.fr\/de\/jexplore\/unumganglich\/clouterie-rivierre-3\/\">Nagelschmiede Rivierre<\/a><\/strong>&nbsp;in Creil bietet eine&nbsp;<a href=\"https:\/\/www.creilsudoise-tourisme.fr\/de\/agenda-animations\/visite-et-atelier-creatif-a-la-clouterie\/\" target=\"_blank\" rel=\"noreferrer noopener\"><strong>spielerische Tour<\/strong><\/a>&nbsp;von seinem&nbsp;<strong>Fabrik<\/strong>gefolgt von einem&nbsp;<strong>Kreativwerkstatt<\/strong>&nbsp;rund um den Nagel: In Begleitung eines Erwachsenen geht Ihr Kind mit seinem eigenen&nbsp;<strong>Erstellung<\/strong>&nbsp;! Wer wei\u00df, von&nbsp;<strong>Berufungen<\/strong>&nbsp;vielleicht geboren werden? <\/p>\n<\/div>\n\n\n\n<div class=\"is-layout-flow wp-block-column is-vertically-aligned-center\" style=\"flex-basis:33.33%\">\n<figure class=\"wp-block-image size-large is-resized\"><img decoding=\"async\" loading=\"lazy\" data-src=\"https:\/\/www.creilsudoise-tourisme.fr\/wp-content\/uploads\/2026\/02\/Clouterie-rivierre-creil_\u00a9-Arnaud-Beauvois-Oise-Tourisme-1200x674.jpg\" alt=\"\" class=\"wp-image-67457\" width=\"344\" height=\"193\" data-srcset=\"https:\/\/www.creilsudoise-tourisme.fr\/wp-content\/uploads\/2026\/02\/Clouterie-rivierre-creil_\u00a9-Arnaud-Beauvois-Oise-Tourisme-1200x674.jpg 1200w, https:\/\/www.creilsudoise-tourisme.fr\/wp-content\/uploads\/2026\/02\/Clouterie-rivierre-creil_\u00a9-Arnaud-Beauvois-Oise-Tourisme-600x337.jpg 600w, https:\/\/www.creilsudoise-tourisme.fr\/wp-content\/uploads\/2026\/02\/Clouterie-rivierre-creil_\u00a9-Arnaud-Beauvois-Oise-Tourisme-900x505.jpg 900w, https:\/\/www.creilsudoise-tourisme.fr\/wp-content\/uploads\/2026\/02\/Clouterie-rivierre-creil_\u00a9-Arnaud-Beauvois-Oise-Tourisme-1536x862.jpg 1536w, https:\/\/www.creilsudoise-tourisme.fr\/wp-content\/uploads\/2026\/02\/Clouterie-rivierre-creil_\u00a9-Arnaud-Beauvois-Oise-Tourisme-18x10.jpg 18w, https:\/\/www.creilsudoise-tourisme.fr\/wp-content\/uploads\/2026\/02\/Clouterie-rivierre-creil_\u00a9-Arnaud-Beauvois-Oise-Tourisme-200x112.jpg 200w, https:\/\/www.creilsudoise-tourisme.fr\/wp-content\/uploads\/2026\/02\/Clouterie-rivierre-creil_\u00a9-Arnaud-Beauvois-Oise-Tourisme-1600x900.jpg 1600w, https:\/\/www.creilsudoise-tourisme.fr\/wp-content\/uploads\/2026\/02\/Clouterie-rivierre-creil_\u00a9-Arnaud-Beauvois-Oise-Tourisme-650x365.jpg 650w, https:\/\/www.creilsudoise-tourisme.fr\/wp-content\/uploads\/2026\/02\/Clouterie-rivierre-creil_\u00a9-Arnaud-Beauvois-Oise-Tourisme-387x217.jpg 387w, https:\/\/www.creilsudoise-tourisme.fr\/wp-content\/uploads\/2026\/02\/Clouterie-rivierre-creil_\u00a9-Arnaud-Beauvois-Oise-Tourisme.jpg 1920w\" sizes=\"(max-width: 344px) 100vw, 344px\" \/><\/figure>\n<\/div>\n<\/div>\n\n\n\n<h3>Recycl'art<\/h3>\n\n\n\n<p>&nbsp;Nehmen Sie an einem <strong><a href=\"https:\/\/www.creilsudoise-tourisme.fr\/de\/agenda-animations\/atelier-creatif-autour-de-la-chambre-a-air-de-velo\/\" target=\"_blank\" rel=\"noreferrer noopener\">Workshop zur Herstellung eines Armbands<\/a><\/strong> aus<strong>alte Fahrradschl\u00e4uche<\/strong> ! Die Gelegenheit, sich<strong>unterhalten<\/strong> und von <strong>herstellen<\/strong> ein Schmuckst\u00fcck aus Ihren <strong>eigene H\u00e4nde<\/strong>.<\/p>\n\n\n\n<h3>Spiele, Sport und Kochen<\/h3>\n\n\n\n<p>Die <strong><a href=\"https:\/\/www.saintmaximin.eu\/\" target=\"_blank\" rel=\"noreferrer noopener\">Stadt Saint-Maximin<\/a><\/strong> heckt <strong>2 Wochen, die dem Spielen und Gestalten gewidmet sind<\/strong> im Maison des Jeunes Mandela : <strong>Gesellschaftsspiele<\/strong>, Herstellung von<strong> Kerzen<\/strong>, <strong>Fu\u00dfball<\/strong>Vorbereitung auf<strong> Karneval,<\/strong> Werkstatt <strong>kulinarisch <\/strong>und von<strong>andere Aktivit\u00e4ten<\/strong> wieder! F\u00fcr die 11-13-J\u00e4hrigen ist es <strong><a href=\"https:\/\/www.creilsudoise-tourisme.fr\/de\/agenda-animations\/les-vacances-dhiver-a-saint-maximin-11-13-ans\/\" target=\"_blank\" rel=\"noreferrer noopener\">hier entlang<\/a><\/strong> ! Und f\u00fcr die 14- bis 17-J\u00e4hrigen hei\u00dft es <strong><a href=\"https:\/\/www.creilsudoise-tourisme.fr\/de\/agenda-animations\/les-vacances-dhiver-a-saint-maximin-14-17-ans\/\" target=\"_blank\" rel=\"noreferrer noopener\">in diese Richtung <\/a><\/strong>!<\/p>\n\n\n\n<h3>Theater<\/h3>\n\n\n\n<p>S'<strong>im Theater ausprobieren<\/strong> hat immer<strong> fasziniert<\/strong> Ihre <strong>Kind\/Kleinkind <\/strong>? Auf die<strong><a href=\"https:\/\/www.saintmaximin.eu\/bibliotheque-et-catalogue\" target=\"_blank\" rel=\"noreferrer noopener\"> Bibliothek Elsa Triolet in Saint-Maximin<\/a><\/strong>Er wird die Gelegenheit haben, an einem <strong><a href=\"https:\/\/www.creilsudoise-tourisme.fr\/de\/agenda-animations\/atelier-theatre-match-dimprovisation\/\" target=\"_blank\" rel=\"noreferrer noopener\">Match Improvisationstheater<\/a><\/strong>&nbsp;(f\u00fcr alle Altersgruppen)! Die Gelegenheit, seine <strong>schauspielerisches Talent<\/strong> ! Mit Reservierung.<\/p>\n\n\n\n<h3>Wissenschaft<\/h3>\n\n\n\n<p>Die <strong><a href=\"https:\/\/mediatheque.creil.fr\/l-abricotine--quartier-rouher\" target=\"_blank\" rel=\"noreferrer noopener\">Mediathek L'abricotine in Creil<\/a><\/strong> l\u00e4dt Sie ein, an einem<strong><a href=\"https:\/\/www.creilsudoise-tourisme.fr\/de\/agenda-animations\/atelier-les-ptits-scientifiques\/\"> spielerischer Workshop zur Einf\u00fchrung in die Wissenschaft <\/a><\/strong>f\u00fcr die <strong>kleine Neugierige<\/strong> ! Nach Anmeldung.<br><br>Die <a href=\"https:\/\/lesbibliothequesdemontataire.c3rb.org\/\" target=\"_blank\" rel=\"noreferrer noopener\"><strong>Bibliothek Elsa Triolet in Montataire<\/strong><\/a> bietet Ihnen eine <strong><a href=\"https:\/\/mairie-montataire.fr\/agenda\/culture\/vacances-en-bibliotheque\/\" target=\"_blank\" rel=\"noreferrer noopener\">Wissenschaftsanimation<\/a><\/strong>.<\/p>\n\n\n\n<h3>Sinnesbereich Snoezelen (Kleinkinder)<\/h3>\n\n\n\n<p>Die<strong><a href=\"https:\/\/www.saintmaximin.eu\/bibliotheque-et-catalogue\" target=\"_blank\" rel=\"noreferrer noopener\">&nbsp;Bibliothek Elsa Triolet<\/a><\/strong> bietet f\u00fcr Ihren<strong> Baby<\/strong>ein <a href=\"https:\/\/www.facebook.com\/photo?fbid=1196796169231250&amp;set=a.419884906922384\" target=\"_blank\" rel=\"noreferrer noopener\"><strong>Snoezelenraum<\/strong> <\/a>: sich um Ihr Baby k\u00fcmmern mit <strong>Beobachtung<\/strong>, <strong>Stimulation<\/strong> und <strong>Sinneserkundungen<\/strong>und das alles in einem <strong>speziell eingerichteter Raum<\/strong>, <strong>beleuchtet <\/strong>einer<strong> ged\u00e4mpftes Licht<\/strong> und gewiegt von einer <strong>sanfte Musik<\/strong>. Ein Raum, dessen Ziel es ist, wieder eine <strong>angenehme Atmosph\u00e4re<\/strong>. Nach vorheriger Reservierung.<br><\/p>\n\n\n\n<h2>Kultur<\/h2>\n\n\n\n<h3>Entdeckung der Mediathek und Vorlesen von M\u00e4rchen (0-3 Jahre)<\/h3>\n\n\n\n<p>Machen Sie es sich zur Gewohnheit<strong><a href=\"https:\/\/www.creilsudoise-tourisme.fr\/de\/agenda-animations\/lese-die-bucher-ist-gut-fur-die-babys-2-2\/\" target=\"_blank\" rel=\"noreferrer noopener\"> in die Mediathek kommen<\/a> <\/strong>mit den<strong> Kleinkinder<\/strong>Die Sch\u00fclerinnen und Sch\u00fcler sollten sich mit dem Ort vertraut machen und sich f\u00fcr die Schule interessieren. <strong>B\u00fccher<\/strong> mit ihnen, h\u00f6ren <strong>ausdrucksvoll vorgelesene Geschichten<\/strong>...eine <strong>echte Offenheit<\/strong> \u00fcber die Welt f\u00fcr die Allerkleinsten. Dies geschieht in der <strong><a href=\"https:\/\/saint-vaast-les-mello-pom.c3rb.org\/\" target=\"_blank\" rel=\"noreferrer noopener\">Mediathek in Saint-Vaast-l\u00e8s-Mello<\/a><\/strong> !<\/p>\n\n\n\n<h3>M\u00e4rchenlesungen (ab 3 Jahren)<\/h3>\n\n\n\n<p>Die <strong><a href=\"https:\/\/mediatheque.nogentsuroise.fr\/\">Mediathek in Nogent-sur-Oise<\/a><\/strong> bietet Ihnen <strong><a href=\"https:\/\/www.creilsudoise-tourisme.fr\/de\/agenda-animations\/lese-geschichten-fur-kleine-ohren-6\/\" target=\"_blank\" rel=\"noreferrer noopener\">M\u00e4rchenlesungen<\/a><\/strong> f\u00fcr Kinder, <strong>ab 3 Jahren<\/strong>.<\/p>\n\n\n\n<h3>Street Art-Ausstellung<\/h3>\n\n\n\n<div class=\"is-layout-flex wp-container-6 wp-block-columns\">\n<div class=\"is-layout-flow wp-block-column is-vertically-aligned-center\">\n<figure class=\"wp-block-image size-large is-resized\"><img decoding=\"async\" loading=\"lazy\" data-src=\"https:\/\/www.creilsudoise-tourisme.fr\/wp-content\/uploads\/wpetourisme\/affiche-sitou-800x1200.jpg\" alt=\"\" class=\"wp-image-67396\" width=\"285\" height=\"427\" data-srcset=\"https:\/\/www.creilsudoise-tourisme.fr\/wp-content\/uploads\/wpetourisme\/affiche-sitou-800x1200.jpg 800w, https:\/\/www.creilsudoise-tourisme.fr\/wp-content\/uploads\/wpetourisme\/affiche-sitou-400x600.jpg 400w, https:\/\/www.creilsudoise-tourisme.fr\/wp-content\/uploads\/wpetourisme\/affiche-sitou-600x900.jpg 600w, https:\/\/www.creilsudoise-tourisme.fr\/wp-content\/uploads\/wpetourisme\/affiche-sitou-1024x1536.jpg 1024w, https:\/\/www.creilsudoise-tourisme.fr\/wp-content\/uploads\/wpetourisme\/affiche-sitou-8x12.jpg 8w, https:\/\/www.creilsudoise-tourisme.fr\/wp-content\/uploads\/wpetourisme\/affiche-sitou-200x300.jpg 200w, https:\/\/www.creilsudoise-tourisme.fr\/wp-content\/uploads\/wpetourisme\/affiche-sitou-650x975.jpg 650w, https:\/\/www.creilsudoise-tourisme.fr\/wp-content\/uploads\/wpetourisme\/affiche-sitou-282x424.jpg 282w, https:\/\/www.creilsudoise-tourisme.fr\/wp-content\/uploads\/wpetourisme\/affiche-sitou-387x580.jpg 387w, https:\/\/www.creilsudoise-tourisme.fr\/wp-content\/uploads\/wpetourisme\/affiche-sitou.jpg 1067w\" sizes=\"(max-width: 285px) 100vw, 285px\" \/><\/figure>\n<\/div>\n\n\n\n<div class=\"is-layout-flow wp-block-column is-vertically-aligned-center\">\n<p>Entdecken Sie eine <strong><a href=\"https:\/\/www.creilsudoise-tourisme.fr\/de\/agenda-animations\/exposition-sur-faces\/\" target=\"_blank\" rel=\"noreferrer noopener\">Ausstellung \u00fcber Street Art<\/a><\/strong> in der<a href=\"https:\/\/www.creilsudoise-tourisme.fr\/de\/loisirs\/espace-henri-matisse\/\">Espace Matisse in Creil<\/a>vom K\u00fcnstler <strong>Sitou Matt<\/strong>,<strong> <\/strong>der bereits realisiert hat <strong>2 Wandgem\u00e4lde in Creil<\/strong> (Velodrom Roger-Salengro und das Konservatorium Nina Simone)! <\/p>\n<\/div>\n<\/div>\n\n\n\n<h3>Manga-Ausstellung<\/h3>\n\n\n\n<p>Die Jugendlichen vom<strong> Manga Club von Creil<\/strong> stellen Ihnen die <strong>Bretter<\/strong> von <strong>ihr Manga<\/strong> \"Das Erwachen der Abgr\u00fcnde\" durch eine <strong><a href=\"https:\/\/www.creilsudoise-tourisme.fr\/de\/agenda-animations\/exposition-manga-leveil-des-abimes\/\" target=\"_blank\" rel=\"noreferrer noopener\">Ausstellung<\/a><\/strong> die in der <strong><a href=\"https:\/\/www.creil.fr\/la-maison-la-ville\" target=\"_blank\" rel=\"noreferrer noopener\">Stadthaus von Creil<\/a><\/strong>!<\/p>\n\n\n\n<h3>Escape Game<\/h3>\n\n\n\n<h4>Escape Game in Saint-Maximin<\/h4>\n\n\n\n<p>F\u00fcr Kinder <strong>ab 10 Jahren<\/strong>Die <a href=\"https:\/\/www.saintmaximin.eu\/bibliotheque-et-catalogue\" target=\"_blank\" rel=\"noreferrer noopener\"><strong>Bibliothek Elsa Triolet in Saint-Maximin<\/strong> <\/a>bietet Ihnen einen <strong><a href=\"https:\/\/www.creilsudoise-tourisme.fr\/de\/agenda-animations\/escape-game-recherche-a-risque-a-la-bibliotheque\/\" target=\"_blank\" rel=\"noreferrer noopener\">Escape Game \"Risikobehaftete Forschung\"<\/a><\/strong>. <strong>Gehen Sie auf Erkundungstour<\/strong> ! (Auf Reservierung)<\/p>\n\n\n\n<h4>Harry Potter Escape Game in Creil<\/h4>\n\n\n\n<p>Die <strong><a href=\"https:\/\/mediatheque.creil.fr\/jean-pierre-besse--quartier-du-moulin\" target=\"_blank\" rel=\"noreferrer noopener\">Mediathek Jean-Pierre Besse in Creil<\/a><\/strong> bietet Ihnen einen<strong><a href=\"https:\/\/www.creilsudoise-tourisme.fr\/de\/agenda-animations\/escape-game-theme-harry-potter\/\" target=\"_blank\" rel=\"noreferrer noopener\"> Escape Game zum Thema Harry Potter<\/a><\/strong> ! Tauchen Sie ein in die<strong>Atmosph\u00e4re<\/strong> von Ihrem <strong>Lieblingsheld<\/strong>. Gelingt es Ihnen, die verschiedenen<strong> R\u00e4tsel <\/strong>und zu entkommen <strong>Todesser<\/strong> in weniger als 45 Minuten? Nach Anmeldung.<\/p>\n\n\n\n<h4>Das Geheimnis im Gall\u00e9-Juillet-Museum<\/h4>\n\n\n\n<div class=\"is-layout-flex wp-container-9 wp-block-columns\">\n<div class=\"is-layout-flow wp-block-column is-vertically-aligned-center\">\n<p>Erfahren Sie in 60 Minuten <strong><a href=\"https:\/\/www.creilsudoise-tourisme.fr\/de\/agenda-animations\/escape-game-le-secret-au-musee-galle-juillet\/\" target=\"_blank\" rel=\"noreferrer noopener\">das Geheimnis des Gall\u00e9-Juillet-Hauses<\/a><\/strong> und zu <strong>Ihnen entkommen<\/strong> !<br><strong>Drehen Sie die Zeit zur\u00fcck<\/strong> und tauchen Sie ein in<strong> 1913<\/strong>.<br>Innerhalb des Museums selbst, von <strong>St\u00fcck f\u00fcr St\u00fcck<\/strong>, d'<strong>Index in Index<\/strong>Sie werden das <strong>Geheimnis, das in den Mauern des Gall\u00e9-Juillet-Hauses herumspukt...<\/strong><\/p>\n<\/div>\n\n\n\n<div class=\"is-layout-flow wp-block-column\">\n<figure class=\"wp-block-image size-large\"><img decoding=\"async\" loading=\"lazy\" width=\"1200\" height=\"714\" data-src=\"https:\/\/www.creilsudoise-tourisme.fr\/wp-content\/uploads\/2021\/05\/Escape-game-au-Musee-Galle-Juillet-1200x714.jpg\" alt=\"Escape Game im Gall\u00e9-Museum-Juillet\" class=\"wp-image-34945\" data-srcset=\"https:\/\/www.creilsudoise-tourisme.fr\/wp-content\/uploads\/2021\/05\/Escape-game-au-Musee-Galle-Juillet-1200x714.jpg 1200w, https:\/\/www.creilsudoise-tourisme.fr\/wp-content\/uploads\/2021\/05\/Escape-game-au-Musee-Galle-Juillet-600x357.jpg 600w, https:\/\/www.creilsudoise-tourisme.fr\/wp-content\/uploads\/2021\/05\/Escape-game-au-Musee-Galle-Juillet-900x536.jpg 900w, https:\/\/www.creilsudoise-tourisme.fr\/wp-content\/uploads\/2021\/05\/Escape-game-au-Musee-Galle-Juillet-1536x914.jpg 1536w, https:\/\/www.creilsudoise-tourisme.fr\/wp-content\/uploads\/2021\/05\/Escape-game-au-Musee-Galle-Juillet-200x119.jpg 200w, https:\/\/www.creilsudoise-tourisme.fr\/wp-content\/uploads\/2021\/05\/Escape-game-au-Musee-Galle-Juillet-650x387.jpg 650w, https:\/\/www.creilsudoise-tourisme.fr\/wp-content\/uploads\/2021\/05\/Escape-game-au-Musee-Galle-Juillet-387x230.jpg 387w, https:\/\/www.creilsudoise-tourisme.fr\/wp-content\/uploads\/2021\/05\/Escape-game-au-Musee-Galle-Juillet.jpg 1600w\" sizes=\"(max-width: 1200px) 100vw, 1200px\" \/><\/figure>\n<\/div>\n<\/div>\n\n\n\n<h4>Der Schatz im Gall\u00e9-Juillet-Museum<\/h4>\n\n\n\n<div class=\"is-layout-flex wp-container-12 wp-block-columns\">\n<div class=\"is-layout-flow wp-block-column is-vertically-aligned-center\">\n<figure class=\"wp-block-image size-large\"><img decoding=\"async\" loading=\"lazy\" width=\"1200\" height=\"865\" data-src=\"https:\/\/www.creilsudoise-tourisme.fr\/wp-content\/uploads\/wpetourisme\/LE-TRESOR-1200x865.jpg\" alt=\"\" class=\"wp-image-66003\" data-srcset=\"https:\/\/www.creilsudoise-tourisme.fr\/wp-content\/uploads\/wpetourisme\/LE-TRESOR-1200x865.jpg 1200w, https:\/\/www.creilsudoise-tourisme.fr\/wp-content\/uploads\/wpetourisme\/LE-TRESOR-600x432.jpg 600w, https:\/\/www.creilsudoise-tourisme.fr\/wp-content\/uploads\/wpetourisme\/LE-TRESOR-900x649.jpg 900w, https:\/\/www.creilsudoise-tourisme.fr\/wp-content\/uploads\/wpetourisme\/LE-TRESOR-1536x1107.jpg 1536w, https:\/\/www.creilsudoise-tourisme.fr\/wp-content\/uploads\/wpetourisme\/LE-TRESOR-2048x1476.jpg 2048w, https:\/\/www.creilsudoise-tourisme.fr\/wp-content\/uploads\/wpetourisme\/LE-TRESOR-18x12.jpg 18w, https:\/\/www.creilsudoise-tourisme.fr\/wp-content\/uploads\/wpetourisme\/LE-TRESOR-200x144.jpg 200w, https:\/\/www.creilsudoise-tourisme.fr\/wp-content\/uploads\/wpetourisme\/LE-TRESOR-650x469.jpg 650w, https:\/\/www.creilsudoise-tourisme.fr\/wp-content\/uploads\/wpetourisme\/LE-TRESOR-387x279.jpg 387w\" sizes=\"(max-width: 1200px) 100vw, 1200px\" \/><\/figure>\n<\/div>\n\n\n\n<div class=\"is-layout-flow wp-block-column is-vertically-aligned-center\">\n<p>In 60 Minuten schaffen Sie es, Folgendes zusammenzubringen <strong><a href=\"https:\/\/www.creilsudoise-tourisme.fr\/de\/agenda-animations\/escape-game-le-tresor-du-musee-galle-juillet\/\" target=\"_blank\" rel=\"noreferrer noopener\">der Schleusenschatz<\/a><\/strong>. 1974 wurde in Creil das <strong>Schatzkammer der Schleuse<\/strong>. Bei den Ausgrabungen wurde ein <strong>Goldtopf verschwindet<\/strong>. Ihr Vorfahre ist der <strong>Dieb<\/strong> und seit, <strong>ein Fluch trifft Ihre Familie<\/strong>. Heute sind Sie <strong>die einzigen <\/strong>reparieren zu k\u00f6nnen <strong>seine Verfehlungen<\/strong>aber <strong>die Zeit l\u00e4uft Ihnen davon<\/strong> : finden Sie den Goldtopf, <strong>bringen Sie den Schatz zusammen <\/strong>oder <strong>erleiden Sie den Fluch f\u00fcr immer...<\/strong><\/p>\n<\/div>\n<\/div>\n\n\n\n<h3>Gesellschaftsspiele<\/h3>\n\n\n\n<h4>Gesellschaftsspiele aller Art<\/h4>\n\n\n\n<p>Die <strong><a href=\"https:\/\/www.nogentsuroise.fr\/\" target=\"_blank\" rel=\"noreferrer noopener\">Stadt Nogent-sur-Oise <\/a><\/strong>bietet Ihnen einen Samstag in<strong><a href=\"https:\/\/www.creilsudoise-tourisme.fr\/de\/agenda-animations\/spielerische-aktivitat-unsere-samstagsspiele\/\" target=\"_blank\" rel=\"noreferrer noopener\"> Brettspiele spielen!<\/a><\/strong> Von <strong>Anf\u00e4nger bis Experte<\/strong>zwischen <strong>Freunde<\/strong> oder in<strong> Familie<\/strong>Kommen Sie zu uns. <strong>unterhalten<\/strong> mit<strong> Gesellschaftsspiele <\/strong>!<\/p>\n\n\n\n<h4>Werw\u00f6lfe<\/h4>\n\n\n\n<p>Aufbruch zu einer <strong><a href=\"https:\/\/www.creilsudoise-tourisme.fr\/de\/agenda-animations\/activites-ludiques-les-vacances-a-la-mediatheque\/\" target=\"_blank\" rel=\"noreferrer noopener\">Werwolfpartie<\/a><\/strong> an die <strong><a href=\"https:\/\/www.saintleudesserent.fr\/mediatheque-saint-leu-60\" target=\"_blank\" rel=\"noreferrer noopener\">Mediathek in Saint-Leu d'Esserent<\/a><\/strong> ? Achtung! <strong>ausschlie\u00dflich f\u00fcr Jugendliche ab 13 Jahren und Erwachsene reserviert<\/strong>.<br><br>Die <a href=\"https:\/\/lesbibliothequesdemontataire.c3rb.org\/\" target=\"_blank\" rel=\"noreferrer noopener\"><strong>Elsa-Triolet-Bibliothek in Montatair<\/strong>e <\/a>bietet Ihnen einen <strong><a href=\"https:\/\/mairie-montataire.fr\/agenda\/culture\/vacances-en-bibliotheque\/\" target=\"_blank\" rel=\"noreferrer noopener\">Zeit, um Werw\u00f6lfe zu spielen<\/a><\/strong>.<\/p>\n\n\n\n<h3>Videospiele<\/h3>\n\n\n\n<p>Die <a href=\"https:\/\/lesbibliothequesdemontataire.c3rb.org\/\" target=\"_blank\" rel=\"noreferrer noopener\"><strong>Elsa-Triolet-Bibliothek in Montatair<\/strong>e <\/a>bietet Ihnen eine Zeit f\u00fcr <strong><a href=\"https:\/\/mairie-montataire.fr\/agenda\/culture\/vacances-en-bibliotheque\/\" target=\"_blank\" rel=\"noreferrer noopener\">Videospiele spielen<\/a><\/strong> !<\/p>\n\n\n\n<h3>Kino<\/h3>\n\n\n\n<h4>Kino in Villers-Saint-Paul<\/h4>\n\n\n\n<div class=\"is-layout-flex wp-container-15 wp-block-columns\">\n<div class=\"is-layout-flow wp-block-column\">\n<p>Die <strong><a href=\"https:\/\/www.creilsudoise-tourisme.fr\/de\/agenda-animations\/cinema-cine-villers-de-fevrier-elio\/\" target=\"_blank\" rel=\"noreferrer noopener\">Animationsfilm Elio<\/a><\/strong> wird in Villers-Saint-Paul ausgestrahlt. Elio, ein elfj\u00e4hriger Junge <strong>vertr\u00e4umt und raumbegeistert<\/strong>Es ist schwer zu finden <strong>seinen Platz auf der Erde<\/strong>. Doch sein Leben \u00e4ndert sich, als er <strong>auf mysteri\u00f6se Weise teleportiert<\/strong> im Communiverse: einer intergalaktischen Organisation, die (ebenso seltsame wie faszinierende) Vertreter aus weit entfernten Galaxien zusammenbringt.<\/p>\n<\/div>\n\n\n\n<div class=\"is-layout-flow wp-block-column\">\n<figure class=\"wp-block-image size-full\"><img decoding=\"async\" loading=\"lazy\" width=\"194\" height=\"259\" data-src=\"https:\/\/www.creilsudoise-tourisme.fr\/wp-content\/uploads\/2026\/02\/elio.jpg\" alt=\"\" class=\"wp-image-67460\" data-srcset=\"https:\/\/www.creilsudoise-tourisme.fr\/wp-content\/uploads\/2026\/02\/elio.jpg 194w, https:\/\/www.creilsudoise-tourisme.fr\/wp-content\/uploads\/2026\/02\/elio-9x12.jpg 9w\" sizes=\"(max-width: 194px) 100vw, 194px\" \/><\/figure>\n<\/div>\n<\/div>\n\n\n\n<h4>Kino in Creil<\/h4>\n\n\n\n<p>Die <strong><a href=\"https:\/\/www.creil.fr\/la-maison-la-ville\" target=\"_blank\" rel=\"noreferrer noopener\">Stadthaus von Creil<\/a><\/strong> bietet Ihnen eine <strong><a href=\"https:\/\/www.creilsudoise-tourisme.fr\/de\/agenda-animations\/cinema-seance-decouverte-en-famille\/\" target=\"_blank\" rel=\"noreferrer noopener\">Mystery-Filmvorf\u00fchrung<\/a><\/strong> <strong>kostenlos,<\/strong> den Inhalt<br>des Films wird entdeckt im <strong>Zeitpunkt der Sitzung<\/strong> ! Der Film ist f\u00fcr ein Familienpublikum geeignet.<\/p>\n\n\n\n<h4>Kino in Nogent-sur-Oise<\/h4>\n\n\n\n<p>Kommen Sie mit der Familie <strong>(wieder) entdecken <a href=\"https:\/\/www.creilsudoise-tourisme.fr\/de\/agenda-animations\/cinema-mon-petit-cine\/\" target=\"_blank\" rel=\"noreferrer noopener\">ein Animationsfilm<\/a><\/strong> kostenlos angeboten an die <a href=\"https:\/\/mediatheque.nogentsuroise.fr\/\" target=\"_blank\" rel=\"noreferrer noopener\">Mediathek in Nogent-sur-Oise<\/a> !<\/p>\n\n\n\n<h4>Kino in Montataire<\/h4>\n\n\n\n<p>Die <a href=\"https:\/\/lesbibliothequesdemontataire.c3rb.org\/\" target=\"_blank\" rel=\"noreferrer noopener\"><strong>Bibliothek Elsa Triolet in Montataire<\/strong><\/a> bietet Ihnen <strong><a href=\"https:\/\/mairie-montataire.fr\/agenda\/culture\/vacances-en-bibliotheque\/\" target=\"_blank\" rel=\"noreferrer noopener\">\"Cin\u00e9-mioche\"-Vorstellungen<\/a><\/strong> !<\/p>\n\n\n\n<h2>Sport<\/h2>\n\n\n\n<h3>Synthetisches Spielfeld<\/h3>\n\n\n\n<p> Der Kunstrasenplatz Armand Bellard in Montataire <strong><a href=\"https:\/\/mairie-montataire.fr\/agenda\/information\/acces-au-terrain-synthetique-armand-bellard-pour-les-vacances\/\" target=\"_blank\" rel=\"noreferrer noopener\">\u00f6ffnet seine T\u00fcren f\u00fcr Sie<\/a><\/strong> f\u00fcr den Urlaub. Ein <strong>Sportanimateur<\/strong> wird anwesend sein und vom <strong>Material<\/strong> wird Ihnen ausgeliehen.<\/p>\n\n\n\n<p><\/p>\n\n\n\n<h3>Einf\u00fchrung in das Kajakfahren<\/h3>\n\n\n\n<p>Die&nbsp;<a href=\"https:\/\/mairie-montataire.fr\/annuaires\/associations\/sport\/canoe-kayak-club-du-therain-ckct\/\">Kanu-Kajak Club du Th\u00e9rain<\/a>&nbsp;bietet Ihnen eine <strong><a href=\"https:\/\/mairie-montataire.fr\/agenda\/vie-associative\/initiation-au-kayak\/\" target=\"_blank\" rel=\"noreferrer noopener\">betreute Einf\u00fchrung ins Kajakfahren<\/a><\/strong> an die&nbsp;<a href=\"https:\/\/mairie-montataire.fr\/s-epanouir\/sports-loisirs\/piscine-intercommunale\/\">interkommunales Schwimmbad<\/a>&nbsp;in Montataire zu besuchen. Mithilfe von Spielen und Fahrten auf dem Wasser k\u00f6nnen Sie zu echten Kajakfahrern werden!<\/p>\n\n\n\n<h3>Schnuppertauchen<\/h3>\n\n\n\n<p>Die&nbsp;<a href=\"https:\/\/mairie-montataire.fr\/annuaires\/associations\/sport\/palanquee-club-intercommunal-de-montataire-pcim\/\">Palanqu\u00e9e Club Intercommunal de Montataire<\/a>&nbsp;bietet Ihnen <strong><a href=\"https:\/\/mairie-montataire.fr\/agenda\/vie-associative\/baptemes-de-plongee\/\" target=\"_blank\" rel=\"noreferrer noopener\">Schnuppertauchen<\/a><\/strong> an die&nbsp;<a href=\"https:\/\/mairie-montataire.fr\/s-epanouir\/sports-loisirs\/piscine-intercommunale\/\">interkommunales Schwimmbad<\/a>&nbsp;von Montataire.<\/p>\n\n\n\n<p><\/p>\n\n\n\n<h2>Andere Aktivit\u00e4ten im Inland<\/h2>\n\n\n\n<p>RDV in Nogent-sur-Oise f\u00fcr eine <strong><a href=\"https:\/\/www.facebook.com\/Aievents.org\/?locale=fr_FR\" target=\"_blank\" rel=\"noreferrer noopener\">Gewerbepark <\/a><\/strong>f\u00fcr Kinder von 3 bis 12 Jahren! Auf dem Programm stehen aufblasbare Spiele, XXL-Rutschen, Spielparcours, ein kleiner Zug, eine Eislaufbahn und sogar ein Entspannungsbereich f\u00fcr die Eltern!<\/p>\n\n\n\n<p><\/p>\n\n\n\n<p>F\u00fcr <strong>noch mehr Aktivit\u00e4ten<\/strong> (Path\u00e9-Kino, RoyalKids, Bowling, Museen...), es geschieht <a href=\"https:\/\/www.creilsudoise-tourisme.fr\/de\/in-familie\/aktivitaten-in-der-familie\/\">hier entlang <\/a>!<\/p>\n\n\n\n<hr class=\"wp-block-separator has-alpha-channel-opacity\"\/>\n\n\n\n<div class=\"is-content-justification-center is-layout-flex wp-container-16 wp-block-buttons\">\n<div class=\"wp-block-button\"><a class=\"wp-block-button__link wp-element-button\" href=\"https:\/\/www.creilsudoise-tourisme.fr\/de\/agenda\/\" target=\"_blank\" rel=\"noreferrer noopener\">die gesamte Agenda<\/a><\/div>\n<\/div>","protected":false},"excerpt":{"rendered":"<p>Was kann man w\u00e4hrend der Schulferien vom 14. Februar bis zum 2. M\u00e4rz unternehmen? Diese Frage brauchen Sie sich nicht mehr zu stellen, denn diese Seite steckt voller Ideen f\u00fcr Aktivit\u00e4ten f\u00fcr Ihre Kinder oder Enkelkinder! Karneval Die Stadt Saint-Maximin organisiert einen \"Dschungelkarneval f\u00fcr Familien\", also kommen Sie verkleidet: Sie werden geschminkt und ziehen durch die Stra\u00dfen. [...]<\/p>","protected":false},"author":10,"featured_media":67457,"comment_status":"closed","ping_status":"closed","sticky":false,"template":"","format":"standard","meta":{"_relevanssi_hide_post":"","_relevanssi_hide_content":"","_relevanssi_pin_for_all":"","_relevanssi_pin_keywords":"","_relevanssi_unpin_keywords":"","_relevanssi_related_keywords":"","_relevanssi_related_include_ids":"","_relevanssi_related_exclude_ids":"","_relevanssi_related_no_append":"","_relevanssi_related_not_related":"","_relevanssi_related_posts":"41684,38928,37060,38711,271,52387","_relevanssi_noindex_reason":""},"categories":[5],"tags":[],"yoast_head":"<!-- This site is optimized with the Yoast SEO plugin v20.2.1 - https:\/\/yoast.com\/wordpress\/plugins\/seo\/ -->\n<title>Programme des vacances d&#039;hiver 2026<\/title>\n<meta name=\"description\" content=\"D\u00e9couvrez les sorties \u00e0 faire en famille ou entre amis \u00e0 Creil Sud Oise, pr\u00e8s de Chantilly et Senlis, lors des vacances d&#039;hiver !\" \/>\n<meta name=\"robots\" content=\"index, follow, max-snippet:-1, max-image-preview:large, max-video-preview:-1\" \/>\n<link rel=\"canonical\" href=\"https:\/\/www.creilsudoise-tourisme.fr\/de\/2026\/02\/04\/winterferien-2026\/\" \/>\n<meta property=\"og:locale\" content=\"de_DE\" \/>\n<meta property=\"og:type\" content=\"article\" \/>\n<meta property=\"og:title\" content=\"Programme des vacances d&#039;hiver 2026\" \/>\n<meta property=\"og:description\" content=\"D\u00e9couvrez les sorties \u00e0 faire en famille ou entre amis \u00e0 Creil Sud Oise, pr\u00e8s de Chantilly et Senlis, lors des vacances d&#039;hiver !\" \/>\n<meta property=\"og:url\" content=\"https:\/\/www.creilsudoise-tourisme.fr\/de\/2026\/02\/04\/winterferien-2026\/\" \/>\n<meta property=\"og:site_name\" content=\"Office de Tourisme Creil Sud Oise\" \/>\n<meta property=\"article:publisher\" content=\"https:\/\/www.facebook.com\/creilsudoisetourisme\/\" \/>\n<meta property=\"article:published_time\" content=\"2026-02-04T11:00:35+00:00\" \/>\n<meta property=\"article:modified_time\" content=\"2026-02-25T15:17:59+00:00\" \/>\n<meta property=\"og:image\" content=\"https:\/\/www.creilsudoise-tourisme.fr\/wp-content\/uploads\/2026\/02\/Clouterie-rivierre-creil_\u00a9-Arnaud-Beauvois-Oise-Tourisme.jpg\" \/>\n\t<meta property=\"og:image:width\" content=\"1920\" \/>\n\t<meta property=\"og:image:height\" content=\"1078\" \/>\n\t<meta property=\"og:image:type\" content=\"image\/jpeg\" \/>\n<meta name=\"author\" content=\"emilie\" \/>\n<meta name=\"twitter:card\" content=\"summary_large_image\" \/>\n<meta name=\"twitter:creator\" content=\"@CreilSudOiseOT\" \/>\n<meta name=\"twitter:site\" content=\"@CreilSudOiseOT\" \/>\n<meta name=\"twitter:label1\" content=\"Verfasst von\" \/>\n\t<meta name=\"twitter:data1\" content=\"emilie\" \/>\n\t<meta name=\"twitter:label2\" content=\"Gesch\u00e4tzte Lesezeit\" \/>\n\t<meta name=\"twitter:data2\" content=\"6\u00a0Minuten\" \/>\n<script type=\"application\/ld+json\" class=\"yoast-schema-graph\">{\"@context\":\"https:\/\/schema.org\",\"@graph\":[{\"@type\":\"Article\",\"@id\":\"https:\/\/www.creilsudoise-tourisme.fr\/2026\/02\/04\/vacances-hiver-2026\/#article\",\"isPartOf\":{\"@id\":\"https:\/\/www.creilsudoise-tourisme.fr\/2026\/02\/04\/vacances-hiver-2026\/\"},\"author\":{\"name\":\"emilie\",\"@id\":\"https:\/\/www.creilsudoise-tourisme.fr\/#\/schema\/person\/81a1ab3a236faa5508e8f47600a85072\"},\"headline\":\"Id\u00e9es d&rsquo;activit\u00e9s pour les vacances d&rsquo;hiver !\",\"datePublished\":\"2026-02-04T11:00:35+00:00\",\"dateModified\":\"2026-02-25T15:17:59+00:00\",\"mainEntityOfPage\":{\"@id\":\"https:\/\/www.creilsudoise-tourisme.fr\/2026\/02\/04\/vacances-hiver-2026\/\"},\"wordCount\":1202,\"publisher\":{\"@id\":\"https:\/\/www.creilsudoise-tourisme.fr\/#organization\"},\"articleSection\":[\"Actus\"],\"inLanguage\":\"de\"},{\"@type\":\"WebPage\",\"@id\":\"https:\/\/www.creilsudoise-tourisme.fr\/2026\/02\/04\/vacances-hiver-2026\/\",\"url\":\"https:\/\/www.creilsudoise-tourisme.fr\/2026\/02\/04\/vacances-hiver-2026\/\",\"name\":\"Programme des vacances d'hiver 2026\",\"isPartOf\":{\"@id\":\"https:\/\/www.creilsudoise-tourisme.fr\/#website\"},\"datePublished\":\"2026-02-04T11:00:35+00:00\",\"dateModified\":\"2026-02-25T15:17:59+00:00\",\"description\":\"D\u00e9couvrez les sorties \u00e0 faire en famille ou entre amis \u00e0 Creil Sud Oise, pr\u00e8s de Chantilly et Senlis, lors des vacances d'hiver !\",\"breadcrumb\":{\"@id\":\"https:\/\/www.creilsudoise-tourisme.fr\/2026\/02\/04\/vacances-hiver-2026\/#breadcrumb\"},\"inLanguage\":\"de\",\"potentialAction\":[{\"@type\":\"ReadAction\",\"target\":[\"https:\/\/www.creilsudoise-tourisme.fr\/2026\/02\/04\/vacances-hiver-2026\/\"]}]},{\"@type\":\"BreadcrumbList\",\"@id\":\"https:\/\/www.creilsudoise-tourisme.fr\/2026\/02\/04\/vacances-hiver-2026\/#breadcrumb\",\"itemListElement\":[{\"@type\":\"ListItem\",\"position\":1,\"name\":\"Accueil\",\"item\":\"https:\/\/www.creilsudoise-tourisme.fr\/\"},{\"@type\":\"ListItem\",\"position\":2,\"name\":\"Id\u00e9es d&rsquo;activit\u00e9s pour les vacances d&rsquo;hiver !\"}]},{\"@type\":\"WebSite\",\"@id\":\"https:\/\/www.creilsudoise-tourisme.fr\/#website\",\"url\":\"https:\/\/www.creilsudoise-tourisme.fr\/\",\"name\":\"Office de Tourisme Creil Sud Oise\",\"description\":\"Creil Sud Oise Tourisme, un territoire \u00e0 explorer !\",\"publisher\":{\"@id\":\"https:\/\/www.creilsudoise-tourisme.fr\/#organization\"},\"potentialAction\":[{\"@type\":\"SearchAction\",\"target\":{\"@type\":\"EntryPoint\",\"urlTemplate\":\"https:\/\/www.creilsudoise-tourisme.fr\/?s={search_term_string}\"},\"query-input\":\"required name=search_term_string\"}],\"inLanguage\":\"de\"},{\"@type\":\"Organization\",\"@id\":\"https:\/\/www.creilsudoise-tourisme.fr\/#organization\",\"name\":\"Creil Sud Oise Tourisme\",\"url\":\"https:\/\/www.creilsudoise-tourisme.fr\/\",\"logo\":{\"@type\":\"ImageObject\",\"inLanguage\":\"de\",\"@id\":\"https:\/\/www.creilsudoise-tourisme.fr\/#\/schema\/logo\/image\/\",\"url\":\"https:\/\/www.creilsudoise-tourisme.fr\/wp-content\/uploads\/2021\/05\/logo-svg.png\",\"contentUrl\":\"https:\/\/www.creilsudoise-tourisme.fr\/wp-content\/uploads\/2021\/05\/logo-svg.png\",\"width\":182,\"height\":71,\"caption\":\"Creil Sud Oise Tourisme\"},\"image\":{\"@id\":\"https:\/\/www.creilsudoise-tourisme.fr\/#\/schema\/logo\/image\/\"},\"sameAs\":[\"https:\/\/www.facebook.com\/creilsudoisetourisme\/\",\"https:\/\/twitter.com\/CreilSudOiseOT\",\"https:\/\/www.instagram.com\/creilsudoisetourisme\/\",\"https:\/\/www.youtube.com\/channel\/UC8L_QD2wwyADW14zt9fY8kw\"]},{\"@type\":\"Person\",\"@id\":\"https:\/\/www.creilsudoise-tourisme.fr\/#\/schema\/person\/81a1ab3a236faa5508e8f47600a85072\",\"name\":\"emilie\",\"image\":{\"@type\":\"ImageObject\",\"inLanguage\":\"de\",\"@id\":\"https:\/\/www.creilsudoise-tourisme.fr\/#\/schema\/person\/image\/\",\"url\":\"https:\/\/secure.gravatar.com\/avatar\/63ed1ecafae1b27e36a71e8626bc354f?s=96&d=mm&r=g\",\"contentUrl\":\"https:\/\/secure.gravatar.com\/avatar\/63ed1ecafae1b27e36a71e8626bc354f?s=96&d=mm&r=g\",\"caption\":\"emilie\"},\"url\":\"https:\/\/www.creilsudoise-tourisme.fr\/de\/auteur\/emilie\/\"}]}<\/script>\n<!-- \/ Yoast SEO plugin. -->","yoast_head_json":{"title":"Programme des vacances d'hiver 2026","description":"D\u00e9couvrez les sorties \u00e0 faire en famille ou entre amis \u00e0 Creil Sud Oise, pr\u00e8s de Chantilly et Senlis, lors des vacances d'hiver !","robots":{"index":"index","follow":"follow","max-snippet":"max-snippet:-1","max-image-preview":"max-image-preview:large","max-video-preview":"max-video-preview:-1"},"canonical":"https:\/\/www.creilsudoise-tourisme.fr\/de\/2026\/02\/04\/winterferien-2026\/","og_locale":"de_DE","og_type":"article","og_title":"Programme des vacances d'hiver 2026","og_description":"D\u00e9couvrez les sorties \u00e0 faire en famille ou entre amis \u00e0 Creil Sud Oise, pr\u00e8s de Chantilly et Senlis, lors des vacances d'hiver !","og_url":"https:\/\/www.creilsudoise-tourisme.fr\/de\/2026\/02\/04\/winterferien-2026\/","og_site_name":"Office de Tourisme Creil Sud Oise","article_publisher":"https:\/\/www.facebook.com\/creilsudoisetourisme\/","article_published_time":"2026-02-04T11:00:35+00:00","article_modified_time":"2026-02-25T15:17:59+00:00","og_image":[{"width":1920,"height":1078,"url":"https:\/\/www.creilsudoise-tourisme.fr\/wp-content\/uploads\/2026\/02\/Clouterie-rivierre-creil_\u00a9-Arnaud-Beauvois-Oise-Tourisme.jpg","type":"image\/jpeg"}],"author":"emilie","twitter_card":"summary_large_image","twitter_creator":"@CreilSudOiseOT","twitter_site":"@CreilSudOiseOT","twitter_misc":{"Verfasst von":"emilie","Gesch\u00e4tzte Lesezeit":"6\u00a0Minuten"},"schema":{"@context":"https:\/\/schema.org","@graph":[{"@type":"Article","@id":"https:\/\/www.creilsudoise-tourisme.fr\/2026\/02\/04\/vacances-hiver-2026\/#article","isPartOf":{"@id":"https:\/\/www.creilsudoise-tourisme.fr\/2026\/02\/04\/vacances-hiver-2026\/"},"author":{"name":"emilie","@id":"https:\/\/www.creilsudoise-tourisme.fr\/#\/schema\/person\/81a1ab3a236faa5508e8f47600a85072"},"headline":"Id\u00e9es d&rsquo;activit\u00e9s pour les vacances d&rsquo;hiver !","datePublished":"2026-02-04T11:00:35+00:00","dateModified":"2026-02-25T15:17:59+00:00","mainEntityOfPage":{"@id":"https:\/\/www.creilsudoise-tourisme.fr\/2026\/02\/04\/vacances-hiver-2026\/"},"wordCount":1202,"publisher":{"@id":"https:\/\/www.creilsudoise-tourisme.fr\/#organization"},"articleSection":["Actus"],"inLanguage":"de"},{"@type":"WebPage","@id":"https:\/\/www.creilsudoise-tourisme.fr\/2026\/02\/04\/vacances-hiver-2026\/","url":"https:\/\/www.creilsudoise-tourisme.fr\/2026\/02\/04\/vacances-hiver-2026\/","name":"Programme des vacances d'hiver 2026","isPartOf":{"@id":"https:\/\/www.creilsudoise-tourisme.fr\/#website"},"datePublished":"2026-02-04T11:00:35+00:00","dateModified":"2026-02-25T15:17:59+00:00","description":"D\u00e9couvrez les sorties \u00e0 faire en famille ou entre amis \u00e0 Creil Sud Oise, pr\u00e8s de Chantilly et Senlis, lors des vacances d'hiver !","breadcrumb":{"@id":"https:\/\/www.creilsudoise-tourisme.fr\/2026\/02\/04\/vacances-hiver-2026\/#breadcrumb"},"inLanguage":"de","potentialAction":[{"@type":"ReadAction","target":["https:\/\/www.creilsudoise-tourisme.fr\/2026\/02\/04\/vacances-hiver-2026\/"]}]},{"@type":"BreadcrumbList","@id":"https:\/\/www.creilsudoise-tourisme.fr\/2026\/02\/04\/vacances-hiver-2026\/#breadcrumb","itemListElement":[{"@type":"ListItem","position":1,"name":"Accueil","item":"https:\/\/www.creilsudoise-tourisme.fr\/"},{"@type":"ListItem","position":2,"name":"Id\u00e9es d&rsquo;activit\u00e9s pour les vacances d&rsquo;hiver !"}]},{"@type":"WebSite","@id":"https:\/\/www.creilsudoise-tourisme.fr\/#website","url":"https:\/\/www.creilsudoise-tourisme.fr\/","name":"Office de Tourisme Creil Sud Oise","description":"Creil Sud Oise Tourisme, un territoire \u00e0 explorer !","publisher":{"@id":"https:\/\/www.creilsudoise-tourisme.fr\/#organization"},"potentialAction":[{"@type":"SearchAction","target":{"@type":"EntryPoint","urlTemplate":"https:\/\/www.creilsudoise-tourisme.fr\/?s={search_term_string}"},"query-input":"required name=search_term_string"}],"inLanguage":"de"},{"@type":"Organization","@id":"https:\/\/www.creilsudoise-tourisme.fr\/#organization","name":"Creil Sud Oise Tourisme","url":"https:\/\/www.creilsudoise-tourisme.fr\/","logo":{"@type":"ImageObject","inLanguage":"de","@id":"https:\/\/www.creilsudoise-tourisme.fr\/#\/schema\/logo\/image\/","url":"https:\/\/www.creilsudoise-tourisme.fr\/wp-content\/uploads\/2021\/05\/logo-svg.png","contentUrl":"https:\/\/www.creilsudoise-tourisme.fr\/wp-content\/uploads\/2021\/05\/logo-svg.png","width":182,"height":71,"caption":"Creil Sud Oise Tourisme"},"image":{"@id":"https:\/\/www.creilsudoise-tourisme.fr\/#\/schema\/logo\/image\/"},"sameAs":["https:\/\/www.facebook.com\/creilsudoisetourisme\/","https:\/\/twitter.com\/CreilSudOiseOT","https:\/\/www.instagram.com\/creilsudoisetourisme\/","https:\/\/www.youtube.com\/channel\/UC8L_QD2wwyADW14zt9fY8kw"]},{"@type":"Person","@id":"https:\/\/www.creilsudoise-tourisme.fr\/#\/schema\/person\/81a1ab3a236faa5508e8f47600a85072","name":"emilie","image":{"@type":"ImageObject","inLanguage":"de","@id":"https:\/\/www.creilsudoise-tourisme.fr\/#\/schema\/person\/image\/","url":"https:\/\/secure.gravatar.com\/avatar\/63ed1ecafae1b27e36a71e8626bc354f?s=96&d=mm&r=g","contentUrl":"https:\/\/secure.gravatar.com\/avatar\/63ed1ecafae1b27e36a71e8626bc354f?s=96&d=mm&r=g","caption":"emilie"},"url":"https:\/\/www.creilsudoise-tourisme.fr\/de\/auteur\/emilie\/"}]}},"_links":{"self":[{"href":"https:\/\/www.creilsudoise-tourisme.fr\/de\/wp-json\/wp\/v2\/posts\/67433"}],"collection":[{"href":"https:\/\/www.creilsudoise-tourisme.fr\/de\/wp-json\/wp\/v2\/posts"}],"about":[{"href":"https:\/\/www.creilsudoise-tourisme.fr\/de\/wp-json\/wp\/v2\/types\/post"}],"author":[{"embeddable":true,"href":"https:\/\/www.creilsudoise-tourisme.fr\/de\/wp-json\/wp\/v2\/users\/10"}],"replies":[{"embeddable":true,"href":"https:\/\/www.creilsudoise-tourisme.fr\/de\/wp-json\/wp\/v2\/comments?post=67433"}],"version-history":[{"count":30,"href":"https:\/\/www.creilsudoise-tourisme.fr\/de\/wp-json\/wp\/v2\/posts\/67433\/revisions"}],"predecessor-version":[{"id":67997,"href":"https:\/\/www.creilsudoise-tourisme.fr\/de\/wp-json\/wp\/v2\/posts\/67433\/revisions\/67997"}],"wp:featuredmedia":[{"embeddable":true,"href":"https:\/\/www.creilsudoise-tourisme.fr\/de\/wp-json\/wp\/v2\/media\/67457"}],"wp:attachment":[{"href":"https:\/\/www.creilsudoise-tourisme.fr\/de\/wp-json\/wp\/v2\/media?parent=67433"}],"wp:term":[{"taxonomy":"category","embeddable":true,"href":"https:\/\/www.creilsudoise-tourisme.fr\/de\/wp-json\/wp\/v2\/categories?post=67433"},{"taxonomy":"post_tag","embeddable":true,"href":"https:\/\/www.creilsudoise-tourisme.fr\/de\/wp-json\/wp\/v2\/tags?post=67433"}],"curies":[{"name":"wp","href":"https:\/\/api.w.org\/{rel}","templated":true}]}}