{"id":66474,"date":"2025-11-25T15:51:11","date_gmt":"2025-11-25T14:51:11","guid":{"rendered":"https:\/\/www.creilsudoise-tourisme.fr\/?p=66474"},"modified":"2026-01-12T17:37:14","modified_gmt":"2026-01-12T16:37:14","slug":"feerie-noel","status":"publish","type":"post","link":"https:\/\/www.creilsudoise-tourisme.fr\/de\/2025\/11\/25\/feerie-noel\/","title":{"rendered":"Tauchen Sie ein in den Weihnachtszauber!"},"content":{"rendered":"<p class=\"is-style-excerpt\">Der Dezember steht vor der T\u00fcr! Lassen Sie sich von der <strong>Weihnachtsm\u00e4rchen<\/strong> mit einem <strong>festliches und kostenloses Programm <\/strong>in Creil Sud Oise! Einige Aktivit\u00e4ten sind kostenpflichtig, diese werden mit einem Sternchen gekennzeichnet.<\/p>\n\n\n\n<h2><strong>Weihnachtsm\u00e4rkte<\/strong><\/h2>\n\n\n\n<p>Creil, Nogent-sur-Oise, Saint-Leu d'Esserent... die Zeit der <a href=\"https:\/\/www.creilsudoise-tourisme.fr\/de\/2024\/11\/15\/marches-noel\/\" target=\"_blank\" rel=\"noreferrer noopener\"><strong>Weihnachtsm\u00e4rkte<\/strong><\/a> ist wieder da! Die Gelegenheit, Ihre <strong>Geschenke<\/strong> von Weihnachten, eine <strong>Foto mit dem Weihnachtsmann<\/strong> oder einen leckeren <strong>hei\u00dfe Schokolade<\/strong> ! Schnell, lass dir nichts entgehen, die meisten M\u00e4rkte finden nur an einem Wochenende statt!<\/p>\n\n\n\n<h2>M\u00e4rchenhafte Spazierg\u00e4nge<\/h2>\n\n\n\n<p>Folgen Sie in <strong>Familie <\/strong>eine<strong><a href=\"https:\/\/www.creilsudoise-tourisme.fr\/de\/agenda-animations\/festivites-de-noel-balades-contees\/\" target=\"_blank\" rel=\"noreferrer noopener\"> M\u00e4rchenspaziergang in der m\u00e4rchenhaften Atmosph\u00e4re der Weihnachtszeit<\/a><\/strong> *! Sie werden von einer M\u00e4rchenerz\u00e4hlerin begr\u00fc\u00dft, die <strong>wird Sie f\u00fchren<\/strong> durch die Orte und vermischt so <strong>kleine Geschichten <\/strong>zum Universum<strong> einzigartig<\/strong> der <strong>Karriere <\/strong>der <strong><a href=\"https:\/\/www.creilsudoise-tourisme.fr\/de\/jexplore\/unumganglich\/steinhaus\/\" target=\"_blank\" rel=\"noreferrer noopener\">Steinhaus<\/a><\/strong>.<\/p>\n\n\n\n<h2>Auff\u00fchrungen <\/h2>\n\n\n\n<h3>Laser- und Drohnenshow<\/h3>\n\n\n\n<p>Zum Thema<strong> Weihnachten in den<\/strong> <strong>60er Jahre<\/strong>Nehmen Sie an einer <a href=\"https:\/\/www.creilsudoise-tourisme.fr\/de\/agenda-animations\/spectacle-show-laser-et-drones-dans-labbatiale\/\" target=\"_blank\" rel=\"noreferrer noopener\"><strong>Auff\u00fchrung mit Lasern und Drohnen<\/strong><\/a> in einer atemberaubenden Lichtshow in der<a href=\"https:\/\/www.creilsudoise-tourisme.fr\/de\/jexplore\/videos\/abbatiale-saint-nicolas-2\/\">Abteikirche von Saint-Leu d'Esserent<\/a> !<\/p>\n\n\n\n<h3>Zaubershow<\/h3>\n\n\n\n<p>Die <strong><a href=\"https:\/\/www.villers-saint-paul.fr\/\" target=\"_blank\" rel=\"noreferrer noopener\">Stadt Villers-Saint-Paul <\/a><\/strong>bietet Ihnen einen<strong><a href=\"https:\/\/www.creilsudoise-tourisme.fr\/de\/agenda-animations\/spectacle-la-fete-foraine-magique\/\" target=\"_blank\" rel=\"noreferrer noopener\"> Schauspiel f\u00fcr die ganze Familie<\/a><\/strong>* vermischt <strong>Magie<\/strong>, <strong>Humor<\/strong> und <strong>Poesie<\/strong>.<\/p>\n\n\n\n<h3>Herbstm\u00e4rchen<\/h3>\n\n\n\n<p><strong>Gehen Sie auf Abenteuerreise<\/strong> mit einer<strong><a href=\"https:\/\/www.creilsudoise-tourisme.fr\/de\/agenda-animations\/festival-contes-dautomne-la-sauvage\/\" target=\"_blank\" rel=\"noreferrer noopener\"> M\u00e4rchenlesung<\/a><\/strong> Ein 13-j\u00e4hriges M\u00e4dchen bringt Freude, Frechheit und Farbe in das Krankenhaus, in dem ihre Gro\u00dfmutter und eine ganze Bande von verr\u00fcckten Leuten leben. Ab 10 Jahren, mit Reservierung.<\/p>\n\n\n\n<h2>Konzerte<\/h2>\n\n\n\n<h3>Konzert der Sch\u00fclerinnen und Sch\u00fcler der AMEM<\/h3>\n\n\n\n<p>Die Association Municipale d'Enseignement et d'Education Musicale (<strong><a href=\"https:\/\/www.a-m-e-m.fr\/\" target=\"_blank\" rel=\"noreferrer noopener\">AMEM<\/a><\/strong>) bietet Ihnen den <strong><a href=\"https:\/\/www.creilsudoise-tourisme.fr\/de\/agenda-animations\/concert-de-noel-concert-des-eleves-de-lamem\/\" target=\"_blank\" rel=\"noreferrer noopener\">Sch\u00fclerkonzert<\/a><\/strong>In der Vorweihnachtszeit <em>Wie in den Filmen!<\/em><\/p>\n\n\n\n<h3>Benefizkonzert<\/h3>\n\n\n\n<p><strong>40 Jahre Grange \u00e0 Musique<\/strong>ist auch <strong>40 Jahre<\/strong> <strong><a href=\"https:\/\/www.creilsudoise-tourisme.fr\/de\/agenda-animations\/concert-caritarif-les-rockeurs-ont-du-coeur\/\" target=\"_blank\" rel=\"noreferrer noopener\">Rocker haben ein Herz<\/a>*,<\/strong> l'<strong>Wohlt\u00e4tigkeitsveranstaltung<\/strong> des Jahresendes, wo man, um hineinzukommen, ein neues Spielzeug im Wert von mindestens 10 \u20ac zum gr\u00fcnen Weihnachtsmann der franz\u00f6sischen Secours Populaire bringen muss. Und was k\u00f6nnte besser sein, um <strong>feiern mit Stil<\/strong> als die Veteranen des franz\u00f6sischen Ska-Punks einzuladen <strong>Los Tres Puntos<\/strong> die ebenfalls feiern <strong>ihre 30-j\u00e4hrige Karriere<\/strong> ! Bringen Sie Ihren sch\u00f6nsten Weihnachtspullover mit (oder den h\u00e4sslichsten, wenn Sie sich trauen!).<\/p>\n\n\n\n<h2>Andere Aktivit\u00e4ten<\/h2>\n\n\n\n<h3>Weihnachten auf dem Bauernhof<\/h3>\n\n\n\n<p>RDV in der <strong><a href=\"https:\/\/www.nogentsuroise.fr\/a-tout-age\/enfance-et-education\/ferme-pedagogique\" target=\"_blank\" rel=\"noreferrer noopener\">p\u00e4dagogischer Bauernhof in Nogent-sur-Oise<\/a> <\/strong>f\u00fcr <strong>verschiedene Aktivit\u00e4ten<\/strong> : kleiner Zug, Ponyreiten, Anwesenheit des <strong>Weihnachtsmann<\/strong> mit Selfie-S\u00e4ule, Maskottchen, traditionellen Holzspielen, Drehorgel, Schneeballschau, Stand mit Leckereien und warmen Getr\u00e4nken, <strong>und viele weitere \u00dcberraschungen <\/strong>!<\/p>\n\n\n\n<h3>Fahrgesch\u00e4fte<\/h3>\n\n\n\n<p>Vom 19. bis 26. Dezember bietet die Stadt Creil <strong><a href=\"https:\/\/www.creilsudoise-tourisme.fr\/de\/agenda-animations\/noel-a-creil-les-maneges\/\" target=\"_blank\" rel=\"noreferrer noopener\">kostenlose Fahrgesch\u00e4fte<\/a><\/strong> f\u00fcr Kinder in der gesamten Innenstadt!<\/p>\n\n\n\n<hr class=\"wp-block-separator has-alpha-channel-opacity\"\/>\n\n\n\n<p>Das gesamte Team des Fremdenverkehrsamtes w\u00fcnscht Ihnen sch\u00f6ne Feiertage und einen guten Rutsch ins neue Jahr!<\/p>\n\n\n\n<div class=\"is-content-justification-center is-layout-flex wp-container-1 wp-block-buttons\">\n<div class=\"wp-block-button\"><a class=\"wp-block-button__link wp-element-button\" href=\"https:\/\/www.creilsudoise-tourisme.fr\/de\/agenda\/\" target=\"_blank\" rel=\"noreferrer noopener\">die gesamte Agenda<\/a><\/div>\n<\/div>","protected":false},"excerpt":{"rendered":"<p>Der Dezember steht vor der T\u00fcr! Lassen Sie sich vom Weihnachtszauber mitrei\u00dfen, mit einem festlichen und kostenlosen Programm in Creil Sud Oise! Einige Aktivit\u00e4ten sind kostenpflichtig, sie werden mit einem Sternchen gekennzeichnet. Weihnachtsm\u00e4rkte Creil, Nogent-sur-Oise, Saint-Leu d'Esserent... die Zeit der Weihnachtsm\u00e4rkte ist wieder da! Die Gelegenheit, Ihre Geschenke zu finden [...].<\/p>","protected":false},"author":10,"featured_media":66518,"comment_status":"closed","ping_status":"closed","sticky":false,"template":"","format":"standard","meta":{"_relevanssi_hide_post":"","_relevanssi_hide_content":"","_relevanssi_pin_for_all":"","_relevanssi_pin_keywords":"","_relevanssi_unpin_keywords":"","_relevanssi_related_keywords":"","_relevanssi_related_include_ids":"","_relevanssi_related_exclude_ids":"","_relevanssi_related_no_append":"","_relevanssi_related_not_related":"","_relevanssi_related_posts":"40285,56025,63226,52387,40900,41679","_relevanssi_noindex_reason":""},"categories":[5],"tags":[],"yoast_head":"<!-- This site is optimized with the Yoast SEO plugin v20.2.1 - https:\/\/yoast.com\/wordpress\/plugins\/seo\/ -->\n<title>Savourez la magie des f\u00eates de No\u00ebl<\/title>\n<meta name=\"description\" content=\"D\u00e9couvrez les sorties \u00e0 faire en famille ou entre amis \u00e0 Creil Sud Oise, pr\u00e8s de Chantilly et Senlis, lors des vacances de No\u00ebl.\" \/>\n<meta name=\"robots\" content=\"index, follow, max-snippet:-1, max-image-preview:large, max-video-preview:-1\" \/>\n<link rel=\"canonical\" href=\"https:\/\/www.creilsudoise-tourisme.fr\/de\/2025\/11\/25\/feerie-noel\/\" \/>\n<meta property=\"og:locale\" content=\"de_DE\" \/>\n<meta property=\"og:type\" content=\"article\" \/>\n<meta property=\"og:title\" content=\"Savourez la magie des f\u00eates de No\u00ebl\" \/>\n<meta property=\"og:description\" content=\"D\u00e9couvrez les sorties \u00e0 faire en famille ou entre amis \u00e0 Creil Sud Oise, pr\u00e8s de Chantilly et Senlis, lors des vacances de No\u00ebl.\" \/>\n<meta property=\"og:url\" content=\"https:\/\/www.creilsudoise-tourisme.fr\/de\/2025\/11\/25\/feerie-noel\/\" \/>\n<meta property=\"og:site_name\" content=\"Office de Tourisme Creil Sud Oise\" \/>\n<meta property=\"article:publisher\" content=\"https:\/\/www.facebook.com\/creilsudoisetourisme\/\" \/>\n<meta property=\"article:published_time\" content=\"2025-11-25T14:51:11+00:00\" \/>\n<meta property=\"article:modified_time\" content=\"2026-01-12T16:37:14+00:00\" \/>\n<meta property=\"og:image\" content=\"https:\/\/www.creilsudoise-tourisme.fr\/wp-content\/uploads\/2025\/11\/xshdxsqxd.jpg\" \/>\n\t<meta property=\"og:image:width\" content=\"1920\" \/>\n\t<meta property=\"og:image:height\" content=\"1280\" \/>\n\t<meta property=\"og:image:type\" content=\"image\/jpeg\" \/>\n<meta name=\"author\" content=\"emilie\" \/>\n<meta name=\"twitter:card\" content=\"summary_large_image\" \/>\n<meta name=\"twitter:creator\" content=\"@CreilSudOiseOT\" \/>\n<meta name=\"twitter:site\" content=\"@CreilSudOiseOT\" \/>\n<meta name=\"twitter:label1\" content=\"Verfasst von\" \/>\n\t<meta name=\"twitter:data1\" content=\"emilie\" \/>\n\t<meta name=\"twitter:label2\" content=\"Gesch\u00e4tzte Lesezeit\" \/>\n\t<meta name=\"twitter:data2\" content=\"2\u00a0Minuten\" \/>\n<script type=\"application\/ld+json\" class=\"yoast-schema-graph\">{\"@context\":\"https:\/\/schema.org\",\"@graph\":[{\"@type\":\"Article\",\"@id\":\"https:\/\/www.creilsudoise-tourisme.fr\/2025\/11\/25\/feerie-noel\/#article\",\"isPartOf\":{\"@id\":\"https:\/\/www.creilsudoise-tourisme.fr\/2025\/11\/25\/feerie-noel\/\"},\"author\":{\"name\":\"emilie\",\"@id\":\"https:\/\/www.creilsudoise-tourisme.fr\/#\/schema\/person\/81a1ab3a236faa5508e8f47600a85072\"},\"headline\":\"Plongez au c\u0153ur de la f\u00e9\u00e9rie de No\u00ebl !\",\"datePublished\":\"2025-11-25T14:51:11+00:00\",\"dateModified\":\"2026-01-12T16:37:14+00:00\",\"mainEntityOfPage\":{\"@id\":\"https:\/\/www.creilsudoise-tourisme.fr\/2025\/11\/25\/feerie-noel\/\"},\"wordCount\":503,\"publisher\":{\"@id\":\"https:\/\/www.creilsudoise-tourisme.fr\/#organization\"},\"articleSection\":[\"Actus\"],\"inLanguage\":\"de\"},{\"@type\":\"WebPage\",\"@id\":\"https:\/\/www.creilsudoise-tourisme.fr\/2025\/11\/25\/feerie-noel\/\",\"url\":\"https:\/\/www.creilsudoise-tourisme.fr\/2025\/11\/25\/feerie-noel\/\",\"name\":\"Savourez la magie des f\u00eates de No\u00ebl\",\"isPartOf\":{\"@id\":\"https:\/\/www.creilsudoise-tourisme.fr\/#website\"},\"datePublished\":\"2025-11-25T14:51:11+00:00\",\"dateModified\":\"2026-01-12T16:37:14+00:00\",\"description\":\"D\u00e9couvrez les sorties \u00e0 faire en famille ou entre amis \u00e0 Creil Sud Oise, pr\u00e8s de Chantilly et Senlis, lors des vacances de No\u00ebl.\",\"breadcrumb\":{\"@id\":\"https:\/\/www.creilsudoise-tourisme.fr\/2025\/11\/25\/feerie-noel\/#breadcrumb\"},\"inLanguage\":\"de\",\"potentialAction\":[{\"@type\":\"ReadAction\",\"target\":[\"https:\/\/www.creilsudoise-tourisme.fr\/2025\/11\/25\/feerie-noel\/\"]}]},{\"@type\":\"BreadcrumbList\",\"@id\":\"https:\/\/www.creilsudoise-tourisme.fr\/2025\/11\/25\/feerie-noel\/#breadcrumb\",\"itemListElement\":[{\"@type\":\"ListItem\",\"position\":1,\"name\":\"Accueil\",\"item\":\"https:\/\/www.creilsudoise-tourisme.fr\/\"},{\"@type\":\"ListItem\",\"position\":2,\"name\":\"Plongez au c\u0153ur de la f\u00e9\u00e9rie de No\u00ebl !\"}]},{\"@type\":\"WebSite\",\"@id\":\"https:\/\/www.creilsudoise-tourisme.fr\/#website\",\"url\":\"https:\/\/www.creilsudoise-tourisme.fr\/\",\"name\":\"Office de Tourisme Creil Sud Oise\",\"description\":\"Creil Sud Oise Tourisme, un territoire \u00e0 explorer !\",\"publisher\":{\"@id\":\"https:\/\/www.creilsudoise-tourisme.fr\/#organization\"},\"potentialAction\":[{\"@type\":\"SearchAction\",\"target\":{\"@type\":\"EntryPoint\",\"urlTemplate\":\"https:\/\/www.creilsudoise-tourisme.fr\/?s={search_term_string}\"},\"query-input\":\"required name=search_term_string\"}],\"inLanguage\":\"de\"},{\"@type\":\"Organization\",\"@id\":\"https:\/\/www.creilsudoise-tourisme.fr\/#organization\",\"name\":\"Creil Sud Oise Tourisme\",\"url\":\"https:\/\/www.creilsudoise-tourisme.fr\/\",\"logo\":{\"@type\":\"ImageObject\",\"inLanguage\":\"de\",\"@id\":\"https:\/\/www.creilsudoise-tourisme.fr\/#\/schema\/logo\/image\/\",\"url\":\"https:\/\/www.creilsudoise-tourisme.fr\/wp-content\/uploads\/2021\/05\/logo-svg.png\",\"contentUrl\":\"https:\/\/www.creilsudoise-tourisme.fr\/wp-content\/uploads\/2021\/05\/logo-svg.png\",\"width\":182,\"height\":71,\"caption\":\"Creil Sud Oise Tourisme\"},\"image\":{\"@id\":\"https:\/\/www.creilsudoise-tourisme.fr\/#\/schema\/logo\/image\/\"},\"sameAs\":[\"https:\/\/www.facebook.com\/creilsudoisetourisme\/\",\"https:\/\/twitter.com\/CreilSudOiseOT\",\"https:\/\/www.instagram.com\/creilsudoisetourisme\/\",\"https:\/\/www.youtube.com\/channel\/UC8L_QD2wwyADW14zt9fY8kw\"]},{\"@type\":\"Person\",\"@id\":\"https:\/\/www.creilsudoise-tourisme.fr\/#\/schema\/person\/81a1ab3a236faa5508e8f47600a85072\",\"name\":\"emilie\",\"image\":{\"@type\":\"ImageObject\",\"inLanguage\":\"de\",\"@id\":\"https:\/\/www.creilsudoise-tourisme.fr\/#\/schema\/person\/image\/\",\"url\":\"https:\/\/secure.gravatar.com\/avatar\/63ed1ecafae1b27e36a71e8626bc354f?s=96&d=mm&r=g\",\"contentUrl\":\"https:\/\/secure.gravatar.com\/avatar\/63ed1ecafae1b27e36a71e8626bc354f?s=96&d=mm&r=g\",\"caption\":\"emilie\"},\"url\":\"https:\/\/www.creilsudoise-tourisme.fr\/de\/auteur\/emilie\/\"}]}<\/script>\n<!-- \/ Yoast SEO plugin. -->","yoast_head_json":{"title":"Savourez la magie des f\u00eates de No\u00ebl","description":"D\u00e9couvrez les sorties \u00e0 faire en famille ou entre amis \u00e0 Creil Sud Oise, pr\u00e8s de Chantilly et Senlis, lors des vacances de No\u00ebl.","robots":{"index":"index","follow":"follow","max-snippet":"max-snippet:-1","max-image-preview":"max-image-preview:large","max-video-preview":"max-video-preview:-1"},"canonical":"https:\/\/www.creilsudoise-tourisme.fr\/de\/2025\/11\/25\/feerie-noel\/","og_locale":"de_DE","og_type":"article","og_title":"Savourez la magie des f\u00eates de No\u00ebl","og_description":"D\u00e9couvrez les sorties \u00e0 faire en famille ou entre amis \u00e0 Creil Sud Oise, pr\u00e8s de Chantilly et Senlis, lors des vacances de No\u00ebl.","og_url":"https:\/\/www.creilsudoise-tourisme.fr\/de\/2025\/11\/25\/feerie-noel\/","og_site_name":"Office de Tourisme Creil Sud Oise","article_publisher":"https:\/\/www.facebook.com\/creilsudoisetourisme\/","article_published_time":"2025-11-25T14:51:11+00:00","article_modified_time":"2026-01-12T16:37:14+00:00","og_image":[{"width":1920,"height":1280,"url":"https:\/\/www.creilsudoise-tourisme.fr\/wp-content\/uploads\/2025\/11\/xshdxsqxd.jpg","type":"image\/jpeg"}],"author":"emilie","twitter_card":"summary_large_image","twitter_creator":"@CreilSudOiseOT","twitter_site":"@CreilSudOiseOT","twitter_misc":{"Verfasst von":"emilie","Gesch\u00e4tzte Lesezeit":"2\u00a0Minuten"},"schema":{"@context":"https:\/\/schema.org","@graph":[{"@type":"Article","@id":"https:\/\/www.creilsudoise-tourisme.fr\/2025\/11\/25\/feerie-noel\/#article","isPartOf":{"@id":"https:\/\/www.creilsudoise-tourisme.fr\/2025\/11\/25\/feerie-noel\/"},"author":{"name":"emilie","@id":"https:\/\/www.creilsudoise-tourisme.fr\/#\/schema\/person\/81a1ab3a236faa5508e8f47600a85072"},"headline":"Plongez au c\u0153ur de la f\u00e9\u00e9rie de No\u00ebl !","datePublished":"2025-11-25T14:51:11+00:00","dateModified":"2026-01-12T16:37:14+00:00","mainEntityOfPage":{"@id":"https:\/\/www.creilsudoise-tourisme.fr\/2025\/11\/25\/feerie-noel\/"},"wordCount":503,"publisher":{"@id":"https:\/\/www.creilsudoise-tourisme.fr\/#organization"},"articleSection":["Actus"],"inLanguage":"de"},{"@type":"WebPage","@id":"https:\/\/www.creilsudoise-tourisme.fr\/2025\/11\/25\/feerie-noel\/","url":"https:\/\/www.creilsudoise-tourisme.fr\/2025\/11\/25\/feerie-noel\/","name":"Savourez la magie des f\u00eates de No\u00ebl","isPartOf":{"@id":"https:\/\/www.creilsudoise-tourisme.fr\/#website"},"datePublished":"2025-11-25T14:51:11+00:00","dateModified":"2026-01-12T16:37:14+00:00","description":"D\u00e9couvrez les sorties \u00e0 faire en famille ou entre amis \u00e0 Creil Sud Oise, pr\u00e8s de Chantilly et Senlis, lors des vacances de No\u00ebl.","breadcrumb":{"@id":"https:\/\/www.creilsudoise-tourisme.fr\/2025\/11\/25\/feerie-noel\/#breadcrumb"},"inLanguage":"de","potentialAction":[{"@type":"ReadAction","target":["https:\/\/www.creilsudoise-tourisme.fr\/2025\/11\/25\/feerie-noel\/"]}]},{"@type":"BreadcrumbList","@id":"https:\/\/www.creilsudoise-tourisme.fr\/2025\/11\/25\/feerie-noel\/#breadcrumb","itemListElement":[{"@type":"ListItem","position":1,"name":"Accueil","item":"https:\/\/www.creilsudoise-tourisme.fr\/"},{"@type":"ListItem","position":2,"name":"Plongez au c\u0153ur de la f\u00e9\u00e9rie de No\u00ebl !"}]},{"@type":"WebSite","@id":"https:\/\/www.creilsudoise-tourisme.fr\/#website","url":"https:\/\/www.creilsudoise-tourisme.fr\/","name":"Office de Tourisme Creil Sud Oise","description":"Creil Sud Oise Tourisme, un territoire \u00e0 explorer !","publisher":{"@id":"https:\/\/www.creilsudoise-tourisme.fr\/#organization"},"potentialAction":[{"@type":"SearchAction","target":{"@type":"EntryPoint","urlTemplate":"https:\/\/www.creilsudoise-tourisme.fr\/?s={search_term_string}"},"query-input":"required name=search_term_string"}],"inLanguage":"de"},{"@type":"Organization","@id":"https:\/\/www.creilsudoise-tourisme.fr\/#organization","name":"Creil Sud Oise Tourisme","url":"https:\/\/www.creilsudoise-tourisme.fr\/","logo":{"@type":"ImageObject","inLanguage":"de","@id":"https:\/\/www.creilsudoise-tourisme.fr\/#\/schema\/logo\/image\/","url":"https:\/\/www.creilsudoise-tourisme.fr\/wp-content\/uploads\/2021\/05\/logo-svg.png","contentUrl":"https:\/\/www.creilsudoise-tourisme.fr\/wp-content\/uploads\/2021\/05\/logo-svg.png","width":182,"height":71,"caption":"Creil Sud Oise Tourisme"},"image":{"@id":"https:\/\/www.creilsudoise-tourisme.fr\/#\/schema\/logo\/image\/"},"sameAs":["https:\/\/www.facebook.com\/creilsudoisetourisme\/","https:\/\/twitter.com\/CreilSudOiseOT","https:\/\/www.instagram.com\/creilsudoisetourisme\/","https:\/\/www.youtube.com\/channel\/UC8L_QD2wwyADW14zt9fY8kw"]},{"@type":"Person","@id":"https:\/\/www.creilsudoise-tourisme.fr\/#\/schema\/person\/81a1ab3a236faa5508e8f47600a85072","name":"emilie","image":{"@type":"ImageObject","inLanguage":"de","@id":"https:\/\/www.creilsudoise-tourisme.fr\/#\/schema\/person\/image\/","url":"https:\/\/secure.gravatar.com\/avatar\/63ed1ecafae1b27e36a71e8626bc354f?s=96&d=mm&r=g","contentUrl":"https:\/\/secure.gravatar.com\/avatar\/63ed1ecafae1b27e36a71e8626bc354f?s=96&d=mm&r=g","caption":"emilie"},"url":"https:\/\/www.creilsudoise-tourisme.fr\/de\/auteur\/emilie\/"}]}},"_links":{"self":[{"href":"https:\/\/www.creilsudoise-tourisme.fr\/de\/wp-json\/wp\/v2\/posts\/66474"}],"collection":[{"href":"https:\/\/www.creilsudoise-tourisme.fr\/de\/wp-json\/wp\/v2\/posts"}],"about":[{"href":"https:\/\/www.creilsudoise-tourisme.fr\/de\/wp-json\/wp\/v2\/types\/post"}],"author":[{"embeddable":true,"href":"https:\/\/www.creilsudoise-tourisme.fr\/de\/wp-json\/wp\/v2\/users\/10"}],"replies":[{"embeddable":true,"href":"https:\/\/www.creilsudoise-tourisme.fr\/de\/wp-json\/wp\/v2\/comments?post=66474"}],"version-history":[{"count":23,"href":"https:\/\/www.creilsudoise-tourisme.fr\/de\/wp-json\/wp\/v2\/posts\/66474\/revisions"}],"predecessor-version":[{"id":66874,"href":"https:\/\/www.creilsudoise-tourisme.fr\/de\/wp-json\/wp\/v2\/posts\/66474\/revisions\/66874"}],"wp:featuredmedia":[{"embeddable":true,"href":"https:\/\/www.creilsudoise-tourisme.fr\/de\/wp-json\/wp\/v2\/media\/66518"}],"wp:attachment":[{"href":"https:\/\/www.creilsudoise-tourisme.fr\/de\/wp-json\/wp\/v2\/media?parent=66474"}],"wp:term":[{"taxonomy":"category","embeddable":true,"href":"https:\/\/www.creilsudoise-tourisme.fr\/de\/wp-json\/wp\/v2\/categories?post=66474"},{"taxonomy":"post_tag","embeddable":true,"href":"https:\/\/www.creilsudoise-tourisme.fr\/de\/wp-json\/wp\/v2\/tags?post=66474"}],"curies":[{"name":"wp","href":"https:\/\/api.w.org\/{rel}","templated":true}]}}