{"id":65722,"date":"2025-10-09T12:12:59","date_gmt":"2025-10-09T10:12:59","guid":{"rendered":"https:\/\/www.creilsudoise-tourisme.fr\/?p=65722"},"modified":"2025-11-04T12:22:39","modified_gmt":"2025-11-04T11:22:39","slug":"vacances-toussaint-2","status":"publish","type":"post","link":"https:\/\/www.creilsudoise-tourisme.fr\/de\/2025\/10\/09\/ferien-toussaint-2\/","title":{"rendered":"Ferien an Allerheiligen"},"content":{"rendered":"<p class=\"is-style-excerpt\">L<strong>'Herbst<\/strong> und seine<strong> h\u00fcbsche orangefarbene Farben <\/strong>sind eingetroffen! Weil nicht nur schlechtes Wetter und Erk\u00e4ltungen kommen, ist es Zeit, eine Serie nachzuholen oder ein gutes Buch unter der Lieblingsdecke zu lesen... aber auch und vor allem ist es der<strong>Gelegenheit, gruselige Aktivit\u00e4ten mit Halloween zu entdecken<\/strong> ! Finden Sie <strong>direkt darunter<\/strong> eine <strong>Haufen von Aktivit\u00e4ten<\/strong> f\u00fcr die <strong>Ferien<\/strong> !<\/p>\n\n\n\n<div class=\"is-content-justification-center is-layout-flex wp-container-1 wp-block-buttons\">\n<div class=\"wp-block-button\"><a class=\"wp-block-button__link wp-element-button\" href=\"https:\/\/www.creilsudoise-tourisme.fr\/de\/agenda\/\">die gesamte Agenda<\/a><\/div>\n<\/div>\n\n\n\n<h2>Halloween-Animationen<\/h2>\n\n\n\n<p><em>Klicken Sie auf die rosafarbenen W\u00f6rter, um zur Seite mit dem Animationsfilm weitergeleitet zu werden.<\/em><br>Wir beginnen direkt mit dem <strong>Kernthema<\/strong> : <strong>Halloween<\/strong> !<\/p>\n\n\n\n<h3>Escape Game<\/h3>\n\n\n\n<p><strong>Ermitteln Sie<\/strong> um herauszufinden, wer<strong> <a href=\"https:\/\/www.creilsudoise-tourisme.fr\/de\/agenda-animations\/activite-ludique-enquete-interactive-qui-a-refroidi-lemaure\/\" target=\"_blank\" rel=\"noreferrer noopener\">gek\u00fchlt Lamaure<\/a><\/strong> <em>(wer ist das <\/em> dieser <em>?)<\/em> durch <strong>R\u00e4tsel<\/strong> und<strong> verstreute Hinweise<\/strong> an die <strong><a href=\"https:\/\/www.saintmaximin.eu\/bibliotheque-et-catalogue\" target=\"_blank\" rel=\"noreferrer noopener\">Bibliothek in Saint-Maximin<\/a><\/strong> (mehrere Zeitfenster, Reservierung erforderlich).<br><\/p>\n\n\n\n<div class=\"is-layout-flex wp-container-4 wp-block-columns\">\n<div class=\"is-layout-flow wp-block-column\" style=\"flex-basis:66.66%\">\n<p class=\"has-text-align-left\">Eine <strong>unterirdischer Steinbruch<\/strong> ist der <strong>idealer Ort<\/strong> f\u00fcr <strong>sich selbst Angst machen<\/strong>Deshalb ist die <strong><a href=\"https:\/\/www.creilsudoise-tourisme.fr\/de\/jexplore\/unumganglich\/steinhaus\/\" target=\"_blank\" rel=\"noreferrer noopener\">Maison de la Pie (Haus der Elster)<\/a><a href=\"https:\/\/www.creilsudoise-tourisme.fr\/de\/jexplore\/unumganglich\/steinhaus\/\">rre<\/a><\/strong> hat ein <strong><a href=\"https:\/\/www.creilsudoise-tourisme.fr\/de\/agenda-animations\/escape-game-special-halloween-descente-aux-enfers\/\" target=\"_blank\" rel=\"noreferrer noopener\">Escape Game speziell f\u00fcr Halloween<\/a><\/strong> : <strong>Trauen Sie sich<\/strong> eintauchen in die <strong>Tiefen<\/strong> der <strong>Karriere Pate <\/strong>? Inspiriert von einer <strong>mysteri\u00f6ses, nie aufgekl\u00e4rtes Verschwinden<\/strong>Dieses Escape Game f\u00fchrt Sie in ein <strong>geheimnisvolle Unterwelt<\/strong>. In <strong>Team<\/strong>Versuchen Sie <strong>Ihnen entkommen<\/strong>, bohren Sie den <strong>Geheimnis<\/strong> der <strong>verschollene Entdecker<\/strong>... und <strong>h\u00fcten Sie sich<\/strong> von dem, was <strong>lauern<\/strong> noch in der<strong>'Schatten<\/strong>. Nach vorheriger Reservierung.<\/p>\n<\/div>\n\n\n\n<div class=\"is-layout-flow wp-block-column\" style=\"flex-basis:33.33%\"><div class=\"wp-block-image\">\n<figure class=\"aligncenter size-large is-resized\"><img decoding=\"async\" loading=\"lazy\" data-src=\"https:\/\/www.creilsudoise-tourisme.fr\/wp-content\/uploads\/wpetourisme\/escape-game-11-1200x800.jpg\" alt=\"\" class=\"wp-image-65226\" width=\"258\" height=\"172\" data-srcset=\"https:\/\/www.creilsudoise-tourisme.fr\/wp-content\/uploads\/wpetourisme\/escape-game-11-1200x800.jpg 1200w, https:\/\/www.creilsudoise-tourisme.fr\/wp-content\/uploads\/wpetourisme\/escape-game-11-600x400.jpg 600w, https:\/\/www.creilsudoise-tourisme.fr\/wp-content\/uploads\/wpetourisme\/escape-game-11-900x600.jpg 900w, https:\/\/www.creilsudoise-tourisme.fr\/wp-content\/uploads\/wpetourisme\/escape-game-11-1536x1024.jpg 1536w, https:\/\/www.creilsudoise-tourisme.fr\/wp-content\/uploads\/wpetourisme\/escape-game-11-18x12.jpg 18w, https:\/\/www.creilsudoise-tourisme.fr\/wp-content\/uploads\/wpetourisme\/escape-game-11-200x133.jpg 200w, https:\/\/www.creilsudoise-tourisme.fr\/wp-content\/uploads\/wpetourisme\/escape-game-11-650x433.jpg 650w, https:\/\/www.creilsudoise-tourisme.fr\/wp-content\/uploads\/wpetourisme\/escape-game-11-387x258.jpg 387w, https:\/\/www.creilsudoise-tourisme.fr\/wp-content\/uploads\/wpetourisme\/escape-game-11.jpg 1600w\" sizes=\"(max-width: 258px) 100vw, 258px\" \/><\/figure><\/div><\/div>\n<\/div>\n\n\n\n<p>Nicht zu vergessen nat\u00fcrlich <strong><a href=\"https:\/\/freeing.fr\/\" target=\"_blank\" rel=\"noreferrer noopener\">Freeing Escape Game<\/a><\/strong> ! Die <strong>gr\u00f6\u00dfte Halle in Frankreich<\/strong> befindet sich bei uns in Saint-Maximin! Escape Games f\u00fcr <strong>Halloween<\/strong> wurden speziell entwickelt.<\/p>\n\n\n\n<h3>Erschrecken wir uns gegenseitig?<br><\/h3>\n\n\n\n<div class=\"is-layout-flex wp-container-7 wp-block-columns\">\n<div class=\"is-layout-flow wp-block-column\" style=\"flex-basis:33.33%\">\n<figure class=\"wp-block-image size-full\"><img decoding=\"async\" loading=\"lazy\" width=\"1000\" height=\"635\" data-src=\"https:\/\/www.creilsudoise-tourisme.fr\/wp-content\/uploads\/wpetourisme\/c-Maison-de-la-pierre--6--2.jpg\" alt=\"Erz\u00e4hlter Spaziergang im Maison de la Pierre in Saint-Maximin\" class=\"wp-image-45184\" data-srcset=\"https:\/\/www.creilsudoise-tourisme.fr\/wp-content\/uploads\/wpetourisme\/c-Maison-de-la-pierre--6--2.jpg 1000w, https:\/\/www.creilsudoise-tourisme.fr\/wp-content\/uploads\/wpetourisme\/c-Maison-de-la-pierre--6--2-600x381.jpg 600w, https:\/\/www.creilsudoise-tourisme.fr\/wp-content\/uploads\/wpetourisme\/c-Maison-de-la-pierre--6--2-900x572.jpg 900w, https:\/\/www.creilsudoise-tourisme.fr\/wp-content\/uploads\/wpetourisme\/c-Maison-de-la-pierre--6--2-18x12.jpg 18w, https:\/\/www.creilsudoise-tourisme.fr\/wp-content\/uploads\/wpetourisme\/c-Maison-de-la-pierre--6--2-200x127.jpg 200w, https:\/\/www.creilsudoise-tourisme.fr\/wp-content\/uploads\/wpetourisme\/c-Maison-de-la-pierre--6--2-650x413.jpg 650w, https:\/\/www.creilsudoise-tourisme.fr\/wp-content\/uploads\/wpetourisme\/c-Maison-de-la-pierre--6--2-387x246.jpg 387w\" sizes=\"(max-width: 1000px) 100vw, 1000px\" \/><\/figure>\n<\/div>\n\n\n\n<div class=\"is-layout-flow wp-block-column\" style=\"flex-basis:66.66%\">\n<p>F\u00fcr<strong> Angst haben<\/strong> wir haben eine Adresse, die Sie nicht kennen <strong>werden nicht entt\u00e4uscht <\/strong>und wo Sie den<a href=\"https:\/\/www.creilsudoise-tourisme.fr\/de\/agenda-animations\/festivites-dhalloween-balades-contees\/\" target=\"_blank\" rel=\"noreferrer noopener\"><strong>geheimnisvolle Atmosph\u00e4re eines unterirdischen Steinbruchs<\/strong><\/a>die H\u00f6hle des<strong>schreckliche Hexen<\/strong> denen Sie vielleicht begegnen werden... und wo Geschichten, die machen <strong>Angst <\/strong>werden Ihnen erz\u00e4hlt (ab 8 Jahren, Reservierung erforderlich)! Wir sprechen nat\u00fcrlich von einer <strong>M\u00e4rchenspaziergang <\/strong>an die <strong><a href=\"https:\/\/www.creilsudoise-tourisme.fr\/de\/jexplore\/unumganglich\/steinhaus\/\" target=\"_blank\" rel=\"noreferrer noopener\">Steinhaus von Saint-Maximin<\/a><\/strong>.<\/p>\n<\/div>\n<\/div>\n\n\n\n<p>Kommen Sie <strong>fr\u00f6steln mit der Familie<\/strong> und h\u00f6ren die <strong><a href=\"https:\/\/www.creilsudoise-tourisme.fr\/de\/agenda-animations\/visite-a-la-lampe-torche-speciale-halloween-mythes-et-legendes-a-labatiale\/\" target=\"_blank\" rel=\"noreferrer noopener\">Mythen und Legenden der Abteikirche von Saint-Leu d'Esserent <\/a><\/strong>an die <strong>Schein der Taschenlampe<\/strong>&#8230;<br><br>Bereit f\u00fcr eine <strong>Horrorabend <\/strong>? Die <strong><a href=\"https:\/\/www.creilsudoise-tourisme.fr\/de\/loisirs\/cinema-pathe\/\">Path\u00e9 Montataire<\/a><\/strong> hat f\u00fcr Sie eine <strong><a href=\"https:\/\/www.creilsudoise-tourisme.fr\/de\/agenda-animations\/nuit-halloween-au-cinema-pathe\/\" target=\"_blank\" rel=\"noreferrer noopener\">spezielle Halloween-Nacht <\/a><\/strong>mit <strong>3 R\u00e4ume - 3 Stimmungen<\/strong> ! Der Platz ist in <strong>8\u20ac<\/strong> und es wird Animationen geben (Cosplays, VR,...) in einer <strong>Horroratmosph\u00e4re<\/strong>...<\/p>\n\n\n\n<h3>S\u00fc\u00dfes Halloween<\/h3>\n\n\n\n<p>\"Jack Skellington, <strong>K\u00fcrbisk\u00f6nig<\/strong> und <strong>Halloween-Stadtf\u00fchrer<\/strong>Seit Jahrhunderten hat er es satt, jedes Jahr die gleiche Halloween-Party vorzubereiten, und er ist gelangweilt. <strong>Traum<\/strong> von <strong>\u00c4nderung<\/strong>. Da kommt er auf die Idee, die <strong>Weihnachtsfeier<\/strong>...\": dann, <strong>das reizt Sie<\/strong> ? es ist perfekt: die <strong><a href=\"https:\/\/www.creil.fr\/la-maison-la-ville\" target=\"_blank\" rel=\"noreferrer noopener\">Stadthaus von Creil<\/a><\/strong> bietet Ihnen an <a href=\"https:\/\/www.creilsudoise-tourisme.fr\/de\/agenda-animations\/cinema-letrange-noel-de-monsieur-jack\/\" target=\"_blank\" rel=\"noreferrer noopener\"><strong>\"Mr. Jacks seltsame Weihnachten\"<\/strong><\/a>. <strong>G\u00e4nsehaut garantiert <\/strong>mit diesem signierten Film <strong>Tim Burton<\/strong>.<\/p>\n\n\n\n<p><\/p>\n\n\n\n<p>Die<strong><a href=\"https:\/\/www.villers-saint-paul.fr\/la-biblioth%C3%A8que-municipale-colette\" target=\"_blank\" rel=\"noreferrer noopener\"> Bibliothek Colette in Villers-Saint-Paul<\/a><\/strong> l\u00e4dt Kinder ab 5 Jahren zu einem <strong><a href=\"https:\/\/www.creilsudoise-tourisme.fr\/de\/agenda-animations\/un-spectacle-pour-halloween\/\" target=\"_blank\" rel=\"noreferrer noopener\">Nachmittag voller Lachen und G\u00e4nsehaut<\/a><\/strong> mit <strong>\"Fiasko f\u00fcr Schurken\"<\/strong>ein <strong>musikalisches M\u00e4rchen<\/strong>. Zwischen <strong>Rock<\/strong>, <strong>reggae<\/strong> und <strong>flamenco<\/strong>Die Erz\u00e4hlerin f\u00fchrt <strong>klein und gro\u00df<\/strong> in einem <strong>verr\u00fccktes Universum<\/strong> wo die <strong>B\u00f6sewichte<\/strong> der M\u00e4rchen sind nicht am <strong>in Bestform<\/strong>. Eine <strong>interaktive Show,<\/strong> <strong>lustig<\/strong> und <strong>rhythmisch<\/strong> f\u00fcr<strong> fr\u00f6steln mit der Familie<\/strong> ... und <strong>sanft enden <\/strong>mit <strong>angebotene S\u00fc\u00dfigkeiten<\/strong> an jeden kleinen Zuschauer! <strong>Kommen Sie verkleidet <\/strong>!<\/p>\n\n\n\n<p> <\/p>\n\n\n\n<p>Die <strong><a href=\"https:\/\/lesbibliothequesdemontataire.c3rb.org\/le-reseau\/toutes-les-mediatheques\/bibliotheque-elsa-triolet\" target=\"_blank\" rel=\"noreferrer noopener\">Bibliothek Elsa Triolet in Montataire<\/a><\/strong> bietet Ihnen <strong><a href=\"https:\/\/www.creilsudoise-tourisme.fr\/de\/agenda-animations\/activites-halloween-les-vacances-a-la-bibliotheque\/\" target=\"_blank\" rel=\"noreferrer noopener\">verschiedene Animationen<\/a><\/strong> in Verbindung mit<strong> Halloween<\/strong> : <strong>Videospiele<\/strong>, <strong>Kino<\/strong>, <strong>Lesung,<\/strong> <strong>Spiele<\/strong>, <strong>Erstellung<\/strong> von <strong>Hexenh\u00fcte<\/strong>, <strong>Ausschnitt <\/strong>von <strong>K\u00fcrbisse<\/strong>, <strong>Verkostung<\/strong> von <strong>Suppen<\/strong> ! Kurz gesagt, der <strong>perfektes Programm<\/strong> !<\/p>\n\n\n\n<p><br>F\u00fcr<strong> ruhiger Halloween feiern<\/strong>Die<strong> <a href=\"https:\/\/www.villers-saint-paul.fr\/\" target=\"_blank\" rel=\"noreferrer noopener\">Stadt Villers-Saint-Paul<\/a><\/strong> l\u00e4dt Sie zu seiner<strong><a href=\"https:\/\/www.creilsudoise-tourisme.fr\/de\/agenda-animations\/soiree-halloween\/\" target=\"_blank\" rel=\"noreferrer noopener\"> Halloweenparty<\/a><\/strong> offen <strong>an alle Generationen<\/strong> ! Nehmen Sie teil am<strong> Wettbewerb<\/strong> von <strong>beste Verkleidung<\/strong> mit <strong>Kategorien<\/strong> f\u00fcr <strong>Kinder<\/strong>, <strong>Erwachsene<\/strong> und<strong> Senioren<\/strong>. Eine<strong> DJ <\/strong>wird die<strong>musikalische Unterhaltung<\/strong> den ganzen Abend und eine <strong>Trinkhalle<\/strong> wird Ihnen zur Verf\u00fcgung stehen.<strong> Garantierte Stimmung f\u00fcr alle <\/strong>!<\/p>\n\n\n\n<p> <\/p>\n\n\n\n<p>Gro\u00df und Klein, kommen Sie<strong> fr\u00f6steln<\/strong> mit der<strong><a href=\"https:\/\/www.nogentsuroise.fr\/se-divertir\/culture\/la-mediatheque\" target=\"_blank\" rel=\"noreferrer noopener\"> Mediathek Maurice Schumann in Nogent-Sur-Oise<\/a><\/strong> mit einer<strong><a href=\"https:\/\/www.nogentsuroise.fr\/agenda\/1307-apres-midi-special-halloween\/2025-10-29-15-00\" target=\"_blank\" rel=\"noreferrer noopener\"> Filmvorf\u00fchrung und ein Kreativworkshop<\/a><\/strong> !<\/p>\n\n\n\n<p> <\/p>\n\n\n\n<p><strong>Erstellen<\/strong> der <strong><a href=\"https:\/\/www.creilsudoise-tourisme.fr\/de\/agenda-animations\/activites-manuelles-atelier-special-halloween\/\" target=\"_blank\" rel=\"noreferrer noopener\">Werke Ihrer kleinen H\u00e4nde<\/a><\/strong>Es folgt ein<strong> Snack<\/strong> ! Die Kinder gehen mit ihrem <strong>erschreckende Sch\u00f6pfung<\/strong>... <\/p>\n\n\n\n<p> <\/p>\n\n\n\n<p>Die <strong><a href=\"https:\/\/www.nogentsuroise.fr\/a-tout-age\/enfance-et-education\/ferme-pedagogique\" target=\"_blank\" rel=\"noreferrer noopener\">P\u00e4dagogischer Bauernhof in Nogent-sur-Oise<\/a><\/strong> geht auch in <strong><a href=\"https:\/\/www.creilsudoise-tourisme.fr\/de\/agenda-animations\/activites-halloween-peur-sur-la-ferme\/\" target=\"_blank\" rel=\"noreferrer noopener\">Terrormodus<\/a><\/strong> ! Auf dem Programm stehen:<strong> Animationen<\/strong>, <strong>Workshops<\/strong>,<strong> Spiele<\/strong>, <strong>Monsterjagd<\/strong>, <strong>Verteilung<\/strong> von <strong>Bonbons<\/strong> und <strong>Wettbewerb <\/strong>von <strong>beste Verkleidung<\/strong> !<\/p>\n\n\n\n<p><br>Schlie\u00dflich f\u00fcr die <strong>j\u00fcnger<\/strong>Die <strong><a href=\"https:\/\/www.saintmaximin.eu\/\" target=\"_blank\" rel=\"noreferrer noopener\">Stadt Saint-Maximin <\/a><\/strong>l\u00e4dt Sie ein zu <strong><a href=\"https:\/\/www.creilsudoise-tourisme.fr\/de\/agenda-animations\/activites-halloween-zombies-party\/\" target=\"_blank\" rel=\"noreferrer noopener\">Halloween feiern<\/a><\/strong> Weise <strong>ruhiger<\/strong> an die <strong><a href=\"https:\/\/www.creilsudoise-tourisme.fr\/de\/jexplore\/unumganglich\/steinhaus\/\">Steinhaus<\/a><\/strong> : <strong>St\u00e4nde<\/strong>,<strong> Animationen<\/strong>,<strong> Make-up<\/strong>, <strong>Nachmittagsjause und Zaubertrank<\/strong> ! Von <strong>Horrorspazierg\u00e4nge <\/strong>werden m\u00f6glich sein, um trotzdem <strong>sich ein bisschen erschrecken<\/strong> (3 bis 11 Jahre). Und ab 12 Jahren nehmen Sie am <strong>\"H\u00f6llenlabor\"<\/strong>ein <strong>Escape Game<\/strong> <strong>unter Zombiezwang<\/strong> <em>: schnell, geh weiter! Sie kommen!!!<\/em><\/p>\n\n\n\n<p><\/p>\n\n\n\n<p>Bereit f\u00fcr einen <strong>Halloween-Nachmittag <\/strong>? Die <strong><a href=\"https:\/\/www.creilsudoise-tourisme.fr\/de\/loisirs\/cinema-pathe\/\" target=\"_blank\" rel=\"noreferrer noopener\">Kino Path\u00e9 Montataire<\/a><\/strong> bietet Ihnen die Vorf\u00fchrung des <strong>Disney-Film<\/strong> \"\u00a0<strong>Coco<\/strong>\u00a0\", dem ein Schminkworkshop \"Dia de los muertos\" vorausgeht!<\/p>\n\n\n\n<h3>Aktivit\u00e4ten f\u00fcr Lupovicer(innen)<br><\/h3>\n\n\n\n<p>Endlich, <strong>nur f\u00fcr Lupocivianer\/innen<\/strong>Lassen Sie sich die Geschichte erz\u00e4hlen <strong><a href=\"https:\/\/www.creilsudoise-tourisme.fr\/de\/agenda-animations\/lecture-contes-dhalloween\/\" target=\"_blank\" rel=\"noreferrer noopener\">Halloween-M\u00e4rchen<\/a><\/strong> \" Igors verr\u00fccktes Experiment \"! ( Ab 5 Jahren), nehmen Sie an einem <strong><a href=\"https:\/\/www.creilsudoise-tourisme.fr\/de\/agenda-animations\/escape-game-dhalloween\/\" target=\"_blank\" rel=\"noreferrer noopener\">Escape Game<\/a><\/strong> an <strong>ehemalige St\u00e4lle<\/strong> der Stadt (ab 12 Jahren) oder <strong>kommen Sie mit der ganzen Familie<\/strong> oder <strong>unter Freunden<\/strong> an der <strong><a href=\"https:\/\/www.creilsudoise-tourisme.fr\/de\/agenda-animations\/cinema-projection-speciale-halloween\/\" target=\"_blank\" rel=\"noreferrer noopener\">Filmvorf\u00fchrung<\/a><\/strong> \" Chair de Poule 2: Die Geister von Halloween \"! Achtung, f\u00fcr diese 3 Animationen ist eine Reservierung erforderlich.<\/p>\n\n\n\n<h2>Kulturelle Aktivit\u00e4ten<\/h2>\n\n\n\n<h3>Musik<\/h3>\n\n\n\n<p>Sprechen Sie <strong>Musik<\/strong> ! Die<strong><a href=\"https:\/\/www.gam-creil.fr\/\" target=\"_blank\" rel=\"noreferrer noopener\"> Musikscheune<\/a><\/strong> bietet Ihnen einen <strong><a href=\"https:\/\/www.creilsudoise-tourisme.fr\/de\/agenda-animations\/concert-spectacle-jeune-public-malou-de-kawataro\/\" target=\"_blank\" rel=\"noreferrer noopener\">Konzertspektakel: Malou von Kawataro<\/a><\/strong>.<br>Zwischen<strong> Tagtraum <\/strong>und <strong>poetische Realit\u00e4t<\/strong>im Laufe von <strong>Lieder<\/strong> und von <strong>Erz\u00e4hlungen<\/strong>In der Regel folgt man einem <strong>neugieriger junger Entdecker <\/strong>der heranw\u00e4chst, lernt <strong>lieben<\/strong>, \u00e0 <strong>die Welt verstehen<\/strong> und sich <strong>sich selbst verstehen<\/strong>.<\/p>\n\n\n\n<div class=\"is-layout-flex wp-container-10 wp-block-columns\">\n<div class=\"is-layout-flow wp-block-column\" style=\"flex-basis:66.66%\">\n<p>Leitung<strong><a href=\"https:\/\/faiencerie-theatre.com\/\" target=\"_blank\" rel=\"noreferrer noopener\"> Die Fa\u00efencerie<\/a><\/strong> um an der <strong><a href=\"https:\/\/www.creilsudoise-tourisme.fr\/de\/agenda-animations\/mute\/\" target=\"_blank\" rel=\"noreferrer noopener\">MuTE-Spektakel<\/a><\/strong>ein <strong>Show<\/strong> von<strong> Tanz<\/strong> und von <strong>Elektromusik<\/strong> (ab 11 Jahren). Auf <strong>Rock- und Elektrotempos<\/strong>Die T\u00e4nzer und T\u00e4nzerinnen versprechen uns eine <strong>Abend ohne Kombi<\/strong> !<\/p>\n<\/div>\n\n\n\n<div class=\"is-layout-flow wp-block-column\" style=\"flex-basis:33.33%\">\n<figure class=\"wp-block-image size-large\"><img decoding=\"async\" loading=\"lazy\" width=\"1200\" height=\"800\" data-src=\"https:\/\/www.creilsudoise-tourisme.fr\/wp-content\/uploads\/wpetourisme\/MuTE---spect.-danse-17-10-2025---La-Ruse---Frederic-Iovino-2-1200x800.jpg\" alt=\"\" class=\"wp-image-63832\" data-srcset=\"https:\/\/www.creilsudoise-tourisme.fr\/wp-content\/uploads\/wpetourisme\/MuTE---spect.-danse-17-10-2025---La-Ruse---Frederic-Iovino-2-1200x800.jpg 1200w, https:\/\/www.creilsudoise-tourisme.fr\/wp-content\/uploads\/wpetourisme\/MuTE---spect.-danse-17-10-2025---La-Ruse---Frederic-Iovino-2-600x400.jpg 600w, https:\/\/www.creilsudoise-tourisme.fr\/wp-content\/uploads\/wpetourisme\/MuTE---spect.-danse-17-10-2025---La-Ruse---Frederic-Iovino-2-900x600.jpg 900w, https:\/\/www.creilsudoise-tourisme.fr\/wp-content\/uploads\/wpetourisme\/MuTE---spect.-danse-17-10-2025---La-Ruse---Frederic-Iovino-2-18x12.jpg 18w, https:\/\/www.creilsudoise-tourisme.fr\/wp-content\/uploads\/wpetourisme\/MuTE---spect.-danse-17-10-2025---La-Ruse---Frederic-Iovino-2-200x133.jpg 200w, https:\/\/www.creilsudoise-tourisme.fr\/wp-content\/uploads\/wpetourisme\/MuTE---spect.-danse-17-10-2025---La-Ruse---Frederic-Iovino-2-650x433.jpg 650w, https:\/\/www.creilsudoise-tourisme.fr\/wp-content\/uploads\/wpetourisme\/MuTE---spect.-danse-17-10-2025---La-Ruse---Frederic-Iovino-2-387x258.jpg 387w, https:\/\/www.creilsudoise-tourisme.fr\/wp-content\/uploads\/wpetourisme\/MuTE---spect.-danse-17-10-2025---La-Ruse---Frederic-Iovino-2.jpg 1500w\" sizes=\"(max-width: 1200px) 100vw, 1200px\" \/><figcaption class=\"wp-element-caption\">Die List - B\u00e9r\u00e9nice Legrand \/ MuTE<\/figcaption><\/figure>\n<\/div>\n<\/div>\n\n\n\n<h3>Videospiel<\/h3>\n\n\n\n<p>Bereit f\u00fcr einen <strong><a href=\"https:\/\/www.creilsudoise-tourisme.fr\/de\/agenda-animations\/loisirs-tournoi-de-jeux-videos\/\" target=\"_blank\" rel=\"noreferrer noopener\">Videospielturnier<\/a><\/strong> ? <strong>Komm schnell und fordere deine Freunde heraus<\/strong> ! Ab 7 Jahren, mit Anmeldung.<\/p>\n\n\n\n<h3>Escape Game<\/h3>\n\n\n\n<p>Die <strong><a href=\"https:\/\/www.creilsudoise-tourisme.fr\/de\/jexplore\/unumganglich\/musee-galle-juli\/\" target=\"_blank\" rel=\"noreferrer noopener\">Gall\u00e9-Museum Juli<\/a><\/strong> enth\u00fcllt einen <strong><a href=\"https:\/\/www.creilsudoise-tourisme.fr\/de\/agenda-animations\/escape-game-le-tresor-du-musee-galle-juillet\/\" target=\"_blank\" rel=\"noreferrer noopener\">neues Escape Game<\/a><\/strong> ?! Erreichen Sie in 60 Minuten<strong>\u00fcr den Schatz der Schleuse zu sammeln<\/strong> ! In <strong>1974 in Creil<\/strong> wird entdeckt am <strong>Schatzkammer der Schleuse<\/strong>. Bei den Ausgrabungen wurde ein Topf mit Gold <strong>verschwindet<\/strong>. Ihre <strong>Vorfahr <\/strong>ist der <strong>Dieb <\/strong>und seitdem eine <strong>Fluch trifft Ihre Familie<\/strong>. Heute sind Sie <strong>die einzigen<\/strong> zu k\u00f6nnen <strong>seine Fehler wiedergutmachen<\/strong>aber der <strong>die Zeit l\u00e4uft Ihnen davon <\/strong>: finden Sie den Goldtopf, <strong>bringen Sie den Schatz zusammen<\/strong> oder <strong>erdulden<\/strong> der Fluch<strong> f\u00fcr immer<\/strong> !<\/p>\n\n\n\n<h3>Lesen<\/h3>\n\n\n\n<p><strong>Bevorzugen Sie das Lesen? <\/strong>Richtung la <strong><a href=\"https:\/\/saint-vaast-les-mello-pom.c3rb.org\/\" target=\"_blank\" rel=\"noreferrer noopener\">Mediathek in Saint-Vaast-l\u00e8s-Mello<\/a> <\/strong>f\u00fcr einen <strong><a href=\"https:\/\/www.creilsudoise-tourisme.fr\/de\/agenda-animations\/lesen-teilen-wir-unsere-lesefreude\/\" target=\"_blank\" rel=\"noreferrer noopener\">Moment des Austauschs<\/a><\/strong> rund um Ihre Lekt\u00fcre mit <strong>Tee<\/strong> oder <strong>Kaffee<\/strong>. Und die<strong> gute Nachricht<\/strong> ? Auch <strong>nicht gelesen haben m\u00fcssen<\/strong> oder von<strong> das Wort ergreifen<\/strong> (ab 16 Jahren)!<br><\/p>\n\n\n\n<p><strong>Begeisterte Leser<\/strong>, <strong>gelegentlich neugierig<\/strong> oder <strong>kleine Seitenforscher<\/strong> : kommen<strong> einen Tag erleben<\/strong> gestellt unter dem<strong> Zeichen der Lesefreude<\/strong> und des <strong>Kulturaustausch<\/strong> mit der <strong><a href=\"https:\/\/www.creilsudoise-tourisme.fr\/de\/agenda-animations\/fete-du-livre\/\" target=\"_blank\" rel=\"noreferrer noopener\">Buchfest in Villers-Saint-Paul<\/a><\/strong> ! Auf<strong> Programm<\/strong> : <strong>Begegnungen<\/strong>, <strong>Animationen<\/strong>, <strong>Kreativworkshops<\/strong>, <strong>Vorlesungen<\/strong>, Auswahl <strong>Favoriten <\/strong>von Bibliothekaren und gut<strong> weitere \u00dcberraschungen<\/strong> f\u00fcr <strong>klein und gro\u00df<\/strong> !<\/p>\n\n\n\n<h3>Ausstellung<\/h3>\n\n\n\n<div class=\"is-layout-flex wp-container-13 wp-block-columns\">\n<div class=\"is-layout-flow wp-block-column\" style=\"flex-basis:33.33%\">\n<figure class=\"wp-block-image size-large\"><img decoding=\"async\" loading=\"lazy\" width=\"1200\" height=\"675\" data-src=\"https:\/\/www.creilsudoise-tourisme.fr\/wp-content\/uploads\/2021\/10\/Sortie-champignon-1200x675.jpg\" alt=\"Austritt Pilz\" class=\"wp-image-38426\" data-srcset=\"https:\/\/www.creilsudoise-tourisme.fr\/wp-content\/uploads\/2021\/10\/Sortie-champignon-1200x675.jpg 1200w, https:\/\/www.creilsudoise-tourisme.fr\/wp-content\/uploads\/2021\/10\/Sortie-champignon-600x338.jpg 600w, https:\/\/www.creilsudoise-tourisme.fr\/wp-content\/uploads\/2021\/10\/Sortie-champignon-900x506.jpg 900w, https:\/\/www.creilsudoise-tourisme.fr\/wp-content\/uploads\/2021\/10\/Sortie-champignon-1536x864.jpg 1536w, https:\/\/www.creilsudoise-tourisme.fr\/wp-content\/uploads\/2021\/10\/Sortie-champignon-200x113.jpg 200w, https:\/\/www.creilsudoise-tourisme.fr\/wp-content\/uploads\/2021\/10\/Sortie-champignon-650x366.jpg 650w, https:\/\/www.creilsudoise-tourisme.fr\/wp-content\/uploads\/2021\/10\/Sortie-champignon-387x218.jpg 387w, https:\/\/www.creilsudoise-tourisme.fr\/wp-content\/uploads\/2021\/10\/Sortie-champignon.jpg 1600w\" sizes=\"(max-width: 1200px) 100vw, 1200px\" \/><figcaption class=\"wp-element-caption\">Pilzausflug mit der mykologischen Gesellschaft von Montataire<\/figcaption><\/figure>\n<\/div>\n\n\n\n<div class=\"is-layout-flow wp-block-column\" style=\"flex-basis:66.66%\">\n<p><strong><a href=\"https:\/\/www.creilsudoise-tourisme.fr\/de\/agenda-animations\/exposition-47eme-edition-de-la-societe-mycologique-de-montataire\/\" target=\"_blank\" rel=\"noreferrer noopener\">Mykologische Ausstellung <\/a><\/strong>: Kommen Sie <strong>auf Entdeckungsreise<\/strong> von <strong>faszinierende Welt<\/strong> der<strong> Pilze <\/strong>! Und anl\u00e4sslich der<strong> 80 Jahre Verein<\/strong>, kommen Sie auch <strong>Exemplare vor Ort probieren<\/strong>.<\/p>\n<\/div>\n<\/div>\n\n\n\n<p><strong><a href=\"https:\/\/www.creilsudoise-tourisme.fr\/de\/agenda-animations\/exposition-raizes\/\" target=\"_blank\" rel=\"noreferrer noopener\">Ausstellung Ra\u00edzes<\/a><\/strong> : <strong>bewundern Sie<\/strong> die <strong>bunte Werke<\/strong> der<strong>bildende K\u00fcnstlerin<\/strong> <strong>Gabriela Ribeiro<\/strong> an die <a href=\"https:\/\/www.nogentsuroise.fr\/se-divertir\/culture\/la-mediatheque\" target=\"_blank\" rel=\"noreferrer noopener\"><strong>Robert-Schumann-Mediathek in Nogent-sur-Oise<\/strong>,<\/a> im Rahmen der Veranstaltung <strong>\"Destination Brasilien\".<\/strong><\/p>\n\n\n\n<p><\/p>\n\n\n\n<p> <strong><a href=\"https:\/\/www.creilsudoise-tourisme.fr\/de\/agenda-animations\/exposition-insectes-et-poesie\/\" target=\"_blank\" rel=\"noreferrer noopener\">Ausstellung Insekten und Poesie<\/a><\/strong> : <strong>wundere dich<\/strong> mit einer c<strong>ollektion von Insektenfotos<\/strong>. So verl\u00e4ngern Sie Ihren <strong>Erfahrung<\/strong>Die <strong><a href=\"https:\/\/saint-vaast-les-mello-pom.c3rb.org\/\" target=\"_blank\" rel=\"noreferrer noopener\">Mediathek in Saint-Vaast-l\u00e8s-Mello<\/a><\/strong> wollte es mit <strong>Poesie<\/strong> : Sie k\u00f6nnen sich also zus\u00e4tzlich<strong> verw\u00f6hnen<\/strong> von<strong> poetische Texte<\/strong> in Verbindung mit dem<strong>Insektenwelt<\/strong>.<\/p>\n\n\n\n<h3>Kino<\/h3>\n\n\n\n<p><strong><a href=\"https:\/\/www.creilsudoise-tourisme.fr\/de\/agenda-animations\/cinema-cine-villers-monstres-cie\/\" target=\"_blank\" rel=\"noreferrer noopener\">\"Monster &amp; Co.\"<\/a><\/strong> wird ausgestrahlt am <strong>Halloween-Abend<\/strong> \u00e0 <strong>Villers-Saint-Paul.<\/strong>  <em>Wen bevorzugen Sie zwischen Bob und Jacques?<\/em><br><br>Kommen Sie <strong><a href=\"https:\/\/www.creilsudoise-tourisme.fr\/de\/agenda-animations\/loisirs-cine-club-3\/\" target=\"_blank\" rel=\"noreferrer noopener\">Ihren Favoriten vorstellen<\/a><\/strong> des Monats und <strong>sich rund um die 7. Kunst austauschen<\/strong> an die <strong><a href=\"https:\/\/mediatheque.creil.fr\/\" target=\"_blank\" rel=\"noreferrer noopener\">Mediathek Antoine Chanut in Creil<\/a><\/strong> (ab 15 Jahren).<\/p>\n\n\n\n<h3>Urbane Kultur<\/h3>\n\n\n\n<p>Die<strong> 7. Ausgabe<\/strong> von <strong><a href=\"https:\/\/www.creilsudoise-tourisme.fr\/de\/agenda-animations\/handi-culturbaine\/\" target=\"_blank\" rel=\"noreferrer noopener\">Urban Handicult's<\/a><\/strong>, organisiert von der <strong><a href=\"https:\/\/www.nogentsuroise.fr\/\" target=\"_blank\" rel=\"noreferrer noopener\">Stadt Nogent-sur-Oise<\/a> <\/strong>ist <strong>zur\u00fcck<\/strong> ! Handicult'urbaine ist die <strong>Treffen<\/strong> zwischen dem <strong>Behinderung<\/strong> und die <strong>Stadtkultur<\/strong>. Sie finden von der <strong>Tanz<\/strong>vom <strong>Gesang<\/strong>vom <strong>Theater<\/strong> und <strong>Quiz<\/strong> !<\/p>\n\n\n\n<h2>Besuche<\/h2>\n\n\n\n<div class=\"is-layout-flex wp-container-16 wp-block-columns\">\n<div class=\"is-layout-flow wp-block-column\" style=\"flex-basis:66.66%\">\n<p>F\u00fcr die J\u00fcngsten (5-14 Jahre) ist die&nbsp;<strong><a href=\"https:\/\/www.creilsudoise-tourisme.fr\/de\/jexplore\/unumganglich\/clouterie-rivierre-3\/\" target=\"_blank\" rel=\"noreferrer noopener\">Nagelschmiede Rivierre<\/a><\/strong>&nbsp;in Creil bietet eine&nbsp;<strong><a href=\"https:\/\/www.creilsudoise-tourisme.fr\/de\/agenda-animations\/visite-et-atelier-creatif-a-la-clouterie-3\/\" target=\"_blank\" rel=\"noreferrer noopener\">spielerische Tour<\/a><\/strong>&nbsp;von seinem&nbsp;<strong>Fabrik<\/strong>gefolgt von einem&nbsp;<strong>Kreativwerkstatt<\/strong>&nbsp;um die <strong>N\u00e4gel<\/strong> In Begleitung eines Erwachsenen nimmt Ihr Kind sein eigenes Kind mit nach Hause.&nbsp;<strong>Erstellung<\/strong>&nbsp;!<\/p>\n<\/div>\n\n\n\n<div class=\"is-layout-flow wp-block-column\" style=\"flex-basis:33.33%\">\n<figure class=\"wp-block-image size-large\"><img decoding=\"async\" loading=\"lazy\" width=\"1200\" height=\"674\" data-src=\"https:\/\/www.creilsudoise-tourisme.fr\/wp-content\/uploads\/2023\/09\/Clouterie-Rivierre-Creil-\u00a9-Arnaud-Beauvois-Oise-Tourisme-2-1200x674.jpg\" alt=\"clouterie rivierre creil oise Familienf\u00fchrung Fabrik einzigartiges Know-how Unternehmen des lebendigen Kulturerbes Industrie Familie Kind Ausflug\" class=\"wp-image-49656\" data-srcset=\"https:\/\/www.creilsudoise-tourisme.fr\/wp-content\/uploads\/2023\/09\/Clouterie-Rivierre-Creil-\u00a9-Arnaud-Beauvois-Oise-Tourisme-2-1200x674.jpg 1200w, https:\/\/www.creilsudoise-tourisme.fr\/wp-content\/uploads\/2023\/09\/Clouterie-Rivierre-Creil-\u00a9-Arnaud-Beauvois-Oise-Tourisme-2-600x337.jpg 600w, https:\/\/www.creilsudoise-tourisme.fr\/wp-content\/uploads\/2023\/09\/Clouterie-Rivierre-Creil-\u00a9-Arnaud-Beauvois-Oise-Tourisme-2-900x505.jpg 900w, https:\/\/www.creilsudoise-tourisme.fr\/wp-content\/uploads\/2023\/09\/Clouterie-Rivierre-Creil-\u00a9-Arnaud-Beauvois-Oise-Tourisme-2-18x10.jpg 18w, https:\/\/www.creilsudoise-tourisme.fr\/wp-content\/uploads\/2023\/09\/Clouterie-Rivierre-Creil-\u00a9-Arnaud-Beauvois-Oise-Tourisme-2-200x112.jpg 200w, https:\/\/www.creilsudoise-tourisme.fr\/wp-content\/uploads\/2023\/09\/Clouterie-Rivierre-Creil-\u00a9-Arnaud-Beauvois-Oise-Tourisme-2-650x365.jpg 650w, https:\/\/www.creilsudoise-tourisme.fr\/wp-content\/uploads\/2023\/09\/Clouterie-Rivierre-Creil-\u00a9-Arnaud-Beauvois-Oise-Tourisme-2-387x217.jpg 387w, https:\/\/www.creilsudoise-tourisme.fr\/wp-content\/uploads\/2023\/09\/Clouterie-Rivierre-Creil-\u00a9-Arnaud-Beauvois-Oise-Tourisme-2.jpg 1480w\" sizes=\"(max-width: 1200px) 100vw, 1200px\" \/><figcaption class=\"wp-element-caption\">Arnaud Beauvois - Oise Tourisme<\/figcaption><\/figure>\n<\/div>\n<\/div>\n\n\n\n<div class=\"is-layout-flex wp-container-19 wp-block-columns\">\n<div class=\"is-layout-flow wp-block-column\" style=\"flex-basis:33.33%\">\n<figure class=\"wp-block-image size-large\"><img decoding=\"async\" loading=\"lazy\" width=\"1200\" height=\"675\" data-src=\"https:\/\/www.creilsudoise-tourisme.fr\/wp-content\/uploads\/2025\/10\/maison_pierre_visite-guidee_creil-sud-oise-tourisme-5_lumineuse_basseresolution-1200x675.jpg\" alt=\"Besuch;Steinbruch;Stein\" class=\"wp-image-65758\" data-srcset=\"https:\/\/www.creilsudoise-tourisme.fr\/wp-content\/uploads\/2025\/10\/maison_pierre_visite-guidee_creil-sud-oise-tourisme-5_lumineuse_basseresolution-1200x675.jpg 1200w, https:\/\/www.creilsudoise-tourisme.fr\/wp-content\/uploads\/2025\/10\/maison_pierre_visite-guidee_creil-sud-oise-tourisme-5_lumineuse_basseresolution-600x338.jpg 600w, https:\/\/www.creilsudoise-tourisme.fr\/wp-content\/uploads\/2025\/10\/maison_pierre_visite-guidee_creil-sud-oise-tourisme-5_lumineuse_basseresolution-900x506.jpg 900w, https:\/\/www.creilsudoise-tourisme.fr\/wp-content\/uploads\/2025\/10\/maison_pierre_visite-guidee_creil-sud-oise-tourisme-5_lumineuse_basseresolution-1536x864.jpg 1536w, https:\/\/www.creilsudoise-tourisme.fr\/wp-content\/uploads\/2025\/10\/maison_pierre_visite-guidee_creil-sud-oise-tourisme-5_lumineuse_basseresolution-18x10.jpg 18w, https:\/\/www.creilsudoise-tourisme.fr\/wp-content\/uploads\/2025\/10\/maison_pierre_visite-guidee_creil-sud-oise-tourisme-5_lumineuse_basseresolution-200x113.jpg 200w, https:\/\/www.creilsudoise-tourisme.fr\/wp-content\/uploads\/2025\/10\/maison_pierre_visite-guidee_creil-sud-oise-tourisme-5_lumineuse_basseresolution-1600x900.jpg 1600w, https:\/\/www.creilsudoise-tourisme.fr\/wp-content\/uploads\/2025\/10\/maison_pierre_visite-guidee_creil-sud-oise-tourisme-5_lumineuse_basseresolution-650x366.jpg 650w, https:\/\/www.creilsudoise-tourisme.fr\/wp-content\/uploads\/2025\/10\/maison_pierre_visite-guidee_creil-sud-oise-tourisme-5_lumineuse_basseresolution-387x218.jpg 387w, https:\/\/www.creilsudoise-tourisme.fr\/wp-content\/uploads\/2025\/10\/maison_pierre_visite-guidee_creil-sud-oise-tourisme-5_lumineuse_basseresolution.jpg 1920w\" sizes=\"(max-width: 1200px) 100vw, 1200px\" \/><figcaption class=\"wp-element-caption\">Creil Sud Oise Tourisme<\/figcaption><\/figure>\n<\/div>\n\n\n\n<div class=\"is-layout-flow wp-block-column\" style=\"flex-basis:66.66%\">\n<p>Verpassen Sie nicht <strong>die letzten Gelegenheiten<\/strong> von <strong><a href=\"https:\/\/www.creilsudoise-tourisme.fr\/de\/agenda-animations\/visite-guidee-de-la-maison-de-la-pierre-3\/\" target=\"_blank\" rel=\"noreferrer noopener\">den unterirdischen Steinbruch besuchen<\/a><\/strong> der <strong><a href=\"https:\/\/www.creilsudoise-tourisme.fr\/de\/jexplore\/unumganglich\/steinhaus\/\" target=\"_blank\" rel=\"noreferrer noopener\">Steinhaus<\/a><\/strong> ! Es bleibt<strong> 2 Sitzungen<\/strong> bevor sie <strong>in den Winterschlaf geht<\/strong>f\u00fcr eine geplante R\u00fcckkehr im <strong>n\u00e4chsten April<\/strong>. Folgen Sie dem <strong>Leitfaden <\/strong>der Ihnen die<strong>Geschichte<\/strong> dieser<strong> Karriere <\/strong>und wie die<strong> Stein wurde herausgezogen<\/strong> !<\/p>\n<\/div>\n<\/div>\n\n\n\n<p>Gehen Sie in <strong><a href=\"https:\/\/www.creilsudoise-tourisme.fr\/de\/agenda-animations\/balade-contee-participative-au-parc-de-la-breche\/\" target=\"_blank\" rel=\"noreferrer noopener\">M\u00e4rchenspaziergang<\/a><\/strong> f\u00fcr eine <strong>interaktives Abenteuer <\/strong>! Lassen Sie sich von der Geschichte von Calie und <strong>begeben Sie sich auf ein Abenteuer<\/strong> indem sie alle <strong>Herausforderungen<\/strong> ! Organisiert von der<strong>Tourismusb\u00fcro<\/strong>.<br><br>Folgen Sie einem <strong><a href=\"https:\/\/www.creilsudoise-tourisme.fr\/de\/agenda-animations\/rallye-encadre-a-la-decouverte-de-montataire\/\" target=\"_blank\" rel=\"noreferrer noopener\">Rallye-Spiel<\/a><\/strong> punktiert mit<strong>R\u00e4tsel <\/strong>und von<strong>historische Anekdoten<\/strong> \u00fcber die <strong>Stadt Montataire<\/strong> ! Auf einer 3 km langen Strecke werden die Kinder (7-11 Jahre) <strong>lernen mit Spa\u00df<\/strong>Die Eltern und Gro\u00dfeltern entdecken den<strong>unbekannte Geschichte<\/strong> der <strong>Stadt<\/strong> !  Organisiert von der<strong>Tourismusb\u00fcro<\/strong>.<\/p>\n\n\n\n<h2>Workshops<\/h2>\n\n\n\n<p>Die<strong>&nbsp;<a href=\"https:\/\/www.nogentsuroise.fr\/a-tout-age\/enfance-et-education\/ferme-pedagogique\" target=\"_blank\" rel=\"noreferrer noopener\">p\u00e4dagogischer Bauernhof La MASTE<\/a><\/strong>in Nogent-sur-Oise empf\u00e4ngt Sie zu folgenden Themen&nbsp;<a href=\"https:\/\/www.creilsudoise-tourisme.fr\/de\/agenda-animations\/bienvenue-a-la-ferme-pedagogique-de-la-maste-2\/\" target=\"_blank\" rel=\"noreferrer noopener\"><strong>die Tiere besuchen<\/strong><\/a> die nur darauf warten&nbsp;<strong>Sie<\/strong>&nbsp;um zu sein <strong>gestreichelt<\/strong> !<\/p>\n\n\n\n<p><\/p>\n\n\n\n<p>Erstellen Sie eine<strong>&nbsp;Werk Ihrer H\u00e4nde<\/strong>&nbsp;mit einem Praktikum von&nbsp;<strong><a href=\"https:\/\/www.creilsudoise-tourisme.fr\/de\/agenda-animations\/stage-sculpture-sur-pierre-3\/\" target=\"_blank\" rel=\"noreferrer noopener\">Steinbildhauerei<\/a><\/strong>&nbsp;von einem halben Tag bis zu 3 Tagen, im Maison de la Pierre in Saint-Maximin! Praktikum f\u00fcr Erwachsene und Kinder ab 8 Jahren. Gehen Sie mit der&nbsp;<strong>Skulptur<\/strong>&nbsp;die Sie haben werden&nbsp;<strong>selbst durchgef\u00fchrt<\/strong>.<\/p>\n\n\n\n<p><\/p>\n\n\n\n<p>Machen Sie ein 5-t\u00e4giges Praktikum (2 Stunden pro Tag), um <strong>ein Selbstportr\u00e4t erstellen<\/strong> nicht <strong>wie die anderen<\/strong>. <strong>Experimentieren Sie<\/strong> das Zeichnen auf verschiedenen <strong>Medien<\/strong>, <strong>Aspekte<\/strong>, <strong>Techniken<\/strong> und<strong> Einstellungen<\/strong> ! F\u00fcr Kinder von 7 bis 10 Jahren.<\/p>\n\n\n\n<h2>Und au\u00dferdem<\/h2>\n\n\n\n<p>Die <strong><a href=\"https:\/\/www.creilsudoise.fr\/petits-pas-grandes-histoires\/\" target=\"_blank\" rel=\"noreferrer noopener\">Kleinkinderfestival<\/a><\/strong> durch die<strong><a href=\"https:\/\/www.creilsudoise.fr\/\" target=\"_blank\" rel=\"noreferrer noopener\">Agglomeration Creil sud Oise<\/a><\/strong> bietet <strong>den ganzen Monat \u00fcber<\/strong> <strong>von Oktober<\/strong> ab Animationen f\u00fcr 0-5 Jahre : <strong>Ludothek<\/strong>, <strong>Ausstellungen<\/strong>, <strong>Workshops<\/strong>, <strong>Auff\u00fchrungen<\/strong>, <strong>Musikalisches Erwachen<\/strong>, <strong>Baby-Leser<\/strong>&#8230;<br><br>Die<strong><a href=\"https:\/\/www.creilsudoise-tourisme.fr\/de\/agenda-animations\/fete-foraine-dautomne-a-creil\/\" target=\"_blank\" rel=\"noreferrer noopener\"> Kirmes in Creil<\/a><\/strong> ist wieder f\u00fcr die <strong>Ferien<\/strong> !<br><br>Die<a href=\"https:\/\/www.creilsudoise-tourisme.fr\/de\/agenda-animations\/foire-aux-marrons\/\" target=\"_blank\" rel=\"noreferrer noopener\"> Kastanienmarkt<\/a> von Creil kehrt f\u00fcr seine <strong>814.<\/strong> Ausgabe (<em>als das?<\/em>) ! Treffen Sie sich im Stadtzentrum zu einer <strong>geselliger Tag<\/strong> und <strong>festlich<\/strong>.<\/p>\n\n\n\n<p><\/p>\n\n\n\n<hr class=\"wp-block-separator has-alpha-channel-opacity\"\/>\n\n\n\n<p class=\"has-text-align-center\">Wir w\u00fcnschen Ihnen <strong>sch\u00f6ne Ferien<\/strong> und von <strong>sch\u00f6ne Entdeckungen<\/strong> !<\/p>\n\n\n\n<hr class=\"wp-block-separator has-alpha-channel-opacity\"\/>\n\n\n\n<div class=\"is-content-justification-center is-layout-flex wp-container-20 wp-block-buttons\">\n<div class=\"wp-block-button\"><a class=\"wp-block-button__link wp-element-button\" href=\"https:\/\/www.creilsudoise-tourisme.fr\/de\/agenda\/\">ALLE AGENDA<\/a><\/div>\n<\/div>","protected":false},"excerpt":{"rendered":"<p>Der Herbst und seine h\u00fcbschen orangenen Farben sind da! Weil nicht nur schlechtes Wetter und Erk\u00e4ltungen Einzug halten, ist es Zeit, eine Serie nachzuholen oder ein gutes Buch unter seiner Lieblingsdecke zu lesen... aber vor allem ist es auch die Gelegenheit, mit Halloween gruselige Aktivit\u00e4ten zu entdecken [...].<\/p>","protected":false},"author":10,"featured_media":65743,"comment_status":"closed","ping_status":"closed","sticky":false,"template":"","format":"standard","meta":{"_relevanssi_hide_post":"","_relevanssi_hide_content":"","_relevanssi_pin_for_all":"","_relevanssi_pin_keywords":"","_relevanssi_unpin_keywords":"","_relevanssi_related_keywords":"","_relevanssi_related_include_ids":"","_relevanssi_related_exclude_ids":"","_relevanssi_related_no_append":"","_relevanssi_related_not_related":"","_relevanssi_related_posts":"43606,37317,58743,56025,37920,57870","_relevanssi_noindex_reason":""},"categories":[5],"tags":[],"yoast_head":"<!-- This site is optimized with the Yoast SEO plugin v20.2.1 - https:\/\/yoast.com\/wordpress\/plugins\/seo\/ -->\n<title>Activit\u00e9s pour les vacances de la Toussaint<\/title>\n<meta name=\"description\" content=\"D\u00e9couvrez les sorties \u00e0 faire en famille ou entre amis \u00e0 Creil Sud Oise, pr\u00e8s de Chantilly et Senlis, lors des vacances de la Toussaint.\" \/>\n<meta name=\"robots\" content=\"index, follow, max-snippet:-1, max-image-preview:large, max-video-preview:-1\" \/>\n<link rel=\"canonical\" href=\"https:\/\/www.creilsudoise-tourisme.fr\/de\/2025\/10\/09\/ferien-toussaint-2\/\" \/>\n<meta property=\"og:locale\" content=\"de_DE\" \/>\n<meta property=\"og:type\" content=\"article\" \/>\n<meta property=\"og:title\" content=\"Activit\u00e9s pour les vacances de la Toussaint\" \/>\n<meta property=\"og:description\" content=\"D\u00e9couvrez les sorties \u00e0 faire en famille ou entre amis \u00e0 Creil Sud Oise, pr\u00e8s de Chantilly et Senlis, lors des vacances de la Toussaint.\" \/>\n<meta property=\"og:url\" content=\"https:\/\/www.creilsudoise-tourisme.fr\/de\/2025\/10\/09\/ferien-toussaint-2\/\" \/>\n<meta property=\"og:site_name\" content=\"Office de Tourisme Creil Sud Oise\" \/>\n<meta property=\"article:publisher\" content=\"https:\/\/www.facebook.com\/creilsudoisetourisme\/\" \/>\n<meta property=\"article:published_time\" content=\"2025-10-09T10:12:59+00:00\" \/>\n<meta property=\"article:modified_time\" content=\"2025-11-04T11:22:39+00:00\" \/>\n<meta property=\"og:image\" content=\"https:\/\/www.creilsudoise-tourisme.fr\/wp-content\/uploads\/2025\/10\/Vacances-Toussaint-2025-1.jpg\" \/>\n\t<meta property=\"og:image:width\" content=\"1480\" \/>\n\t<meta property=\"og:image:height\" content=\"740\" \/>\n\t<meta property=\"og:image:type\" content=\"image\/jpeg\" \/>\n<meta name=\"author\" content=\"emilie\" \/>\n<meta name=\"twitter:card\" content=\"summary_large_image\" \/>\n<meta name=\"twitter:creator\" content=\"@CreilSudOiseOT\" \/>\n<meta name=\"twitter:site\" content=\"@CreilSudOiseOT\" \/>\n<meta name=\"twitter:label1\" content=\"Verfasst von\" \/>\n\t<meta name=\"twitter:data1\" content=\"emilie\" \/>\n\t<meta name=\"twitter:label2\" content=\"Gesch\u00e4tzte Lesezeit\" \/>\n\t<meta name=\"twitter:data2\" content=\"9\u00a0Minuten\" \/>\n<script type=\"application\/ld+json\" class=\"yoast-schema-graph\">{\"@context\":\"https:\/\/schema.org\",\"@graph\":[{\"@type\":\"Article\",\"@id\":\"https:\/\/www.creilsudoise-tourisme.fr\/2025\/10\/09\/vacances-toussaint-2\/#article\",\"isPartOf\":{\"@id\":\"https:\/\/www.creilsudoise-tourisme.fr\/2025\/10\/09\/vacances-toussaint-2\/\"},\"author\":{\"name\":\"emilie\",\"@id\":\"https:\/\/www.creilsudoise-tourisme.fr\/#\/schema\/person\/81a1ab3a236faa5508e8f47600a85072\"},\"headline\":\"Vacances de la Toussaint\",\"datePublished\":\"2025-10-09T10:12:59+00:00\",\"dateModified\":\"2025-11-04T11:22:39+00:00\",\"mainEntityOfPage\":{\"@id\":\"https:\/\/www.creilsudoise-tourisme.fr\/2025\/10\/09\/vacances-toussaint-2\/\"},\"wordCount\":1837,\"publisher\":{\"@id\":\"https:\/\/www.creilsudoise-tourisme.fr\/#organization\"},\"articleSection\":[\"Actus\"],\"inLanguage\":\"de\"},{\"@type\":\"WebPage\",\"@id\":\"https:\/\/www.creilsudoise-tourisme.fr\/2025\/10\/09\/vacances-toussaint-2\/\",\"url\":\"https:\/\/www.creilsudoise-tourisme.fr\/2025\/10\/09\/vacances-toussaint-2\/\",\"name\":\"Activit\u00e9s pour les vacances de la Toussaint\",\"isPartOf\":{\"@id\":\"https:\/\/www.creilsudoise-tourisme.fr\/#website\"},\"datePublished\":\"2025-10-09T10:12:59+00:00\",\"dateModified\":\"2025-11-04T11:22:39+00:00\",\"description\":\"D\u00e9couvrez les sorties \u00e0 faire en famille ou entre amis \u00e0 Creil Sud Oise, pr\u00e8s de Chantilly et Senlis, lors des vacances de la Toussaint.\",\"breadcrumb\":{\"@id\":\"https:\/\/www.creilsudoise-tourisme.fr\/2025\/10\/09\/vacances-toussaint-2\/#breadcrumb\"},\"inLanguage\":\"de\",\"potentialAction\":[{\"@type\":\"ReadAction\",\"target\":[\"https:\/\/www.creilsudoise-tourisme.fr\/2025\/10\/09\/vacances-toussaint-2\/\"]}]},{\"@type\":\"BreadcrumbList\",\"@id\":\"https:\/\/www.creilsudoise-tourisme.fr\/2025\/10\/09\/vacances-toussaint-2\/#breadcrumb\",\"itemListElement\":[{\"@type\":\"ListItem\",\"position\":1,\"name\":\"Accueil\",\"item\":\"https:\/\/www.creilsudoise-tourisme.fr\/\"},{\"@type\":\"ListItem\",\"position\":2,\"name\":\"Vacances de la Toussaint\"}]},{\"@type\":\"WebSite\",\"@id\":\"https:\/\/www.creilsudoise-tourisme.fr\/#website\",\"url\":\"https:\/\/www.creilsudoise-tourisme.fr\/\",\"name\":\"Office de Tourisme Creil Sud Oise\",\"description\":\"Creil Sud Oise Tourisme, un territoire \u00e0 explorer !\",\"publisher\":{\"@id\":\"https:\/\/www.creilsudoise-tourisme.fr\/#organization\"},\"potentialAction\":[{\"@type\":\"SearchAction\",\"target\":{\"@type\":\"EntryPoint\",\"urlTemplate\":\"https:\/\/www.creilsudoise-tourisme.fr\/?s={search_term_string}\"},\"query-input\":\"required name=search_term_string\"}],\"inLanguage\":\"de\"},{\"@type\":\"Organization\",\"@id\":\"https:\/\/www.creilsudoise-tourisme.fr\/#organization\",\"name\":\"Creil Sud Oise Tourisme\",\"url\":\"https:\/\/www.creilsudoise-tourisme.fr\/\",\"logo\":{\"@type\":\"ImageObject\",\"inLanguage\":\"de\",\"@id\":\"https:\/\/www.creilsudoise-tourisme.fr\/#\/schema\/logo\/image\/\",\"url\":\"https:\/\/www.creilsudoise-tourisme.fr\/wp-content\/uploads\/2021\/05\/logo-svg.png\",\"contentUrl\":\"https:\/\/www.creilsudoise-tourisme.fr\/wp-content\/uploads\/2021\/05\/logo-svg.png\",\"width\":182,\"height\":71,\"caption\":\"Creil Sud Oise Tourisme\"},\"image\":{\"@id\":\"https:\/\/www.creilsudoise-tourisme.fr\/#\/schema\/logo\/image\/\"},\"sameAs\":[\"https:\/\/www.facebook.com\/creilsudoisetourisme\/\",\"https:\/\/twitter.com\/CreilSudOiseOT\",\"https:\/\/www.instagram.com\/creilsudoisetourisme\/\",\"https:\/\/www.youtube.com\/channel\/UC8L_QD2wwyADW14zt9fY8kw\"]},{\"@type\":\"Person\",\"@id\":\"https:\/\/www.creilsudoise-tourisme.fr\/#\/schema\/person\/81a1ab3a236faa5508e8f47600a85072\",\"name\":\"emilie\",\"image\":{\"@type\":\"ImageObject\",\"inLanguage\":\"de\",\"@id\":\"https:\/\/www.creilsudoise-tourisme.fr\/#\/schema\/person\/image\/\",\"url\":\"https:\/\/secure.gravatar.com\/avatar\/63ed1ecafae1b27e36a71e8626bc354f?s=96&d=mm&r=g\",\"contentUrl\":\"https:\/\/secure.gravatar.com\/avatar\/63ed1ecafae1b27e36a71e8626bc354f?s=96&d=mm&r=g\",\"caption\":\"emilie\"},\"url\":\"https:\/\/www.creilsudoise-tourisme.fr\/de\/auteur\/emilie\/\"}]}<\/script>\n<!-- \/ Yoast SEO plugin. -->","yoast_head_json":{"title":"Activit\u00e9s pour les vacances de la Toussaint","description":"D\u00e9couvrez les sorties \u00e0 faire en famille ou entre amis \u00e0 Creil Sud Oise, pr\u00e8s de Chantilly et Senlis, lors des vacances de la Toussaint.","robots":{"index":"index","follow":"follow","max-snippet":"max-snippet:-1","max-image-preview":"max-image-preview:large","max-video-preview":"max-video-preview:-1"},"canonical":"https:\/\/www.creilsudoise-tourisme.fr\/de\/2025\/10\/09\/ferien-toussaint-2\/","og_locale":"de_DE","og_type":"article","og_title":"Activit\u00e9s pour les vacances de la Toussaint","og_description":"D\u00e9couvrez les sorties \u00e0 faire en famille ou entre amis \u00e0 Creil Sud Oise, pr\u00e8s de Chantilly et Senlis, lors des vacances de la Toussaint.","og_url":"https:\/\/www.creilsudoise-tourisme.fr\/de\/2025\/10\/09\/ferien-toussaint-2\/","og_site_name":"Office de Tourisme Creil Sud Oise","article_publisher":"https:\/\/www.facebook.com\/creilsudoisetourisme\/","article_published_time":"2025-10-09T10:12:59+00:00","article_modified_time":"2025-11-04T11:22:39+00:00","og_image":[{"width":1480,"height":740,"url":"https:\/\/www.creilsudoise-tourisme.fr\/wp-content\/uploads\/2025\/10\/Vacances-Toussaint-2025-1.jpg","type":"image\/jpeg"}],"author":"emilie","twitter_card":"summary_large_image","twitter_creator":"@CreilSudOiseOT","twitter_site":"@CreilSudOiseOT","twitter_misc":{"Verfasst von":"emilie","Gesch\u00e4tzte Lesezeit":"9\u00a0Minuten"},"schema":{"@context":"https:\/\/schema.org","@graph":[{"@type":"Article","@id":"https:\/\/www.creilsudoise-tourisme.fr\/2025\/10\/09\/vacances-toussaint-2\/#article","isPartOf":{"@id":"https:\/\/www.creilsudoise-tourisme.fr\/2025\/10\/09\/vacances-toussaint-2\/"},"author":{"name":"emilie","@id":"https:\/\/www.creilsudoise-tourisme.fr\/#\/schema\/person\/81a1ab3a236faa5508e8f47600a85072"},"headline":"Vacances de la Toussaint","datePublished":"2025-10-09T10:12:59+00:00","dateModified":"2025-11-04T11:22:39+00:00","mainEntityOfPage":{"@id":"https:\/\/www.creilsudoise-tourisme.fr\/2025\/10\/09\/vacances-toussaint-2\/"},"wordCount":1837,"publisher":{"@id":"https:\/\/www.creilsudoise-tourisme.fr\/#organization"},"articleSection":["Actus"],"inLanguage":"de"},{"@type":"WebPage","@id":"https:\/\/www.creilsudoise-tourisme.fr\/2025\/10\/09\/vacances-toussaint-2\/","url":"https:\/\/www.creilsudoise-tourisme.fr\/2025\/10\/09\/vacances-toussaint-2\/","name":"Activit\u00e9s pour les vacances de la Toussaint","isPartOf":{"@id":"https:\/\/www.creilsudoise-tourisme.fr\/#website"},"datePublished":"2025-10-09T10:12:59+00:00","dateModified":"2025-11-04T11:22:39+00:00","description":"D\u00e9couvrez les sorties \u00e0 faire en famille ou entre amis \u00e0 Creil Sud Oise, pr\u00e8s de Chantilly et Senlis, lors des vacances de la Toussaint.","breadcrumb":{"@id":"https:\/\/www.creilsudoise-tourisme.fr\/2025\/10\/09\/vacances-toussaint-2\/#breadcrumb"},"inLanguage":"de","potentialAction":[{"@type":"ReadAction","target":["https:\/\/www.creilsudoise-tourisme.fr\/2025\/10\/09\/vacances-toussaint-2\/"]}]},{"@type":"BreadcrumbList","@id":"https:\/\/www.creilsudoise-tourisme.fr\/2025\/10\/09\/vacances-toussaint-2\/#breadcrumb","itemListElement":[{"@type":"ListItem","position":1,"name":"Accueil","item":"https:\/\/www.creilsudoise-tourisme.fr\/"},{"@type":"ListItem","position":2,"name":"Vacances de la Toussaint"}]},{"@type":"WebSite","@id":"https:\/\/www.creilsudoise-tourisme.fr\/#website","url":"https:\/\/www.creilsudoise-tourisme.fr\/","name":"Office de Tourisme Creil Sud Oise","description":"Creil Sud Oise Tourisme, un territoire \u00e0 explorer !","publisher":{"@id":"https:\/\/www.creilsudoise-tourisme.fr\/#organization"},"potentialAction":[{"@type":"SearchAction","target":{"@type":"EntryPoint","urlTemplate":"https:\/\/www.creilsudoise-tourisme.fr\/?s={search_term_string}"},"query-input":"required name=search_term_string"}],"inLanguage":"de"},{"@type":"Organization","@id":"https:\/\/www.creilsudoise-tourisme.fr\/#organization","name":"Creil Sud Oise Tourisme","url":"https:\/\/www.creilsudoise-tourisme.fr\/","logo":{"@type":"ImageObject","inLanguage":"de","@id":"https:\/\/www.creilsudoise-tourisme.fr\/#\/schema\/logo\/image\/","url":"https:\/\/www.creilsudoise-tourisme.fr\/wp-content\/uploads\/2021\/05\/logo-svg.png","contentUrl":"https:\/\/www.creilsudoise-tourisme.fr\/wp-content\/uploads\/2021\/05\/logo-svg.png","width":182,"height":71,"caption":"Creil Sud Oise Tourisme"},"image":{"@id":"https:\/\/www.creilsudoise-tourisme.fr\/#\/schema\/logo\/image\/"},"sameAs":["https:\/\/www.facebook.com\/creilsudoisetourisme\/","https:\/\/twitter.com\/CreilSudOiseOT","https:\/\/www.instagram.com\/creilsudoisetourisme\/","https:\/\/www.youtube.com\/channel\/UC8L_QD2wwyADW14zt9fY8kw"]},{"@type":"Person","@id":"https:\/\/www.creilsudoise-tourisme.fr\/#\/schema\/person\/81a1ab3a236faa5508e8f47600a85072","name":"emilie","image":{"@type":"ImageObject","inLanguage":"de","@id":"https:\/\/www.creilsudoise-tourisme.fr\/#\/schema\/person\/image\/","url":"https:\/\/secure.gravatar.com\/avatar\/63ed1ecafae1b27e36a71e8626bc354f?s=96&d=mm&r=g","contentUrl":"https:\/\/secure.gravatar.com\/avatar\/63ed1ecafae1b27e36a71e8626bc354f?s=96&d=mm&r=g","caption":"emilie"},"url":"https:\/\/www.creilsudoise-tourisme.fr\/de\/auteur\/emilie\/"}]}},"_links":{"self":[{"href":"https:\/\/www.creilsudoise-tourisme.fr\/de\/wp-json\/wp\/v2\/posts\/65722"}],"collection":[{"href":"https:\/\/www.creilsudoise-tourisme.fr\/de\/wp-json\/wp\/v2\/posts"}],"about":[{"href":"https:\/\/www.creilsudoise-tourisme.fr\/de\/wp-json\/wp\/v2\/types\/post"}],"author":[{"embeddable":true,"href":"https:\/\/www.creilsudoise-tourisme.fr\/de\/wp-json\/wp\/v2\/users\/10"}],"replies":[{"embeddable":true,"href":"https:\/\/www.creilsudoise-tourisme.fr\/de\/wp-json\/wp\/v2\/comments?post=65722"}],"version-history":[{"count":42,"href":"https:\/\/www.creilsudoise-tourisme.fr\/de\/wp-json\/wp\/v2\/posts\/65722\/revisions"}],"predecessor-version":[{"id":65913,"href":"https:\/\/www.creilsudoise-tourisme.fr\/de\/wp-json\/wp\/v2\/posts\/65722\/revisions\/65913"}],"wp:featuredmedia":[{"embeddable":true,"href":"https:\/\/www.creilsudoise-tourisme.fr\/de\/wp-json\/wp\/v2\/media\/65743"}],"wp:attachment":[{"href":"https:\/\/www.creilsudoise-tourisme.fr\/de\/wp-json\/wp\/v2\/media?parent=65722"}],"wp:term":[{"taxonomy":"category","embeddable":true,"href":"https:\/\/www.creilsudoise-tourisme.fr\/de\/wp-json\/wp\/v2\/categories?post=65722"},{"taxonomy":"post_tag","embeddable":true,"href":"https:\/\/www.creilsudoise-tourisme.fr\/de\/wp-json\/wp\/v2\/tags?post=65722"}],"curies":[{"name":"wp","href":"https:\/\/api.w.org\/{rel}","templated":true}]}}