{"id":63226,"date":"2025-06-26T14:14:18","date_gmt":"2025-06-26T12:14:18","guid":{"rendered":"https:\/\/www.creilsudoise-tourisme.fr\/?p=63226"},"modified":"2025-10-08T10:32:34","modified_gmt":"2025-10-08T08:32:34","slug":"vacances-ete","status":"publish","type":"post","link":"https:\/\/www.creilsudoise-tourisme.fr\/de\/2025\/06\/26\/sommerferien\/","title":{"rendered":"Es sind Sommerferien!"},"content":{"rendered":"<p><\/p>\n\n\n\n<p class=\"is-style-excerpt\"><strong>Es ist soweit: Endlich Ferien! <\/strong>Egal, ob Sie in der Oise wohnen oder auf der Durchreise sind, diesen Sommer gibt es genug zu tun! Finden Sie unten unsere Auswahl an Aktivit\u00e4ten.<\/p>\n\n\n\n<h2>Programm der \"Es ist Sommer\"-St\u00e4dte<\/h2>\n\n\n\n<h3>In Villers-Saint-Paul<\/h3>\n\n\n\n<p><strong>H\u00fcpfburgen, Gesellschaftsspiele, Sportanimationen, Basteln, Smoothie-Bar<\/strong>, Herstellung von <strong>Naturkosmetik<\/strong>, <strong>gemeinsames Essen<\/strong> und <strong>tanzend<\/strong>,<strong> Konzert, Freiluftkino und Ausstellung<\/strong> <strong>partizipativ <\/strong>auf <strong>die Geschichte von Villers-Saint-Paul<\/strong> (<em>nur das<\/em>) bietet Villers-Saint-Paul im Rahmen von \"?\u00a0<strong><a href=\"https:\/\/www.villers-saint-paul.fr\/actualite\/mon-%C3%A9t%C3%A9-%C3%A0-villers-2025\" target=\"_blank\" rel=\"noreferrer noopener\">Mein Sommer in Villers<\/a><\/strong>\u00a0\" ! Es werden auch Ausfl\u00fcge au\u00dferhalb der Stadt organisiert. <strong>Reservierung empfohlen<\/strong> !<\/p>\n\n\n\n<h3>In Creil<\/h3>\n\n\n\n<p>Die Stadt <strong>Creil<\/strong> bietet wie jedes Jahr <strong>Sommer<\/strong>Die meisten Menschen in Creillois haben keine Ahnung, was sie tun sollen, <strong><a href=\"https:\/\/www.creil.fr\/actualites\/programme-des-vacances-ete-service-jeunesse?fbclid=IwY2xjawLHjhZleHRuA2FlbQIxMABicmlkETFDRlJuVkcxTTg5S3NPdktrAR4FpJBFLZ6BSyAHm_PVjxeZvC2qFNqD0efv6tceZfsWUhJVTfsRPek47CG5ew_aem_v2KCwwUn8wmJubPSrMGAeA\" target=\"_blank\" rel=\"noreferrer noopener\">Ausfl\u00fcge au\u00dferhalb der Stadt <\/a><\/strong> um zu erm\u00f6glichen <strong>reisen<\/strong>. <strong>Reservierung empfohlen<\/strong> !<\/p>\n\n\n\n<h3>In Montataire<\/h3>\n\n\n\n<p><strong>Sport <\/strong>(Basketball, Gymnastik, Tennis, Fu\u00dfball), <strong>Kuchenworkshop, gro\u00dfe Teestunde, Party<\/strong> des Sozialzentrums zum Thema<strong>Asien<\/strong>, <strong>Kulturerbe-Rallye, Freiluftkino, Zeichenkurs, Reitnachmittag, N\u00e4hen, Zaubern, Spielenachmittag, Gartenarbeit<\/strong>und<strong>andere Aktivit\u00e4ten<\/strong> Sie mit der Stadt <strong>Montataire<\/strong> f\u00fcr <strong><a href=\"https:\/\/mairie-montataire.fr\/app\/uploads\/2025\/06\/QE2025-progA5-BD-planche.pdf\" target=\"_blank\" rel=\"noreferrer noopener\">den Sommer genie\u00dfen<\/a><\/strong> ! Von <strong>Aufenthalte au\u00dferhalb der Stadt <\/strong>sind ebenfalls vorgesehen. <strong>Reservierung empfohlen<\/strong> !<br><\/p>\n\n\n\n<h2>Workshops aller Art<\/h2>\n\n\n\n<h3>Steinbildhauerei<\/h3>\n\n\n\n<p>Die <strong>Steinbildhauerei<\/strong> reizt Sie das? Das trifft sich gut, <a href=\"https:\/\/www.creilsudoise-tourisme.fr\/de\/jexplore\/unumganglich\/steinhaus\/\"><strong>das Steinhaus<\/strong><\/a> bietet von Mittwoch bis Freitag<strong> Einf\u00fchrungen<\/strong> w\u00e4hrend des<strong>es 2 Monate Urlaub<\/strong> ! <em>Sie haben keine Ausrede mehr...<\/em> Sie bietet auch<strong> <a href=\"https:\/\/www.creilsudoise-tourisme.fr\/de\/agenda-animations\/stage-sculpture-sur-pierre-2\/\" target=\"_blank\" rel=\"noreferrer noopener\">Praktika von einem halben Tag bis zu drei Tagen<\/a><\/strong> ! <em>Wo kann man buchen?<\/em><\/p>\n\n\n\n<figure class=\"is-layout-flex wp-block-gallery-1 wp-block-gallery has-nested-images columns-default is-cropped\">\n<figure class=\"wp-block-image size-large\"><img decoding=\"async\" loading=\"lazy\" width=\"800\" height=\"1200\" data-id=\"45089\"  data-src=\"https:\/\/www.creilsudoise-tourisme.fr\/wp-content\/uploads\/2023\/02\/155_Maison-de-la-Pierre\u00a92022_Smellinckx-800x1200.jpg\" alt=\"Steinbildhauerei-Workshop im Maison de la Pierre (Haus des Steins)\" class=\"wp-image-45089\" data-srcset=\"https:\/\/www.creilsudoise-tourisme.fr\/wp-content\/uploads\/2023\/02\/155_Maison-de-la-Pierre\u00a92022_Smellinckx-800x1200.jpg 800w, https:\/\/www.creilsudoise-tourisme.fr\/wp-content\/uploads\/2023\/02\/155_Maison-de-la-Pierre\u00a92022_Smellinckx-400x600.jpg 400w, https:\/\/www.creilsudoise-tourisme.fr\/wp-content\/uploads\/2023\/02\/155_Maison-de-la-Pierre\u00a92022_Smellinckx-600x900.jpg 600w, https:\/\/www.creilsudoise-tourisme.fr\/wp-content\/uploads\/2023\/02\/155_Maison-de-la-Pierre\u00a92022_Smellinckx-1024x1536.jpg 1024w, https:\/\/www.creilsudoise-tourisme.fr\/wp-content\/uploads\/2023\/02\/155_Maison-de-la-Pierre\u00a92022_Smellinckx-8x12.jpg 8w, https:\/\/www.creilsudoise-tourisme.fr\/wp-content\/uploads\/2023\/02\/155_Maison-de-la-Pierre\u00a92022_Smellinckx-200x300.jpg 200w, https:\/\/www.creilsudoise-tourisme.fr\/wp-content\/uploads\/2023\/02\/155_Maison-de-la-Pierre\u00a92022_Smellinckx-650x975.jpg 650w, https:\/\/www.creilsudoise-tourisme.fr\/wp-content\/uploads\/2023\/02\/155_Maison-de-la-Pierre\u00a92022_Smellinckx-282x424.jpg 282w, https:\/\/www.creilsudoise-tourisme.fr\/wp-content\/uploads\/2023\/02\/155_Maison-de-la-Pierre\u00a92022_Smellinckx-387x581.jpg 387w, https:\/\/www.creilsudoise-tourisme.fr\/wp-content\/uploads\/2023\/02\/155_Maison-de-la-Pierre\u00a92022_Smellinckx.jpg 1280w\" sizes=\"(max-width: 800px) 100vw, 800px\" \/><figcaption class=\"wp-element-caption\">Creil Sud Oise Tourisme<\/figcaption><\/figure>\n\n\n\n<figure class=\"wp-block-image size-large\"><img decoding=\"async\" loading=\"lazy\" width=\"1200\" height=\"800\" data-id=\"59267\"  data-src=\"https:\/\/www.creilsudoise-tourisme.fr\/wp-content\/uploads\/wpetourisme\/Sculpture-sur-pierre-1-1200x800.jpg\" alt=\"\" class=\"wp-image-59267\" data-srcset=\"https:\/\/www.creilsudoise-tourisme.fr\/wp-content\/uploads\/wpetourisme\/Sculpture-sur-pierre-1-1200x800.jpg 1200w, https:\/\/www.creilsudoise-tourisme.fr\/wp-content\/uploads\/wpetourisme\/Sculpture-sur-pierre-1-600x400.jpg 600w, https:\/\/www.creilsudoise-tourisme.fr\/wp-content\/uploads\/wpetourisme\/Sculpture-sur-pierre-1-900x600.jpg 900w, https:\/\/www.creilsudoise-tourisme.fr\/wp-content\/uploads\/wpetourisme\/Sculpture-sur-pierre-1-1536x1024.jpg 1536w, https:\/\/www.creilsudoise-tourisme.fr\/wp-content\/uploads\/wpetourisme\/Sculpture-sur-pierre-1-18x12.jpg 18w, https:\/\/www.creilsudoise-tourisme.fr\/wp-content\/uploads\/wpetourisme\/Sculpture-sur-pierre-1-200x133.jpg 200w, https:\/\/www.creilsudoise-tourisme.fr\/wp-content\/uploads\/wpetourisme\/Sculpture-sur-pierre-1-650x433.jpg 650w, https:\/\/www.creilsudoise-tourisme.fr\/wp-content\/uploads\/wpetourisme\/Sculpture-sur-pierre-1-387x258.jpg 387w, https:\/\/www.creilsudoise-tourisme.fr\/wp-content\/uploads\/wpetourisme\/Sculpture-sur-pierre-1.jpg 1600w\" sizes=\"(max-width: 1200px) 100vw, 1200px\" \/><figcaption class=\"wp-element-caption\">Creil Sud Oise Tourisme<\/figcaption><\/figure>\n\n\n\n<figure class=\"wp-block-image size-large\"><img decoding=\"async\" loading=\"lazy\" width=\"1200\" height=\"725\" data-id=\"34654\"  data-src=\"https:\/\/www.creilsudoise-tourisme.fr\/wp-content\/uploads\/2021\/05\/Stage-de-sculpture-sur-pierre-a-la-Maison-de-la-Pierre-a-Saint-Maximin-1200x725.jpg\" alt=\"Ein Steinbildhauerkurs in der Maison de la Pierre in Saint-Maximin\" class=\"wp-image-34654\" data-srcset=\"https:\/\/www.creilsudoise-tourisme.fr\/wp-content\/uploads\/2021\/05\/Stage-de-sculpture-sur-pierre-a-la-Maison-de-la-Pierre-a-Saint-Maximin-1200x725.jpg 1200w, https:\/\/www.creilsudoise-tourisme.fr\/wp-content\/uploads\/2021\/05\/Stage-de-sculpture-sur-pierre-a-la-Maison-de-la-Pierre-a-Saint-Maximin-600x362.jpg 600w, https:\/\/www.creilsudoise-tourisme.fr\/wp-content\/uploads\/2021\/05\/Stage-de-sculpture-sur-pierre-a-la-Maison-de-la-Pierre-a-Saint-Maximin-900x543.jpg 900w, https:\/\/www.creilsudoise-tourisme.fr\/wp-content\/uploads\/2021\/05\/Stage-de-sculpture-sur-pierre-a-la-Maison-de-la-Pierre-a-Saint-Maximin-1536x927.jpg 1536w, https:\/\/www.creilsudoise-tourisme.fr\/wp-content\/uploads\/2021\/05\/Stage-de-sculpture-sur-pierre-a-la-Maison-de-la-Pierre-a-Saint-Maximin-200x121.jpg 200w, https:\/\/www.creilsudoise-tourisme.fr\/wp-content\/uploads\/2021\/05\/Stage-de-sculpture-sur-pierre-a-la-Maison-de-la-Pierre-a-Saint-Maximin-650x392.jpg 650w, https:\/\/www.creilsudoise-tourisme.fr\/wp-content\/uploads\/2021\/05\/Stage-de-sculpture-sur-pierre-a-la-Maison-de-la-Pierre-a-Saint-Maximin-416x251.jpg 416w, https:\/\/www.creilsudoise-tourisme.fr\/wp-content\/uploads\/2021\/05\/Stage-de-sculpture-sur-pierre-a-la-Maison-de-la-Pierre-a-Saint-Maximin-387x234.jpg 387w, https:\/\/www.creilsudoise-tourisme.fr\/wp-content\/uploads\/2021\/05\/Stage-de-sculpture-sur-pierre-a-la-Maison-de-la-Pierre-a-Saint-Maximin.jpg 1600w\" sizes=\"(max-width: 1200px) 100vw, 1200px\" \/><figcaption class=\"wp-element-caption\">Creil Sud Oise Tourisme<\/figcaption><\/figure>\n\n\n\n<figure class=\"wp-block-image size-large\"><img decoding=\"async\" loading=\"lazy\" width=\"1200\" height=\"800\" data-id=\"61272\"  data-src=\"https:\/\/www.creilsudoise-tourisme.fr\/wp-content\/uploads\/wpetourisme\/Maison-Pierre-Saint-Maximin-Smellinckx-Oise-Tourisme--41--1200x800.jpg\" alt=\"\" class=\"wp-image-61272\" data-srcset=\"https:\/\/www.creilsudoise-tourisme.fr\/wp-content\/uploads\/wpetourisme\/Maison-Pierre-Saint-Maximin-Smellinckx-Oise-Tourisme--41--1200x800.jpg 1200w, https:\/\/www.creilsudoise-tourisme.fr\/wp-content\/uploads\/wpetourisme\/Maison-Pierre-Saint-Maximin-Smellinckx-Oise-Tourisme--41--600x400.jpg 600w, https:\/\/www.creilsudoise-tourisme.fr\/wp-content\/uploads\/wpetourisme\/Maison-Pierre-Saint-Maximin-Smellinckx-Oise-Tourisme--41--900x600.jpg 900w, https:\/\/www.creilsudoise-tourisme.fr\/wp-content\/uploads\/wpetourisme\/Maison-Pierre-Saint-Maximin-Smellinckx-Oise-Tourisme--41--1536x1024.jpg 1536w, https:\/\/www.creilsudoise-tourisme.fr\/wp-content\/uploads\/wpetourisme\/Maison-Pierre-Saint-Maximin-Smellinckx-Oise-Tourisme--41--2048x1365.jpg 2048w, https:\/\/www.creilsudoise-tourisme.fr\/wp-content\/uploads\/wpetourisme\/Maison-Pierre-Saint-Maximin-Smellinckx-Oise-Tourisme--41--18x12.jpg 18w, https:\/\/www.creilsudoise-tourisme.fr\/wp-content\/uploads\/wpetourisme\/Maison-Pierre-Saint-Maximin-Smellinckx-Oise-Tourisme--41--200x133.jpg 200w, https:\/\/www.creilsudoise-tourisme.fr\/wp-content\/uploads\/wpetourisme\/Maison-Pierre-Saint-Maximin-Smellinckx-Oise-Tourisme--41--650x433.jpg 650w, https:\/\/www.creilsudoise-tourisme.fr\/wp-content\/uploads\/wpetourisme\/Maison-Pierre-Saint-Maximin-Smellinckx-Oise-Tourisme--41--387x258.jpg 387w\" sizes=\"(max-width: 1200px) 100vw, 1200px\" \/><\/figure>\n<\/figure>\n\n\n\n<h3>Kreative Werkstatt<\/h3>\n\n\n\n<p>Die <strong><a href=\"https:\/\/www.creilsudoise-tourisme.fr\/de\/jexplore\/unumganglich\/\" target=\"_blank\" rel=\"noreferrer noopener\">Nagelschmiede Rivierre<\/a><\/strong> in Creil bietet eine <a href=\"https:\/\/www.creilsudoise-tourisme.fr\/de\/agenda-animations\/visite-et-atelier-creatif-a-la-clouterie\/\" target=\"_blank\" rel=\"noreferrer noopener\"><strong>spielerische Tour<\/strong><\/a> von seinem <strong>Fabrik<\/strong>gefolgt von einem <strong>Kreativwerkstatt<\/strong> rund um den Nagel: In Begleitung eines Erwachsenen geht Ihr Kind mit seinem eigenen <strong>Erstellung<\/strong> ! Wer wei\u00df, von <strong>Berufungen<\/strong> vielleicht geboren werden?<\/p>\n\n\n\n<figure class=\"is-layout-flex wp-block-gallery-3 wp-block-gallery has-nested-images columns-default is-cropped\">\n<figure class=\"wp-block-image size-large\"><img decoding=\"async\" loading=\"lazy\" width=\"1200\" height=\"674\" data-id=\"49750\"  data-src=\"https:\/\/www.creilsudoise-tourisme.fr\/wp-content\/uploads\/wpetourisme\/Clouterie-Rivierre-Creil-Visite-guidee-Oise-Tourisme--2--1200x674.jpg\" alt=\"\" class=\"wp-image-49750\" data-srcset=\"https:\/\/www.creilsudoise-tourisme.fr\/wp-content\/uploads\/wpetourisme\/Clouterie-Rivierre-Creil-Visite-guidee-Oise-Tourisme--2--1200x674.jpg 1200w, https:\/\/www.creilsudoise-tourisme.fr\/wp-content\/uploads\/wpetourisme\/Clouterie-Rivierre-Creil-Visite-guidee-Oise-Tourisme--2--600x337.jpg 600w, https:\/\/www.creilsudoise-tourisme.fr\/wp-content\/uploads\/wpetourisme\/Clouterie-Rivierre-Creil-Visite-guidee-Oise-Tourisme--2--900x505.jpg 900w, https:\/\/www.creilsudoise-tourisme.fr\/wp-content\/uploads\/wpetourisme\/Clouterie-Rivierre-Creil-Visite-guidee-Oise-Tourisme--2--18x10.jpg 18w, https:\/\/www.creilsudoise-tourisme.fr\/wp-content\/uploads\/wpetourisme\/Clouterie-Rivierre-Creil-Visite-guidee-Oise-Tourisme--2--200x112.jpg 200w, https:\/\/www.creilsudoise-tourisme.fr\/wp-content\/uploads\/wpetourisme\/Clouterie-Rivierre-Creil-Visite-guidee-Oise-Tourisme--2--650x365.jpg 650w, https:\/\/www.creilsudoise-tourisme.fr\/wp-content\/uploads\/wpetourisme\/Clouterie-Rivierre-Creil-Visite-guidee-Oise-Tourisme--2--387x217.jpg 387w, https:\/\/www.creilsudoise-tourisme.fr\/wp-content\/uploads\/wpetourisme\/Clouterie-Rivierre-Creil-Visite-guidee-Oise-Tourisme--2-.JPG 1364w\" sizes=\"(max-width: 1200px) 100vw, 1200px\" \/><\/figure>\n\n\n\n<figure class=\"wp-block-image size-large\"><img decoding=\"async\" loading=\"lazy\" width=\"1200\" height=\"674\" data-id=\"49746\"  data-src=\"https:\/\/www.creilsudoise-tourisme.fr\/wp-content\/uploads\/wpetourisme\/Clouterie-Rivierre-Creil-Visite-guidee-Oise-Tourisme--3--1200x674.jpg\" alt=\"\" class=\"wp-image-49746\" data-srcset=\"https:\/\/www.creilsudoise-tourisme.fr\/wp-content\/uploads\/wpetourisme\/Clouterie-Rivierre-Creil-Visite-guidee-Oise-Tourisme--3--1200x674.jpg 1200w, https:\/\/www.creilsudoise-tourisme.fr\/wp-content\/uploads\/wpetourisme\/Clouterie-Rivierre-Creil-Visite-guidee-Oise-Tourisme--3--600x337.jpg 600w, https:\/\/www.creilsudoise-tourisme.fr\/wp-content\/uploads\/wpetourisme\/Clouterie-Rivierre-Creil-Visite-guidee-Oise-Tourisme--3--900x505.jpg 900w, https:\/\/www.creilsudoise-tourisme.fr\/wp-content\/uploads\/wpetourisme\/Clouterie-Rivierre-Creil-Visite-guidee-Oise-Tourisme--3--18x10.jpg 18w, https:\/\/www.creilsudoise-tourisme.fr\/wp-content\/uploads\/wpetourisme\/Clouterie-Rivierre-Creil-Visite-guidee-Oise-Tourisme--3--200x112.jpg 200w, https:\/\/www.creilsudoise-tourisme.fr\/wp-content\/uploads\/wpetourisme\/Clouterie-Rivierre-Creil-Visite-guidee-Oise-Tourisme--3--650x365.jpg 650w, https:\/\/www.creilsudoise-tourisme.fr\/wp-content\/uploads\/wpetourisme\/Clouterie-Rivierre-Creil-Visite-guidee-Oise-Tourisme--3--387x217.jpg 387w, https:\/\/www.creilsudoise-tourisme.fr\/wp-content\/uploads\/wpetourisme\/Clouterie-Rivierre-Creil-Visite-guidee-Oise-Tourisme--3-.JPG 1364w\" sizes=\"(max-width: 1200px) 100vw, 1200px\" \/><\/figure>\n<\/figure>\n\n\n\n<h3>Auf Entdeckungsreise zu den Tieren<\/h3>\n\n\n\n<p><a href=\"https:\/\/www.creilsudoise-tourisme.fr\/de\/agenda-animations\/stage-a-la-ferme-pedagogique\/\" target=\"_blank\" rel=\"noreferrer noopener\">Entdecken Sie das Leben auf einem Bauernhof<\/a> durch Teilnahme an <strong>Pflege<\/strong> und<strong> F\u00fctterung<\/strong> von Tieren mit der <a href=\"https:\/\/www.nogentsuroise.fr\/a-tout-age\/enfance-et-education\/ferme-pedagogique\" target=\"_blank\" rel=\"noreferrer noopener\">P\u00e4dagogischer Bauernhof in Nogent-sur-Oise<\/a> und machen Sie einen Ausflug in ein Reitzentrum <strong>bei der Begegnung mit Ponys und Pferden<\/strong> !<\/p>\n\n\n\n<p><\/p>\n\n\n\n<h3>Spaziergang mit dem kleinen Zug<\/h3>\n\n\n\n<p>F\u00fcr eine <strong><a href=\"https:\/\/www.creilsudoise-tourisme.fr\/de\/agenda-animations\/loisirs-les-petits-trains-dans-le-parc-de-la-breche-5\/\" target=\"_blank\" rel=\"noreferrer noopener\">Fahrt mit dem kleinen Zug im Parc de la Br\u00e8che in Villers-Saint-Paul<\/a><\/strong>Hier geht's lang! Veranstaltung <strong>unumg\u00e4nglich<\/strong> der Villersois und Oisiens in der N\u00e4he, die Ihnen einen <strong>Moment des Wiedersehens mit der Familie<\/strong>.<\/p>\n\n\n\n<figure class=\"is-layout-flex wp-block-gallery-5 wp-block-gallery has-nested-images columns-default is-cropped\">\n<figure class=\"wp-block-image size-large\"><img decoding=\"async\" loading=\"lazy\" width=\"1200\" height=\"731\" data-id=\"63355\"  data-src=\"https:\/\/www.creilsudoise-tourisme.fr\/wp-content\/uploads\/2025\/06\/442428580_999325178866983_6880691649542027331_n-1200x731.jpg\" alt=\"Zug Villers-Saint-Paul\" class=\"wp-image-63355\" data-srcset=\"https:\/\/www.creilsudoise-tourisme.fr\/wp-content\/uploads\/2025\/06\/442428580_999325178866983_6880691649542027331_n-1200x731.jpg 1200w, https:\/\/www.creilsudoise-tourisme.fr\/wp-content\/uploads\/2025\/06\/442428580_999325178866983_6880691649542027331_n-600x366.jpg 600w, https:\/\/www.creilsudoise-tourisme.fr\/wp-content\/uploads\/2025\/06\/442428580_999325178866983_6880691649542027331_n-900x549.jpg 900w, https:\/\/www.creilsudoise-tourisme.fr\/wp-content\/uploads\/2025\/06\/442428580_999325178866983_6880691649542027331_n-1536x936.jpg 1536w, https:\/\/www.creilsudoise-tourisme.fr\/wp-content\/uploads\/2025\/06\/442428580_999325178866983_6880691649542027331_n-18x12.jpg 18w, https:\/\/www.creilsudoise-tourisme.fr\/wp-content\/uploads\/2025\/06\/442428580_999325178866983_6880691649542027331_n-200x122.jpg 200w, https:\/\/www.creilsudoise-tourisme.fr\/wp-content\/uploads\/2025\/06\/442428580_999325178866983_6880691649542027331_n-650x396.jpg 650w, https:\/\/www.creilsudoise-tourisme.fr\/wp-content\/uploads\/2025\/06\/442428580_999325178866983_6880691649542027331_n-387x236.jpg 387w, https:\/\/www.creilsudoise-tourisme.fr\/wp-content\/uploads\/2025\/06\/442428580_999325178866983_6880691649542027331_n.jpg 1854w\" sizes=\"(max-width: 1200px) 100vw, 1200px\" \/><figcaption class=\"wp-element-caption\">Villers-Saint-Paul<\/figcaption><\/figure>\n\n\n\n<figure class=\"wp-block-image size-large\"><img decoding=\"async\" loading=\"lazy\" width=\"1200\" height=\"616\" data-id=\"63354\"  data-src=\"https:\/\/www.creilsudoise-tourisme.fr\/wp-content\/uploads\/2025\/06\/444923854_999325182200316_764945890767617903_n-1200x616.jpg\" alt=\"Zug Villers-Saint-Paul\" class=\"wp-image-63354\" data-srcset=\"https:\/\/www.creilsudoise-tourisme.fr\/wp-content\/uploads\/2025\/06\/444923854_999325182200316_764945890767617903_n-1200x616.jpg 1200w, https:\/\/www.creilsudoise-tourisme.fr\/wp-content\/uploads\/2025\/06\/444923854_999325182200316_764945890767617903_n-600x308.jpg 600w, https:\/\/www.creilsudoise-tourisme.fr\/wp-content\/uploads\/2025\/06\/444923854_999325182200316_764945890767617903_n-900x462.jpg 900w, https:\/\/www.creilsudoise-tourisme.fr\/wp-content\/uploads\/2025\/06\/444923854_999325182200316_764945890767617903_n-1536x789.jpg 1536w, https:\/\/www.creilsudoise-tourisme.fr\/wp-content\/uploads\/2025\/06\/444923854_999325182200316_764945890767617903_n-18x9.jpg 18w, https:\/\/www.creilsudoise-tourisme.fr\/wp-content\/uploads\/2025\/06\/444923854_999325182200316_764945890767617903_n-200x103.jpg 200w, https:\/\/www.creilsudoise-tourisme.fr\/wp-content\/uploads\/2025\/06\/444923854_999325182200316_764945890767617903_n-650x334.jpg 650w, https:\/\/www.creilsudoise-tourisme.fr\/wp-content\/uploads\/2025\/06\/444923854_999325182200316_764945890767617903_n-387x199.jpg 387w, https:\/\/www.creilsudoise-tourisme.fr\/wp-content\/uploads\/2025\/06\/444923854_999325182200316_764945890767617903_n.jpg 2048w\" sizes=\"(max-width: 1200px) 100vw, 1200px\" \/><figcaption class=\"wp-element-caption\">Villers-Saint-Paul<\/figcaption><\/figure>\n<\/figure>\n\n\n<div class=\"wp-block-image\">\n<figure class=\"aligncenter size-full\"><img decoding=\"async\" loading=\"lazy\" width=\"601\" height=\"319\" data-src=\"https:\/\/www.creilsudoise-tourisme.fr\/wp-content\/uploads\/2025\/06\/442424007_999325148866986_6373676804258733364_n.jpg\" alt=\"Zug Villers-Saint-Paul\" class=\"wp-image-63353\" data-srcset=\"https:\/\/www.creilsudoise-tourisme.fr\/wp-content\/uploads\/2025\/06\/442424007_999325148866986_6373676804258733364_n.jpg 601w, https:\/\/www.creilsudoise-tourisme.fr\/wp-content\/uploads\/2025\/06\/442424007_999325148866986_6373676804258733364_n-18x10.jpg 18w, https:\/\/www.creilsudoise-tourisme.fr\/wp-content\/uploads\/2025\/06\/442424007_999325148866986_6373676804258733364_n-200x106.jpg 200w, https:\/\/www.creilsudoise-tourisme.fr\/wp-content\/uploads\/2025\/06\/442424007_999325148866986_6373676804258733364_n-387x205.jpg 387w\" sizes=\"(max-width: 601px) 100vw, 601px\" \/><\/figure><\/div>\n\n\n<p><\/p>\n\n\n\n<h3>Spielenachmittag<\/h3>\n\n\n\n<p>Die <a href=\"https:\/\/www.saintleudesserent.fr\/mediatheque-saint-leu-60\" target=\"_blank\" rel=\"noreferrer noopener\">Mediathek in Saint-Leu d'Esserent<\/a> bietet Ihnen \"\u00a0<a href=\"https:\/\/www.creilsudoise-tourisme.fr\/de\/agenda-animations\/activites-ludiques-les-jeudis-du-jeu\/\" target=\"_blank\" rel=\"noreferrer noopener\"><strong>Die Donnerstagsspiele der Mediathek<\/strong><\/a>\u00a0\" ! Ein Konzept <strong>klar und pr\u00e4zise<\/strong> : Spiele (Holzspiele, Riesenspiele, originelle Spiele und Sportspiele) im Freien und in Innenr\u00e4umen <strong>jeden Donnerstagnachmittag im Juli<\/strong> !<br><br>Die <strong><a href=\"https:\/\/www.creilsudoise-tourisme.fr\/de\/jexplore\/unumganglich\/musee-galle-juli\/\">Gall\u00e9-Juillet-Museum<\/a><\/strong> met <strong>zur Verf\u00fcgung<a href=\"https:\/\/www.creilsudoise-tourisme.fr\/de\/agenda-animations\/les-jeux-anciens-du-musee\/\" target=\"_blank\" rel=\"noreferrer noopener\"> alte Spiele<\/a><\/strong> in seinem Garten. <strong>Genie\u00dfe<\/strong>z eines<strong> angenehme Umgebung<\/strong> um sich zu am\u00fcsieren e<strong>n Familie<\/strong> oder <strong>unter Freunden<\/strong> !<\/p>\n\n\n\n<h3>Kunst, Geschichte und Wissenschaft in der MASTE<\/h3>\n\n\n\n<p>Schlie\u00dflich ist die <strong><a href=\"https:\/\/www.nogentsuroise.fr\/a-tout-age\/enfance-et-education\/la-mast\" target=\"_blank\" rel=\"noreferrer noopener\">MASTE<\/a><\/strong> hat Sie <strong>ausgeheckt<\/strong>  ein Praktikum des <strong><a href=\"https:\/\/www.creilsudoise-tourisme.fr\/de\/agenda-animations\/ateliers-stage-des-savants-fous-sur-le-moyen-age\/\" target=\"_blank\" rel=\"noreferrer noopener\">Verr\u00fcckte Savants \u00fcber das Mittelalter<\/a><\/strong> : und wenn Ihr Kind <strong>ging in der Zeit zur\u00fcck<\/strong> f\u00fcr <strong>entdecken<\/strong> die <strong>Geheimnisse<\/strong> der <strong>Gelehrte<\/strong> von<strong> Mittelalter<\/strong> ? Durch <strong>immersive Workshops<\/strong> und <strong>spielerisch<\/strong>Er wird die<strong>Kunst <\/strong>von <strong>die Alchemie,<\/strong> wird seinen <strong>eigenes Wappen<\/strong>Die <strong>Kalligraphie<\/strong> und wird in die <strong>Techniken <\/strong>der <strong>Baumeister<\/strong> ! Ein Programm <strong>charg\u00e9<\/strong> um zu werden <strong>un\u00fcbersichtlich<\/strong> zu diesem Thema!<\/p>\n\n\n\n<h3>Escape Game<\/h3>\n\n\n\n<p>F\u00fcr die <strong>Teens<\/strong> (ab 12 Jahren) und Erwachsene, die <strong><a href=\"https:\/\/www.saintleudesserent.fr\/\">Stadt Saint-Leu d'Esserent<\/a><\/strong> organisiert einen <strong><a href=\"https:\/\/www.facebook.com\/photo\/?fbid=1142976067862864&amp;set=a.618221620338314\" target=\"_blank\" rel=\"noreferrer noopener\">Escape Game<\/a><\/strong>.<\/p>\n\n\n\n<p><strong>Tauchen Sie ein<\/strong> in einer <strong>fesselnde Untersuchung<\/strong> durch die <strong>vergessene Sch\u00e4tze <\/strong>von Saint-Leu-d'Esserent zu finden! Ein Arch\u00e4ologe der Ausgrabungen von 1955 h\u00e4tte<strong> ein wertvolles Gut entwendet<\/strong> \u00c0 <strong>Sie <\/strong>von r<strong>\u00f6sung von R\u00e4tseln<\/strong> f\u00fcr die<strong>e finden<\/strong> ! Und au\u00dferdem <strong>eine Belohnung wartet auf Sie<\/strong> !<br>Mehrere<strong> Daten<\/strong> und <strong>Zeitnischen<\/strong> verf\u00fcgbar.<\/p>\n\n\n\n<h2>Kultur<\/h2>\n\n\n\n<p><\/p>\n\n\n\n<h3>Bibliotheken und Mediatheken<\/h3>\n\n\n\n<p>Die <a href=\"https:\/\/www.saintmaximin.eu\/bibliotheque-et-catalogue\" target=\"_blank\" rel=\"noreferrer noopener\">Bibliothek in Saint-Maximin<\/a> gibt Ihnen <strong>Termin<\/strong> jeden Mittwoch f\u00fcr <strong><a href=\"https:\/\/www.creilsudoise-tourisme.fr\/de\/agenda-animations\/lecture-histoires-en-plein-air-2\/\" target=\"_blank\" rel=\"noreferrer noopener\">Lesemomente im Freien<\/a><\/strong> ! Was gibt es Besseres als <strong>in der Natur lesen<\/strong> ?<br><br>Die <strong><a href=\"https:\/\/mediatheque.creil.fr\/\" target=\"_blank\" rel=\"noreferrer noopener\">Mediatheken in Creil<\/a><\/strong> erwarten Sie f\u00fcr <a href=\"https:\/\/mediatheque.creil.fr\/a-vos-agendas-\" target=\"_blank\" rel=\"noreferrer noopener\">eine Vielzahl von Aktivit\u00e4ten<\/a>, wie: des <strong>M\u00e4rchen<\/strong>Die <strong>Gesellschaftsspiele<\/strong> (<em>viel<\/em>), des <strong>Kino<\/strong>Die <strong>Teile von Werwolf<\/strong>Die <strong>Leseclubs<\/strong>Die <strong>Einf\u00fchrungen in<\/strong> <strong>Schach<\/strong> und <strong>digitale Workshops<\/strong> ! Sie werden sich nicht langweilen mit den <strong>Mediatheken in Creil<\/strong> !<\/p>\n\n\n\n<div class=\"is-layout-flex wp-container-9 wp-block-columns\">\n<div class=\"is-layout-flow wp-block-column\" style=\"flex-basis:33.33%\">\n<figure class=\"wp-block-image size-large\"><img decoding=\"async\" loading=\"lazy\" width=\"900\" height=\"1200\" data-src=\"https:\/\/www.creilsudoise-tourisme.fr\/wp-content\/uploads\/2025\/06\/2965930-2-900x1200.jpg\" alt=\"\" class=\"wp-image-63360\" data-srcset=\"https:\/\/www.creilsudoise-tourisme.fr\/wp-content\/uploads\/2025\/06\/2965930-2-900x1200.jpg 900w, https:\/\/www.creilsudoise-tourisme.fr\/wp-content\/uploads\/2025\/06\/2965930-2-450x600.jpg 450w, https:\/\/www.creilsudoise-tourisme.fr\/wp-content\/uploads\/2025\/06\/2965930-2-675x900.jpg 675w, https:\/\/www.creilsudoise-tourisme.fr\/wp-content\/uploads\/2025\/06\/2965930-2-1152x1536.jpg 1152w, https:\/\/www.creilsudoise-tourisme.fr\/wp-content\/uploads\/2025\/06\/2965930-2-9x12.jpg 9w, https:\/\/www.creilsudoise-tourisme.fr\/wp-content\/uploads\/2025\/06\/2965930-2-200x267.jpg 200w, https:\/\/www.creilsudoise-tourisme.fr\/wp-content\/uploads\/2025\/06\/2965930-2-650x867.jpg 650w, https:\/\/www.creilsudoise-tourisme.fr\/wp-content\/uploads\/2025\/06\/2965930-2-387x516.jpg 387w, https:\/\/www.creilsudoise-tourisme.fr\/wp-content\/uploads\/2025\/06\/2965930-2.jpg 1200w\" sizes=\"(max-width: 900px) 100vw, 900px\" \/><\/figure>\n<\/div>\n\n\n\n<div class=\"is-layout-flow wp-block-column\" style=\"flex-basis:66.66%\">\n<h3>Kino unter freiem Himmel<\/h3>\n\n\n\n<p><\/p>\n\n\n\n<p>Ausstrahlung des<a href=\"https:\/\/www.creilsudoise-tourisme.fr\/de\/agenda-animations\/cine-plein-air-un-ptit-truc-en-plus\/\" target=\"_blank\" rel=\"noreferrer noopener\"> <strong>Film \"Un p'tit truc en plus\" (Ein bisschen mehr)<\/strong><\/a> im Parc H\u00e9bert von <strong>Nogent-sur-Oise<\/strong>. Eine <strong>foodtruck<\/strong> wird anwesend sein (<em>was kann man mehr verlangen?<\/em>)<\/p>\n<\/div>\n<\/div>\n\n\n\n<div class=\"is-layout-flex wp-container-12 wp-block-columns\">\n<div class=\"is-layout-flow wp-block-column is-vertically-aligned-center\" style=\"flex-basis:66.66%\">\n<p class=\"has-text-align-left\">Die Stadt Creil schl\u00e4gt Ihnen vor, den<a href=\"https:\/\/www.creilsudoise-tourisme.fr\/de\/agenda-animations\/creil-cest-lete-cine-plein-air\/\" target=\"_blank\" rel=\"noreferrer noopener\"> <strong>Film \"Der K\u00f6nig der L\u00f6wen\"<\/strong><\/a>&nbsp;! (<em>Auch wir wollen diese ber\u00fchmte Szene nicht sehen...<\/em>)<br><br>Die Stadt Creil sendet <strong>ein anderer Film<\/strong> in <strong>Freiluft<\/strong> am 20. August und es ist in <strong>SIE<\/strong> von <a href=\"https:\/\/jeparticipe.creil.fr\/...\/presentation\/presentation\" target=\"_blank\" rel=\"noreferrer noopener\">stimmen Sie f\u00fcr den <strong>Filmauswahl<\/strong><\/a> ! Wird es also \"Flow\", \"Top Gun\" oder \"Asterix und Obelix: Mission Kleopatra\" sein? Sie haben bis zum 1. August Zeit!<\/p>\n<\/div>\n\n\n\n<div class=\"is-layout-flow wp-block-column\" style=\"flex-basis:33.33%\">\n<figure class=\"wp-block-image size-full\"><img decoding=\"async\" loading=\"lazy\" width=\"602\" height=\"862\" data-src=\"https:\/\/www.creilsudoise-tourisme.fr\/wp-content\/uploads\/2025\/07\/roi-lion.png\" alt=\"\" class=\"wp-image-63872\" data-srcset=\"https:\/\/www.creilsudoise-tourisme.fr\/wp-content\/uploads\/2025\/07\/roi-lion.png 602w, https:\/\/www.creilsudoise-tourisme.fr\/wp-content\/uploads\/2025\/07\/roi-lion-419x600.png 419w, https:\/\/www.creilsudoise-tourisme.fr\/wp-content\/uploads\/2025\/07\/roi-lion-8x12.png 8w, https:\/\/www.creilsudoise-tourisme.fr\/wp-content\/uploads\/2025\/07\/roi-lion-200x286.png 200w, https:\/\/www.creilsudoise-tourisme.fr\/wp-content\/uploads\/2025\/07\/roi-lion-387x554.png 387w\" sizes=\"(max-width: 602px) 100vw, 602px\" \/><\/figure>\n<\/div>\n<\/div>\n\n\n\n<div class=\"is-layout-flex wp-container-15 wp-block-columns\">\n<div class=\"is-layout-flow wp-block-column\" style=\"flex-basis:33.33%\">\n<figure class=\"wp-block-image size-full\"><img decoding=\"async\" loading=\"lazy\" width=\"310\" height=\"420\" data-src=\"https:\/\/www.creilsudoise-tourisme.fr\/wp-content\/uploads\/2025\/07\/f5f2447c4246e42eb3e69040605d7cf1.jpg\" alt=\"\" class=\"wp-image-63996\" data-srcset=\"https:\/\/www.creilsudoise-tourisme.fr\/wp-content\/uploads\/2025\/07\/f5f2447c4246e42eb3e69040605d7cf1.jpg 310w, https:\/\/www.creilsudoise-tourisme.fr\/wp-content\/uploads\/2025\/07\/f5f2447c4246e42eb3e69040605d7cf1-9x12.jpg 9w, https:\/\/www.creilsudoise-tourisme.fr\/wp-content\/uploads\/2025\/07\/f5f2447c4246e42eb3e69040605d7cf1-200x271.jpg 200w\" sizes=\"(max-width: 310px) 100vw, 310px\" \/><\/figure>\n<\/div>\n\n\n\n<div class=\"is-layout-flow wp-block-column is-vertically-aligned-center\" style=\"flex-basis:66.66%\">\n<p>Die <a href=\"https:\/\/www.villers-saint-paul.fr\/\" target=\"_blank\" rel=\"noreferrer noopener\">Gemeinde<strong> aus Villers-Saint-Paul<\/strong><\/a> l\u00e4dt Sie ein, (wieder) zu entdecken <a href=\"https:\/\/www.villers-saint-paul.fr\/agenda\" target=\"_blank\" rel=\"noreferrer noopener\">\"Mufasa: Der K\u00f6nig der L\u00f6wen\"<\/a> von Barry Jenkins!<\/p>\n<\/div>\n<\/div>\n\n\n\n<div class=\"is-layout-flex wp-container-18 wp-block-columns are-vertically-aligned-center\">\n<div class=\"is-layout-flow wp-block-column is-vertically-aligned-center\" style=\"flex-basis:66.66%\">\n<p>Im Rahmen des <strong>Projekt<\/strong> <strong>\"Kultur und Stadterneuerung\",<\/strong> in Partnerschaft mit <strong>1001 Vies Habitat<\/strong>Kommen Sie <strong>genie\u00dfen<\/strong> einer <strong><a href=\"https:\/\/www.creilsudoise-tourisme.fr\/de\/agenda-animations\/spectacle-et-cinema-en-plein-air\/\" target=\"_blank\" rel=\"noreferrer noopener\">festlicher Sp\u00e4tnachmittag<\/a> <\/strong>und <strong>gesellig<\/strong> mit einem<strong> Show<\/strong> (von der Compagnie du Fer \u00e0 Coudre), gefolgt von einer <strong>Freiluftkino<\/strong> mit dem<strong> Animationsfilm<\/strong> \"\u00a0<strong>Flow<\/strong>\u00a0\" !<\/p>\n<\/div>\n\n\n\n<div class=\"is-layout-flow wp-block-column is-vertically-aligned-center\" style=\"flex-basis:33.33%\">\n<figure class=\"wp-block-image size-large\"><img decoding=\"async\" loading=\"lazy\" width=\"900\" height=\"1200\" data-src=\"https:\/\/www.creilsudoise-tourisme.fr\/wp-content\/uploads\/2025\/08\/flow_affiche_web_fc-900x1200.jpg\" alt=\"\" class=\"wp-image-64499\" data-srcset=\"https:\/\/www.creilsudoise-tourisme.fr\/wp-content\/uploads\/2025\/08\/flow_affiche_web_fc-900x1200.jpg 900w, https:\/\/www.creilsudoise-tourisme.fr\/wp-content\/uploads\/2025\/08\/flow_affiche_web_fc-450x600.jpg 450w, https:\/\/www.creilsudoise-tourisme.fr\/wp-content\/uploads\/2025\/08\/flow_affiche_web_fc-675x900.jpg 675w, https:\/\/www.creilsudoise-tourisme.fr\/wp-content\/uploads\/2025\/08\/flow_affiche_web_fc-1152x1536.jpg 1152w, https:\/\/www.creilsudoise-tourisme.fr\/wp-content\/uploads\/2025\/08\/flow_affiche_web_fc-9x12.jpg 9w, https:\/\/www.creilsudoise-tourisme.fr\/wp-content\/uploads\/2025\/08\/flow_affiche_web_fc-200x267.jpg 200w, https:\/\/www.creilsudoise-tourisme.fr\/wp-content\/uploads\/2025\/08\/flow_affiche_web_fc-650x867.jpg 650w, https:\/\/www.creilsudoise-tourisme.fr\/wp-content\/uploads\/2025\/08\/flow_affiche_web_fc-387x516.jpg 387w, https:\/\/www.creilsudoise-tourisme.fr\/wp-content\/uploads\/2025\/08\/flow_affiche_web_fc.jpg 1440w\" sizes=\"(max-width: 900px) 100vw, 900px\" \/><\/figure>\n<\/div>\n<\/div>\n\n\n\n<h3>Gef\u00fchrter Rundgang<\/h3>\n\n\n\n<p>Eher f\u00fcr Erwachsene, eine <strong><a href=\"https:\/\/www.creilsudoise-tourisme.fr\/de\/agenda-animations\/visite-guidee-de-leglise-saint-pierre-et-saint-paul\/\" target=\"_blank\" rel=\"noreferrer noopener\">F\u00fchrung durch die Kirche Saint-Pierre et Saint-Paul<\/a><\/strong> von <strong>Nicolas Bilot<\/strong>, Arch\u00e4ologe bei <strong><a href=\"https:\/\/aquilon-decouverte.com\/\" target=\"_blank\" rel=\"noreferrer noopener\">Aquilon Entdeckung<\/a><\/strong> wird Ihnen in Partnerschaft mit dem<strong>Fremdenverkehrsamt Creil Sud Oise<\/strong> (<em>mit uns letztlich<\/em>). Kommen Sie und entdecken Sie <strong>seine Geschichte<\/strong> und inwiefern sein<strong> Architektur<\/strong> ist <strong>besondere<\/strong> ! <strong>Reservierung empfohlen<\/strong> !<br><br>Die Abteilung f\u00fcr Kulturerbe der <strong><a href=\"https:\/\/www.creil.fr\/\" target=\"_blank\" rel=\"noreferrer noopener\">Stadt Creil<\/a><\/strong> l\u00e4dt Sie zu einer <strong><a href=\"https:\/\/www.creilsudoise-tourisme.fr\/de\/agenda-animations\/balade-historique-des-bords-de-loise\/\" target=\"_blank\" rel=\"noreferrer noopener\">historischer Spaziergang entlang der Ufer der Oise<\/a><\/strong> ! <strong>Folgen Sie<\/strong> die <strong>Leitfaden <\/strong>durch einen <strong>Strecke <\/strong>und <strong>gehen Sie auf Entdeckungsreise zu verborgenen Sch\u00e4tzen<\/strong>Die <strong>Anekdoten<\/strong> und<strong> symboltr\u00e4chtige Geb\u00e4ude<\/strong>Die meisten von ihnen sind in den letzten Jahren verschwunden oder sichtbar geworden. <strong>Oise-Ufer<\/strong>.<\/p>\n\n\n<div class=\"wp-block-image\">\n<figure class=\"aligncenter size-thumbnail\"><img decoding=\"async\" loading=\"lazy\" width=\"300\" height=\"300\" data-src=\"https:\/\/www.creilsudoise-tourisme.fr\/wp-content\/uploads\/wpetourisme\/VILLERS-SAINT-PAUL-Eglise-Creil-Sud-Oise-Tourisme--7--2-300x300.jpg\" alt=\"\" class=\"wp-image-61450\"\/><\/figure><\/div>\n\n\n<h2>Sport<\/h2>\n\n\n\n<p><\/p>\n\n\n\n<h3>Kanu-Kajak<\/h3>\n\n\n\n<p>F\u00fcr <strong>Hitze bek\u00e4mpfen<\/strong>Es gibt nichts Besseres als eine <strong>Wasseraktivit\u00e4t<\/strong>oder nicht? Der <strong><a href=\"https:\/\/www.creilsudoise-tourisme.fr\/de\/loisirs\/canoe-kayak-club-du-therain\/\">Kanu-Club Th\u00e9rain<\/a><\/strong> bietet Ihnen eine <strong><a href=\"https:\/\/canoe-kayak-montataire.com\/location-randonnees-canoe-kayak-oise\" target=\"_blank\" rel=\"noreferrer noopener\">Kajakfahrt<\/a><\/strong>eine <strong>Erfahrung in v\u00f6lliger Autonomie<\/strong>von <strong>Mouy<\/strong> oder von <strong>Mello<\/strong>.<\/p>\n\n\n\n<p><\/p>\n\n\n\n<h3>Wanderung \/ gef\u00fchrte Tour<\/h3>\n\n\n\n<p><strong><a href=\"https:\/\/aquilon-decouverte.com\/\" target=\"_blank\" rel=\"noreferrer noopener\">Aquilon Entdeckung<\/a><\/strong> bietet Ihnen eine <strong><a href=\"https:\/\/www.creilsudoise-tourisme.fr\/de\/agenda-animations\/randonnee-de-saint-vaast\/\" target=\"_blank\" rel=\"noreferrer noopener\">wandern\/gef\u00fchrte Tour<\/a><\/strong> in Saint-Vaast-l\u00e8s-Mello f\u00fcr <strong>genie\u00dfen<\/strong> der <strong>Frische<\/strong>.<\/p>\n\n\n\n<p>Zwischen<strong> Tablett <\/strong>und<strong> Talboden<\/strong>Die <strong>Karrieren<\/strong> an <strong>Teiche<\/strong>Kommen Sie <strong>die Geschichte entdecken<\/strong>am <strong>terroir<\/strong> und die <strong>alte Landschaften <\/strong>von <strong>Saint-Vaast-l\u00e8s-Mello<\/strong>.<\/p>\n\n\n\n<h3>Les Boucles de l'Oise (Radfahren)<\/h3>\n\n\n\n<p>Wenn Sie in Nogent-sur-Oise sind, nehmen Sie an einer<strong> internationales Radrennen<\/strong> mit <strong>Teams<\/strong> der <strong>Ganz Frankreich<\/strong> und der<strong>Ausl\u00e4nder<\/strong> !<br>Finden Sie die <strong><a href=\"https:\/\/www.creilsudoise-tourisme.fr\/de\/agenda-animations\/les-boucles-de-loise-feminines-4eme-edition\/\" target=\"_blank\" rel=\"noreferrer noopener\">Frauenlocken<\/a><\/strong> die sich \u00fcber eine <strong>einzelner Tag<\/strong>sowie die <strong><a href=\"https:\/\/www.creilsudoise-tourisme.fr\/de\/agenda-animations\/les-boucles-de-loise-juniors_-trophee-arnaud-coyot\/\" target=\"_blank\" rel=\"noreferrer noopener\">Juniorenschleifen<\/a><\/strong> die ihrerseits auf <strong>2 Tage<\/strong> !<\/p>\n\n\n\n<h2>Melting Pot<\/h2>\n\n\n\n<p>Eine <strong><a href=\"https:\/\/www.nogentsuroise.fr\/agenda\/1263-soiree-guinguette-3\/2025-08-30-19-00\" target=\"_blank\" rel=\"noreferrer noopener\">Guinguette-Abend<\/a><\/strong> \u00e0 <strong>Nogent-sur-Oise<\/strong> Sie <strong>wartet<\/strong> f\u00fcr <strong>bis in die Nacht hinein tanzen<\/strong> !<br><br>Lust auf <strong>Nuggets aufsp\u00fcren<\/strong> oder von <strong>Ihre Pok\u00e9mon-Kartensammlung verkaufen<\/strong> ? Eine <strong><a href=\"https:\/\/www.nogentsuroise.fr\/agenda\/1225-brocante-4\" target=\"_blank\" rel=\"noreferrer noopener\">Flohmarkt<\/a><\/strong> wird Ende August organisiert!<br><br>Montataire kehrt mit seiner<strong><a href=\"https:\/\/www.creilsudoise-tourisme.fr\/de\/agenda-animations\/fete-foraine-de-montataire\/\" target=\"_blank\" rel=\"noreferrer noopener\"> traditionelles Volksfest<\/a><\/strong> f\u00fcr die <strong>letzte Tage im August<\/strong>. Kommen Sie und genie\u00dfen Sie <strong>Fahrgesch\u00e4fte<\/strong> und von<strong>Sensationsattraktionen<\/strong>von <strong>Schlemmerst\u00e4nde<\/strong>einer <strong>Tombola <\/strong>und von <strong>Auff\u00fchrungen <\/strong>! D'<strong>andere \u00dcberraschungen<\/strong> warten auf Sie!<br><br>RDV in der <strong><a href=\"https:\/\/www.creilsudoise-tourisme.fr\/de\/jexplore\/unumganglich\/steinhaus\/\">Steinhaus<\/a><\/strong> um den <strong>faszinierende Welt<\/strong> der <strong>Fledermaus<\/strong> ! Anl\u00e4sslich der <strong>Nacht der Fledermaus<\/strong>Nehmen Sie teil <strong>in der Familie<\/strong> zu einem <a href=\"https:\/\/www.creilsudoise-tourisme.fr\/de\/agenda-animations\/nuit-de-la-chauve-souris-jeu-de-piste\/\" target=\"_blank\" rel=\"noreferrer noopener\"><strong>spielerische Schnitzeljagd<\/strong> <\/a>und <strong>p\u00e4dagogisch<\/strong> !<br>Sie werden auch die Gelegenheit haben <strong><a href=\"https:\/\/www.creilsudoise-tourisme.fr\/de\/agenda-animations\/a-la-decouverte-des-chauve-souris\/\" target=\"_blank\" rel=\"noreferrer noopener\">bauen Sie Ihr eigenes Fledermaushotel<\/a> <\/strong>und von <strong>wieder mit<\/strong> !<br><br>Man schloss die <strong>Ferienende<\/strong> mit <strong><a href=\"https:\/\/www.nogentsuroise.fr\/agenda\/1181-un-dimanche-a-la-campagne-4\/2025-08-31-11-28\" target=\"_blank\" rel=\"noreferrer noopener\">Ein Sonntag auf dem Land<\/a><\/strong> : <strong>Aktivit\u00e4ten<\/strong> und <strong>St\u00e4nde<\/strong> <em>(Kuckuck, wir werden mit dem Maison de la Pierre da sein!)<\/em> den ganzen Tag zum Abschluss der <strong>Sp\u00e4tsommer<\/strong> !<\/p>\n\n\n\n<h2>Unsere Must-Haves<\/h2>\n\n\n\n<p>Verpassen Sie nicht unsere <strong>Klassiker<\/strong>Unsere<strong> zeitlos<\/strong>Unsere <strong>unumg\u00e4nglich<\/strong> !<\/p>\n\n\n\n<div class=\"is-layout-flex wp-container-21 wp-block-columns\">\n<div class=\"is-layout-flow wp-block-column\" style=\"flex-basis:66.66%\">\n<figure class=\"wp-block-image size-large\"><img decoding=\"async\" loading=\"lazy\" width=\"1200\" height=\"800\" data-src=\"https:\/\/www.creilsudoise-tourisme.fr\/wp-content\/uploads\/wpetourisme\/-comdesimages-b.teissedre-ADRTOise-maison-de-la-pierre-COM1097-1200x800.jpg\" alt=\"\" class=\"wp-image-47902\" data-srcset=\"https:\/\/www.creilsudoise-tourisme.fr\/wp-content\/uploads\/wpetourisme\/-comdesimages-b.teissedre-ADRTOise-maison-de-la-pierre-COM1097-1200x800.jpg 1200w, https:\/\/www.creilsudoise-tourisme.fr\/wp-content\/uploads\/wpetourisme\/-comdesimages-b.teissedre-ADRTOise-maison-de-la-pierre-COM1097-600x400.jpg 600w, https:\/\/www.creilsudoise-tourisme.fr\/wp-content\/uploads\/wpetourisme\/-comdesimages-b.teissedre-ADRTOise-maison-de-la-pierre-COM1097-900x600.jpg 900w, https:\/\/www.creilsudoise-tourisme.fr\/wp-content\/uploads\/wpetourisme\/-comdesimages-b.teissedre-ADRTOise-maison-de-la-pierre-COM1097-1536x1024.jpg 1536w, https:\/\/www.creilsudoise-tourisme.fr\/wp-content\/uploads\/wpetourisme\/-comdesimages-b.teissedre-ADRTOise-maison-de-la-pierre-COM1097-18x12.jpg 18w, https:\/\/www.creilsudoise-tourisme.fr\/wp-content\/uploads\/wpetourisme\/-comdesimages-b.teissedre-ADRTOise-maison-de-la-pierre-COM1097-200x133.jpg 200w, https:\/\/www.creilsudoise-tourisme.fr\/wp-content\/uploads\/wpetourisme\/-comdesimages-b.teissedre-ADRTOise-maison-de-la-pierre-COM1097-650x433.jpg 650w, https:\/\/www.creilsudoise-tourisme.fr\/wp-content\/uploads\/wpetourisme\/-comdesimages-b.teissedre-ADRTOise-maison-de-la-pierre-COM1097-387x258.jpg 387w, https:\/\/www.creilsudoise-tourisme.fr\/wp-content\/uploads\/wpetourisme\/-comdesimages-b.teissedre-ADRTOise-maison-de-la-pierre-COM1097.jpg 1600w\" sizes=\"(max-width: 1200px) 100vw, 1200px\" \/><\/figure>\n<\/div>\n\n\n\n<div class=\"is-layout-flow wp-block-column\" style=\"flex-basis:33.33%\">\n<p>Die <strong><a href=\"https:\/\/www.creilsudoise-tourisme.fr\/de\/jexplore\/unumganglich\/steinhaus\/\">Steinhaus<\/a><\/strong>, gelegen in <strong>Saint-Maximin<\/strong> l\u00e4dt Sie ein zu <strong>in seinen unterirdischen Steinbruch eintreten<\/strong> f\u00fcr eine <strong>Rundgang<\/strong>. Entdecken Sie die<strong>Steingeschichte<\/strong> und <strong>carriers<\/strong>. Eingebettet unter der Erde ist der Steinbruch in <strong>11\u00b0C<\/strong> : <strong>ideal <\/strong>bei den <strong>starke Hitze<\/strong>. Kleiden Sie sich entsprechend!<\/p>\n<\/div>\n<\/div>\n\n\n\n<div class=\"is-layout-flex wp-container-24 wp-block-columns\">\n<div class=\"is-layout-flow wp-block-column\" style=\"flex-basis:33.33%\">\n<p>Sie k\u00f6nnen sich auch in die<strong><a href=\"https:\/\/www.creilsudoise-tourisme.fr\/de\/jexplore\/unumganglich\/abteikirche\/\">Abteikirche Saint-Nicolas<\/a><\/strong> von <strong>Saint-Leu d'Esserent<\/strong>die Sie <strong>\u00f6ffnet seine T\u00fcren<\/strong> jeden Sonntagnachmittag! Entdecken Sie eine<strong> Kirche<\/strong> an <strong>beeindruckende Dimensionen<\/strong> !<\/p>\n<\/div>\n\n\n\n<div class=\"is-layout-flow wp-block-column\" style=\"flex-basis:66.66%\">\n<figure class=\"wp-block-image size-large\"><img decoding=\"async\" loading=\"lazy\" width=\"1200\" height=\"600\" data-src=\"https:\/\/www.creilsudoise-tourisme.fr\/wp-content\/uploads\/2024\/02\/Web_header-Abbatiale-1200x600.jpg\" alt=\"\" class=\"wp-image-52164\" data-srcset=\"https:\/\/www.creilsudoise-tourisme.fr\/wp-content\/uploads\/2024\/02\/Web_header-Abbatiale-1200x600.jpg 1200w, https:\/\/www.creilsudoise-tourisme.fr\/wp-content\/uploads\/2024\/02\/Web_header-Abbatiale-600x300.jpg 600w, https:\/\/www.creilsudoise-tourisme.fr\/wp-content\/uploads\/2024\/02\/Web_header-Abbatiale-900x450.jpg 900w, https:\/\/www.creilsudoise-tourisme.fr\/wp-content\/uploads\/2024\/02\/Web_header-Abbatiale-18x9.jpg 18w, https:\/\/www.creilsudoise-tourisme.fr\/wp-content\/uploads\/2024\/02\/Web_header-Abbatiale-200x100.jpg 200w, https:\/\/www.creilsudoise-tourisme.fr\/wp-content\/uploads\/2024\/02\/Web_header-Abbatiale-1000x500.jpg 1000w, https:\/\/www.creilsudoise-tourisme.fr\/wp-content\/uploads\/2024\/02\/Web_header-Abbatiale-650x325.jpg 650w, https:\/\/www.creilsudoise-tourisme.fr\/wp-content\/uploads\/2024\/02\/Web_header-Abbatiale-387x194.jpg 387w, https:\/\/www.creilsudoise-tourisme.fr\/wp-content\/uploads\/2024\/02\/Web_header-Abbatiale.jpg 1480w\" sizes=\"(max-width: 1200px) 100vw, 1200px\" \/><\/figure>\n<\/div>\n<\/div>\n\n\n\n<div class=\"is-layout-flex wp-container-27 wp-block-columns\">\n<div class=\"is-layout-flow wp-block-column\" style=\"flex-basis:66.66%\">\n<figure class=\"wp-block-image size-large\"><img decoding=\"async\" loading=\"lazy\" width=\"1200\" height=\"675\" data-src=\"https:\/\/www.creilsudoise-tourisme.fr\/wp-content\/uploads\/wpetourisme\/Clouterie-Rivierre-Creil-Machines-Creil-Sud-Oise-Tourisme--45--1200x675.jpg\" alt=\"\" class=\"wp-image-49748\" data-srcset=\"https:\/\/www.creilsudoise-tourisme.fr\/wp-content\/uploads\/wpetourisme\/Clouterie-Rivierre-Creil-Machines-Creil-Sud-Oise-Tourisme--45--1200x675.jpg 1200w, https:\/\/www.creilsudoise-tourisme.fr\/wp-content\/uploads\/wpetourisme\/Clouterie-Rivierre-Creil-Machines-Creil-Sud-Oise-Tourisme--45--600x338.jpg 600w, https:\/\/www.creilsudoise-tourisme.fr\/wp-content\/uploads\/wpetourisme\/Clouterie-Rivierre-Creil-Machines-Creil-Sud-Oise-Tourisme--45--900x506.jpg 900w, https:\/\/www.creilsudoise-tourisme.fr\/wp-content\/uploads\/wpetourisme\/Clouterie-Rivierre-Creil-Machines-Creil-Sud-Oise-Tourisme--45--1536x864.jpg 1536w, https:\/\/www.creilsudoise-tourisme.fr\/wp-content\/uploads\/wpetourisme\/Clouterie-Rivierre-Creil-Machines-Creil-Sud-Oise-Tourisme--45--18x10.jpg 18w, https:\/\/www.creilsudoise-tourisme.fr\/wp-content\/uploads\/wpetourisme\/Clouterie-Rivierre-Creil-Machines-Creil-Sud-Oise-Tourisme--45--200x113.jpg 200w, https:\/\/www.creilsudoise-tourisme.fr\/wp-content\/uploads\/wpetourisme\/Clouterie-Rivierre-Creil-Machines-Creil-Sud-Oise-Tourisme--45--650x366.jpg 650w, https:\/\/www.creilsudoise-tourisme.fr\/wp-content\/uploads\/wpetourisme\/Clouterie-Rivierre-Creil-Machines-Creil-Sud-Oise-Tourisme--45--387x218.jpg 387w, https:\/\/www.creilsudoise-tourisme.fr\/wp-content\/uploads\/wpetourisme\/Clouterie-Rivierre-Creil-Machines-Creil-Sud-Oise-Tourisme--45-.jpg 1600w\" sizes=\"(max-width: 1200px) 100vw, 1200px\" \/><\/figure>\n<\/div>\n\n\n\n<div class=\"is-layout-flow wp-block-column\" style=\"flex-basis:33.33%\">\n<p>Die <strong><a href=\"https:\/\/www.creilsudoise-tourisme.fr\/de\/jexplore\/unumganglich\/clouterie-rivierre-3\/\">Nagelschmiede Rivierre<\/a><\/strong>, <strong>letzte Clouterie in Europa<\/strong> noch in <strong>Aktivit\u00e4t<\/strong> bietet Ihnen eine <strong>Besuch<\/strong> jeden Mittwochnachmittag! Kommen Sie und entdecken Sie die <strong>Nagelherstellung<\/strong>, <strong>hier<\/strong> \u00e0 <strong>Creil <\/strong>! Einzige Voraussetzung: Kommen Sie mit geschlossenen Schuhen.<\/p>\n<\/div>\n<\/div>\n\n\n\n<div class=\"is-layout-flex wp-container-30 wp-block-columns\">\n<div class=\"is-layout-flow wp-block-column\" style=\"flex-basis:33.33%\">\n<p>Sie gehen nicht in <strong>Ferien<\/strong> diese <strong>Sommer<\/strong> aber Sie <strong>tr\u00e4umen Sie <\/strong>von Ihnen<strong> baden<\/strong> ? Die <strong><a href=\"https:\/\/www.creilsudoise-tourisme.fr\/de\/jexplore\/unumganglich\/basis-freizeit\/\">Freizeitbasis<\/a><\/strong> von Saint-Leu d'Esserent erwartet Sie am <strong>weit ge\u00f6ffnete Arme<\/strong> ! <strong>Baden, Wasserspiele, Kanu, Kajak oder Pedalo<\/strong>Die <strong>Freizeitbasis<\/strong> a <strong>alles, was Sie brauchen<\/strong>t f\u00fcr Sie <strong>verf\u00fchren<\/strong> !<\/p>\n<\/div>\n\n\n\n<div class=\"is-layout-flow wp-block-column\" style=\"flex-basis:66.66%\">\n<figure class=\"wp-block-image size-full\"><img decoding=\"async\" loading=\"lazy\" width=\"800\" height=\"536\" data-src=\"https:\/\/www.creilsudoise-tourisme.fr\/wp-content\/uploads\/2021\/03\/La-plage-surveille\u0301e-de-la-Base-de-loisirs-de-Saint-Leu-dEsserent.jpg\" alt=\"Freizeitbasis oise Saint-Leu-d&#039;Esserent Baden Aktivit\u00e4t Outdoor Natur Familie Kind\" class=\"wp-image-32522\" data-srcset=\"https:\/\/www.creilsudoise-tourisme.fr\/wp-content\/uploads\/2021\/03\/La-plage-surveille\u0301e-de-la-Base-de-loisirs-de-Saint-Leu-dEsserent.jpg 800w, https:\/\/www.creilsudoise-tourisme.fr\/wp-content\/uploads\/2021\/03\/La-plage-surveille\u0301e-de-la-Base-de-loisirs-de-Saint-Leu-dEsserent-600x402.jpg 600w, https:\/\/www.creilsudoise-tourisme.fr\/wp-content\/uploads\/2021\/03\/La-plage-surveille\u0301e-de-la-Base-de-loisirs-de-Saint-Leu-dEsserent-200x134.jpg 200w, https:\/\/www.creilsudoise-tourisme.fr\/wp-content\/uploads\/2021\/03\/La-plage-surveille\u0301e-de-la-Base-de-loisirs-de-Saint-Leu-dEsserent-650x436.jpg 650w, https:\/\/www.creilsudoise-tourisme.fr\/wp-content\/uploads\/2021\/03\/La-plage-surveille\u0301e-de-la-Base-de-loisirs-de-Saint-Leu-dEsserent-387x259.jpg 387w\" sizes=\"(max-width: 800px) 100vw, 800px\" \/><figcaption class=\"wp-element-caption\">Creil Sud Oise Tourisme<\/figcaption><\/figure>\n<\/div>\n<\/div>\n\n\n\n<div class=\"is-layout-flex wp-container-33 wp-block-columns\">\n<div class=\"is-layout-flow wp-block-column\" style=\"flex-basis:66.66%\">\n<figure class=\"wp-block-image size-large\"><img decoding=\"async\" loading=\"lazy\" width=\"1200\" height=\"675\" data-src=\"https:\/\/www.creilsudoise-tourisme.fr\/wp-content\/uploads\/2024\/08\/Parc_loups-Saint_Leu_dEsserent-Accrobranche-Creil_Sud_Oise_Tourisme-5-1200x675.jpg\" alt=\"Accrobranche tyrolienne Oise Saint-Leu-d&#039;Esserent Freizeitzentrum Aktivit\u00e4ten im Freien Familie Freunde Kind Wolfspark\" class=\"wp-image-56030\" data-srcset=\"https:\/\/www.creilsudoise-tourisme.fr\/wp-content\/uploads\/2024\/08\/Parc_loups-Saint_Leu_dEsserent-Accrobranche-Creil_Sud_Oise_Tourisme-5-1200x675.jpg 1200w, https:\/\/www.creilsudoise-tourisme.fr\/wp-content\/uploads\/2024\/08\/Parc_loups-Saint_Leu_dEsserent-Accrobranche-Creil_Sud_Oise_Tourisme-5-600x338.jpg 600w, https:\/\/www.creilsudoise-tourisme.fr\/wp-content\/uploads\/2024\/08\/Parc_loups-Saint_Leu_dEsserent-Accrobranche-Creil_Sud_Oise_Tourisme-5-900x507.jpg 900w, https:\/\/www.creilsudoise-tourisme.fr\/wp-content\/uploads\/2024\/08\/Parc_loups-Saint_Leu_dEsserent-Accrobranche-Creil_Sud_Oise_Tourisme-5-18x10.jpg 18w, https:\/\/www.creilsudoise-tourisme.fr\/wp-content\/uploads\/2024\/08\/Parc_loups-Saint_Leu_dEsserent-Accrobranche-Creil_Sud_Oise_Tourisme-5-200x113.jpg 200w, https:\/\/www.creilsudoise-tourisme.fr\/wp-content\/uploads\/2024\/08\/Parc_loups-Saint_Leu_dEsserent-Accrobranche-Creil_Sud_Oise_Tourisme-5-650x366.jpg 650w, https:\/\/www.creilsudoise-tourisme.fr\/wp-content\/uploads\/2024\/08\/Parc_loups-Saint_Leu_dEsserent-Accrobranche-Creil_Sud_Oise_Tourisme-5-387x218.jpg 387w, https:\/\/www.creilsudoise-tourisme.fr\/wp-content\/uploads\/2024\/08\/Parc_loups-Saint_Leu_dEsserent-Accrobranche-Creil_Sud_Oise_Tourisme-5.jpg 1480w\" sizes=\"(max-width: 1200px) 100vw, 1200px\" \/><figcaption class=\"wp-element-caption\">Creil Sud Oise Tourisme<\/figcaption><\/figure>\n<\/div>\n\n\n\n<div class=\"is-layout-flow wp-block-column\" style=\"flex-basis:33.33%\">\n<p>\u00dcbrigens k\u00f6nnen Sie dort auch die<strong>Baumklettern<\/strong> ! Die <strong><a href=\"https:\/\/www.creilsudoise-tourisme.fr\/de\/jexplore\/incontournables\/parc-des-loups\/\">Wolfspark<\/a><\/strong>, gelegen in <strong>innerhalb der Basis<\/strong> bietet Ihnen <strong>mehrere Wege<\/strong> f\u00fcr <strong>kleine<\/strong> und <strong>gro\u00dfe<\/strong>ein <strong>Explor Games\u00ae<\/strong> (Aktivit\u00e4t in <strong>Immersion<\/strong> in der <strong>Natur<\/strong> geleitet von einer<strong> Tablet<\/strong>) und eine <strong>Tirolerin <\/strong>!<\/p>\n<\/div>\n<\/div>\n\n\n\n<div class=\"is-layout-flex wp-container-36 wp-block-columns\">\n<div class=\"is-layout-flow wp-block-column\" style=\"flex-basis:33.33%\">\n<p>Eine <strong>Museum<\/strong> zum Abschluss noch einmal durchgehen? Die <strong><a href=\"https:\/\/www.creilsudoise-tourisme.fr\/de\/jexplore\/unumganglich\/musee-galle-juli\/\">Gall\u00e9-Juillet-Museum <\/a><\/strong>f\u00fchrt Sie durch seine <strong>typisches B\u00fcrgerhaus aus dieser Zeit<\/strong>in seinem<strong> Saft<\/strong> und der <strong>vermacht<\/strong> an die <strong>Stadt Creil <\/strong>durch die <strong>Familie Gall\u00e9<\/strong>. <strong>Entdecken Sie<\/strong> \u00fcbrigens die Geschichte <strong>tragisch<\/strong> dieser Familie<br>Au\u00dferdem k\u00f6nnen Sie eine <strong>Sammlung feiner Fayencen<\/strong> an die <strong><a href=\"https:\/\/www.creilsudoise-tourisme.fr\/de\/patrimoine\/maison-de-la-faience\/\">Maison de la Fa\u00efence (Haus der Fayence)<\/a><\/strong>, die sich direkt gegen\u00fcber dem Museum befindet!<\/p>\n<\/div>\n\n\n\n<div class=\"is-layout-flow wp-block-column\" style=\"flex-basis:66.66%\">\n<figure class=\"wp-block-image size-large\"><img decoding=\"async\" loading=\"lazy\" width=\"1200\" height=\"800\" data-src=\"https:\/\/www.creilsudoise-tourisme.fr\/wp-content\/uploads\/2021\/04\/Visite-guide\u0301e-de-la-cuisine-a\u0300-la-Maison-Galle\u0301-Juillet-1200x800.jpg\" alt=\"Gef\u00fchrte Tour durch das Gall\u00e9-Juillet Haus\" class=\"wp-image-33097\" data-srcset=\"https:\/\/www.creilsudoise-tourisme.fr\/wp-content\/uploads\/2021\/04\/Visite-guide\u0301e-de-la-cuisine-a\u0300-la-Maison-Galle\u0301-Juillet-1200x800.jpg 1200w, https:\/\/www.creilsudoise-tourisme.fr\/wp-content\/uploads\/2021\/04\/Visite-guide\u0301e-de-la-cuisine-a\u0300-la-Maison-Galle\u0301-Juillet-600x400.jpg 600w, https:\/\/www.creilsudoise-tourisme.fr\/wp-content\/uploads\/2021\/04\/Visite-guide\u0301e-de-la-cuisine-a\u0300-la-Maison-Galle\u0301-Juillet-900x600.jpg 900w, https:\/\/www.creilsudoise-tourisme.fr\/wp-content\/uploads\/2021\/04\/Visite-guide\u0301e-de-la-cuisine-a\u0300-la-Maison-Galle\u0301-Juillet-1536x1024.jpg 1536w, https:\/\/www.creilsudoise-tourisme.fr\/wp-content\/uploads\/2021\/04\/Visite-guide\u0301e-de-la-cuisine-a\u0300-la-Maison-Galle\u0301-Juillet-200x133.jpg 200w, https:\/\/www.creilsudoise-tourisme.fr\/wp-content\/uploads\/2021\/04\/Visite-guide\u0301e-de-la-cuisine-a\u0300-la-Maison-Galle\u0301-Juillet-650x433.jpg 650w, https:\/\/www.creilsudoise-tourisme.fr\/wp-content\/uploads\/2021\/04\/Visite-guide\u0301e-de-la-cuisine-a\u0300-la-Maison-Galle\u0301-Juillet-387x258.jpg 387w, https:\/\/www.creilsudoise-tourisme.fr\/wp-content\/uploads\/2021\/04\/Visite-guide\u0301e-de-la-cuisine-a\u0300-la-Maison-Galle\u0301-Juillet-275x183.jpg 275w, https:\/\/www.creilsudoise-tourisme.fr\/wp-content\/uploads\/2021\/04\/Visite-guide\u0301e-de-la-cuisine-a\u0300-la-Maison-Galle\u0301-Juillet.jpg 1600w\" sizes=\"(max-width: 1200px) 100vw, 1200px\" \/><\/figure>\n<\/div>\n<\/div>\n\n\n\n<hr class=\"wp-block-separator has-alpha-channel-opacity\"\/>\n\n\n\n<p>Wir w\u00fcnschen Ihnen <strong>sehr sch\u00f6ne Ferien <\/strong>!<br><strong>Z\u00f6gern Sie nicht<\/strong> \u00e0 <strong>zu dieser Seite zur\u00fcckkehren<\/strong> der wird <strong>regelm\u00e4\u00dfig aktualisiert<\/strong> oder c<strong>onsultieren Sie unsere Agenda<\/strong> <strong>online<\/strong> \u2193<\/p>\n\n\n\n<div class=\"is-content-justification-center is-layout-flex wp-container-37 wp-block-buttons\">\n<div class=\"wp-block-button\"><a class=\"wp-block-button__link wp-element-button\" href=\"https:\/\/www.creilsudoise-tourisme.fr\/de\/agenda\/\" target=\"_blank\" rel=\"noreferrer noopener\">ALLE AGENDA<\/a><\/div>\n<\/div>\n\n\n\n<hr class=\"wp-block-separator has-alpha-channel-opacity\"\/>","protected":false},"excerpt":{"rendered":"<p>Es ist soweit: Es sind endlich Ferien! Egal, ob Sie im D\u00e9partement Oise wohnen oder auf der Durchreise sind, es gibt viel zu tun in diesem Sommer! Unsere Auswahl an Aktivit\u00e4ten finden Sie unten. Programm der \"C'est l'\u00e9t\u00e9\"-St\u00e4dte In Villers-Saint-Paul H\u00fcpfburgen, Gesellschaftsspiele, Sportanimationen, Bastelaktivit\u00e4ten, Smoothie-Bar, Kosmetikherstellung [...].<\/p>","protected":false},"author":10,"featured_media":63310,"comment_status":"closed","ping_status":"closed","sticky":false,"template":"","format":"standard","meta":{"_relevanssi_hide_post":"","_relevanssi_hide_content":"","_relevanssi_pin_for_all":"","_relevanssi_pin_keywords":"","_relevanssi_unpin_keywords":"","_relevanssi_related_keywords":"","_relevanssi_related_include_ids":"","_relevanssi_related_exclude_ids":"","_relevanssi_related_no_append":"","_relevanssi_related_not_related":"","_relevanssi_related_posts":"56179,41674,39315,59693,38921,56040","_relevanssi_noindex_reason":""},"categories":[5],"tags":[],"yoast_head":"<!-- This site is optimized with the Yoast SEO plugin v20.2.1 - https:\/\/yoast.com\/wordpress\/plugins\/seo\/ -->\n<title>Que faire cet \u00e9t\u00e9 ?<\/title>\n<meta name=\"description\" content=\"Que faire cet \u00e9t\u00e9 en famille ou entre amis \u00e0 Creil Sud Oise, pr\u00e8s de Chantilly et Senlis ? D\u00e9couvrez notre s\u00e9lection de sorties !\" \/>\n<meta name=\"robots\" content=\"index, follow, max-snippet:-1, max-image-preview:large, max-video-preview:-1\" \/>\n<link rel=\"canonical\" href=\"https:\/\/www.creilsudoise-tourisme.fr\/de\/2025\/06\/26\/sommerferien\/\" \/>\n<meta property=\"og:locale\" content=\"de_DE\" \/>\n<meta property=\"og:type\" content=\"article\" \/>\n<meta property=\"og:title\" content=\"Que faire cet \u00e9t\u00e9 ?\" \/>\n<meta property=\"og:description\" content=\"Que faire cet \u00e9t\u00e9 en famille ou entre amis \u00e0 Creil Sud Oise, pr\u00e8s de Chantilly et Senlis ? D\u00e9couvrez notre s\u00e9lection de sorties !\" \/>\n<meta property=\"og:url\" content=\"https:\/\/www.creilsudoise-tourisme.fr\/de\/2025\/06\/26\/sommerferien\/\" \/>\n<meta property=\"og:site_name\" content=\"Office de Tourisme Creil Sud Oise\" \/>\n<meta property=\"article:publisher\" content=\"https:\/\/www.facebook.com\/creilsudoisetourisme\/\" \/>\n<meta property=\"article:published_time\" content=\"2025-06-26T12:14:18+00:00\" \/>\n<meta property=\"article:modified_time\" content=\"2025-10-08T08:32:34+00:00\" \/>\n<meta property=\"og:image\" content=\"https:\/\/www.creilsudoise-tourisme.fr\/wp-content\/uploads\/2025\/06\/Actu-vacances-ete-1.png\" \/>\n\t<meta property=\"og:image:width\" content=\"1480\" \/>\n\t<meta property=\"og:image:height\" content=\"740\" \/>\n\t<meta property=\"og:image:type\" content=\"image\/png\" \/>\n<meta name=\"author\" content=\"emilie\" \/>\n<meta name=\"twitter:card\" content=\"summary_large_image\" \/>\n<meta name=\"twitter:creator\" content=\"@CreilSudOiseOT\" \/>\n<meta name=\"twitter:site\" content=\"@CreilSudOiseOT\" \/>\n<meta name=\"twitter:label1\" content=\"Verfasst von\" \/>\n\t<meta name=\"twitter:data1\" content=\"emilie\" \/>\n\t<meta name=\"twitter:label2\" content=\"Gesch\u00e4tzte Lesezeit\" \/>\n\t<meta name=\"twitter:data2\" content=\"8\u00a0Minuten\" \/>\n<script type=\"application\/ld+json\" class=\"yoast-schema-graph\">{\"@context\":\"https:\/\/schema.org\",\"@graph\":[{\"@type\":\"Article\",\"@id\":\"https:\/\/www.creilsudoise-tourisme.fr\/2025\/06\/26\/vacances-ete\/#article\",\"isPartOf\":{\"@id\":\"https:\/\/www.creilsudoise-tourisme.fr\/2025\/06\/26\/vacances-ete\/\"},\"author\":{\"name\":\"emilie\",\"@id\":\"https:\/\/www.creilsudoise-tourisme.fr\/#\/schema\/person\/81a1ab3a236faa5508e8f47600a85072\"},\"headline\":\"C&rsquo;est les vacances d&rsquo;\u00e9t\u00e9 !\",\"datePublished\":\"2025-06-26T12:14:18+00:00\",\"dateModified\":\"2025-10-08T08:32:34+00:00\",\"mainEntityOfPage\":{\"@id\":\"https:\/\/www.creilsudoise-tourisme.fr\/2025\/06\/26\/vacances-ete\/\"},\"wordCount\":1617,\"publisher\":{\"@id\":\"https:\/\/www.creilsudoise-tourisme.fr\/#organization\"},\"articleSection\":[\"Actus\"],\"inLanguage\":\"de\"},{\"@type\":\"WebPage\",\"@id\":\"https:\/\/www.creilsudoise-tourisme.fr\/2025\/06\/26\/vacances-ete\/\",\"url\":\"https:\/\/www.creilsudoise-tourisme.fr\/2025\/06\/26\/vacances-ete\/\",\"name\":\"Que faire cet \u00e9t\u00e9 ?\",\"isPartOf\":{\"@id\":\"https:\/\/www.creilsudoise-tourisme.fr\/#website\"},\"datePublished\":\"2025-06-26T12:14:18+00:00\",\"dateModified\":\"2025-10-08T08:32:34+00:00\",\"description\":\"Que faire cet \u00e9t\u00e9 en famille ou entre amis \u00e0 Creil Sud Oise, pr\u00e8s de Chantilly et Senlis ? D\u00e9couvrez notre s\u00e9lection de sorties !\",\"breadcrumb\":{\"@id\":\"https:\/\/www.creilsudoise-tourisme.fr\/2025\/06\/26\/vacances-ete\/#breadcrumb\"},\"inLanguage\":\"de\",\"potentialAction\":[{\"@type\":\"ReadAction\",\"target\":[\"https:\/\/www.creilsudoise-tourisme.fr\/2025\/06\/26\/vacances-ete\/\"]}]},{\"@type\":\"BreadcrumbList\",\"@id\":\"https:\/\/www.creilsudoise-tourisme.fr\/2025\/06\/26\/vacances-ete\/#breadcrumb\",\"itemListElement\":[{\"@type\":\"ListItem\",\"position\":1,\"name\":\"Accueil\",\"item\":\"https:\/\/www.creilsudoise-tourisme.fr\/\"},{\"@type\":\"ListItem\",\"position\":2,\"name\":\"C&rsquo;est les vacances d&rsquo;\u00e9t\u00e9 !\"}]},{\"@type\":\"WebSite\",\"@id\":\"https:\/\/www.creilsudoise-tourisme.fr\/#website\",\"url\":\"https:\/\/www.creilsudoise-tourisme.fr\/\",\"name\":\"Office de Tourisme Creil Sud Oise\",\"description\":\"Creil Sud Oise Tourisme, un territoire \u00e0 explorer !\",\"publisher\":{\"@id\":\"https:\/\/www.creilsudoise-tourisme.fr\/#organization\"},\"potentialAction\":[{\"@type\":\"SearchAction\",\"target\":{\"@type\":\"EntryPoint\",\"urlTemplate\":\"https:\/\/www.creilsudoise-tourisme.fr\/?s={search_term_string}\"},\"query-input\":\"required name=search_term_string\"}],\"inLanguage\":\"de\"},{\"@type\":\"Organization\",\"@id\":\"https:\/\/www.creilsudoise-tourisme.fr\/#organization\",\"name\":\"Creil Sud Oise Tourisme\",\"url\":\"https:\/\/www.creilsudoise-tourisme.fr\/\",\"logo\":{\"@type\":\"ImageObject\",\"inLanguage\":\"de\",\"@id\":\"https:\/\/www.creilsudoise-tourisme.fr\/#\/schema\/logo\/image\/\",\"url\":\"https:\/\/www.creilsudoise-tourisme.fr\/wp-content\/uploads\/2021\/05\/logo-svg.png\",\"contentUrl\":\"https:\/\/www.creilsudoise-tourisme.fr\/wp-content\/uploads\/2021\/05\/logo-svg.png\",\"width\":182,\"height\":71,\"caption\":\"Creil Sud Oise Tourisme\"},\"image\":{\"@id\":\"https:\/\/www.creilsudoise-tourisme.fr\/#\/schema\/logo\/image\/\"},\"sameAs\":[\"https:\/\/www.facebook.com\/creilsudoisetourisme\/\",\"https:\/\/twitter.com\/CreilSudOiseOT\",\"https:\/\/www.instagram.com\/creilsudoisetourisme\/\",\"https:\/\/www.youtube.com\/channel\/UC8L_QD2wwyADW14zt9fY8kw\"]},{\"@type\":\"Person\",\"@id\":\"https:\/\/www.creilsudoise-tourisme.fr\/#\/schema\/person\/81a1ab3a236faa5508e8f47600a85072\",\"name\":\"emilie\",\"image\":{\"@type\":\"ImageObject\",\"inLanguage\":\"de\",\"@id\":\"https:\/\/www.creilsudoise-tourisme.fr\/#\/schema\/person\/image\/\",\"url\":\"https:\/\/secure.gravatar.com\/avatar\/63ed1ecafae1b27e36a71e8626bc354f?s=96&d=mm&r=g\",\"contentUrl\":\"https:\/\/secure.gravatar.com\/avatar\/63ed1ecafae1b27e36a71e8626bc354f?s=96&d=mm&r=g\",\"caption\":\"emilie\"},\"url\":\"https:\/\/www.creilsudoise-tourisme.fr\/de\/auteur\/emilie\/\"}]}<\/script>\n<!-- \/ Yoast SEO plugin. -->","yoast_head_json":{"title":"Que faire cet \u00e9t\u00e9 ?","description":"Que faire cet \u00e9t\u00e9 en famille ou entre amis \u00e0 Creil Sud Oise, pr\u00e8s de Chantilly et Senlis ? D\u00e9couvrez notre s\u00e9lection de sorties !","robots":{"index":"index","follow":"follow","max-snippet":"max-snippet:-1","max-image-preview":"max-image-preview:large","max-video-preview":"max-video-preview:-1"},"canonical":"https:\/\/www.creilsudoise-tourisme.fr\/de\/2025\/06\/26\/sommerferien\/","og_locale":"de_DE","og_type":"article","og_title":"Que faire cet \u00e9t\u00e9 ?","og_description":"Que faire cet \u00e9t\u00e9 en famille ou entre amis \u00e0 Creil Sud Oise, pr\u00e8s de Chantilly et Senlis ? D\u00e9couvrez notre s\u00e9lection de sorties !","og_url":"https:\/\/www.creilsudoise-tourisme.fr\/de\/2025\/06\/26\/sommerferien\/","og_site_name":"Office de Tourisme Creil Sud Oise","article_publisher":"https:\/\/www.facebook.com\/creilsudoisetourisme\/","article_published_time":"2025-06-26T12:14:18+00:00","article_modified_time":"2025-10-08T08:32:34+00:00","og_image":[{"width":1480,"height":740,"url":"https:\/\/www.creilsudoise-tourisme.fr\/wp-content\/uploads\/2025\/06\/Actu-vacances-ete-1.png","type":"image\/png"}],"author":"emilie","twitter_card":"summary_large_image","twitter_creator":"@CreilSudOiseOT","twitter_site":"@CreilSudOiseOT","twitter_misc":{"Verfasst von":"emilie","Gesch\u00e4tzte Lesezeit":"8\u00a0Minuten"},"schema":{"@context":"https:\/\/schema.org","@graph":[{"@type":"Article","@id":"https:\/\/www.creilsudoise-tourisme.fr\/2025\/06\/26\/vacances-ete\/#article","isPartOf":{"@id":"https:\/\/www.creilsudoise-tourisme.fr\/2025\/06\/26\/vacances-ete\/"},"author":{"name":"emilie","@id":"https:\/\/www.creilsudoise-tourisme.fr\/#\/schema\/person\/81a1ab3a236faa5508e8f47600a85072"},"headline":"C&rsquo;est les vacances d&rsquo;\u00e9t\u00e9 !","datePublished":"2025-06-26T12:14:18+00:00","dateModified":"2025-10-08T08:32:34+00:00","mainEntityOfPage":{"@id":"https:\/\/www.creilsudoise-tourisme.fr\/2025\/06\/26\/vacances-ete\/"},"wordCount":1617,"publisher":{"@id":"https:\/\/www.creilsudoise-tourisme.fr\/#organization"},"articleSection":["Actus"],"inLanguage":"de"},{"@type":"WebPage","@id":"https:\/\/www.creilsudoise-tourisme.fr\/2025\/06\/26\/vacances-ete\/","url":"https:\/\/www.creilsudoise-tourisme.fr\/2025\/06\/26\/vacances-ete\/","name":"Que faire cet \u00e9t\u00e9 ?","isPartOf":{"@id":"https:\/\/www.creilsudoise-tourisme.fr\/#website"},"datePublished":"2025-06-26T12:14:18+00:00","dateModified":"2025-10-08T08:32:34+00:00","description":"Que faire cet \u00e9t\u00e9 en famille ou entre amis \u00e0 Creil Sud Oise, pr\u00e8s de Chantilly et Senlis ? D\u00e9couvrez notre s\u00e9lection de sorties !","breadcrumb":{"@id":"https:\/\/www.creilsudoise-tourisme.fr\/2025\/06\/26\/vacances-ete\/#breadcrumb"},"inLanguage":"de","potentialAction":[{"@type":"ReadAction","target":["https:\/\/www.creilsudoise-tourisme.fr\/2025\/06\/26\/vacances-ete\/"]}]},{"@type":"BreadcrumbList","@id":"https:\/\/www.creilsudoise-tourisme.fr\/2025\/06\/26\/vacances-ete\/#breadcrumb","itemListElement":[{"@type":"ListItem","position":1,"name":"Accueil","item":"https:\/\/www.creilsudoise-tourisme.fr\/"},{"@type":"ListItem","position":2,"name":"C&rsquo;est les vacances d&rsquo;\u00e9t\u00e9 !"}]},{"@type":"WebSite","@id":"https:\/\/www.creilsudoise-tourisme.fr\/#website","url":"https:\/\/www.creilsudoise-tourisme.fr\/","name":"Office de Tourisme Creil Sud Oise","description":"Creil Sud Oise Tourisme, un territoire \u00e0 explorer !","publisher":{"@id":"https:\/\/www.creilsudoise-tourisme.fr\/#organization"},"potentialAction":[{"@type":"SearchAction","target":{"@type":"EntryPoint","urlTemplate":"https:\/\/www.creilsudoise-tourisme.fr\/?s={search_term_string}"},"query-input":"required name=search_term_string"}],"inLanguage":"de"},{"@type":"Organization","@id":"https:\/\/www.creilsudoise-tourisme.fr\/#organization","name":"Creil Sud Oise Tourisme","url":"https:\/\/www.creilsudoise-tourisme.fr\/","logo":{"@type":"ImageObject","inLanguage":"de","@id":"https:\/\/www.creilsudoise-tourisme.fr\/#\/schema\/logo\/image\/","url":"https:\/\/www.creilsudoise-tourisme.fr\/wp-content\/uploads\/2021\/05\/logo-svg.png","contentUrl":"https:\/\/www.creilsudoise-tourisme.fr\/wp-content\/uploads\/2021\/05\/logo-svg.png","width":182,"height":71,"caption":"Creil Sud Oise Tourisme"},"image":{"@id":"https:\/\/www.creilsudoise-tourisme.fr\/#\/schema\/logo\/image\/"},"sameAs":["https:\/\/www.facebook.com\/creilsudoisetourisme\/","https:\/\/twitter.com\/CreilSudOiseOT","https:\/\/www.instagram.com\/creilsudoisetourisme\/","https:\/\/www.youtube.com\/channel\/UC8L_QD2wwyADW14zt9fY8kw"]},{"@type":"Person","@id":"https:\/\/www.creilsudoise-tourisme.fr\/#\/schema\/person\/81a1ab3a236faa5508e8f47600a85072","name":"emilie","image":{"@type":"ImageObject","inLanguage":"de","@id":"https:\/\/www.creilsudoise-tourisme.fr\/#\/schema\/person\/image\/","url":"https:\/\/secure.gravatar.com\/avatar\/63ed1ecafae1b27e36a71e8626bc354f?s=96&d=mm&r=g","contentUrl":"https:\/\/secure.gravatar.com\/avatar\/63ed1ecafae1b27e36a71e8626bc354f?s=96&d=mm&r=g","caption":"emilie"},"url":"https:\/\/www.creilsudoise-tourisme.fr\/de\/auteur\/emilie\/"}]}},"_links":{"self":[{"href":"https:\/\/www.creilsudoise-tourisme.fr\/de\/wp-json\/wp\/v2\/posts\/63226"}],"collection":[{"href":"https:\/\/www.creilsudoise-tourisme.fr\/de\/wp-json\/wp\/v2\/posts"}],"about":[{"href":"https:\/\/www.creilsudoise-tourisme.fr\/de\/wp-json\/wp\/v2\/types\/post"}],"author":[{"embeddable":true,"href":"https:\/\/www.creilsudoise-tourisme.fr\/de\/wp-json\/wp\/v2\/users\/10"}],"replies":[{"embeddable":true,"href":"https:\/\/www.creilsudoise-tourisme.fr\/de\/wp-json\/wp\/v2\/comments?post=63226"}],"version-history":[{"count":35,"href":"https:\/\/www.creilsudoise-tourisme.fr\/de\/wp-json\/wp\/v2\/posts\/63226\/revisions"}],"predecessor-version":[{"id":64500,"href":"https:\/\/www.creilsudoise-tourisme.fr\/de\/wp-json\/wp\/v2\/posts\/63226\/revisions\/64500"}],"wp:featuredmedia":[{"embeddable":true,"href":"https:\/\/www.creilsudoise-tourisme.fr\/de\/wp-json\/wp\/v2\/media\/63310"}],"wp:attachment":[{"href":"https:\/\/www.creilsudoise-tourisme.fr\/de\/wp-json\/wp\/v2\/media?parent=63226"}],"wp:term":[{"taxonomy":"category","embeddable":true,"href":"https:\/\/www.creilsudoise-tourisme.fr\/de\/wp-json\/wp\/v2\/categories?post=63226"},{"taxonomy":"post_tag","embeddable":true,"href":"https:\/\/www.creilsudoise-tourisme.fr\/de\/wp-json\/wp\/v2\/tags?post=63226"}],"curies":[{"name":"wp","href":"https:\/\/api.w.org\/{rel}","templated":true}]}}