{"id":60988,"date":"2025-03-21T14:53:15","date_gmt":"2025-03-21T13:53:15","guid":{"rendered":"https:\/\/www.creilsudoise-tourisme.fr\/?p=60988"},"modified":"2025-04-25T08:58:56","modified_gmt":"2025-04-25T06:58:56","slug":"vacances-printemps","status":"publish","type":"post","link":"https:\/\/www.creilsudoise-tourisme.fr\/de\/2025\/03\/21\/fruhlingsferien\/","title":{"rendered":"Fr\u00fchlingsferien: Was machen wir?"},"content":{"rendered":"<p class=\"is-style-excerpt\">Die <strong>sch\u00f6ne Tage<\/strong> kommen! Die <strong>Himmel <\/strong>ist blau, die V\u00f6gel <strong>singen<\/strong>Wir sind uns nicht sicher, was wir heute anziehen sollen. <strong>frisch<\/strong>Die Nachmittage werden zu <strong>angenehm weich<\/strong>.<br>Schluss mit dem Smalltalk: Wie w\u00e4re es, wenn wir Ihnen <strong>Aktivit\u00e4ten<\/strong> und <strong>Ausg\u00e4nge<\/strong> um den Ferien Ihrer Kinder\/Enkelkinder einen Rhythmus zu geben?<\/p>\n\n\n\n<div class=\"is-content-justification-center is-layout-flex wp-container-1 wp-block-buttons\">\n<div class=\"wp-block-button\"><a class=\"wp-block-button__link wp-element-button\" href=\"https:\/\/www.creilsudoise-tourisme.fr\/de\/agenda\/\" target=\"_blank\" rel=\"noreferrer noopener\">ALLE AGENDA<\/a><\/div>\n<\/div>\n\n\n\n<h2>Besuche<\/h2>\n\n\n\n<p><\/p>\n\n\n\n<div class=\"is-layout-flex wp-container-4 wp-block-columns are-vertically-aligned-center\">\n<div class=\"is-layout-flow wp-block-column is-vertically-aligned-center\">\n<p>Wie \u00fcblich wird der <a href=\"https:\/\/www.creilsudoise-tourisme.fr\/de\/jexplore\/unumganglich\/musee-galle-juli\/\" target=\"_blank\" rel=\"noreferrer noopener\"><strong>Gall\u00e9-Juillet-Museum<\/strong><\/a> empf\u00e4ngt Sie w\u00e4hrend der Ferien von Mittwochnachmittag bis Sonntagnachmittag! Wenn Sie noch nicht durch die T\u00fcren dieses Museums gegangen sind <strong>unumg\u00e4nglich<\/strong> von Creil, die in Wirklichkeit eine <strong>Belle-Epoque-Haus<\/strong>dann ist das die Gelegenheit! Die M\u00f6bel von fr\u00fcher sind dort noch immer ausgestellt und Sie k\u00f6nnen die<strong>Geschichte<\/strong> dieser <strong>Familie<\/strong>, insbesondere die des kleinen <strong>Maurice<\/strong>.<br>Z\u00f6gern Sie nicht, die <strong><a href=\"https:\/\/www.creilsudoise-tourisme.fr\/de\/patrimoine\/maison-de-la-faience\/\" target=\"_blank\" rel=\"noreferrer noopener\">Maison de la Fa\u00efence (Haus der Fayence)<\/a><\/strong>In der Schule, direkt gegen\u00fcber dem Museum, gibt es eine <strong>beeindruckende Sammlung<\/strong> von feinem Steingut erwartet Sie dort, und es werden Aktivit\u00e4ten zur Besch\u00e4ftigung der J\u00fcngsten bereitgestellt!<br>Ich entdecke das Museum in <a href=\"https:\/\/www.youtube.com\/watch?v=wY9wGoow8Vo&amp;ab_channel=CreilSudOiseTourisme\" target=\"_blank\" rel=\"noreferrer noopener\"><strong>Video<\/strong><\/a> (<strong>das ist ganz neu!<\/strong>)<\/p>\n<\/div>\n\n\n\n<div class=\"is-layout-flow wp-block-column is-vertically-aligned-center\"><div class=\"wp-block-image\">\n<figure class=\"aligncenter size-large is-resized\"><img decoding=\"async\" loading=\"lazy\" data-src=\"https:\/\/www.creilsudoise-tourisme.fr\/wp-content\/uploads\/2023\/01\/3-Anne-Sophie-FLAMENT-ville-de-creil-MGJ-peintures-et-dessins-edited-1200x676.jpg\" alt=\"F\u00fchrung f\u00fcr Kinder im Gall\u00e9-Juillet-Museum in Creil\" class=\"wp-image-44228\" width=\"423\" height=\"238\" data-srcset=\"https:\/\/www.creilsudoise-tourisme.fr\/wp-content\/uploads\/2023\/01\/3-Anne-Sophie-FLAMENT-ville-de-creil-MGJ-peintures-et-dessins-edited-1200x676.jpg 1200w, https:\/\/www.creilsudoise-tourisme.fr\/wp-content\/uploads\/2023\/01\/3-Anne-Sophie-FLAMENT-ville-de-creil-MGJ-peintures-et-dessins-edited-600x338.jpg 600w, https:\/\/www.creilsudoise-tourisme.fr\/wp-content\/uploads\/2023\/01\/3-Anne-Sophie-FLAMENT-ville-de-creil-MGJ-peintures-et-dessins-edited-900x507.jpg 900w, https:\/\/www.creilsudoise-tourisme.fr\/wp-content\/uploads\/2023\/01\/3-Anne-Sophie-FLAMENT-ville-de-creil-MGJ-peintures-et-dessins-edited-1536x865.jpg 1536w, https:\/\/www.creilsudoise-tourisme.fr\/wp-content\/uploads\/2023\/01\/3-Anne-Sophie-FLAMENT-ville-de-creil-MGJ-peintures-et-dessins-edited-200x113.jpg 200w, https:\/\/www.creilsudoise-tourisme.fr\/wp-content\/uploads\/2023\/01\/3-Anne-Sophie-FLAMENT-ville-de-creil-MGJ-peintures-et-dessins-edited-650x366.jpg 650w, https:\/\/www.creilsudoise-tourisme.fr\/wp-content\/uploads\/2023\/01\/3-Anne-Sophie-FLAMENT-ville-de-creil-MGJ-peintures-et-dessins-edited-387x218.jpg 387w, https:\/\/www.creilsudoise-tourisme.fr\/wp-content\/uploads\/2023\/01\/3-Anne-Sophie-FLAMENT-ville-de-creil-MGJ-peintures-et-dessins-edited.jpg 1600w\" sizes=\"(max-width: 423px) 100vw, 423px\" \/><figcaption class=\"wp-element-caption\">Anne-Sophie Flament<\/figcaption><\/figure><\/div><\/div>\n<\/div>\n\n\n\n<div class=\"is-layout-flex wp-container-7 wp-block-columns\">\n<div class=\"is-layout-flow wp-block-column is-vertically-aligned-center\" style=\"flex-basis:33.33%\">\n<figure class=\"wp-block-image size-large\"><img decoding=\"async\" loading=\"lazy\" width=\"777\" height=\"1200\" data-src=\"https:\/\/www.creilsudoise-tourisme.fr\/wp-content\/uploads\/2025\/03\/Maison_Pierre-Saint_Maximin-Visite_guidee-B_Teissedre-5-777x1200.jpg\" alt=\"Karriere Pate in der Maison de la Pierre in Saint-Maximin\" class=\"wp-image-61012\" data-srcset=\"https:\/\/www.creilsudoise-tourisme.fr\/wp-content\/uploads\/2025\/03\/Maison_Pierre-Saint_Maximin-Visite_guidee-B_Teissedre-5-777x1200.jpg 777w, https:\/\/www.creilsudoise-tourisme.fr\/wp-content\/uploads\/2025\/03\/Maison_Pierre-Saint_Maximin-Visite_guidee-B_Teissedre-5-388x600.jpg 388w, https:\/\/www.creilsudoise-tourisme.fr\/wp-content\/uploads\/2025\/03\/Maison_Pierre-Saint_Maximin-Visite_guidee-B_Teissedre-5-583x900.jpg 583w, https:\/\/www.creilsudoise-tourisme.fr\/wp-content\/uploads\/2025\/03\/Maison_Pierre-Saint_Maximin-Visite_guidee-B_Teissedre-5-994x1536.jpg 994w, https:\/\/www.creilsudoise-tourisme.fr\/wp-content\/uploads\/2025\/03\/Maison_Pierre-Saint_Maximin-Visite_guidee-B_Teissedre-5-8x12.jpg 8w, https:\/\/www.creilsudoise-tourisme.fr\/wp-content\/uploads\/2025\/03\/Maison_Pierre-Saint_Maximin-Visite_guidee-B_Teissedre-5-200x309.jpg 200w, https:\/\/www.creilsudoise-tourisme.fr\/wp-content\/uploads\/2025\/03\/Maison_Pierre-Saint_Maximin-Visite_guidee-B_Teissedre-5-650x1004.jpg 650w, https:\/\/www.creilsudoise-tourisme.fr\/wp-content\/uploads\/2025\/03\/Maison_Pierre-Saint_Maximin-Visite_guidee-B_Teissedre-5-387x598.jpg 387w, https:\/\/www.creilsudoise-tourisme.fr\/wp-content\/uploads\/2025\/03\/Maison_Pierre-Saint_Maximin-Visite_guidee-B_Teissedre-5.jpg 1243w\" sizes=\"(max-width: 777px) 100vw, 777px\" \/><figcaption class=\"wp-element-caption\">B.Teissedre<\/figcaption><\/figure>\n<\/div>\n\n\n\n<div class=\"is-layout-flow wp-block-column\" style=\"flex-basis:66.66%\">\n<p>Anl\u00e4sslich des Osterfestes<a href=\"https:\/\/www.creilsudoise-tourisme.fr\/de\/jexplore\/unumganglich\/steinhaus\/\"> <strong>Steinhaus<\/strong><\/a> bietet Ihnen ein ganzes <strong>Haufen von Aktivit\u00e4ten<\/strong> (<em>siehe ci-d<\/em>essous, Rubrik \"Workshops\") sowie eine <strong><a href=\"https:\/\/www.creilsudoise-tourisme.fr\/de\/agenda-animations\/balades-contees-de-paques-au-coeur-des-carrieres-souterraines\/\" target=\"_blank\" rel=\"noreferrer noopener\">neuer M\u00e4rchenspaziergang<\/a><\/strong> unter <strong>Herz des unterirdischen Steinbruchs<\/strong> von Saint-Maximin zu finden! Folgen Sie einer <strong>geheimnisvolle Fee<\/strong> der Sie zu den <strong>Osterhasen<\/strong>&#8230; <em>Aber pssst, das ist ein <strong>Geheimnis<\/strong> !<\/em><br>Eine<strong> Eiersuche<\/strong> ist nach der Wanderung vorgesehen. Sind Sie also bereit <strong>laufen<\/strong> und \u00f6ffnen <strong>gro\u00dfe deine Augen<\/strong> ? <em>1,2,3...Los!<\/em><br>Beachten Sie, dass das Maison de la Pierre Anfang April wieder f\u00fcr die Saison ge\u00f6ffnet wird : <strong>jeden Mittwoch<\/strong>k\u00f6nnen Sie an einer <strong>gef\u00fchrte Tour durch den unterirdischen Steinbruch<\/strong>Mit einigen zus\u00e4tzlichen Daten zu Ostern: <a href=\"https:\/\/www.maisondelapierre-oise.fr\/activites\/\" target=\"_blank\" rel=\"noreferrer noopener\">wir lassen Sie das alles entdecken<\/a> !<\/p>\n<\/div>\n<\/div>\n\n\n\n<p><br><\/p>\n\n\n\n<p>F\u00fcr die J\u00fcngsten (5-14 Jahre) ist die&nbsp;<strong><a href=\"https:\/\/www.creilsudoise-tourisme.fr\/de\/jexplore\/unumganglich\/\" target=\"_blank\" rel=\"noreferrer noopener\">Nagelschmiede Rivierre<\/a><\/strong>&nbsp;in Creil bietet eine&nbsp;<a href=\"https:\/\/www.creilsudoise-tourisme.fr\/de\/agenda-animations\/visite-et-atelier-creatif-a-la-clouterie\/\" target=\"_blank\" rel=\"noreferrer noopener\"><strong>Schraube<\/strong><\/a><strong><a href=\"https:\/\/www.creilsudoise-tourisme.fr\/de\/agenda-animations\/visite-et-atelier-creatif-a-la-clouterie\/\" target=\"_blank\" rel=\"noreferrer noopener\">spielerische ite<\/a><\/strong>&nbsp;von seinem&nbsp;<strong>Fabrik<\/strong>gefolgt von einem&nbsp;<strong>Kreativwerkstatt<\/strong>&nbsp;rund um den Nagel: In Begleitung eines Erwachsenen geht Ihr Kind mit seinem eigenen&nbsp;<strong>Erstellung<\/strong>&nbsp;! Wer wei\u00df, von&nbsp;<strong>Berufungen<\/strong>&nbsp;vielleicht geboren werden?<br><br>Die <a href=\"https:\/\/www.nogentsuroise.fr\/a-tout-age\/enfance-et-education\/ferme-pedagogique\" target=\"_blank\" rel=\"noreferrer noopener\">p\u00e4dagogischer Bauernhof La MASTE<\/a>in Nogent-sur-Oise empf\u00e4ngt Sie zu folgenden Themen <a href=\"https:\/\/www.creilsudoise-tourisme.fr\/de\/agenda-animations\/bienvenue-a-la-ferme-pedagogique-de-la-maste-4\/\" target=\"_blank\" rel=\"noreferrer noopener\"><strong>die Tiere besuchen<\/strong> <\/a>die nur darauf warten <strong>Sie<\/strong> um gestreichelt zu werden!<\/p>\n\n\n\n<h2>Workshops<br><\/h2>\n\n\n\n<div class=\"is-layout-flex wp-container-10 wp-block-columns are-vertically-aligned-center\">\n<div class=\"is-layout-flow wp-block-column is-vertically-aligned-center\" style=\"flex-basis:66.66%\">\n<p>Die <strong><a href=\"https:\/\/www.creilsudoise-tourisme.fr\/de\/jexplore\/unumganglich\/steinhaus\/\">Steinhaus<\/a> <\/strong>in Saint-Maximin h\u00e4lt eine Palette von Aktivit\u00e4ten f\u00fcr Sie bereit:<strong> <a href=\"https:\/\/www.creilsudoise-tourisme.fr\/de\/agenda-animations\/initiation-sculpture-sur-pierre\/\" target=\"_blank\" rel=\"noreferrer noopener\">Steinbildhauerei<\/a><\/strong>, <strong>Einf\u00fchrung in die <a href=\"https:\/\/www.creilsudoise-tourisme.fr\/de\/agenda-animations\/atelier-lithotherapie\/\" target=\"_blank\" rel=\"noreferrer noopener\">Lithotherapie<\/a><\/strong>, <strong>Entdeckung des <a href=\"https:\/\/www.creilsudoise-tourisme.fr\/de\/agenda-animations\/atelier-le-pouvoir-des-plantes\/\" target=\"_blank\" rel=\"noreferrer noopener\">Pflanzenkraft<\/a><\/strong> mit einer <strong>Naturheilpraktikerin<\/strong>.<br>Sie k\u00f6nnen sogar <strong>alle machen<\/strong> wenn die<strong>Langeweile<\/strong> ist Ihr <strong>Feind<\/strong> !<\/p>\n<\/div>\n\n\n\n<div class=\"is-layout-flow wp-block-column is-vertically-aligned-center\" style=\"flex-basis:33.33%\">\n<figure class=\"wp-block-image size-large\"><img decoding=\"async\" loading=\"lazy\" width=\"800\" height=\"1200\" data-src=\"https:\/\/www.creilsudoise-tourisme.fr\/wp-content\/uploads\/2021\/05\/Initiation-a-la-sculpture-sur-pierre-avec-des-enfants-a-la-Maison-de-la-Pierre-a-Saint-Maximin-800x1200.jpg\" alt=\"Einf\u00fchrung in die Steinbildhauerei mit Kindern in der Maison de la Pierre in Saint-Maximin\" class=\"wp-image-34645\" data-srcset=\"https:\/\/www.creilsudoise-tourisme.fr\/wp-content\/uploads\/2021\/05\/Initiation-a-la-sculpture-sur-pierre-avec-des-enfants-a-la-Maison-de-la-Pierre-a-Saint-Maximin-800x1200.jpg 800w, https:\/\/www.creilsudoise-tourisme.fr\/wp-content\/uploads\/2021\/05\/Initiation-a-la-sculpture-sur-pierre-avec-des-enfants-a-la-Maison-de-la-Pierre-a-Saint-Maximin-400x600.jpg 400w, https:\/\/www.creilsudoise-tourisme.fr\/wp-content\/uploads\/2021\/05\/Initiation-a-la-sculpture-sur-pierre-avec-des-enfants-a-la-Maison-de-la-Pierre-a-Saint-Maximin-600x900.jpg 600w, https:\/\/www.creilsudoise-tourisme.fr\/wp-content\/uploads\/2021\/05\/Initiation-a-la-sculpture-sur-pierre-avec-des-enfants-a-la-Maison-de-la-Pierre-a-Saint-Maximin-200x300.jpg 200w, https:\/\/www.creilsudoise-tourisme.fr\/wp-content\/uploads\/2021\/05\/Initiation-a-la-sculpture-sur-pierre-avec-des-enfants-a-la-Maison-de-la-Pierre-a-Saint-Maximin-650x975.jpg 650w, https:\/\/www.creilsudoise-tourisme.fr\/wp-content\/uploads\/2021\/05\/Initiation-a-la-sculpture-sur-pierre-avec-des-enfants-a-la-Maison-de-la-Pierre-a-Saint-Maximin-282x424.jpg 282w, https:\/\/www.creilsudoise-tourisme.fr\/wp-content\/uploads\/2021\/05\/Initiation-a-la-sculpture-sur-pierre-avec-des-enfants-a-la-Maison-de-la-Pierre-a-Saint-Maximin-387x581.jpg 387w, https:\/\/www.creilsudoise-tourisme.fr\/wp-content\/uploads\/2021\/05\/Initiation-a-la-sculpture-sur-pierre-avec-des-enfants-a-la-Maison-de-la-Pierre-a-Saint-Maximin.jpg 900w\" sizes=\"(max-width: 800px) 100vw, 800px\" \/><figcaption class=\"wp-element-caption\">Comdesimages B. Teissedre ADRTOise<\/figcaption><\/figure>\n<\/div>\n<\/div>\n\n\n\n<p><br><br>Nehmen Sie an einem Besuch des <a href=\"https:\/\/www.creilsudoise-tourisme.fr\/de\/jexplore\/unumganglich\/musee-galle-juli\/\" target=\"_blank\" rel=\"noreferrer noopener\">Gall\u00e9-Juillet-Museum<\/a>gefolgt von einem<strong> <a href=\"https:\/\/www.creilsudoise-tourisme.fr\/de\/agenda-animations\/decore-ton-coloriage-pour-quil-rime-avec-musique\/\" target=\"_blank\" rel=\"noreferrer noopener\">kreativer Workshop zum Ausmalen und Kleben<\/a><\/strong> zum Thema <strong>Musik<\/strong> dargestellt in der <strong>Keramik<\/strong>. Dieser Workshop ist <strong>in Verbindung<\/strong> mit <a href=\"https:\/\/www.creilsudoise-tourisme.fr\/de\/agenda-animations\/exposition-quand-musique-rime-avec-ceramique-2\/\" target=\"_blank\" rel=\"noreferrer noopener\">die Ausstellung \"Quand musique rime avec c\u00e9ramique\" (Wenn sich Musik auf Keramik reimt),<\/a> verf\u00fcgbar bis zum 22. Juni.<br><br>Lassen Sie sich von einem<strong> <a href=\"https:\/\/www.creilsudoise-tourisme.fr\/de\/agenda-animations\/stage-sculpture-sur-bois\/\" target=\"_blank\" rel=\"noreferrer noopener\">Holzschnitzkurs<\/a><\/strong> die sich \u00fcber mehrere Tage in der<a href=\"https:\/\/www.creilsudoise-tourisme.fr\/de\/loisirs\/espace-henri-matisse\/\" target=\"_blank\" rel=\"noreferrer noopener\">'<strong>Raum Matisse<\/strong><\/a> von Creil. Entdecken Sie die <strong>althergebrachte Gesten<\/strong> und der <strong>Know-how<\/strong> der <strong>Holzschnitzerei<\/strong>. Ab 14 Jahren.<br><br>Mit dem Dienst <strong><a href=\"https:\/\/www.facebook.com\/ecologis60\" target=\"_blank\" rel=\"noreferrer noopener\">Eco'Logis<\/a><\/strong> von <strong>Tandem Immobilien<\/strong>Sie k\u00f6nnen sich <strong><a href=\"https:\/\/www.creilsudoise-tourisme.fr\/de\/agenda-animations\/atelier-initiation-au-jardinage-2\/\" target=\"_blank\" rel=\"noreferrer noopener\">in die Gartenarbeit einf\u00fchren<\/a> <\/strong>: S\u00e4mlinge pflanzen, Austausch \u00fcber Obst und Gem\u00fcse der Saison, Insekten im Garten, ... Und ja, es ist<strong> m\u00f6glich<\/strong> sich mit der Gartenarbeit zu besch\u00e4ftigen, <strong>sogar in der Wohnung<\/strong> ! Workshop <strong>m\u00f6glich<\/strong> mit den <strong>Kinder<\/strong>.<br><\/p>\n\n\n\n<h2>Kultur<\/h2>\n\n\n\n<p>Lassen Sie uns \u00fcber Kultur sprechen! <\/p>\n\n\n\n<div class=\"is-layout-flex wp-container-13 wp-block-columns are-vertically-aligned-center\">\n<div class=\"is-layout-flow wp-block-column is-vertically-aligned-center\">\n<p>Die <strong>Festival <a href=\"https:\/\/www.creilsudoise-tourisme.fr\/de\/agenda-animations\/festival-les-ptites-tommettes\/\" target=\"_blank\" rel=\"noreferrer noopener\">Die p'tites tommettes<\/a><\/strong> von <a href=\"https:\/\/www.creilsudoise-tourisme.fr\/de\/loisirs\/la-faiencerie-theatre\/\"><strong>Die Fa\u00efencerie<\/strong><\/a> de Creil bietet Ihnen verschiedene <strong>Workshops<\/strong>, <strong>Auff\u00fchrungen<\/strong> und <strong>Filmvorf\u00fchrungen<\/strong> f\u00fcr die <strong>Knirps<\/strong> (0 bis 5 Jahre!). Workshops f\u00fcr <strong>werdende M\u00fctter<\/strong> warten ebenfalls auf Sie!<br>Finden Sie die <strong>Programmierung<\/strong> ganz <strong><a href=\"https:\/\/faiencerie-theatre.com\/p-tites-tommettes\" target=\"_blank\" rel=\"noreferrer noopener\">hier<\/a><\/strong> !<\/p>\n<\/div>\n\n\n\n<div class=\"is-layout-flow wp-block-column is-vertically-aligned-center\">\n<figure class=\"wp-block-image size-full is-resized\"><img decoding=\"async\" loading=\"lazy\" data-src=\"https:\/\/www.creilsudoise-tourisme.fr\/wp-content\/uploads\/2025\/03\/programme_ptitestomettes_2025_web_Page_01.jpg\" alt=\"\" class=\"wp-image-60997\" width=\"228\" height=\"315\" data-srcset=\"https:\/\/www.creilsudoise-tourisme.fr\/wp-content\/uploads\/2025\/03\/programme_ptitestomettes_2025_web_Page_01.jpg 768w, https:\/\/www.creilsudoise-tourisme.fr\/wp-content\/uploads\/2025\/03\/programme_ptitestomettes_2025_web_Page_01-433x600.jpg 433w, https:\/\/www.creilsudoise-tourisme.fr\/wp-content\/uploads\/2025\/03\/programme_ptitestomettes_2025_web_Page_01-650x900.jpg 650w, https:\/\/www.creilsudoise-tourisme.fr\/wp-content\/uploads\/2025\/03\/programme_ptitestomettes_2025_web_Page_01-9x12.jpg 9w, https:\/\/www.creilsudoise-tourisme.fr\/wp-content\/uploads\/2025\/03\/programme_ptitestomettes_2025_web_Page_01-200x277.jpg 200w, https:\/\/www.creilsudoise-tourisme.fr\/wp-content\/uploads\/2025\/03\/programme_ptitestomettes_2025_web_Page_01-387x536.jpg 387w\" sizes=\"(max-width: 228px) 100vw, 228px\" \/><\/figure>\n<\/div>\n<\/div>\n\n\n\n<p><\/p>\n\n\n\n<p><br>Auf die <a href=\"https:\/\/www.villers-saint-paul.fr\/la-biblioth%C3%A8que-municipale-colette\"><strong>Bibliothek Colette<\/strong><\/a> von Villers-Saint-Paul, ein<a href=\"https:\/\/www.creilsudoise-tourisme.fr\/de\/agenda-animations\/loisirs-les-apres-midi-jeux-en-avril\/\" target=\"_blank\" rel=\"noreferrer noopener\">&nbsp;<strong>Spielenachmittag<\/strong><\/a>&nbsp;f\u00fcr Kinder (in Begleitung) wartet auf Sie. Sie k\u00f6nnen einen&nbsp;<strong>sch\u00f6ner Nachmittag<\/strong> strategisch. <em>Konter-Uno!<\/em><br><br>Ebenfalls f\u00fcr die J\u00fcngsten ist die&nbsp;<a href=\"https:\/\/www.creilsudoise-tourisme.fr\/de\/agenda-animations\/lecture-les-livres-cest-bon-pour-les-bebes_-fevrier\/\" target=\"_blank\" rel=\"noreferrer noopener\">Mediathek in Saint-Vaast-l\u00e8s-Mello<\/a>  bietet eine&nbsp;<strong><a href=\"https:\/\/www.creilsudoise-tourisme.fr\/de\/agenda-animations\/lecture-les-livres-cest-bon-pour-les-bebes_-avril\/\" target=\"_blank\" rel=\"noreferrer noopener\">Sitzung f\u00fcr Kinder von 0 bis 3 Jahren geeignet<\/a><\/strong>. Auf dem Programm stehen:&nbsp;<strong>eine M\u00e4rchenstunde<\/strong> und der Entdeckung von W\u00f6rtern.<br><br>F\u00fcr Teenager (ab 15 Jahren) ist die <a href=\"https:\/\/mediatheque.creil.fr\/decouvrir-les-mediatheques\" target=\"_blank\" rel=\"noreferrer noopener\">Mediathek Antoine Chanut<\/a> von Creil bietet Ihnen die M\u00f6glichkeit, Ihre<strong> Lieblingsfilm<\/strong> des Augenblicks zu diskutieren und sich \u00fcber den <strong>7. Kunst<\/strong> ! <em>Nein, aber das ist verr\u00fcckt, das ist auch mein Lieblingsfilm!<\/em><br><br>Die&nbsp;<a href=\"https:\/\/www.saintmaximin.eu\/bibliotheque-et-catalogue_fr.html\" target=\"_blank\" rel=\"noreferrer noopener\">Bibliothek Elsa Triolet in Saint-Maximin<\/a>&nbsp;bietet f\u00fcr die<strong> Teenager ab 16 Jahren<\/strong> und <strong>Erwachsene<\/strong>ein&nbsp;<strong><a href=\"https:\/\/www.saintmaximin.eu\/article_468_1_cafe-gourmand_fr.html\" target=\"_blank\" rel=\"noreferrer noopener\">Gourmetkaffee<\/a><\/strong>&nbsp;um&nbsp;<strong>teilen<\/strong>&nbsp;von B\u00fcchern, Serien, Filmen, Spielen, Ausstellungen... Der Moment&nbsp;<strong>ideal<\/strong>&nbsp;zu machen&nbsp;<strong>kulturelle Entdeckungen<\/strong>&nbsp;und&nbsp;<strong>Freundschaften<\/strong>&nbsp;!<\/p>\n\n\n\n<h2>Und au\u00dferdem<\/h2>\n\n\n\n<p>Die<strong> <a href=\"https:\/\/www.creilsudoise-tourisme.fr\/de\/agenda-animations\/loisirs-les-petits-trains-dans-le-parc-de-la-breche\/\" target=\"_blank\" rel=\"noreferrer noopener\">Fahrten mit dem kleinen Zug<\/a><\/strong><a href=\"https:\/\/www.creilsudoise-tourisme.fr\/de\/agenda-animations\/loisirs-les-petits-trains-dans-le-parc-de-la-breche\/\" target=\"_blank\" rel=\"noreferrer noopener\"> <\/a>in der <a href=\"https:\/\/www.creilsudoise-tourisme.fr\/de\/espace-naturel\/baum-park\/\" target=\"_blank\" rel=\"noreferrer noopener\">Parc de la Br\u00e8che<\/a> in Villers-Saint-Paul machen ihren <strong>zur\u00fcck <\/strong>diesen Fr\u00fchling!<br>Nutzen Sie die <strong>sch\u00f6ne Tage<\/strong> f\u00fcr einen <strong>Familienzeit<\/strong> ! <em>Sollen wir zur n\u00e4chsten Runde \u00fcbergehen?<\/em><\/p>\n\n\n\n<div class=\"is-layout-flex wp-container-15 wp-block-columns\">\n<div class=\"is-layout-flow wp-block-column\" style=\"flex-basis:66.66%\">\n<p><\/p>\n<\/div>\n<\/div>\n\n\n\n<div class=\"is-layout-flex wp-container-18 wp-block-columns\">\n<div class=\"is-layout-flow wp-block-column is-vertically-aligned-center\" style=\"flex-basis:50%\">\n<figure class=\"wp-block-image size-large\"><img decoding=\"async\" data-src=\"https:\/\/www.creilsudoise-tourisme.fr\/wp-content\/uploads\/wpetourisme\/SAINT-VAAST-LES-MELLO-Etang-Drone-Creil-Sud-Oise-Tourisme--1--1200x675.jpg\" alt=\"\" class=\"wp-image-60720\"\/><figcaption class=\"wp-element-caption\">Saint-Vaast-l\u00e8s-Mello<\/figcaption><\/figure>\n<\/div>\n\n\n\n<div class=\"is-layout-flow wp-block-column\" style=\"flex-basis:33.33%\">\n<p>Ausgang <strong>100% Natur und Entdeckung<\/strong> : eine <strong><a href=\"https:\/\/www.creilsudoise-tourisme.fr\/de\/agenda-animations\/balade-decouverte-du-territoire-a-la-vallee-du-therain\/\" target=\"_blank\" rel=\"noreferrer noopener\">Entdeckungsspaziergang durch das Gebiet bis zum Tal des Th\u00e9rain<\/a><\/strong>. Kommentiert von einer <strong>Naturf\u00fchrer mit G\u00fctesiegel <a href=\"https:\/\/www.parcs-naturels-regionaux.fr\/les-enjeux\/economie\/valeurs-parc-naturel-regional\/valeurs-parc-naturel-regional-la-marque\">Werte Regionaler Naturpark<\/a><\/strong>, gehen Sie in <strong>Erkundung<\/strong> ! Auf dem Programm stehen Waschh\u00e4user, Kirchen, Teiche und Feuchtgebiete: wahre Refugien der Biodiversit\u00e4t. <strong>Erfahren Sie mehr<\/strong> mehr \u00fcber die <strong>lokale Tierwelt<\/strong>. Endlich, <strong>probieren Sie<\/strong> der <strong>lokale Produkte<\/strong> zum Abschluss dieses Vormittags, der <strong>voll von Teilen<\/strong> !<\/p>\n<\/div>\n<\/div>\n\n\n\n<p><br><br>Die <strong><a href=\"https:\/\/www.creilsudoise-tourisme.fr\/de\/agenda-animations\/fete-foraine-de-printemps\/\" target=\"_blank\" rel=\"noreferrer noopener\">Fr\u00fchlingsfest<\/a><\/strong> kommt nach Creil! Sie wird praktisch auf der <strong>Gesamtheit der Ferien<\/strong>. Welches Fahrgesch\u00e4ft reizt Sie am meisten? <br><br>Eine <strong>Schnitzeljagd<\/strong> zum Abschluss der Ferien und <strong>das Kommen der Osterglocken feiern<\/strong> ? Das Freizeitzentrum von Saint-Leu d'Esserent stellt Ihnen eine <strong><a href=\"https:\/\/www.creilsudoise-tourisme.fr\/de\/agenda-animations\/chasse-aux-oeufs-a-saint-leu-desserent\/\" target=\"_blank\" rel=\"noreferrer noopener\">Eiersuche<\/a><\/strong> ausschlie\u00dflich f\u00fcr Lupovicer reserviert.<br><br>Die <a href=\"https:\/\/www.saintleudesserent.fr\/\" target=\"_blank\" rel=\"noreferrer noopener\">Gemeinde Saint-Leu d'Esserent<\/a> organisiert eine <a href=\"https:\/\/www.saintleudesserent.fr\/article_549_1_chasse-au-tresor-du-patrimoine-pour-paques_fr.html\" target=\"_blank\" rel=\"noreferrer noopener\">Schnitzeljagd<\/a> : Hilf dem Hasen, seinen Schatz zu finden! Achtung, Reservierung erforderlich!<br><br>Eine<a href=\"https:\/\/www.creilsudoise-tourisme.fr\/de\/agenda-animations\/escape-game-panique-dans-la-bibliotheque\/\" target=\"_blank\" rel=\"noreferrer noopener\"> Escape Game<\/a> an die <a href=\"https:\/\/www.saintmaximin.eu\/bibliotheque-et-catalogue\" target=\"_blank\" rel=\"noreferrer noopener\">Bibliothek in Saint-Maximin<\/a> : Stoppen Sie eine sehr gef\u00e4hrliche Gruppe, die Obscurantes. Diese Manipulatoren verbreiten regelm\u00e4\u00dfig falsche wissenschaftliche Informationen. K\u00f6nnen Sie sie rechtzeitig stoppen?<br><\/p>\n\n\n\n<hr class=\"wp-block-separator has-alpha-channel-opacity\"\/>\n\n\n\n<div class=\"is-layout-flex wp-block-buttons\">\n<div class=\"wp-block-button aligncenter\"><a class=\"wp-block-button__link wp-element-button\" href=\"https:\/\/www.creilsudoise-tourisme.fr\/de\/agenda\/\" target=\"_blank\" rel=\"noreferrer noopener\">ALLE AGENDA<\/a><\/div>\n<\/div>","protected":false},"excerpt":{"rendered":"<p>Die sch\u00f6nen Tage kommen! Der Himmel ist blau, die V\u00f6gel zwitschern und wir sind uns nicht sicher, was wir heute anziehen sollen: Die Morgen sind noch k\u00fchl, w\u00e4hrend die Nachmittage angenehm mild werden.Genug geplaudert: Wie w\u00e4re es, wenn wir Ihnen Aktivit\u00e4ten und Ausfl\u00fcge vorschlagen, die den Ferien Ihrer Kinder\/Enkelkinder den richtigen Rhythmus verleihen? [...]<\/p>","protected":false},"author":10,"featured_media":60835,"comment_status":"closed","ping_status":"closed","sticky":false,"template":"","format":"standard","meta":{"_relevanssi_hide_post":"","_relevanssi_hide_content":"","_relevanssi_pin_for_all":"","_relevanssi_pin_keywords":"","_relevanssi_unpin_keywords":"","_relevanssi_related_keywords":"","_relevanssi_related_include_ids":"","_relevanssi_related_exclude_ids":"","_relevanssi_related_no_append":"","_relevanssi_related_not_related":"","_relevanssi_related_posts":"40150,40285,39936,40900,52538,37060","_relevanssi_noindex_reason":""},"categories":[5],"tags":[],"yoast_head":"<!-- This site is optimized with the Yoast SEO plugin v20.2.1 - https:\/\/yoast.com\/wordpress\/plugins\/seo\/ -->\n<title>Programme des vacances de Printemps \u00e0 Creil Sud Oise !<\/title>\n<meta name=\"description\" content=\"On fait quoi pendant les vacances de printemps ? D\u00e9couvrez notre s\u00e9lection d&#039;activit\u00e9s \u00e0 Creil Sud Oise, pr\u00e8s de Chantilly et Senlis !\" \/>\n<meta name=\"robots\" content=\"index, follow, max-snippet:-1, max-image-preview:large, max-video-preview:-1\" \/>\n<link rel=\"canonical\" href=\"https:\/\/www.creilsudoise-tourisme.fr\/de\/2025\/03\/21\/fruhlingsferien\/\" \/>\n<meta property=\"og:locale\" content=\"de_DE\" \/>\n<meta property=\"og:type\" content=\"article\" \/>\n<meta property=\"og:title\" content=\"Programme des vacances de Printemps \u00e0 Creil Sud Oise !\" \/>\n<meta property=\"og:description\" content=\"On fait quoi pendant les vacances de printemps ? D\u00e9couvrez notre s\u00e9lection d&#039;activit\u00e9s \u00e0 Creil Sud Oise, pr\u00e8s de Chantilly et Senlis !\" \/>\n<meta property=\"og:url\" content=\"https:\/\/www.creilsudoise-tourisme.fr\/de\/2025\/03\/21\/fruhlingsferien\/\" \/>\n<meta property=\"og:site_name\" content=\"Office de Tourisme Creil Sud Oise\" \/>\n<meta property=\"article:publisher\" content=\"https:\/\/www.facebook.com\/creilsudoisetourisme\/\" \/>\n<meta property=\"article:published_time\" content=\"2025-03-21T13:53:15+00:00\" \/>\n<meta property=\"article:modified_time\" content=\"2025-04-25T06:58:56+00:00\" \/>\n<meta property=\"og:image\" content=\"https:\/\/www.creilsudoise-tourisme.fr\/wp-content\/uploads\/2025\/03\/Prog-Paques-web-NL-Header-image-de-mise-en-avant.jpg\" \/>\n\t<meta property=\"og:image:width\" content=\"1480\" \/>\n\t<meta property=\"og:image:height\" content=\"740\" \/>\n\t<meta property=\"og:image:type\" content=\"image\/jpeg\" \/>\n<meta name=\"author\" content=\"emilie\" \/>\n<meta name=\"twitter:card\" content=\"summary_large_image\" \/>\n<meta name=\"twitter:creator\" content=\"@CreilSudOiseOT\" \/>\n<meta name=\"twitter:site\" content=\"@CreilSudOiseOT\" \/>\n<meta name=\"twitter:label1\" content=\"Verfasst von\" \/>\n\t<meta name=\"twitter:data1\" content=\"emilie\" \/>\n\t<meta name=\"twitter:label2\" content=\"Gesch\u00e4tzte Lesezeit\" \/>\n\t<meta name=\"twitter:data2\" content=\"5\u00a0Minuten\" \/>\n<script type=\"application\/ld+json\" class=\"yoast-schema-graph\">{\"@context\":\"https:\/\/schema.org\",\"@graph\":[{\"@type\":\"Article\",\"@id\":\"https:\/\/www.creilsudoise-tourisme.fr\/2025\/03\/21\/vacances-printemps\/#article\",\"isPartOf\":{\"@id\":\"https:\/\/www.creilsudoise-tourisme.fr\/2025\/03\/21\/vacances-printemps\/\"},\"author\":{\"name\":\"emilie\",\"@id\":\"https:\/\/www.creilsudoise-tourisme.fr\/#\/schema\/person\/81a1ab3a236faa5508e8f47600a85072\"},\"headline\":\"Vacances de printemps : on fait quoi ?\",\"datePublished\":\"2025-03-21T13:53:15+00:00\",\"dateModified\":\"2025-04-25T06:58:56+00:00\",\"mainEntityOfPage\":{\"@id\":\"https:\/\/www.creilsudoise-tourisme.fr\/2025\/03\/21\/vacances-printemps\/\"},\"wordCount\":1012,\"publisher\":{\"@id\":\"https:\/\/www.creilsudoise-tourisme.fr\/#organization\"},\"articleSection\":[\"Actus\"],\"inLanguage\":\"de\"},{\"@type\":\"WebPage\",\"@id\":\"https:\/\/www.creilsudoise-tourisme.fr\/2025\/03\/21\/vacances-printemps\/\",\"url\":\"https:\/\/www.creilsudoise-tourisme.fr\/2025\/03\/21\/vacances-printemps\/\",\"name\":\"Programme des vacances de Printemps \u00e0 Creil Sud Oise !\",\"isPartOf\":{\"@id\":\"https:\/\/www.creilsudoise-tourisme.fr\/#website\"},\"datePublished\":\"2025-03-21T13:53:15+00:00\",\"dateModified\":\"2025-04-25T06:58:56+00:00\",\"description\":\"On fait quoi pendant les vacances de printemps ? D\u00e9couvrez notre s\u00e9lection d'activit\u00e9s \u00e0 Creil Sud Oise, pr\u00e8s de Chantilly et Senlis !\",\"breadcrumb\":{\"@id\":\"https:\/\/www.creilsudoise-tourisme.fr\/2025\/03\/21\/vacances-printemps\/#breadcrumb\"},\"inLanguage\":\"de\",\"potentialAction\":[{\"@type\":\"ReadAction\",\"target\":[\"https:\/\/www.creilsudoise-tourisme.fr\/2025\/03\/21\/vacances-printemps\/\"]}]},{\"@type\":\"BreadcrumbList\",\"@id\":\"https:\/\/www.creilsudoise-tourisme.fr\/2025\/03\/21\/vacances-printemps\/#breadcrumb\",\"itemListElement\":[{\"@type\":\"ListItem\",\"position\":1,\"name\":\"Accueil\",\"item\":\"https:\/\/www.creilsudoise-tourisme.fr\/\"},{\"@type\":\"ListItem\",\"position\":2,\"name\":\"Vacances de printemps : on fait quoi ?\"}]},{\"@type\":\"WebSite\",\"@id\":\"https:\/\/www.creilsudoise-tourisme.fr\/#website\",\"url\":\"https:\/\/www.creilsudoise-tourisme.fr\/\",\"name\":\"Office de Tourisme Creil Sud Oise\",\"description\":\"Creil Sud Oise Tourisme, un territoire \u00e0 explorer !\",\"publisher\":{\"@id\":\"https:\/\/www.creilsudoise-tourisme.fr\/#organization\"},\"potentialAction\":[{\"@type\":\"SearchAction\",\"target\":{\"@type\":\"EntryPoint\",\"urlTemplate\":\"https:\/\/www.creilsudoise-tourisme.fr\/?s={search_term_string}\"},\"query-input\":\"required name=search_term_string\"}],\"inLanguage\":\"de\"},{\"@type\":\"Organization\",\"@id\":\"https:\/\/www.creilsudoise-tourisme.fr\/#organization\",\"name\":\"Creil Sud Oise Tourisme\",\"url\":\"https:\/\/www.creilsudoise-tourisme.fr\/\",\"logo\":{\"@type\":\"ImageObject\",\"inLanguage\":\"de\",\"@id\":\"https:\/\/www.creilsudoise-tourisme.fr\/#\/schema\/logo\/image\/\",\"url\":\"https:\/\/www.creilsudoise-tourisme.fr\/wp-content\/uploads\/2021\/05\/logo-svg.png\",\"contentUrl\":\"https:\/\/www.creilsudoise-tourisme.fr\/wp-content\/uploads\/2021\/05\/logo-svg.png\",\"width\":182,\"height\":71,\"caption\":\"Creil Sud Oise Tourisme\"},\"image\":{\"@id\":\"https:\/\/www.creilsudoise-tourisme.fr\/#\/schema\/logo\/image\/\"},\"sameAs\":[\"https:\/\/www.facebook.com\/creilsudoisetourisme\/\",\"https:\/\/twitter.com\/CreilSudOiseOT\",\"https:\/\/www.instagram.com\/creilsudoisetourisme\/\",\"https:\/\/www.youtube.com\/channel\/UC8L_QD2wwyADW14zt9fY8kw\"]},{\"@type\":\"Person\",\"@id\":\"https:\/\/www.creilsudoise-tourisme.fr\/#\/schema\/person\/81a1ab3a236faa5508e8f47600a85072\",\"name\":\"emilie\",\"image\":{\"@type\":\"ImageObject\",\"inLanguage\":\"de\",\"@id\":\"https:\/\/www.creilsudoise-tourisme.fr\/#\/schema\/person\/image\/\",\"url\":\"https:\/\/secure.gravatar.com\/avatar\/63ed1ecafae1b27e36a71e8626bc354f?s=96&d=mm&r=g\",\"contentUrl\":\"https:\/\/secure.gravatar.com\/avatar\/63ed1ecafae1b27e36a71e8626bc354f?s=96&d=mm&r=g\",\"caption\":\"emilie\"},\"url\":\"https:\/\/www.creilsudoise-tourisme.fr\/de\/auteur\/emilie\/\"}]}<\/script>\n<!-- \/ Yoast SEO plugin. -->","yoast_head_json":{"title":"Programme des vacances de Printemps \u00e0 Creil Sud Oise !","description":"On fait quoi pendant les vacances de printemps ? D\u00e9couvrez notre s\u00e9lection d'activit\u00e9s \u00e0 Creil Sud Oise, pr\u00e8s de Chantilly et Senlis !","robots":{"index":"index","follow":"follow","max-snippet":"max-snippet:-1","max-image-preview":"max-image-preview:large","max-video-preview":"max-video-preview:-1"},"canonical":"https:\/\/www.creilsudoise-tourisme.fr\/de\/2025\/03\/21\/fruhlingsferien\/","og_locale":"de_DE","og_type":"article","og_title":"Programme des vacances de Printemps \u00e0 Creil Sud Oise !","og_description":"On fait quoi pendant les vacances de printemps ? D\u00e9couvrez notre s\u00e9lection d'activit\u00e9s \u00e0 Creil Sud Oise, pr\u00e8s de Chantilly et Senlis !","og_url":"https:\/\/www.creilsudoise-tourisme.fr\/de\/2025\/03\/21\/fruhlingsferien\/","og_site_name":"Office de Tourisme Creil Sud Oise","article_publisher":"https:\/\/www.facebook.com\/creilsudoisetourisme\/","article_published_time":"2025-03-21T13:53:15+00:00","article_modified_time":"2025-04-25T06:58:56+00:00","og_image":[{"width":1480,"height":740,"url":"https:\/\/www.creilsudoise-tourisme.fr\/wp-content\/uploads\/2025\/03\/Prog-Paques-web-NL-Header-image-de-mise-en-avant.jpg","type":"image\/jpeg"}],"author":"emilie","twitter_card":"summary_large_image","twitter_creator":"@CreilSudOiseOT","twitter_site":"@CreilSudOiseOT","twitter_misc":{"Verfasst von":"emilie","Gesch\u00e4tzte Lesezeit":"5\u00a0Minuten"},"schema":{"@context":"https:\/\/schema.org","@graph":[{"@type":"Article","@id":"https:\/\/www.creilsudoise-tourisme.fr\/2025\/03\/21\/vacances-printemps\/#article","isPartOf":{"@id":"https:\/\/www.creilsudoise-tourisme.fr\/2025\/03\/21\/vacances-printemps\/"},"author":{"name":"emilie","@id":"https:\/\/www.creilsudoise-tourisme.fr\/#\/schema\/person\/81a1ab3a236faa5508e8f47600a85072"},"headline":"Vacances de printemps : on fait quoi ?","datePublished":"2025-03-21T13:53:15+00:00","dateModified":"2025-04-25T06:58:56+00:00","mainEntityOfPage":{"@id":"https:\/\/www.creilsudoise-tourisme.fr\/2025\/03\/21\/vacances-printemps\/"},"wordCount":1012,"publisher":{"@id":"https:\/\/www.creilsudoise-tourisme.fr\/#organization"},"articleSection":["Actus"],"inLanguage":"de"},{"@type":"WebPage","@id":"https:\/\/www.creilsudoise-tourisme.fr\/2025\/03\/21\/vacances-printemps\/","url":"https:\/\/www.creilsudoise-tourisme.fr\/2025\/03\/21\/vacances-printemps\/","name":"Programme des vacances de Printemps \u00e0 Creil Sud Oise !","isPartOf":{"@id":"https:\/\/www.creilsudoise-tourisme.fr\/#website"},"datePublished":"2025-03-21T13:53:15+00:00","dateModified":"2025-04-25T06:58:56+00:00","description":"On fait quoi pendant les vacances de printemps ? D\u00e9couvrez notre s\u00e9lection d'activit\u00e9s \u00e0 Creil Sud Oise, pr\u00e8s de Chantilly et Senlis !","breadcrumb":{"@id":"https:\/\/www.creilsudoise-tourisme.fr\/2025\/03\/21\/vacances-printemps\/#breadcrumb"},"inLanguage":"de","potentialAction":[{"@type":"ReadAction","target":["https:\/\/www.creilsudoise-tourisme.fr\/2025\/03\/21\/vacances-printemps\/"]}]},{"@type":"BreadcrumbList","@id":"https:\/\/www.creilsudoise-tourisme.fr\/2025\/03\/21\/vacances-printemps\/#breadcrumb","itemListElement":[{"@type":"ListItem","position":1,"name":"Accueil","item":"https:\/\/www.creilsudoise-tourisme.fr\/"},{"@type":"ListItem","position":2,"name":"Vacances de printemps : on fait quoi ?"}]},{"@type":"WebSite","@id":"https:\/\/www.creilsudoise-tourisme.fr\/#website","url":"https:\/\/www.creilsudoise-tourisme.fr\/","name":"Office de Tourisme Creil Sud Oise","description":"Creil Sud Oise Tourisme, un territoire \u00e0 explorer !","publisher":{"@id":"https:\/\/www.creilsudoise-tourisme.fr\/#organization"},"potentialAction":[{"@type":"SearchAction","target":{"@type":"EntryPoint","urlTemplate":"https:\/\/www.creilsudoise-tourisme.fr\/?s={search_term_string}"},"query-input":"required name=search_term_string"}],"inLanguage":"de"},{"@type":"Organization","@id":"https:\/\/www.creilsudoise-tourisme.fr\/#organization","name":"Creil Sud Oise Tourisme","url":"https:\/\/www.creilsudoise-tourisme.fr\/","logo":{"@type":"ImageObject","inLanguage":"de","@id":"https:\/\/www.creilsudoise-tourisme.fr\/#\/schema\/logo\/image\/","url":"https:\/\/www.creilsudoise-tourisme.fr\/wp-content\/uploads\/2021\/05\/logo-svg.png","contentUrl":"https:\/\/www.creilsudoise-tourisme.fr\/wp-content\/uploads\/2021\/05\/logo-svg.png","width":182,"height":71,"caption":"Creil Sud Oise Tourisme"},"image":{"@id":"https:\/\/www.creilsudoise-tourisme.fr\/#\/schema\/logo\/image\/"},"sameAs":["https:\/\/www.facebook.com\/creilsudoisetourisme\/","https:\/\/twitter.com\/CreilSudOiseOT","https:\/\/www.instagram.com\/creilsudoisetourisme\/","https:\/\/www.youtube.com\/channel\/UC8L_QD2wwyADW14zt9fY8kw"]},{"@type":"Person","@id":"https:\/\/www.creilsudoise-tourisme.fr\/#\/schema\/person\/81a1ab3a236faa5508e8f47600a85072","name":"emilie","image":{"@type":"ImageObject","inLanguage":"de","@id":"https:\/\/www.creilsudoise-tourisme.fr\/#\/schema\/person\/image\/","url":"https:\/\/secure.gravatar.com\/avatar\/63ed1ecafae1b27e36a71e8626bc354f?s=96&d=mm&r=g","contentUrl":"https:\/\/secure.gravatar.com\/avatar\/63ed1ecafae1b27e36a71e8626bc354f?s=96&d=mm&r=g","caption":"emilie"},"url":"https:\/\/www.creilsudoise-tourisme.fr\/de\/auteur\/emilie\/"}]}},"_links":{"self":[{"href":"https:\/\/www.creilsudoise-tourisme.fr\/de\/wp-json\/wp\/v2\/posts\/60988"}],"collection":[{"href":"https:\/\/www.creilsudoise-tourisme.fr\/de\/wp-json\/wp\/v2\/posts"}],"about":[{"href":"https:\/\/www.creilsudoise-tourisme.fr\/de\/wp-json\/wp\/v2\/types\/post"}],"author":[{"embeddable":true,"href":"https:\/\/www.creilsudoise-tourisme.fr\/de\/wp-json\/wp\/v2\/users\/10"}],"replies":[{"embeddable":true,"href":"https:\/\/www.creilsudoise-tourisme.fr\/de\/wp-json\/wp\/v2\/comments?post=60988"}],"version-history":[{"count":19,"href":"https:\/\/www.creilsudoise-tourisme.fr\/de\/wp-json\/wp\/v2\/posts\/60988\/revisions"}],"predecessor-version":[{"id":61302,"href":"https:\/\/www.creilsudoise-tourisme.fr\/de\/wp-json\/wp\/v2\/posts\/60988\/revisions\/61302"}],"wp:featuredmedia":[{"embeddable":true,"href":"https:\/\/www.creilsudoise-tourisme.fr\/de\/wp-json\/wp\/v2\/media\/60835"}],"wp:attachment":[{"href":"https:\/\/www.creilsudoise-tourisme.fr\/de\/wp-json\/wp\/v2\/media?parent=60988"}],"wp:term":[{"taxonomy":"category","embeddable":true,"href":"https:\/\/www.creilsudoise-tourisme.fr\/de\/wp-json\/wp\/v2\/categories?post=60988"},{"taxonomy":"post_tag","embeddable":true,"href":"https:\/\/www.creilsudoise-tourisme.fr\/de\/wp-json\/wp\/v2\/tags?post=60988"}],"curies":[{"name":"wp","href":"https:\/\/api.w.org\/{rel}","templated":true}]}}