{"id":59693,"date":"2025-01-23T11:01:32","date_gmt":"2025-01-23T10:01:32","guid":{"rendered":"https:\/\/www.creilsudoise-tourisme.fr\/?p=59693"},"modified":"2025-06-24T12:43:35","modified_gmt":"2025-06-24T10:43:35","slug":"vacances-hiver","status":"publish","type":"post","link":"https:\/\/www.creilsudoise-tourisme.fr\/de\/2025\/01\/23\/winterferien\/","title":{"rendered":"Programm f\u00fcr die Winterferien"},"content":{"rendered":"<p class=\"is-style-excerpt\">Die <strong>Winterferien<\/strong> sind bald da! Finden Sie unseren <strong>Auswahl<\/strong> an Aktivit\u00e4ten, Entdeckungen und Ereignissen vom 8. bis 23. Februar 2025.<\/p>\n\n\n\n<div class=\"is-content-justification-center is-layout-flex wp-container-1 wp-block-buttons\">\n<div class=\"wp-block-button\"><a class=\"wp-block-button__link wp-element-button\" href=\"https:\/\/www.creilsudoise-tourisme.fr\/de\/agenda\/\" target=\"_blank\" rel=\"noreferrer noopener\">die gesamte Agenda<\/a><\/div>\n<\/div>\n\n\n\n<h2><strong>Besuche<\/strong> ungew\u00f6hnlich<\/h2>\n\n\n\n<p>Die <a href=\"https:\/\/www.creilsudoise-tourisme.fr\/de\/agenda-animations\/balade-contee-le-carnaval-des-casse-cailloux\/\" target=\"_blank\" rel=\"noreferrer noopener\">Karneval der Steinbrecher<\/a> ist wieder in der <strong><a href=\"https:\/\/www.creilsudoise-tourisme.fr\/de\/jexplore\/unumganglich\/steinhaus\/\">Steinhaus <\/a><\/strong>! Gehen Sie mit Ihrer Familie zu den Quellen des Steins zur\u00fcck. Sie <strong>erkunden Sie<\/strong> mit einer<strong> M\u00e4rchenerz\u00e4hlerin<\/strong>eine <strong>mysteri\u00f6ser unterirdischer Steinbruch<\/strong> und erleben Sie eine <strong>magisches Epos<\/strong> : Muschelsuche, Herstellung von eigenen <strong>eigene Masken <\/strong>der Meere, M\u00e4rchenspaziergang mit ged\u00e4mpfter Beleuchtung... Eine <strong>Superabenteuer<\/strong> nicht verpassen!<br>Im Rahmen dieses Karnevals wird die <a href=\"https:\/\/www.maisondelapierre-oise.fr\/evenements\/\" target=\"_blank\" rel=\"noreferrer noopener\">gef\u00fchrte Tour durch den Steinbruch<\/a> ist m\u00f6glich! Nutzen Sie es, da in der Nebensaison die <strong>n\u00e4chste sind im April<\/strong> !<br><\/p>\n\n\n\n<p>Die <strong><a href=\"https:\/\/www.nogentsuroise.fr\/a-tout-age\/enfance-et-education\/ferme-pedagogique\" target=\"_blank\" rel=\"noreferrer noopener\">Lernbauernhof<\/a><\/strong> der MASTE, in Nogent-sur-Oise empf\u00e4ngt Sie f\u00fcr <a href=\"https:\/\/www.creilsudoise-tourisme.fr\/de\/agenda-animations\/bienvenue-a-la-ferme-pedagogique-de-la-maste-2\/\" target=\"_blank\" rel=\"noreferrer noopener\">die Tiere besuchen<\/a>. Sie warten nur darauf <strong>Sie<\/strong> um Streicheleinheiten zu erhalten!<\/p>\n\n\n\n<h2>Kreative Workshops<\/h2>\n\n\n\n<p>Erstellen Sie eine<strong> Werk Ihrer H\u00e4nde<\/strong> mit einem Praktikum von <a href=\"https:\/\/www.creilsudoise-tourisme.fr\/de\/agenda-animations\/stage-sculpture-sur-pierre-3\/\" target=\"_blank\" rel=\"noreferrer noopener\">Steinbildhauerei<\/a> von einem halben Tag bis zu 3 Tagen, in der Maison de la Pierre in Saint-Maximin! Ab 12 Jahren, Erwachsene sind also auch herzlich willkommen! Gehen Sie mit der <strong>Skulptur<\/strong> die Sie haben werden <strong>selbst durchgef\u00fchrt<\/strong>.<br><br>F\u00fcr die J\u00fcngsten (5-14 Jahre) ist die <strong><a href=\"https:\/\/www.creilsudoise-tourisme.fr\/de\/jexplore\/unumganglich\/\" target=\"_blank\" rel=\"noreferrer noopener\">Nagelschmiede Rivierre<\/a><\/strong> in Creil bietet eine <a href=\"https:\/\/www.creilsudoise-tourisme.fr\/de\/agenda-animations\/visite-et-atelier-creatif-a-la-clouterie\/\" target=\"_blank\" rel=\"noreferrer noopener\"><strong>spielerische Tour<\/strong><\/a> von seinem <strong>Fabrik<\/strong>gefolgt von einem <strong>Kreativwerkstatt<\/strong> rund um den Nagel: In Begleitung eines Erwachsenen geht Ihr Kind mit seinem eigenen <strong>Erstellung<\/strong> ! Wer wei\u00df, von <strong>Berufungen<\/strong> vielleicht geboren werden?<br><br>Die Mediathek von Saint-Vaast-l\u00e8s-Mello schl\u00e4gt Ihnen vor<strong><a href=\"https:\/\/www.creilsudoise-tourisme.fr\/de\/agenda-animations\/activite-manuelle-atelier-alphabet-cousu\/\" target=\"_blank\" rel=\"noreferrer noopener\"> ein Alphabet aus bunten Stoffen herstellen<\/a><\/strong> aus gesammelten Resten hergestellt. Sehr originell, oder?<br><br>Entdecken Sie an Karneval mit Ihrer Familie die <strong>Kost\u00fcme<\/strong> von <strong><a href=\"https:\/\/www.creilsudoise-tourisme.fr\/de\/jexplore\/unumganglich\/musee-galle-juli\/\" target=\"_blank\" rel=\"noreferrer noopener\">Gall\u00e9-Juillet-Museum<\/a><\/strong> von Creil , dann<a href=\"https:\/\/www.creilsudoise-tourisme.fr\/de\/agenda-animations\/deguise-toi-au-musee\/\" target=\"_blank\" rel=\"noreferrer noopener\"> beteiligen Sie sich an einem <strong>Kreativwerkstatt<\/strong><\/a> durch das Verzieren eines <strong>Wolf<\/strong> ! Sie k\u00f6nnen einf\u00e4deln <strong>deine sch\u00f6nste Verkleidung <\/strong>f\u00fcr den Anlass!<br><br>F\u00fcr Erwachsene ist die <strong><a href=\"https:\/\/mediatheque.nogentsuroise.fr\/\" target=\"_blank\" rel=\"noreferrer noopener\">Mediathek Maurice Schumann<\/a><\/strong> von Nogent-sur-Oise bietet einen <a href=\"https:\/\/www.creilsudoise-tourisme.fr\/de\/agenda-animations\/atelier-atelier-cre-actif-loisirs-creatifs-2\/\" target=\"_blank\" rel=\"noreferrer noopener\">atelier \"kre-aktiv\"<\/a>ein <strong>Kreativwerkstatt<\/strong>, kostenlos! Aber nicht nur das: Sie k\u00f6nnen auch an einem <a href=\"https:\/\/www.creilsudoise-tourisme.fr\/de\/agenda-animations\/atelier-ecriture-creative-adultes\/\" target=\"_blank\" rel=\"noreferrer noopener\">Schreibwerkstatt<\/a> ! Der n\u00e4chste Victor Hugo sind Sie, wer wei\u00df? <\/p>\n\n\n\n<h2>Kultur<\/h2>\n\n\n\n<p>Die <strong><a href=\"https:\/\/www.saintleudesserent.fr\/mediatheque-saint-leu-60_fr.html\" target=\"_blank\" rel=\"noreferrer noopener\">Mediathek in Saint-Leu d'Esserent<\/a><\/strong> hat f\u00fcr Sie zusammengestellt <a href=\"https:\/\/www.facebook.com\/photo?fbid=1007604711400001&amp;set=a.618221620338314\" target=\"_blank\" rel=\"noreferrer noopener\"><strong>mehrere Animationen<\/strong><\/a> um die <strong>Videospiele <\/strong>mit <strong>Mario Kart <\/strong>und <strong>Mario Party<\/strong>Die <strong>Schachspiele<\/strong>Die <strong>Rollenspiele<\/strong> mit <strong>Dungeons &amp; Dragons<\/strong>, <strong>Heroquest<\/strong> oder <strong>Alien<\/strong>. Sie k\u00f6nnen auch auf <strong>Entdeckung des Kulturerbes<\/strong> der Gemeinde zu finden! Achtung, all diese tollen Aktivit\u00e4ten sind <strong>zu buchen<\/strong> !<br><br>Gehen Sie auf Entdeckungsreise durch den <a href=\"https:\/\/www.creilsudoise-tourisme.fr\/de\/agenda-animations\/projection-au-musee-le-court-metrage-isaac-de-mmlt-production\/\" target=\"_blank\" rel=\"noreferrer noopener\">Kurzfilm \"Isaac\"<\/a>Im Gall\u00e9-Juillet-Museum in Creil: Ein Familienerbst\u00fcck erweckt die <strong>traumatische Erinnerungen<\/strong> und die <strong>Albtr\u00e4ume<\/strong> von Isaac, gefangen zwischen Realit\u00e4t und<strong> \u00fcbernat\u00fcrliche Ph\u00e4nomene<\/strong> in einem <strong>alte Burg<\/strong> verfolgt von der <strong>Vergangenheit<\/strong>&#8230;<\/p>\n\n\n\n<h3>Kulturelle Workshops<\/h3>\n\n\n\n<p>Auf der kulturellen Seite ist das <strong><a href=\"https:\/\/www.creil.fr\/le-conservatoire\" target=\"_blank\" rel=\"noreferrer noopener\">Nina-Simone-Konservatorium in Creil <\/a><\/strong>bietet Ihnen einen <strong><a href=\"https:\/\/www.creilsudoise-tourisme.fr\/de\/agenda-animations\/eveil-musical-les-ptites-notes\/\" target=\"_blank\" rel=\"noreferrer noopener\">musikalische Fr\u00fcherziehung<\/a><\/strong> f\u00fcr Kleinkinder in der <strong><a href=\"https:\/\/mediatheque.creil.fr\/jean-pierre-besse--quartier-du-moulin\" target=\"_blank\" rel=\"noreferrer noopener\">Mediathek Jean-Pierre Besse in Creil<\/a><\/strong>.<br><\/p>\n\n\n\n<p>Das soziokulturelle Zentrum <strong><a href=\"https:\/\/www.villers-saint-paul.fr\/le-centre-socioculturel-le-trait-dunion\" target=\"_blank\" rel=\"noreferrer noopener\">Der Bindestrich von Villers-Saint-Paul<\/a><\/strong> bietet eine <strong>kostenlose Filmvorf\u00fchrung<\/strong> (<strong>Anmeldung erforderlich<\/strong> !). Auf dem Programm stehen: <strong>Ich, h\u00e4sslich und b\u00f6se 4<\/strong> ! <em>Gibt es jetzt einen Gru Junior?<\/em><br><\/p>\n\n\n\n<p>Die <a href=\"https:\/\/www.saintmaximin.eu\/bibliotheque-et-catalogue_fr.html\" target=\"_blank\" rel=\"noreferrer noopener\">Bibliothek Elsa Triolet in Saint-Maximin<\/a> bietet f\u00fcr Teenager ab 16 Jahren und Erwachsene einen <strong><a href=\"https:\/\/www.creilsudoise-tourisme.fr\/de\/agenda-animations\/lecture-cafe-gourmand-de-fevrier\/\" target=\"_blank\" rel=\"noreferrer noopener\">Gourmetkaffee<\/a><\/strong> um <strong>teilen<\/strong> von B\u00fcchern, Serien, Filmen, Spielen, Ausstellungen... Der Moment <strong>ideal<\/strong> zu machen <strong>kulturelle Entdeckungen<\/strong> und <strong>Freundschaften<\/strong> !<br><br>In der Mediathek Maurice Schumann in Nogent-sur-Oise wurde ein <strong><a href=\"https:\/\/www.creilsudoise-tourisme.fr\/de\/agenda-animations\/activite-ludique-nos-jeux-du-samedi-2\/\" target=\"_blank\" rel=\"noreferrer noopener\">Spielenachmittag<\/a><\/strong> f\u00fcr Erwachsene und Kinder wartet auf Sie. Sie k\u00f6nnen einen <strong>gute Zeit mit der Familie<\/strong> !<\/p>\n\n\n\n<h3>Ausstellungen<\/h3>\n\n\n\n<p>4 Ausstellungen finden in dieser Ferienzeit statt:<br><br>F\u00fcr die <strong>Manga-Fans<\/strong>eine <a href=\"https:\/\/www.creilsudoise-tourisme.fr\/de\/agenda-animations\/exposition-par-le-pouvoir-du-manga\/\" target=\"_blank\" rel=\"noreferrer noopener\">Ausstellung ist ihr gewidmet<\/a> in der Elsa-Triolet-Bibliothek in Saint-Maximin mit Elsa Brants, die <strong>beleuchtet<\/strong> die <strong>Mangakultur<\/strong>.<br><br>Die Ausstellung \"Au fil des Usines\" in der Mediathek Maurice Schumann in Nogent-sur-Oise stellt den <strong>Erbe<\/strong> und die<strong> Reichtum <\/strong>von <strong>s\u00fcdlich der Oise<\/strong> und des <strong>Creillois-Becken<\/strong>.<\/p>\n\n\n\n<p><br>Finden Sie eine <a href=\"https:\/\/www.creilsudoise-tourisme.fr\/de\/agenda-animations\/exposition-quand-musique-rime-avec-ceramique\/\" target=\"_blank\" rel=\"noreferrer noopener\">Ausstellung, die die <strong>Musik<\/strong> und die <strong>Keramik<\/strong><\/a> mit \"Quand musique rime avec c\u00e9ramique\" (Wenn sich Musik auf Keramik reimt) im Gall\u00e9-Juillet-Museum in Creil. Tauchen Sie ein in die <strong>Musikrepertoire des 19. Jahrhunderts<\/strong> durch eine Ausstellung, die der Darstellung von Musik in der Keramik gewidmet ist. <br><br>L'<a href=\"https:\/\/www.creilsudoise-tourisme.fr\/de\/agenda-animations\/exposition-memoire-habillee-par-pierre-florent\/\" target=\"_blank\" rel=\"noreferrer noopener\">Ausstellung \"M\u00e9moire Habill\u00e9e\" (Angezogenes Ged\u00e4chtnis)<\/a>Ausstellung \u00fcber das <strong>Textilien<\/strong>  \u00e0 <strong><a href=\"https:\/\/www.creil.fr\/espace-matisse\" target=\"_blank\" rel=\"noreferrer noopener\">der Espace Matisse in Creil <\/a><\/strong>wird Ihnen zeigen, wie Sie sich anders kleiden k\u00f6nnen. \"Sich zu kleiden bedeutet, die Art und Weise zu w\u00e4hlen, wie man sich der Welt pr\u00e4sentiert\".<br>Vernissage in Anwesenheit der K\u00fcnstler am 8. Februar um 10:30 Uhr!<\/p>\n\n\n\n<h3>Lesen<\/h3>\n\n\n\n<p>In den Ferien werden mehrere Animationen f\u00fcr Baby-Leser organisiert!<br><br>In der Bibliothek Elsa Triolet in Saint-Maximinet auf der <a href=\"https:\/\/www.creilsudoise-tourisme.fr\/de\/agenda-animations\/lecture-les-livres-cest-bon-pour-les-bebes_-fevrier\/\" target=\"_blank\" rel=\"noreferrer noopener\">Mediathek in Saint-Vaast-l\u00e8s-Mello<\/a>eine <strong>Sitzung f\u00fcr Kinder von 0 bis 3 Jahren geeignet<\/strong> wird vorgeschlagen f\u00fcr <strong>eine M\u00e4rchenstunde<\/strong>.<br><\/p>\n\n\n\n<p>F\u00fcr Teenager und Erwachsene ist die <strong><a href=\"https:\/\/mediatheque.creil.fr\/mediatheque-a.-chanut\" target=\"_blank\" rel=\"noreferrer noopener\">Mediathek Antoine Chanut in Creil<\/a><\/strong> bietet einen<strong> <a href=\"https:\/\/www.creilsudoise-tourisme.fr\/de\/agenda-animations\/lecture-club-des-lecteurs-2\/\" target=\"_blank\" rel=\"noreferrer noopener\">Moment des Austauschs<\/a><\/strong> um Ihre <strong>Entdeckungen<\/strong> und <strong>literarische Favoriten<\/strong>. Die Gelegenheit, \u00fcber Ihr <strong>neues Lieblingsbuch <\/strong>und von <strong>entdecken<\/strong> neue Autoren!<\/p>\n\n\n\n<h2>Und au\u00dferdem<br><\/h2>\n\n\n\n<p>Eher <strong>Natur<\/strong> ? Das Conservatoire d'Espaces Naturels des Hauts-de-France l\u00e4dt Sie ein <a href=\"https:\/\/www.creilsudoise-tourisme.fr\/de\/agenda-animations\/sortie-nature-participez-a-la-restauration-de-la-colline-aux-oiseaux\/\" target=\"_blank\" rel=\"noreferrer noopener\">Strauchsch\u00f6sslinge zu schneiden<\/a> \u00fcber die <strong>Vogelh\u00fcgel<\/strong> in Saint-Maximin zu finden. Sie brauchen keinen gr\u00fcnen Daumen!<br><br>F\u00fcr die <strong>Valentinstag<\/strong>genie\u00dfen Sie eine <a href=\"https:\/\/www.facebook.com\/permalink.php?story_fbid=pfbid0JcWF39EUbcfjfsxq3GetBYx4NFaptR9bqRwF2YNc3NHkbJCgKmLVFVmTZ5FcX1ufl&amp;id=61555335685574\" target=\"_blank\" rel=\"noreferrer noopener\">Duo-Abend<\/a> unter <a href=\"https:\/\/www.nogentsuroise.fr\/se-divertir\/sport\/les-equipements-sportifs\/214-le-centre-nautique-nogent-villers-piscine\" target=\"_blank\" rel=\"noreferrer noopener\">Wassersportzentrum in Nogent-Villers <\/a>in Nogent-sur-Oise. Auf dem Programm, <strong>Wassergymnastik<\/strong>, <strong>Aquabike<\/strong> und <strong>Aquatraining<\/strong> ! Genie\u00dfen Sie einen <strong>g\u00fcnstiger Preis<\/strong> <strong>f\u00fcr 2<\/strong>ab 16 Jahren. Gehen Sie hin <strong>unter Freunden<\/strong> oder <strong>in Liebe<\/strong> (das geht uns nichts an!).<br><br>Die<strong> <a href=\"https:\/\/www.vandb.fr\/v-and-b-st-maximin.html?srsltid=AfmBOoqx0aDwfhBWDpgCW6l_YK1Xsi2jPYEdeRpFbUIrb576E_maF5KC\" target=\"_blank\" rel=\"noreferrer noopener\">V and B in Saint-Maximin<\/a> <\/strong>l\u00e4dt Sie am 14. Februar zu seinem Abend<strong><a href=\"https:\/\/www.creilsudoise-tourisme.fr\/de\/agenda-animations\/v-and-b-saint-maximin-soiree-sans-valentin\/\" target=\"_blank\" rel=\"noreferrer noopener\"> Valentinstagslos<\/a><\/strong> ! Weil die Liebe auch gefeiert wird<strong> unter Freunden<\/strong> und <strong>irgendwo<\/strong> ! Ein <strong>DJ<\/strong> wird den Abend beleben und Sie k\u00f6nnen auch einen <strong>blind test of love<\/strong> (nach Anmeldung).<br><br>Finden Sie die <a href=\"https:\/\/www.creilsudoise-tourisme.fr\/de\/2025\/01\/29\/menu-st-valentin\/\" target=\"_blank\" rel=\"noreferrer noopener\"><strong>Men\u00fcs<\/strong> der <strong>Valentinstag<\/strong><\/a> im S\u00fcden der Oise!<\/p>\n\n\n\n<div class=\"is-layout-flex wp-block-buttons\">\n<div class=\"wp-block-button aligncenter\"><a class=\"wp-block-button__link wp-element-button\" href=\"https:\/\/www.creilsudoise-tourisme.fr\/de\/agenda\/\" target=\"_blank\" rel=\"noreferrer noopener\">die gesamte Agenda<\/a><\/div>\n<\/div>","protected":false},"excerpt":{"rendered":"<p>Die Winterferien sind bald da! Hier finden Sie unsere Auswahl an Aktivit\u00e4ten, Entdeckungen und Veranstaltungen vom 8. bis 23. Februar 2025. Ungew\u00f6hnliche Besichtigungen Der Karneval der Steinbrecher ist zur\u00fcck im Maison de la Pierre! Gehen Sie mit Ihrer Familie zu den Wurzeln des Steins zur\u00fcck. Sie erkunden mit einer Geschichtenerz\u00e4hlerin einen geheimnisvollen Steinbruch [...].<\/p>","protected":false},"author":10,"featured_media":60063,"comment_status":"closed","ping_status":"closed","sticky":false,"template":"","format":"standard","meta":{"_relevanssi_hide_post":"","_relevanssi_hide_content":"","_relevanssi_pin_for_all":"","_relevanssi_pin_keywords":"","_relevanssi_unpin_keywords":"","_relevanssi_related_keywords":"","_relevanssi_related_include_ids":"","_relevanssi_related_exclude_ids":"","_relevanssi_related_no_append":"","_relevanssi_related_not_related":"","_relevanssi_related_posts":"52404,50806,41674,56183,55006,56025","_relevanssi_noindex_reason":""},"categories":[5],"tags":[],"yoast_head":"<!-- This site is optimized with the Yoast SEO plugin v20.2.1 - https:\/\/yoast.com\/wordpress\/plugins\/seo\/ -->\n<title>Programme des vacances d&#039;hiver 2025<\/title>\n<meta name=\"description\" content=\"D\u00e9couvrez les sorties \u00e0 faire en famille ou entre amis \u00e0 Creil Sud Oise, pr\u00e8s de Chantilly et Senlis, lors des vacances d&#039;hiver !\" \/>\n<meta name=\"robots\" content=\"index, follow, max-snippet:-1, max-image-preview:large, max-video-preview:-1\" \/>\n<link rel=\"canonical\" href=\"https:\/\/www.creilsudoise-tourisme.fr\/de\/2025\/01\/23\/winterferien\/\" \/>\n<meta property=\"og:locale\" content=\"de_DE\" \/>\n<meta property=\"og:type\" content=\"article\" \/>\n<meta property=\"og:title\" content=\"Programme des vacances d&#039;hiver 2025\" \/>\n<meta property=\"og:description\" content=\"D\u00e9couvrez les sorties \u00e0 faire en famille ou entre amis \u00e0 Creil Sud Oise, pr\u00e8s de Chantilly et Senlis, lors des vacances d&#039;hiver !\" \/>\n<meta property=\"og:url\" content=\"https:\/\/www.creilsudoise-tourisme.fr\/de\/2025\/01\/23\/winterferien\/\" \/>\n<meta property=\"og:site_name\" content=\"Office de Tourisme Creil Sud Oise\" \/>\n<meta property=\"article:publisher\" content=\"https:\/\/www.facebook.com\/creilsudoisetourisme\/\" \/>\n<meta property=\"article:published_time\" content=\"2025-01-23T10:01:32+00:00\" \/>\n<meta property=\"article:modified_time\" content=\"2025-06-24T10:43:35+00:00\" \/>\n<meta property=\"og:image\" content=\"https:\/\/www.creilsudoise-tourisme.fr\/wp-content\/uploads\/2025\/01\/Prog-Fevrier-web-NL-Header-image-de-mise-en-avant.png\" \/>\n\t<meta property=\"og:image:width\" content=\"1480\" \/>\n\t<meta property=\"og:image:height\" content=\"740\" \/>\n\t<meta property=\"og:image:type\" content=\"image\/png\" \/>\n<meta name=\"author\" content=\"emilie\" \/>\n<meta name=\"twitter:card\" content=\"summary_large_image\" \/>\n<meta name=\"twitter:creator\" content=\"@CreilSudOiseOT\" \/>\n<meta name=\"twitter:site\" content=\"@CreilSudOiseOT\" \/>\n<meta name=\"twitter:label1\" content=\"Verfasst von\" \/>\n\t<meta name=\"twitter:data1\" content=\"emilie\" \/>\n\t<meta name=\"twitter:label2\" content=\"Gesch\u00e4tzte Lesezeit\" \/>\n\t<meta name=\"twitter:data2\" content=\"5\u00a0Minuten\" \/>\n<script type=\"application\/ld+json\" class=\"yoast-schema-graph\">{\"@context\":\"https:\/\/schema.org\",\"@graph\":[{\"@type\":\"Article\",\"@id\":\"https:\/\/www.creilsudoise-tourisme.fr\/2025\/01\/23\/vacances-hiver\/#article\",\"isPartOf\":{\"@id\":\"https:\/\/www.creilsudoise-tourisme.fr\/2025\/01\/23\/vacances-hiver\/\"},\"author\":{\"name\":\"emilie\",\"@id\":\"https:\/\/www.creilsudoise-tourisme.fr\/#\/schema\/person\/81a1ab3a236faa5508e8f47600a85072\"},\"headline\":\"Programme des vacances d&rsquo;hiver\",\"datePublished\":\"2025-01-23T10:01:32+00:00\",\"dateModified\":\"2025-06-24T10:43:35+00:00\",\"mainEntityOfPage\":{\"@id\":\"https:\/\/www.creilsudoise-tourisme.fr\/2025\/01\/23\/vacances-hiver\/\"},\"wordCount\":982,\"publisher\":{\"@id\":\"https:\/\/www.creilsudoise-tourisme.fr\/#organization\"},\"articleSection\":[\"Actus\"],\"inLanguage\":\"de\"},{\"@type\":\"WebPage\",\"@id\":\"https:\/\/www.creilsudoise-tourisme.fr\/2025\/01\/23\/vacances-hiver\/\",\"url\":\"https:\/\/www.creilsudoise-tourisme.fr\/2025\/01\/23\/vacances-hiver\/\",\"name\":\"Programme des vacances d'hiver 2025\",\"isPartOf\":{\"@id\":\"https:\/\/www.creilsudoise-tourisme.fr\/#website\"},\"datePublished\":\"2025-01-23T10:01:32+00:00\",\"dateModified\":\"2025-06-24T10:43:35+00:00\",\"description\":\"D\u00e9couvrez les sorties \u00e0 faire en famille ou entre amis \u00e0 Creil Sud Oise, pr\u00e8s de Chantilly et Senlis, lors des vacances d'hiver !\",\"breadcrumb\":{\"@id\":\"https:\/\/www.creilsudoise-tourisme.fr\/2025\/01\/23\/vacances-hiver\/#breadcrumb\"},\"inLanguage\":\"de\",\"potentialAction\":[{\"@type\":\"ReadAction\",\"target\":[\"https:\/\/www.creilsudoise-tourisme.fr\/2025\/01\/23\/vacances-hiver\/\"]}]},{\"@type\":\"BreadcrumbList\",\"@id\":\"https:\/\/www.creilsudoise-tourisme.fr\/2025\/01\/23\/vacances-hiver\/#breadcrumb\",\"itemListElement\":[{\"@type\":\"ListItem\",\"position\":1,\"name\":\"Accueil\",\"item\":\"https:\/\/www.creilsudoise-tourisme.fr\/\"},{\"@type\":\"ListItem\",\"position\":2,\"name\":\"Programme des vacances d&rsquo;hiver\"}]},{\"@type\":\"WebSite\",\"@id\":\"https:\/\/www.creilsudoise-tourisme.fr\/#website\",\"url\":\"https:\/\/www.creilsudoise-tourisme.fr\/\",\"name\":\"Office de Tourisme Creil Sud Oise\",\"description\":\"Creil Sud Oise Tourisme, un territoire \u00e0 explorer !\",\"publisher\":{\"@id\":\"https:\/\/www.creilsudoise-tourisme.fr\/#organization\"},\"potentialAction\":[{\"@type\":\"SearchAction\",\"target\":{\"@type\":\"EntryPoint\",\"urlTemplate\":\"https:\/\/www.creilsudoise-tourisme.fr\/?s={search_term_string}\"},\"query-input\":\"required name=search_term_string\"}],\"inLanguage\":\"de\"},{\"@type\":\"Organization\",\"@id\":\"https:\/\/www.creilsudoise-tourisme.fr\/#organization\",\"name\":\"Creil Sud Oise Tourisme\",\"url\":\"https:\/\/www.creilsudoise-tourisme.fr\/\",\"logo\":{\"@type\":\"ImageObject\",\"inLanguage\":\"de\",\"@id\":\"https:\/\/www.creilsudoise-tourisme.fr\/#\/schema\/logo\/image\/\",\"url\":\"https:\/\/www.creilsudoise-tourisme.fr\/wp-content\/uploads\/2021\/05\/logo-svg.png\",\"contentUrl\":\"https:\/\/www.creilsudoise-tourisme.fr\/wp-content\/uploads\/2021\/05\/logo-svg.png\",\"width\":182,\"height\":71,\"caption\":\"Creil Sud Oise Tourisme\"},\"image\":{\"@id\":\"https:\/\/www.creilsudoise-tourisme.fr\/#\/schema\/logo\/image\/\"},\"sameAs\":[\"https:\/\/www.facebook.com\/creilsudoisetourisme\/\",\"https:\/\/twitter.com\/CreilSudOiseOT\",\"https:\/\/www.instagram.com\/creilsudoisetourisme\/\",\"https:\/\/www.youtube.com\/channel\/UC8L_QD2wwyADW14zt9fY8kw\"]},{\"@type\":\"Person\",\"@id\":\"https:\/\/www.creilsudoise-tourisme.fr\/#\/schema\/person\/81a1ab3a236faa5508e8f47600a85072\",\"name\":\"emilie\",\"image\":{\"@type\":\"ImageObject\",\"inLanguage\":\"de\",\"@id\":\"https:\/\/www.creilsudoise-tourisme.fr\/#\/schema\/person\/image\/\",\"url\":\"https:\/\/secure.gravatar.com\/avatar\/63ed1ecafae1b27e36a71e8626bc354f?s=96&d=mm&r=g\",\"contentUrl\":\"https:\/\/secure.gravatar.com\/avatar\/63ed1ecafae1b27e36a71e8626bc354f?s=96&d=mm&r=g\",\"caption\":\"emilie\"},\"url\":\"https:\/\/www.creilsudoise-tourisme.fr\/de\/auteur\/emilie\/\"}]}<\/script>\n<!-- \/ Yoast SEO plugin. -->","yoast_head_json":{"title":"Programme des vacances d'hiver 2025","description":"D\u00e9couvrez les sorties \u00e0 faire en famille ou entre amis \u00e0 Creil Sud Oise, pr\u00e8s de Chantilly et Senlis, lors des vacances d'hiver !","robots":{"index":"index","follow":"follow","max-snippet":"max-snippet:-1","max-image-preview":"max-image-preview:large","max-video-preview":"max-video-preview:-1"},"canonical":"https:\/\/www.creilsudoise-tourisme.fr\/de\/2025\/01\/23\/winterferien\/","og_locale":"de_DE","og_type":"article","og_title":"Programme des vacances d'hiver 2025","og_description":"D\u00e9couvrez les sorties \u00e0 faire en famille ou entre amis \u00e0 Creil Sud Oise, pr\u00e8s de Chantilly et Senlis, lors des vacances d'hiver !","og_url":"https:\/\/www.creilsudoise-tourisme.fr\/de\/2025\/01\/23\/winterferien\/","og_site_name":"Office de Tourisme Creil Sud Oise","article_publisher":"https:\/\/www.facebook.com\/creilsudoisetourisme\/","article_published_time":"2025-01-23T10:01:32+00:00","article_modified_time":"2025-06-24T10:43:35+00:00","og_image":[{"width":1480,"height":740,"url":"https:\/\/www.creilsudoise-tourisme.fr\/wp-content\/uploads\/2025\/01\/Prog-Fevrier-web-NL-Header-image-de-mise-en-avant.png","type":"image\/png"}],"author":"emilie","twitter_card":"summary_large_image","twitter_creator":"@CreilSudOiseOT","twitter_site":"@CreilSudOiseOT","twitter_misc":{"Verfasst von":"emilie","Gesch\u00e4tzte Lesezeit":"5\u00a0Minuten"},"schema":{"@context":"https:\/\/schema.org","@graph":[{"@type":"Article","@id":"https:\/\/www.creilsudoise-tourisme.fr\/2025\/01\/23\/vacances-hiver\/#article","isPartOf":{"@id":"https:\/\/www.creilsudoise-tourisme.fr\/2025\/01\/23\/vacances-hiver\/"},"author":{"name":"emilie","@id":"https:\/\/www.creilsudoise-tourisme.fr\/#\/schema\/person\/81a1ab3a236faa5508e8f47600a85072"},"headline":"Programme des vacances d&rsquo;hiver","datePublished":"2025-01-23T10:01:32+00:00","dateModified":"2025-06-24T10:43:35+00:00","mainEntityOfPage":{"@id":"https:\/\/www.creilsudoise-tourisme.fr\/2025\/01\/23\/vacances-hiver\/"},"wordCount":982,"publisher":{"@id":"https:\/\/www.creilsudoise-tourisme.fr\/#organization"},"articleSection":["Actus"],"inLanguage":"de"},{"@type":"WebPage","@id":"https:\/\/www.creilsudoise-tourisme.fr\/2025\/01\/23\/vacances-hiver\/","url":"https:\/\/www.creilsudoise-tourisme.fr\/2025\/01\/23\/vacances-hiver\/","name":"Programme des vacances d'hiver 2025","isPartOf":{"@id":"https:\/\/www.creilsudoise-tourisme.fr\/#website"},"datePublished":"2025-01-23T10:01:32+00:00","dateModified":"2025-06-24T10:43:35+00:00","description":"D\u00e9couvrez les sorties \u00e0 faire en famille ou entre amis \u00e0 Creil Sud Oise, pr\u00e8s de Chantilly et Senlis, lors des vacances d'hiver !","breadcrumb":{"@id":"https:\/\/www.creilsudoise-tourisme.fr\/2025\/01\/23\/vacances-hiver\/#breadcrumb"},"inLanguage":"de","potentialAction":[{"@type":"ReadAction","target":["https:\/\/www.creilsudoise-tourisme.fr\/2025\/01\/23\/vacances-hiver\/"]}]},{"@type":"BreadcrumbList","@id":"https:\/\/www.creilsudoise-tourisme.fr\/2025\/01\/23\/vacances-hiver\/#breadcrumb","itemListElement":[{"@type":"ListItem","position":1,"name":"Accueil","item":"https:\/\/www.creilsudoise-tourisme.fr\/"},{"@type":"ListItem","position":2,"name":"Programme des vacances d&rsquo;hiver"}]},{"@type":"WebSite","@id":"https:\/\/www.creilsudoise-tourisme.fr\/#website","url":"https:\/\/www.creilsudoise-tourisme.fr\/","name":"Office de Tourisme Creil Sud Oise","description":"Creil Sud Oise Tourisme, un territoire \u00e0 explorer !","publisher":{"@id":"https:\/\/www.creilsudoise-tourisme.fr\/#organization"},"potentialAction":[{"@type":"SearchAction","target":{"@type":"EntryPoint","urlTemplate":"https:\/\/www.creilsudoise-tourisme.fr\/?s={search_term_string}"},"query-input":"required name=search_term_string"}],"inLanguage":"de"},{"@type":"Organization","@id":"https:\/\/www.creilsudoise-tourisme.fr\/#organization","name":"Creil Sud Oise Tourisme","url":"https:\/\/www.creilsudoise-tourisme.fr\/","logo":{"@type":"ImageObject","inLanguage":"de","@id":"https:\/\/www.creilsudoise-tourisme.fr\/#\/schema\/logo\/image\/","url":"https:\/\/www.creilsudoise-tourisme.fr\/wp-content\/uploads\/2021\/05\/logo-svg.png","contentUrl":"https:\/\/www.creilsudoise-tourisme.fr\/wp-content\/uploads\/2021\/05\/logo-svg.png","width":182,"height":71,"caption":"Creil Sud Oise Tourisme"},"image":{"@id":"https:\/\/www.creilsudoise-tourisme.fr\/#\/schema\/logo\/image\/"},"sameAs":["https:\/\/www.facebook.com\/creilsudoisetourisme\/","https:\/\/twitter.com\/CreilSudOiseOT","https:\/\/www.instagram.com\/creilsudoisetourisme\/","https:\/\/www.youtube.com\/channel\/UC8L_QD2wwyADW14zt9fY8kw"]},{"@type":"Person","@id":"https:\/\/www.creilsudoise-tourisme.fr\/#\/schema\/person\/81a1ab3a236faa5508e8f47600a85072","name":"emilie","image":{"@type":"ImageObject","inLanguage":"de","@id":"https:\/\/www.creilsudoise-tourisme.fr\/#\/schema\/person\/image\/","url":"https:\/\/secure.gravatar.com\/avatar\/63ed1ecafae1b27e36a71e8626bc354f?s=96&d=mm&r=g","contentUrl":"https:\/\/secure.gravatar.com\/avatar\/63ed1ecafae1b27e36a71e8626bc354f?s=96&d=mm&r=g","caption":"emilie"},"url":"https:\/\/www.creilsudoise-tourisme.fr\/de\/auteur\/emilie\/"}]}},"_links":{"self":[{"href":"https:\/\/www.creilsudoise-tourisme.fr\/de\/wp-json\/wp\/v2\/posts\/59693"}],"collection":[{"href":"https:\/\/www.creilsudoise-tourisme.fr\/de\/wp-json\/wp\/v2\/posts"}],"about":[{"href":"https:\/\/www.creilsudoise-tourisme.fr\/de\/wp-json\/wp\/v2\/types\/post"}],"author":[{"embeddable":true,"href":"https:\/\/www.creilsudoise-tourisme.fr\/de\/wp-json\/wp\/v2\/users\/10"}],"replies":[{"embeddable":true,"href":"https:\/\/www.creilsudoise-tourisme.fr\/de\/wp-json\/wp\/v2\/comments?post=59693"}],"version-history":[{"count":26,"href":"https:\/\/www.creilsudoise-tourisme.fr\/de\/wp-json\/wp\/v2\/posts\/59693\/revisions"}],"predecessor-version":[{"id":63228,"href":"https:\/\/www.creilsudoise-tourisme.fr\/de\/wp-json\/wp\/v2\/posts\/59693\/revisions\/63228"}],"wp:featuredmedia":[{"embeddable":true,"href":"https:\/\/www.creilsudoise-tourisme.fr\/de\/wp-json\/wp\/v2\/media\/60063"}],"wp:attachment":[{"href":"https:\/\/www.creilsudoise-tourisme.fr\/de\/wp-json\/wp\/v2\/media?parent=59693"}],"wp:term":[{"taxonomy":"category","embeddable":true,"href":"https:\/\/www.creilsudoise-tourisme.fr\/de\/wp-json\/wp\/v2\/categories?post=59693"},{"taxonomy":"post_tag","embeddable":true,"href":"https:\/\/www.creilsudoise-tourisme.fr\/de\/wp-json\/wp\/v2\/tags?post=59693"}],"curies":[{"name":"wp","href":"https:\/\/api.w.org\/{rel}","templated":true}]}}