{"id":59458,"date":"2026-01-19T14:04:06","date_gmt":"2026-01-19T13:04:06","guid":{"rendered":"https:\/\/www.creilsudoise-tourisme.fr\/?p=59458"},"modified":"2026-01-19T14:04:50","modified_gmt":"2026-01-19T13:04:50","slug":"nuits-lecture","status":"publish","type":"post","link":"https:\/\/www.creilsudoise-tourisme.fr\/de\/2026\/01\/19\/lesenachte\/","title":{"rendered":"Die Lesen\u00e4chte"},"content":{"rendered":"<p class=\"is-style-excerpt\">Hier finden Sie die Veranstaltungen der Lesen\u00e4chte im S\u00fcden des Departements Oise! <br><strong>Die 10. Lesen\u00e4chte<\/strong>,<strong>\u00a0<\/strong>die vom Centre national du livre organisiert werden, finden statt\u00a0<strong>vom 21. bis 25. Januar 202<\/strong>6. Die Gelegenheit, um<strong> neue kulturelle Entdeckungen<\/strong> mit Animationen, Spielen, Konzerten und nat\u00fcrlich Lesungen!<\/p>\n\n\n\n<p>Bleiben Sie dran, das Programm wird regelm\u00e4\u00dfig aktualisiert! <\/p>\n\n\n\n\n\n<hr class=\"wp-block-separator has-alpha-channel-opacity\"\/>\n\n\n<div class=\"wp-block wp-block-highlight\">\n            <h3 class=\"wp-block-highlight-item wp-block-highlight-title\">Organisieren Sie eine Veranstaltung im Zusammenhang mit den Lesen\u00e4chten?<\/h3>\n                <p class=\"wp-block-highlight-item wp-block-highlight-excerpt\">Sie sind eine Bibliothek, eine Mediathek oder ein anderer Anbieter im Gebiet Creil Sud Oise und eine Ihrer Aktivit\u00e4ten auf diesem <strong>Ereignis nicht auf der Liste erscheint?<\/strong><br><br><strong>Melden Sie Ihre Veranstaltung kostenlos an, indem Sie dieses\u00a0<a href=\"https:\/\/oise.tourinsoft.com\/questionnaire-web\/2f591c16-b52e-4dfc-8106-ffe735dad39e\/eef450e0-413e-4799-b603-660b1bec7447\/add.aspx\" target=\"_blank\" rel=\"noreferrer noopener\">Formular\u00a0<\/a>!<\/strong><\/p>\n    <\/div>","protected":false},"excerpt":{"rendered":"<p>Hier finden Sie die Veranstaltungen der Lesen\u00e4chte im S\u00fcden des Departements Oise! Die 10. Lesen\u00e4chte, die vom Centre national du livre organisiert werden, finden vom 21. bis 25. Januar 2026 statt. Die Gelegenheit, neue kulturelle Entdeckungen zu machen, mit Animationen, Spielen, Konzerten und nat\u00fcrlich Lesungen! Bleiben Sie auf dem Laufenden, [...].<\/p>","protected":false},"author":10,"featured_media":67259,"comment_status":"closed","ping_status":"closed","sticky":false,"template":"","format":"standard","meta":{"_relevanssi_hide_post":"","_relevanssi_hide_content":"","_relevanssi_pin_for_all":"","_relevanssi_pin_keywords":"","_relevanssi_unpin_keywords":"","_relevanssi_related_keywords":"","_relevanssi_related_include_ids":"","_relevanssi_related_exclude_ids":"","_relevanssi_related_no_append":"","_relevanssi_related_not_related":"","_relevanssi_related_posts":"32820,41684,40900,42933,53601,37932","_relevanssi_noindex_reason":""},"categories":[5],"tags":[],"yoast_head":"<!-- This site is optimized with the Yoast SEO plugin v20.2.1 - https:\/\/yoast.com\/wordpress\/plugins\/seo\/ -->\n<title>Les Nuits de la Lecture \u00e0 Creil Sud Oise<\/title>\n<meta name=\"description\" content=\"Retrouvez les animations autour des Nuits de la Lecture \u00e0 Creil Sud Oise ! L&#039;occasion de faire de nouvelles d\u00e9couvertes culturelles.\" \/>\n<meta name=\"robots\" content=\"index, follow, max-snippet:-1, max-image-preview:large, max-video-preview:-1\" \/>\n<link rel=\"canonical\" href=\"https:\/\/www.creilsudoise-tourisme.fr\/de\/2026\/01\/19\/lesenachte\/\" \/>\n<meta property=\"og:locale\" content=\"de_DE\" \/>\n<meta property=\"og:type\" content=\"article\" \/>\n<meta property=\"og:title\" content=\"Les Nuits de la Lecture \u00e0 Creil Sud Oise\" \/>\n<meta property=\"og:description\" content=\"Retrouvez les animations autour des Nuits de la Lecture \u00e0 Creil Sud Oise ! L&#039;occasion de faire de nouvelles d\u00e9couvertes culturelles.\" \/>\n<meta property=\"og:url\" content=\"https:\/\/www.creilsudoise-tourisme.fr\/de\/2026\/01\/19\/lesenachte\/\" \/>\n<meta property=\"og:site_name\" content=\"Office de Tourisme Creil Sud Oise\" \/>\n<meta property=\"article:publisher\" content=\"https:\/\/www.facebook.com\/creilsudoisetourisme\/\" \/>\n<meta property=\"article:published_time\" content=\"2026-01-19T13:04:06+00:00\" \/>\n<meta property=\"article:modified_time\" content=\"2026-01-19T13:04:50+00:00\" \/>\n<meta property=\"og:image\" content=\"https:\/\/www.creilsudoise-tourisme.fr\/wp-content\/uploads\/wpetourisme\/nuit-lecture-26-CNL.jpg\" \/>\n\t<meta property=\"og:image:width\" content=\"832\" \/>\n\t<meta property=\"og:image:height\" content=\"600\" \/>\n\t<meta property=\"og:image:type\" content=\"image\/jpeg\" \/>\n<meta name=\"author\" content=\"emilie\" \/>\n<meta name=\"twitter:card\" content=\"summary_large_image\" \/>\n<meta name=\"twitter:creator\" content=\"@CreilSudOiseOT\" \/>\n<meta name=\"twitter:site\" content=\"@CreilSudOiseOT\" \/>\n<meta name=\"twitter:label1\" content=\"Verfasst von\" \/>\n\t<meta name=\"twitter:data1\" content=\"emilie\" \/>\n<script type=\"application\/ld+json\" class=\"yoast-schema-graph\">{\"@context\":\"https:\/\/schema.org\",\"@graph\":[{\"@type\":\"Article\",\"@id\":\"https:\/\/www.creilsudoise-tourisme.fr\/2026\/01\/19\/nuits-lecture\/#article\",\"isPartOf\":{\"@id\":\"https:\/\/www.creilsudoise-tourisme.fr\/2026\/01\/19\/nuits-lecture\/\"},\"author\":{\"name\":\"emilie\",\"@id\":\"https:\/\/www.creilsudoise-tourisme.fr\/#\/schema\/person\/81a1ab3a236faa5508e8f47600a85072\"},\"headline\":\"Les Nuits de la lecture\",\"datePublished\":\"2026-01-19T13:04:06+00:00\",\"dateModified\":\"2026-01-19T13:04:50+00:00\",\"mainEntityOfPage\":{\"@id\":\"https:\/\/www.creilsudoise-tourisme.fr\/2026\/01\/19\/nuits-lecture\/\"},\"wordCount\":70,\"publisher\":{\"@id\":\"https:\/\/www.creilsudoise-tourisme.fr\/#organization\"},\"articleSection\":[\"Actus\"],\"inLanguage\":\"de\"},{\"@type\":\"WebPage\",\"@id\":\"https:\/\/www.creilsudoise-tourisme.fr\/2026\/01\/19\/nuits-lecture\/\",\"url\":\"https:\/\/www.creilsudoise-tourisme.fr\/2026\/01\/19\/nuits-lecture\/\",\"name\":\"Les Nuits de la Lecture \u00e0 Creil Sud Oise\",\"isPartOf\":{\"@id\":\"https:\/\/www.creilsudoise-tourisme.fr\/#website\"},\"datePublished\":\"2026-01-19T13:04:06+00:00\",\"dateModified\":\"2026-01-19T13:04:50+00:00\",\"description\":\"Retrouvez les animations autour des Nuits de la Lecture \u00e0 Creil Sud Oise ! L'occasion de faire de nouvelles d\u00e9couvertes culturelles.\",\"breadcrumb\":{\"@id\":\"https:\/\/www.creilsudoise-tourisme.fr\/2026\/01\/19\/nuits-lecture\/#breadcrumb\"},\"inLanguage\":\"de\",\"potentialAction\":[{\"@type\":\"ReadAction\",\"target\":[\"https:\/\/www.creilsudoise-tourisme.fr\/2026\/01\/19\/nuits-lecture\/\"]}]},{\"@type\":\"BreadcrumbList\",\"@id\":\"https:\/\/www.creilsudoise-tourisme.fr\/2026\/01\/19\/nuits-lecture\/#breadcrumb\",\"itemListElement\":[{\"@type\":\"ListItem\",\"position\":1,\"name\":\"Accueil\",\"item\":\"https:\/\/www.creilsudoise-tourisme.fr\/\"},{\"@type\":\"ListItem\",\"position\":2,\"name\":\"Les Nuits de la lecture\"}]},{\"@type\":\"WebSite\",\"@id\":\"https:\/\/www.creilsudoise-tourisme.fr\/#website\",\"url\":\"https:\/\/www.creilsudoise-tourisme.fr\/\",\"name\":\"Office de Tourisme Creil Sud Oise\",\"description\":\"Creil Sud Oise Tourisme, un territoire \u00e0 explorer !\",\"publisher\":{\"@id\":\"https:\/\/www.creilsudoise-tourisme.fr\/#organization\"},\"potentialAction\":[{\"@type\":\"SearchAction\",\"target\":{\"@type\":\"EntryPoint\",\"urlTemplate\":\"https:\/\/www.creilsudoise-tourisme.fr\/?s={search_term_string}\"},\"query-input\":\"required name=search_term_string\"}],\"inLanguage\":\"de\"},{\"@type\":\"Organization\",\"@id\":\"https:\/\/www.creilsudoise-tourisme.fr\/#organization\",\"name\":\"Creil Sud Oise Tourisme\",\"url\":\"https:\/\/www.creilsudoise-tourisme.fr\/\",\"logo\":{\"@type\":\"ImageObject\",\"inLanguage\":\"de\",\"@id\":\"https:\/\/www.creilsudoise-tourisme.fr\/#\/schema\/logo\/image\/\",\"url\":\"https:\/\/www.creilsudoise-tourisme.fr\/wp-content\/uploads\/2021\/05\/logo-svg.png\",\"contentUrl\":\"https:\/\/www.creilsudoise-tourisme.fr\/wp-content\/uploads\/2021\/05\/logo-svg.png\",\"width\":182,\"height\":71,\"caption\":\"Creil Sud Oise Tourisme\"},\"image\":{\"@id\":\"https:\/\/www.creilsudoise-tourisme.fr\/#\/schema\/logo\/image\/\"},\"sameAs\":[\"https:\/\/www.facebook.com\/creilsudoisetourisme\/\",\"https:\/\/twitter.com\/CreilSudOiseOT\",\"https:\/\/www.instagram.com\/creilsudoisetourisme\/\",\"https:\/\/www.youtube.com\/channel\/UC8L_QD2wwyADW14zt9fY8kw\"]},{\"@type\":\"Person\",\"@id\":\"https:\/\/www.creilsudoise-tourisme.fr\/#\/schema\/person\/81a1ab3a236faa5508e8f47600a85072\",\"name\":\"emilie\",\"image\":{\"@type\":\"ImageObject\",\"inLanguage\":\"de\",\"@id\":\"https:\/\/www.creilsudoise-tourisme.fr\/#\/schema\/person\/image\/\",\"url\":\"https:\/\/secure.gravatar.com\/avatar\/63ed1ecafae1b27e36a71e8626bc354f?s=96&d=mm&r=g\",\"contentUrl\":\"https:\/\/secure.gravatar.com\/avatar\/63ed1ecafae1b27e36a71e8626bc354f?s=96&d=mm&r=g\",\"caption\":\"emilie\"},\"url\":\"https:\/\/www.creilsudoise-tourisme.fr\/de\/auteur\/emilie\/\"}]}<\/script>\n<!-- \/ Yoast SEO plugin. -->","yoast_head_json":{"title":"Les Nuits de la Lecture \u00e0 Creil Sud Oise","description":"Retrouvez les animations autour des Nuits de la Lecture \u00e0 Creil Sud Oise ! L'occasion de faire de nouvelles d\u00e9couvertes culturelles.","robots":{"index":"index","follow":"follow","max-snippet":"max-snippet:-1","max-image-preview":"max-image-preview:large","max-video-preview":"max-video-preview:-1"},"canonical":"https:\/\/www.creilsudoise-tourisme.fr\/de\/2026\/01\/19\/lesenachte\/","og_locale":"de_DE","og_type":"article","og_title":"Les Nuits de la Lecture \u00e0 Creil Sud Oise","og_description":"Retrouvez les animations autour des Nuits de la Lecture \u00e0 Creil Sud Oise ! L'occasion de faire de nouvelles d\u00e9couvertes culturelles.","og_url":"https:\/\/www.creilsudoise-tourisme.fr\/de\/2026\/01\/19\/lesenachte\/","og_site_name":"Office de Tourisme Creil Sud Oise","article_publisher":"https:\/\/www.facebook.com\/creilsudoisetourisme\/","article_published_time":"2026-01-19T13:04:06+00:00","article_modified_time":"2026-01-19T13:04:50+00:00","og_image":[{"width":832,"height":600,"url":"https:\/\/www.creilsudoise-tourisme.fr\/wp-content\/uploads\/wpetourisme\/nuit-lecture-26-CNL.jpg","type":"image\/jpeg"}],"author":"emilie","twitter_card":"summary_large_image","twitter_creator":"@CreilSudOiseOT","twitter_site":"@CreilSudOiseOT","twitter_misc":{"Verfasst von":"emilie"},"schema":{"@context":"https:\/\/schema.org","@graph":[{"@type":"Article","@id":"https:\/\/www.creilsudoise-tourisme.fr\/2026\/01\/19\/nuits-lecture\/#article","isPartOf":{"@id":"https:\/\/www.creilsudoise-tourisme.fr\/2026\/01\/19\/nuits-lecture\/"},"author":{"name":"emilie","@id":"https:\/\/www.creilsudoise-tourisme.fr\/#\/schema\/person\/81a1ab3a236faa5508e8f47600a85072"},"headline":"Les Nuits de la lecture","datePublished":"2026-01-19T13:04:06+00:00","dateModified":"2026-01-19T13:04:50+00:00","mainEntityOfPage":{"@id":"https:\/\/www.creilsudoise-tourisme.fr\/2026\/01\/19\/nuits-lecture\/"},"wordCount":70,"publisher":{"@id":"https:\/\/www.creilsudoise-tourisme.fr\/#organization"},"articleSection":["Actus"],"inLanguage":"de"},{"@type":"WebPage","@id":"https:\/\/www.creilsudoise-tourisme.fr\/2026\/01\/19\/nuits-lecture\/","url":"https:\/\/www.creilsudoise-tourisme.fr\/2026\/01\/19\/nuits-lecture\/","name":"Les Nuits de la Lecture \u00e0 Creil Sud Oise","isPartOf":{"@id":"https:\/\/www.creilsudoise-tourisme.fr\/#website"},"datePublished":"2026-01-19T13:04:06+00:00","dateModified":"2026-01-19T13:04:50+00:00","description":"Retrouvez les animations autour des Nuits de la Lecture \u00e0 Creil Sud Oise ! L'occasion de faire de nouvelles d\u00e9couvertes culturelles.","breadcrumb":{"@id":"https:\/\/www.creilsudoise-tourisme.fr\/2026\/01\/19\/nuits-lecture\/#breadcrumb"},"inLanguage":"de","potentialAction":[{"@type":"ReadAction","target":["https:\/\/www.creilsudoise-tourisme.fr\/2026\/01\/19\/nuits-lecture\/"]}]},{"@type":"BreadcrumbList","@id":"https:\/\/www.creilsudoise-tourisme.fr\/2026\/01\/19\/nuits-lecture\/#breadcrumb","itemListElement":[{"@type":"ListItem","position":1,"name":"Accueil","item":"https:\/\/www.creilsudoise-tourisme.fr\/"},{"@type":"ListItem","position":2,"name":"Les Nuits de la lecture"}]},{"@type":"WebSite","@id":"https:\/\/www.creilsudoise-tourisme.fr\/#website","url":"https:\/\/www.creilsudoise-tourisme.fr\/","name":"Office de Tourisme Creil Sud Oise","description":"Creil Sud Oise Tourisme, un territoire \u00e0 explorer !","publisher":{"@id":"https:\/\/www.creilsudoise-tourisme.fr\/#organization"},"potentialAction":[{"@type":"SearchAction","target":{"@type":"EntryPoint","urlTemplate":"https:\/\/www.creilsudoise-tourisme.fr\/?s={search_term_string}"},"query-input":"required name=search_term_string"}],"inLanguage":"de"},{"@type":"Organization","@id":"https:\/\/www.creilsudoise-tourisme.fr\/#organization","name":"Creil Sud Oise Tourisme","url":"https:\/\/www.creilsudoise-tourisme.fr\/","logo":{"@type":"ImageObject","inLanguage":"de","@id":"https:\/\/www.creilsudoise-tourisme.fr\/#\/schema\/logo\/image\/","url":"https:\/\/www.creilsudoise-tourisme.fr\/wp-content\/uploads\/2021\/05\/logo-svg.png","contentUrl":"https:\/\/www.creilsudoise-tourisme.fr\/wp-content\/uploads\/2021\/05\/logo-svg.png","width":182,"height":71,"caption":"Creil Sud Oise Tourisme"},"image":{"@id":"https:\/\/www.creilsudoise-tourisme.fr\/#\/schema\/logo\/image\/"},"sameAs":["https:\/\/www.facebook.com\/creilsudoisetourisme\/","https:\/\/twitter.com\/CreilSudOiseOT","https:\/\/www.instagram.com\/creilsudoisetourisme\/","https:\/\/www.youtube.com\/channel\/UC8L_QD2wwyADW14zt9fY8kw"]},{"@type":"Person","@id":"https:\/\/www.creilsudoise-tourisme.fr\/#\/schema\/person\/81a1ab3a236faa5508e8f47600a85072","name":"emilie","image":{"@type":"ImageObject","inLanguage":"de","@id":"https:\/\/www.creilsudoise-tourisme.fr\/#\/schema\/person\/image\/","url":"https:\/\/secure.gravatar.com\/avatar\/63ed1ecafae1b27e36a71e8626bc354f?s=96&d=mm&r=g","contentUrl":"https:\/\/secure.gravatar.com\/avatar\/63ed1ecafae1b27e36a71e8626bc354f?s=96&d=mm&r=g","caption":"emilie"},"url":"https:\/\/www.creilsudoise-tourisme.fr\/de\/auteur\/emilie\/"}]}},"_links":{"self":[{"href":"https:\/\/www.creilsudoise-tourisme.fr\/de\/wp-json\/wp\/v2\/posts\/59458"}],"collection":[{"href":"https:\/\/www.creilsudoise-tourisme.fr\/de\/wp-json\/wp\/v2\/posts"}],"about":[{"href":"https:\/\/www.creilsudoise-tourisme.fr\/de\/wp-json\/wp\/v2\/types\/post"}],"author":[{"embeddable":true,"href":"https:\/\/www.creilsudoise-tourisme.fr\/de\/wp-json\/wp\/v2\/users\/10"}],"replies":[{"embeddable":true,"href":"https:\/\/www.creilsudoise-tourisme.fr\/de\/wp-json\/wp\/v2\/comments?post=59458"}],"version-history":[{"count":21,"href":"https:\/\/www.creilsudoise-tourisme.fr\/de\/wp-json\/wp\/v2\/posts\/59458\/revisions"}],"predecessor-version":[{"id":67286,"href":"https:\/\/www.creilsudoise-tourisme.fr\/de\/wp-json\/wp\/v2\/posts\/59458\/revisions\/67286"}],"wp:featuredmedia":[{"embeddable":true,"href":"https:\/\/www.creilsudoise-tourisme.fr\/de\/wp-json\/wp\/v2\/media\/67259"}],"wp:attachment":[{"href":"https:\/\/www.creilsudoise-tourisme.fr\/de\/wp-json\/wp\/v2\/media?parent=59458"}],"wp:term":[{"taxonomy":"category","embeddable":true,"href":"https:\/\/www.creilsudoise-tourisme.fr\/de\/wp-json\/wp\/v2\/categories?post=59458"},{"taxonomy":"post_tag","embeddable":true,"href":"https:\/\/www.creilsudoise-tourisme.fr\/de\/wp-json\/wp\/v2\/tags?post=59458"}],"curies":[{"name":"wp","href":"https:\/\/api.w.org\/{rel}","templated":true}]}}