{"id":58743,"date":"2024-12-04T15:03:50","date_gmt":"2024-12-04T14:03:50","guid":{"rendered":"https:\/\/www.creilsudoise-tourisme.fr\/?p=58743"},"modified":"2025-01-09T09:54:14","modified_gmt":"2025-01-09T08:54:14","slug":"vacances-noel","status":"publish","type":"post","link":"https:\/\/www.creilsudoise-tourisme.fr\/de\/2024\/12\/04\/ferien-weihnachten\/","title":{"rendered":"Genie\u00dfen Sie den Zauber der Weihnachtsfeiertage!"},"content":{"rendered":"<p class=\"is-style-excerpt\">Die Weihnachtszeit steht vor der T\u00fcr! Lassen Sie sich von der <strong>Weihnachtszauber<\/strong> mit einem <strong>festliches und abwechslungsreiches Programm<\/strong> in Creil Sud Oise, den ganzen Dezember \u00fcber und bis zum Ende der Ferien.<br><br><\/p>\n\n\n\n<div class=\"is-content-justification-center is-layout-flex wp-container-1 wp-block-buttons\">\n<div class=\"wp-block-button\"><a class=\"wp-block-button__link wp-element-button\" href=\"https:\/\/www.creilsudoise-tourisme.fr\/de\/agenda\/\" target=\"_blank\" rel=\"noreferrer noopener\">die gesamte Agenda<\/a><\/div>\n<\/div>\n\n\n\n<h2><strong>Weihnachtsm\u00e4rkte<\/strong><\/h2>\n\n\n\n<p>Creil, Nogent-sur-Oise, Saint-Leu d'Esserent... die Zeit der <a href=\"https:\/\/www.creilsudoise-tourisme.fr\/de\/2024\/11\/15\/marches-noel\/\" target=\"_blank\" rel=\"noreferrer noopener\">Weihnachtsm\u00e4rkte<\/a> ist wieder da! Die Gelegenheit, Ihre <strong>Geschenke<\/strong> von Weihnachten, eine <strong>Foto mit dem Weihnachtsmann<\/strong> oder einen leckeren <strong>hei\u00dfe Schokolade<\/strong> ! Schnell, lass dir nichts entgehen, die meisten M\u00e4rkte finden nur an einem Wochenende statt! <br><br>Genie\u00dfen Sie auch Aktivit\u00e4ten rund um Weihnachten in Montataire: Am 25. Dezember findet eine <a href=\"https:\/\/mairie-montataire.fr\/agenda\/evenement\/festivites-de-fin-dannee-2\/\" target=\"_blank\" rel=\"noreferrer noopener\">Eislaufbahn<\/a> erwartet Sie auf der Esplanade Fernand Tuil. Die <a href=\"https:\/\/mairie-montataire.fr\/agenda\/evenement\/festivites-de-fin-dannee-3\/\" target=\"_blank\" rel=\"noreferrer noopener\">26. Dezember<\/a>Gehen Sie Schlittschuh laufen (ebenfalls auf der Esplanade Fernand Tuil), probieren Sie ein <strong>gute hei\u00dfe Schokolade<\/strong> <span style=\"font-size: 1.125rem;\">und beteiligen Sie sich an <strong>kreative und spielerische Aktivit\u00e4ten<\/strong> : Karikaturist, Riesenholzscheit, kreative Hobbys, Schminken...<\/span> !<\/p>\n\n\n\n<p><\/p>\n\n\n\n<h2><strong>Weihnachtliche Touren und Workshops<\/strong><\/h2>\n\n\n\n<p>Gehen Sie auf totale Immersion mit einer <a href=\"https:\/\/www.creilsudoise-tourisme.fr\/de\/agenda-animations\/noel-balades-contees-au-coeur-des-carrieres-souterraines\/\" target=\"_blank\" rel=\"noreferrer noopener\">M\u00e4rchenspaziergang<\/a> in einer <strong>unterirdischer Steinbruch<\/strong> ! Mit der Maison de la Pierre, die sich in Saint-Maximin befindet, k\u00f6nnen Sie diesen Tag teilen. <strong>magischer Moment<\/strong> mit der ganzen Familie!<br><br><strong>Gehen Sie in der Zeit zur\u00fcck<\/strong> und <a href=\"https:\/\/www.creilsudoise-tourisme.fr\/de\/agenda-animations\/sous-le-sapin-de-maurice-visite-guidee\/\" target=\"_blank\" rel=\"noreferrer noopener\">entdecken Sie Weihnachten zu Beginn des 20.<\/a> dank der Spuren, die Maurice, ein Kind der Gall\u00e9s, in Creil mit dem Gall\u00e9-Juillet-Museum hinterlassen hat! F\u00fcr die ganz Kleinen ab 3 Jahren.<br><br>Um die Weihnachtszeit herum genie\u00dfen Sie einen <strong>Familienmoment<\/strong> mit dem Gall\u00e9-Juillet-Museum, durch die Teilnahme an <a href=\"https:\/\/www.creilsudoise-tourisme.fr\/de\/agenda-animations\/ateliers-de-noel-du-musee\/\" target=\"_blank\" rel=\"noreferrer noopener\">Weihnachtsworkshops des Museums<\/a>. Auf dem Programm standen die Herstellung und Dekoration von Objekten aus selbsth\u00e4rtender Paste (von einem <strong>Geschenk von seinen H\u00e4nden<\/strong> !)<br><strong><br><\/strong>Der p\u00e4dagogische Bauernhof in Nogent-sur-Oise bietet Ihnen einen <a href=\"https:\/\/www.creilsudoise-tourisme.fr\/de\/agenda-animations\/noel-la-ferme-fete-noel\/\" target=\"_blank\" rel=\"noreferrer noopener\">viele Aktivit\u00e4ten f\u00fcr Weihnachten <\/a>an ein und demselben Tag: kleiner Weihnachtszug, Ponyreiten, Weihnachtsmann mit Selfie-S\u00e4ule, Maskottchen, traditionelle Holzspiele, Drehorgel, Schneeballschau, Stand mit Leckereien und hei\u00dfen Getr\u00e4nken... ein Tag, der sich ank\u00fcndigt. <strong>magisch<\/strong> f\u00fcr alle!<\/p>\n\n\n\n<h2><strong>Auff\u00fchrungen<\/strong><\/h2>\n\n\n\n<h3><strong>Konzerte<\/strong><\/h3>\n\n\n\n<p><a href=\"https:\/\/www.creilsudoise-tourisme.fr\/de\/agenda-animations\/concert-de-noel-jazz\/\" target=\"_blank\" rel=\"noreferrer noopener\">Jazzkonzert speziell f\u00fcr Weihnachten<\/a> in Saint-Maximin, <a href=\"https:\/\/www.creilsudoise-tourisme.fr\/de\/agenda-animations\/concert-caritarif-les-rockeurs-ont-du-coeur\/\" target=\"_blank\" rel=\"noreferrer noopener\">Benefiz-Rockkonzert<\/a> in Creil, <a href=\"https:\/\/www.creilsudoise-tourisme.fr\/de\/agenda-animations\/concert-de-noel-the-solistes\/\" target=\"_blank\" rel=\"noreferrer noopener\">Solistenkonzert<\/a> ebenfalls in Creil oder auch <a href=\"https:\/\/www.creilsudoise-tourisme.fr\/de\/agenda-animations\/concert-de-noel-concert-des-eleves-de-lamem\/\" target=\"_blank\" rel=\"noreferrer noopener\">Sch\u00fclerkonzert<\/a> in Montataire ... und warum nicht gleich alle vier? 4 v\u00f6llig unterschiedliche Konzerte, aber alle in <strong>der Geist von Weihnachten<\/strong> werden f\u00fcr die gr\u00f6\u00dfte <strong>Vergn\u00fcgen f\u00fcr Ihre Ohren<\/strong> ! Holen Sie Ihr Plus <strong>sch\u00f6ner Weihnachtspullover <\/strong>f\u00fcr den Anlass!<\/p>\n\n\n\n<h3><strong>Auff\u00fchrungen<\/strong><\/h3>\n\n\n\n<p>Staunen Sie mit  <a href=\"https:\/\/www.creilsudoise-tourisme.fr\/de\/agenda-animations\/ballet-au-cine-casse-noisette\/\" target=\"_blank\" rel=\"noreferrer noopener\">Nussknacker<\/a>Ein Weihnachtsballett in La Fa\u00efencerie-Th\u00e9\u00e2tre de Creil: An einem Weihnachtsabend bekommt ein junges M\u00e4dchen eine leblose Puppe, einen Nussknacker, geschenkt. Und wenn in ihren<strong> Tr\u00e4ume<\/strong>Er nahm <strong>Leben<\/strong> ?<\/p>\n\n\n\n<h3><strong>Filme<\/strong><\/h3>\n\n\n\n<p>Sie bevorzugen eher <strong>Filme<\/strong> ? Das Fa\u00efencerie-Th\u00e9\u00e2tre bietet auch eine Auswahl an <strong>Weihnachtsfilme<\/strong> : entscheiden Sie sich f\u00fcr <a href=\"https:\/\/faiencerie-theatre.com\/saison-2024-2025\/le-grand-noel-des-animaux\" target=\"_blank\" rel=\"noreferrer noopener\">Das gro\u00dfe Weihnachtsfest der Tiere<\/a> oder <a href=\"https:\/\/faiencerie-theatre.com\/saison-2024-2025\/les-ours-gloutons-au-pole-nord\" target=\"_blank\" rel=\"noreferrer noopener\">Vielfra\u00dfb\u00e4ren am Nordpol<\/a>. Auch das Path\u00e9 in Montataire zeigt Weihnachtsfilme :<a href=\"https:\/\/www.pathe.fr\/films\/les-boules-de-noel-40182\" target=\"_blank\" rel=\"noreferrer noopener\"> Die Weihnachtskugeln<\/a>Eine franz\u00f6sische Kom\u00f6die, in der sich der Weihnachtsabend in einen Albtraum verwandelt. Ziemlich <strong>Animationsfilm<\/strong> ? Dann <a href=\"https:\/\/www.pathe.fr\/films\/niko-le-petit-renne-mission-pere-noel-35493\" target=\"_blank\" rel=\"noreferrer noopener\">Niko, das kleine Rentier, Mission Weihnachtsmann<\/a> ist genau das Richtige f\u00fcr Sie! Zu sehen in <strong>Familie<\/strong> (oder auch nicht!)<\/p>\n\n\n\n<h3><strong>Erz\u00e4hlte Lesungen<\/strong><\/h3>\n\n\n\n<p>F\u00fcr die Kleinsten <a href=\"https:\/\/www.creilsudoise-tourisme.fr\/de\/agenda-animations\/lecture-lectures-au-pied-du-sapin\/\" target=\"_blank\" rel=\"noreferrer noopener\">Elsa-Triolet-Bibliothek<\/a> von Saint-Maximin und die <a href=\"https:\/\/www.creilsudoise-tourisme.fr\/de\/agenda-animations\/lecture-contes-dhiver-et-de-noel\/\" target=\"_blank\" rel=\"noreferrer noopener\">Mediatheken in Creil<\/a> l\u00e4dt Sie ein zum <strong>am Fu\u00df ihres Baumes<\/strong> f\u00fcr M\u00e4rchenlesungen rund um Weihnachten!<\/p>\n\n\n\n<h2><strong>Adventskalender 2.0<\/strong><\/h2>\n\n\n\n<p>Ein Adventskalender 2.0? Was ist das schon wieder?<br>Finden Sie einen Adventskalender <a href=\"https:\/\/www.buffalo-grill.fr\/nos-actualites\/lesprit-buffalo\/calendrier-de-lavent\" target=\"_blank\" rel=\"noreferrer noopener\">online herunterladbar<\/a> und zu <strong>mit der Familie bauen <\/strong>mit dem Kalender des <strong>Buffalo Grill<\/strong> ! Jeden Tag wird Ihnen ein Schnittmuster eines Hauses, einer Wohnung vorgeschlagen, um einen <strong>Weihnachtsdorf<\/strong> ! Charmant, nicht wahr?<br><\/p>\n\n\n\n<div class=\"is-layout-flex wp-block-buttons\"><\/div>\n\n\n\n<div class=\"is-layout-flex wp-block-buttons\"><\/div>\n\n\n\n<h2><strong>Geschenkideen<\/strong><\/h2>\n\n\n\n<p>Auf der Suche nach<strong>lokale und\/oder handwerkliche Geschenkideen<\/strong> ? Wir haben eine kleine, feine Auswahl f\u00fcr Sie zusammengestellt, die Sie gleich finden werden. <a href=\"https:\/\/www.creilsudoise-tourisme.fr\/de\/2024\/11\/28\/cadeaux-locaux\/\" target=\"_blank\" rel=\"noreferrer noopener\">hier<\/a> ! Z\u00f6gern Sie nicht, im Fremdenverkehrsamt einen<strong> Korb oder eine Box<\/strong> mit<strong> regionale Produkte<\/strong> : Sehen Sie selbst, was in <a href=\"https:\/\/www.creilsudoise-tourisme.fr\/de\/praxis\/office-de-tourisme\/shop\/\" target=\"_blank\" rel=\"noreferrer noopener\">unser Shop<\/a> !&nbsp;<\/p>\n\n\n\n<h2><strong>Weihnachts- und Neujahrspartys<\/strong><\/h2>\n\n\n\n<p>Noch kein Plan f\u00fcr die <strong>Festlichkeiten<\/strong> ? Wir haben unsere kleinen Nachforschungen angestellt und <a href=\"https:\/\/www.creilsudoise-tourisme.fr\/de\/menu-reveillon\/\" target=\"_blank\" rel=\"noreferrer noopener\">hier sind die Restaurants<\/a> anbietet <strong>Men\u00fcs f\u00fcr die Feiertage <\/strong>!<br><br>Feiern Sie den <a href=\"https:\/\/www.plazabowling.com\/bowling-saint-maximin-creil\/2\/\" target=\"_blank\" rel=\"noreferrer noopener\">Silvesterabend<\/a> im Bowling Plaza in Saint-Maximin! Genie\u00dfen Sie einen festlichen Abend mit zahlreichen Aktivit\u00e4ten: Bowling, Billard, Arcade-Spiele, Disco-Dancefloor und vieles mehr - und das alles in einer 100%-Disco-Atmosph\u00e4re! Ein perfektes Programm f\u00fcr einen unvergesslichen Abend voller \u00dcberraschungen!<\/p>\n\n\n\n<p><\/p>\n\n\n\n<hr class=\"wp-block-separator has-alpha-channel-opacity\"\/>\n\n\n\n<p>Das gesamte Team des Fremdenverkehrsamtes w\u00fcnscht Ihnen <strong>frohe Festtage<\/strong> !<\/p>\n\n\n\n<div class=\"is-content-justification-center is-layout-flex wp-container-4 wp-block-buttons\">\n<div class=\"wp-block-button\"><a class=\"wp-block-button__link wp-element-button\" href=\"https:\/\/www.creilsudoise-tourisme.fr\/de\/agenda\/\" target=\"_blank\" rel=\"noreferrer noopener\">ALLE AGENDA<\/a><\/div>\n<\/div>","protected":false},"excerpt":{"rendered":"<p>Die Weihnachtsfeiertage n\u00e4hern sich mit gro\u00dfen Schritten! Lassen Sie sich vom Weihnachtszauber mitrei\u00dfen, mit einem festlichen und abwechslungsreichen Programm in Creil Sud Oise, den ganzen Dezember \u00fcber und bis zum Ende der Feiertage. Weihnachtsm\u00e4rkte Creil, Nogent-sur-Oise, Saint-Leu d'Esserent... die Zeit der Weihnachtsm\u00e4rkte ist von [...].<\/p>","protected":false},"author":10,"featured_media":58821,"comment_status":"closed","ping_status":"closed","sticky":false,"template":"","format":"standard","meta":{"_relevanssi_hide_post":"","_relevanssi_hide_content":"","_relevanssi_pin_for_all":"","_relevanssi_pin_keywords":"","_relevanssi_unpin_keywords":"","_relevanssi_related_keywords":"","_relevanssi_related_include_ids":"","_relevanssi_related_exclude_ids":"","_relevanssi_related_no_append":"","_relevanssi_related_not_related":"","_relevanssi_related_posts":"52387,40285,39936,39126,56183,56179","_relevanssi_noindex_reason":""},"categories":[5],"tags":[],"yoast_head":"<!-- This site is optimized with the Yoast SEO plugin v20.2.1 - https:\/\/yoast.com\/wordpress\/plugins\/seo\/ -->\n<title>Programme des vacances de No\u00ebl 2024<\/title>\n<meta name=\"description\" content=\"D\u00e9couvrez les sorties \u00e0 faire en famille ou entre amis \u00e0 Creil Sud Oise, pr\u00e8s de Chantilly et Senlis, lors des vacances de No\u00ebl.\" \/>\n<meta name=\"robots\" content=\"index, follow, max-snippet:-1, max-image-preview:large, max-video-preview:-1\" \/>\n<link rel=\"canonical\" href=\"https:\/\/www.creilsudoise-tourisme.fr\/de\/2024\/12\/04\/ferien-weihnachten\/\" \/>\n<meta property=\"og:locale\" content=\"de_DE\" \/>\n<meta property=\"og:type\" content=\"article\" \/>\n<meta property=\"og:title\" content=\"Programme des vacances de No\u00ebl 2024\" \/>\n<meta property=\"og:description\" content=\"D\u00e9couvrez les sorties \u00e0 faire en famille ou entre amis \u00e0 Creil Sud Oise, pr\u00e8s de Chantilly et Senlis, lors des vacances de No\u00ebl.\" \/>\n<meta property=\"og:url\" content=\"https:\/\/www.creilsudoise-tourisme.fr\/de\/2024\/12\/04\/ferien-weihnachten\/\" \/>\n<meta property=\"og:site_name\" content=\"Office de Tourisme Creil Sud Oise\" \/>\n<meta property=\"article:publisher\" content=\"https:\/\/www.facebook.com\/creilsudoisetourisme\/\" \/>\n<meta property=\"article:published_time\" content=\"2024-12-04T14:03:50+00:00\" \/>\n<meta property=\"article:modified_time\" content=\"2025-01-09T08:54:14+00:00\" \/>\n<meta property=\"og:image\" content=\"https:\/\/www.creilsudoise-tourisme.fr\/wp-content\/uploads\/2024\/12\/noel.jpg\" \/>\n\t<meta property=\"og:image:width\" content=\"1480\" \/>\n\t<meta property=\"og:image:height\" content=\"740\" \/>\n\t<meta property=\"og:image:type\" content=\"image\/jpeg\" \/>\n<meta name=\"author\" content=\"emilie\" \/>\n<meta name=\"twitter:card\" content=\"summary_large_image\" \/>\n<meta name=\"twitter:creator\" content=\"@CreilSudOiseOT\" \/>\n<meta name=\"twitter:site\" content=\"@CreilSudOiseOT\" \/>\n<meta name=\"twitter:label1\" content=\"Verfasst von\" \/>\n\t<meta name=\"twitter:data1\" content=\"emilie\" \/>\n\t<meta name=\"twitter:label2\" content=\"Gesch\u00e4tzte Lesezeit\" \/>\n\t<meta name=\"twitter:data2\" content=\"4\u00a0Minuten\" \/>\n<script type=\"application\/ld+json\" class=\"yoast-schema-graph\">{\"@context\":\"https:\/\/schema.org\",\"@graph\":[{\"@type\":\"Article\",\"@id\":\"https:\/\/www.creilsudoise-tourisme.fr\/2024\/12\/04\/vacances-noel\/#article\",\"isPartOf\":{\"@id\":\"https:\/\/www.creilsudoise-tourisme.fr\/2024\/12\/04\/vacances-noel\/\"},\"author\":{\"name\":\"emilie\",\"@id\":\"https:\/\/www.creilsudoise-tourisme.fr\/#\/schema\/person\/81a1ab3a236faa5508e8f47600a85072\"},\"headline\":\"Savourez la magie des f\u00eates de No\u00ebl !\",\"datePublished\":\"2024-12-04T14:03:50+00:00\",\"dateModified\":\"2025-01-09T08:54:14+00:00\",\"mainEntityOfPage\":{\"@id\":\"https:\/\/www.creilsudoise-tourisme.fr\/2024\/12\/04\/vacances-noel\/\"},\"wordCount\":840,\"publisher\":{\"@id\":\"https:\/\/www.creilsudoise-tourisme.fr\/#organization\"},\"articleSection\":[\"Actus\"],\"inLanguage\":\"de\"},{\"@type\":\"WebPage\",\"@id\":\"https:\/\/www.creilsudoise-tourisme.fr\/2024\/12\/04\/vacances-noel\/\",\"url\":\"https:\/\/www.creilsudoise-tourisme.fr\/2024\/12\/04\/vacances-noel\/\",\"name\":\"Programme des vacances de No\u00ebl 2024\",\"isPartOf\":{\"@id\":\"https:\/\/www.creilsudoise-tourisme.fr\/#website\"},\"datePublished\":\"2024-12-04T14:03:50+00:00\",\"dateModified\":\"2025-01-09T08:54:14+00:00\",\"description\":\"D\u00e9couvrez les sorties \u00e0 faire en famille ou entre amis \u00e0 Creil Sud Oise, pr\u00e8s de Chantilly et Senlis, lors des vacances de No\u00ebl.\",\"breadcrumb\":{\"@id\":\"https:\/\/www.creilsudoise-tourisme.fr\/2024\/12\/04\/vacances-noel\/#breadcrumb\"},\"inLanguage\":\"de\",\"potentialAction\":[{\"@type\":\"ReadAction\",\"target\":[\"https:\/\/www.creilsudoise-tourisme.fr\/2024\/12\/04\/vacances-noel\/\"]}]},{\"@type\":\"BreadcrumbList\",\"@id\":\"https:\/\/www.creilsudoise-tourisme.fr\/2024\/12\/04\/vacances-noel\/#breadcrumb\",\"itemListElement\":[{\"@type\":\"ListItem\",\"position\":1,\"name\":\"Accueil\",\"item\":\"https:\/\/www.creilsudoise-tourisme.fr\/\"},{\"@type\":\"ListItem\",\"position\":2,\"name\":\"Savourez la magie des f\u00eates de No\u00ebl !\"}]},{\"@type\":\"WebSite\",\"@id\":\"https:\/\/www.creilsudoise-tourisme.fr\/#website\",\"url\":\"https:\/\/www.creilsudoise-tourisme.fr\/\",\"name\":\"Office de Tourisme Creil Sud Oise\",\"description\":\"Creil Sud Oise Tourisme, un territoire \u00e0 explorer !\",\"publisher\":{\"@id\":\"https:\/\/www.creilsudoise-tourisme.fr\/#organization\"},\"potentialAction\":[{\"@type\":\"SearchAction\",\"target\":{\"@type\":\"EntryPoint\",\"urlTemplate\":\"https:\/\/www.creilsudoise-tourisme.fr\/?s={search_term_string}\"},\"query-input\":\"required name=search_term_string\"}],\"inLanguage\":\"de\"},{\"@type\":\"Organization\",\"@id\":\"https:\/\/www.creilsudoise-tourisme.fr\/#organization\",\"name\":\"Creil Sud Oise Tourisme\",\"url\":\"https:\/\/www.creilsudoise-tourisme.fr\/\",\"logo\":{\"@type\":\"ImageObject\",\"inLanguage\":\"de\",\"@id\":\"https:\/\/www.creilsudoise-tourisme.fr\/#\/schema\/logo\/image\/\",\"url\":\"https:\/\/www.creilsudoise-tourisme.fr\/wp-content\/uploads\/2021\/05\/logo-svg.png\",\"contentUrl\":\"https:\/\/www.creilsudoise-tourisme.fr\/wp-content\/uploads\/2021\/05\/logo-svg.png\",\"width\":182,\"height\":71,\"caption\":\"Creil Sud Oise Tourisme\"},\"image\":{\"@id\":\"https:\/\/www.creilsudoise-tourisme.fr\/#\/schema\/logo\/image\/\"},\"sameAs\":[\"https:\/\/www.facebook.com\/creilsudoisetourisme\/\",\"https:\/\/twitter.com\/CreilSudOiseOT\",\"https:\/\/www.instagram.com\/creilsudoisetourisme\/\",\"https:\/\/www.youtube.com\/channel\/UC8L_QD2wwyADW14zt9fY8kw\"]},{\"@type\":\"Person\",\"@id\":\"https:\/\/www.creilsudoise-tourisme.fr\/#\/schema\/person\/81a1ab3a236faa5508e8f47600a85072\",\"name\":\"emilie\",\"image\":{\"@type\":\"ImageObject\",\"inLanguage\":\"de\",\"@id\":\"https:\/\/www.creilsudoise-tourisme.fr\/#\/schema\/person\/image\/\",\"url\":\"https:\/\/secure.gravatar.com\/avatar\/63ed1ecafae1b27e36a71e8626bc354f?s=96&d=mm&r=g\",\"contentUrl\":\"https:\/\/secure.gravatar.com\/avatar\/63ed1ecafae1b27e36a71e8626bc354f?s=96&d=mm&r=g\",\"caption\":\"emilie\"},\"url\":\"https:\/\/www.creilsudoise-tourisme.fr\/de\/auteur\/emilie\/\"}]}<\/script>\n<!-- \/ Yoast SEO plugin. -->","yoast_head_json":{"title":"Programme des vacances de No\u00ebl 2024","description":"D\u00e9couvrez les sorties \u00e0 faire en famille ou entre amis \u00e0 Creil Sud Oise, pr\u00e8s de Chantilly et Senlis, lors des vacances de No\u00ebl.","robots":{"index":"index","follow":"follow","max-snippet":"max-snippet:-1","max-image-preview":"max-image-preview:large","max-video-preview":"max-video-preview:-1"},"canonical":"https:\/\/www.creilsudoise-tourisme.fr\/de\/2024\/12\/04\/ferien-weihnachten\/","og_locale":"de_DE","og_type":"article","og_title":"Programme des vacances de No\u00ebl 2024","og_description":"D\u00e9couvrez les sorties \u00e0 faire en famille ou entre amis \u00e0 Creil Sud Oise, pr\u00e8s de Chantilly et Senlis, lors des vacances de No\u00ebl.","og_url":"https:\/\/www.creilsudoise-tourisme.fr\/de\/2024\/12\/04\/ferien-weihnachten\/","og_site_name":"Office de Tourisme Creil Sud Oise","article_publisher":"https:\/\/www.facebook.com\/creilsudoisetourisme\/","article_published_time":"2024-12-04T14:03:50+00:00","article_modified_time":"2025-01-09T08:54:14+00:00","og_image":[{"width":1480,"height":740,"url":"https:\/\/www.creilsudoise-tourisme.fr\/wp-content\/uploads\/2024\/12\/noel.jpg","type":"image\/jpeg"}],"author":"emilie","twitter_card":"summary_large_image","twitter_creator":"@CreilSudOiseOT","twitter_site":"@CreilSudOiseOT","twitter_misc":{"Verfasst von":"emilie","Gesch\u00e4tzte Lesezeit":"4\u00a0Minuten"},"schema":{"@context":"https:\/\/schema.org","@graph":[{"@type":"Article","@id":"https:\/\/www.creilsudoise-tourisme.fr\/2024\/12\/04\/vacances-noel\/#article","isPartOf":{"@id":"https:\/\/www.creilsudoise-tourisme.fr\/2024\/12\/04\/vacances-noel\/"},"author":{"name":"emilie","@id":"https:\/\/www.creilsudoise-tourisme.fr\/#\/schema\/person\/81a1ab3a236faa5508e8f47600a85072"},"headline":"Savourez la magie des f\u00eates de No\u00ebl !","datePublished":"2024-12-04T14:03:50+00:00","dateModified":"2025-01-09T08:54:14+00:00","mainEntityOfPage":{"@id":"https:\/\/www.creilsudoise-tourisme.fr\/2024\/12\/04\/vacances-noel\/"},"wordCount":840,"publisher":{"@id":"https:\/\/www.creilsudoise-tourisme.fr\/#organization"},"articleSection":["Actus"],"inLanguage":"de"},{"@type":"WebPage","@id":"https:\/\/www.creilsudoise-tourisme.fr\/2024\/12\/04\/vacances-noel\/","url":"https:\/\/www.creilsudoise-tourisme.fr\/2024\/12\/04\/vacances-noel\/","name":"Programme des vacances de No\u00ebl 2024","isPartOf":{"@id":"https:\/\/www.creilsudoise-tourisme.fr\/#website"},"datePublished":"2024-12-04T14:03:50+00:00","dateModified":"2025-01-09T08:54:14+00:00","description":"D\u00e9couvrez les sorties \u00e0 faire en famille ou entre amis \u00e0 Creil Sud Oise, pr\u00e8s de Chantilly et Senlis, lors des vacances de No\u00ebl.","breadcrumb":{"@id":"https:\/\/www.creilsudoise-tourisme.fr\/2024\/12\/04\/vacances-noel\/#breadcrumb"},"inLanguage":"de","potentialAction":[{"@type":"ReadAction","target":["https:\/\/www.creilsudoise-tourisme.fr\/2024\/12\/04\/vacances-noel\/"]}]},{"@type":"BreadcrumbList","@id":"https:\/\/www.creilsudoise-tourisme.fr\/2024\/12\/04\/vacances-noel\/#breadcrumb","itemListElement":[{"@type":"ListItem","position":1,"name":"Accueil","item":"https:\/\/www.creilsudoise-tourisme.fr\/"},{"@type":"ListItem","position":2,"name":"Savourez la magie des f\u00eates de No\u00ebl !"}]},{"@type":"WebSite","@id":"https:\/\/www.creilsudoise-tourisme.fr\/#website","url":"https:\/\/www.creilsudoise-tourisme.fr\/","name":"Office de Tourisme Creil Sud Oise","description":"Creil Sud Oise Tourisme, un territoire \u00e0 explorer !","publisher":{"@id":"https:\/\/www.creilsudoise-tourisme.fr\/#organization"},"potentialAction":[{"@type":"SearchAction","target":{"@type":"EntryPoint","urlTemplate":"https:\/\/www.creilsudoise-tourisme.fr\/?s={search_term_string}"},"query-input":"required name=search_term_string"}],"inLanguage":"de"},{"@type":"Organization","@id":"https:\/\/www.creilsudoise-tourisme.fr\/#organization","name":"Creil Sud Oise Tourisme","url":"https:\/\/www.creilsudoise-tourisme.fr\/","logo":{"@type":"ImageObject","inLanguage":"de","@id":"https:\/\/www.creilsudoise-tourisme.fr\/#\/schema\/logo\/image\/","url":"https:\/\/www.creilsudoise-tourisme.fr\/wp-content\/uploads\/2021\/05\/logo-svg.png","contentUrl":"https:\/\/www.creilsudoise-tourisme.fr\/wp-content\/uploads\/2021\/05\/logo-svg.png","width":182,"height":71,"caption":"Creil Sud Oise Tourisme"},"image":{"@id":"https:\/\/www.creilsudoise-tourisme.fr\/#\/schema\/logo\/image\/"},"sameAs":["https:\/\/www.facebook.com\/creilsudoisetourisme\/","https:\/\/twitter.com\/CreilSudOiseOT","https:\/\/www.instagram.com\/creilsudoisetourisme\/","https:\/\/www.youtube.com\/channel\/UC8L_QD2wwyADW14zt9fY8kw"]},{"@type":"Person","@id":"https:\/\/www.creilsudoise-tourisme.fr\/#\/schema\/person\/81a1ab3a236faa5508e8f47600a85072","name":"emilie","image":{"@type":"ImageObject","inLanguage":"de","@id":"https:\/\/www.creilsudoise-tourisme.fr\/#\/schema\/person\/image\/","url":"https:\/\/secure.gravatar.com\/avatar\/63ed1ecafae1b27e36a71e8626bc354f?s=96&d=mm&r=g","contentUrl":"https:\/\/secure.gravatar.com\/avatar\/63ed1ecafae1b27e36a71e8626bc354f?s=96&d=mm&r=g","caption":"emilie"},"url":"https:\/\/www.creilsudoise-tourisme.fr\/de\/auteur\/emilie\/"}]}},"_links":{"self":[{"href":"https:\/\/www.creilsudoise-tourisme.fr\/de\/wp-json\/wp\/v2\/posts\/58743"}],"collection":[{"href":"https:\/\/www.creilsudoise-tourisme.fr\/de\/wp-json\/wp\/v2\/posts"}],"about":[{"href":"https:\/\/www.creilsudoise-tourisme.fr\/de\/wp-json\/wp\/v2\/types\/post"}],"author":[{"embeddable":true,"href":"https:\/\/www.creilsudoise-tourisme.fr\/de\/wp-json\/wp\/v2\/users\/10"}],"replies":[{"embeddable":true,"href":"https:\/\/www.creilsudoise-tourisme.fr\/de\/wp-json\/wp\/v2\/comments?post=58743"}],"version-history":[{"count":57,"href":"https:\/\/www.creilsudoise-tourisme.fr\/de\/wp-json\/wp\/v2\/posts\/58743\/revisions"}],"predecessor-version":[{"id":59175,"href":"https:\/\/www.creilsudoise-tourisme.fr\/de\/wp-json\/wp\/v2\/posts\/58743\/revisions\/59175"}],"wp:featuredmedia":[{"embeddable":true,"href":"https:\/\/www.creilsudoise-tourisme.fr\/de\/wp-json\/wp\/v2\/media\/58821"}],"wp:attachment":[{"href":"https:\/\/www.creilsudoise-tourisme.fr\/de\/wp-json\/wp\/v2\/media?parent=58743"}],"wp:term":[{"taxonomy":"category","embeddable":true,"href":"https:\/\/www.creilsudoise-tourisme.fr\/de\/wp-json\/wp\/v2\/categories?post=58743"},{"taxonomy":"post_tag","embeddable":true,"href":"https:\/\/www.creilsudoise-tourisme.fr\/de\/wp-json\/wp\/v2\/tags?post=58743"}],"curies":[{"name":"wp","href":"https:\/\/api.w.org\/{rel}","templated":true}]}}