{"id":57870,"date":"2024-10-10T17:10:23","date_gmt":"2024-10-10T15:10:23","guid":{"rendered":"https:\/\/www.creilsudoise-tourisme.fr\/?p=57870"},"modified":"2024-11-15T16:46:13","modified_gmt":"2024-11-15T15:46:13","slug":"vacances-toussaint","status":"publish","type":"post","link":"https:\/\/www.creilsudoise-tourisme.fr\/de\/2024\/10\/10\/ferien-toussaint\/","title":{"rendered":"Genie\u00dfen Sie die Ferien an Allerheiligen!"},"content":{"rendered":"<p class=\"is-style-excerpt\">F\u00fchrungen, Stadtspazierg\u00e4nge, Handarbeitsworkshops, spezielle Halloween-Animationen... Entdecken Sie das <strong>Programm der Ausfl\u00fcge in Creil Sud Oise w\u00e4hrend der Allerheiligenferien!<\/strong> <em>Vom 19. Oktober bis zum 3. November 2024<\/em><\/p>\n\n\n\n<div class=\"is-content-justification-center is-layout-flex wp-container-1 wp-block-buttons\">\n<div class=\"wp-block-button\"><a class=\"wp-block-button__link wp-element-button\" href=\"https:\/\/www.creilsudoise-tourisme.fr\/de\/agenda\/\" target=\"_blank\" rel=\"noreferrer noopener\">die gesamte Agenda<\/a><\/div>\n<\/div>\n\n\n\n<h2 id=\"halloween\">Spezielle Halloween-Animationen<\/h2>\n\n\n\n<p><strong>Du wirst an Halloween in Creil Sud Oise vor Angst erschauern! <\/strong><\/p>\n\n\n\n<p>Die <strong>Steinhaus<\/strong> in Saint-Maximin bietet Ihnen die Entdeckung eines unterirdischen Steinbruchs anl\u00e4sslich von <a href=\"https:\/\/www.creilsudoise-tourisme.fr\/de\/agenda-animations\/halloween-balades-contees-au-coeur-des-carrieres-souterraines\/\" target=\"_blank\" rel=\"noreferrer noopener\">Halloween-M\u00e4rchenspazierg\u00e4nge<\/a> ! <\/p>\n\n\n\n<p>Die <strong>Gall\u00e9-Juillet-Museum<\/strong> in Creil l\u00e4dt Sie ein zu <a href=\"https:\/\/www.creilsudoise-tourisme.fr\/de\/agenda-animations\/decore-ta-citrouille-qui-fiche-la-trouille\/\" target=\"_blank\" rel=\"noreferrer noopener\">einen gruseligen K\u00fcrbis dekorieren<\/a>&#8230; <\/p>\n\n\n\n<p>Treffpunkt in der Bibliothek von Creil f\u00fcr <a href=\"https:\/\/www.creilsudoise-tourisme.fr\/de\/agenda-animations\/lecture-contes-dhalloween\/\" target=\"_blank\" rel=\"noreferrer noopener\">Halloween-M\u00e4rchen<\/a> und die von Villers-Saint-Paul f\u00fcr <a href=\"https:\/\/www.creilsudoise-tourisme.fr\/de\/agenda-animations\/activites-captivantes-viens-feter-halloween-a-la-bibliotheque-si-tu-loses\/\" target=\"_blank\" rel=\"noreferrer noopener\">Halloween in der Bibliothek feiern, wenn Sie sich trauen<\/a> !<\/p>\n\n\n\n<p>In Nogent-sur-Oise ist es in der <strong>Lernbauernhof<\/strong> dass wir vielleicht <a href=\"https:\/\/www.creilsudoise-tourisme.fr\/de\/agenda-animations\/halloween-peur-sur-la-ferme\/\" target=\"_blank\" rel=\"noreferrer noopener\">Angst <\/a>!!<\/p>\n\n\n\n<p>Schlie\u00dflich ist eine <a href=\"https:\/\/www.creilsudoise-tourisme.fr\/de\/agenda-animations\/soiree-halloween-salle-georges-brassens\/\" target=\"_blank\" rel=\"noreferrer noopener\">Halloween-Abend<\/a> wird f\u00fcr Gro\u00df und Klein organisiert <strong>in Villers-Saint-Paul<\/strong>Auf dem Programm stehen: Kost\u00fcmwettbewerb, DJ und Getr\u00e4nkeausschank!<\/p>\n\n\n\n<h2>Workshops<\/h2>\n\n\n\n<p>Die<strong> Steinhaus<\/strong> in Saint-Maximin bietet w\u00e4hrend der gesamten Allerheiligenferien Praktika und Workshops zur Einf\u00fchrung in verschiedene K\u00fcnste an: von <strong>Praktika <\/strong>von einem halben Tag bis zu mehreren Tagen von <a href=\"https:\/\/www.creilsudoise-tourisme.fr\/de\/agenda-animations\/stage-art-du-vitrail-5\/\" target=\"_blank\" rel=\"noreferrer noopener\">Buntglasfenster<\/a>von <a href=\"https:\/\/www.creilsudoise-tourisme.fr\/de\/agenda-animations\/stage-taille-de-pierre-3\/\" target=\"_blank\" rel=\"noreferrer noopener\">Steinmetzarbeit<\/a> oder von <a href=\"https:\/\/www.creilsudoise-tourisme.fr\/de\/agenda-animations\/stage-sculpture-sur-pierre-5\/\" target=\"_blank\" rel=\"noreferrer noopener\">Steinbildhauerei<\/a> (aber was ist eigentlich der Unterschied? Die <strong>Gr\u00f6\u00dfe <\/strong>wird beim Bau eines Geb\u00e4udes praktiziert, z. B. die Schaffung eines Steinkamins, die <strong>Skulptur <\/strong>wird zu Zierzwecken hergestellt, z. B. f\u00fcr eine Statue), oder von <strong>Einf\u00fchrungsworkshops<\/strong> an die <a href=\"https:\/\/www.creilsudoise-tourisme.fr\/de\/agenda-animations\/atelier-sculpture-sur-pierre-3\/\" target=\"_blank\" rel=\"noreferrer noopener\">Steinbildhauerei<\/a> (Dauer 1,5 Stunden) oder von <a href=\"https:\/\/www.creilsudoise-tourisme.fr\/de\/agenda-animations\/atelier-inititiation-a-lart-de-la-ceramique\/\" target=\"_blank\" rel=\"noreferrer noopener\">Keramik<\/a>.<\/p>\n\n\n\n<p>Die <strong>Nagelschmiede Rivierre<\/strong>, mit Sitz in Creil, organisiert <a href=\"https:\/\/www.creilsudoise-tourisme.fr\/de\/agenda-animations\/atelier-visite-de-la-derniere-clouterie-de-france\/\" target=\"_blank\" rel=\"noreferrer noopener\"><strong>Kunstwerkst\u00e4tten<\/strong><\/a> speziell f\u00fcr Kinder und ihre Familien, gefolgt von einer <strong>gef\u00fchrte Tour durch die Nagelfabrik<\/strong> altersgerecht.<\/p>\n\n\n\n<p>Die <strong>Gall\u00e9-Juillet-Museum<\/strong>, ebenfalls in Creil gelegen, l\u00e4dt die <strong>Feinschmecker <\/strong>\u00e0<a href=\"https:\/\/www.creilsudoise-tourisme.fr\/de\/agenda-animations\/fete-du-gout-les-gouters-du-petit-maurice\/\" target=\"_blank\" rel=\"noreferrer noopener\"> einen Snack entdecken, wie ihn unsere Vorfahren zu Beginn des letzten Jahrhunderts zu sich nahmen<\/a>anl\u00e4sslich des Geschmacksfestes. Und f\u00fcr eine Reise, die noch viel weiter zur\u00fcckliegt, verabreden Sie sich mit Ihrer Familie zu einem <a href=\"https:\/\/www.creilsudoise-tourisme.fr\/de\/agenda-animations\/archeologues-en-herbe\/\" target=\"_blank\" rel=\"noreferrer noopener\">workshop rund um die<strong>Arch\u00e4ologie<\/strong><\/a>Im Gall\u00e9-Juillet-Museum!<\/p>\n\n\n\n<p>Das Fa\u00efencerie-Th\u00e9\u00e2tre, ebenfalls in Creil, l\u00e4dt Jugendliche ein, an einem Filmworkshop teilzunehmen und <a href=\"https:\/\/www.creilsudoise-tourisme.fr\/de\/agenda-animations\/atelier-cine-initiation-a-lanimation\/\" target=\"_blank\" rel=\"noreferrer noopener\">sich in die Animation einf\u00fchren<\/a> !<\/p>\n\n\n\n<h2>Gef\u00fchrte Touren<\/h2>\n\n\n\n<p>Zus\u00e4tzlich zu den (gef\u00fchrten oder freien) Besuchen der Museen von Creil Sud Oise : <a href=\"https:\/\/www.maisondelapierre-oise.fr\/activites\/\" target=\"_blank\" rel=\"noreferrer noopener\"><strong>Steinhaus<\/strong><\/a> in Saint-Maximin, <strong><a href=\"https:\/\/www.creilsudoise-tourisme.fr\/de\/agenda-animations\/visite-guidee-musee-galle-juillet-4\/\" target=\"_blank\" rel=\"noreferrer noopener\">Gall\u00e9-Juillet-Museum<\/a> und die <a href=\"https:\/\/www.creilsudoise-tourisme.fr\/de\/agenda-animations\/visite-libre-maison-de-la-faience-6\/\" target=\"_blank\" rel=\"noreferrer noopener\">Maison de la Fa\u00efence (Haus der Fayence)<\/a><\/strong> in Creil, <a href=\"https:\/\/www.creilsudoise-tourisme.fr\/de\/agenda-animations\/visite-guidee-clouterie-rivierre-4\/\" target=\"_blank\" rel=\"noreferrer noopener\"><strong>Nagelschmiede Rivierre<\/strong><\/a> in Creil oder auch das <a href=\"https:\/\/www.creilsudoise-tourisme.fr\/de\/agenda-animations\/visite-guidee-musee-des-bombardements-4\/\" target=\"_blank\" rel=\"noreferrer noopener\"><strong>Museum der Bombardierungen<\/strong><\/a> in Saint-Maximin, von <strong>Stadtf\u00fchrungen<\/strong> werden ebenfalls angeboten: <\/p>\n\n\n\n<p>Entdecken Sie die<strong> Kirchen von Creil Sud Oise<\/strong> dank der Besuche des<a href=\"https:\/\/www.saintleudesserent.fr\/article_510_1_visites-guidees-du-patrimoine_fr.html\" target=\"_blank\" rel=\"noreferrer noopener\">Abteikirche von Saint-Leu-d'Esserent<\/a> (mit der Taschenlampe!), die <a href=\"https:\/\/www.creilsudoise-tourisme.fr\/de\/agenda-animations\/10-ans-de-la-maison-de-la-pierre-collegiale-notre-dame-du-montataire\/\" target=\"_blank\" rel=\"noreferrer noopener\">Stiftskirche Notre-Dame in Montataire <\/a>und der<a href=\"https:\/\/www.creilsudoise-tourisme.fr\/de\/agenda-animations\/10-ans-de-la-maison-de-la-pierre-leglise-saint-pierre-et-saint-paul\/\" target=\"_blank\" rel=\"noreferrer noopener\">Kirche Saint-Pierre und Saint-Paul in Villers-Saint-Paul<\/a>. Und wenn Sie lieber <strong>St\u00e4dte entdecken<\/strong>F\u00fcr die Besuche von <a href=\"https:\/\/www.creilsudoise-tourisme.fr\/de\/agenda-animations\/10-ans-de-la-maison-de-la-pierre-balade-urbaine-le-voyage-de-la-pierre-a-creil\/\" target=\"_blank\" rel=\"noreferrer noopener\">Creil zum Thema Stein<\/a> und von <a href=\"https:\/\/www.creilsudoise-tourisme.fr\/de\/agenda-animations\/10-ans-de-la-maison-de-la-pierre-rallye-encadre-sur-les-pas-des-anciens-carriers\/\" target=\"_blank\" rel=\"noreferrer noopener\">Cramoisy bei einer betreuten Familienrallye<\/a>.<\/p>\n\n\n\n<h2>Rund um die Natur<\/h2>\n\n\n\n<p><strong>Sind Sie eher ein Naturmensch? <\/strong><\/p>\n\n\n\n<p>Treffpunkt in Saint-Vaast-l\u00e8s-Mello f\u00fcr eine <a href=\"https:\/\/www.creilsudoise-tourisme.fr\/de\/agenda-animations\/exposition-les-records-des-insectes\/\" target=\"_blank\" rel=\"noreferrer noopener\">Ausstellung \u00fcber<\/a><strong><a href=\"https:\/\/www.creilsudoise-tourisme.fr\/de\/agenda-animations\/exposition-les-records-des-insectes\/\" target=\"_blank\" rel=\"noreferrer noopener\"> Insekten<\/a> und ihre Superkr\u00e4fte<\/strong>, oder an der <strong>Steinhaus<\/strong> in Saint-Maximin f\u00fcr <a href=\"https:\/\/www.creilsudoise-tourisme.fr\/de\/agenda-animations\/atelier-le-pouvoir-des-plantes-2\/\" target=\"_blank\" rel=\"noreferrer noopener\">die Vorteile der Pflanzen im Garten entdecken<\/a> begleitet von einer <strong>Naturheilpraktikerin<\/strong>. <\/p>\n\n\n\n<p>Kommen Sie <a href=\"https:\/\/www.creilsudoise-tourisme.fr\/de\/agenda-animations\/sortie-nature-la-colline-aux-oiseaux-au-coeur-de-lautomne\/\" target=\"_blank\" rel=\"noreferrer noopener\">V\u00f6gel und die Natur beobachten<\/a> bei einem Ausflug nach Saint-Maximin, organisiert und durchgef\u00fchrt vom <strong>Conservatoire d'Espaces Naturels des Hauts-de-France (Konservatorium f\u00fcr Naturr\u00e4ume der Region Hauts-de-France)<\/strong>.<\/p>\n\n\n\n<h2>Lesen und Musik<\/h2>\n\n\n\n<p>Die <strong>Mediatheken in Creil Sud Oise<\/strong> organisieren <strong>kostenlose Workshops<\/strong> um die <a href=\"https:\/\/www.creilsudoise-tourisme.fr\/de\/agenda-animations\/lesen-bebes-lecteurs\/\" target=\"_blank\" rel=\"noreferrer noopener\">Lesen <\/a>und der<a href=\"https:\/\/www.creilsudoise-tourisme.fr\/de\/agenda-animations\/eveil-musical-les-ptites-notes\/\" target=\"_blank\" rel=\"noreferrer noopener\">musikalische Fr\u00fcherziehung<\/a> f\u00fcr die ganz Kleinen <a href=\"https:\/\/www.creilsudoise-tourisme.fr\/de\/agenda-animations\/lecture-club-otaku\/\" target=\"_blank\" rel=\"noreferrer noopener\">Manga-Clubs<\/a> f\u00fcr Jugendliche und <a href=\"https:\/\/www.creilsudoise-tourisme.fr\/de\/agenda-animations\/lesen-teilen-wir-unsere-lesefreude\/\" target=\"_blank\" rel=\"noreferrer noopener\">Leseclubs<\/a> f\u00fcr Erwachsene.<\/p>\n\n\n\n<h2>Explor' Games\u00ae<\/h2>\n\n\n\n<p>Wenn Sie gerne gr\u00fcbeln, gehen Sie zum <strong>Gall\u00e9-Juillet-Museum<\/strong> in Creil f\u00fcr einen <a href=\"https:\/\/www.creilsudoise-tourisme.fr\/de\/agenda-animations\/explor-games-folle-histoire-au-chateau-de-creil-4\/\" target=\"_blank\" rel=\"noreferrer noopener\">Explor' Games\u00ae<\/a> mit Freunden oder der Familie, um die verr\u00fcckte Geschichte des Schlosses von Creil zu entdecken.<\/p>\n\n\n\n<p><strong>Was ist ein Explor' Games\u00ae? <\/strong>Das Konzept ist dem eines Escape Games recht \u00e4hnlich: Ausgestattet mit einem geolokalisierten Tablet m\u00fcssen Sie <strong>R\u00e4tsel l\u00f6sen<\/strong> um auf der Strecke voranzukommen und die ganze Geschichte zu entdecken!<\/p>\n\n\n\n<h2>Auff\u00fchrungen<\/h2>\n\n\n\n<p>Wenn Sie gerne <strong>Zirkus<\/strong>In Nogent-sur-Oise k\u00f6nnen Sie mit Ihrer Familie den <a href=\"https:\/\/www.creilsudoise-tourisme.fr\/de\/agenda-animations\/cirque-mir\/\" target=\"_blank\" rel=\"noreferrer noopener\">Mir-Show<\/a>Die Geschichte einer Astronautin, die sich auf ihrer einsamen Reise zu neuen Welten besch\u00e4ftigen muss.<\/p>\n\n\n\n<p>Sie sind eher <strong>Kino<\/strong> ? Villers-Saint-Paul organisiert jeden Monat kostenlose Filmabende. Diesen Monat : <a href=\"https:\/\/www.creilsudoise-tourisme.fr\/de\/agenda-animations\/cine-villers-trolls-3\/\" target=\"_blank\" rel=\"noreferrer noopener\">Trolle 3<\/a>.<\/p>\n\n\n\n<div class=\"is-content-justification-center is-layout-flex wp-container-2 wp-block-buttons\">\n<div class=\"wp-block-button\"><a class=\"wp-block-button__link wp-element-button\" href=\"https:\/\/www.creilsudoise-tourisme.fr\/de\/agenda\/\" target=\"_blank\" rel=\"noreferrer noopener\">die gesamte Agenda<\/a><\/div>\n<\/div>","protected":false},"excerpt":{"rendered":"<p>Gef\u00fchrte Besichtigungen, Stadtspazierg\u00e4nge, Handarbeitsworkshops, spezielle Halloween-Veranstaltungen... Entdecken Sie das Programm der Ausfl\u00fcge in Creil Sud Oise w\u00e4hrend der Allerheiligenferien! Vom 19. Oktober bis zum 3. November 2024. Spezielle Halloween-Animationen Sie werden sich an Halloween in Creil Sud Oise vor Angst sch\u00fctteln! Das Maison de la Pierre in Saint-Maximin bietet Ihnen [...].<\/p>","protected":false},"author":3,"featured_media":57875,"comment_status":"closed","ping_status":"closed","sticky":false,"template":"","format":"standard","meta":{"_relevanssi_hide_post":"","_relevanssi_hide_content":"","_relevanssi_pin_for_all":"","_relevanssi_pin_keywords":"","_relevanssi_unpin_keywords":"","_relevanssi_related_keywords":"","_relevanssi_related_include_ids":"","_relevanssi_related_exclude_ids":"","_relevanssi_related_no_append":"","_relevanssi_related_not_related":"","_relevanssi_related_posts":"56025,37317,53601,36660,42107,42153","_relevanssi_noindex_reason":""},"categories":[5],"tags":[],"yoast_head":"<!-- This site is optimized with the Yoast SEO plugin v20.2.1 - https:\/\/yoast.com\/wordpress\/plugins\/seo\/ -->\n<title>Programme des vacances de la Toussaint 2024<\/title>\n<meta name=\"description\" content=\"D\u00e9couvrez les sorties \u00e0 faire en famille ou entre amis \u00e0 Creil Sud Oise, pr\u00e8s de Chantilly et Senlis, lors des vacances de la Toussaint.\" \/>\n<meta name=\"robots\" content=\"index, follow, max-snippet:-1, max-image-preview:large, max-video-preview:-1\" \/>\n<link rel=\"canonical\" href=\"https:\/\/www.creilsudoise-tourisme.fr\/de\/2024\/10\/10\/ferien-toussaint\/\" \/>\n<meta property=\"og:locale\" content=\"de_DE\" \/>\n<meta property=\"og:type\" content=\"article\" \/>\n<meta property=\"og:title\" content=\"Programme des vacances de la Toussaint 2024\" \/>\n<meta property=\"og:description\" content=\"D\u00e9couvrez les sorties \u00e0 faire en famille ou entre amis \u00e0 Creil Sud Oise, pr\u00e8s de Chantilly et Senlis, lors des vacances de la Toussaint.\" \/>\n<meta property=\"og:url\" content=\"https:\/\/www.creilsudoise-tourisme.fr\/de\/2024\/10\/10\/ferien-toussaint\/\" \/>\n<meta property=\"og:site_name\" content=\"Office de Tourisme Creil Sud Oise\" \/>\n<meta property=\"article:publisher\" content=\"https:\/\/www.facebook.com\/creilsudoisetourisme\/\" \/>\n<meta property=\"article:published_time\" content=\"2024-10-10T15:10:23+00:00\" \/>\n<meta property=\"article:modified_time\" content=\"2024-11-15T15:46:13+00:00\" \/>\n<meta property=\"og:image\" content=\"https:\/\/www.creilsudoise-tourisme.fr\/wp-content\/uploads\/2024\/10\/Mise_en_avant-site_web.jpg\" \/>\n\t<meta property=\"og:image:width\" content=\"641\" \/>\n\t<meta property=\"og:image:height\" content=\"857\" \/>\n\t<meta property=\"og:image:type\" content=\"image\/jpeg\" \/>\n<meta name=\"author\" content=\"fdubut\" \/>\n<meta name=\"twitter:card\" content=\"summary_large_image\" \/>\n<meta name=\"twitter:creator\" content=\"@CreilSudOiseOT\" \/>\n<meta name=\"twitter:site\" content=\"@CreilSudOiseOT\" \/>\n<meta name=\"twitter:label1\" content=\"Verfasst von\" \/>\n\t<meta name=\"twitter:data1\" content=\"fdubut\" \/>\n\t<meta name=\"twitter:label2\" content=\"Gesch\u00e4tzte Lesezeit\" \/>\n\t<meta name=\"twitter:data2\" content=\"3\u00a0Minuten\" \/>\n<script type=\"application\/ld+json\" class=\"yoast-schema-graph\">{\"@context\":\"https:\/\/schema.org\",\"@graph\":[{\"@type\":\"Article\",\"@id\":\"https:\/\/www.creilsudoise-tourisme.fr\/2024\/10\/10\/vacances-toussaint\/#article\",\"isPartOf\":{\"@id\":\"https:\/\/www.creilsudoise-tourisme.fr\/2024\/10\/10\/vacances-toussaint\/\"},\"author\":{\"name\":\"fdubut\",\"@id\":\"https:\/\/www.creilsudoise-tourisme.fr\/#\/schema\/person\/c5140d47645b13bee896bfe05f1bd5da\"},\"headline\":\"Profitez des vacances de la Toussaint !\",\"datePublished\":\"2024-10-10T15:10:23+00:00\",\"dateModified\":\"2024-11-15T15:46:13+00:00\",\"mainEntityOfPage\":{\"@id\":\"https:\/\/www.creilsudoise-tourisme.fr\/2024\/10\/10\/vacances-toussaint\/\"},\"wordCount\":696,\"publisher\":{\"@id\":\"https:\/\/www.creilsudoise-tourisme.fr\/#organization\"},\"articleSection\":[\"Actus\"],\"inLanguage\":\"de\"},{\"@type\":\"WebPage\",\"@id\":\"https:\/\/www.creilsudoise-tourisme.fr\/2024\/10\/10\/vacances-toussaint\/\",\"url\":\"https:\/\/www.creilsudoise-tourisme.fr\/2024\/10\/10\/vacances-toussaint\/\",\"name\":\"Programme des vacances de la Toussaint 2024\",\"isPartOf\":{\"@id\":\"https:\/\/www.creilsudoise-tourisme.fr\/#website\"},\"datePublished\":\"2024-10-10T15:10:23+00:00\",\"dateModified\":\"2024-11-15T15:46:13+00:00\",\"description\":\"D\u00e9couvrez les sorties \u00e0 faire en famille ou entre amis \u00e0 Creil Sud Oise, pr\u00e8s de Chantilly et Senlis, lors des vacances de la Toussaint.\",\"breadcrumb\":{\"@id\":\"https:\/\/www.creilsudoise-tourisme.fr\/2024\/10\/10\/vacances-toussaint\/#breadcrumb\"},\"inLanguage\":\"de\",\"potentialAction\":[{\"@type\":\"ReadAction\",\"target\":[\"https:\/\/www.creilsudoise-tourisme.fr\/2024\/10\/10\/vacances-toussaint\/\"]}]},{\"@type\":\"BreadcrumbList\",\"@id\":\"https:\/\/www.creilsudoise-tourisme.fr\/2024\/10\/10\/vacances-toussaint\/#breadcrumb\",\"itemListElement\":[{\"@type\":\"ListItem\",\"position\":1,\"name\":\"Accueil\",\"item\":\"https:\/\/www.creilsudoise-tourisme.fr\/\"},{\"@type\":\"ListItem\",\"position\":2,\"name\":\"Profitez des vacances de la Toussaint !\"}]},{\"@type\":\"WebSite\",\"@id\":\"https:\/\/www.creilsudoise-tourisme.fr\/#website\",\"url\":\"https:\/\/www.creilsudoise-tourisme.fr\/\",\"name\":\"Office de Tourisme Creil Sud Oise\",\"description\":\"Creil Sud Oise Tourisme, un territoire \u00e0 explorer !\",\"publisher\":{\"@id\":\"https:\/\/www.creilsudoise-tourisme.fr\/#organization\"},\"potentialAction\":[{\"@type\":\"SearchAction\",\"target\":{\"@type\":\"EntryPoint\",\"urlTemplate\":\"https:\/\/www.creilsudoise-tourisme.fr\/?s={search_term_string}\"},\"query-input\":\"required name=search_term_string\"}],\"inLanguage\":\"de\"},{\"@type\":\"Organization\",\"@id\":\"https:\/\/www.creilsudoise-tourisme.fr\/#organization\",\"name\":\"Creil Sud Oise Tourisme\",\"url\":\"https:\/\/www.creilsudoise-tourisme.fr\/\",\"logo\":{\"@type\":\"ImageObject\",\"inLanguage\":\"de\",\"@id\":\"https:\/\/www.creilsudoise-tourisme.fr\/#\/schema\/logo\/image\/\",\"url\":\"https:\/\/www.creilsudoise-tourisme.fr\/wp-content\/uploads\/2021\/05\/logo-svg.png\",\"contentUrl\":\"https:\/\/www.creilsudoise-tourisme.fr\/wp-content\/uploads\/2021\/05\/logo-svg.png\",\"width\":182,\"height\":71,\"caption\":\"Creil Sud Oise Tourisme\"},\"image\":{\"@id\":\"https:\/\/www.creilsudoise-tourisme.fr\/#\/schema\/logo\/image\/\"},\"sameAs\":[\"https:\/\/www.facebook.com\/creilsudoisetourisme\/\",\"https:\/\/twitter.com\/CreilSudOiseOT\",\"https:\/\/www.instagram.com\/creilsudoisetourisme\/\",\"https:\/\/www.youtube.com\/channel\/UC8L_QD2wwyADW14zt9fY8kw\"]},{\"@type\":\"Person\",\"@id\":\"https:\/\/www.creilsudoise-tourisme.fr\/#\/schema\/person\/c5140d47645b13bee896bfe05f1bd5da\",\"name\":\"fdubut\",\"image\":{\"@type\":\"ImageObject\",\"inLanguage\":\"de\",\"@id\":\"https:\/\/www.creilsudoise-tourisme.fr\/#\/schema\/person\/image\/\",\"url\":\"https:\/\/secure.gravatar.com\/avatar\/c49bb61337bf4556cafdbcb92c18618d?s=96&d=mm&r=g\",\"contentUrl\":\"https:\/\/secure.gravatar.com\/avatar\/c49bb61337bf4556cafdbcb92c18618d?s=96&d=mm&r=g\",\"caption\":\"fdubut\"},\"url\":\"https:\/\/www.creilsudoise-tourisme.fr\/de\/auteur\/fdubut\/\"}]}<\/script>\n<!-- \/ Yoast SEO plugin. -->","yoast_head_json":{"title":"Programme des vacances de la Toussaint 2024","description":"D\u00e9couvrez les sorties \u00e0 faire en famille ou entre amis \u00e0 Creil Sud Oise, pr\u00e8s de Chantilly et Senlis, lors des vacances de la Toussaint.","robots":{"index":"index","follow":"follow","max-snippet":"max-snippet:-1","max-image-preview":"max-image-preview:large","max-video-preview":"max-video-preview:-1"},"canonical":"https:\/\/www.creilsudoise-tourisme.fr\/de\/2024\/10\/10\/ferien-toussaint\/","og_locale":"de_DE","og_type":"article","og_title":"Programme des vacances de la Toussaint 2024","og_description":"D\u00e9couvrez les sorties \u00e0 faire en famille ou entre amis \u00e0 Creil Sud Oise, pr\u00e8s de Chantilly et Senlis, lors des vacances de la Toussaint.","og_url":"https:\/\/www.creilsudoise-tourisme.fr\/de\/2024\/10\/10\/ferien-toussaint\/","og_site_name":"Office de Tourisme Creil Sud Oise","article_publisher":"https:\/\/www.facebook.com\/creilsudoisetourisme\/","article_published_time":"2024-10-10T15:10:23+00:00","article_modified_time":"2024-11-15T15:46:13+00:00","og_image":[{"width":641,"height":857,"url":"https:\/\/www.creilsudoise-tourisme.fr\/wp-content\/uploads\/2024\/10\/Mise_en_avant-site_web.jpg","type":"image\/jpeg"}],"author":"fdubut","twitter_card":"summary_large_image","twitter_creator":"@CreilSudOiseOT","twitter_site":"@CreilSudOiseOT","twitter_misc":{"Verfasst von":"fdubut","Gesch\u00e4tzte Lesezeit":"3\u00a0Minuten"},"schema":{"@context":"https:\/\/schema.org","@graph":[{"@type":"Article","@id":"https:\/\/www.creilsudoise-tourisme.fr\/2024\/10\/10\/vacances-toussaint\/#article","isPartOf":{"@id":"https:\/\/www.creilsudoise-tourisme.fr\/2024\/10\/10\/vacances-toussaint\/"},"author":{"name":"fdubut","@id":"https:\/\/www.creilsudoise-tourisme.fr\/#\/schema\/person\/c5140d47645b13bee896bfe05f1bd5da"},"headline":"Profitez des vacances de la Toussaint !","datePublished":"2024-10-10T15:10:23+00:00","dateModified":"2024-11-15T15:46:13+00:00","mainEntityOfPage":{"@id":"https:\/\/www.creilsudoise-tourisme.fr\/2024\/10\/10\/vacances-toussaint\/"},"wordCount":696,"publisher":{"@id":"https:\/\/www.creilsudoise-tourisme.fr\/#organization"},"articleSection":["Actus"],"inLanguage":"de"},{"@type":"WebPage","@id":"https:\/\/www.creilsudoise-tourisme.fr\/2024\/10\/10\/vacances-toussaint\/","url":"https:\/\/www.creilsudoise-tourisme.fr\/2024\/10\/10\/vacances-toussaint\/","name":"Programme des vacances de la Toussaint 2024","isPartOf":{"@id":"https:\/\/www.creilsudoise-tourisme.fr\/#website"},"datePublished":"2024-10-10T15:10:23+00:00","dateModified":"2024-11-15T15:46:13+00:00","description":"D\u00e9couvrez les sorties \u00e0 faire en famille ou entre amis \u00e0 Creil Sud Oise, pr\u00e8s de Chantilly et Senlis, lors des vacances de la Toussaint.","breadcrumb":{"@id":"https:\/\/www.creilsudoise-tourisme.fr\/2024\/10\/10\/vacances-toussaint\/#breadcrumb"},"inLanguage":"de","potentialAction":[{"@type":"ReadAction","target":["https:\/\/www.creilsudoise-tourisme.fr\/2024\/10\/10\/vacances-toussaint\/"]}]},{"@type":"BreadcrumbList","@id":"https:\/\/www.creilsudoise-tourisme.fr\/2024\/10\/10\/vacances-toussaint\/#breadcrumb","itemListElement":[{"@type":"ListItem","position":1,"name":"Accueil","item":"https:\/\/www.creilsudoise-tourisme.fr\/"},{"@type":"ListItem","position":2,"name":"Profitez des vacances de la Toussaint !"}]},{"@type":"WebSite","@id":"https:\/\/www.creilsudoise-tourisme.fr\/#website","url":"https:\/\/www.creilsudoise-tourisme.fr\/","name":"Office de Tourisme Creil Sud Oise","description":"Creil Sud Oise Tourisme, un territoire \u00e0 explorer !","publisher":{"@id":"https:\/\/www.creilsudoise-tourisme.fr\/#organization"},"potentialAction":[{"@type":"SearchAction","target":{"@type":"EntryPoint","urlTemplate":"https:\/\/www.creilsudoise-tourisme.fr\/?s={search_term_string}"},"query-input":"required name=search_term_string"}],"inLanguage":"de"},{"@type":"Organization","@id":"https:\/\/www.creilsudoise-tourisme.fr\/#organization","name":"Creil Sud Oise Tourisme","url":"https:\/\/www.creilsudoise-tourisme.fr\/","logo":{"@type":"ImageObject","inLanguage":"de","@id":"https:\/\/www.creilsudoise-tourisme.fr\/#\/schema\/logo\/image\/","url":"https:\/\/www.creilsudoise-tourisme.fr\/wp-content\/uploads\/2021\/05\/logo-svg.png","contentUrl":"https:\/\/www.creilsudoise-tourisme.fr\/wp-content\/uploads\/2021\/05\/logo-svg.png","width":182,"height":71,"caption":"Creil Sud Oise Tourisme"},"image":{"@id":"https:\/\/www.creilsudoise-tourisme.fr\/#\/schema\/logo\/image\/"},"sameAs":["https:\/\/www.facebook.com\/creilsudoisetourisme\/","https:\/\/twitter.com\/CreilSudOiseOT","https:\/\/www.instagram.com\/creilsudoisetourisme\/","https:\/\/www.youtube.com\/channel\/UC8L_QD2wwyADW14zt9fY8kw"]},{"@type":"Person","@id":"https:\/\/www.creilsudoise-tourisme.fr\/#\/schema\/person\/c5140d47645b13bee896bfe05f1bd5da","name":"fdubut","image":{"@type":"ImageObject","inLanguage":"de","@id":"https:\/\/www.creilsudoise-tourisme.fr\/#\/schema\/person\/image\/","url":"https:\/\/secure.gravatar.com\/avatar\/c49bb61337bf4556cafdbcb92c18618d?s=96&d=mm&r=g","contentUrl":"https:\/\/secure.gravatar.com\/avatar\/c49bb61337bf4556cafdbcb92c18618d?s=96&d=mm&r=g","caption":"fdubut"},"url":"https:\/\/www.creilsudoise-tourisme.fr\/de\/auteur\/fdubut\/"}]}},"_links":{"self":[{"href":"https:\/\/www.creilsudoise-tourisme.fr\/de\/wp-json\/wp\/v2\/posts\/57870"}],"collection":[{"href":"https:\/\/www.creilsudoise-tourisme.fr\/de\/wp-json\/wp\/v2\/posts"}],"about":[{"href":"https:\/\/www.creilsudoise-tourisme.fr\/de\/wp-json\/wp\/v2\/types\/post"}],"author":[{"embeddable":true,"href":"https:\/\/www.creilsudoise-tourisme.fr\/de\/wp-json\/wp\/v2\/users\/3"}],"replies":[{"embeddable":true,"href":"https:\/\/www.creilsudoise-tourisme.fr\/de\/wp-json\/wp\/v2\/comments?post=57870"}],"version-history":[{"count":15,"href":"https:\/\/www.creilsudoise-tourisme.fr\/de\/wp-json\/wp\/v2\/posts\/57870\/revisions"}],"predecessor-version":[{"id":58829,"href":"https:\/\/www.creilsudoise-tourisme.fr\/de\/wp-json\/wp\/v2\/posts\/57870\/revisions\/58829"}],"wp:featuredmedia":[{"embeddable":true,"href":"https:\/\/www.creilsudoise-tourisme.fr\/de\/wp-json\/wp\/v2\/media\/57875"}],"wp:attachment":[{"href":"https:\/\/www.creilsudoise-tourisme.fr\/de\/wp-json\/wp\/v2\/media?parent=57870"}],"wp:term":[{"taxonomy":"category","embeddable":true,"href":"https:\/\/www.creilsudoise-tourisme.fr\/de\/wp-json\/wp\/v2\/categories?post=57870"},{"taxonomy":"post_tag","embeddable":true,"href":"https:\/\/www.creilsudoise-tourisme.fr\/de\/wp-json\/wp\/v2\/tags?post=57870"}],"curies":[{"name":"wp","href":"https:\/\/api.w.org\/{rel}","templated":true}]}}