{"id":56183,"date":"2024-11-14T15:58:57","date_gmt":"2024-11-14T14:58:57","guid":{"rendered":"https:\/\/www.creilsudoise-tourisme.fr\/?p=56183"},"modified":"2024-08-22T10:29:10","modified_gmt":"2024-08-22T08:29:10","slug":"famille-bernet","status":"publish","type":"post","link":"https:\/\/www.creilsudoise-tourisme.fr\/de\/2024\/11\/14\/family-bernet\/","title":{"rendered":"Das Schloss meines Vaters"},"content":{"rendered":"<p class=\"is-style-excerpt\">Auf den Anh\u00f6hen der Stadt, im Schatten der zur gleichen Zeit errichteten Stiftskirche Notre-Dame, erhebt sich das Schloss von Montataire, das viele Jahrhunderte \u00fcberdauert und zahlreiche Besitzer gehabt hat. <strong>Seit 12 Jahren hat die ansteckende Leidenschaft eines Vaters und seiner Tochter dieses alte, unbewohnte Geb\u00e4ude in ein wahres M\u00e4rchenschloss verwandelt.<\/strong><\/p>\n\n\n\n<div class=\"is-layout-flex wp-container-3 wp-block-columns\">\n<div class=\"is-layout-flow wp-block-column\" style=\"flex-basis:33.33%\">\n<figure class=\"wp-block-image size-large\"><img decoding=\"async\" loading=\"lazy\" width=\"1041\" height=\"1200\" data-src=\"https:\/\/www.creilsudoise-tourisme.fr\/wp-content\/uploads\/2024\/08\/IMG_8395-1041x1200.jpg\" alt=\"\" class=\"wp-image-56271\" data-srcset=\"https:\/\/www.creilsudoise-tourisme.fr\/wp-content\/uploads\/2024\/08\/IMG_8395-1041x1200.jpg 1041w, https:\/\/www.creilsudoise-tourisme.fr\/wp-content\/uploads\/2024\/08\/IMG_8395-520x600.jpg 520w, https:\/\/www.creilsudoise-tourisme.fr\/wp-content\/uploads\/2024\/08\/IMG_8395-780x900.jpg 780w, https:\/\/www.creilsudoise-tourisme.fr\/wp-content\/uploads\/2024\/08\/IMG_8395-1332x1536.jpg 1332w, https:\/\/www.creilsudoise-tourisme.fr\/wp-content\/uploads\/2024\/08\/IMG_8395-10x12.jpg 10w, https:\/\/www.creilsudoise-tourisme.fr\/wp-content\/uploads\/2024\/08\/IMG_8395-200x231.jpg 200w, https:\/\/www.creilsudoise-tourisme.fr\/wp-content\/uploads\/2024\/08\/IMG_8395-650x750.jpg 650w, https:\/\/www.creilsudoise-tourisme.fr\/wp-content\/uploads\/2024\/08\/IMG_8395-387x446.jpg 387w, https:\/\/www.creilsudoise-tourisme.fr\/wp-content\/uploads\/2024\/08\/IMG_8395.jpg 1665w\" sizes=\"(max-width: 1041px) 100vw, 1041px\" \/><\/figure>\n<\/div>\n\n\n\n<div class=\"is-layout-flow wp-block-column\" style=\"flex-basis:66.66%\">\n<p><strong>Fran\u00e7ois-Xavier und Marie-Astrid<\/strong>Vater und Tochter, die Besitzer des Ch\u00e2teau de Montataire, haben uns ihre T\u00fcren ge\u00f6ffnet...<\/p>\n<\/div>\n<\/div>\n\n\n\n<h2>Ein Schloss mit reicher Vergangenheit<\/h2>\n\n\n\n<p>Bevor Fran\u00e7ois-Xavier Bernet \"Schlossherr\" wurde (ein Begriff, den er in der heutigen Zeit kaum noch passend findet), war er Verm\u00f6gensverwalter. Er wollte damals einfach nur ein Geb\u00e4ude mit Flair erwerben, um darin Seminare abzuhalten, m\u00f6glichst im Departement Oise, um seine \u00e4ltere Tochter, eine Lehrerin in Chantilly, h\u00e4ufiger besuchen zu k\u00f6nnen. <strong>Eine einfache Anzeige von einer \u00f6rtlichen Immobilienagentur f\u00fchrte ihn zum Schloss Montataire, aber seine geschichtsbegeisterte Tochter Marie-Astrid ermutigte ihn, es zu kaufen.<\/strong><\/p>\n\n\n\n<figure class=\"wp-block-image size-large\"><img decoding=\"async\" loading=\"lazy\" width=\"1200\" height=\"770\" data-src=\"https:\/\/www.creilsudoise-tourisme.fr\/wp-content\/uploads\/2021\/12\/Chateau-de-Montataire-1200x770.jpg\" alt=\"Chateau de Montataire\" class=\"wp-image-39134\" data-srcset=\"https:\/\/www.creilsudoise-tourisme.fr\/wp-content\/uploads\/2021\/12\/Chateau-de-Montataire-1200x770.jpg 1200w, https:\/\/www.creilsudoise-tourisme.fr\/wp-content\/uploads\/2021\/12\/Chateau-de-Montataire-600x385.jpg 600w, https:\/\/www.creilsudoise-tourisme.fr\/wp-content\/uploads\/2021\/12\/Chateau-de-Montataire-900x578.jpg 900w, https:\/\/www.creilsudoise-tourisme.fr\/wp-content\/uploads\/2021\/12\/Chateau-de-Montataire-200x128.jpg 200w, https:\/\/www.creilsudoise-tourisme.fr\/wp-content\/uploads\/2021\/12\/Chateau-de-Montataire-650x417.jpg 650w, https:\/\/www.creilsudoise-tourisme.fr\/wp-content\/uploads\/2021\/12\/Chateau-de-Montataire-387x248.jpg 387w, https:\/\/www.creilsudoise-tourisme.fr\/wp-content\/uploads\/2021\/12\/Chateau-de-Montataire.jpg 1480w\" sizes=\"(max-width: 1200px) 100vw, 1200px\" \/><\/figure>\n\n\n\n<p>Denn der <strong>Ch\u00e2teau de Montataire kann auf eine reiche Vergangenheit zur\u00fcckblicken.<\/strong> Es wurde im 12.<sup>e<\/sup> Jahrhundert von Graf Hugues de Clermont nach einer Schenkung des K\u00f6nigs errichtet und bestand urspr\u00fcnglich im gr\u00f6\u00dften Teil aus <strong>reiner mittelalterlicher Stil<\/strong>Das Geb\u00e4ude bestand aus einem rechtwinkligen Hauptgeb\u00e4ude, das von vier halbkreisf\u00f6rmigen T\u00fcrmen mit unterschiedlichen Durchmessern flankiert wurde.\u00a0<\/p>\n\n\n\n<p>Das Geb\u00e4ude wurde mehrfach umgebaut, bis es im 19.<sup>e<\/sup> Jahrhundert. Er wurde im 15.<sup>e<\/sup> Jahrhundert von der Familie de Madaillan de Lesparre, <strong>einen Baustil der Renaissance annehmend <\/strong>quadratischer und geradliniger mit \"franz\u00f6sischen\" Fenstern und einer italienischen Balustrade an der Fassade. Das Schloss wurde sp\u00e4ter <strong>restauriert und fertiggestellt im 19.<sup>e<\/sup> Jahrhundert nach 20 Jahren Bauzeit durch den Baron de Cond\u00e9<\/strong>Dieser war auch B\u00fcrgermeister der Stadt Montataire. Das Innere wurde dann in kleine Wohnungen umgebaut, in denen die verschiedenen Familienmitglieder untergebracht wurden.<\/p>\n\n\n\n<figure class=\"is-layout-flex wp-block-gallery-4 wp-block-gallery has-nested-images columns-default is-cropped\">\n<figure class=\"wp-block-image size-large\"><img decoding=\"async\" loading=\"lazy\" width=\"797\" height=\"1200\" data-id=\"56246\"  data-src=\"https:\/\/www.creilsudoise-tourisme.fr\/wp-content\/uploads\/2024\/08\/Chateau_Montataire-Creil_Sud_Oise_Tourisme-11-797x1200.jpg\" alt=\"Schloss Montataire Renovierung Geschichte Cond\u00e9 henri IV 4 Oise Besuch F\u00fchrung Familie Bernet\" class=\"wp-image-56246\" data-srcset=\"https:\/\/www.creilsudoise-tourisme.fr\/wp-content\/uploads\/2024\/08\/Chateau_Montataire-Creil_Sud_Oise_Tourisme-11-797x1200.jpg 797w, https:\/\/www.creilsudoise-tourisme.fr\/wp-content\/uploads\/2024\/08\/Chateau_Montataire-Creil_Sud_Oise_Tourisme-11-399x600.jpg 399w, https:\/\/www.creilsudoise-tourisme.fr\/wp-content\/uploads\/2024\/08\/Chateau_Montataire-Creil_Sud_Oise_Tourisme-11-598x900.jpg 598w, https:\/\/www.creilsudoise-tourisme.fr\/wp-content\/uploads\/2024\/08\/Chateau_Montataire-Creil_Sud_Oise_Tourisme-11-8x12.jpg 8w, https:\/\/www.creilsudoise-tourisme.fr\/wp-content\/uploads\/2024\/08\/Chateau_Montataire-Creil_Sud_Oise_Tourisme-11-200x301.jpg 200w, https:\/\/www.creilsudoise-tourisme.fr\/wp-content\/uploads\/2024\/08\/Chateau_Montataire-Creil_Sud_Oise_Tourisme-11-650x979.jpg 650w, https:\/\/www.creilsudoise-tourisme.fr\/wp-content\/uploads\/2024\/08\/Chateau_Montataire-Creil_Sud_Oise_Tourisme-11-282x424.jpg 282w, https:\/\/www.creilsudoise-tourisme.fr\/wp-content\/uploads\/2024\/08\/Chateau_Montataire-Creil_Sud_Oise_Tourisme-11-387x583.jpg 387w, https:\/\/www.creilsudoise-tourisme.fr\/wp-content\/uploads\/2024\/08\/Chateau_Montataire-Creil_Sud_Oise_Tourisme-11.jpg 983w\" sizes=\"(max-width: 797px) 100vw, 797px\" \/><figcaption class=\"wp-element-caption\">Creil Sud Oise Tourisme<\/figcaption><\/figure>\n\n\n\n<figure class=\"wp-block-image size-large\"><img decoding=\"async\" loading=\"lazy\" width=\"675\" height=\"1200\" data-id=\"56255\"  data-src=\"https:\/\/www.creilsudoise-tourisme.fr\/wp-content\/uploads\/2024\/08\/Chateau_Montataire-Creil_Sud_Oise_Tourisme-2-675x1200.jpg\" alt=\"Schloss Montataire Renovierung Geschichte Cond\u00e9 henri IV 4 Oise Besuch F\u00fchrung Familie Bernet\" class=\"wp-image-56255\" data-srcset=\"https:\/\/www.creilsudoise-tourisme.fr\/wp-content\/uploads\/2024\/08\/Chateau_Montataire-Creil_Sud_Oise_Tourisme-2-675x1200.jpg 675w, https:\/\/www.creilsudoise-tourisme.fr\/wp-content\/uploads\/2024\/08\/Chateau_Montataire-Creil_Sud_Oise_Tourisme-2-338x600.jpg 338w, https:\/\/www.creilsudoise-tourisme.fr\/wp-content\/uploads\/2024\/08\/Chateau_Montataire-Creil_Sud_Oise_Tourisme-2-507x900.jpg 507w, https:\/\/www.creilsudoise-tourisme.fr\/wp-content\/uploads\/2024\/08\/Chateau_Montataire-Creil_Sud_Oise_Tourisme-2-7x12.jpg 7w, https:\/\/www.creilsudoise-tourisme.fr\/wp-content\/uploads\/2024\/08\/Chateau_Montataire-Creil_Sud_Oise_Tourisme-2-200x355.jpg 200w, https:\/\/www.creilsudoise-tourisme.fr\/wp-content\/uploads\/2024\/08\/Chateau_Montataire-Creil_Sud_Oise_Tourisme-2-650x1155.jpg 650w, https:\/\/www.creilsudoise-tourisme.fr\/wp-content\/uploads\/2024\/08\/Chateau_Montataire-Creil_Sud_Oise_Tourisme-2-387x688.jpg 387w, https:\/\/www.creilsudoise-tourisme.fr\/wp-content\/uploads\/2024\/08\/Chateau_Montataire-Creil_Sud_Oise_Tourisme-2.jpg 833w\" sizes=\"(max-width: 675px) 100vw, 675px\" \/><figcaption class=\"wp-element-caption\">Creil Sud Oise Tourisme<\/figcaption><\/figure>\n<\/figure>\n\n\n\n<p><strong>Das Schloss wurde dann in den 1960er Jahren von Usinor aufgekauft.<\/strong>Ein gro\u00dfer franz\u00f6sischer Stahlkonzern, der in Montataire ein Werk mit 4000 Besch\u00e4ftigten besa\u00df, wollte in dem Park vor allem Pavillons im kalifornischen Stil bauen, um dort seine F\u00fchrungskr\u00e4fte unterzubringen. Das Unternehmen nutzte kaum mehr als das Erdgeschoss des Geb\u00e4udes, <strong>um dort Seminare zu veranstalten und seine Mitarbeiter zu verpflegen<\/strong>Die meisten Sch\u00fclerinnen und Sch\u00fcler hatten einen eigenen Koch. <strong>Die oberen Stockwerke wurden schnell zugemauert, versiegelt und vernachl\u00e4ssigt.<\/strong><\/p>\n\n\n\n<h2>Renovierung des Schlosses mit der Familie<\/h2>\n\n\n\n<div class=\"is-layout-flex wp-container-8 wp-block-columns\">\n<div class=\"is-layout-flow wp-block-column\" style=\"flex-basis:66.66%\">\n<p><strong>Es ist also genau der 5. April 2012, an dem die gro\u00dfen Arbeiten f\u00fcr Fran\u00e7ois-Xavier Bernet und seine Tochter Marie-Astrid beginnen. <\/strong>Alles muss neu gemacht werden, um es renovieren zu k\u00f6nnen: Elektrizit\u00e4t, Sanit\u00e4ranlagen, Dach, Geb\u00e4lk ... Zwischen den Arbeiten, der M\u00f6blierung und der Dekoration,<strong> es mangelt nicht an Arbeit, um einen so gro\u00dfen Raum mit 40 Zimmern wieder zum Leben zu erwecken <\/strong>f\u00fcr eine Fl\u00e4che von etwa 1000 Quadratmetern! Eine wahre Armada von Malern, Zimmerleuten, Dachdeckern, Parkettlegern und sogar Steinmetzen ist in einem unaufh\u00f6rlichen Ballett aktiv, um den Rohbau, die Isolierung und den Innenausbau zu erledigen.<\/p>\n\n\n\n<p>Nach und nach nimmt jedes St\u00fcck Gestalt an, w\u00e4hrend<strong> das Schloss erwacht zu neuem Leben<\/strong>. Die S\u00e4le und Zimmer werden mit M\u00f6beln, Kandelabern, kleinen Alltagsgegenst\u00e4nden, Bildern und Stichen geschm\u00fcckt. <strong>die im Internet, auf Flohm\u00e4rkten oder bei Auktionen aufgesp\u00fcrt wurden.<\/strong> Im Schloss gibt es auch viele wundersch\u00f6ne Pendeluhren, auch wenn keine davon funktioniert, denn \"...&nbsp;<em>hier bleibt die Zeit stehen&nbsp;<\/em>\", wie Fran\u00e7ois-Xavier Bernet schelmisch sagt.<\/p>\n<\/div>\n\n\n\n<div class=\"is-layout-flow wp-block-column\" style=\"flex-basis:33.33%\">\n<figure class=\"wp-block-image size-large\"><img decoding=\"async\" loading=\"lazy\" width=\"800\" height=\"1200\" data-src=\"https:\/\/www.creilsudoise-tourisme.fr\/wp-content\/uploads\/2024\/08\/IMG_8409-800x1200.jpg\" alt=\"Schloss Montataire Renovierung Geschichte Cond\u00e9 henri IV 4 Oise Besuch F\u00fchrung Familie Bernet\" class=\"wp-image-56269\" data-srcset=\"https:\/\/www.creilsudoise-tourisme.fr\/wp-content\/uploads\/2024\/08\/IMG_8409-800x1200.jpg 800w, https:\/\/www.creilsudoise-tourisme.fr\/wp-content\/uploads\/2024\/08\/IMG_8409-400x600.jpg 400w, https:\/\/www.creilsudoise-tourisme.fr\/wp-content\/uploads\/2024\/08\/IMG_8409-600x900.jpg 600w, https:\/\/www.creilsudoise-tourisme.fr\/wp-content\/uploads\/2024\/08\/IMG_8409-8x12.jpg 8w, https:\/\/www.creilsudoise-tourisme.fr\/wp-content\/uploads\/2024\/08\/IMG_8409-200x300.jpg 200w, https:\/\/www.creilsudoise-tourisme.fr\/wp-content\/uploads\/2024\/08\/IMG_8409-650x975.jpg 650w, https:\/\/www.creilsudoise-tourisme.fr\/wp-content\/uploads\/2024\/08\/IMG_8409-282x424.jpg 282w, https:\/\/www.creilsudoise-tourisme.fr\/wp-content\/uploads\/2024\/08\/IMG_8409-387x580.jpg 387w, https:\/\/www.creilsudoise-tourisme.fr\/wp-content\/uploads\/2024\/08\/IMG_8409.jpg 987w\" sizes=\"(max-width: 800px) 100vw, 800px\" \/><figcaption class=\"wp-element-caption\">Emmanuel Latouche<\/figcaption><\/figure>\n<\/div>\n<\/div>\n\n\n\n<h3>Detektivarbeit<\/h3>\n\n\n\n<p>Wie eine echte Detektivin, die sich mit Mut und Geduld bewaffnet, um die Geheimnisse der Vergangenheit zu l\u00fcften, <strong>Marie-Astrid hat zahlreiche historische Recherchen in den National- und Departementsarchiven des Departements Oise durchgef\u00fchrt. <\/strong>In einem Gem\u00e4lde, einer Gravur oder einer Skizze kann sich ein wertvoller Hinweis verbergen, der es erm\u00f6glicht, das Dekor St\u00fcck f\u00fcr St\u00fcck originalgetreu zu rekonstruieren. Manchmal ist es nicht immer m\u00f6glich, die Herkunft eines Kunstwerks mit Sicherheit zu authentifizieren, wie zum Beispiel die wundersch\u00f6ne rosafarbene Fayence im Badezimmer des Gartengeschosses, die wahrscheinlich von der 1797 gegr\u00fcndeten Fayencerie de Creil hergestellt wurde.<\/p>\n\n\n\n<p><strong>Das Durchsuchen von Kellern und Dachb\u00f6den brachte auch einige wertvolle \u00dcberreste zutage <\/strong>- Marmorst\u00fccke, Parkettbretter, Wandteppichfragmente... - und manchmal sogar kuriose Gegenst\u00e4nde. So fand Fran\u00e7ois-Xavier die \u00dcberreste eines Klingelpaneelsystems aus dem 19.<sup>e<\/sup> Jahrhundert, das dazu diente, die Bediensteten mithilfe von F\u00e4den zu rufen, die durch das ganze Haus gespannt waren. Jedes Gl\u00f6ckchen bimmelte wahrscheinlich anders, damit die Dienerschaft den entsprechenden Raum identifizieren konnte: Zimmer Henri IV, Zimmer Clermont, Spiegelzimmer oder Blaues Zimmer, wer ruft?<\/p>\n\n\n\n<figure class=\"is-layout-flex wp-block-gallery-9 wp-block-gallery has-nested-images columns-default is-cropped\">\n<figure class=\"wp-block-image size-large\"><img decoding=\"async\" loading=\"lazy\" width=\"1200\" height=\"675\" data-id=\"56248\"  data-src=\"https:\/\/www.creilsudoise-tourisme.fr\/wp-content\/uploads\/2024\/08\/Chateau_Montataire-Details-Creil_Sud_Oise_Tourisme-20-1200x675.jpg\" alt=\"Schloss Montataire Renovierung Geschichte Cond\u00e9 henri IV 4 Oise Besuch F\u00fchrung Familie Bernet\" class=\"wp-image-56248\" data-srcset=\"https:\/\/www.creilsudoise-tourisme.fr\/wp-content\/uploads\/2024\/08\/Chateau_Montataire-Details-Creil_Sud_Oise_Tourisme-20-1200x675.jpg 1200w, https:\/\/www.creilsudoise-tourisme.fr\/wp-content\/uploads\/2024\/08\/Chateau_Montataire-Details-Creil_Sud_Oise_Tourisme-20-600x338.jpg 600w, https:\/\/www.creilsudoise-tourisme.fr\/wp-content\/uploads\/2024\/08\/Chateau_Montataire-Details-Creil_Sud_Oise_Tourisme-20-900x507.jpg 900w, https:\/\/www.creilsudoise-tourisme.fr\/wp-content\/uploads\/2024\/08\/Chateau_Montataire-Details-Creil_Sud_Oise_Tourisme-20-18x10.jpg 18w, https:\/\/www.creilsudoise-tourisme.fr\/wp-content\/uploads\/2024\/08\/Chateau_Montataire-Details-Creil_Sud_Oise_Tourisme-20-200x113.jpg 200w, https:\/\/www.creilsudoise-tourisme.fr\/wp-content\/uploads\/2024\/08\/Chateau_Montataire-Details-Creil_Sud_Oise_Tourisme-20-650x366.jpg 650w, https:\/\/www.creilsudoise-tourisme.fr\/wp-content\/uploads\/2024\/08\/Chateau_Montataire-Details-Creil_Sud_Oise_Tourisme-20-387x218.jpg 387w, https:\/\/www.creilsudoise-tourisme.fr\/wp-content\/uploads\/2024\/08\/Chateau_Montataire-Details-Creil_Sud_Oise_Tourisme-20.jpg 1480w\" sizes=\"(max-width: 1200px) 100vw, 1200px\" \/><figcaption class=\"wp-element-caption\">Creil Sud Oise Tourisme<\/figcaption><\/figure>\n\n\n\n<figure class=\"wp-block-image size-large\"><img decoding=\"async\" loading=\"lazy\" width=\"1200\" height=\"677\" data-id=\"33216\"  data-src=\"https:\/\/www.creilsudoise-tourisme.fr\/wp-content\/uploads\/2021\/04\/Exposition-au-Cha\u0302teau-de-Montataire.jpg\" alt=\"Schloss Montataire Renovierung Geschichte Cond\u00e9 henri IV 4 Oise Besuch F\u00fchrung Familie Bernet\" class=\"wp-image-33216\" data-srcset=\"https:\/\/www.creilsudoise-tourisme.fr\/wp-content\/uploads\/2021\/04\/Exposition-au-Cha\u0302teau-de-Montataire.jpg 1200w, https:\/\/www.creilsudoise-tourisme.fr\/wp-content\/uploads\/2021\/04\/Exposition-au-Cha\u0302teau-de-Montataire-600x339.jpg 600w, https:\/\/www.creilsudoise-tourisme.fr\/wp-content\/uploads\/2021\/04\/Exposition-au-Cha\u0302teau-de-Montataire-900x508.jpg 900w, https:\/\/www.creilsudoise-tourisme.fr\/wp-content\/uploads\/2021\/04\/Exposition-au-Cha\u0302teau-de-Montataire-200x113.jpg 200w, https:\/\/www.creilsudoise-tourisme.fr\/wp-content\/uploads\/2021\/04\/Exposition-au-Cha\u0302teau-de-Montataire-650x367.jpg 650w, https:\/\/www.creilsudoise-tourisme.fr\/wp-content\/uploads\/2021\/04\/Exposition-au-Cha\u0302teau-de-Montataire-387x218.jpg 387w, https:\/\/www.creilsudoise-tourisme.fr\/wp-content\/uploads\/2021\/04\/Exposition-au-Cha\u0302teau-de-Montataire-275x155.jpg 275w\" sizes=\"(max-width: 1200px) 100vw, 1200px\" \/><figcaption class=\"wp-element-caption\">Creil Sud Oise Tourisme<\/figcaption><\/figure>\n<\/figure>\n\n\n\n<h2>Sch\u00f6ne Welt<\/h2>\n\n\n\n<p><strong>Der wichtigste Raum des Schlosses ist zweifellos das Zimmer von Heinrich IV.<\/strong>Die Wohnung befindet sich im ersten Stock. <strong>Der K\u00f6nig von Frankreich kam mehrmals <\/strong>seinen Freund Jean de Madaillan, den Herrn von Montataire, besuchen. Man kann noch sehen <strong>malt an die Decke das \"H\" des K\u00f6nigs<\/strong>mit seiner Krone und seiner Lilie. Eine wundersch\u00f6ne, mehrfarbige Renaissancedecke mit Balken verleiht diesem Raum, der wie in der Zeit eingefroren wirkt, noch mehr Charakter. <strong>Auch die ber\u00fchmte Briefschreiberin Madame de S\u00e9vign\u00e9 besuchte mehrmals das Schloss von Montataire<\/strong> auf 17<sup>e<\/sup> Jahrhundert, und das<strong>man sagt, dass auch Voltaire dort gewesen sein soll.<\/strong><\/p>\n\n\n\n<figure class=\"wp-block-image size-large\"><img decoding=\"async\" loading=\"lazy\" width=\"1200\" height=\"675\" data-src=\"https:\/\/www.creilsudoise-tourisme.fr\/wp-content\/uploads\/wpetourisme\/Chateau-de-Montataire---Creil-Sud-Oise-Tourisme--3--1200x675.jpg\" alt=\"\" class=\"wp-image-50793\" data-srcset=\"https:\/\/www.creilsudoise-tourisme.fr\/wp-content\/uploads\/wpetourisme\/Chateau-de-Montataire---Creil-Sud-Oise-Tourisme--3--1200x675.jpg 1200w, https:\/\/www.creilsudoise-tourisme.fr\/wp-content\/uploads\/wpetourisme\/Chateau-de-Montataire---Creil-Sud-Oise-Tourisme--3--600x338.jpg 600w, https:\/\/www.creilsudoise-tourisme.fr\/wp-content\/uploads\/wpetourisme\/Chateau-de-Montataire---Creil-Sud-Oise-Tourisme--3--900x507.jpg 900w, https:\/\/www.creilsudoise-tourisme.fr\/wp-content\/uploads\/wpetourisme\/Chateau-de-Montataire---Creil-Sud-Oise-Tourisme--3--18x10.jpg 18w, https:\/\/www.creilsudoise-tourisme.fr\/wp-content\/uploads\/wpetourisme\/Chateau-de-Montataire---Creil-Sud-Oise-Tourisme--3--200x113.jpg 200w, https:\/\/www.creilsudoise-tourisme.fr\/wp-content\/uploads\/wpetourisme\/Chateau-de-Montataire---Creil-Sud-Oise-Tourisme--3--650x366.jpg 650w, https:\/\/www.creilsudoise-tourisme.fr\/wp-content\/uploads\/wpetourisme\/Chateau-de-Montataire---Creil-Sud-Oise-Tourisme--3--387x218.jpg 387w, https:\/\/www.creilsudoise-tourisme.fr\/wp-content\/uploads\/wpetourisme\/Chateau-de-Montataire---Creil-Sud-Oise-Tourisme--3-.jpg 1480w\" sizes=\"(max-width: 1200px) 100vw, 1200px\" \/><\/figure>\n\n\n\n<p>Echte Liebhaber ihres Schlosses wegen seiner Geschichte und seiner Atmosph\u00e4re,<strong> die Besitzer lassen sich nicht lange bitten und werden zu Fremdenf\u00fchrern <\/strong>und die spektakul\u00e4re Metamorphose einer Treppe aus dem 18.<sup>e<\/sup> vollst\u00e4ndig renoviert, die Sch\u00f6nheit eines Eichenparketts mit ungarischem Punktmuster oder die zarte Sanftheit einer Fayence aus der Epoche. Das Ch\u00e2teau de Montataire ist nicht frei zug\u00e4nglich, sondern <strong>dort werden regelm\u00e4\u00dfig gef\u00fchrte Touren veranstaltet<\/strong>sowie <strong>Tage im Schloss f\u00fcr Gruppen<\/strong>Je nach Tageszeit wird ein Aperitif, ein Cocktail oder ein Mittagessen serviert. Das Schloss empf\u00e4ngt auch Unternehmen f\u00fcr die Organisation von Gesch\u00e4ftsveranstaltungen oder Privatpersonen f\u00fcr private Feiern.<\/p>\n\n\n\n<figure class=\"is-layout-flex wp-block-gallery-11 wp-block-gallery has-nested-images columns-default is-cropped\">\n<figure class=\"wp-block-image size-large\"><img decoding=\"async\" loading=\"lazy\" width=\"1200\" height=\"675\" data-id=\"56253\"  data-src=\"https:\/\/www.creilsudoise-tourisme.fr\/wp-content\/uploads\/2024\/08\/Chateau_Montataire-Visite_guidee-Creil_Sud_Oise_Tourisme-17-1200x675.jpg\" alt=\"Schloss Montataire Renovierung Geschichte Cond\u00e9 henri IV 4 Oise Besuch F\u00fchrung Familie Bernet\" class=\"wp-image-56253\" data-srcset=\"https:\/\/www.creilsudoise-tourisme.fr\/wp-content\/uploads\/2024\/08\/Chateau_Montataire-Visite_guidee-Creil_Sud_Oise_Tourisme-17-1200x675.jpg 1200w, https:\/\/www.creilsudoise-tourisme.fr\/wp-content\/uploads\/2024\/08\/Chateau_Montataire-Visite_guidee-Creil_Sud_Oise_Tourisme-17-600x338.jpg 600w, https:\/\/www.creilsudoise-tourisme.fr\/wp-content\/uploads\/2024\/08\/Chateau_Montataire-Visite_guidee-Creil_Sud_Oise_Tourisme-17-900x507.jpg 900w, https:\/\/www.creilsudoise-tourisme.fr\/wp-content\/uploads\/2024\/08\/Chateau_Montataire-Visite_guidee-Creil_Sud_Oise_Tourisme-17-18x10.jpg 18w, https:\/\/www.creilsudoise-tourisme.fr\/wp-content\/uploads\/2024\/08\/Chateau_Montataire-Visite_guidee-Creil_Sud_Oise_Tourisme-17-200x113.jpg 200w, https:\/\/www.creilsudoise-tourisme.fr\/wp-content\/uploads\/2024\/08\/Chateau_Montataire-Visite_guidee-Creil_Sud_Oise_Tourisme-17-650x366.jpg 650w, https:\/\/www.creilsudoise-tourisme.fr\/wp-content\/uploads\/2024\/08\/Chateau_Montataire-Visite_guidee-Creil_Sud_Oise_Tourisme-17-387x218.jpg 387w, https:\/\/www.creilsudoise-tourisme.fr\/wp-content\/uploads\/2024\/08\/Chateau_Montataire-Visite_guidee-Creil_Sud_Oise_Tourisme-17.jpg 1480w\" sizes=\"(max-width: 1200px) 100vw, 1200px\" \/><figcaption class=\"wp-element-caption\">Creil Sud Oise Tourisme<\/figcaption><\/figure>\n\n\n\n<figure class=\"wp-block-image size-large\"><img decoding=\"async\" loading=\"lazy\" width=\"797\" height=\"1200\" data-id=\"56252\"  data-src=\"https:\/\/www.creilsudoise-tourisme.fr\/wp-content\/uploads\/2024\/08\/Chateau_Montataire-Visite_guidee-Creil_Sud_Oise_Tourisme-2-797x1200.jpg\" alt=\"Schloss Montataire Renovierung Geschichte Cond\u00e9 henri IV 4 Oise Besuch F\u00fchrung Familie Bernet\" class=\"wp-image-56252\" data-srcset=\"https:\/\/www.creilsudoise-tourisme.fr\/wp-content\/uploads\/2024\/08\/Chateau_Montataire-Visite_guidee-Creil_Sud_Oise_Tourisme-2-797x1200.jpg 797w, https:\/\/www.creilsudoise-tourisme.fr\/wp-content\/uploads\/2024\/08\/Chateau_Montataire-Visite_guidee-Creil_Sud_Oise_Tourisme-2-399x600.jpg 399w, https:\/\/www.creilsudoise-tourisme.fr\/wp-content\/uploads\/2024\/08\/Chateau_Montataire-Visite_guidee-Creil_Sud_Oise_Tourisme-2-598x900.jpg 598w, https:\/\/www.creilsudoise-tourisme.fr\/wp-content\/uploads\/2024\/08\/Chateau_Montataire-Visite_guidee-Creil_Sud_Oise_Tourisme-2-8x12.jpg 8w, https:\/\/www.creilsudoise-tourisme.fr\/wp-content\/uploads\/2024\/08\/Chateau_Montataire-Visite_guidee-Creil_Sud_Oise_Tourisme-2-200x301.jpg 200w, https:\/\/www.creilsudoise-tourisme.fr\/wp-content\/uploads\/2024\/08\/Chateau_Montataire-Visite_guidee-Creil_Sud_Oise_Tourisme-2-650x979.jpg 650w, https:\/\/www.creilsudoise-tourisme.fr\/wp-content\/uploads\/2024\/08\/Chateau_Montataire-Visite_guidee-Creil_Sud_Oise_Tourisme-2-282x424.jpg 282w, https:\/\/www.creilsudoise-tourisme.fr\/wp-content\/uploads\/2024\/08\/Chateau_Montataire-Visite_guidee-Creil_Sud_Oise_Tourisme-2-387x583.jpg 387w, https:\/\/www.creilsudoise-tourisme.fr\/wp-content\/uploads\/2024\/08\/Chateau_Montataire-Visite_guidee-Creil_Sud_Oise_Tourisme-2.jpg 983w\" sizes=\"(max-width: 797px) 100vw, 797px\" \/><figcaption class=\"wp-element-caption\">Creil Sud Oise Tourisme<\/figcaption><\/figure>\n\n\n\n<figure class=\"wp-block-image size-large\"><img decoding=\"async\" loading=\"lazy\" width=\"1200\" height=\"800\" data-id=\"56245\"  data-src=\"https:\/\/www.creilsudoise-tourisme.fr\/wp-content\/uploads\/2024\/08\/Chateau-de-Montataire-Creil-Sud-Oise-Tourisme-9-1200x800.jpg\" alt=\"Schloss Montataire Renovierung Geschichte Cond\u00e9 henri IV 4 Oise Besuch F\u00fchrung Familie Bernet\" class=\"wp-image-56245\" data-srcset=\"https:\/\/www.creilsudoise-tourisme.fr\/wp-content\/uploads\/2024\/08\/Chateau-de-Montataire-Creil-Sud-Oise-Tourisme-9-1200x800.jpg 1200w, https:\/\/www.creilsudoise-tourisme.fr\/wp-content\/uploads\/2024\/08\/Chateau-de-Montataire-Creil-Sud-Oise-Tourisme-9-600x400.jpg 600w, https:\/\/www.creilsudoise-tourisme.fr\/wp-content\/uploads\/2024\/08\/Chateau-de-Montataire-Creil-Sud-Oise-Tourisme-9-900x600.jpg 900w, https:\/\/www.creilsudoise-tourisme.fr\/wp-content\/uploads\/2024\/08\/Chateau-de-Montataire-Creil-Sud-Oise-Tourisme-9-18x12.jpg 18w, https:\/\/www.creilsudoise-tourisme.fr\/wp-content\/uploads\/2024\/08\/Chateau-de-Montataire-Creil-Sud-Oise-Tourisme-9-200x133.jpg 200w, https:\/\/www.creilsudoise-tourisme.fr\/wp-content\/uploads\/2024\/08\/Chateau-de-Montataire-Creil-Sud-Oise-Tourisme-9-650x433.jpg 650w, https:\/\/www.creilsudoise-tourisme.fr\/wp-content\/uploads\/2024\/08\/Chateau-de-Montataire-Creil-Sud-Oise-Tourisme-9-387x258.jpg 387w, https:\/\/www.creilsudoise-tourisme.fr\/wp-content\/uploads\/2024\/08\/Chateau-de-Montataire-Creil-Sud-Oise-Tourisme-9.jpg 1480w\" sizes=\"(max-width: 1200px) 100vw, 1200px\" \/><figcaption class=\"wp-element-caption\">Creil Sud Oise Tourisme<\/figcaption><\/figure>\n\n\n\n<figure class=\"wp-block-image size-large\"><img decoding=\"async\" loading=\"lazy\" width=\"1200\" height=\"675\" data-id=\"56243\"  data-src=\"https:\/\/www.creilsudoise-tourisme.fr\/wp-content\/uploads\/2024\/08\/Chateau-de-Montataire-Creil-Sud-Oise-Tourisme-2-1200x675.jpg\" alt=\"Schloss Montataire Renovierung Geschichte Cond\u00e9 henri IV 4 Oise Besuch F\u00fchrung Familie Bernet\" class=\"wp-image-56243\" data-srcset=\"https:\/\/www.creilsudoise-tourisme.fr\/wp-content\/uploads\/2024\/08\/Chateau-de-Montataire-Creil-Sud-Oise-Tourisme-2-1200x675.jpg 1200w, https:\/\/www.creilsudoise-tourisme.fr\/wp-content\/uploads\/2024\/08\/Chateau-de-Montataire-Creil-Sud-Oise-Tourisme-2-600x338.jpg 600w, https:\/\/www.creilsudoise-tourisme.fr\/wp-content\/uploads\/2024\/08\/Chateau-de-Montataire-Creil-Sud-Oise-Tourisme-2-900x507.jpg 900w, https:\/\/www.creilsudoise-tourisme.fr\/wp-content\/uploads\/2024\/08\/Chateau-de-Montataire-Creil-Sud-Oise-Tourisme-2-18x10.jpg 18w, https:\/\/www.creilsudoise-tourisme.fr\/wp-content\/uploads\/2024\/08\/Chateau-de-Montataire-Creil-Sud-Oise-Tourisme-2-200x113.jpg 200w, https:\/\/www.creilsudoise-tourisme.fr\/wp-content\/uploads\/2024\/08\/Chateau-de-Montataire-Creil-Sud-Oise-Tourisme-2-650x366.jpg 650w, https:\/\/www.creilsudoise-tourisme.fr\/wp-content\/uploads\/2024\/08\/Chateau-de-Montataire-Creil-Sud-Oise-Tourisme-2-387x218.jpg 387w, https:\/\/www.creilsudoise-tourisme.fr\/wp-content\/uploads\/2024\/08\/Chateau-de-Montataire-Creil-Sud-Oise-Tourisme-2.jpg 1480w\" sizes=\"(max-width: 1200px) 100vw, 1200px\" \/><figcaption class=\"wp-element-caption\">Creil Sud Oise Tourisme<\/figcaption><\/figure>\n\n\n\n<figure class=\"wp-block-image size-large\"><img decoding=\"async\" loading=\"lazy\" width=\"1200\" height=\"675\" data-id=\"56242\"  data-src=\"https:\/\/www.creilsudoise-tourisme.fr\/wp-content\/uploads\/2024\/08\/Chateau-de-Montataire-Creil-Sud-Oise-Tourisme-1-3-1200x675.jpg\" alt=\"Schloss Montataire Renovierung Geschichte Cond\u00e9 henri IV 4 Oise Besuch F\u00fchrung Familie Bernet\" class=\"wp-image-56242\" data-srcset=\"https:\/\/www.creilsudoise-tourisme.fr\/wp-content\/uploads\/2024\/08\/Chateau-de-Montataire-Creil-Sud-Oise-Tourisme-1-3-1200x675.jpg 1200w, https:\/\/www.creilsudoise-tourisme.fr\/wp-content\/uploads\/2024\/08\/Chateau-de-Montataire-Creil-Sud-Oise-Tourisme-1-3-600x338.jpg 600w, https:\/\/www.creilsudoise-tourisme.fr\/wp-content\/uploads\/2024\/08\/Chateau-de-Montataire-Creil-Sud-Oise-Tourisme-1-3-900x507.jpg 900w, https:\/\/www.creilsudoise-tourisme.fr\/wp-content\/uploads\/2024\/08\/Chateau-de-Montataire-Creil-Sud-Oise-Tourisme-1-3-18x10.jpg 18w, https:\/\/www.creilsudoise-tourisme.fr\/wp-content\/uploads\/2024\/08\/Chateau-de-Montataire-Creil-Sud-Oise-Tourisme-1-3-200x113.jpg 200w, https:\/\/www.creilsudoise-tourisme.fr\/wp-content\/uploads\/2024\/08\/Chateau-de-Montataire-Creil-Sud-Oise-Tourisme-1-3-650x366.jpg 650w, https:\/\/www.creilsudoise-tourisme.fr\/wp-content\/uploads\/2024\/08\/Chateau-de-Montataire-Creil-Sud-Oise-Tourisme-1-3-387x218.jpg 387w, https:\/\/www.creilsudoise-tourisme.fr\/wp-content\/uploads\/2024\/08\/Chateau-de-Montataire-Creil-Sud-Oise-Tourisme-1-3.jpg 1480w\" sizes=\"(max-width: 1200px) 100vw, 1200px\" \/><figcaption class=\"wp-element-caption\">Creil Sud Oise Tourisme<\/figcaption><\/figure>\n\n\n\n<figure class=\"wp-block-image size-large\"><img decoding=\"async\" loading=\"lazy\" width=\"1200\" height=\"675\" data-id=\"32680\"  data-src=\"https:\/\/www.creilsudoise-tourisme.fr\/wp-content\/uploads\/2021\/03\/Une-visite-guide\u0301e-en-groupes-du-Cha\u0302teau-de-Montataire-1-1200x675.jpg\" alt=\"Schloss Montataire Renovierung Geschichte Cond\u00e9 henri IV 4 Oise Besuch F\u00fchrung Familie Bernet\" class=\"wp-image-32680\" data-srcset=\"https:\/\/www.creilsudoise-tourisme.fr\/wp-content\/uploads\/2021\/03\/Une-visite-guide\u0301e-en-groupes-du-Cha\u0302teau-de-Montataire-1-1200x675.jpg 1200w, https:\/\/www.creilsudoise-tourisme.fr\/wp-content\/uploads\/2021\/03\/Une-visite-guide\u0301e-en-groupes-du-Cha\u0302teau-de-Montataire-1-600x338.jpg 600w, https:\/\/www.creilsudoise-tourisme.fr\/wp-content\/uploads\/2021\/03\/Une-visite-guide\u0301e-en-groupes-du-Cha\u0302teau-de-Montataire-1-900x506.jpg 900w, https:\/\/www.creilsudoise-tourisme.fr\/wp-content\/uploads\/2021\/03\/Une-visite-guide\u0301e-en-groupes-du-Cha\u0302teau-de-Montataire-1-1536x864.jpg 1536w, https:\/\/www.creilsudoise-tourisme.fr\/wp-content\/uploads\/2021\/03\/Une-visite-guide\u0301e-en-groupes-du-Cha\u0302teau-de-Montataire-1-200x113.jpg 200w, https:\/\/www.creilsudoise-tourisme.fr\/wp-content\/uploads\/2021\/03\/Une-visite-guide\u0301e-en-groupes-du-Cha\u0302teau-de-Montataire-1-650x366.jpg 650w, https:\/\/www.creilsudoise-tourisme.fr\/wp-content\/uploads\/2021\/03\/Une-visite-guide\u0301e-en-groupes-du-Cha\u0302teau-de-Montataire-1-387x218.jpg 387w, https:\/\/www.creilsudoise-tourisme.fr\/wp-content\/uploads\/2021\/03\/Une-visite-guide\u0301e-en-groupes-du-Cha\u0302teau-de-Montataire-1.jpg 1600w\" sizes=\"(max-width: 1200px) 100vw, 1200px\" \/><figcaption class=\"wp-element-caption\">Creil Sud Oise Tourisme<\/figcaption><\/figure>\n\n\n\n<figure class=\"wp-block-image size-large\"><img decoding=\"async\" loading=\"lazy\" width=\"1200\" height=\"675\" data-id=\"33219\"  data-src=\"https:\/\/www.creilsudoise-tourisme.fr\/wp-content\/uploads\/2021\/04\/Visite-guide\u0301e-en-groupes-du-Cha\u0302teau-de-Montataire.jpg\" alt=\"Schloss Montataire Renovierung Geschichte Cond\u00e9 henri IV 4 Oise Besuch F\u00fchrung Familie Bernet\" class=\"wp-image-33219\" data-srcset=\"https:\/\/www.creilsudoise-tourisme.fr\/wp-content\/uploads\/2021\/04\/Visite-guide\u0301e-en-groupes-du-Cha\u0302teau-de-Montataire.jpg 1200w, https:\/\/www.creilsudoise-tourisme.fr\/wp-content\/uploads\/2021\/04\/Visite-guide\u0301e-en-groupes-du-Cha\u0302teau-de-Montataire-600x338.jpg 600w, https:\/\/www.creilsudoise-tourisme.fr\/wp-content\/uploads\/2021\/04\/Visite-guide\u0301e-en-groupes-du-Cha\u0302teau-de-Montataire-900x506.jpg 900w, https:\/\/www.creilsudoise-tourisme.fr\/wp-content\/uploads\/2021\/04\/Visite-guide\u0301e-en-groupes-du-Cha\u0302teau-de-Montataire-200x113.jpg 200w, https:\/\/www.creilsudoise-tourisme.fr\/wp-content\/uploads\/2021\/04\/Visite-guide\u0301e-en-groupes-du-Cha\u0302teau-de-Montataire-650x366.jpg 650w, https:\/\/www.creilsudoise-tourisme.fr\/wp-content\/uploads\/2021\/04\/Visite-guide\u0301e-en-groupes-du-Cha\u0302teau-de-Montataire-387x218.jpg 387w, https:\/\/www.creilsudoise-tourisme.fr\/wp-content\/uploads\/2021\/04\/Visite-guide\u0301e-en-groupes-du-Cha\u0302teau-de-Montataire-275x155.jpg 275w\" sizes=\"(max-width: 1200px) 100vw, 1200px\" \/><figcaption class=\"wp-element-caption\">Creil Sud Oise Tourisme<\/figcaption><\/figure>\n\n\n\n<figure class=\"wp-block-image size-large\"><img decoding=\"async\" loading=\"lazy\" width=\"800\" height=\"533\" data-id=\"32674\"  data-src=\"https:\/\/www.creilsudoise-tourisme.fr\/wp-content\/uploads\/2021\/03\/Franc\u0327ois-Xavier-et-Marie-Astrid-Bernet-proprie\u0301taires-du-Cha\u0302teau-de-Montataire.jpg\" alt=\"Schloss Montataire Renovierung Geschichte Cond\u00e9 henri IV 4 Oise Besuch F\u00fchrung Familie Bernet\" class=\"wp-image-32674\" data-srcset=\"https:\/\/www.creilsudoise-tourisme.fr\/wp-content\/uploads\/2021\/03\/Franc\u0327ois-Xavier-et-Marie-Astrid-Bernet-proprie\u0301taires-du-Cha\u0302teau-de-Montataire.jpg 800w, https:\/\/www.creilsudoise-tourisme.fr\/wp-content\/uploads\/2021\/03\/Franc\u0327ois-Xavier-et-Marie-Astrid-Bernet-proprie\u0301taires-du-Cha\u0302teau-de-Montataire-600x400.jpg 600w, https:\/\/www.creilsudoise-tourisme.fr\/wp-content\/uploads\/2021\/03\/Franc\u0327ois-Xavier-et-Marie-Astrid-Bernet-proprie\u0301taires-du-Cha\u0302teau-de-Montataire-200x133.jpg 200w, https:\/\/www.creilsudoise-tourisme.fr\/wp-content\/uploads\/2021\/03\/Franc\u0327ois-Xavier-et-Marie-Astrid-Bernet-proprie\u0301taires-du-Cha\u0302teau-de-Montataire-650x433.jpg 650w, https:\/\/www.creilsudoise-tourisme.fr\/wp-content\/uploads\/2021\/03\/Franc\u0327ois-Xavier-et-Marie-Astrid-Bernet-proprie\u0301taires-du-Cha\u0302teau-de-Montataire-387x258.jpg 387w\" sizes=\"(max-width: 800px) 100vw, 800px\" \/><figcaption class=\"wp-element-caption\">Creil Sud Oise Tourisme<\/figcaption><\/figure>\n<\/figure>\n\n\n\n<h2>Eine Nacht im Schloss verbringen<\/h2>\n\n\n\n<p><strong>Zwei kleine Wohnungen wurden sogar renoviert<\/strong>Sie bestehen jeweils aus einem voll ausgestatteten Wohnzimmer mit K\u00fcche, einem Badezimmer und einem Schlafzimmer. Sie verf\u00fcgen \u00fcber alle modernen Annehmlichkeiten (Sofa, TV, WLAN und vor allem gute Bettw\u00e4sche) aber<strong> ihre Schatulle beh\u00e4lt das Prestige des alten. <\/strong>So befindet sich eines der Zimmer in einem Turm, dessen Kreuzgew\u00f6lbe die Wappen der Familien tr\u00e4gt, die das Schloss bewohnt haben.<strong> Die perfekte Gelegenheit f\u00fcr eine Zeitreise zu zweit oder mit der Familie<\/strong>Es ist ein Ort, der geschichtstr\u00e4chtig und gleichzeitig so lebendig ist.<\/p>\n\n\n\n<p>\"\u00a0<em>Unser Schloss ist mehr als ein Familienprojekt, es ist ein Lebensprojekt,<\/em> schlie\u00dft Marie-Astrid. <em><strong>Man lebt Schloss 24 Stunden am Tag, man denkt st\u00e4ndig an das Schloss <\/strong>aber es ist ein wahres Gl\u00fcck, und sogar <strong>eine Ehre, die Vergangenheit wieder zum Leben erwecken zu k\u00f6nnen. <\/strong>Manchmal gr\u00fc\u00dfe ich sogar Heinrich IV., wenn ich an seinem gro\u00dfen Portr\u00e4t vorbeigehe, und erz\u00e4hle ihm von meinem Tag. <\/em><strong><em>Vielleicht wird er mir eines Tages antworten, wer wei\u00df?<\/em>\u00a0<\/strong>\".<\/p>\n\n\n\n<div class=\"is-layout-flex wp-container-16 wp-block-columns\">\n<div class=\"is-layout-flow wp-block-column\" style=\"flex-basis:25%\">\n<figure class=\"wp-block-image size-full\"><img decoding=\"async\" loading=\"lazy\" width=\"225\" height=\"225\" data-src=\"https:\/\/www.creilsudoise-tourisme.fr\/wp-content\/uploads\/2024\/03\/Emmanuel_Latouche.jpg\" alt=\"\" class=\"wp-image-52865\" data-srcset=\"https:\/\/www.creilsudoise-tourisme.fr\/wp-content\/uploads\/2024\/03\/Emmanuel_Latouche.jpg 225w, https:\/\/www.creilsudoise-tourisme.fr\/wp-content\/uploads\/2024\/03\/Emmanuel_Latouche-12x12.jpg 12w, https:\/\/www.creilsudoise-tourisme.fr\/wp-content\/uploads\/2024\/03\/Emmanuel_Latouche-200x200.jpg 200w\" sizes=\"(max-width: 225px) 100vw, 225px\" \/><figcaption class=\"wp-element-caption\">Emmanuel Latouche<\/figcaption><\/figure>\n<\/div>\n\n\n\n<div class=\"is-layout-flow wp-block-column is-vertically-aligned-center\" style=\"flex-basis:50%\">\n<p><strong>Emmanuel Latouche<\/strong> &#8211; <a href=\"https:\/\/leredac.com\/\" target=\"_blank\" rel=\"noreferrer noopener\">Der Redakteur<\/a><\/p>\n<\/div>\n\n\n\n<div class=\"is-layout-flow wp-block-column\" style=\"flex-basis:25%\"><\/div>\n<\/div>\n\n\n\n<hr class=\"wp-block-separator has-alpha-channel-opacity\"\/>\n\n\n\n<h2>Das Schloss von Montataire, auf Video<\/h2>\n\n\n\n<figure class=\"wp-block-embed is-type-video is-provider-youtube wp-block-embed-youtube wp-embed-aspect-16-9 wp-has-aspect-ratio\"><div class=\"wp-block-embed__wrapper\">\n<iframe loading=\"lazy\" title=\"[DIE UNBEKANNTEN] Das Schloss von Montataire | Creil Sud Oise Tourisme\" width=\"500\" height=\"281\" data-src=\"https:\/\/www.youtube.com\/embed\/fmzzVgNdKz0?feature=oembed\" frameborder=\"0\" allow=\"accelerometer; autoplay; clipboard-write; encrypted-media; gyroscope; picture-in-picture; web-share\" referrerpolicy=\"strict-origin-when-cross-origin\" allowfullscreen><\/iframe>\n<\/div><\/figure>\n\n\n\n<hr class=\"wp-block-separator has-alpha-channel-opacity\"\/>\n\n\n\n\n\n<hr class=\"wp-block-separator has-alpha-channel-opacity\"\/>\n\n\n\n<div class=\"wp-block wp-block-single-sit wp-block-single-sit-coordonnees\" >\n\n            <h2>Zugang<\/h2>\n    \n    <div class=\"wp-block-media-text is-stacked-on-mobile\">\n\n        <div class=\"wp-block-media-text__media wpet-map-detail\" style=\"width:100%; height: 100%;\">\n            <div class=\"wp-block-media-text__media__content\" id=\"wpetSingleSitMap\" data-wpet-type-map=\"leaflet\" ><\/div>\n        <\/div>\n\n        <div class=\"wp-block-media-text__content\">\n\n                            <p class=\"wp-block-coordonnees__status wp-block-coordonnees__status--close\">\n                    Geschlossen                <\/p>\n            \n            <p class=\"wp-block-media-text__content__address\">\n                                    <strong>Schloss von Montataire<\/strong><br \/>\n                \n                                    Allee der Kastanienb\u00e4ume<br \/>\n                \n                                    <span>60160<\/span>\n                    <span>MONTATAIRE<\/span><br \/>\n                            <\/p>\n\n                                                <p class=\"wp-block-media-text__content__phone\"><a data-type=\"TEL\" href=\"tel: 33 3 44 25 00 05\">+33 3 44 25 00 05<\/a><\/p>\n                            \n            <a href=\"https:\/\/www.google.fr\/maps?saddr&#038;daddr=49.2563337,2.44298939\" target=\"_blank\" class=\"button GtmButtonCalculItinerairePrestataire\" rel=\"noopener noreferrer\">Meine Route berechnen<\/a>\n        <\/div>\n    <\/div>\n<\/div>\n\n\n    <div class=\"wp-block wp-block-single-sit wp-block-single-sit-ouvertures\" id=\"opening\">\n\n                    <h2>Er\u00f6ffnung<\/h2>\n        \n        \t<div class=\"wpetTableList\" >\n                <div data-id=\"wpet-table-slider-wrapper\">\n\t\t    \t\t\t\t\t\t<div class=\"wpetTableContainer\" >\n\t\t\t\t<table class=\"wpetTable wpTable--opening\">\n\t\t\t\t\t<thead class=\"wpetTableHeader\">\n\t\t\t\t\t<tr>\n\t\t\t\t\t\t<td colspan=\"2\">\n\t\t\t\t\t\t\t\t\t\t\t\t\t\t\tDu 05 Januar au 30 Dezember\t\t\t\t\t\t\t\t\t\t\t\t\t<\/td>\n\t\t\t\t\t<\/tr>\n\t\t\t\t\t<\/thead>\n\t\t\t\t\t\t\t\t\t\t\t\t\t\t\t\t\t\t<tr class=\"wpetTableLine\">\n\t\t\t\t\t\t\t\t<td class=\"wpetTableCell\">Montag<\/td>\n\t\t\t\t\t\t\t\t<td class=\"wpetTableCell\">Ge\u00f6ffnet von 10 bis 12 Uhr und von 14.30 bis 17.30 Uhr<\/td>\n\t\t\t\t\t\t\t<\/tr>\n\t\t\t\t\t\t\t\t\t\t\t\t\t\t\t\t\t\t\t\t\t\t\t\t<tr class=\"wpetTableLine\">\n\t\t\t\t\t\t\t\t<td class=\"wpetTableCell\">Dienstag<\/td>\n\t\t\t\t\t\t\t\t<td class=\"wpetTableCell\">Ge\u00f6ffnet von 10 bis 12 Uhr und von 14.30 bis 17.30 Uhr<\/td>\n\t\t\t\t\t\t\t<\/tr>\n\t\t\t\t\t\t\t\t\t\t\t\t\t\t\t\t\t\t\t\t\t\t\t\t<tr class=\"wpetTableLine\">\n\t\t\t\t\t\t\t\t<td class=\"wpetTableCell\">Mittwoch<\/td>\n\t\t\t\t\t\t\t\t<td class=\"wpetTableCell\">Ge\u00f6ffnet von 10 bis 12 Uhr und von 14.30 bis 17.30 Uhr<\/td>\n\t\t\t\t\t\t\t<\/tr>\n\t\t\t\t\t\t\t\t\t\t\t\t\t\t\t\t\t\t\t\t\t\t\t\t<tr class=\"wpetTableLine\">\n\t\t\t\t\t\t\t\t<td class=\"wpetTableCell\">Donnerstag<\/td>\n\t\t\t\t\t\t\t\t<td class=\"wpetTableCell\">Ge\u00f6ffnet von 10 bis 12 Uhr und von 14.30 bis 17.30 Uhr<\/td>\n\t\t\t\t\t\t\t<\/tr>\n\t\t\t\t\t\t\t\t\t\t\t\t\t\t\t\t\t\t\t\t\t\t\t\t<tr class=\"wpetTableLine\">\n\t\t\t\t\t\t\t\t<td class=\"wpetTableCell\">Freitag<\/td>\n\t\t\t\t\t\t\t\t<td class=\"wpetTableCell\">Ge\u00f6ffnet von 10 bis 12 Uhr und von 14.30 bis 17.30 Uhr<\/td>\n\t\t\t\t\t\t\t<\/tr>\n\t\t\t\t\t\t\t\t\t\t\t\t\t\t\t\t\t\t\t\t\t\t\t\t<tr class=\"wpetTableLine\">\n\t\t\t\t\t\t\t\t<td class=\"wpetTableCell\">Samstag<\/td>\n\t\t\t\t\t\t\t\t<td class=\"wpetTableCell\">Ge\u00f6ffnet von 10 bis 12 Uhr und von 14.30 bis 17.30 Uhr<\/td>\n\t\t\t\t\t\t\t<\/tr>\n\t\t\t\t\t\t\t\t\t\t\t\t\t\t\t\t\t\t\t\t\t\t\t\t<tr class=\"wpetTableLine\">\n\t\t\t\t\t\t\t\t<td class=\"wpetTableCell\">Sonntag<\/td>\n\t\t\t\t\t\t\t\t<td class=\"wpetTableCell\">Ge\u00f6ffnet von 10 bis 12 Uhr und von 14.30 bis 17.30 Uhr<\/td>\n\t\t\t\t\t\t\t<\/tr>\n\t\t\t\t\t\t\t\t\t\t\t\t\t\t\t<\/table>\n\t\t\t<\/div>\n\t\t        <\/div>\n\t<\/div>\n\n    <\/div>\n\n\n\n    <div class=\"wp-block wp-block-single-sit wp-block-single-sit-tarifs\">\n\n                    <h2>Tarife<\/h2>\n        \n        \n    <table class=\"wpetTable\">\n                    <tr class=\"wpetTableLine\">\n                <td class=\"wpetTableCell\">\n                    Erwachsenentarif                                            <span class=\"wpetTableCell--complement entryMeta\">gef\u00fchrte Besichtigung nach Vereinbarung, Tarif ab 13 Jahren<\/span>\n                                    <\/td>\n                <td class=\"wpetTableCell\">8 \u20ac<\/td>\n            <\/tr>\n                    <tr class=\"wpetTableLine\">\n                <td class=\"wpetTableCell\">\n                    Anderer Tarif                                            <span class=\"wpetTableCell--complement entryMeta\">Besichtigung und Imbiss im Schloss<\/span>\n                                    <\/td>\n                <td class=\"wpetTableCell\">12 \u20ac<\/td>\n            <\/tr>\n                    <tr class=\"wpetTableLine\">\n                <td class=\"wpetTableCell\">\n                    Anderer Tarif                                            <span class=\"wpetTableCell--complement entryMeta\">Escape Game Sitzung 4 Personen auf Reservierung<\/span>\n                                    <\/td>\n                <td class=\"wpetTableCell\">100 \u20ac<\/td>\n            <\/tr>\n                    <tr class=\"wpetTableLine\">\n                <td class=\"wpetTableCell\">\n                    Kindertarif                                            <span class=\"wpetTableCell--complement entryMeta\">3-12 Jahre<\/span>\n                                    <\/td>\n                <td class=\"wpetTableCell\">5 \u20ac<\/td>\n            <\/tr>\n            <\/table>\n\n\n    \n    \n    \n    \n    <\/div>\n\n\n\n\n<hr class=\"wp-block-separator has-alpha-channel-opacity\"\/>\n\n\n<div class=\"wp-block wp-block-highlight\">\n            <h3 class=\"wp-block-highlight-item wp-block-highlight-title\">Lust, mehr zu erfahren?<\/h3>\n                <p class=\"wp-block-highlight-item wp-block-highlight-excerpt\">Diese sch\u00f6ne Reportage wurde anl\u00e4sslich der Ver\u00f6ffentlichung des gesamten<strong> erstes Destinationsmagazin von Creil Sud Oise Tourisme<\/strong>.<br>Im Inneren, von n<strong>ombreux autres articles<\/strong> nehmen Sie mit auf eine Reise zu <strong>lokale Figuren<\/strong> und bieten <strong>Ausgehideen!<\/strong><br><strong>Bestellen Sie<\/strong> le, um es bei seiner Papierausgabe zu erhalten!<br><strong><a href=\"https:\/\/www.creilsudoise-tourisme.fr\/de\/praxis\/broschuren\/\" target=\"_blank\" rel=\"noreferrer noopener\">Hier, um es zu bestellen<\/a><\/strong><\/p>\n    <\/div>","protected":false},"excerpt":{"rendered":"<p>Auf den Anh\u00f6hen der Stadt, im Schatten der zur gleichen Zeit errichteten Stiftskirche Notre-Dame, erhebt sich das Schloss von Montataire, das viele Jahrhunderte \u00fcberdauert und zahlreiche Besitzer gehabt hat. Seit 12 Jahren hat die ansteckende Leidenschaft eines Vaters und seiner Tochter dieses alte, unbewohnte Geb\u00e4ude in ein [...] mehr?<\/p>","protected":false},"author":3,"featured_media":56271,"comment_status":"closed","ping_status":"closed","sticky":false,"template":"","format":"standard","meta":{"_relevanssi_hide_post":"","_relevanssi_hide_content":"","_relevanssi_pin_for_all":"","_relevanssi_pin_keywords":"","_relevanssi_unpin_keywords":"","_relevanssi_related_keywords":"","_relevanssi_related_include_ids":"","_relevanssi_related_exclude_ids":"","_relevanssi_related_no_append":"","_relevanssi_related_not_related":"","_relevanssi_related_posts":"42107,43994,37757,39785,38910,54043","_relevanssi_noindex_reason":""},"categories":[10],"tags":[],"yoast_head":"<!-- This site is optimized with the Yoast SEO plugin v20.2.1 - https:\/\/yoast.com\/wordpress\/plugins\/seo\/ -->\n<title>Le Ch\u00e2teau de mon p\u00e8re<\/title>\n<meta name=\"description\" content=\"Rencontre avec Marie-Astrid et Fran\u00e7ois-Xavier Bernet, propri\u00e9taires et amoureux du Ch\u00e2teau de Montataire.\" \/>\n<meta name=\"robots\" content=\"index, follow, max-snippet:-1, max-image-preview:large, max-video-preview:-1\" \/>\n<link rel=\"canonical\" href=\"https:\/\/www.creilsudoise-tourisme.fr\/de\/2024\/11\/14\/family-bernet\/\" \/>\n<meta property=\"og:locale\" content=\"de_DE\" \/>\n<meta property=\"og:type\" content=\"article\" \/>\n<meta property=\"og:title\" content=\"Le Ch\u00e2teau de mon p\u00e8re\" \/>\n<meta property=\"og:description\" content=\"Rencontre avec Marie-Astrid et Fran\u00e7ois-Xavier Bernet, propri\u00e9taires et amoureux du Ch\u00e2teau de Montataire.\" \/>\n<meta property=\"og:url\" content=\"https:\/\/www.creilsudoise-tourisme.fr\/de\/2024\/11\/14\/family-bernet\/\" \/>\n<meta property=\"og:site_name\" content=\"Office de Tourisme Creil Sud Oise\" \/>\n<meta property=\"article:publisher\" content=\"https:\/\/www.facebook.com\/creilsudoisetourisme\/\" \/>\n<meta property=\"article:published_time\" content=\"2024-11-14T14:58:57+00:00\" \/>\n<meta property=\"article:modified_time\" content=\"2024-08-22T08:29:10+00:00\" \/>\n<meta property=\"og:image\" content=\"https:\/\/www.creilsudoise-tourisme.fr\/wp-content\/uploads\/2024\/08\/IMG_8395.jpg\" \/>\n\t<meta property=\"og:image:width\" content=\"1665\" \/>\n\t<meta property=\"og:image:height\" content=\"1920\" \/>\n\t<meta property=\"og:image:type\" content=\"image\/jpeg\" \/>\n<meta name=\"author\" content=\"fdubut\" \/>\n<meta name=\"twitter:card\" content=\"summary_large_image\" \/>\n<meta name=\"twitter:creator\" content=\"@CreilSudOiseOT\" \/>\n<meta name=\"twitter:site\" content=\"@CreilSudOiseOT\" \/>\n<meta name=\"twitter:label1\" content=\"Verfasst von\" \/>\n\t<meta name=\"twitter:data1\" content=\"fdubut\" \/>\n\t<meta name=\"twitter:label2\" content=\"Gesch\u00e4tzte Lesezeit\" \/>\n\t<meta name=\"twitter:data2\" content=\"7\u00a0Minuten\" \/>\n<script type=\"application\/ld+json\" class=\"yoast-schema-graph\">{\"@context\":\"https:\/\/schema.org\",\"@graph\":[{\"@type\":\"Article\",\"@id\":\"https:\/\/www.creilsudoise-tourisme.fr\/2024\/11\/14\/famille-bernet\/#article\",\"isPartOf\":{\"@id\":\"https:\/\/www.creilsudoise-tourisme.fr\/2024\/11\/14\/famille-bernet\/\"},\"author\":{\"name\":\"fdubut\",\"@id\":\"https:\/\/www.creilsudoise-tourisme.fr\/#\/schema\/person\/c5140d47645b13bee896bfe05f1bd5da\"},\"headline\":\"Le Ch\u00e2teau de mon p\u00e8re\",\"datePublished\":\"2024-11-14T14:58:57+00:00\",\"dateModified\":\"2024-08-22T08:29:10+00:00\",\"mainEntityOfPage\":{\"@id\":\"https:\/\/www.creilsudoise-tourisme.fr\/2024\/11\/14\/famille-bernet\/\"},\"wordCount\":1418,\"publisher\":{\"@id\":\"https:\/\/www.creilsudoise-tourisme.fr\/#organization\"},\"articleSection\":[\"Nos ambassadeurs\"],\"inLanguage\":\"de\"},{\"@type\":\"WebPage\",\"@id\":\"https:\/\/www.creilsudoise-tourisme.fr\/2024\/11\/14\/famille-bernet\/\",\"url\":\"https:\/\/www.creilsudoise-tourisme.fr\/2024\/11\/14\/famille-bernet\/\",\"name\":\"Le Ch\u00e2teau de mon p\u00e8re\",\"isPartOf\":{\"@id\":\"https:\/\/www.creilsudoise-tourisme.fr\/#website\"},\"datePublished\":\"2024-11-14T14:58:57+00:00\",\"dateModified\":\"2024-08-22T08:29:10+00:00\",\"description\":\"Rencontre avec Marie-Astrid et Fran\u00e7ois-Xavier Bernet, propri\u00e9taires et amoureux du Ch\u00e2teau de Montataire.\",\"breadcrumb\":{\"@id\":\"https:\/\/www.creilsudoise-tourisme.fr\/2024\/11\/14\/famille-bernet\/#breadcrumb\"},\"inLanguage\":\"de\",\"potentialAction\":[{\"@type\":\"ReadAction\",\"target\":[\"https:\/\/www.creilsudoise-tourisme.fr\/2024\/11\/14\/famille-bernet\/\"]}]},{\"@type\":\"BreadcrumbList\",\"@id\":\"https:\/\/www.creilsudoise-tourisme.fr\/2024\/11\/14\/famille-bernet\/#breadcrumb\",\"itemListElement\":[{\"@type\":\"ListItem\",\"position\":1,\"name\":\"Accueil\",\"item\":\"https:\/\/www.creilsudoise-tourisme.fr\/\"},{\"@type\":\"ListItem\",\"position\":2,\"name\":\"Le Ch\u00e2teau de mon p\u00e8re\"}]},{\"@type\":\"WebSite\",\"@id\":\"https:\/\/www.creilsudoise-tourisme.fr\/#website\",\"url\":\"https:\/\/www.creilsudoise-tourisme.fr\/\",\"name\":\"Office de Tourisme Creil Sud Oise\",\"description\":\"Creil Sud Oise Tourisme, un territoire \u00e0 explorer !\",\"publisher\":{\"@id\":\"https:\/\/www.creilsudoise-tourisme.fr\/#organization\"},\"potentialAction\":[{\"@type\":\"SearchAction\",\"target\":{\"@type\":\"EntryPoint\",\"urlTemplate\":\"https:\/\/www.creilsudoise-tourisme.fr\/?s={search_term_string}\"},\"query-input\":\"required name=search_term_string\"}],\"inLanguage\":\"de\"},{\"@type\":\"Organization\",\"@id\":\"https:\/\/www.creilsudoise-tourisme.fr\/#organization\",\"name\":\"Creil Sud Oise Tourisme\",\"url\":\"https:\/\/www.creilsudoise-tourisme.fr\/\",\"logo\":{\"@type\":\"ImageObject\",\"inLanguage\":\"de\",\"@id\":\"https:\/\/www.creilsudoise-tourisme.fr\/#\/schema\/logo\/image\/\",\"url\":\"https:\/\/www.creilsudoise-tourisme.fr\/wp-content\/uploads\/2021\/05\/logo-svg.png\",\"contentUrl\":\"https:\/\/www.creilsudoise-tourisme.fr\/wp-content\/uploads\/2021\/05\/logo-svg.png\",\"width\":182,\"height\":71,\"caption\":\"Creil Sud Oise Tourisme\"},\"image\":{\"@id\":\"https:\/\/www.creilsudoise-tourisme.fr\/#\/schema\/logo\/image\/\"},\"sameAs\":[\"https:\/\/www.facebook.com\/creilsudoisetourisme\/\",\"https:\/\/twitter.com\/CreilSudOiseOT\",\"https:\/\/www.instagram.com\/creilsudoisetourisme\/\",\"https:\/\/www.youtube.com\/channel\/UC8L_QD2wwyADW14zt9fY8kw\"]},{\"@type\":\"Person\",\"@id\":\"https:\/\/www.creilsudoise-tourisme.fr\/#\/schema\/person\/c5140d47645b13bee896bfe05f1bd5da\",\"name\":\"fdubut\",\"image\":{\"@type\":\"ImageObject\",\"inLanguage\":\"de\",\"@id\":\"https:\/\/www.creilsudoise-tourisme.fr\/#\/schema\/person\/image\/\",\"url\":\"https:\/\/secure.gravatar.com\/avatar\/c49bb61337bf4556cafdbcb92c18618d?s=96&d=mm&r=g\",\"contentUrl\":\"https:\/\/secure.gravatar.com\/avatar\/c49bb61337bf4556cafdbcb92c18618d?s=96&d=mm&r=g\",\"caption\":\"fdubut\"},\"url\":\"https:\/\/www.creilsudoise-tourisme.fr\/de\/auteur\/fdubut\/\"}]}<\/script>\n<!-- \/ Yoast SEO plugin. -->","yoast_head_json":{"title":"Le Ch\u00e2teau de mon p\u00e8re","description":"Rencontre avec Marie-Astrid et Fran\u00e7ois-Xavier Bernet, propri\u00e9taires et amoureux du Ch\u00e2teau de Montataire.","robots":{"index":"index","follow":"follow","max-snippet":"max-snippet:-1","max-image-preview":"max-image-preview:large","max-video-preview":"max-video-preview:-1"},"canonical":"https:\/\/www.creilsudoise-tourisme.fr\/de\/2024\/11\/14\/family-bernet\/","og_locale":"de_DE","og_type":"article","og_title":"Le Ch\u00e2teau de mon p\u00e8re","og_description":"Rencontre avec Marie-Astrid et Fran\u00e7ois-Xavier Bernet, propri\u00e9taires et amoureux du Ch\u00e2teau de Montataire.","og_url":"https:\/\/www.creilsudoise-tourisme.fr\/de\/2024\/11\/14\/family-bernet\/","og_site_name":"Office de Tourisme Creil Sud Oise","article_publisher":"https:\/\/www.facebook.com\/creilsudoisetourisme\/","article_published_time":"2024-11-14T14:58:57+00:00","article_modified_time":"2024-08-22T08:29:10+00:00","og_image":[{"width":1665,"height":1920,"url":"https:\/\/www.creilsudoise-tourisme.fr\/wp-content\/uploads\/2024\/08\/IMG_8395.jpg","type":"image\/jpeg"}],"author":"fdubut","twitter_card":"summary_large_image","twitter_creator":"@CreilSudOiseOT","twitter_site":"@CreilSudOiseOT","twitter_misc":{"Verfasst von":"fdubut","Gesch\u00e4tzte Lesezeit":"7\u00a0Minuten"},"schema":{"@context":"https:\/\/schema.org","@graph":[{"@type":"Article","@id":"https:\/\/www.creilsudoise-tourisme.fr\/2024\/11\/14\/famille-bernet\/#article","isPartOf":{"@id":"https:\/\/www.creilsudoise-tourisme.fr\/2024\/11\/14\/famille-bernet\/"},"author":{"name":"fdubut","@id":"https:\/\/www.creilsudoise-tourisme.fr\/#\/schema\/person\/c5140d47645b13bee896bfe05f1bd5da"},"headline":"Le Ch\u00e2teau de mon p\u00e8re","datePublished":"2024-11-14T14:58:57+00:00","dateModified":"2024-08-22T08:29:10+00:00","mainEntityOfPage":{"@id":"https:\/\/www.creilsudoise-tourisme.fr\/2024\/11\/14\/famille-bernet\/"},"wordCount":1418,"publisher":{"@id":"https:\/\/www.creilsudoise-tourisme.fr\/#organization"},"articleSection":["Nos ambassadeurs"],"inLanguage":"de"},{"@type":"WebPage","@id":"https:\/\/www.creilsudoise-tourisme.fr\/2024\/11\/14\/famille-bernet\/","url":"https:\/\/www.creilsudoise-tourisme.fr\/2024\/11\/14\/famille-bernet\/","name":"Le Ch\u00e2teau de mon p\u00e8re","isPartOf":{"@id":"https:\/\/www.creilsudoise-tourisme.fr\/#website"},"datePublished":"2024-11-14T14:58:57+00:00","dateModified":"2024-08-22T08:29:10+00:00","description":"Rencontre avec Marie-Astrid et Fran\u00e7ois-Xavier Bernet, propri\u00e9taires et amoureux du Ch\u00e2teau de Montataire.","breadcrumb":{"@id":"https:\/\/www.creilsudoise-tourisme.fr\/2024\/11\/14\/famille-bernet\/#breadcrumb"},"inLanguage":"de","potentialAction":[{"@type":"ReadAction","target":["https:\/\/www.creilsudoise-tourisme.fr\/2024\/11\/14\/famille-bernet\/"]}]},{"@type":"BreadcrumbList","@id":"https:\/\/www.creilsudoise-tourisme.fr\/2024\/11\/14\/famille-bernet\/#breadcrumb","itemListElement":[{"@type":"ListItem","position":1,"name":"Accueil","item":"https:\/\/www.creilsudoise-tourisme.fr\/"},{"@type":"ListItem","position":2,"name":"Le Ch\u00e2teau de mon p\u00e8re"}]},{"@type":"WebSite","@id":"https:\/\/www.creilsudoise-tourisme.fr\/#website","url":"https:\/\/www.creilsudoise-tourisme.fr\/","name":"Office de Tourisme Creil Sud Oise","description":"Creil Sud Oise Tourisme, un territoire \u00e0 explorer !","publisher":{"@id":"https:\/\/www.creilsudoise-tourisme.fr\/#organization"},"potentialAction":[{"@type":"SearchAction","target":{"@type":"EntryPoint","urlTemplate":"https:\/\/www.creilsudoise-tourisme.fr\/?s={search_term_string}"},"query-input":"required name=search_term_string"}],"inLanguage":"de"},{"@type":"Organization","@id":"https:\/\/www.creilsudoise-tourisme.fr\/#organization","name":"Creil Sud Oise Tourisme","url":"https:\/\/www.creilsudoise-tourisme.fr\/","logo":{"@type":"ImageObject","inLanguage":"de","@id":"https:\/\/www.creilsudoise-tourisme.fr\/#\/schema\/logo\/image\/","url":"https:\/\/www.creilsudoise-tourisme.fr\/wp-content\/uploads\/2021\/05\/logo-svg.png","contentUrl":"https:\/\/www.creilsudoise-tourisme.fr\/wp-content\/uploads\/2021\/05\/logo-svg.png","width":182,"height":71,"caption":"Creil Sud Oise Tourisme"},"image":{"@id":"https:\/\/www.creilsudoise-tourisme.fr\/#\/schema\/logo\/image\/"},"sameAs":["https:\/\/www.facebook.com\/creilsudoisetourisme\/","https:\/\/twitter.com\/CreilSudOiseOT","https:\/\/www.instagram.com\/creilsudoisetourisme\/","https:\/\/www.youtube.com\/channel\/UC8L_QD2wwyADW14zt9fY8kw"]},{"@type":"Person","@id":"https:\/\/www.creilsudoise-tourisme.fr\/#\/schema\/person\/c5140d47645b13bee896bfe05f1bd5da","name":"fdubut","image":{"@type":"ImageObject","inLanguage":"de","@id":"https:\/\/www.creilsudoise-tourisme.fr\/#\/schema\/person\/image\/","url":"https:\/\/secure.gravatar.com\/avatar\/c49bb61337bf4556cafdbcb92c18618d?s=96&d=mm&r=g","contentUrl":"https:\/\/secure.gravatar.com\/avatar\/c49bb61337bf4556cafdbcb92c18618d?s=96&d=mm&r=g","caption":"fdubut"},"url":"https:\/\/www.creilsudoise-tourisme.fr\/de\/auteur\/fdubut\/"}]}},"_links":{"self":[{"href":"https:\/\/www.creilsudoise-tourisme.fr\/de\/wp-json\/wp\/v2\/posts\/56183"}],"collection":[{"href":"https:\/\/www.creilsudoise-tourisme.fr\/de\/wp-json\/wp\/v2\/posts"}],"about":[{"href":"https:\/\/www.creilsudoise-tourisme.fr\/de\/wp-json\/wp\/v2\/types\/post"}],"author":[{"embeddable":true,"href":"https:\/\/www.creilsudoise-tourisme.fr\/de\/wp-json\/wp\/v2\/users\/3"}],"replies":[{"embeddable":true,"href":"https:\/\/www.creilsudoise-tourisme.fr\/de\/wp-json\/wp\/v2\/comments?post=56183"}],"version-history":[{"count":6,"href":"https:\/\/www.creilsudoise-tourisme.fr\/de\/wp-json\/wp\/v2\/posts\/56183\/revisions"}],"predecessor-version":[{"id":56314,"href":"https:\/\/www.creilsudoise-tourisme.fr\/de\/wp-json\/wp\/v2\/posts\/56183\/revisions\/56314"}],"wp:featuredmedia":[{"embeddable":true,"href":"https:\/\/www.creilsudoise-tourisme.fr\/de\/wp-json\/wp\/v2\/media\/56271"}],"wp:attachment":[{"href":"https:\/\/www.creilsudoise-tourisme.fr\/de\/wp-json\/wp\/v2\/media?parent=56183"}],"wp:term":[{"taxonomy":"category","embeddable":true,"href":"https:\/\/www.creilsudoise-tourisme.fr\/de\/wp-json\/wp\/v2\/categories?post=56183"},{"taxonomy":"post_tag","embeddable":true,"href":"https:\/\/www.creilsudoise-tourisme.fr\/de\/wp-json\/wp\/v2\/tags?post=56183"}],"curies":[{"name":"wp","href":"https:\/\/api.w.org\/{rel}","templated":true}]}}