{"id":56179,"date":"2024-10-22T10:21:00","date_gmt":"2024-10-22T08:21:00","guid":{"rendered":"https:\/\/www.creilsudoise-tourisme.fr\/?p=56179"},"modified":"2024-08-21T17:21:58","modified_gmt":"2024-08-21T15:21:58","slug":"gerard-lequien","status":"publish","type":"post","link":"https:\/\/www.creilsudoise-tourisme.fr\/de\/2024\/10\/22\/gerard-lequien\/","title":{"rendered":"Die Erinnerung an den Luftkrieg"},"content":{"rendered":"<p class=\"is-style-excerpt\">Die<strong> Absturz eines Bombers <\/strong>am 6. September 1943 \u00fcber seinem Dorf Airion, als er sich in der N\u00e4he von Paris aufhielt.<strong>er war erst 13 Jahre alt <\/strong>war entscheidend im Leben von <strong>G\u00e9rard Lequien<\/strong>. Achtzig Jahre lang stellte er Nachforschungen an, kontaktierte Flieger und Familien und sammelte Tr\u00fcmmer, Gegenst\u00e4nde und Dokumente, die mit einem Teil der 500 Milit\u00e4rflugzeuge in Verbindung standen, die zwischen 1940 und 1945 in der Oise abgest\u00fcrzt waren. <strong>Er schenkte alle seine Sch\u00e4tze der Stadt Saint-Maximin <\/strong>die 2016 ein <strong>Bombardement Museum, dessen spannender F\u00fchrer er ist.<\/strong><\/p>\n\n\n\n<div class=\"is-layout-flex wp-container-3 wp-block-columns\">\n<div class=\"is-layout-flow wp-block-column\" style=\"flex-basis:33.33%\">\n<figure class=\"wp-block-image size-large\"><img decoding=\"async\" loading=\"lazy\" width=\"900\" height=\"1200\" data-src=\"https:\/\/www.creilsudoise-tourisme.fr\/wp-content\/uploads\/2024\/08\/2023-07-12-Saint-Maximin-Gerard-Lequien-musee-des-bombardements-IMG_5813-900x1200.jpg\" alt=\"\" class=\"wp-image-56275\" data-srcset=\"https:\/\/www.creilsudoise-tourisme.fr\/wp-content\/uploads\/2024\/08\/2023-07-12-Saint-Maximin-Gerard-Lequien-musee-des-bombardements-IMG_5813-900x1200.jpg 900w, https:\/\/www.creilsudoise-tourisme.fr\/wp-content\/uploads\/2024\/08\/2023-07-12-Saint-Maximin-Gerard-Lequien-musee-des-bombardements-IMG_5813-450x600.jpg 450w, https:\/\/www.creilsudoise-tourisme.fr\/wp-content\/uploads\/2024\/08\/2023-07-12-Saint-Maximin-Gerard-Lequien-musee-des-bombardements-IMG_5813-675x900.jpg 675w, https:\/\/www.creilsudoise-tourisme.fr\/wp-content\/uploads\/2024\/08\/2023-07-12-Saint-Maximin-Gerard-Lequien-musee-des-bombardements-IMG_5813-1152x1536.jpg 1152w, https:\/\/www.creilsudoise-tourisme.fr\/wp-content\/uploads\/2024\/08\/2023-07-12-Saint-Maximin-Gerard-Lequien-musee-des-bombardements-IMG_5813-9x12.jpg 9w, https:\/\/www.creilsudoise-tourisme.fr\/wp-content\/uploads\/2024\/08\/2023-07-12-Saint-Maximin-Gerard-Lequien-musee-des-bombardements-IMG_5813-200x267.jpg 200w, https:\/\/www.creilsudoise-tourisme.fr\/wp-content\/uploads\/2024\/08\/2023-07-12-Saint-Maximin-Gerard-Lequien-musee-des-bombardements-IMG_5813-650x867.jpg 650w, https:\/\/www.creilsudoise-tourisme.fr\/wp-content\/uploads\/2024\/08\/2023-07-12-Saint-Maximin-Gerard-Lequien-musee-des-bombardements-IMG_5813-387x516.jpg 387w, https:\/\/www.creilsudoise-tourisme.fr\/wp-content\/uploads\/2024\/08\/2023-07-12-Saint-Maximin-Gerard-Lequien-musee-des-bombardements-IMG_5813.jpg 1440w\" sizes=\"(max-width: 900px) 100vw, 900px\" \/><\/figure>\n<\/div>\n\n\n\n<div class=\"is-layout-flow wp-block-column\" style=\"flex-basis:66.66%\">\n<p><strong>G\u00e9rard Lequien<\/strong>, ein Sammler, der das Mus\u00e9e des Bombardements in Saint-Maximin gegr\u00fcndet hat, begr\u00fc\u00dfte uns, um uns von seiner gro\u00dfartigen Sammlung zu erz\u00e4hlen.<\/p>\n<\/div>\n<\/div>\n\n\n\n<h2>Ein Flugzeug st\u00fcrzt 1973 ab<\/h2>\n\n\n\n<p>Ob es sich um ein St\u00fcck Metall, eine Uniform, eine Medaille, einen Kanister oder ein Dokument handelt, er wei\u00df alles \u00fcber ihre Geschichte. Zu welchem Flugzeug oder Milit\u00e4r sie geh\u00f6rten, wo und wann er sie aufgest\u00f6bert hat.<strong> G\u00e9rard Lequien ist der H\u00fcter der Erinnerung an die dunklen Stunden des Luftkriegs am Himmel \u00fcber dem Departement Oise zwischen 1940 und 1945.<\/strong><\/p>\n\n\n\n<p>\"<em>\u00a0<strong>Diese Leidenschaft geht auf den 6. September 1943 zur\u00fcck<\/strong>, <\/em>erkl\u00e4rt der l\u00e4chelnde 93-j\u00e4hrige Schnurrbarttr\u00e4ger.<em> Seit Wochen flogen t\u00e4glich Hunderte von alliierten Bombern \u00fcber Airion, wo ich in der N\u00e4he von Clermont geboren wurde. Und an diesem Tag wusste ich, dass einer von ihnen in Schwierigkeiten war, als ich sah, wie sich zwei Fallschirme \u00f6ffneten. Die Informationen zirkulierten nicht wie heute und <strong>nach ein paar Tagen erfuhr ich, dass er im Bois des Moines abgest\u00fcrzt war,<\/strong> \u00f6stlich des Dorfes. Ich ging mit ein paar Freunden dorthin, aber wir wurden abgewiesen, weil das Gel\u00e4nde von der deutschen Armee bewacht wurde. Als ich viel sp\u00e4ter dorthin zur\u00fcckkehrte, fand ich beim Graben verschiedene Teile des Flugzeugs, die nicht zum Wiedereinschmelzen geborgen worden waren.<\/em>\u00a0\"Der Virus war geimpft, die Neugierde w\u00fcrde siegen.<\/p>\n\n\n\n<p>\"\u00a0<em>Ich habe erfahren, dass diese B17 der 8.<sup>e<\/sup> Air Force der USA einen viermotorigen schweren Bomber mit zehn Sitzen, der auf den Namen <\/em>\" Lucky Thirteen \" (Gl\u00fcckliche Dreizehn),<em> von einer Rammoperation aus Stuttgart in Deutschland zur\u00fcckkehrte, und dass <strong>w\u00e4hrend 7 Besatzungsmitglieder von den Deutschen gefangen genommen worden waren, waren 3 weitere vom Widerstand aufgenommen worden<\/strong>. <\/em>\"Mehr \u00fcber diese B17 zu wissen, war jedoch nicht genug, und \u00fcber Jahrzehnte hinweg interessierte sich G\u00e9rard Lequien f\u00fcr mehr als 60 andere Flugzeuge, die w\u00e4hrend dieser Zeit im D\u00e9partement abgeschossen wurden.<\/p>\n\n\n\n<figure class=\"wp-block-image size-large\"><img decoding=\"async\" loading=\"lazy\" width=\"1200\" height=\"927\" data-src=\"https:\/\/www.creilsudoise-tourisme.fr\/wp-content\/uploads\/2021\/02\/v1-1200x927.jpg\" alt=\"Die V1-Bombe war in einem unterirdischen Steinbruch in Saint-Leu-d&#039;Esserent zusammengebaut worden.\" class=\"wp-image-33897\" data-srcset=\"https:\/\/www.creilsudoise-tourisme.fr\/wp-content\/uploads\/2021\/02\/v1-1200x927.jpg 1200w, https:\/\/www.creilsudoise-tourisme.fr\/wp-content\/uploads\/2021\/02\/v1-600x464.jpg 600w, https:\/\/www.creilsudoise-tourisme.fr\/wp-content\/uploads\/2021\/02\/v1-900x695.jpg 900w, https:\/\/www.creilsudoise-tourisme.fr\/wp-content\/uploads\/2021\/02\/v1-1536x1187.jpg 1536w, https:\/\/www.creilsudoise-tourisme.fr\/wp-content\/uploads\/2021\/02\/v1-200x155.jpg 200w, https:\/\/www.creilsudoise-tourisme.fr\/wp-content\/uploads\/2021\/02\/v1-650x502.jpg 650w, https:\/\/www.creilsudoise-tourisme.fr\/wp-content\/uploads\/2021\/02\/v1-387x299.jpg 387w, https:\/\/www.creilsudoise-tourisme.fr\/wp-content\/uploads\/2021\/02\/v1-275x212.jpg 275w, https:\/\/www.creilsudoise-tourisme.fr\/wp-content\/uploads\/2021\/02\/v1.jpg 2000w\" sizes=\"(max-width: 1200px) 100vw, 1200px\" \/><\/figure>\n\n\n\n<h2>Tausend und ein Beruf<\/h2>\n\n\n\n<p><strong>Doch bevor man dieser T\u00e4tigkeit seine Zeit opferte, musste man arbeiten.<\/strong> \"<em>\u00a0Meine Eltern waren Landwirte, die 300 ha bewirtschafteten. Sobald ich also den \"?\u00a0<\/em>zertifiziert'\u00a0<em>\", schloss ich mich ihnen an. Sieben Jahre sp\u00e4ter ging ich nach Berlin, um meinen Milit\u00e4rdienst in der 11.<sup>e<\/sup> Panzerregiment. Nach den Traktoren beeindruckte mich das Panzerfahren nicht... Wir waren 400 junge Franzosen, und gleich am ersten Tag wollte der Hauptmann mich sehen: Da ich der einzige war, der alle F\u00fchrerscheine hatte, <strong>er bat mich, sein Fahrer zu sein<\/strong> zwei Jahre lang. Ich holte ihn morgens mit einem nagelneuen Opel Kapitan ab und <strong>am Nachmittag fuhr ich seine Frau zu den Gesch\u00e4ften. Ich habe sogar auf ihren Hund aufgepasst!\u00a0<\/strong><\/em>\"<\/p>\n\n\n\n<p>Als er 1953 aus der Armee entlassen wird, beschlie\u00dft der junge Mann, die Landwirtschaft zu vergessen. Als Fahrer f\u00fcr eine Chemiefabrik in Catenoy transportiert er zun\u00e4chst \u00c4ther, Alkohol und andere Produkte zu 300 Kunden von Lille nach Paris. Dann bringt ihn der Zufall in den <strong>Centre Hospitalier Interd\u00e9partemental de Fitz-James, um Krankenpfleger in der Psychiatrie zu werden<\/strong>\u00a0Er wird 32 Jahre dort bleiben! \"<em>\u00a0Damals beherbergte es 4300 Kranke, die auf 17 Stationen verteilt waren, <\/em>erinnert er. <em>In der Abteilung f\u00fcr schwer Kranke richtete ich Ergotherapie-Workshops mit beruflichen T\u00e4tigkeiten ein und organisierte Campingaufenthalte im Wald von Hez, um die Kranken aus der Anstalt herauszuholen, das war innovativ.<\/em>\u00a0\"<\/p>\n\n\n\n<h2>Eine Leidenschaft, seit 1960<\/h2>\n\n\n\n<p>Was seine Freizeit betrifft, so widmete er sich ab 1960 ausschlie\u00dflich seiner Forschung \u00fcber Flugzeugabst\u00fcrze, nachdem er entdeckt hatte, dass <strong>ihr Vater und ihr \u00e4lterer Bruder waren Widerstandsk\u00e4mpfer\u00a0<\/strong>: \"<em>\u00a0Sie nahmen am ersten Fallschirmabwurf von Waffen in Airion im Departement Oise teil.<\/em>\u00a0\".<\/p>\n\n\n\n<figure class=\"is-layout-flex wp-block-gallery-4 wp-block-gallery has-nested-images columns-default is-cropped\">\n<figure class=\"wp-block-image size-large\"><img decoding=\"async\" loading=\"lazy\" width=\"900\" height=\"1200\" data-id=\"56282\"  data-src=\"https:\/\/www.creilsudoise-tourisme.fr\/wp-content\/uploads\/2024\/08\/2023-07-12-Saint-Maximin-Gerard-Lequien-musee-des-bombardements-IMG_5831-900x1200.jpg\" alt=\"Museum Bombardierungen V\u00f6gel Krieg Zweiter Weltkrieg Gro\u00dfer Krieg Erinnerung Erinnerung Gedenken F\u00fchrung Saint-Maximin\" class=\"wp-image-56282\" data-srcset=\"https:\/\/www.creilsudoise-tourisme.fr\/wp-content\/uploads\/2024\/08\/2023-07-12-Saint-Maximin-Gerard-Lequien-musee-des-bombardements-IMG_5831-900x1200.jpg 900w, https:\/\/www.creilsudoise-tourisme.fr\/wp-content\/uploads\/2024\/08\/2023-07-12-Saint-Maximin-Gerard-Lequien-musee-des-bombardements-IMG_5831-450x600.jpg 450w, https:\/\/www.creilsudoise-tourisme.fr\/wp-content\/uploads\/2024\/08\/2023-07-12-Saint-Maximin-Gerard-Lequien-musee-des-bombardements-IMG_5831-675x900.jpg 675w, https:\/\/www.creilsudoise-tourisme.fr\/wp-content\/uploads\/2024\/08\/2023-07-12-Saint-Maximin-Gerard-Lequien-musee-des-bombardements-IMG_5831-9x12.jpg 9w, https:\/\/www.creilsudoise-tourisme.fr\/wp-content\/uploads\/2024\/08\/2023-07-12-Saint-Maximin-Gerard-Lequien-musee-des-bombardements-IMG_5831-200x267.jpg 200w, https:\/\/www.creilsudoise-tourisme.fr\/wp-content\/uploads\/2024\/08\/2023-07-12-Saint-Maximin-Gerard-Lequien-musee-des-bombardements-IMG_5831-650x867.jpg 650w, https:\/\/www.creilsudoise-tourisme.fr\/wp-content\/uploads\/2024\/08\/2023-07-12-Saint-Maximin-Gerard-Lequien-musee-des-bombardements-IMG_5831-387x516.jpg 387w, https:\/\/www.creilsudoise-tourisme.fr\/wp-content\/uploads\/2024\/08\/2023-07-12-Saint-Maximin-Gerard-Lequien-musee-des-bombardements-IMG_5831.jpg 1110w\" sizes=\"(max-width: 900px) 100vw, 900px\" \/><figcaption class=\"wp-element-caption\">Fred Noury<\/figcaption><\/figure>\n\n\n\n<figure class=\"wp-block-image size-large\"><img decoding=\"async\" loading=\"lazy\" width=\"1200\" height=\"900\" data-id=\"56237\"  data-src=\"https:\/\/www.creilsudoise-tourisme.fr\/wp-content\/uploads\/2024\/08\/Musee_Bombardements-Saint_Maximin-Creil_Sud_Oise_Tourisme-9-1200x900.jpg\" alt=\"Museum Bombardierungen V\u00f6gel Krieg Zweiter Weltkrieg Gro\u00dfer Krieg Erinnerung Erinnerung Gedenken F\u00fchrung Saint-Maximin\" class=\"wp-image-56237\" data-srcset=\"https:\/\/www.creilsudoise-tourisme.fr\/wp-content\/uploads\/2024\/08\/Musee_Bombardements-Saint_Maximin-Creil_Sud_Oise_Tourisme-9-1200x900.jpg 1200w, https:\/\/www.creilsudoise-tourisme.fr\/wp-content\/uploads\/2024\/08\/Musee_Bombardements-Saint_Maximin-Creil_Sud_Oise_Tourisme-9-600x450.jpg 600w, https:\/\/www.creilsudoise-tourisme.fr\/wp-content\/uploads\/2024\/08\/Musee_Bombardements-Saint_Maximin-Creil_Sud_Oise_Tourisme-9-900x675.jpg 900w, https:\/\/www.creilsudoise-tourisme.fr\/wp-content\/uploads\/2024\/08\/Musee_Bombardements-Saint_Maximin-Creil_Sud_Oise_Tourisme-9-16x12.jpg 16w, https:\/\/www.creilsudoise-tourisme.fr\/wp-content\/uploads\/2024\/08\/Musee_Bombardements-Saint_Maximin-Creil_Sud_Oise_Tourisme-9-200x150.jpg 200w, https:\/\/www.creilsudoise-tourisme.fr\/wp-content\/uploads\/2024\/08\/Musee_Bombardements-Saint_Maximin-Creil_Sud_Oise_Tourisme-9-650x488.jpg 650w, https:\/\/www.creilsudoise-tourisme.fr\/wp-content\/uploads\/2024\/08\/Musee_Bombardements-Saint_Maximin-Creil_Sud_Oise_Tourisme-9-387x290.jpg 387w, https:\/\/www.creilsudoise-tourisme.fr\/wp-content\/uploads\/2024\/08\/Musee_Bombardements-Saint_Maximin-Creil_Sud_Oise_Tourisme-9.jpg 1480w\" sizes=\"(max-width: 1200px) 100vw, 1200px\" \/><figcaption class=\"wp-element-caption\">Creil Sud Oise Tourisme<\/figcaption><\/figure>\n\n\n\n<figure class=\"wp-block-image size-large\"><img decoding=\"async\" loading=\"lazy\" width=\"1200\" height=\"900\" data-id=\"55275\"  data-src=\"https:\/\/www.creilsudoise-tourisme.fr\/wp-content\/uploads\/wpetourisme\/Musee-des-bombardements---CreilSudOise-Tourisme--2--1200x900.jpg\" alt=\"\" class=\"wp-image-55275\" data-srcset=\"https:\/\/www.creilsudoise-tourisme.fr\/wp-content\/uploads\/wpetourisme\/Musee-des-bombardements---CreilSudOise-Tourisme--2--1200x900.jpg 1200w, https:\/\/www.creilsudoise-tourisme.fr\/wp-content\/uploads\/wpetourisme\/Musee-des-bombardements---CreilSudOise-Tourisme--2--600x450.jpg 600w, https:\/\/www.creilsudoise-tourisme.fr\/wp-content\/uploads\/wpetourisme\/Musee-des-bombardements---CreilSudOise-Tourisme--2--900x675.jpg 900w, https:\/\/www.creilsudoise-tourisme.fr\/wp-content\/uploads\/wpetourisme\/Musee-des-bombardements---CreilSudOise-Tourisme--2--1536x1152.jpg 1536w, https:\/\/www.creilsudoise-tourisme.fr\/wp-content\/uploads\/wpetourisme\/Musee-des-bombardements---CreilSudOise-Tourisme--2--2048x1536.jpg 2048w, https:\/\/www.creilsudoise-tourisme.fr\/wp-content\/uploads\/wpetourisme\/Musee-des-bombardements---CreilSudOise-Tourisme--2--16x12.jpg 16w, https:\/\/www.creilsudoise-tourisme.fr\/wp-content\/uploads\/wpetourisme\/Musee-des-bombardements---CreilSudOise-Tourisme--2--200x150.jpg 200w, https:\/\/www.creilsudoise-tourisme.fr\/wp-content\/uploads\/wpetourisme\/Musee-des-bombardements---CreilSudOise-Tourisme--2--650x488.jpg 650w, https:\/\/www.creilsudoise-tourisme.fr\/wp-content\/uploads\/wpetourisme\/Musee-des-bombardements---CreilSudOise-Tourisme--2--387x290.jpg 387w\" sizes=\"(max-width: 1200px) 100vw, 1200px\" \/><\/figure>\n\n\n\n<figure class=\"wp-block-image size-large\"><img decoding=\"async\" loading=\"lazy\" width=\"1200\" height=\"675\" data-id=\"56235\"  data-src=\"https:\/\/www.creilsudoise-tourisme.fr\/wp-content\/uploads\/2024\/08\/Musee_Bombardements-Saint_Maximin-Creil_Sud_Oise_Tourisme-4-1200x675.jpg\" alt=\"Museum Bombardierungen V\u00f6gel Krieg Zweiter Weltkrieg Gro\u00dfer Krieg Erinnerung Erinnerung Gedenken F\u00fchrung Saint-Maximin\" class=\"wp-image-56235\" data-srcset=\"https:\/\/www.creilsudoise-tourisme.fr\/wp-content\/uploads\/2024\/08\/Musee_Bombardements-Saint_Maximin-Creil_Sud_Oise_Tourisme-4-1200x675.jpg 1200w, https:\/\/www.creilsudoise-tourisme.fr\/wp-content\/uploads\/2024\/08\/Musee_Bombardements-Saint_Maximin-Creil_Sud_Oise_Tourisme-4-600x338.jpg 600w, https:\/\/www.creilsudoise-tourisme.fr\/wp-content\/uploads\/2024\/08\/Musee_Bombardements-Saint_Maximin-Creil_Sud_Oise_Tourisme-4-900x507.jpg 900w, https:\/\/www.creilsudoise-tourisme.fr\/wp-content\/uploads\/2024\/08\/Musee_Bombardements-Saint_Maximin-Creil_Sud_Oise_Tourisme-4-18x10.jpg 18w, https:\/\/www.creilsudoise-tourisme.fr\/wp-content\/uploads\/2024\/08\/Musee_Bombardements-Saint_Maximin-Creil_Sud_Oise_Tourisme-4-200x113.jpg 200w, https:\/\/www.creilsudoise-tourisme.fr\/wp-content\/uploads\/2024\/08\/Musee_Bombardements-Saint_Maximin-Creil_Sud_Oise_Tourisme-4-650x366.jpg 650w, https:\/\/www.creilsudoise-tourisme.fr\/wp-content\/uploads\/2024\/08\/Musee_Bombardements-Saint_Maximin-Creil_Sud_Oise_Tourisme-4-387x218.jpg 387w, https:\/\/www.creilsudoise-tourisme.fr\/wp-content\/uploads\/2024\/08\/Musee_Bombardements-Saint_Maximin-Creil_Sud_Oise_Tourisme-4.jpg 1480w\" sizes=\"(max-width: 1200px) 100vw, 1200px\" \/><figcaption class=\"wp-element-caption\">Creil Sud Oise Tourisme<\/figcaption><\/figure>\n<\/figure>\n\n\n\n<h3>In Kontakt mit den Familien der Flieger<\/h3>\n\n\n\n<p>G\u00e9rard Lequien, ein unerm\u00fcdlicher Wanderer, sammelt Informationen, besucht Websites und beginnt, \u00fcber ihn zu sprechen. \"<em>\u00a0Im Mai 2006 <strong>ich habe einen Anruf aus England erhalten<\/strong>\u00a0: Ein Sammler hatte durch einen Zeitungsartikel von meiner T\u00e4tigkeit erfahren. Er hatte zu einer Gruppe ehemaliger Milit\u00e4rs geh\u00f6rt, die an der Geschichte der B17 von Airion arbeiteten, aber sie konnten den genauen Absturzort nicht ausfindig machen.<\/em>\"<\/p>\n\n\n\n<figure class=\"is-layout-flex wp-block-gallery-6 wp-block-gallery has-nested-images columns-default is-cropped\">\n<figure class=\"wp-block-image size-large\"><img decoding=\"async\" loading=\"lazy\" width=\"1200\" height=\"675\" data-id=\"50240\"  data-src=\"https:\/\/www.creilsudoise-tourisme.fr\/wp-content\/uploads\/wpetourisme\/Musee-des-bombardements-a-Saint-Maximin---Creil-Sud-Oise-Tourisme--5--1200x675.jpg\" alt=\"\" class=\"wp-image-50240\" data-srcset=\"https:\/\/www.creilsudoise-tourisme.fr\/wp-content\/uploads\/wpetourisme\/Musee-des-bombardements-a-Saint-Maximin---Creil-Sud-Oise-Tourisme--5--1200x675.jpg 1200w, https:\/\/www.creilsudoise-tourisme.fr\/wp-content\/uploads\/wpetourisme\/Musee-des-bombardements-a-Saint-Maximin---Creil-Sud-Oise-Tourisme--5--600x338.jpg 600w, https:\/\/www.creilsudoise-tourisme.fr\/wp-content\/uploads\/wpetourisme\/Musee-des-bombardements-a-Saint-Maximin---Creil-Sud-Oise-Tourisme--5--900x507.jpg 900w, https:\/\/www.creilsudoise-tourisme.fr\/wp-content\/uploads\/wpetourisme\/Musee-des-bombardements-a-Saint-Maximin---Creil-Sud-Oise-Tourisme--5--18x10.jpg 18w, https:\/\/www.creilsudoise-tourisme.fr\/wp-content\/uploads\/wpetourisme\/Musee-des-bombardements-a-Saint-Maximin---Creil-Sud-Oise-Tourisme--5--200x113.jpg 200w, https:\/\/www.creilsudoise-tourisme.fr\/wp-content\/uploads\/wpetourisme\/Musee-des-bombardements-a-Saint-Maximin---Creil-Sud-Oise-Tourisme--5--650x366.jpg 650w, https:\/\/www.creilsudoise-tourisme.fr\/wp-content\/uploads\/wpetourisme\/Musee-des-bombardements-a-Saint-Maximin---Creil-Sud-Oise-Tourisme--5--387x218.jpg 387w, https:\/\/www.creilsudoise-tourisme.fr\/wp-content\/uploads\/wpetourisme\/Musee-des-bombardements-a-Saint-Maximin---Creil-Sud-Oise-Tourisme--5-.jpg 1480w\" sizes=\"(max-width: 1200px) 100vw, 1200px\" \/><\/figure>\n\n\n\n<figure class=\"wp-block-image size-large\"><img decoding=\"async\" loading=\"lazy\" width=\"1200\" height=\"675\" data-id=\"50244\"  data-src=\"https:\/\/www.creilsudoise-tourisme.fr\/wp-content\/uploads\/wpetourisme\/Musee-des-bombardements-a-Saint-Maximin---Creil-Sud-Oise-Tourisme--1--1200x675.jpg\" alt=\"\" class=\"wp-image-50244\" data-srcset=\"https:\/\/www.creilsudoise-tourisme.fr\/wp-content\/uploads\/wpetourisme\/Musee-des-bombardements-a-Saint-Maximin---Creil-Sud-Oise-Tourisme--1--1200x675.jpg 1200w, https:\/\/www.creilsudoise-tourisme.fr\/wp-content\/uploads\/wpetourisme\/Musee-des-bombardements-a-Saint-Maximin---Creil-Sud-Oise-Tourisme--1--600x338.jpg 600w, https:\/\/www.creilsudoise-tourisme.fr\/wp-content\/uploads\/wpetourisme\/Musee-des-bombardements-a-Saint-Maximin---Creil-Sud-Oise-Tourisme--1--900x507.jpg 900w, https:\/\/www.creilsudoise-tourisme.fr\/wp-content\/uploads\/wpetourisme\/Musee-des-bombardements-a-Saint-Maximin---Creil-Sud-Oise-Tourisme--1--18x10.jpg 18w, https:\/\/www.creilsudoise-tourisme.fr\/wp-content\/uploads\/wpetourisme\/Musee-des-bombardements-a-Saint-Maximin---Creil-Sud-Oise-Tourisme--1--200x113.jpg 200w, https:\/\/www.creilsudoise-tourisme.fr\/wp-content\/uploads\/wpetourisme\/Musee-des-bombardements-a-Saint-Maximin---Creil-Sud-Oise-Tourisme--1--650x366.jpg 650w, https:\/\/www.creilsudoise-tourisme.fr\/wp-content\/uploads\/wpetourisme\/Musee-des-bombardements-a-Saint-Maximin---Creil-Sud-Oise-Tourisme--1--387x218.jpg 387w, https:\/\/www.creilsudoise-tourisme.fr\/wp-content\/uploads\/wpetourisme\/Musee-des-bombardements-a-Saint-Maximin---Creil-Sud-Oise-Tourisme--1-.jpg 1480w\" sizes=\"(max-width: 1200px) 100vw, 1200px\" \/><\/figure>\n\n\n\n<figure class=\"wp-block-image size-large\"><img decoding=\"async\" loading=\"lazy\" width=\"674\" height=\"1200\" data-id=\"56239\"  data-src=\"https:\/\/www.creilsudoise-tourisme.fr\/wp-content\/uploads\/2024\/08\/Musee_Bombardements-Saint_Maximin-Creil_Sud_Oise_Tourisme-43-674x1200.jpg\" alt=\"Museum Bombardierungen V\u00f6gel Krieg Zweiter Weltkrieg Gro\u00dfer Krieg Erinnerung Erinnerung Gedenken F\u00fchrung Saint-Maximin\" class=\"wp-image-56239\" data-srcset=\"https:\/\/www.creilsudoise-tourisme.fr\/wp-content\/uploads\/2024\/08\/Musee_Bombardements-Saint_Maximin-Creil_Sud_Oise_Tourisme-43-674x1200.jpg 674w, https:\/\/www.creilsudoise-tourisme.fr\/wp-content\/uploads\/2024\/08\/Musee_Bombardements-Saint_Maximin-Creil_Sud_Oise_Tourisme-43-337x600.jpg 337w, https:\/\/www.creilsudoise-tourisme.fr\/wp-content\/uploads\/2024\/08\/Musee_Bombardements-Saint_Maximin-Creil_Sud_Oise_Tourisme-43-505x900.jpg 505w, https:\/\/www.creilsudoise-tourisme.fr\/wp-content\/uploads\/2024\/08\/Musee_Bombardements-Saint_Maximin-Creil_Sud_Oise_Tourisme-43-7x12.jpg 7w, https:\/\/www.creilsudoise-tourisme.fr\/wp-content\/uploads\/2024\/08\/Musee_Bombardements-Saint_Maximin-Creil_Sud_Oise_Tourisme-43-200x356.jpg 200w, https:\/\/www.creilsudoise-tourisme.fr\/wp-content\/uploads\/2024\/08\/Musee_Bombardements-Saint_Maximin-Creil_Sud_Oise_Tourisme-43-650x1158.jpg 650w, https:\/\/www.creilsudoise-tourisme.fr\/wp-content\/uploads\/2024\/08\/Musee_Bombardements-Saint_Maximin-Creil_Sud_Oise_Tourisme-43-387x689.jpg 387w, https:\/\/www.creilsudoise-tourisme.fr\/wp-content\/uploads\/2024\/08\/Musee_Bombardements-Saint_Maximin-Creil_Sud_Oise_Tourisme-43.jpg 831w\" sizes=\"(max-width: 674px) 100vw, 674px\" \/><figcaption class=\"wp-element-caption\">Creil Sud Oise Tourisme<\/figcaption><\/figure>\n<\/figure>\n\n\n\n<p>Im Einsatz f\u00fcr die Erinnerungspflicht <strong>G\u00e9rard Lequien erweiterte seine Arbeit ab 1970, indem er Familien in den USA kontaktierte \".<em>\u00a0ohne Englisch zu sprechen\u00a0<\/em>\"<\/strong>.\", lacht er. Im Laufe der Jahre<strong> seine Garage f\u00fcllt sich mit Hunderten von Gegenst\u00e4nden, die sich auf den Zweiten Weltkrieg beziehen<\/strong>. Bis hin zu einem Jeep und einem Dodge Krankenwagen! \"\u00a0<em>11 Jahre lang <strong>ich habe in der Normandie Versammlungen von alten Milit\u00e4rfahrzeugen geplant<\/strong>, <\/em>offenbart er. <em>J<strong>Ich habe an B\u00fcchern wie dem \u00fcber die 500 Flugzeuge, die in der Oise abgest\u00fcrzt sind, mitgearbeitet.<\/strong>, <strong>ich lernte Besatzungsmitglieder und Familien kennen<\/strong> die ich zu den Absturzstellen mitnahm. Ich gab ihnen Flugzeugteile, wenn sie wieder zur\u00fcckgingen. <strong>Ich bin sogar nach Polen gereist, um mich mit Milit\u00e4rs zu treffen.<\/strong><\/em>\u00a0\"<\/p>\n\n\n\n<h2>Seine Sammlung ausstellen<\/h2>\n\n\n\n<p>Allerdings ist der zwanghafte Sammler, der unerm\u00fcdlich gegen das Vergessen k\u00e4mpft <strong>macht sich Sorgen um die Zukunft seiner Funde und den Fortbestand seiner jahrelangen Ermittlungen.<\/strong> \"\u00a0<em>Er versteht, dass meine beiden T\u00f6chter nicht die gleiche Leidenschaft hegen wie ich. Also habe ich mich mit einem Dutzend Gemeinden in Verbindung gesetzt, in denen Flugzeuge abgest\u00fcrzt waren, aber nicht zur\u00fcckkehrten.<\/em>\u00a0\"Im Jahr 2014 wird er gewarnt, dass die <a href=\"https:\/\/www.creilsudoise-tourisme.fr\/de\/patrimoine\/steinhaus-3\/\" target=\"_blank\" rel=\"noreferrer noopener\">Steinhaus<\/a> in Saint-Maximin, einer Stadt, die 1944 zu 95 % dem Erdboden gleichgemacht wurde, einen Raum er\u00f6ffnet, der den Bombenangriffen w\u00e4hrend des Krieges gewidmet ist. Vor Ort erkl\u00e4rt er seinen Wunsch, dass alles, was er gesammelt hat, aufbewahrt wird. \"<em> <\/em><strong><em>Zwei Tage sp\u00e4ter lud mich die Stadtverwaltung ein, einen ungenutzten Gemeinderaum zu besetzen<\/em> <\/strong>\", erinnert er sich.<\/p>\n\n\n\n<figure class=\"wp-block-image alignwide size-large\"><img decoding=\"async\" loading=\"lazy\" width=\"1200\" height=\"403\" data-src=\"https:\/\/www.creilsudoise-tourisme.fr\/wp-content\/uploads\/wpetourisme\/Musee-des-bombardements-a-Saint-Maximin---Creil-Sud-Oise-Tourisme--7--1200x403.jpg\" alt=\"\" class=\"wp-image-50241\" data-srcset=\"https:\/\/www.creilsudoise-tourisme.fr\/wp-content\/uploads\/wpetourisme\/Musee-des-bombardements-a-Saint-Maximin---Creil-Sud-Oise-Tourisme--7--1200x403.jpg 1200w, https:\/\/www.creilsudoise-tourisme.fr\/wp-content\/uploads\/wpetourisme\/Musee-des-bombardements-a-Saint-Maximin---Creil-Sud-Oise-Tourisme--7--600x201.jpg 600w, https:\/\/www.creilsudoise-tourisme.fr\/wp-content\/uploads\/wpetourisme\/Musee-des-bombardements-a-Saint-Maximin---Creil-Sud-Oise-Tourisme--7--900x302.jpg 900w, https:\/\/www.creilsudoise-tourisme.fr\/wp-content\/uploads\/wpetourisme\/Musee-des-bombardements-a-Saint-Maximin---Creil-Sud-Oise-Tourisme--7--18x6.jpg 18w, https:\/\/www.creilsudoise-tourisme.fr\/wp-content\/uploads\/wpetourisme\/Musee-des-bombardements-a-Saint-Maximin---Creil-Sud-Oise-Tourisme--7--200x67.jpg 200w, https:\/\/www.creilsudoise-tourisme.fr\/wp-content\/uploads\/wpetourisme\/Musee-des-bombardements-a-Saint-Maximin---Creil-Sud-Oise-Tourisme--7--650x218.jpg 650w, https:\/\/www.creilsudoise-tourisme.fr\/wp-content\/uploads\/wpetourisme\/Musee-des-bombardements-a-Saint-Maximin---Creil-Sud-Oise-Tourisme--7--387x130.jpg 387w, https:\/\/www.creilsudoise-tourisme.fr\/wp-content\/uploads\/wpetourisme\/Musee-des-bombardements-a-Saint-Maximin---Creil-Sud-Oise-Tourisme--7-.JPG 1480w\" sizes=\"(max-width: 1200px) 100vw, 1200px\" \/><\/figure>\n\n\n\n<h3>Und das Museum war geboren!<\/h3>\n\n\n\n<p>\"\u00a0<em>Als Gerard sich meldete, gingen wir zu seinem Haus, um zu sehen, was er zur Verf\u00fcgung hatte. <strong>Wir waren erschrocken \u00fcber die Menge an Gegenst\u00e4nden: Drei Lastwagen waren n\u00f6tig, um seine Garage auszur\u00e4umen! <\/strong><\/em>\"Daniel Derniame, ein Abgeordneter aus Saint-Maximin, der Vorsitzender des sofort gegr\u00fcndeten Vereins Mus\u00e9e des Bombardements wurde, erinnert sich. In den zwei R\u00e4umen im Untergeschoss eines Geb\u00e4udes aus dem Jahr 1883, das w\u00e4hrend des Krieges als Schutzraum diente, wird alles untergebracht: das Alltagsleben der Soldaten wird mit dem Alltag der Zivilisten vereint. Die R\u00e4umlichkeiten wurden im Dezember 2016 der \u00d6ffentlichkeit zug\u00e4nglich gemacht. \"\u00a0<em>Ich stelle aus <strong>Treibstofftanks von Flugzeugen, die wir als Kinder in Boote verwandelten <\/strong>oder sternf\u00f6rmige Metallteile, die ich schmieden musste und von denen ich nicht wusste, dass sie dazu bestimmt waren, die Reifen von deutschen Fahrzeugen zu zerstechen<\/em>\u00a0\", erinnert sich G\u00e9rard Lequien, der die Flugzeugwracks in aufgeschnittenen Kanistern katalogisierte.<\/p>\n\n\n\n<h3>Freiwillige sichern die Besuche im Museum<\/h3>\n\n\n\n<p>Um den Betrieb des Museums zu gew\u00e4hrleisten, z\u00e4hlt der Verein auf <strong>etwa 30 Freiwillige<\/strong>. Der Besuch ist in verschiedene Bereiche unterteilt, <strong>der Widerstand, die Amerikaner, die Engl\u00e4nder, die Deutschen, Saint-Maximin und sogar der Gro\u00dfe Krieg von 14-18<\/strong> dank der Spenden von Privatpersonen. \"\u00a0<em>Wir haben einen Antrag gestellt, damit ein Lastenaufzug es Menschen mit eingeschr\u00e4nkter Mobilit\u00e4t erm\u00f6glicht, in den Keller zu gelangen, <\/em>gesteht Daniel Derniame. <em>Dies w\u00fcrde von der Stadt und aus EU-Mitteln subventioniert werden. Gleichzeitig w\u00fcrden wir die Inszenierung mit einem neuen Layout und einer passenderen Beleuchtung ver\u00e4ndern.<\/em>\u00a0\"Das reicht, um tausend Besucher pro Jahr anzuvisieren.<\/p>\n\n\n\n<figure class=\"is-layout-flex wp-block-gallery-8 wp-block-gallery has-nested-images columns-default is-cropped\">\n<figure class=\"wp-block-image size-large\"><img decoding=\"async\" loading=\"lazy\" width=\"1200\" height=\"698\" data-id=\"56283\"  data-src=\"https:\/\/www.creilsudoise-tourisme.fr\/wp-content\/uploads\/2024\/08\/2023-07-12-Saint-Maximin-Gerard-Lequien-musee-des-bombardements-IMG_5838-1200x698.jpg\" alt=\"Museum Bombardierungen V\u00f6gel Krieg Zweiter Weltkrieg Gro\u00dfer Krieg Erinnerung Erinnerung Gedenken F\u00fchrung Saint-Maximin\" class=\"wp-image-56283\" data-srcset=\"https:\/\/www.creilsudoise-tourisme.fr\/wp-content\/uploads\/2024\/08\/2023-07-12-Saint-Maximin-Gerard-Lequien-musee-des-bombardements-IMG_5838-1200x698.jpg 1200w, https:\/\/www.creilsudoise-tourisme.fr\/wp-content\/uploads\/2024\/08\/2023-07-12-Saint-Maximin-Gerard-Lequien-musee-des-bombardements-IMG_5838-600x349.jpg 600w, https:\/\/www.creilsudoise-tourisme.fr\/wp-content\/uploads\/2024\/08\/2023-07-12-Saint-Maximin-Gerard-Lequien-musee-des-bombardements-IMG_5838-900x524.jpg 900w, https:\/\/www.creilsudoise-tourisme.fr\/wp-content\/uploads\/2024\/08\/2023-07-12-Saint-Maximin-Gerard-Lequien-musee-des-bombardements-IMG_5838-18x10.jpg 18w, https:\/\/www.creilsudoise-tourisme.fr\/wp-content\/uploads\/2024\/08\/2023-07-12-Saint-Maximin-Gerard-Lequien-musee-des-bombardements-IMG_5838-200x116.jpg 200w, https:\/\/www.creilsudoise-tourisme.fr\/wp-content\/uploads\/2024\/08\/2023-07-12-Saint-Maximin-Gerard-Lequien-musee-des-bombardements-IMG_5838-650x378.jpg 650w, https:\/\/www.creilsudoise-tourisme.fr\/wp-content\/uploads\/2024\/08\/2023-07-12-Saint-Maximin-Gerard-Lequien-musee-des-bombardements-IMG_5838-387x225.jpg 387w, https:\/\/www.creilsudoise-tourisme.fr\/wp-content\/uploads\/2024\/08\/2023-07-12-Saint-Maximin-Gerard-Lequien-musee-des-bombardements-IMG_5838.jpg 1480w\" sizes=\"(max-width: 1200px) 100vw, 1200px\" \/><figcaption class=\"wp-element-caption\">Fred Noury<\/figcaption><\/figure>\n\n\n\n<figure class=\"wp-block-image size-large\"><img decoding=\"async\" loading=\"lazy\" width=\"1200\" height=\"900\" data-id=\"56241\"  data-src=\"https:\/\/www.creilsudoise-tourisme.fr\/wp-content\/uploads\/2024\/08\/Musee_Bombardements-Saint_Maximin-Creil_Sud_Oise_Tourisme-78-1200x900.jpg\" alt=\"Museum Bombardierungen V\u00f6gel Krieg Zweiter Weltkrieg Gro\u00dfer Krieg Erinnerung Erinnerung Gedenken F\u00fchrung Saint-Maximin\" class=\"wp-image-56241\" data-srcset=\"https:\/\/www.creilsudoise-tourisme.fr\/wp-content\/uploads\/2024\/08\/Musee_Bombardements-Saint_Maximin-Creil_Sud_Oise_Tourisme-78-1200x900.jpg 1200w, https:\/\/www.creilsudoise-tourisme.fr\/wp-content\/uploads\/2024\/08\/Musee_Bombardements-Saint_Maximin-Creil_Sud_Oise_Tourisme-78-600x450.jpg 600w, https:\/\/www.creilsudoise-tourisme.fr\/wp-content\/uploads\/2024\/08\/Musee_Bombardements-Saint_Maximin-Creil_Sud_Oise_Tourisme-78-900x675.jpg 900w, https:\/\/www.creilsudoise-tourisme.fr\/wp-content\/uploads\/2024\/08\/Musee_Bombardements-Saint_Maximin-Creil_Sud_Oise_Tourisme-78-16x12.jpg 16w, https:\/\/www.creilsudoise-tourisme.fr\/wp-content\/uploads\/2024\/08\/Musee_Bombardements-Saint_Maximin-Creil_Sud_Oise_Tourisme-78-200x150.jpg 200w, https:\/\/www.creilsudoise-tourisme.fr\/wp-content\/uploads\/2024\/08\/Musee_Bombardements-Saint_Maximin-Creil_Sud_Oise_Tourisme-78-650x488.jpg 650w, https:\/\/www.creilsudoise-tourisme.fr\/wp-content\/uploads\/2024\/08\/Musee_Bombardements-Saint_Maximin-Creil_Sud_Oise_Tourisme-78-387x290.jpg 387w, https:\/\/www.creilsudoise-tourisme.fr\/wp-content\/uploads\/2024\/08\/Musee_Bombardements-Saint_Maximin-Creil_Sud_Oise_Tourisme-78.jpg 1480w\" sizes=\"(max-width: 1200px) 100vw, 1200px\" \/><figcaption class=\"wp-element-caption\">Creil Sud Oise Tourisme<\/figcaption><\/figure>\n\n\n\n<figure class=\"wp-block-image size-large\"><img decoding=\"async\" loading=\"lazy\" width=\"1200\" height=\"900\" data-id=\"56236\"  data-src=\"https:\/\/www.creilsudoise-tourisme.fr\/wp-content\/uploads\/2024\/08\/Musee_Bombardements-Saint_Maximin-Creil_Sud_Oise_Tourisme-8-1200x900.jpg\" alt=\"Museum Bombardierungen V\u00f6gel Krieg Zweiter Weltkrieg Gro\u00dfer Krieg Erinnerung Erinnerung Gedenken F\u00fchrung Saint-Maximin\" class=\"wp-image-56236\" data-srcset=\"https:\/\/www.creilsudoise-tourisme.fr\/wp-content\/uploads\/2024\/08\/Musee_Bombardements-Saint_Maximin-Creil_Sud_Oise_Tourisme-8-1200x900.jpg 1200w, https:\/\/www.creilsudoise-tourisme.fr\/wp-content\/uploads\/2024\/08\/Musee_Bombardements-Saint_Maximin-Creil_Sud_Oise_Tourisme-8-600x450.jpg 600w, https:\/\/www.creilsudoise-tourisme.fr\/wp-content\/uploads\/2024\/08\/Musee_Bombardements-Saint_Maximin-Creil_Sud_Oise_Tourisme-8-900x675.jpg 900w, https:\/\/www.creilsudoise-tourisme.fr\/wp-content\/uploads\/2024\/08\/Musee_Bombardements-Saint_Maximin-Creil_Sud_Oise_Tourisme-8-16x12.jpg 16w, https:\/\/www.creilsudoise-tourisme.fr\/wp-content\/uploads\/2024\/08\/Musee_Bombardements-Saint_Maximin-Creil_Sud_Oise_Tourisme-8-200x150.jpg 200w, https:\/\/www.creilsudoise-tourisme.fr\/wp-content\/uploads\/2024\/08\/Musee_Bombardements-Saint_Maximin-Creil_Sud_Oise_Tourisme-8-650x488.jpg 650w, https:\/\/www.creilsudoise-tourisme.fr\/wp-content\/uploads\/2024\/08\/Musee_Bombardements-Saint_Maximin-Creil_Sud_Oise_Tourisme-8-387x290.jpg 387w, https:\/\/www.creilsudoise-tourisme.fr\/wp-content\/uploads\/2024\/08\/Musee_Bombardements-Saint_Maximin-Creil_Sud_Oise_Tourisme-8.jpg 1480w\" sizes=\"(max-width: 1200px) 100vw, 1200px\" \/><figcaption class=\"wp-element-caption\">Creil Sud Oise Tourisme<\/figcaption><\/figure>\n\n\n\n<figure class=\"wp-block-image size-large\"><img decoding=\"async\" loading=\"lazy\" width=\"900\" height=\"1200\" data-id=\"55276\"  data-src=\"https:\/\/www.creilsudoise-tourisme.fr\/wp-content\/uploads\/wpetourisme\/Musee-des-bombardements-Saint-Maximin-PHOTOS-c-OT-CSO--2--900x1200.jpg\" alt=\"\" class=\"wp-image-55276\" data-srcset=\"https:\/\/www.creilsudoise-tourisme.fr\/wp-content\/uploads\/wpetourisme\/Musee-des-bombardements-Saint-Maximin-PHOTOS-c-OT-CSO--2--900x1200.jpg 900w, https:\/\/www.creilsudoise-tourisme.fr\/wp-content\/uploads\/wpetourisme\/Musee-des-bombardements-Saint-Maximin-PHOTOS-c-OT-CSO--2--450x600.jpg 450w, https:\/\/www.creilsudoise-tourisme.fr\/wp-content\/uploads\/wpetourisme\/Musee-des-bombardements-Saint-Maximin-PHOTOS-c-OT-CSO--2--675x900.jpg 675w, https:\/\/www.creilsudoise-tourisme.fr\/wp-content\/uploads\/wpetourisme\/Musee-des-bombardements-Saint-Maximin-PHOTOS-c-OT-CSO--2--1152x1536.jpg 1152w, https:\/\/www.creilsudoise-tourisme.fr\/wp-content\/uploads\/wpetourisme\/Musee-des-bombardements-Saint-Maximin-PHOTOS-c-OT-CSO--2--1536x2048.jpg 1536w, https:\/\/www.creilsudoise-tourisme.fr\/wp-content\/uploads\/wpetourisme\/Musee-des-bombardements-Saint-Maximin-PHOTOS-c-OT-CSO--2--9x12.jpg 9w, https:\/\/www.creilsudoise-tourisme.fr\/wp-content\/uploads\/wpetourisme\/Musee-des-bombardements-Saint-Maximin-PHOTOS-c-OT-CSO--2--200x267.jpg 200w, https:\/\/www.creilsudoise-tourisme.fr\/wp-content\/uploads\/wpetourisme\/Musee-des-bombardements-Saint-Maximin-PHOTOS-c-OT-CSO--2--650x867.jpg 650w, https:\/\/www.creilsudoise-tourisme.fr\/wp-content\/uploads\/wpetourisme\/Musee-des-bombardements-Saint-Maximin-PHOTOS-c-OT-CSO--2--387x516.jpg 387w, https:\/\/www.creilsudoise-tourisme.fr\/wp-content\/uploads\/wpetourisme\/Musee-des-bombardements-Saint-Maximin-PHOTOS-c-OT-CSO--2--scaled.jpg 1920w\" sizes=\"(max-width: 900px) 100vw, 900px\" \/><\/figure>\n<\/figure>\n\n\n\n<p>\"\u00a0<em><strong>Ich bin beruhigt, dass alles, was ich in meinem Leben gesammelt habe, der \u00d6ffentlichkeit zur Verf\u00fcgung gestellt wird<\/strong>, <\/em>schlie\u00dft G\u00e9rard Lequien, dessen Jovialit\u00e4t nur von seiner Bescheidenheit \u00fcbertroffen wird. <em>Denn ein Amerikaner hat mir einmal angeboten, mir alle meine St\u00fccke abzukaufen, aber ich habe abgelehnt.<\/em>\u00a0\" Zum Gl\u00fcck f\u00fcr die Bereicherung unseres kollektiven Ged\u00e4chtnisses.<\/p>\n\n\n\n<div class=\"is-layout-flex wp-container-10 wp-block-columns\"><\/div>\n\n\n\n<div class=\"is-layout-flex wp-container-14 wp-block-columns\">\n<div class=\"is-layout-flow wp-block-column\" style=\"flex-basis:25%\"><\/div>\n\n\n\n<div class=\"is-layout-flow wp-block-column is-vertically-aligned-center\" style=\"flex-basis:50%\">\n<p><strong>Fr\u00e9d\u00e9ric Noury<\/strong> &#8211; <a href=\"https:\/\/fredcom.info\/\" target=\"_blank\" rel=\"noreferrer noopener\">FredCom<\/a><\/p>\n<\/div>\n\n\n\n<div class=\"is-layout-flow wp-block-column\" style=\"flex-basis:25%\"><\/div>\n<\/div>\n\n\n\n<hr class=\"wp-block-separator has-alpha-channel-opacity\"\/>\n\n\n\n\n\n<hr class=\"wp-block-separator has-alpha-channel-opacity\"\/>\n\n\n\n<div class=\"wp-block wp-block-single-sit wp-block-single-sit-coordonnees\" >\n\n            <h2>Zugang<\/h2>\n    \n    <div class=\"wp-block-media-text is-stacked-on-mobile\">\n\n        <div class=\"wp-block-media-text__media wpet-map-detail\" style=\"width:100%; height: 100%;\">\n            <div class=\"wp-block-media-text__media__content\" id=\"wpetSingleSitMap\" data-wpet-type-map=\"leaflet\" ><\/div>\n        <\/div>\n\n        <div class=\"wp-block-media-text__content\">\n\n                            <p class=\"wp-block-coordonnees__status wp-block-coordonnees__status--close\">\n                    Geschlossen                <\/p>\n            \n            <p class=\"wp-block-media-text__content__address\">\n                                    <strong>Museum der Bombardierungen<\/strong><br \/>\n                \n                                    Quartier de l'Economat<br \/>\n                \n                                    <span>60740<\/span>\n                    <span>SAINT-MAXIMIN<\/span><br \/>\n                            <\/p>\n\n                                                <p class=\"wp-block-media-text__content__phone\"><a data-type=\"TEL\" href=\"tel: 33 3 44 61 18 40\">+33 3 44 61 18 40<\/a><\/p>\n                            \n            <a href=\"https:\/\/www.google.fr\/maps?saddr&#038;daddr=49.2177984,2.4527266\" target=\"_blank\" class=\"button GtmButtonCalculItinerairePrestataire\" rel=\"noopener noreferrer\">Meine Route berechnen<\/a>\n        <\/div>\n    <\/div>\n<\/div>\n\n\n    <div class=\"wp-block wp-block-single-sit wp-block-single-sit-ouvertures\" id=\"opening\">\n\n                    <h2>Er\u00f6ffnung<\/h2>\n        \n        \t<div class=\"wpetTableList\" >\n                <div data-id=\"wpet-table-slider-wrapper\">\n\t\t    \t\t\t\t\t\t<div class=\"wpetTableContainer\" >\n\t\t\t\t<table class=\"wpetTable wpTable--opening\">\n\t\t\t\t\t<thead class=\"wpetTableHeader\">\n\t\t\t\t\t<tr>\n\t\t\t\t\t\t<td colspan=\"2\">\n\t\t\t\t\t\t\t\t\t\t\t\t\t\t\tVom 01 Januar bis 31 Dezember\t\t\t\t\t\t\t\t\t\t\t\t\t<\/td>\n\t\t\t\t\t<\/tr>\n\t\t\t\t\t<\/thead>\n\t\t\t\t\t\t\t\t\t\t\t\t\t\t\t\t\t\t<tr class=\"wpetTableLine\">\n\t\t\t\t\t\t\t\t<td class=\"wpetTableCell\">Montag<\/td>\n\t\t\t\t\t\t\t\t<td class=\"wpetTableCell\">Geschlossen<\/td>\n\t\t\t\t\t\t\t<\/tr>\n\t\t\t\t\t\t\t\t\t\t\t\t\t\t\t\t\t\t\t\t\t\t\t\t<tr class=\"wpetTableLine\">\n\t\t\t\t\t\t\t\t<td class=\"wpetTableCell\">Dienstag<\/td>\n\t\t\t\t\t\t\t\t<td class=\"wpetTableCell\">Geschlossen<\/td>\n\t\t\t\t\t\t\t<\/tr>\n\t\t\t\t\t\t\t\t\t\t\t\t\t\t\t\t\t\t\t\t\t\t\t\t<tr class=\"wpetTableLine\">\n\t\t\t\t\t\t\t\t<td class=\"wpetTableCell\">Mittwoch<\/td>\n\t\t\t\t\t\t\t\t<td class=\"wpetTableCell\">Ge\u00f6ffnet von 14h bis 18h<\/td>\n\t\t\t\t\t\t\t<\/tr>\n\t\t\t\t\t\t\t\t\t\t\t\t\t\t\t\t\t\t\t\t\t\t\t\t<tr class=\"wpetTableLine\">\n\t\t\t\t\t\t\t\t<td class=\"wpetTableCell\">Donnerstag<\/td>\n\t\t\t\t\t\t\t\t<td class=\"wpetTableCell\">Geschlossen<\/td>\n\t\t\t\t\t\t\t<\/tr>\n\t\t\t\t\t\t\t\t\t\t\t\t\t\t\t\t\t\t\t\t\t\t\t\t<tr class=\"wpetTableLine\">\n\t\t\t\t\t\t\t\t<td class=\"wpetTableCell\">Freitag<\/td>\n\t\t\t\t\t\t\t\t<td class=\"wpetTableCell\">Geschlossen<\/td>\n\t\t\t\t\t\t\t<\/tr>\n\t\t\t\t\t\t\t\t\t\t\t\t\t\t\t\t\t\t\t\t\t\t\t\t<tr class=\"wpetTableLine\">\n\t\t\t\t\t\t\t\t<td class=\"wpetTableCell\">Samstag<\/td>\n\t\t\t\t\t\t\t\t<td class=\"wpetTableCell\">Ge\u00f6ffnet von 14h bis 18h<\/td>\n\t\t\t\t\t\t\t<\/tr>\n\t\t\t\t\t\t\t\t\t\t\t\t\t\t\t\t\t\t\t\t\t\t\t\t<tr class=\"wpetTableLine\">\n\t\t\t\t\t\t\t\t<td class=\"wpetTableCell\">Sonntag<\/td>\n\t\t\t\t\t\t\t\t<td class=\"wpetTableCell\">Ge\u00f6ffnet von 14h bis 18h<\/td>\n\t\t\t\t\t\t\t<\/tr>\n\t\t\t\t\t\t\t\t\t\t\t\t\t\t\t<\/table>\n\t\t\t<\/div>\n\t\t        <\/div>\n\t<\/div>\n\n    <\/div>\n\n\n\n    <div class=\"wp-block wp-block-single-sit wp-block-single-sit-tarifs\">\n\n                    <h2>Tarife<\/h2>\n        \n        \n    <table class=\"wpetTable\">\n                    <tr class=\"wpetTableLine\">\n                <td class=\"wpetTableCell\">\n                    Erwachsenentarif                                    <\/td>\n                <td class=\"wpetTableCell\">4 \u20ac<\/td>\n            <\/tr>\n                    <tr class=\"wpetTableLine\">\n                <td class=\"wpetTableCell\">\n                    Erm\u00e4\u00dfigter Tarif Erwachsene                                            <span class=\"wpetTableCell--complement entryMeta\">Agglo-Pass und Gruppen<\/span>\n                                    <\/td>\n                <td class=\"wpetTableCell\">3,50 \u20ac<\/td>\n            <\/tr>\n                    <tr class=\"wpetTableLine\">\n                <td class=\"wpetTableCell\">\n                    Erm\u00e4\u00dfigter Tarif Kind                                            <span class=\"wpetTableCell--complement entryMeta\">Agglo-Pass und Gruppen<\/span>\n                                    <\/td>\n                <td class=\"wpetTableCell\">2 \u20ac<\/td>\n            <\/tr>\n                    <tr class=\"wpetTableLine\">\n                <td class=\"wpetTableCell\">\n                    Kindertarif                                    <\/td>\n                <td class=\"wpetTableCell\">2,50 \u20ac<\/td>\n            <\/tr>\n            <\/table>\n\n\n    \n    \n    \n    \n    <\/div>\n\n\n\n\n<hr class=\"wp-block-separator has-alpha-channel-opacity\"\/>\n\n\n<div class=\"wp-block wp-block-highlight\">\n            <h3 class=\"wp-block-highlight-item wp-block-highlight-title\">Lust, mehr zu erfahren?<\/h3>\n                <p class=\"wp-block-highlight-item wp-block-highlight-excerpt\">Diese sch\u00f6ne Reportage wurde anl\u00e4sslich der Ver\u00f6ffentlichung des gesamten<strong> erstes Destinationsmagazin von Creil Sud Oise Tourisme<\/strong>.<br>Im Inneren, von n<strong>ombreux autres articles<\/strong> nehmen Sie mit auf eine Reise zu <strong>lokale Figuren<\/strong> und bieten <strong>Ausgehideen!<\/strong><br><strong>Bestellen Sie<\/strong> le, um es bei seiner Papierausgabe zu erhalten!<br><strong><a href=\"https:\/\/www.creilsudoise-tourisme.fr\/de\/praxis\/broschuren\/\" target=\"_blank\" rel=\"noreferrer noopener\">Hier, um es zu bestellen<\/a><\/strong><\/p>\n    <\/div>","protected":false},"excerpt":{"rendered":"<p>Der Absturz eines alliierten Bombers am 6. September 1943 \u00fcber seinem Dorf Airion, als er erst 13 Jahre alt war, war f\u00fcr G\u00e9rard Lequien ein entscheidender Moment in seinem Leben. In den folgenden 80 Jahren stellte er Nachforschungen an, nahm Kontakt zu Fliegern und Familien auf und sammelte Wrackteile, Gegenst\u00e4nde und Dokumente, die mit einem Teil der 500 abgest\u00fcrzten Milit\u00e4rflugzeuge in Verbindung standen [...].<\/p>","protected":false},"author":3,"featured_media":56275,"comment_status":"closed","ping_status":"closed","sticky":false,"template":"","format":"standard","meta":{"_relevanssi_hide_post":"","_relevanssi_hide_content":"","_relevanssi_pin_for_all":"","_relevanssi_pin_keywords":"","_relevanssi_unpin_keywords":"","_relevanssi_related_keywords":"","_relevanssi_related_include_ids":"","_relevanssi_related_exclude_ids":"","_relevanssi_related_no_append":"","_relevanssi_related_not_related":"","_relevanssi_related_posts":"52391,43994,39613,41684,38705,40204","_relevanssi_noindex_reason":""},"categories":[10],"tags":[],"yoast_head":"<!-- This site is optimized with the Yoast SEO plugin v20.2.1 - https:\/\/yoast.com\/wordpress\/plugins\/seo\/ -->\n<title>La m\u00e9moire de la guerre a\u00e9rienne<\/title>\n<meta name=\"description\" content=\"Rencontre avec G\u00e9rard Lequien, qui a assist\u00e9 \u00e0 un crash a\u00e9rien durant la 2nd Guerre mondiale et a cr\u00e9\u00e9 le Mus\u00e9e des Bombardements\" \/>\n<meta name=\"robots\" content=\"index, follow, max-snippet:-1, max-image-preview:large, max-video-preview:-1\" \/>\n<link rel=\"canonical\" href=\"https:\/\/www.creilsudoise-tourisme.fr\/de\/2024\/10\/22\/gerard-lequien\/\" \/>\n<meta property=\"og:locale\" content=\"de_DE\" \/>\n<meta property=\"og:type\" content=\"article\" \/>\n<meta property=\"og:title\" content=\"La m\u00e9moire de la guerre a\u00e9rienne\" \/>\n<meta property=\"og:description\" content=\"Rencontre avec G\u00e9rard Lequien, qui a assist\u00e9 \u00e0 un crash a\u00e9rien durant la 2nd Guerre mondiale et a cr\u00e9\u00e9 le Mus\u00e9e des Bombardements\" \/>\n<meta property=\"og:url\" content=\"https:\/\/www.creilsudoise-tourisme.fr\/de\/2024\/10\/22\/gerard-lequien\/\" \/>\n<meta property=\"og:site_name\" content=\"Office de Tourisme Creil Sud Oise\" \/>\n<meta property=\"article:publisher\" content=\"https:\/\/www.facebook.com\/creilsudoisetourisme\/\" \/>\n<meta property=\"article:published_time\" content=\"2024-10-22T08:21:00+00:00\" \/>\n<meta property=\"article:modified_time\" content=\"2024-08-21T15:21:58+00:00\" \/>\n<meta property=\"og:image\" content=\"https:\/\/www.creilsudoise-tourisme.fr\/wp-content\/uploads\/2024\/08\/2023-07-12-Saint-Maximin-Gerard-Lequien-musee-des-bombardements-IMG_5813.jpg\" \/>\n\t<meta property=\"og:image:width\" content=\"1440\" \/>\n\t<meta property=\"og:image:height\" content=\"1920\" \/>\n\t<meta property=\"og:image:type\" content=\"image\/jpeg\" \/>\n<meta name=\"author\" content=\"fdubut\" \/>\n<meta name=\"twitter:card\" content=\"summary_large_image\" \/>\n<meta name=\"twitter:creator\" content=\"@CreilSudOiseOT\" \/>\n<meta name=\"twitter:site\" content=\"@CreilSudOiseOT\" \/>\n<meta name=\"twitter:label1\" content=\"Verfasst von\" \/>\n\t<meta name=\"twitter:data1\" content=\"fdubut\" \/>\n\t<meta name=\"twitter:label2\" content=\"Gesch\u00e4tzte Lesezeit\" \/>\n\t<meta name=\"twitter:data2\" content=\"7\u00a0Minuten\" \/>\n<script type=\"application\/ld+json\" class=\"yoast-schema-graph\">{\"@context\":\"https:\/\/schema.org\",\"@graph\":[{\"@type\":\"Article\",\"@id\":\"https:\/\/www.creilsudoise-tourisme.fr\/2024\/10\/22\/gerard-lequien\/#article\",\"isPartOf\":{\"@id\":\"https:\/\/www.creilsudoise-tourisme.fr\/2024\/10\/22\/gerard-lequien\/\"},\"author\":{\"name\":\"fdubut\",\"@id\":\"https:\/\/www.creilsudoise-tourisme.fr\/#\/schema\/person\/c5140d47645b13bee896bfe05f1bd5da\"},\"headline\":\"La m\u00e9moire de la guerre a\u00e9rienne\",\"datePublished\":\"2024-10-22T08:21:00+00:00\",\"dateModified\":\"2024-08-21T15:21:58+00:00\",\"mainEntityOfPage\":{\"@id\":\"https:\/\/www.creilsudoise-tourisme.fr\/2024\/10\/22\/gerard-lequien\/\"},\"wordCount\":1455,\"publisher\":{\"@id\":\"https:\/\/www.creilsudoise-tourisme.fr\/#organization\"},\"articleSection\":[\"Nos ambassadeurs\"],\"inLanguage\":\"de\"},{\"@type\":\"WebPage\",\"@id\":\"https:\/\/www.creilsudoise-tourisme.fr\/2024\/10\/22\/gerard-lequien\/\",\"url\":\"https:\/\/www.creilsudoise-tourisme.fr\/2024\/10\/22\/gerard-lequien\/\",\"name\":\"La m\u00e9moire de la guerre a\u00e9rienne\",\"isPartOf\":{\"@id\":\"https:\/\/www.creilsudoise-tourisme.fr\/#website\"},\"datePublished\":\"2024-10-22T08:21:00+00:00\",\"dateModified\":\"2024-08-21T15:21:58+00:00\",\"description\":\"Rencontre avec G\u00e9rard Lequien, qui a assist\u00e9 \u00e0 un crash a\u00e9rien durant la 2nd Guerre mondiale et a cr\u00e9\u00e9 le Mus\u00e9e des Bombardements\",\"breadcrumb\":{\"@id\":\"https:\/\/www.creilsudoise-tourisme.fr\/2024\/10\/22\/gerard-lequien\/#breadcrumb\"},\"inLanguage\":\"de\",\"potentialAction\":[{\"@type\":\"ReadAction\",\"target\":[\"https:\/\/www.creilsudoise-tourisme.fr\/2024\/10\/22\/gerard-lequien\/\"]}]},{\"@type\":\"BreadcrumbList\",\"@id\":\"https:\/\/www.creilsudoise-tourisme.fr\/2024\/10\/22\/gerard-lequien\/#breadcrumb\",\"itemListElement\":[{\"@type\":\"ListItem\",\"position\":1,\"name\":\"Accueil\",\"item\":\"https:\/\/www.creilsudoise-tourisme.fr\/\"},{\"@type\":\"ListItem\",\"position\":2,\"name\":\"La m\u00e9moire de la guerre a\u00e9rienne\"}]},{\"@type\":\"WebSite\",\"@id\":\"https:\/\/www.creilsudoise-tourisme.fr\/#website\",\"url\":\"https:\/\/www.creilsudoise-tourisme.fr\/\",\"name\":\"Office de Tourisme Creil Sud Oise\",\"description\":\"Creil Sud Oise Tourisme, un territoire \u00e0 explorer !\",\"publisher\":{\"@id\":\"https:\/\/www.creilsudoise-tourisme.fr\/#organization\"},\"potentialAction\":[{\"@type\":\"SearchAction\",\"target\":{\"@type\":\"EntryPoint\",\"urlTemplate\":\"https:\/\/www.creilsudoise-tourisme.fr\/?s={search_term_string}\"},\"query-input\":\"required name=search_term_string\"}],\"inLanguage\":\"de\"},{\"@type\":\"Organization\",\"@id\":\"https:\/\/www.creilsudoise-tourisme.fr\/#organization\",\"name\":\"Creil Sud Oise Tourisme\",\"url\":\"https:\/\/www.creilsudoise-tourisme.fr\/\",\"logo\":{\"@type\":\"ImageObject\",\"inLanguage\":\"de\",\"@id\":\"https:\/\/www.creilsudoise-tourisme.fr\/#\/schema\/logo\/image\/\",\"url\":\"https:\/\/www.creilsudoise-tourisme.fr\/wp-content\/uploads\/2021\/05\/logo-svg.png\",\"contentUrl\":\"https:\/\/www.creilsudoise-tourisme.fr\/wp-content\/uploads\/2021\/05\/logo-svg.png\",\"width\":182,\"height\":71,\"caption\":\"Creil Sud Oise Tourisme\"},\"image\":{\"@id\":\"https:\/\/www.creilsudoise-tourisme.fr\/#\/schema\/logo\/image\/\"},\"sameAs\":[\"https:\/\/www.facebook.com\/creilsudoisetourisme\/\",\"https:\/\/twitter.com\/CreilSudOiseOT\",\"https:\/\/www.instagram.com\/creilsudoisetourisme\/\",\"https:\/\/www.youtube.com\/channel\/UC8L_QD2wwyADW14zt9fY8kw\"]},{\"@type\":\"Person\",\"@id\":\"https:\/\/www.creilsudoise-tourisme.fr\/#\/schema\/person\/c5140d47645b13bee896bfe05f1bd5da\",\"name\":\"fdubut\",\"image\":{\"@type\":\"ImageObject\",\"inLanguage\":\"de\",\"@id\":\"https:\/\/www.creilsudoise-tourisme.fr\/#\/schema\/person\/image\/\",\"url\":\"https:\/\/secure.gravatar.com\/avatar\/c49bb61337bf4556cafdbcb92c18618d?s=96&d=mm&r=g\",\"contentUrl\":\"https:\/\/secure.gravatar.com\/avatar\/c49bb61337bf4556cafdbcb92c18618d?s=96&d=mm&r=g\",\"caption\":\"fdubut\"},\"url\":\"https:\/\/www.creilsudoise-tourisme.fr\/de\/auteur\/fdubut\/\"}]}<\/script>\n<!-- \/ Yoast SEO plugin. -->","yoast_head_json":{"title":"La m\u00e9moire de la guerre a\u00e9rienne","description":"Rencontre avec G\u00e9rard Lequien, qui a assist\u00e9 \u00e0 un crash a\u00e9rien durant la 2nd Guerre mondiale et a cr\u00e9\u00e9 le Mus\u00e9e des Bombardements","robots":{"index":"index","follow":"follow","max-snippet":"max-snippet:-1","max-image-preview":"max-image-preview:large","max-video-preview":"max-video-preview:-1"},"canonical":"https:\/\/www.creilsudoise-tourisme.fr\/de\/2024\/10\/22\/gerard-lequien\/","og_locale":"de_DE","og_type":"article","og_title":"La m\u00e9moire de la guerre a\u00e9rienne","og_description":"Rencontre avec G\u00e9rard Lequien, qui a assist\u00e9 \u00e0 un crash a\u00e9rien durant la 2nd Guerre mondiale et a cr\u00e9\u00e9 le Mus\u00e9e des Bombardements","og_url":"https:\/\/www.creilsudoise-tourisme.fr\/de\/2024\/10\/22\/gerard-lequien\/","og_site_name":"Office de Tourisme Creil Sud Oise","article_publisher":"https:\/\/www.facebook.com\/creilsudoisetourisme\/","article_published_time":"2024-10-22T08:21:00+00:00","article_modified_time":"2024-08-21T15:21:58+00:00","og_image":[{"width":1440,"height":1920,"url":"https:\/\/www.creilsudoise-tourisme.fr\/wp-content\/uploads\/2024\/08\/2023-07-12-Saint-Maximin-Gerard-Lequien-musee-des-bombardements-IMG_5813.jpg","type":"image\/jpeg"}],"author":"fdubut","twitter_card":"summary_large_image","twitter_creator":"@CreilSudOiseOT","twitter_site":"@CreilSudOiseOT","twitter_misc":{"Verfasst von":"fdubut","Gesch\u00e4tzte Lesezeit":"7\u00a0Minuten"},"schema":{"@context":"https:\/\/schema.org","@graph":[{"@type":"Article","@id":"https:\/\/www.creilsudoise-tourisme.fr\/2024\/10\/22\/gerard-lequien\/#article","isPartOf":{"@id":"https:\/\/www.creilsudoise-tourisme.fr\/2024\/10\/22\/gerard-lequien\/"},"author":{"name":"fdubut","@id":"https:\/\/www.creilsudoise-tourisme.fr\/#\/schema\/person\/c5140d47645b13bee896bfe05f1bd5da"},"headline":"La m\u00e9moire de la guerre a\u00e9rienne","datePublished":"2024-10-22T08:21:00+00:00","dateModified":"2024-08-21T15:21:58+00:00","mainEntityOfPage":{"@id":"https:\/\/www.creilsudoise-tourisme.fr\/2024\/10\/22\/gerard-lequien\/"},"wordCount":1455,"publisher":{"@id":"https:\/\/www.creilsudoise-tourisme.fr\/#organization"},"articleSection":["Nos ambassadeurs"],"inLanguage":"de"},{"@type":"WebPage","@id":"https:\/\/www.creilsudoise-tourisme.fr\/2024\/10\/22\/gerard-lequien\/","url":"https:\/\/www.creilsudoise-tourisme.fr\/2024\/10\/22\/gerard-lequien\/","name":"La m\u00e9moire de la guerre a\u00e9rienne","isPartOf":{"@id":"https:\/\/www.creilsudoise-tourisme.fr\/#website"},"datePublished":"2024-10-22T08:21:00+00:00","dateModified":"2024-08-21T15:21:58+00:00","description":"Rencontre avec G\u00e9rard Lequien, qui a assist\u00e9 \u00e0 un crash a\u00e9rien durant la 2nd Guerre mondiale et a cr\u00e9\u00e9 le Mus\u00e9e des Bombardements","breadcrumb":{"@id":"https:\/\/www.creilsudoise-tourisme.fr\/2024\/10\/22\/gerard-lequien\/#breadcrumb"},"inLanguage":"de","potentialAction":[{"@type":"ReadAction","target":["https:\/\/www.creilsudoise-tourisme.fr\/2024\/10\/22\/gerard-lequien\/"]}]},{"@type":"BreadcrumbList","@id":"https:\/\/www.creilsudoise-tourisme.fr\/2024\/10\/22\/gerard-lequien\/#breadcrumb","itemListElement":[{"@type":"ListItem","position":1,"name":"Accueil","item":"https:\/\/www.creilsudoise-tourisme.fr\/"},{"@type":"ListItem","position":2,"name":"La m\u00e9moire de la guerre a\u00e9rienne"}]},{"@type":"WebSite","@id":"https:\/\/www.creilsudoise-tourisme.fr\/#website","url":"https:\/\/www.creilsudoise-tourisme.fr\/","name":"Office de Tourisme Creil Sud Oise","description":"Creil Sud Oise Tourisme, un territoire \u00e0 explorer !","publisher":{"@id":"https:\/\/www.creilsudoise-tourisme.fr\/#organization"},"potentialAction":[{"@type":"SearchAction","target":{"@type":"EntryPoint","urlTemplate":"https:\/\/www.creilsudoise-tourisme.fr\/?s={search_term_string}"},"query-input":"required name=search_term_string"}],"inLanguage":"de"},{"@type":"Organization","@id":"https:\/\/www.creilsudoise-tourisme.fr\/#organization","name":"Creil Sud Oise Tourisme","url":"https:\/\/www.creilsudoise-tourisme.fr\/","logo":{"@type":"ImageObject","inLanguage":"de","@id":"https:\/\/www.creilsudoise-tourisme.fr\/#\/schema\/logo\/image\/","url":"https:\/\/www.creilsudoise-tourisme.fr\/wp-content\/uploads\/2021\/05\/logo-svg.png","contentUrl":"https:\/\/www.creilsudoise-tourisme.fr\/wp-content\/uploads\/2021\/05\/logo-svg.png","width":182,"height":71,"caption":"Creil Sud Oise Tourisme"},"image":{"@id":"https:\/\/www.creilsudoise-tourisme.fr\/#\/schema\/logo\/image\/"},"sameAs":["https:\/\/www.facebook.com\/creilsudoisetourisme\/","https:\/\/twitter.com\/CreilSudOiseOT","https:\/\/www.instagram.com\/creilsudoisetourisme\/","https:\/\/www.youtube.com\/channel\/UC8L_QD2wwyADW14zt9fY8kw"]},{"@type":"Person","@id":"https:\/\/www.creilsudoise-tourisme.fr\/#\/schema\/person\/c5140d47645b13bee896bfe05f1bd5da","name":"fdubut","image":{"@type":"ImageObject","inLanguage":"de","@id":"https:\/\/www.creilsudoise-tourisme.fr\/#\/schema\/person\/image\/","url":"https:\/\/secure.gravatar.com\/avatar\/c49bb61337bf4556cafdbcb92c18618d?s=96&d=mm&r=g","contentUrl":"https:\/\/secure.gravatar.com\/avatar\/c49bb61337bf4556cafdbcb92c18618d?s=96&d=mm&r=g","caption":"fdubut"},"url":"https:\/\/www.creilsudoise-tourisme.fr\/de\/auteur\/fdubut\/"}]}},"_links":{"self":[{"href":"https:\/\/www.creilsudoise-tourisme.fr\/de\/wp-json\/wp\/v2\/posts\/56179"}],"collection":[{"href":"https:\/\/www.creilsudoise-tourisme.fr\/de\/wp-json\/wp\/v2\/posts"}],"about":[{"href":"https:\/\/www.creilsudoise-tourisme.fr\/de\/wp-json\/wp\/v2\/types\/post"}],"author":[{"embeddable":true,"href":"https:\/\/www.creilsudoise-tourisme.fr\/de\/wp-json\/wp\/v2\/users\/3"}],"replies":[{"embeddable":true,"href":"https:\/\/www.creilsudoise-tourisme.fr\/de\/wp-json\/wp\/v2\/comments?post=56179"}],"version-history":[{"count":7,"href":"https:\/\/www.creilsudoise-tourisme.fr\/de\/wp-json\/wp\/v2\/posts\/56179\/revisions"}],"predecessor-version":[{"id":56285,"href":"https:\/\/www.creilsudoise-tourisme.fr\/de\/wp-json\/wp\/v2\/posts\/56179\/revisions\/56285"}],"wp:featuredmedia":[{"embeddable":true,"href":"https:\/\/www.creilsudoise-tourisme.fr\/de\/wp-json\/wp\/v2\/media\/56275"}],"wp:attachment":[{"href":"https:\/\/www.creilsudoise-tourisme.fr\/de\/wp-json\/wp\/v2\/media?parent=56179"}],"wp:term":[{"taxonomy":"category","embeddable":true,"href":"https:\/\/www.creilsudoise-tourisme.fr\/de\/wp-json\/wp\/v2\/categories?post=56179"},{"taxonomy":"post_tag","embeddable":true,"href":"https:\/\/www.creilsudoise-tourisme.fr\/de\/wp-json\/wp\/v2\/tags?post=56179"}],"curies":[{"name":"wp","href":"https:\/\/api.w.org\/{rel}","templated":true}]}}