{"id":56176,"date":"2024-09-19T16:56:33","date_gmt":"2024-09-19T14:56:33","guid":{"rendered":"https:\/\/www.creilsudoise-tourisme.fr\/?p=56176"},"modified":"2024-08-22T10:04:34","modified_gmt":"2024-08-22T08:04:34","slug":"patrick-magali-mancheron","status":"publish","type":"post","link":"https:\/\/www.creilsudoise-tourisme.fr\/de\/2024\/09\/19\/patrick-magali-mancheron\/","title":{"rendered":"Ein Bauernhof im Herzen der Stadt"},"content":{"rendered":"<p class=\"is-style-excerpt\">Frei lebende Bauernhoftiere, Obst und Gem\u00fcse, das im Einklang mit den Jahreszeiten angebaut wird, Gefl\u00fcgel, das im Freien gehalten wird, eine ganze Reihe von Schulungen, um althergebrachtes Wissen weiterzugeben : <strong>11<sup>e<\/sup> Generation einer Familie, die seit 400 Jahren in Villers-Saint-Paul ans\u00e4ssig ist, beleben Patrick Mancheron und seine Frau Magali mit l'Arbre \u00e0 poule <\/strong>eine atypische gr\u00fcne Oase, die so gro\u00df wie drei Fu\u00dfballfelder ist, im Schatten der Sozialwohnungen.<\/p>\n\n\n\n<div class=\"is-layout-flex wp-container-3 wp-block-columns\">\n<div class=\"is-layout-flow wp-block-column\" style=\"flex-basis:33.33%\">\n<figure class=\"wp-block-image size-large\"><img decoding=\"async\" loading=\"lazy\" width=\"950\" height=\"1200\" data-src=\"https:\/\/www.creilsudoise-tourisme.fr\/wp-content\/uploads\/2024\/08\/Les-Mancheron-950x1200.jpg\" alt=\"\" class=\"wp-image-56262\" data-srcset=\"https:\/\/www.creilsudoise-tourisme.fr\/wp-content\/uploads\/2024\/08\/Les-Mancheron-950x1200.jpg 950w, https:\/\/www.creilsudoise-tourisme.fr\/wp-content\/uploads\/2024\/08\/Les-Mancheron-475x600.jpg 475w, https:\/\/www.creilsudoise-tourisme.fr\/wp-content\/uploads\/2024\/08\/Les-Mancheron-712x900.jpg 712w, https:\/\/www.creilsudoise-tourisme.fr\/wp-content\/uploads\/2024\/08\/Les-Mancheron-9x12.jpg 9w, https:\/\/www.creilsudoise-tourisme.fr\/wp-content\/uploads\/2024\/08\/Les-Mancheron-200x253.jpg 200w, https:\/\/www.creilsudoise-tourisme.fr\/wp-content\/uploads\/2024\/08\/Les-Mancheron-650x821.jpg 650w, https:\/\/www.creilsudoise-tourisme.fr\/wp-content\/uploads\/2024\/08\/Les-Mancheron-387x489.jpg 387w, https:\/\/www.creilsudoise-tourisme.fr\/wp-content\/uploads\/2024\/08\/Les-Mancheron.jpg 1020w\" sizes=\"(max-width: 950px) 100vw, 950px\" \/><\/figure>\n<\/div>\n\n\n\n<div class=\"is-layout-flow wp-block-column\" style=\"flex-basis:66.66%\">\n<p><strong>Patrick und Magali<\/strong>, die Besitzer von L'Arbre \u00e0 Poule in Villers-Saint-Paul, begr\u00fc\u00dften uns in ihrer Oase der Ruhe im Herzen der Stadt.<\/p>\n<\/div>\n<\/div>\n\n\n\n<h2>Eine Familiengeschichte<\/h2>\n\n\n\n<p>\"<em><strong>\u00a0Meine Eltern haben mir immer davon abgeraten, Landwirt zu werden...<\/strong><\/em>\u00a0\"Aber die Chromosomen der Familie Mancheron haben anders entschieden. Und <strong>Patrick<\/strong>Der 50-j\u00e4hrige, kr\u00e4ftige Mann ist heute Lehrer an der Landwirtschaftsschule in Rib\u00e9court und hat einen Abschluss in Biologietechnologie,<strong> Spezialist f\u00fcr Gem\u00fcseanbau, Gartenbau und Agronomie!<\/strong> Wie k\u00f6nnten Sie jedoch dem Ruf der Natur widerstehen, der Sie von klein auf eingelullt hat?\"\u00a0<em><strong>Das \u00e4lteste Dokument, das ich gefunden habe, stammt aus dem Jahr 1612, zu einer Zeit, als meine Vorfahren <\/strong>haben einen Katzensprung von Rieux nach Villers-Saint-Paul gemacht, <\/em>erz\u00e4hlt er. <em>Das hatte mir meine Gro\u00dfmutter best\u00e4tigt, <\/em><strong><em>wir haben dieses Grundst\u00fcck also seit 400 Jahren bewohnt<\/em>.<\/strong>\u00a0\"<\/p>\n\n\n\n<figure class=\"wp-block-image size-large\"><img decoding=\"async\" loading=\"lazy\" width=\"1200\" height=\"675\" data-src=\"https:\/\/www.creilsudoise-tourisme.fr\/wp-content\/uploads\/2024\/08\/Arbre-a-Poule_Villers-Saint-Paul_Drone_Creil-Sud-Oise-Tourisme-38-1200x675.jpg\" alt=\"permakulturspraktikum erwachsene erwachsene bauernhof arbre \u00e0 poule oise\" class=\"wp-image-56225\" data-srcset=\"https:\/\/www.creilsudoise-tourisme.fr\/wp-content\/uploads\/2024\/08\/Arbre-a-Poule_Villers-Saint-Paul_Drone_Creil-Sud-Oise-Tourisme-38-1200x675.jpg 1200w, https:\/\/www.creilsudoise-tourisme.fr\/wp-content\/uploads\/2024\/08\/Arbre-a-Poule_Villers-Saint-Paul_Drone_Creil-Sud-Oise-Tourisme-38-600x338.jpg 600w, https:\/\/www.creilsudoise-tourisme.fr\/wp-content\/uploads\/2024\/08\/Arbre-a-Poule_Villers-Saint-Paul_Drone_Creil-Sud-Oise-Tourisme-38-900x507.jpg 900w, https:\/\/www.creilsudoise-tourisme.fr\/wp-content\/uploads\/2024\/08\/Arbre-a-Poule_Villers-Saint-Paul_Drone_Creil-Sud-Oise-Tourisme-38-18x10.jpg 18w, https:\/\/www.creilsudoise-tourisme.fr\/wp-content\/uploads\/2024\/08\/Arbre-a-Poule_Villers-Saint-Paul_Drone_Creil-Sud-Oise-Tourisme-38-200x113.jpg 200w, https:\/\/www.creilsudoise-tourisme.fr\/wp-content\/uploads\/2024\/08\/Arbre-a-Poule_Villers-Saint-Paul_Drone_Creil-Sud-Oise-Tourisme-38-650x366.jpg 650w, https:\/\/www.creilsudoise-tourisme.fr\/wp-content\/uploads\/2024\/08\/Arbre-a-Poule_Villers-Saint-Paul_Drone_Creil-Sud-Oise-Tourisme-38-387x218.jpg 387w, https:\/\/www.creilsudoise-tourisme.fr\/wp-content\/uploads\/2024\/08\/Arbre-a-Poule_Villers-Saint-Paul_Drone_Creil-Sud-Oise-Tourisme-38.jpg 1480w\" sizes=\"(max-width: 1200px) 100vw, 1200px\" \/><figcaption class=\"wp-element-caption\">Creil Sud Oise Tourisme<\/figcaption><\/figure>\n\n\n\n<p>Bis zum 19<sup>e<\/sup> Jahrhundert sind die Mancherons Weinbauern, dann Pfl\u00fcger, weil sie \u00fcber das Pferd und die Ausr\u00fcstung f\u00fcr die Landarbeit verf\u00fcgen, und schlie\u00dflich Landwirte. \"&nbsp;<em>Auf einem Stein in der Unterkunft ist \"\" eingraviert.&nbsp;<\/em>1769&nbsp;<em>\". Und weil ich alles aufbewahre, habe ich sogar die erste Stromrechnung aus dem Jahr 1927,<\/em> lacht Patrick.&nbsp;<em><strong>Jede Generation hat am politischen Leben der Gemeinde teilgenommen<\/strong>Einige von ihnen waren stellvertretende B\u00fcrgermeister. Seit Mitte des 20.<sup>e<\/sup> Jahrhundert sind wir einzigartige S\u00f6hne. <strong>Und jetzt bin ich der letzte Vertreter der \u00e4ltesten Familie in der Gemeinde.<\/strong><\/em>&nbsp;\"<\/p>\n\n\n\n<h3>Ein Bauernhof im Herzen der Stadt<\/h3>\n\n\n\n<p><strong>Von da an war es unvermeidlich, dass Patrick das Werk fortsetzte, das vier Jahrhunderte zuvor von den Mancherons begonnen worden war.<\/strong> um wertvolles Wissen zu teilen. Vor allem aber sollte der Gem\u00fcseanbau inmitten eines wachsenden Stadtgebiets aufrechterhalten werden k\u00f6nnen. \"<em>\u00a0Wir h\u00e4tten schon l\u00e4ngst verschwinden k\u00f6nnen, aber die Urbanisierung hat sich gl\u00fccklicherweise in den 1990er Jahren beruhigt. Jetzt liegen wir eher in der Luft\u00a0<\/em>\", stellte er fest. Dann musste er Verst\u00e4rkung finden, um die 13.000 m\u00b2 gro\u00dfe Anlage, die fast drei Fu\u00dfballfeldern entspricht, am Leben zu erhalten. <strong>Die Begegnung mit Magali im Jahr 2005 war ausschlaggebend<\/strong>Sie teilte die gleichen Werte. Das Foyer wurde erg\u00e4nzt durch<strong> zwei Zwillingsjungen, die durch ihr Studium ihren Eltern bereits nachgeeifert haben...<\/strong><\/p>\n\n\n\n<figure class=\"is-layout-flex wp-block-gallery-4 wp-block-gallery has-nested-images columns-default is-cropped\">\n<figure class=\"wp-block-image size-large\"><img decoding=\"async\" loading=\"lazy\" width=\"900\" height=\"1200\" data-id=\"56267\"  data-src=\"https:\/\/www.creilsudoise-tourisme.fr\/wp-content\/uploads\/2024\/08\/2023-07-13-Villers-St-Paul-Arbre-a-poule-Magali-Patrick-Mancheron-IMG_5956-900x1200.jpg\" alt=\"permakulturspraktikum erwachsene erwachsene bauernhof arbre \u00e0 poule oise\" class=\"wp-image-56267\" data-srcset=\"https:\/\/www.creilsudoise-tourisme.fr\/wp-content\/uploads\/2024\/08\/2023-07-13-Villers-St-Paul-Arbre-a-poule-Magali-Patrick-Mancheron-IMG_5956-900x1200.jpg 900w, https:\/\/www.creilsudoise-tourisme.fr\/wp-content\/uploads\/2024\/08\/2023-07-13-Villers-St-Paul-Arbre-a-poule-Magali-Patrick-Mancheron-IMG_5956-450x600.jpg 450w, https:\/\/www.creilsudoise-tourisme.fr\/wp-content\/uploads\/2024\/08\/2023-07-13-Villers-St-Paul-Arbre-a-poule-Magali-Patrick-Mancheron-IMG_5956-675x900.jpg 675w, https:\/\/www.creilsudoise-tourisme.fr\/wp-content\/uploads\/2024\/08\/2023-07-13-Villers-St-Paul-Arbre-a-poule-Magali-Patrick-Mancheron-IMG_5956-9x12.jpg 9w, https:\/\/www.creilsudoise-tourisme.fr\/wp-content\/uploads\/2024\/08\/2023-07-13-Villers-St-Paul-Arbre-a-poule-Magali-Patrick-Mancheron-IMG_5956-200x267.jpg 200w, https:\/\/www.creilsudoise-tourisme.fr\/wp-content\/uploads\/2024\/08\/2023-07-13-Villers-St-Paul-Arbre-a-poule-Magali-Patrick-Mancheron-IMG_5956-650x867.jpg 650w, https:\/\/www.creilsudoise-tourisme.fr\/wp-content\/uploads\/2024\/08\/2023-07-13-Villers-St-Paul-Arbre-a-poule-Magali-Patrick-Mancheron-IMG_5956-387x516.jpg 387w, https:\/\/www.creilsudoise-tourisme.fr\/wp-content\/uploads\/2024\/08\/2023-07-13-Villers-St-Paul-Arbre-a-poule-Magali-Patrick-Mancheron-IMG_5956.jpg 1110w\" sizes=\"(max-width: 900px) 100vw, 900px\" \/><figcaption class=\"wp-element-caption\">Fred Noury<\/figcaption><\/figure>\n\n\n\n<figure class=\"wp-block-image size-large\"><img decoding=\"async\" loading=\"lazy\" width=\"500\" height=\"638\" data-id=\"52167\"  data-src=\"https:\/\/www.creilsudoise-tourisme.fr\/wp-content\/uploads\/2024\/02\/web_image-Apoule.jpg\" alt=\"\" class=\"wp-image-52167\" data-srcset=\"https:\/\/www.creilsudoise-tourisme.fr\/wp-content\/uploads\/2024\/02\/web_image-Apoule.jpg 500w, https:\/\/www.creilsudoise-tourisme.fr\/wp-content\/uploads\/2024\/02\/web_image-Apoule-470x600.jpg 470w, https:\/\/www.creilsudoise-tourisme.fr\/wp-content\/uploads\/2024\/02\/web_image-Apoule-9x12.jpg 9w, https:\/\/www.creilsudoise-tourisme.fr\/wp-content\/uploads\/2024\/02\/web_image-Apoule-200x255.jpg 200w, https:\/\/www.creilsudoise-tourisme.fr\/wp-content\/uploads\/2024\/02\/web_image-Apoule-275x350.jpg 275w, https:\/\/www.creilsudoise-tourisme.fr\/wp-content\/uploads\/2024\/02\/web_image-Apoule-400x509.jpg 400w, https:\/\/www.creilsudoise-tourisme.fr\/wp-content\/uploads\/2024\/02\/web_image-Apoule-387x494.jpg 387w\" sizes=\"(max-width: 500px) 100vw, 500px\" \/><\/figure>\n<\/figure>\n\n\n\n<p>\"&nbsp;<em>Im Departement Aisne war ich st\u00e4ndig in Kontakt mit der Natur, <\/em>erkl\u00e4rt Magali.<em> Am Sonntagmorgen war die Jagd mit der Familie, gefolgt von der Verarbeitung des Wildbrets in der K\u00fcche, kurz gesagt, der Geschmack von guten Dingen.&nbsp;<\/em>\"Ihr BEP im Gesundheits- und Sozialwesen erm\u00f6glichte es ihr, als Pflegehelferin in einer Klinik in Argenteuil (Val-d'Oise) und sp\u00e4ter in Meudon (Hauts-de-Seine) zu arbeiten. \"<em>&nbsp;Die Pariser Region war f\u00fcr die Arbeit, aber <strong>kehrte ich immer wieder in die Aisne zur\u00fcck, um mich zu erholen<\/strong>, <\/em>gesteht sie. <em>In der Tat <strong>ich liebte es, auf dem Bauernhof zu helfen<\/strong>Ich habe mich um die K\u00fche und Schafe gek\u00fcmmert. Das habe ich in der Haute-Marne und in den Cevennen begonnen, bevor ich nach Villers-Saint-Paul kam.<\/em>&nbsp;\"<\/p>\n\n\n\n<h3>So selbstst\u00e4ndig wie m\u00f6glich sein<\/h3>\n\n\n\n<p>Sobald sie sich gefunden haben, feilt das Paar an seinem Projekt: \"...&nbsp;<em><strong>Unser urspr\u00fcngliches Ziel war es, so unabh\u00e4ngig wie m\u00f6glich zu sein und nichts zu verlieren<\/strong>&nbsp;<\/em>\", fasst Patrick zusammen. \"&nbsp;<em>Um unseren produktiven Gem\u00fcsebauernhof zu er\u00f6ffnen, habe ich Patricks F\u00e4higkeiten meine Liebe zu Tieren, Ziegen, Schafen, K\u00fchen, Schweinen usw. aufgedr\u00e4ngt.&nbsp;<\/em>\", neckt Magali.<\/p>\n\n\n\n<p>Gem\u00fcse, Obst, Tiere,<strong> ein ganzes \u00d6kosystem hat sich schnell in Harmonie etabliert<\/strong>. \"<em>\u00a0W\u00e4hrend meiner Schwangerschaft sah ich die Sozialwohnungen um uns herum und <strong>Ich stellte mir vor, die Freunde meiner S\u00f6hne, die in Wohnungen eingesperrt waren, in unsere gr\u00fcne Insel, in unser kleines Paradies, einzuladen.<\/strong>, <\/em>erinnert sich Magali. <em>Mir war es wichtig, den Menschen, die umgeben von Beton leben, Natur zu bieten, und wir wollten unseren Lebensraum mit der \u00d6ffentlichkeit teilen.\u00a0<\/em>\"<\/p>\n\n\n\n<figure class=\"wp-block-image size-large\"><img decoding=\"async\" loading=\"lazy\" width=\"1200\" height=\"675\" data-src=\"https:\/\/www.creilsudoise-tourisme.fr\/wp-content\/uploads\/2024\/08\/Arbre-a-Poule-Creil-Sud-Oise-Tourisme-27-1200x675.jpg\" alt=\"p\u00e4dagogischer Bauernhof Villers-Saint-Paul Oise H\u00fchnerbaum\" class=\"wp-image-56218\" data-srcset=\"https:\/\/www.creilsudoise-tourisme.fr\/wp-content\/uploads\/2024\/08\/Arbre-a-Poule-Creil-Sud-Oise-Tourisme-27-1200x675.jpg 1200w, https:\/\/www.creilsudoise-tourisme.fr\/wp-content\/uploads\/2024\/08\/Arbre-a-Poule-Creil-Sud-Oise-Tourisme-27-600x338.jpg 600w, https:\/\/www.creilsudoise-tourisme.fr\/wp-content\/uploads\/2024\/08\/Arbre-a-Poule-Creil-Sud-Oise-Tourisme-27-900x507.jpg 900w, https:\/\/www.creilsudoise-tourisme.fr\/wp-content\/uploads\/2024\/08\/Arbre-a-Poule-Creil-Sud-Oise-Tourisme-27-18x10.jpg 18w, https:\/\/www.creilsudoise-tourisme.fr\/wp-content\/uploads\/2024\/08\/Arbre-a-Poule-Creil-Sud-Oise-Tourisme-27-200x113.jpg 200w, https:\/\/www.creilsudoise-tourisme.fr\/wp-content\/uploads\/2024\/08\/Arbre-a-Poule-Creil-Sud-Oise-Tourisme-27-650x366.jpg 650w, https:\/\/www.creilsudoise-tourisme.fr\/wp-content\/uploads\/2024\/08\/Arbre-a-Poule-Creil-Sud-Oise-Tourisme-27-387x218.jpg 387w, https:\/\/www.creilsudoise-tourisme.fr\/wp-content\/uploads\/2024\/08\/Arbre-a-Poule-Creil-Sud-Oise-Tourisme-27.jpg 1480w\" sizes=\"(max-width: 1200px) 100vw, 1200px\" \/><figcaption class=\"wp-element-caption\">Creil Sud Oise Tourisme<\/figcaption><\/figure>\n\n\n\n<h3>Der H\u00fchnerbaum ist geboren<\/h3>\n\n\n\n<p>Im Jahr 2009 wird der Familienbauernhof \"L'Arbre \u00e0 poule\" in einer assoziativen Form er\u00f6ffnet. \"\u00a0<em>Es gibt kein \"s\" in \"\".\u00a0<\/em>Henne\u00a0<em>\" denn <strong>bedeutet, vom Baum zum Huhn, von der Pflanze zum Tier zu gelangen<\/strong>sagt Magali. Das ist unsere Art, unseren Respekt vor dem Lebendigen zu zeigen, egal ob es sich um Pflanzen oder Tiere handelt.\u00a0<\/em>\"Patrick wird 2014 als Landwirt anerkannt und Magali 2016. L'Arbre \u00e0 poule (Der H\u00fchnerbaum) wird bekannt, <strong>Liebhaber von gesund angebauten Produkten sch\u00e4tzen Gem\u00fcse auf lebendem Boden<\/strong>\u00a0: \"\u00a0<em>Dies ist eine Praxis, bei der die Erde nicht umgegraben wird, damit die Organismen sie auf nat\u00fcrliche Weise formen k\u00f6nnen, <\/em>gesteht Patrick. <em>Zumindest f\u00fcgen wir Mulch hinzu, um die Verunkrautung zu begrenzen. <\/em>\".<\/p>\n\n\n\n<figure class=\"is-layout-flex wp-block-gallery-6 wp-block-gallery has-nested-images columns-default is-cropped\">\n<figure class=\"wp-block-image size-large\"><img decoding=\"async\" loading=\"lazy\" width=\"675\" height=\"1200\" data-id=\"56224\"  data-src=\"https:\/\/www.creilsudoise-tourisme.fr\/wp-content\/uploads\/2024\/08\/Arbre-a-poule_Villers-Saint-Paul_Creil-Sud-Oise-Tourisme-32-675x1200.jpg\" alt=\"permakulturspraktikum erwachsene erwachsene bauernhof arbre \u00e0 poule oise\" class=\"wp-image-56224\" data-srcset=\"https:\/\/www.creilsudoise-tourisme.fr\/wp-content\/uploads\/2024\/08\/Arbre-a-poule_Villers-Saint-Paul_Creil-Sud-Oise-Tourisme-32-675x1200.jpg 675w, https:\/\/www.creilsudoise-tourisme.fr\/wp-content\/uploads\/2024\/08\/Arbre-a-poule_Villers-Saint-Paul_Creil-Sud-Oise-Tourisme-32-338x600.jpg 338w, https:\/\/www.creilsudoise-tourisme.fr\/wp-content\/uploads\/2024\/08\/Arbre-a-poule_Villers-Saint-Paul_Creil-Sud-Oise-Tourisme-32-507x900.jpg 507w, https:\/\/www.creilsudoise-tourisme.fr\/wp-content\/uploads\/2024\/08\/Arbre-a-poule_Villers-Saint-Paul_Creil-Sud-Oise-Tourisme-32-7x12.jpg 7w, https:\/\/www.creilsudoise-tourisme.fr\/wp-content\/uploads\/2024\/08\/Arbre-a-poule_Villers-Saint-Paul_Creil-Sud-Oise-Tourisme-32-200x355.jpg 200w, https:\/\/www.creilsudoise-tourisme.fr\/wp-content\/uploads\/2024\/08\/Arbre-a-poule_Villers-Saint-Paul_Creil-Sud-Oise-Tourisme-32-650x1155.jpg 650w, https:\/\/www.creilsudoise-tourisme.fr\/wp-content\/uploads\/2024\/08\/Arbre-a-poule_Villers-Saint-Paul_Creil-Sud-Oise-Tourisme-32-387x688.jpg 387w, https:\/\/www.creilsudoise-tourisme.fr\/wp-content\/uploads\/2024\/08\/Arbre-a-poule_Villers-Saint-Paul_Creil-Sud-Oise-Tourisme-32.jpg 833w\" sizes=\"(max-width: 675px) 100vw, 675px\" \/><figcaption class=\"wp-element-caption\">Creil Sud Oise Tourisme<\/figcaption><\/figure>\n\n\n\n<figure class=\"wp-block-image size-large\"><img decoding=\"async\" loading=\"lazy\" width=\"675\" height=\"1200\" data-id=\"56223\"  data-src=\"https:\/\/www.creilsudoise-tourisme.fr\/wp-content\/uploads\/2024\/08\/Arbre-a-poule_Villers-Saint-Paul_Creil-Sud-Oise-Tourisme-22-675x1200.jpg\" alt=\"permakulturspraktikum erwachsene erwachsene bauernhof arbre \u00e0 poule oise\" class=\"wp-image-56223\" data-srcset=\"https:\/\/www.creilsudoise-tourisme.fr\/wp-content\/uploads\/2024\/08\/Arbre-a-poule_Villers-Saint-Paul_Creil-Sud-Oise-Tourisme-22-675x1200.jpg 675w, https:\/\/www.creilsudoise-tourisme.fr\/wp-content\/uploads\/2024\/08\/Arbre-a-poule_Villers-Saint-Paul_Creil-Sud-Oise-Tourisme-22-338x600.jpg 338w, https:\/\/www.creilsudoise-tourisme.fr\/wp-content\/uploads\/2024\/08\/Arbre-a-poule_Villers-Saint-Paul_Creil-Sud-Oise-Tourisme-22-507x900.jpg 507w, https:\/\/www.creilsudoise-tourisme.fr\/wp-content\/uploads\/2024\/08\/Arbre-a-poule_Villers-Saint-Paul_Creil-Sud-Oise-Tourisme-22-7x12.jpg 7w, https:\/\/www.creilsudoise-tourisme.fr\/wp-content\/uploads\/2024\/08\/Arbre-a-poule_Villers-Saint-Paul_Creil-Sud-Oise-Tourisme-22-200x355.jpg 200w, https:\/\/www.creilsudoise-tourisme.fr\/wp-content\/uploads\/2024\/08\/Arbre-a-poule_Villers-Saint-Paul_Creil-Sud-Oise-Tourisme-22-650x1155.jpg 650w, https:\/\/www.creilsudoise-tourisme.fr\/wp-content\/uploads\/2024\/08\/Arbre-a-poule_Villers-Saint-Paul_Creil-Sud-Oise-Tourisme-22-387x688.jpg 387w, https:\/\/www.creilsudoise-tourisme.fr\/wp-content\/uploads\/2024\/08\/Arbre-a-poule_Villers-Saint-Paul_Creil-Sud-Oise-Tourisme-22.jpg 833w\" sizes=\"(max-width: 675px) 100vw, 675px\" \/><figcaption class=\"wp-element-caption\">Creil Sud Oise Tourisme<\/figcaption><\/figure>\n\n\n\n<figure class=\"wp-block-image size-large\"><img decoding=\"async\" loading=\"lazy\" width=\"1200\" height=\"675\" data-id=\"56222\"  data-src=\"https:\/\/www.creilsudoise-tourisme.fr\/wp-content\/uploads\/2024\/08\/Arbre-a-poule_Villers-Saint-Paul_Creil-Sud-Oise-Tourisme-14-1200x675.jpg\" alt=\"permakulturspraktikum erwachsene erwachsene bauernhof arbre \u00e0 poule oise\" class=\"wp-image-56222\" data-srcset=\"https:\/\/www.creilsudoise-tourisme.fr\/wp-content\/uploads\/2024\/08\/Arbre-a-poule_Villers-Saint-Paul_Creil-Sud-Oise-Tourisme-14-1200x675.jpg 1200w, https:\/\/www.creilsudoise-tourisme.fr\/wp-content\/uploads\/2024\/08\/Arbre-a-poule_Villers-Saint-Paul_Creil-Sud-Oise-Tourisme-14-600x338.jpg 600w, https:\/\/www.creilsudoise-tourisme.fr\/wp-content\/uploads\/2024\/08\/Arbre-a-poule_Villers-Saint-Paul_Creil-Sud-Oise-Tourisme-14-900x507.jpg 900w, https:\/\/www.creilsudoise-tourisme.fr\/wp-content\/uploads\/2024\/08\/Arbre-a-poule_Villers-Saint-Paul_Creil-Sud-Oise-Tourisme-14-18x10.jpg 18w, https:\/\/www.creilsudoise-tourisme.fr\/wp-content\/uploads\/2024\/08\/Arbre-a-poule_Villers-Saint-Paul_Creil-Sud-Oise-Tourisme-14-200x113.jpg 200w, https:\/\/www.creilsudoise-tourisme.fr\/wp-content\/uploads\/2024\/08\/Arbre-a-poule_Villers-Saint-Paul_Creil-Sud-Oise-Tourisme-14-650x366.jpg 650w, https:\/\/www.creilsudoise-tourisme.fr\/wp-content\/uploads\/2024\/08\/Arbre-a-poule_Villers-Saint-Paul_Creil-Sud-Oise-Tourisme-14-387x218.jpg 387w, https:\/\/www.creilsudoise-tourisme.fr\/wp-content\/uploads\/2024\/08\/Arbre-a-poule_Villers-Saint-Paul_Creil-Sud-Oise-Tourisme-14.jpg 1480w\" sizes=\"(max-width: 1200px) 100vw, 1200px\" \/><figcaption class=\"wp-element-caption\">Creil Sud Oise Tourisme<\/figcaption><\/figure>\n<\/figure>\n\n\n\n<p>Die Produktion richtet sich religi\u00f6s nach dem Rhythmus der Jahreszeiten: Die Mikrofarm liefert u. a. im Fr\u00fchling Erbsen und Karotten, im Sommer Tomaten, Zucchini und Gurken, im Herbst K\u00fcrbisse, schwarze Radieschen und Salate und im Winter Wurzelgem\u00fcse wie K\u00fcrbis und Kohl. \"\u00a0<em>Wir k\u00f6nnen auf eine <strong>60 Familien, die sich jede Woche mit Lebensmitteln versorgen<\/strong>und \u00fcber hundert Stammkunden<\/em>s\", sagt Magali. \"\u00a0<em>Alles entspricht den Standards und wird h\u00e4ufig kontrolliert. <strong>F\u00fcr uns ist Qualit\u00e4t wichtiger als Quantit\u00e4t.<\/strong> Ich arbeite just-in-time: Manchmal war der Salat, den man uns abkauft, eine Viertelstunde vorher noch in der Erde.\u00a0<\/em>\", sagt Patrick. Was das Gefl\u00fcgel betrifft, so werden H\u00fchner, Perlh\u00fchner, Kapaune, Truth\u00e4hne und G\u00e4nse auf der Weide aufgezogen.<\/p>\n\n\n\n<figure class=\"is-layout-flex wp-block-gallery-8 wp-block-gallery has-nested-images columns-default is-cropped\">\n<figure class=\"wp-block-image size-large\"><img decoding=\"async\" loading=\"lazy\" width=\"1200\" height=\"675\" data-id=\"56221\"  data-src=\"https:\/\/www.creilsudoise-tourisme.fr\/wp-content\/uploads\/2024\/08\/Arbre-a-poule_Villers-Saint-Paul_Creil-Sud-Oise-Tourisme-1-1200x675.jpg\" alt=\"p\u00e4dagogischer Bauernhof Villers-Saint-Paul Oise H\u00fchnerbaum Laden Verkauf auf dem Bauernhof lokaler Verbrauch\" class=\"wp-image-56221\" data-srcset=\"https:\/\/www.creilsudoise-tourisme.fr\/wp-content\/uploads\/2024\/08\/Arbre-a-poule_Villers-Saint-Paul_Creil-Sud-Oise-Tourisme-1-1200x675.jpg 1200w, https:\/\/www.creilsudoise-tourisme.fr\/wp-content\/uploads\/2024\/08\/Arbre-a-poule_Villers-Saint-Paul_Creil-Sud-Oise-Tourisme-1-600x338.jpg 600w, https:\/\/www.creilsudoise-tourisme.fr\/wp-content\/uploads\/2024\/08\/Arbre-a-poule_Villers-Saint-Paul_Creil-Sud-Oise-Tourisme-1-900x507.jpg 900w, https:\/\/www.creilsudoise-tourisme.fr\/wp-content\/uploads\/2024\/08\/Arbre-a-poule_Villers-Saint-Paul_Creil-Sud-Oise-Tourisme-1-18x10.jpg 18w, https:\/\/www.creilsudoise-tourisme.fr\/wp-content\/uploads\/2024\/08\/Arbre-a-poule_Villers-Saint-Paul_Creil-Sud-Oise-Tourisme-1-200x113.jpg 200w, https:\/\/www.creilsudoise-tourisme.fr\/wp-content\/uploads\/2024\/08\/Arbre-a-poule_Villers-Saint-Paul_Creil-Sud-Oise-Tourisme-1-650x366.jpg 650w, https:\/\/www.creilsudoise-tourisme.fr\/wp-content\/uploads\/2024\/08\/Arbre-a-poule_Villers-Saint-Paul_Creil-Sud-Oise-Tourisme-1-387x218.jpg 387w, https:\/\/www.creilsudoise-tourisme.fr\/wp-content\/uploads\/2024\/08\/Arbre-a-poule_Villers-Saint-Paul_Creil-Sud-Oise-Tourisme-1.jpg 1480w\" sizes=\"(max-width: 1200px) 100vw, 1200px\" \/><figcaption class=\"wp-element-caption\">Creil Sud Oise Tourisme<\/figcaption><\/figure>\n\n\n\n<figure class=\"wp-block-image size-large\"><img decoding=\"async\" loading=\"lazy\" width=\"1200\" height=\"800\" data-id=\"56228\"  data-src=\"https:\/\/www.creilsudoise-tourisme.fr\/wp-content\/uploads\/2024\/08\/Arbre-a-poule-Boutique_Villers-Saint-Paul_Creil-Sud-Oise-Tourisme-55-1200x800.jpg\" alt=\"p\u00e4dagogischer Bauernhof Villers-Saint-Paul Oise H\u00fchnerbaum Laden Verkauf auf dem Bauernhof lokaler Verbrauch\" class=\"wp-image-56228\" data-srcset=\"https:\/\/www.creilsudoise-tourisme.fr\/wp-content\/uploads\/2024\/08\/Arbre-a-poule-Boutique_Villers-Saint-Paul_Creil-Sud-Oise-Tourisme-55-1200x800.jpg 1200w, https:\/\/www.creilsudoise-tourisme.fr\/wp-content\/uploads\/2024\/08\/Arbre-a-poule-Boutique_Villers-Saint-Paul_Creil-Sud-Oise-Tourisme-55-600x400.jpg 600w, https:\/\/www.creilsudoise-tourisme.fr\/wp-content\/uploads\/2024\/08\/Arbre-a-poule-Boutique_Villers-Saint-Paul_Creil-Sud-Oise-Tourisme-55-900x600.jpg 900w, https:\/\/www.creilsudoise-tourisme.fr\/wp-content\/uploads\/2024\/08\/Arbre-a-poule-Boutique_Villers-Saint-Paul_Creil-Sud-Oise-Tourisme-55-18x12.jpg 18w, https:\/\/www.creilsudoise-tourisme.fr\/wp-content\/uploads\/2024\/08\/Arbre-a-poule-Boutique_Villers-Saint-Paul_Creil-Sud-Oise-Tourisme-55-200x133.jpg 200w, https:\/\/www.creilsudoise-tourisme.fr\/wp-content\/uploads\/2024\/08\/Arbre-a-poule-Boutique_Villers-Saint-Paul_Creil-Sud-Oise-Tourisme-55-650x433.jpg 650w, https:\/\/www.creilsudoise-tourisme.fr\/wp-content\/uploads\/2024\/08\/Arbre-a-poule-Boutique_Villers-Saint-Paul_Creil-Sud-Oise-Tourisme-55-387x258.jpg 387w, https:\/\/www.creilsudoise-tourisme.fr\/wp-content\/uploads\/2024\/08\/Arbre-a-poule-Boutique_Villers-Saint-Paul_Creil-Sud-Oise-Tourisme-55.jpg 1480w\" sizes=\"(max-width: 1200px) 100vw, 1200px\" \/><figcaption class=\"wp-element-caption\">Creil Sud Oise Tourisme<\/figcaption><\/figure>\n\n\n\n<figure class=\"wp-block-image size-large\"><img decoding=\"async\" loading=\"lazy\" width=\"1200\" height=\"800\" data-id=\"56227\"  data-src=\"https:\/\/www.creilsudoise-tourisme.fr\/wp-content\/uploads\/2024\/08\/Arbre-a-poule-Boutique_Villers-Saint-Paul_Creil-Sud-Oise-Tourisme-54-1200x800.jpg\" alt=\"p\u00e4dagogischer Bauernhof Villers-Saint-Paul Oise H\u00fchnerbaum Laden Verkauf auf dem Bauernhof lokaler Verbrauch\" class=\"wp-image-56227\" data-srcset=\"https:\/\/www.creilsudoise-tourisme.fr\/wp-content\/uploads\/2024\/08\/Arbre-a-poule-Boutique_Villers-Saint-Paul_Creil-Sud-Oise-Tourisme-54-1200x800.jpg 1200w, https:\/\/www.creilsudoise-tourisme.fr\/wp-content\/uploads\/2024\/08\/Arbre-a-poule-Boutique_Villers-Saint-Paul_Creil-Sud-Oise-Tourisme-54-600x400.jpg 600w, https:\/\/www.creilsudoise-tourisme.fr\/wp-content\/uploads\/2024\/08\/Arbre-a-poule-Boutique_Villers-Saint-Paul_Creil-Sud-Oise-Tourisme-54-900x600.jpg 900w, https:\/\/www.creilsudoise-tourisme.fr\/wp-content\/uploads\/2024\/08\/Arbre-a-poule-Boutique_Villers-Saint-Paul_Creil-Sud-Oise-Tourisme-54-18x12.jpg 18w, https:\/\/www.creilsudoise-tourisme.fr\/wp-content\/uploads\/2024\/08\/Arbre-a-poule-Boutique_Villers-Saint-Paul_Creil-Sud-Oise-Tourisme-54-200x133.jpg 200w, https:\/\/www.creilsudoise-tourisme.fr\/wp-content\/uploads\/2024\/08\/Arbre-a-poule-Boutique_Villers-Saint-Paul_Creil-Sud-Oise-Tourisme-54-650x433.jpg 650w, https:\/\/www.creilsudoise-tourisme.fr\/wp-content\/uploads\/2024\/08\/Arbre-a-poule-Boutique_Villers-Saint-Paul_Creil-Sud-Oise-Tourisme-54-387x258.jpg 387w, https:\/\/www.creilsudoise-tourisme.fr\/wp-content\/uploads\/2024\/08\/Arbre-a-poule-Boutique_Villers-Saint-Paul_Creil-Sud-Oise-Tourisme-54.jpg 1480w\" sizes=\"(max-width: 1200px) 100vw, 1200px\" \/><figcaption class=\"wp-element-caption\">Creil Sud Oise Tourisme<\/figcaption><\/figure>\n\n\n\n<figure class=\"wp-block-image size-large\"><img decoding=\"async\" loading=\"lazy\" width=\"1200\" height=\"800\" data-id=\"56226\"  data-src=\"https:\/\/www.creilsudoise-tourisme.fr\/wp-content\/uploads\/2024\/08\/Arbre-a-poule-Boutique_Villers-Saint-Paul_Creil-Sud-Oise-Tourisme-53-1200x800.jpg\" alt=\"p\u00e4dagogischer Bauernhof Villers-Saint-Paul Oise H\u00fchnerbaum Laden Verkauf auf dem Bauernhof lokaler Verbrauch\" class=\"wp-image-56226\" data-srcset=\"https:\/\/www.creilsudoise-tourisme.fr\/wp-content\/uploads\/2024\/08\/Arbre-a-poule-Boutique_Villers-Saint-Paul_Creil-Sud-Oise-Tourisme-53-1200x800.jpg 1200w, https:\/\/www.creilsudoise-tourisme.fr\/wp-content\/uploads\/2024\/08\/Arbre-a-poule-Boutique_Villers-Saint-Paul_Creil-Sud-Oise-Tourisme-53-600x400.jpg 600w, https:\/\/www.creilsudoise-tourisme.fr\/wp-content\/uploads\/2024\/08\/Arbre-a-poule-Boutique_Villers-Saint-Paul_Creil-Sud-Oise-Tourisme-53-900x600.jpg 900w, https:\/\/www.creilsudoise-tourisme.fr\/wp-content\/uploads\/2024\/08\/Arbre-a-poule-Boutique_Villers-Saint-Paul_Creil-Sud-Oise-Tourisme-53-18x12.jpg 18w, https:\/\/www.creilsudoise-tourisme.fr\/wp-content\/uploads\/2024\/08\/Arbre-a-poule-Boutique_Villers-Saint-Paul_Creil-Sud-Oise-Tourisme-53-200x133.jpg 200w, https:\/\/www.creilsudoise-tourisme.fr\/wp-content\/uploads\/2024\/08\/Arbre-a-poule-Boutique_Villers-Saint-Paul_Creil-Sud-Oise-Tourisme-53-650x433.jpg 650w, https:\/\/www.creilsudoise-tourisme.fr\/wp-content\/uploads\/2024\/08\/Arbre-a-poule-Boutique_Villers-Saint-Paul_Creil-Sud-Oise-Tourisme-53-387x258.jpg 387w, https:\/\/www.creilsudoise-tourisme.fr\/wp-content\/uploads\/2024\/08\/Arbre-a-poule-Boutique_Villers-Saint-Paul_Creil-Sud-Oise-Tourisme-53.jpg 1480w\" sizes=\"(max-width: 1200px) 100vw, 1200px\" \/><figcaption class=\"wp-element-caption\">Creil Sud Oise Tourisme<\/figcaption><\/figure>\n<\/figure>\n\n\n\n<p>Da die Covid-Jahre dazu f\u00fchren, dass die Menschen weniger reisen, wollen sie mehr an einem Ort. \"&nbsp;<em>Wir sind 2022 in eine GmbH umgewandelt worden, um zu entwickeln <strong>Verkauf ab Hof ohne Zwischenh\u00e4ndler mit einem Netzwerk von etwa 15 lokalen Erzeugern<\/strong>&nbsp;<\/em>\", k\u00fcndigt Patrick an. Zu Obst, Gem\u00fcse, Gefl\u00fcgel, Apfelsaft, Sirup, Marmelade, Kr\u00e4utern, Honig, frischem oder getrocknetem Kr\u00e4utertee aus dem \"Arbre \u00e0 poule\" kommen dann noch Eier, Milchprodukte, Bio-Brot, Rind- und Schweinefleisch hinzu.<\/p>\n\n\n\n<h3>Mit dem Label Bienvenue \u00e0 la ferme ausgezeichnet<\/h3>\n\n\n\n<p>Mit dem Label Bienvenue \u00e0 la ferme machen Mieter wie Vidocq und Cannelle, die Esel, \u00c9glantine, die Kuh, Orange und Clementine, die Schweine, Cr\u00e8me und Coquine, die Ziegen, oder Robin und Maurice, die Ziegenb\u00f6cke, das Gl\u00fcck der <strong>interessierte Besucher des Lernbauernhofs<\/strong>Die Sch\u00fclerinnen und Sch\u00fcler m\u00fcssen in der Lage sein, sich selbst zu organisieren, sei es als Privatperson, als Sch\u00fclerin oder Sch\u00fcler, als Verein oder als Sportverein. \"\u00a0<em><strong>Wir k\u00fcmmern uns bis zum Schluss um die Tiere, es ist ein richtiges Tierheim hier<\/strong>,<\/em> lacht Magali. <em>Einer unserer alten Ziegenb\u00f6cke erh\u00e4lt sogar Lasersitzungen, um seine Gelenke zu entlasten. Und um die Umgebung nicht zu st\u00f6ren, bringen wir die Tiere jeden Abend nach Hause und die H\u00fchnerst\u00e4lle sind schallisoliert.<\/em> \"<\/p>\n\n\n\n<figure class=\"is-layout-flex wp-block-gallery-10 wp-block-gallery has-nested-images columns-default is-cropped\">\n<figure class=\"wp-block-image size-large\"><img decoding=\"async\" loading=\"lazy\" width=\"1200\" height=\"800\" data-id=\"33009\"  data-src=\"https:\/\/www.creilsudoise-tourisme.fr\/wp-content\/uploads\/2021\/03\/Vache-a\u0300-la-Ferme-de-L_Arbre-a\u0300-poule-1200x800.jpg\" alt=\"Kuh p\u00e4dagogischer Bauernhof Villers-Saint-Paul Oise H\u00fchnerbaum\" class=\"wp-image-33009\" data-srcset=\"https:\/\/www.creilsudoise-tourisme.fr\/wp-content\/uploads\/2021\/03\/Vache-a\u0300-la-Ferme-de-L_Arbre-a\u0300-poule-1200x800.jpg 1200w, https:\/\/www.creilsudoise-tourisme.fr\/wp-content\/uploads\/2021\/03\/Vache-a\u0300-la-Ferme-de-L_Arbre-a\u0300-poule-600x400.jpg 600w, https:\/\/www.creilsudoise-tourisme.fr\/wp-content\/uploads\/2021\/03\/Vache-a\u0300-la-Ferme-de-L_Arbre-a\u0300-poule-900x600.jpg 900w, https:\/\/www.creilsudoise-tourisme.fr\/wp-content\/uploads\/2021\/03\/Vache-a\u0300-la-Ferme-de-L_Arbre-a\u0300-poule-1536x1024.jpg 1536w, https:\/\/www.creilsudoise-tourisme.fr\/wp-content\/uploads\/2021\/03\/Vache-a\u0300-la-Ferme-de-L_Arbre-a\u0300-poule-200x133.jpg 200w, https:\/\/www.creilsudoise-tourisme.fr\/wp-content\/uploads\/2021\/03\/Vache-a\u0300-la-Ferme-de-L_Arbre-a\u0300-poule-650x433.jpg 650w, https:\/\/www.creilsudoise-tourisme.fr\/wp-content\/uploads\/2021\/03\/Vache-a\u0300-la-Ferme-de-L_Arbre-a\u0300-poule-387x258.jpg 387w, https:\/\/www.creilsudoise-tourisme.fr\/wp-content\/uploads\/2021\/03\/Vache-a\u0300-la-Ferme-de-L_Arbre-a\u0300-poule.jpg 1600w\" sizes=\"(max-width: 1200px) 100vw, 1200px\" \/><figcaption class=\"wp-element-caption\">Creil Sud Oise Tourisme<\/figcaption><\/figure>\n\n\n\n<figure class=\"wp-block-image size-large\"><img decoding=\"async\" loading=\"lazy\" width=\"1200\" height=\"800\" data-id=\"33008\"  data-src=\"https:\/\/www.creilsudoise-tourisme.fr\/wp-content\/uploads\/2021\/03\/Cochon-a\u0300-la-Ferme-de-l_Arbre-a\u0300-poule-1200x800.jpg\" alt=\"Schwein p\u00e4dagogischer Bauernhof Villers-Saint-Paul Oise H\u00fchnerbaum\" class=\"wp-image-33008\" data-srcset=\"https:\/\/www.creilsudoise-tourisme.fr\/wp-content\/uploads\/2021\/03\/Cochon-a\u0300-la-Ferme-de-l_Arbre-a\u0300-poule-1200x800.jpg 1200w, https:\/\/www.creilsudoise-tourisme.fr\/wp-content\/uploads\/2021\/03\/Cochon-a\u0300-la-Ferme-de-l_Arbre-a\u0300-poule-600x400.jpg 600w, https:\/\/www.creilsudoise-tourisme.fr\/wp-content\/uploads\/2021\/03\/Cochon-a\u0300-la-Ferme-de-l_Arbre-a\u0300-poule-900x600.jpg 900w, https:\/\/www.creilsudoise-tourisme.fr\/wp-content\/uploads\/2021\/03\/Cochon-a\u0300-la-Ferme-de-l_Arbre-a\u0300-poule-1536x1024.jpg 1536w, https:\/\/www.creilsudoise-tourisme.fr\/wp-content\/uploads\/2021\/03\/Cochon-a\u0300-la-Ferme-de-l_Arbre-a\u0300-poule-200x133.jpg 200w, https:\/\/www.creilsudoise-tourisme.fr\/wp-content\/uploads\/2021\/03\/Cochon-a\u0300-la-Ferme-de-l_Arbre-a\u0300-poule-650x433.jpg 650w, https:\/\/www.creilsudoise-tourisme.fr\/wp-content\/uploads\/2021\/03\/Cochon-a\u0300-la-Ferme-de-l_Arbre-a\u0300-poule-387x258.jpg 387w, https:\/\/www.creilsudoise-tourisme.fr\/wp-content\/uploads\/2021\/03\/Cochon-a\u0300-la-Ferme-de-l_Arbre-a\u0300-poule.jpg 1800w\" sizes=\"(max-width: 1200px) 100vw, 1200px\" \/><figcaption class=\"wp-element-caption\">Creil Sud Oise Tourisme<\/figcaption><\/figure>\n\n\n\n<figure class=\"wp-block-image size-large\"><img decoding=\"async\" loading=\"lazy\" width=\"1200\" height=\"1035\" data-id=\"33007\"  data-src=\"https:\/\/www.creilsudoise-tourisme.fr\/wp-content\/uploads\/2021\/03\/Bouc-a\u0300-la-Ferme-de-L_Arbre-a\u0300-poule-1200x1035.jpg\" alt=\"Schaf p\u00e4dagogischer Bauernhof Villers-Saint-Paul Oise H\u00fchnerbaum\" class=\"wp-image-33007\" data-srcset=\"https:\/\/www.creilsudoise-tourisme.fr\/wp-content\/uploads\/2021\/03\/Bouc-a\u0300-la-Ferme-de-L_Arbre-a\u0300-poule-1200x1035.jpg 1200w, https:\/\/www.creilsudoise-tourisme.fr\/wp-content\/uploads\/2021\/03\/Bouc-a\u0300-la-Ferme-de-L_Arbre-a\u0300-poule-600x518.jpg 600w, https:\/\/www.creilsudoise-tourisme.fr\/wp-content\/uploads\/2021\/03\/Bouc-a\u0300-la-Ferme-de-L_Arbre-a\u0300-poule-900x776.jpg 900w, https:\/\/www.creilsudoise-tourisme.fr\/wp-content\/uploads\/2021\/03\/Bouc-a\u0300-la-Ferme-de-L_Arbre-a\u0300-poule-1536x1325.jpg 1536w, https:\/\/www.creilsudoise-tourisme.fr\/wp-content\/uploads\/2021\/03\/Bouc-a\u0300-la-Ferme-de-L_Arbre-a\u0300-poule-200x173.jpg 200w, https:\/\/www.creilsudoise-tourisme.fr\/wp-content\/uploads\/2021\/03\/Bouc-a\u0300-la-Ferme-de-L_Arbre-a\u0300-poule-650x561.jpg 650w, https:\/\/www.creilsudoise-tourisme.fr\/wp-content\/uploads\/2021\/03\/Bouc-a\u0300-la-Ferme-de-L_Arbre-a\u0300-poule-387x334.jpg 387w, https:\/\/www.creilsudoise-tourisme.fr\/wp-content\/uploads\/2021\/03\/Bouc-a\u0300-la-Ferme-de-L_Arbre-a\u0300-poule.jpg 1600w\" sizes=\"(max-width: 1200px) 100vw, 1200px\" \/><figcaption class=\"wp-element-caption\">Creil Sud Oise Tourisme<\/figcaption><\/figure>\n\n\n\n<figure class=\"wp-block-image size-large\"><img decoding=\"async\" loading=\"lazy\" width=\"1200\" height=\"675\" data-id=\"33012\"  data-src=\"https:\/\/www.creilsudoise-tourisme.fr\/wp-content\/uploads\/2021\/03\/Moutons-a\u0300-la-Ferme-de-l_Arbre-a\u0300-poule-1200x675.jpg\" alt=\"Schaf p\u00e4dagogischer Bauernhof Villers-Saint-Paul Oise H\u00fchnerbaum\" class=\"wp-image-33012\" data-srcset=\"https:\/\/www.creilsudoise-tourisme.fr\/wp-content\/uploads\/2021\/03\/Moutons-a\u0300-la-Ferme-de-l_Arbre-a\u0300-poule-1200x675.jpg 1200w, https:\/\/www.creilsudoise-tourisme.fr\/wp-content\/uploads\/2021\/03\/Moutons-a\u0300-la-Ferme-de-l_Arbre-a\u0300-poule-600x338.jpg 600w, https:\/\/www.creilsudoise-tourisme.fr\/wp-content\/uploads\/2021\/03\/Moutons-a\u0300-la-Ferme-de-l_Arbre-a\u0300-poule-900x506.jpg 900w, https:\/\/www.creilsudoise-tourisme.fr\/wp-content\/uploads\/2021\/03\/Moutons-a\u0300-la-Ferme-de-l_Arbre-a\u0300-poule-1536x864.jpg 1536w, https:\/\/www.creilsudoise-tourisme.fr\/wp-content\/uploads\/2021\/03\/Moutons-a\u0300-la-Ferme-de-l_Arbre-a\u0300-poule-2048x1152.jpg 2048w, https:\/\/www.creilsudoise-tourisme.fr\/wp-content\/uploads\/2021\/03\/Moutons-a\u0300-la-Ferme-de-l_Arbre-a\u0300-poule-200x113.jpg 200w, https:\/\/www.creilsudoise-tourisme.fr\/wp-content\/uploads\/2021\/03\/Moutons-a\u0300-la-Ferme-de-l_Arbre-a\u0300-poule-1600x900.jpg 1600w, https:\/\/www.creilsudoise-tourisme.fr\/wp-content\/uploads\/2021\/03\/Moutons-a\u0300-la-Ferme-de-l_Arbre-a\u0300-poule-650x366.jpg 650w, https:\/\/www.creilsudoise-tourisme.fr\/wp-content\/uploads\/2021\/03\/Moutons-a\u0300-la-Ferme-de-l_Arbre-a\u0300-poule-387x218.jpg 387w\" sizes=\"(max-width: 1200px) 100vw, 1200px\" \/><figcaption class=\"wp-element-caption\">Creil Sud Oise Tourisme<\/figcaption><\/figure>\n<\/figure>\n\n\n\n<p>Diejenigen, die das Experiment noch weiter treiben m\u00f6chten, um ihren Garten nach dem Vorbild der Permakultur zu bewirtschaften oder das Vlies der Tiere in seidige F\u00e4den zu verwandeln, erhalten in Kursen die fachkundigen Ratschl\u00e4ge des Ehepaars. \"&nbsp;<em>Wir sind wirklich in der Region verankert,<\/em> best\u00e4tigt Magali. <em>Wir spenden unseren Mist an die Kleing\u00e4rten in Villers-Saint-Paul und k\u00f6nnen einen Versammlungsraum f\u00fcr etwa 30 Personen zur Verf\u00fcgung stellen.&nbsp;<\/em>\"<\/p>\n\n\n\n<h3>Eine Unterkunft auf dem Bauernhof, und bald eine zweite<\/h3>\n\n\n\n<p>Nach dem <strong>G\u00eete de France-Label f\u00fcr \"l'Antre deux terres\" (Zweifelderhaus)<\/strong> die es ehemaligen Villersoisern erm\u00f6glicht, Verwandte zu besuchen, oder Touristen, in der N\u00e4he von Paris zu sein, richtet das Paar f\u00fcr das n\u00e4chste Jahr eine zweite Unterkunft ein. \"&nbsp;<em>Und wir haben <strong>das Vorhaben, ein kleines Museum \u00fcber das landwirtschaftliche Leben in Villers-Saint-Paul einzurichten <\/strong>mit Dokumenten und Hilfsmitteln rund um die Geschichte der Gemeinde<\/em>&nbsp;\", verr\u00e4t Patrick.<\/p>\n\n\n\n<figure class=\"is-layout-flex wp-block-gallery-12 wp-block-gallery has-nested-images columns-default is-cropped\">\n<figure class=\"wp-block-image size-large\"><img decoding=\"async\" loading=\"lazy\" width=\"1200\" height=\"900\" data-id=\"56266\"  data-src=\"https:\/\/www.creilsudoise-tourisme.fr\/wp-content\/uploads\/2024\/08\/2023-07-13-Villers-St-Paul-Arbre-a-poule-Magali-Patrick-Mancheron-IMG_5944-1200x900.jpg\" alt=\"g\u00eete entre deux terres ferme arbre \u00e0 poule oise\" class=\"wp-image-56266\" data-srcset=\"https:\/\/www.creilsudoise-tourisme.fr\/wp-content\/uploads\/2024\/08\/2023-07-13-Villers-St-Paul-Arbre-a-poule-Magali-Patrick-Mancheron-IMG_5944-1200x900.jpg 1200w, https:\/\/www.creilsudoise-tourisme.fr\/wp-content\/uploads\/2024\/08\/2023-07-13-Villers-St-Paul-Arbre-a-poule-Magali-Patrick-Mancheron-IMG_5944-600x450.jpg 600w, https:\/\/www.creilsudoise-tourisme.fr\/wp-content\/uploads\/2024\/08\/2023-07-13-Villers-St-Paul-Arbre-a-poule-Magali-Patrick-Mancheron-IMG_5944-900x675.jpg 900w, https:\/\/www.creilsudoise-tourisme.fr\/wp-content\/uploads\/2024\/08\/2023-07-13-Villers-St-Paul-Arbre-a-poule-Magali-Patrick-Mancheron-IMG_5944-16x12.jpg 16w, https:\/\/www.creilsudoise-tourisme.fr\/wp-content\/uploads\/2024\/08\/2023-07-13-Villers-St-Paul-Arbre-a-poule-Magali-Patrick-Mancheron-IMG_5944-200x150.jpg 200w, https:\/\/www.creilsudoise-tourisme.fr\/wp-content\/uploads\/2024\/08\/2023-07-13-Villers-St-Paul-Arbre-a-poule-Magali-Patrick-Mancheron-IMG_5944-650x488.jpg 650w, https:\/\/www.creilsudoise-tourisme.fr\/wp-content\/uploads\/2024\/08\/2023-07-13-Villers-St-Paul-Arbre-a-poule-Magali-Patrick-Mancheron-IMG_5944-387x290.jpg 387w, https:\/\/www.creilsudoise-tourisme.fr\/wp-content\/uploads\/2024\/08\/2023-07-13-Villers-St-Paul-Arbre-a-poule-Magali-Patrick-Mancheron-IMG_5944.jpg 1480w\" sizes=\"(max-width: 1200px) 100vw, 1200px\" \/><figcaption class=\"wp-element-caption\">Fred Noury<\/figcaption><\/figure>\n\n\n\n<figure class=\"wp-block-image size-large\"><img decoding=\"async\" loading=\"lazy\" width=\"1200\" height=\"900\" data-id=\"34412\"  data-src=\"https:\/\/www.creilsudoise-tourisme.fr\/wp-content\/uploads\/2021\/05\/Gite-lArbre-a-poule-Creil-Sud-Oise-Tourisme.jpg\" alt=\"G\u00eete de l&#039;Arbre \u00e0 poule in Villers-Saint-Paul\" class=\"wp-image-34412\" data-srcset=\"https:\/\/www.creilsudoise-tourisme.fr\/wp-content\/uploads\/2021\/05\/Gite-lArbre-a-poule-Creil-Sud-Oise-Tourisme.jpg 1200w, https:\/\/www.creilsudoise-tourisme.fr\/wp-content\/uploads\/2021\/05\/Gite-lArbre-a-poule-Creil-Sud-Oise-Tourisme-600x450.jpg 600w, https:\/\/www.creilsudoise-tourisme.fr\/wp-content\/uploads\/2021\/05\/Gite-lArbre-a-poule-Creil-Sud-Oise-Tourisme-900x675.jpg 900w, https:\/\/www.creilsudoise-tourisme.fr\/wp-content\/uploads\/2021\/05\/Gite-lArbre-a-poule-Creil-Sud-Oise-Tourisme-200x150.jpg 200w, https:\/\/www.creilsudoise-tourisme.fr\/wp-content\/uploads\/2021\/05\/Gite-lArbre-a-poule-Creil-Sud-Oise-Tourisme-650x488.jpg 650w, https:\/\/www.creilsudoise-tourisme.fr\/wp-content\/uploads\/2021\/05\/Gite-lArbre-a-poule-Creil-Sud-Oise-Tourisme-387x290.jpg 387w\" sizes=\"(max-width: 1200px) 100vw, 1200px\" \/><\/figure>\n<\/figure>\n\n\n\n<div class=\"is-layout-flex wp-container-17 wp-block-columns\">\n<div class=\"is-layout-flow wp-block-column\" style=\"flex-basis:25%\">\n<figure class=\"wp-block-image size-full\"><img decoding=\"async\" loading=\"lazy\" width=\"268\" height=\"250\" data-src=\"https:\/\/www.creilsudoise-tourisme.fr\/wp-content\/uploads\/2024\/08\/cropped-fredcom.png\" alt=\"\" class=\"wp-image-56310\" data-srcset=\"https:\/\/www.creilsudoise-tourisme.fr\/wp-content\/uploads\/2024\/08\/cropped-fredcom.png 268w, https:\/\/www.creilsudoise-tourisme.fr\/wp-content\/uploads\/2024\/08\/cropped-fredcom-13x12.png 13w, https:\/\/www.creilsudoise-tourisme.fr\/wp-content\/uploads\/2024\/08\/cropped-fredcom-200x187.png 200w\" sizes=\"(max-width: 268px) 100vw, 268px\" \/><\/figure>\n<\/div>\n\n\n\n<div class=\"is-layout-flow wp-block-column is-vertically-aligned-center\" style=\"flex-basis:50%\">\n<p><strong><strong>Fr\u00e9d\u00e9ric Noury<\/strong><\/strong> &#8211; <a href=\"https:\/\/fredcom.info\/\" target=\"_blank\" rel=\"noreferrer noopener\">FredCom<\/a><\/p>\n<\/div>\n\n\n\n<div class=\"is-layout-flow wp-block-column\" style=\"flex-basis:25%\"><\/div>\n<\/div>\n\n\n\n<hr class=\"wp-block-separator has-alpha-channel-opacity\"\/>\n\n\n\n<h2>Treffen mit Patrick und Magali auf Video<\/h2>\n\n\n\n<figure class=\"wp-block-embed is-type-video is-provider-youtube wp-block-embed-youtube wp-embed-aspect-16-9 wp-has-aspect-ratio\"><div class=\"wp-block-embed__wrapper\">\n<iframe loading=\"lazy\" title=\"[TREFFEN] mit Patrick &amp; Magali von l&#039;Arbre \u00e0 poule in Villers-Saint-Paul | Creil Sud Oise Tourisme\" width=\"500\" height=\"281\" data-src=\"https:\/\/www.youtube.com\/embed\/q-Jrxbr_oGE?list=PLyTXFZvx5-KNbtgLVlgXrRkIYsV-wBfYH\" frameborder=\"0\" allow=\"accelerometer; autoplay; clipboard-write; encrypted-media; gyroscope; picture-in-picture; web-share\" referrerpolicy=\"strict-origin-when-cross-origin\" allowfullscreen><\/iframe>\n<\/div><\/figure>\n\n\n\n\n\n<hr class=\"wp-block-separator has-alpha-channel-opacity\"\/>\n\n\n\n<h2>Das Ferienhaus L'Antre deux terres<\/h2>\n\n\n\n<figure class=\"wp-block-embed is-type-video is-provider-youtube wp-block-embed-youtube wp-embed-aspect-16-9 wp-has-aspect-ratio\"><div class=\"wp-block-embed__wrapper\">\n<iframe loading=\"lazy\" title=\"L&#039;antre Deux Terres : ein Ferienhaus inmitten eines Bauernhofs in der Oise!\" width=\"500\" height=\"281\" data-src=\"https:\/\/www.youtube.com\/embed\/lYFYGSrIvQI?feature=oembed\" frameborder=\"0\" allow=\"accelerometer; autoplay; clipboard-write; encrypted-media; gyroscope; picture-in-picture; web-share\" referrerpolicy=\"strict-origin-when-cross-origin\" allowfullscreen><\/iframe>\n<\/div><\/figure>\n\n\n\n<div class=\"wp-block wp-block-single-sit wp-block-single-sit-coordonnees\" >\n\n            <h2>Zugang<\/h2>\n    \n    <div class=\"wp-block-media-text is-stacked-on-mobile\">\n\n        <div class=\"wp-block-media-text__media wpet-map-detail\" style=\"width:100%; height: 100%;\">\n            <div class=\"wp-block-media-text__media__content\" id=\"wpetSingleSitMap\" data-wpet-type-map=\"leaflet\" ><\/div>\n        <\/div>\n\n        <div class=\"wp-block-media-text__content\">\n\n                            <p class=\"wp-block-coordonnees__status wp-block-coordonnees__status--close\">\n                    Geschlossen                <\/p>\n            \n            <p class=\"wp-block-media-text__content__address\">\n                                    <strong>L'antre deux terres<\/strong><br \/>\n                \n                                    24 rue Aristide Briand<br \/>\n                \n                                    <span>60870<\/span>\n                    <span>VILLERS-SAINT-PAUL<\/span><br \/>\n                            <\/p>\n\n                                                <p class=\"wp-block-media-text__content__phone\"><a data-type=\"\u201dTEL\u201d\" href=\"tel:33 (0)972579327\">33 (0)972579327<\/a><\/p>\n                            \n            <a href=\"https:\/\/www.google.fr\/maps?saddr&#038;daddr=49.2870981,2.483881\" target=\"_blank\" class=\"button GtmButtonCalculItinerairePrestataire\" rel=\"noopener noreferrer\">Meine Route berechnen<\/a>\n        <\/div>\n    <\/div>\n<\/div>\n\n\n    <div class=\"wp-block wp-block-single-sit wp-block-single-sit-ouvertures\" id=\"opening\">\n\n                    <h2>Er\u00f6ffnung<\/h2>\n        \n        \t<p>Alle \u00d6ffnungszeiten sind vorbei. Bitte nehmen Sie f\u00fcr weitere Informationen direkt mit dem Eigent\u00fcmer Kontakt auf.<\/p>\n\n    <\/div>\n\n\n\n    <div class=\"wp-block wp-block-single-sit wp-block-single-sit-tarifs\">\n\n                    <h2>Tarife<\/h2>\n        \n        \n    <table class=\"wpetTable\">\n                    <tr class=\"wpetTableLine\">\n                <td class=\"wpetTableCell\">\n                    Vermietung Woche                                    <\/td>\n                <td class=\"wpetTableCell\">375 \u20ac<\/td>\n            <\/tr>\n                    <tr class=\"wpetTableLine\">\n                <td class=\"wpetTableCell\">\n                    Vermietung Woche                                    <\/td>\n                <td class=\"wpetTableCell\">375 \u20ac<\/td>\n            <\/tr>\n                    <tr class=\"wpetTableLine\">\n                <td class=\"wpetTableCell\">\n                    Vermietung Wochenende                                    <\/td>\n                <td class=\"wpetTableCell\">262 \u20ac<\/td>\n            <\/tr>\n                    <tr class=\"wpetTableLine\">\n                <td class=\"wpetTableCell\">\n                    Vermietung Wochenende                                    <\/td>\n                <td class=\"wpetTableCell\">262 \u20ac<\/td>\n            <\/tr>\n                    <tr class=\"wpetTableLine\">\n                <td class=\"wpetTableCell\">\n                    Vermietung Wochenende                                    <\/td>\n                <td class=\"wpetTableCell\">262 \u20ac<\/td>\n            <\/tr>\n            <\/table>\n\n\n    \n    \n    \n    \n    \n    <\/div>\n\n\n\n\n<hr class=\"wp-block-separator has-alpha-channel-opacity\"\/>\n\n\n<div class=\"wp-block wp-block-highlight\">\n            <h3 class=\"wp-block-highlight-item wp-block-highlight-title\">Lust, mehr zu erfahren?<\/h3>\n                <p class=\"wp-block-highlight-item wp-block-highlight-excerpt\">Diese sch\u00f6ne Reportage wurde anl\u00e4sslich der Ver\u00f6ffentlichung des gesamten<strong> erstes Destinationsmagazin von Creil Sud Oise Tourisme<\/strong>.<br>Im Inneren, von n<strong>ombreux autres articles<\/strong> nehmen Sie mit auf eine Reise zu <strong>lokale Figuren<\/strong> und bieten <strong>Ausgehideen!<\/strong><br><strong>Bestellen Sie<\/strong> le, um es bei seiner Papierausgabe zu erhalten!<br><strong><a href=\"https:\/\/www.creilsudoise-tourisme.fr\/de\/praxis\/broschuren\/\" target=\"_blank\" rel=\"noreferrer noopener\">Hier, um es zu bestellen<\/a><\/strong><\/p>\n    <\/div>","protected":false},"excerpt":{"rendered":"<p>Freilaufende Bauernhoftiere, Obst und Gem\u00fcse, das im Einklang mit den Jahreszeiten angebaut wird, Gefl\u00fcgel, das im Freien gehalten wird, eine ganze Reihe von Schulungen, um althergebrachtes Wissen weiterzugeben: In der 11. Generation einer Familie, die seit 400 Jahren in Villers-Saint-Paul ans\u00e4ssig ist, betreiben Patrick Mancheron und seine Frau Magali mit dem Arbre [...].<\/p>","protected":false},"author":3,"featured_media":56262,"comment_status":"closed","ping_status":"closed","sticky":false,"template":"","format":"standard","meta":{"_relevanssi_hide_post":"","_relevanssi_hide_content":"","_relevanssi_pin_for_all":"","_relevanssi_pin_keywords":"","_relevanssi_unpin_keywords":"","_relevanssi_related_keywords":"","_relevanssi_related_include_ids":"","_relevanssi_related_exclude_ids":"","_relevanssi_related_no_append":"","_relevanssi_related_not_related":"","_relevanssi_related_posts":"40900,41679,32820,40150,42322,38711","_relevanssi_noindex_reason":""},"categories":[10],"tags":[],"yoast_head":"<!-- This site is optimized with the Yoast SEO plugin v20.2.1 - https:\/\/yoast.com\/wordpress\/plugins\/seo\/ -->\n<title>Une ferme en c\u0153ur de ville<\/title>\n<meta name=\"description\" content=\"Rencontre avec Patrick et Magali, propri\u00e9taires de l&#039;Arbre \u00e0 poule, leur ferme depuis 11 g\u00e9n\u00e9rations, en plein c\u0153ur de Villers-Saint-Paul\" \/>\n<meta name=\"robots\" content=\"index, follow, max-snippet:-1, max-image-preview:large, max-video-preview:-1\" \/>\n<link rel=\"canonical\" href=\"https:\/\/www.creilsudoise-tourisme.fr\/de\/2024\/09\/19\/patrick-magali-mancheron\/\" \/>\n<meta property=\"og:locale\" content=\"de_DE\" \/>\n<meta property=\"og:type\" content=\"article\" \/>\n<meta property=\"og:title\" content=\"Une ferme en c\u0153ur de ville\" \/>\n<meta property=\"og:description\" content=\"Rencontre avec Patrick et Magali, propri\u00e9taires de l&#039;Arbre \u00e0 poule, leur ferme depuis 11 g\u00e9n\u00e9rations, en plein c\u0153ur de Villers-Saint-Paul\" \/>\n<meta property=\"og:url\" content=\"https:\/\/www.creilsudoise-tourisme.fr\/de\/2024\/09\/19\/patrick-magali-mancheron\/\" \/>\n<meta property=\"og:site_name\" content=\"Office de Tourisme Creil Sud Oise\" \/>\n<meta property=\"article:publisher\" content=\"https:\/\/www.facebook.com\/creilsudoisetourisme\/\" \/>\n<meta property=\"article:published_time\" content=\"2024-09-19T14:56:33+00:00\" \/>\n<meta property=\"article:modified_time\" content=\"2024-08-22T08:04:34+00:00\" \/>\n<meta property=\"og:image\" content=\"https:\/\/www.creilsudoise-tourisme.fr\/wp-content\/uploads\/2024\/08\/Les-Mancheron.jpg\" \/>\n\t<meta property=\"og:image:width\" content=\"1020\" \/>\n\t<meta property=\"og:image:height\" content=\"1289\" \/>\n\t<meta property=\"og:image:type\" content=\"image\/jpeg\" \/>\n<meta name=\"author\" content=\"fdubut\" \/>\n<meta name=\"twitter:card\" content=\"summary_large_image\" \/>\n<meta name=\"twitter:creator\" content=\"@CreilSudOiseOT\" \/>\n<meta name=\"twitter:site\" content=\"@CreilSudOiseOT\" \/>\n<meta name=\"twitter:label1\" content=\"Verfasst von\" \/>\n\t<meta name=\"twitter:data1\" content=\"fdubut\" \/>\n\t<meta name=\"twitter:label2\" content=\"Gesch\u00e4tzte Lesezeit\" \/>\n\t<meta name=\"twitter:data2\" content=\"7\u00a0Minuten\" \/>\n<script type=\"application\/ld+json\" class=\"yoast-schema-graph\">{\"@context\":\"https:\/\/schema.org\",\"@graph\":[{\"@type\":\"Article\",\"@id\":\"https:\/\/www.creilsudoise-tourisme.fr\/2024\/09\/19\/patrick-magali-mancheron\/#article\",\"isPartOf\":{\"@id\":\"https:\/\/www.creilsudoise-tourisme.fr\/2024\/09\/19\/patrick-magali-mancheron\/\"},\"author\":{\"name\":\"fdubut\",\"@id\":\"https:\/\/www.creilsudoise-tourisme.fr\/#\/schema\/person\/c5140d47645b13bee896bfe05f1bd5da\"},\"headline\":\"Une ferme en c\u0153ur de ville\",\"datePublished\":\"2024-09-19T14:56:33+00:00\",\"dateModified\":\"2024-08-22T08:04:34+00:00\",\"mainEntityOfPage\":{\"@id\":\"https:\/\/www.creilsudoise-tourisme.fr\/2024\/09\/19\/patrick-magali-mancheron\/\"},\"wordCount\":1472,\"publisher\":{\"@id\":\"https:\/\/www.creilsudoise-tourisme.fr\/#organization\"},\"articleSection\":[\"Nos ambassadeurs\"],\"inLanguage\":\"de\"},{\"@type\":\"WebPage\",\"@id\":\"https:\/\/www.creilsudoise-tourisme.fr\/2024\/09\/19\/patrick-magali-mancheron\/\",\"url\":\"https:\/\/www.creilsudoise-tourisme.fr\/2024\/09\/19\/patrick-magali-mancheron\/\",\"name\":\"Une ferme en c\u0153ur de ville\",\"isPartOf\":{\"@id\":\"https:\/\/www.creilsudoise-tourisme.fr\/#website\"},\"datePublished\":\"2024-09-19T14:56:33+00:00\",\"dateModified\":\"2024-08-22T08:04:34+00:00\",\"description\":\"Rencontre avec Patrick et Magali, propri\u00e9taires de l'Arbre \u00e0 poule, leur ferme depuis 11 g\u00e9n\u00e9rations, en plein c\u0153ur de Villers-Saint-Paul\",\"breadcrumb\":{\"@id\":\"https:\/\/www.creilsudoise-tourisme.fr\/2024\/09\/19\/patrick-magali-mancheron\/#breadcrumb\"},\"inLanguage\":\"de\",\"potentialAction\":[{\"@type\":\"ReadAction\",\"target\":[\"https:\/\/www.creilsudoise-tourisme.fr\/2024\/09\/19\/patrick-magali-mancheron\/\"]}]},{\"@type\":\"BreadcrumbList\",\"@id\":\"https:\/\/www.creilsudoise-tourisme.fr\/2024\/09\/19\/patrick-magali-mancheron\/#breadcrumb\",\"itemListElement\":[{\"@type\":\"ListItem\",\"position\":1,\"name\":\"Accueil\",\"item\":\"https:\/\/www.creilsudoise-tourisme.fr\/\"},{\"@type\":\"ListItem\",\"position\":2,\"name\":\"Une ferme en c\u0153ur de ville\"}]},{\"@type\":\"WebSite\",\"@id\":\"https:\/\/www.creilsudoise-tourisme.fr\/#website\",\"url\":\"https:\/\/www.creilsudoise-tourisme.fr\/\",\"name\":\"Office de Tourisme Creil Sud Oise\",\"description\":\"Creil Sud Oise Tourisme, un territoire \u00e0 explorer !\",\"publisher\":{\"@id\":\"https:\/\/www.creilsudoise-tourisme.fr\/#organization\"},\"potentialAction\":[{\"@type\":\"SearchAction\",\"target\":{\"@type\":\"EntryPoint\",\"urlTemplate\":\"https:\/\/www.creilsudoise-tourisme.fr\/?s={search_term_string}\"},\"query-input\":\"required name=search_term_string\"}],\"inLanguage\":\"de\"},{\"@type\":\"Organization\",\"@id\":\"https:\/\/www.creilsudoise-tourisme.fr\/#organization\",\"name\":\"Creil Sud Oise Tourisme\",\"url\":\"https:\/\/www.creilsudoise-tourisme.fr\/\",\"logo\":{\"@type\":\"ImageObject\",\"inLanguage\":\"de\",\"@id\":\"https:\/\/www.creilsudoise-tourisme.fr\/#\/schema\/logo\/image\/\",\"url\":\"https:\/\/www.creilsudoise-tourisme.fr\/wp-content\/uploads\/2021\/05\/logo-svg.png\",\"contentUrl\":\"https:\/\/www.creilsudoise-tourisme.fr\/wp-content\/uploads\/2021\/05\/logo-svg.png\",\"width\":182,\"height\":71,\"caption\":\"Creil Sud Oise Tourisme\"},\"image\":{\"@id\":\"https:\/\/www.creilsudoise-tourisme.fr\/#\/schema\/logo\/image\/\"},\"sameAs\":[\"https:\/\/www.facebook.com\/creilsudoisetourisme\/\",\"https:\/\/twitter.com\/CreilSudOiseOT\",\"https:\/\/www.instagram.com\/creilsudoisetourisme\/\",\"https:\/\/www.youtube.com\/channel\/UC8L_QD2wwyADW14zt9fY8kw\"]},{\"@type\":\"Person\",\"@id\":\"https:\/\/www.creilsudoise-tourisme.fr\/#\/schema\/person\/c5140d47645b13bee896bfe05f1bd5da\",\"name\":\"fdubut\",\"image\":{\"@type\":\"ImageObject\",\"inLanguage\":\"de\",\"@id\":\"https:\/\/www.creilsudoise-tourisme.fr\/#\/schema\/person\/image\/\",\"url\":\"https:\/\/secure.gravatar.com\/avatar\/c49bb61337bf4556cafdbcb92c18618d?s=96&d=mm&r=g\",\"contentUrl\":\"https:\/\/secure.gravatar.com\/avatar\/c49bb61337bf4556cafdbcb92c18618d?s=96&d=mm&r=g\",\"caption\":\"fdubut\"},\"url\":\"https:\/\/www.creilsudoise-tourisme.fr\/de\/auteur\/fdubut\/\"}]}<\/script>\n<!-- \/ Yoast SEO plugin. -->","yoast_head_json":{"title":"Une ferme en c\u0153ur de ville","description":"Rencontre avec Patrick et Magali, propri\u00e9taires de l'Arbre \u00e0 poule, leur ferme depuis 11 g\u00e9n\u00e9rations, en plein c\u0153ur de Villers-Saint-Paul","robots":{"index":"index","follow":"follow","max-snippet":"max-snippet:-1","max-image-preview":"max-image-preview:large","max-video-preview":"max-video-preview:-1"},"canonical":"https:\/\/www.creilsudoise-tourisme.fr\/de\/2024\/09\/19\/patrick-magali-mancheron\/","og_locale":"de_DE","og_type":"article","og_title":"Une ferme en c\u0153ur de ville","og_description":"Rencontre avec Patrick et Magali, propri\u00e9taires de l'Arbre \u00e0 poule, leur ferme depuis 11 g\u00e9n\u00e9rations, en plein c\u0153ur de Villers-Saint-Paul","og_url":"https:\/\/www.creilsudoise-tourisme.fr\/de\/2024\/09\/19\/patrick-magali-mancheron\/","og_site_name":"Office de Tourisme Creil Sud Oise","article_publisher":"https:\/\/www.facebook.com\/creilsudoisetourisme\/","article_published_time":"2024-09-19T14:56:33+00:00","article_modified_time":"2024-08-22T08:04:34+00:00","og_image":[{"width":1020,"height":1289,"url":"https:\/\/www.creilsudoise-tourisme.fr\/wp-content\/uploads\/2024\/08\/Les-Mancheron.jpg","type":"image\/jpeg"}],"author":"fdubut","twitter_card":"summary_large_image","twitter_creator":"@CreilSudOiseOT","twitter_site":"@CreilSudOiseOT","twitter_misc":{"Verfasst von":"fdubut","Gesch\u00e4tzte Lesezeit":"7\u00a0Minuten"},"schema":{"@context":"https:\/\/schema.org","@graph":[{"@type":"Article","@id":"https:\/\/www.creilsudoise-tourisme.fr\/2024\/09\/19\/patrick-magali-mancheron\/#article","isPartOf":{"@id":"https:\/\/www.creilsudoise-tourisme.fr\/2024\/09\/19\/patrick-magali-mancheron\/"},"author":{"name":"fdubut","@id":"https:\/\/www.creilsudoise-tourisme.fr\/#\/schema\/person\/c5140d47645b13bee896bfe05f1bd5da"},"headline":"Une ferme en c\u0153ur de ville","datePublished":"2024-09-19T14:56:33+00:00","dateModified":"2024-08-22T08:04:34+00:00","mainEntityOfPage":{"@id":"https:\/\/www.creilsudoise-tourisme.fr\/2024\/09\/19\/patrick-magali-mancheron\/"},"wordCount":1472,"publisher":{"@id":"https:\/\/www.creilsudoise-tourisme.fr\/#organization"},"articleSection":["Nos ambassadeurs"],"inLanguage":"de"},{"@type":"WebPage","@id":"https:\/\/www.creilsudoise-tourisme.fr\/2024\/09\/19\/patrick-magali-mancheron\/","url":"https:\/\/www.creilsudoise-tourisme.fr\/2024\/09\/19\/patrick-magali-mancheron\/","name":"Une ferme en c\u0153ur de ville","isPartOf":{"@id":"https:\/\/www.creilsudoise-tourisme.fr\/#website"},"datePublished":"2024-09-19T14:56:33+00:00","dateModified":"2024-08-22T08:04:34+00:00","description":"Rencontre avec Patrick et Magali, propri\u00e9taires de l'Arbre \u00e0 poule, leur ferme depuis 11 g\u00e9n\u00e9rations, en plein c\u0153ur de Villers-Saint-Paul","breadcrumb":{"@id":"https:\/\/www.creilsudoise-tourisme.fr\/2024\/09\/19\/patrick-magali-mancheron\/#breadcrumb"},"inLanguage":"de","potentialAction":[{"@type":"ReadAction","target":["https:\/\/www.creilsudoise-tourisme.fr\/2024\/09\/19\/patrick-magali-mancheron\/"]}]},{"@type":"BreadcrumbList","@id":"https:\/\/www.creilsudoise-tourisme.fr\/2024\/09\/19\/patrick-magali-mancheron\/#breadcrumb","itemListElement":[{"@type":"ListItem","position":1,"name":"Accueil","item":"https:\/\/www.creilsudoise-tourisme.fr\/"},{"@type":"ListItem","position":2,"name":"Une ferme en c\u0153ur de ville"}]},{"@type":"WebSite","@id":"https:\/\/www.creilsudoise-tourisme.fr\/#website","url":"https:\/\/www.creilsudoise-tourisme.fr\/","name":"Office de Tourisme Creil Sud Oise","description":"Creil Sud Oise Tourisme, un territoire \u00e0 explorer !","publisher":{"@id":"https:\/\/www.creilsudoise-tourisme.fr\/#organization"},"potentialAction":[{"@type":"SearchAction","target":{"@type":"EntryPoint","urlTemplate":"https:\/\/www.creilsudoise-tourisme.fr\/?s={search_term_string}"},"query-input":"required name=search_term_string"}],"inLanguage":"de"},{"@type":"Organization","@id":"https:\/\/www.creilsudoise-tourisme.fr\/#organization","name":"Creil Sud Oise Tourisme","url":"https:\/\/www.creilsudoise-tourisme.fr\/","logo":{"@type":"ImageObject","inLanguage":"de","@id":"https:\/\/www.creilsudoise-tourisme.fr\/#\/schema\/logo\/image\/","url":"https:\/\/www.creilsudoise-tourisme.fr\/wp-content\/uploads\/2021\/05\/logo-svg.png","contentUrl":"https:\/\/www.creilsudoise-tourisme.fr\/wp-content\/uploads\/2021\/05\/logo-svg.png","width":182,"height":71,"caption":"Creil Sud Oise Tourisme"},"image":{"@id":"https:\/\/www.creilsudoise-tourisme.fr\/#\/schema\/logo\/image\/"},"sameAs":["https:\/\/www.facebook.com\/creilsudoisetourisme\/","https:\/\/twitter.com\/CreilSudOiseOT","https:\/\/www.instagram.com\/creilsudoisetourisme\/","https:\/\/www.youtube.com\/channel\/UC8L_QD2wwyADW14zt9fY8kw"]},{"@type":"Person","@id":"https:\/\/www.creilsudoise-tourisme.fr\/#\/schema\/person\/c5140d47645b13bee896bfe05f1bd5da","name":"fdubut","image":{"@type":"ImageObject","inLanguage":"de","@id":"https:\/\/www.creilsudoise-tourisme.fr\/#\/schema\/person\/image\/","url":"https:\/\/secure.gravatar.com\/avatar\/c49bb61337bf4556cafdbcb92c18618d?s=96&d=mm&r=g","contentUrl":"https:\/\/secure.gravatar.com\/avatar\/c49bb61337bf4556cafdbcb92c18618d?s=96&d=mm&r=g","caption":"fdubut"},"url":"https:\/\/www.creilsudoise-tourisme.fr\/de\/auteur\/fdubut\/"}]}},"_links":{"self":[{"href":"https:\/\/www.creilsudoise-tourisme.fr\/de\/wp-json\/wp\/v2\/posts\/56176"}],"collection":[{"href":"https:\/\/www.creilsudoise-tourisme.fr\/de\/wp-json\/wp\/v2\/posts"}],"about":[{"href":"https:\/\/www.creilsudoise-tourisme.fr\/de\/wp-json\/wp\/v2\/types\/post"}],"author":[{"embeddable":true,"href":"https:\/\/www.creilsudoise-tourisme.fr\/de\/wp-json\/wp\/v2\/users\/3"}],"replies":[{"embeddable":true,"href":"https:\/\/www.creilsudoise-tourisme.fr\/de\/wp-json\/wp\/v2\/comments?post=56176"}],"version-history":[{"count":10,"href":"https:\/\/www.creilsudoise-tourisme.fr\/de\/wp-json\/wp\/v2\/posts\/56176\/revisions"}],"predecessor-version":[{"id":56313,"href":"https:\/\/www.creilsudoise-tourisme.fr\/de\/wp-json\/wp\/v2\/posts\/56176\/revisions\/56313"}],"wp:featuredmedia":[{"embeddable":true,"href":"https:\/\/www.creilsudoise-tourisme.fr\/de\/wp-json\/wp\/v2\/media\/56262"}],"wp:attachment":[{"href":"https:\/\/www.creilsudoise-tourisme.fr\/de\/wp-json\/wp\/v2\/media?parent=56176"}],"wp:term":[{"taxonomy":"category","embeddable":true,"href":"https:\/\/www.creilsudoise-tourisme.fr\/de\/wp-json\/wp\/v2\/categories?post=56176"},{"taxonomy":"post_tag","embeddable":true,"href":"https:\/\/www.creilsudoise-tourisme.fr\/de\/wp-json\/wp\/v2\/tags?post=56176"}],"curies":[{"name":"wp","href":"https:\/\/api.w.org\/{rel}","templated":true}]}}