{"id":56040,"date":"2024-08-22T16:17:42","date_gmt":"2024-08-22T14:17:42","guid":{"rendered":"https:\/\/www.creilsudoise-tourisme.fr\/?p=56040"},"modified":"2024-09-19T12:05:23","modified_gmt":"2024-09-19T10:05:23","slug":"francoise-roy","status":"publish","type":"post","link":"https:\/\/www.creilsudoise-tourisme.fr\/de\/2024\/08\/22\/francoise-roy\/","title":{"rendered":"Die Abteikirche von Saint-Leu: den gr\u00f6\u00dften Kathedralen w\u00fcrdig"},"content":{"rendered":"<p class=\"is-style-excerpt\">Sie \u00fcberragt Saint-Leu-d'Esserent und die Ufer der Oise, jeder sieht sie, aber kennt man wirklich ihre Geschichte und ihre Geheimnisse?<strong> Entdecken Sie die Abteikirche Saint-Nicolas <\/strong>dank des Besuchs von <strong>Fran\u00e7oise Roy, Fremdenf\u00fchrerin der \"Villes et Pays d'art et d'histoire\" f\u00fcr die Region Picardie.<\/strong><\/p>\n\n\n\n<div class=\"is-layout-flex wp-container-3 wp-block-columns\">\n<div class=\"is-layout-flow wp-block-column\" style=\"flex-basis:33.33%\">\n<figure class=\"wp-block-image size-large\"><img decoding=\"async\" loading=\"lazy\" width=\"898\" height=\"1200\" data-src=\"https:\/\/www.creilsudoise-tourisme.fr\/wp-content\/uploads\/2024\/08\/Francoise-Roy-898x1200.jpg\" alt=\"\" class=\"wp-image-56041\" data-srcset=\"https:\/\/www.creilsudoise-tourisme.fr\/wp-content\/uploads\/2024\/08\/Francoise-Roy-898x1200.jpg 898w, https:\/\/www.creilsudoise-tourisme.fr\/wp-content\/uploads\/2024\/08\/Francoise-Roy-449x600.jpg 449w, https:\/\/www.creilsudoise-tourisme.fr\/wp-content\/uploads\/2024\/08\/Francoise-Roy-673x900.jpg 673w, https:\/\/www.creilsudoise-tourisme.fr\/wp-content\/uploads\/2024\/08\/Francoise-Roy-1149x1536.jpg 1149w, https:\/\/www.creilsudoise-tourisme.fr\/wp-content\/uploads\/2024\/08\/Francoise-Roy-9x12.jpg 9w, https:\/\/www.creilsudoise-tourisme.fr\/wp-content\/uploads\/2024\/08\/Francoise-Roy-200x267.jpg 200w, https:\/\/www.creilsudoise-tourisme.fr\/wp-content\/uploads\/2024\/08\/Francoise-Roy-650x869.jpg 650w, https:\/\/www.creilsudoise-tourisme.fr\/wp-content\/uploads\/2024\/08\/Francoise-Roy-387x517.jpg 387w, https:\/\/www.creilsudoise-tourisme.fr\/wp-content\/uploads\/2024\/08\/Francoise-Roy.jpg 1382w\" sizes=\"(max-width: 898px) 100vw, 898px\" \/><\/figure>\n<\/div>\n\n\n\n<div class=\"is-layout-flow wp-block-column\" style=\"flex-basis:66.66%\">\n<p>Wir trafen <strong>Fran\u00e7oise Roy, Fremdenf\u00fchrerin und Geschichtsinteressierte<\/strong>die uns von dieser <strong>Abteikirche<\/strong>.<\/p>\n<\/div>\n<\/div>\n\n\n\n<h2>Eine Geschichte von \u00fcber 1200 Jahren<\/h2>\n\n\n\n<p>Bevor sie Fremdenf\u00fchrerin wurde, war Fran\u00e7oise Roy im Handel t\u00e4tig. Vor einigen Jahren musste sie sich beruflich neu orientieren, und es war ganz nat\u00fcrlich, dass sie sich ihrer Leidenschaft f\u00fcr Geschichte zuwandte und so Fremdenf\u00fchrerin in ihrem geliebten D\u00e9partement wurde. <strong>Fran\u00e7oise verliebte sich anschlie\u00dfend in das sch\u00f6ne Geb\u00e4ude der Abteikirche von Saint-Leu-d'Esserent mit ihren unz\u00e4hligen Besonderheiten.<\/strong><\/p>\n\n\n\n<figure class=\"wp-block-image size-large\"><img decoding=\"async\" loading=\"lazy\" width=\"1200\" height=\"675\" data-src=\"https:\/\/www.creilsudoise-tourisme.fr\/wp-content\/uploads\/wpetourisme\/Abbatiale-Saint-Nicolas-a-Saint-Leu-d-Esserent--1--1200x675.jpg\" alt=\"\" class=\"wp-image-48719\" data-srcset=\"https:\/\/www.creilsudoise-tourisme.fr\/wp-content\/uploads\/wpetourisme\/Abbatiale-Saint-Nicolas-a-Saint-Leu-d-Esserent--1--1200x675.jpg 1200w, https:\/\/www.creilsudoise-tourisme.fr\/wp-content\/uploads\/wpetourisme\/Abbatiale-Saint-Nicolas-a-Saint-Leu-d-Esserent--1--600x337.jpg 600w, https:\/\/www.creilsudoise-tourisme.fr\/wp-content\/uploads\/wpetourisme\/Abbatiale-Saint-Nicolas-a-Saint-Leu-d-Esserent--1--900x506.jpg 900w, https:\/\/www.creilsudoise-tourisme.fr\/wp-content\/uploads\/wpetourisme\/Abbatiale-Saint-Nicolas-a-Saint-Leu-d-Esserent--1--18x10.jpg 18w, https:\/\/www.creilsudoise-tourisme.fr\/wp-content\/uploads\/wpetourisme\/Abbatiale-Saint-Nicolas-a-Saint-Leu-d-Esserent--1--200x112.jpg 200w, https:\/\/www.creilsudoise-tourisme.fr\/wp-content\/uploads\/wpetourisme\/Abbatiale-Saint-Nicolas-a-Saint-Leu-d-Esserent--1--650x365.jpg 650w, https:\/\/www.creilsudoise-tourisme.fr\/wp-content\/uploads\/wpetourisme\/Abbatiale-Saint-Nicolas-a-Saint-Leu-d-Esserent--1--387x218.jpg 387w, https:\/\/www.creilsudoise-tourisme.fr\/wp-content\/uploads\/wpetourisme\/Abbatiale-Saint-Nicolas-a-Saint-Leu-d-Esserent--1-.jpg 1480w\" sizes=\"(max-width: 1200px) 100vw, 1200px\" \/><\/figure>\n\n\n\n<p>Die erste ist, dass sie sich aus mehreren Konstruktionen zusammensetzt. Auf der Grundlage der Hypothesen von Delphine Hanquiez, Dozentin und Doktorin der Kunstgeschichte, erkl\u00e4rt Fran\u00e7oise Roy <em>\" dass<strong>es gab drei aufeinanderfolgende Geb\u00e4ude <\/strong>: zun\u00e4chst eine <strong>Kirche vom 10.<sup>\u00e8me<\/sup> Jahrhundert<\/strong> der eine merowingische Grabst\u00e4tte st\u00f6rte, da man Sarkophage in der N\u00e4he des heutigen Eingangs gefunden hat.\"<\/em><\/p>\n\n\n\n<p>Diese Kirche wird von M\u00f6nchen f\u00fcr ihr Kloster gebaut, das im 11.<sup>\u00e8me <\/sup>Jahrhundert, als 1081 ein kluniazensisches Priorat gegr\u00fcndet wurde: <em>\"&nbsp;<\/em><strong><em>Diese Kirche erz\u00e4hlt uns auch eine Geschichte, <\/em>gesteht Fran\u00e7oise Roy, <em>die von Hugues de Dammartin<\/em><\/strong><em>Ein mittelalterlicher Herr, der in der Mitte seines Lebens beschlie\u00dft, f\u00fcr sein Seelenheil zu arbeiten, indem er dem Bischof von Beauvais die Kirche von Saint-Leu schenkt und sie so dem Cluniazenserorden \u00fcbergibt. Diese Schenkung ging mit weiteren Schenkungen einher: Land, Weinberge, M\u00fchlen, Durchgangssteuern, die den Bau einer Kirche erm\u00f6glichten, die dem damals aufstrebenden Cluniazenserorden w\u00fcrdig war.<\/em>.<\/p>\n\n\n\n<p><strong>Sein Nachkomme, Renaud de Dammartin<\/strong> war ein typischer Aristokrat des Mittelalters, der gerne Kriege f\u00fchrte und sich L\u00e4ndereien und Kirchen aneignete. Er <strong>zog sich damit den Zorn der Kirche zu<\/strong> der ihn exkommunizierte, eine der schlimmsten Strafen, die man einer Person auferlegen konnte. <strong>Erstaunlich: Trotz seiner Exkommunikation ist seine Liege somit noch heute in der Abteikirche zu sehen.<\/strong><\/p>\n\n\n\n<p>Nach den Schenkungen seines Vorfahren Hugues de Dammartin begannen die M\u00f6nche mit einer Reihe von Bauma\u00dfnahmen, von denen die erste das westliche Massiv betraf, d. h. den Eingang zur Kirche mit den verschiedenen Vorhallen. Die bestehende Kirche bleibt erhalten, sie f\u00fcgen lediglich diesen Kult- und Prozessionsraum sowie einen s\u00fcdlichen Turm hinzu. Ab 1160 beginnt der Bau des Chors, nat\u00fcrlich mit den beiden gro\u00dfen T\u00fcrmen, die das Oise-Tal \u00fcberblicken. Ab den 1180er Jahren schlie\u00dflich begannen die M\u00f6nche mit dem Bau des Kirchenschiffs, d. h. der Verbindung zwischen dem westlichen Massiv und dem Chor. Historiker sch\u00e4tzen, dass die gr\u00f6\u00dften Arbeiten um 1210 abgeschlossen waren.<\/p>\n\n\n\n<figure class=\"is-layout-flex wp-block-gallery-4 wp-block-gallery has-nested-images columns-default is-cropped\">\n<figure class=\"wp-block-image size-large\"><img decoding=\"async\" loading=\"lazy\" width=\"1200\" height=\"800\" data-id=\"50897\"  data-src=\"https:\/\/www.creilsudoise-tourisme.fr\/wp-content\/uploads\/2023\/11\/tournage-abbatiale-nef-egilse-gothique-1200x800.jpg\" alt=\"Kino Dreharbeiten Abteikirche gotische Kirche Kirchenschiff Dreharbeiten gebaute Kulissen\" class=\"wp-image-50897\" data-srcset=\"https:\/\/www.creilsudoise-tourisme.fr\/wp-content\/uploads\/2023\/11\/tournage-abbatiale-nef-egilse-gothique-1200x800.jpg 1200w, https:\/\/www.creilsudoise-tourisme.fr\/wp-content\/uploads\/2023\/11\/tournage-abbatiale-nef-egilse-gothique-600x400.jpg 600w, https:\/\/www.creilsudoise-tourisme.fr\/wp-content\/uploads\/2023\/11\/tournage-abbatiale-nef-egilse-gothique-900x600.jpg 900w, https:\/\/www.creilsudoise-tourisme.fr\/wp-content\/uploads\/2023\/11\/tournage-abbatiale-nef-egilse-gothique-18x12.jpg 18w, https:\/\/www.creilsudoise-tourisme.fr\/wp-content\/uploads\/2023\/11\/tournage-abbatiale-nef-egilse-gothique-200x133.jpg 200w, https:\/\/www.creilsudoise-tourisme.fr\/wp-content\/uploads\/2023\/11\/tournage-abbatiale-nef-egilse-gothique-650x433.jpg 650w, https:\/\/www.creilsudoise-tourisme.fr\/wp-content\/uploads\/2023\/11\/tournage-abbatiale-nef-egilse-gothique-387x258.jpg 387w, https:\/\/www.creilsudoise-tourisme.fr\/wp-content\/uploads\/2023\/11\/tournage-abbatiale-nef-egilse-gothique.jpg 1480w\" sizes=\"(max-width: 1200px) 100vw, 1200px\" \/><figcaption class=\"wp-element-caption\"> Creil Sud Oise Tourisme<\/figcaption><\/figure>\n\n\n\n<figure class=\"wp-block-image size-large\"><img decoding=\"async\" loading=\"lazy\" width=\"1200\" height=\"800\" data-id=\"50896\"  data-src=\"https:\/\/www.creilsudoise-tourisme.fr\/wp-content\/uploads\/2023\/11\/tournage-abbatiale-eglise-gotique-1200x800.jpg\" alt=\"Kino Dreharbeiten Abteikirche gotische Kirche Kirchenschiff Dreharbeiten gebaute Kulissen\" class=\"wp-image-50896\" data-srcset=\"https:\/\/www.creilsudoise-tourisme.fr\/wp-content\/uploads\/2023\/11\/tournage-abbatiale-eglise-gotique-1200x800.jpg 1200w, https:\/\/www.creilsudoise-tourisme.fr\/wp-content\/uploads\/2023\/11\/tournage-abbatiale-eglise-gotique-600x400.jpg 600w, https:\/\/www.creilsudoise-tourisme.fr\/wp-content\/uploads\/2023\/11\/tournage-abbatiale-eglise-gotique-900x600.jpg 900w, https:\/\/www.creilsudoise-tourisme.fr\/wp-content\/uploads\/2023\/11\/tournage-abbatiale-eglise-gotique-18x12.jpg 18w, https:\/\/www.creilsudoise-tourisme.fr\/wp-content\/uploads\/2023\/11\/tournage-abbatiale-eglise-gotique-200x133.jpg 200w, https:\/\/www.creilsudoise-tourisme.fr\/wp-content\/uploads\/2023\/11\/tournage-abbatiale-eglise-gotique-650x433.jpg 650w, https:\/\/www.creilsudoise-tourisme.fr\/wp-content\/uploads\/2023\/11\/tournage-abbatiale-eglise-gotique-387x258.jpg 387w, https:\/\/www.creilsudoise-tourisme.fr\/wp-content\/uploads\/2023\/11\/tournage-abbatiale-eglise-gotique.jpg 1480w\" sizes=\"(max-width: 1200px) 100vw, 1200px\" \/><figcaption class=\"wp-element-caption\"> Creil Sud Oise Tourisme<\/figcaption><\/figure>\n\n\n\n<figure class=\"wp-block-image size-large\"><img decoding=\"async\" loading=\"lazy\" width=\"1200\" height=\"675\" data-id=\"48723\"  data-src=\"https:\/\/www.creilsudoise-tourisme.fr\/wp-content\/uploads\/wpetourisme\/Abbatiale-Saint-Nicolas-a-Saint-Leu-d-Esserent--2--1200x675.jpg\" alt=\"\" class=\"wp-image-48723\" data-srcset=\"https:\/\/www.creilsudoise-tourisme.fr\/wp-content\/uploads\/wpetourisme\/Abbatiale-Saint-Nicolas-a-Saint-Leu-d-Esserent--2--1200x675.jpg 1200w, https:\/\/www.creilsudoise-tourisme.fr\/wp-content\/uploads\/wpetourisme\/Abbatiale-Saint-Nicolas-a-Saint-Leu-d-Esserent--2--600x338.jpg 600w, https:\/\/www.creilsudoise-tourisme.fr\/wp-content\/uploads\/wpetourisme\/Abbatiale-Saint-Nicolas-a-Saint-Leu-d-Esserent--2--900x507.jpg 900w, https:\/\/www.creilsudoise-tourisme.fr\/wp-content\/uploads\/wpetourisme\/Abbatiale-Saint-Nicolas-a-Saint-Leu-d-Esserent--2--18x10.jpg 18w, https:\/\/www.creilsudoise-tourisme.fr\/wp-content\/uploads\/wpetourisme\/Abbatiale-Saint-Nicolas-a-Saint-Leu-d-Esserent--2--200x113.jpg 200w, https:\/\/www.creilsudoise-tourisme.fr\/wp-content\/uploads\/wpetourisme\/Abbatiale-Saint-Nicolas-a-Saint-Leu-d-Esserent--2--650x366.jpg 650w, https:\/\/www.creilsudoise-tourisme.fr\/wp-content\/uploads\/wpetourisme\/Abbatiale-Saint-Nicolas-a-Saint-Leu-d-Esserent--2--387x218.jpg 387w, https:\/\/www.creilsudoise-tourisme.fr\/wp-content\/uploads\/wpetourisme\/Abbatiale-Saint-Nicolas-a-Saint-Leu-d-Esserent--2-.jpg 1480w\" sizes=\"(max-width: 1200px) 100vw, 1200px\" \/><\/figure>\n\n\n\n<figure class=\"wp-block-image size-large\"><img decoding=\"async\" loading=\"lazy\" width=\"1200\" height=\"675\" data-id=\"48722\"  data-src=\"https:\/\/www.creilsudoise-tourisme.fr\/wp-content\/uploads\/wpetourisme\/Abbatiale-Saint-Nicolas-a-Saint-Leu-d-Esserent--3--1200x675.jpg\" alt=\"\" class=\"wp-image-48722\" data-srcset=\"https:\/\/www.creilsudoise-tourisme.fr\/wp-content\/uploads\/wpetourisme\/Abbatiale-Saint-Nicolas-a-Saint-Leu-d-Esserent--3--1200x675.jpg 1200w, https:\/\/www.creilsudoise-tourisme.fr\/wp-content\/uploads\/wpetourisme\/Abbatiale-Saint-Nicolas-a-Saint-Leu-d-Esserent--3--600x338.jpg 600w, https:\/\/www.creilsudoise-tourisme.fr\/wp-content\/uploads\/wpetourisme\/Abbatiale-Saint-Nicolas-a-Saint-Leu-d-Esserent--3--900x507.jpg 900w, https:\/\/www.creilsudoise-tourisme.fr\/wp-content\/uploads\/wpetourisme\/Abbatiale-Saint-Nicolas-a-Saint-Leu-d-Esserent--3--18x10.jpg 18w, https:\/\/www.creilsudoise-tourisme.fr\/wp-content\/uploads\/wpetourisme\/Abbatiale-Saint-Nicolas-a-Saint-Leu-d-Esserent--3--200x113.jpg 200w, https:\/\/www.creilsudoise-tourisme.fr\/wp-content\/uploads\/wpetourisme\/Abbatiale-Saint-Nicolas-a-Saint-Leu-d-Esserent--3--650x366.jpg 650w, https:\/\/www.creilsudoise-tourisme.fr\/wp-content\/uploads\/wpetourisme\/Abbatiale-Saint-Nicolas-a-Saint-Leu-d-Esserent--3--387x218.jpg 387w, https:\/\/www.creilsudoise-tourisme.fr\/wp-content\/uploads\/wpetourisme\/Abbatiale-Saint-Nicolas-a-Saint-Leu-d-Esserent--3-.jpg 1480w\" sizes=\"(max-width: 1200px) 100vw, 1200px\" \/><\/figure>\n\n\n\n<figure class=\"wp-block-image size-large\"><img decoding=\"async\" loading=\"lazy\" width=\"1200\" height=\"675\" data-id=\"48724\"  data-src=\"https:\/\/www.creilsudoise-tourisme.fr\/wp-content\/uploads\/wpetourisme\/Abbatiale-Saint-Nicolas-a-Saint-Leu-d-Esserent--1--1200x675.png\" alt=\"\" class=\"wp-image-48724\" data-srcset=\"https:\/\/www.creilsudoise-tourisme.fr\/wp-content\/uploads\/wpetourisme\/Abbatiale-Saint-Nicolas-a-Saint-Leu-d-Esserent--1--1200x675.png 1200w, https:\/\/www.creilsudoise-tourisme.fr\/wp-content\/uploads\/wpetourisme\/Abbatiale-Saint-Nicolas-a-Saint-Leu-d-Esserent--1--600x338.png 600w, https:\/\/www.creilsudoise-tourisme.fr\/wp-content\/uploads\/wpetourisme\/Abbatiale-Saint-Nicolas-a-Saint-Leu-d-Esserent--1--900x507.png 900w, https:\/\/www.creilsudoise-tourisme.fr\/wp-content\/uploads\/wpetourisme\/Abbatiale-Saint-Nicolas-a-Saint-Leu-d-Esserent--1--18x10.png 18w, https:\/\/www.creilsudoise-tourisme.fr\/wp-content\/uploads\/wpetourisme\/Abbatiale-Saint-Nicolas-a-Saint-Leu-d-Esserent--1--200x113.png 200w, https:\/\/www.creilsudoise-tourisme.fr\/wp-content\/uploads\/wpetourisme\/Abbatiale-Saint-Nicolas-a-Saint-Leu-d-Esserent--1--650x366.png 650w, https:\/\/www.creilsudoise-tourisme.fr\/wp-content\/uploads\/wpetourisme\/Abbatiale-Saint-Nicolas-a-Saint-Leu-d-Esserent--1--387x218.png 387w, https:\/\/www.creilsudoise-tourisme.fr\/wp-content\/uploads\/wpetourisme\/Abbatiale-Saint-Nicolas-a-Saint-Leu-d-Esserent--1-.png 1480w\" sizes=\"(max-width: 1200px) 100vw, 1200px\" \/><\/figure>\n<\/figure>\n\n\n\n<p>Auch wenn dies f\u00fcr weniger versierte Personen nicht sofort ersichtlich ist,<strong> es gibt Hinweise in der Architektur des Denkmals, die seine verschiedenen Bauphasen zeigen<\/strong>Sie werden von Fran\u00e7oise Roy w\u00e4hrend Ihres Besuchs informiert: <em>\"Das sieht man schon von weitem: Die Mauer des Eingangs ist nicht zentriert, da sie ihr westliches Massiv an die Kirche, die dort stand, angebaut haben.\"<\/em><\/p>\n\n\n\n<h2>Was bedeutet der Begriff \"Abteikirche\"?<\/h2>\n\n\n\n<p>Ungew\u00f6hnlich gro\u00df f\u00fcr die Kirche eines Klosters, das zu seiner Bl\u00fctezeit etwa 30 M\u00f6nche z\u00e4hlte, <strong>sie wurde zu ihrer Zeit \"die kleine Kathedrale\" genannt<\/strong>. <\/p>\n\n\n\n<p>Gr\u00f6\u00dfer als die Kathedrale von Senlis,<strong> das Priorat von Saint-Leu-d'Esserent wurde aufgrund seiner Gr\u00f6\u00dfe und seines regionalen Einflusses daher Abbatiale genannt. <\/strong>Es ist n\u00e4mlich das gr\u00f6\u00dfte der vier in der Region existierenden Cluniazenser-Priorate, ganz zu schweigen davon, dass der K\u00f6nig bei der Gr\u00fcndung anwesend war, was die Bedeutung dieses Geb\u00e4udes unterstreicht.<\/p>\n\n\n\n<p>F\u00fcr Fran\u00e7oise Roy ist es sogar <em>\"eines der interessantesten Denkm\u00e4ler des Kulturerbes der Isar, da es mit der geografischen, politischen, religi\u00f6sen und wirtschaftlichen Geschichte seiner Region verbunden ist\".<\/em>.<\/p>\n\n\n\n<figure class=\"wp-block-image size-large\"><img decoding=\"async\" loading=\"lazy\" width=\"1200\" height=\"675\" data-src=\"https:\/\/www.creilsudoise-tourisme.fr\/wp-content\/uploads\/wpetourisme\/Abbatiale-Saint-Nicolas-a-Saint-Leu-d-Esserent--5--1200x675.jpg\" alt=\"\" class=\"wp-image-48720\" data-srcset=\"https:\/\/www.creilsudoise-tourisme.fr\/wp-content\/uploads\/wpetourisme\/Abbatiale-Saint-Nicolas-a-Saint-Leu-d-Esserent--5--1200x675.jpg 1200w, https:\/\/www.creilsudoise-tourisme.fr\/wp-content\/uploads\/wpetourisme\/Abbatiale-Saint-Nicolas-a-Saint-Leu-d-Esserent--5--600x338.jpg 600w, https:\/\/www.creilsudoise-tourisme.fr\/wp-content\/uploads\/wpetourisme\/Abbatiale-Saint-Nicolas-a-Saint-Leu-d-Esserent--5--900x507.jpg 900w, https:\/\/www.creilsudoise-tourisme.fr\/wp-content\/uploads\/wpetourisme\/Abbatiale-Saint-Nicolas-a-Saint-Leu-d-Esserent--5--18x10.jpg 18w, https:\/\/www.creilsudoise-tourisme.fr\/wp-content\/uploads\/wpetourisme\/Abbatiale-Saint-Nicolas-a-Saint-Leu-d-Esserent--5--200x113.jpg 200w, https:\/\/www.creilsudoise-tourisme.fr\/wp-content\/uploads\/wpetourisme\/Abbatiale-Saint-Nicolas-a-Saint-Leu-d-Esserent--5--650x366.jpg 650w, https:\/\/www.creilsudoise-tourisme.fr\/wp-content\/uploads\/wpetourisme\/Abbatiale-Saint-Nicolas-a-Saint-Leu-d-Esserent--5--387x218.jpg 387w, https:\/\/www.creilsudoise-tourisme.fr\/wp-content\/uploads\/wpetourisme\/Abbatiale-Saint-Nicolas-a-Saint-Leu-d-Esserent--5-.jpg 1480w\" sizes=\"(max-width: 1200px) 100vw, 1200px\" \/><\/figure>\n\n\n\n<h2>Die Bedeutung von Saint-Leu-d'Esserent im Mittelalter<\/h2>\n\n\n\n<p>Wie bei der <a href=\"https:\/\/www.creilsudoise-tourisme.fr\/de\/2024\/04\/26\/nicolas-bilot\/\" target=\"_blank\" rel=\"noreferrer noopener\">Schloss Creil<\/a>, <strong>die erste St\u00e4rke von Saint-Leu-d'Esserent ist, dass es am Ufer der Oise liegt<\/strong>Die Abteikirche wurde daher auch Abteikirche genannt: <em>\"&nbsp;<strong>Sankt Nikolaus war der Schutzpatron der Schiffer und Bootsleute.<\/strong> Wir sind nur einen Steinwurf von der Oise entfernt, die ein wichtiger Handelsweg war\".<\/em> betont Fran\u00e7oise Roy.<\/p>\n\n\n\n<p>Es ist am 12<sup>\u00e8me<\/sup> Jahrhundert, w\u00e4hrend des Baus der Abteikirche, dass die <strong>Stadt wird wirklich wichtig <\/strong>:&nbsp;<em>\"Dieses Cluniazenserkloster nimmt eine besondere Stellung beim Mutterhaus des Ordens in Cluny in Burgund ein und profitiert von einflussreichen Protektoren, wie dem Grafen von Clermont, der um 1176 das Priorat verwaltet. Er verlegte die Messe seiner Kastellanei von Creil nach Hescerent (Esserent), um die Einnahmen des Klosters zu erh\u00f6hen und so die Arbeiten an der Kirche wieder aufnehmen zu k\u00f6nnen.\"<\/em><\/p>\n\n\n\n<figure class=\"is-layout-flex wp-block-gallery-6 wp-block-gallery has-nested-images columns-default is-cropped\">\n<figure class=\"wp-block-image size-large\"><img decoding=\"async\" loading=\"lazy\" width=\"1200\" height=\"668\" data-id=\"33859\"  data-src=\"https:\/\/www.creilsudoise-tourisme.fr\/wp-content\/uploads\/2021\/02\/Abbatiale-\u00a9-Ardoise-8-1200x668.jpg\" alt=\"Abteikirche Kirche Oise Besuch Kulturerbe Romanik Gotik Cluny\" class=\"wp-image-33859\" data-srcset=\"https:\/\/www.creilsudoise-tourisme.fr\/wp-content\/uploads\/2021\/02\/Abbatiale-\u00a9-Ardoise-8-1200x668.jpg 1200w, https:\/\/www.creilsudoise-tourisme.fr\/wp-content\/uploads\/2021\/02\/Abbatiale-\u00a9-Ardoise-8-600x334.jpg 600w, https:\/\/www.creilsudoise-tourisme.fr\/wp-content\/uploads\/2021\/02\/Abbatiale-\u00a9-Ardoise-8-900x501.jpg 900w, https:\/\/www.creilsudoise-tourisme.fr\/wp-content\/uploads\/2021\/02\/Abbatiale-\u00a9-Ardoise-8-1536x854.jpg 1536w, https:\/\/www.creilsudoise-tourisme.fr\/wp-content\/uploads\/2021\/02\/Abbatiale-\u00a9-Ardoise-8-200x111.jpg 200w, https:\/\/www.creilsudoise-tourisme.fr\/wp-content\/uploads\/2021\/02\/Abbatiale-\u00a9-Ardoise-8-650x362.jpg 650w, https:\/\/www.creilsudoise-tourisme.fr\/wp-content\/uploads\/2021\/02\/Abbatiale-\u00a9-Ardoise-8-387x215.jpg 387w, https:\/\/www.creilsudoise-tourisme.fr\/wp-content\/uploads\/2021\/02\/Abbatiale-\u00a9-Ardoise-8-275x153.jpg 275w, https:\/\/www.creilsudoise-tourisme.fr\/wp-content\/uploads\/2021\/02\/Abbatiale-\u00a9-Ardoise-8.jpg 1600w\" sizes=\"(max-width: 1200px) 100vw, 1200px\" \/><figcaption class=\"wp-element-caption\">Schiefer<\/figcaption><\/figure>\n\n\n\n<figure class=\"wp-block-image size-large\"><img decoding=\"async\" loading=\"lazy\" width=\"924\" height=\"608\" data-id=\"33159\"  data-src=\"https:\/\/www.creilsudoise-tourisme.fr\/wp-content\/uploads\/2021\/04\/Abbatiale-Saint-Nicolas-a\u0300-Saint-Leu-d_Esserent-absidioles.jpg\" alt=\"Abteikirche Kirche Oise Besuch Kulturerbe Romanik Gotik Cluny\" class=\"wp-image-33159\" data-srcset=\"https:\/\/www.creilsudoise-tourisme.fr\/wp-content\/uploads\/2021\/04\/Abbatiale-Saint-Nicolas-a\u0300-Saint-Leu-d_Esserent-absidioles.jpg 924w, https:\/\/www.creilsudoise-tourisme.fr\/wp-content\/uploads\/2021\/04\/Abbatiale-Saint-Nicolas-a\u0300-Saint-Leu-d_Esserent-absidioles-600x395.jpg 600w, https:\/\/www.creilsudoise-tourisme.fr\/wp-content\/uploads\/2021\/04\/Abbatiale-Saint-Nicolas-a\u0300-Saint-Leu-d_Esserent-absidioles-900x592.jpg 900w, https:\/\/www.creilsudoise-tourisme.fr\/wp-content\/uploads\/2021\/04\/Abbatiale-Saint-Nicolas-a\u0300-Saint-Leu-d_Esserent-absidioles-200x132.jpg 200w, https:\/\/www.creilsudoise-tourisme.fr\/wp-content\/uploads\/2021\/04\/Abbatiale-Saint-Nicolas-a\u0300-Saint-Leu-d_Esserent-absidioles-650x428.jpg 650w, https:\/\/www.creilsudoise-tourisme.fr\/wp-content\/uploads\/2021\/04\/Abbatiale-Saint-Nicolas-a\u0300-Saint-Leu-d_Esserent-absidioles-387x255.jpg 387w, https:\/\/www.creilsudoise-tourisme.fr\/wp-content\/uploads\/2021\/04\/Abbatiale-Saint-Nicolas-a\u0300-Saint-Leu-d_Esserent-absidioles-275x181.jpg 275w\" sizes=\"(max-width: 924px) 100vw, 924px\" \/><figcaption class=\"wp-element-caption\">Creil Sud Oise Tourisme<\/figcaption><\/figure>\n\n\n\n<figure class=\"wp-block-image size-large\"><img decoding=\"async\" loading=\"lazy\" width=\"600\" height=\"900\" data-id=\"32516\"  data-src=\"https:\/\/www.creilsudoise-tourisme.fr\/wp-content\/uploads\/2021\/03\/Narthex-de-l_Abbatiale-Saint-Nicolas-a\u0300-Saint-Leu-d_Esserent.jpg\" alt=\"Abteikirche Kirche Oise Besuch Kulturerbe Romanik Gotik Cluny\" class=\"wp-image-32516\" data-srcset=\"https:\/\/www.creilsudoise-tourisme.fr\/wp-content\/uploads\/2021\/03\/Narthex-de-l_Abbatiale-Saint-Nicolas-a\u0300-Saint-Leu-d_Esserent.jpg 600w, https:\/\/www.creilsudoise-tourisme.fr\/wp-content\/uploads\/2021\/03\/Narthex-de-l_Abbatiale-Saint-Nicolas-a\u0300-Saint-Leu-d_Esserent-400x600.jpg 400w, https:\/\/www.creilsudoise-tourisme.fr\/wp-content\/uploads\/2021\/03\/Narthex-de-l_Abbatiale-Saint-Nicolas-a\u0300-Saint-Leu-d_Esserent-200x300.jpg 200w, https:\/\/www.creilsudoise-tourisme.fr\/wp-content\/uploads\/2021\/03\/Narthex-de-l_Abbatiale-Saint-Nicolas-a\u0300-Saint-Leu-d_Esserent-282x424.jpg 282w, https:\/\/www.creilsudoise-tourisme.fr\/wp-content\/uploads\/2021\/03\/Narthex-de-l_Abbatiale-Saint-Nicolas-a\u0300-Saint-Leu-d_Esserent-387x581.jpg 387w\" sizes=\"(max-width: 600px) 100vw, 600px\" \/><figcaption class=\"wp-element-caption\">J\u00e9r\u00e9my Bourgeois<\/figcaption><\/figure>\n<\/figure>\n\n\n\n<p>Nicht zu vergessen <strong>die M\u00f6nche der Abteikirche waren Herrscherm\u00f6nche<\/strong> dank der Schenkung von Land und Wegerechten durch Hugues de Dammartin. So genossen die M\u00f6nche das Bannrecht, das ihnen erlaubte, ihren Wein, den sie im Banvin-Keller unterhalb der Abteikirche in der Rue de l'Eglise lagerten, zuerst zu verkaufen, <a href=\"https:\/\/www.creilsudoise-tourisme.fr\/de\/agenda\/\" target=\"_blank\" rel=\"noreferrer noopener\">die Ihr Reiseleiter Ihnen auch zeigt<\/a>.<\/p>\n\n\n\n<h2>Architektonische Stile, die sich in der langen Zeit der Geschichte entwickeln<\/h2>\n\n\n\n<p>Was diese Abteikirche au\u00dferdem au\u00dfergew\u00f6hnlich macht, ist auch<strong> die Vielfalt der architektonischen Str\u00f6mungen <\/strong>aus denen sie besteht. Die erste Kirche war <strong>karolingisch<\/strong>und dann ein westliches Massiv <strong>Roman<\/strong> wurde an ihn angebaut. Anschlie\u00dfend wurde der Chor aus der zweiten H\u00e4lfte des 12.<sup>\u00e8me<\/sup> Jahrhundert ist <strong>Gotik<\/strong>In den letzten Jahren hat sich der revolution\u00e4re Stil weiterentwickelt, wie Fran\u00e7oise Roy erkl\u00e4rt: <em>\"Die Gotik hie\u00df damals gar nicht Gotik, sondern opus francigenum, was so viel bedeutete wie '.<\/em>'die franz\u00f6sische Kunst''.<em> \"<\/em> Eine Architektur, die die franz\u00f6sische Landschaft ver\u00e4ndert hat und sie bis heute pr\u00e4gt. Schlie\u00dflich sind die Fenster der Kapelle vom 13.<sup>\u00e8me <\/sup>Jahrhundert sind Teil des <strong>Strahlende Gotik<\/strong>.<\/p>\n\n\n\n<p><strong>Die Abteikirche bleibt vom Zweiten Weltkrieg nicht verschont<\/strong>Wie Fran\u00e7oise Roy berichtet: <em>\" Im Jahr 1944 f\u00e4llt eine Bombe auf den Nordturm. Sie explodiert nicht, aber die Verpuffung verursacht Sch\u00e4den. Diese Bombe wurde von den Alliierten abgeworfen, da in Saint-Leu-d'Esserent die V1-Raketen gelagert wurden, die zur Zerst\u00f6rung Londons fliegen sollten.\"<\/em><\/p>\n\n\n\n<p>Man k\u00f6nnte auch viele Zeilen \u00fcber die verschiedenen Ornamente schreiben, die die Kapitelle, T\u00fcrme, Schlusssteine oder auch die Holzt\u00e4felung des 18.<sup>\u00e8me<\/sup> in der s\u00fcdlichen Kapelle, aber am besten entdecken Sie sie bei einer <a href=\"https:\/\/www.creilsudoise-tourisme.fr\/de\/agenda\/\" target=\"_blank\" rel=\"noreferrer noopener\">Rundgang<\/a>. Und es ist nicht unsere Fremdenf\u00fchrerin, die Ihnen das Gegenteil erz\u00e4hlt : <em>\"Ein Besuch an diesen Orten bedeutet, Geschichte auf eine andere Art und Weise zu erleben und eine greifbare Verbindung zur Vergangenheit herzustellen, da die \u00dcberreste Zeugen einer fernen Vergangenheit sind, die f\u00fcr die Dauer eines Besuchs zum Leben erweckt werden. Au\u00dferdem ist der Besuch vor allem ein Moment des Austauschs zwischen geschichtsbegeisterten Menschen.<\/em>.<\/p>\n\n\n\n<p><strong>Interessiert? Kontaktieren Sie das Tourismusb\u00fcro, um Ihren Besuch zu organisieren!<\/strong><\/p>\n\n\n\n<div class=\"is-layout-flex wp-container-11 wp-block-columns\">\n<div class=\"is-layout-flow wp-block-column\" style=\"flex-basis:25%\">\n<figure class=\"wp-block-image size-full\"><img decoding=\"async\" loading=\"lazy\" width=\"400\" height=\"400\" data-src=\"https:\/\/www.creilsudoise-tourisme.fr\/wp-content\/uploads\/2024\/04\/Diane-Maat.jpg\" alt=\"\" class=\"wp-image-53629\" data-srcset=\"https:\/\/www.creilsudoise-tourisme.fr\/wp-content\/uploads\/2024\/04\/Diane-Maat.jpg 400w, https:\/\/www.creilsudoise-tourisme.fr\/wp-content\/uploads\/2024\/04\/Diane-Maat-300x300.jpg 300w, https:\/\/www.creilsudoise-tourisme.fr\/wp-content\/uploads\/2024\/04\/Diane-Maat-12x12.jpg 12w, https:\/\/www.creilsudoise-tourisme.fr\/wp-content\/uploads\/2024\/04\/Diane-Maat-200x200.jpg 200w, https:\/\/www.creilsudoise-tourisme.fr\/wp-content\/uploads\/2024\/04\/Diane-Maat-387x387.jpg 387w\" sizes=\"(max-width: 400px) 100vw, 400px\" \/><\/figure>\n<\/div>\n\n\n\n<div class=\"is-layout-flow wp-block-column\" style=\"flex-basis:50%\">\n<p><strong>Diane Maat<\/strong> &#8211; <a href=\"https:\/\/www.linkedin.com\/company\/com-positive-dm\/?trk=similar-pages\" target=\"_blank\" rel=\"noreferrer noopener\">Com'Positiv<\/a><\/p>\n<\/div>\n\n\n\n<div class=\"is-layout-flow wp-block-column\" style=\"flex-basis:25%\"><\/div>\n<\/div>\n\n\n<div data-related-sit=\"1\" data-block-type=\"related-sit-gt\" data-block-id=\"wpet-sit-5grpovmsn1\"><div class=\"wp-block wp-block-related-post wp-block-related-list-sit alignfull\">\n    \n    <div class=\"container\">\n\n                    <h2 class=\"wp-block-related-post-title\">Derzeit auf dem Programm<\/h2>\n        \n                    <div id=\"wpiris-related-post-132\" data-id=\"wpiris-entity-slider\">\n                <div class=\"wp-block-related-post-list wp-block-related-post-list--2\" data-id=\"wpiris-entity-slider-wrapper\">\n\n                    \n<div class=\"entityItem\" data-trigger=\"wpiris-click\" data-id=\"wpiris-entity-slider-item\">\n    <p class=\"entityItemThumbnail\">\n        <a href=\"https:\/\/www.creilsudoise-tourisme.fr\/de\/agenda-animations\/festival-des-clochers-2026-concert-a-saint-leu-desserent\/\" nofancybox>\n            <img data-src=\"https:\/\/www.creilsudoise-tourisme.fr\/wp-content\/uploads\/wpetourisme\/AMEM-Fest-stleu-275x350.jpg\" alt=\"Festival des Clochers 2026 | Concert \u00e0 Saint-Leu d&rsquo;Esserent\">\n        <\/a>\n    <\/p>\n    <div class=\"entityItemContent\">\n        <h2 class=\"entityItemContentTitle\">\n            <a href=\"https:\/\/www.creilsudoise-tourisme.fr\/de\/agenda-animations\/festival-des-clochers-2026-concert-a-saint-leu-desserent\/\">Festival des Clochers 2026 | Concert \u00e0 Saint-Leu d&rsquo;Esserent<\/a>\n        <\/h2>\n                    <p class=\"entityItemContentType\">Feste und Veranstaltungen<\/p>\n            <\/div>\n    <a href=\"https:\/\/www.creilsudoise-tourisme.fr\/de\/agenda-animations\/festival-des-clochers-2026-concert-a-saint-leu-desserent\/\" class=\"seeMore\"><span class=\"sr-only\">Mehr sehen<\/span><\/a>\n<\/div>\n\n<div class=\"entityItem\" data-trigger=\"wpiris-click\" data-id=\"wpiris-entity-slider-item\">\n    <p class=\"entityItemThumbnail\">\n        <a href=\"https:\/\/www.creilsudoise-tourisme.fr\/de\/agenda-animations\/festival-des-clochers-2024\/\" nofancybox>\n            <img data-src=\"https:\/\/www.creilsudoise-tourisme.fr\/wp-content\/uploads\/wpetourisme\/AMEM-Festival-clochers-2026-275x350.jpg\" alt=\"Festival des Clochers 2026\">\n        <\/a>\n    <\/p>\n    <div class=\"entityItemContent\">\n        <h2 class=\"entityItemContentTitle\">\n            <a href=\"https:\/\/www.creilsudoise-tourisme.fr\/de\/agenda-animations\/festival-des-clochers-2024\/\">Festival des Clochers 2026<\/a>\n        <\/h2>\n                    <p class=\"entityItemContentType\">Feste und Veranstaltungen<\/p>\n            <\/div>\n    <a href=\"https:\/\/www.creilsudoise-tourisme.fr\/de\/agenda-animations\/festival-des-clochers-2024\/\" class=\"seeMore\"><span class=\"sr-only\">Mehr sehen<\/span><\/a>\n<\/div>\n                <\/div>\n\n                            <\/div>\n            <\/div>\n<\/div><\/div>\n\n\n<div class=\"wp-block wp-block-single-sit wp-block-single-sit-coordonnees\" >\n\n            <h2>Zugang<\/h2>\n    \n    <div class=\"wp-block-media-text is-stacked-on-mobile\">\n\n        <div class=\"wp-block-media-text__media wpet-map-detail\" style=\"width:100%; height: 100%;\">\n            <div class=\"wp-block-media-text__media__content\" id=\"wpetSingleSitMap\" data-wpet-type-map=\"leaflet\" ><\/div>\n        <\/div>\n\n        <div class=\"wp-block-media-text__content\">\n\n                            <p class=\"wp-block-coordonnees__status wp-block-coordonnees__status--close\">\n                    Geschlossen                <\/p>\n            \n            <p class=\"wp-block-media-text__content__address\">\n                                    <strong>Abteikirche Saint-Nicolas<\/strong><br \/>\n                \n                                    Kirchstra\u00dfe<br \/>\n                \n                                    <span>60340<\/span>\n                    <span>SAINT-LEU-D'ESSERENT<\/span><br \/>\n                            <\/p>\n\n                                                <p class=\"wp-block-media-text__content__phone\"><a data-type=\"TEL\" href=\"tel: 33 3 75 19 01 70\">+33 3 75 19 01 70<\/a><\/p>\n                            \n            <a href=\"https:\/\/www.google.fr\/maps?saddr&#038;daddr=49.2184732,2.42118102\" target=\"_blank\" class=\"button GtmButtonCalculItinerairePrestataire\" rel=\"noopener noreferrer\">Meine Route berechnen<\/a>\n        <\/div>\n    <\/div>\n<\/div>\n\n\n<div class=\"wp-block wp-block-highlight\">\n            <h3 class=\"wp-block-highlight-item wp-block-highlight-title\">Lust, mehr zu erfahren?<\/h3>\n                <p class=\"wp-block-highlight-item wp-block-highlight-excerpt\">Diese sch\u00f6ne Reportage wurde anl\u00e4sslich der Ver\u00f6ffentlichung des gesamten<strong> erstes Destinationsmagazin von Creil Sud Oise Tourisme<\/strong>.<br>Im Inneren, von n<strong>ombreux autres articles<\/strong> nehmen Sie mit auf eine Reise zu <strong>lokale Figuren<\/strong> und bieten <strong>Ausgehideen!<\/strong><br><strong>Bestellen Sie<\/strong> le, um es bei seiner Papierausgabe zu erhalten!<br><strong><a href=\"https:\/\/www.creilsudoise-tourisme.fr\/de\/praxis\/broschuren\/\" target=\"_blank\" rel=\"noreferrer noopener\">Hier, um es zu bestellen<\/a><\/strong><\/p>\n    <\/div>","protected":false},"excerpt":{"rendered":"<p>Sie \u00fcberragt Saint-Leu-d'Esserent und die Ufer der Oise, jeder sieht sie, aber kennt man wirklich ihre Geschichte und ihre Geheimnisse? Entdecken Sie die Abteikirche Saint-Nicolas bei einer F\u00fchrung mit Fran\u00e7oise Roy, Fremdenf\u00fchrerin der \"Villes et Pays d'art et d'histoire\" (St\u00e4dte und L\u00e4nder der Kunst und Geschichte) f\u00fcr die Region Picardie. Wir haben Fran\u00e7oise Roy getroffen, eine Fremdenf\u00fchrerin und Geschichtsliebhaberin, die [...].<\/p>","protected":false},"author":3,"featured_media":56041,"comment_status":"closed","ping_status":"closed","sticky":false,"template":"","format":"standard","meta":{"_relevanssi_hide_post":"","_relevanssi_hide_content":"","_relevanssi_pin_for_all":"","_relevanssi_pin_keywords":"","_relevanssi_unpin_keywords":"","_relevanssi_related_keywords":"","_relevanssi_related_include_ids":"","_relevanssi_related_exclude_ids":"","_relevanssi_related_no_append":"","_relevanssi_related_not_related":"","_relevanssi_related_posts":"39942,37307,37060,42322,41280,39613","_relevanssi_noindex_reason":""},"categories":[10],"tags":[],"yoast_head":"<!-- This site is optimized with the Yoast SEO plugin v20.2.1 - https:\/\/yoast.com\/wordpress\/plugins\/seo\/ -->\n<title>L\u2019Abbatiale de Saint-Leu : digne des plus grandes cath\u00e9drales<\/title>\n<meta name=\"description\" content=\"Rencontre avec Fran\u00e7oise Roy, guide pour l&#039;Office de Tourisme, qui nous parle de l&#039;Abbatiale de Saint-Leu-d&#039;Esserent.\" \/>\n<meta name=\"robots\" content=\"index, follow, max-snippet:-1, max-image-preview:large, max-video-preview:-1\" \/>\n<link rel=\"canonical\" href=\"https:\/\/www.creilsudoise-tourisme.fr\/de\/2024\/08\/22\/francoise-roy\/\" \/>\n<meta property=\"og:locale\" content=\"de_DE\" \/>\n<meta property=\"og:type\" content=\"article\" \/>\n<meta property=\"og:title\" content=\"L\u2019Abbatiale de Saint-Leu : digne des plus grandes cath\u00e9drales\" \/>\n<meta property=\"og:description\" content=\"Rencontre avec Fran\u00e7oise Roy, guide pour l&#039;Office de Tourisme, qui nous parle de l&#039;Abbatiale de Saint-Leu-d&#039;Esserent.\" \/>\n<meta property=\"og:url\" content=\"https:\/\/www.creilsudoise-tourisme.fr\/de\/2024\/08\/22\/francoise-roy\/\" \/>\n<meta property=\"og:site_name\" content=\"Office de Tourisme Creil Sud Oise\" \/>\n<meta property=\"article:publisher\" content=\"https:\/\/www.facebook.com\/creilsudoisetourisme\/\" \/>\n<meta property=\"article:published_time\" content=\"2024-08-22T14:17:42+00:00\" \/>\n<meta property=\"article:modified_time\" content=\"2024-09-19T10:05:23+00:00\" \/>\n<meta property=\"og:image\" content=\"https:\/\/www.creilsudoise-tourisme.fr\/wp-content\/uploads\/2024\/08\/Francoise-Roy.jpg\" \/>\n\t<meta property=\"og:image:width\" content=\"1382\" \/>\n\t<meta property=\"og:image:height\" content=\"1847\" \/>\n\t<meta property=\"og:image:type\" content=\"image\/jpeg\" \/>\n<meta name=\"author\" content=\"fdubut\" \/>\n<meta name=\"twitter:card\" content=\"summary_large_image\" \/>\n<meta name=\"twitter:creator\" content=\"@CreilSudOiseOT\" \/>\n<meta name=\"twitter:site\" content=\"@CreilSudOiseOT\" \/>\n<meta name=\"twitter:label1\" content=\"Verfasst von\" \/>\n\t<meta name=\"twitter:data1\" content=\"fdubut\" \/>\n\t<meta name=\"twitter:label2\" content=\"Gesch\u00e4tzte Lesezeit\" \/>\n\t<meta name=\"twitter:data2\" content=\"7\u00a0Minuten\" \/>\n<script type=\"application\/ld+json\" class=\"yoast-schema-graph\">{\"@context\":\"https:\/\/schema.org\",\"@graph\":[{\"@type\":\"Article\",\"@id\":\"https:\/\/www.creilsudoise-tourisme.fr\/2024\/08\/22\/francoise-roy\/#article\",\"isPartOf\":{\"@id\":\"https:\/\/www.creilsudoise-tourisme.fr\/2024\/08\/22\/francoise-roy\/\"},\"author\":{\"name\":\"fdubut\",\"@id\":\"https:\/\/www.creilsudoise-tourisme.fr\/#\/schema\/person\/c5140d47645b13bee896bfe05f1bd5da\"},\"headline\":\"L\u2019Abbatiale de Saint-Leu : digne des plus grandes cath\u00e9drales\",\"datePublished\":\"2024-08-22T14:17:42+00:00\",\"dateModified\":\"2024-09-19T10:05:23+00:00\",\"mainEntityOfPage\":{\"@id\":\"https:\/\/www.creilsudoise-tourisme.fr\/2024\/08\/22\/francoise-roy\/\"},\"wordCount\":1345,\"publisher\":{\"@id\":\"https:\/\/www.creilsudoise-tourisme.fr\/#organization\"},\"articleSection\":[\"Nos ambassadeurs\"],\"inLanguage\":\"de\"},{\"@type\":\"WebPage\",\"@id\":\"https:\/\/www.creilsudoise-tourisme.fr\/2024\/08\/22\/francoise-roy\/\",\"url\":\"https:\/\/www.creilsudoise-tourisme.fr\/2024\/08\/22\/francoise-roy\/\",\"name\":\"L\u2019Abbatiale de Saint-Leu : digne des plus grandes cath\u00e9drales\",\"isPartOf\":{\"@id\":\"https:\/\/www.creilsudoise-tourisme.fr\/#website\"},\"datePublished\":\"2024-08-22T14:17:42+00:00\",\"dateModified\":\"2024-09-19T10:05:23+00:00\",\"description\":\"Rencontre avec Fran\u00e7oise Roy, guide pour l'Office de Tourisme, qui nous parle de l'Abbatiale de Saint-Leu-d'Esserent.\",\"breadcrumb\":{\"@id\":\"https:\/\/www.creilsudoise-tourisme.fr\/2024\/08\/22\/francoise-roy\/#breadcrumb\"},\"inLanguage\":\"de\",\"potentialAction\":[{\"@type\":\"ReadAction\",\"target\":[\"https:\/\/www.creilsudoise-tourisme.fr\/2024\/08\/22\/francoise-roy\/\"]}]},{\"@type\":\"BreadcrumbList\",\"@id\":\"https:\/\/www.creilsudoise-tourisme.fr\/2024\/08\/22\/francoise-roy\/#breadcrumb\",\"itemListElement\":[{\"@type\":\"ListItem\",\"position\":1,\"name\":\"Accueil\",\"item\":\"https:\/\/www.creilsudoise-tourisme.fr\/\"},{\"@type\":\"ListItem\",\"position\":2,\"name\":\"L\u2019Abbatiale de Saint-Leu : digne des plus grandes cath\u00e9drales\"}]},{\"@type\":\"WebSite\",\"@id\":\"https:\/\/www.creilsudoise-tourisme.fr\/#website\",\"url\":\"https:\/\/www.creilsudoise-tourisme.fr\/\",\"name\":\"Office de Tourisme Creil Sud Oise\",\"description\":\"Creil Sud Oise Tourisme, un territoire \u00e0 explorer !\",\"publisher\":{\"@id\":\"https:\/\/www.creilsudoise-tourisme.fr\/#organization\"},\"potentialAction\":[{\"@type\":\"SearchAction\",\"target\":{\"@type\":\"EntryPoint\",\"urlTemplate\":\"https:\/\/www.creilsudoise-tourisme.fr\/?s={search_term_string}\"},\"query-input\":\"required name=search_term_string\"}],\"inLanguage\":\"de\"},{\"@type\":\"Organization\",\"@id\":\"https:\/\/www.creilsudoise-tourisme.fr\/#organization\",\"name\":\"Creil Sud Oise Tourisme\",\"url\":\"https:\/\/www.creilsudoise-tourisme.fr\/\",\"logo\":{\"@type\":\"ImageObject\",\"inLanguage\":\"de\",\"@id\":\"https:\/\/www.creilsudoise-tourisme.fr\/#\/schema\/logo\/image\/\",\"url\":\"https:\/\/www.creilsudoise-tourisme.fr\/wp-content\/uploads\/2021\/05\/logo-svg.png\",\"contentUrl\":\"https:\/\/www.creilsudoise-tourisme.fr\/wp-content\/uploads\/2021\/05\/logo-svg.png\",\"width\":182,\"height\":71,\"caption\":\"Creil Sud Oise Tourisme\"},\"image\":{\"@id\":\"https:\/\/www.creilsudoise-tourisme.fr\/#\/schema\/logo\/image\/\"},\"sameAs\":[\"https:\/\/www.facebook.com\/creilsudoisetourisme\/\",\"https:\/\/twitter.com\/CreilSudOiseOT\",\"https:\/\/www.instagram.com\/creilsudoisetourisme\/\",\"https:\/\/www.youtube.com\/channel\/UC8L_QD2wwyADW14zt9fY8kw\"]},{\"@type\":\"Person\",\"@id\":\"https:\/\/www.creilsudoise-tourisme.fr\/#\/schema\/person\/c5140d47645b13bee896bfe05f1bd5da\",\"name\":\"fdubut\",\"image\":{\"@type\":\"ImageObject\",\"inLanguage\":\"de\",\"@id\":\"https:\/\/www.creilsudoise-tourisme.fr\/#\/schema\/person\/image\/\",\"url\":\"https:\/\/secure.gravatar.com\/avatar\/c49bb61337bf4556cafdbcb92c18618d?s=96&d=mm&r=g\",\"contentUrl\":\"https:\/\/secure.gravatar.com\/avatar\/c49bb61337bf4556cafdbcb92c18618d?s=96&d=mm&r=g\",\"caption\":\"fdubut\"},\"url\":\"https:\/\/www.creilsudoise-tourisme.fr\/de\/auteur\/fdubut\/\"}]}<\/script>\n<!-- \/ Yoast SEO plugin. -->","yoast_head_json":{"title":"L\u2019Abbatiale de Saint-Leu : digne des plus grandes cath\u00e9drales","description":"Rencontre avec Fran\u00e7oise Roy, guide pour l'Office de Tourisme, qui nous parle de l'Abbatiale de Saint-Leu-d'Esserent.","robots":{"index":"index","follow":"follow","max-snippet":"max-snippet:-1","max-image-preview":"max-image-preview:large","max-video-preview":"max-video-preview:-1"},"canonical":"https:\/\/www.creilsudoise-tourisme.fr\/de\/2024\/08\/22\/francoise-roy\/","og_locale":"de_DE","og_type":"article","og_title":"L\u2019Abbatiale de Saint-Leu : digne des plus grandes cath\u00e9drales","og_description":"Rencontre avec Fran\u00e7oise Roy, guide pour l'Office de Tourisme, qui nous parle de l'Abbatiale de Saint-Leu-d'Esserent.","og_url":"https:\/\/www.creilsudoise-tourisme.fr\/de\/2024\/08\/22\/francoise-roy\/","og_site_name":"Office de Tourisme Creil Sud Oise","article_publisher":"https:\/\/www.facebook.com\/creilsudoisetourisme\/","article_published_time":"2024-08-22T14:17:42+00:00","article_modified_time":"2024-09-19T10:05:23+00:00","og_image":[{"width":1382,"height":1847,"url":"https:\/\/www.creilsudoise-tourisme.fr\/wp-content\/uploads\/2024\/08\/Francoise-Roy.jpg","type":"image\/jpeg"}],"author":"fdubut","twitter_card":"summary_large_image","twitter_creator":"@CreilSudOiseOT","twitter_site":"@CreilSudOiseOT","twitter_misc":{"Verfasst von":"fdubut","Gesch\u00e4tzte Lesezeit":"7\u00a0Minuten"},"schema":{"@context":"https:\/\/schema.org","@graph":[{"@type":"Article","@id":"https:\/\/www.creilsudoise-tourisme.fr\/2024\/08\/22\/francoise-roy\/#article","isPartOf":{"@id":"https:\/\/www.creilsudoise-tourisme.fr\/2024\/08\/22\/francoise-roy\/"},"author":{"name":"fdubut","@id":"https:\/\/www.creilsudoise-tourisme.fr\/#\/schema\/person\/c5140d47645b13bee896bfe05f1bd5da"},"headline":"L\u2019Abbatiale de Saint-Leu : digne des plus grandes cath\u00e9drales","datePublished":"2024-08-22T14:17:42+00:00","dateModified":"2024-09-19T10:05:23+00:00","mainEntityOfPage":{"@id":"https:\/\/www.creilsudoise-tourisme.fr\/2024\/08\/22\/francoise-roy\/"},"wordCount":1345,"publisher":{"@id":"https:\/\/www.creilsudoise-tourisme.fr\/#organization"},"articleSection":["Nos ambassadeurs"],"inLanguage":"de"},{"@type":"WebPage","@id":"https:\/\/www.creilsudoise-tourisme.fr\/2024\/08\/22\/francoise-roy\/","url":"https:\/\/www.creilsudoise-tourisme.fr\/2024\/08\/22\/francoise-roy\/","name":"L\u2019Abbatiale de Saint-Leu : digne des plus grandes cath\u00e9drales","isPartOf":{"@id":"https:\/\/www.creilsudoise-tourisme.fr\/#website"},"datePublished":"2024-08-22T14:17:42+00:00","dateModified":"2024-09-19T10:05:23+00:00","description":"Rencontre avec Fran\u00e7oise Roy, guide pour l'Office de Tourisme, qui nous parle de l'Abbatiale de Saint-Leu-d'Esserent.","breadcrumb":{"@id":"https:\/\/www.creilsudoise-tourisme.fr\/2024\/08\/22\/francoise-roy\/#breadcrumb"},"inLanguage":"de","potentialAction":[{"@type":"ReadAction","target":["https:\/\/www.creilsudoise-tourisme.fr\/2024\/08\/22\/francoise-roy\/"]}]},{"@type":"BreadcrumbList","@id":"https:\/\/www.creilsudoise-tourisme.fr\/2024\/08\/22\/francoise-roy\/#breadcrumb","itemListElement":[{"@type":"ListItem","position":1,"name":"Accueil","item":"https:\/\/www.creilsudoise-tourisme.fr\/"},{"@type":"ListItem","position":2,"name":"L\u2019Abbatiale de Saint-Leu : digne des plus grandes cath\u00e9drales"}]},{"@type":"WebSite","@id":"https:\/\/www.creilsudoise-tourisme.fr\/#website","url":"https:\/\/www.creilsudoise-tourisme.fr\/","name":"Office de Tourisme Creil Sud Oise","description":"Creil Sud Oise Tourisme, un territoire \u00e0 explorer !","publisher":{"@id":"https:\/\/www.creilsudoise-tourisme.fr\/#organization"},"potentialAction":[{"@type":"SearchAction","target":{"@type":"EntryPoint","urlTemplate":"https:\/\/www.creilsudoise-tourisme.fr\/?s={search_term_string}"},"query-input":"required name=search_term_string"}],"inLanguage":"de"},{"@type":"Organization","@id":"https:\/\/www.creilsudoise-tourisme.fr\/#organization","name":"Creil Sud Oise Tourisme","url":"https:\/\/www.creilsudoise-tourisme.fr\/","logo":{"@type":"ImageObject","inLanguage":"de","@id":"https:\/\/www.creilsudoise-tourisme.fr\/#\/schema\/logo\/image\/","url":"https:\/\/www.creilsudoise-tourisme.fr\/wp-content\/uploads\/2021\/05\/logo-svg.png","contentUrl":"https:\/\/www.creilsudoise-tourisme.fr\/wp-content\/uploads\/2021\/05\/logo-svg.png","width":182,"height":71,"caption":"Creil Sud Oise Tourisme"},"image":{"@id":"https:\/\/www.creilsudoise-tourisme.fr\/#\/schema\/logo\/image\/"},"sameAs":["https:\/\/www.facebook.com\/creilsudoisetourisme\/","https:\/\/twitter.com\/CreilSudOiseOT","https:\/\/www.instagram.com\/creilsudoisetourisme\/","https:\/\/www.youtube.com\/channel\/UC8L_QD2wwyADW14zt9fY8kw"]},{"@type":"Person","@id":"https:\/\/www.creilsudoise-tourisme.fr\/#\/schema\/person\/c5140d47645b13bee896bfe05f1bd5da","name":"fdubut","image":{"@type":"ImageObject","inLanguage":"de","@id":"https:\/\/www.creilsudoise-tourisme.fr\/#\/schema\/person\/image\/","url":"https:\/\/secure.gravatar.com\/avatar\/c49bb61337bf4556cafdbcb92c18618d?s=96&d=mm&r=g","contentUrl":"https:\/\/secure.gravatar.com\/avatar\/c49bb61337bf4556cafdbcb92c18618d?s=96&d=mm&r=g","caption":"fdubut"},"url":"https:\/\/www.creilsudoise-tourisme.fr\/de\/auteur\/fdubut\/"}]}},"_links":{"self":[{"href":"https:\/\/www.creilsudoise-tourisme.fr\/de\/wp-json\/wp\/v2\/posts\/56040"}],"collection":[{"href":"https:\/\/www.creilsudoise-tourisme.fr\/de\/wp-json\/wp\/v2\/posts"}],"about":[{"href":"https:\/\/www.creilsudoise-tourisme.fr\/de\/wp-json\/wp\/v2\/types\/post"}],"author":[{"embeddable":true,"href":"https:\/\/www.creilsudoise-tourisme.fr\/de\/wp-json\/wp\/v2\/users\/3"}],"replies":[{"embeddable":true,"href":"https:\/\/www.creilsudoise-tourisme.fr\/de\/wp-json\/wp\/v2\/comments?post=56040"}],"version-history":[{"count":3,"href":"https:\/\/www.creilsudoise-tourisme.fr\/de\/wp-json\/wp\/v2\/posts\/56040\/revisions"}],"predecessor-version":[{"id":57429,"href":"https:\/\/www.creilsudoise-tourisme.fr\/de\/wp-json\/wp\/v2\/posts\/56040\/revisions\/57429"}],"wp:featuredmedia":[{"embeddable":true,"href":"https:\/\/www.creilsudoise-tourisme.fr\/de\/wp-json\/wp\/v2\/media\/56041"}],"wp:attachment":[{"href":"https:\/\/www.creilsudoise-tourisme.fr\/de\/wp-json\/wp\/v2\/media?parent=56040"}],"wp:term":[{"taxonomy":"category","embeddable":true,"href":"https:\/\/www.creilsudoise-tourisme.fr\/de\/wp-json\/wp\/v2\/categories?post=56040"},{"taxonomy":"post_tag","embeddable":true,"href":"https:\/\/www.creilsudoise-tourisme.fr\/de\/wp-json\/wp\/v2\/tags?post=56040"}],"curies":[{"name":"wp","href":"https:\/\/api.w.org\/{rel}","templated":true}]}}