{"id":55006,"date":"2024-07-01T16:59:50","date_gmt":"2024-07-01T14:59:50","guid":{"rendered":"https:\/\/www.creilsudoise-tourisme.fr\/?p=55006"},"modified":"2024-08-12T15:21:29","modified_gmt":"2024-08-12T13:21:29","slug":"francois-perraguin","status":"publish","type":"post","link":"https:\/\/www.creilsudoise-tourisme.fr\/de\/2024\/07\/01\/francois-perraguin\/","title":{"rendered":"Mit der Familie die F\u00fc\u00dfe im Wasser"},"content":{"rendered":"<p class=\"is-style-excerpt\">Bereiten Sie sich auf das Eintauchen in <strong>eine Freizeitwelt inmitten der Natur<\/strong>In einem Land, in dem das Wasser Ihr Verb\u00fcndeter und das Gr\u00fcn Ihr Freund ist. <strong>Spielfeld<\/strong>. Wenn Sie auf der Suche nach einem <strong>erfrischender Kurzurlaub, Outdoor-Abenteuer und entspannende Momente<\/strong> um eine gute Zeit mit der Familie zu haben, sind Sie hier genau richtig.<\/p>\n\n\n\n<div class=\"is-layout-flex wp-container-3 wp-block-columns\">\n<div class=\"is-layout-flow wp-block-column\" style=\"flex-basis:33.33%\">\n<figure class=\"wp-block-image size-large\"><img decoding=\"async\" loading=\"lazy\" width=\"931\" height=\"1200\" data-src=\"https:\/\/www.creilsudoise-tourisme.fr\/wp-content\/uploads\/2024\/07\/francois-931x1200.jpg\" alt=\"\" class=\"wp-image-55018\" data-srcset=\"https:\/\/www.creilsudoise-tourisme.fr\/wp-content\/uploads\/2024\/07\/francois-931x1200.jpg 931w, https:\/\/www.creilsudoise-tourisme.fr\/wp-content\/uploads\/2024\/07\/francois-466x600.jpg 466w, https:\/\/www.creilsudoise-tourisme.fr\/wp-content\/uploads\/2024\/07\/francois-698x900.jpg 698w, https:\/\/www.creilsudoise-tourisme.fr\/wp-content\/uploads\/2024\/07\/francois-1192x1536.jpg 1192w, https:\/\/www.creilsudoise-tourisme.fr\/wp-content\/uploads\/2024\/07\/francois-9x12.jpg 9w, https:\/\/www.creilsudoise-tourisme.fr\/wp-content\/uploads\/2024\/07\/francois-200x258.jpg 200w, https:\/\/www.creilsudoise-tourisme.fr\/wp-content\/uploads\/2024\/07\/francois-650x838.jpg 650w, https:\/\/www.creilsudoise-tourisme.fr\/wp-content\/uploads\/2024\/07\/francois-387x499.jpg 387w, https:\/\/www.creilsudoise-tourisme.fr\/wp-content\/uploads\/2024\/07\/francois.jpg 1490w\" sizes=\"(max-width: 931px) 100vw, 931px\" \/><\/figure>\n<\/div>\n\n\n\n<div class=\"is-layout-flow wp-block-column is-vertically-aligned-center\" style=\"flex-basis:66.66%\">\n<p><strong>Fran\u00e7ois Perraguin, Direktor der Freizeitbasis <\/strong>in Saint-Leu-d'Esserent, erz\u00e4hlt uns von seiner Geschichte und den Aktivit\u00e4ten, die er dort anbietet.<\/p>\n<\/div>\n<\/div>\n\n\n\n<h2>Eine Sandgrube wird zum See<\/h2>\n\n\n\n<p>Urspr\u00fcnglich hatte dieser Ort keine \u00c4hnlichkeit mit dem friedlichen Freizeitziel, das wir heute kennen. Doch auch wenn er nicht ganz den romantischen Charme der Str\u00e4nde der Somme besitzt, ist seine Geschichte eng mit dem Sand verbunden.<strong> Die Base de Loisirs de Saint-Leu-d'Esserent war n\u00e4mlich urspr\u00fcnglich eine Sandgrube<\/strong>Das Land wird wegen seiner wertvollen Sand- und Kiesvorkommen ausgebeutet.<\/p>\n\n\n\n<p>Der Ort erlebte eine<strong> bemerkenswerte Transformation<\/strong> \u00fcber die Jahrzehnte hinweg. Denn die Gewinnung von Mineralpartikeln hat nach und nach <strong>das Wasser aus den Quellen freigesetzt, die durch den Boden sickerten und den Steinbruch in ein Wassergebiet verwandelten. <\/strong>Die lokalen Beh\u00f6rden begannen daraufhin ein ehrgeiziges Projekt zur Sanierung der Sandgrube in ein Erholungsgebiet, nachdem sie den Ort vom Departementsrat aufgekauft hatten. Es wurden umfangreiche Umweltstudien durchgef\u00fchrt, um die lokale Flora und Fauna wiederherzustellen und gleichzeitig die Integrit\u00e4t des \u00d6kosystems zu bewahren. Es wurden B\u00e4ume gepflanzt, Teiche angelegt und die Natur begann, sich ihre Rechte zur\u00fcckzuholen.<\/p>\n\n\n\n<figure class=\"wp-block-image size-large\"><img decoding=\"async\" loading=\"lazy\" width=\"1200\" height=\"675\" data-src=\"https:\/\/www.creilsudoise-tourisme.fr\/wp-content\/uploads\/2024\/07\/Base-de-Loisirs-Creil-Sud-Oise-Tourisme-3-1200x675.jpg\" alt=\"\" class=\"wp-image-55012\" data-srcset=\"https:\/\/www.creilsudoise-tourisme.fr\/wp-content\/uploads\/2024\/07\/Base-de-Loisirs-Creil-Sud-Oise-Tourisme-3-1200x675.jpg 1200w, https:\/\/www.creilsudoise-tourisme.fr\/wp-content\/uploads\/2024\/07\/Base-de-Loisirs-Creil-Sud-Oise-Tourisme-3-600x338.jpg 600w, https:\/\/www.creilsudoise-tourisme.fr\/wp-content\/uploads\/2024\/07\/Base-de-Loisirs-Creil-Sud-Oise-Tourisme-3-900x507.jpg 900w, https:\/\/www.creilsudoise-tourisme.fr\/wp-content\/uploads\/2024\/07\/Base-de-Loisirs-Creil-Sud-Oise-Tourisme-3-18x10.jpg 18w, https:\/\/www.creilsudoise-tourisme.fr\/wp-content\/uploads\/2024\/07\/Base-de-Loisirs-Creil-Sud-Oise-Tourisme-3-200x113.jpg 200w, https:\/\/www.creilsudoise-tourisme.fr\/wp-content\/uploads\/2024\/07\/Base-de-Loisirs-Creil-Sud-Oise-Tourisme-3-650x366.jpg 650w, https:\/\/www.creilsudoise-tourisme.fr\/wp-content\/uploads\/2024\/07\/Base-de-Loisirs-Creil-Sud-Oise-Tourisme-3-387x218.jpg 387w, https:\/\/www.creilsudoise-tourisme.fr\/wp-content\/uploads\/2024\/07\/Base-de-Loisirs-Creil-Sud-Oise-Tourisme-3.jpg 1480w\" sizes=\"(max-width: 1200px) 100vw, 1200px\" \/><\/figure>\n\n\n\n<p>Am Rande des Parc de la Garenne, der sich \u00fcber 15 Hektar im S\u00fcden der Stadt erstreckt, war dieser ungesch\u00fctzte Bereich bereits ein Ort zum Spazierengehen, der sich f\u00fcr wilde Badefreuden anbot. <strong>Die Transformation beschleunigte sich in den 1990er Jahren, als die Basis f\u00fcr die \u00d6ffentlichkeit zug\u00e4nglich gemacht wurde.<\/strong> Seitdem hat sie sich st\u00e4ndig bereichert und bietet eine <strong>Vielfalt an Wasser- und Landaktivit\u00e4ten zur Freude der Besucher. <\/strong>So wurde die Base de Loisirs de Saint-Leu-d'Esserent zu einem Ort der Entspannung und Unterhaltung, wobei sie ihre <strong>nat\u00fcrlichen Umgebung.<\/strong><\/p>\n\n\n\n<h2>Aktivit\u00e4ten f\u00fcr alle<\/h2>\n\n\n\n<h3>Wasserspiele<\/h3>\n\n\n\n<p>Ein kleiner See bildet heute den gr\u00f6\u00dften Teil des Wasserbereichs. Er erm\u00f6glicht das <strong>Kanu, Kajak, Riesenpaddle<\/strong> (eine Art gro\u00dfes aufblasbares Brett, auf dem man mit mehreren Personen \u00fcben kann) und nat\u00fcrlich das <strong>Tretboot<\/strong>. Durch eine B\u00f6schung vom See getrennt, ist die <strong>Badeteil<\/strong> empf\u00e4ngt an sch\u00f6nen Tagen kleine und gro\u00dfe Schwimmer, die meist mit der ganzen Familie zum Entspannen kommen. <\/p>\n\n\n\n<p>Aber lassen Sie sich nicht t\u00e4uschen\", warnt Fran\u00e7ois Perraguin, der Leiter der Anlage, \"denn trotz der sanften Sandfl\u00e4che, die zum Wasser hin abf\u00e4llt, ist das Becken an einigen Stellen bis zu vier Meter tief. Ein ausgekl\u00fcgeltes System von ferngesteuerten Ventilen sorgt daf\u00fcr, dass der Badebereich in der warmen Jahreszeit in weniger als einem Tag wieder mit Wasser gef\u00fcllt werden kann. <strong>die Reinigung durchf\u00fchren.<\/strong><\/p>\n\n\n\n<figure class=\"wp-block-image size-large\"><img decoding=\"async\" loading=\"lazy\" width=\"1200\" height=\"675\" data-src=\"https:\/\/www.creilsudoise-tourisme.fr\/wp-content\/uploads\/2024\/07\/Base-de-Loisirs-Creil-Sud-Oise-Tourisme-6-1200x675.jpg\" alt=\"\" class=\"wp-image-55015\" data-srcset=\"https:\/\/www.creilsudoise-tourisme.fr\/wp-content\/uploads\/2024\/07\/Base-de-Loisirs-Creil-Sud-Oise-Tourisme-6-1200x675.jpg 1200w, https:\/\/www.creilsudoise-tourisme.fr\/wp-content\/uploads\/2024\/07\/Base-de-Loisirs-Creil-Sud-Oise-Tourisme-6-600x338.jpg 600w, https:\/\/www.creilsudoise-tourisme.fr\/wp-content\/uploads\/2024\/07\/Base-de-Loisirs-Creil-Sud-Oise-Tourisme-6-900x507.jpg 900w, https:\/\/www.creilsudoise-tourisme.fr\/wp-content\/uploads\/2024\/07\/Base-de-Loisirs-Creil-Sud-Oise-Tourisme-6-18x10.jpg 18w, https:\/\/www.creilsudoise-tourisme.fr\/wp-content\/uploads\/2024\/07\/Base-de-Loisirs-Creil-Sud-Oise-Tourisme-6-200x113.jpg 200w, https:\/\/www.creilsudoise-tourisme.fr\/wp-content\/uploads\/2024\/07\/Base-de-Loisirs-Creil-Sud-Oise-Tourisme-6-650x366.jpg 650w, https:\/\/www.creilsudoise-tourisme.fr\/wp-content\/uploads\/2024\/07\/Base-de-Loisirs-Creil-Sud-Oise-Tourisme-6-387x218.jpg 387w, https:\/\/www.creilsudoise-tourisme.fr\/wp-content\/uploads\/2024\/07\/Base-de-Loisirs-Creil-Sud-Oise-Tourisme-6.jpg 1480w\" sizes=\"(max-width: 1200px) 100vw, 1200px\" \/><\/figure>\n\n\n\n<h3>Sport- und Spielpl\u00e4tze<\/h3>\n\n\n\n<p>Die Base de Loisirs bietet dar\u00fcber hinaus eine <strong>Vielzahl von Aktivit\u00e4ten, die sich ideal f\u00fcr einen Tag mit der Familie eignen. <\/strong>Tierliebhaber k\u00f6nnen sich in <strong>Reiten<\/strong> im Pony-Club, w\u00e4hrend die Pr\u00e4zisionsliebhaber sich im <strong>Bogenschie\u00dfen <\/strong>und die Gleitsportler die <strong>\u00f6kologische Eislaufbahn<\/strong>eine erfrischende Alternative zu herk\u00f6mmlichem Eis. F\u00fcr Kinder auf der Suche nach Abenteuern bietet der <strong>Biathlon <\/strong>ist eine einzigartige Erfahrung, die das Schie\u00dfen auf Zielscheiben mit einer <strong>Lasergewehr und Laufstrecke<\/strong>. Auch f\u00fcr die J\u00fcngsten gibt es jede Menge Unterhaltung dank der <strong>Spielpl\u00e4tze <\/strong>die speziell f\u00fcr Kinder von 2 bis 8 Jahren entwickelt wurden. Und um den Tag im Freien perfekt zu machen, bietet die<strong>Picknickbereich<\/strong> bietet einen idealen Ort, um inmitten dieser zauberhaften Umgebung ein Essen mit der Familie zu genie\u00dfen.<\/p>\n\n\n\n<figure class=\"wp-block-image size-large\"><img decoding=\"async\" loading=\"lazy\" width=\"1200\" height=\"675\" data-src=\"https:\/\/www.creilsudoise-tourisme.fr\/wp-content\/uploads\/2024\/07\/Base-de-Loisirs-Creil-Sud-Oise-Tourisme-1-1200x675.jpg\" alt=\"\" class=\"wp-image-55009\" data-srcset=\"https:\/\/www.creilsudoise-tourisme.fr\/wp-content\/uploads\/2024\/07\/Base-de-Loisirs-Creil-Sud-Oise-Tourisme-1-1200x675.jpg 1200w, https:\/\/www.creilsudoise-tourisme.fr\/wp-content\/uploads\/2024\/07\/Base-de-Loisirs-Creil-Sud-Oise-Tourisme-1-600x338.jpg 600w, https:\/\/www.creilsudoise-tourisme.fr\/wp-content\/uploads\/2024\/07\/Base-de-Loisirs-Creil-Sud-Oise-Tourisme-1-900x507.jpg 900w, https:\/\/www.creilsudoise-tourisme.fr\/wp-content\/uploads\/2024\/07\/Base-de-Loisirs-Creil-Sud-Oise-Tourisme-1-18x10.jpg 18w, https:\/\/www.creilsudoise-tourisme.fr\/wp-content\/uploads\/2024\/07\/Base-de-Loisirs-Creil-Sud-Oise-Tourisme-1-200x113.jpg 200w, https:\/\/www.creilsudoise-tourisme.fr\/wp-content\/uploads\/2024\/07\/Base-de-Loisirs-Creil-Sud-Oise-Tourisme-1-650x366.jpg 650w, https:\/\/www.creilsudoise-tourisme.fr\/wp-content\/uploads\/2024\/07\/Base-de-Loisirs-Creil-Sud-Oise-Tourisme-1-387x218.jpg 387w, https:\/\/www.creilsudoise-tourisme.fr\/wp-content\/uploads\/2024\/07\/Base-de-Loisirs-Creil-Sud-Oise-Tourisme-1.jpg 1480w\" sizes=\"(max-width: 1200px) 100vw, 1200px\" \/><\/figure>\n\n\n\n<h2>Eine Oase der Ruhe, 1 Stunde von Paris entfernt<\/h2>\n\n\n\n<p>Diese Oase der Ruhe ist <strong>das ganze Jahr \u00fcber zum Spazierengehen ge\u00f6ffnet<\/strong>Die Schule schlie\u00dft nur zwei Wochen w\u00e4hrend der Weihnachtsfeiertage. Er empf\u00e4ngt Schulgruppen, die sich bei Spielen und animierten Wettk\u00e4mpfen auspowern, aber auch Ferienzentren w\u00e4hrend der Ferien, <strong>die sogar in einem speziell daf\u00fcr vorgesehenen Bereich zelten k\u00f6nnen. <\/strong><\/p>\n\n\n\n<p>85% des Publikums geh\u00f6ren nicht zu den vier Gemeinden, die sich die Verwaltung der Base teilen\", erkl\u00e4rt Fran\u00e7ois Perraguin. Manche scheuen keine anderthalb Stunden Fahrt, um hierher zu kommen. Sie sch\u00e4tzen diesen Ort wegen seiner angenehmen Atmosph\u00e4re, in der man sich nicht gegenseitig auf die F\u00fc\u00dfe tritt. <strong>Wir beschr\u00e4nken uns bewusst auf eine Teilnehmerzahl von 4.500 Personen <\/strong>w\u00e4hrend wir bis zu 7000 Kunden gleichzeitig empfangen k\u00f6nnten. Wir legen Wert auf Sicherheit und Komfort, denn wir sind der Meinung, dass <strong>unsere G\u00e4ste kommen, um sich zu unterhalten, aber auch um Luft zu schnappen\".<\/strong><\/p>\n\n\n\n<h3>Ein engagiertes Team<\/h3>\n\n\n\n<p>Der Erfolg und der reibungslose Betrieb der Base de Loisirs de Saint-Leu-d'Esserent das ganze Jahr \u00fcber sind das Ergebnis einer<strong> engagiertes und professionelles Team, das es verdient, hervorgehoben zu werden. <\/strong>Hinter den Kulissen sorgt das technische Personal f\u00fcr die <strong>Wartung und Pflege des gesamten Parks<\/strong>Sie sorgen daf\u00fcr, dass jeder Besucher eine sichere und angenehme Umgebung vorfindet. Das Verwaltungspersonal tr\u00e4gt zur effizienten Verwaltung von Aktivit\u00e4ten und Buchungen bei und sorgt so f\u00fcr ein reibungsloses Erlebnis f\u00fcr die Besucher. Im Mittelpunkt des Reiterlebnisses steht die ganzj\u00e4hrig anwesende Reitlehrerin, die ihre Leidenschaft und ihr Fachwissen mit den angehenden Reitern teilt und unsch\u00e4tzbare Lektionen anbietet.<\/p>\n\n\n\n<p>Im Sommer vergr\u00f6\u00dfert sich das Team durch die Ankunft von <strong>10 Bademeister, die die Sicherheit der Badenden und der Wassersportaktivit\u00e4ten garantieren<\/strong>Au\u00dferdem gibt es 6 technische Mitarbeiter, die die Anlagen in perfektem Zustand halten. In der Hochsaison sorgen zus\u00e4tzliche Sicherheitskr\u00e4fte f\u00fcr die Ruhe der Besucher.<\/p>\n\n\n\n<figure class=\"wp-block-image size-large\"><img decoding=\"async\" loading=\"lazy\" width=\"1200\" height=\"675\" data-src=\"https:\/\/www.creilsudoise-tourisme.fr\/wp-content\/uploads\/2024\/07\/Base-de-Loisirs-Creil-Sud-Oise-Tourisme-4-1200x675.jpg\" alt=\"\" class=\"wp-image-55013\" data-srcset=\"https:\/\/www.creilsudoise-tourisme.fr\/wp-content\/uploads\/2024\/07\/Base-de-Loisirs-Creil-Sud-Oise-Tourisme-4-1200x675.jpg 1200w, https:\/\/www.creilsudoise-tourisme.fr\/wp-content\/uploads\/2024\/07\/Base-de-Loisirs-Creil-Sud-Oise-Tourisme-4-600x338.jpg 600w, https:\/\/www.creilsudoise-tourisme.fr\/wp-content\/uploads\/2024\/07\/Base-de-Loisirs-Creil-Sud-Oise-Tourisme-4-900x507.jpg 900w, https:\/\/www.creilsudoise-tourisme.fr\/wp-content\/uploads\/2024\/07\/Base-de-Loisirs-Creil-Sud-Oise-Tourisme-4-18x10.jpg 18w, https:\/\/www.creilsudoise-tourisme.fr\/wp-content\/uploads\/2024\/07\/Base-de-Loisirs-Creil-Sud-Oise-Tourisme-4-200x113.jpg 200w, https:\/\/www.creilsudoise-tourisme.fr\/wp-content\/uploads\/2024\/07\/Base-de-Loisirs-Creil-Sud-Oise-Tourisme-4-650x366.jpg 650w, https:\/\/www.creilsudoise-tourisme.fr\/wp-content\/uploads\/2024\/07\/Base-de-Loisirs-Creil-Sud-Oise-Tourisme-4-387x218.jpg 387w, https:\/\/www.creilsudoise-tourisme.fr\/wp-content\/uploads\/2024\/07\/Base-de-Loisirs-Creil-Sud-Oise-Tourisme-4.jpg 1480w\" sizes=\"(max-width: 1200px) 100vw, 1200px\" \/><\/figure>\n\n\n\n<p>Dieses engagierte, vielseitige und gastfreundliche Team ist die tragende S\u00e4ule der Base de Loisirs de Saint-Leu-d'Esserent und tr\u00e4gt wesentlich dazu bei, dass dieses <strong>45 Hektar gro\u00dfe Fl\u00e4che ein au\u00dfergew\u00f6hnlicher, einladender und sicherer Familienort, an dem jeder Besucher wertvolle Erinnerungen schaffen kann.<\/strong><\/p>\n\n\n\n<h3>Empf\u00e4nge und Veranstaltungen<\/h3>\n\n\n\n<p>Die Base de Loisirs verwandelt sich manchmal auch in<strong> Empfangsbereich f\u00fcr verschiedene Veranstaltungen<\/strong>In den letzten Jahren hat die Schule immer wieder neue Projekte gestartet, die ihren Werten entsprechen, die mit den Freuden des Lebens im Freien und der Umwelt verbunden sind.  So empf\u00e4ngt sie im September den <strong>Karneval der M\u00f6glichkeiten, ein gro\u00dfes Volksfest <\/strong>die lokale Umweltinitiativen bekannt macht, insbesondere die Herausforderungen im Zusammenhang mit Wasser.<\/p>\n\n\n\n<p><strong>Und noch viele weitere \u00dcberraschungen warten darauf, von Ihnen entdeckt zu werden, damit Sie sich weiterhin mit der ganzen Familie vergn\u00fcgen k\u00f6nnen - zu Land, zu Pferd oder im Wasser!<\/strong><\/p>\n\n\n\n<div class=\"is-layout-flex wp-container-7 wp-block-columns\">\n<div class=\"is-layout-flow wp-block-column\" style=\"flex-basis:25%\">\n<figure class=\"wp-block-image size-full\"><img decoding=\"async\" loading=\"lazy\" width=\"225\" height=\"225\" data-src=\"https:\/\/www.creilsudoise-tourisme.fr\/wp-content\/uploads\/2024\/03\/Emmanuel_Latouche.jpg\" alt=\"\" class=\"wp-image-52865\" data-srcset=\"https:\/\/www.creilsudoise-tourisme.fr\/wp-content\/uploads\/2024\/03\/Emmanuel_Latouche.jpg 225w, https:\/\/www.creilsudoise-tourisme.fr\/wp-content\/uploads\/2024\/03\/Emmanuel_Latouche-12x12.jpg 12w, https:\/\/www.creilsudoise-tourisme.fr\/wp-content\/uploads\/2024\/03\/Emmanuel_Latouche-200x200.jpg 200w\" sizes=\"(max-width: 225px) 100vw, 225px\" \/><figcaption class=\"wp-element-caption\">Emmanuel Latouche<\/figcaption><\/figure>\n<\/div>\n\n\n\n<div class=\"is-layout-flow wp-block-column is-vertically-aligned-center\" style=\"flex-basis:50%\">\n<p><strong>Emmanuel Latouche<\/strong> &#8211; <a href=\"https:\/\/leredac.com\/\" target=\"_blank\" rel=\"noreferrer noopener\">Der Redakteur<\/a><\/p>\n<\/div>\n\n\n\n<div class=\"is-layout-flow wp-block-column\" style=\"flex-basis:25%\"><\/div>\n<\/div>\n\n\n\n<hr class=\"wp-block-separator has-alpha-channel-opacity\"\/>\n\n\n\n<h2>Treffen mit Fran\u00e7ois, auf Video<\/h2>\n\n\n\n<figure class=\"wp-block-embed is-type-video is-provider-youtube wp-block-embed-youtube wp-embed-aspect-16-9 wp-has-aspect-ratio\"><div class=\"wp-block-embed__wrapper\">\n<iframe loading=\"lazy\" title=\"[BEGEGNUNG] mit Fran\u00e7ois von der Freizeitanlage in Saint-Leu-d&#039;Esserent | Creil Sud Oise Tourisme\" width=\"500\" height=\"281\" data-src=\"https:\/\/www.youtube.com\/embed\/zU4ZLIwLQaI?start=3&#038;feature=oembed\" frameborder=\"0\" allow=\"accelerometer; autoplay; clipboard-write; encrypted-media; gyroscope; picture-in-picture; web-share\" referrerpolicy=\"strict-origin-when-cross-origin\" allowfullscreen><\/iframe>\n<\/div><\/figure>\n\n\n\n\n\n<div class=\"wp-block wp-block-single-sit wp-block-single-sit-coordonnees\" >\n\n            <h2>Zugang<\/h2>\n    \n    <div class=\"wp-block-media-text is-stacked-on-mobile\">\n\n        <div class=\"wp-block-media-text__media wpet-map-detail\" style=\"width:100%; height: 100%;\">\n            <div class=\"wp-block-media-text__media__content\" id=\"wpetSingleSitMap\" data-wpet-type-map=\"leaflet\" ><\/div>\n        <\/div>\n\n        <div class=\"wp-block-media-text__content\">\n\n                            <p class=\"wp-block-coordonnees__status wp-block-coordonnees__status--close\">\n                    Geschlossen                <\/p>\n            \n            <p class=\"wp-block-media-text__content__address\">\n                                    <strong>Freizeitzentrum von Saint-Leu-d'Esserent<\/strong><br \/>\n                \n                                    19 rue de la Garenne<br \/>\n                \n                                    <span>60340<\/span>\n                    <span>SAINT-LEU-D'ESSERENT<\/span><br \/>\n                            <\/p>\n\n                                                <p class=\"wp-block-media-text__content__phone\"><a data-type=\"TEL\" href=\"tel: 33 3 44 56 77 88\">+33 3 44 56 77 88<\/a><\/p>\n                            \n            <a href=\"https:\/\/www.google.fr\/maps?saddr&#038;daddr=49.2109623,2.41246805\" target=\"_blank\" class=\"button GtmButtonCalculItinerairePrestataire\" rel=\"noopener noreferrer\">Meine Route berechnen<\/a>\n        <\/div>\n    <\/div>\n<\/div>\n\n\n    <div class=\"wp-block wp-block-single-sit wp-block-single-sit-ouvertures\" id=\"opening\">\n\n                    <h2>Er\u00f6ffnung<\/h2>\n        \n        \t<div class=\"wpetTableList\" data-id=\"wpet-table-slider\">\n        \n<div class=\"sliderNav\">\n    <div class=\"sliderNavWrapper\">\n        <p class=\"swiperArrow swiperArrow--next\" data-trigger=\"swiper-next\">\n            <span class=\"sr-only\">Weiter zu<\/span>\n        <\/p>\n        <p class=\"swiperArrow swiperArrow--prev\" data-trigger=\"swiper-prev\">\n            <span class=\"sr-only\">Vorherige<\/span>\n        <\/p>\n    <\/div>\n<\/div>\n        <div data-id=\"wpet-table-slider-wrapper\">\n\t\t    \t\t\t\t\t\t<div class=\"wpetTableContainer\" data-id=\"wpet-table-slider-item\">\n\t\t\t\t<table class=\"wpetTable wpTable--opening\">\n\t\t\t\t\t<thead class=\"wpetTableHeader\">\n\t\t\t\t\t<tr>\n\t\t\t\t\t\t<td colspan=\"2\">\n\t\t\t\t\t\t\t\t\t\t\t\t\t\t\tDu 08 Januar au 12 Mai\t\t\t\t\t\t\t\t\t\t\t\t\t<\/td>\n\t\t\t\t\t<\/tr>\n\t\t\t\t\t<\/thead>\n\t\t\t\t\t\t\t\t\t\t\t\t\t\t\t\t\t\t<tr class=\"wpetTableLine\">\n\t\t\t\t\t\t\t\t<td class=\"wpetTableCell\">Montag<\/td>\n\t\t\t\t\t\t\t\t<td class=\"wpetTableCell\">Geschlossen<\/td>\n\t\t\t\t\t\t\t<\/tr>\n\t\t\t\t\t\t\t\t\t\t\t\t\t\t\t\t\t\t\t\t\t\t\t\t<tr class=\"wpetTableLine\">\n\t\t\t\t\t\t\t\t<td class=\"wpetTableCell\">Dienstag<\/td>\n\t\t\t\t\t\t\t\t<td class=\"wpetTableCell\">Geschlossen<\/td>\n\t\t\t\t\t\t\t<\/tr>\n\t\t\t\t\t\t\t\t\t\t\t\t\t\t\t\t\t\t\t\t\t\t\t\t<tr class=\"wpetTableLine\">\n\t\t\t\t\t\t\t\t<td class=\"wpetTableCell\">Mittwoch<\/td>\n\t\t\t\t\t\t\t\t<td class=\"wpetTableCell\">Ge\u00f6ffnet von 10h bis 17h<\/td>\n\t\t\t\t\t\t\t<\/tr>\n\t\t\t\t\t\t\t\t\t\t\t\t\t\t\t\t\t\t\t\t\t\t\t\t<tr class=\"wpetTableLine\">\n\t\t\t\t\t\t\t\t<td class=\"wpetTableCell\">Donnerstag<\/td>\n\t\t\t\t\t\t\t\t<td class=\"wpetTableCell\">Geschlossen<\/td>\n\t\t\t\t\t\t\t<\/tr>\n\t\t\t\t\t\t\t\t\t\t\t\t\t\t\t\t\t\t\t\t\t\t\t\t<tr class=\"wpetTableLine\">\n\t\t\t\t\t\t\t\t<td class=\"wpetTableCell\">Freitag<\/td>\n\t\t\t\t\t\t\t\t<td class=\"wpetTableCell\">Geschlossen<\/td>\n\t\t\t\t\t\t\t<\/tr>\n\t\t\t\t\t\t\t\t\t\t\t\t\t\t\t\t\t\t\t\t\t\t\t\t<tr class=\"wpetTableLine\">\n\t\t\t\t\t\t\t\t<td class=\"wpetTableCell\">Samstag<\/td>\n\t\t\t\t\t\t\t\t<td class=\"wpetTableCell\">Ge\u00f6ffnet von 10h bis 17h<\/td>\n\t\t\t\t\t\t\t<\/tr>\n\t\t\t\t\t\t\t\t\t\t\t\t\t\t\t\t\t\t\t\t\t\t\t\t<tr class=\"wpetTableLine\">\n\t\t\t\t\t\t\t\t<td class=\"wpetTableCell\">Sonntag<\/td>\n\t\t\t\t\t\t\t\t<td class=\"wpetTableCell\">Geschlossen<\/td>\n\t\t\t\t\t\t\t<\/tr>\n\t\t\t\t\t\t\t\t\t\t\t\t\t\t\t<\/table>\n\t\t\t<\/div>\n\t\t\t\t\t\t\t\t<div class=\"wpetTableContainer\" data-id=\"wpet-table-slider-item\">\n\t\t\t\t<table class=\"wpetTable wpTable--opening\">\n\t\t\t\t\t<thead class=\"wpetTableHeader\">\n\t\t\t\t\t<tr>\n\t\t\t\t\t\t<td colspan=\"2\">\n\t\t\t\t\t\t\t\t\t\t\t\t\t\t\tDu 13 Mai au 08 Juni\t\t\t\t\t\t\t\t\t\t\t\t\t<\/td>\n\t\t\t\t\t<\/tr>\n\t\t\t\t\t<\/thead>\n\t\t\t\t\t\t\t\t\t\t\t\t\t\t\t\t\t\t<tr class=\"wpetTableLine\">\n\t\t\t\t\t\t\t\t<td class=\"wpetTableCell\">Montag<\/td>\n\t\t\t\t\t\t\t\t<td class=\"wpetTableCell\">Geschlossen<\/td>\n\t\t\t\t\t\t\t<\/tr>\n\t\t\t\t\t\t\t\t\t\t\t\t\t\t\t\t\t\t\t\t\t\t\t\t<tr class=\"wpetTableLine\">\n\t\t\t\t\t\t\t\t<td class=\"wpetTableCell\">Dienstag<\/td>\n\t\t\t\t\t\t\t\t<td class=\"wpetTableCell\">Geschlossen<\/td>\n\t\t\t\t\t\t\t<\/tr>\n\t\t\t\t\t\t\t\t\t\t\t\t\t\t\t\t\t\t\t\t\t\t\t\t<tr class=\"wpetTableLine\">\n\t\t\t\t\t\t\t\t<td class=\"wpetTableCell\">Mittwoch<\/td>\n\t\t\t\t\t\t\t\t<td class=\"wpetTableCell\">Ge\u00f6ffnet von 10h bis 19h<\/td>\n\t\t\t\t\t\t\t<\/tr>\n\t\t\t\t\t\t\t\t\t\t\t\t\t\t\t\t\t\t\t\t\t\t\t\t<tr class=\"wpetTableLine\">\n\t\t\t\t\t\t\t\t<td class=\"wpetTableCell\">Donnerstag<\/td>\n\t\t\t\t\t\t\t\t<td class=\"wpetTableCell\">Geschlossen<\/td>\n\t\t\t\t\t\t\t<\/tr>\n\t\t\t\t\t\t\t\t\t\t\t\t\t\t\t\t\t\t\t\t\t\t\t\t<tr class=\"wpetTableLine\">\n\t\t\t\t\t\t\t\t<td class=\"wpetTableCell\">Freitag<\/td>\n\t\t\t\t\t\t\t\t<td class=\"wpetTableCell\">Geschlossen<\/td>\n\t\t\t\t\t\t\t<\/tr>\n\t\t\t\t\t\t\t\t\t\t\t\t\t\t\t\t\t\t\t\t\t\t\t\t<tr class=\"wpetTableLine\">\n\t\t\t\t\t\t\t\t<td class=\"wpetTableCell\">Samstag<\/td>\n\t\t\t\t\t\t\t\t<td class=\"wpetTableCell\">Ge\u00f6ffnet von 10h bis 19h<\/td>\n\t\t\t\t\t\t\t<\/tr>\n\t\t\t\t\t\t\t\t\t\t\t\t\t\t\t\t\t\t\t\t\t\t\t\t<tr class=\"wpetTableLine\">\n\t\t\t\t\t\t\t\t<td class=\"wpetTableCell\">Sonntag<\/td>\n\t\t\t\t\t\t\t\t<td class=\"wpetTableCell\">Ge\u00f6ffnet von 10h bis 19h<\/td>\n\t\t\t\t\t\t\t<\/tr>\n\t\t\t\t\t\t\t\t\t\t\t\t\t\t\t<\/table>\n\t\t\t<\/div>\n\t\t\t\t\t\t\t\t<div class=\"wpetTableContainer\" data-id=\"wpet-table-slider-item\">\n\t\t\t\t<table class=\"wpetTable wpTable--opening\">\n\t\t\t\t\t<thead class=\"wpetTableHeader\">\n\t\t\t\t\t<tr>\n\t\t\t\t\t\t<td colspan=\"2\">\n\t\t\t\t\t\t\t\t\t\t\t\t\t\t\tVon 11 Juni bis 29 Juni\t\t\t\t\t\t\t\t\t\t\t\t\t<\/td>\n\t\t\t\t\t<\/tr>\n\t\t\t\t\t<\/thead>\n\t\t\t\t\t\t\t\t\t\t\t\t\t\t\t\t\t\t<tr class=\"wpetTableLine\">\n\t\t\t\t\t\t\t\t<td class=\"wpetTableCell\">Montag<\/td>\n\t\t\t\t\t\t\t\t<td class=\"wpetTableCell\">Geschlossen<\/td>\n\t\t\t\t\t\t\t<\/tr>\n\t\t\t\t\t\t\t\t\t\t\t\t\t\t\t\t\t\t\t\t\t\t\t\t<tr class=\"wpetTableLine\">\n\t\t\t\t\t\t\t\t<td class=\"wpetTableCell\">Dienstag<\/td>\n\t\t\t\t\t\t\t\t<td class=\"wpetTableCell\">Geschlossen<\/td>\n\t\t\t\t\t\t\t<\/tr>\n\t\t\t\t\t\t\t\t\t\t\t\t\t\t\t\t\t\t\t\t\t\t\t\t<tr class=\"wpetTableLine\">\n\t\t\t\t\t\t\t\t<td class=\"wpetTableCell\">Mittwoch<\/td>\n\t\t\t\t\t\t\t\t<td class=\"wpetTableCell\">Ge\u00f6ffnet von 10h bis 19h<\/td>\n\t\t\t\t\t\t\t<\/tr>\n\t\t\t\t\t\t\t\t\t\t\t\t\t\t\t\t\t\t\t\t\t\t\t\t<tr class=\"wpetTableLine\">\n\t\t\t\t\t\t\t\t<td class=\"wpetTableCell\">Donnerstag<\/td>\n\t\t\t\t\t\t\t\t<td class=\"wpetTableCell\">Geschlossen<\/td>\n\t\t\t\t\t\t\t<\/tr>\n\t\t\t\t\t\t\t\t\t\t\t\t\t\t\t\t\t\t\t\t\t\t\t\t<tr class=\"wpetTableLine\">\n\t\t\t\t\t\t\t\t<td class=\"wpetTableCell\">Freitag<\/td>\n\t\t\t\t\t\t\t\t<td class=\"wpetTableCell\">Geschlossen<\/td>\n\t\t\t\t\t\t\t<\/tr>\n\t\t\t\t\t\t\t\t\t\t\t\t\t\t\t\t\t\t\t\t\t\t\t\t<tr class=\"wpetTableLine\">\n\t\t\t\t\t\t\t\t<td class=\"wpetTableCell\">Samstag<\/td>\n\t\t\t\t\t\t\t\t<td class=\"wpetTableCell\">Ge\u00f6ffnet von 10h bis 19h<\/td>\n\t\t\t\t\t\t\t<\/tr>\n\t\t\t\t\t\t\t\t\t\t\t\t\t\t\t\t\t\t\t\t\t\t\t\t<tr class=\"wpetTableLine\">\n\t\t\t\t\t\t\t\t<td class=\"wpetTableCell\">Sonntag<\/td>\n\t\t\t\t\t\t\t\t<td class=\"wpetTableCell\">Ge\u00f6ffnet von 10h bis 19h<\/td>\n\t\t\t\t\t\t\t<\/tr>\n\t\t\t\t\t\t\t\t\t\t\t\t\t\t\t<\/table>\n\t\t\t<\/div>\n\t\t\t\t\t\t\t\t<div class=\"wpetTableContainer\" data-id=\"wpet-table-slider-item\">\n\t\t\t\t<table class=\"wpetTable wpTable--opening\">\n\t\t\t\t\t<thead class=\"wpetTableHeader\">\n\t\t\t\t\t<tr>\n\t\t\t\t\t\t<td colspan=\"2\">\n\t\t\t\t\t\t\t\t\t\t\t\t\t\t\tVom 30. Juni bis zum 31. August\t\t\t\t\t\t\t\t\t\t\t\t\t<\/td>\n\t\t\t\t\t<\/tr>\n\t\t\t\t\t<\/thead>\n\t\t\t\t\t\t\t\t\t\t\t\t\t\t\t\t\t\t<tr class=\"wpetTableLine\">\n\t\t\t\t\t\t\t\t<td class=\"wpetTableCell\">Montag<\/td>\n\t\t\t\t\t\t\t\t<td class=\"wpetTableCell\">Ge\u00f6ffnet von 10h bis 19h<\/td>\n\t\t\t\t\t\t\t<\/tr>\n\t\t\t\t\t\t\t\t\t\t\t\t\t\t\t\t\t\t\t\t\t\t\t\t<tr class=\"wpetTableLine\">\n\t\t\t\t\t\t\t\t<td class=\"wpetTableCell\">Dienstag<\/td>\n\t\t\t\t\t\t\t\t<td class=\"wpetTableCell\">Ge\u00f6ffnet von 10h bis 19h<\/td>\n\t\t\t\t\t\t\t<\/tr>\n\t\t\t\t\t\t\t\t\t\t\t\t\t\t\t\t\t\t\t\t\t\t\t\t<tr class=\"wpetTableLine\">\n\t\t\t\t\t\t\t\t<td class=\"wpetTableCell\">Mittwoch<\/td>\n\t\t\t\t\t\t\t\t<td class=\"wpetTableCell\">Ge\u00f6ffnet von 10h bis 19h<\/td>\n\t\t\t\t\t\t\t<\/tr>\n\t\t\t\t\t\t\t\t\t\t\t\t\t\t\t\t\t\t\t\t\t\t\t\t<tr class=\"wpetTableLine\">\n\t\t\t\t\t\t\t\t<td class=\"wpetTableCell\">Donnerstag<\/td>\n\t\t\t\t\t\t\t\t<td class=\"wpetTableCell\">Ge\u00f6ffnet von 10h bis 19h<\/td>\n\t\t\t\t\t\t\t<\/tr>\n\t\t\t\t\t\t\t\t\t\t\t\t\t\t\t\t\t\t\t\t\t\t\t\t<tr class=\"wpetTableLine\">\n\t\t\t\t\t\t\t\t<td class=\"wpetTableCell\">Freitag<\/td>\n\t\t\t\t\t\t\t\t<td class=\"wpetTableCell\">Ge\u00f6ffnet von 10h bis 19h<\/td>\n\t\t\t\t\t\t\t<\/tr>\n\t\t\t\t\t\t\t\t\t\t\t\t\t\t\t\t\t\t\t\t\t\t\t\t<tr class=\"wpetTableLine\">\n\t\t\t\t\t\t\t\t<td class=\"wpetTableCell\">Samstag<\/td>\n\t\t\t\t\t\t\t\t<td class=\"wpetTableCell\">Ge\u00f6ffnet von 10h bis 19h<\/td>\n\t\t\t\t\t\t\t<\/tr>\n\t\t\t\t\t\t\t\t\t\t\t\t\t\t\t\t\t\t\t\t\t\t\t\t<tr class=\"wpetTableLine\">\n\t\t\t\t\t\t\t\t<td class=\"wpetTableCell\">Sonntag<\/td>\n\t\t\t\t\t\t\t\t<td class=\"wpetTableCell\">Ge\u00f6ffnet von 10h bis 19h<\/td>\n\t\t\t\t\t\t\t<\/tr>\n\t\t\t\t\t\t\t\t\t\t\t\t\t\t\t<\/table>\n\t\t\t<\/div>\n\t\t\t\t\t\t\t\t<div class=\"wpetTableContainer\" data-id=\"wpet-table-slider-item\">\n\t\t\t\t<table class=\"wpetTable wpTable--opening\">\n\t\t\t\t\t<thead class=\"wpetTableHeader\">\n\t\t\t\t\t<tr>\n\t\t\t\t\t\t<td colspan=\"2\">\n\t\t\t\t\t\t\t\t\t\t\t\t\t\t\tVom 01 September bis zum 14 September\t\t\t\t\t\t\t\t\t\t\t\t\t<\/td>\n\t\t\t\t\t<\/tr>\n\t\t\t\t\t<\/thead>\n\t\t\t\t\t\t\t\t\t\t\t\t\t\t\t\t\t\t<tr class=\"wpetTableLine\">\n\t\t\t\t\t\t\t\t<td class=\"wpetTableCell\">Montag<\/td>\n\t\t\t\t\t\t\t\t<td class=\"wpetTableCell\">Geschlossen<\/td>\n\t\t\t\t\t\t\t<\/tr>\n\t\t\t\t\t\t\t\t\t\t\t\t\t\t\t\t\t\t\t\t\t\t\t\t<tr class=\"wpetTableLine\">\n\t\t\t\t\t\t\t\t<td class=\"wpetTableCell\">Dienstag<\/td>\n\t\t\t\t\t\t\t\t<td class=\"wpetTableCell\">Geschlossen<\/td>\n\t\t\t\t\t\t\t<\/tr>\n\t\t\t\t\t\t\t\t\t\t\t\t\t\t\t\t\t\t\t\t\t\t\t\t<tr class=\"wpetTableLine\">\n\t\t\t\t\t\t\t\t<td class=\"wpetTableCell\">Mittwoch<\/td>\n\t\t\t\t\t\t\t\t<td class=\"wpetTableCell\">Ge\u00f6ffnet von 10h bis 19h<\/td>\n\t\t\t\t\t\t\t<\/tr>\n\t\t\t\t\t\t\t\t\t\t\t\t\t\t\t\t\t\t\t\t\t\t\t\t<tr class=\"wpetTableLine\">\n\t\t\t\t\t\t\t\t<td class=\"wpetTableCell\">Donnerstag<\/td>\n\t\t\t\t\t\t\t\t<td class=\"wpetTableCell\">Geschlossen<\/td>\n\t\t\t\t\t\t\t<\/tr>\n\t\t\t\t\t\t\t\t\t\t\t\t\t\t\t\t\t\t\t\t\t\t\t\t<tr class=\"wpetTableLine\">\n\t\t\t\t\t\t\t\t<td class=\"wpetTableCell\">Freitag<\/td>\n\t\t\t\t\t\t\t\t<td class=\"wpetTableCell\">Geschlossen<\/td>\n\t\t\t\t\t\t\t<\/tr>\n\t\t\t\t\t\t\t\t\t\t\t\t\t\t\t\t\t\t\t\t\t\t\t\t<tr class=\"wpetTableLine\">\n\t\t\t\t\t\t\t\t<td class=\"wpetTableCell\">Samstag<\/td>\n\t\t\t\t\t\t\t\t<td class=\"wpetTableCell\">Ge\u00f6ffnet von 10h bis 19h<\/td>\n\t\t\t\t\t\t\t<\/tr>\n\t\t\t\t\t\t\t\t\t\t\t\t\t\t\t\t\t\t\t\t\t\t\t\t<tr class=\"wpetTableLine\">\n\t\t\t\t\t\t\t\t<td class=\"wpetTableCell\">Sonntag<\/td>\n\t\t\t\t\t\t\t\t<td class=\"wpetTableCell\">Ge\u00f6ffnet von 10h bis 19h<\/td>\n\t\t\t\t\t\t\t<\/tr>\n\t\t\t\t\t\t\t\t\t\t\t\t\t\t\t<\/table>\n\t\t\t<\/div>\n\t\t\t\t\t\t\t\t<div class=\"wpetTableContainer\" data-id=\"wpet-table-slider-item\">\n\t\t\t\t<table class=\"wpetTable wpTable--opening\">\n\t\t\t\t\t<thead class=\"wpetTableHeader\">\n\t\t\t\t\t<tr>\n\t\t\t\t\t\t<td colspan=\"2\">\n\t\t\t\t\t\t\t\t\t\t\t\t\t\t\tVom 15. September bis zum 20. Dezember\t\t\t\t\t\t\t\t\t\t\t\t\t<\/td>\n\t\t\t\t\t<\/tr>\n\t\t\t\t\t<\/thead>\n\t\t\t\t\t\t\t\t\t\t\t\t\t\t\t\t\t\t<tr class=\"wpetTableLine\">\n\t\t\t\t\t\t\t\t<td class=\"wpetTableCell\">Montag<\/td>\n\t\t\t\t\t\t\t\t<td class=\"wpetTableCell\">Geschlossen<\/td>\n\t\t\t\t\t\t\t<\/tr>\n\t\t\t\t\t\t\t\t\t\t\t\t\t\t\t\t\t\t\t\t\t\t\t\t<tr class=\"wpetTableLine\">\n\t\t\t\t\t\t\t\t<td class=\"wpetTableCell\">Dienstag<\/td>\n\t\t\t\t\t\t\t\t<td class=\"wpetTableCell\">Geschlossen<\/td>\n\t\t\t\t\t\t\t<\/tr>\n\t\t\t\t\t\t\t\t\t\t\t\t\t\t\t\t\t\t\t\t\t\t\t\t<tr class=\"wpetTableLine\">\n\t\t\t\t\t\t\t\t<td class=\"wpetTableCell\">Mittwoch<\/td>\n\t\t\t\t\t\t\t\t<td class=\"wpetTableCell\">Ge\u00f6ffnet von 10h bis 17h<\/td>\n\t\t\t\t\t\t\t<\/tr>\n\t\t\t\t\t\t\t\t\t\t\t\t\t\t\t\t\t\t\t\t\t\t\t\t<tr class=\"wpetTableLine\">\n\t\t\t\t\t\t\t\t<td class=\"wpetTableCell\">Donnerstag<\/td>\n\t\t\t\t\t\t\t\t<td class=\"wpetTableCell\">Geschlossen<\/td>\n\t\t\t\t\t\t\t<\/tr>\n\t\t\t\t\t\t\t\t\t\t\t\t\t\t\t\t\t\t\t\t\t\t\t\t<tr class=\"wpetTableLine\">\n\t\t\t\t\t\t\t\t<td class=\"wpetTableCell\">Freitag<\/td>\n\t\t\t\t\t\t\t\t<td class=\"wpetTableCell\">Geschlossen<\/td>\n\t\t\t\t\t\t\t<\/tr>\n\t\t\t\t\t\t\t\t\t\t\t\t\t\t\t\t\t\t\t\t\t\t\t\t<tr class=\"wpetTableLine\">\n\t\t\t\t\t\t\t\t<td class=\"wpetTableCell\">Samstag<\/td>\n\t\t\t\t\t\t\t\t<td class=\"wpetTableCell\">Ge\u00f6ffnet von 10h bis 17h<\/td>\n\t\t\t\t\t\t\t<\/tr>\n\t\t\t\t\t\t\t\t\t\t\t\t\t\t\t\t\t\t\t\t\t\t\t\t<tr class=\"wpetTableLine\">\n\t\t\t\t\t\t\t\t<td class=\"wpetTableCell\">Sonntag<\/td>\n\t\t\t\t\t\t\t\t<td class=\"wpetTableCell\">Geschlossen<\/td>\n\t\t\t\t\t\t\t<\/tr>\n\t\t\t\t\t\t\t\t\t\t\t\t\t\t\t<\/table>\n\t\t\t<\/div>\n\t\t\t\t\t\t\t\t<div class=\"wpetTableContainer\" data-id=\"wpet-table-slider-item\">\n\t\t\t\t<table class=\"wpetTable wpTable--opening\">\n\t\t\t\t\t<thead class=\"wpetTableHeader\">\n\t\t\t\t\t<tr>\n\t\t\t\t\t\t<td colspan=\"2\">\n\t\t\t\t\t\t\t\t\t\t\t\t\t\t\tVom 21. Dezember bis zum 31. Dezember\t\t\t\t\t\t\t\t\t\t\t\t\t<\/td>\n\t\t\t\t\t<\/tr>\n\t\t\t\t\t<\/thead>\n\t\t\t\t\t\t\t\t\t\t\t\t\t\t\t\t\t\t<tr class=\"wpetTableLine\">\n\t\t\t\t\t\t\t\t<td class=\"wpetTableCell\">Montag<\/td>\n\t\t\t\t\t\t\t\t<td class=\"wpetTableCell\">Geschlossen<\/td>\n\t\t\t\t\t\t\t<\/tr>\n\t\t\t\t\t\t\t\t\t\t\t\t\t\t\t\t\t\t\t\t\t\t\t\t<tr class=\"wpetTableLine\">\n\t\t\t\t\t\t\t\t<td class=\"wpetTableCell\">Dienstag<\/td>\n\t\t\t\t\t\t\t\t<td class=\"wpetTableCell\">Geschlossen<\/td>\n\t\t\t\t\t\t\t<\/tr>\n\t\t\t\t\t\t\t\t\t\t\t\t\t\t\t\t\t\t\t\t\t\t\t\t<tr class=\"wpetTableLine\">\n\t\t\t\t\t\t\t\t<td class=\"wpetTableCell\">Mittwoch<\/td>\n\t\t\t\t\t\t\t\t<td class=\"wpetTableCell\">Geschlossen<\/td>\n\t\t\t\t\t\t\t<\/tr>\n\t\t\t\t\t\t\t\t\t\t\t\t\t\t\t\t\t\t\t\t\t\t\t\t<tr class=\"wpetTableLine\">\n\t\t\t\t\t\t\t\t<td class=\"wpetTableCell\">Donnerstag<\/td>\n\t\t\t\t\t\t\t\t<td class=\"wpetTableCell\">Geschlossen<\/td>\n\t\t\t\t\t\t\t<\/tr>\n\t\t\t\t\t\t\t\t\t\t\t\t\t\t\t\t\t\t\t\t\t\t\t\t<tr class=\"wpetTableLine\">\n\t\t\t\t\t\t\t\t<td class=\"wpetTableCell\">Freitag<\/td>\n\t\t\t\t\t\t\t\t<td class=\"wpetTableCell\">Geschlossen<\/td>\n\t\t\t\t\t\t\t<\/tr>\n\t\t\t\t\t\t\t\t\t\t\t\t\t\t\t\t\t\t\t\t\t\t\t\t<tr class=\"wpetTableLine\">\n\t\t\t\t\t\t\t\t<td class=\"wpetTableCell\">Samstag<\/td>\n\t\t\t\t\t\t\t\t<td class=\"wpetTableCell\">Geschlossen<\/td>\n\t\t\t\t\t\t\t<\/tr>\n\t\t\t\t\t\t\t\t\t\t\t\t\t\t\t\t\t\t\t\t\t\t\t\t<tr class=\"wpetTableLine\">\n\t\t\t\t\t\t\t\t<td class=\"wpetTableCell\">Sonntag<\/td>\n\t\t\t\t\t\t\t\t<td class=\"wpetTableCell\">Geschlossen<\/td>\n\t\t\t\t\t\t\t<\/tr>\n\t\t\t\t\t\t\t\t\t\t\t\t\t\t\t<\/table>\n\t\t\t<\/div>\n\t\t        <\/div>\n\t<\/div>\n\n    <\/div>\n\n\n\n    <div class=\"wp-block wp-block-single-sit wp-block-single-sit-tarifs\">\n\n                    <h2>Tarife<\/h2>\n        \n        \n    <table class=\"wpetTable\">\n                    <tr class=\"wpetTableLine\">\n                <td class=\"wpetTableCell\">\n                    Erwachsenentarif                                            <span class=\"wpetTableCell--complement entryMeta\">Hochsaison<\/span>\n                                    <\/td>\n                <td class=\"wpetTableCell\">11 \u20ac<\/td>\n            <\/tr>\n                    <tr class=\"wpetTableLine\">\n                <td class=\"wpetTableCell\">\n                    Erm\u00e4\u00dfigter Tarif Erwachsene                                            <span class=\"wpetTableCell--complement entryMeta\">SIBL-Karte<\/span>\n                                    <\/td>\n                <td class=\"wpetTableCell\">4 \u20ac<\/td>\n            <\/tr>\n            <\/table>\n\n\n    \n    \n    <\/div>\n\n\n\n\n<hr class=\"wp-block-separator has-alpha-channel-opacity\"\/>\n\n\n<div class=\"wp-block wp-block-highlight\">\n            <h3 class=\"wp-block-highlight-item wp-block-highlight-title\">Lust, mehr zu erfahren?<\/h3>\n                <p class=\"wp-block-highlight-item wp-block-highlight-excerpt\">Diese sch\u00f6ne Reportage wurde anl\u00e4sslich der Ver\u00f6ffentlichung des gesamten<strong> erstes Destinationsmagazin von Creil Sud Oise Tourisme<\/strong>.<br>Im Inneren, von n<strong>ombreux autres articles<\/strong> nehmen Sie mit auf eine Reise zu <strong>lokale Figuren<\/strong> und bieten <strong>Ausgehideen!<\/strong><br><strong>Bestellen Sie<\/strong> le, um es bei seiner Papierausgabe zu erhalten!<br><strong><a href=\"https:\/\/www.creilsudoise-tourisme.fr\/de\/praxis\/broschuren\/\" target=\"_blank\" rel=\"noreferrer noopener\">Hier, um es zu bestellen<\/a><\/strong><\/p>\n    <\/div>","protected":false},"excerpt":{"rendered":"<p>Bereiten Sie sich darauf vor, in eine Freizeitwelt inmitten der Natur einzutauchen, in der das Wasser Ihr Verb\u00fcndeter und das Gr\u00fcn Ihr Spielplatz wird. Wenn Sie auf der Suche nach erfrischenden Ausfl\u00fcgen, Abenteuern im Freien und entspannenden Momenten sind, um eine gute Zeit mit der Familie zu haben, sind Sie hier genau richtig. Fran\u00e7ois Perraguin, [...].<\/p>","protected":false},"author":3,"featured_media":55018,"comment_status":"closed","ping_status":"closed","sticky":false,"template":"","format":"standard","meta":{"_relevanssi_hide_post":"","_relevanssi_hide_content":"","_relevanssi_pin_for_all":"","_relevanssi_pin_keywords":"","_relevanssi_unpin_keywords":"","_relevanssi_related_keywords":"","_relevanssi_related_include_ids":"","_relevanssi_related_exclude_ids":"","_relevanssi_related_no_append":"","_relevanssi_related_not_related":"","_relevanssi_related_posts":"39785,41679,39126,39862,41674,37757","_relevanssi_noindex_reason":""},"categories":[10],"tags":[],"yoast_head":"<!-- This site is optimized with the Yoast SEO plugin v20.2.1 - https:\/\/yoast.com\/wordpress\/plugins\/seo\/ -->\n<title>En famille les pieds dans l\u2019eau<\/title>\n<meta name=\"description\" content=\"Rencontre avec Fran\u00e7ois Perraguin, directeur de la Base de Loisirs de Saint-Leu-d&#039;Esserent, une aire de jeux \u00e0 ciel ouvert.\" \/>\n<meta name=\"robots\" content=\"index, follow, max-snippet:-1, max-image-preview:large, max-video-preview:-1\" \/>\n<link rel=\"canonical\" href=\"https:\/\/www.creilsudoise-tourisme.fr\/de\/2024\/07\/01\/francois-perraguin\/\" \/>\n<meta property=\"og:locale\" content=\"de_DE\" \/>\n<meta property=\"og:type\" content=\"article\" \/>\n<meta property=\"og:title\" content=\"En famille les pieds dans l\u2019eau\" \/>\n<meta property=\"og:description\" content=\"Rencontre avec Fran\u00e7ois Perraguin, directeur de la Base de Loisirs de Saint-Leu-d&#039;Esserent, une aire de jeux \u00e0 ciel ouvert.\" \/>\n<meta property=\"og:url\" content=\"https:\/\/www.creilsudoise-tourisme.fr\/de\/2024\/07\/01\/francois-perraguin\/\" \/>\n<meta property=\"og:site_name\" content=\"Office de Tourisme Creil Sud Oise\" \/>\n<meta property=\"article:publisher\" content=\"https:\/\/www.facebook.com\/creilsudoisetourisme\/\" \/>\n<meta property=\"article:published_time\" content=\"2024-07-01T14:59:50+00:00\" \/>\n<meta property=\"article:modified_time\" content=\"2024-08-12T13:21:29+00:00\" \/>\n<meta property=\"og:image\" content=\"https:\/\/www.creilsudoise-tourisme.fr\/wp-content\/uploads\/2024\/07\/francois.jpg\" \/>\n\t<meta property=\"og:image:width\" content=\"1490\" \/>\n\t<meta property=\"og:image:height\" content=\"1920\" \/>\n\t<meta property=\"og:image:type\" content=\"image\/jpeg\" \/>\n<meta name=\"author\" content=\"fdubut\" \/>\n<meta name=\"twitter:card\" content=\"summary_large_image\" \/>\n<meta name=\"twitter:creator\" content=\"@CreilSudOiseOT\" \/>\n<meta name=\"twitter:site\" content=\"@CreilSudOiseOT\" \/>\n<meta name=\"twitter:label1\" content=\"Verfasst von\" \/>\n\t<meta name=\"twitter:data1\" content=\"fdubut\" \/>\n\t<meta name=\"twitter:label2\" content=\"Gesch\u00e4tzte Lesezeit\" \/>\n\t<meta name=\"twitter:data2\" content=\"6\u00a0Minuten\" \/>\n<script type=\"application\/ld+json\" class=\"yoast-schema-graph\">{\"@context\":\"https:\/\/schema.org\",\"@graph\":[{\"@type\":\"Article\",\"@id\":\"https:\/\/www.creilsudoise-tourisme.fr\/2024\/07\/01\/francois-perraguin\/#article\",\"isPartOf\":{\"@id\":\"https:\/\/www.creilsudoise-tourisme.fr\/2024\/07\/01\/francois-perraguin\/\"},\"author\":{\"name\":\"fdubut\",\"@id\":\"https:\/\/www.creilsudoise-tourisme.fr\/#\/schema\/person\/c5140d47645b13bee896bfe05f1bd5da\"},\"headline\":\"En famille les pieds dans l&rsquo;eau\",\"datePublished\":\"2024-07-01T14:59:50+00:00\",\"dateModified\":\"2024-08-12T13:21:29+00:00\",\"mainEntityOfPage\":{\"@id\":\"https:\/\/www.creilsudoise-tourisme.fr\/2024\/07\/01\/francois-perraguin\/\"},\"wordCount\":1231,\"publisher\":{\"@id\":\"https:\/\/www.creilsudoise-tourisme.fr\/#organization\"},\"articleSection\":[\"Nos ambassadeurs\"],\"inLanguage\":\"de\"},{\"@type\":\"WebPage\",\"@id\":\"https:\/\/www.creilsudoise-tourisme.fr\/2024\/07\/01\/francois-perraguin\/\",\"url\":\"https:\/\/www.creilsudoise-tourisme.fr\/2024\/07\/01\/francois-perraguin\/\",\"name\":\"En famille les pieds dans l\u2019eau\",\"isPartOf\":{\"@id\":\"https:\/\/www.creilsudoise-tourisme.fr\/#website\"},\"datePublished\":\"2024-07-01T14:59:50+00:00\",\"dateModified\":\"2024-08-12T13:21:29+00:00\",\"description\":\"Rencontre avec Fran\u00e7ois Perraguin, directeur de la Base de Loisirs de Saint-Leu-d'Esserent, une aire de jeux \u00e0 ciel ouvert.\",\"breadcrumb\":{\"@id\":\"https:\/\/www.creilsudoise-tourisme.fr\/2024\/07\/01\/francois-perraguin\/#breadcrumb\"},\"inLanguage\":\"de\",\"potentialAction\":[{\"@type\":\"ReadAction\",\"target\":[\"https:\/\/www.creilsudoise-tourisme.fr\/2024\/07\/01\/francois-perraguin\/\"]}]},{\"@type\":\"BreadcrumbList\",\"@id\":\"https:\/\/www.creilsudoise-tourisme.fr\/2024\/07\/01\/francois-perraguin\/#breadcrumb\",\"itemListElement\":[{\"@type\":\"ListItem\",\"position\":1,\"name\":\"Accueil\",\"item\":\"https:\/\/www.creilsudoise-tourisme.fr\/\"},{\"@type\":\"ListItem\",\"position\":2,\"name\":\"En famille les pieds dans l&rsquo;eau\"}]},{\"@type\":\"WebSite\",\"@id\":\"https:\/\/www.creilsudoise-tourisme.fr\/#website\",\"url\":\"https:\/\/www.creilsudoise-tourisme.fr\/\",\"name\":\"Office de Tourisme Creil Sud Oise\",\"description\":\"Creil Sud Oise Tourisme, un territoire \u00e0 explorer !\",\"publisher\":{\"@id\":\"https:\/\/www.creilsudoise-tourisme.fr\/#organization\"},\"potentialAction\":[{\"@type\":\"SearchAction\",\"target\":{\"@type\":\"EntryPoint\",\"urlTemplate\":\"https:\/\/www.creilsudoise-tourisme.fr\/?s={search_term_string}\"},\"query-input\":\"required name=search_term_string\"}],\"inLanguage\":\"de\"},{\"@type\":\"Organization\",\"@id\":\"https:\/\/www.creilsudoise-tourisme.fr\/#organization\",\"name\":\"Creil Sud Oise Tourisme\",\"url\":\"https:\/\/www.creilsudoise-tourisme.fr\/\",\"logo\":{\"@type\":\"ImageObject\",\"inLanguage\":\"de\",\"@id\":\"https:\/\/www.creilsudoise-tourisme.fr\/#\/schema\/logo\/image\/\",\"url\":\"https:\/\/www.creilsudoise-tourisme.fr\/wp-content\/uploads\/2021\/05\/logo-svg.png\",\"contentUrl\":\"https:\/\/www.creilsudoise-tourisme.fr\/wp-content\/uploads\/2021\/05\/logo-svg.png\",\"width\":182,\"height\":71,\"caption\":\"Creil Sud Oise Tourisme\"},\"image\":{\"@id\":\"https:\/\/www.creilsudoise-tourisme.fr\/#\/schema\/logo\/image\/\"},\"sameAs\":[\"https:\/\/www.facebook.com\/creilsudoisetourisme\/\",\"https:\/\/twitter.com\/CreilSudOiseOT\",\"https:\/\/www.instagram.com\/creilsudoisetourisme\/\",\"https:\/\/www.youtube.com\/channel\/UC8L_QD2wwyADW14zt9fY8kw\"]},{\"@type\":\"Person\",\"@id\":\"https:\/\/www.creilsudoise-tourisme.fr\/#\/schema\/person\/c5140d47645b13bee896bfe05f1bd5da\",\"name\":\"fdubut\",\"image\":{\"@type\":\"ImageObject\",\"inLanguage\":\"de\",\"@id\":\"https:\/\/www.creilsudoise-tourisme.fr\/#\/schema\/person\/image\/\",\"url\":\"https:\/\/secure.gravatar.com\/avatar\/c49bb61337bf4556cafdbcb92c18618d?s=96&d=mm&r=g\",\"contentUrl\":\"https:\/\/secure.gravatar.com\/avatar\/c49bb61337bf4556cafdbcb92c18618d?s=96&d=mm&r=g\",\"caption\":\"fdubut\"},\"url\":\"https:\/\/www.creilsudoise-tourisme.fr\/de\/auteur\/fdubut\/\"}]}<\/script>\n<!-- \/ Yoast SEO plugin. -->","yoast_head_json":{"title":"En famille les pieds dans l\u2019eau","description":"Rencontre avec Fran\u00e7ois Perraguin, directeur de la Base de Loisirs de Saint-Leu-d'Esserent, une aire de jeux \u00e0 ciel ouvert.","robots":{"index":"index","follow":"follow","max-snippet":"max-snippet:-1","max-image-preview":"max-image-preview:large","max-video-preview":"max-video-preview:-1"},"canonical":"https:\/\/www.creilsudoise-tourisme.fr\/de\/2024\/07\/01\/francois-perraguin\/","og_locale":"de_DE","og_type":"article","og_title":"En famille les pieds dans l\u2019eau","og_description":"Rencontre avec Fran\u00e7ois Perraguin, directeur de la Base de Loisirs de Saint-Leu-d'Esserent, une aire de jeux \u00e0 ciel ouvert.","og_url":"https:\/\/www.creilsudoise-tourisme.fr\/de\/2024\/07\/01\/francois-perraguin\/","og_site_name":"Office de Tourisme Creil Sud Oise","article_publisher":"https:\/\/www.facebook.com\/creilsudoisetourisme\/","article_published_time":"2024-07-01T14:59:50+00:00","article_modified_time":"2024-08-12T13:21:29+00:00","og_image":[{"width":1490,"height":1920,"url":"https:\/\/www.creilsudoise-tourisme.fr\/wp-content\/uploads\/2024\/07\/francois.jpg","type":"image\/jpeg"}],"author":"fdubut","twitter_card":"summary_large_image","twitter_creator":"@CreilSudOiseOT","twitter_site":"@CreilSudOiseOT","twitter_misc":{"Verfasst von":"fdubut","Gesch\u00e4tzte Lesezeit":"6\u00a0Minuten"},"schema":{"@context":"https:\/\/schema.org","@graph":[{"@type":"Article","@id":"https:\/\/www.creilsudoise-tourisme.fr\/2024\/07\/01\/francois-perraguin\/#article","isPartOf":{"@id":"https:\/\/www.creilsudoise-tourisme.fr\/2024\/07\/01\/francois-perraguin\/"},"author":{"name":"fdubut","@id":"https:\/\/www.creilsudoise-tourisme.fr\/#\/schema\/person\/c5140d47645b13bee896bfe05f1bd5da"},"headline":"En famille les pieds dans l&rsquo;eau","datePublished":"2024-07-01T14:59:50+00:00","dateModified":"2024-08-12T13:21:29+00:00","mainEntityOfPage":{"@id":"https:\/\/www.creilsudoise-tourisme.fr\/2024\/07\/01\/francois-perraguin\/"},"wordCount":1231,"publisher":{"@id":"https:\/\/www.creilsudoise-tourisme.fr\/#organization"},"articleSection":["Nos ambassadeurs"],"inLanguage":"de"},{"@type":"WebPage","@id":"https:\/\/www.creilsudoise-tourisme.fr\/2024\/07\/01\/francois-perraguin\/","url":"https:\/\/www.creilsudoise-tourisme.fr\/2024\/07\/01\/francois-perraguin\/","name":"En famille les pieds dans l\u2019eau","isPartOf":{"@id":"https:\/\/www.creilsudoise-tourisme.fr\/#website"},"datePublished":"2024-07-01T14:59:50+00:00","dateModified":"2024-08-12T13:21:29+00:00","description":"Rencontre avec Fran\u00e7ois Perraguin, directeur de la Base de Loisirs de Saint-Leu-d'Esserent, une aire de jeux \u00e0 ciel ouvert.","breadcrumb":{"@id":"https:\/\/www.creilsudoise-tourisme.fr\/2024\/07\/01\/francois-perraguin\/#breadcrumb"},"inLanguage":"de","potentialAction":[{"@type":"ReadAction","target":["https:\/\/www.creilsudoise-tourisme.fr\/2024\/07\/01\/francois-perraguin\/"]}]},{"@type":"BreadcrumbList","@id":"https:\/\/www.creilsudoise-tourisme.fr\/2024\/07\/01\/francois-perraguin\/#breadcrumb","itemListElement":[{"@type":"ListItem","position":1,"name":"Accueil","item":"https:\/\/www.creilsudoise-tourisme.fr\/"},{"@type":"ListItem","position":2,"name":"En famille les pieds dans l&rsquo;eau"}]},{"@type":"WebSite","@id":"https:\/\/www.creilsudoise-tourisme.fr\/#website","url":"https:\/\/www.creilsudoise-tourisme.fr\/","name":"Office de Tourisme Creil Sud Oise","description":"Creil Sud Oise Tourisme, un territoire \u00e0 explorer !","publisher":{"@id":"https:\/\/www.creilsudoise-tourisme.fr\/#organization"},"potentialAction":[{"@type":"SearchAction","target":{"@type":"EntryPoint","urlTemplate":"https:\/\/www.creilsudoise-tourisme.fr\/?s={search_term_string}"},"query-input":"required name=search_term_string"}],"inLanguage":"de"},{"@type":"Organization","@id":"https:\/\/www.creilsudoise-tourisme.fr\/#organization","name":"Creil Sud Oise Tourisme","url":"https:\/\/www.creilsudoise-tourisme.fr\/","logo":{"@type":"ImageObject","inLanguage":"de","@id":"https:\/\/www.creilsudoise-tourisme.fr\/#\/schema\/logo\/image\/","url":"https:\/\/www.creilsudoise-tourisme.fr\/wp-content\/uploads\/2021\/05\/logo-svg.png","contentUrl":"https:\/\/www.creilsudoise-tourisme.fr\/wp-content\/uploads\/2021\/05\/logo-svg.png","width":182,"height":71,"caption":"Creil Sud Oise Tourisme"},"image":{"@id":"https:\/\/www.creilsudoise-tourisme.fr\/#\/schema\/logo\/image\/"},"sameAs":["https:\/\/www.facebook.com\/creilsudoisetourisme\/","https:\/\/twitter.com\/CreilSudOiseOT","https:\/\/www.instagram.com\/creilsudoisetourisme\/","https:\/\/www.youtube.com\/channel\/UC8L_QD2wwyADW14zt9fY8kw"]},{"@type":"Person","@id":"https:\/\/www.creilsudoise-tourisme.fr\/#\/schema\/person\/c5140d47645b13bee896bfe05f1bd5da","name":"fdubut","image":{"@type":"ImageObject","inLanguage":"de","@id":"https:\/\/www.creilsudoise-tourisme.fr\/#\/schema\/person\/image\/","url":"https:\/\/secure.gravatar.com\/avatar\/c49bb61337bf4556cafdbcb92c18618d?s=96&d=mm&r=g","contentUrl":"https:\/\/secure.gravatar.com\/avatar\/c49bb61337bf4556cafdbcb92c18618d?s=96&d=mm&r=g","caption":"fdubut"},"url":"https:\/\/www.creilsudoise-tourisme.fr\/de\/auteur\/fdubut\/"}]}},"_links":{"self":[{"href":"https:\/\/www.creilsudoise-tourisme.fr\/de\/wp-json\/wp\/v2\/posts\/55006"}],"collection":[{"href":"https:\/\/www.creilsudoise-tourisme.fr\/de\/wp-json\/wp\/v2\/posts"}],"about":[{"href":"https:\/\/www.creilsudoise-tourisme.fr\/de\/wp-json\/wp\/v2\/types\/post"}],"author":[{"embeddable":true,"href":"https:\/\/www.creilsudoise-tourisme.fr\/de\/wp-json\/wp\/v2\/users\/3"}],"replies":[{"embeddable":true,"href":"https:\/\/www.creilsudoise-tourisme.fr\/de\/wp-json\/wp\/v2\/comments?post=55006"}],"version-history":[{"count":10,"href":"https:\/\/www.creilsudoise-tourisme.fr\/de\/wp-json\/wp\/v2\/posts\/55006\/revisions"}],"predecessor-version":[{"id":56026,"href":"https:\/\/www.creilsudoise-tourisme.fr\/de\/wp-json\/wp\/v2\/posts\/55006\/revisions\/56026"}],"wp:featuredmedia":[{"embeddable":true,"href":"https:\/\/www.creilsudoise-tourisme.fr\/de\/wp-json\/wp\/v2\/media\/55018"}],"wp:attachment":[{"href":"https:\/\/www.creilsudoise-tourisme.fr\/de\/wp-json\/wp\/v2\/media?parent=55006"}],"wp:term":[{"taxonomy":"category","embeddable":true,"href":"https:\/\/www.creilsudoise-tourisme.fr\/de\/wp-json\/wp\/v2\/categories?post=55006"},{"taxonomy":"post_tag","embeddable":true,"href":"https:\/\/www.creilsudoise-tourisme.fr\/de\/wp-json\/wp\/v2\/tags?post=55006"}],"curies":[{"name":"wp","href":"https:\/\/api.w.org\/{rel}","templated":true}]}}