{"id":54043,"date":"2024-05-24T11:16:35","date_gmt":"2024-05-24T09:16:35","guid":{"rendered":"https:\/\/www.creilsudoise-tourisme.fr\/?p=54043"},"modified":"2024-07-02T10:40:05","modified_gmt":"2024-07-02T08:40:05","slug":"claude-boufflet","status":"publish","type":"post","link":"https:\/\/www.creilsudoise-tourisme.fr\/de\/2024\/05\/24\/claude-boufflet\/","title":{"rendered":"La Maison de la Pierre, Geschichten von Menschen &amp; Territorium"},"content":{"rendered":"<p class=\"is-style-excerpt\">In Saint-Maximin, ein paar Kilometer von Chantilly entfernt, <strong>das Maison de la Pierre erz\u00e4hlt eine tausendj\u00e4hrige Geschichte<\/strong>die der breiten \u00d6ffentlichkeit kaum bekannt ist. Heute verbindet sich der Ruhm des regionalen Steins mit den <strong>gro\u00dfe Haussmannsche Baustellen<\/strong> vom 19<sup>\u00e8me<\/sup> Jahrhundert und auf \u00e4ltere Werke. <strong>Die Kirche Saint-Pierre und die Kathedrale von Senlis, das Schloss von Vaux-le-Vicomte... diese Sehensw\u00fcrdigkeiten lassen sich zu Hunderten z\u00e4hlen!<\/strong><\/p>\n\n\n\n<p>In diesem Gebiet im S\u00fcden der Oise, <strong>Seit der gallo-r\u00f6mischen Epoche veredelt der abgebaute Kalkstein die Bauten der Menschen.<\/strong> Im Laufe der Epochen, als sich die Techniken weiterentwickelten, machten sich die V\u00f6lker diesen Schatz zu eigen und nutzten zun\u00e4chst die H\u00e4nge der Oise und dann <strong>graben unterirdische G\u00e4nge <\/strong>und Tagebaugruben.<\/p>\n\n\n\n<div class=\"is-layout-flex wp-container-3 wp-block-columns\">\n<div class=\"is-layout-flow wp-block-column\" style=\"flex-basis:66.66%\">\n<p><strong>Claude Boufflet, uners\u00e4ttlicher lokaler Botschafter, ehemaliger Steinbrucharbeiter, Sohn und Enkel von Steinbrucharbeitern<\/strong>Seit 10 Jahren begleitet er das Maison de la Pierre bei der Schaffung zahlreicher Projekte. Auf seine Weise l\u00e4sst er dieses au\u00dfergew\u00f6hnliche Natur- und Kulturerbe, ein Nugget im S\u00fcden der Oise, lebendig werden...<\/p>\n<\/div>\n\n\n\n<div class=\"is-layout-flow wp-block-column\" style=\"flex-basis:33.33%\">\n<figure class=\"wp-block-image size-full\"><img decoding=\"async\" loading=\"lazy\" width=\"640\" height=\"640\" data-src=\"https:\/\/www.creilsudoise-tourisme.fr\/wp-content\/uploads\/2024\/05\/Claude-Boufflet-\u00a9-Creil-Sud-Oise-Tourisme-2-edited.jpg\" alt=\"Unterirdische Erkundung urbex saint-maximin oise Maison de la Pierre Entdeckung Familie Archiv Claude Boufflet\" class=\"wp-image-54111\" data-srcset=\"https:\/\/www.creilsudoise-tourisme.fr\/wp-content\/uploads\/2024\/05\/Claude-Boufflet-\u00a9-Creil-Sud-Oise-Tourisme-2-edited.jpg 640w, https:\/\/www.creilsudoise-tourisme.fr\/wp-content\/uploads\/2024\/05\/Claude-Boufflet-\u00a9-Creil-Sud-Oise-Tourisme-2-edited-600x600.jpg 600w, https:\/\/www.creilsudoise-tourisme.fr\/wp-content\/uploads\/2024\/05\/Claude-Boufflet-\u00a9-Creil-Sud-Oise-Tourisme-2-edited-300x300.jpg 300w, https:\/\/www.creilsudoise-tourisme.fr\/wp-content\/uploads\/2024\/05\/Claude-Boufflet-\u00a9-Creil-Sud-Oise-Tourisme-2-edited-12x12.jpg 12w, https:\/\/www.creilsudoise-tourisme.fr\/wp-content\/uploads\/2024\/05\/Claude-Boufflet-\u00a9-Creil-Sud-Oise-Tourisme-2-edited-200x200.jpg 200w, https:\/\/www.creilsudoise-tourisme.fr\/wp-content\/uploads\/2024\/05\/Claude-Boufflet-\u00a9-Creil-Sud-Oise-Tourisme-2-edited-387x387.jpg 387w\" sizes=\"(max-width: 640px) 100vw, 640px\" \/><figcaption class=\"wp-element-caption\">Creil Sud Oise Tourisme<\/figcaption><\/figure>\n<\/div>\n<\/div>\n\n\n\n<h2>Eine in Stein gemei\u00dfelte Geschichte<\/h2>\n\n\n\n<p>Im Maison de la Pierre (Haus des Steins),<strong> Ort der Erinnerung und der Weitergabe<\/strong>Claude fungiert als Botschafter und Vermittler, <strong>wertvolles Bindeglied zwischen den Epochen.<\/strong><\/p>\n\n\n\n<p>In den alten Steinbr\u00fcchen in der Umgebung macht er sich regelm\u00e4\u00dfig und zu jeder Jahreszeit auf die Suche.<strong>ie Suche nach \u00dcberresten<\/strong> Alte Werkzeuge, Spuren der fr\u00fcheren Steinbrucharbeiter oder der menschlichen Aktivit\u00e4ten in den Steinbr\u00fcchen. Vielleicht sehen Sie ihn, wie er sich mit dem Fahrrad oder zu Fu\u00df auf die Suche nach diesen Spuren begibt: \" [...]. <em>Es fesselt mich, aber ich kann es nicht erkl\u00e4ren.<\/em>r [...] \".<\/p>\n\n\n\n<figure class=\"wp-block-image size-large\"><img decoding=\"async\" loading=\"lazy\" width=\"1200\" height=\"900\" data-src=\"https:\/\/www.creilsudoise-tourisme.fr\/wp-content\/uploads\/2024\/05\/Exploration-\u00a9-Claude-Boufflet-7-1200x900.jpg\" alt=\"Unterirdische Erkundung urbex saint-maximin oise Maison de la Pierre Entdeckung Familie Archiv Claude Boufflet\" class=\"wp-image-54046\" data-srcset=\"https:\/\/www.creilsudoise-tourisme.fr\/wp-content\/uploads\/2024\/05\/Exploration-\u00a9-Claude-Boufflet-7-1200x900.jpg 1200w, https:\/\/www.creilsudoise-tourisme.fr\/wp-content\/uploads\/2024\/05\/Exploration-\u00a9-Claude-Boufflet-7-600x450.jpg 600w, https:\/\/www.creilsudoise-tourisme.fr\/wp-content\/uploads\/2024\/05\/Exploration-\u00a9-Claude-Boufflet-7-900x675.jpg 900w, https:\/\/www.creilsudoise-tourisme.fr\/wp-content\/uploads\/2024\/05\/Exploration-\u00a9-Claude-Boufflet-7-1536x1152.jpg 1536w, https:\/\/www.creilsudoise-tourisme.fr\/wp-content\/uploads\/2024\/05\/Exploration-\u00a9-Claude-Boufflet-7-16x12.jpg 16w, https:\/\/www.creilsudoise-tourisme.fr\/wp-content\/uploads\/2024\/05\/Exploration-\u00a9-Claude-Boufflet-7-200x150.jpg 200w, https:\/\/www.creilsudoise-tourisme.fr\/wp-content\/uploads\/2024\/05\/Exploration-\u00a9-Claude-Boufflet-7-650x488.jpg 650w, https:\/\/www.creilsudoise-tourisme.fr\/wp-content\/uploads\/2024\/05\/Exploration-\u00a9-Claude-Boufflet-7-387x290.jpg 387w, https:\/\/www.creilsudoise-tourisme.fr\/wp-content\/uploads\/2024\/05\/Exploration-\u00a9-Claude-Boufflet-7.jpg 1920w\" sizes=\"(max-width: 1200px) 100vw, 1200px\" \/><figcaption class=\"wp-element-caption\">Claude Boufflet<\/figcaption><\/figure>\n\n\n\n<figure class=\"is-layout-flex wp-block-gallery-4 wp-block-gallery has-nested-images columns-default is-cropped\">\n<figure class=\"wp-block-image size-large\"><img decoding=\"async\" loading=\"lazy\" width=\"900\" height=\"1200\" data-id=\"54052\"  data-src=\"https:\/\/www.creilsudoise-tourisme.fr\/wp-content\/uploads\/2024\/05\/Exploration-\u00a9-Claude-Boufflet-8-900x1200.jpg\" alt=\"Unterirdische Erkundung urbex saint-maximin oise Maison de la Pierre Entdeckung Familie Archiv Claude Boufflet\" class=\"wp-image-54052\" data-srcset=\"https:\/\/www.creilsudoise-tourisme.fr\/wp-content\/uploads\/2024\/05\/Exploration-\u00a9-Claude-Boufflet-8-900x1200.jpg 900w, https:\/\/www.creilsudoise-tourisme.fr\/wp-content\/uploads\/2024\/05\/Exploration-\u00a9-Claude-Boufflet-8-450x600.jpg 450w, https:\/\/www.creilsudoise-tourisme.fr\/wp-content\/uploads\/2024\/05\/Exploration-\u00a9-Claude-Boufflet-8-675x900.jpg 675w, https:\/\/www.creilsudoise-tourisme.fr\/wp-content\/uploads\/2024\/05\/Exploration-\u00a9-Claude-Boufflet-8-1152x1536.jpg 1152w, https:\/\/www.creilsudoise-tourisme.fr\/wp-content\/uploads\/2024\/05\/Exploration-\u00a9-Claude-Boufflet-8-9x12.jpg 9w, https:\/\/www.creilsudoise-tourisme.fr\/wp-content\/uploads\/2024\/05\/Exploration-\u00a9-Claude-Boufflet-8-200x267.jpg 200w, https:\/\/www.creilsudoise-tourisme.fr\/wp-content\/uploads\/2024\/05\/Exploration-\u00a9-Claude-Boufflet-8-650x867.jpg 650w, https:\/\/www.creilsudoise-tourisme.fr\/wp-content\/uploads\/2024\/05\/Exploration-\u00a9-Claude-Boufflet-8-387x516.jpg 387w, https:\/\/www.creilsudoise-tourisme.fr\/wp-content\/uploads\/2024\/05\/Exploration-\u00a9-Claude-Boufflet-8.jpg 1440w\" sizes=\"(max-width: 900px) 100vw, 900px\" \/><figcaption class=\"wp-element-caption\">Claude Boufflet<\/figcaption><\/figure>\n\n\n\n<figure class=\"wp-block-image size-large\"><img decoding=\"async\" loading=\"lazy\" width=\"508\" height=\"436\" data-id=\"54062\"  data-src=\"https:\/\/www.creilsudoise-tourisme.fr\/wp-content\/uploads\/2024\/05\/Exploration-\u00a9-Claude-Boufflet-1.jpg\" alt=\"Unterirdische Erkundung urbex saint-maximin oise Maison de la Pierre Entdeckung Familie Archiv Claude Boufflet\" class=\"wp-image-54062\" data-srcset=\"https:\/\/www.creilsudoise-tourisme.fr\/wp-content\/uploads\/2024\/05\/Exploration-\u00a9-Claude-Boufflet-1.jpg 508w, https:\/\/www.creilsudoise-tourisme.fr\/wp-content\/uploads\/2024\/05\/Exploration-\u00a9-Claude-Boufflet-1-14x12.jpg 14w, https:\/\/www.creilsudoise-tourisme.fr\/wp-content\/uploads\/2024\/05\/Exploration-\u00a9-Claude-Boufflet-1-200x172.jpg 200w, https:\/\/www.creilsudoise-tourisme.fr\/wp-content\/uploads\/2024\/05\/Exploration-\u00a9-Claude-Boufflet-1-387x332.jpg 387w\" sizes=\"(max-width: 508px) 100vw, 508px\" \/><figcaption class=\"wp-element-caption\">Claude Boufflet<\/figcaption><\/figure>\n<\/figure>\n\n\n\n<p>Die Erkl\u00e4rung daf\u00fcr liegt in der Vergangenheit. Von Claudes Kindheit in Saint-Maximin in den 50er und 60er Jahren ist au\u00dfer einigen Fotos nicht viel \u00fcbrig geblieben. Nach dem Krieg errichtete Baracken, Kinderspiele und die Idee einer gewissen Solidarit\u00e4t. <strong>Zu dieser Zeit ern\u00e4hrt der Stein viele Familien, darunter auch seine eigene<\/strong>. Sein Gro\u00dfvater, <strong>L\u00e9on Boufflet<\/strong>Dann sein Vater, <strong>Marcel Boufflet<\/strong>In den Steinbr\u00fcchen arbeiten: \"[...]. <em>mein Gro\u00dfvater arbeitete in den Ouach\u00e9e-Steinbr\u00fcchen, er war ein Mann mit Charakter<\/em> [...] <em>in seiner Freizeit spielte er das Horn, sp\u00e4ter wurde er B\u00fcrgermeister von Saint-Maximin<\/em> [...]\" erz\u00e4hlt er.<\/p>\n\n\n\n<figure class=\"is-layout-flex wp-block-gallery-6 wp-block-gallery has-nested-images columns-default is-cropped\">\n<figure class=\"wp-block-image size-large\"><img decoding=\"async\" loading=\"lazy\" width=\"800\" height=\"505\" data-id=\"54067\"  data-src=\"https:\/\/www.creilsudoise-tourisme.fr\/wp-content\/uploads\/2024\/05\/Image-darchives-de-la-famille-Boufflet-\u00a9-Claude-Boufflet-5.jpg\" alt=\"Unterirdische Erkundung urbex saint-maximin oise Maison de la Pierre Entdeckung Familie Archiv Claude Boufflet\" class=\"wp-image-54067\" data-srcset=\"https:\/\/www.creilsudoise-tourisme.fr\/wp-content\/uploads\/2024\/05\/Image-darchives-de-la-famille-Boufflet-\u00a9-Claude-Boufflet-5.jpg 800w, https:\/\/www.creilsudoise-tourisme.fr\/wp-content\/uploads\/2024\/05\/Image-darchives-de-la-famille-Boufflet-\u00a9-Claude-Boufflet-5-600x379.jpg 600w, https:\/\/www.creilsudoise-tourisme.fr\/wp-content\/uploads\/2024\/05\/Image-darchives-de-la-famille-Boufflet-\u00a9-Claude-Boufflet-5-18x12.jpg 18w, https:\/\/www.creilsudoise-tourisme.fr\/wp-content\/uploads\/2024\/05\/Image-darchives-de-la-famille-Boufflet-\u00a9-Claude-Boufflet-5-200x126.jpg 200w, https:\/\/www.creilsudoise-tourisme.fr\/wp-content\/uploads\/2024\/05\/Image-darchives-de-la-famille-Boufflet-\u00a9-Claude-Boufflet-5-650x410.jpg 650w, https:\/\/www.creilsudoise-tourisme.fr\/wp-content\/uploads\/2024\/05\/Image-darchives-de-la-famille-Boufflet-\u00a9-Claude-Boufflet-5-387x244.jpg 387w\" sizes=\"(max-width: 800px) 100vw, 800px\" \/><figcaption class=\"wp-element-caption\">Claude Boufflet<\/figcaption><\/figure>\n\n\n\n<figure class=\"wp-block-image size-full\"><img decoding=\"async\" loading=\"lazy\" width=\"766\" height=\"465\" data-id=\"54063\"  data-src=\"https:\/\/www.creilsudoise-tourisme.fr\/wp-content\/uploads\/2024\/05\/Image-darchives-de-la-famille-Boufflet-\u00a9-Claude-Boufflet-7.jpg\" alt=\"Unterirdische Erkundung urbex saint-maximin oise Maison de la Pierre Entdeckung Familie Archiv Claude Boufflet\" class=\"wp-image-54063\" data-srcset=\"https:\/\/www.creilsudoise-tourisme.fr\/wp-content\/uploads\/2024\/05\/Image-darchives-de-la-famille-Boufflet-\u00a9-Claude-Boufflet-7.jpg 766w, https:\/\/www.creilsudoise-tourisme.fr\/wp-content\/uploads\/2024\/05\/Image-darchives-de-la-famille-Boufflet-\u00a9-Claude-Boufflet-7-600x364.jpg 600w, https:\/\/www.creilsudoise-tourisme.fr\/wp-content\/uploads\/2024\/05\/Image-darchives-de-la-famille-Boufflet-\u00a9-Claude-Boufflet-7-18x12.jpg 18w, https:\/\/www.creilsudoise-tourisme.fr\/wp-content\/uploads\/2024\/05\/Image-darchives-de-la-famille-Boufflet-\u00a9-Claude-Boufflet-7-200x121.jpg 200w, https:\/\/www.creilsudoise-tourisme.fr\/wp-content\/uploads\/2024\/05\/Image-darchives-de-la-famille-Boufflet-\u00a9-Claude-Boufflet-7-650x395.jpg 650w, https:\/\/www.creilsudoise-tourisme.fr\/wp-content\/uploads\/2024\/05\/Image-darchives-de-la-famille-Boufflet-\u00a9-Claude-Boufflet-7-387x235.jpg 387w\" sizes=\"(max-width: 766px) 100vw, 766px\" \/><figcaption class=\"wp-element-caption\">Claude Boufflet<\/figcaption><\/figure>\n<\/figure>\n\n\n\n<figure class=\"is-layout-flex wp-block-gallery-8 wp-block-gallery has-nested-images columns-default is-cropped\">\n<figure class=\"wp-block-image size-large\"><img decoding=\"async\" loading=\"lazy\" width=\"740\" height=\"600\" data-id=\"54053\"  data-src=\"https:\/\/www.creilsudoise-tourisme.fr\/wp-content\/uploads\/2024\/05\/Image-darchives-de-la-famille-Boufflet-\u00a9-Claude-Boufflet-6.jpg\" alt=\"Unterirdische Erkundung urbex saint-maximin oise Maison de la Pierre Entdeckung Familie Archiv Claude Boufflet\" class=\"wp-image-54053\" data-srcset=\"https:\/\/www.creilsudoise-tourisme.fr\/wp-content\/uploads\/2024\/05\/Image-darchives-de-la-famille-Boufflet-\u00a9-Claude-Boufflet-6.jpg 740w, https:\/\/www.creilsudoise-tourisme.fr\/wp-content\/uploads\/2024\/05\/Image-darchives-de-la-famille-Boufflet-\u00a9-Claude-Boufflet-6-600x486.jpg 600w, https:\/\/www.creilsudoise-tourisme.fr\/wp-content\/uploads\/2024\/05\/Image-darchives-de-la-famille-Boufflet-\u00a9-Claude-Boufflet-6-15x12.jpg 15w, https:\/\/www.creilsudoise-tourisme.fr\/wp-content\/uploads\/2024\/05\/Image-darchives-de-la-famille-Boufflet-\u00a9-Claude-Boufflet-6-200x162.jpg 200w, https:\/\/www.creilsudoise-tourisme.fr\/wp-content\/uploads\/2024\/05\/Image-darchives-de-la-famille-Boufflet-\u00a9-Claude-Boufflet-6-650x527.jpg 650w, https:\/\/www.creilsudoise-tourisme.fr\/wp-content\/uploads\/2024\/05\/Image-darchives-de-la-famille-Boufflet-\u00a9-Claude-Boufflet-6-387x314.jpg 387w\" sizes=\"(max-width: 740px) 100vw, 740px\" \/><figcaption class=\"wp-element-caption\">Claude Boufflet<\/figcaption><\/figure>\n\n\n\n<figure class=\"wp-block-image size-large\"><img decoding=\"async\" loading=\"lazy\" width=\"800\" height=\"600\" data-id=\"54060\"  data-src=\"https:\/\/www.creilsudoise-tourisme.fr\/wp-content\/uploads\/2024\/05\/Leon-Boufflet-ancien-maire-de-Saint-Maximin-\u00a9-Claude-Boufflet.jpg\" alt=\"Unterirdische Erkundung urbex saint-maximin oise Maison de la Pierre Entdeckung Familie Archiv Claude Boufflet\" class=\"wp-image-54060\" data-srcset=\"https:\/\/www.creilsudoise-tourisme.fr\/wp-content\/uploads\/2024\/05\/Leon-Boufflet-ancien-maire-de-Saint-Maximin-\u00a9-Claude-Boufflet.jpg 800w, https:\/\/www.creilsudoise-tourisme.fr\/wp-content\/uploads\/2024\/05\/Leon-Boufflet-ancien-maire-de-Saint-Maximin-\u00a9-Claude-Boufflet-600x450.jpg 600w, https:\/\/www.creilsudoise-tourisme.fr\/wp-content\/uploads\/2024\/05\/Leon-Boufflet-ancien-maire-de-Saint-Maximin-\u00a9-Claude-Boufflet-16x12.jpg 16w, https:\/\/www.creilsudoise-tourisme.fr\/wp-content\/uploads\/2024\/05\/Leon-Boufflet-ancien-maire-de-Saint-Maximin-\u00a9-Claude-Boufflet-200x150.jpg 200w, https:\/\/www.creilsudoise-tourisme.fr\/wp-content\/uploads\/2024\/05\/Leon-Boufflet-ancien-maire-de-Saint-Maximin-\u00a9-Claude-Boufflet-650x488.jpg 650w, https:\/\/www.creilsudoise-tourisme.fr\/wp-content\/uploads\/2024\/05\/Leon-Boufflet-ancien-maire-de-Saint-Maximin-\u00a9-Claude-Boufflet-387x290.jpg 387w\" sizes=\"(max-width: 800px) 100vw, 800px\" \/><figcaption class=\"wp-element-caption\">Claude Boufflet<\/figcaption><\/figure>\n<\/figure>\n\n\n\n<p>Unter dem Befehl seines Vaters<strong> der junge Claude erh\u00e4lt, wie seine Altersgenossen, eine Ausbildung vor Ort in den Steinbr\u00fcchen<\/strong>...] und arbeitet seit seinem 18. Lebensjahr mit Stein: \"[...]. <em>als Barden ging ich dorthin, wo es Arbeit gab<\/em> [...] \". Seine Arbeit besteht dann darin, die von den Arbeitern freigelegten Steinbl\u00f6cke zu bewegen, was viel Pr\u00e4zision und Sorgfalt erfordert: \"[...]. <em>die Arbeiter, meist Portugiesen, z\u00e4hlten ihre Stunden nicht, da sie pro St\u00fcck bezahlt wurden und manuell arbeiteten<\/em> [...] <em>wenn ich den Block beim Hantieren zerbrach, r\u00fchrten sie nichts an, also musste ich sehr wachsam sein <\/em>[...] \". Danach gehen die Bl\u00f6cke durch die H\u00e4nde von S\u00e4gern und Schneidern. Sehr oft, <strong>Claude k\u00fcmmert sich um die Lieferungen, manchmal sogar bis nach Deauville.<\/strong> Seine <strong>die Tage sind lang, die Arbeit hart<\/strong>Der Vater macht ihm das Leben schwer: \"[...].<em> er bezahlte mir meine \u00dcberstunden nicht, es war eine harte Erziehung<\/em> [...]\" erinnert er sich...<\/p>\n\n\n\n<figure class=\"wp-block-image size-full is-resized\"><img decoding=\"async\" loading=\"lazy\" data-src=\"https:\/\/www.creilsudoise-tourisme.fr\/wp-content\/uploads\/2024\/05\/Image-darchives-de-la-famille-Boufflet-\u00a9-Claude-Boufflet-3.jpg\" alt=\"Unterirdische Erkundung urbex saint-maximin oise Maison de la Pierre Entdeckung Familie Archiv Claude Boufflet\" class=\"wp-image-54058\" width=\"805\" height=\"444\" data-srcset=\"https:\/\/www.creilsudoise-tourisme.fr\/wp-content\/uploads\/2024\/05\/Image-darchives-de-la-famille-Boufflet-\u00a9-Claude-Boufflet-3.jpg 706w, https:\/\/www.creilsudoise-tourisme.fr\/wp-content\/uploads\/2024\/05\/Image-darchives-de-la-famille-Boufflet-\u00a9-Claude-Boufflet-3-600x331.jpg 600w, https:\/\/www.creilsudoise-tourisme.fr\/wp-content\/uploads\/2024\/05\/Image-darchives-de-la-famille-Boufflet-\u00a9-Claude-Boufflet-3-18x10.jpg 18w, https:\/\/www.creilsudoise-tourisme.fr\/wp-content\/uploads\/2024\/05\/Image-darchives-de-la-famille-Boufflet-\u00a9-Claude-Boufflet-3-200x110.jpg 200w, https:\/\/www.creilsudoise-tourisme.fr\/wp-content\/uploads\/2024\/05\/Image-darchives-de-la-famille-Boufflet-\u00a9-Claude-Boufflet-3-650x358.jpg 650w, https:\/\/www.creilsudoise-tourisme.fr\/wp-content\/uploads\/2024\/05\/Image-darchives-de-la-famille-Boufflet-\u00a9-Claude-Boufflet-3-387x213.jpg 387w\" sizes=\"(max-width: 805px) 100vw, 805px\" \/><figcaption class=\"wp-element-caption\">Claude Boufflet<\/figcaption><\/figure>\n\n\n\n<h2>Die Arbeit der Menschen w\u00fcrdigen<\/h2>\n\n\n\n<p>Heute, wenn <strong>der Stein aus dem S\u00fcden der Oise wird immer noch in den Steinbr\u00fcchen der Umgebung abgebaut<\/strong>Die meisten von ihnen sind f\u00fcr den Bau von Geb\u00e4uden oder die Restaurierung von Denkm\u00e4lern wie Notre-Dame zust\u00e4ndig,<strong> die Techniken haben sich gut entwickelt<\/strong> : \" [...] <em>Maschinen haben die Arbeit \u00fcbernommen und die Arbeit ist weniger anstrengend als fr\u00fcher.<\/em> [...] <em>vorher musste man die Vene suchen, den Block mit einem Spreizer in der Hand freilegen <\/em>[...]<em> das ist alles vorbei<\/em> [...] \".<\/p>\n\n\n\n<figure class=\"wp-block-image size-large\"><img decoding=\"async\" loading=\"lazy\" width=\"1200\" height=\"676\" data-src=\"https:\/\/www.creilsudoise-tourisme.fr\/wp-content\/uploads\/2024\/05\/Visite-historique-de-la-Maison-de-la-Pierre-1200x676.jpg\" alt=\"Unterirdische Erkundung urbex saint-maximin oise Maison de la Pierre Entdeckung Familie Archiv Claude Boufflet\" class=\"wp-image-54112\" data-srcset=\"https:\/\/www.creilsudoise-tourisme.fr\/wp-content\/uploads\/2024\/05\/Visite-historique-de-la-Maison-de-la-Pierre-1200x676.jpg 1200w, https:\/\/www.creilsudoise-tourisme.fr\/wp-content\/uploads\/2024\/05\/Visite-historique-de-la-Maison-de-la-Pierre-600x338.jpg 600w, https:\/\/www.creilsudoise-tourisme.fr\/wp-content\/uploads\/2024\/05\/Visite-historique-de-la-Maison-de-la-Pierre-900x507.jpg 900w, https:\/\/www.creilsudoise-tourisme.fr\/wp-content\/uploads\/2024\/05\/Visite-historique-de-la-Maison-de-la-Pierre-1536x865.jpg 1536w, https:\/\/www.creilsudoise-tourisme.fr\/wp-content\/uploads\/2024\/05\/Visite-historique-de-la-Maison-de-la-Pierre-18x10.jpg 18w, https:\/\/www.creilsudoise-tourisme.fr\/wp-content\/uploads\/2024\/05\/Visite-historique-de-la-Maison-de-la-Pierre-200x113.jpg 200w, https:\/\/www.creilsudoise-tourisme.fr\/wp-content\/uploads\/2024\/05\/Visite-historique-de-la-Maison-de-la-Pierre-1600x900.jpg 1600w, https:\/\/www.creilsudoise-tourisme.fr\/wp-content\/uploads\/2024\/05\/Visite-historique-de-la-Maison-de-la-Pierre-650x366.jpg 650w, https:\/\/www.creilsudoise-tourisme.fr\/wp-content\/uploads\/2024\/05\/Visite-historique-de-la-Maison-de-la-Pierre-387x218.jpg 387w, https:\/\/www.creilsudoise-tourisme.fr\/wp-content\/uploads\/2024\/05\/Visite-historique-de-la-Maison-de-la-Pierre.jpg 1920w\" sizes=\"(max-width: 1200px) 100vw, 1200px\" \/><figcaption class=\"wp-element-caption\">Das Maison de la Pierre organisiert historische Besichtigungen des Steinbruchs mit Demonstration des Abbaus nach alter Art \u00a9 Creil Sud Oise Tourisme<\/figcaption><\/figure>\n\n\n\n<p><strong>Claude Boufflet, der im Fr\u00fchjahr seinen 80. Geburtstag feiert, setzt sich an der Seite des Teams des Maison de la Pierre ein<\/strong>Nach seiner Pensionierung wurde der Ort im Jahr 2014 gegr\u00fcndet und er\u00f6ffnet. In den Untergeschossen folgen die Besucher einem unterirdischen Pfad und erleben die Glanzzeiten des Steinbruchs Parrain, der zwischen dem 17. und 18. Jahrhundert betrieben wurde.<sup>\u00e8me<\/sup> und der Beginn des 20.<sup>\u00e8me<\/sup> Jahrhundert: \" [...]. <em>alle sind neugierig darauf, wie der Stein abgebaut wurde <\/em>[...] <em>es ist mir eine Freude, mein Wissen und meine Erfahrungen mit der \u00d6ffentlichkeit zu teilen<\/em> [...]\", sagt Claude, nicht ohne eine gewisse R\u00fchrung.<\/p>\n\n\n\n<figure class=\"wp-block-image alignwide size-large\"><img decoding=\"async\" loading=\"lazy\" width=\"1200\" height=\"799\" data-src=\"https:\/\/www.creilsudoise-tourisme.fr\/wp-content\/uploads\/2024\/05\/Visite-de-la-Maison-de-la-PIerre-\u00a9-Smellinckx-Oise-Tourisme-2-1200x799.jpg\" alt=\"Unterirdische Erkundung urbex saint-maximin oise Maison de la Pierre Entdeckung Familie Archiv Claude Boufflet\" class=\"wp-image-54045\" data-srcset=\"https:\/\/www.creilsudoise-tourisme.fr\/wp-content\/uploads\/2024\/05\/Visite-de-la-Maison-de-la-PIerre-\u00a9-Smellinckx-Oise-Tourisme-2-1200x799.jpg 1200w, https:\/\/www.creilsudoise-tourisme.fr\/wp-content\/uploads\/2024\/05\/Visite-de-la-Maison-de-la-PIerre-\u00a9-Smellinckx-Oise-Tourisme-2-600x400.jpg 600w, https:\/\/www.creilsudoise-tourisme.fr\/wp-content\/uploads\/2024\/05\/Visite-de-la-Maison-de-la-PIerre-\u00a9-Smellinckx-Oise-Tourisme-2-900x600.jpg 900w, https:\/\/www.creilsudoise-tourisme.fr\/wp-content\/uploads\/2024\/05\/Visite-de-la-Maison-de-la-PIerre-\u00a9-Smellinckx-Oise-Tourisme-2-18x12.jpg 18w, https:\/\/www.creilsudoise-tourisme.fr\/wp-content\/uploads\/2024\/05\/Visite-de-la-Maison-de-la-PIerre-\u00a9-Smellinckx-Oise-Tourisme-2-200x133.jpg 200w, https:\/\/www.creilsudoise-tourisme.fr\/wp-content\/uploads\/2024\/05\/Visite-de-la-Maison-de-la-PIerre-\u00a9-Smellinckx-Oise-Tourisme-2-650x433.jpg 650w, https:\/\/www.creilsudoise-tourisme.fr\/wp-content\/uploads\/2024\/05\/Visite-de-la-Maison-de-la-PIerre-\u00a9-Smellinckx-Oise-Tourisme-2-387x258.jpg 387w, https:\/\/www.creilsudoise-tourisme.fr\/wp-content\/uploads\/2024\/05\/Visite-de-la-Maison-de-la-PIerre-\u00a9-Smellinckx-Oise-Tourisme-2.jpg 1498w\" sizes=\"(max-width: 1200px) 100vw, 1200px\" \/><figcaption class=\"wp-element-caption\">Smellinckx Oise Tourisme<\/figcaption><\/figure>\n\n\n\n<h2>Die Erinnerung an die Orte lebendig werden lassen<\/h2>\n\n\n\n<p>An der Stirnseite der Taille, <strong>von Claude entdeckte Werkzeuge werden ausgestellt<\/strong>. Man kann sich leicht vorstellen, welche <strong>schwierige Arbeitsbedingungen<\/strong>Die Beleuchtung mit Acetylenlampen, die Arbeit der M\u00e4nner. Hier, dank Claude, <strong>viele Zeugnisse menschlicher Aktivit\u00e4ten erhalten geblieben sind<\/strong> : \" [...] <em>nach der Schlie\u00dfung des Steinbruchs Parrain in den 1920er Jahren wurde der Ort f\u00fcr die Zucht von Champignons, den sogenannten Champignons de Paris, genutzt, so dass w\u00e4hrend des Krieges auch die Bev\u00f6lkerung von Saint-Maximin, die sich vor den Bombenangriffen unter der Erde sch\u00fctzte, von diesem Manna profitierte<\/em> [...]\", erkl\u00e4rt er, w\u00e4hrend er an alten, rostigen Betten oder Kisten mit br\u00f6ckeligem Substrat vorbeigeht...<\/p>\n\n\n\n<figure class=\"is-layout-flex wp-block-gallery-10 wp-block-gallery has-nested-images columns-default is-cropped\">\n<figure class=\"wp-block-image size-large\"><img decoding=\"async\" loading=\"lazy\" width=\"800\" height=\"531\" data-id=\"54055\"  data-src=\"https:\/\/www.creilsudoise-tourisme.fr\/wp-content\/uploads\/2024\/05\/Exploration-\u00a9-Claude-Boufflet-5.jpg\" alt=\"Unterirdische Erkundung urbex saint-maximin oise Maison de la Pierre Entdeckung Familie Archiv Claude Boufflet\" class=\"wp-image-54055\" data-srcset=\"https:\/\/www.creilsudoise-tourisme.fr\/wp-content\/uploads\/2024\/05\/Exploration-\u00a9-Claude-Boufflet-5.jpg 800w, https:\/\/www.creilsudoise-tourisme.fr\/wp-content\/uploads\/2024\/05\/Exploration-\u00a9-Claude-Boufflet-5-600x398.jpg 600w, https:\/\/www.creilsudoise-tourisme.fr\/wp-content\/uploads\/2024\/05\/Exploration-\u00a9-Claude-Boufflet-5-18x12.jpg 18w, https:\/\/www.creilsudoise-tourisme.fr\/wp-content\/uploads\/2024\/05\/Exploration-\u00a9-Claude-Boufflet-5-200x133.jpg 200w, https:\/\/www.creilsudoise-tourisme.fr\/wp-content\/uploads\/2024\/05\/Exploration-\u00a9-Claude-Boufflet-5-650x431.jpg 650w, https:\/\/www.creilsudoise-tourisme.fr\/wp-content\/uploads\/2024\/05\/Exploration-\u00a9-Claude-Boufflet-5-387x257.jpg 387w\" sizes=\"(max-width: 800px) 100vw, 800px\" \/><figcaption class=\"wp-element-caption\">Claude Boufflet<\/figcaption><\/figure>\n<figcaption class=\"blocks-gallery-caption wp-element-caption\">Im Jahr 2017 <a href=\"https:\/\/www.leparisien.fr\/oise-60\/saint-maximin-l-etonnante-decouverte-d-un-abri-de-la-seconde-guerre-mondiale-13-12-2017-7450776.php\" target=\"_blank\" rel=\"noreferrer noopener\">Claude entdeckt eine Karriere, die seit dem Zweiten Weltkrieg in der Zeit eingefroren ist.<\/a>. Im Inneren: Bettgestelle, die den Fl\u00fcchtlingen aus Saint-Maximinois dienten.<\/figcaption><\/figure>\n\n\n\n<p>In einer Pause fordert Claude pl\u00f6tzlich dazu auf, den Blick zu heben. <strong>Dort, auf dem Himmel des Steinbruchs Parrain, sind Buchstaben zu sehen.<\/strong> Der Halo seiner Lampe zittert ein wenig. \" <em>L\u00e9on Boufflet<\/em> \" ist zu lesen, und Claude erz\u00e4hlt: \" [...]. <em>als ich diese von meinem Gro\u00dfvater gezeichneten Buchstaben entdeckte, hat das etwas mit mir gemacht<\/em> [...] \".<\/p>\n\n\n\n<figure class=\"wp-block-image size-full\"><img decoding=\"async\" loading=\"lazy\" width=\"800\" height=\"552\" data-src=\"https:\/\/www.creilsudoise-tourisme.fr\/wp-content\/uploads\/2024\/05\/Exploration-\u00a9-Claude-Boufflet-2.jpg\" alt=\"Unterirdische Erkundung urbex saint-maximin oise Maison de la Pierre Entdeckung Familie Archiv Claude Boufflet\" class=\"wp-image-54056\" data-srcset=\"https:\/\/www.creilsudoise-tourisme.fr\/wp-content\/uploads\/2024\/05\/Exploration-\u00a9-Claude-Boufflet-2.jpg 800w, https:\/\/www.creilsudoise-tourisme.fr\/wp-content\/uploads\/2024\/05\/Exploration-\u00a9-Claude-Boufflet-2-600x414.jpg 600w, https:\/\/www.creilsudoise-tourisme.fr\/wp-content\/uploads\/2024\/05\/Exploration-\u00a9-Claude-Boufflet-2-18x12.jpg 18w, https:\/\/www.creilsudoise-tourisme.fr\/wp-content\/uploads\/2024\/05\/Exploration-\u00a9-Claude-Boufflet-2-200x138.jpg 200w, https:\/\/www.creilsudoise-tourisme.fr\/wp-content\/uploads\/2024\/05\/Exploration-\u00a9-Claude-Boufflet-2-650x449.jpg 650w, https:\/\/www.creilsudoise-tourisme.fr\/wp-content\/uploads\/2024\/05\/Exploration-\u00a9-Claude-Boufflet-2-387x267.jpg 387w\" sizes=\"(max-width: 800px) 100vw, 800px\" \/><figcaption class=\"wp-element-caption\">Claude Boufflet<\/figcaption><\/figure>\n\n\n\n<p>In der Stille des unterirdischen Steinbruchs, die von einem schwachen Licht erhellt wird, <strong>Claude erz\u00e4hlt, wie sein Sohn S\u00e9bastien und sein Enkel Anthony ihrerseits die Karrieren durchlaufen.<\/strong>Die Sch\u00fclerinnen und Sch\u00fcler, die sich mit dem Thema besch\u00e4ftigen, haben sich in den letzten Jahren immer mehr mit dem Thema auseinandergesetzt und andere begeisterte Menschen in ihren Bann gezogen. <strong>Was aus dem Stein geboren wird, scheint nie zu vergehen...<\/strong><\/p>\n\n\n\n<div class=\"is-layout-flex wp-container-15 wp-block-columns\">\n<div class=\"is-layout-flow wp-block-column\" style=\"flex-basis:25%\">\n<figure class=\"wp-block-image size-full\"><img decoding=\"async\" loading=\"lazy\" width=\"350\" height=\"350\" data-src=\"https:\/\/www.creilsudoise-tourisme.fr\/wp-content\/uploads\/2024\/02\/celine-weissier-portrait-edited.jpg\" alt=\"C\u00e9line Weissier Les mots \u00e0 la page Biografin Redakteurin\" class=\"wp-image-52484\" data-srcset=\"https:\/\/www.creilsudoise-tourisme.fr\/wp-content\/uploads\/2024\/02\/celine-weissier-portrait-edited.jpg 350w, https:\/\/www.creilsudoise-tourisme.fr\/wp-content\/uploads\/2024\/02\/celine-weissier-portrait-edited-300x300.jpg 300w, https:\/\/www.creilsudoise-tourisme.fr\/wp-content\/uploads\/2024\/02\/celine-weissier-portrait-edited-12x12.jpg 12w, https:\/\/www.creilsudoise-tourisme.fr\/wp-content\/uploads\/2024\/02\/celine-weissier-portrait-edited-200x200.jpg 200w\" sizes=\"(max-width: 350px) 100vw, 350px\" \/><figcaption class=\"wp-element-caption\">C\u00e9line Weissier<\/figcaption><\/figure>\n<\/div>\n\n\n\n<div class=\"is-layout-flow wp-block-column\" style=\"flex-basis:50%\">\n<p><strong>C\u00e9line Weissier<\/strong> &#8211; <a href=\"https:\/\/celineweissier.fr\/\" target=\"_blank\" rel=\"noreferrer noopener\">W\u00f6rter auf der Seite<\/a><\/p>\n<\/div>\n\n\n\n<div class=\"is-layout-flow wp-block-column\" style=\"flex-basis:25%\"><\/div>\n<\/div>\n\n\n\n<hr class=\"wp-block-separator has-alpha-channel-opacity\"\/>\n\n\n\n<h2>Besuchen Sie das Maison de la Pierre<\/h2>\n\n\n\n<figure class=\"wp-block-embed is-type-video is-provider-youtube wp-block-embed-youtube wp-embed-aspect-16-9 wp-has-aspect-ratio\"><div class=\"wp-block-embed__wrapper\">\n<iframe loading=\"lazy\" title=\"[LES INCONTOURNABLES] La Maison de la Pierre in Saint-Maximin | Creil Sud Oise Tourisme\" width=\"500\" height=\"281\" data-src=\"https:\/\/www.youtube.com\/embed\/Nx6Uz5neMS8?start=2&#038;feature=oembed\" frameborder=\"0\" allow=\"accelerometer; autoplay; clipboard-write; encrypted-media; gyroscope; picture-in-picture; web-share\" referrerpolicy=\"strict-origin-when-cross-origin\" allowfullscreen><\/iframe>\n<\/div><\/figure>\n\n\n<div data-related-sit=\"1\" data-block-type=\"related-sit-gt\" data-block-id=\"wpet-sit-2f80b9u914o\"><div class=\"wp-block wp-block-related-post wp-block-related-list-sit alignfull\">\n    \n    <div class=\"container\">\n\n                    <h2 class=\"wp-block-related-post-title\">Derzeit auf dem Programm<\/h2>\n        \n                    <div id=\"wpiris-related-post-135\" data-id=\"wpiris-entity-slider\">\n                <div class=\"wp-block-related-post-list wp-block-related-post-list--14\" data-id=\"wpiris-entity-slider-wrapper\">\n\n                    \n<div class=\"entityItem\" data-trigger=\"wpiris-click\" data-id=\"wpiris-entity-slider-item\">\n    <p class=\"entityItemThumbnail\">\n        <a href=\"https:\/\/www.creilsudoise-tourisme.fr\/de\/agenda-animations\/stage-vitrail-5\/\" nofancybox>\n            <img data-src=\"https:\/\/www.creilsudoise-tourisme.fr\/wp-content\/uploads\/wpetourisme\/Creez-votre-vitrail-275x350.png\" alt=\"Praktikum | Glasmalerei\">\n        <\/a>\n    <\/p>\n    <div class=\"entityItemContent\">\n        <h2 class=\"entityItemContentTitle\">\n            <a href=\"https:\/\/www.creilsudoise-tourisme.fr\/de\/agenda-animations\/stage-vitrail-5\/\">Praktikum | Glasmalerei<\/a>\n        <\/h2>\n                    <p class=\"entityItemContentType\">Feste und Veranstaltungen<\/p>\n            <\/div>\n    <a href=\"https:\/\/www.creilsudoise-tourisme.fr\/de\/agenda-animations\/stage-vitrail-5\/\" class=\"seeMore\"><span class=\"sr-only\">Mehr sehen<\/span><\/a>\n<\/div>\n\n<div class=\"entityItem\" data-trigger=\"wpiris-click\" data-id=\"wpiris-entity-slider-item\">\n    <p class=\"entityItemThumbnail\">\n        <a href=\"https:\/\/www.creilsudoise-tourisme.fr\/de\/agenda-animations\/atelier-lithotherapie-2\/\" nofancybox>\n            <img data-src=\"https:\/\/www.creilsudoise-tourisme.fr\/wp-content\/uploads\/wpetourisme\/Fabriquez-votre-bijou-275x350.png\" alt=\"Workshop | Lithotherapie\">\n        <\/a>\n    <\/p>\n    <div class=\"entityItemContent\">\n        <h2 class=\"entityItemContentTitle\">\n            <a href=\"https:\/\/www.creilsudoise-tourisme.fr\/de\/agenda-animations\/atelier-lithotherapie-2\/\">Workshop | Lithotherapie<\/a>\n        <\/h2>\n                    <p class=\"entityItemContentType\">Feste und Veranstaltungen<\/p>\n            <\/div>\n    <a href=\"https:\/\/www.creilsudoise-tourisme.fr\/de\/agenda-animations\/atelier-lithotherapie-2\/\" class=\"seeMore\"><span class=\"sr-only\">Mehr sehen<\/span><\/a>\n<\/div>\n\n<div class=\"entityItem\" data-trigger=\"wpiris-click\" data-id=\"wpiris-entity-slider-item\">\n    <p class=\"entityItemThumbnail\">\n        <a href=\"https:\/\/www.creilsudoise-tourisme.fr\/de\/agenda-animations\/stage-vitrail-4\/\" nofancybox>\n            <img data-src=\"https:\/\/www.creilsudoise-tourisme.fr\/wp-content\/uploads\/wpetourisme\/Creez-votre-vitrail-275x350.png\" alt=\"Praktikum | Glasmalerei\">\n        <\/a>\n    <\/p>\n    <div class=\"entityItemContent\">\n        <h2 class=\"entityItemContentTitle\">\n            <a href=\"https:\/\/www.creilsudoise-tourisme.fr\/de\/agenda-animations\/stage-vitrail-4\/\">Praktikum | Glasmalerei<\/a>\n        <\/h2>\n                    <p class=\"entityItemContentType\">Feste und Veranstaltungen<\/p>\n            <\/div>\n    <a href=\"https:\/\/www.creilsudoise-tourisme.fr\/de\/agenda-animations\/stage-vitrail-4\/\" class=\"seeMore\"><span class=\"sr-only\">Mehr sehen<\/span><\/a>\n<\/div>\n\n<div class=\"entityItem\" data-trigger=\"wpiris-click\" data-id=\"wpiris-entity-slider-item\">\n    <p class=\"entityItemThumbnail\">\n        <a href=\"https:\/\/www.creilsudoise-tourisme.fr\/de\/agenda-animations\/stage-vitrail-2\/\" nofancybox>\n            <img data-src=\"https:\/\/www.creilsudoise-tourisme.fr\/wp-content\/uploads\/wpetourisme\/Creez-votre-vitrail-275x350.png\" alt=\"Praktikum | Glasmalerei\">\n        <\/a>\n    <\/p>\n    <div class=\"entityItemContent\">\n        <h2 class=\"entityItemContentTitle\">\n            <a href=\"https:\/\/www.creilsudoise-tourisme.fr\/de\/agenda-animations\/stage-vitrail-2\/\">Praktikum | Glasmalerei<\/a>\n        <\/h2>\n                    <p class=\"entityItemContentType\">Feste und Veranstaltungen<\/p>\n            <\/div>\n    <a href=\"https:\/\/www.creilsudoise-tourisme.fr\/de\/agenda-animations\/stage-vitrail-2\/\" class=\"seeMore\"><span class=\"sr-only\">Mehr sehen<\/span><\/a>\n<\/div>\n\n<div class=\"entityItem\" data-trigger=\"wpiris-click\" data-id=\"wpiris-entity-slider-item\">\n    <p class=\"entityItemThumbnail\">\n        <a href=\"https:\/\/www.creilsudoise-tourisme.fr\/de\/agenda-animations\/stage-mosaique-3\/\" nofancybox>\n            <img data-src=\"https:\/\/www.creilsudoise-tourisme.fr\/wp-content\/uploads\/wpetourisme\/1000063457-275x350.jpg\" alt=\"Praktikum | Mosaik\">\n        <\/a>\n    <\/p>\n    <div class=\"entityItemContent\">\n        <h2 class=\"entityItemContentTitle\">\n            <a href=\"https:\/\/www.creilsudoise-tourisme.fr\/de\/agenda-animations\/stage-mosaique-3\/\">Praktikum | Mosaik<\/a>\n        <\/h2>\n                    <p class=\"entityItemContentType\">Feste und Veranstaltungen<\/p>\n            <\/div>\n    <a href=\"https:\/\/www.creilsudoise-tourisme.fr\/de\/agenda-animations\/stage-mosaique-3\/\" class=\"seeMore\"><span class=\"sr-only\">Mehr sehen<\/span><\/a>\n<\/div>\n\n<div class=\"entityItem\" data-trigger=\"wpiris-click\" data-id=\"wpiris-entity-slider-item\">\n    <p class=\"entityItemThumbnail\">\n        <a href=\"https:\/\/www.creilsudoise-tourisme.fr\/de\/agenda-animations\/stage-ceramique-2\/\" nofancybox>\n            <img data-src=\"https:\/\/www.creilsudoise-tourisme.fr\/wp-content\/uploads\/wpetourisme\/Faconnez-votre-ceramique-275x350.png\" alt=\"Praktikum | Keramik\">\n        <\/a>\n    <\/p>\n    <div class=\"entityItemContent\">\n        <h2 class=\"entityItemContentTitle\">\n            <a href=\"https:\/\/www.creilsudoise-tourisme.fr\/de\/agenda-animations\/stage-ceramique-2\/\">Praktikum | Keramik<\/a>\n        <\/h2>\n                    <p class=\"entityItemContentType\">Feste und Veranstaltungen<\/p>\n            <\/div>\n    <a href=\"https:\/\/www.creilsudoise-tourisme.fr\/de\/agenda-animations\/stage-ceramique-2\/\" class=\"seeMore\"><span class=\"sr-only\">Mehr sehen<\/span><\/a>\n<\/div>\n\n<div class=\"entityItem\" data-trigger=\"wpiris-click\" data-id=\"wpiris-entity-slider-item\">\n    <p class=\"entityItemThumbnail\">\n        <a href=\"https:\/\/www.creilsudoise-tourisme.fr\/de\/agenda-animations\/stage-mosaique-2\/\" nofancybox>\n            <img data-src=\"https:\/\/www.creilsudoise-tourisme.fr\/wp-content\/uploads\/wpetourisme\/1000063457-275x350.jpg\" alt=\"Praktikum | Mosaik\">\n        <\/a>\n    <\/p>\n    <div class=\"entityItemContent\">\n        <h2 class=\"entityItemContentTitle\">\n            <a href=\"https:\/\/www.creilsudoise-tourisme.fr\/de\/agenda-animations\/stage-mosaique-2\/\">Praktikum | Mosaik<\/a>\n        <\/h2>\n                    <p class=\"entityItemContentType\">Feste und Veranstaltungen<\/p>\n            <\/div>\n    <a href=\"https:\/\/www.creilsudoise-tourisme.fr\/de\/agenda-animations\/stage-mosaique-2\/\" class=\"seeMore\"><span class=\"sr-only\">Mehr sehen<\/span><\/a>\n<\/div>\n\n<div class=\"entityItem\" data-trigger=\"wpiris-click\" data-id=\"wpiris-entity-slider-item\">\n    <p class=\"entityItemThumbnail\">\n        <a href=\"https:\/\/www.creilsudoise-tourisme.fr\/de\/agenda-animations\/stage-vitrail-3\/\" nofancybox>\n            <img data-src=\"https:\/\/www.creilsudoise-tourisme.fr\/wp-content\/uploads\/wpetourisme\/Creez-votre-vitrail-275x350.png\" alt=\"Praktikum | Glasmalerei\">\n        <\/a>\n    <\/p>\n    <div class=\"entityItemContent\">\n        <h2 class=\"entityItemContentTitle\">\n            <a href=\"https:\/\/www.creilsudoise-tourisme.fr\/de\/agenda-animations\/stage-vitrail-3\/\">Praktikum | Glasmalerei<\/a>\n        <\/h2>\n                    <p class=\"entityItemContentType\">Feste und Veranstaltungen<\/p>\n            <\/div>\n    <a href=\"https:\/\/www.creilsudoise-tourisme.fr\/de\/agenda-animations\/stage-vitrail-3\/\" class=\"seeMore\"><span class=\"sr-only\">Mehr sehen<\/span><\/a>\n<\/div>\n\n<div class=\"entityItem\" data-trigger=\"wpiris-click\" data-id=\"wpiris-entity-slider-item\">\n    <p class=\"entityItemThumbnail\">\n        <a href=\"https:\/\/www.creilsudoise-tourisme.fr\/de\/agenda-animations\/stage-mosaique-4\/\" nofancybox>\n            <img data-src=\"https:\/\/www.creilsudoise-tourisme.fr\/wp-content\/uploads\/wpetourisme\/1000063457-275x350.jpg\" alt=\"Praktikum | Mosaik\">\n        <\/a>\n    <\/p>\n    <div class=\"entityItemContent\">\n        <h2 class=\"entityItemContentTitle\">\n            <a href=\"https:\/\/www.creilsudoise-tourisme.fr\/de\/agenda-animations\/stage-mosaique-4\/\">Praktikum | Mosaik<\/a>\n        <\/h2>\n                    <p class=\"entityItemContentType\">Feste und Veranstaltungen<\/p>\n            <\/div>\n    <a href=\"https:\/\/www.creilsudoise-tourisme.fr\/de\/agenda-animations\/stage-mosaique-4\/\" class=\"seeMore\"><span class=\"sr-only\">Mehr sehen<\/span><\/a>\n<\/div>\n\n<div class=\"entityItem\" data-trigger=\"wpiris-click\" data-id=\"wpiris-entity-slider-item\">\n    <p class=\"entityItemThumbnail\">\n        <a href=\"https:\/\/www.creilsudoise-tourisme.fr\/de\/agenda-animations\/les-relais-de-lacso\/\" nofancybox>\n            <img data-src=\"https:\/\/www.creilsudoise-tourisme.fr\/wp-content\/uploads\/wpetourisme\/relais-de-l-ACSO-2026-700x700px-275x350.jpg\" alt=\"Die ACSO-Stafetten\">\n        <\/a>\n    <\/p>\n    <div class=\"entityItemContent\">\n        <h2 class=\"entityItemContentTitle\">\n            <a href=\"https:\/\/www.creilsudoise-tourisme.fr\/de\/agenda-animations\/les-relais-de-lacso\/\">Die ACSO-Stafetten<\/a>\n        <\/h2>\n                    <p class=\"entityItemContentType\">Feste und Veranstaltungen<\/p>\n            <\/div>\n    <a href=\"https:\/\/www.creilsudoise-tourisme.fr\/de\/agenda-animations\/les-relais-de-lacso\/\" class=\"seeMore\"><span class=\"sr-only\">Mehr sehen<\/span><\/a>\n<\/div>\n\n<div class=\"entityItem\" data-trigger=\"wpiris-click\" data-id=\"wpiris-entity-slider-item\">\n    <p class=\"entityItemThumbnail\">\n        <a href=\"https:\/\/www.creilsudoise-tourisme.fr\/de\/agenda-animations\/weihnachtsfeierlichkeiten-stage-glasmalerei\/\" nofancybox>\n            <img data-src=\"https:\/\/www.creilsudoise-tourisme.fr\/wp-content\/uploads\/wpetourisme\/Noel---Post-FB-Insta-2-275x350.jpg\" alt=\"Weihnachtsfeierlichkeiten | Praktikum Glasmalerei\">\n        <\/a>\n    <\/p>\n    <div class=\"entityItemContent\">\n        <h2 class=\"entityItemContentTitle\">\n            <a href=\"https:\/\/www.creilsudoise-tourisme.fr\/de\/agenda-animations\/weihnachtsfeierlichkeiten-stage-glasmalerei\/\">Weihnachtsfeierlichkeiten | Praktikum Glasmalerei<\/a>\n        <\/h2>\n                    <p class=\"entityItemContentType\">Feste und Veranstaltungen<\/p>\n            <\/div>\n    <a href=\"https:\/\/www.creilsudoise-tourisme.fr\/de\/agenda-animations\/weihnachtsfeierlichkeiten-stage-glasmalerei\/\" class=\"seeMore\"><span class=\"sr-only\">Mehr sehen<\/span><\/a>\n<\/div>\n\n<div class=\"entityItem\" data-trigger=\"wpiris-click\" data-id=\"wpiris-entity-slider-item\">\n    <p class=\"entityItemThumbnail\">\n        <a href=\"https:\/\/www.creilsudoise-tourisme.fr\/de\/agenda-animations\/stage-vitrail-6\/\" nofancybox>\n            <img data-src=\"https:\/\/www.creilsudoise-tourisme.fr\/wp-content\/uploads\/wpetourisme\/Creez-votre-vitrail-275x350.png\" alt=\"Praktikum | Glasmalerei\">\n        <\/a>\n    <\/p>\n    <div class=\"entityItemContent\">\n        <h2 class=\"entityItemContentTitle\">\n            <a href=\"https:\/\/www.creilsudoise-tourisme.fr\/de\/agenda-animations\/stage-vitrail-6\/\">Praktikum | Glasmalerei<\/a>\n        <\/h2>\n                    <p class=\"entityItemContentType\">Feste und Veranstaltungen<\/p>\n            <\/div>\n    <a href=\"https:\/\/www.creilsudoise-tourisme.fr\/de\/agenda-animations\/stage-vitrail-6\/\" class=\"seeMore\"><span class=\"sr-only\">Mehr sehen<\/span><\/a>\n<\/div>\n\n<div class=\"entityItem\" data-trigger=\"wpiris-click\" data-id=\"wpiris-entity-slider-item\">\n    <p class=\"entityItemThumbnail\">\n        <a href=\"https:\/\/www.creilsudoise-tourisme.fr\/de\/agenda-animations\/atelier-initiation-a-lart-de-la-ceramique\/\" nofancybox>\n            <img data-src=\"https:\/\/www.creilsudoise-tourisme.fr\/wp-content\/uploads\/wpetourisme\/Faconnez-votre-ceramique-275x350.png\" alt=\"Praktikum | Keramik\">\n        <\/a>\n    <\/p>\n    <div class=\"entityItemContent\">\n        <h2 class=\"entityItemContentTitle\">\n            <a href=\"https:\/\/www.creilsudoise-tourisme.fr\/de\/agenda-animations\/atelier-initiation-a-lart-de-la-ceramique\/\">Praktikum | Keramik<\/a>\n        <\/h2>\n                    <p class=\"entityItemContentType\">Feste und Veranstaltungen<\/p>\n            <\/div>\n    <a href=\"https:\/\/www.creilsudoise-tourisme.fr\/de\/agenda-animations\/atelier-initiation-a-lart-de-la-ceramique\/\" class=\"seeMore\"><span class=\"sr-only\">Mehr sehen<\/span><\/a>\n<\/div>\n\n<div class=\"entityItem\" data-trigger=\"wpiris-click\" data-id=\"wpiris-entity-slider-item\">\n    <p class=\"entityItemThumbnail\">\n        <a href=\"https:\/\/www.creilsudoise-tourisme.fr\/de\/agenda-animations\/atelier-lithotherapie\/\" nofancybox>\n            <img data-src=\"https:\/\/www.creilsudoise-tourisme.fr\/wp-content\/uploads\/wpetourisme\/Fabriquez-votre-bijou-275x350.png\" alt=\"Workshop | Lithotherapie\">\n        <\/a>\n    <\/p>\n    <div class=\"entityItemContent\">\n        <h2 class=\"entityItemContentTitle\">\n            <a href=\"https:\/\/www.creilsudoise-tourisme.fr\/de\/agenda-animations\/atelier-lithotherapie\/\">Workshop | Lithotherapie<\/a>\n        <\/h2>\n                    <p class=\"entityItemContentType\">Feste und Veranstaltungen<\/p>\n            <\/div>\n    <a href=\"https:\/\/www.creilsudoise-tourisme.fr\/de\/agenda-animations\/atelier-lithotherapie\/\" class=\"seeMore\"><span class=\"sr-only\">Mehr sehen<\/span><\/a>\n<\/div>\n                <\/div>\n\n                \n<div class=\"sliderNav\">\n    <div class=\"sliderNavWrapper\">\n        <p class=\"swiperArrow swiperArrow--next\" data-trigger=\"swiper-next\">\n            <span class=\"sr-only\">Weiter zu<\/span>\n        <\/p>\n        <p class=\"swiperArrow swiperArrow--prev\" data-trigger=\"swiper-prev\">\n            <span class=\"sr-only\">Vorherige<\/span>\n        <\/p>\n    <\/div>\n<\/div>\n            <\/div>\n            <\/div>\n<\/div><\/div>\n\n\n<div class=\"wp-block wp-block-single-sit wp-block-single-sit-coordonnees\" >\n\n            <h2>Zugang<\/h2>\n    \n    <div class=\"wp-block-media-text is-stacked-on-mobile\">\n\n        <div class=\"wp-block-media-text__media wpet-map-detail\" style=\"width:100%; height: 100%;\">\n            <div class=\"wp-block-media-text__media__content\" id=\"wpetSingleSitMap\" data-wpet-type-map=\"leaflet\" ><\/div>\n        <\/div>\n\n        <div class=\"wp-block-media-text__content\">\n\n                            <p class=\"wp-block-coordonnees__status wp-block-coordonnees__status--close\">\n                    Geschlossen                <\/p>\n            \n            <p class=\"wp-block-media-text__content__address\">\n                                    <strong>Steinhaus<\/strong><br \/>\n                \n                                    22 rue Jean Jaur\u00e8s<br \/>\n                \n                                    <span>60740<\/span>\n                    <span>SAINT-MAXIMIN<\/span><br \/>\n                            <\/p>\n\n                                                <p class=\"wp-block-media-text__content__phone\"><a data-type=\"TEL\" href=\"tel: 33 3 44 61 18 54\">+33 3 44 61 18 54<\/a><\/p>\n                            \n            <a href=\"https:\/\/www.google.fr\/maps?saddr&#038;daddr=49.2224151,2.4444556\" target=\"_blank\" class=\"button GtmButtonCalculItinerairePrestataire\" rel=\"noopener noreferrer\">Meine Route berechnen<\/a>\n        <\/div>\n    <\/div>\n<\/div>\n\n\n    <div class=\"wp-block wp-block-single-sit wp-block-single-sit-ouvertures\" id=\"opening\">\n\n                    <h2>Er\u00f6ffnung<\/h2>\n        \n        \t<div class=\"wpetTableList\" >\n                <div data-id=\"wpet-table-slider-wrapper\">\n\t\t    \t\t\t\t\t\t<div class=\"wpetTableContainer\" >\n\t\t\t\t<table class=\"wpetTable wpTable--opening\">\n\t\t\t\t\t<thead class=\"wpetTableHeader\">\n\t\t\t\t\t<tr>\n\t\t\t\t\t\t<td colspan=\"2\">\n\t\t\t\t\t\t\t\t\t\t\t\t\t\t\tDu 01 Januar au 30 Juni\t\t\t\t\t\t\t\t\t\t\t\t\t<\/td>\n\t\t\t\t\t<\/tr>\n\t\t\t\t\t<\/thead>\n\t\t\t\t\t\t\t\t\t\t\t\t\t\t\t\t\t\t<tr class=\"wpetTableLine\">\n\t\t\t\t\t\t\t\t<td class=\"wpetTableCell\">Montag<\/td>\n\t\t\t\t\t\t\t\t<td class=\"wpetTableCell\">Geschlossen<\/td>\n\t\t\t\t\t\t\t<\/tr>\n\t\t\t\t\t\t\t\t\t\t\t\t\t\t\t\t\t\t\t\t\t\t\t\t<tr class=\"wpetTableLine\">\n\t\t\t\t\t\t\t\t<td class=\"wpetTableCell\">Dienstag<\/td>\n\t\t\t\t\t\t\t\t<td class=\"wpetTableCell\">Geschlossen<\/td>\n\t\t\t\t\t\t\t<\/tr>\n\t\t\t\t\t\t\t\t\t\t\t\t\t\t\t\t\t\t\t\t\t\t\t\t<tr class=\"wpetTableLine\">\n\t\t\t\t\t\t\t\t<td class=\"wpetTableCell\">Mittwoch<\/td>\n\t\t\t\t\t\t\t\t<td class=\"wpetTableCell\">Geschlossen<\/td>\n\t\t\t\t\t\t\t<\/tr>\n\t\t\t\t\t\t\t\t\t\t\t\t\t\t\t\t\t\t\t\t\t\t\t\t<tr class=\"wpetTableLine\">\n\t\t\t\t\t\t\t\t<td class=\"wpetTableCell\">Donnerstag<\/td>\n\t\t\t\t\t\t\t\t<td class=\"wpetTableCell\">Geschlossen<\/td>\n\t\t\t\t\t\t\t<\/tr>\n\t\t\t\t\t\t\t\t\t\t\t\t\t\t\t\t\t\t\t\t\t\t\t\t<tr class=\"wpetTableLine\">\n\t\t\t\t\t\t\t\t<td class=\"wpetTableCell\">Freitag<\/td>\n\t\t\t\t\t\t\t\t<td class=\"wpetTableCell\">Geschlossen<\/td>\n\t\t\t\t\t\t\t<\/tr>\n\t\t\t\t\t\t\t\t\t\t\t\t\t\t\t\t\t\t\t\t\t\t\t\t<tr class=\"wpetTableLine\">\n\t\t\t\t\t\t\t\t<td class=\"wpetTableCell\">Samstag<\/td>\n\t\t\t\t\t\t\t\t<td class=\"wpetTableCell\">Geschlossen<\/td>\n\t\t\t\t\t\t\t<\/tr>\n\t\t\t\t\t\t\t\t\t\t\t\t\t\t\t\t\t\t\t\t\t\t\t\t<tr class=\"wpetTableLine\">\n\t\t\t\t\t\t\t\t<td class=\"wpetTableCell\">Sonntag<\/td>\n\t\t\t\t\t\t\t\t<td class=\"wpetTableCell\">Geschlossen<\/td>\n\t\t\t\t\t\t\t<\/tr>\n\t\t\t\t\t\t\t\t\t\t\t\t\t\t\t<\/table>\n\t\t\t<\/div>\n\t\t        <\/div>\n\t<\/div>\n\n    <\/div>\n\n\n\n    <div class=\"wp-block wp-block-single-sit wp-block-single-sit-tarifs\">\n\n                    <h2>Tarife<\/h2>\n        \n        \n    <table class=\"wpetTable\">\n                    <tr class=\"wpetTableLine\">\n                <td class=\"wpetTableCell\">\n                    Erwachsenentarif                                            <span class=\"wpetTableCell--complement entryMeta\">Gef\u00fchrte Tour durch den unterirdischen Steinbruch<\/span>\n                                    <\/td>\n                <td class=\"wpetTableCell\">7 \u20ac<\/td>\n            <\/tr>\n                    <tr class=\"wpetTableLine\">\n                <td class=\"wpetTableCell\">\n                    Anderer Tarif                                            <span class=\"wpetTableCell--complement entryMeta\">tarif \u00e0 partir de&#8230; pour les stages artistiques<\/span>\n                                    <\/td>\n                <td class=\"wpetTableCell\">31 \u20ac<\/td>\n            <\/tr>\n                    <tr class=\"wpetTableLine\">\n                <td class=\"wpetTableCell\">\n                    Erm\u00e4\u00dfigter Tarif Erwachsene                                            <span class=\"wpetTableCell--complement entryMeta\">Gef\u00fchrte Tour Einwohner ACSO, Arbeitslose, Behinderte<\/span>\n                                    <\/td>\n                <td class=\"wpetTableCell\">5 \u20ac<\/td>\n            <\/tr>\n                    <tr class=\"wpetTableLine\">\n                <td class=\"wpetTableCell\">\n                    Kindertarif                                            <span class=\"wpetTableCell--complement entryMeta\">Gef\u00fchrte Tour durch den unterirdischen Steinbruch 5-17 Jahre<\/span>\n                                    <\/td>\n                <td class=\"wpetTableCell\">5 \u20ac<\/td>\n            <\/tr>\n            <\/table>\n\n\n    \n    \n    \n    \n    <\/div>\n\n\n\n\n<hr class=\"wp-block-separator has-alpha-channel-opacity\"\/>\n\n\n<div class=\"wp-block wp-block-highlight\">\n            <h3 class=\"wp-block-highlight-item wp-block-highlight-title\">Lust, mehr zu erfahren?<\/h3>\n                <p class=\"wp-block-highlight-item wp-block-highlight-excerpt\">Diese sch\u00f6ne Reportage wurde anl\u00e4sslich der Ver\u00f6ffentlichung des gesamten<strong> erstes Destinationsmagazin von Creil Sud Oise Tourisme<\/strong>.<br>Im Inneren, von n<strong>ombreux autres articles<\/strong> nehmen Sie mit auf eine Reise zu <strong>lokale Figuren<\/strong> und bieten <strong>Ausgehideen!<\/strong><br><strong>Bestellen Sie<\/strong> le, um es bei seiner Papierausgabe zu erhalten!<br><strong><a href=\"https:\/\/www.creilsudoise-tourisme.fr\/de\/praxis\/broschuren\/\" target=\"_blank\" rel=\"noreferrer noopener\">Hier, um es zu bestellen<\/a><\/strong><\/p>\n    <\/div>","protected":false},"excerpt":{"rendered":"<p>In Saint-Maximin, nur wenige Kilometer von Chantilly entfernt, erz\u00e4hlt das Maison de la Pierre eine tausendj\u00e4hrige Geschichte, die der breiten \u00d6ffentlichkeit kaum bekannt ist. Heute verbindet sich der Ruhm des regionalen Steins mit den gro\u00dfen Haussmannschen Bauvorhaben des 19. Jahrhunderts und mit \u00e4lteren Bauwerken. Die Kirche Saint-Pierre und die Kathedrale von Senlis, das Schloss von Vaux-le-Vicomte... diese Bauwerke lassen sich [...] z\u00e4hlen.<\/p>","protected":false},"author":3,"featured_media":54065,"comment_status":"closed","ping_status":"closed","sticky":false,"template":"","format":"standard","meta":{"_relevanssi_hide_post":"","_relevanssi_hide_content":"","_relevanssi_pin_for_all":"","_relevanssi_pin_keywords":"","_relevanssi_unpin_keywords":"","_relevanssi_related_keywords":"","_relevanssi_related_include_ids":"","_relevanssi_related_exclude_ids":"","_relevanssi_related_no_append":"","_relevanssi_related_not_related":"","_relevanssi_related_posts":"41674,39613,39315,53601,40454,41664","_relevanssi_noindex_reason":""},"categories":[10],"tags":[],"yoast_head":"<!-- This site is optimized with the Yoast SEO plugin v20.2.1 - https:\/\/yoast.com\/wordpress\/plugins\/seo\/ -->\n<title>La Maison de la Pierre, histoires d\u2019hommes &amp; de territoire<\/title>\n<meta name=\"description\" content=\"Rencontre avec Claude, passionn\u00e9 d&#039;exploration en carri\u00e8re souterraine, carrier, fils et petit-fils de carrier \u00e0 Saint-Maximin dans l&#039;Oise\" \/>\n<meta name=\"robots\" content=\"index, follow, max-snippet:-1, max-image-preview:large, max-video-preview:-1\" \/>\n<link rel=\"canonical\" href=\"https:\/\/www.creilsudoise-tourisme.fr\/de\/2024\/05\/24\/claude-boufflet\/\" \/>\n<meta property=\"og:locale\" content=\"de_DE\" \/>\n<meta property=\"og:type\" content=\"article\" \/>\n<meta property=\"og:title\" content=\"La Maison de la Pierre, histoires d\u2019hommes &amp; de territoire\" \/>\n<meta property=\"og:description\" content=\"Rencontre avec Claude, passionn\u00e9 d&#039;exploration en carri\u00e8re souterraine, carrier, fils et petit-fils de carrier \u00e0 Saint-Maximin dans l&#039;Oise\" \/>\n<meta property=\"og:url\" content=\"https:\/\/www.creilsudoise-tourisme.fr\/de\/2024\/05\/24\/claude-boufflet\/\" \/>\n<meta property=\"og:site_name\" content=\"Office de Tourisme Creil Sud Oise\" \/>\n<meta property=\"article:publisher\" content=\"https:\/\/www.facebook.com\/creilsudoisetourisme\/\" \/>\n<meta property=\"article:published_time\" content=\"2024-05-24T09:16:35+00:00\" \/>\n<meta property=\"article:modified_time\" content=\"2024-07-02T08:40:05+00:00\" \/>\n<meta property=\"og:image\" content=\"https:\/\/www.creilsudoise-tourisme.fr\/wp-content\/uploads\/2024\/05\/Claude-Boufflet-\u00a9-Creil-Sud-Oise-Tourisme-2.jpg\" \/>\n\t<meta property=\"og:image:width\" content=\"640\" \/>\n\t<meta property=\"og:image:height\" content=\"960\" \/>\n\t<meta property=\"og:image:type\" content=\"image\/jpeg\" \/>\n<meta name=\"author\" content=\"fdubut\" \/>\n<meta name=\"twitter:card\" content=\"summary_large_image\" \/>\n<meta name=\"twitter:creator\" content=\"@CreilSudOiseOT\" \/>\n<meta name=\"twitter:site\" content=\"@CreilSudOiseOT\" \/>\n<meta name=\"twitter:label1\" content=\"Verfasst von\" \/>\n\t<meta name=\"twitter:data1\" content=\"fdubut\" \/>\n\t<meta name=\"twitter:label2\" content=\"Gesch\u00e4tzte Lesezeit\" \/>\n\t<meta name=\"twitter:data2\" content=\"5\u00a0Minuten\" \/>\n<script type=\"application\/ld+json\" class=\"yoast-schema-graph\">{\"@context\":\"https:\/\/schema.org\",\"@graph\":[{\"@type\":\"Article\",\"@id\":\"https:\/\/www.creilsudoise-tourisme.fr\/2024\/05\/24\/claude-boufflet\/#article\",\"isPartOf\":{\"@id\":\"https:\/\/www.creilsudoise-tourisme.fr\/2024\/05\/24\/claude-boufflet\/\"},\"author\":{\"name\":\"fdubut\",\"@id\":\"https:\/\/www.creilsudoise-tourisme.fr\/#\/schema\/person\/c5140d47645b13bee896bfe05f1bd5da\"},\"headline\":\"La Maison de la Pierre, histoires d\u2019hommes &#038; de territoire\",\"datePublished\":\"2024-05-24T09:16:35+00:00\",\"dateModified\":\"2024-07-02T08:40:05+00:00\",\"mainEntityOfPage\":{\"@id\":\"https:\/\/www.creilsudoise-tourisme.fr\/2024\/05\/24\/claude-boufflet\/\"},\"wordCount\":1082,\"publisher\":{\"@id\":\"https:\/\/www.creilsudoise-tourisme.fr\/#organization\"},\"articleSection\":[\"Nos ambassadeurs\"],\"inLanguage\":\"de\"},{\"@type\":\"WebPage\",\"@id\":\"https:\/\/www.creilsudoise-tourisme.fr\/2024\/05\/24\/claude-boufflet\/\",\"url\":\"https:\/\/www.creilsudoise-tourisme.fr\/2024\/05\/24\/claude-boufflet\/\",\"name\":\"La Maison de la Pierre, histoires d\u2019hommes & de territoire\",\"isPartOf\":{\"@id\":\"https:\/\/www.creilsudoise-tourisme.fr\/#website\"},\"datePublished\":\"2024-05-24T09:16:35+00:00\",\"dateModified\":\"2024-07-02T08:40:05+00:00\",\"description\":\"Rencontre avec Claude, passionn\u00e9 d'exploration en carri\u00e8re souterraine, carrier, fils et petit-fils de carrier \u00e0 Saint-Maximin dans l'Oise\",\"breadcrumb\":{\"@id\":\"https:\/\/www.creilsudoise-tourisme.fr\/2024\/05\/24\/claude-boufflet\/#breadcrumb\"},\"inLanguage\":\"de\",\"potentialAction\":[{\"@type\":\"ReadAction\",\"target\":[\"https:\/\/www.creilsudoise-tourisme.fr\/2024\/05\/24\/claude-boufflet\/\"]}]},{\"@type\":\"BreadcrumbList\",\"@id\":\"https:\/\/www.creilsudoise-tourisme.fr\/2024\/05\/24\/claude-boufflet\/#breadcrumb\",\"itemListElement\":[{\"@type\":\"ListItem\",\"position\":1,\"name\":\"Accueil\",\"item\":\"https:\/\/www.creilsudoise-tourisme.fr\/\"},{\"@type\":\"ListItem\",\"position\":2,\"name\":\"La Maison de la Pierre, histoires d\u2019hommes &#038; de territoire\"}]},{\"@type\":\"WebSite\",\"@id\":\"https:\/\/www.creilsudoise-tourisme.fr\/#website\",\"url\":\"https:\/\/www.creilsudoise-tourisme.fr\/\",\"name\":\"Office de Tourisme Creil Sud Oise\",\"description\":\"Creil Sud Oise Tourisme, un territoire \u00e0 explorer !\",\"publisher\":{\"@id\":\"https:\/\/www.creilsudoise-tourisme.fr\/#organization\"},\"potentialAction\":[{\"@type\":\"SearchAction\",\"target\":{\"@type\":\"EntryPoint\",\"urlTemplate\":\"https:\/\/www.creilsudoise-tourisme.fr\/?s={search_term_string}\"},\"query-input\":\"required name=search_term_string\"}],\"inLanguage\":\"de\"},{\"@type\":\"Organization\",\"@id\":\"https:\/\/www.creilsudoise-tourisme.fr\/#organization\",\"name\":\"Creil Sud Oise Tourisme\",\"url\":\"https:\/\/www.creilsudoise-tourisme.fr\/\",\"logo\":{\"@type\":\"ImageObject\",\"inLanguage\":\"de\",\"@id\":\"https:\/\/www.creilsudoise-tourisme.fr\/#\/schema\/logo\/image\/\",\"url\":\"https:\/\/www.creilsudoise-tourisme.fr\/wp-content\/uploads\/2021\/05\/logo-svg.png\",\"contentUrl\":\"https:\/\/www.creilsudoise-tourisme.fr\/wp-content\/uploads\/2021\/05\/logo-svg.png\",\"width\":182,\"height\":71,\"caption\":\"Creil Sud Oise Tourisme\"},\"image\":{\"@id\":\"https:\/\/www.creilsudoise-tourisme.fr\/#\/schema\/logo\/image\/\"},\"sameAs\":[\"https:\/\/www.facebook.com\/creilsudoisetourisme\/\",\"https:\/\/twitter.com\/CreilSudOiseOT\",\"https:\/\/www.instagram.com\/creilsudoisetourisme\/\",\"https:\/\/www.youtube.com\/channel\/UC8L_QD2wwyADW14zt9fY8kw\"]},{\"@type\":\"Person\",\"@id\":\"https:\/\/www.creilsudoise-tourisme.fr\/#\/schema\/person\/c5140d47645b13bee896bfe05f1bd5da\",\"name\":\"fdubut\",\"image\":{\"@type\":\"ImageObject\",\"inLanguage\":\"de\",\"@id\":\"https:\/\/www.creilsudoise-tourisme.fr\/#\/schema\/person\/image\/\",\"url\":\"https:\/\/secure.gravatar.com\/avatar\/c49bb61337bf4556cafdbcb92c18618d?s=96&d=mm&r=g\",\"contentUrl\":\"https:\/\/secure.gravatar.com\/avatar\/c49bb61337bf4556cafdbcb92c18618d?s=96&d=mm&r=g\",\"caption\":\"fdubut\"},\"url\":\"https:\/\/www.creilsudoise-tourisme.fr\/de\/auteur\/fdubut\/\"}]}<\/script>\n<!-- \/ Yoast SEO plugin. -->","yoast_head_json":{"title":"La Maison de la Pierre, histoires d\u2019hommes & de territoire","description":"Rencontre avec Claude, passionn\u00e9 d'exploration en carri\u00e8re souterraine, carrier, fils et petit-fils de carrier \u00e0 Saint-Maximin dans l'Oise","robots":{"index":"index","follow":"follow","max-snippet":"max-snippet:-1","max-image-preview":"max-image-preview:large","max-video-preview":"max-video-preview:-1"},"canonical":"https:\/\/www.creilsudoise-tourisme.fr\/de\/2024\/05\/24\/claude-boufflet\/","og_locale":"de_DE","og_type":"article","og_title":"La Maison de la Pierre, histoires d\u2019hommes & de territoire","og_description":"Rencontre avec Claude, passionn\u00e9 d'exploration en carri\u00e8re souterraine, carrier, fils et petit-fils de carrier \u00e0 Saint-Maximin dans l'Oise","og_url":"https:\/\/www.creilsudoise-tourisme.fr\/de\/2024\/05\/24\/claude-boufflet\/","og_site_name":"Office de Tourisme Creil Sud Oise","article_publisher":"https:\/\/www.facebook.com\/creilsudoisetourisme\/","article_published_time":"2024-05-24T09:16:35+00:00","article_modified_time":"2024-07-02T08:40:05+00:00","og_image":[{"width":640,"height":960,"url":"https:\/\/www.creilsudoise-tourisme.fr\/wp-content\/uploads\/2024\/05\/Claude-Boufflet-\u00a9-Creil-Sud-Oise-Tourisme-2.jpg","type":"image\/jpeg"}],"author":"fdubut","twitter_card":"summary_large_image","twitter_creator":"@CreilSudOiseOT","twitter_site":"@CreilSudOiseOT","twitter_misc":{"Verfasst von":"fdubut","Gesch\u00e4tzte Lesezeit":"5\u00a0Minuten"},"schema":{"@context":"https:\/\/schema.org","@graph":[{"@type":"Article","@id":"https:\/\/www.creilsudoise-tourisme.fr\/2024\/05\/24\/claude-boufflet\/#article","isPartOf":{"@id":"https:\/\/www.creilsudoise-tourisme.fr\/2024\/05\/24\/claude-boufflet\/"},"author":{"name":"fdubut","@id":"https:\/\/www.creilsudoise-tourisme.fr\/#\/schema\/person\/c5140d47645b13bee896bfe05f1bd5da"},"headline":"La Maison de la Pierre, histoires d\u2019hommes &#038; de territoire","datePublished":"2024-05-24T09:16:35+00:00","dateModified":"2024-07-02T08:40:05+00:00","mainEntityOfPage":{"@id":"https:\/\/www.creilsudoise-tourisme.fr\/2024\/05\/24\/claude-boufflet\/"},"wordCount":1082,"publisher":{"@id":"https:\/\/www.creilsudoise-tourisme.fr\/#organization"},"articleSection":["Nos ambassadeurs"],"inLanguage":"de"},{"@type":"WebPage","@id":"https:\/\/www.creilsudoise-tourisme.fr\/2024\/05\/24\/claude-boufflet\/","url":"https:\/\/www.creilsudoise-tourisme.fr\/2024\/05\/24\/claude-boufflet\/","name":"La Maison de la Pierre, histoires d\u2019hommes & de territoire","isPartOf":{"@id":"https:\/\/www.creilsudoise-tourisme.fr\/#website"},"datePublished":"2024-05-24T09:16:35+00:00","dateModified":"2024-07-02T08:40:05+00:00","description":"Rencontre avec Claude, passionn\u00e9 d'exploration en carri\u00e8re souterraine, carrier, fils et petit-fils de carrier \u00e0 Saint-Maximin dans l'Oise","breadcrumb":{"@id":"https:\/\/www.creilsudoise-tourisme.fr\/2024\/05\/24\/claude-boufflet\/#breadcrumb"},"inLanguage":"de","potentialAction":[{"@type":"ReadAction","target":["https:\/\/www.creilsudoise-tourisme.fr\/2024\/05\/24\/claude-boufflet\/"]}]},{"@type":"BreadcrumbList","@id":"https:\/\/www.creilsudoise-tourisme.fr\/2024\/05\/24\/claude-boufflet\/#breadcrumb","itemListElement":[{"@type":"ListItem","position":1,"name":"Accueil","item":"https:\/\/www.creilsudoise-tourisme.fr\/"},{"@type":"ListItem","position":2,"name":"La Maison de la Pierre, histoires d\u2019hommes &#038; de territoire"}]},{"@type":"WebSite","@id":"https:\/\/www.creilsudoise-tourisme.fr\/#website","url":"https:\/\/www.creilsudoise-tourisme.fr\/","name":"Office de Tourisme Creil Sud Oise","description":"Creil Sud Oise Tourisme, un territoire \u00e0 explorer !","publisher":{"@id":"https:\/\/www.creilsudoise-tourisme.fr\/#organization"},"potentialAction":[{"@type":"SearchAction","target":{"@type":"EntryPoint","urlTemplate":"https:\/\/www.creilsudoise-tourisme.fr\/?s={search_term_string}"},"query-input":"required name=search_term_string"}],"inLanguage":"de"},{"@type":"Organization","@id":"https:\/\/www.creilsudoise-tourisme.fr\/#organization","name":"Creil Sud Oise Tourisme","url":"https:\/\/www.creilsudoise-tourisme.fr\/","logo":{"@type":"ImageObject","inLanguage":"de","@id":"https:\/\/www.creilsudoise-tourisme.fr\/#\/schema\/logo\/image\/","url":"https:\/\/www.creilsudoise-tourisme.fr\/wp-content\/uploads\/2021\/05\/logo-svg.png","contentUrl":"https:\/\/www.creilsudoise-tourisme.fr\/wp-content\/uploads\/2021\/05\/logo-svg.png","width":182,"height":71,"caption":"Creil Sud Oise Tourisme"},"image":{"@id":"https:\/\/www.creilsudoise-tourisme.fr\/#\/schema\/logo\/image\/"},"sameAs":["https:\/\/www.facebook.com\/creilsudoisetourisme\/","https:\/\/twitter.com\/CreilSudOiseOT","https:\/\/www.instagram.com\/creilsudoisetourisme\/","https:\/\/www.youtube.com\/channel\/UC8L_QD2wwyADW14zt9fY8kw"]},{"@type":"Person","@id":"https:\/\/www.creilsudoise-tourisme.fr\/#\/schema\/person\/c5140d47645b13bee896bfe05f1bd5da","name":"fdubut","image":{"@type":"ImageObject","inLanguage":"de","@id":"https:\/\/www.creilsudoise-tourisme.fr\/#\/schema\/person\/image\/","url":"https:\/\/secure.gravatar.com\/avatar\/c49bb61337bf4556cafdbcb92c18618d?s=96&d=mm&r=g","contentUrl":"https:\/\/secure.gravatar.com\/avatar\/c49bb61337bf4556cafdbcb92c18618d?s=96&d=mm&r=g","caption":"fdubut"},"url":"https:\/\/www.creilsudoise-tourisme.fr\/de\/auteur\/fdubut\/"}]}},"_links":{"self":[{"href":"https:\/\/www.creilsudoise-tourisme.fr\/de\/wp-json\/wp\/v2\/posts\/54043"}],"collection":[{"href":"https:\/\/www.creilsudoise-tourisme.fr\/de\/wp-json\/wp\/v2\/posts"}],"about":[{"href":"https:\/\/www.creilsudoise-tourisme.fr\/de\/wp-json\/wp\/v2\/types\/post"}],"author":[{"embeddable":true,"href":"https:\/\/www.creilsudoise-tourisme.fr\/de\/wp-json\/wp\/v2\/users\/3"}],"replies":[{"embeddable":true,"href":"https:\/\/www.creilsudoise-tourisme.fr\/de\/wp-json\/wp\/v2\/comments?post=54043"}],"version-history":[{"count":9,"href":"https:\/\/www.creilsudoise-tourisme.fr\/de\/wp-json\/wp\/v2\/posts\/54043\/revisions"}],"predecessor-version":[{"id":54117,"href":"https:\/\/www.creilsudoise-tourisme.fr\/de\/wp-json\/wp\/v2\/posts\/54043\/revisions\/54117"}],"wp:featuredmedia":[{"embeddable":true,"href":"https:\/\/www.creilsudoise-tourisme.fr\/de\/wp-json\/wp\/v2\/media\/54065"}],"wp:attachment":[{"href":"https:\/\/www.creilsudoise-tourisme.fr\/de\/wp-json\/wp\/v2\/media?parent=54043"}],"wp:term":[{"taxonomy":"category","embeddable":true,"href":"https:\/\/www.creilsudoise-tourisme.fr\/de\/wp-json\/wp\/v2\/categories?post=54043"},{"taxonomy":"post_tag","embeddable":true,"href":"https:\/\/www.creilsudoise-tourisme.fr\/de\/wp-json\/wp\/v2\/tags?post=54043"}],"curies":[{"name":"wp","href":"https:\/\/api.w.org\/{rel}","templated":true}]}}