{"id":53601,"date":"2024-04-26T11:58:14","date_gmt":"2024-04-26T09:58:14","guid":{"rendered":"https:\/\/www.creilsudoise-tourisme.fr\/?p=53601"},"modified":"2024-07-02T10:40:12","modified_gmt":"2024-07-02T08:40:12","slug":"nicolas-bilot","status":"publish","type":"post","link":"https:\/\/www.creilsudoise-tourisme.fr\/de\/2024\/04\/26\/nicolas-bilot\/","title":{"rendered":"Das Schloss von Creil: Ein verlorener Schatz"},"content":{"rendered":"<p class=\"is-style-excerpt\">Was bleibt vom <strong>monumentale Burg, die Creil \u00fcberragte <\/strong>im Mittelalter? <strong>Nicolas Bilot, Arch\u00e4ologe <\/strong>im SDAO (Service D\u00e9partemental d'Arch\u00e9ologie de l'Oise) und Gr\u00fcnder des B\u00fcros Aquilon, das sich auf Studien und die Aufwertung des Kulturerbes spezialisiert hat, zeigt uns Folgendes <strong>die \u00dcberreste dieser strahlenden, aber den Creilloises und Creilloises unbekannten Vergangenheit.<\/strong><\/p>\n\n\n\n<h2><strong>Creil: eine strategische und k\u00f6nigliche Stadt<\/strong><\/h2>\n\n\n\n<div class=\"is-layout-flex wp-container-3 wp-block-columns\">\n<div class=\"is-layout-flow wp-block-column\" style=\"flex-basis:33.33%\">\n<figure class=\"wp-block-image size-large\"><img decoding=\"async\" loading=\"lazy\" width=\"1200\" height=\"1180\" data-src=\"https:\/\/www.creilsudoise-tourisme.fr\/wp-content\/uploads\/2024\/04\/Nicolas_Bilot-1-1200x1180.jpg\" alt=\"Tour Geschichte Creil Schloss Nicolas Bilot Arch\u00e4ologie\" class=\"wp-image-53618\" data-srcset=\"https:\/\/www.creilsudoise-tourisme.fr\/wp-content\/uploads\/2024\/04\/Nicolas_Bilot-1-1200x1180.jpg 1200w, https:\/\/www.creilsudoise-tourisme.fr\/wp-content\/uploads\/2024\/04\/Nicolas_Bilot-1-600x590.jpg 600w, https:\/\/www.creilsudoise-tourisme.fr\/wp-content\/uploads\/2024\/04\/Nicolas_Bilot-1-900x885.jpg 900w, https:\/\/www.creilsudoise-tourisme.fr\/wp-content\/uploads\/2024\/04\/Nicolas_Bilot-1-12x12.jpg 12w, https:\/\/www.creilsudoise-tourisme.fr\/wp-content\/uploads\/2024\/04\/Nicolas_Bilot-1-200x197.jpg 200w, https:\/\/www.creilsudoise-tourisme.fr\/wp-content\/uploads\/2024\/04\/Nicolas_Bilot-1-650x639.jpg 650w, https:\/\/www.creilsudoise-tourisme.fr\/wp-content\/uploads\/2024\/04\/Nicolas_Bilot-1-387x381.jpg 387w, https:\/\/www.creilsudoise-tourisme.fr\/wp-content\/uploads\/2024\/04\/Nicolas_Bilot-1.jpg 1205w\" sizes=\"(max-width: 1200px) 100vw, 1200px\" \/><figcaption class=\"wp-element-caption\">Diane Maat<\/figcaption><\/figure>\n<\/div>\n\n\n\n<div class=\"is-layout-flow wp-block-column\" style=\"flex-basis:66.66%\">\n<p>So erstaunlich das auch klingen mag,<strong> gab es in Creil auf der \u00cele Saint-Maurice tats\u00e4chlich eine gro\u00dfe mittelalterliche Burg.<\/strong> Er stand an der Stelle des Rathauses und des <a href=\"https:\/\/www.creilsudoise-tourisme.fr\/de\/jexplore\/unumganglich\/musee-galle-juli\/\" target=\"_blank\" rel=\"noreferrer noopener\">Gall\u00e9-Juillet-Museum<\/a>Das Haus der Familie aus Creille, aber auch das Haus der Fayence-Hersteller. Nicolas Bilot ist heute der Meinung, dass es ein Abbild des Schlosses von Pierrefonds war, das einige Jahrzehnte sp\u00e4ter gebaut wurde.<\/p>\n<\/div>\n<\/div>\n\n\n\n<p>Im Mittelalter war dieser Ort <strong>strategisch <\/strong>Die Arch\u00e4ologin erkl\u00e4rt: \"Die erste Herausforderung besteht darin, dass er die Oise kontrolliert, in einer Zeit, in der der Gro\u00dfteil des Warentransports \u00fcber Wasserwege abgewickelt wird. \"Er verbindet mit Rouen und verbindet mit Paris \u00fcber die Seine, was bedeutet, dass Creil zu einem Hinterhafen der Hauptstadt wird.\" Eine gro\u00dfe Herausforderung f\u00fcr die Nahrungsmittelversorgung: \"Die Oise ist ein Getreideanbaugebiet mit gro\u00dfen Ertr\u00e4gen, und da Paris ein gigantischer Bauch ist, geh\u00f6rt sie zur Kornkammer von Paris. Es geht also um eine wirtschaftliche Herausforderung rund um diese Stadt Creil und ihr Schloss.\"<\/p>\n\n\n\n<p>Diese \u00cele Saint-Maurice hatte auch eine defensive Bedeutung: \"Wenn man die Insel kontrolliert, kontrolliert man auch die Schifffahrt auf der Oise\", erkl\u00e4rt Nicolas Bilot. Der ideale Standort, um Invasionen aus dem Norden, die in dieser Zeit h\u00e4ufig von den Engl\u00e4ndern ausgingen, entgegenzuwirken.<\/p>\n\n\n\n<h2><strong>Wie sah diese mittelalterliche Burg aus?<\/strong><\/h2>\n\n\n\n<p>Es ist am 12<sup>\u00e8me<\/sup> Jahrhundert, dass die Grafen von Clermont das erste Schloss in Creil in Auftrag geben werden. Die Stadt Clermont war durch die Handelswege nach Beauvais, Soissons, Arras ... sehr reich geworden. Um die Kontrolle \u00fcber den Handel und die \u00dcberg\u00e4nge zu behalten, beschlossen sie, eine Burg am Ufer der Oise zu errichten.<\/p>\n\n\n\n<figure class=\"wp-block-image size-large\"><img decoding=\"async\" loading=\"lazy\" width=\"1200\" height=\"675\" data-src=\"https:\/\/www.creilsudoise-tourisme.fr\/wp-content\/uploads\/2024\/04\/Chateau_Creil-4-1200x675.jpg\" alt=\"Tour Geschichte Creil Schloss Nicolas Bilot Arch\u00e4ologie\" class=\"wp-image-53622\" data-srcset=\"https:\/\/www.creilsudoise-tourisme.fr\/wp-content\/uploads\/2024\/04\/Chateau_Creil-4-1200x675.jpg 1200w, https:\/\/www.creilsudoise-tourisme.fr\/wp-content\/uploads\/2024\/04\/Chateau_Creil-4-600x338.jpg 600w, https:\/\/www.creilsudoise-tourisme.fr\/wp-content\/uploads\/2024\/04\/Chateau_Creil-4-900x506.jpg 900w, https:\/\/www.creilsudoise-tourisme.fr\/wp-content\/uploads\/2024\/04\/Chateau_Creil-4-1536x864.jpg 1536w, https:\/\/www.creilsudoise-tourisme.fr\/wp-content\/uploads\/2024\/04\/Chateau_Creil-4-18x10.jpg 18w, https:\/\/www.creilsudoise-tourisme.fr\/wp-content\/uploads\/2024\/04\/Chateau_Creil-4-200x113.jpg 200w, https:\/\/www.creilsudoise-tourisme.fr\/wp-content\/uploads\/2024\/04\/Chateau_Creil-4-1600x900.jpg 1600w, https:\/\/www.creilsudoise-tourisme.fr\/wp-content\/uploads\/2024\/04\/Chateau_Creil-4-650x366.jpg 650w, https:\/\/www.creilsudoise-tourisme.fr\/wp-content\/uploads\/2024\/04\/Chateau_Creil-4-387x218.jpg 387w, https:\/\/www.creilsudoise-tourisme.fr\/wp-content\/uploads\/2024\/04\/Chateau_Creil-4.jpg 1920w\" sizes=\"(max-width: 1200px) 100vw, 1200px\" \/><figcaption class=\"wp-element-caption\">Stadt Creil<\/figcaption><\/figure>\n\n\n\n<p>F\u00fcr den Bau nehmen die Grafen direkt Kalksteine aus Creil: \"Es gibt nicht nur den Steinbruch von Saint-Maximin\", sagt Nicolas Bilot, \"Creil hat lange Zeit eine T\u00e4tigkeit als Steinbruch gehabt.\" Der Arch\u00e4ologe betont dann die beiden Besonderheiten dieser Steine:\"&nbsp;<strong>Die Kalksteine der Oise geh\u00f6ren zu den besten Kalksteinen der Welt.<\/strong>&nbsp;\" Im Inneren gibt es auch \"ge\u00e4derten Kalkstein mit einem nat\u00fcrlichen Rosaton. Dies sind Steine von seltener \u00e4sthetischer Qualit\u00e4t\".<\/p>\n\n\n\n<p>Die Burg gewann noch an Bedeutung, als die Grafschaft Clermont im 13. Jahrhundert an die franz\u00f6sische Krone angeschlossen wurde.<sup>\u00e8me<\/sup> Jahrhundert. <strong>Nicolas Bilot behauptet, dass die K\u00f6nige \"das Schloss Creil f\u00fcr sich behalten werden, weil sie es als strategisches, aber auch als symbolisches Schloss betrachten werden\".<\/strong><\/p>\n\n\n\n<figure class=\"is-layout-flex wp-block-gallery-4 wp-block-gallery has-nested-images columns-default is-cropped\">\n<figure class=\"wp-block-image size-large\"><img decoding=\"async\" loading=\"lazy\" width=\"1200\" height=\"675\" data-id=\"53627\"  data-src=\"https:\/\/www.creilsudoise-tourisme.fr\/wp-content\/uploads\/2024\/04\/Chateau_Creil-9-1200x675.jpg\" alt=\"Tour Geschichte Creil Schloss Nicolas Bilot Arch\u00e4ologie\" class=\"wp-image-53627\" data-srcset=\"https:\/\/www.creilsudoise-tourisme.fr\/wp-content\/uploads\/2024\/04\/Chateau_Creil-9-1200x675.jpg 1200w, https:\/\/www.creilsudoise-tourisme.fr\/wp-content\/uploads\/2024\/04\/Chateau_Creil-9-600x338.jpg 600w, https:\/\/www.creilsudoise-tourisme.fr\/wp-content\/uploads\/2024\/04\/Chateau_Creil-9-900x506.jpg 900w, https:\/\/www.creilsudoise-tourisme.fr\/wp-content\/uploads\/2024\/04\/Chateau_Creil-9-1536x864.jpg 1536w, https:\/\/www.creilsudoise-tourisme.fr\/wp-content\/uploads\/2024\/04\/Chateau_Creil-9-18x10.jpg 18w, https:\/\/www.creilsudoise-tourisme.fr\/wp-content\/uploads\/2024\/04\/Chateau_Creil-9-200x113.jpg 200w, https:\/\/www.creilsudoise-tourisme.fr\/wp-content\/uploads\/2024\/04\/Chateau_Creil-9-1600x900.jpg 1600w, https:\/\/www.creilsudoise-tourisme.fr\/wp-content\/uploads\/2024\/04\/Chateau_Creil-9-650x366.jpg 650w, https:\/\/www.creilsudoise-tourisme.fr\/wp-content\/uploads\/2024\/04\/Chateau_Creil-9-387x218.jpg 387w, https:\/\/www.creilsudoise-tourisme.fr\/wp-content\/uploads\/2024\/04\/Chateau_Creil-9.jpg 1920w\" sizes=\"(max-width: 1200px) 100vw, 1200px\" \/><figcaption class=\"wp-element-caption\">Stadt Creil<\/figcaption><\/figure>\n\n\n\n<figure class=\"wp-block-image size-large\"><img decoding=\"async\" loading=\"lazy\" width=\"1200\" height=\"675\" data-id=\"53623\"  data-src=\"https:\/\/www.creilsudoise-tourisme.fr\/wp-content\/uploads\/2024\/04\/Chateau_Creil-5-1200x675.jpg\" alt=\"Tour Geschichte Creil Schloss Nicolas Bilot Arch\u00e4ologie\" class=\"wp-image-53623\" data-srcset=\"https:\/\/www.creilsudoise-tourisme.fr\/wp-content\/uploads\/2024\/04\/Chateau_Creil-5-1200x675.jpg 1200w, https:\/\/www.creilsudoise-tourisme.fr\/wp-content\/uploads\/2024\/04\/Chateau_Creil-5-600x338.jpg 600w, https:\/\/www.creilsudoise-tourisme.fr\/wp-content\/uploads\/2024\/04\/Chateau_Creil-5-900x506.jpg 900w, https:\/\/www.creilsudoise-tourisme.fr\/wp-content\/uploads\/2024\/04\/Chateau_Creil-5-1536x864.jpg 1536w, https:\/\/www.creilsudoise-tourisme.fr\/wp-content\/uploads\/2024\/04\/Chateau_Creil-5-18x10.jpg 18w, https:\/\/www.creilsudoise-tourisme.fr\/wp-content\/uploads\/2024\/04\/Chateau_Creil-5-200x113.jpg 200w, https:\/\/www.creilsudoise-tourisme.fr\/wp-content\/uploads\/2024\/04\/Chateau_Creil-5-1600x900.jpg 1600w, https:\/\/www.creilsudoise-tourisme.fr\/wp-content\/uploads\/2024\/04\/Chateau_Creil-5-650x366.jpg 650w, https:\/\/www.creilsudoise-tourisme.fr\/wp-content\/uploads\/2024\/04\/Chateau_Creil-5-387x218.jpg 387w, https:\/\/www.creilsudoise-tourisme.fr\/wp-content\/uploads\/2024\/04\/Chateau_Creil-5.jpg 1920w\" sizes=\"(max-width: 1200px) 100vw, 1200px\" \/><figcaption class=\"wp-element-caption\">Stadt Creil<\/figcaption><\/figure>\n<\/figure>\n\n\n\n<p><strong>Es ist in 14<sup>\u00e8me<\/sup> Jahrhundert, als Karl V. sich besonders f\u00fcr das Schloss Creil interessierte. <\/strong>und wird seine pers\u00f6nlichen Akzente setzen. \"Man nennt ihn den Weisen, weil er ein wahrer K\u00f6nig und Arbeiter war\". Der Arch\u00e4ologe, der auch Erbauer des Schlosses Vincennes war, stellt viele \u00c4hnlichkeiten zwischen den beiden K\u00f6nigsschl\u00f6ssern fest.<\/p>\n\n\n\n<p>\"Als Karl V. die Anlage wieder in Besitz nimmt, l\u00e4sst er weitere Stockwerke aufsetzen und quadratische T\u00fcrme hinzuf\u00fcgen. Au\u00dferdem sieht man die Unterschiede in der Bauweise, die Bl\u00f6cke sind sch\u00f6ner und gr\u00f6\u00dfer bei den k\u00f6niglichen Erg\u00e4nzungen.\" Wie Nicolas Bilot betont <strong>der K\u00f6nig brauchte Platz, wenn er mit seinem Hofstaat, der aus mehr als 300 Personen bestand, nach Creil kam.<\/strong><\/p>\n\n\n\n<h2><strong>Was ist heute noch von diesem k\u00f6niglichen Schloss \u00fcbrig?<\/strong><\/h2>\n\n\n\n<div class=\"is-layout-flex wp-container-8 wp-block-columns\">\n<div class=\"is-layout-flow wp-block-column\">\n<figure class=\"wp-block-image size-large\"><img decoding=\"async\" loading=\"lazy\" width=\"722\" height=\"1200\" data-src=\"https:\/\/www.creilsudoise-tourisme.fr\/wp-content\/uploads\/2024\/04\/Chateau_Creil-10-722x1200.jpg\" alt=\"Tour Geschichte Creil Schloss Nicolas Bilot Arch\u00e4ologie\" class=\"wp-image-53628\" data-srcset=\"https:\/\/www.creilsudoise-tourisme.fr\/wp-content\/uploads\/2024\/04\/Chateau_Creil-10-722x1200.jpg 722w, https:\/\/www.creilsudoise-tourisme.fr\/wp-content\/uploads\/2024\/04\/Chateau_Creil-10-361x600.jpg 361w, https:\/\/www.creilsudoise-tourisme.fr\/wp-content\/uploads\/2024\/04\/Chateau_Creil-10-541x900.jpg 541w, https:\/\/www.creilsudoise-tourisme.fr\/wp-content\/uploads\/2024\/04\/Chateau_Creil-10-924x1536.jpg 924w, https:\/\/www.creilsudoise-tourisme.fr\/wp-content\/uploads\/2024\/04\/Chateau_Creil-10-7x12.jpg 7w, https:\/\/www.creilsudoise-tourisme.fr\/wp-content\/uploads\/2024\/04\/Chateau_Creil-10-200x332.jpg 200w, https:\/\/www.creilsudoise-tourisme.fr\/wp-content\/uploads\/2024\/04\/Chateau_Creil-10-650x1081.jpg 650w, https:\/\/www.creilsudoise-tourisme.fr\/wp-content\/uploads\/2024\/04\/Chateau_Creil-10-387x643.jpg 387w, https:\/\/www.creilsudoise-tourisme.fr\/wp-content\/uploads\/2024\/04\/Chateau_Creil-10.jpg 1155w\" sizes=\"(max-width: 722px) 100vw, 722px\" \/><figcaption class=\"wp-element-caption\">Creil Sud Oise Tourisme<\/figcaption><\/figure>\n<\/div>\n\n\n\n<div class=\"is-layout-flow wp-block-column\">\n<p><strong>Heute sind von der mittelalterlichen Burg nur noch 10% \u00fcbrig.<\/strong>Das Schloss liegt zwischen dem Turm des Fayence-Hauses (wo sich laut Nicolas Bilot m\u00f6glicherweise die Gem\u00e4cher der K\u00f6nigin befanden), dem Erdgeschoss des Gall\u00e9-Juillet-Hauses, dem Weinkeller im Erdgeschoss des Schlosses, der vom Rathausplatz aus zu sehen ist, und dem Stockwerk \u00fcber dem Weinkeller.<\/p>\n\n\n\n<p>Obwohl im Mittelalter \u00e4u\u00dferst strategisch, <strong>die Burg verliert ab dem Ende des 17.<sup>\u00e8me<\/sup> Jahrhundert, die ihm den <a href=\"https:\/\/chateaudechantilly.fr\/\" target=\"_blank\" rel=\"noreferrer noopener\">Schloss Chantilly<\/a>. <\/strong><\/p>\n\n\n\n<p>Nicolas Bilot erkl\u00e4rt: \"Was sie interessieren wird, ist, die Mauern abzurei\u00dfen und die Steine zu verkaufen. Sie werden oben anfangen: Sie bauen das Geb\u00e4lk ab, sie verkaufen das Holz, dann bauen sie den zweiten Stock ab, den ersten Stock.\"<\/p>\n<\/div>\n<\/div>\n\n\n\n<p>Allerdings kam die Revolution und die Steinbrucharbeiter wurden aus dem Schloss vertrieben, bevor sie den Rest abbauen konnten. Ein Gl\u00fcck f\u00fcr den Arch\u00e4ologen, der ab 2019 den Keller ausgrub, der als Lagerraum diente. Im Obergeschoss, das von den zahlreichen Besitzern zwar stark ver\u00e4ndert wurde, sind noch einige Elemente des gro\u00dfen Saals zu erkennen, in dem der K\u00f6nig seine G\u00e4ste empfing.<\/p>\n\n\n\n<p>Nach der Revolution bauten die Besitzer das Schloss in ihrem Stil um, indem sie Stockwerke, Terrassen und Badezimmer hinzuf\u00fcgten.<strong>... Das heutige Gall\u00e9-Juillet-Museum, das ein sch\u00f6nes B\u00fcrgerhaus aus dem 19.<sup>\u00e8me<\/sup> Jahrhundert, bewahrt sehr reale Spuren des Schlosses<\/strong>Nicolas Bilot erkl\u00e4rt: \"Sie werden das Schloss nutzen, um ihr Haus darauf zu stellen und die niedrigen R\u00e4ume zu ihrem Keller und ihrer K\u00fcche zu machen.\"<\/p>\n\n\n\n<p>Auch die G\u00e4rten sind von Bedeutung: \"Das Schloss hatte schon immer einen Garten, aber \u00fcber den Garten im Mittelalter ist nichts bekannt\", verr\u00e4t der Arch\u00e4ologe. \"Der heutige Garten ist der Garten der Familie Gall\u00e9-Juillet\". Umgeben von einer Mauer, die aus den alten Steinen des Schlosses errichtet wurde,<strong> etwas Ungew\u00f6hnliches befindet sich dort: eine Miniatur-Kastellmotte <\/strong>: \"Man nimmt an, dass der Turm in der Mitte des Gartens der Treppenturm des Schlosseingangs ist\". Da runde Steine schwer zu verkaufen sind, werden die Besitzer den Turm in einen Rastplatz f\u00fcr Spazierg\u00e4nge umwandeln. Au\u00dferdem <strong>sie ist von alten merowingischen Sarkophagen umgeben<\/strong> die als Dekoration f\u00fcr diesen \u00fcberraschenden Ort dienen.<\/p>\n\n\n\n<figure class=\"wp-block-embed is-type-video is-provider-youtube wp-block-embed-youtube wp-embed-aspect-16-9 wp-has-aspect-ratio\"><div class=\"wp-block-embed__wrapper\">\n<iframe loading=\"lazy\" title=\"[TREFFEN] mit Nicolas Billot, Arch\u00e4ologe | Creil Sud Oise Tourisme\" width=\"500\" height=\"281\" data-src=\"https:\/\/www.youtube.com\/embed\/_cg5aDCH3Os?list=PLyTXFZvx5-KNbtgLVlgXrRkIYsV-wBfYH\" frameborder=\"0\" allow=\"accelerometer; autoplay; clipboard-write; encrypted-media; gyroscope; picture-in-picture; web-share\" referrerpolicy=\"strict-origin-when-cross-origin\" allowfullscreen><\/iframe>\n<\/div><\/figure>\n\n\n\n<h2><strong>Wann und wie kann man ihn besuchen?<\/strong><\/h2>\n\n\n\n<p><strong>Der Garten, das Gall\u00e9-Juillet-Museum und das Fayence-Museum k\u00f6nnen das ganze Jahr \u00fcber besichtigt werden. <\/strong>Dort lernen Sie das Leben einer <strong>b\u00fcrgerliche Familie<\/strong> von der Revolution bis zum Ersten Weltkrieg, in dem sie ihr Haus der Stadt Creil vermachten, nachdem ihr einziger Sohn an der Front gestorben war. <strong>Das Fayence-Museum wird Sie mit seiner Sammlung von etwa 15 000 Werken faszinieren <\/strong>und Fayenceobjekten aller Art.<\/p>\n\n\n\n<figure class=\"is-layout-flex wp-block-gallery-9 wp-block-gallery has-nested-images columns-default is-cropped\">\n<figure class=\"wp-block-image size-large\"><img decoding=\"async\" loading=\"lazy\" width=\"1200\" height=\"800\" data-id=\"44254\"  data-src=\"https:\/\/www.creilsudoise-tourisme.fr\/wp-content\/uploads\/wpetourisme\/5--Anne-Sophie-FLAMENT--ville-de-creil--maison-de-la-faience--visite-guidee-individuels-et-groupes-1268-2-1200x800.jpg\" alt=\"Freie Besichtigung des Maison de la Fa\u00efence (Haus der Fayence) und des Tour du Tr\u00e9sor (Schatzturm)\" class=\"wp-image-44254\" data-srcset=\"https:\/\/www.creilsudoise-tourisme.fr\/wp-content\/uploads\/wpetourisme\/5--Anne-Sophie-FLAMENT--ville-de-creil--maison-de-la-faience--visite-guidee-individuels-et-groupes-1268-2-1200x800.jpg 1200w, https:\/\/www.creilsudoise-tourisme.fr\/wp-content\/uploads\/wpetourisme\/5--Anne-Sophie-FLAMENT--ville-de-creil--maison-de-la-faience--visite-guidee-individuels-et-groupes-1268-2-600x400.jpg 600w, https:\/\/www.creilsudoise-tourisme.fr\/wp-content\/uploads\/wpetourisme\/5--Anne-Sophie-FLAMENT--ville-de-creil--maison-de-la-faience--visite-guidee-individuels-et-groupes-1268-2-900x600.jpg 900w, https:\/\/www.creilsudoise-tourisme.fr\/wp-content\/uploads\/wpetourisme\/5--Anne-Sophie-FLAMENT--ville-de-creil--maison-de-la-faience--visite-guidee-individuels-et-groupes-1268-2-1536x1024.jpg 1536w, https:\/\/www.creilsudoise-tourisme.fr\/wp-content\/uploads\/wpetourisme\/5--Anne-Sophie-FLAMENT--ville-de-creil--maison-de-la-faience--visite-guidee-individuels-et-groupes-1268-2-200x133.jpg 200w, https:\/\/www.creilsudoise-tourisme.fr\/wp-content\/uploads\/wpetourisme\/5--Anne-Sophie-FLAMENT--ville-de-creil--maison-de-la-faience--visite-guidee-individuels-et-groupes-1268-2-650x433.jpg 650w, https:\/\/www.creilsudoise-tourisme.fr\/wp-content\/uploads\/wpetourisme\/5--Anne-Sophie-FLAMENT--ville-de-creil--maison-de-la-faience--visite-guidee-individuels-et-groupes-1268-2-387x258.jpg 387w, https:\/\/www.creilsudoise-tourisme.fr\/wp-content\/uploads\/wpetourisme\/5--Anne-Sophie-FLAMENT--ville-de-creil--maison-de-la-faience--visite-guidee-individuels-et-groupes-1268-2.jpg 1600w\" sizes=\"(max-width: 1200px) 100vw, 1200px\" \/><\/figure>\n\n\n\n<figure class=\"wp-block-image size-large\"><img decoding=\"async\" loading=\"lazy\" width=\"1200\" height=\"800\" data-id=\"33097\"  data-src=\"https:\/\/www.creilsudoise-tourisme.fr\/wp-content\/uploads\/2021\/04\/Visite-guide\u0301e-de-la-cuisine-a\u0300-la-Maison-Galle\u0301-Juillet-1200x800.jpg\" alt=\"Gef\u00fchrte Tour durch das Gall\u00e9-Juillet Haus\" class=\"wp-image-33097\" data-srcset=\"https:\/\/www.creilsudoise-tourisme.fr\/wp-content\/uploads\/2021\/04\/Visite-guide\u0301e-de-la-cuisine-a\u0300-la-Maison-Galle\u0301-Juillet-1200x800.jpg 1200w, https:\/\/www.creilsudoise-tourisme.fr\/wp-content\/uploads\/2021\/04\/Visite-guide\u0301e-de-la-cuisine-a\u0300-la-Maison-Galle\u0301-Juillet-600x400.jpg 600w, https:\/\/www.creilsudoise-tourisme.fr\/wp-content\/uploads\/2021\/04\/Visite-guide\u0301e-de-la-cuisine-a\u0300-la-Maison-Galle\u0301-Juillet-900x600.jpg 900w, https:\/\/www.creilsudoise-tourisme.fr\/wp-content\/uploads\/2021\/04\/Visite-guide\u0301e-de-la-cuisine-a\u0300-la-Maison-Galle\u0301-Juillet-1536x1024.jpg 1536w, https:\/\/www.creilsudoise-tourisme.fr\/wp-content\/uploads\/2021\/04\/Visite-guide\u0301e-de-la-cuisine-a\u0300-la-Maison-Galle\u0301-Juillet-200x133.jpg 200w, https:\/\/www.creilsudoise-tourisme.fr\/wp-content\/uploads\/2021\/04\/Visite-guide\u0301e-de-la-cuisine-a\u0300-la-Maison-Galle\u0301-Juillet-650x433.jpg 650w, https:\/\/www.creilsudoise-tourisme.fr\/wp-content\/uploads\/2021\/04\/Visite-guide\u0301e-de-la-cuisine-a\u0300-la-Maison-Galle\u0301-Juillet-387x258.jpg 387w, https:\/\/www.creilsudoise-tourisme.fr\/wp-content\/uploads\/2021\/04\/Visite-guide\u0301e-de-la-cuisine-a\u0300-la-Maison-Galle\u0301-Juillet-275x183.jpg 275w, https:\/\/www.creilsudoise-tourisme.fr\/wp-content\/uploads\/2021\/04\/Visite-guide\u0301e-de-la-cuisine-a\u0300-la-Maison-Galle\u0301-Juillet.jpg 1600w\" sizes=\"(max-width: 1200px) 100vw, 1200px\" \/><\/figure>\n<\/figure>\n\n\n\n<p><strong>Bei der Burg sind es der Weinkeller und das erste Stockwerk, die die Arch\u00e4ologen heute interessieren<\/strong> und Museumsdirektorin Marion Kalt: \"Der Weinkeller ist seit September 2023 Gegenstand einer Ausgrabung. Man entfernt die Aufsch\u00fcttung, die von den Steinbrucharbeitern des 18.<sup>\u00e8me<\/sup> Jahrhundert, um wieder auf das urspr\u00fcngliche Niveau (1,50 m tiefer) abzusteigen und die falschen W\u00e4nde zu entfernen, um das urspr\u00fcngliche Volumen wiederherzustellen.\"<\/p>\n\n\n\n<figure class=\"wp-block-image size-large\"><img decoding=\"async\" loading=\"lazy\" width=\"1200\" height=\"675\" data-src=\"https:\/\/www.creilsudoise-tourisme.fr\/wp-content\/uploads\/2024\/04\/Chateau_Creil-2-1200x675.jpg\" alt=\"Tour Geschichte Creil Schloss Nicolas Bilot Arch\u00e4ologie\" class=\"wp-image-53620\" data-srcset=\"https:\/\/www.creilsudoise-tourisme.fr\/wp-content\/uploads\/2024\/04\/Chateau_Creil-2-1200x675.jpg 1200w, https:\/\/www.creilsudoise-tourisme.fr\/wp-content\/uploads\/2024\/04\/Chateau_Creil-2-600x338.jpg 600w, https:\/\/www.creilsudoise-tourisme.fr\/wp-content\/uploads\/2024\/04\/Chateau_Creil-2-900x506.jpg 900w, https:\/\/www.creilsudoise-tourisme.fr\/wp-content\/uploads\/2024\/04\/Chateau_Creil-2-1536x864.jpg 1536w, https:\/\/www.creilsudoise-tourisme.fr\/wp-content\/uploads\/2024\/04\/Chateau_Creil-2-18x10.jpg 18w, https:\/\/www.creilsudoise-tourisme.fr\/wp-content\/uploads\/2024\/04\/Chateau_Creil-2-200x113.jpg 200w, https:\/\/www.creilsudoise-tourisme.fr\/wp-content\/uploads\/2024\/04\/Chateau_Creil-2-1600x900.jpg 1600w, https:\/\/www.creilsudoise-tourisme.fr\/wp-content\/uploads\/2024\/04\/Chateau_Creil-2-650x366.jpg 650w, https:\/\/www.creilsudoise-tourisme.fr\/wp-content\/uploads\/2024\/04\/Chateau_Creil-2-387x218.jpg 387w, https:\/\/www.creilsudoise-tourisme.fr\/wp-content\/uploads\/2024\/04\/Chateau_Creil-2.jpg 1920w\" sizes=\"(max-width: 1200px) 100vw, 1200px\" \/><figcaption class=\"wp-element-caption\">Creil Sud Oise Tourisme<\/figcaption><\/figure>\n\n\n\n<p><strong>Das Museum und das Schloss werden miteinander kommunizieren, um den Besuchern ein vollst\u00e4ndiges Eintauchen in die Vergangenheit von Creil zu erm\u00f6glichen.<\/strong>Die Geschichte der Stadt reicht von der gallo-r\u00f6mischen Epoche mit dem Schatz der Schleuse bis zu den \u00dcberresten der mittelalterlichen Burg, ohne das Industriezeitalter mit der Fayencefabrik und dem Haus der Gall\u00e9-Juillet zu vergessen.<\/p>\n\n\n\n<figure class=\"wp-block-image size-large\"><img decoding=\"async\" loading=\"lazy\" width=\"1200\" height=\"675\" data-src=\"https:\/\/www.creilsudoise-tourisme.fr\/wp-content\/uploads\/2024\/04\/Chateau_Creil-1-1200x675.jpg\" alt=\"Tour Geschichte Creil Schloss Nicolas Bilot Arch\u00e4ologie\" class=\"wp-image-53619\" data-srcset=\"https:\/\/www.creilsudoise-tourisme.fr\/wp-content\/uploads\/2024\/04\/Chateau_Creil-1-1200x675.jpg 1200w, https:\/\/www.creilsudoise-tourisme.fr\/wp-content\/uploads\/2024\/04\/Chateau_Creil-1-600x338.jpg 600w, https:\/\/www.creilsudoise-tourisme.fr\/wp-content\/uploads\/2024\/04\/Chateau_Creil-1-900x506.jpg 900w, https:\/\/www.creilsudoise-tourisme.fr\/wp-content\/uploads\/2024\/04\/Chateau_Creil-1-1536x864.jpg 1536w, https:\/\/www.creilsudoise-tourisme.fr\/wp-content\/uploads\/2024\/04\/Chateau_Creil-1-18x10.jpg 18w, https:\/\/www.creilsudoise-tourisme.fr\/wp-content\/uploads\/2024\/04\/Chateau_Creil-1-200x113.jpg 200w, https:\/\/www.creilsudoise-tourisme.fr\/wp-content\/uploads\/2024\/04\/Chateau_Creil-1-1600x900.jpg 1600w, https:\/\/www.creilsudoise-tourisme.fr\/wp-content\/uploads\/2024\/04\/Chateau_Creil-1-650x366.jpg 650w, https:\/\/www.creilsudoise-tourisme.fr\/wp-content\/uploads\/2024\/04\/Chateau_Creil-1-387x218.jpg 387w, https:\/\/www.creilsudoise-tourisme.fr\/wp-content\/uploads\/2024\/04\/Chateau_Creil-1.jpg 1920w\" sizes=\"(max-width: 1200px) 100vw, 1200px\" \/><figcaption class=\"wp-element-caption\">Creil Sud Oise Tourisme<\/figcaption><\/figure>\n\n\n\n<p>Die Restaurierungsarbeiten begannen im September 2023 und werden etwa drei Jahre dauern. Wenn Ihre Neugier diese Zeit nicht abwarten kann, wenden Sie sich an das Rathaus und fragen Sie nach Baustellenbesuchen, um mehr \u00fcber das Schloss zu erfahren, aber auch um hinter die Kulissen einer arch\u00e4ologischen Ausgrabung zu blicken.<\/p>\n\n\n\n<div class=\"is-layout-flex wp-container-14 wp-block-columns\">\n<div class=\"is-layout-flow wp-block-column\" style=\"flex-basis:25%\">\n<figure class=\"wp-block-image size-full\"><img decoding=\"async\" loading=\"lazy\" width=\"400\" height=\"400\" data-src=\"https:\/\/www.creilsudoise-tourisme.fr\/wp-content\/uploads\/2024\/04\/Diane-Maat.jpg\" alt=\"\" class=\"wp-image-53629\" data-srcset=\"https:\/\/www.creilsudoise-tourisme.fr\/wp-content\/uploads\/2024\/04\/Diane-Maat.jpg 400w, https:\/\/www.creilsudoise-tourisme.fr\/wp-content\/uploads\/2024\/04\/Diane-Maat-300x300.jpg 300w, https:\/\/www.creilsudoise-tourisme.fr\/wp-content\/uploads\/2024\/04\/Diane-Maat-12x12.jpg 12w, https:\/\/www.creilsudoise-tourisme.fr\/wp-content\/uploads\/2024\/04\/Diane-Maat-200x200.jpg 200w, https:\/\/www.creilsudoise-tourisme.fr\/wp-content\/uploads\/2024\/04\/Diane-Maat-387x387.jpg 387w\" sizes=\"(max-width: 400px) 100vw, 400px\" \/><\/figure>\n<\/div>\n\n\n\n<div class=\"is-layout-flow wp-block-column\" style=\"flex-basis:50%\">\n<p><strong>Diane Maat<\/strong> &#8211; <a href=\"https:\/\/www.linkedin.com\/company\/com-positive-dm\/?trk=similar-pages\" target=\"_blank\" rel=\"noreferrer noopener\">Com'Positiv<\/a><\/p>\n<\/div>\n\n\n\n<div class=\"is-layout-flow wp-block-column\" style=\"flex-basis:25%\"><\/div>\n<\/div>\n\n\n\n<hr class=\"wp-block-separator has-alpha-channel-opacity\"\/>\n\n\n<div data-related-sit=\"1\" data-block-type=\"related-sit-gt\" data-block-id=\"wpet-sit-1nu5urqx74c\"><div class=\"wp-block wp-block-related-post wp-block-related-list-sit alignfull\">\n    \n    <div class=\"container\">\n\n                    <h2 class=\"wp-block-related-post-title\">Besuchen Sie das Museum und das Schloss<\/h2>\n        \n                    <div id=\"wpiris-related-post-131\" data-id=\"wpiris-entity-slider\">\n                <div class=\"wp-block-related-post-list wp-block-related-post-list--2\" data-id=\"wpiris-entity-slider-wrapper\">\n\n                    \n<div class=\"entityItem\" data-trigger=\"wpiris-click\" data-id=\"wpiris-entity-slider-item\">\n    <p class=\"entityItemThumbnail\">\n        <a href=\"https:\/\/www.creilsudoise-tourisme.fr\/de\/agenda-animations\/explor-games-verruckt-mit-der-geschichte-im-schiff-von-creil\/\" nofancybox>\n            <img data-src=\"https:\/\/www.creilsudoise-tourisme.fr\/wp-content\/uploads\/wpetourisme\/Affiche-jeu-2-275x350.jpg\" alt=\"Explor Games\u00ae | Verr\u00fcckte Geschichte im Schloss von Creil\">\n        <\/a>\n    <\/p>\n    <div class=\"entityItemContent\">\n        <h2 class=\"entityItemContentTitle\">\n            <a href=\"https:\/\/www.creilsudoise-tourisme.fr\/de\/agenda-animations\/explor-games-verruckt-mit-der-geschichte-im-schiff-von-creil\/\">Explor Games\u00ae | Verr\u00fcckte Geschichte im Schloss von Creil<\/a>\n        <\/h2>\n                    <p class=\"entityItemContentType\">Feste und Veranstaltungen<\/p>\n            <\/div>\n    <a href=\"https:\/\/www.creilsudoise-tourisme.fr\/de\/agenda-animations\/explor-games-verruckt-mit-der-geschichte-im-schiff-von-creil\/\" class=\"seeMore\"><span class=\"sr-only\">Mehr sehen<\/span><\/a>\n<\/div>\n\n<div class=\"entityItem\" data-trigger=\"wpiris-click\" data-id=\"wpiris-entity-slider-item\">\n    <p class=\"entityItemThumbnail\">\n        <a href=\"https:\/\/www.creilsudoise-tourisme.fr\/de\/agenda-animations\/nuit-des-musees-bienvenue-chez-les-galle\/\" nofancybox>\n            <img data-src=\"https:\/\/www.creilsudoise-tourisme.fr\/wp-content\/uploads\/wpetourisme\/NDM-MGJ-275x350.jpg\" alt=\"Nuit des mus\u00e9es |  \u00ab\u00a0Bienvenue chez les Gall\u00e9\u00a0\u00bb\">\n        <\/a>\n    <\/p>\n    <div class=\"entityItemContent\">\n        <h2 class=\"entityItemContentTitle\">\n            <a href=\"https:\/\/www.creilsudoise-tourisme.fr\/de\/agenda-animations\/nuit-des-musees-bienvenue-chez-les-galle\/\">Nuit des mus\u00e9es |  \u00ab\u00a0Bienvenue chez les Gall\u00e9\u00a0\u00bb<\/a>\n        <\/h2>\n                    <p class=\"entityItemContentType\">Feste und Veranstaltungen<\/p>\n            <\/div>\n    <a href=\"https:\/\/www.creilsudoise-tourisme.fr\/de\/agenda-animations\/nuit-des-musees-bienvenue-chez-les-galle\/\" class=\"seeMore\"><span class=\"sr-only\">Mehr sehen<\/span><\/a>\n<\/div>\n                <\/div>\n\n                            <\/div>\n            <\/div>\n<\/div><\/div>\n\n<div class=\"wp-block wp-block-highlight\">\n            <h3 class=\"wp-block-highlight-item wp-block-highlight-title\">Lust, mehr zu erfahren?<\/h3>\n                <p class=\"wp-block-highlight-item wp-block-highlight-excerpt\">Diese sch\u00f6ne Reportage wurde anl\u00e4sslich der Ver\u00f6ffentlichung des gesamten<strong>\u00a0erstes Destinationsmagazin von Creil Sud Oise Tourisme<\/strong>.<br>Im Inneren, von n<strong>ombreux autres articles<\/strong>\u00a0nehmen Sie mit auf eine Reise zu\u00a0<strong>lokale Figuren<\/strong>\u00a0und bieten\u00a0<strong>Ausgehideen!<\/strong><br><strong>Bestellen Sie<\/strong>\u00a0le, um es bei seiner Papierausgabe zu erhalten!<br><strong><a href=\"https:\/\/www.creilsudoise-tourisme.fr\/de\/praxis\/broschuren\/\" target=\"_blank\" rel=\"noreferrer noopener\">Hier, um es zu bestellen<\/a><\/strong><\/p>\n    <\/div>","protected":false},"excerpt":{"rendered":"<p>Was ist von der monumentalen Burg \u00fcbrig geblieben, die Creil im Mittelalter \u00fcberragte? Nicolas Bilot, Arch\u00e4ologe beim SDAO (Service D\u00e9partemental d'Arch\u00e9ologie de l'Oise) und Gr\u00fcnder des B\u00fcros Aquilon, das auf Studien und die Aufwertung des Kulturerbes spezialisiert ist, zeigt uns die \u00dcberreste dieser strahlenden Vergangenheit, die den Creilloises und Creilloises jedoch unbekannt ist. Creil: [...].<\/p>","protected":false},"author":3,"featured_media":53618,"comment_status":"closed","ping_status":"closed","sticky":false,"template":"","format":"standard","meta":{"_relevanssi_hide_post":"","_relevanssi_hide_content":"","_relevanssi_pin_for_all":"","_relevanssi_pin_keywords":"","_relevanssi_unpin_keywords":"","_relevanssi_related_keywords":"","_relevanssi_related_include_ids":"","_relevanssi_related_exclude_ids":"","_relevanssi_related_no_append":"","_relevanssi_related_not_related":"","_relevanssi_related_posts":"52385,41679,32820,40150,52861,41664","_relevanssi_noindex_reason":""},"categories":[10],"tags":[],"yoast_head":"<!-- This site is optimized with the Yoast SEO plugin v20.2.1 - https:\/\/yoast.com\/wordpress\/plugins\/seo\/ -->\n<title>Le Ch\u00e2teau de Creil : un tr\u00e9sor perdu<\/title>\n<meta name=\"description\" content=\"Rencontre avec Nicolas Bilot, arch\u00e9ologue au d\u00e9partement de l&#039;Oise, qui nous parle de l&#039;ancien Ch\u00e2teau de Creil, tr\u00e8s peu connu\" \/>\n<meta name=\"robots\" content=\"index, follow, max-snippet:-1, max-image-preview:large, max-video-preview:-1\" \/>\n<link rel=\"canonical\" href=\"https:\/\/www.creilsudoise-tourisme.fr\/de\/2024\/04\/26\/nicolas-bilot\/\" \/>\n<meta property=\"og:locale\" content=\"de_DE\" \/>\n<meta property=\"og:type\" content=\"article\" \/>\n<meta property=\"og:title\" content=\"Le Ch\u00e2teau de Creil : un tr\u00e9sor perdu\" \/>\n<meta property=\"og:description\" content=\"Rencontre avec Nicolas Bilot, arch\u00e9ologue au d\u00e9partement de l&#039;Oise, qui nous parle de l&#039;ancien Ch\u00e2teau de Creil, tr\u00e8s peu connu\" \/>\n<meta property=\"og:url\" content=\"https:\/\/www.creilsudoise-tourisme.fr\/de\/2024\/04\/26\/nicolas-bilot\/\" \/>\n<meta property=\"og:site_name\" content=\"Office de Tourisme Creil Sud Oise\" \/>\n<meta property=\"article:publisher\" content=\"https:\/\/www.facebook.com\/creilsudoisetourisme\/\" \/>\n<meta property=\"article:published_time\" content=\"2024-04-26T09:58:14+00:00\" \/>\n<meta property=\"article:modified_time\" content=\"2024-07-02T08:40:12+00:00\" \/>\n<meta property=\"og:image\" content=\"https:\/\/www.creilsudoise-tourisme.fr\/wp-content\/uploads\/2024\/04\/Nicolas_Bilot-1.jpg\" \/>\n\t<meta property=\"og:image:width\" content=\"1205\" \/>\n\t<meta property=\"og:image:height\" content=\"1185\" \/>\n\t<meta property=\"og:image:type\" content=\"image\/jpeg\" \/>\n<meta name=\"author\" content=\"fdubut\" \/>\n<meta name=\"twitter:card\" content=\"summary_large_image\" \/>\n<meta name=\"twitter:creator\" content=\"@CreilSudOiseOT\" \/>\n<meta name=\"twitter:site\" content=\"@CreilSudOiseOT\" \/>\n<meta name=\"twitter:label1\" content=\"Verfasst von\" \/>\n\t<meta name=\"twitter:data1\" content=\"fdubut\" \/>\n\t<meta name=\"twitter:label2\" content=\"Gesch\u00e4tzte Lesezeit\" \/>\n\t<meta name=\"twitter:data2\" content=\"7\u00a0Minuten\" \/>\n<script type=\"application\/ld+json\" class=\"yoast-schema-graph\">{\"@context\":\"https:\/\/schema.org\",\"@graph\":[{\"@type\":\"Article\",\"@id\":\"https:\/\/www.creilsudoise-tourisme.fr\/2024\/04\/26\/nicolas-bilot\/#article\",\"isPartOf\":{\"@id\":\"https:\/\/www.creilsudoise-tourisme.fr\/2024\/04\/26\/nicolas-bilot\/\"},\"author\":{\"name\":\"fdubut\",\"@id\":\"https:\/\/www.creilsudoise-tourisme.fr\/#\/schema\/person\/c5140d47645b13bee896bfe05f1bd5da\"},\"headline\":\"Le ch\u00e2teau de Creil : un tr\u00e9sor perdu\",\"datePublished\":\"2024-04-26T09:58:14+00:00\",\"dateModified\":\"2024-07-02T08:40:12+00:00\",\"mainEntityOfPage\":{\"@id\":\"https:\/\/www.creilsudoise-tourisme.fr\/2024\/04\/26\/nicolas-bilot\/\"},\"wordCount\":1437,\"publisher\":{\"@id\":\"https:\/\/www.creilsudoise-tourisme.fr\/#organization\"},\"articleSection\":[\"Nos ambassadeurs\"],\"inLanguage\":\"de\"},{\"@type\":\"WebPage\",\"@id\":\"https:\/\/www.creilsudoise-tourisme.fr\/2024\/04\/26\/nicolas-bilot\/\",\"url\":\"https:\/\/www.creilsudoise-tourisme.fr\/2024\/04\/26\/nicolas-bilot\/\",\"name\":\"Le Ch\u00e2teau de Creil : un tr\u00e9sor perdu\",\"isPartOf\":{\"@id\":\"https:\/\/www.creilsudoise-tourisme.fr\/#website\"},\"datePublished\":\"2024-04-26T09:58:14+00:00\",\"dateModified\":\"2024-07-02T08:40:12+00:00\",\"description\":\"Rencontre avec Nicolas Bilot, arch\u00e9ologue au d\u00e9partement de l'Oise, qui nous parle de l'ancien Ch\u00e2teau de Creil, tr\u00e8s peu connu\",\"breadcrumb\":{\"@id\":\"https:\/\/www.creilsudoise-tourisme.fr\/2024\/04\/26\/nicolas-bilot\/#breadcrumb\"},\"inLanguage\":\"de\",\"potentialAction\":[{\"@type\":\"ReadAction\",\"target\":[\"https:\/\/www.creilsudoise-tourisme.fr\/2024\/04\/26\/nicolas-bilot\/\"]}]},{\"@type\":\"BreadcrumbList\",\"@id\":\"https:\/\/www.creilsudoise-tourisme.fr\/2024\/04\/26\/nicolas-bilot\/#breadcrumb\",\"itemListElement\":[{\"@type\":\"ListItem\",\"position\":1,\"name\":\"Accueil\",\"item\":\"https:\/\/www.creilsudoise-tourisme.fr\/\"},{\"@type\":\"ListItem\",\"position\":2,\"name\":\"Le ch\u00e2teau de Creil : un tr\u00e9sor perdu\"}]},{\"@type\":\"WebSite\",\"@id\":\"https:\/\/www.creilsudoise-tourisme.fr\/#website\",\"url\":\"https:\/\/www.creilsudoise-tourisme.fr\/\",\"name\":\"Office de Tourisme Creil Sud Oise\",\"description\":\"Creil Sud Oise Tourisme, un territoire \u00e0 explorer !\",\"publisher\":{\"@id\":\"https:\/\/www.creilsudoise-tourisme.fr\/#organization\"},\"potentialAction\":[{\"@type\":\"SearchAction\",\"target\":{\"@type\":\"EntryPoint\",\"urlTemplate\":\"https:\/\/www.creilsudoise-tourisme.fr\/?s={search_term_string}\"},\"query-input\":\"required name=search_term_string\"}],\"inLanguage\":\"de\"},{\"@type\":\"Organization\",\"@id\":\"https:\/\/www.creilsudoise-tourisme.fr\/#organization\",\"name\":\"Creil Sud Oise Tourisme\",\"url\":\"https:\/\/www.creilsudoise-tourisme.fr\/\",\"logo\":{\"@type\":\"ImageObject\",\"inLanguage\":\"de\",\"@id\":\"https:\/\/www.creilsudoise-tourisme.fr\/#\/schema\/logo\/image\/\",\"url\":\"https:\/\/www.creilsudoise-tourisme.fr\/wp-content\/uploads\/2021\/05\/logo-svg.png\",\"contentUrl\":\"https:\/\/www.creilsudoise-tourisme.fr\/wp-content\/uploads\/2021\/05\/logo-svg.png\",\"width\":182,\"height\":71,\"caption\":\"Creil Sud Oise Tourisme\"},\"image\":{\"@id\":\"https:\/\/www.creilsudoise-tourisme.fr\/#\/schema\/logo\/image\/\"},\"sameAs\":[\"https:\/\/www.facebook.com\/creilsudoisetourisme\/\",\"https:\/\/twitter.com\/CreilSudOiseOT\",\"https:\/\/www.instagram.com\/creilsudoisetourisme\/\",\"https:\/\/www.youtube.com\/channel\/UC8L_QD2wwyADW14zt9fY8kw\"]},{\"@type\":\"Person\",\"@id\":\"https:\/\/www.creilsudoise-tourisme.fr\/#\/schema\/person\/c5140d47645b13bee896bfe05f1bd5da\",\"name\":\"fdubut\",\"image\":{\"@type\":\"ImageObject\",\"inLanguage\":\"de\",\"@id\":\"https:\/\/www.creilsudoise-tourisme.fr\/#\/schema\/person\/image\/\",\"url\":\"https:\/\/secure.gravatar.com\/avatar\/c49bb61337bf4556cafdbcb92c18618d?s=96&d=mm&r=g\",\"contentUrl\":\"https:\/\/secure.gravatar.com\/avatar\/c49bb61337bf4556cafdbcb92c18618d?s=96&d=mm&r=g\",\"caption\":\"fdubut\"},\"url\":\"https:\/\/www.creilsudoise-tourisme.fr\/de\/auteur\/fdubut\/\"}]}<\/script>\n<!-- \/ Yoast SEO plugin. -->","yoast_head_json":{"title":"Le Ch\u00e2teau de Creil : un tr\u00e9sor perdu","description":"Rencontre avec Nicolas Bilot, arch\u00e9ologue au d\u00e9partement de l'Oise, qui nous parle de l'ancien Ch\u00e2teau de Creil, tr\u00e8s peu connu","robots":{"index":"index","follow":"follow","max-snippet":"max-snippet:-1","max-image-preview":"max-image-preview:large","max-video-preview":"max-video-preview:-1"},"canonical":"https:\/\/www.creilsudoise-tourisme.fr\/de\/2024\/04\/26\/nicolas-bilot\/","og_locale":"de_DE","og_type":"article","og_title":"Le Ch\u00e2teau de Creil : un tr\u00e9sor perdu","og_description":"Rencontre avec Nicolas Bilot, arch\u00e9ologue au d\u00e9partement de l'Oise, qui nous parle de l'ancien Ch\u00e2teau de Creil, tr\u00e8s peu connu","og_url":"https:\/\/www.creilsudoise-tourisme.fr\/de\/2024\/04\/26\/nicolas-bilot\/","og_site_name":"Office de Tourisme Creil Sud Oise","article_publisher":"https:\/\/www.facebook.com\/creilsudoisetourisme\/","article_published_time":"2024-04-26T09:58:14+00:00","article_modified_time":"2024-07-02T08:40:12+00:00","og_image":[{"width":1205,"height":1185,"url":"https:\/\/www.creilsudoise-tourisme.fr\/wp-content\/uploads\/2024\/04\/Nicolas_Bilot-1.jpg","type":"image\/jpeg"}],"author":"fdubut","twitter_card":"summary_large_image","twitter_creator":"@CreilSudOiseOT","twitter_site":"@CreilSudOiseOT","twitter_misc":{"Verfasst von":"fdubut","Gesch\u00e4tzte Lesezeit":"7\u00a0Minuten"},"schema":{"@context":"https:\/\/schema.org","@graph":[{"@type":"Article","@id":"https:\/\/www.creilsudoise-tourisme.fr\/2024\/04\/26\/nicolas-bilot\/#article","isPartOf":{"@id":"https:\/\/www.creilsudoise-tourisme.fr\/2024\/04\/26\/nicolas-bilot\/"},"author":{"name":"fdubut","@id":"https:\/\/www.creilsudoise-tourisme.fr\/#\/schema\/person\/c5140d47645b13bee896bfe05f1bd5da"},"headline":"Le ch\u00e2teau de Creil : un tr\u00e9sor perdu","datePublished":"2024-04-26T09:58:14+00:00","dateModified":"2024-07-02T08:40:12+00:00","mainEntityOfPage":{"@id":"https:\/\/www.creilsudoise-tourisme.fr\/2024\/04\/26\/nicolas-bilot\/"},"wordCount":1437,"publisher":{"@id":"https:\/\/www.creilsudoise-tourisme.fr\/#organization"},"articleSection":["Nos ambassadeurs"],"inLanguage":"de"},{"@type":"WebPage","@id":"https:\/\/www.creilsudoise-tourisme.fr\/2024\/04\/26\/nicolas-bilot\/","url":"https:\/\/www.creilsudoise-tourisme.fr\/2024\/04\/26\/nicolas-bilot\/","name":"Le Ch\u00e2teau de Creil : un tr\u00e9sor perdu","isPartOf":{"@id":"https:\/\/www.creilsudoise-tourisme.fr\/#website"},"datePublished":"2024-04-26T09:58:14+00:00","dateModified":"2024-07-02T08:40:12+00:00","description":"Rencontre avec Nicolas Bilot, arch\u00e9ologue au d\u00e9partement de l'Oise, qui nous parle de l'ancien Ch\u00e2teau de Creil, tr\u00e8s peu connu","breadcrumb":{"@id":"https:\/\/www.creilsudoise-tourisme.fr\/2024\/04\/26\/nicolas-bilot\/#breadcrumb"},"inLanguage":"de","potentialAction":[{"@type":"ReadAction","target":["https:\/\/www.creilsudoise-tourisme.fr\/2024\/04\/26\/nicolas-bilot\/"]}]},{"@type":"BreadcrumbList","@id":"https:\/\/www.creilsudoise-tourisme.fr\/2024\/04\/26\/nicolas-bilot\/#breadcrumb","itemListElement":[{"@type":"ListItem","position":1,"name":"Accueil","item":"https:\/\/www.creilsudoise-tourisme.fr\/"},{"@type":"ListItem","position":2,"name":"Le ch\u00e2teau de Creil : un tr\u00e9sor perdu"}]},{"@type":"WebSite","@id":"https:\/\/www.creilsudoise-tourisme.fr\/#website","url":"https:\/\/www.creilsudoise-tourisme.fr\/","name":"Office de Tourisme Creil Sud Oise","description":"Creil Sud Oise Tourisme, un territoire \u00e0 explorer !","publisher":{"@id":"https:\/\/www.creilsudoise-tourisme.fr\/#organization"},"potentialAction":[{"@type":"SearchAction","target":{"@type":"EntryPoint","urlTemplate":"https:\/\/www.creilsudoise-tourisme.fr\/?s={search_term_string}"},"query-input":"required name=search_term_string"}],"inLanguage":"de"},{"@type":"Organization","@id":"https:\/\/www.creilsudoise-tourisme.fr\/#organization","name":"Creil Sud Oise Tourisme","url":"https:\/\/www.creilsudoise-tourisme.fr\/","logo":{"@type":"ImageObject","inLanguage":"de","@id":"https:\/\/www.creilsudoise-tourisme.fr\/#\/schema\/logo\/image\/","url":"https:\/\/www.creilsudoise-tourisme.fr\/wp-content\/uploads\/2021\/05\/logo-svg.png","contentUrl":"https:\/\/www.creilsudoise-tourisme.fr\/wp-content\/uploads\/2021\/05\/logo-svg.png","width":182,"height":71,"caption":"Creil Sud Oise Tourisme"},"image":{"@id":"https:\/\/www.creilsudoise-tourisme.fr\/#\/schema\/logo\/image\/"},"sameAs":["https:\/\/www.facebook.com\/creilsudoisetourisme\/","https:\/\/twitter.com\/CreilSudOiseOT","https:\/\/www.instagram.com\/creilsudoisetourisme\/","https:\/\/www.youtube.com\/channel\/UC8L_QD2wwyADW14zt9fY8kw"]},{"@type":"Person","@id":"https:\/\/www.creilsudoise-tourisme.fr\/#\/schema\/person\/c5140d47645b13bee896bfe05f1bd5da","name":"fdubut","image":{"@type":"ImageObject","inLanguage":"de","@id":"https:\/\/www.creilsudoise-tourisme.fr\/#\/schema\/person\/image\/","url":"https:\/\/secure.gravatar.com\/avatar\/c49bb61337bf4556cafdbcb92c18618d?s=96&d=mm&r=g","contentUrl":"https:\/\/secure.gravatar.com\/avatar\/c49bb61337bf4556cafdbcb92c18618d?s=96&d=mm&r=g","caption":"fdubut"},"url":"https:\/\/www.creilsudoise-tourisme.fr\/de\/auteur\/fdubut\/"}]}},"_links":{"self":[{"href":"https:\/\/www.creilsudoise-tourisme.fr\/de\/wp-json\/wp\/v2\/posts\/53601"}],"collection":[{"href":"https:\/\/www.creilsudoise-tourisme.fr\/de\/wp-json\/wp\/v2\/posts"}],"about":[{"href":"https:\/\/www.creilsudoise-tourisme.fr\/de\/wp-json\/wp\/v2\/types\/post"}],"author":[{"embeddable":true,"href":"https:\/\/www.creilsudoise-tourisme.fr\/de\/wp-json\/wp\/v2\/users\/3"}],"replies":[{"embeddable":true,"href":"https:\/\/www.creilsudoise-tourisme.fr\/de\/wp-json\/wp\/v2\/comments?post=53601"}],"version-history":[{"count":11,"href":"https:\/\/www.creilsudoise-tourisme.fr\/de\/wp-json\/wp\/v2\/posts\/53601\/revisions"}],"predecessor-version":[{"id":53959,"href":"https:\/\/www.creilsudoise-tourisme.fr\/de\/wp-json\/wp\/v2\/posts\/53601\/revisions\/53959"}],"wp:featuredmedia":[{"embeddable":true,"href":"https:\/\/www.creilsudoise-tourisme.fr\/de\/wp-json\/wp\/v2\/media\/53618"}],"wp:attachment":[{"href":"https:\/\/www.creilsudoise-tourisme.fr\/de\/wp-json\/wp\/v2\/media?parent=53601"}],"wp:term":[{"taxonomy":"category","embeddable":true,"href":"https:\/\/www.creilsudoise-tourisme.fr\/de\/wp-json\/wp\/v2\/categories?post=53601"},{"taxonomy":"post_tag","embeddable":true,"href":"https:\/\/www.creilsudoise-tourisme.fr\/de\/wp-json\/wp\/v2\/tags?post=53601"}],"curies":[{"name":"wp","href":"https:\/\/api.w.org\/{rel}","templated":true}]}}