{"id":43630,"date":"2022-11-29T17:00:43","date_gmt":"2022-11-29T16:00:43","guid":{"rendered":"https:\/\/www.creilsudoise-tourisme.fr\/?p=43630"},"modified":"2024-04-23T10:00:28","modified_gmt":"2024-04-23T08:00:28","slug":"frederic-mutillod","status":"publish","type":"post","link":"https:\/\/www.creilsudoise-tourisme.fr\/de\/2022\/11\/29\/frederic-mutillod\/","title":{"rendered":"Fr\u00e9d\u00e9ric Mutillod"},"content":{"rendered":"<p class=\"is-style-excerpt\">Jeden Monat treffen wir uns mit Ihnen, um&nbsp;<strong>das Gebiet Creil Sud Oise anders entdecken<\/strong>&nbsp;: durch&nbsp;<strong>das Portr\u00e4t von 12 Tourismusbotschaftern&nbsp;<\/strong>die sich tagt\u00e4glich f\u00fcr den Tourismus im S\u00fcden der Oise einsetzen!<\/p>\n\n\n\n<h2><strong>Fr\u00e9d\u00e9ric Mutillod<\/strong><\/h2>\n\n\n\n<h3>Ausbilder im Atelier de la Pierre d'Angle in Saint-Maximin<\/h3>\n\n\n\n<p>Wenn man durch die Tore von <strong>das Atelier de la Pierre d'Angle in Saint-Maximin<\/strong>Sie k\u00f6nnen die <strong>monumentale Arbeiten<\/strong> (wie diese Nachbildung der Orgeltreppe in Notre-Dame de Paris oder die lebensgro\u00dfe Nachbildung der Vorhalle der Kirche von Thiverny [<a href=\"https:\/\/www.creilsudoise-tourisme.fr\/de\/jexplore\/#thiverny\">https:\/\/www.creilsudoise-tourisme.fr\/jexplore\/#thiverny<\/a>]) <strong>von den Sch\u00fclerinnen und Sch\u00fclern durchgef\u00fchrt<\/strong> die dort aufeinander folgten. <strong>Treffen mit dem, der sie ausgebildet hat<\/strong>Er ist ein begeisterter Steinmetz, der seinen Beruf als Ausbilder mit Leidenschaft aus\u00fcbt: <strong>Fr\u00e9d\u00e9ric Mutillod.<\/strong><\/p>\n\n\n\n<h3>Fr\u00e9d\u00e9ric, der Ausbilder<\/h3>\n\n\n\n<p>In Lyon hat alles angefangen. Als Kind lebt Fr\u00e9d\u00e9ric \u00fcber zwei Gesch\u00e4ften: einem Holzkopfschneider f\u00fcr Guignols, die Lyoner Marionetten, und einem Steinmetz. Der Steinmetz hat wohl st\u00e4rker geklopft, denn Fr\u00e9d\u00e9ric geht zu ihm und findet ihn. <strong>entwickelt seine Leidenschaft f\u00fcr den Beruf, den er sp\u00e4ter aus\u00fcben wird<\/strong>.<\/p>\n\n\n\n<figure class=\"wp-block-image size-large\"><img decoding=\"async\" loading=\"lazy\" width=\"1200\" height=\"675\" data-src=\"https:\/\/www.creilsudoise-tourisme.fr\/wp-content\/uploads\/2022\/11\/DSC04307-1200x675.jpg\" alt=\"\" class=\"wp-image-43635\" data-srcset=\"https:\/\/www.creilsudoise-tourisme.fr\/wp-content\/uploads\/2022\/11\/DSC04307-1200x675.jpg 1200w, https:\/\/www.creilsudoise-tourisme.fr\/wp-content\/uploads\/2022\/11\/DSC04307-600x338.jpg 600w, https:\/\/www.creilsudoise-tourisme.fr\/wp-content\/uploads\/2022\/11\/DSC04307-900x507.jpg 900w, https:\/\/www.creilsudoise-tourisme.fr\/wp-content\/uploads\/2022\/11\/DSC04307-200x113.jpg 200w, https:\/\/www.creilsudoise-tourisme.fr\/wp-content\/uploads\/2022\/11\/DSC04307-650x366.jpg 650w, https:\/\/www.creilsudoise-tourisme.fr\/wp-content\/uploads\/2022\/11\/DSC04307-387x218.jpg 387w, https:\/\/www.creilsudoise-tourisme.fr\/wp-content\/uploads\/2022\/11\/DSC04307.jpg 1480w\" sizes=\"(max-width: 1200px) 100vw, 1200px\" \/><\/figure>\n\n\n\n<p>Mit 16 Jahren absolviert er einen <strong>CAP Steinmetz<\/strong> und unternimmt dann seine Reise&nbsp;<strong>&nbsp;in Frankreich<\/strong>In diesem Buch lernen Sie die verschiedenen Techniken kennen, mit denen Steine aus verschiedenen Regionen geschliffen werden. Dort trifft er <strong>Lavastein, Granit, Sandstein, Marmor und grober sediment\u00e4rer Kalkstein<\/strong>Die sehr <strong>ber\u00fchmter Peter von Saint-Maximin<\/strong> (und Umgebung!), weltweit bekannt unter dem Namen <strong>Pierre aus Paris<\/strong>.<\/p>\n\n\n\n<p>Jahr f\u00fcr Jahr, Baustelle f\u00fcr Baustelle, Fr\u00e9d\u00e9ric wird immer besser <strong>bis hin zur Leitung einer Firma, die historische Geb\u00e4ude renoviert <\/strong>in Bayonne. Doch er r\u00fchrt den Stein nicht mehr an, w\u00e4hrend er einen langen Tag in rasendem Tempo aush\u00e4lt... Bis sich ihm eines Tages eine gro\u00dfartige Gelegenheit bietet.<\/p>\n\n\n\n<p>In den 2010er Jahren war das <strong>B\u00fcrgermeister von Saint-Maximin <\/strong>m\u00f6chte die Steinbearbeitung in der Gemeinde dynamisieren und <strong>eine Ausbildung zum Schneider vorschlagen<\/strong>. Er n\u00e4hert sich dem Atelier de la Pierre d'Angle, einem Verein, der in Brignoles im Departement Var Steinmetzarbeiten ausbildet. Einige Zeit sp\u00e4ter <strong>das Atelier num\u00e9ro 2 l\u00e4sst sich in Saint-Maximin nieder<\/strong>auf einem von der Stadtverwaltung zur Verf\u00fcgung gestellten Grundst\u00fcck! Ein anderer Fr\u00e9d\u00e9ric, Milleville mit Namen, Leiter der Werkstatt des Steinbruchs Ouach\u00e9e et Corpechot in Saint-Maximin, bringt Fr\u00e9d\u00e9ric (unseren) in die Gleichung ein. <strong>Fr\u00e9d\u00e9ric<\/strong> (immer unsere), <strong>findet die Freude an der Arbeit mit Stein wieder<\/strong> (die des s\u00fcdlichen Oise, die er \u00fcberall in Frankreich so sehr geformt hat, ohne wirklich ihre Urspr\u00fcnge zu kennen) und entdeckt einen <strong>leidenschaftlicher Beruf: der des Ausbilders<\/strong>&nbsp;!<\/p>\n\n\n\n<p>Wie Friedrich so sch\u00f6n sagt, seit diesem Moment, <strong>er stellt Menschen wieder her, indem er ihnen sein Wissen vermittelt.<\/strong><\/p>\n\n\n\n<figure class=\"wp-block-image size-large\"><img decoding=\"async\" loading=\"lazy\" width=\"1200\" height=\"675\" data-src=\"https:\/\/www.creilsudoise-tourisme.fr\/wp-content\/uploads\/2022\/11\/Sans-titre-1200x675.jpg\" alt=\"\" class=\"wp-image-43641\" data-srcset=\"https:\/\/www.creilsudoise-tourisme.fr\/wp-content\/uploads\/2022\/11\/Sans-titre-1200x675.jpg 1200w, https:\/\/www.creilsudoise-tourisme.fr\/wp-content\/uploads\/2022\/11\/Sans-titre-600x338.jpg 600w, https:\/\/www.creilsudoise-tourisme.fr\/wp-content\/uploads\/2022\/11\/Sans-titre-900x507.jpg 900w, https:\/\/www.creilsudoise-tourisme.fr\/wp-content\/uploads\/2022\/11\/Sans-titre-200x113.jpg 200w, https:\/\/www.creilsudoise-tourisme.fr\/wp-content\/uploads\/2022\/11\/Sans-titre-650x366.jpg 650w, https:\/\/www.creilsudoise-tourisme.fr\/wp-content\/uploads\/2022\/11\/Sans-titre-387x218.jpg 387w, https:\/\/www.creilsudoise-tourisme.fr\/wp-content\/uploads\/2022\/11\/Sans-titre.jpg 1480w\" sizes=\"(max-width: 1200px) 100vw, 1200px\" \/><\/figure>\n\n\n\n<h3>L'Atelier de la Pierre d'Angle, die Ausbildungen<\/h3>\n\n\n\n<p><strong>Das Atelier des Ecksteins <\/strong>[<a href=\"https:\/\/hautsdefrance.apprentis-auteuil.org\/editorial\/pole-formation-insertion\/atelier-pierre-dangle\/\">https:\/\/hautsdefrance.apprentis-auteuil.org\/editorial\/pole-formation-insertion\/atelier-pierre-dangle\/<\/a>]<strong> \u00f6ffnet seine T\u00fcren im Jahr 2014<\/strong> und schl\u00e4gt dann eine Ausbildung vor, n\u00e4mlich die zum <strong>Steinmetz <\/strong>[<a href=\"https:\/\/hautsdefrance.apprentis-auteuil.org\/files\/2022\/01\/Fiche-de-formation-complete_TP-Tailleur-de-pierre.pdf\">https:\/\/hautsdefrance.apprentis-auteuil.org\/files\/2022\/01\/Fiche-de-formation-complete_TP-Tailleur-de-pierre.pdf<\/a>]. W\u00e4hrend <strong>8 Monate<\/strong>12 Lehrlinge entdecken die alten Techniken der Kathedralenbauer und lernen, wie man eine Skizze zeichnet, wie man den Stein schneidet, hackt (von Hand, nicht mit Maschinen!), verlegt, versiegelt, patiniert und harmonisiert. <strong>Sie machen sich mit ihren Werkzeugen vertraut<\/strong>&nbsp;Dazu geh\u00f6ren: die Spitze, die Pointerolle, der Mei\u00dfel, der Vorschlaghammer, die Jagd, das Winkelma\u00df, das Ma\u00dfband oder auch der Bleistift.<\/p>\n\n\n\n<p>Am Ende ihrer Ausbildung wird ein <strong>Beruflicher Titel 3<\/strong> (entspricht dem CAP), wird nach einer sechsst\u00fcndigen Pr\u00fcfung verliehen, in der die Sch\u00fclerinnen und Sch\u00fcler ihr Werk schnitzen m\u00fcssen.<\/p>\n\n\n\n<div class=\"is-layout-flex wp-container-3 wp-block-columns\">\n<div class=\"is-layout-flow wp-block-column\" style=\"flex-basis:66.66%\">\n<figure class=\"wp-block-image size-large\"><img decoding=\"async\" loading=\"lazy\" width=\"1200\" height=\"675\" data-src=\"https:\/\/www.creilsudoise-tourisme.fr\/wp-content\/uploads\/2022\/11\/DSC03998-1200x675.jpg\" alt=\"\" class=\"wp-image-43633\" data-srcset=\"https:\/\/www.creilsudoise-tourisme.fr\/wp-content\/uploads\/2022\/11\/DSC03998-1200x675.jpg 1200w, https:\/\/www.creilsudoise-tourisme.fr\/wp-content\/uploads\/2022\/11\/DSC03998-600x338.jpg 600w, https:\/\/www.creilsudoise-tourisme.fr\/wp-content\/uploads\/2022\/11\/DSC03998-900x507.jpg 900w, https:\/\/www.creilsudoise-tourisme.fr\/wp-content\/uploads\/2022\/11\/DSC03998-200x113.jpg 200w, https:\/\/www.creilsudoise-tourisme.fr\/wp-content\/uploads\/2022\/11\/DSC03998-650x366.jpg 650w, https:\/\/www.creilsudoise-tourisme.fr\/wp-content\/uploads\/2022\/11\/DSC03998-387x218.jpg 387w, https:\/\/www.creilsudoise-tourisme.fr\/wp-content\/uploads\/2022\/11\/DSC03998.jpg 1480w\" sizes=\"(max-width: 1200px) 100vw, 1200px\" \/><\/figure>\n<\/div>\n\n\n\n<div class=\"is-layout-flow wp-block-column\" style=\"flex-basis:33.33%\">\n<figure class=\"wp-block-image size-large is-resized\"><img decoding=\"async\" loading=\"lazy\" data-src=\"https:\/\/www.creilsudoise-tourisme.fr\/wp-content\/uploads\/2022\/11\/Sans-titreff-2-edited.jpg\" alt=\"\" class=\"wp-image-43645\" width=\"179\" height=\"286\" data-srcset=\"https:\/\/www.creilsudoise-tourisme.fr\/wp-content\/uploads\/2022\/11\/Sans-titreff-2-edited.jpg 492w, https:\/\/www.creilsudoise-tourisme.fr\/wp-content\/uploads\/2022\/11\/Sans-titreff-2-edited-375x600.jpg 375w, https:\/\/www.creilsudoise-tourisme.fr\/wp-content\/uploads\/2022\/11\/Sans-titreff-2-edited-200x320.jpg 200w, https:\/\/www.creilsudoise-tourisme.fr\/wp-content\/uploads\/2022\/11\/Sans-titreff-2-edited-387x620.jpg 387w\" sizes=\"(max-width: 179px) 100vw, 179px\" \/><\/figure>\n<\/div>\n<\/div>\n\n\n\n<p>In der Folgezeit de <strong>gute Berufsaussichten f\u00fcr erfolgreiche Absolventen<\/strong>Viele Unternehmen suchen nach den F\u00e4higkeiten, die sie im Atelier erworben haben. Zu den bisherigen Sitzungen geh\u00f6rten <strong>einige ehemalige Sch\u00fcler arbeiten heute auf tollen Baustellen <\/strong>wie die <strong>Renovierung des Schlosses von Villers-Cotter\u00eats<\/strong>Die Cit\u00e9 internationale de la langue fran\u00e7aise [...].<a href=\"https:\/\/www.cite-langue-francaise.fr\/\">https:\/\/www.cite-langue-francaise.fr\/<\/a>] oder die der <strong>Restaurierung des Schlosses von Creil<\/strong> [<a href=\"https:\/\/www.creil.fr\/le-chateau-et-la-salle-des-gardes-ancien-chateau-fort\">https:\/\/www.creil.fr\/le-chateau-et-la-salle-des-gardes-ancien-chateau-fort<\/a>]. Andere nahmen am <strong>Reinigung von Notre-Dame in Paris<\/strong>Nach dem verheerenden Brand im Jahr 2019<\/p>\n\n\n<div class=\"wp-block wp-block-highlight\">\n            <h3 class=\"wp-block-highlight-item wp-block-highlight-title\">Wussten Sie schon?<\/h3>\n                <p class=\"wp-block-highlight-item wp-block-highlight-excerpt\"><strong>Hier k\u00f6nnen Sie eine der gro\u00dfartigen Errungenschaften des Ateliers de la Pierre d'Angle betrachten<\/strong> am Empfang des Office de Tourisme Creil Sud Oise: am <strong>Steinmauer von Saint-Maximin<\/strong>. Alles Recht <strong>aus Friedrichs Fantasie entsprungen<\/strong>Diese Wand ist <strong>eine Ode an das Steineschneiden!<\/strong> Sehr <strong>p\u00e4dagogisch<\/strong>Es ist ein sehr konkretes Beispiel f\u00fcr die <strong>verschiedene Beschneidungstechniken<\/strong>sondern auch von <strong>die Kunst der Heraldik entdecken<\/strong> (die Wissenschaft der Wappen) durch die Reliefdarstellung der vier Farben des Logos des Fremdenverkehrsamtes Creil Sud Oise: Schwarz, Gr\u00fcn, Gelb und Blau. Ein besonders einzigartiges St\u00fcck, das Sie sich nicht entgehen lassen sollten, <strong>die Mauer enth\u00e4lt auch einen Stein, der auf eine sehr merkw\u00fcrdige Weise sedimentiert ist<\/strong>... Schauen Sie beim Amt vorbei, um sie zu entdecken und ihren Ursprung zu verstehen!<\/p>\n    <\/div>\n\n\n<p><strong>Im Jahr 2016 erh\u00e4lt das Zentrum eine neue Ausbildung<\/strong>&nbsp;: die der <strong>Mauerwerk alter Geb\u00e4ude<\/strong> [<a href=\"https:\/\/hautsdefrance.apprentis-auteuil.org\/files\/2022\/01\/Fiche-de-formation-complete_Titre-Pro-MB.pdf\">https:\/\/hautsdefrance.apprentis-auteuil.org\/files\/2022\/01\/Fiche-de-formation-complete_Titre-Pro-MB.pdf<\/a>]. Pascal ist f\u00fcr die Ausbildung und Vorbereitung der 12 Sch\u00fcler zust\u00e4ndig. <strong>6 Monate<\/strong>In dieser Zeit m\u00fcssen sie aus alten Materialien eine Schalung, eine Steinmauer und einen Putz herstellen.<\/p>\n\n\n\n<p>Die im Atelier de la Pierre d'Angle angebotenen Ausbildungen sind alle Qualiopi-zertifiziert.<\/p>\n\n\n\n<figure class=\"wp-block-image size-large\"><img decoding=\"async\" loading=\"lazy\" width=\"1200\" height=\"675\" data-src=\"https:\/\/www.creilsudoise-tourisme.fr\/wp-content\/uploads\/2022\/11\/DSC04330-1200x675.jpg\" alt=\"\" class=\"wp-image-43638\" data-srcset=\"https:\/\/www.creilsudoise-tourisme.fr\/wp-content\/uploads\/2022\/11\/DSC04330-1200x675.jpg 1200w, https:\/\/www.creilsudoise-tourisme.fr\/wp-content\/uploads\/2022\/11\/DSC04330-600x338.jpg 600w, https:\/\/www.creilsudoise-tourisme.fr\/wp-content\/uploads\/2022\/11\/DSC04330-900x507.jpg 900w, https:\/\/www.creilsudoise-tourisme.fr\/wp-content\/uploads\/2022\/11\/DSC04330-200x113.jpg 200w, https:\/\/www.creilsudoise-tourisme.fr\/wp-content\/uploads\/2022\/11\/DSC04330-650x366.jpg 650w, https:\/\/www.creilsudoise-tourisme.fr\/wp-content\/uploads\/2022\/11\/DSC04330-387x218.jpg 387w, https:\/\/www.creilsudoise-tourisme.fr\/wp-content\/uploads\/2022\/11\/DSC04330.jpg 1480w\" sizes=\"(max-width: 1200px) 100vw, 1200px\" \/><\/figure>\n\n\n\n<p><strong>Seit 2018 finden im Atelier de la Pierre d'Angle Eingliederungsma\u00dfnahmen statt.<\/strong>Das Projekt wird von Philippe, einem technischen Betreuer, und Carole, einer sozio-professionellen Betreuerin, geleitet, die von Marthe unterst\u00fctzt werden. Auf diese Weise lernen die Betroffenen einen Beruf und finden wieder einen stabilen Lebensweg.<\/p>\n\n\n\n<p>Im Jahr 2021 <strong><s>die<\/s> <a href=\"https:\/\/hautsdefrance.apprentis-auteuil.org\/\" target=\"_blank\" rel=\"noreferrer noopener\">Apprentis d'Auteuil<\/a>Katholische Stiftung, die als gemeinn\u00fctzig anerkannt ist<\/strong>Die Organisation unterst\u00fctzt und rehabilitiert Jugendliche in Schwierigkeiten,<strong> integriert das Atelier de la Pierre d'Angle in seinen Ausbildungs- und Eingliederungspol Carlo Acutis in der Picardie<\/strong>. Die von den Teams angebotene individuelle Betreuung erm\u00f6glicht es den Auszubildenden, ihre berufliche Eingliederung nach Abschluss der Ausbildung zu f\u00f6rdern.<\/p>\n\n\n<div class=\"wp-block wp-block-highlight\">\n            <h3 class=\"wp-block-highlight-item wp-block-highlight-title\">Wie melde ich mich f\u00fcr eine der Schulungen an?<\/h3>\n                <p class=\"wp-block-highlight-item wp-block-highlight-excerpt\">Die beiden Formationen sind <strong>finanziert durch den Regionalrat<\/strong> f\u00fcr Personen <strong>bei P\u00f4le emploi registriert<\/strong>. Man muss sein <strong>vollj\u00e4hrig<\/strong>Einige haben gerade erst ihr Studium beendet, andere haben bereits einen fortgeschrittenen beruflichen Werdegang hinter sich (so trifft man auf einen jungen Menschen, der sein Studium fortsetzt, einen ehemaligen Informatiker, einen Kunsthistoriker oder auch einen Geologiebegeisterten... und in dieser heterogenen und sich erg\u00e4nzenden Gruppe entsteht eine sch\u00f6ne Emulation!) F\u00fcr diejenigen, die <strong>lebenslanges Lernen<\/strong>Zum Beispiel nimmt die Werkstatt manchmal Maurer auf, die ihre F\u00e4higkeiten erweitern m\u00f6chten.<br><strong>Treffpunkt mittwochs um 9 Uhr<\/strong> f\u00fcr eine Besichtigung der R\u00e4umlichkeiten und das Kennenlernen der Ausbildung bei einer <strong>kollektive Informationsveranstaltung<\/strong>. Die <strong>n\u00e4chste Ausbildung beginnt im Februar 2023<\/strong>.<\/p>\n    <\/div>\n\n\n<div class=\"is-layout-flex wp-container-6 wp-block-columns\">\n<div class=\"is-layout-flow wp-block-column\">\n<figure class=\"wp-block-image size-large\"><img decoding=\"async\" loading=\"lazy\" width=\"1200\" height=\"675\" data-src=\"https:\/\/www.creilsudoise-tourisme.fr\/wp-content\/uploads\/2022\/11\/DSC04324-1200x675.jpg\" alt=\"\" class=\"wp-image-43637\" data-srcset=\"https:\/\/www.creilsudoise-tourisme.fr\/wp-content\/uploads\/2022\/11\/DSC04324-1200x675.jpg 1200w, https:\/\/www.creilsudoise-tourisme.fr\/wp-content\/uploads\/2022\/11\/DSC04324-600x338.jpg 600w, https:\/\/www.creilsudoise-tourisme.fr\/wp-content\/uploads\/2022\/11\/DSC04324-900x507.jpg 900w, https:\/\/www.creilsudoise-tourisme.fr\/wp-content\/uploads\/2022\/11\/DSC04324-200x113.jpg 200w, https:\/\/www.creilsudoise-tourisme.fr\/wp-content\/uploads\/2022\/11\/DSC04324-650x366.jpg 650w, https:\/\/www.creilsudoise-tourisme.fr\/wp-content\/uploads\/2022\/11\/DSC04324-387x218.jpg 387w, https:\/\/www.creilsudoise-tourisme.fr\/wp-content\/uploads\/2022\/11\/DSC04324.jpg 1480w\" sizes=\"(max-width: 1200px) 100vw, 1200px\" \/><\/figure>\n<\/div>\n\n\n\n<div class=\"is-layout-flow wp-block-column\">\n<figure class=\"wp-block-image size-large\"><img decoding=\"async\" loading=\"lazy\" width=\"1200\" height=\"675\" data-src=\"https:\/\/www.creilsudoise-tourisme.fr\/wp-content\/uploads\/2022\/11\/DSC04320-1200x675.jpg\" alt=\"\" class=\"wp-image-43636\" data-srcset=\"https:\/\/www.creilsudoise-tourisme.fr\/wp-content\/uploads\/2022\/11\/DSC04320-1200x675.jpg 1200w, https:\/\/www.creilsudoise-tourisme.fr\/wp-content\/uploads\/2022\/11\/DSC04320-600x338.jpg 600w, https:\/\/www.creilsudoise-tourisme.fr\/wp-content\/uploads\/2022\/11\/DSC04320-900x507.jpg 900w, https:\/\/www.creilsudoise-tourisme.fr\/wp-content\/uploads\/2022\/11\/DSC04320-200x113.jpg 200w, https:\/\/www.creilsudoise-tourisme.fr\/wp-content\/uploads\/2022\/11\/DSC04320-650x366.jpg 650w, https:\/\/www.creilsudoise-tourisme.fr\/wp-content\/uploads\/2022\/11\/DSC04320-387x218.jpg 387w, https:\/\/www.creilsudoise-tourisme.fr\/wp-content\/uploads\/2022\/11\/DSC04320.jpg 1480w\" sizes=\"(max-width: 1200px) 100vw, 1200px\" \/><\/figure>\n<\/div>\n<\/div>\n\n\n\n<h3>Mehr \u00fcber den Stein von Saint-Maximin<\/h3>\n\n\n\n<p><strong>Treffpunkt in der <a href=\"https:\/\/www.creilsudoise-tourisme.fr\/de\/jexplore\/unumganglich\/steinhaus\/\" target=\"_blank\" rel=\"noreferrer noopener\">Steinhaus von Saint-Maximin<\/a><\/strong> um mehr \u00fcber den Stein im S\u00fcden der Oise, seine Sedimentation und seine Verwendung im Laufe der Jahrhunderte zu erfahren!<\/p>\n\n\n\n<hr class=\"wp-block-separator has-css-opacity\"\/>\n\n\n\n<figure class=\"wp-block-embed is-type-video is-provider-youtube wp-block-embed-youtube wp-embed-aspect-16-9 wp-has-aspect-ratio\"><div class=\"wp-block-embed__wrapper\">\n<iframe loading=\"lazy\" title=\"Auf Entdeckungsreise in Saint-Maximin\" width=\"500\" height=\"281\" data-src=\"https:\/\/www.youtube.com\/embed\/D17VXbBNfYk?feature=oembed\" frameborder=\"0\" allow=\"accelerometer; autoplay; clipboard-write; encrypted-media; gyroscope; picture-in-picture\" allowfullscreen><\/iframe>\n<\/div><\/figure>","protected":false},"excerpt":{"rendered":"<p>Jeden Monat laden wir Sie ein, die Region Creil Sud Oise auf eine andere Art und Weise zu entdecken: durch das Portr\u00e4t von 12 Tourismusbotschaftern, die sich t\u00e4glich f\u00fcr den Tourismus im S\u00fcden der Oise einsetzen! Fr\u00e9d\u00e9ric Mutillod Ausbilder im Atelier de la Pierre d'Angle in Saint-Maximin Wenn man durch die T\u00fcren des Atelier de la Pierre d'Angle in Saint-Maximin geht, [...].<\/p>","protected":false},"author":3,"featured_media":43648,"comment_status":"closed","ping_status":"closed","sticky":false,"template":"","format":"standard","meta":{"_relevanssi_hide_post":"","_relevanssi_hide_content":"","_relevanssi_pin_for_all":"","_relevanssi_pin_keywords":"","_relevanssi_unpin_keywords":"","_relevanssi_related_keywords":"","_relevanssi_related_include_ids":"","_relevanssi_related_exclude_ids":"","_relevanssi_related_no_append":"","_relevanssi_related_not_related":"","_relevanssi_related_posts":"39315,39133,38910,37757,38705,37920","_relevanssi_noindex_reason":""},"categories":[10],"tags":[],"yoast_head":"<!-- This site is optimized with the Yoast SEO plugin v20.2.1 - https:\/\/yoast.com\/wordpress\/plugins\/seo\/ -->\n<title>Fr\u00e9d\u00e9ric Mutillod, formateur \u00e0 l&#039;Atelier de la Pierre d&#039;Angle<\/title>\n<meta name=\"description\" content=\"Chaque mois, d\u00e9couvrez le territoire Creil Sud Oise \u00e0 travers un article et une interview sur un ambassadeur passionn\u00e9 ! En novembre, c&#039;est Fr\u00e9d\u00e9ric Mutillod !\" \/>\n<meta name=\"robots\" content=\"index, follow, max-snippet:-1, max-image-preview:large, max-video-preview:-1\" \/>\n<link rel=\"canonical\" href=\"https:\/\/www.creilsudoise-tourisme.fr\/de\/2022\/11\/29\/frederic-mutillod\/\" \/>\n<meta property=\"og:locale\" content=\"de_DE\" \/>\n<meta property=\"og:type\" content=\"article\" \/>\n<meta property=\"og:title\" content=\"Fr\u00e9d\u00e9ric Mutillod, formateur \u00e0 l&#039;Atelier de la Pierre d&#039;Angle\" \/>\n<meta property=\"og:description\" content=\"Chaque mois, d\u00e9couvrez le territoire Creil Sud Oise \u00e0 travers un article et une interview sur un ambassadeur passionn\u00e9 ! En novembre, c&#039;est Fr\u00e9d\u00e9ric Mutillod !\" \/>\n<meta property=\"og:url\" content=\"https:\/\/www.creilsudoise-tourisme.fr\/de\/2022\/11\/29\/frederic-mutillod\/\" \/>\n<meta property=\"og:site_name\" content=\"Office de Tourisme Creil Sud Oise\" \/>\n<meta property=\"article:publisher\" content=\"https:\/\/www.facebook.com\/creilsudoisetourisme\/\" \/>\n<meta property=\"article:published_time\" content=\"2022-11-29T16:00:43+00:00\" \/>\n<meta property=\"article:modified_time\" content=\"2024-04-23T08:00:28+00:00\" \/>\n<meta property=\"og:image\" content=\"https:\/\/www.creilsudoise-tourisme.fr\/wp-content\/uploads\/2022\/11\/Frederic.jpg\" \/>\n\t<meta property=\"og:image:width\" content=\"816\" \/>\n\t<meta property=\"og:image:height\" content=\"833\" \/>\n\t<meta property=\"og:image:type\" content=\"image\/jpeg\" \/>\n<meta name=\"author\" content=\"fdubut\" \/>\n<meta name=\"twitter:card\" content=\"summary_large_image\" \/>\n<meta name=\"twitter:creator\" content=\"@CreilSudOiseOT\" \/>\n<meta name=\"twitter:site\" content=\"@CreilSudOiseOT\" \/>\n<meta name=\"twitter:label1\" content=\"Verfasst von\" \/>\n\t<meta name=\"twitter:data1\" content=\"fdubut\" \/>\n\t<meta name=\"twitter:label2\" content=\"Gesch\u00e4tzte Lesezeit\" \/>\n\t<meta name=\"twitter:data2\" content=\"6\u00a0Minuten\" \/>\n<script type=\"application\/ld+json\" class=\"yoast-schema-graph\">{\"@context\":\"https:\/\/schema.org\",\"@graph\":[{\"@type\":\"Article\",\"@id\":\"https:\/\/www.creilsudoise-tourisme.fr\/2022\/11\/29\/frederic-mutillod\/#article\",\"isPartOf\":{\"@id\":\"https:\/\/www.creilsudoise-tourisme.fr\/2022\/11\/29\/frederic-mutillod\/\"},\"author\":{\"name\":\"fdubut\",\"@id\":\"https:\/\/www.creilsudoise-tourisme.fr\/#\/schema\/person\/c5140d47645b13bee896bfe05f1bd5da\"},\"headline\":\"Fr\u00e9d\u00e9ric Mutillod\",\"datePublished\":\"2022-11-29T16:00:43+00:00\",\"dateModified\":\"2024-04-23T08:00:28+00:00\",\"mainEntityOfPage\":{\"@id\":\"https:\/\/www.creilsudoise-tourisme.fr\/2022\/11\/29\/frederic-mutillod\/\"},\"wordCount\":1024,\"publisher\":{\"@id\":\"https:\/\/www.creilsudoise-tourisme.fr\/#organization\"},\"articleSection\":[\"Nos ambassadeurs\"],\"inLanguage\":\"de\"},{\"@type\":\"WebPage\",\"@id\":\"https:\/\/www.creilsudoise-tourisme.fr\/2022\/11\/29\/frederic-mutillod\/\",\"url\":\"https:\/\/www.creilsudoise-tourisme.fr\/2022\/11\/29\/frederic-mutillod\/\",\"name\":\"Fr\u00e9d\u00e9ric Mutillod, formateur \u00e0 l'Atelier de la Pierre d'Angle\",\"isPartOf\":{\"@id\":\"https:\/\/www.creilsudoise-tourisme.fr\/#website\"},\"datePublished\":\"2022-11-29T16:00:43+00:00\",\"dateModified\":\"2024-04-23T08:00:28+00:00\",\"description\":\"Chaque mois, d\u00e9couvrez le territoire Creil Sud Oise \u00e0 travers un article et une interview sur un ambassadeur passionn\u00e9 ! En novembre, c'est Fr\u00e9d\u00e9ric Mutillod !\",\"breadcrumb\":{\"@id\":\"https:\/\/www.creilsudoise-tourisme.fr\/2022\/11\/29\/frederic-mutillod\/#breadcrumb\"},\"inLanguage\":\"de\",\"potentialAction\":[{\"@type\":\"ReadAction\",\"target\":[\"https:\/\/www.creilsudoise-tourisme.fr\/2022\/11\/29\/frederic-mutillod\/\"]}]},{\"@type\":\"BreadcrumbList\",\"@id\":\"https:\/\/www.creilsudoise-tourisme.fr\/2022\/11\/29\/frederic-mutillod\/#breadcrumb\",\"itemListElement\":[{\"@type\":\"ListItem\",\"position\":1,\"name\":\"Accueil\",\"item\":\"https:\/\/www.creilsudoise-tourisme.fr\/\"},{\"@type\":\"ListItem\",\"position\":2,\"name\":\"Fr\u00e9d\u00e9ric Mutillod\"}]},{\"@type\":\"WebSite\",\"@id\":\"https:\/\/www.creilsudoise-tourisme.fr\/#website\",\"url\":\"https:\/\/www.creilsudoise-tourisme.fr\/\",\"name\":\"Office de Tourisme Creil Sud Oise\",\"description\":\"Creil Sud Oise Tourisme, un territoire \u00e0 explorer !\",\"publisher\":{\"@id\":\"https:\/\/www.creilsudoise-tourisme.fr\/#organization\"},\"potentialAction\":[{\"@type\":\"SearchAction\",\"target\":{\"@type\":\"EntryPoint\",\"urlTemplate\":\"https:\/\/www.creilsudoise-tourisme.fr\/?s={search_term_string}\"},\"query-input\":\"required name=search_term_string\"}],\"inLanguage\":\"de\"},{\"@type\":\"Organization\",\"@id\":\"https:\/\/www.creilsudoise-tourisme.fr\/#organization\",\"name\":\"Creil Sud Oise Tourisme\",\"url\":\"https:\/\/www.creilsudoise-tourisme.fr\/\",\"logo\":{\"@type\":\"ImageObject\",\"inLanguage\":\"de\",\"@id\":\"https:\/\/www.creilsudoise-tourisme.fr\/#\/schema\/logo\/image\/\",\"url\":\"https:\/\/www.creilsudoise-tourisme.fr\/wp-content\/uploads\/2021\/05\/logo-svg.png\",\"contentUrl\":\"https:\/\/www.creilsudoise-tourisme.fr\/wp-content\/uploads\/2021\/05\/logo-svg.png\",\"width\":182,\"height\":71,\"caption\":\"Creil Sud Oise Tourisme\"},\"image\":{\"@id\":\"https:\/\/www.creilsudoise-tourisme.fr\/#\/schema\/logo\/image\/\"},\"sameAs\":[\"https:\/\/www.facebook.com\/creilsudoisetourisme\/\",\"https:\/\/twitter.com\/CreilSudOiseOT\",\"https:\/\/www.instagram.com\/creilsudoisetourisme\/\",\"https:\/\/www.youtube.com\/channel\/UC8L_QD2wwyADW14zt9fY8kw\"]},{\"@type\":\"Person\",\"@id\":\"https:\/\/www.creilsudoise-tourisme.fr\/#\/schema\/person\/c5140d47645b13bee896bfe05f1bd5da\",\"name\":\"fdubut\",\"image\":{\"@type\":\"ImageObject\",\"inLanguage\":\"de\",\"@id\":\"https:\/\/www.creilsudoise-tourisme.fr\/#\/schema\/person\/image\/\",\"url\":\"https:\/\/secure.gravatar.com\/avatar\/c49bb61337bf4556cafdbcb92c18618d?s=96&d=mm&r=g\",\"contentUrl\":\"https:\/\/secure.gravatar.com\/avatar\/c49bb61337bf4556cafdbcb92c18618d?s=96&d=mm&r=g\",\"caption\":\"fdubut\"},\"url\":\"https:\/\/www.creilsudoise-tourisme.fr\/de\/auteur\/fdubut\/\"}]}<\/script>\n<!-- \/ Yoast SEO plugin. -->","yoast_head_json":{"title":"Fr\u00e9d\u00e9ric Mutillod, formateur \u00e0 l'Atelier de la Pierre d'Angle","description":"Chaque mois, d\u00e9couvrez le territoire Creil Sud Oise \u00e0 travers un article et une interview sur un ambassadeur passionn\u00e9 ! En novembre, c'est Fr\u00e9d\u00e9ric Mutillod !","robots":{"index":"index","follow":"follow","max-snippet":"max-snippet:-1","max-image-preview":"max-image-preview:large","max-video-preview":"max-video-preview:-1"},"canonical":"https:\/\/www.creilsudoise-tourisme.fr\/de\/2022\/11\/29\/frederic-mutillod\/","og_locale":"de_DE","og_type":"article","og_title":"Fr\u00e9d\u00e9ric Mutillod, formateur \u00e0 l'Atelier de la Pierre d'Angle","og_description":"Chaque mois, d\u00e9couvrez le territoire Creil Sud Oise \u00e0 travers un article et une interview sur un ambassadeur passionn\u00e9 ! En novembre, c'est Fr\u00e9d\u00e9ric Mutillod !","og_url":"https:\/\/www.creilsudoise-tourisme.fr\/de\/2022\/11\/29\/frederic-mutillod\/","og_site_name":"Office de Tourisme Creil Sud Oise","article_publisher":"https:\/\/www.facebook.com\/creilsudoisetourisme\/","article_published_time":"2022-11-29T16:00:43+00:00","article_modified_time":"2024-04-23T08:00:28+00:00","og_image":[{"width":816,"height":833,"url":"https:\/\/www.creilsudoise-tourisme.fr\/wp-content\/uploads\/2022\/11\/Frederic.jpg","type":"image\/jpeg"}],"author":"fdubut","twitter_card":"summary_large_image","twitter_creator":"@CreilSudOiseOT","twitter_site":"@CreilSudOiseOT","twitter_misc":{"Verfasst von":"fdubut","Gesch\u00e4tzte Lesezeit":"6\u00a0Minuten"},"schema":{"@context":"https:\/\/schema.org","@graph":[{"@type":"Article","@id":"https:\/\/www.creilsudoise-tourisme.fr\/2022\/11\/29\/frederic-mutillod\/#article","isPartOf":{"@id":"https:\/\/www.creilsudoise-tourisme.fr\/2022\/11\/29\/frederic-mutillod\/"},"author":{"name":"fdubut","@id":"https:\/\/www.creilsudoise-tourisme.fr\/#\/schema\/person\/c5140d47645b13bee896bfe05f1bd5da"},"headline":"Fr\u00e9d\u00e9ric Mutillod","datePublished":"2022-11-29T16:00:43+00:00","dateModified":"2024-04-23T08:00:28+00:00","mainEntityOfPage":{"@id":"https:\/\/www.creilsudoise-tourisme.fr\/2022\/11\/29\/frederic-mutillod\/"},"wordCount":1024,"publisher":{"@id":"https:\/\/www.creilsudoise-tourisme.fr\/#organization"},"articleSection":["Nos ambassadeurs"],"inLanguage":"de"},{"@type":"WebPage","@id":"https:\/\/www.creilsudoise-tourisme.fr\/2022\/11\/29\/frederic-mutillod\/","url":"https:\/\/www.creilsudoise-tourisme.fr\/2022\/11\/29\/frederic-mutillod\/","name":"Fr\u00e9d\u00e9ric Mutillod, formateur \u00e0 l'Atelier de la Pierre d'Angle","isPartOf":{"@id":"https:\/\/www.creilsudoise-tourisme.fr\/#website"},"datePublished":"2022-11-29T16:00:43+00:00","dateModified":"2024-04-23T08:00:28+00:00","description":"Chaque mois, d\u00e9couvrez le territoire Creil Sud Oise \u00e0 travers un article et une interview sur un ambassadeur passionn\u00e9 ! En novembre, c'est Fr\u00e9d\u00e9ric Mutillod !","breadcrumb":{"@id":"https:\/\/www.creilsudoise-tourisme.fr\/2022\/11\/29\/frederic-mutillod\/#breadcrumb"},"inLanguage":"de","potentialAction":[{"@type":"ReadAction","target":["https:\/\/www.creilsudoise-tourisme.fr\/2022\/11\/29\/frederic-mutillod\/"]}]},{"@type":"BreadcrumbList","@id":"https:\/\/www.creilsudoise-tourisme.fr\/2022\/11\/29\/frederic-mutillod\/#breadcrumb","itemListElement":[{"@type":"ListItem","position":1,"name":"Accueil","item":"https:\/\/www.creilsudoise-tourisme.fr\/"},{"@type":"ListItem","position":2,"name":"Fr\u00e9d\u00e9ric Mutillod"}]},{"@type":"WebSite","@id":"https:\/\/www.creilsudoise-tourisme.fr\/#website","url":"https:\/\/www.creilsudoise-tourisme.fr\/","name":"Office de Tourisme Creil Sud Oise","description":"Creil Sud Oise Tourisme, un territoire \u00e0 explorer !","publisher":{"@id":"https:\/\/www.creilsudoise-tourisme.fr\/#organization"},"potentialAction":[{"@type":"SearchAction","target":{"@type":"EntryPoint","urlTemplate":"https:\/\/www.creilsudoise-tourisme.fr\/?s={search_term_string}"},"query-input":"required name=search_term_string"}],"inLanguage":"de"},{"@type":"Organization","@id":"https:\/\/www.creilsudoise-tourisme.fr\/#organization","name":"Creil Sud Oise Tourisme","url":"https:\/\/www.creilsudoise-tourisme.fr\/","logo":{"@type":"ImageObject","inLanguage":"de","@id":"https:\/\/www.creilsudoise-tourisme.fr\/#\/schema\/logo\/image\/","url":"https:\/\/www.creilsudoise-tourisme.fr\/wp-content\/uploads\/2021\/05\/logo-svg.png","contentUrl":"https:\/\/www.creilsudoise-tourisme.fr\/wp-content\/uploads\/2021\/05\/logo-svg.png","width":182,"height":71,"caption":"Creil Sud Oise Tourisme"},"image":{"@id":"https:\/\/www.creilsudoise-tourisme.fr\/#\/schema\/logo\/image\/"},"sameAs":["https:\/\/www.facebook.com\/creilsudoisetourisme\/","https:\/\/twitter.com\/CreilSudOiseOT","https:\/\/www.instagram.com\/creilsudoisetourisme\/","https:\/\/www.youtube.com\/channel\/UC8L_QD2wwyADW14zt9fY8kw"]},{"@type":"Person","@id":"https:\/\/www.creilsudoise-tourisme.fr\/#\/schema\/person\/c5140d47645b13bee896bfe05f1bd5da","name":"fdubut","image":{"@type":"ImageObject","inLanguage":"de","@id":"https:\/\/www.creilsudoise-tourisme.fr\/#\/schema\/person\/image\/","url":"https:\/\/secure.gravatar.com\/avatar\/c49bb61337bf4556cafdbcb92c18618d?s=96&d=mm&r=g","contentUrl":"https:\/\/secure.gravatar.com\/avatar\/c49bb61337bf4556cafdbcb92c18618d?s=96&d=mm&r=g","caption":"fdubut"},"url":"https:\/\/www.creilsudoise-tourisme.fr\/de\/auteur\/fdubut\/"}]}},"_links":{"self":[{"href":"https:\/\/www.creilsudoise-tourisme.fr\/de\/wp-json\/wp\/v2\/posts\/43630"}],"collection":[{"href":"https:\/\/www.creilsudoise-tourisme.fr\/de\/wp-json\/wp\/v2\/posts"}],"about":[{"href":"https:\/\/www.creilsudoise-tourisme.fr\/de\/wp-json\/wp\/v2\/types\/post"}],"author":[{"embeddable":true,"href":"https:\/\/www.creilsudoise-tourisme.fr\/de\/wp-json\/wp\/v2\/users\/3"}],"replies":[{"embeddable":true,"href":"https:\/\/www.creilsudoise-tourisme.fr\/de\/wp-json\/wp\/v2\/comments?post=43630"}],"version-history":[{"count":4,"href":"https:\/\/www.creilsudoise-tourisme.fr\/de\/wp-json\/wp\/v2\/posts\/43630\/revisions"}],"predecessor-version":[{"id":53485,"href":"https:\/\/www.creilsudoise-tourisme.fr\/de\/wp-json\/wp\/v2\/posts\/43630\/revisions\/53485"}],"wp:featuredmedia":[{"embeddable":true,"href":"https:\/\/www.creilsudoise-tourisme.fr\/de\/wp-json\/wp\/v2\/media\/43648"}],"wp:attachment":[{"href":"https:\/\/www.creilsudoise-tourisme.fr\/de\/wp-json\/wp\/v2\/media?parent=43630"}],"wp:term":[{"taxonomy":"category","embeddable":true,"href":"https:\/\/www.creilsudoise-tourisme.fr\/de\/wp-json\/wp\/v2\/categories?post=43630"},{"taxonomy":"post_tag","embeddable":true,"href":"https:\/\/www.creilsudoise-tourisme.fr\/de\/wp-json\/wp\/v2\/tags?post=43630"}],"curies":[{"name":"wp","href":"https:\/\/api.w.org\/{rel}","templated":true}]}}