{"id":43606,"date":"2025-12-09T14:21:13","date_gmt":"2025-12-09T13:21:13","guid":{"rendered":"https:\/\/www.creilsudoise-tourisme.fr\/?p=43606"},"modified":"2026-01-30T14:57:45","modified_gmt":"2026-01-30T13:57:45","slug":"cadeaux-locaux","status":"publish","type":"post","link":"https:\/\/www.creilsudoise-tourisme.fr\/de\/2025\/12\/09\/geschenk-lokale\/","title":{"rendered":"Lokale Geschenkideen"},"content":{"rendered":"<p class=\"is-style-excerpt\">Auf der Suche nach<strong> originelle und lokale Geschenke zu Weihnachten?<\/strong> Wir bieten Ihnen eine <strong>Ideenauswahl<\/strong> um Ihren Lieben eine Freude zu machen!<\/p>\n\n\n\n<h2>Kokosschmuck<\/h2>\n\n\n\n<p>Schenken Sie einen <strong>Schmuckst\u00fcck, das in Creil von Coralie, Koko, hergestellt wurde,<\/strong> die ein einzigartiges und verkanntes Know-how beherrscht: die <strong>Frivolit\u00e4t<\/strong>Diese Technik ist eine althergebrachte Art des Kl\u00f6ppelns. <\/p>\n\n\n\n<div class=\"is-layout-flex wp-container-3 wp-block-columns\">\n<div class=\"is-layout-flow wp-block-column\" style=\"flex-basis:66.66%\">\n<figure class=\"wp-block-image size-large\"><img decoding=\"async\" loading=\"lazy\" width=\"900\" height=\"579\" data-src=\"https:\/\/www.creilsudoise-tourisme.fr\/wp-content\/uploads\/2022\/11\/20190705_101801.jpg\" alt=\"\" class=\"wp-image-43612\" data-srcset=\"https:\/\/www.creilsudoise-tourisme.fr\/wp-content\/uploads\/2022\/11\/20190705_101801.jpg 900w, https:\/\/www.creilsudoise-tourisme.fr\/wp-content\/uploads\/2022\/11\/20190705_101801-600x386.jpg 600w, https:\/\/www.creilsudoise-tourisme.fr\/wp-content\/uploads\/2022\/11\/20190705_101801-200x129.jpg 200w, https:\/\/www.creilsudoise-tourisme.fr\/wp-content\/uploads\/2022\/11\/20190705_101801-650x418.jpg 650w, https:\/\/www.creilsudoise-tourisme.fr\/wp-content\/uploads\/2022\/11\/20190705_101801-387x249.jpg 387w\" sizes=\"(max-width: 900px) 100vw, 900px\" \/><\/figure>\n<\/div>\n\n\n\n<div class=\"is-layout-flow wp-block-column\" style=\"flex-basis:33.33%\">\n<figure class=\"wp-block-image size-large\"><img decoding=\"async\" loading=\"lazy\" width=\"480\" height=\"630\" data-src=\"https:\/\/www.creilsudoise-tourisme.fr\/wp-content\/uploads\/2022\/11\/370f11_f075274943ad43e0b666ad582a0c68b9_mv2.jpg\" alt=\"\" class=\"wp-image-43622\" data-srcset=\"https:\/\/www.creilsudoise-tourisme.fr\/wp-content\/uploads\/2022\/11\/370f11_f075274943ad43e0b666ad582a0c68b9_mv2.jpg 480w, https:\/\/www.creilsudoise-tourisme.fr\/wp-content\/uploads\/2022\/11\/370f11_f075274943ad43e0b666ad582a0c68b9_mv2-457x600.jpg 457w, https:\/\/www.creilsudoise-tourisme.fr\/wp-content\/uploads\/2022\/11\/370f11_f075274943ad43e0b666ad582a0c68b9_mv2-200x263.jpg 200w, https:\/\/www.creilsudoise-tourisme.fr\/wp-content\/uploads\/2022\/11\/370f11_f075274943ad43e0b666ad582a0c68b9_mv2-387x508.jpg 387w\" sizes=\"(max-width: 480px) 100vw, 480px\" \/><\/figure>\n<\/div>\n<\/div>\n\n\n\n<p><em>Preise ab 26\u20ac. Online-Shop mit der M\u00f6glichkeit der pers\u00f6nlichen \u00dcbergabe in Creil. <\/em><\/p>\n\n\n\n<div class=\"is-horizontal is-content-justification-center is-layout-flex wp-container-4 wp-block-buttons\">\n<div class=\"wp-block-button\"><a class=\"wp-block-button__link wp-element-button\" href=\"https:\/\/www.kokobijouxdentelle.fr\/e-shop\" target=\"_blank\" rel=\"noreferrer noopener\">Online-Shop<\/a><\/div>\n<\/div>\n\n\n\n<p>Gut zu wissen! Coralie bietet <strong><a href=\"https:\/\/www.kokobijouxdentelle.fr\/ateliers\" target=\"_blank\" rel=\"noreferrer noopener\">Workshops zur Einf\u00fchrung in die Kunst der Frivolit\u00e4t <\/a><\/strong>! Abonnieren Sie den Koko-Newsletter, um die n\u00e4chsten Termine zu erfahren (das Programm 2025 kommt bald!).<\/p>\n\n\n\n<hr class=\"wp-block-separator has-css-opacity\"\/>\n\n\n\n<h2>Handgemachte Kerze<\/h2>\n\n\n\n<p>Machen Sie (sich) eine Freude, indem Sie eine <strong>handgefertigte Kerze<\/strong>Die von Carole mit viel Sorgfalt hergestellte Mahlzeit besteht aus <strong>nat\u00fcrliche und hochwertige Produkte <\/strong>in der Werkstatt <a href=\"https:\/\/monboudoiracire.com\/\" target=\"_blank\" rel=\"noreferrer noopener\"><strong>Mein Wachs-Boudoir<\/strong><\/a>Die Schule befindet sich in Saint-Maximin!<\/p>\n\n\n\n<p><em>Besuchen Sie den Online-Shop (beachten Sie die 15-t\u00e4gige Erstellungsfrist!) oder an <a href=\"https:\/\/www.truffaut.com\/stores\/saint-maximin?gad_source=1&amp;gclid=CjwKCAiAxqC6BhBcEiwAlXp45ybRu53bxCcfHFQk32k1dKRDjii7tvJSfvIKmyIAUUKOwz04pM8T3xoCTNwQAvD_BwE\" target=\"_blank\" rel=\"noreferrer noopener\">Truffaut in Saint-Maximin<\/a> an folgenden Tagen: Samstag, 30. November um 13:30 Uhr, Sonntag, 8. Dezember um 9:00 Uhr, Samstag, 14. Dezember um 13:30 Uhr, Samstag, 21. Dezember um 13:30 Uhr und Sonntag, 22. Dezember um 9:00 Uhr.<\/em><\/p>\n\n\n\n<div class=\"is-content-justification-center is-layout-flex wp-container-5 wp-block-buttons\">\n<div class=\"wp-block-button\"><a class=\"wp-block-button__link wp-element-button\" href=\"https:\/\/monboudoiracire.com\/\" target=\"_blank\" rel=\"noreferrer noopener\">Online-Shop<\/a><\/div>\n<\/div>\n\n\n\n<hr class=\"wp-block-separator has-alpha-channel-opacity\"\/>\n\n\n\n<h2>Handgemachte Seife<\/h2>\n\n\n\n<p>Sie riechen gut, sie sind sanft zur Haut, sie werden aus ethischen und nat\u00fcrlichen Produkten in Cyrils Labor in Saint-Vaast-l\u00e8s-Mello hergestellt. <strong>: schenken Sie eine nat\u00fcrliche 100%-Seife aus der <a href=\"https:\/\/www.savonnerie-sao.fr\/\" target=\"_blank\" rel=\"noreferrer noopener\">Artisanale Seifenfabrik von Oise<\/a> zu Weihnachten!<\/strong><\/p>\n\n\n\n<figure class=\"wp-block-image size-full\"><img decoding=\"async\" loading=\"lazy\" width=\"786\" height=\"613\" data-src=\"https:\/\/www.creilsudoise-tourisme.fr\/wp-content\/uploads\/2024\/11\/Savonnerie-Artisanale-de-lOise-\u00a9-Cyril-Allewaert.jpg\" alt=\"\" class=\"wp-image-58730\" data-srcset=\"https:\/\/www.creilsudoise-tourisme.fr\/wp-content\/uploads\/2024\/11\/Savonnerie-Artisanale-de-lOise-\u00a9-Cyril-Allewaert.jpg 786w, https:\/\/www.creilsudoise-tourisme.fr\/wp-content\/uploads\/2024\/11\/Savonnerie-Artisanale-de-lOise-\u00a9-Cyril-Allewaert-600x468.jpg 600w, https:\/\/www.creilsudoise-tourisme.fr\/wp-content\/uploads\/2024\/11\/Savonnerie-Artisanale-de-lOise-\u00a9-Cyril-Allewaert-15x12.jpg 15w, https:\/\/www.creilsudoise-tourisme.fr\/wp-content\/uploads\/2024\/11\/Savonnerie-Artisanale-de-lOise-\u00a9-Cyril-Allewaert-200x156.jpg 200w, https:\/\/www.creilsudoise-tourisme.fr\/wp-content\/uploads\/2024\/11\/Savonnerie-Artisanale-de-lOise-\u00a9-Cyril-Allewaert-650x507.jpg 650w, https:\/\/www.creilsudoise-tourisme.fr\/wp-content\/uploads\/2024\/11\/Savonnerie-Artisanale-de-lOise-\u00a9-Cyril-Allewaert-387x302.jpg 387w\" sizes=\"(max-width: 786px) 100vw, 786px\" \/><\/figure>\n\n\n\n<p><em>Sie k\u00f6nnen online bestellen oder die Seifen in der Ferme de Folemprise (siehe unten) oder in der Boutique des Fremdenverkehrsamtes (siehe ebenfalls unten) finden.<\/em><\/p>\n\n\n\n<div class=\"is-content-justification-center is-layout-flex wp-container-6 wp-block-buttons\">\n<div class=\"wp-block-button\"><a class=\"wp-block-button__link wp-element-button\" href=\"https:\/\/www.savonnerie-sao.fr\/shop\" target=\"_blank\" rel=\"noreferrer noopener\">Online-Shop<\/a><\/div>\n<\/div>\n\n\n\n<hr class=\"wp-block-separator has-alpha-channel-opacity\"\/>\n\n\n\n<h2>Gourmetkorb von L'Arbre \u00e0 Poule<\/h2>\n\n\n\n<p>Die <strong>St\u00e4dtischer Bauernhof Abre \u00e0 Poule<\/strong>Die Permakultur-\u00d6kologie im Herzen von Villers-Saint-Paul bietet Ihnen Folgendes <strong>K\u00f6rbe mit ihren Erzeugnissen<\/strong>Die Produkte werden in ihrem Labor auf dem Bauernhof verarbeitet und verpackt. Auf dem Speiseplan stehen: Gem\u00fcsecoulis, Konfit\u00fcren, Sirupe, Kr\u00e4utertees... <\/p>\n\n\n\n<div class=\"is-layout-flex wp-container-10 wp-block-columns\">\n<div class=\"is-layout-flow wp-block-column\">\n<figure class=\"wp-block-image size-large\"><img decoding=\"async\" loading=\"lazy\" width=\"900\" height=\"1200\" data-src=\"https:\/\/www.creilsudoise-tourisme.fr\/wp-content\/uploads\/2022\/11\/sdqfd-900x1200.jpg\" alt=\"\" class=\"wp-image-43619\" data-srcset=\"https:\/\/www.creilsudoise-tourisme.fr\/wp-content\/uploads\/2022\/11\/sdqfd-900x1200.jpg 900w, https:\/\/www.creilsudoise-tourisme.fr\/wp-content\/uploads\/2022\/11\/sdqfd-450x600.jpg 450w, https:\/\/www.creilsudoise-tourisme.fr\/wp-content\/uploads\/2022\/11\/sdqfd-675x900.jpg 675w, https:\/\/www.creilsudoise-tourisme.fr\/wp-content\/uploads\/2022\/11\/sdqfd-200x267.jpg 200w, https:\/\/www.creilsudoise-tourisme.fr\/wp-content\/uploads\/2022\/11\/sdqfd-650x867.jpg 650w, https:\/\/www.creilsudoise-tourisme.fr\/wp-content\/uploads\/2022\/11\/sdqfd-387x516.jpg 387w, https:\/\/www.creilsudoise-tourisme.fr\/wp-content\/uploads\/2022\/11\/sdqfd.jpg 1152w\" sizes=\"(max-width: 900px) 100vw, 900px\" \/><\/figure>\n<\/div>\n\n\n\n<div class=\"is-layout-flow wp-block-column\">\n<figure class=\"wp-block-image size-large\"><img decoding=\"async\" loading=\"lazy\" width=\"900\" height=\"1200\" data-src=\"https:\/\/www.creilsudoise-tourisme.fr\/wp-content\/uploads\/2022\/11\/ezraezet-900x1200.jpg\" alt=\"\" class=\"wp-image-43623\" data-srcset=\"https:\/\/www.creilsudoise-tourisme.fr\/wp-content\/uploads\/2022\/11\/ezraezet-900x1200.jpg 900w, https:\/\/www.creilsudoise-tourisme.fr\/wp-content\/uploads\/2022\/11\/ezraezet-450x600.jpg 450w, https:\/\/www.creilsudoise-tourisme.fr\/wp-content\/uploads\/2022\/11\/ezraezet-675x900.jpg 675w, https:\/\/www.creilsudoise-tourisme.fr\/wp-content\/uploads\/2022\/11\/ezraezet-200x267.jpg 200w, https:\/\/www.creilsudoise-tourisme.fr\/wp-content\/uploads\/2022\/11\/ezraezet-650x867.jpg 650w, https:\/\/www.creilsudoise-tourisme.fr\/wp-content\/uploads\/2022\/11\/ezraezet-387x516.jpg 387w, https:\/\/www.creilsudoise-tourisme.fr\/wp-content\/uploads\/2022\/11\/ezraezet.jpg 1050w\" sizes=\"(max-width: 900px) 100vw, 900px\" \/><\/figure>\n<\/div>\n\n\n\n<div class=\"is-layout-flow wp-block-column\">\n<figure class=\"wp-block-image size-large\"><img decoding=\"async\" loading=\"lazy\" width=\"900\" height=\"1200\" data-src=\"https:\/\/www.creilsudoise-tourisme.fr\/wp-content\/uploads\/2022\/11\/kjh-900x1200.jpg\" alt=\"\" class=\"wp-image-43624\" data-srcset=\"https:\/\/www.creilsudoise-tourisme.fr\/wp-content\/uploads\/2022\/11\/kjh-900x1200.jpg 900w, https:\/\/www.creilsudoise-tourisme.fr\/wp-content\/uploads\/2022\/11\/kjh-450x600.jpg 450w, https:\/\/www.creilsudoise-tourisme.fr\/wp-content\/uploads\/2022\/11\/kjh-675x900.jpg 675w, https:\/\/www.creilsudoise-tourisme.fr\/wp-content\/uploads\/2022\/11\/kjh-200x267.jpg 200w, https:\/\/www.creilsudoise-tourisme.fr\/wp-content\/uploads\/2022\/11\/kjh-650x867.jpg 650w, https:\/\/www.creilsudoise-tourisme.fr\/wp-content\/uploads\/2022\/11\/kjh-387x516.jpg 387w, https:\/\/www.creilsudoise-tourisme.fr\/wp-content\/uploads\/2022\/11\/kjh.jpg 1152w\" sizes=\"(max-width: 900px) 100vw, 900px\" \/><\/figure>\n<\/div>\n<\/div>\n\n\n\n<p><em>Preise ab 10\u20ac. Verkaufsstelle des Arbre \u00e0 Poule dienstags und freitags von 17 bis 19 Uhr und samstags vormittags von 10 bis 12 Uhr in der Rue Mortefontaine 28 in Villers-Saint-Paul ge\u00f6ffnet.<\/em>.<\/p>\n\n\n\n<div class=\"is-horizontal is-content-justification-center is-layout-flex wp-container-11 wp-block-buttons\">\n<div class=\"wp-block-button\"><a class=\"wp-block-button__link wp-element-button\" href=\"https:\/\/www.larbreapoule.com\/accueil\" target=\"_blank\" rel=\"noreferrer noopener\">Der H\u00fchnerbaum<\/a><\/div>\n<\/div>\n\n\n\n<hr class=\"wp-block-separator has-css-opacity\"\/>\n\n\n\n<h2>Gourmetpaket von La Buvette<\/h2>\n\n\n\n<p>Die <strong>Restaurant La Buvette<\/strong>, <strong>ausgezeichnet mit dem G\u00fctesiegel <a href=\"https:\/\/www.bistrotdepays.com\/\" target=\"_blank\" rel=\"noreferrer noopener\">Bistrot de Pays<\/a><\/strong> und in Saint-Maximin (Dorf) gelegen, bietet Ihnen<strong> Gourmet-Sets und -K\u00f6rbe, um Ihre Freunde zu verw\u00f6hnen!<\/strong><\/p>\n\n\n\n<div class=\"is-layout-flex wp-container-14 wp-block-columns\">\n<div class=\"is-layout-flow wp-block-column\">\n<figure class=\"wp-block-image size-large\"><img decoding=\"async\" loading=\"lazy\" width=\"1200\" height=\"900\" data-src=\"https:\/\/www.creilsudoise-tourisme.fr\/wp-content\/uploads\/2022\/11\/rergt-1200x900.jpg\" alt=\"\" class=\"wp-image-43618\" data-srcset=\"https:\/\/www.creilsudoise-tourisme.fr\/wp-content\/uploads\/2022\/11\/rergt-1200x900.jpg 1200w, https:\/\/www.creilsudoise-tourisme.fr\/wp-content\/uploads\/2022\/11\/rergt-600x450.jpg 600w, https:\/\/www.creilsudoise-tourisme.fr\/wp-content\/uploads\/2022\/11\/rergt-900x675.jpg 900w, https:\/\/www.creilsudoise-tourisme.fr\/wp-content\/uploads\/2022\/11\/rergt-200x150.jpg 200w, https:\/\/www.creilsudoise-tourisme.fr\/wp-content\/uploads\/2022\/11\/rergt-650x488.jpg 650w, https:\/\/www.creilsudoise-tourisme.fr\/wp-content\/uploads\/2022\/11\/rergt-387x290.jpg 387w, https:\/\/www.creilsudoise-tourisme.fr\/wp-content\/uploads\/2022\/11\/rergt.jpg 1400w\" sizes=\"(max-width: 1200px) 100vw, 1200px\" \/><\/figure>\n<\/div>\n\n\n\n<div class=\"is-layout-flow wp-block-column\">\n<figure class=\"wp-block-image size-large\"><img decoding=\"async\" loading=\"lazy\" width=\"1400\" height=\"1400\" data-src=\"https:\/\/www.creilsudoise-tourisme.fr\/wp-content\/uploads\/2022\/11\/inconnu-edited.jpg\" alt=\"\" class=\"wp-image-43625\" data-srcset=\"https:\/\/www.creilsudoise-tourisme.fr\/wp-content\/uploads\/2022\/11\/inconnu-edited.jpg 1400w, https:\/\/www.creilsudoise-tourisme.fr\/wp-content\/uploads\/2022\/11\/inconnu-edited-600x600.jpg 600w, https:\/\/www.creilsudoise-tourisme.fr\/wp-content\/uploads\/2022\/11\/inconnu-edited-1200x1200.jpg 1200w, https:\/\/www.creilsudoise-tourisme.fr\/wp-content\/uploads\/2022\/11\/inconnu-edited-300x300.jpg 300w, https:\/\/www.creilsudoise-tourisme.fr\/wp-content\/uploads\/2022\/11\/inconnu-edited-900x900.jpg 900w, https:\/\/www.creilsudoise-tourisme.fr\/wp-content\/uploads\/2022\/11\/inconnu-edited-200x200.jpg 200w, https:\/\/www.creilsudoise-tourisme.fr\/wp-content\/uploads\/2022\/11\/inconnu-edited-650x650.jpg 650w, https:\/\/www.creilsudoise-tourisme.fr\/wp-content\/uploads\/2022\/11\/inconnu-edited-387x387.jpg 387w\" sizes=\"(max-width: 1400px) 100vw, 1400px\" \/><\/figure>\n<\/div>\n<\/div>\n\n\n\n<p><em>Korb nach Ma\u00df. Der Lebensmittelladen befindet sich im Restaurant La Buvette, 23 rue Pierre Dewaele in Saint-Maximin.<\/em><\/p>\n\n\n\n<div class=\"is-horizontal is-content-justification-center is-layout-flex wp-container-15 wp-block-buttons\">\n<div class=\"wp-block-button\"><a class=\"wp-block-button__link wp-element-button\" href=\"https:\/\/la-buvette-restaurant-bar-epiceriefine-st-maximin.eatbu.com\/?lang=fr\" target=\"_blank\" rel=\"noreferrer noopener\">Die Trinkhalle<\/a><\/div>\n<\/div>\n\n\n\n<hr class=\"wp-block-separator has-css-opacity\"\/>\n\n\n\n<h2>Vaul\u00e9on-Schokoladen<\/h2>\n\n\n\n<p><strong>Roland, leidenschaftlicher Chocolatier<\/strong> im Ruhestand, empf\u00e4ngt Sie auf seinem Familienbauernhof, wo er eine Schokoladenfabrik er\u00f6ffnet hat, um unsere Geschmacksnerven zu erfreuen! <strong>In ihrem kleinen Laden wimmelt es nur so von Leckereien, die man zu Weihnachten verschenken kann!<\/strong> (oder zum Probieren f\u00fcr die Feinschmecker!!). <\/p>\n\n\n\n<div class=\"is-layout-flex wp-container-18 wp-block-columns\">\n<div class=\"is-layout-flow wp-block-column\" style=\"flex-basis:33.33%\">\n<figure class=\"wp-block-image size-large\"><img decoding=\"async\" loading=\"lazy\" width=\"900\" height=\"1200\" data-src=\"https:\/\/www.creilsudoise-tourisme.fr\/wp-content\/uploads\/2022\/11\/IMG_8552-900x1200.jpg\" alt=\"\" class=\"wp-image-43614\" data-srcset=\"https:\/\/www.creilsudoise-tourisme.fr\/wp-content\/uploads\/2022\/11\/IMG_8552-900x1200.jpg 900w, https:\/\/www.creilsudoise-tourisme.fr\/wp-content\/uploads\/2022\/11\/IMG_8552-450x600.jpg 450w, https:\/\/www.creilsudoise-tourisme.fr\/wp-content\/uploads\/2022\/11\/IMG_8552-675x900.jpg 675w, https:\/\/www.creilsudoise-tourisme.fr\/wp-content\/uploads\/2022\/11\/IMG_8552-200x267.jpg 200w, https:\/\/www.creilsudoise-tourisme.fr\/wp-content\/uploads\/2022\/11\/IMG_8552-650x867.jpg 650w, https:\/\/www.creilsudoise-tourisme.fr\/wp-content\/uploads\/2022\/11\/IMG_8552-387x516.jpg 387w, https:\/\/www.creilsudoise-tourisme.fr\/wp-content\/uploads\/2022\/11\/IMG_8552.jpg 1050w\" sizes=\"(max-width: 900px) 100vw, 900px\" \/><\/figure>\n<\/div>\n\n\n\n<div class=\"is-layout-flow wp-block-column\" style=\"flex-basis:66.66%\">\n<figure class=\"wp-block-image size-large is-resized\"><img decoding=\"async\" loading=\"lazy\" data-src=\"https:\/\/www.creilsudoise-tourisme.fr\/wp-content\/uploads\/2022\/11\/IMG_8603-edited.jpg\" alt=\"\" class=\"wp-image-43626\" width=\"483\" height=\"332\"\/><\/figure>\n<\/div>\n<\/div>\n\n\n\n<p><em>Roland ist ein leidenschaftlicher Sammler, der seine T\u00fcren je nach Verf\u00fcgbarkeit \u00f6ffnet. Wir empfehlen Ihnen dringend, ihn vor Ihrem Besuch zu kontaktieren, um sicherzugehen, dass er ge\u00f6ffnet ist: 03 44 25 29 92. Treffpunkt: 10 Rue du Hameaux des Haies in Saint-Maximin. Gut zu wissen: Wenn das Tor des Bauernhofs offen ist, ist das ein ziemlich gutes Zeichen! <\/em><\/p>\n\n\n\n<hr class=\"wp-block-separator has-css-opacity\"\/>\n\n\n\n<h2>\u00dcbernachtung in einer ungew\u00f6hnlichen H\u00fctte<\/h2>\n\n\n\n<p>Schenken Sie eine <strong><a href=\"https:\/\/www.coeurdelodge.fr\/fr\/booking\/room#DatesGuests-BE\" target=\"_blank\" rel=\"noreferrer noopener\">Geschenkkarte<\/a><\/strong> um einen oder mehrere <strong>romantische Nacht(en)<\/strong> in einem <strong>ungew\u00f6hnliche Unterkunft<\/strong> in Cramoisy. Spa, Feuerkorb (oder Raclette f\u00fcr den Herbst\/Winter!), Au\u00dfendusche, Bouleplatz stehen auf dem Programm! Genie\u00dfen Sie die Aussicht mit einem kostenlosen Fr\u00fchst\u00fcck. Ein<strong> einzigartiger Ort <\/strong>f\u00fcr einen <strong>Aufenthalt zu zweit<\/strong>.<br><\/p>\n\n\n\n<hr class=\"wp-block-separator has-alpha-channel-opacity\"\/>\n\n\n\n<h2>Geschmackserlebnis im Verbois*.<\/h2>\n\n\n\n<p>Schenken Sie einen <strong>Geschenkgutschein f\u00fcr eine gastronomische Verkostung<\/strong> im beliebten <strong>Verbois, mit 1 Stern im Guide Michelin ausgezeichnet<\/strong> seit 2021!<\/p>\n\n\n\n<figure class=\"wp-block-image size-large\"><img decoding=\"async\" loading=\"lazy\" width=\"1200\" height=\"800\" data-src=\"https:\/\/www.creilsudoise-tourisme.fr\/wp-content\/uploads\/2022\/11\/verbois_salle-2-1200x800.jpg\" alt=\"\" class=\"wp-image-43620\" data-srcset=\"https:\/\/www.creilsudoise-tourisme.fr\/wp-content\/uploads\/2022\/11\/verbois_salle-2-1200x800.jpg 1200w, https:\/\/www.creilsudoise-tourisme.fr\/wp-content\/uploads\/2022\/11\/verbois_salle-2-600x400.jpg 600w, https:\/\/www.creilsudoise-tourisme.fr\/wp-content\/uploads\/2022\/11\/verbois_salle-2-900x600.jpg 900w, https:\/\/www.creilsudoise-tourisme.fr\/wp-content\/uploads\/2022\/11\/verbois_salle-2-200x133.jpg 200w, https:\/\/www.creilsudoise-tourisme.fr\/wp-content\/uploads\/2022\/11\/verbois_salle-2-650x433.jpg 650w, https:\/\/www.creilsudoise-tourisme.fr\/wp-content\/uploads\/2022\/11\/verbois_salle-2-387x258.jpg 387w, https:\/\/www.creilsudoise-tourisme.fr\/wp-content\/uploads\/2022\/11\/verbois_salle-2.jpg 1400w\" sizes=\"(max-width: 1200px) 100vw, 1200px\" \/><\/figure>\n\n\n\n<p><em>Ab 190\u20ac f\u00fcr 2 Personen. Treffpunkt: Le Verbois, 6 La Grande Folie in Saint-Maximin.<\/em><\/p>\n\n\n\n<div class=\"is-horizontal is-content-justification-center is-layout-flex wp-container-19 wp-block-buttons\">\n<div class=\"wp-block-button\"><a class=\"wp-block-button__link wp-element-button\" href=\"https:\/\/leverbois.bonkdo.com\/fr\/\" target=\"_blank\" rel=\"noreferrer noopener\">Online-Shop<\/a><\/div>\n<\/div>\n\n\n\n<hr class=\"wp-block-separator has-css-opacity\"\/>\n\n\n\n<h2>Folemprise Gourmet-, Bio- und lokaler Warenkorb<\/h2>\n\n\n\n<div class=\"is-layout-flex wp-container-23 wp-block-columns\">\n<div class=\"is-layout-flow wp-block-column\" style=\"flex-basis:66.66%\">\n<p>An der Ausfahrt von Saint-Vaast-l\u00e8s-Mello in Richtung Montataire gelegen, ist das <strong>Verkaufsstelle der Folemprise Farm<\/strong> bietet Ihnen<strong> lokale Geschenkideen f\u00fcr die Weihnachtsfeiertage!<\/strong> <\/p>\n\n\n\n<p>Ein Teil der dort verkauften Lebensmittel ist <strong>hergestellt auf der Ferme de Folemprise (Bio) in Rousseloy.<\/strong><\/p>\n\n\n\n<p><em>Treffpunkt: Dienstag bis Freitag von 15 bis 19 Uhr und Samstag von 9 bis 19 Uhr in der 45 Rue de la Commune de Paris in Saint-Vaast-l\u00e8s-Mello.<\/em><\/p>\n\n\n\n<div class=\"is-horizontal is-content-justification-center is-layout-flex wp-container-20 wp-block-buttons\">\n<div class=\"wp-block-button\"><a class=\"wp-block-button__link wp-element-button\" href=\"https:\/\/www.fermedefolemprise.com\/\" target=\"_blank\" rel=\"noreferrer noopener\">Folemprise Farm<\/a><\/div>\n<\/div>\n<\/div>\n\n\n\n<div class=\"is-layout-flow wp-block-column\" style=\"flex-basis:33.33%\">\n<figure class=\"wp-block-image size-large\"><img decoding=\"async\" loading=\"lazy\" width=\"540\" height=\"864\" data-src=\"https:\/\/www.creilsudoise-tourisme.fr\/wp-content\/uploads\/2022\/12\/316550044_473753301491510_4902648949040087826_n-edited.jpg\" alt=\"Weihnachtsgeschenk von der Folemprise Farm\" class=\"wp-image-43718\" data-srcset=\"https:\/\/www.creilsudoise-tourisme.fr\/wp-content\/uploads\/2022\/12\/316550044_473753301491510_4902648949040087826_n-edited.jpg 540w, https:\/\/www.creilsudoise-tourisme.fr\/wp-content\/uploads\/2022\/12\/316550044_473753301491510_4902648949040087826_n-edited-375x600.jpg 375w, https:\/\/www.creilsudoise-tourisme.fr\/wp-content\/uploads\/2022\/12\/316550044_473753301491510_4902648949040087826_n-edited-200x320.jpg 200w, https:\/\/www.creilsudoise-tourisme.fr\/wp-content\/uploads\/2022\/12\/316550044_473753301491510_4902648949040087826_n-edited-387x619.jpg 387w\" sizes=\"(max-width: 540px) 100vw, 540px\" \/><\/figure>\n<\/div>\n<\/div>\n\n\n\n<hr class=\"wp-block-separator has-css-opacity\"\/>\n\n\n\n<h2>Escape Game<\/h2>\n\n\n\n<p>Schenken Sie eine<strong><a href=\"https:\/\/freeing.fr\/bons-cadeaux-escape-game\/#\/catalog\/b7654c85-349d-4e1e-90ce-1fc10a882811\" target=\"_blank\" rel=\"noreferrer noopener\"> Geschenkkarte<\/a><\/strong> f\u00fcr einen<strong> Escape Game<\/strong> in Freeing, dem<strong>as gr\u00f6\u00dfte Escape Game in Frankreich <\/strong>! 22 R\u00e4ume zur Auswahl, da ist bestimmt was dabei<strong> zufriedenstellen <\/strong>! Freeing befindet sich in der Einkaufszone von Saint-Maximin.<\/p>\n\n\n\n<hr class=\"wp-block-separator has-alpha-channel-opacity\"\/>\n\n\n\n<h2>Geschenkkarte Bowling<\/h2>\n\n\n\n<p>Die<strong> Plaza Bowling<\/strong> von Saint-Maximin bietet Ihnen eine <strong><a href=\"https:\/\/plazabowling.qweekle.com\/shop\/saint-maximin-creil\/ticketing?lang=fr&amp;fbclid=IwY2xjawOo7IdleHRuA2FlbQIxMABicmlkETFvbU05ZjQycTRTU3VsbmJNc3J0YwZhcHBfaWQQMjIyMDM5MTc4ODIwMDg5MgABHuyuZzJMw5VB44oGa3OfonVpl_vpACMeVJ05mLzbeEag6qsyzGsFABg-q6Y6_aem_AaPTIx6lZgpnRRXJbn-5hA\">Geschenkkarte f\u00fcr 3 Bowling-Einf\u00fchrungen<\/a> <\/strong>zum reduzierten Preis!<\/p>\n\n\n\n<h2>Auff\u00fchrung, Theater, Konzert<\/h2>\n\n\n\n<p><strong>Wie w\u00e4re es, wenn Sie ... eine Show verschenken? <\/strong><\/p>\n\n\n\n<div class=\"is-layout-flex wp-container-28 wp-block-columns\">\n<div class=\"is-layout-flow wp-block-column\">\n<div class=\"is-horizontal is-content-justification-center is-layout-flex wp-container-24 wp-block-buttons\">\n<div class=\"wp-block-button\"><a class=\"wp-block-button__link wp-element-button\" href=\"http:\/\/www.faiencerie-theatre.com\/#sthash.ZHBJGxDz.dpbs\" target=\"_blank\" rel=\"noreferrer noopener\">La Fa\u00efencerie (Creil)<\/a><\/div>\n<\/div>\n<\/div>\n\n\n\n<div class=\"is-layout-flow wp-block-column\">\n<div class=\"is-horizontal is-content-justification-center is-layout-flex wp-container-26 wp-block-buttons\">\n<div class=\"wp-block-button\"><a class=\"wp-block-button__link wp-element-button\" href=\"https:\/\/www.gam-creil.fr\/\" target=\"_blank\" rel=\"noreferrer noopener\">Le Grange \u00e0 musique (Creil)<\/a><\/div>\n<\/div>\n<\/div>\n<\/div>\n\n\n\n<div class=\"is-horizontal is-content-justification-center is-layout-flex wp-container-29 wp-block-buttons\">\n<div class=\"wp-block-button\"><a class=\"wp-block-button__link wp-element-button\" href=\"http:\/\/www.mairie-montataire.fr\/saison_culturelle.html\" target=\"_blank\" rel=\"noreferrer noopener\">Le Palace (Montataire)<\/a><\/div>\n<\/div>\n\n\n\n<hr class=\"wp-block-separator has-css-opacity\"\/>\n\n\n\n<h2>Und nicht zu vergessen<\/h2>\n\n\n\n<p><strong>Der Shop des Fremdenverkehrsamts!<\/strong><\/p>\n\n\n\n<div class=\"is-horizontal is-content-justification-center is-layout-flex wp-container-30 wp-block-buttons\">\n<div class=\"wp-block-button\"><a class=\"wp-block-button__link wp-element-button\" href=\"https:\/\/www.creilsudoise-tourisme.fr\/de\/praxis\/office-de-tourisme\/shop\/\" target=\"_blank\" rel=\"noreferrer noopener\">Entdecken Sie unseren Shop<\/a><\/div>\n<\/div>\n\n\n\n<hr class=\"wp-block-separator has-alpha-channel-opacity\"\/>","protected":false},"excerpt":{"rendered":"<p>Sind Sie auf der Suche nach originellen und lokalen Weihnachtsgeschenken? Wir bieten Ihnen eine Auswahl an Ideen, mit denen Sie Ihren Lieben eine Freude machen k\u00f6nnen! Bijoux de Koko Schenken Sie ein Schmuckst\u00fcck, das in Creil von Coralie, Koko, gefertigt wurde. Sie beherrscht ein einzigartiges und wenig bekanntes Know-how: die Frivolit\u00e4t, eine uralte Spitzentechnik. Preise ab [...].<\/p>","protected":false},"author":3,"featured_media":43627,"comment_status":"open","ping_status":"open","sticky":false,"template":"","format":"standard","meta":{"_relevanssi_hide_post":"","_relevanssi_hide_content":"","_relevanssi_pin_for_all":"","_relevanssi_pin_keywords":"","_relevanssi_unpin_keywords":"","_relevanssi_related_keywords":"","_relevanssi_related_include_ids":"","_relevanssi_related_exclude_ids":"","_relevanssi_related_no_append":"","_relevanssi_related_not_related":"","_relevanssi_related_posts":"36660,36653,38910,42153,37920,37325","_relevanssi_noindex_reason":""},"categories":[5],"tags":[],"yoast_head":"<!-- This site is optimized with the Yoast SEO plugin v20.2.1 - https:\/\/yoast.com\/wordpress\/plugins\/seo\/ -->\n<title>Id\u00e9es de cadeaux de No\u00ebl locaux et originaux !<\/title>\n<meta name=\"description\" content=\"D\u00e9couvrez une s\u00e9lection de boutiques locales qui proposent des id\u00e9es de cadeaux originales et locales \u00e0 offrir \u00e0 No\u00ebl !\" \/>\n<meta name=\"robots\" content=\"index, follow, max-snippet:-1, max-image-preview:large, max-video-preview:-1\" \/>\n<link rel=\"canonical\" href=\"https:\/\/www.creilsudoise-tourisme.fr\/de\/2025\/12\/09\/geschenk-lokale\/\" \/>\n<meta property=\"og:locale\" content=\"de_DE\" \/>\n<meta property=\"og:type\" content=\"article\" \/>\n<meta property=\"og:title\" content=\"Id\u00e9es de cadeaux de No\u00ebl locaux et originaux !\" \/>\n<meta property=\"og:description\" content=\"D\u00e9couvrez une s\u00e9lection de boutiques locales qui proposent des id\u00e9es de cadeaux originales et locales \u00e0 offrir \u00e0 No\u00ebl !\" \/>\n<meta property=\"og:url\" content=\"https:\/\/www.creilsudoise-tourisme.fr\/de\/2025\/12\/09\/geschenk-lokale\/\" \/>\n<meta property=\"og:site_name\" content=\"Office de Tourisme Creil Sud Oise\" \/>\n<meta property=\"article:publisher\" content=\"https:\/\/www.facebook.com\/creilsudoisetourisme\/\" \/>\n<meta property=\"article:published_time\" content=\"2025-12-09T13:21:13+00:00\" \/>\n<meta property=\"article:modified_time\" content=\"2026-01-30T13:57:45+00:00\" \/>\n<meta property=\"og:image\" content=\"https:\/\/www.creilsudoise-tourisme.fr\/wp-content\/uploads\/2022\/11\/closeup-of-red-gift-boxes-near-the-christmas-tree.jpg\" \/>\n\t<meta property=\"og:image:width\" content=\"1480\" \/>\n\t<meta property=\"og:image:height\" content=\"986\" \/>\n\t<meta property=\"og:image:type\" content=\"image\/jpeg\" \/>\n<meta name=\"author\" content=\"fdubut\" \/>\n<meta name=\"twitter:card\" content=\"summary_large_image\" \/>\n<meta name=\"twitter:creator\" content=\"@CreilSudOiseOT\" \/>\n<meta name=\"twitter:site\" content=\"@CreilSudOiseOT\" \/>\n<meta name=\"twitter:label1\" content=\"Verfasst von\" \/>\n\t<meta name=\"twitter:data1\" content=\"fdubut\" \/>\n\t<meta name=\"twitter:label2\" content=\"Gesch\u00e4tzte Lesezeit\" \/>\n\t<meta name=\"twitter:data2\" content=\"6\u00a0Minuten\" \/>\n<script type=\"application\/ld+json\" class=\"yoast-schema-graph\">{\"@context\":\"https:\/\/schema.org\",\"@graph\":[{\"@type\":\"Article\",\"@id\":\"https:\/\/www.creilsudoise-tourisme.fr\/2025\/12\/09\/cadeaux-locaux\/#article\",\"isPartOf\":{\"@id\":\"https:\/\/www.creilsudoise-tourisme.fr\/2025\/12\/09\/cadeaux-locaux\/\"},\"author\":{\"name\":\"fdubut\",\"@id\":\"https:\/\/www.creilsudoise-tourisme.fr\/#\/schema\/person\/c5140d47645b13bee896bfe05f1bd5da\"},\"headline\":\"Des id\u00e9es de cadeaux locaux\",\"datePublished\":\"2025-12-09T13:21:13+00:00\",\"dateModified\":\"2026-01-30T13:57:45+00:00\",\"mainEntityOfPage\":{\"@id\":\"https:\/\/www.creilsudoise-tourisme.fr\/2025\/12\/09\/cadeaux-locaux\/\"},\"wordCount\":742,\"commentCount\":0,\"publisher\":{\"@id\":\"https:\/\/www.creilsudoise-tourisme.fr\/#organization\"},\"articleSection\":[\"Actus\"],\"inLanguage\":\"de\",\"potentialAction\":[{\"@type\":\"CommentAction\",\"name\":\"Comment\",\"target\":[\"https:\/\/www.creilsudoise-tourisme.fr\/2025\/12\/09\/cadeaux-locaux\/#respond\"]}]},{\"@type\":\"WebPage\",\"@id\":\"https:\/\/www.creilsudoise-tourisme.fr\/2025\/12\/09\/cadeaux-locaux\/\",\"url\":\"https:\/\/www.creilsudoise-tourisme.fr\/2025\/12\/09\/cadeaux-locaux\/\",\"name\":\"Id\u00e9es de cadeaux de No\u00ebl locaux et originaux !\",\"isPartOf\":{\"@id\":\"https:\/\/www.creilsudoise-tourisme.fr\/#website\"},\"datePublished\":\"2025-12-09T13:21:13+00:00\",\"dateModified\":\"2026-01-30T13:57:45+00:00\",\"description\":\"D\u00e9couvrez une s\u00e9lection de boutiques locales qui proposent des id\u00e9es de cadeaux originales et locales \u00e0 offrir \u00e0 No\u00ebl !\",\"breadcrumb\":{\"@id\":\"https:\/\/www.creilsudoise-tourisme.fr\/2025\/12\/09\/cadeaux-locaux\/#breadcrumb\"},\"inLanguage\":\"de\",\"potentialAction\":[{\"@type\":\"ReadAction\",\"target\":[\"https:\/\/www.creilsudoise-tourisme.fr\/2025\/12\/09\/cadeaux-locaux\/\"]}]},{\"@type\":\"BreadcrumbList\",\"@id\":\"https:\/\/www.creilsudoise-tourisme.fr\/2025\/12\/09\/cadeaux-locaux\/#breadcrumb\",\"itemListElement\":[{\"@type\":\"ListItem\",\"position\":1,\"name\":\"Accueil\",\"item\":\"https:\/\/www.creilsudoise-tourisme.fr\/\"},{\"@type\":\"ListItem\",\"position\":2,\"name\":\"Des id\u00e9es de cadeaux locaux\"}]},{\"@type\":\"WebSite\",\"@id\":\"https:\/\/www.creilsudoise-tourisme.fr\/#website\",\"url\":\"https:\/\/www.creilsudoise-tourisme.fr\/\",\"name\":\"Office de Tourisme Creil Sud Oise\",\"description\":\"Creil Sud Oise Tourisme, un territoire \u00e0 explorer !\",\"publisher\":{\"@id\":\"https:\/\/www.creilsudoise-tourisme.fr\/#organization\"},\"potentialAction\":[{\"@type\":\"SearchAction\",\"target\":{\"@type\":\"EntryPoint\",\"urlTemplate\":\"https:\/\/www.creilsudoise-tourisme.fr\/?s={search_term_string}\"},\"query-input\":\"required name=search_term_string\"}],\"inLanguage\":\"de\"},{\"@type\":\"Organization\",\"@id\":\"https:\/\/www.creilsudoise-tourisme.fr\/#organization\",\"name\":\"Creil Sud Oise Tourisme\",\"url\":\"https:\/\/www.creilsudoise-tourisme.fr\/\",\"logo\":{\"@type\":\"ImageObject\",\"inLanguage\":\"de\",\"@id\":\"https:\/\/www.creilsudoise-tourisme.fr\/#\/schema\/logo\/image\/\",\"url\":\"https:\/\/www.creilsudoise-tourisme.fr\/wp-content\/uploads\/2021\/05\/logo-svg.png\",\"contentUrl\":\"https:\/\/www.creilsudoise-tourisme.fr\/wp-content\/uploads\/2021\/05\/logo-svg.png\",\"width\":182,\"height\":71,\"caption\":\"Creil Sud Oise Tourisme\"},\"image\":{\"@id\":\"https:\/\/www.creilsudoise-tourisme.fr\/#\/schema\/logo\/image\/\"},\"sameAs\":[\"https:\/\/www.facebook.com\/creilsudoisetourisme\/\",\"https:\/\/twitter.com\/CreilSudOiseOT\",\"https:\/\/www.instagram.com\/creilsudoisetourisme\/\",\"https:\/\/www.youtube.com\/channel\/UC8L_QD2wwyADW14zt9fY8kw\"]},{\"@type\":\"Person\",\"@id\":\"https:\/\/www.creilsudoise-tourisme.fr\/#\/schema\/person\/c5140d47645b13bee896bfe05f1bd5da\",\"name\":\"fdubut\",\"image\":{\"@type\":\"ImageObject\",\"inLanguage\":\"de\",\"@id\":\"https:\/\/www.creilsudoise-tourisme.fr\/#\/schema\/person\/image\/\",\"url\":\"https:\/\/secure.gravatar.com\/avatar\/c49bb61337bf4556cafdbcb92c18618d?s=96&d=mm&r=g\",\"contentUrl\":\"https:\/\/secure.gravatar.com\/avatar\/c49bb61337bf4556cafdbcb92c18618d?s=96&d=mm&r=g\",\"caption\":\"fdubut\"},\"url\":\"https:\/\/www.creilsudoise-tourisme.fr\/de\/auteur\/fdubut\/\"}]}<\/script>\n<!-- \/ Yoast SEO plugin. -->","yoast_head_json":{"title":"Id\u00e9es de cadeaux de No\u00ebl locaux et originaux !","description":"D\u00e9couvrez une s\u00e9lection de boutiques locales qui proposent des id\u00e9es de cadeaux originales et locales \u00e0 offrir \u00e0 No\u00ebl !","robots":{"index":"index","follow":"follow","max-snippet":"max-snippet:-1","max-image-preview":"max-image-preview:large","max-video-preview":"max-video-preview:-1"},"canonical":"https:\/\/www.creilsudoise-tourisme.fr\/de\/2025\/12\/09\/geschenk-lokale\/","og_locale":"de_DE","og_type":"article","og_title":"Id\u00e9es de cadeaux de No\u00ebl locaux et originaux !","og_description":"D\u00e9couvrez une s\u00e9lection de boutiques locales qui proposent des id\u00e9es de cadeaux originales et locales \u00e0 offrir \u00e0 No\u00ebl !","og_url":"https:\/\/www.creilsudoise-tourisme.fr\/de\/2025\/12\/09\/geschenk-lokale\/","og_site_name":"Office de Tourisme Creil Sud Oise","article_publisher":"https:\/\/www.facebook.com\/creilsudoisetourisme\/","article_published_time":"2025-12-09T13:21:13+00:00","article_modified_time":"2026-01-30T13:57:45+00:00","og_image":[{"width":1480,"height":986,"url":"https:\/\/www.creilsudoise-tourisme.fr\/wp-content\/uploads\/2022\/11\/closeup-of-red-gift-boxes-near-the-christmas-tree.jpg","type":"image\/jpeg"}],"author":"fdubut","twitter_card":"summary_large_image","twitter_creator":"@CreilSudOiseOT","twitter_site":"@CreilSudOiseOT","twitter_misc":{"Verfasst von":"fdubut","Gesch\u00e4tzte Lesezeit":"6\u00a0Minuten"},"schema":{"@context":"https:\/\/schema.org","@graph":[{"@type":"Article","@id":"https:\/\/www.creilsudoise-tourisme.fr\/2025\/12\/09\/cadeaux-locaux\/#article","isPartOf":{"@id":"https:\/\/www.creilsudoise-tourisme.fr\/2025\/12\/09\/cadeaux-locaux\/"},"author":{"name":"fdubut","@id":"https:\/\/www.creilsudoise-tourisme.fr\/#\/schema\/person\/c5140d47645b13bee896bfe05f1bd5da"},"headline":"Des id\u00e9es de cadeaux locaux","datePublished":"2025-12-09T13:21:13+00:00","dateModified":"2026-01-30T13:57:45+00:00","mainEntityOfPage":{"@id":"https:\/\/www.creilsudoise-tourisme.fr\/2025\/12\/09\/cadeaux-locaux\/"},"wordCount":742,"commentCount":0,"publisher":{"@id":"https:\/\/www.creilsudoise-tourisme.fr\/#organization"},"articleSection":["Actus"],"inLanguage":"de","potentialAction":[{"@type":"CommentAction","name":"Comment","target":["https:\/\/www.creilsudoise-tourisme.fr\/2025\/12\/09\/cadeaux-locaux\/#respond"]}]},{"@type":"WebPage","@id":"https:\/\/www.creilsudoise-tourisme.fr\/2025\/12\/09\/cadeaux-locaux\/","url":"https:\/\/www.creilsudoise-tourisme.fr\/2025\/12\/09\/cadeaux-locaux\/","name":"Id\u00e9es de cadeaux de No\u00ebl locaux et originaux !","isPartOf":{"@id":"https:\/\/www.creilsudoise-tourisme.fr\/#website"},"datePublished":"2025-12-09T13:21:13+00:00","dateModified":"2026-01-30T13:57:45+00:00","description":"D\u00e9couvrez une s\u00e9lection de boutiques locales qui proposent des id\u00e9es de cadeaux originales et locales \u00e0 offrir \u00e0 No\u00ebl !","breadcrumb":{"@id":"https:\/\/www.creilsudoise-tourisme.fr\/2025\/12\/09\/cadeaux-locaux\/#breadcrumb"},"inLanguage":"de","potentialAction":[{"@type":"ReadAction","target":["https:\/\/www.creilsudoise-tourisme.fr\/2025\/12\/09\/cadeaux-locaux\/"]}]},{"@type":"BreadcrumbList","@id":"https:\/\/www.creilsudoise-tourisme.fr\/2025\/12\/09\/cadeaux-locaux\/#breadcrumb","itemListElement":[{"@type":"ListItem","position":1,"name":"Accueil","item":"https:\/\/www.creilsudoise-tourisme.fr\/"},{"@type":"ListItem","position":2,"name":"Des id\u00e9es de cadeaux locaux"}]},{"@type":"WebSite","@id":"https:\/\/www.creilsudoise-tourisme.fr\/#website","url":"https:\/\/www.creilsudoise-tourisme.fr\/","name":"Office de Tourisme Creil Sud Oise","description":"Creil Sud Oise Tourisme, un territoire \u00e0 explorer !","publisher":{"@id":"https:\/\/www.creilsudoise-tourisme.fr\/#organization"},"potentialAction":[{"@type":"SearchAction","target":{"@type":"EntryPoint","urlTemplate":"https:\/\/www.creilsudoise-tourisme.fr\/?s={search_term_string}"},"query-input":"required name=search_term_string"}],"inLanguage":"de"},{"@type":"Organization","@id":"https:\/\/www.creilsudoise-tourisme.fr\/#organization","name":"Creil Sud Oise Tourisme","url":"https:\/\/www.creilsudoise-tourisme.fr\/","logo":{"@type":"ImageObject","inLanguage":"de","@id":"https:\/\/www.creilsudoise-tourisme.fr\/#\/schema\/logo\/image\/","url":"https:\/\/www.creilsudoise-tourisme.fr\/wp-content\/uploads\/2021\/05\/logo-svg.png","contentUrl":"https:\/\/www.creilsudoise-tourisme.fr\/wp-content\/uploads\/2021\/05\/logo-svg.png","width":182,"height":71,"caption":"Creil Sud Oise Tourisme"},"image":{"@id":"https:\/\/www.creilsudoise-tourisme.fr\/#\/schema\/logo\/image\/"},"sameAs":["https:\/\/www.facebook.com\/creilsudoisetourisme\/","https:\/\/twitter.com\/CreilSudOiseOT","https:\/\/www.instagram.com\/creilsudoisetourisme\/","https:\/\/www.youtube.com\/channel\/UC8L_QD2wwyADW14zt9fY8kw"]},{"@type":"Person","@id":"https:\/\/www.creilsudoise-tourisme.fr\/#\/schema\/person\/c5140d47645b13bee896bfe05f1bd5da","name":"fdubut","image":{"@type":"ImageObject","inLanguage":"de","@id":"https:\/\/www.creilsudoise-tourisme.fr\/#\/schema\/person\/image\/","url":"https:\/\/secure.gravatar.com\/avatar\/c49bb61337bf4556cafdbcb92c18618d?s=96&d=mm&r=g","contentUrl":"https:\/\/secure.gravatar.com\/avatar\/c49bb61337bf4556cafdbcb92c18618d?s=96&d=mm&r=g","caption":"fdubut"},"url":"https:\/\/www.creilsudoise-tourisme.fr\/de\/auteur\/fdubut\/"}]}},"_links":{"self":[{"href":"https:\/\/www.creilsudoise-tourisme.fr\/de\/wp-json\/wp\/v2\/posts\/43606"}],"collection":[{"href":"https:\/\/www.creilsudoise-tourisme.fr\/de\/wp-json\/wp\/v2\/posts"}],"about":[{"href":"https:\/\/www.creilsudoise-tourisme.fr\/de\/wp-json\/wp\/v2\/types\/post"}],"author":[{"embeddable":true,"href":"https:\/\/www.creilsudoise-tourisme.fr\/de\/wp-json\/wp\/v2\/users\/3"}],"replies":[{"embeddable":true,"href":"https:\/\/www.creilsudoise-tourisme.fr\/de\/wp-json\/wp\/v2\/comments?post=43606"}],"version-history":[{"count":29,"href":"https:\/\/www.creilsudoise-tourisme.fr\/de\/wp-json\/wp\/v2\/posts\/43606\/revisions"}],"predecessor-version":[{"id":67410,"href":"https:\/\/www.creilsudoise-tourisme.fr\/de\/wp-json\/wp\/v2\/posts\/43606\/revisions\/67410"}],"wp:featuredmedia":[{"embeddable":true,"href":"https:\/\/www.creilsudoise-tourisme.fr\/de\/wp-json\/wp\/v2\/media\/43627"}],"wp:attachment":[{"href":"https:\/\/www.creilsudoise-tourisme.fr\/de\/wp-json\/wp\/v2\/media?parent=43606"}],"wp:term":[{"taxonomy":"category","embeddable":true,"href":"https:\/\/www.creilsudoise-tourisme.fr\/de\/wp-json\/wp\/v2\/categories?post=43606"},{"taxonomy":"post_tag","embeddable":true,"href":"https:\/\/www.creilsudoise-tourisme.fr\/de\/wp-json\/wp\/v2\/tags?post=43606"}],"curies":[{"name":"wp","href":"https:\/\/api.w.org\/{rel}","templated":true}]}}