{"id":41674,"date":"2024-07-02T10:31:42","date_gmt":"2024-07-02T08:31:42","guid":{"rendered":"https:\/\/www.creilsudoise-tourisme.fr\/?p=41674"},"modified":"2024-08-27T17:17:19","modified_gmt":"2024-08-27T15:17:19","slug":"que-faire-cet-ete","status":"publish","type":"post","link":"https:\/\/www.creilsudoise-tourisme.fr\/de\/2024\/07\/02\/que-faire-cet-ete\/","title":{"rendered":"Was kann man im Sommer unternehmen?"},"content":{"rendered":"<p class=\"is-style-excerpt\"><strong>Im Juli und August<\/strong>Hier finden Sie die <strong>unternehmungen in Creil Sud Oise<\/strong>In der N\u00e4he von Chantilly, Senlis oder Compi\u00e8gne und nicht weit von der \u00cele-de-France entfernt!<\/p>\n\n\n\n<div class=\"is-content-justification-center is-layout-flex wp-container-1 wp-block-buttons\">\n<div class=\"wp-block-button\"><a class=\"wp-block-button__link wp-element-button\" href=\"#agenda\">Agenda f\u00fcr den Sommer<\/a><\/div>\n<\/div>\n\n\n\n<h2>Escape Game und Explore Games<sup>\u00ae<\/sup> im Gall\u00e9-Juillet-Museum<\/h2>\n\n\n\n<h3>Escape Game<\/h3>\n\n\n\n<p>In einem atypischen Dekor (einem b\u00fcrgerlichen Haus, das wie im 19.<sup>\u00e8me<\/sup> Jahrhundert!), entdecken Sie anhand einer geheimnisvollen Geschichte die Geschichte der Familie, die dort zu Beginn des letzten Jahrhunderts lebte...<\/p>\n\n\n\n<h3>Explor Spiel<sup>\u00ae<\/sup><\/h3>\n\n\n\n<p>Wir schreiben das Jahr 1393. Eine mysteri\u00f6se Krankheit nagt an K\u00f6nig Karl VI! Hilf Ewen bei den Ermittlungen, indem du R\u00e4tsel im und um den Museumsgarten herum l\u00f6st!<\/p>\n\n\n\n<h3>Und viele weitere Aktivit\u00e4ten<\/h3>\n\n\n\n<p>Malerei, Handarbeits-Workshops, Buchmalerei... und Ausstellungen!<\/p>\n\n\n\n<div class=\"is-content-justification-center is-layout-flex wp-container-2 wp-block-buttons\">\n<div class=\"wp-block-button\"><a class=\"wp-block-button__link wp-element-button\" href=\"https:\/\/museegallejuillet.fr\/expos-activites-culturelles\/\" target=\"_blank\" rel=\"noreferrer noopener\">Gall\u00e9-Juillet-Museum in Creil<\/a><\/div>\n<\/div>\n\n\n\n<h2>Einf\u00fchrung in die Bildhauerei im Maison de la Pierre<\/h2>\n\n\n\n<h3>Einf\u00fchrung von 1,5 Stunden<\/h3>\n\n\n\n<p>Gehen Sie in das Maison de la Pierre und lassen Sie sich 1,5 Stunden lang in die Steinbildhauerei einf\u00fchren! Das nette Extra: Sie gehen mit Ihrem Meisterwerk nach Hause!<\/p>\n\n\n\n<p><em>Wissenswertes: mittwochs, donnerstags und freitags, nach vorheriger Anmeldung.<\/em><\/p>\n\n\n\n<h3>Praktikum<\/h3>\n\n\n\n<p>M\u00f6chten Sie Ihre Kenntnisse und Fertigkeiten im Steinmetzhandwerk vertiefen? Besuchen Sie einen Steinbildhauerkurs, wahlweise 3 Stunden oder 3 Tage!<\/p>\n\n\n\n<h3>Und viele weitere Aktivit\u00e4ten<\/h3>\n\n\n\n<p>Gef\u00fchrte Besichtigung eines unterirdischen Steinbruchs, Workshops in Steinbildhauerei (mehrere Tage) oder Glasmalerei, Schnitzeljagd rund um Flederm\u00e4use oder Entdeckung von Pflanzen!<\/p>\n\n\n\n<div class=\"is-content-justification-center is-layout-flex wp-container-3 wp-block-buttons\">\n<div class=\"wp-block-button\"><a class=\"wp-block-button__link wp-element-button\" href=\"https:\/\/www.maisondelapierre-oise.fr\/activites\/\" target=\"_blank\" rel=\"noreferrer noopener\">Maison de la Pierre (Steinhaus) in Saint-Maximin<\/a><\/div>\n<\/div>\n\n\n\n<h2>Thematisches Escape Game<\/h2>\n\n\n\n<p>Sind Sie eher Harry Potter oder Alice im Wunderland? M\u00f6chten Sie sich lieber gruseln oder Ihr Gehirn anstrengen?<br>Im Freeing Escape Game ist mit 15 verschiedenen Escape Game-Szenarien f\u00fcr jeden etwas dabei!<\/p>\n\n\n\n<p><em>Wissenswertes: Das Freeing Escape Game ist vom 15. Juli bis zum 6. August geschlossen.<\/em><\/p>\n\n\n\n<div class=\"is-content-justification-center is-layout-flex wp-container-4 wp-block-buttons\">\n<div class=\"wp-block-button\"><a class=\"wp-block-button__link wp-element-button\" href=\"https:\/\/freeing.fr\/\" target=\"_blank\" rel=\"noreferrer noopener\">Freeing Escape Game in Saint-Maximin<\/a><\/div>\n<\/div>\n\n\n\n<h2>Kanu-Kajak-Abfahrt<\/h2>\n\n\n\n<p>Sie m\u00fcssen nicht bis in die Ard\u00e8che fahren, um Kanu zu fahren! Der Club de Montataire setzt Sie in Mello ab, wo Sie einen halben Tag lang selbstst\u00e4ndig bis nach Montataire paddeln k\u00f6nnen!<\/p>\n\n\n\n<p><em>Zu wissen: Der Canoe-Kayak Club de Montataire ist ein Verein von Freiwilligen. Die Antwortzeit h\u00e4ngt manchmal von ihrer Verf\u00fcgbarkeit ab, danke f\u00fcr Ihr Verst\u00e4ndnis!<\/em><\/p>\n\n\n\n<div class=\"is-content-justification-center is-layout-flex wp-container-5 wp-block-buttons\">\n<div class=\"wp-block-button\"><a class=\"wp-block-button__link wp-element-button\" href=\"https:\/\/canoe-kayak-montataire.com\/location-randonnees-canoe-kayak-oise\" target=\"_blank\" rel=\"noreferrer noopener\">Kanu-Kajak-Club von Montataire<\/a><\/div>\n<\/div>\n\n\n\n<h2>Baden an der Freizeitbasis<\/h2>\n\n\n\n<p>Nutzen Sie den bewachten Badebereich der Base de Loisirs in Saint-Leu-d'Esserent! Hier k\u00f6nnen Sie den ganzen Tag verbringen: Wasserspiele und -parcours, Spielpl\u00e4tze, Wasserspiele, Ponyreiten, Picknickpl\u00e4tze und sogar Grillpl\u00e4tze!<\/p>\n\n\n\n<div class=\"is-content-justification-center is-layout-flex wp-container-6 wp-block-buttons\">\n<div class=\"wp-block-button\"><a class=\"wp-block-button__link wp-element-button\" href=\"https:\/\/www.creilsudoise-tourisme.fr\/de\/jexplore\/unumganglich\/basis-freizeit\/\" target=\"_blank\" rel=\"noreferrer noopener\">Freizeitzentrum von Saint-Leu-d'Esserent<\/a><\/div>\n<\/div>\n\n\n\n<h2><br>Baumklettern und Explor Games<sup>\u00ae<\/sup> im Wolfspark<\/h2>\n\n\n\n<h3>Accrobranche<\/h3>\n\n\n\n<p>Testen Sie Ihre Kletterk\u00fcnste, indem Sie einen der 6 Baumkletterparcours im Parc de l'\u00c9tang des Loups ausprobieren! Es gibt sogar eine Seilrutsche \u00fcber einen See!<\/p>\n\n\n\n<h3>Explor Spiele<sup>\u00ae<\/sup><\/h3>\n\n\n\n<p>Minus eines geolokalisierten Tablets und in einer lebensgro\u00dfen Kulisse ist es Ihre Aufgabe (wenn Sie sie annehmen), den Wald von den Dunkelelfen zu befreien!<\/p>\n\n\n\n<p><em>Zu wissen: Der Wolfspark befindet sich innerhalb der Freizeitanlage (Eintrittskarte nicht inbegriffen).<\/em><\/p>\n\n\n\n<div class=\"is-content-justification-center is-layout-flex wp-container-7 wp-block-buttons\">\n<div class=\"wp-block-button\"><a class=\"wp-block-button__link wp-element-button\" href=\"https:\/\/www.parcdesloups.com\/\" target=\"_blank\" rel=\"noreferrer noopener\">Parcs des Loups in Saint-Leu-d'Esserent<\/a><\/div>\n<\/div>\n\n\n\n<h2>F\u00fchrung und Kinderworkshop in der Clouterie Rivierre<\/h2>\n\n\n\n<h3>Gef\u00fchrter Rundgang<\/h3>\n\n\n\n<p>Entdecken Sie eine Szenerie wie aus einem Roman von Zola! Die Clouterie Rivierre ist die letzte noch in Betrieb befindliche Clouterie in Frankreich: Sie sehen einzigartige, hundert Jahre alte Maschinen und beobachten das au\u00dfergew\u00f6hnliche Know-how der Menschen, die dort arbeiten.<\/p>\n\n\n\n<p>Treffpunkt jeden Mittwoch um 14 Uhr mit Reservierung, oder f\u00fcr eine private F\u00fchrung (120\u20ac oder ab 10 Pers.) von Montag bis Freitag, mit Reservierung.<\/p>\n\n\n\n<h3>F\u00fchrung und Workshop f\u00fcr Kinder<\/h3>\n\n\n\n<p>F\u00fcr die Kleinsten gibt es kreative Workshops, die speziell f\u00fcr Kinder konzipiert sind! Nach einer F\u00fchrung durch die Nagelfabrik werden die Kinder einen Handarbeitsworkshop mit N\u00e4geln machen!<\/p>\n\n\n\n<div class=\"is-content-justification-center is-layout-flex wp-container-8 wp-block-buttons\">\n<div class=\"wp-block-button\"><a class=\"wp-block-button__link wp-element-button\" href=\"https:\/\/www.creilsudoise-tourisme.fr\/de\/jexplore\/unumganglich\/clouterie-rivierre-3\/\" target=\"_blank\" rel=\"noreferrer noopener\">Clouterie Rivierre in Creil<\/a><\/div>\n<\/div>\n\n\n\n<h2>Cin\u00e9 en famille<\/h2>\n\n\n\n<h3>Im Saal<\/h3>\n\n\n\n<p>Ist es Ihnen zu hei\u00df? Nutzen Sie die klimatisierten S\u00e4le des Path\u00e9-Kinos!<br>Es regnet? Nutzen Sie die komfortablen S\u00e4le des Path\u00e9-Kinos!<br>Haben Sie kleine Kinder? Nutzen Sie \"Ma Mini S\u00e9ance\", das sind speziell f\u00fcr sie reservierte Zeitfenster mit Kurzfilmen, ged\u00e4mpftem Licht und angepasstem Ton.<br>Wie auch immer, Sie werden es verstanden haben: Es gibt viele gute Gr\u00fcnde f\u00fcr einen Kinobesuch im Sommer!<\/p>\n\n\n\n<div class=\"is-content-justification-center is-layout-flex wp-container-9 wp-block-buttons\">\n<div class=\"wp-block-button\"><a class=\"wp-block-button__link wp-element-button\" href=\"https:\/\/www.pathe.fr\/cinemas\/cinema-pathe-montataire\" target=\"_blank\" rel=\"noreferrer noopener\">Cin\u00e9ma Path\u00e9 in Montataire<\/a><\/div>\n<\/div>\n\n\n\n<h3>Im Freien<\/h3>\n\n\n\n<p>Der Sommer ist eine gute Gelegenheit, das gute Wetter zu nutzen und sich unter freiem Himmel eine Leinwand zu bauen! Entdecken Sie die Filme, die in Creil Sud Oise gezeigt werden, indem Sie unten klicken:<\/p>\n\n\n\n<div class=\"is-content-justification-center is-layout-flex wp-container-10 wp-block-buttons\">\n<div class=\"wp-block-button\"><a class=\"wp-block-button__link wp-element-button\" href=\"https:\/\/www.creilsudoise-tourisme.fr\/de\/2023\/07\/21\/cine-plein-air\/\" target=\"_blank\" rel=\"noreferrer noopener\">Freiluftprogramm<\/a><\/div>\n<\/div>\n\n\n\n<h2>Gef\u00fchrte Tour durch das Bombardement Museum<\/h2>\n\n\n\n<h3>Gef\u00fchrter Rundgang<\/h3>\n\n\n\n<p>Interessieren Sie sich f\u00fcr den Zweiten Weltkrieg? Besuchen Sie das Mus\u00e9e des Bom Bombardements und entdecken Sie eine beeindruckende Sammlung von Gegenst\u00e4nden aus dieser Zeit, die von G\u00e9rard zusammengetragen wurde, der in den 1940er Jahren als Kind den Absturz eines Flugzeugs miterlebte. Er hat sein Leben lang nach Erinnerungsst\u00fccken gesucht, die mit den Bombardierungen in Verbindung stehen. Vielleicht haben Sie das Gl\u00fcck, ihn bei Ihrem Besuch zu treffen?<\/p>\n\n\n\n<h3>Familienbesuch<\/h3>\n\n\n\n<p>Im Juli organisiert das Mus\u00e9e des Bombardements eine F\u00fchrung durch Saint-Maximin und das Museum, die speziell f\u00fcr Familien konzipiert ist: Raconte-moi l'histoire de Saint-Maximin (Erz\u00e4hl mir die Geschichte von Saint-Maximin).<\/p>\n\n\n\n<div class=\"is-content-justification-center is-layout-flex wp-container-11 wp-block-buttons\">\n<div class=\"wp-block-button\"><a class=\"wp-block-button__link wp-element-button\" href=\"https:\/\/www.creilsudoise-tourisme.fr\/de\/jexplore\/unumganglich\/museum-bombardements\/\" target=\"_blank\" rel=\"noreferrer noopener\">Museum der Bombardements in Saint-Maximin<\/a><\/div>\n<\/div>\n\n\n\n<h2>Paintball<\/h2>\n\n\n\n<p>Ziehen Sie Ihre Schutzkleidung an, es wird knallen! Nutzen Sie das \u00fcber 3000 m\u00b2 gro\u00dfe Waldgel\u00e4nde und versuchen Sie, die Flagge vor dem gegnerischen Team zu erobern und dabei den Farbkugeln auszuweichen!<\/p>\n\n\n\n<div class=\"is-content-justification-center is-layout-flex wp-container-12 wp-block-buttons\">\n<div class=\"wp-block-button\"><a class=\"wp-block-button__link wp-element-button\" href=\"https:\/\/www.paintballplayzone.com\/\" target=\"_blank\" rel=\"noreferrer noopener\">Paintball Play Zone in Saint-Maximin<\/a><\/div>\n<\/div>\n\n\n\n<h2>Royal kids Spielplatz<\/h2>\n\n\n\n<p>Rutschen, Netze, Ballpools, Kletterhindernisse, Riesenlegos ... das Paradies der Kinder befindet sich in Royal Kids! F\u00fcr die Eltern stehen ein klimatisierter Entspannungsbereich und ein Imbiss zur Verf\u00fcgung.<\/p>\n\n\n\n<div class=\"is-content-justification-center is-layout-flex wp-container-13 wp-block-buttons\">\n<div class=\"wp-block-button\"><a class=\"wp-block-button__link wp-element-button\" href=\"https:\/\/www.royalkids.fr\/parcs\/saint_maximin\" target=\"_blank\" rel=\"noreferrer noopener\">Royal Kids in Saint-Maximin<\/a><\/div>\n<\/div>\n\n\n\n<h2>Unbegrenztes Bowling!<\/h2>\n\n\n\n<p>Nehmen Sie am Vegas Cup im Bowling Plaza teil und versuchen Sie, eine Woche in Las Vegas zu gewinnen! <\/p>\n\n\n\n<p>Wenn Sie Ihren Vegas Pass our f\u00fcr nur 10 \u20ac kaufen, k\u00f6nnen Sie 4 Wochen lang unbegrenzt bowlen, von Montag bis Freitag, und Sie sind f\u00fcr den Vegas Cup angemeldet!<\/p>\n\n\n\n<p>Au\u00dferdem k\u00f6nnen Sie die Sportereignisse dieses Jahres auf Gro\u00dfbildschirmen verfolgen: die EM 2024 und die Olympischen Spiele!<\/p>\n\n\n\n<p><em>Gut zu wissen: Das Bowling Plaza hat keine Telefonleitung. Um sie zu erreichen, empfehlen wir Ihnen, sie \u00fcber das Online-Formular auf ihrer Website zu kontaktieren.<\/em><\/p>\n\n\n\n<div class=\"is-content-justification-center is-layout-flex wp-container-14 wp-block-buttons\">\n<div class=\"wp-block-button\"><a class=\"wp-block-button__link wp-element-button\" href=\"https:\/\/www.plazabowling.com\/bowling-saint-maximin-creil\/2\/\" target=\"_blank\" rel=\"noreferrer noopener\">Bowling Plaza in Saint-Maximin<\/a><\/div>\n<\/div>\n\n\n\n<h2>Durchgang der Olympischen Flamme<\/h2>\n\n\n\n<p>Verpassen Sie diesen historischen Moment nicht! Am 18. Juli wird die olympische Flamme durch Nogent-sur-Oise und Creil ziehen. Zu diesem Anlass werden in beiden St\u00e4dten zahlreiche Sportveranstaltungen und Auff\u00fchrungen angeboten. Entdecken Sie das Programm unten :<\/p>\n\n\n\n<div class=\"is-content-justification-center is-layout-flex wp-container-15 wp-block-buttons\">\n<div class=\"wp-block-button\"><a class=\"wp-block-button__link wp-element-button\" href=\"https:\/\/www.creilsudoise.fr\/passage-flamme-olympique-acso\/?section=passage-flamme\" target=\"_blank\" rel=\"noreferrer noopener\">Programm f\u00fcr den 18. Juli<\/a><\/div>\n<\/div>\n\n\n\n<h2>Roboter und Tierpflege<\/h2>\n\n\n\n<h3>Praktikum zur Programmierung eines Roboters<\/h3>\n\n\n\n<p>Das Maison d'Activit\u00e9s Scientifiques, Technologiques et Environnementales (die MASTE geht schneller!) in Nogent-sur-Oise bietet einen Workshop an, in dem Kinder lernen k\u00f6nnen, wie man einen Roboter programmiert!<\/p>\n\n\n\n<h3>Praktika bei den Tieren auf dem Bauernhof<\/h3>\n\n\n\n<p>Der p\u00e4dagogische Bauernhof liegt direkt neben der MASTE und beherbergt viele Tiere: Die Kinder werden es lieben, sich w\u00e4hrend der in diesem Sommer organisierten Praktika um sie zu k\u00fcmmern!<\/p>\n\n\n\n<div class=\"is-content-justification-center is-layout-flex wp-container-16 wp-block-buttons\">\n<div class=\"wp-block-button\"><a class=\"wp-block-button__link wp-element-button\" href=\"https:\/\/www.facebook.com\/MASTENSO\" target=\"_blank\" rel=\"noreferrer noopener\">La MASTE in Nogent-sur-Oise<\/a><\/div>\n<\/div>\n\n\n\n<h2 id=\"agenda\">Agenda<\/h2>\n\n\n\n<p>Nicht zu vergessen die <strong>zahlreiche Ausfl\u00fcge, Aktivit\u00e4ten und Animationen <\/strong>die w\u00e4hrend der zwei Sommermonate organisiert werden!<\/p>\n\n\n<div data-related-sit=\"1\" data-block-type=\"related-sit-gt\" data-block-id=\"wpet-sit-2cqhzgw9f6o\"><div class=\"wp-block wp-block-related-post wp-block-related-list-sit alignfull\">\n    \n    <div class=\"container\">\n\n                    <h2 class=\"wp-block-related-post-title\">Auf dem Programm im Juli und August<\/h2>\n        \n                    <div id=\"wpiris-related-post-205\" data-id=\"wpiris-entity-slider\">\n                <div class=\"wp-block-related-post-list wp-block-related-post-list--5\" data-id=\"wpiris-entity-slider-wrapper\">\n\n                    \n<div class=\"entityItem\" data-trigger=\"wpiris-click\" data-id=\"wpiris-entity-slider-item\">\n    <p class=\"entityItemThumbnail\">\n        <a href=\"https:\/\/www.creilsudoise-tourisme.fr\/de\/agenda-animations\/stage-vitrail-6\/\" nofancybox>\n            <img data-src=\"https:\/\/www.creilsudoise-tourisme.fr\/wp-content\/uploads\/wpetourisme\/Creez-votre-vitrail-275x350.png\" alt=\"Praktikum | Glasmalerei\">\n        <\/a>\n    <\/p>\n    <div class=\"entityItemContent\">\n        <h2 class=\"entityItemContentTitle\">\n            <a href=\"https:\/\/www.creilsudoise-tourisme.fr\/de\/agenda-animations\/stage-vitrail-6\/\">Praktikum | Glasmalerei<\/a>\n        <\/h2>\n                    <p class=\"entityItemContentType\">Feste und Veranstaltungen<\/p>\n            <\/div>\n    <a href=\"https:\/\/www.creilsudoise-tourisme.fr\/de\/agenda-animations\/stage-vitrail-6\/\" class=\"seeMore\"><span class=\"sr-only\">Mehr sehen<\/span><\/a>\n<\/div>\n\n<div class=\"entityItem\" data-trigger=\"wpiris-click\" data-id=\"wpiris-entity-slider-item\">\n    <p class=\"entityItemThumbnail\">\n        <a href=\"https:\/\/www.creilsudoise-tourisme.fr\/de\/agenda-animations\/stage-vitrail-2\/\" nofancybox>\n            <img data-src=\"https:\/\/www.creilsudoise-tourisme.fr\/wp-content\/uploads\/wpetourisme\/Creez-votre-vitrail-275x350.png\" alt=\"Praktikum | Glasmalerei\">\n        <\/a>\n    <\/p>\n    <div class=\"entityItemContent\">\n        <h2 class=\"entityItemContentTitle\">\n            <a href=\"https:\/\/www.creilsudoise-tourisme.fr\/de\/agenda-animations\/stage-vitrail-2\/\">Praktikum | Glasmalerei<\/a>\n        <\/h2>\n                    <p class=\"entityItemContentType\">Feste und Veranstaltungen<\/p>\n            <\/div>\n    <a href=\"https:\/\/www.creilsudoise-tourisme.fr\/de\/agenda-animations\/stage-vitrail-2\/\" class=\"seeMore\"><span class=\"sr-only\">Mehr sehen<\/span><\/a>\n<\/div>\n\n<div class=\"entityItem\" data-trigger=\"wpiris-click\" data-id=\"wpiris-entity-slider-item\">\n    <p class=\"entityItemThumbnail\">\n        <a href=\"https:\/\/www.creilsudoise-tourisme.fr\/de\/agenda-animations\/explor-games-verruckt-mit-der-geschichte-im-schiff-von-creil\/\" nofancybox>\n            <img data-src=\"https:\/\/www.creilsudoise-tourisme.fr\/wp-content\/uploads\/wpetourisme\/Affiche-jeu-2-275x350.jpg\" alt=\"Explor Games\u00ae | Verr\u00fcckte Geschichte im Schloss von Creil\">\n        <\/a>\n    <\/p>\n    <div class=\"entityItemContent\">\n        <h2 class=\"entityItemContentTitle\">\n            <a href=\"https:\/\/www.creilsudoise-tourisme.fr\/de\/agenda-animations\/explor-games-verruckt-mit-der-geschichte-im-schiff-von-creil\/\">Explor Games\u00ae | Verr\u00fcckte Geschichte im Schloss von Creil<\/a>\n        <\/h2>\n                    <p class=\"entityItemContentType\">Feste und Veranstaltungen<\/p>\n            <\/div>\n    <a href=\"https:\/\/www.creilsudoise-tourisme.fr\/de\/agenda-animations\/explor-games-verruckt-mit-der-geschichte-im-schiff-von-creil\/\" class=\"seeMore\"><span class=\"sr-only\">Mehr sehen<\/span><\/a>\n<\/div>\n\n<div class=\"entityItem\" data-trigger=\"wpiris-click\" data-id=\"wpiris-entity-slider-item\">\n    <p class=\"entityItemThumbnail\">\n        <a href=\"https:\/\/www.creilsudoise-tourisme.fr\/de\/agenda-animations\/stage-vitrail-4\/\" nofancybox>\n            <img data-src=\"https:\/\/www.creilsudoise-tourisme.fr\/wp-content\/uploads\/wpetourisme\/Creez-votre-vitrail-275x350.png\" alt=\"Praktikum | Glasmalerei\">\n        <\/a>\n    <\/p>\n    <div class=\"entityItemContent\">\n        <h2 class=\"entityItemContentTitle\">\n            <a href=\"https:\/\/www.creilsudoise-tourisme.fr\/de\/agenda-animations\/stage-vitrail-4\/\">Praktikum | Glasmalerei<\/a>\n        <\/h2>\n                    <p class=\"entityItemContentType\">Feste und Veranstaltungen<\/p>\n            <\/div>\n    <a href=\"https:\/\/www.creilsudoise-tourisme.fr\/de\/agenda-animations\/stage-vitrail-4\/\" class=\"seeMore\"><span class=\"sr-only\">Mehr sehen<\/span><\/a>\n<\/div>\n\n<div class=\"entityItem\" data-trigger=\"wpiris-click\" data-id=\"wpiris-entity-slider-item\">\n    <p class=\"entityItemThumbnail\">\n        <a href=\"https:\/\/www.creilsudoise-tourisme.fr\/de\/agenda-animations\/stage-vitrail-5\/\" nofancybox>\n            <img data-src=\"https:\/\/www.creilsudoise-tourisme.fr\/wp-content\/uploads\/wpetourisme\/Creez-votre-vitrail-275x350.png\" alt=\"Praktikum | Glasmalerei\">\n        <\/a>\n    <\/p>\n    <div class=\"entityItemContent\">\n        <h2 class=\"entityItemContentTitle\">\n            <a href=\"https:\/\/www.creilsudoise-tourisme.fr\/de\/agenda-animations\/stage-vitrail-5\/\">Praktikum | Glasmalerei<\/a>\n        <\/h2>\n                    <p class=\"entityItemContentType\">Feste und Veranstaltungen<\/p>\n            <\/div>\n    <a href=\"https:\/\/www.creilsudoise-tourisme.fr\/de\/agenda-animations\/stage-vitrail-5\/\" class=\"seeMore\"><span class=\"sr-only\">Mehr sehen<\/span><\/a>\n<\/div>\n                <\/div>\n\n                \n<div class=\"sliderNav\">\n    <div class=\"sliderNavWrapper\">\n        <p class=\"swiperArrow swiperArrow--next\" data-trigger=\"swiper-next\">\n            <span class=\"sr-only\">Weiter zu<\/span>\n        <\/p>\n        <p class=\"swiperArrow swiperArrow--prev\" data-trigger=\"swiper-prev\">\n            <span class=\"sr-only\">Vorherige<\/span>\n        <\/p>\n    <\/div>\n<\/div>\n            <\/div>\n            <\/div>\n<\/div><\/div>\n\n\n<hr class=\"wp-block-separator has-css-opacity\"\/>\n\n\n<div class=\"wp-block wp-block-highlight\">\n            <h3 class=\"wp-block-highlight-item wp-block-highlight-title\">Sie im Sommer eine Animation organisieren<\/h3>\n                <p class=\"wp-block-highlight-item wp-block-highlight-excerpt\">Sie sind <strong>Organisator einer Veranstaltung, die im Juli oder August im Gebiet Creil Sud Oise stattfinden wird<\/strong> (oder ein anderes Ereignis!), aber sie erscheint nicht auf dieser Liste?<br><br><strong>Melden Sie Ihre Veranstaltung kostenlos an, indem Sie dieses <a href=\"https:\/\/oise.tourinsoft.com\/questionnaire-web\/2f591c16-b52e-4dfc-8106-ffe735dad39e\/eef450e0-413e-4799-b603-660b1bec7447\/add.aspx\" target=\"_blank\" rel=\"noreferrer noopener\">Formular <\/a>!<\/strong><\/p>\n    <\/div>","protected":false},"excerpt":{"rendered":"<p>Im Juli und August finden Sie hier Aktivit\u00e4ten in Creil Sud Oise, nur einen Steinwurf von Chantilly, Senlis oder Compi\u00e8gne entfernt und nicht weit von der \u00cele-de-France! Escape Game und Explore Games\u00ae im Gall\u00e9-Juillet-Museum Escape Game In einer untypischen Umgebung (ein B\u00fcrgerhaus, das wie im 19. Jahrhundert eingerichtet ist!) entdecken Sie die Geschichte [...].<\/p>","protected":false},"author":3,"featured_media":41675,"comment_status":"closed","ping_status":"closed","sticky":false,"template":"","format":"standard","meta":{"_relevanssi_hide_post":"","_relevanssi_hide_content":"","_relevanssi_pin_for_all":"","_relevanssi_pin_keywords":"","_relevanssi_unpin_keywords":"","_relevanssi_related_keywords":"","_relevanssi_related_include_ids":"","_relevanssi_related_exclude_ids":"","_relevanssi_related_no_append":"","_relevanssi_related_not_related":"","_relevanssi_related_posts":"41280,41283,40285,40448,38928,40214","_relevanssi_noindex_reason":""},"categories":[5],"tags":[],"yoast_head":"<!-- This site is optimized with the Yoast SEO plugin v20.2.1 - https:\/\/yoast.com\/wordpress\/plugins\/seo\/ -->\n<title>Au programme cet \u00e9t\u00e9 \u00e0 Creil Sud Oise<\/title>\n<meta name=\"description\" content=\"Vous passez vos vacances dans l&#039;Oise ? Quelle chance, le programme de juillet et ao\u00fbt fourmille d&#039;id\u00e9es de sorties \u00e0 Creil Sud Oise !\" \/>\n<meta name=\"robots\" content=\"index, follow, max-snippet:-1, max-image-preview:large, max-video-preview:-1\" \/>\n<link rel=\"canonical\" href=\"https:\/\/www.creilsudoise-tourisme.fr\/de\/2024\/07\/02\/que-faire-cet-ete\/\" \/>\n<meta property=\"og:locale\" content=\"de_DE\" \/>\n<meta property=\"og:type\" content=\"article\" \/>\n<meta property=\"og:title\" content=\"Au programme cet \u00e9t\u00e9 \u00e0 Creil Sud Oise\" \/>\n<meta property=\"og:description\" content=\"Vous passez vos vacances dans l&#039;Oise ? Quelle chance, le programme de juillet et ao\u00fbt fourmille d&#039;id\u00e9es de sorties \u00e0 Creil Sud Oise !\" \/>\n<meta property=\"og:url\" content=\"https:\/\/www.creilsudoise-tourisme.fr\/de\/2024\/07\/02\/que-faire-cet-ete\/\" \/>\n<meta property=\"og:site_name\" content=\"Office de Tourisme Creil Sud Oise\" \/>\n<meta property=\"article:publisher\" content=\"https:\/\/www.facebook.com\/creilsudoisetourisme\/\" \/>\n<meta property=\"article:published_time\" content=\"2024-07-02T08:31:42+00:00\" \/>\n<meta property=\"article:modified_time\" content=\"2024-08-27T15:17:19+00:00\" \/>\n<meta property=\"og:image\" content=\"https:\/\/www.creilsudoise-tourisme.fr\/wp-content\/uploads\/2022\/06\/Cet-ete-a-Creil-Sud-Oise.jpg\" \/>\n\t<meta property=\"og:image:width\" content=\"1480\" \/>\n\t<meta property=\"og:image:height\" content=\"833\" \/>\n\t<meta property=\"og:image:type\" content=\"image\/jpeg\" \/>\n<meta name=\"author\" content=\"fdubut\" \/>\n<meta name=\"twitter:card\" content=\"summary_large_image\" \/>\n<meta name=\"twitter:creator\" content=\"@CreilSudOiseOT\" \/>\n<meta name=\"twitter:site\" content=\"@CreilSudOiseOT\" \/>\n<meta name=\"twitter:label1\" content=\"Verfasst von\" \/>\n\t<meta name=\"twitter:data1\" content=\"fdubut\" \/>\n\t<meta name=\"twitter:label2\" content=\"Gesch\u00e4tzte Lesezeit\" \/>\n\t<meta name=\"twitter:data2\" content=\"1\u00a0Minute\" \/>\n<script type=\"application\/ld+json\" class=\"yoast-schema-graph\">{\"@context\":\"https:\/\/schema.org\",\"@graph\":[{\"@type\":\"Article\",\"@id\":\"https:\/\/www.creilsudoise-tourisme.fr\/2024\/07\/02\/que-faire-cet-ete\/#article\",\"isPartOf\":{\"@id\":\"https:\/\/www.creilsudoise-tourisme.fr\/2024\/07\/02\/que-faire-cet-ete\/\"},\"author\":{\"name\":\"fdubut\",\"@id\":\"https:\/\/www.creilsudoise-tourisme.fr\/#\/schema\/person\/c5140d47645b13bee896bfe05f1bd5da\"},\"headline\":\"Que faire cet \u00e9t\u00e9 ?\",\"datePublished\":\"2024-07-02T08:31:42+00:00\",\"dateModified\":\"2024-08-27T15:17:19+00:00\",\"mainEntityOfPage\":{\"@id\":\"https:\/\/www.creilsudoise-tourisme.fr\/2024\/07\/02\/que-faire-cet-ete\/\"},\"wordCount\":1201,\"publisher\":{\"@id\":\"https:\/\/www.creilsudoise-tourisme.fr\/#organization\"},\"articleSection\":[\"Actus\"],\"inLanguage\":\"de\"},{\"@type\":\"WebPage\",\"@id\":\"https:\/\/www.creilsudoise-tourisme.fr\/2024\/07\/02\/que-faire-cet-ete\/\",\"url\":\"https:\/\/www.creilsudoise-tourisme.fr\/2024\/07\/02\/que-faire-cet-ete\/\",\"name\":\"Au programme cet \u00e9t\u00e9 \u00e0 Creil Sud Oise\",\"isPartOf\":{\"@id\":\"https:\/\/www.creilsudoise-tourisme.fr\/#website\"},\"datePublished\":\"2024-07-02T08:31:42+00:00\",\"dateModified\":\"2024-08-27T15:17:19+00:00\",\"description\":\"Vous passez vos vacances dans l'Oise ? Quelle chance, le programme de juillet et ao\u00fbt fourmille d'id\u00e9es de sorties \u00e0 Creil Sud Oise !\",\"breadcrumb\":{\"@id\":\"https:\/\/www.creilsudoise-tourisme.fr\/2024\/07\/02\/que-faire-cet-ete\/#breadcrumb\"},\"inLanguage\":\"de\",\"potentialAction\":[{\"@type\":\"ReadAction\",\"target\":[\"https:\/\/www.creilsudoise-tourisme.fr\/2024\/07\/02\/que-faire-cet-ete\/\"]}]},{\"@type\":\"BreadcrumbList\",\"@id\":\"https:\/\/www.creilsudoise-tourisme.fr\/2024\/07\/02\/que-faire-cet-ete\/#breadcrumb\",\"itemListElement\":[{\"@type\":\"ListItem\",\"position\":1,\"name\":\"Accueil\",\"item\":\"https:\/\/www.creilsudoise-tourisme.fr\/\"},{\"@type\":\"ListItem\",\"position\":2,\"name\":\"Que faire cet \u00e9t\u00e9 ?\"}]},{\"@type\":\"WebSite\",\"@id\":\"https:\/\/www.creilsudoise-tourisme.fr\/#website\",\"url\":\"https:\/\/www.creilsudoise-tourisme.fr\/\",\"name\":\"Office de Tourisme Creil Sud Oise\",\"description\":\"Creil Sud Oise Tourisme, un territoire \u00e0 explorer !\",\"publisher\":{\"@id\":\"https:\/\/www.creilsudoise-tourisme.fr\/#organization\"},\"potentialAction\":[{\"@type\":\"SearchAction\",\"target\":{\"@type\":\"EntryPoint\",\"urlTemplate\":\"https:\/\/www.creilsudoise-tourisme.fr\/?s={search_term_string}\"},\"query-input\":\"required name=search_term_string\"}],\"inLanguage\":\"de\"},{\"@type\":\"Organization\",\"@id\":\"https:\/\/www.creilsudoise-tourisme.fr\/#organization\",\"name\":\"Creil Sud Oise Tourisme\",\"url\":\"https:\/\/www.creilsudoise-tourisme.fr\/\",\"logo\":{\"@type\":\"ImageObject\",\"inLanguage\":\"de\",\"@id\":\"https:\/\/www.creilsudoise-tourisme.fr\/#\/schema\/logo\/image\/\",\"url\":\"https:\/\/www.creilsudoise-tourisme.fr\/wp-content\/uploads\/2021\/05\/logo-svg.png\",\"contentUrl\":\"https:\/\/www.creilsudoise-tourisme.fr\/wp-content\/uploads\/2021\/05\/logo-svg.png\",\"width\":182,\"height\":71,\"caption\":\"Creil Sud Oise Tourisme\"},\"image\":{\"@id\":\"https:\/\/www.creilsudoise-tourisme.fr\/#\/schema\/logo\/image\/\"},\"sameAs\":[\"https:\/\/www.facebook.com\/creilsudoisetourisme\/\",\"https:\/\/twitter.com\/CreilSudOiseOT\",\"https:\/\/www.instagram.com\/creilsudoisetourisme\/\",\"https:\/\/www.youtube.com\/channel\/UC8L_QD2wwyADW14zt9fY8kw\"]},{\"@type\":\"Person\",\"@id\":\"https:\/\/www.creilsudoise-tourisme.fr\/#\/schema\/person\/c5140d47645b13bee896bfe05f1bd5da\",\"name\":\"fdubut\",\"image\":{\"@type\":\"ImageObject\",\"inLanguage\":\"de\",\"@id\":\"https:\/\/www.creilsudoise-tourisme.fr\/#\/schema\/person\/image\/\",\"url\":\"https:\/\/secure.gravatar.com\/avatar\/c49bb61337bf4556cafdbcb92c18618d?s=96&d=mm&r=g\",\"contentUrl\":\"https:\/\/secure.gravatar.com\/avatar\/c49bb61337bf4556cafdbcb92c18618d?s=96&d=mm&r=g\",\"caption\":\"fdubut\"},\"url\":\"https:\/\/www.creilsudoise-tourisme.fr\/de\/auteur\/fdubut\/\"}]}<\/script>\n<!-- \/ Yoast SEO plugin. -->","yoast_head_json":{"title":"Au programme cet \u00e9t\u00e9 \u00e0 Creil Sud Oise","description":"Vous passez vos vacances dans l'Oise ? Quelle chance, le programme de juillet et ao\u00fbt fourmille d'id\u00e9es de sorties \u00e0 Creil Sud Oise !","robots":{"index":"index","follow":"follow","max-snippet":"max-snippet:-1","max-image-preview":"max-image-preview:large","max-video-preview":"max-video-preview:-1"},"canonical":"https:\/\/www.creilsudoise-tourisme.fr\/de\/2024\/07\/02\/que-faire-cet-ete\/","og_locale":"de_DE","og_type":"article","og_title":"Au programme cet \u00e9t\u00e9 \u00e0 Creil Sud Oise","og_description":"Vous passez vos vacances dans l'Oise ? Quelle chance, le programme de juillet et ao\u00fbt fourmille d'id\u00e9es de sorties \u00e0 Creil Sud Oise !","og_url":"https:\/\/www.creilsudoise-tourisme.fr\/de\/2024\/07\/02\/que-faire-cet-ete\/","og_site_name":"Office de Tourisme Creil Sud Oise","article_publisher":"https:\/\/www.facebook.com\/creilsudoisetourisme\/","article_published_time":"2024-07-02T08:31:42+00:00","article_modified_time":"2024-08-27T15:17:19+00:00","og_image":[{"width":1480,"height":833,"url":"https:\/\/www.creilsudoise-tourisme.fr\/wp-content\/uploads\/2022\/06\/Cet-ete-a-Creil-Sud-Oise.jpg","type":"image\/jpeg"}],"author":"fdubut","twitter_card":"summary_large_image","twitter_creator":"@CreilSudOiseOT","twitter_site":"@CreilSudOiseOT","twitter_misc":{"Verfasst von":"fdubut","Gesch\u00e4tzte Lesezeit":"1\u00a0Minute"},"schema":{"@context":"https:\/\/schema.org","@graph":[{"@type":"Article","@id":"https:\/\/www.creilsudoise-tourisme.fr\/2024\/07\/02\/que-faire-cet-ete\/#article","isPartOf":{"@id":"https:\/\/www.creilsudoise-tourisme.fr\/2024\/07\/02\/que-faire-cet-ete\/"},"author":{"name":"fdubut","@id":"https:\/\/www.creilsudoise-tourisme.fr\/#\/schema\/person\/c5140d47645b13bee896bfe05f1bd5da"},"headline":"Que faire cet \u00e9t\u00e9 ?","datePublished":"2024-07-02T08:31:42+00:00","dateModified":"2024-08-27T15:17:19+00:00","mainEntityOfPage":{"@id":"https:\/\/www.creilsudoise-tourisme.fr\/2024\/07\/02\/que-faire-cet-ete\/"},"wordCount":1201,"publisher":{"@id":"https:\/\/www.creilsudoise-tourisme.fr\/#organization"},"articleSection":["Actus"],"inLanguage":"de"},{"@type":"WebPage","@id":"https:\/\/www.creilsudoise-tourisme.fr\/2024\/07\/02\/que-faire-cet-ete\/","url":"https:\/\/www.creilsudoise-tourisme.fr\/2024\/07\/02\/que-faire-cet-ete\/","name":"Au programme cet \u00e9t\u00e9 \u00e0 Creil Sud Oise","isPartOf":{"@id":"https:\/\/www.creilsudoise-tourisme.fr\/#website"},"datePublished":"2024-07-02T08:31:42+00:00","dateModified":"2024-08-27T15:17:19+00:00","description":"Vous passez vos vacances dans l'Oise ? Quelle chance, le programme de juillet et ao\u00fbt fourmille d'id\u00e9es de sorties \u00e0 Creil Sud Oise !","breadcrumb":{"@id":"https:\/\/www.creilsudoise-tourisme.fr\/2024\/07\/02\/que-faire-cet-ete\/#breadcrumb"},"inLanguage":"de","potentialAction":[{"@type":"ReadAction","target":["https:\/\/www.creilsudoise-tourisme.fr\/2024\/07\/02\/que-faire-cet-ete\/"]}]},{"@type":"BreadcrumbList","@id":"https:\/\/www.creilsudoise-tourisme.fr\/2024\/07\/02\/que-faire-cet-ete\/#breadcrumb","itemListElement":[{"@type":"ListItem","position":1,"name":"Accueil","item":"https:\/\/www.creilsudoise-tourisme.fr\/"},{"@type":"ListItem","position":2,"name":"Que faire cet \u00e9t\u00e9 ?"}]},{"@type":"WebSite","@id":"https:\/\/www.creilsudoise-tourisme.fr\/#website","url":"https:\/\/www.creilsudoise-tourisme.fr\/","name":"Office de Tourisme Creil Sud Oise","description":"Creil Sud Oise Tourisme, un territoire \u00e0 explorer !","publisher":{"@id":"https:\/\/www.creilsudoise-tourisme.fr\/#organization"},"potentialAction":[{"@type":"SearchAction","target":{"@type":"EntryPoint","urlTemplate":"https:\/\/www.creilsudoise-tourisme.fr\/?s={search_term_string}"},"query-input":"required name=search_term_string"}],"inLanguage":"de"},{"@type":"Organization","@id":"https:\/\/www.creilsudoise-tourisme.fr\/#organization","name":"Creil Sud Oise Tourisme","url":"https:\/\/www.creilsudoise-tourisme.fr\/","logo":{"@type":"ImageObject","inLanguage":"de","@id":"https:\/\/www.creilsudoise-tourisme.fr\/#\/schema\/logo\/image\/","url":"https:\/\/www.creilsudoise-tourisme.fr\/wp-content\/uploads\/2021\/05\/logo-svg.png","contentUrl":"https:\/\/www.creilsudoise-tourisme.fr\/wp-content\/uploads\/2021\/05\/logo-svg.png","width":182,"height":71,"caption":"Creil Sud Oise Tourisme"},"image":{"@id":"https:\/\/www.creilsudoise-tourisme.fr\/#\/schema\/logo\/image\/"},"sameAs":["https:\/\/www.facebook.com\/creilsudoisetourisme\/","https:\/\/twitter.com\/CreilSudOiseOT","https:\/\/www.instagram.com\/creilsudoisetourisme\/","https:\/\/www.youtube.com\/channel\/UC8L_QD2wwyADW14zt9fY8kw"]},{"@type":"Person","@id":"https:\/\/www.creilsudoise-tourisme.fr\/#\/schema\/person\/c5140d47645b13bee896bfe05f1bd5da","name":"fdubut","image":{"@type":"ImageObject","inLanguage":"de","@id":"https:\/\/www.creilsudoise-tourisme.fr\/#\/schema\/person\/image\/","url":"https:\/\/secure.gravatar.com\/avatar\/c49bb61337bf4556cafdbcb92c18618d?s=96&d=mm&r=g","contentUrl":"https:\/\/secure.gravatar.com\/avatar\/c49bb61337bf4556cafdbcb92c18618d?s=96&d=mm&r=g","caption":"fdubut"},"url":"https:\/\/www.creilsudoise-tourisme.fr\/de\/auteur\/fdubut\/"}]}},"_links":{"self":[{"href":"https:\/\/www.creilsudoise-tourisme.fr\/de\/wp-json\/wp\/v2\/posts\/41674"}],"collection":[{"href":"https:\/\/www.creilsudoise-tourisme.fr\/de\/wp-json\/wp\/v2\/posts"}],"about":[{"href":"https:\/\/www.creilsudoise-tourisme.fr\/de\/wp-json\/wp\/v2\/types\/post"}],"author":[{"embeddable":true,"href":"https:\/\/www.creilsudoise-tourisme.fr\/de\/wp-json\/wp\/v2\/users\/3"}],"replies":[{"embeddable":true,"href":"https:\/\/www.creilsudoise-tourisme.fr\/de\/wp-json\/wp\/v2\/comments?post=41674"}],"version-history":[{"count":7,"href":"https:\/\/www.creilsudoise-tourisme.fr\/de\/wp-json\/wp\/v2\/posts\/41674\/revisions"}],"predecessor-version":[{"id":60073,"href":"https:\/\/www.creilsudoise-tourisme.fr\/de\/wp-json\/wp\/v2\/posts\/41674\/revisions\/60073"}],"wp:featuredmedia":[{"embeddable":true,"href":"https:\/\/www.creilsudoise-tourisme.fr\/de\/wp-json\/wp\/v2\/media\/41675"}],"wp:attachment":[{"href":"https:\/\/www.creilsudoise-tourisme.fr\/de\/wp-json\/wp\/v2\/media?parent=41674"}],"wp:term":[{"taxonomy":"category","embeddable":true,"href":"https:\/\/www.creilsudoise-tourisme.fr\/de\/wp-json\/wp\/v2\/categories?post=41674"},{"taxonomy":"post_tag","embeddable":true,"href":"https:\/\/www.creilsudoise-tourisme.fr\/de\/wp-json\/wp\/v2\/tags?post=41674"}],"curies":[{"name":"wp","href":"https:\/\/api.w.org\/{rel}","templated":true}]}}