{"id":39613,"date":"2022-01-24T16:09:37","date_gmt":"2022-01-24T15:09:37","guid":{"rendered":"https:\/\/www.creilsudoise-tourisme.fr\/?p=39613"},"modified":"2026-04-22T16:30:00","modified_gmt":"2026-04-22T14:30:00","slug":"randonnee","status":"publish","type":"post","link":"https:\/\/www.creilsudoise-tourisme.fr\/de\/2022\/01\/24\/wandern-2\/","title":{"rendered":"Planungen der Wandervereine"},"content":{"rendered":"<p class=\"is-style-excerpt\">Sie m\u00f6gen <strong>zu Fu\u00df gehen oder Fahrrad fahren<\/strong> und Sie m\u00f6chten <strong>mit einem Verein praktizieren<\/strong> ? Entdecken Sie die <strong>4 Wander- und Fahrradclubs<\/strong> der Agglomeration Creil Sud Oise und<strong> ihre Programmierung!<\/strong><\/p>\n\n\n<div data-related-sit=\"1\" data-block-type=\"related-sit-gt\" data-block-id=\"wpet-sit-2q0332pqb0o\"><div class=\"wp-block wp-block-related-post wp-block-related-list-sit alignfull\">\n    \n    <div class=\"container\">\n\n                    <h2 class=\"wp-block-related-post-title\">N\u00e4chste Wanderungen &amp; Spazierg\u00e4nge<\/h2>\n        \n                    <div id=\"wpiris-related-post-140\" data-id=\"wpiris-entity-slider\">\n                <div class=\"wp-block-related-post-list wp-block-related-post-list--3\" data-id=\"wpiris-entity-slider-wrapper\">\n\n                    \n<div class=\"entityItem\" data-trigger=\"wpiris-click\" data-id=\"wpiris-entity-slider-item\">\n    <p class=\"entityItemThumbnail\">\n        <a href=\"https:\/\/www.creilsudoise-tourisme.fr\/de\/agenda-animations\/les-relais-de-lacso\/\" nofancybox>\n            <img data-src=\"https:\/\/www.creilsudoise-tourisme.fr\/wp-content\/uploads\/wpetourisme\/relais-de-l-ACSO-2026-700x700px-275x350.jpg\" alt=\"Die ACSO-Stafetten\">\n        <\/a>\n    <\/p>\n    <div class=\"entityItemContent\">\n        <h2 class=\"entityItemContentTitle\">\n            <a href=\"https:\/\/www.creilsudoise-tourisme.fr\/de\/agenda-animations\/les-relais-de-lacso\/\">Die ACSO-Stafetten<\/a>\n        <\/h2>\n                    <p class=\"entityItemContentType\">Feste und Veranstaltungen<\/p>\n            <\/div>\n    <a href=\"https:\/\/www.creilsudoise-tourisme.fr\/de\/agenda-animations\/les-relais-de-lacso\/\" class=\"seeMore\"><span class=\"sr-only\">Mehr sehen<\/span><\/a>\n<\/div>\n\n<div class=\"entityItem\" data-trigger=\"wpiris-click\" data-id=\"wpiris-entity-slider-item\">\n    <p class=\"entityItemThumbnail\">\n        <a href=\"https:\/\/www.creilsudoise-tourisme.fr\/de\/agenda-animations\/les-60-kms-de-marche-de-loise-10eme-edition\/\" nofancybox>\n            <img data-src=\"https:\/\/www.creilsudoise-tourisme.fr\/wp-content\/uploads\/wpetourisme\/Affiche-Les-60-km-marche-Rando-Sud-Oise-27-28-juin-2026-275x350.jpg\" alt=\"LES 60 KMS DE MARCHE DE L&#039;OISE 10. EDITION\">\n        <\/a>\n    <\/p>\n    <div class=\"entityItemContent\">\n        <h2 class=\"entityItemContentTitle\">\n            <a href=\"https:\/\/www.creilsudoise-tourisme.fr\/de\/agenda-animations\/les-60-kms-de-marche-de-loise-10eme-edition\/\">LES 60 KMS DE MARCHE DE L'OISE 10. EDITION<\/a>\n        <\/h2>\n                    <p class=\"entityItemContentType\">Feste und Veranstaltungen<\/p>\n            <\/div>\n    <a href=\"https:\/\/www.creilsudoise-tourisme.fr\/de\/agenda-animations\/les-60-kms-de-marche-de-loise-10eme-edition\/\" class=\"seeMore\"><span class=\"sr-only\">Mehr sehen<\/span><\/a>\n<\/div>\n\n<div class=\"entityItem\" data-trigger=\"wpiris-click\" data-id=\"wpiris-entity-slider-item\">\n    <p class=\"entityItemThumbnail\">\n        <a href=\"https:\/\/www.creilsudoise-tourisme.fr\/de\/agenda-animations\/wandere-die-60-kms-von-der-loisesche-wanderung\/\" nofancybox>\n            <img data-src=\"https:\/\/www.creilsudoise-tourisme.fr\/wp-content\/uploads\/wpetourisme\/Affiche-Les-60-km-marche-Rando-Sud-Oise-27-28-juin-2026-2-275x350.jpg\" alt=\"Wandern | Die 60km-Wanderung in der Oise\">\n        <\/a>\n    <\/p>\n    <div class=\"entityItemContent\">\n        <h2 class=\"entityItemContentTitle\">\n            <a href=\"https:\/\/www.creilsudoise-tourisme.fr\/de\/agenda-animations\/wandere-die-60-kms-von-der-loisesche-wanderung\/\">Wandern | Die 60km-Wanderung in der Oise<\/a>\n        <\/h2>\n                    <p class=\"entityItemContentType\">Feste und Veranstaltungen<\/p>\n            <\/div>\n    <a href=\"https:\/\/www.creilsudoise-tourisme.fr\/de\/agenda-animations\/wandere-die-60-kms-von-der-loisesche-wanderung\/\" class=\"seeMore\"><span class=\"sr-only\">Mehr sehen<\/span><\/a>\n<\/div>\n                <\/div>\n\n                            <\/div>\n            <\/div>\n<\/div><\/div>\n\n\n<h2>Wandern im Verein<\/h2>\n\n\n\n<h3>Association \u00ab\u00a0Rando Sud Oise\u00a0\u00bb<\/h3>\n\n\n\n<h4>Walk<\/h4>\n\n\n\n<p>L'<strong><a href=\"https:\/\/www.arn-nogentsuroise.com\/\" target=\"_blank\" rel=\"noreferrer noopener\">Association Rando Sud Oise<\/a><\/strong> propose des randonn\u00e9es les <strong>mittwochs <\/strong>und <strong>sonntags <\/strong>Vormittage <strong>von Nogent-sur-Oise aus<\/strong>und die <strong>donnerstags <\/strong>nachmittags <strong>von Villers-Saint-Paul aus<\/strong>Das ganze Jahr \u00fcber. <\/p>\n\n\n\n<p>En plus de ces rendez-vous hebdomadaires, l&rsquo;association organise \u00e9galement des <strong>Sportliche Wanderungen, Nordic Walking, Ausdauer, Gesundheitswanderungen (weniger als 6 km)<\/strong>Die Sch\u00fclerinnen und Sch\u00fcler k\u00f6nnen auch an gro\u00dfen Veranstaltungen in anderen Gebieten teilnehmen. <\/p>\n\n\n\n<div class=\"is-horizontal is-content-justification-center is-layout-flex wp-container-1 wp-block-buttons\">\n<div class=\"wp-block-button\"><a class=\"wp-block-button__link wp-element-button\" href=\"https:\/\/www.arn-nogentsuroise.com\/programme\/\" target=\"_blank\" rel=\"noreferrer noopener\">Programm<\/a><\/div>\n<\/div>\n\n\n\n<div class=\"is-layout-flex wp-container-5 wp-block-columns\">\n<div class=\"is-layout-flow wp-block-column is-vertically-aligned-center\" style=\"flex-basis:33.33%\">\n<figure class=\"wp-block-image size-large\"><img decoding=\"async\" loading=\"lazy\" width=\"350\" height=\"351\" data-src=\"https:\/\/www.creilsudoise-tourisme.fr\/wp-content\/uploads\/2022\/01\/ARNV.jpg\" alt=\"\" class=\"wp-image-39617\" data-srcset=\"https:\/\/www.creilsudoise-tourisme.fr\/wp-content\/uploads\/2022\/01\/ARNV.jpg 350w, https:\/\/www.creilsudoise-tourisme.fr\/wp-content\/uploads\/2022\/01\/ARNV-300x300.jpg 300w, https:\/\/www.creilsudoise-tourisme.fr\/wp-content\/uploads\/2022\/01\/ARNV-200x201.jpg 200w\" sizes=\"(max-width: 350px) 100vw, 350px\" \/><\/figure>\n<\/div>\n\n\n\n<div class=\"is-layout-flow wp-block-column is-vertically-aligned-center\" style=\"flex-basis:66.66%\"><div class=\"wp-block wp-block-highlight\">\n            <h3 class=\"wp-block-highlight-item wp-block-highlight-title\">Kontaktdaten<\/h3>\n                <p class=\"wp-block-highlight-item wp-block-highlight-excerpt\"><strong>Association Rando<\/strong> <strong>Sud Oise<\/strong><br>06 51 80 45 24<br><a href=\"https:\/\/www.arn-nogentsuroise.com\/\" target=\"_blank\" rel=\"noreferrer noopener\">Website<\/a><\/p>\n    <\/div>\n\n\n<div class=\"is-layout-flex wp-block-buttons\">\n<div class=\"wp-block-button\"><a class=\"wp-block-button__link wp-element-button\" href=\"mailto:&#97;&#114;&#110;v.&#114;an&#100;&#111;&#64;&#103;m&#97;&#105;l&#46;c&#111;&#109;\" target=\"_blank\" rel=\"noreferrer noopener\">Per E-Mail kontaktieren<\/a><\/div>\n<\/div>\n<\/div>\n<\/div>\n\n\n\n<hr class=\"wp-block-separator has-css-opacity\"\/>\n\n\n\n<h3>Association V\u00e9looise<\/h3>\n\n\n\n<h4>Fahrrad<\/h4>\n\n\n\n<p>L'<strong><a href=\"https:\/\/www.velooise.fr\/\" target=\"_blank\" rel=\"noreferrer noopener\">Association V\u00e9looise <\/a><\/strong> bietet<strong> mehrere w\u00f6chentliche Termine<\/strong> f\u00fcr Gruppenradtouren von seinen Au\u00dfenstellen in <strong>Senlis, Chantilly, Compi\u00e8gne und Pont-Sainte-Maxence<\/strong>. Entdecken Sie das Programm, um Ihren n\u00e4chsten Fahrradausflug zu finden!<\/p>\n\n\n\n<div class=\"is-horizontal is-content-justification-center is-layout-flex wp-container-6 wp-block-buttons\">\n<div class=\"wp-block-button\"><a class=\"wp-block-button__link wp-element-button\" href=\"https:\/\/www.velooise.fr\/event-directory\/\" target=\"_blank\" rel=\"noreferrer noopener\">Programm<\/a><\/div>\n<\/div>\n\n\n\n<p>Au\u00dferdem gibt der Verein in seinen Selbstreparatur-Workshops wertvolle Tipps zur Wartung oder Reparatur eines Fahrrads (siehe Programm).<\/p>\n\n\n\n<h4>Relais V\u00e9lo, ein Fahrradverleihservice<\/h4>\n\n\n\n<p>Wussten Sie schon? Es ist nun m\u00f6glich <strong>ein Elektrofahrrad in Creil zu mieten<\/strong> ! Dieses Angebot ist <strong>r\u00e9serv\u00e9e aux habitants ou aux personnes qui travaillent dans l&rsquo;Agglom\u00e9ration Creil Sud Oise <\/strong>und bietet Mietvertr\u00e4ge von <strong>langfristig von einem Monat bis zu einem Jahr<\/strong> !<\/p>\n\n\n\n<div class=\"is-horizontal is-content-justification-center is-layout-flex wp-container-7 wp-block-buttons\">\n<div class=\"wp-block-button\"><a class=\"wp-block-button__link wp-element-button\" href=\"https:\/\/www.velooise.fr\/relais-velo-axo\/\" target=\"_blank\" rel=\"noreferrer noopener\">Entdecken Sie Axo Fahrrad!<\/a><\/div>\n<\/div>\n\n\n\n<div class=\"is-layout-flex wp-container-11 wp-block-columns\">\n<div class=\"is-layout-flow wp-block-column is-vertically-aligned-center\" style=\"flex-basis:33.33%\">\n<figure class=\"wp-block-image size-large\"><img decoding=\"async\" loading=\"lazy\" width=\"1200\" height=\"714\" data-src=\"https:\/\/www.creilsudoise-tourisme.fr\/wp-content\/uploads\/2022\/01\/VelOOise-logoRVB-copy-1-1200x714.jpg\" alt=\"\" class=\"wp-image-68832\" data-srcset=\"https:\/\/www.creilsudoise-tourisme.fr\/wp-content\/uploads\/2022\/01\/VelOOise-logoRVB-copy-1-1200x714.jpg 1200w, https:\/\/www.creilsudoise-tourisme.fr\/wp-content\/uploads\/2022\/01\/VelOOise-logoRVB-copy-1-600x357.jpg 600w, https:\/\/www.creilsudoise-tourisme.fr\/wp-content\/uploads\/2022\/01\/VelOOise-logoRVB-copy-1-900x536.jpg 900w, https:\/\/www.creilsudoise-tourisme.fr\/wp-content\/uploads\/2022\/01\/VelOOise-logoRVB-copy-1-1536x914.jpg 1536w, https:\/\/www.creilsudoise-tourisme.fr\/wp-content\/uploads\/2022\/01\/VelOOise-logoRVB-copy-1-18x12.jpg 18w, https:\/\/www.creilsudoise-tourisme.fr\/wp-content\/uploads\/2022\/01\/VelOOise-logoRVB-copy-1-200x119.jpg 200w, https:\/\/www.creilsudoise-tourisme.fr\/wp-content\/uploads\/2022\/01\/VelOOise-logoRVB-copy-1-650x387.jpg 650w, https:\/\/www.creilsudoise-tourisme.fr\/wp-content\/uploads\/2022\/01\/VelOOise-logoRVB-copy-1-387x230.jpg 387w, https:\/\/www.creilsudoise-tourisme.fr\/wp-content\/uploads\/2022\/01\/VelOOise-logoRVB-copy-1.jpg 1920w\" sizes=\"(max-width: 1200px) 100vw, 1200px\" \/><\/figure>\n<\/div>\n\n\n\n<div class=\"is-layout-flow wp-block-column is-vertically-aligned-center\" style=\"flex-basis:66.66%\"><div class=\"wp-block wp-block-highlight\">\n            <h3 class=\"wp-block-highlight-item wp-block-highlight-title\">Kontaktdaten<\/h3>\n                <p class=\"wp-block-highlight-item wp-block-highlight-excerpt\"><strong>V\u00e9looise <\/strong><br>03 44 60 11 63 \/ inf&#111;&#64;&#118;&#101;&#108;&#111;o&#105;s&#101;&#46;f&#114;<br><a href=\"https:\/\/www.au5v.fr\/\" target=\"_blank\" rel=\"noreferrer noopener\">Website<\/a><\/p>\n    <\/div>\n\n\n<div class=\"is-layout-flex wp-block-buttons\">\n<div class=\"wp-block-button\"><a class=\"wp-block-button__link wp-element-button\" href=\"mailto:i&#110;&#102;o&#64;ve&#108;&#111;&#111;&#105;se&#46;&#102;r\">Per E-Mail kontaktieren<\/a><\/div>\n<\/div>\n<\/div>\n<\/div>\n\n\n\n<hr class=\"wp-block-separator has-css-opacity\"\/>\n\n\n\n<h3>Club de cyclotourisme de Villers-Saint-Paul (CCVSP) (Fahrradtourismus-Club von Villers-Saint-Paul)<\/h3>\n\n\n\n<h4>Fahrrad<\/h4>\n\n\n\n<p>Die <strong><a href=\"https:\/\/www.ccvsp.fr\/\" target=\"_blank\" rel=\"noreferrer noopener\">Club de cyclotourisme de Villers-Saint-Paul (Radfahrverein von Villers-Saint-Paul)<\/a><\/strong> (CCSVP) bietet Fahrradtouren an<strong> alle Sonn- und Feiertage<\/strong> von Villers-Saint-Paul aus.<\/p>\n\n\n\n<p>Zus\u00e4tzlich zu diesen monatlichen Treffen bietet er auch <strong>punktuelle Ausfl\u00fcge f\u00fcr Mitglieder <\/strong>(diese Ausfl\u00fcge werden per E-Mail an Interessierte verschickt, tragen Sie sich in deren Mailingliste ein!)<\/p>\n\n\n\n<div class=\"is-horizontal is-content-justification-center is-layout-flex wp-container-12 wp-block-buttons\">\n<div class=\"wp-block-button\"><a class=\"wp-block-button__link wp-element-button\" href=\"https:\/\/www.ccvsp.fr\/programmes\/\" target=\"_blank\" rel=\"noreferrer noopener\">Programm<\/a><\/div>\n<\/div>\n\n\n\n<div class=\"is-layout-flex wp-container-16 wp-block-columns\">\n<div class=\"is-layout-flow wp-block-column\" style=\"flex-basis:33.33%\">\n<figure class=\"wp-block-image size-large\"><img decoding=\"async\" loading=\"lazy\" width=\"958\" height=\"1200\" data-src=\"https:\/\/www.creilsudoise-tourisme.fr\/wp-content\/uploads\/wpetourisme\/velo-6-958x1200.jpg\" alt=\"\" class=\"wp-image-569\" data-srcset=\"https:\/\/www.creilsudoise-tourisme.fr\/wp-content\/uploads\/wpetourisme\/velo-6-958x1200.jpg 958w, https:\/\/www.creilsudoise-tourisme.fr\/wp-content\/uploads\/wpetourisme\/velo-6-479x600.jpg 479w, https:\/\/www.creilsudoise-tourisme.fr\/wp-content\/uploads\/wpetourisme\/velo-6-719x900.jpg 719w, https:\/\/www.creilsudoise-tourisme.fr\/wp-content\/uploads\/wpetourisme\/velo-6-200x250.jpg 200w, https:\/\/www.creilsudoise-tourisme.fr\/wp-content\/uploads\/wpetourisme\/velo-6-650x814.jpg 650w, https:\/\/www.creilsudoise-tourisme.fr\/wp-content\/uploads\/wpetourisme\/velo-6-387x485.jpg 387w, https:\/\/www.creilsudoise-tourisme.fr\/wp-content\/uploads\/wpetourisme\/velo-6.jpg 1198w\" sizes=\"(max-width: 958px) 100vw, 958px\" \/><\/figure>\n<\/div>\n\n\n\n<div class=\"is-layout-flow wp-block-column is-vertically-aligned-center\" style=\"flex-basis:66.66%\"><div class=\"wp-block wp-block-highlight\">\n            <h3 class=\"wp-block-highlight-item wp-block-highlight-title\">Kontaktdaten<\/h3>\n                <p class=\"wp-block-highlight-item wp-block-highlight-excerpt\"><strong>Club de cyclotourisme de Villers-Saint-Paul (Radfahrverein von Villers-Saint-Paul) <\/strong>(CCVSP)<br><a href=\"https:\/\/www.ccvsp.fr\/\" target=\"_blank\" rel=\"noreferrer noopener\">Website<\/a><\/p>\n    <\/div>\n\n\n<div class=\"is-layout-flex wp-block-buttons\">\n<div class=\"wp-block-button\"><a class=\"wp-block-button__link wp-element-button\" href=\"mailto:&#99;c&#118;&#115;pmail&#64;&#111;r&#97;&#110;&#103;&#101;&#46;f&#114;\" target=\"_blank\" rel=\"noreferrer noopener\">Per E-Mail kontaktieren<\/a><\/div>\n<\/div>\n<\/div>\n<\/div>\n\n\n\n<h2>Selbstst\u00e4ndig wandern<\/h2>\n\n\n\n<p><strong>M\u00f6chten Sie lieber in Ihrem eigenen Tempo wandern oder spazieren gehen? <\/strong>Entdecken Sie die Wanderrouten in Creil Sud Oise! <\/p>\n\n\n\n<p>Sie k\u00f6nnen sie auch <strong>als Papierversion bestellen<\/strong> indem Sie auf der <a href=\"https:\/\/www.creilsudoise-tourisme.fr\/de\/praxis\/broschuren\/\" target=\"_blank\" rel=\"noreferrer noopener\">gute Seite<\/a> !<\/p>\n\n\n\n<div class=\"is-content-justification-center is-layout-flex wp-container-17 wp-block-buttons\">\n<div class=\"wp-block-button\"><a class=\"wp-block-button__link wp-element-button\" href=\"https:\/\/www.creilsudoise-tourisme.fr\/de\/jexplore\/unumganglich\/wandern-3\/\" target=\"_blank\" rel=\"noreferrer noopener\">Die Wanderrouten<\/a><\/div>\n<\/div>\n\n\n\n<hr class=\"wp-block-separator has-css-opacity\"\/>","protected":false},"excerpt":{"rendered":"<p>Vous aimez marcher ou faire du v\u00e9lo et vous souhaitez pratiquer avec un club ? D\u00e9couvrez les 4 clubs de randonn\u00e9e et de cyclotourisme de l&rsquo;Agglom\u00e9ration Creil Sud Oise et leur programmation ! Randonner en club Association \u00ab\u00a0Rando Sud Oise\u00a0\u00bb Marche L&rsquo;Association Rando Sud Oise propose des randonn\u00e9es les mercredis et dimanches matins au d\u00e9part [&hellip;]<\/p>","protected":false},"author":3,"featured_media":33799,"comment_status":"closed","ping_status":"open","sticky":false,"template":"","format":"standard","meta":{"_relevanssi_hide_post":"","_relevanssi_hide_content":"","_relevanssi_pin_for_all":"","_relevanssi_pin_keywords":"","_relevanssi_unpin_keywords":"","_relevanssi_related_keywords":"","_relevanssi_related_include_ids":"","_relevanssi_related_exclude_ids":"","_relevanssi_related_no_append":"","_relevanssi_related_not_related":"","_relevanssi_related_posts":"39126,37920,37317,39048,36690,38705","_relevanssi_noindex_reason":""},"categories":[5],"tags":[],"yoast_head":"<!-- This site is optimized with the Yoast SEO plugin v20.2.1 - https:\/\/yoast.com\/wordpress\/plugins\/seo\/ -->\n<title>Marchez et roulez \u00e0 Creil Sud Oise ! Programmation des clubs<\/title>\n<meta name=\"description\" content=\"D\u00e9couvrez les 4 clubs de randonn\u00e9es \u00e0 pieds et \u00e0 v\u00e9lo bas\u00e9s dans l&#039;Agglom\u00e9ration Creil Sud Oise et consultez leurs programmations.\" \/>\n<meta name=\"robots\" content=\"index, follow, max-snippet:-1, max-image-preview:large, max-video-preview:-1\" \/>\n<link rel=\"canonical\" href=\"https:\/\/www.creilsudoise-tourisme.fr\/de\/2022\/01\/24\/wandern-2\/\" \/>\n<meta property=\"og:locale\" content=\"de_DE\" \/>\n<meta property=\"og:type\" content=\"article\" \/>\n<meta property=\"og:title\" content=\"Marchez et roulez \u00e0 Creil Sud Oise ! Programmation des clubs\" \/>\n<meta property=\"og:description\" content=\"D\u00e9couvrez les 4 clubs de randonn\u00e9es \u00e0 pieds et \u00e0 v\u00e9lo bas\u00e9s dans l&#039;Agglom\u00e9ration Creil Sud Oise et consultez leurs programmations.\" \/>\n<meta property=\"og:url\" content=\"https:\/\/www.creilsudoise-tourisme.fr\/de\/2022\/01\/24\/wandern-2\/\" \/>\n<meta property=\"og:site_name\" content=\"Office de Tourisme Creil Sud Oise\" \/>\n<meta property=\"article:publisher\" content=\"https:\/\/www.facebook.com\/creilsudoisetourisme\/\" \/>\n<meta property=\"article:published_time\" content=\"2022-01-24T15:09:37+00:00\" \/>\n<meta property=\"article:modified_time\" content=\"2026-04-22T14:30:00+00:00\" \/>\n<meta property=\"og:image\" content=\"https:\/\/www.creilsudoise-tourisme.fr\/wp-content\/uploads\/2021\/04\/Randonne\u0301e-au-bord-de-l_eau-a\u0300-Creil-Sud-Oise.jpg\" \/>\n\t<meta property=\"og:image:width\" content=\"1919\" \/>\n\t<meta property=\"og:image:height\" content=\"1000\" \/>\n\t<meta property=\"og:image:type\" content=\"image\/jpeg\" \/>\n<meta name=\"author\" content=\"fdubut\" \/>\n<meta name=\"twitter:card\" content=\"summary_large_image\" \/>\n<meta name=\"twitter:creator\" content=\"@CreilSudOiseOT\" \/>\n<meta name=\"twitter:site\" content=\"@CreilSudOiseOT\" \/>\n<meta name=\"twitter:label1\" content=\"Verfasst von\" \/>\n\t<meta name=\"twitter:data1\" content=\"fdubut\" \/>\n\t<meta name=\"twitter:label2\" content=\"Gesch\u00e4tzte Lesezeit\" \/>\n\t<meta name=\"twitter:data2\" content=\"3\u00a0Minuten\" \/>\n<script type=\"application\/ld+json\" class=\"yoast-schema-graph\">{\"@context\":\"https:\/\/schema.org\",\"@graph\":[{\"@type\":\"Article\",\"@id\":\"https:\/\/www.creilsudoise-tourisme.fr\/2022\/01\/24\/randonnee\/#article\",\"isPartOf\":{\"@id\":\"https:\/\/www.creilsudoise-tourisme.fr\/2022\/01\/24\/randonnee\/\"},\"author\":{\"name\":\"fdubut\",\"@id\":\"https:\/\/www.creilsudoise-tourisme.fr\/#\/schema\/person\/c5140d47645b13bee896bfe05f1bd5da\"},\"headline\":\"Programmations des clubs de randonn\u00e9e\",\"datePublished\":\"2022-01-24T15:09:37+00:00\",\"dateModified\":\"2026-04-22T14:30:00+00:00\",\"mainEntityOfPage\":{\"@id\":\"https:\/\/www.creilsudoise-tourisme.fr\/2022\/01\/24\/randonnee\/\"},\"wordCount\":354,\"publisher\":{\"@id\":\"https:\/\/www.creilsudoise-tourisme.fr\/#organization\"},\"articleSection\":[\"Actus\"],\"inLanguage\":\"de\"},{\"@type\":\"WebPage\",\"@id\":\"https:\/\/www.creilsudoise-tourisme.fr\/2022\/01\/24\/randonnee\/\",\"url\":\"https:\/\/www.creilsudoise-tourisme.fr\/2022\/01\/24\/randonnee\/\",\"name\":\"Marchez et roulez \u00e0 Creil Sud Oise ! Programmation des clubs\",\"isPartOf\":{\"@id\":\"https:\/\/www.creilsudoise-tourisme.fr\/#website\"},\"datePublished\":\"2022-01-24T15:09:37+00:00\",\"dateModified\":\"2026-04-22T14:30:00+00:00\",\"description\":\"D\u00e9couvrez les 4 clubs de randonn\u00e9es \u00e0 pieds et \u00e0 v\u00e9lo bas\u00e9s dans l'Agglom\u00e9ration Creil Sud Oise et consultez leurs programmations.\",\"breadcrumb\":{\"@id\":\"https:\/\/www.creilsudoise-tourisme.fr\/2022\/01\/24\/randonnee\/#breadcrumb\"},\"inLanguage\":\"de\",\"potentialAction\":[{\"@type\":\"ReadAction\",\"target\":[\"https:\/\/www.creilsudoise-tourisme.fr\/2022\/01\/24\/randonnee\/\"]}]},{\"@type\":\"BreadcrumbList\",\"@id\":\"https:\/\/www.creilsudoise-tourisme.fr\/2022\/01\/24\/randonnee\/#breadcrumb\",\"itemListElement\":[{\"@type\":\"ListItem\",\"position\":1,\"name\":\"Accueil\",\"item\":\"https:\/\/www.creilsudoise-tourisme.fr\/\"},{\"@type\":\"ListItem\",\"position\":2,\"name\":\"Programmations des clubs de randonn\u00e9e\"}]},{\"@type\":\"WebSite\",\"@id\":\"https:\/\/www.creilsudoise-tourisme.fr\/#website\",\"url\":\"https:\/\/www.creilsudoise-tourisme.fr\/\",\"name\":\"Office de Tourisme Creil Sud Oise\",\"description\":\"Creil Sud Oise Tourisme, un territoire \u00e0 explorer !\",\"publisher\":{\"@id\":\"https:\/\/www.creilsudoise-tourisme.fr\/#organization\"},\"potentialAction\":[{\"@type\":\"SearchAction\",\"target\":{\"@type\":\"EntryPoint\",\"urlTemplate\":\"https:\/\/www.creilsudoise-tourisme.fr\/?s={search_term_string}\"},\"query-input\":\"required name=search_term_string\"}],\"inLanguage\":\"de\"},{\"@type\":\"Organization\",\"@id\":\"https:\/\/www.creilsudoise-tourisme.fr\/#organization\",\"name\":\"Creil Sud Oise Tourisme\",\"url\":\"https:\/\/www.creilsudoise-tourisme.fr\/\",\"logo\":{\"@type\":\"ImageObject\",\"inLanguage\":\"de\",\"@id\":\"https:\/\/www.creilsudoise-tourisme.fr\/#\/schema\/logo\/image\/\",\"url\":\"https:\/\/www.creilsudoise-tourisme.fr\/wp-content\/uploads\/2021\/05\/logo-svg.png\",\"contentUrl\":\"https:\/\/www.creilsudoise-tourisme.fr\/wp-content\/uploads\/2021\/05\/logo-svg.png\",\"width\":182,\"height\":71,\"caption\":\"Creil Sud Oise Tourisme\"},\"image\":{\"@id\":\"https:\/\/www.creilsudoise-tourisme.fr\/#\/schema\/logo\/image\/\"},\"sameAs\":[\"https:\/\/www.facebook.com\/creilsudoisetourisme\/\",\"https:\/\/twitter.com\/CreilSudOiseOT\",\"https:\/\/www.instagram.com\/creilsudoisetourisme\/\",\"https:\/\/www.youtube.com\/channel\/UC8L_QD2wwyADW14zt9fY8kw\"]},{\"@type\":\"Person\",\"@id\":\"https:\/\/www.creilsudoise-tourisme.fr\/#\/schema\/person\/c5140d47645b13bee896bfe05f1bd5da\",\"name\":\"fdubut\",\"image\":{\"@type\":\"ImageObject\",\"inLanguage\":\"de\",\"@id\":\"https:\/\/www.creilsudoise-tourisme.fr\/#\/schema\/person\/image\/\",\"url\":\"https:\/\/secure.gravatar.com\/avatar\/c49bb61337bf4556cafdbcb92c18618d?s=96&d=mm&r=g\",\"contentUrl\":\"https:\/\/secure.gravatar.com\/avatar\/c49bb61337bf4556cafdbcb92c18618d?s=96&d=mm&r=g\",\"caption\":\"fdubut\"},\"url\":\"https:\/\/www.creilsudoise-tourisme.fr\/de\/auteur\/fdubut\/\"}]}<\/script>\n<!-- \/ Yoast SEO plugin. -->","yoast_head_json":{"title":"Marchez et roulez \u00e0 Creil Sud Oise ! Programmation des clubs","description":"D\u00e9couvrez les 4 clubs de randonn\u00e9es \u00e0 pieds et \u00e0 v\u00e9lo bas\u00e9s dans l'Agglom\u00e9ration Creil Sud Oise et consultez leurs programmations.","robots":{"index":"index","follow":"follow","max-snippet":"max-snippet:-1","max-image-preview":"max-image-preview:large","max-video-preview":"max-video-preview:-1"},"canonical":"https:\/\/www.creilsudoise-tourisme.fr\/de\/2022\/01\/24\/wandern-2\/","og_locale":"de_DE","og_type":"article","og_title":"Marchez et roulez \u00e0 Creil Sud Oise ! Programmation des clubs","og_description":"D\u00e9couvrez les 4 clubs de randonn\u00e9es \u00e0 pieds et \u00e0 v\u00e9lo bas\u00e9s dans l'Agglom\u00e9ration Creil Sud Oise et consultez leurs programmations.","og_url":"https:\/\/www.creilsudoise-tourisme.fr\/de\/2022\/01\/24\/wandern-2\/","og_site_name":"Office de Tourisme Creil Sud Oise","article_publisher":"https:\/\/www.facebook.com\/creilsudoisetourisme\/","article_published_time":"2022-01-24T15:09:37+00:00","article_modified_time":"2026-04-22T14:30:00+00:00","og_image":[{"width":1919,"height":1000,"url":"https:\/\/www.creilsudoise-tourisme.fr\/wp-content\/uploads\/2021\/04\/Randonne\u0301e-au-bord-de-l_eau-a\u0300-Creil-Sud-Oise.jpg","type":"image\/jpeg"}],"author":"fdubut","twitter_card":"summary_large_image","twitter_creator":"@CreilSudOiseOT","twitter_site":"@CreilSudOiseOT","twitter_misc":{"Verfasst von":"fdubut","Gesch\u00e4tzte Lesezeit":"3\u00a0Minuten"},"schema":{"@context":"https:\/\/schema.org","@graph":[{"@type":"Article","@id":"https:\/\/www.creilsudoise-tourisme.fr\/2022\/01\/24\/randonnee\/#article","isPartOf":{"@id":"https:\/\/www.creilsudoise-tourisme.fr\/2022\/01\/24\/randonnee\/"},"author":{"name":"fdubut","@id":"https:\/\/www.creilsudoise-tourisme.fr\/#\/schema\/person\/c5140d47645b13bee896bfe05f1bd5da"},"headline":"Programmations des clubs de randonn\u00e9e","datePublished":"2022-01-24T15:09:37+00:00","dateModified":"2026-04-22T14:30:00+00:00","mainEntityOfPage":{"@id":"https:\/\/www.creilsudoise-tourisme.fr\/2022\/01\/24\/randonnee\/"},"wordCount":354,"publisher":{"@id":"https:\/\/www.creilsudoise-tourisme.fr\/#organization"},"articleSection":["Actus"],"inLanguage":"de"},{"@type":"WebPage","@id":"https:\/\/www.creilsudoise-tourisme.fr\/2022\/01\/24\/randonnee\/","url":"https:\/\/www.creilsudoise-tourisme.fr\/2022\/01\/24\/randonnee\/","name":"Marchez et roulez \u00e0 Creil Sud Oise ! Programmation des clubs","isPartOf":{"@id":"https:\/\/www.creilsudoise-tourisme.fr\/#website"},"datePublished":"2022-01-24T15:09:37+00:00","dateModified":"2026-04-22T14:30:00+00:00","description":"D\u00e9couvrez les 4 clubs de randonn\u00e9es \u00e0 pieds et \u00e0 v\u00e9lo bas\u00e9s dans l'Agglom\u00e9ration Creil Sud Oise et consultez leurs programmations.","breadcrumb":{"@id":"https:\/\/www.creilsudoise-tourisme.fr\/2022\/01\/24\/randonnee\/#breadcrumb"},"inLanguage":"de","potentialAction":[{"@type":"ReadAction","target":["https:\/\/www.creilsudoise-tourisme.fr\/2022\/01\/24\/randonnee\/"]}]},{"@type":"BreadcrumbList","@id":"https:\/\/www.creilsudoise-tourisme.fr\/2022\/01\/24\/randonnee\/#breadcrumb","itemListElement":[{"@type":"ListItem","position":1,"name":"Accueil","item":"https:\/\/www.creilsudoise-tourisme.fr\/"},{"@type":"ListItem","position":2,"name":"Programmations des clubs de randonn\u00e9e"}]},{"@type":"WebSite","@id":"https:\/\/www.creilsudoise-tourisme.fr\/#website","url":"https:\/\/www.creilsudoise-tourisme.fr\/","name":"Office de Tourisme Creil Sud Oise","description":"Creil Sud Oise Tourisme, un territoire \u00e0 explorer !","publisher":{"@id":"https:\/\/www.creilsudoise-tourisme.fr\/#organization"},"potentialAction":[{"@type":"SearchAction","target":{"@type":"EntryPoint","urlTemplate":"https:\/\/www.creilsudoise-tourisme.fr\/?s={search_term_string}"},"query-input":"required name=search_term_string"}],"inLanguage":"de"},{"@type":"Organization","@id":"https:\/\/www.creilsudoise-tourisme.fr\/#organization","name":"Creil Sud Oise Tourisme","url":"https:\/\/www.creilsudoise-tourisme.fr\/","logo":{"@type":"ImageObject","inLanguage":"de","@id":"https:\/\/www.creilsudoise-tourisme.fr\/#\/schema\/logo\/image\/","url":"https:\/\/www.creilsudoise-tourisme.fr\/wp-content\/uploads\/2021\/05\/logo-svg.png","contentUrl":"https:\/\/www.creilsudoise-tourisme.fr\/wp-content\/uploads\/2021\/05\/logo-svg.png","width":182,"height":71,"caption":"Creil Sud Oise Tourisme"},"image":{"@id":"https:\/\/www.creilsudoise-tourisme.fr\/#\/schema\/logo\/image\/"},"sameAs":["https:\/\/www.facebook.com\/creilsudoisetourisme\/","https:\/\/twitter.com\/CreilSudOiseOT","https:\/\/www.instagram.com\/creilsudoisetourisme\/","https:\/\/www.youtube.com\/channel\/UC8L_QD2wwyADW14zt9fY8kw"]},{"@type":"Person","@id":"https:\/\/www.creilsudoise-tourisme.fr\/#\/schema\/person\/c5140d47645b13bee896bfe05f1bd5da","name":"fdubut","image":{"@type":"ImageObject","inLanguage":"de","@id":"https:\/\/www.creilsudoise-tourisme.fr\/#\/schema\/person\/image\/","url":"https:\/\/secure.gravatar.com\/avatar\/c49bb61337bf4556cafdbcb92c18618d?s=96&d=mm&r=g","contentUrl":"https:\/\/secure.gravatar.com\/avatar\/c49bb61337bf4556cafdbcb92c18618d?s=96&d=mm&r=g","caption":"fdubut"},"url":"https:\/\/www.creilsudoise-tourisme.fr\/de\/auteur\/fdubut\/"}]}},"_links":{"self":[{"href":"https:\/\/www.creilsudoise-tourisme.fr\/de\/wp-json\/wp\/v2\/posts\/39613"}],"collection":[{"href":"https:\/\/www.creilsudoise-tourisme.fr\/de\/wp-json\/wp\/v2\/posts"}],"about":[{"href":"https:\/\/www.creilsudoise-tourisme.fr\/de\/wp-json\/wp\/v2\/types\/post"}],"author":[{"embeddable":true,"href":"https:\/\/www.creilsudoise-tourisme.fr\/de\/wp-json\/wp\/v2\/users\/3"}],"replies":[{"embeddable":true,"href":"https:\/\/www.creilsudoise-tourisme.fr\/de\/wp-json\/wp\/v2\/comments?post=39613"}],"version-history":[{"count":17,"href":"https:\/\/www.creilsudoise-tourisme.fr\/de\/wp-json\/wp\/v2\/posts\/39613\/revisions"}],"predecessor-version":[{"id":68833,"href":"https:\/\/www.creilsudoise-tourisme.fr\/de\/wp-json\/wp\/v2\/posts\/39613\/revisions\/68833"}],"wp:featuredmedia":[{"embeddable":true,"href":"https:\/\/www.creilsudoise-tourisme.fr\/de\/wp-json\/wp\/v2\/media\/33799"}],"wp:attachment":[{"href":"https:\/\/www.creilsudoise-tourisme.fr\/de\/wp-json\/wp\/v2\/media?parent=39613"}],"wp:term":[{"taxonomy":"category","embeddable":true,"href":"https:\/\/www.creilsudoise-tourisme.fr\/de\/wp-json\/wp\/v2\/categories?post=39613"},{"taxonomy":"post_tag","embeddable":true,"href":"https:\/\/www.creilsudoise-tourisme.fr\/de\/wp-json\/wp\/v2\/tags?post=39613"}],"curies":[{"name":"wp","href":"https:\/\/api.w.org\/{rel}","templated":true}]}}