{"id":39133,"date":"2021-12-17T17:21:38","date_gmt":"2021-12-17T16:21:38","guid":{"rendered":"https:\/\/www.creilsudoise-tourisme.fr\/?p=39133"},"modified":"2022-01-25T09:08:58","modified_gmt":"2022-01-25T08:08:58","slug":"etymologie-3","status":"publish","type":"post","link":"https:\/\/www.creilsudoise-tourisme.fr\/de\/2021\/12\/17\/etymologie-3\/","title":{"rendered":"Etymologie: Villers-Saint-Paul, Montataire und Thiverny"},"content":{"rendered":"<p class=\"is-style-excerpt\">ie haben Sie sich schon einmal gefragt\u00a0<strong>woher der Name Ihrer Gemeinde stammt<\/strong>\u00a0? Nun, wir werden versuchen, diese Frage mit einigen Hinweisen zu beantworten. In dieser Anekdote werden wir herausfinden\u00a0<strong>Villers-Saint-Paul, Montataire und Thiverny<\/strong> !<\/p>\n\n\n\n<h2>Villers-Saint-Paul<\/h2>\n\n\n\n<p><em>\"Hoc est villam quae dicitur Villaris cum omnibus ad eandem villam pertinentibus et est sita supra Isaram fluvium in comitatu silvanectensi\".<\/em><\/p>\n\n\n\n<p>Diese <strong>lateinischer Satz ist die \u00e4lteste Mentio<\/strong>n der Gemeinde bekannt ist, erscheint sie in einem Diplom von Robert II. dem Frommen, datiert auf den Palast von Senlis am<strong> 6. Januar 1006<\/strong>. Es handelt sich um einen Bereich, in dem die \"?\u00a0<strong>villa qui est dit Villers \"<\/strong> am Flusslauf der Oise in der Grafschaft Senlis gelegen.<\/p>\n\n\n\n<p>Der Name der Gemeinde erlebte n<strong>schattenhafte Entwicklungen<\/strong>, fr\u00fcher genannt <strong>Villaris im Jahr 1006, Vilera im Jahr 1161, Viliers im Jahr 1209, Villers-Sainct-Pol zu Beginn des 17.<sup>\u00e8me<\/sup> Jahrhundert<\/strong>Sie wurde sogar umbenannt <strong>Villers-Paul w\u00e4hrend der Revolution<\/strong>. \"Villers\" ist eine Ableitung des galloromanischen villa, was im Altfranz\u00f6sischen so viel bedeutet wie: \"\".\u00a0<strong>gro\u00dfes l\u00e4ndliches Gebiet \"<\/strong>.<\/p>\n\n\n\n<figure class=\"wp-block-image size-large\"><img decoding=\"async\" loading=\"lazy\" width=\"1197\" height=\"780\" data-src=\"https:\/\/www.creilsudoise-tourisme.fr\/wp-content\/uploads\/2021\/12\/Villers-Saint-Paul.jpg\" alt=\"Villers-Saint-Paul\" class=\"wp-image-39137\" data-srcset=\"https:\/\/www.creilsudoise-tourisme.fr\/wp-content\/uploads\/2021\/12\/Villers-Saint-Paul.jpg 1197w, https:\/\/www.creilsudoise-tourisme.fr\/wp-content\/uploads\/2021\/12\/Villers-Saint-Paul-600x391.jpg 600w, https:\/\/www.creilsudoise-tourisme.fr\/wp-content\/uploads\/2021\/12\/Villers-Saint-Paul-900x586.jpg 900w, https:\/\/www.creilsudoise-tourisme.fr\/wp-content\/uploads\/2021\/12\/Villers-Saint-Paul-200x130.jpg 200w, https:\/\/www.creilsudoise-tourisme.fr\/wp-content\/uploads\/2021\/12\/Villers-Saint-Paul-650x424.jpg 650w, https:\/\/www.creilsudoise-tourisme.fr\/wp-content\/uploads\/2021\/12\/Villers-Saint-Paul-387x252.jpg 387w\" sizes=\"(max-width: 1197px) 100vw, 1197px\" \/><\/figure>\n\n\n\n<h2>Montataire<\/h2>\n\n\n\n<p>Die <strong>geografische Lage von Montataire<\/strong>Die Landschaft mit einem Plateau \u00fcber dem Tal, wo die Fl\u00fcsse Oise und Th\u00e9rain zusammenflie\u00dfen, hat diesen Ort zu einem der sch\u00f6nsten Orte der Welt gemacht.<strong> ein strategischer Ort<\/strong>.<\/p>\n\n\n\n<p>In der Tat, <strong>Montataire ist eine Ableitung des lateinischen \"Mons ad theram\".<\/strong> das bedeutet, \"\u00a0<strong>der Berg in der N\u00e4he des Flusses Th\u00e9rain<\/strong>\" . Der Name der Stadt \u00e4nderte sich mehrmals und entwickelte sich <strong>von \"Mont a terre\"<\/strong> f\u00fcr seine Anstiege (zu den oberen Plateaus), dann \"\".\u00a0<strong>Montataire \"<\/strong>.<\/p>\n\n\n\n<p>Eine Gemeinde, die in ihrem Namen die <strong>Reichtum seiner Geschichte<\/strong>Die Entwicklung und die Geschichte der Industrialisierung des Landes wurden erm\u00f6glicht durch <strong>durch die Nutzung seines Flusses<\/strong>am <strong>Th\u00e9rain <\/strong>und seine zahlreichen<strong> Wasserm\u00fchlen<\/strong> die es zum Beispiel den Schmieden von Montataire erm\u00f6glichten, sich zu entwickeln und zu florieren.<\/p>\n\n\n\n<figure class=\"wp-block-image size-large\"><img decoding=\"async\" loading=\"lazy\" width=\"1200\" height=\"788\" data-src=\"https:\/\/www.creilsudoise-tourisme.fr\/wp-content\/uploads\/2021\/12\/Montataire-1200x788.jpg\" alt=\"Montataire\" class=\"wp-image-39135\" data-srcset=\"https:\/\/www.creilsudoise-tourisme.fr\/wp-content\/uploads\/2021\/12\/Montataire-1200x788.jpg 1200w, https:\/\/www.creilsudoise-tourisme.fr\/wp-content\/uploads\/2021\/12\/Montataire-600x394.jpg 600w, https:\/\/www.creilsudoise-tourisme.fr\/wp-content\/uploads\/2021\/12\/Montataire-900x591.jpg 900w, https:\/\/www.creilsudoise-tourisme.fr\/wp-content\/uploads\/2021\/12\/Montataire-1536x1009.jpg 1536w, https:\/\/www.creilsudoise-tourisme.fr\/wp-content\/uploads\/2021\/12\/Montataire-200x131.jpg 200w, https:\/\/www.creilsudoise-tourisme.fr\/wp-content\/uploads\/2021\/12\/Montataire-650x427.jpg 650w, https:\/\/www.creilsudoise-tourisme.fr\/wp-content\/uploads\/2021\/12\/Montataire-387x254.jpg 387w, https:\/\/www.creilsudoise-tourisme.fr\/wp-content\/uploads\/2021\/12\/Montataire.jpg 1621w\" sizes=\"(max-width: 1200px) 100vw, 1200px\" \/><\/figure>\n\n\n\n<h2>Thiverny<\/h2>\n\n\n\n<p>Der Ursprung des Namens <strong>auf die Zeit der gallo-r\u00f6mischen Eroberungen zur\u00fcckgehen soll<\/strong>am 1.<sup>er<\/sup> Jahrhundert vor Christus. Damals sprach man von <strong>\"Thiberniacum\" oder: das \"Anwesen des Tiberinius\".<\/strong>.<\/p>\n\n\n\n<p>Zu dieser Zeit war es recht \u00fcblich, Domainnamen zu finden, die aus einer Zusammenziehung eines Namens gefolgt von dem <strong>Suffix \"Acum\"<\/strong>. Dasselbe Schema gilt f\u00fcr die Nachbarstadt <strong><a href=\"https:\/\/www.creilsudoise-tourisme.fr\/de\/2021\/08\/11\/etymologie\/\">Cramoisy<\/a>Cramisiacum, das sich allm\u00e4hlich zu Cramoisy entwickelt.<\/strong>.<\/p>\n\n\n\n<p>Viele Gemeinden werden diese Entwicklung erleben, das <strong>Suffix \"acum\", das sich zum Buchstaben \"y\" entwickelt<\/strong>. Die Rechtschreibung \"\u00a0<strong>Thiverny<\/strong>\" wird zum ersten Mal auf einem <strong>offizielles Dokument im Laufe des 18.<sup>\u00e8me<\/sup> Jahrhundert<\/strong>Diese Schreibweise wird bis zum Anfang des 20.<sup>\u00e8me<\/sup> Jahrhundert mit \"\u00a0<strong>Tiverny\" ohne den Buchstaben \"H\", der 1914 aufgegeben wurde<\/strong>.<\/p>\n\n\n\n<figure class=\"wp-block-image size-large\"><img decoding=\"async\" loading=\"lazy\" width=\"1200\" height=\"771\" data-src=\"https:\/\/www.creilsudoise-tourisme.fr\/wp-content\/uploads\/2021\/12\/Thiverny-1200x771.jpg\" alt=\"Thiverny\" class=\"wp-image-39136\" data-srcset=\"https:\/\/www.creilsudoise-tourisme.fr\/wp-content\/uploads\/2021\/12\/Thiverny-1200x771.jpg 1200w, https:\/\/www.creilsudoise-tourisme.fr\/wp-content\/uploads\/2021\/12\/Thiverny-600x386.jpg 600w, https:\/\/www.creilsudoise-tourisme.fr\/wp-content\/uploads\/2021\/12\/Thiverny-900x578.jpg 900w, https:\/\/www.creilsudoise-tourisme.fr\/wp-content\/uploads\/2021\/12\/Thiverny-1536x987.jpg 1536w, https:\/\/www.creilsudoise-tourisme.fr\/wp-content\/uploads\/2021\/12\/Thiverny-200x129.jpg 200w, https:\/\/www.creilsudoise-tourisme.fr\/wp-content\/uploads\/2021\/12\/Thiverny-650x418.jpg 650w, https:\/\/www.creilsudoise-tourisme.fr\/wp-content\/uploads\/2021\/12\/Thiverny-387x249.jpg 387w, https:\/\/www.creilsudoise-tourisme.fr\/wp-content\/uploads\/2021\/12\/Thiverny.jpg 1867w\" sizes=\"(max-width: 1200px) 100vw, 1200px\" \/><\/figure>\n\n\n\n<hr class=\"wp-block-separator\"\/>","protected":false},"excerpt":{"rendered":"<p>ielleicht haben Sie sich schon einmal gefragt, woher der Name Ihrer Gemeinde kommt? Nun, wir werden versuchen, diese Frage mit einigen Hinweisen zu beantworten. In dieser Anekdote werden wir Villers-Saint-Paul, Montataire und Thiverny kennenlernen! Villers-Saint-Paul \"Hoc est villam quae dicitur Villaris cum omnibus ad eandem villam pertinentibus et est sita supra Isaram fluvium in comitatu silvanectensi\" Dieser lateinische Satz [...].<\/p>","protected":false},"author":3,"featured_media":39134,"comment_status":"closed","ping_status":"open","sticky":false,"template":"","format":"standard","meta":{"_relevanssi_hide_post":"","_relevanssi_hide_content":"","_relevanssi_pin_for_all":"","_relevanssi_pin_keywords":"","_relevanssi_unpin_keywords":"","_relevanssi_related_keywords":"","_relevanssi_related_include_ids":"","_relevanssi_related_exclude_ids":"","_relevanssi_related_no_append":"","_relevanssi_related_not_related":"","_relevanssi_related_posts":"36690,38705,37920,271,38910,37951","_relevanssi_noindex_reason":""},"categories":[3],"tags":[],"yoast_head":"<!-- This site is optimized with the Yoast SEO plugin v20.2.1 - https:\/\/yoast.com\/wordpress\/plugins\/seo\/ -->\n<title>Anecdote : l&#039;\u00e9tymologie de Villers-Saint-Paul, Montataire et Thiverny<\/title>\n<meta name=\"description\" content=\"D\u00e9couvrez l&#039;origine des noms des villes de Villers-Saint-Paul, Montataire et Thiverny \u00e0 travers une anecdote concoct\u00e9e par l&#039;Office de Tourisme !\" \/>\n<meta name=\"robots\" content=\"index, follow, max-snippet:-1, max-image-preview:large, max-video-preview:-1\" \/>\n<link rel=\"canonical\" href=\"https:\/\/www.creilsudoise-tourisme.fr\/de\/2021\/12\/17\/etymologie-3\/\" \/>\n<meta property=\"og:locale\" content=\"de_DE\" \/>\n<meta property=\"og:type\" content=\"article\" \/>\n<meta property=\"og:title\" content=\"Anecdote : l&#039;\u00e9tymologie de Villers-Saint-Paul, Montataire et Thiverny\" \/>\n<meta property=\"og:description\" content=\"D\u00e9couvrez l&#039;origine des noms des villes de Villers-Saint-Paul, Montataire et Thiverny \u00e0 travers une anecdote concoct\u00e9e par l&#039;Office de Tourisme !\" \/>\n<meta property=\"og:url\" content=\"https:\/\/www.creilsudoise-tourisme.fr\/de\/2021\/12\/17\/etymologie-3\/\" \/>\n<meta property=\"og:site_name\" content=\"Office de Tourisme Creil Sud Oise\" \/>\n<meta property=\"article:publisher\" content=\"https:\/\/www.facebook.com\/creilsudoisetourisme\/\" \/>\n<meta property=\"article:published_time\" content=\"2021-12-17T16:21:38+00:00\" \/>\n<meta property=\"article:modified_time\" content=\"2022-01-25T08:08:58+00:00\" \/>\n<meta property=\"og:image\" content=\"https:\/\/www.creilsudoise-tourisme.fr\/wp-content\/uploads\/2021\/12\/Chateau-de-Montataire.jpg\" \/>\n\t<meta property=\"og:image:width\" content=\"1480\" \/>\n\t<meta property=\"og:image:height\" content=\"950\" \/>\n\t<meta property=\"og:image:type\" content=\"image\/jpeg\" \/>\n<meta name=\"author\" content=\"fdubut\" \/>\n<meta name=\"twitter:card\" content=\"summary_large_image\" \/>\n<meta name=\"twitter:creator\" content=\"@CreilSudOiseOT\" \/>\n<meta name=\"twitter:site\" content=\"@CreilSudOiseOT\" \/>\n<meta name=\"twitter:label1\" content=\"Verfasst von\" \/>\n\t<meta name=\"twitter:data1\" content=\"fdubut\" \/>\n\t<meta name=\"twitter:label2\" content=\"Gesch\u00e4tzte Lesezeit\" \/>\n\t<meta name=\"twitter:data2\" content=\"3\u00a0Minuten\" \/>\n<script type=\"application\/ld+json\" class=\"yoast-schema-graph\">{\"@context\":\"https:\/\/schema.org\",\"@graph\":[{\"@type\":\"Article\",\"@id\":\"https:\/\/www.creilsudoise-tourisme.fr\/en\/2021\/12\/17\/etymologie-3\/#article\",\"isPartOf\":{\"@id\":\"https:\/\/www.creilsudoise-tourisme.fr\/en\/2021\/12\/17\/etymologie-3\/\"},\"author\":{\"name\":\"fdubut\",\"@id\":\"https:\/\/www.creilsudoise-tourisme.fr\/#\/schema\/person\/c5140d47645b13bee896bfe05f1bd5da\"},\"headline\":\"\u00c9tymologie : Villers-Saint-Paul, Montataire et Thiverny\",\"datePublished\":\"2021-12-17T16:21:38+00:00\",\"dateModified\":\"2022-01-25T08:08:58+00:00\",\"mainEntityOfPage\":{\"@id\":\"https:\/\/www.creilsudoise-tourisme.fr\/en\/2021\/12\/17\/etymologie-3\/\"},\"wordCount\":435,\"publisher\":{\"@id\":\"https:\/\/www.creilsudoise-tourisme.fr\/#organization\"},\"articleSection\":[\"Anecdotes\"],\"inLanguage\":\"de\"},{\"@type\":\"WebPage\",\"@id\":\"https:\/\/www.creilsudoise-tourisme.fr\/en\/2021\/12\/17\/etymologie-3\/\",\"url\":\"https:\/\/www.creilsudoise-tourisme.fr\/en\/2021\/12\/17\/etymologie-3\/\",\"name\":\"Anecdote : l'\u00e9tymologie de Villers-Saint-Paul, Montataire et Thiverny\",\"isPartOf\":{\"@id\":\"https:\/\/www.creilsudoise-tourisme.fr\/#website\"},\"datePublished\":\"2021-12-17T16:21:38+00:00\",\"dateModified\":\"2022-01-25T08:08:58+00:00\",\"description\":\"D\u00e9couvrez l'origine des noms des villes de Villers-Saint-Paul, Montataire et Thiverny \u00e0 travers une anecdote concoct\u00e9e par l'Office de Tourisme !\",\"breadcrumb\":{\"@id\":\"https:\/\/www.creilsudoise-tourisme.fr\/en\/2021\/12\/17\/etymologie-3\/#breadcrumb\"},\"inLanguage\":\"de\",\"potentialAction\":[{\"@type\":\"ReadAction\",\"target\":[\"https:\/\/www.creilsudoise-tourisme.fr\/en\/2021\/12\/17\/etymologie-3\/\"]}]},{\"@type\":\"BreadcrumbList\",\"@id\":\"https:\/\/www.creilsudoise-tourisme.fr\/en\/2021\/12\/17\/etymologie-3\/#breadcrumb\",\"itemListElement\":[{\"@type\":\"ListItem\",\"position\":1,\"name\":\"Accueil\",\"item\":\"https:\/\/www.creilsudoise-tourisme.fr\/\"},{\"@type\":\"ListItem\",\"position\":2,\"name\":\"\u00c9tymologie : Villers-Saint-Paul, Montataire et Thiverny\"}]},{\"@type\":\"WebSite\",\"@id\":\"https:\/\/www.creilsudoise-tourisme.fr\/#website\",\"url\":\"https:\/\/www.creilsudoise-tourisme.fr\/\",\"name\":\"Office de Tourisme Creil Sud Oise\",\"description\":\"Creil Sud Oise Tourisme, un territoire \u00e0 explorer !\",\"publisher\":{\"@id\":\"https:\/\/www.creilsudoise-tourisme.fr\/#organization\"},\"potentialAction\":[{\"@type\":\"SearchAction\",\"target\":{\"@type\":\"EntryPoint\",\"urlTemplate\":\"https:\/\/www.creilsudoise-tourisme.fr\/?s={search_term_string}\"},\"query-input\":\"required name=search_term_string\"}],\"inLanguage\":\"de\"},{\"@type\":\"Organization\",\"@id\":\"https:\/\/www.creilsudoise-tourisme.fr\/#organization\",\"name\":\"Creil Sud Oise Tourisme\",\"url\":\"https:\/\/www.creilsudoise-tourisme.fr\/\",\"logo\":{\"@type\":\"ImageObject\",\"inLanguage\":\"de\",\"@id\":\"https:\/\/www.creilsudoise-tourisme.fr\/#\/schema\/logo\/image\/\",\"url\":\"https:\/\/www.creilsudoise-tourisme.fr\/wp-content\/uploads\/2021\/05\/logo-svg.png\",\"contentUrl\":\"https:\/\/www.creilsudoise-tourisme.fr\/wp-content\/uploads\/2021\/05\/logo-svg.png\",\"width\":182,\"height\":71,\"caption\":\"Creil Sud Oise Tourisme\"},\"image\":{\"@id\":\"https:\/\/www.creilsudoise-tourisme.fr\/#\/schema\/logo\/image\/\"},\"sameAs\":[\"https:\/\/www.facebook.com\/creilsudoisetourisme\/\",\"https:\/\/twitter.com\/CreilSudOiseOT\",\"https:\/\/www.instagram.com\/creilsudoisetourisme\/\",\"https:\/\/www.youtube.com\/channel\/UC8L_QD2wwyADW14zt9fY8kw\"]},{\"@type\":\"Person\",\"@id\":\"https:\/\/www.creilsudoise-tourisme.fr\/#\/schema\/person\/c5140d47645b13bee896bfe05f1bd5da\",\"name\":\"fdubut\",\"image\":{\"@type\":\"ImageObject\",\"inLanguage\":\"de\",\"@id\":\"https:\/\/www.creilsudoise-tourisme.fr\/#\/schema\/person\/image\/\",\"url\":\"https:\/\/secure.gravatar.com\/avatar\/c49bb61337bf4556cafdbcb92c18618d?s=96&d=mm&r=g\",\"contentUrl\":\"https:\/\/secure.gravatar.com\/avatar\/c49bb61337bf4556cafdbcb92c18618d?s=96&d=mm&r=g\",\"caption\":\"fdubut\"},\"url\":\"https:\/\/www.creilsudoise-tourisme.fr\/de\/auteur\/fdubut\/\"}]}<\/script>\n<!-- \/ Yoast SEO plugin. -->","yoast_head_json":{"title":"Anecdote : l'\u00e9tymologie de Villers-Saint-Paul, Montataire et Thiverny","description":"D\u00e9couvrez l'origine des noms des villes de Villers-Saint-Paul, Montataire et Thiverny \u00e0 travers une anecdote concoct\u00e9e par l'Office de Tourisme !","robots":{"index":"index","follow":"follow","max-snippet":"max-snippet:-1","max-image-preview":"max-image-preview:large","max-video-preview":"max-video-preview:-1"},"canonical":"https:\/\/www.creilsudoise-tourisme.fr\/de\/2021\/12\/17\/etymologie-3\/","og_locale":"de_DE","og_type":"article","og_title":"Anecdote : l'\u00e9tymologie de Villers-Saint-Paul, Montataire et Thiverny","og_description":"D\u00e9couvrez l'origine des noms des villes de Villers-Saint-Paul, Montataire et Thiverny \u00e0 travers une anecdote concoct\u00e9e par l'Office de Tourisme !","og_url":"https:\/\/www.creilsudoise-tourisme.fr\/de\/2021\/12\/17\/etymologie-3\/","og_site_name":"Office de Tourisme Creil Sud Oise","article_publisher":"https:\/\/www.facebook.com\/creilsudoisetourisme\/","article_published_time":"2021-12-17T16:21:38+00:00","article_modified_time":"2022-01-25T08:08:58+00:00","og_image":[{"width":1480,"height":950,"url":"https:\/\/www.creilsudoise-tourisme.fr\/wp-content\/uploads\/2021\/12\/Chateau-de-Montataire.jpg","type":"image\/jpeg"}],"author":"fdubut","twitter_card":"summary_large_image","twitter_creator":"@CreilSudOiseOT","twitter_site":"@CreilSudOiseOT","twitter_misc":{"Verfasst von":"fdubut","Gesch\u00e4tzte Lesezeit":"3\u00a0Minuten"},"schema":{"@context":"https:\/\/schema.org","@graph":[{"@type":"Article","@id":"https:\/\/www.creilsudoise-tourisme.fr\/en\/2021\/12\/17\/etymologie-3\/#article","isPartOf":{"@id":"https:\/\/www.creilsudoise-tourisme.fr\/en\/2021\/12\/17\/etymologie-3\/"},"author":{"name":"fdubut","@id":"https:\/\/www.creilsudoise-tourisme.fr\/#\/schema\/person\/c5140d47645b13bee896bfe05f1bd5da"},"headline":"\u00c9tymologie : Villers-Saint-Paul, Montataire et Thiverny","datePublished":"2021-12-17T16:21:38+00:00","dateModified":"2022-01-25T08:08:58+00:00","mainEntityOfPage":{"@id":"https:\/\/www.creilsudoise-tourisme.fr\/en\/2021\/12\/17\/etymologie-3\/"},"wordCount":435,"publisher":{"@id":"https:\/\/www.creilsudoise-tourisme.fr\/#organization"},"articleSection":["Anecdotes"],"inLanguage":"de"},{"@type":"WebPage","@id":"https:\/\/www.creilsudoise-tourisme.fr\/en\/2021\/12\/17\/etymologie-3\/","url":"https:\/\/www.creilsudoise-tourisme.fr\/en\/2021\/12\/17\/etymologie-3\/","name":"Anecdote : l'\u00e9tymologie de Villers-Saint-Paul, Montataire et Thiverny","isPartOf":{"@id":"https:\/\/www.creilsudoise-tourisme.fr\/#website"},"datePublished":"2021-12-17T16:21:38+00:00","dateModified":"2022-01-25T08:08:58+00:00","description":"D\u00e9couvrez l'origine des noms des villes de Villers-Saint-Paul, Montataire et Thiverny \u00e0 travers une anecdote concoct\u00e9e par l'Office de Tourisme !","breadcrumb":{"@id":"https:\/\/www.creilsudoise-tourisme.fr\/en\/2021\/12\/17\/etymologie-3\/#breadcrumb"},"inLanguage":"de","potentialAction":[{"@type":"ReadAction","target":["https:\/\/www.creilsudoise-tourisme.fr\/en\/2021\/12\/17\/etymologie-3\/"]}]},{"@type":"BreadcrumbList","@id":"https:\/\/www.creilsudoise-tourisme.fr\/en\/2021\/12\/17\/etymologie-3\/#breadcrumb","itemListElement":[{"@type":"ListItem","position":1,"name":"Accueil","item":"https:\/\/www.creilsudoise-tourisme.fr\/"},{"@type":"ListItem","position":2,"name":"\u00c9tymologie : Villers-Saint-Paul, Montataire et Thiverny"}]},{"@type":"WebSite","@id":"https:\/\/www.creilsudoise-tourisme.fr\/#website","url":"https:\/\/www.creilsudoise-tourisme.fr\/","name":"Office de Tourisme Creil Sud Oise","description":"Creil Sud Oise Tourisme, un territoire \u00e0 explorer !","publisher":{"@id":"https:\/\/www.creilsudoise-tourisme.fr\/#organization"},"potentialAction":[{"@type":"SearchAction","target":{"@type":"EntryPoint","urlTemplate":"https:\/\/www.creilsudoise-tourisme.fr\/?s={search_term_string}"},"query-input":"required name=search_term_string"}],"inLanguage":"de"},{"@type":"Organization","@id":"https:\/\/www.creilsudoise-tourisme.fr\/#organization","name":"Creil Sud Oise Tourisme","url":"https:\/\/www.creilsudoise-tourisme.fr\/","logo":{"@type":"ImageObject","inLanguage":"de","@id":"https:\/\/www.creilsudoise-tourisme.fr\/#\/schema\/logo\/image\/","url":"https:\/\/www.creilsudoise-tourisme.fr\/wp-content\/uploads\/2021\/05\/logo-svg.png","contentUrl":"https:\/\/www.creilsudoise-tourisme.fr\/wp-content\/uploads\/2021\/05\/logo-svg.png","width":182,"height":71,"caption":"Creil Sud Oise Tourisme"},"image":{"@id":"https:\/\/www.creilsudoise-tourisme.fr\/#\/schema\/logo\/image\/"},"sameAs":["https:\/\/www.facebook.com\/creilsudoisetourisme\/","https:\/\/twitter.com\/CreilSudOiseOT","https:\/\/www.instagram.com\/creilsudoisetourisme\/","https:\/\/www.youtube.com\/channel\/UC8L_QD2wwyADW14zt9fY8kw"]},{"@type":"Person","@id":"https:\/\/www.creilsudoise-tourisme.fr\/#\/schema\/person\/c5140d47645b13bee896bfe05f1bd5da","name":"fdubut","image":{"@type":"ImageObject","inLanguage":"de","@id":"https:\/\/www.creilsudoise-tourisme.fr\/#\/schema\/person\/image\/","url":"https:\/\/secure.gravatar.com\/avatar\/c49bb61337bf4556cafdbcb92c18618d?s=96&d=mm&r=g","contentUrl":"https:\/\/secure.gravatar.com\/avatar\/c49bb61337bf4556cafdbcb92c18618d?s=96&d=mm&r=g","caption":"fdubut"},"url":"https:\/\/www.creilsudoise-tourisme.fr\/de\/auteur\/fdubut\/"}]}},"_links":{"self":[{"href":"https:\/\/www.creilsudoise-tourisme.fr\/de\/wp-json\/wp\/v2\/posts\/39133"}],"collection":[{"href":"https:\/\/www.creilsudoise-tourisme.fr\/de\/wp-json\/wp\/v2\/posts"}],"about":[{"href":"https:\/\/www.creilsudoise-tourisme.fr\/de\/wp-json\/wp\/v2\/types\/post"}],"author":[{"embeddable":true,"href":"https:\/\/www.creilsudoise-tourisme.fr\/de\/wp-json\/wp\/v2\/users\/3"}],"replies":[{"embeddable":true,"href":"https:\/\/www.creilsudoise-tourisme.fr\/de\/wp-json\/wp\/v2\/comments?post=39133"}],"version-history":[{"count":2,"href":"https:\/\/www.creilsudoise-tourisme.fr\/de\/wp-json\/wp\/v2\/posts\/39133\/revisions"}],"predecessor-version":[{"id":39139,"href":"https:\/\/www.creilsudoise-tourisme.fr\/de\/wp-json\/wp\/v2\/posts\/39133\/revisions\/39139"}],"wp:featuredmedia":[{"embeddable":true,"href":"https:\/\/www.creilsudoise-tourisme.fr\/de\/wp-json\/wp\/v2\/media\/39134"}],"wp:attachment":[{"href":"https:\/\/www.creilsudoise-tourisme.fr\/de\/wp-json\/wp\/v2\/media?parent=39133"}],"wp:term":[{"taxonomy":"category","embeddable":true,"href":"https:\/\/www.creilsudoise-tourisme.fr\/de\/wp-json\/wp\/v2\/categories?post=39133"},{"taxonomy":"post_tag","embeddable":true,"href":"https:\/\/www.creilsudoise-tourisme.fr\/de\/wp-json\/wp\/v2\/tags?post=39133"}],"curies":[{"name":"wp","href":"https:\/\/api.w.org\/{rel}","templated":true}]}}