{"id":39126,"date":"2021-12-17T17:01:39","date_gmt":"2021-12-17T16:01:39","guid":{"rendered":"https:\/\/www.creilsudoise-tourisme.fr\/?p=39126"},"modified":"2022-01-25T09:09:02","modified_gmt":"2022-01-25T08:09:02","slug":"ermite","status":"publish","type":"post","link":"https:\/\/www.creilsudoise-tourisme.fr\/de\/2021\/12\/17\/einsiedler\/","title":{"rendered":"Die H\u00f6hle von Pierre L'Ermite"},"content":{"rendered":"<p class=\"is-style-excerpt\">Kennen Sie <strong>Pierre L'Eremit<\/strong> ? Wussten Sie, dass er<strong> ein bemerkenswerter Auftritt<em> <\/em><\/strong>im S\u00fcden des Departements Oise, insbesondere<strong> in Montataire <\/strong>! Entdecken Sie seine Geschichte in dieser <strong>Anekdote<\/strong>.<\/p>\n\n\n\n<h2>Ein ber\u00fchmter Einwohner<\/h2>\n\n\n\n<p>Auch wenn Cricri hier allen bekannt ist, gibt es im Gebiet der Agglomeration Creil Sud Oise mindestens einen zweiten ber\u00fchmten H\u00f6hlenbewohner. Es handelt sich um <strong>Peter der Einsiedler<\/strong>In der Stadt Montataire hat er eine Spur in der Landschaft hinterlassen.<\/p>\n\n\n\n<p>Tats\u00e4chlich findet man hinter dem Ch\u00e2teau de Montataire die <strong>H\u00f6hle von Pierre l'Ermite, ein H\u00f6hlenhaus<\/strong> die sich in der Verl\u00e4ngerung der Rue du Jeu d'Arc befindet. <\/p>\n\n\n\n<p>Gem\u00e4\u00df der Legende und der \u00dcbersetzung der lateinischen Inschrift, die in die Fassade eingraviert ist,<strong> soll sie vor dem ersten Kreuzzug, um 1090, von Peter dem Einsiedler bewohnt worden sein.<\/strong><\/p>\n\n\n\n<h2>Ein ber\u00fchmter Geistlicher<\/h2>\n\n\n\n<p><strong>Pierre l'Ermite ist ein franz\u00f6sischer Ordensmann aus dem 11.<sup>\u00e8me<\/sup> Jahrhundert<\/strong>Er war als Redner und Tribun bekannt und predigte die <strong>Kreuzzug <\/strong>nach dem Aufruf Urbans II. auf dem Konzil von Clermont und der anschlie\u00dfend einen der gro\u00dfen Volkskreuzz\u00fcge von 1096 anf\u00fchrte.<\/p>\n\n\n\n<hr class=\"wp-block-separator\"\/>","protected":false},"excerpt":{"rendered":"<p>Kennen Sie Pierre L'Ermite? Wussten Sie, dass er einen bemerkenswerten Abstecher in den S\u00fcden des Departements Oise und insbesondere nach Montataire gemacht hat! Entdecken Sie seine Geschichte anhand dieser Anekdote. Ein illustrer Bewohner Wenn Cricri hier allen bekannt ist, gibt es im Gebiet der Agglomeration Creil Sud Oise mindestens einen zweiten illustren H\u00f6hlenbewohner. [...]<\/p>","protected":false},"author":3,"featured_media":39127,"comment_status":"closed","ping_status":"open","sticky":false,"template":"","format":"standard","meta":{"_relevanssi_hide_post":"","_relevanssi_hide_content":"","_relevanssi_pin_for_all":"","_relevanssi_pin_keywords":"","_relevanssi_unpin_keywords":"","_relevanssi_related_keywords":"","_relevanssi_related_include_ids":"","_relevanssi_related_exclude_ids":"","_relevanssi_related_no_append":"","_relevanssi_related_not_related":"","_relevanssi_related_posts":"36660,36681,267,38910,37325,32820","_relevanssi_noindex_reason":""},"categories":[3],"tags":[],"yoast_head":"<!-- This site is optimized with the Yoast SEO plugin v20.2.1 - https:\/\/yoast.com\/wordpress\/plugins\/seo\/ -->\n<title>Pierre L&#039;Ermite, l&#039;illustre religieux qui v\u00e9cut \u00e0 Montataire<\/title>\n<meta name=\"description\" content=\"D\u00e9couvrez l&#039;anecdote de la maison troglodyte qui a accueilli Pierre l&#039;Ermite, un illustre religieux qui v\u00e9cut au 11\u00e8me si\u00e8cle.\" \/>\n<meta name=\"robots\" content=\"index, follow, max-snippet:-1, max-image-preview:large, max-video-preview:-1\" \/>\n<link rel=\"canonical\" href=\"https:\/\/www.creilsudoise-tourisme.fr\/de\/2021\/12\/17\/ermite\/\" \/>\n<meta property=\"og:locale\" content=\"de_DE\" \/>\n<meta property=\"og:type\" content=\"article\" \/>\n<meta property=\"og:title\" content=\"Pierre L&#039;Ermite, l&#039;illustre religieux qui v\u00e9cut \u00e0 Montataire\" \/>\n<meta property=\"og:description\" content=\"D\u00e9couvrez l&#039;anecdote de la maison troglodyte qui a accueilli Pierre l&#039;Ermite, un illustre religieux qui v\u00e9cut au 11\u00e8me si\u00e8cle.\" \/>\n<meta property=\"og:url\" content=\"https:\/\/www.creilsudoise-tourisme.fr\/de\/2021\/12\/17\/ermite\/\" \/>\n<meta property=\"og:site_name\" content=\"Office de Tourisme Creil Sud Oise\" \/>\n<meta property=\"article:publisher\" content=\"https:\/\/www.facebook.com\/creilsudoisetourisme\/\" \/>\n<meta property=\"article:published_time\" content=\"2021-12-17T16:01:39+00:00\" \/>\n<meta property=\"article:modified_time\" content=\"2022-01-25T08:09:02+00:00\" \/>\n<meta property=\"og:image\" content=\"https:\/\/www.creilsudoise-tourisme.fr\/wp-content\/uploads\/2021\/12\/93009652_2664967427068866_2075679654601031680_n.jpg\" \/>\n\t<meta property=\"og:image:width\" content=\"1480\" \/>\n\t<meta property=\"og:image:height\" content=\"833\" \/>\n\t<meta property=\"og:image:type\" content=\"image\/jpeg\" \/>\n<meta name=\"author\" content=\"fdubut\" \/>\n<meta name=\"twitter:card\" content=\"summary_large_image\" \/>\n<meta name=\"twitter:creator\" content=\"@CreilSudOiseOT\" \/>\n<meta name=\"twitter:site\" content=\"@CreilSudOiseOT\" \/>\n<meta name=\"twitter:label1\" content=\"Verfasst von\" \/>\n\t<meta name=\"twitter:data1\" content=\"fdubut\" \/>\n\t<meta name=\"twitter:label2\" content=\"Gesch\u00e4tzte Lesezeit\" \/>\n\t<meta name=\"twitter:data2\" content=\"1\u00a0Minute\" \/>\n<script type=\"application\/ld+json\" class=\"yoast-schema-graph\">{\"@context\":\"https:\/\/schema.org\",\"@graph\":[{\"@type\":\"Article\",\"@id\":\"https:\/\/www.creilsudoise-tourisme.fr\/en\/2021\/12\/17\/ermite\/#article\",\"isPartOf\":{\"@id\":\"https:\/\/www.creilsudoise-tourisme.fr\/en\/2021\/12\/17\/ermite\/\"},\"author\":{\"name\":\"fdubut\",\"@id\":\"https:\/\/www.creilsudoise-tourisme.fr\/#\/schema\/person\/c5140d47645b13bee896bfe05f1bd5da\"},\"headline\":\"La grotte de Pierre L&rsquo;Ermite\",\"datePublished\":\"2021-12-17T16:01:39+00:00\",\"dateModified\":\"2022-01-25T08:09:02+00:00\",\"mainEntityOfPage\":{\"@id\":\"https:\/\/www.creilsudoise-tourisme.fr\/en\/2021\/12\/17\/ermite\/\"},\"wordCount\":193,\"publisher\":{\"@id\":\"https:\/\/www.creilsudoise-tourisme.fr\/#organization\"},\"articleSection\":[\"Anecdotes\"],\"inLanguage\":\"de\"},{\"@type\":\"WebPage\",\"@id\":\"https:\/\/www.creilsudoise-tourisme.fr\/en\/2021\/12\/17\/ermite\/\",\"url\":\"https:\/\/www.creilsudoise-tourisme.fr\/en\/2021\/12\/17\/ermite\/\",\"name\":\"Pierre L'Ermite, l'illustre religieux qui v\u00e9cut \u00e0 Montataire\",\"isPartOf\":{\"@id\":\"https:\/\/www.creilsudoise-tourisme.fr\/#website\"},\"datePublished\":\"2021-12-17T16:01:39+00:00\",\"dateModified\":\"2022-01-25T08:09:02+00:00\",\"description\":\"D\u00e9couvrez l'anecdote de la maison troglodyte qui a accueilli Pierre l'Ermite, un illustre religieux qui v\u00e9cut au 11\u00e8me si\u00e8cle.\",\"breadcrumb\":{\"@id\":\"https:\/\/www.creilsudoise-tourisme.fr\/en\/2021\/12\/17\/ermite\/#breadcrumb\"},\"inLanguage\":\"de\",\"potentialAction\":[{\"@type\":\"ReadAction\",\"target\":[\"https:\/\/www.creilsudoise-tourisme.fr\/en\/2021\/12\/17\/ermite\/\"]}]},{\"@type\":\"BreadcrumbList\",\"@id\":\"https:\/\/www.creilsudoise-tourisme.fr\/en\/2021\/12\/17\/ermite\/#breadcrumb\",\"itemListElement\":[{\"@type\":\"ListItem\",\"position\":1,\"name\":\"Accueil\",\"item\":\"https:\/\/www.creilsudoise-tourisme.fr\/\"},{\"@type\":\"ListItem\",\"position\":2,\"name\":\"La grotte de Pierre L&rsquo;Ermite\"}]},{\"@type\":\"WebSite\",\"@id\":\"https:\/\/www.creilsudoise-tourisme.fr\/#website\",\"url\":\"https:\/\/www.creilsudoise-tourisme.fr\/\",\"name\":\"Office de Tourisme Creil Sud Oise\",\"description\":\"Creil Sud Oise Tourisme, un territoire \u00e0 explorer !\",\"publisher\":{\"@id\":\"https:\/\/www.creilsudoise-tourisme.fr\/#organization\"},\"potentialAction\":[{\"@type\":\"SearchAction\",\"target\":{\"@type\":\"EntryPoint\",\"urlTemplate\":\"https:\/\/www.creilsudoise-tourisme.fr\/?s={search_term_string}\"},\"query-input\":\"required name=search_term_string\"}],\"inLanguage\":\"de\"},{\"@type\":\"Organization\",\"@id\":\"https:\/\/www.creilsudoise-tourisme.fr\/#organization\",\"name\":\"Creil Sud Oise Tourisme\",\"url\":\"https:\/\/www.creilsudoise-tourisme.fr\/\",\"logo\":{\"@type\":\"ImageObject\",\"inLanguage\":\"de\",\"@id\":\"https:\/\/www.creilsudoise-tourisme.fr\/#\/schema\/logo\/image\/\",\"url\":\"https:\/\/www.creilsudoise-tourisme.fr\/wp-content\/uploads\/2021\/05\/logo-svg.png\",\"contentUrl\":\"https:\/\/www.creilsudoise-tourisme.fr\/wp-content\/uploads\/2021\/05\/logo-svg.png\",\"width\":182,\"height\":71,\"caption\":\"Creil Sud Oise Tourisme\"},\"image\":{\"@id\":\"https:\/\/www.creilsudoise-tourisme.fr\/#\/schema\/logo\/image\/\"},\"sameAs\":[\"https:\/\/www.facebook.com\/creilsudoisetourisme\/\",\"https:\/\/twitter.com\/CreilSudOiseOT\",\"https:\/\/www.instagram.com\/creilsudoisetourisme\/\",\"https:\/\/www.youtube.com\/channel\/UC8L_QD2wwyADW14zt9fY8kw\"]},{\"@type\":\"Person\",\"@id\":\"https:\/\/www.creilsudoise-tourisme.fr\/#\/schema\/person\/c5140d47645b13bee896bfe05f1bd5da\",\"name\":\"fdubut\",\"image\":{\"@type\":\"ImageObject\",\"inLanguage\":\"de\",\"@id\":\"https:\/\/www.creilsudoise-tourisme.fr\/#\/schema\/person\/image\/\",\"url\":\"https:\/\/secure.gravatar.com\/avatar\/c49bb61337bf4556cafdbcb92c18618d?s=96&d=mm&r=g\",\"contentUrl\":\"https:\/\/secure.gravatar.com\/avatar\/c49bb61337bf4556cafdbcb92c18618d?s=96&d=mm&r=g\",\"caption\":\"fdubut\"},\"url\":\"https:\/\/www.creilsudoise-tourisme.fr\/de\/auteur\/fdubut\/\"}]}<\/script>\n<!-- \/ Yoast SEO plugin. -->","yoast_head_json":{"title":"Pierre L'Ermite, l'illustre religieux qui v\u00e9cut \u00e0 Montataire","description":"D\u00e9couvrez l'anecdote de la maison troglodyte qui a accueilli Pierre l'Ermite, un illustre religieux qui v\u00e9cut au 11\u00e8me si\u00e8cle.","robots":{"index":"index","follow":"follow","max-snippet":"max-snippet:-1","max-image-preview":"max-image-preview:large","max-video-preview":"max-video-preview:-1"},"canonical":"https:\/\/www.creilsudoise-tourisme.fr\/de\/2021\/12\/17\/ermite\/","og_locale":"de_DE","og_type":"article","og_title":"Pierre L'Ermite, l'illustre religieux qui v\u00e9cut \u00e0 Montataire","og_description":"D\u00e9couvrez l'anecdote de la maison troglodyte qui a accueilli Pierre l'Ermite, un illustre religieux qui v\u00e9cut au 11\u00e8me si\u00e8cle.","og_url":"https:\/\/www.creilsudoise-tourisme.fr\/de\/2021\/12\/17\/ermite\/","og_site_name":"Office de Tourisme Creil Sud Oise","article_publisher":"https:\/\/www.facebook.com\/creilsudoisetourisme\/","article_published_time":"2021-12-17T16:01:39+00:00","article_modified_time":"2022-01-25T08:09:02+00:00","og_image":[{"width":1480,"height":833,"url":"https:\/\/www.creilsudoise-tourisme.fr\/wp-content\/uploads\/2021\/12\/93009652_2664967427068866_2075679654601031680_n.jpg","type":"image\/jpeg"}],"author":"fdubut","twitter_card":"summary_large_image","twitter_creator":"@CreilSudOiseOT","twitter_site":"@CreilSudOiseOT","twitter_misc":{"Verfasst von":"fdubut","Gesch\u00e4tzte Lesezeit":"1\u00a0Minute"},"schema":{"@context":"https:\/\/schema.org","@graph":[{"@type":"Article","@id":"https:\/\/www.creilsudoise-tourisme.fr\/en\/2021\/12\/17\/ermite\/#article","isPartOf":{"@id":"https:\/\/www.creilsudoise-tourisme.fr\/en\/2021\/12\/17\/ermite\/"},"author":{"name":"fdubut","@id":"https:\/\/www.creilsudoise-tourisme.fr\/#\/schema\/person\/c5140d47645b13bee896bfe05f1bd5da"},"headline":"La grotte de Pierre L&rsquo;Ermite","datePublished":"2021-12-17T16:01:39+00:00","dateModified":"2022-01-25T08:09:02+00:00","mainEntityOfPage":{"@id":"https:\/\/www.creilsudoise-tourisme.fr\/en\/2021\/12\/17\/ermite\/"},"wordCount":193,"publisher":{"@id":"https:\/\/www.creilsudoise-tourisme.fr\/#organization"},"articleSection":["Anecdotes"],"inLanguage":"de"},{"@type":"WebPage","@id":"https:\/\/www.creilsudoise-tourisme.fr\/en\/2021\/12\/17\/ermite\/","url":"https:\/\/www.creilsudoise-tourisme.fr\/en\/2021\/12\/17\/ermite\/","name":"Pierre L'Ermite, l'illustre religieux qui v\u00e9cut \u00e0 Montataire","isPartOf":{"@id":"https:\/\/www.creilsudoise-tourisme.fr\/#website"},"datePublished":"2021-12-17T16:01:39+00:00","dateModified":"2022-01-25T08:09:02+00:00","description":"D\u00e9couvrez l'anecdote de la maison troglodyte qui a accueilli Pierre l'Ermite, un illustre religieux qui v\u00e9cut au 11\u00e8me si\u00e8cle.","breadcrumb":{"@id":"https:\/\/www.creilsudoise-tourisme.fr\/en\/2021\/12\/17\/ermite\/#breadcrumb"},"inLanguage":"de","potentialAction":[{"@type":"ReadAction","target":["https:\/\/www.creilsudoise-tourisme.fr\/en\/2021\/12\/17\/ermite\/"]}]},{"@type":"BreadcrumbList","@id":"https:\/\/www.creilsudoise-tourisme.fr\/en\/2021\/12\/17\/ermite\/#breadcrumb","itemListElement":[{"@type":"ListItem","position":1,"name":"Accueil","item":"https:\/\/www.creilsudoise-tourisme.fr\/"},{"@type":"ListItem","position":2,"name":"La grotte de Pierre L&rsquo;Ermite"}]},{"@type":"WebSite","@id":"https:\/\/www.creilsudoise-tourisme.fr\/#website","url":"https:\/\/www.creilsudoise-tourisme.fr\/","name":"Office de Tourisme Creil Sud Oise","description":"Creil Sud Oise Tourisme, un territoire \u00e0 explorer !","publisher":{"@id":"https:\/\/www.creilsudoise-tourisme.fr\/#organization"},"potentialAction":[{"@type":"SearchAction","target":{"@type":"EntryPoint","urlTemplate":"https:\/\/www.creilsudoise-tourisme.fr\/?s={search_term_string}"},"query-input":"required name=search_term_string"}],"inLanguage":"de"},{"@type":"Organization","@id":"https:\/\/www.creilsudoise-tourisme.fr\/#organization","name":"Creil Sud Oise Tourisme","url":"https:\/\/www.creilsudoise-tourisme.fr\/","logo":{"@type":"ImageObject","inLanguage":"de","@id":"https:\/\/www.creilsudoise-tourisme.fr\/#\/schema\/logo\/image\/","url":"https:\/\/www.creilsudoise-tourisme.fr\/wp-content\/uploads\/2021\/05\/logo-svg.png","contentUrl":"https:\/\/www.creilsudoise-tourisme.fr\/wp-content\/uploads\/2021\/05\/logo-svg.png","width":182,"height":71,"caption":"Creil Sud Oise Tourisme"},"image":{"@id":"https:\/\/www.creilsudoise-tourisme.fr\/#\/schema\/logo\/image\/"},"sameAs":["https:\/\/www.facebook.com\/creilsudoisetourisme\/","https:\/\/twitter.com\/CreilSudOiseOT","https:\/\/www.instagram.com\/creilsudoisetourisme\/","https:\/\/www.youtube.com\/channel\/UC8L_QD2wwyADW14zt9fY8kw"]},{"@type":"Person","@id":"https:\/\/www.creilsudoise-tourisme.fr\/#\/schema\/person\/c5140d47645b13bee896bfe05f1bd5da","name":"fdubut","image":{"@type":"ImageObject","inLanguage":"de","@id":"https:\/\/www.creilsudoise-tourisme.fr\/#\/schema\/person\/image\/","url":"https:\/\/secure.gravatar.com\/avatar\/c49bb61337bf4556cafdbcb92c18618d?s=96&d=mm&r=g","contentUrl":"https:\/\/secure.gravatar.com\/avatar\/c49bb61337bf4556cafdbcb92c18618d?s=96&d=mm&r=g","caption":"fdubut"},"url":"https:\/\/www.creilsudoise-tourisme.fr\/de\/auteur\/fdubut\/"}]}},"_links":{"self":[{"href":"https:\/\/www.creilsudoise-tourisme.fr\/de\/wp-json\/wp\/v2\/posts\/39126"}],"collection":[{"href":"https:\/\/www.creilsudoise-tourisme.fr\/de\/wp-json\/wp\/v2\/posts"}],"about":[{"href":"https:\/\/www.creilsudoise-tourisme.fr\/de\/wp-json\/wp\/v2\/types\/post"}],"author":[{"embeddable":true,"href":"https:\/\/www.creilsudoise-tourisme.fr\/de\/wp-json\/wp\/v2\/users\/3"}],"replies":[{"embeddable":true,"href":"https:\/\/www.creilsudoise-tourisme.fr\/de\/wp-json\/wp\/v2\/comments?post=39126"}],"version-history":[{"count":3,"href":"https:\/\/www.creilsudoise-tourisme.fr\/de\/wp-json\/wp\/v2\/posts\/39126\/revisions"}],"predecessor-version":[{"id":39130,"href":"https:\/\/www.creilsudoise-tourisme.fr\/de\/wp-json\/wp\/v2\/posts\/39126\/revisions\/39130"}],"wp:featuredmedia":[{"embeddable":true,"href":"https:\/\/www.creilsudoise-tourisme.fr\/de\/wp-json\/wp\/v2\/media\/39127"}],"wp:attachment":[{"href":"https:\/\/www.creilsudoise-tourisme.fr\/de\/wp-json\/wp\/v2\/media?parent=39126"}],"wp:term":[{"taxonomy":"category","embeddable":true,"href":"https:\/\/www.creilsudoise-tourisme.fr\/de\/wp-json\/wp\/v2\/categories?post=39126"},{"taxonomy":"post_tag","embeddable":true,"href":"https:\/\/www.creilsudoise-tourisme.fr\/de\/wp-json\/wp\/v2\/tags?post=39126"}],"curies":[{"name":"wp","href":"https:\/\/api.w.org\/{rel}","templated":true}]}}