{"id":38928,"date":"2021-11-30T11:30:40","date_gmt":"2021-11-30T10:30:40","guid":{"rendered":"https:\/\/www.creilsudoise-tourisme.fr\/?p=38928"},"modified":"2022-01-25T09:09:12","modified_gmt":"2022-01-25T08:09:12","slug":"etymologie-2","status":"publish","type":"post","link":"https:\/\/www.creilsudoise-tourisme.fr\/de\/2021\/11\/30\/etymologie-2\/","title":{"rendered":"Etymologie: Creil, Nogent-sur-Oise"},"content":{"rendered":"<p class=\"is-style-excerpt\">Haben Sie sich jemals gefragt\u00a0<strong>woher der Name Ihrer Gemeinde stammt<\/strong>\u00a0? Nun, wir werden versuchen, diese Frage mit einigen Hinweisen zu beantworten. In dieser Anekdote werden wir herausfinden\u00a0<strong>Creil\u00a0<\/strong>und\u00a0<strong>Nogent-sur-Oise<\/strong> !<\/p>\n\n\n\n<h2>Creil<\/h2>\n\n\n\n<p>Der Name der Stadt von <strong>erscheint zum ersten Mal in einem Text im Jahr 656<\/strong> unter dem Namen <strong>Criolo, Crioilum um 672 <\/strong>und anschlie\u00dfend in der Form <strong>Credilium im Jahr 851<\/strong>.<\/p>\n\n\n\n<p>Das Auftreten des \"\u00a0<strong>eil\u00a0<\/strong>\"Der Grund daf\u00fcr liegt wahrscheinlich darin, dass sich sein Abschluss im Laufe der Jahre ver\u00e4ndert hat. <strong>gallisch \"iolo\", was \"gerodete Stelle, Lichtung\" bedeutete <\/strong>bevor sie die Bedeutung von \". <strong>Dorf<\/strong> \". In der Regel gibt er das Finale <strong>\"euil\" oder \"ueil\" in Nordfrankreich<\/strong>In Ausnahmef\u00e4llen findet man <strong>\" eil \"<\/strong> (oder auch Corbo-ialum, das zu Corbeil wurde).<\/p>\n\n\n\n<p>Die Identifizierung der <strong>Wurzel \"Schrei\" k\u00f6nnte \"Herz\" bedeuten<\/strong>und hat seine Wurzeln in<strong> der alte Ire schreit \"Herz\"<\/strong> und der<strong> bretonisch kreiz \"Mitte, Mitte\"<\/strong>. Man kann dann <strong>sich vorstellen, dass Creil schon fr\u00fch ein Dorf von einiger Bedeutung war<\/strong>Das Dorf im Zentrum, im Herzen\".<\/p>\n\n\n\n<p><strong>Andere Spuren <\/strong>f\u00fchren uns dennoch zu einer anderen Inspiration, die uns auf die<strong>DNA des Territoriums<\/strong> : unsere<strong> Steinbr\u00fcche<\/strong>Dies war \u00fcber viele Jahrhunderte hinweg die wichtigste wirtschaftliche Aktivit\u00e4t des Ballungsraums. Creil w\u00fcrde dann<strong> seinen Ursprung im lateinischen Wort \"creta\" f\u00fcr \"Kreide\". <\/strong><\/p>\n\n\n\n<p>Es scheint jedoch keinen Konsens in dieser Frage zu geben, sodass der Name der Gemeinde vorerst ein R\u00e4tsel bleibt.<\/p>\n\n\n\n<figure class=\"wp-block-image size-large\"><img decoding=\"async\" loading=\"lazy\" width=\"1200\" height=\"762\" data-src=\"https:\/\/www.creilsudoise-tourisme.fr\/wp-content\/uploads\/2021\/11\/Creil-Le-marche-1200x762.jpg\" alt=\"Markt in Creil\" class=\"wp-image-38931\" data-srcset=\"https:\/\/www.creilsudoise-tourisme.fr\/wp-content\/uploads\/2021\/11\/Creil-Le-marche-1200x762.jpg 1200w, https:\/\/www.creilsudoise-tourisme.fr\/wp-content\/uploads\/2021\/11\/Creil-Le-marche-600x381.jpg 600w, https:\/\/www.creilsudoise-tourisme.fr\/wp-content\/uploads\/2021\/11\/Creil-Le-marche-900x572.jpg 900w, https:\/\/www.creilsudoise-tourisme.fr\/wp-content\/uploads\/2021\/11\/Creil-Le-marche-1536x975.jpg 1536w, https:\/\/www.creilsudoise-tourisme.fr\/wp-content\/uploads\/2021\/11\/Creil-Le-marche-200x127.jpg 200w, https:\/\/www.creilsudoise-tourisme.fr\/wp-content\/uploads\/2021\/11\/Creil-Le-marche-650x413.jpg 650w, https:\/\/www.creilsudoise-tourisme.fr\/wp-content\/uploads\/2021\/11\/Creil-Le-marche-387x246.jpg 387w, https:\/\/www.creilsudoise-tourisme.fr\/wp-content\/uploads\/2021\/11\/Creil-Le-marche.jpg 1836w\" sizes=\"(max-width: 1200px) 100vw, 1200px\" \/><\/figure>\n\n\n\n<h2>Nogent-sur-Oise<\/h2>\n\n\n\n<p>Es ist schwer vorstellbar, dass sich hinter diesem Namen in Wirklichkeit die Geschichte einer sehr einzigartigen Legende verbirgt. Und das ist auch kein Wunder, denn <strong>Nogent-sur-Oise trug fr\u00fcher den Namen Nogent-les-vierges.<\/strong><\/p>\n\n\n\n<p>Der Name <strong>Nogent soll von Novientum abstammen, was \"neues Gebiet\" bedeutet.<\/strong> in der gallischen Sprache, aber das Geheimnis verbirgt sich eher hinter den Begriffen <strong>\"die Jungfrauen\", was auf die Legende von Sainte-Maure und Sainte-Brigide hinweist<\/strong>T\u00f6chter von Ella, dem K\u00f6nig von Schottland im 5.<sup>\u00e8me<\/sup> Jahrhundert und vollbringen auf einer gro\u00dfen Reise, die in Balagny-sur-Th\u00e9rain endet, wo sie sterben, zahlreiche Wunder (die ihnen das Augenlicht und das Leben zur\u00fcckgeben).<\/p>\n\n\n\n<p>Aber es ist im 7<sup>\u00e8me<\/sup> Jahrhundert, als die Legende der Gemeinde erstmals richtig gepr\u00e4gt wurde.<strong> K\u00f6nigin Bathilde, die Frau von Chlodwig II., begann, die \u00dcberreste von Sainte-Maure und Sainte-Brigide in ihre Abtei zur\u00fcckzubringen.<\/strong>. Auf dem R\u00fccken von Ochsen transportiert,<strong> \u00e4nderten die Tiere ihren Kurs, um zum Fu\u00df der Kirche von Nogent zu gelangen und sich dort hinzulegen.<\/strong> Im selben Moment begannen die Glocken zu l\u00e4uten. Die K\u00f6nigin sah darin ein g\u00f6ttliches Zeichen und fasste den Entschluss <strong>die sterblichen \u00dcberreste von Maure und Brigide auf dem Friedhof der Kirche zu beerdigen.<\/strong><\/p>\n\n\n\n<figure class=\"wp-block-image size-large\"><img decoding=\"async\" loading=\"lazy\" width=\"916\" height=\"606\" data-src=\"https:\/\/www.creilsudoise-tourisme.fr\/wp-content\/uploads\/2021\/11\/Nogent-sur-Oise.jpg\" alt=\"Nogent-sur-Oise\" class=\"wp-image-38933\" data-srcset=\"https:\/\/www.creilsudoise-tourisme.fr\/wp-content\/uploads\/2021\/11\/Nogent-sur-Oise.jpg 916w, https:\/\/www.creilsudoise-tourisme.fr\/wp-content\/uploads\/2021\/11\/Nogent-sur-Oise-600x397.jpg 600w, https:\/\/www.creilsudoise-tourisme.fr\/wp-content\/uploads\/2021\/11\/Nogent-sur-Oise-900x595.jpg 900w, https:\/\/www.creilsudoise-tourisme.fr\/wp-content\/uploads\/2021\/11\/Nogent-sur-Oise-200x132.jpg 200w, https:\/\/www.creilsudoise-tourisme.fr\/wp-content\/uploads\/2021\/11\/Nogent-sur-Oise-650x430.jpg 650w, https:\/\/www.creilsudoise-tourisme.fr\/wp-content\/uploads\/2021\/11\/Nogent-sur-Oise-387x256.jpg 387w\" sizes=\"(max-width: 916px) 100vw, 916px\" \/><\/figure>\n\n\n\n<hr class=\"wp-block-separator\"\/>","protected":false},"excerpt":{"rendered":"<p>Haben Sie sich schon einmal gefragt, woher der Name Ihrer Gemeinde kommt? Nun, wir werden versuchen, diese Frage mit einigen Hinweisen zu beantworten. In dieser Anekdote werden wir Creil und Nogent-sur-Oise kennenlernen! Creil Der Name der Stadt de taucht zum ersten Mal in einem Text im Jahr 656 unter dem Namen Criolo auf, Crioilum um 672 und sp\u00e4ter [...].<\/p>","protected":false},"author":3,"featured_media":38931,"comment_status":"closed","ping_status":"open","sticky":false,"template":"","format":"standard","meta":{"_relevanssi_hide_post":"","_relevanssi_hide_content":"","_relevanssi_pin_for_all":"","_relevanssi_pin_keywords":"","_relevanssi_unpin_keywords":"","_relevanssi_related_keywords":"","_relevanssi_related_include_ids":"","_relevanssi_related_exclude_ids":"","_relevanssi_related_no_append":"","_relevanssi_related_not_related":"","_relevanssi_related_posts":"36660,38921,37307,36690,37046,38910","_relevanssi_noindex_reason":""},"categories":[3],"tags":[],"yoast_head":"<!-- This site is optimized with the Yoast SEO plugin v20.2.1 - https:\/\/yoast.com\/wordpress\/plugins\/seo\/ -->\n<title>Anecdote : l&#039;\u00e9tymologie de Creil et de Nogent-sur-Oise<\/title>\n<meta name=\"description\" content=\"D\u00e9couvrez l&#039;origine des noms des villes de Creil et de Nogent-sur-Oise \u00e0 travers une anecdote concoct\u00e9e par l&#039;Office de Tourisme !\" \/>\n<meta name=\"robots\" content=\"index, follow, max-snippet:-1, max-image-preview:large, max-video-preview:-1\" \/>\n<link rel=\"canonical\" href=\"https:\/\/www.creilsudoise-tourisme.fr\/de\/2021\/11\/30\/etymologie-2\/\" \/>\n<meta property=\"og:locale\" content=\"de_DE\" \/>\n<meta property=\"og:type\" content=\"article\" \/>\n<meta property=\"og:title\" content=\"Anecdote : l&#039;\u00e9tymologie de Creil et de Nogent-sur-Oise\" \/>\n<meta property=\"og:description\" content=\"D\u00e9couvrez l&#039;origine des noms des villes de Creil et de Nogent-sur-Oise \u00e0 travers une anecdote concoct\u00e9e par l&#039;Office de Tourisme !\" \/>\n<meta property=\"og:url\" content=\"https:\/\/www.creilsudoise-tourisme.fr\/de\/2021\/11\/30\/etymologie-2\/\" \/>\n<meta property=\"og:site_name\" content=\"Office de Tourisme Creil Sud Oise\" \/>\n<meta property=\"article:publisher\" content=\"https:\/\/www.facebook.com\/creilsudoisetourisme\/\" \/>\n<meta property=\"article:published_time\" content=\"2021-11-30T10:30:40+00:00\" \/>\n<meta property=\"article:modified_time\" content=\"2022-01-25T08:09:12+00:00\" \/>\n<meta property=\"og:image\" content=\"https:\/\/www.creilsudoise-tourisme.fr\/wp-content\/uploads\/2021\/11\/Creil-Le-marche.jpg\" \/>\n\t<meta property=\"og:image:width\" content=\"1836\" \/>\n\t<meta property=\"og:image:height\" content=\"1166\" \/>\n\t<meta property=\"og:image:type\" content=\"image\/jpeg\" \/>\n<meta name=\"author\" content=\"fdubut\" \/>\n<meta name=\"twitter:card\" content=\"summary_large_image\" \/>\n<meta name=\"twitter:creator\" content=\"@CreilSudOiseOT\" \/>\n<meta name=\"twitter:site\" content=\"@CreilSudOiseOT\" \/>\n<meta name=\"twitter:label1\" content=\"Verfasst von\" \/>\n\t<meta name=\"twitter:data1\" content=\"fdubut\" \/>\n\t<meta name=\"twitter:label2\" content=\"Gesch\u00e4tzte Lesezeit\" \/>\n\t<meta name=\"twitter:data2\" content=\"3\u00a0Minuten\" \/>\n<script type=\"application\/ld+json\" class=\"yoast-schema-graph\">{\"@context\":\"https:\/\/schema.org\",\"@graph\":[{\"@type\":\"Article\",\"@id\":\"https:\/\/www.creilsudoise-tourisme.fr\/en\/2021\/11\/30\/etymologie-2\/#article\",\"isPartOf\":{\"@id\":\"https:\/\/www.creilsudoise-tourisme.fr\/en\/2021\/11\/30\/etymologie-2\/\"},\"author\":{\"name\":\"fdubut\",\"@id\":\"https:\/\/www.creilsudoise-tourisme.fr\/#\/schema\/person\/c5140d47645b13bee896bfe05f1bd5da\"},\"headline\":\"\u00c9tymologie : Creil, Nogent-sur-Oise\",\"datePublished\":\"2021-11-30T10:30:40+00:00\",\"dateModified\":\"2022-01-25T08:09:12+00:00\",\"mainEntityOfPage\":{\"@id\":\"https:\/\/www.creilsudoise-tourisme.fr\/en\/2021\/11\/30\/etymologie-2\/\"},\"wordCount\":466,\"publisher\":{\"@id\":\"https:\/\/www.creilsudoise-tourisme.fr\/#organization\"},\"articleSection\":[\"Anecdotes\"],\"inLanguage\":\"de\"},{\"@type\":\"WebPage\",\"@id\":\"https:\/\/www.creilsudoise-tourisme.fr\/en\/2021\/11\/30\/etymologie-2\/\",\"url\":\"https:\/\/www.creilsudoise-tourisme.fr\/en\/2021\/11\/30\/etymologie-2\/\",\"name\":\"Anecdote : l'\u00e9tymologie de Creil et de Nogent-sur-Oise\",\"isPartOf\":{\"@id\":\"https:\/\/www.creilsudoise-tourisme.fr\/#website\"},\"datePublished\":\"2021-11-30T10:30:40+00:00\",\"dateModified\":\"2022-01-25T08:09:12+00:00\",\"description\":\"D\u00e9couvrez l'origine des noms des villes de Creil et de Nogent-sur-Oise \u00e0 travers une anecdote concoct\u00e9e par l'Office de Tourisme !\",\"breadcrumb\":{\"@id\":\"https:\/\/www.creilsudoise-tourisme.fr\/en\/2021\/11\/30\/etymologie-2\/#breadcrumb\"},\"inLanguage\":\"de\",\"potentialAction\":[{\"@type\":\"ReadAction\",\"target\":[\"https:\/\/www.creilsudoise-tourisme.fr\/en\/2021\/11\/30\/etymologie-2\/\"]}]},{\"@type\":\"BreadcrumbList\",\"@id\":\"https:\/\/www.creilsudoise-tourisme.fr\/en\/2021\/11\/30\/etymologie-2\/#breadcrumb\",\"itemListElement\":[{\"@type\":\"ListItem\",\"position\":1,\"name\":\"Accueil\",\"item\":\"https:\/\/www.creilsudoise-tourisme.fr\/\"},{\"@type\":\"ListItem\",\"position\":2,\"name\":\"\u00c9tymologie : Creil, Nogent-sur-Oise\"}]},{\"@type\":\"WebSite\",\"@id\":\"https:\/\/www.creilsudoise-tourisme.fr\/#website\",\"url\":\"https:\/\/www.creilsudoise-tourisme.fr\/\",\"name\":\"Office de Tourisme Creil Sud Oise\",\"description\":\"Creil Sud Oise Tourisme, un territoire \u00e0 explorer !\",\"publisher\":{\"@id\":\"https:\/\/www.creilsudoise-tourisme.fr\/#organization\"},\"potentialAction\":[{\"@type\":\"SearchAction\",\"target\":{\"@type\":\"EntryPoint\",\"urlTemplate\":\"https:\/\/www.creilsudoise-tourisme.fr\/?s={search_term_string}\"},\"query-input\":\"required name=search_term_string\"}],\"inLanguage\":\"de\"},{\"@type\":\"Organization\",\"@id\":\"https:\/\/www.creilsudoise-tourisme.fr\/#organization\",\"name\":\"Creil Sud Oise Tourisme\",\"url\":\"https:\/\/www.creilsudoise-tourisme.fr\/\",\"logo\":{\"@type\":\"ImageObject\",\"inLanguage\":\"de\",\"@id\":\"https:\/\/www.creilsudoise-tourisme.fr\/#\/schema\/logo\/image\/\",\"url\":\"https:\/\/www.creilsudoise-tourisme.fr\/wp-content\/uploads\/2021\/05\/logo-svg.png\",\"contentUrl\":\"https:\/\/www.creilsudoise-tourisme.fr\/wp-content\/uploads\/2021\/05\/logo-svg.png\",\"width\":182,\"height\":71,\"caption\":\"Creil Sud Oise Tourisme\"},\"image\":{\"@id\":\"https:\/\/www.creilsudoise-tourisme.fr\/#\/schema\/logo\/image\/\"},\"sameAs\":[\"https:\/\/www.facebook.com\/creilsudoisetourisme\/\",\"https:\/\/twitter.com\/CreilSudOiseOT\",\"https:\/\/www.instagram.com\/creilsudoisetourisme\/\",\"https:\/\/www.youtube.com\/channel\/UC8L_QD2wwyADW14zt9fY8kw\"]},{\"@type\":\"Person\",\"@id\":\"https:\/\/www.creilsudoise-tourisme.fr\/#\/schema\/person\/c5140d47645b13bee896bfe05f1bd5da\",\"name\":\"fdubut\",\"image\":{\"@type\":\"ImageObject\",\"inLanguage\":\"de\",\"@id\":\"https:\/\/www.creilsudoise-tourisme.fr\/#\/schema\/person\/image\/\",\"url\":\"https:\/\/secure.gravatar.com\/avatar\/c49bb61337bf4556cafdbcb92c18618d?s=96&d=mm&r=g\",\"contentUrl\":\"https:\/\/secure.gravatar.com\/avatar\/c49bb61337bf4556cafdbcb92c18618d?s=96&d=mm&r=g\",\"caption\":\"fdubut\"},\"url\":\"https:\/\/www.creilsudoise-tourisme.fr\/de\/auteur\/fdubut\/\"}]}<\/script>\n<!-- \/ Yoast SEO plugin. -->","yoast_head_json":{"title":"Anecdote : l'\u00e9tymologie de Creil et de Nogent-sur-Oise","description":"D\u00e9couvrez l'origine des noms des villes de Creil et de Nogent-sur-Oise \u00e0 travers une anecdote concoct\u00e9e par l'Office de Tourisme !","robots":{"index":"index","follow":"follow","max-snippet":"max-snippet:-1","max-image-preview":"max-image-preview:large","max-video-preview":"max-video-preview:-1"},"canonical":"https:\/\/www.creilsudoise-tourisme.fr\/de\/2021\/11\/30\/etymologie-2\/","og_locale":"de_DE","og_type":"article","og_title":"Anecdote : l'\u00e9tymologie de Creil et de Nogent-sur-Oise","og_description":"D\u00e9couvrez l'origine des noms des villes de Creil et de Nogent-sur-Oise \u00e0 travers une anecdote concoct\u00e9e par l'Office de Tourisme !","og_url":"https:\/\/www.creilsudoise-tourisme.fr\/de\/2021\/11\/30\/etymologie-2\/","og_site_name":"Office de Tourisme Creil Sud Oise","article_publisher":"https:\/\/www.facebook.com\/creilsudoisetourisme\/","article_published_time":"2021-11-30T10:30:40+00:00","article_modified_time":"2022-01-25T08:09:12+00:00","og_image":[{"width":1836,"height":1166,"url":"https:\/\/www.creilsudoise-tourisme.fr\/wp-content\/uploads\/2021\/11\/Creil-Le-marche.jpg","type":"image\/jpeg"}],"author":"fdubut","twitter_card":"summary_large_image","twitter_creator":"@CreilSudOiseOT","twitter_site":"@CreilSudOiseOT","twitter_misc":{"Verfasst von":"fdubut","Gesch\u00e4tzte Lesezeit":"3\u00a0Minuten"},"schema":{"@context":"https:\/\/schema.org","@graph":[{"@type":"Article","@id":"https:\/\/www.creilsudoise-tourisme.fr\/en\/2021\/11\/30\/etymologie-2\/#article","isPartOf":{"@id":"https:\/\/www.creilsudoise-tourisme.fr\/en\/2021\/11\/30\/etymologie-2\/"},"author":{"name":"fdubut","@id":"https:\/\/www.creilsudoise-tourisme.fr\/#\/schema\/person\/c5140d47645b13bee896bfe05f1bd5da"},"headline":"\u00c9tymologie : Creil, Nogent-sur-Oise","datePublished":"2021-11-30T10:30:40+00:00","dateModified":"2022-01-25T08:09:12+00:00","mainEntityOfPage":{"@id":"https:\/\/www.creilsudoise-tourisme.fr\/en\/2021\/11\/30\/etymologie-2\/"},"wordCount":466,"publisher":{"@id":"https:\/\/www.creilsudoise-tourisme.fr\/#organization"},"articleSection":["Anecdotes"],"inLanguage":"de"},{"@type":"WebPage","@id":"https:\/\/www.creilsudoise-tourisme.fr\/en\/2021\/11\/30\/etymologie-2\/","url":"https:\/\/www.creilsudoise-tourisme.fr\/en\/2021\/11\/30\/etymologie-2\/","name":"Anecdote : l'\u00e9tymologie de Creil et de Nogent-sur-Oise","isPartOf":{"@id":"https:\/\/www.creilsudoise-tourisme.fr\/#website"},"datePublished":"2021-11-30T10:30:40+00:00","dateModified":"2022-01-25T08:09:12+00:00","description":"D\u00e9couvrez l'origine des noms des villes de Creil et de Nogent-sur-Oise \u00e0 travers une anecdote concoct\u00e9e par l'Office de Tourisme !","breadcrumb":{"@id":"https:\/\/www.creilsudoise-tourisme.fr\/en\/2021\/11\/30\/etymologie-2\/#breadcrumb"},"inLanguage":"de","potentialAction":[{"@type":"ReadAction","target":["https:\/\/www.creilsudoise-tourisme.fr\/en\/2021\/11\/30\/etymologie-2\/"]}]},{"@type":"BreadcrumbList","@id":"https:\/\/www.creilsudoise-tourisme.fr\/en\/2021\/11\/30\/etymologie-2\/#breadcrumb","itemListElement":[{"@type":"ListItem","position":1,"name":"Accueil","item":"https:\/\/www.creilsudoise-tourisme.fr\/"},{"@type":"ListItem","position":2,"name":"\u00c9tymologie : Creil, Nogent-sur-Oise"}]},{"@type":"WebSite","@id":"https:\/\/www.creilsudoise-tourisme.fr\/#website","url":"https:\/\/www.creilsudoise-tourisme.fr\/","name":"Office de Tourisme Creil Sud Oise","description":"Creil Sud Oise Tourisme, un territoire \u00e0 explorer !","publisher":{"@id":"https:\/\/www.creilsudoise-tourisme.fr\/#organization"},"potentialAction":[{"@type":"SearchAction","target":{"@type":"EntryPoint","urlTemplate":"https:\/\/www.creilsudoise-tourisme.fr\/?s={search_term_string}"},"query-input":"required name=search_term_string"}],"inLanguage":"de"},{"@type":"Organization","@id":"https:\/\/www.creilsudoise-tourisme.fr\/#organization","name":"Creil Sud Oise Tourisme","url":"https:\/\/www.creilsudoise-tourisme.fr\/","logo":{"@type":"ImageObject","inLanguage":"de","@id":"https:\/\/www.creilsudoise-tourisme.fr\/#\/schema\/logo\/image\/","url":"https:\/\/www.creilsudoise-tourisme.fr\/wp-content\/uploads\/2021\/05\/logo-svg.png","contentUrl":"https:\/\/www.creilsudoise-tourisme.fr\/wp-content\/uploads\/2021\/05\/logo-svg.png","width":182,"height":71,"caption":"Creil Sud Oise Tourisme"},"image":{"@id":"https:\/\/www.creilsudoise-tourisme.fr\/#\/schema\/logo\/image\/"},"sameAs":["https:\/\/www.facebook.com\/creilsudoisetourisme\/","https:\/\/twitter.com\/CreilSudOiseOT","https:\/\/www.instagram.com\/creilsudoisetourisme\/","https:\/\/www.youtube.com\/channel\/UC8L_QD2wwyADW14zt9fY8kw"]},{"@type":"Person","@id":"https:\/\/www.creilsudoise-tourisme.fr\/#\/schema\/person\/c5140d47645b13bee896bfe05f1bd5da","name":"fdubut","image":{"@type":"ImageObject","inLanguage":"de","@id":"https:\/\/www.creilsudoise-tourisme.fr\/#\/schema\/person\/image\/","url":"https:\/\/secure.gravatar.com\/avatar\/c49bb61337bf4556cafdbcb92c18618d?s=96&d=mm&r=g","contentUrl":"https:\/\/secure.gravatar.com\/avatar\/c49bb61337bf4556cafdbcb92c18618d?s=96&d=mm&r=g","caption":"fdubut"},"url":"https:\/\/www.creilsudoise-tourisme.fr\/de\/auteur\/fdubut\/"}]}},"_links":{"self":[{"href":"https:\/\/www.creilsudoise-tourisme.fr\/de\/wp-json\/wp\/v2\/posts\/38928"}],"collection":[{"href":"https:\/\/www.creilsudoise-tourisme.fr\/de\/wp-json\/wp\/v2\/posts"}],"about":[{"href":"https:\/\/www.creilsudoise-tourisme.fr\/de\/wp-json\/wp\/v2\/types\/post"}],"author":[{"embeddable":true,"href":"https:\/\/www.creilsudoise-tourisme.fr\/de\/wp-json\/wp\/v2\/users\/3"}],"replies":[{"embeddable":true,"href":"https:\/\/www.creilsudoise-tourisme.fr\/de\/wp-json\/wp\/v2\/comments?post=38928"}],"version-history":[{"count":2,"href":"https:\/\/www.creilsudoise-tourisme.fr\/de\/wp-json\/wp\/v2\/posts\/38928\/revisions"}],"predecessor-version":[{"id":38935,"href":"https:\/\/www.creilsudoise-tourisme.fr\/de\/wp-json\/wp\/v2\/posts\/38928\/revisions\/38935"}],"wp:featuredmedia":[{"embeddable":true,"href":"https:\/\/www.creilsudoise-tourisme.fr\/de\/wp-json\/wp\/v2\/media\/38931"}],"wp:attachment":[{"href":"https:\/\/www.creilsudoise-tourisme.fr\/de\/wp-json\/wp\/v2\/media?parent=38928"}],"wp:term":[{"taxonomy":"category","embeddable":true,"href":"https:\/\/www.creilsudoise-tourisme.fr\/de\/wp-json\/wp\/v2\/categories?post=38928"},{"taxonomy":"post_tag","embeddable":true,"href":"https:\/\/www.creilsudoise-tourisme.fr\/de\/wp-json\/wp\/v2\/tags?post=38928"}],"curies":[{"name":"wp","href":"https:\/\/api.w.org\/{rel}","templated":true}]}}