{"id":38921,"date":"2021-11-30T11:18:06","date_gmt":"2021-11-30T10:18:06","guid":{"rendered":"https:\/\/www.creilsudoise-tourisme.fr\/?p=38921"},"modified":"2022-01-25T09:09:16","modified_gmt":"2022-01-25T08:09:16","slug":"saint-nicolas","status":"publish","type":"post","link":"https:\/\/www.creilsudoise-tourisme.fr\/de\/2021\/11\/30\/st-nikolaus\/","title":{"rendered":"Sankt Nikolaus, sehr pr\u00e4sent in Creil Sud Oise"},"content":{"rendered":"<p class=\"is-style-excerpt\">Sankt Nikolaus ist daf\u00fcr bekannt, brave Kinder zu belohnen, aber wussten Sie, dass er auch der Schutzpatron der Schiffer ist? Er ist in Creil Sud Oise stark vertreten und wird seit langem im S\u00fcden der Oise gefeiert!<\/p>\n\n\n\n<h2>St. Nikolaus, der Schutzpatron der braven Kinder<\/h2>\n\n\n\n<p>Am 6. Dezember ist Nikolaustag.<\/p>\n\n\n\n<p><strong>Bekannt daf\u00fcr, gutes Benehmen von Kindern mit Geschenken oder S\u00fc\u00dfigkeiten zu belohnen<\/strong>In vielen Teilen der Welt wird er als Weihnachtsmann gefeiert, manchmal auch in Frankreich. <strong>Lothringen, dessen Schutzpatron er ist.<\/strong><\/p>\n\n\n\n<p>Aber dem Heiligen Nikolaus wird auch eine Rolle zugeschrieben, die vielleicht etwas unbekannter ist und die dennoch eine starke Verbindung zu unserem Gebiet hat: <strong>er ist der Heilige Patron der Binnenschiffer!<\/strong><\/p>\n\n\n\n<h2>St. Nikolaus, der Schutzpatron der Schiffer<\/h2>\n\n\n\n<p>Die<strong> Schifffahrt war bis zum Aufkommen der Eisenbahn ein hochentwickeltes Gewerbe<\/strong>und ist eng mit dem <strong>Welt der Steinbrucharbeiter<\/strong>. Die <strong>Steintransport <\/strong>unserer zahlreichen Karrieren <strong>erfolgte \u00fcber den Fluss Oise<\/strong>Auf Booten, die man als \"\" bezeichnete.\u00a0<strong>Besognes\u00a0<\/strong>\".<\/p>\n\n\n\n<p>Diese <strong>Steine <\/strong>so transportiert <strong>wurden f\u00fcr den Bau verwendet<\/strong> zahlreiche Geb\u00e4ude auf dem Gebiet, <strong>aber auch in Paris<\/strong>.<\/p>\n\n\n\n<h3>Ein sehr pr\u00e4senter Chef in Creil Sud Oise<\/h3>\n\n\n\n<p>So findet man in unseren Kirchen, die mit Steinen aus der Region gebaut wurden, <strong>zahlreiche Hinweise auf St. Nikolaus<\/strong>. <\/p>\n\n\n\n<div class=\"is-layout-flex wp-container-3 wp-block-columns\">\n<div class=\"is-layout-flow wp-block-column\" style=\"flex-basis:33.33%\">\n<p>Ein Beispiel ist der Weiler Barisseuse, unweit von <strong>Saint-Vaast-l\u00e8s-Mello<\/strong>in dem eine <strong>Kapelle namens Notre-Dame-et-Saint-Nicolas<\/strong>.<\/p>\n<\/div>\n\n\n\n<div class=\"is-layout-flow wp-block-column\" style=\"flex-basis:66.66%\">\n<figure class=\"wp-block-image size-large\"><img decoding=\"async\" loading=\"lazy\" width=\"1200\" height=\"900\" data-src=\"https:\/\/www.creilsudoise-tourisme.fr\/wp-content\/uploads\/2021\/11\/Chapelle-de-Barisseuse-1200x900.jpg\" alt=\"\" class=\"wp-image-38923\" data-srcset=\"https:\/\/www.creilsudoise-tourisme.fr\/wp-content\/uploads\/2021\/11\/Chapelle-de-Barisseuse-1200x900.jpg 1200w, https:\/\/www.creilsudoise-tourisme.fr\/wp-content\/uploads\/2021\/11\/Chapelle-de-Barisseuse-600x450.jpg 600w, https:\/\/www.creilsudoise-tourisme.fr\/wp-content\/uploads\/2021\/11\/Chapelle-de-Barisseuse-900x675.jpg 900w, https:\/\/www.creilsudoise-tourisme.fr\/wp-content\/uploads\/2021\/11\/Chapelle-de-Barisseuse-1536x1152.jpg 1536w, https:\/\/www.creilsudoise-tourisme.fr\/wp-content\/uploads\/2021\/11\/Chapelle-de-Barisseuse-200x150.jpg 200w, https:\/\/www.creilsudoise-tourisme.fr\/wp-content\/uploads\/2021\/11\/Chapelle-de-Barisseuse-650x488.jpg 650w, https:\/\/www.creilsudoise-tourisme.fr\/wp-content\/uploads\/2021\/11\/Chapelle-de-Barisseuse-387x290.jpg 387w, https:\/\/www.creilsudoise-tourisme.fr\/wp-content\/uploads\/2021\/11\/Chapelle-de-Barisseuse.jpg 1824w\" sizes=\"(max-width: 1200px) 100vw, 1200px\" \/><\/figure>\n<\/div>\n<\/div>\n\n\n\n<div class=\"is-layout-flex wp-container-6 wp-block-columns\">\n<div class=\"is-layout-flow wp-block-column\" style=\"flex-basis:66.66%\">\n<figure class=\"wp-block-image size-large\"><img decoding=\"async\" loading=\"lazy\" width=\"1138\" height=\"1200\" data-src=\"https:\/\/www.creilsudoise-tourisme.fr\/wp-content\/uploads\/2021\/11\/Abbatiale-Saint-Nicolas-\u00a9-Veronique-Marty-Oise-Tourisme-1138x1200.jpg\" alt=\"\" class=\"wp-image-38924\" data-srcset=\"https:\/\/www.creilsudoise-tourisme.fr\/wp-content\/uploads\/2021\/11\/Abbatiale-Saint-Nicolas-\u00a9-Veronique-Marty-Oise-Tourisme-1138x1200.jpg 1138w, https:\/\/www.creilsudoise-tourisme.fr\/wp-content\/uploads\/2021\/11\/Abbatiale-Saint-Nicolas-\u00a9-Veronique-Marty-Oise-Tourisme-569x600.jpg 569w, https:\/\/www.creilsudoise-tourisme.fr\/wp-content\/uploads\/2021\/11\/Abbatiale-Saint-Nicolas-\u00a9-Veronique-Marty-Oise-Tourisme-854x900.jpg 854w, https:\/\/www.creilsudoise-tourisme.fr\/wp-content\/uploads\/2021\/11\/Abbatiale-Saint-Nicolas-\u00a9-Veronique-Marty-Oise-Tourisme-1457x1536.jpg 1457w, https:\/\/www.creilsudoise-tourisme.fr\/wp-content\/uploads\/2021\/11\/Abbatiale-Saint-Nicolas-\u00a9-Veronique-Marty-Oise-Tourisme-200x211.jpg 200w, https:\/\/www.creilsudoise-tourisme.fr\/wp-content\/uploads\/2021\/11\/Abbatiale-Saint-Nicolas-\u00a9-Veronique-Marty-Oise-Tourisme-650x685.jpg 650w, https:\/\/www.creilsudoise-tourisme.fr\/wp-content\/uploads\/2021\/11\/Abbatiale-Saint-Nicolas-\u00a9-Veronique-Marty-Oise-Tourisme-387x408.jpg 387w, https:\/\/www.creilsudoise-tourisme.fr\/wp-content\/uploads\/2021\/11\/Abbatiale-Saint-Nicolas-\u00a9-Veronique-Marty-Oise-Tourisme.jpg 1765w\" sizes=\"(max-width: 1138px) 100vw, 1138px\" \/><\/figure>\n<\/div>\n\n\n\n<div class=\"is-layout-flow wp-block-column\" style=\"flex-basis:33.33%\">\n<p>\u00c0 <strong>Saint-Leu-d'Esserent<\/strong>Die gro\u00dfe Kirche, die allgemein als \"Abteikirche\" bezeichnet wird, hei\u00dft in Wirklichkeit \"Abteikirche\".<strong>Kirche Saint-Nicolas.<\/strong><\/p>\n<\/div>\n<\/div>\n\n\n\n<p>Im Inneren dieser Kirche befindet sich \u00fcbrigens ein Altarbild aus geschnitztem Stein, das einen Teil der Nikolauslegende mit der ber\u00fchmten Geschichte von der Auferstehung der drei Kinder, die von einem Metzger gefangen gehalten wurden, nachzeichnet.<\/p>\n\n\n\n<figure class=\"wp-block-image size-large\"><img decoding=\"async\" loading=\"lazy\" width=\"1200\" height=\"675\" data-src=\"https:\/\/www.creilsudoise-tourisme.fr\/wp-content\/uploads\/2021\/11\/Retable-Saint-Nicolas-1200x675.jpg\" alt=\"\" class=\"wp-image-38925\" data-srcset=\"https:\/\/www.creilsudoise-tourisme.fr\/wp-content\/uploads\/2021\/11\/Retable-Saint-Nicolas-1200x675.jpg 1200w, https:\/\/www.creilsudoise-tourisme.fr\/wp-content\/uploads\/2021\/11\/Retable-Saint-Nicolas-600x338.jpg 600w, https:\/\/www.creilsudoise-tourisme.fr\/wp-content\/uploads\/2021\/11\/Retable-Saint-Nicolas-900x506.jpg 900w, https:\/\/www.creilsudoise-tourisme.fr\/wp-content\/uploads\/2021\/11\/Retable-Saint-Nicolas-1536x864.jpg 1536w, https:\/\/www.creilsudoise-tourisme.fr\/wp-content\/uploads\/2021\/11\/Retable-Saint-Nicolas-200x113.jpg 200w, https:\/\/www.creilsudoise-tourisme.fr\/wp-content\/uploads\/2021\/11\/Retable-Saint-Nicolas-1600x900.jpg 1600w, https:\/\/www.creilsudoise-tourisme.fr\/wp-content\/uploads\/2021\/11\/Retable-Saint-Nicolas-650x366.jpg 650w, https:\/\/www.creilsudoise-tourisme.fr\/wp-content\/uploads\/2021\/11\/Retable-Saint-Nicolas-387x218.jpg 387w, https:\/\/www.creilsudoise-tourisme.fr\/wp-content\/uploads\/2021\/11\/Retable-Saint-Nicolas.jpg 1920w\" sizes=\"(max-width: 1200px) 100vw, 1200px\" \/><\/figure>\n\n\n\n<h3>Heiliger Patron der Binnenschiffer: Warum?<\/h3>\n\n\n\n<p>Aber warum ist St. Nikolaus dann der Schutzpatron der Schiffer? <\/p>\n\n\n\n<p><strong>Die Geschichte der drei geretteten Kinder<\/strong> in der Salzpfanne kann als <strong>eine Allegorie von Seeleuten, die vor dem Untergang gerettet werden<\/strong>am <strong>F\u00e4hre symbolisiert das Schiff und Salz das Meer<\/strong>. <\/p>\n\n\n\n<p>Entlang der gesamten Wasserstra\u00dfen Frankreichs sind daher <strong>hohen Kapellen, die dem Heiligen Nikolaus gewidmet sind.<\/strong><\/p>\n\n\n\n<hr class=\"wp-block-separator\"\/>","protected":false},"excerpt":{"rendered":"<p>Der Heilige Nikolaus ist daf\u00fcr bekannt, brave Kinder zu belohnen, aber wussten Sie, dass er auch der Schutzpatron der Binnenschiffer ist? Er ist in Creil Sud Oise stark vertreten und wird seit langem auch im S\u00fcden der Oise gefeiert! Sankt Nikolaus, der Schutzpatron der braven Kinder Am 6. Dezember ist Sankt Nikolaus. Bekannt daf\u00fcr, gutes Benehmen von Kindern zu belohnen [...].<\/p>","protected":false},"author":3,"featured_media":38922,"comment_status":"closed","ping_status":"open","sticky":false,"template":"","format":"standard","meta":{"_relevanssi_hide_post":"","_relevanssi_hide_content":"","_relevanssi_pin_for_all":"","_relevanssi_pin_keywords":"","_relevanssi_unpin_keywords":"","_relevanssi_related_keywords":"","_relevanssi_related_include_ids":"","_relevanssi_related_exclude_ids":"","_relevanssi_related_no_append":"","_relevanssi_related_not_related":"","_relevanssi_related_posts":"32820,36653,36690,37046,37325,37932","_relevanssi_noindex_reason":""},"categories":[3],"tags":[],"yoast_head":"<!-- This site is optimized with the Yoast SEO plugin v20.2.1 - https:\/\/yoast.com\/wordpress\/plugins\/seo\/ -->\n<title>Pourquoi Saint-Nicolas est-il si pr\u00e9sent \u00e0 Creil Sud Oise ?<\/title>\n<meta name=\"description\" content=\"D\u00e9couvrez pourquoi Saint-Nicolas, connu pour r\u00e9compens\u00e9 les enfants sages en d\u00e9cembre, est aussi le Saint-Patron des bateliers !\" \/>\n<meta name=\"robots\" content=\"index, follow, max-snippet:-1, max-image-preview:large, max-video-preview:-1\" \/>\n<link rel=\"canonical\" href=\"https:\/\/www.creilsudoise-tourisme.fr\/de\/2021\/11\/30\/saint-nicolas\/\" \/>\n<meta property=\"og:locale\" content=\"de_DE\" \/>\n<meta property=\"og:type\" content=\"article\" \/>\n<meta property=\"og:title\" content=\"Pourquoi Saint-Nicolas est-il si pr\u00e9sent \u00e0 Creil Sud Oise ?\" \/>\n<meta property=\"og:description\" content=\"D\u00e9couvrez pourquoi Saint-Nicolas, connu pour r\u00e9compens\u00e9 les enfants sages en d\u00e9cembre, est aussi le Saint-Patron des bateliers !\" \/>\n<meta property=\"og:url\" content=\"https:\/\/www.creilsudoise-tourisme.fr\/de\/2021\/11\/30\/saint-nicolas\/\" \/>\n<meta property=\"og:site_name\" content=\"Office de Tourisme Creil Sud Oise\" \/>\n<meta property=\"article:publisher\" content=\"https:\/\/www.facebook.com\/creilsudoisetourisme\/\" \/>\n<meta property=\"article:published_time\" content=\"2021-11-30T10:18:06+00:00\" \/>\n<meta property=\"article:modified_time\" content=\"2022-01-25T08:09:16+00:00\" \/>\n<meta property=\"og:image\" content=\"https:\/\/www.creilsudoise-tourisme.fr\/wp-content\/uploads\/2021\/11\/Saint-Nicolas.jpg\" \/>\n\t<meta property=\"og:image:width\" content=\"1500\" \/>\n\t<meta property=\"og:image:height\" content=\"740\" \/>\n\t<meta property=\"og:image:type\" content=\"image\/jpeg\" \/>\n<meta name=\"author\" content=\"fdubut\" \/>\n<meta name=\"twitter:card\" content=\"summary_large_image\" \/>\n<meta name=\"twitter:creator\" content=\"@CreilSudOiseOT\" \/>\n<meta name=\"twitter:site\" content=\"@CreilSudOiseOT\" \/>\n<meta name=\"twitter:label1\" content=\"Verfasst von\" \/>\n\t<meta name=\"twitter:data1\" content=\"fdubut\" \/>\n\t<meta name=\"twitter:label2\" content=\"Gesch\u00e4tzte Lesezeit\" \/>\n\t<meta name=\"twitter:data2\" content=\"3\u00a0Minuten\" \/>\n<script type=\"application\/ld+json\" class=\"yoast-schema-graph\">{\"@context\":\"https:\/\/schema.org\",\"@graph\":[{\"@type\":\"Article\",\"@id\":\"https:\/\/www.creilsudoise-tourisme.fr\/en\/2021\/11\/30\/saint-nicolas\/#article\",\"isPartOf\":{\"@id\":\"https:\/\/www.creilsudoise-tourisme.fr\/en\/2021\/11\/30\/saint-nicolas\/\"},\"author\":{\"name\":\"fdubut\",\"@id\":\"https:\/\/www.creilsudoise-tourisme.fr\/#\/schema\/person\/c5140d47645b13bee896bfe05f1bd5da\"},\"headline\":\"Saint-Nicolas, tr\u00e8s pr\u00e9sent \u00e0 Creil Sud Oise\",\"datePublished\":\"2021-11-30T10:18:06+00:00\",\"dateModified\":\"2022-01-25T08:09:16+00:00\",\"mainEntityOfPage\":{\"@id\":\"https:\/\/www.creilsudoise-tourisme.fr\/en\/2021\/11\/30\/saint-nicolas\/\"},\"wordCount\":394,\"publisher\":{\"@id\":\"https:\/\/www.creilsudoise-tourisme.fr\/#organization\"},\"articleSection\":[\"Anecdotes\"],\"inLanguage\":\"de\"},{\"@type\":\"WebPage\",\"@id\":\"https:\/\/www.creilsudoise-tourisme.fr\/en\/2021\/11\/30\/saint-nicolas\/\",\"url\":\"https:\/\/www.creilsudoise-tourisme.fr\/en\/2021\/11\/30\/saint-nicolas\/\",\"name\":\"Pourquoi Saint-Nicolas est-il si pr\u00e9sent \u00e0 Creil Sud Oise ?\",\"isPartOf\":{\"@id\":\"https:\/\/www.creilsudoise-tourisme.fr\/#website\"},\"datePublished\":\"2021-11-30T10:18:06+00:00\",\"dateModified\":\"2022-01-25T08:09:16+00:00\",\"description\":\"D\u00e9couvrez pourquoi Saint-Nicolas, connu pour r\u00e9compens\u00e9 les enfants sages en d\u00e9cembre, est aussi le Saint-Patron des bateliers !\",\"breadcrumb\":{\"@id\":\"https:\/\/www.creilsudoise-tourisme.fr\/en\/2021\/11\/30\/saint-nicolas\/#breadcrumb\"},\"inLanguage\":\"de\",\"potentialAction\":[{\"@type\":\"ReadAction\",\"target\":[\"https:\/\/www.creilsudoise-tourisme.fr\/en\/2021\/11\/30\/saint-nicolas\/\"]}]},{\"@type\":\"BreadcrumbList\",\"@id\":\"https:\/\/www.creilsudoise-tourisme.fr\/en\/2021\/11\/30\/saint-nicolas\/#breadcrumb\",\"itemListElement\":[{\"@type\":\"ListItem\",\"position\":1,\"name\":\"Accueil\",\"item\":\"https:\/\/www.creilsudoise-tourisme.fr\/\"},{\"@type\":\"ListItem\",\"position\":2,\"name\":\"Saint-Nicolas, tr\u00e8s pr\u00e9sent \u00e0 Creil Sud Oise\"}]},{\"@type\":\"WebSite\",\"@id\":\"https:\/\/www.creilsudoise-tourisme.fr\/#website\",\"url\":\"https:\/\/www.creilsudoise-tourisme.fr\/\",\"name\":\"Office de Tourisme Creil Sud Oise\",\"description\":\"Creil Sud Oise Tourisme, un territoire \u00e0 explorer !\",\"publisher\":{\"@id\":\"https:\/\/www.creilsudoise-tourisme.fr\/#organization\"},\"potentialAction\":[{\"@type\":\"SearchAction\",\"target\":{\"@type\":\"EntryPoint\",\"urlTemplate\":\"https:\/\/www.creilsudoise-tourisme.fr\/?s={search_term_string}\"},\"query-input\":\"required name=search_term_string\"}],\"inLanguage\":\"de\"},{\"@type\":\"Organization\",\"@id\":\"https:\/\/www.creilsudoise-tourisme.fr\/#organization\",\"name\":\"Creil Sud Oise Tourisme\",\"url\":\"https:\/\/www.creilsudoise-tourisme.fr\/\",\"logo\":{\"@type\":\"ImageObject\",\"inLanguage\":\"de\",\"@id\":\"https:\/\/www.creilsudoise-tourisme.fr\/#\/schema\/logo\/image\/\",\"url\":\"https:\/\/www.creilsudoise-tourisme.fr\/wp-content\/uploads\/2021\/05\/logo-svg.png\",\"contentUrl\":\"https:\/\/www.creilsudoise-tourisme.fr\/wp-content\/uploads\/2021\/05\/logo-svg.png\",\"width\":182,\"height\":71,\"caption\":\"Creil Sud Oise Tourisme\"},\"image\":{\"@id\":\"https:\/\/www.creilsudoise-tourisme.fr\/#\/schema\/logo\/image\/\"},\"sameAs\":[\"https:\/\/www.facebook.com\/creilsudoisetourisme\/\",\"https:\/\/twitter.com\/CreilSudOiseOT\",\"https:\/\/www.instagram.com\/creilsudoisetourisme\/\",\"https:\/\/www.youtube.com\/channel\/UC8L_QD2wwyADW14zt9fY8kw\"]},{\"@type\":\"Person\",\"@id\":\"https:\/\/www.creilsudoise-tourisme.fr\/#\/schema\/person\/c5140d47645b13bee896bfe05f1bd5da\",\"name\":\"fdubut\",\"image\":{\"@type\":\"ImageObject\",\"inLanguage\":\"de\",\"@id\":\"https:\/\/www.creilsudoise-tourisme.fr\/#\/schema\/person\/image\/\",\"url\":\"https:\/\/secure.gravatar.com\/avatar\/c49bb61337bf4556cafdbcb92c18618d?s=96&d=mm&r=g\",\"contentUrl\":\"https:\/\/secure.gravatar.com\/avatar\/c49bb61337bf4556cafdbcb92c18618d?s=96&d=mm&r=g\",\"caption\":\"fdubut\"},\"url\":\"https:\/\/www.creilsudoise-tourisme.fr\/de\/auteur\/fdubut\/\"}]}<\/script>\n<!-- \/ Yoast SEO plugin. -->","yoast_head_json":{"title":"Pourquoi Saint-Nicolas est-il si pr\u00e9sent \u00e0 Creil Sud Oise ?","description":"D\u00e9couvrez pourquoi Saint-Nicolas, connu pour r\u00e9compens\u00e9 les enfants sages en d\u00e9cembre, est aussi le Saint-Patron des bateliers !","robots":{"index":"index","follow":"follow","max-snippet":"max-snippet:-1","max-image-preview":"max-image-preview:large","max-video-preview":"max-video-preview:-1"},"canonical":"https:\/\/www.creilsudoise-tourisme.fr\/de\/2021\/11\/30\/saint-nicolas\/","og_locale":"de_DE","og_type":"article","og_title":"Pourquoi Saint-Nicolas est-il si pr\u00e9sent \u00e0 Creil Sud Oise ?","og_description":"D\u00e9couvrez pourquoi Saint-Nicolas, connu pour r\u00e9compens\u00e9 les enfants sages en d\u00e9cembre, est aussi le Saint-Patron des bateliers !","og_url":"https:\/\/www.creilsudoise-tourisme.fr\/de\/2021\/11\/30\/saint-nicolas\/","og_site_name":"Office de Tourisme Creil Sud Oise","article_publisher":"https:\/\/www.facebook.com\/creilsudoisetourisme\/","article_published_time":"2021-11-30T10:18:06+00:00","article_modified_time":"2022-01-25T08:09:16+00:00","og_image":[{"width":1500,"height":740,"url":"https:\/\/www.creilsudoise-tourisme.fr\/wp-content\/uploads\/2021\/11\/Saint-Nicolas.jpg","type":"image\/jpeg"}],"author":"fdubut","twitter_card":"summary_large_image","twitter_creator":"@CreilSudOiseOT","twitter_site":"@CreilSudOiseOT","twitter_misc":{"Verfasst von":"fdubut","Gesch\u00e4tzte Lesezeit":"3\u00a0Minuten"},"schema":{"@context":"https:\/\/schema.org","@graph":[{"@type":"Article","@id":"https:\/\/www.creilsudoise-tourisme.fr\/en\/2021\/11\/30\/saint-nicolas\/#article","isPartOf":{"@id":"https:\/\/www.creilsudoise-tourisme.fr\/en\/2021\/11\/30\/saint-nicolas\/"},"author":{"name":"fdubut","@id":"https:\/\/www.creilsudoise-tourisme.fr\/#\/schema\/person\/c5140d47645b13bee896bfe05f1bd5da"},"headline":"Saint-Nicolas, tr\u00e8s pr\u00e9sent \u00e0 Creil Sud Oise","datePublished":"2021-11-30T10:18:06+00:00","dateModified":"2022-01-25T08:09:16+00:00","mainEntityOfPage":{"@id":"https:\/\/www.creilsudoise-tourisme.fr\/en\/2021\/11\/30\/saint-nicolas\/"},"wordCount":394,"publisher":{"@id":"https:\/\/www.creilsudoise-tourisme.fr\/#organization"},"articleSection":["Anecdotes"],"inLanguage":"de"},{"@type":"WebPage","@id":"https:\/\/www.creilsudoise-tourisme.fr\/en\/2021\/11\/30\/saint-nicolas\/","url":"https:\/\/www.creilsudoise-tourisme.fr\/en\/2021\/11\/30\/saint-nicolas\/","name":"Pourquoi Saint-Nicolas est-il si pr\u00e9sent \u00e0 Creil Sud Oise ?","isPartOf":{"@id":"https:\/\/www.creilsudoise-tourisme.fr\/#website"},"datePublished":"2021-11-30T10:18:06+00:00","dateModified":"2022-01-25T08:09:16+00:00","description":"D\u00e9couvrez pourquoi Saint-Nicolas, connu pour r\u00e9compens\u00e9 les enfants sages en d\u00e9cembre, est aussi le Saint-Patron des bateliers !","breadcrumb":{"@id":"https:\/\/www.creilsudoise-tourisme.fr\/en\/2021\/11\/30\/saint-nicolas\/#breadcrumb"},"inLanguage":"de","potentialAction":[{"@type":"ReadAction","target":["https:\/\/www.creilsudoise-tourisme.fr\/en\/2021\/11\/30\/saint-nicolas\/"]}]},{"@type":"BreadcrumbList","@id":"https:\/\/www.creilsudoise-tourisme.fr\/en\/2021\/11\/30\/saint-nicolas\/#breadcrumb","itemListElement":[{"@type":"ListItem","position":1,"name":"Accueil","item":"https:\/\/www.creilsudoise-tourisme.fr\/"},{"@type":"ListItem","position":2,"name":"Saint-Nicolas, tr\u00e8s pr\u00e9sent \u00e0 Creil Sud Oise"}]},{"@type":"WebSite","@id":"https:\/\/www.creilsudoise-tourisme.fr\/#website","url":"https:\/\/www.creilsudoise-tourisme.fr\/","name":"Office de Tourisme Creil Sud Oise","description":"Creil Sud Oise Tourisme, un territoire \u00e0 explorer !","publisher":{"@id":"https:\/\/www.creilsudoise-tourisme.fr\/#organization"},"potentialAction":[{"@type":"SearchAction","target":{"@type":"EntryPoint","urlTemplate":"https:\/\/www.creilsudoise-tourisme.fr\/?s={search_term_string}"},"query-input":"required name=search_term_string"}],"inLanguage":"de"},{"@type":"Organization","@id":"https:\/\/www.creilsudoise-tourisme.fr\/#organization","name":"Creil Sud Oise Tourisme","url":"https:\/\/www.creilsudoise-tourisme.fr\/","logo":{"@type":"ImageObject","inLanguage":"de","@id":"https:\/\/www.creilsudoise-tourisme.fr\/#\/schema\/logo\/image\/","url":"https:\/\/www.creilsudoise-tourisme.fr\/wp-content\/uploads\/2021\/05\/logo-svg.png","contentUrl":"https:\/\/www.creilsudoise-tourisme.fr\/wp-content\/uploads\/2021\/05\/logo-svg.png","width":182,"height":71,"caption":"Creil Sud Oise Tourisme"},"image":{"@id":"https:\/\/www.creilsudoise-tourisme.fr\/#\/schema\/logo\/image\/"},"sameAs":["https:\/\/www.facebook.com\/creilsudoisetourisme\/","https:\/\/twitter.com\/CreilSudOiseOT","https:\/\/www.instagram.com\/creilsudoisetourisme\/","https:\/\/www.youtube.com\/channel\/UC8L_QD2wwyADW14zt9fY8kw"]},{"@type":"Person","@id":"https:\/\/www.creilsudoise-tourisme.fr\/#\/schema\/person\/c5140d47645b13bee896bfe05f1bd5da","name":"fdubut","image":{"@type":"ImageObject","inLanguage":"de","@id":"https:\/\/www.creilsudoise-tourisme.fr\/#\/schema\/person\/image\/","url":"https:\/\/secure.gravatar.com\/avatar\/c49bb61337bf4556cafdbcb92c18618d?s=96&d=mm&r=g","contentUrl":"https:\/\/secure.gravatar.com\/avatar\/c49bb61337bf4556cafdbcb92c18618d?s=96&d=mm&r=g","caption":"fdubut"},"url":"https:\/\/www.creilsudoise-tourisme.fr\/de\/auteur\/fdubut\/"}]}},"_links":{"self":[{"href":"https:\/\/www.creilsudoise-tourisme.fr\/de\/wp-json\/wp\/v2\/posts\/38921"}],"collection":[{"href":"https:\/\/www.creilsudoise-tourisme.fr\/de\/wp-json\/wp\/v2\/posts"}],"about":[{"href":"https:\/\/www.creilsudoise-tourisme.fr\/de\/wp-json\/wp\/v2\/types\/post"}],"author":[{"embeddable":true,"href":"https:\/\/www.creilsudoise-tourisme.fr\/de\/wp-json\/wp\/v2\/users\/3"}],"replies":[{"embeddable":true,"href":"https:\/\/www.creilsudoise-tourisme.fr\/de\/wp-json\/wp\/v2\/comments?post=38921"}],"version-history":[{"count":2,"href":"https:\/\/www.creilsudoise-tourisme.fr\/de\/wp-json\/wp\/v2\/posts\/38921\/revisions"}],"predecessor-version":[{"id":38927,"href":"https:\/\/www.creilsudoise-tourisme.fr\/de\/wp-json\/wp\/v2\/posts\/38921\/revisions\/38927"}],"wp:featuredmedia":[{"embeddable":true,"href":"https:\/\/www.creilsudoise-tourisme.fr\/de\/wp-json\/wp\/v2\/media\/38922"}],"wp:attachment":[{"href":"https:\/\/www.creilsudoise-tourisme.fr\/de\/wp-json\/wp\/v2\/media?parent=38921"}],"wp:term":[{"taxonomy":"category","embeddable":true,"href":"https:\/\/www.creilsudoise-tourisme.fr\/de\/wp-json\/wp\/v2\/categories?post=38921"},{"taxonomy":"post_tag","embeddable":true,"href":"https:\/\/www.creilsudoise-tourisme.fr\/de\/wp-json\/wp\/v2\/tags?post=38921"}],"curies":[{"name":"wp","href":"https:\/\/api.w.org\/{rel}","templated":true}]}}