{"id":37951,"date":"2021-09-17T12:30:18","date_gmt":"2021-09-17T10:30:18","guid":{"rendered":"https:\/\/www.creilsudoise-tourisme.fr\/?p=37951"},"modified":"2022-01-25T09:09:31","modified_gmt":"2022-01-25T08:09:31","slug":"laversine","status":"publish","type":"post","link":"https:\/\/www.creilsudoise-tourisme.fr\/de\/2021\/09\/17\/laversine\/","title":{"rendered":"Das Schloss Laversine"},"content":{"rendered":"<p class=\"is-style-excerpt\">In Saint-Maximin gelegen, ist das <strong>Schloss Laversine<\/strong> beherbergt heute die R\u00e4umlichkeiten des <strong>Rothschild Professional High School<\/strong>. In Wirklichkeit sollte man aber eher von <strong>Burgen<\/strong> <strong>Laversine <\/strong>!<\/p>\n\n\n\n<h2>Eine Abfolge von Schl\u00f6ssern<\/h2>\n\n\n\n<p>Die <strong>Schloss Laversine<\/strong> ist heute in unserem Gebiet bekannt als Heimat eines<strong> <a href=\"http:\/\/rothschild.lyc.ac-amiens.fr\/frontend\/\" target=\"_blank\" rel=\"noreferrer noopener\">Berufliches Gymnasium Donation Robert &amp; Nelly de Rothschild<\/a><\/strong>. Ein Geb\u00e4ude, dessen<strong> die Geschichte ist schon sehr lange her<\/strong>&#8230;<\/p>\n\n\n\n<p>Aber sollte man bei der Erforschung seiner Geschichte von \"dem Schloss\" Laversine oder von \"den Schl\u00f6ssern\" von Laversine sprechen?<\/p>\n\n\n\n<p>In Wirklichkeit gibt es 3 Schl\u00f6sser in Laversine, die im Laufe der Epochen aufeinander folgten!<\/p>\n\n\n\n<figure class=\"wp-block-image size-large\"><img decoding=\"async\" loading=\"lazy\" width=\"1200\" height=\"895\" data-src=\"https:\/\/www.creilsudoise-tourisme.fr\/wp-content\/uploads\/2021\/09\/Le-Chateau-de-Laversine-hier-et-aujourdhui-1200x895.jpg\" alt=\"Das Schloss Laversine gestern und heute\" class=\"wp-image-37955\" data-srcset=\"https:\/\/www.creilsudoise-tourisme.fr\/wp-content\/uploads\/2021\/09\/Le-Chateau-de-Laversine-hier-et-aujourdhui-1200x895.jpg 1200w, https:\/\/www.creilsudoise-tourisme.fr\/wp-content\/uploads\/2021\/09\/Le-Chateau-de-Laversine-hier-et-aujourdhui-600x447.jpg 600w, https:\/\/www.creilsudoise-tourisme.fr\/wp-content\/uploads\/2021\/09\/Le-Chateau-de-Laversine-hier-et-aujourdhui-900x671.jpg 900w, https:\/\/www.creilsudoise-tourisme.fr\/wp-content\/uploads\/2021\/09\/Le-Chateau-de-Laversine-hier-et-aujourdhui-1536x1145.jpg 1536w, https:\/\/www.creilsudoise-tourisme.fr\/wp-content\/uploads\/2021\/09\/Le-Chateau-de-Laversine-hier-et-aujourdhui-200x149.jpg 200w, https:\/\/www.creilsudoise-tourisme.fr\/wp-content\/uploads\/2021\/09\/Le-Chateau-de-Laversine-hier-et-aujourdhui-650x485.jpg 650w, https:\/\/www.creilsudoise-tourisme.fr\/wp-content\/uploads\/2021\/09\/Le-Chateau-de-Laversine-hier-et-aujourdhui-387x289.jpg 387w, https:\/\/www.creilsudoise-tourisme.fr\/wp-content\/uploads\/2021\/09\/Le-Chateau-de-Laversine-hier-et-aujourdhui.jpg 1600w\" sizes=\"(max-width: 1200px) 100vw, 1200px\" \/><figcaption>Das Schloss Laversine gestern und heute<\/figcaption><\/figure>\n\n\n\n<h3>Das erste Schloss<\/h3>\n\n\n\n<p>Die <strong>erste bekannte Burg<\/strong> geh\u00f6rte den Mitgliedern der<strong>Zisterzienserabtei von <a href=\"https:\/\/www.royaumont.com\/\" target=\"_blank\" rel=\"noreferrer noopener\">Royaumont<\/a><\/strong>, gegr\u00fcndet 1228 von <strong>Saint-Louis<\/strong>. <\/p>\n\n\n\n<p>Eine Burg, die wahrscheinlich im Jahr 1360 w\u00e4hrend der Gro\u00dfen Jacquerie zerst\u00f6rt wurde. <\/p>\n\n\n\n<p>Es gibt jedoch weiterhin eine Reihe von <strong>kleine Keller aus dieser Zeit<\/strong>.<\/p>\n\n\n\n<h3>Das zweite Schloss<\/h3>\n\n\n\n<p>Eine <strong>zweites Schloss<\/strong> wurde gebaut, das in den Texten manchmal als \"Manoir\" bezeichnet wird und von H\u00e4usern und einer Kapelle umgeben war. Es wurde zun\u00e4chst <strong>besetzt durch den Herrn Aubry de Laversine<\/strong>. <\/p>\n\n\n\n<p>Das Anwesen bleibt bis 1480 im Besitz der Familie, als <strong>Vasco de Souza kauft es<\/strong>. Er ist eine wichtige Pers\u00f6nlichkeit, Berater und Kammerherr des K\u00f6nigs, Hauptmann von Creil, der seine Erwerbungen vervielfacht und sich ein gro\u00dfes Anwesen in Saint-Maximin aufbaut. <\/p>\n\n\n\n<p>Sein Enkel Philippe de Suze, Generalleutnant in der Regierung der \u00cele-de-France, war eine wichtige Pers\u00f6nlichkeit im Umfeld des franz\u00f6sischen K\u00f6nigs Fran\u00e7ois I.<sup>er<\/sup>Er empf\u00e4ngt ihn mindestens zweimal in Laversine.<\/p>\n\n\n\n<p>Das Schloss wird sp\u00e4ter zum Eigentum des<strong> Prinz von Cond\u00e9, der 1782 den Abriss anordnet.<\/strong>.<\/p>\n\n\n\n<div class=\"wp-block-cover alignfull has-background-dim\"><img decoding=\"async\" loading=\"lazy\" width=\"1600\" height=\"597\" class=\"wp-block-cover__image-background wp-image-37954\" alt=\"\" data-src=\"https:\/\/www.creilsudoise-tourisme.fr\/wp-content\/uploads\/2021\/09\/Vue-actuelle-Chateau-de-Laversine.jpg\" data-object-fit=\"cover\" data-srcset=\"https:\/\/www.creilsudoise-tourisme.fr\/wp-content\/uploads\/2021\/09\/Vue-actuelle-Chateau-de-Laversine.jpg 1600w, https:\/\/www.creilsudoise-tourisme.fr\/wp-content\/uploads\/2021\/09\/Vue-actuelle-Chateau-de-Laversine-600x224.jpg 600w, https:\/\/www.creilsudoise-tourisme.fr\/wp-content\/uploads\/2021\/09\/Vue-actuelle-Chateau-de-Laversine-1200x448.jpg 1200w, https:\/\/www.creilsudoise-tourisme.fr\/wp-content\/uploads\/2021\/09\/Vue-actuelle-Chateau-de-Laversine-900x336.jpg 900w, https:\/\/www.creilsudoise-tourisme.fr\/wp-content\/uploads\/2021\/09\/Vue-actuelle-Chateau-de-Laversine-1536x573.jpg 1536w, https:\/\/www.creilsudoise-tourisme.fr\/wp-content\/uploads\/2021\/09\/Vue-actuelle-Chateau-de-Laversine-200x75.jpg 200w, https:\/\/www.creilsudoise-tourisme.fr\/wp-content\/uploads\/2021\/09\/Vue-actuelle-Chateau-de-Laversine-650x243.jpg 650w, https:\/\/www.creilsudoise-tourisme.fr\/wp-content\/uploads\/2021\/09\/Vue-actuelle-Chateau-de-Laversine-387x144.jpg 387w\" sizes=\"(max-width: 1600px) 100vw, 1600px\" \/><div class=\"wp-block-cover__inner-container\">\n<p class=\"has-text-align-center has-large-font-size\">Das heutige Schloss<\/p>\n<\/div><\/div>\n\n\n\n<h3>Das dritte Schloss<\/h3>\n\n\n\n<p>Die Geschichte dieses Ortes geht jedoch weiter, denn am 25. Januar 1874, <strong>Baron Gustave de Rothschild kauft das Gut<\/strong> und f\u00fcgt ihm den Wald von La Haute Pommeraye hinzu. <\/p>\n\n\n\n<p>Der Bau des<strong>derzeitiges Schloss<\/strong> erfolgte in knapp zehn Jahren, von 1882 bis 1892! <\/p>\n\n\n\n<p>Viele Geschichten beziehen sich auf das heutige Schloss, eine Gelegenheit f\u00fcr uns, sie durch neue <a href=\"https:\/\/www.creilsudoise-tourisme.fr\/de\/categorie\/anecdotes\/\">Anekdoten <\/a>! Bleiben Sie in Verbindung!<\/p>\n\n\n\n<hr class=\"wp-block-separator\"\/>","protected":false},"excerpt":{"rendered":"<p>Das in Saint-Maximin gelegene Ch\u00e2teau Laversine beherbergt heute die R\u00e4umlichkeiten des Rothschild-Berufsgymnasiums. Aber eigentlich sollte man eher von den Ch\u00e2teaux Laversine sprechen! Eine Reihe von Schl\u00f6ssern Das Schloss Laversine ist heute in unserer Gegend daf\u00fcr bekannt, dass es ein berufliches Gymnasium Donation Robert &amp; Nelly de Rothschild beherbergt. Ein Geb\u00e4ude, dessen Geschichte bis [...] zur\u00fcckreicht.<\/p>","protected":false},"author":3,"featured_media":37952,"comment_status":"closed","ping_status":"open","sticky":false,"template":"","format":"standard","meta":{"_relevanssi_hide_post":"","_relevanssi_hide_content":"","_relevanssi_pin_for_all":"","_relevanssi_pin_keywords":"","_relevanssi_unpin_keywords":"","_relevanssi_related_keywords":"","_relevanssi_related_include_ids":"","_relevanssi_related_exclude_ids":"","_relevanssi_related_no_append":"","_relevanssi_related_not_related":"","_relevanssi_related_posts":"36660,36690,36653,37932,37317,37046","_relevanssi_noindex_reason":""},"categories":[3],"tags":[],"yoast_head":"<!-- This site is optimized with the Yoast SEO plugin v20.2.1 - https:\/\/yoast.com\/wordpress\/plugins\/seo\/ -->\n<title>Anecdote : le ou les ch\u00e2teaux Laversine \u00e0 Saint-Maximin ?<\/title>\n<meta name=\"description\" content=\"D\u00e9couvrez l&#039;histoire des ch\u00e2teaux qui se sont succ\u00e9d\u00e9s l\u00e0 o\u00f9 se trouve d\u00e9sormais le lyc\u00e9e Rothschild \u00e0 Saint-Maximin.\" \/>\n<meta name=\"robots\" content=\"index, follow, max-snippet:-1, max-image-preview:large, max-video-preview:-1\" \/>\n<link rel=\"canonical\" href=\"https:\/\/www.creilsudoise-tourisme.fr\/de\/2021\/09\/17\/laversine\/\" \/>\n<meta property=\"og:locale\" content=\"de_DE\" \/>\n<meta property=\"og:type\" content=\"article\" \/>\n<meta property=\"og:title\" content=\"Anecdote : le ou les ch\u00e2teaux Laversine \u00e0 Saint-Maximin ?\" \/>\n<meta property=\"og:description\" content=\"D\u00e9couvrez l&#039;histoire des ch\u00e2teaux qui se sont succ\u00e9d\u00e9s l\u00e0 o\u00f9 se trouve d\u00e9sormais le lyc\u00e9e Rothschild \u00e0 Saint-Maximin.\" \/>\n<meta property=\"og:url\" content=\"https:\/\/www.creilsudoise-tourisme.fr\/de\/2021\/09\/17\/laversine\/\" \/>\n<meta property=\"og:site_name\" content=\"Office de Tourisme Creil Sud Oise\" \/>\n<meta property=\"article:publisher\" content=\"https:\/\/www.facebook.com\/creilsudoisetourisme\/\" \/>\n<meta property=\"article:published_time\" content=\"2021-09-17T10:30:18+00:00\" \/>\n<meta property=\"article:modified_time\" content=\"2022-01-25T08:09:31+00:00\" \/>\n<meta property=\"og:image\" content=\"https:\/\/www.creilsudoise-tourisme.fr\/wp-content\/uploads\/2021\/09\/Chateau-Laversine.jpg\" \/>\n\t<meta property=\"og:image:width\" content=\"1600\" \/>\n\t<meta property=\"og:image:height\" content=\"776\" \/>\n\t<meta property=\"og:image:type\" content=\"image\/jpeg\" \/>\n<meta name=\"author\" content=\"fdubut\" \/>\n<meta name=\"twitter:card\" content=\"summary_large_image\" \/>\n<meta name=\"twitter:creator\" content=\"@CreilSudOiseOT\" \/>\n<meta name=\"twitter:site\" content=\"@CreilSudOiseOT\" \/>\n<meta name=\"twitter:label1\" content=\"Verfasst von\" \/>\n\t<meta name=\"twitter:data1\" content=\"fdubut\" \/>\n\t<meta name=\"twitter:label2\" content=\"Gesch\u00e4tzte Lesezeit\" \/>\n\t<meta name=\"twitter:data2\" content=\"2\u00a0Minuten\" \/>\n<script type=\"application\/ld+json\" class=\"yoast-schema-graph\">{\"@context\":\"https:\/\/schema.org\",\"@graph\":[{\"@type\":\"Article\",\"@id\":\"https:\/\/www.creilsudoise-tourisme.fr\/en\/2021\/09\/17\/laversine\/#article\",\"isPartOf\":{\"@id\":\"https:\/\/www.creilsudoise-tourisme.fr\/en\/2021\/09\/17\/laversine\/\"},\"author\":{\"name\":\"fdubut\",\"@id\":\"https:\/\/www.creilsudoise-tourisme.fr\/#\/schema\/person\/c5140d47645b13bee896bfe05f1bd5da\"},\"headline\":\"Le Ch\u00e2teau Laversine\",\"datePublished\":\"2021-09-17T10:30:18+00:00\",\"dateModified\":\"2022-01-25T08:09:31+00:00\",\"mainEntityOfPage\":{\"@id\":\"https:\/\/www.creilsudoise-tourisme.fr\/en\/2021\/09\/17\/laversine\/\"},\"wordCount\":363,\"publisher\":{\"@id\":\"https:\/\/www.creilsudoise-tourisme.fr\/#organization\"},\"articleSection\":[\"Anecdotes\"],\"inLanguage\":\"de\"},{\"@type\":\"WebPage\",\"@id\":\"https:\/\/www.creilsudoise-tourisme.fr\/en\/2021\/09\/17\/laversine\/\",\"url\":\"https:\/\/www.creilsudoise-tourisme.fr\/en\/2021\/09\/17\/laversine\/\",\"name\":\"Anecdote : le ou les ch\u00e2teaux Laversine \u00e0 Saint-Maximin ?\",\"isPartOf\":{\"@id\":\"https:\/\/www.creilsudoise-tourisme.fr\/#website\"},\"datePublished\":\"2021-09-17T10:30:18+00:00\",\"dateModified\":\"2022-01-25T08:09:31+00:00\",\"description\":\"D\u00e9couvrez l'histoire des ch\u00e2teaux qui se sont succ\u00e9d\u00e9s l\u00e0 o\u00f9 se trouve d\u00e9sormais le lyc\u00e9e Rothschild \u00e0 Saint-Maximin.\",\"breadcrumb\":{\"@id\":\"https:\/\/www.creilsudoise-tourisme.fr\/en\/2021\/09\/17\/laversine\/#breadcrumb\"},\"inLanguage\":\"de\",\"potentialAction\":[{\"@type\":\"ReadAction\",\"target\":[\"https:\/\/www.creilsudoise-tourisme.fr\/en\/2021\/09\/17\/laversine\/\"]}]},{\"@type\":\"BreadcrumbList\",\"@id\":\"https:\/\/www.creilsudoise-tourisme.fr\/en\/2021\/09\/17\/laversine\/#breadcrumb\",\"itemListElement\":[{\"@type\":\"ListItem\",\"position\":1,\"name\":\"Accueil\",\"item\":\"https:\/\/www.creilsudoise-tourisme.fr\/\"},{\"@type\":\"ListItem\",\"position\":2,\"name\":\"Le Ch\u00e2teau Laversine\"}]},{\"@type\":\"WebSite\",\"@id\":\"https:\/\/www.creilsudoise-tourisme.fr\/#website\",\"url\":\"https:\/\/www.creilsudoise-tourisme.fr\/\",\"name\":\"Office de Tourisme Creil Sud Oise\",\"description\":\"Creil Sud Oise Tourisme, un territoire \u00e0 explorer !\",\"publisher\":{\"@id\":\"https:\/\/www.creilsudoise-tourisme.fr\/#organization\"},\"potentialAction\":[{\"@type\":\"SearchAction\",\"target\":{\"@type\":\"EntryPoint\",\"urlTemplate\":\"https:\/\/www.creilsudoise-tourisme.fr\/?s={search_term_string}\"},\"query-input\":\"required name=search_term_string\"}],\"inLanguage\":\"de\"},{\"@type\":\"Organization\",\"@id\":\"https:\/\/www.creilsudoise-tourisme.fr\/#organization\",\"name\":\"Creil Sud Oise Tourisme\",\"url\":\"https:\/\/www.creilsudoise-tourisme.fr\/\",\"logo\":{\"@type\":\"ImageObject\",\"inLanguage\":\"de\",\"@id\":\"https:\/\/www.creilsudoise-tourisme.fr\/#\/schema\/logo\/image\/\",\"url\":\"https:\/\/www.creilsudoise-tourisme.fr\/wp-content\/uploads\/2021\/05\/logo-svg.png\",\"contentUrl\":\"https:\/\/www.creilsudoise-tourisme.fr\/wp-content\/uploads\/2021\/05\/logo-svg.png\",\"width\":182,\"height\":71,\"caption\":\"Creil Sud Oise Tourisme\"},\"image\":{\"@id\":\"https:\/\/www.creilsudoise-tourisme.fr\/#\/schema\/logo\/image\/\"},\"sameAs\":[\"https:\/\/www.facebook.com\/creilsudoisetourisme\/\",\"https:\/\/twitter.com\/CreilSudOiseOT\",\"https:\/\/www.instagram.com\/creilsudoisetourisme\/\",\"https:\/\/www.youtube.com\/channel\/UC8L_QD2wwyADW14zt9fY8kw\"]},{\"@type\":\"Person\",\"@id\":\"https:\/\/www.creilsudoise-tourisme.fr\/#\/schema\/person\/c5140d47645b13bee896bfe05f1bd5da\",\"name\":\"fdubut\",\"image\":{\"@type\":\"ImageObject\",\"inLanguage\":\"de\",\"@id\":\"https:\/\/www.creilsudoise-tourisme.fr\/#\/schema\/person\/image\/\",\"url\":\"https:\/\/secure.gravatar.com\/avatar\/c49bb61337bf4556cafdbcb92c18618d?s=96&d=mm&r=g\",\"contentUrl\":\"https:\/\/secure.gravatar.com\/avatar\/c49bb61337bf4556cafdbcb92c18618d?s=96&d=mm&r=g\",\"caption\":\"fdubut\"},\"url\":\"https:\/\/www.creilsudoise-tourisme.fr\/de\/auteur\/fdubut\/\"}]}<\/script>\n<!-- \/ Yoast SEO plugin. -->","yoast_head_json":{"title":"Anecdote : le ou les ch\u00e2teaux Laversine \u00e0 Saint-Maximin ?","description":"D\u00e9couvrez l'histoire des ch\u00e2teaux qui se sont succ\u00e9d\u00e9s l\u00e0 o\u00f9 se trouve d\u00e9sormais le lyc\u00e9e Rothschild \u00e0 Saint-Maximin.","robots":{"index":"index","follow":"follow","max-snippet":"max-snippet:-1","max-image-preview":"max-image-preview:large","max-video-preview":"max-video-preview:-1"},"canonical":"https:\/\/www.creilsudoise-tourisme.fr\/de\/2021\/09\/17\/laversine\/","og_locale":"de_DE","og_type":"article","og_title":"Anecdote : le ou les ch\u00e2teaux Laversine \u00e0 Saint-Maximin ?","og_description":"D\u00e9couvrez l'histoire des ch\u00e2teaux qui se sont succ\u00e9d\u00e9s l\u00e0 o\u00f9 se trouve d\u00e9sormais le lyc\u00e9e Rothschild \u00e0 Saint-Maximin.","og_url":"https:\/\/www.creilsudoise-tourisme.fr\/de\/2021\/09\/17\/laversine\/","og_site_name":"Office de Tourisme Creil Sud Oise","article_publisher":"https:\/\/www.facebook.com\/creilsudoisetourisme\/","article_published_time":"2021-09-17T10:30:18+00:00","article_modified_time":"2022-01-25T08:09:31+00:00","og_image":[{"width":1600,"height":776,"url":"https:\/\/www.creilsudoise-tourisme.fr\/wp-content\/uploads\/2021\/09\/Chateau-Laversine.jpg","type":"image\/jpeg"}],"author":"fdubut","twitter_card":"summary_large_image","twitter_creator":"@CreilSudOiseOT","twitter_site":"@CreilSudOiseOT","twitter_misc":{"Verfasst von":"fdubut","Gesch\u00e4tzte Lesezeit":"2\u00a0Minuten"},"schema":{"@context":"https:\/\/schema.org","@graph":[{"@type":"Article","@id":"https:\/\/www.creilsudoise-tourisme.fr\/en\/2021\/09\/17\/laversine\/#article","isPartOf":{"@id":"https:\/\/www.creilsudoise-tourisme.fr\/en\/2021\/09\/17\/laversine\/"},"author":{"name":"fdubut","@id":"https:\/\/www.creilsudoise-tourisme.fr\/#\/schema\/person\/c5140d47645b13bee896bfe05f1bd5da"},"headline":"Le Ch\u00e2teau Laversine","datePublished":"2021-09-17T10:30:18+00:00","dateModified":"2022-01-25T08:09:31+00:00","mainEntityOfPage":{"@id":"https:\/\/www.creilsudoise-tourisme.fr\/en\/2021\/09\/17\/laversine\/"},"wordCount":363,"publisher":{"@id":"https:\/\/www.creilsudoise-tourisme.fr\/#organization"},"articleSection":["Anecdotes"],"inLanguage":"de"},{"@type":"WebPage","@id":"https:\/\/www.creilsudoise-tourisme.fr\/en\/2021\/09\/17\/laversine\/","url":"https:\/\/www.creilsudoise-tourisme.fr\/en\/2021\/09\/17\/laversine\/","name":"Anecdote : le ou les ch\u00e2teaux Laversine \u00e0 Saint-Maximin ?","isPartOf":{"@id":"https:\/\/www.creilsudoise-tourisme.fr\/#website"},"datePublished":"2021-09-17T10:30:18+00:00","dateModified":"2022-01-25T08:09:31+00:00","description":"D\u00e9couvrez l'histoire des ch\u00e2teaux qui se sont succ\u00e9d\u00e9s l\u00e0 o\u00f9 se trouve d\u00e9sormais le lyc\u00e9e Rothschild \u00e0 Saint-Maximin.","breadcrumb":{"@id":"https:\/\/www.creilsudoise-tourisme.fr\/en\/2021\/09\/17\/laversine\/#breadcrumb"},"inLanguage":"de","potentialAction":[{"@type":"ReadAction","target":["https:\/\/www.creilsudoise-tourisme.fr\/en\/2021\/09\/17\/laversine\/"]}]},{"@type":"BreadcrumbList","@id":"https:\/\/www.creilsudoise-tourisme.fr\/en\/2021\/09\/17\/laversine\/#breadcrumb","itemListElement":[{"@type":"ListItem","position":1,"name":"Accueil","item":"https:\/\/www.creilsudoise-tourisme.fr\/"},{"@type":"ListItem","position":2,"name":"Le Ch\u00e2teau Laversine"}]},{"@type":"WebSite","@id":"https:\/\/www.creilsudoise-tourisme.fr\/#website","url":"https:\/\/www.creilsudoise-tourisme.fr\/","name":"Office de Tourisme Creil Sud Oise","description":"Creil Sud Oise Tourisme, un territoire \u00e0 explorer !","publisher":{"@id":"https:\/\/www.creilsudoise-tourisme.fr\/#organization"},"potentialAction":[{"@type":"SearchAction","target":{"@type":"EntryPoint","urlTemplate":"https:\/\/www.creilsudoise-tourisme.fr\/?s={search_term_string}"},"query-input":"required name=search_term_string"}],"inLanguage":"de"},{"@type":"Organization","@id":"https:\/\/www.creilsudoise-tourisme.fr\/#organization","name":"Creil Sud Oise Tourisme","url":"https:\/\/www.creilsudoise-tourisme.fr\/","logo":{"@type":"ImageObject","inLanguage":"de","@id":"https:\/\/www.creilsudoise-tourisme.fr\/#\/schema\/logo\/image\/","url":"https:\/\/www.creilsudoise-tourisme.fr\/wp-content\/uploads\/2021\/05\/logo-svg.png","contentUrl":"https:\/\/www.creilsudoise-tourisme.fr\/wp-content\/uploads\/2021\/05\/logo-svg.png","width":182,"height":71,"caption":"Creil Sud Oise Tourisme"},"image":{"@id":"https:\/\/www.creilsudoise-tourisme.fr\/#\/schema\/logo\/image\/"},"sameAs":["https:\/\/www.facebook.com\/creilsudoisetourisme\/","https:\/\/twitter.com\/CreilSudOiseOT","https:\/\/www.instagram.com\/creilsudoisetourisme\/","https:\/\/www.youtube.com\/channel\/UC8L_QD2wwyADW14zt9fY8kw"]},{"@type":"Person","@id":"https:\/\/www.creilsudoise-tourisme.fr\/#\/schema\/person\/c5140d47645b13bee896bfe05f1bd5da","name":"fdubut","image":{"@type":"ImageObject","inLanguage":"de","@id":"https:\/\/www.creilsudoise-tourisme.fr\/#\/schema\/person\/image\/","url":"https:\/\/secure.gravatar.com\/avatar\/c49bb61337bf4556cafdbcb92c18618d?s=96&d=mm&r=g","contentUrl":"https:\/\/secure.gravatar.com\/avatar\/c49bb61337bf4556cafdbcb92c18618d?s=96&d=mm&r=g","caption":"fdubut"},"url":"https:\/\/www.creilsudoise-tourisme.fr\/de\/auteur\/fdubut\/"}]}},"_links":{"self":[{"href":"https:\/\/www.creilsudoise-tourisme.fr\/de\/wp-json\/wp\/v2\/posts\/37951"}],"collection":[{"href":"https:\/\/www.creilsudoise-tourisme.fr\/de\/wp-json\/wp\/v2\/posts"}],"about":[{"href":"https:\/\/www.creilsudoise-tourisme.fr\/de\/wp-json\/wp\/v2\/types\/post"}],"author":[{"embeddable":true,"href":"https:\/\/www.creilsudoise-tourisme.fr\/de\/wp-json\/wp\/v2\/users\/3"}],"replies":[{"embeddable":true,"href":"https:\/\/www.creilsudoise-tourisme.fr\/de\/wp-json\/wp\/v2\/comments?post=37951"}],"version-history":[{"count":3,"href":"https:\/\/www.creilsudoise-tourisme.fr\/de\/wp-json\/wp\/v2\/posts\/37951\/revisions"}],"predecessor-version":[{"id":37958,"href":"https:\/\/www.creilsudoise-tourisme.fr\/de\/wp-json\/wp\/v2\/posts\/37951\/revisions\/37958"}],"wp:featuredmedia":[{"embeddable":true,"href":"https:\/\/www.creilsudoise-tourisme.fr\/de\/wp-json\/wp\/v2\/media\/37952"}],"wp:attachment":[{"href":"https:\/\/www.creilsudoise-tourisme.fr\/de\/wp-json\/wp\/v2\/media?parent=37951"}],"wp:term":[{"taxonomy":"category","embeddable":true,"href":"https:\/\/www.creilsudoise-tourisme.fr\/de\/wp-json\/wp\/v2\/categories?post=37951"},{"taxonomy":"post_tag","embeddable":true,"href":"https:\/\/www.creilsudoise-tourisme.fr\/de\/wp-json\/wp\/v2\/tags?post=37951"}],"curies":[{"name":"wp","href":"https:\/\/api.w.org\/{rel}","templated":true}]}}