{"id":37932,"date":"2021-09-17T11:49:05","date_gmt":"2021-09-17T09:49:05","guid":{"rendered":"https:\/\/www.creilsudoise-tourisme.fr\/?p=37932"},"modified":"2022-01-25T09:09:35","modified_gmt":"2022-01-25T08:09:35","slug":"tresor-ecluse","status":"publish","type":"post","link":"https:\/\/www.creilsudoise-tourisme.fr\/de\/2021\/09\/17\/tresor-ecluse\/","title":{"rendered":"Der Schatz der Schleuse"},"content":{"rendered":"<p class=\"is-style-excerpt\">Heute im Gall\u00e9-Juillet-Museum in Creil ausgestellt, ist der <strong>Schatz <\/strong>monet\u00e4r der Schleuse <strong>wurde von Kindern entdeckt<\/strong> !<\/p>\n\n\n\n<h2>Ein Schulkind hat einen Schatz entdeckt<\/h2>\n\n\n\n<p>Wussten Sie, dass in <strong>1974 <\/strong>eine<strong> Schatz auf dem Gebiet von Saint-Maximin<\/strong>In der N\u00e4he der Schleusen von Creil und Saint-Leu-d'Esserent? <\/p>\n\n\n\n<p>Eine <strong>Sch\u00fcler auf Klassenfahrt<\/strong> mit seiner Klasse \u00fcber etwas stolperte, das er zun\u00e4chst f\u00fcr einen Stein hielt, um dann zweimal hinzuschauen und es so zu sehen <strong>eine T\u00f6pferei entdecken<\/strong>. <\/p>\n\n\n\n<p>Es war in Wirklichkeit ein <strong>Vase <\/strong>die M\u00fcnzen aus einem anderen Zeitalter enthielt! Es wurden Ausgrabungen durchgef\u00fchrt und man fand \u00fcber<strong> 2.000 M\u00fcnzen, Antoniniani<\/strong> (r\u00f6mische M\u00fcnzen).<\/p>\n\n\n\n<h2>Ein ausgestellter Schatz<\/h2>\n\n\n\n<div class=\"is-layout-flex wp-container-3 wp-block-columns\">\n<div class=\"is-layout-flow wp-block-column\" style=\"flex-basis:33.33%\">\n<figure class=\"wp-block-image size-large\"><img decoding=\"async\" loading=\"lazy\" width=\"1200\" height=\"800\" data-src=\"https:\/\/www.creilsudoise-tourisme.fr\/wp-content\/uploads\/2021\/09\/Monnaie-du-tresor-de-lecluse-1200x800.jpg\" alt=\"M\u00fcnze aus dem Schatz der Schleuse\" class=\"wp-image-37943\" data-srcset=\"https:\/\/www.creilsudoise-tourisme.fr\/wp-content\/uploads\/2021\/09\/Monnaie-du-tresor-de-lecluse-1200x800.jpg 1200w, https:\/\/www.creilsudoise-tourisme.fr\/wp-content\/uploads\/2021\/09\/Monnaie-du-tresor-de-lecluse-600x400.jpg 600w, https:\/\/www.creilsudoise-tourisme.fr\/wp-content\/uploads\/2021\/09\/Monnaie-du-tresor-de-lecluse-900x600.jpg 900w, https:\/\/www.creilsudoise-tourisme.fr\/wp-content\/uploads\/2021\/09\/Monnaie-du-tresor-de-lecluse-1536x1023.jpg 1536w, https:\/\/www.creilsudoise-tourisme.fr\/wp-content\/uploads\/2021\/09\/Monnaie-du-tresor-de-lecluse-200x133.jpg 200w, https:\/\/www.creilsudoise-tourisme.fr\/wp-content\/uploads\/2021\/09\/Monnaie-du-tresor-de-lecluse-650x433.jpg 650w, https:\/\/www.creilsudoise-tourisme.fr\/wp-content\/uploads\/2021\/09\/Monnaie-du-tresor-de-lecluse-387x258.jpg 387w, https:\/\/www.creilsudoise-tourisme.fr\/wp-content\/uploads\/2021\/09\/Monnaie-du-tresor-de-lecluse.jpg 1600w\" sizes=\"(max-width: 1200px) 100vw, 1200px\" \/><\/figure>\n<\/div>\n\n\n\n<div class=\"is-layout-flow wp-block-column\" style=\"flex-basis:66.66%\">\n<p>Wenn Sie mehr \u00fcber diese fabelhafte Entdeckung erfahren m\u00f6chten, k\u00f6nnen Sie <strong>sie im Gall\u00e9-Juillet-Museum wiederfinden<\/strong>in der ber\u00fchmten<strong> Schatzturm <\/strong>!<\/p>\n<\/div>\n<\/div>\n\n\n\n<div class=\"is-layout-flex wp-block-buttons is-content-justification-center\">\n<div class=\"wp-block-button\"><a class=\"wp-block-button__link\" href=\"https:\/\/www.creilsudoise-tourisme.fr\/de\/jexplore\/unumganglich\/musee-galle-juli\/\">Gall\u00e9-Juillet-Museum<\/a><\/div>\n<\/div>\n\n\n\n<figure class=\"wp-block-image size-large\"><img decoding=\"async\" loading=\"lazy\" width=\"1200\" height=\"770\" data-src=\"https:\/\/www.creilsudoise-tourisme.fr\/wp-content\/uploads\/2021\/09\/Visite-libre-du-tresor-de-Creil-1200x770.jpg\" alt=\"Freie Besichtigung der Schatzkammer von Creil\" class=\"wp-image-37944\" data-srcset=\"https:\/\/www.creilsudoise-tourisme.fr\/wp-content\/uploads\/2021\/09\/Visite-libre-du-tresor-de-Creil-1200x770.jpg 1200w, https:\/\/www.creilsudoise-tourisme.fr\/wp-content\/uploads\/2021\/09\/Visite-libre-du-tresor-de-Creil-600x385.jpg 600w, https:\/\/www.creilsudoise-tourisme.fr\/wp-content\/uploads\/2021\/09\/Visite-libre-du-tresor-de-Creil-900x578.jpg 900w, https:\/\/www.creilsudoise-tourisme.fr\/wp-content\/uploads\/2021\/09\/Visite-libre-du-tresor-de-Creil-1536x986.jpg 1536w, https:\/\/www.creilsudoise-tourisme.fr\/wp-content\/uploads\/2021\/09\/Visite-libre-du-tresor-de-Creil-200x128.jpg 200w, https:\/\/www.creilsudoise-tourisme.fr\/wp-content\/uploads\/2021\/09\/Visite-libre-du-tresor-de-Creil-650x417.jpg 650w, https:\/\/www.creilsudoise-tourisme.fr\/wp-content\/uploads\/2021\/09\/Visite-libre-du-tresor-de-Creil-387x248.jpg 387w, https:\/\/www.creilsudoise-tourisme.fr\/wp-content\/uploads\/2021\/09\/Visite-libre-du-tresor-de-Creil.jpg 1600w\" sizes=\"(max-width: 1200px) 100vw, 1200px\" \/><figcaption>Der Schatzturm kann besichtigt werden und stellt die bei den Ausgrabungen gefundenen M\u00fcnzen aus.<\/figcaption><\/figure>\n\n\n\n<hr class=\"wp-block-separator\"\/>","protected":false},"excerpt":{"rendered":"<p>Der M\u00fcnzschatz der Schleuse, der heute im Gall\u00e9-Juillet-Museum in Creil ausgestellt ist, wurde von Kindern entdeckt! Ein Schulkind entdeckte einen Schatz Wussten Sie, dass 1974 auf dem Gebiet von Saint-Maximin, nicht weit von der Schleuse von Creil und Saint-Leu-d'Esserent entfernt, ein Schatz entdeckt wurde? Ein Schulkind, das mit seiner Klasse auf Klassenfahrt war, [...].<\/p>","protected":false},"author":3,"featured_media":37942,"comment_status":"closed","ping_status":"open","sticky":false,"template":"","format":"standard","meta":{"_relevanssi_hide_post":"","_relevanssi_hide_content":"","_relevanssi_pin_for_all":"","_relevanssi_pin_keywords":"","_relevanssi_unpin_keywords":"","_relevanssi_related_keywords":"","_relevanssi_related_include_ids":"","_relevanssi_related_exclude_ids":"","_relevanssi_related_no_append":"","_relevanssi_related_not_related":"","_relevanssi_related_posts":"37920,36668,271,32820,36660,36681","_relevanssi_noindex_reason":""},"categories":[3],"tags":[],"yoast_head":"<!-- This site is optimized with the Yoast SEO plugin v20.2.1 - https:\/\/yoast.com\/wordpress\/plugins\/seo\/ -->\n<title>Anecdote : le tr\u00e9sor de l&#039;\u00e9cluse a \u00e9t\u00e9 d\u00e9couvert par un \u00e9colier<\/title>\n<meta name=\"description\" content=\"D\u00e9couvrez le tr\u00e9sor de l&#039;\u00e9cluse qui fut d\u00e9couvert par un \u00e9colier en sortie scolaire et qui est expos\u00e9 au Mus\u00e9e Gall\u00e9-Juillet \u00e0 Creil.\" \/>\n<meta name=\"robots\" content=\"index, follow, max-snippet:-1, max-image-preview:large, max-video-preview:-1\" \/>\n<link rel=\"canonical\" href=\"https:\/\/www.creilsudoise-tourisme.fr\/de\/2021\/09\/17\/tresor-ecluse\/\" \/>\n<meta property=\"og:locale\" content=\"de_DE\" \/>\n<meta property=\"og:type\" content=\"article\" \/>\n<meta property=\"og:title\" content=\"Anecdote : le tr\u00e9sor de l&#039;\u00e9cluse a \u00e9t\u00e9 d\u00e9couvert par un \u00e9colier\" \/>\n<meta property=\"og:description\" content=\"D\u00e9couvrez le tr\u00e9sor de l&#039;\u00e9cluse qui fut d\u00e9couvert par un \u00e9colier en sortie scolaire et qui est expos\u00e9 au Mus\u00e9e Gall\u00e9-Juillet \u00e0 Creil.\" \/>\n<meta property=\"og:url\" content=\"https:\/\/www.creilsudoise-tourisme.fr\/de\/2021\/09\/17\/tresor-ecluse\/\" \/>\n<meta property=\"og:site_name\" content=\"Office de Tourisme Creil Sud Oise\" \/>\n<meta property=\"article:publisher\" content=\"https:\/\/www.facebook.com\/creilsudoisetourisme\/\" \/>\n<meta property=\"article:published_time\" content=\"2021-09-17T09:49:05+00:00\" \/>\n<meta property=\"article:modified_time\" content=\"2022-01-25T08:09:35+00:00\" \/>\n<meta property=\"og:image\" content=\"https:\/\/www.creilsudoise-tourisme.fr\/wp-content\/uploads\/2021\/09\/Fouilles-a-lecluse-de-Creil.jpg\" \/>\n\t<meta property=\"og:image:width\" content=\"1600\" \/>\n\t<meta property=\"og:image:height\" content=\"900\" \/>\n\t<meta property=\"og:image:type\" content=\"image\/jpeg\" \/>\n<meta name=\"author\" content=\"fdubut\" \/>\n<meta name=\"twitter:card\" content=\"summary_large_image\" \/>\n<meta name=\"twitter:creator\" content=\"@CreilSudOiseOT\" \/>\n<meta name=\"twitter:site\" content=\"@CreilSudOiseOT\" \/>\n<meta name=\"twitter:label1\" content=\"Verfasst von\" \/>\n\t<meta name=\"twitter:data1\" content=\"fdubut\" \/>\n\t<meta name=\"twitter:label2\" content=\"Gesch\u00e4tzte Lesezeit\" \/>\n\t<meta name=\"twitter:data2\" content=\"2\u00a0Minuten\" \/>\n<script type=\"application\/ld+json\" class=\"yoast-schema-graph\">{\"@context\":\"https:\/\/schema.org\",\"@graph\":[{\"@type\":\"Article\",\"@id\":\"https:\/\/www.creilsudoise-tourisme.fr\/en\/2021\/09\/17\/tresor-ecluse\/#article\",\"isPartOf\":{\"@id\":\"https:\/\/www.creilsudoise-tourisme.fr\/en\/2021\/09\/17\/tresor-ecluse\/\"},\"author\":{\"name\":\"fdubut\",\"@id\":\"https:\/\/www.creilsudoise-tourisme.fr\/#\/schema\/person\/c5140d47645b13bee896bfe05f1bd5da\"},\"headline\":\"Le tr\u00e9sor de l&rsquo;\u00e9cluse\",\"datePublished\":\"2021-09-17T09:49:05+00:00\",\"dateModified\":\"2022-01-25T08:09:35+00:00\",\"mainEntityOfPage\":{\"@id\":\"https:\/\/www.creilsudoise-tourisme.fr\/en\/2021\/09\/17\/tresor-ecluse\/\"},\"wordCount\":185,\"publisher\":{\"@id\":\"https:\/\/www.creilsudoise-tourisme.fr\/#organization\"},\"articleSection\":[\"Anecdotes\"],\"inLanguage\":\"de\"},{\"@type\":\"WebPage\",\"@id\":\"https:\/\/www.creilsudoise-tourisme.fr\/en\/2021\/09\/17\/tresor-ecluse\/\",\"url\":\"https:\/\/www.creilsudoise-tourisme.fr\/en\/2021\/09\/17\/tresor-ecluse\/\",\"name\":\"Anecdote : le tr\u00e9sor de l'\u00e9cluse a \u00e9t\u00e9 d\u00e9couvert par un \u00e9colier\",\"isPartOf\":{\"@id\":\"https:\/\/www.creilsudoise-tourisme.fr\/#website\"},\"datePublished\":\"2021-09-17T09:49:05+00:00\",\"dateModified\":\"2022-01-25T08:09:35+00:00\",\"description\":\"D\u00e9couvrez le tr\u00e9sor de l'\u00e9cluse qui fut d\u00e9couvert par un \u00e9colier en sortie scolaire et qui est expos\u00e9 au Mus\u00e9e Gall\u00e9-Juillet \u00e0 Creil.\",\"breadcrumb\":{\"@id\":\"https:\/\/www.creilsudoise-tourisme.fr\/en\/2021\/09\/17\/tresor-ecluse\/#breadcrumb\"},\"inLanguage\":\"de\",\"potentialAction\":[{\"@type\":\"ReadAction\",\"target\":[\"https:\/\/www.creilsudoise-tourisme.fr\/en\/2021\/09\/17\/tresor-ecluse\/\"]}]},{\"@type\":\"BreadcrumbList\",\"@id\":\"https:\/\/www.creilsudoise-tourisme.fr\/en\/2021\/09\/17\/tresor-ecluse\/#breadcrumb\",\"itemListElement\":[{\"@type\":\"ListItem\",\"position\":1,\"name\":\"Accueil\",\"item\":\"https:\/\/www.creilsudoise-tourisme.fr\/\"},{\"@type\":\"ListItem\",\"position\":2,\"name\":\"Le tr\u00e9sor de l&rsquo;\u00e9cluse\"}]},{\"@type\":\"WebSite\",\"@id\":\"https:\/\/www.creilsudoise-tourisme.fr\/#website\",\"url\":\"https:\/\/www.creilsudoise-tourisme.fr\/\",\"name\":\"Office de Tourisme Creil Sud Oise\",\"description\":\"Creil Sud Oise Tourisme, un territoire \u00e0 explorer !\",\"publisher\":{\"@id\":\"https:\/\/www.creilsudoise-tourisme.fr\/#organization\"},\"potentialAction\":[{\"@type\":\"SearchAction\",\"target\":{\"@type\":\"EntryPoint\",\"urlTemplate\":\"https:\/\/www.creilsudoise-tourisme.fr\/?s={search_term_string}\"},\"query-input\":\"required name=search_term_string\"}],\"inLanguage\":\"de\"},{\"@type\":\"Organization\",\"@id\":\"https:\/\/www.creilsudoise-tourisme.fr\/#organization\",\"name\":\"Creil Sud Oise Tourisme\",\"url\":\"https:\/\/www.creilsudoise-tourisme.fr\/\",\"logo\":{\"@type\":\"ImageObject\",\"inLanguage\":\"de\",\"@id\":\"https:\/\/www.creilsudoise-tourisme.fr\/#\/schema\/logo\/image\/\",\"url\":\"https:\/\/www.creilsudoise-tourisme.fr\/wp-content\/uploads\/2021\/05\/logo-svg.png\",\"contentUrl\":\"https:\/\/www.creilsudoise-tourisme.fr\/wp-content\/uploads\/2021\/05\/logo-svg.png\",\"width\":182,\"height\":71,\"caption\":\"Creil Sud Oise Tourisme\"},\"image\":{\"@id\":\"https:\/\/www.creilsudoise-tourisme.fr\/#\/schema\/logo\/image\/\"},\"sameAs\":[\"https:\/\/www.facebook.com\/creilsudoisetourisme\/\",\"https:\/\/twitter.com\/CreilSudOiseOT\",\"https:\/\/www.instagram.com\/creilsudoisetourisme\/\",\"https:\/\/www.youtube.com\/channel\/UC8L_QD2wwyADW14zt9fY8kw\"]},{\"@type\":\"Person\",\"@id\":\"https:\/\/www.creilsudoise-tourisme.fr\/#\/schema\/person\/c5140d47645b13bee896bfe05f1bd5da\",\"name\":\"fdubut\",\"image\":{\"@type\":\"ImageObject\",\"inLanguage\":\"de\",\"@id\":\"https:\/\/www.creilsudoise-tourisme.fr\/#\/schema\/person\/image\/\",\"url\":\"https:\/\/secure.gravatar.com\/avatar\/c49bb61337bf4556cafdbcb92c18618d?s=96&d=mm&r=g\",\"contentUrl\":\"https:\/\/secure.gravatar.com\/avatar\/c49bb61337bf4556cafdbcb92c18618d?s=96&d=mm&r=g\",\"caption\":\"fdubut\"},\"url\":\"https:\/\/www.creilsudoise-tourisme.fr\/de\/auteur\/fdubut\/\"}]}<\/script>\n<!-- \/ Yoast SEO plugin. -->","yoast_head_json":{"title":"Anecdote : le tr\u00e9sor de l'\u00e9cluse a \u00e9t\u00e9 d\u00e9couvert par un \u00e9colier","description":"D\u00e9couvrez le tr\u00e9sor de l'\u00e9cluse qui fut d\u00e9couvert par un \u00e9colier en sortie scolaire et qui est expos\u00e9 au Mus\u00e9e Gall\u00e9-Juillet \u00e0 Creil.","robots":{"index":"index","follow":"follow","max-snippet":"max-snippet:-1","max-image-preview":"max-image-preview:large","max-video-preview":"max-video-preview:-1"},"canonical":"https:\/\/www.creilsudoise-tourisme.fr\/de\/2021\/09\/17\/tresor-ecluse\/","og_locale":"de_DE","og_type":"article","og_title":"Anecdote : le tr\u00e9sor de l'\u00e9cluse a \u00e9t\u00e9 d\u00e9couvert par un \u00e9colier","og_description":"D\u00e9couvrez le tr\u00e9sor de l'\u00e9cluse qui fut d\u00e9couvert par un \u00e9colier en sortie scolaire et qui est expos\u00e9 au Mus\u00e9e Gall\u00e9-Juillet \u00e0 Creil.","og_url":"https:\/\/www.creilsudoise-tourisme.fr\/de\/2021\/09\/17\/tresor-ecluse\/","og_site_name":"Office de Tourisme Creil Sud Oise","article_publisher":"https:\/\/www.facebook.com\/creilsudoisetourisme\/","article_published_time":"2021-09-17T09:49:05+00:00","article_modified_time":"2022-01-25T08:09:35+00:00","og_image":[{"width":1600,"height":900,"url":"https:\/\/www.creilsudoise-tourisme.fr\/wp-content\/uploads\/2021\/09\/Fouilles-a-lecluse-de-Creil.jpg","type":"image\/jpeg"}],"author":"fdubut","twitter_card":"summary_large_image","twitter_creator":"@CreilSudOiseOT","twitter_site":"@CreilSudOiseOT","twitter_misc":{"Verfasst von":"fdubut","Gesch\u00e4tzte Lesezeit":"2\u00a0Minuten"},"schema":{"@context":"https:\/\/schema.org","@graph":[{"@type":"Article","@id":"https:\/\/www.creilsudoise-tourisme.fr\/en\/2021\/09\/17\/tresor-ecluse\/#article","isPartOf":{"@id":"https:\/\/www.creilsudoise-tourisme.fr\/en\/2021\/09\/17\/tresor-ecluse\/"},"author":{"name":"fdubut","@id":"https:\/\/www.creilsudoise-tourisme.fr\/#\/schema\/person\/c5140d47645b13bee896bfe05f1bd5da"},"headline":"Le tr\u00e9sor de l&rsquo;\u00e9cluse","datePublished":"2021-09-17T09:49:05+00:00","dateModified":"2022-01-25T08:09:35+00:00","mainEntityOfPage":{"@id":"https:\/\/www.creilsudoise-tourisme.fr\/en\/2021\/09\/17\/tresor-ecluse\/"},"wordCount":185,"publisher":{"@id":"https:\/\/www.creilsudoise-tourisme.fr\/#organization"},"articleSection":["Anecdotes"],"inLanguage":"de"},{"@type":"WebPage","@id":"https:\/\/www.creilsudoise-tourisme.fr\/en\/2021\/09\/17\/tresor-ecluse\/","url":"https:\/\/www.creilsudoise-tourisme.fr\/en\/2021\/09\/17\/tresor-ecluse\/","name":"Anecdote : le tr\u00e9sor de l'\u00e9cluse a \u00e9t\u00e9 d\u00e9couvert par un \u00e9colier","isPartOf":{"@id":"https:\/\/www.creilsudoise-tourisme.fr\/#website"},"datePublished":"2021-09-17T09:49:05+00:00","dateModified":"2022-01-25T08:09:35+00:00","description":"D\u00e9couvrez le tr\u00e9sor de l'\u00e9cluse qui fut d\u00e9couvert par un \u00e9colier en sortie scolaire et qui est expos\u00e9 au Mus\u00e9e Gall\u00e9-Juillet \u00e0 Creil.","breadcrumb":{"@id":"https:\/\/www.creilsudoise-tourisme.fr\/en\/2021\/09\/17\/tresor-ecluse\/#breadcrumb"},"inLanguage":"de","potentialAction":[{"@type":"ReadAction","target":["https:\/\/www.creilsudoise-tourisme.fr\/en\/2021\/09\/17\/tresor-ecluse\/"]}]},{"@type":"BreadcrumbList","@id":"https:\/\/www.creilsudoise-tourisme.fr\/en\/2021\/09\/17\/tresor-ecluse\/#breadcrumb","itemListElement":[{"@type":"ListItem","position":1,"name":"Accueil","item":"https:\/\/www.creilsudoise-tourisme.fr\/"},{"@type":"ListItem","position":2,"name":"Le tr\u00e9sor de l&rsquo;\u00e9cluse"}]},{"@type":"WebSite","@id":"https:\/\/www.creilsudoise-tourisme.fr\/#website","url":"https:\/\/www.creilsudoise-tourisme.fr\/","name":"Office de Tourisme Creil Sud Oise","description":"Creil Sud Oise Tourisme, un territoire \u00e0 explorer !","publisher":{"@id":"https:\/\/www.creilsudoise-tourisme.fr\/#organization"},"potentialAction":[{"@type":"SearchAction","target":{"@type":"EntryPoint","urlTemplate":"https:\/\/www.creilsudoise-tourisme.fr\/?s={search_term_string}"},"query-input":"required name=search_term_string"}],"inLanguage":"de"},{"@type":"Organization","@id":"https:\/\/www.creilsudoise-tourisme.fr\/#organization","name":"Creil Sud Oise Tourisme","url":"https:\/\/www.creilsudoise-tourisme.fr\/","logo":{"@type":"ImageObject","inLanguage":"de","@id":"https:\/\/www.creilsudoise-tourisme.fr\/#\/schema\/logo\/image\/","url":"https:\/\/www.creilsudoise-tourisme.fr\/wp-content\/uploads\/2021\/05\/logo-svg.png","contentUrl":"https:\/\/www.creilsudoise-tourisme.fr\/wp-content\/uploads\/2021\/05\/logo-svg.png","width":182,"height":71,"caption":"Creil Sud Oise Tourisme"},"image":{"@id":"https:\/\/www.creilsudoise-tourisme.fr\/#\/schema\/logo\/image\/"},"sameAs":["https:\/\/www.facebook.com\/creilsudoisetourisme\/","https:\/\/twitter.com\/CreilSudOiseOT","https:\/\/www.instagram.com\/creilsudoisetourisme\/","https:\/\/www.youtube.com\/channel\/UC8L_QD2wwyADW14zt9fY8kw"]},{"@type":"Person","@id":"https:\/\/www.creilsudoise-tourisme.fr\/#\/schema\/person\/c5140d47645b13bee896bfe05f1bd5da","name":"fdubut","image":{"@type":"ImageObject","inLanguage":"de","@id":"https:\/\/www.creilsudoise-tourisme.fr\/#\/schema\/person\/image\/","url":"https:\/\/secure.gravatar.com\/avatar\/c49bb61337bf4556cafdbcb92c18618d?s=96&d=mm&r=g","contentUrl":"https:\/\/secure.gravatar.com\/avatar\/c49bb61337bf4556cafdbcb92c18618d?s=96&d=mm&r=g","caption":"fdubut"},"url":"https:\/\/www.creilsudoise-tourisme.fr\/de\/auteur\/fdubut\/"}]}},"_links":{"self":[{"href":"https:\/\/www.creilsudoise-tourisme.fr\/de\/wp-json\/wp\/v2\/posts\/37932"}],"collection":[{"href":"https:\/\/www.creilsudoise-tourisme.fr\/de\/wp-json\/wp\/v2\/posts"}],"about":[{"href":"https:\/\/www.creilsudoise-tourisme.fr\/de\/wp-json\/wp\/v2\/types\/post"}],"author":[{"embeddable":true,"href":"https:\/\/www.creilsudoise-tourisme.fr\/de\/wp-json\/wp\/v2\/users\/3"}],"replies":[{"embeddable":true,"href":"https:\/\/www.creilsudoise-tourisme.fr\/de\/wp-json\/wp\/v2\/comments?post=37932"}],"version-history":[{"count":7,"href":"https:\/\/www.creilsudoise-tourisme.fr\/de\/wp-json\/wp\/v2\/posts\/37932\/revisions"}],"predecessor-version":[{"id":37950,"href":"https:\/\/www.creilsudoise-tourisme.fr\/de\/wp-json\/wp\/v2\/posts\/37932\/revisions\/37950"}],"wp:featuredmedia":[{"embeddable":true,"href":"https:\/\/www.creilsudoise-tourisme.fr\/de\/wp-json\/wp\/v2\/media\/37942"}],"wp:attachment":[{"href":"https:\/\/www.creilsudoise-tourisme.fr\/de\/wp-json\/wp\/v2\/media?parent=37932"}],"wp:term":[{"taxonomy":"category","embeddable":true,"href":"https:\/\/www.creilsudoise-tourisme.fr\/de\/wp-json\/wp\/v2\/categories?post=37932"},{"taxonomy":"post_tag","embeddable":true,"href":"https:\/\/www.creilsudoise-tourisme.fr\/de\/wp-json\/wp\/v2\/tags?post=37932"}],"curies":[{"name":"wp","href":"https:\/\/api.w.org\/{rel}","templated":true}]}}