{"id":37757,"date":"2021-09-09T16:20:24","date_gmt":"2021-09-09T14:20:24","guid":{"rendered":"https:\/\/www.creilsudoise-tourisme.fr\/?p=37757"},"modified":"2024-07-02T10:44:50","modified_gmt":"2024-07-02T08:44:50","slug":"programme-culturel","status":"publish","type":"post","link":"https:\/\/www.creilsudoise-tourisme.fr\/de\/2021\/09\/09\/kultur-programm\/","title":{"rendered":"Kulturelle Programmierungen"},"content":{"rendered":"<p class=\"is-style-excerpt\"><strong>Die Kultur kehrt in Creil Sud Oise ein<\/strong> : Auff\u00fchrungen und Konzerte, die Sie mit der Familie oder mit Freunden entdecken k\u00f6nnen! Finden Sie die <strong>Kulturprogramme 2021-2022<\/strong> der Theater- und Konzerts\u00e4le in Creil, Montataire und Nogent-sur-Oise. <\/p>\n\n\n\n<div class=\"is-layout-flex wp-container-7 wp-block-columns\">\n<div class=\"is-layout-flow wp-block-column\">\n<div class=\"is-layout-flex wp-block-buttons is-content-justification-center\">\n<div class=\"wp-block-button\"><a class=\"wp-block-button__link\" href=\"#faiencerie\">Fa\u00efencerie-Theater-Kino<\/a><\/div>\n<\/div>\n\n\n\n<div class=\"is-layout-flex wp-block-buttons is-content-justification-center\">\n<div class=\"wp-block-button\"><a class=\"wp-block-button__link\" href=\"#palace\">Palast<\/a><\/div>\n<\/div>\n<\/div>\n\n\n\n<div class=\"is-layout-flow wp-block-column\">\n<div class=\"is-layout-flex wp-block-buttons is-content-justification-center\">\n<div class=\"wp-block-button\"><a class=\"wp-block-button__link\" href=\"#gam\">Musikscheune<\/a><\/div>\n<\/div>\n\n\n\n<div class=\"is-layout-flex wp-block-buttons is-content-justification-center\">\n<div class=\"wp-block-button\"><a class=\"wp-block-button__link\" href=\"#rochers\">Felsenburg<\/a><\/div>\n<\/div>\n<\/div>\n<\/div>\n\n\n\n<hr class=\"wp-block-separator\"\/>\n\n\n\n<h2 id=\"faiencerie\">La Fa\u00efencerie-Theater-Kino in Creil<\/h2>\n\n\n\n<div class=\"is-layout-flex wp-container-11 wp-block-columns\">\n<div class=\"is-layout-flow wp-block-column\" style=\"flex-basis:66.66%\">\n<p>Gelegen in der <strong>Stadtzentrum von Creil<\/strong>Die <strong>Fa\u00efencerie-Theater-Kino <\/strong>bietet Ihnen ein reichhaltiges Programm, bestehend aus <strong>Theater <\/strong>f\u00fcr Erwachsene (<strong><a href=\"http:\/\/www.faiencerie-theatre.com\/MobyDick.html\" target=\"_blank\" rel=\"noreferrer noopener\"><em>Moby Dick<\/em><\/a><\/strong> inszeniert von Yngvild Aspeli) oder f\u00fcr Kinder (das Festival der <strong><a href=\"http:\/\/www.faiencerie-theatre.com\/Lesptitestommettes.html\" target=\"_blank\" rel=\"noreferrer noopener\">P'tites Tomettes<\/a><\/strong>Die Kinder und das Festival <strong><a href=\"http:\/\/www.faiencerie-theatre.com\/Lesinfaillibles.html\" target=\"_blank\" rel=\"noreferrer noopener\">Die Unfehlbaren<\/a><\/strong>f\u00fcr unsere Teenager), <strong>Konzerte <\/strong>(<strong><a href=\"http:\/\/www.faiencerie-theatre.com\/AngeliqueKidjo.html\" target=\"_blank\" rel=\"noreferrer noopener\">Angelique Kidjo<\/a><\/strong> oder das <strong><a href=\"http:\/\/www.faiencerie-theatre.com\/Concertdunouvelan.html\" target=\"_blank\" rel=\"noreferrer noopener\">Neujahrskonzert<\/a><\/strong> des Orchestre Philarmonique de l'Oise), der <strong>Tanz <\/strong>(<strong><a href=\"http:\/\/www.faiencerie-theatre.com\/Lelacdescygnes.html\" target=\"_blank\" rel=\"noreferrer noopener\"><em>Der Schwanensee<\/em><\/a><\/strong> choreographiert von Angelin Preljocaj) oder sogar des <strong>Ballett im Kino <\/strong>(<strong><a href=\"http:\/\/www.faiencerie-theatre.com\/NotreDamedeParis.html\" target=\"_blank\" rel=\"noreferrer noopener\"><em>Notre Dame de Paris<\/em><\/a><\/strong> von der Pariser Oper).<\/p>\n\n\n\n<p>Die <strong>Filmliebhaber <\/strong>werden dank einer sch\u00f6nen <strong><a href=\"http:\/\/www.faiencerie-theatre.com\/cinema.html\" target=\"_blank\" rel=\"noreferrer noopener\">Kinoprogramm<\/a><\/strong> in Originalversion, wobei sowohl aktuelle Filme als auch unbekannte Nuggets vorgestellt werden.<\/p>\n<\/div>\n\n\n\n<div class=\"is-layout-flow wp-block-column\" style=\"flex-basis:33.33%\">\n<div class=\"wp-block-image\"><figure class=\"aligncenter size-large\"><a href=\"http:\/\/www.faiencerie-theatre.com\/pdf\/Faiencerie-21-22-brochure.pdf\"><img decoding=\"async\" loading=\"lazy\" width=\"857\" height=\"1200\" data-src=\"https:\/\/www.creilsudoise-tourisme.fr\/wp-content\/uploads\/2021\/09\/Faiencerie-21-22-brochure-857x1200.png\" alt=\"Programm des Fa\u00efencerie-Theaters-Kinos\" class=\"wp-image-37760\" data-srcset=\"https:\/\/www.creilsudoise-tourisme.fr\/wp-content\/uploads\/2021\/09\/Faiencerie-21-22-brochure-857x1200.png 857w, https:\/\/www.creilsudoise-tourisme.fr\/wp-content\/uploads\/2021\/09\/Faiencerie-21-22-brochure-429x600.png 429w, https:\/\/www.creilsudoise-tourisme.fr\/wp-content\/uploads\/2021\/09\/Faiencerie-21-22-brochure-643x900.png 643w, https:\/\/www.creilsudoise-tourisme.fr\/wp-content\/uploads\/2021\/09\/Faiencerie-21-22-brochure-1097x1536.png 1097w, https:\/\/www.creilsudoise-tourisme.fr\/wp-content\/uploads\/2021\/09\/Faiencerie-21-22-brochure-1463x2048.png 1463w, https:\/\/www.creilsudoise-tourisme.fr\/wp-content\/uploads\/2021\/09\/Faiencerie-21-22-brochure-200x280.png 200w, https:\/\/www.creilsudoise-tourisme.fr\/wp-content\/uploads\/2021\/09\/Faiencerie-21-22-brochure-650x910.png 650w, https:\/\/www.creilsudoise-tourisme.fr\/wp-content\/uploads\/2021\/09\/Faiencerie-21-22-brochure-387x542.png 387w\" sizes=\"(max-width: 857px) 100vw, 857px\" \/><\/a><\/figure><\/div>\n\n\n\n<div class=\"is-layout-flex wp-block-buttons is-content-justification-center\">\n<div class=\"wp-block-button\"><a class=\"wp-block-button__link\" href=\"http:\/\/www.faiencerie-theatre.com\/pdf\/Faiencerie-21-22-brochure.pdf\" target=\"_blank\" rel=\"noreferrer noopener\">Programm 21-22<\/a><\/div>\n<\/div>\n<\/div>\n<\/div>\n\n\n\n<p>Endlich <strong>p\u00e4dagogische Workshops f\u00fcr Erwachsene oder Kinder<\/strong> werden angeboten, um Ihre Reise in die Welt der darstellenden K\u00fcnste zu vervollst\u00e4ndigen: Theater, Tanz, Zirkus, Zeichnen, Kino... <strong>Dr\u00fccken Sie sich aus!<\/strong><\/p>\n\n\n\n<h3>Familien sind in der Fa\u00efencerie-Th\u00e9\u00e2tre-Cin\u00e9ma herzlich willkommen! <\/h3>\n\n\n\n<p><strong>Dedizierte Filmsitzungen<\/strong> f\u00fcr die ganz Kleinen am Samstagmorgen (spezialisiertes Programm, ged\u00e4mpftes Licht und Ton...), <strong>Kinderbetreuung <\/strong>f\u00fcr Kinder ab 3 Jahren bei bestimmten Theatervorstellungen am Abend (mit k\u00fcnstlerischer Animation!) und Programmierung von <strong>f\u00fcr Kinder zug\u00e4ngliche Auff\u00fchrungen<\/strong>In der Schule wird alles getan, um die Kinder willkommen zu hei\u00dfen.<strong> Familien und ihre Kleinen<\/strong> in aller Gelassenheit! <\/p>\n\n\n\n<p>Nicht zu vergessen <strong>die beiden Festivals<\/strong> die ganz f\u00fcr sie reserviert sind: die<a href=\"http:\/\/www.faiencerie-theatre.com\/Lesptitestommettes.html\" target=\"_blank\" rel=\"noreferrer noopener\"> <strong>P'tites Tomettes<\/strong><\/a>f\u00fcr unsere Kleinen und <strong><a href=\"http:\/\/www.faiencerie-theatre.com\/Lesinfaillibles.html\" target=\"_blank\" rel=\"noreferrer noopener\">Die Unfehlbaren<\/a><\/strong>F\u00fcr unsere Teenager.<\/p>\n\n\n\n<div class=\"is-layout-flex wp-container-15 wp-block-columns\">\n<div class=\"is-layout-flow wp-block-column\" style=\"flex-basis:33.33%\">\n<figure class=\"wp-block-image size-large\"><a href=\"http:\/\/www.faiencerie-theatre.com\/Mosaique.html\"><img decoding=\"async\" loading=\"lazy\" width=\"350\" height=\"475\" data-src=\"https:\/\/www.creilsudoise-tourisme.fr\/wp-content\/uploads\/2021\/09\/Mosaique.png\" alt=\"Mosaik-Festival\" class=\"wp-image-37758\" data-srcset=\"https:\/\/www.creilsudoise-tourisme.fr\/wp-content\/uploads\/2021\/09\/Mosaique.png 350w, https:\/\/www.creilsudoise-tourisme.fr\/wp-content\/uploads\/2021\/09\/Mosaique-200x271.png 200w\" sizes=\"(max-width: 350px) 100vw, 350px\" \/><\/a><\/figure>\n<\/div>\n\n\n\n<div class=\"is-layout-flow wp-block-column\" style=\"flex-basis:66.66%\">\n<h3>Saisoner\u00f6ffnung<\/h3>\n\n\n\n<p><strong>Vom 23. bis 26. September<\/strong>f\u00fcr die 2<sup>\u00e8me<\/sup> Jahr in Folge hat das Fa\u00efencerie-Th\u00e9\u00e2tre-Cin\u00e9ma das Wagnis eingegangen, die<strong>seine Kultursaison mit gro\u00dfem Aufwand er\u00f6ffnen <\/strong>bei der <strong><a href=\"http:\/\/www.faiencerie-theatre.com\/Mosaique.html\" target=\"_blank\" rel=\"noreferrer noopener\">Mosaik-Festival<\/a><\/strong> ! <\/p>\n\n\n\n<p>Das Team verabredet sich mit Ihnen zu <strong>30 v\u00f6llig kostenlose Auff\u00fchrungen<\/strong> pr\u00e4sentiert in den<strong> 11 St\u00e4dte und D\u00f6rfer der Agglomeration Creil Sud Oise<\/strong> !<\/p>\n\n\n\n<div class=\"is-layout-flex wp-block-buttons\">\n<div class=\"wp-block-button\"><a class=\"wp-block-button__link\" href=\"http:\/\/www.faiencerie-theatre.com\/Mosaique.html\" target=\"_blank\" rel=\"noreferrer noopener\">Mosaik-Festival<\/a><\/div>\n<\/div>\n<\/div>\n<\/div>\n\n\n<div class=\"wp-block wp-block-highlight\">\n            <h3 class=\"wp-block-highlight-item wp-block-highlight-title\">Kontaktdaten<\/h3>\n                <p class=\"wp-block-highlight-item wp-block-highlight-excerpt\"><strong>Fa\u00efencerie-Th\u00e9\u00e2tre-Cin\u00e9ma de Creil (Fayencerie-Theater-Kino)<br><\/strong>All\u00e9e Nelson in Creil<br><a href=\"tel:0344240101\">03 44 24 01 01 <\/a> |  <a href=\"mailto:&#97;cc&#117;&#101;i&#108;&#64;fa&#105;&#101;&#110;c&#101;ri&#101;&#45;&#116;&#104;&#101;&#97;&#116;r&#101;.&#99;o&#109;\" target=\"_blank\" rel=\"noreferrer noopener\">E-Mail<\/a><br><a href=\"https:\/\/www.faiencerie-theatre.com\/\" target=\"_blank\" rel=\"noreferrer noopener\">Website<\/a><\/p>\n    <\/div>\n\n\n<hr class=\"wp-block-separator\"\/>\n\n\n\n<h2 id=\"gam\">La Grange \u00e0 Musique (Die Musikscheune)<\/h2>\n\n\n\n<div class=\"is-layout-flex wp-container-19 wp-block-columns\">\n<div class=\"is-layout-flow wp-block-column\" style=\"flex-basis:66.66%\">\n<p>Ausgezeichnet mit dem Label <strong><a href=\"https:\/\/www.culture.gouv.fr\/Sites-thematiques\/Musique\/Les-organismes-de-creation-et-de-diffusion-musicales\/Scenes-de-musiques-actuelles\" target=\"_blank\" rel=\"noreferrer noopener\">B\u00fchne f\u00fcr aktuelle Musik<\/a><\/strong>Die <strong>Musikscheune<\/strong>Das GAM bietet ein eklektisches Musikprogramm: Hip Hop, Rap, Reggae, Experimente, Weltmusik, Rock, Folk, Pop, Blues, Electro... Es ist eine Adresse von <strong>Creil<\/strong>Diese Veranstaltung ist ein Muss f\u00fcr alle Musikliebhaber im D\u00e9partement Oise! <\/p>\n\n\n\n<p>Der Saal ist \u00fcberschaubar (er kann bis zu 350 Personen aufnehmen) und wird Ende 2021 auf der B\u00fchne von <strong><a href=\"https:\/\/www.gam-creil.fr\/evenement\/francoiz-breut-bali-dou\/\" target=\"_blank\" rel=\"noreferrer noopener\">Fran\u00e7oiz Breut<\/a><\/strong>Die <strong>Celebration Days<\/strong> oder <strong><a href=\"https:\/\/www.gam-creil.fr\/evenement\/abran\/\" target=\"_blank\" rel=\"noreferrer noopener\">Abran <\/a><\/strong>bei der <strong>Festival Haute Fr\u00e9quence<\/strong>. Und in Zusammenarbeit mit La Fa\u00efencerie-Th\u00e9\u00e2tre-Cin\u00e9ma de Creil, finden Sie einen Headliner : <strong><a href=\"https:\/\/www.gam-creil.fr\/evenement\/olivia-ruiz\/\" target=\"_blank\" rel=\"noreferrer noopener\">Olivia Ruiz<\/a><\/strong>.<\/p>\n<\/div>\n\n\n\n<div class=\"is-layout-flow wp-block-column\" style=\"flex-basis:33.33%\">\n<figure class=\"wp-block-image size-large\"><a href=\"https:\/\/fr.calameo.com\/read\/006829479497b57b756f2\"><img decoding=\"async\" loading=\"lazy\" width=\"568\" height=\"801\" data-src=\"https:\/\/www.creilsudoise-tourisme.fr\/wp-content\/uploads\/2021\/09\/Programme-GAM.jpg\" alt=\"Programmgestaltung der Musikscheune\" class=\"wp-image-37759\" data-srcset=\"https:\/\/www.creilsudoise-tourisme.fr\/wp-content\/uploads\/2021\/09\/Programme-GAM.jpg 568w, https:\/\/www.creilsudoise-tourisme.fr\/wp-content\/uploads\/2021\/09\/Programme-GAM-425x600.jpg 425w, https:\/\/www.creilsudoise-tourisme.fr\/wp-content\/uploads\/2021\/09\/Programme-GAM-200x282.jpg 200w, https:\/\/www.creilsudoise-tourisme.fr\/wp-content\/uploads\/2021\/09\/Programme-GAM-387x546.jpg 387w\" sizes=\"(max-width: 568px) 100vw, 568px\" \/><\/a><\/figure>\n\n\n\n<div class=\"is-layout-flex wp-block-buttons is-content-justification-center\">\n<div class=\"wp-block-button\"><a class=\"wp-block-button__link\">Programm Winter 2021<\/a><\/div>\n<\/div>\n<\/div>\n<\/div>\n\n\n\n<h3>Die Lokomotive <\/h3>\n\n\n\n<p>Gelegen in der N\u00e4he der <strong>SNCF-Bahnhof Creil<\/strong>Die <strong>Lokomotive <\/strong>ist ein Aufnahmestudio, in dem das GAM-Team Veranstaltungen f\u00fcr die breite \u00d6ffentlichkeit anbietet. <\/p>\n\n\n\n<p>Finden Sie ein Praktikum<strong> <a href=\"https:\/\/www.gam-creil.fr\/evenement\/studio-vivant\/\" target=\"_blank\" rel=\"noreferrer noopener\">Studio Lebendig<\/a><\/strong>f\u00fcr Jugendliche und junge Erwachsene, die Folgendes tun k\u00f6nnen <strong>ein einzigartiges audiovisuelles und musikalisches Spektakel schaffen<\/strong> oder auch Sitzungen, in denen <strong>Amateurmusiker <\/strong>treffen sich f\u00fcr eine Zeit des freien Komponierens, die <strong><a href=\"https:\/\/www.gam-creil.fr\/evenement\/jam-session\/\" target=\"_blank\" rel=\"noreferrer noopener\">Jam Sessions<\/a><\/strong>.<\/p>\n\n\n\n<div class=\"is-layout-flex wp-container-23 wp-block-columns\">\n<div class=\"is-layout-flow wp-block-column\" style=\"flex-basis:33.33%\">\n<figure class=\"wp-block-image size-large\"><a href=\"https:\/\/www.gam-creil.fr\/evenement\/francoiz-breut-bali-dou\/\"><img decoding=\"async\" loading=\"lazy\" width=\"477\" height=\"715\" data-src=\"https:\/\/www.creilsudoise-tourisme.fr\/wp-content\/uploads\/2021\/09\/Francoiz-breut.jpg\" alt=\"Francoiz Breut\" class=\"wp-image-37762\" data-srcset=\"https:\/\/www.creilsudoise-tourisme.fr\/wp-content\/uploads\/2021\/09\/Francoiz-breut.jpg 477w, https:\/\/www.creilsudoise-tourisme.fr\/wp-content\/uploads\/2021\/09\/Francoiz-breut-400x600.jpg 400w, https:\/\/www.creilsudoise-tourisme.fr\/wp-content\/uploads\/2021\/09\/Francoiz-breut-200x300.jpg 200w, https:\/\/www.creilsudoise-tourisme.fr\/wp-content\/uploads\/2021\/09\/Francoiz-breut-282x424.jpg 282w, https:\/\/www.creilsudoise-tourisme.fr\/wp-content\/uploads\/2021\/09\/Francoiz-breut-387x580.jpg 387w\" sizes=\"(max-width: 477px) 100vw, 477px\" \/><\/a><\/figure>\n<\/div>\n\n\n\n<div class=\"is-layout-flow wp-block-column\" style=\"flex-basis:66.66%\">\n<h3>Saisoner\u00f6ffnung<\/h3>\n\n\n\n<p><strong>Samstag, 2. Oktober um 19 Uhr<\/strong>Die Grange \u00e0 Musique l\u00e4dt Sie ein, ihre Saison mit einem <strong>Konzert von <a href=\"https:\/\/www.gam-creil.fr\/evenement\/francoiz-breut-bali-dou\/\" target=\"_blank\" rel=\"noreferrer noopener\">Fran\u00e7oiz Breut<\/a><\/strong>In einer elektronischen und poppigen Atmosph\u00e4re! Erster Teil : <strong>Bali Dou<\/strong>.<\/p>\n\n\n\n<div class=\"is-layout-flex wp-block-buttons\">\n<div class=\"wp-block-button\"><a class=\"wp-block-button__link\" href=\"https:\/\/www.gam-creil.fr\/evenement\/francoiz-breut-bali-dou\/\" target=\"_blank\" rel=\"noreferrer noopener\">Fran\u00e7oiz Breut + Bali dou<\/a><\/div>\n<\/div>\n<\/div>\n<\/div>\n\n\n<div class=\"wp-block wp-block-highlight\">\n            <h3 class=\"wp-block-highlight-item wp-block-highlight-title\">Kontaktdaten<\/h3>\n                <p class=\"wp-block-highlight-item wp-block-highlight-excerpt\"><strong>Grange \u00e0 Musique in Creil<\/strong><br>16 boulevard Salvador Allende in Creil<br><a href=\"tel:\" target=\"_blank\" rel=\"noreferrer noopener\">03 44 72 21 40<\/a>  |  <a href=\"mailto:&#103;&#97;m&#64;&#109;airi&#101;-&#99;&#114;&#101;&#105;&#108;.&#102;&#114;\" target=\"_blank\" rel=\"noreferrer noopener\">E-Mail<\/a><br><a href=\"http:\/\/www.gam-creil.fr\" target=\"_blank\" rel=\"noreferrer noopener\">Website<\/a><\/p>\n    <\/div>\n\n\n<hr class=\"wp-block-separator\"\/>\n\n\n\n<h2 id=\"palace\">Der Palast<\/h2>\n\n\n\n<div class=\"is-layout-flex wp-container-27 wp-block-columns\">\n<div class=\"is-layout-flow wp-block-column\" style=\"flex-basis:66.66%\">\n<p>Die <strong>Palast <\/strong>ist ein Veranstaltungssaal mit menschlicher Gr\u00f6\u00dfe (200 Sitzpl\u00e4tze) <strong>im Zentrum von Montataire gelegen<\/strong>. <\/p>\n\n\n\n<p>Auf dem Programm stehen von <strong>Theater <\/strong>(<strong><em><a href=\"https:\/\/www.facebook.com\/events\/365383008371545\/?ref=newsfeed\" target=\"_blank\" rel=\"noreferrer noopener\">Die Prinzessin, die nicht mochte<\/a><\/em><\/strong> de Barbaque Cie), der <strong>Musik <\/strong>(Louis Aguilar + Ben Mazu\u00e9) aus der <strong>virtuelle Realit\u00e4t<\/strong> (<strong><em><a href=\"https:\/\/www.facebook.com\/events\/165471939005310\/?ref=newsfeed\">L<\/a><\/em><\/strong><a href=\"https:\/\/www.facebook.com\/events\/165471939005310\/?ref=newsfeed\" target=\"_blank\" rel=\"noreferrer noopener\"><strong><em>ie Klippen von V<\/em><\/strong> <\/a>von Gengizskhan und der Cie Mesden), von <strong>Ausstellungen <\/strong>(<strong><em>In seinen Augen<\/em><\/strong>, Fotoausstellungen von Fariborz Keyvani) und nat\u00fcrlich die <strong>Auff\u00fchrungen f\u00fcr Kinder<\/strong> ! (musikalisches M\u00e4rchen <a href=\"https:\/\/www.facebook.com\/events\/4949267701766749\/?ref=newsfeed\" target=\"_blank\" rel=\"noreferrer noopener\"><strong><em>Beim Angeln nach Bonheu<\/em><\/strong><em><strong>r<\/strong><\/em><\/a> von Chlo\u00e9 Lacan).<\/p>\n\n\n\n<p>Eine <strong>f\u00fcr Schulklassen wird ein spezielles Programm angeboten<\/strong>In den letzten Jahren hat sich das Land mit einer Reihe von Auff\u00fchrungen, die ganz auf die j\u00fcngsten Besucher ausgerichtet sind, einen Namen gemacht.<\/p>\n\n\n\n<p>Endlich eine <strong>Reihe von Workshops und Praktika<\/strong> wird auch die Neugierigsten begeistern, in verschiedenen Disziplinen : <strong>Stand up, Lieder schreiben, Theater spielen oder auch singen.<\/strong><\/p>\n<\/div>\n\n\n\n<div class=\"is-layout-flow wp-block-column\" style=\"flex-basis:33.33%\">\n<div class=\"wp-block-image\"><figure class=\"aligncenter size-large\"><img decoding=\"async\" loading=\"lazy\" width=\"409\" height=\"586\" data-src=\"https:\/\/www.creilsudoise-tourisme.fr\/wp-content\/uploads\/2021\/09\/Capture-decran-2021-09-09-135459.jpg\" alt=\"Programmierung von Le Palace in Montataire\" class=\"wp-image-37784\" data-srcset=\"https:\/\/www.creilsudoise-tourisme.fr\/wp-content\/uploads\/2021\/09\/Capture-decran-2021-09-09-135459.jpg 409w, https:\/\/www.creilsudoise-tourisme.fr\/wp-content\/uploads\/2021\/09\/Capture-decran-2021-09-09-135459-200x287.jpg 200w, https:\/\/www.creilsudoise-tourisme.fr\/wp-content\/uploads\/2021\/09\/Capture-decran-2021-09-09-135459-387x554.jpg 387w\" sizes=\"(max-width: 409px) 100vw, 409px\" \/><\/figure><\/div>\n\n\n\n<div class=\"is-layout-flex wp-block-buttons is-content-justification-center\">\n<div class=\"wp-block-button\"><a class=\"wp-block-button__link\">Programm 21-22<\/a><\/div>\n<\/div>\n<\/div>\n<\/div>\n\n\n\n<h3>Festival Danses et Musiques du Monde (Tanz und Musik aus aller Welt)<\/h3>\n\n\n\n<p>Jedes Jahr in <strong>Mai<\/strong>Die Stadt Montataie organisiert den <strong>Festival Danses et Musiques du Monde (Tanz und Musik aus aller Welt)<\/strong>Nach einer zweij\u00e4hrigen Pause l\u00e4dt sie Sie nun wieder zu einem Treffen in ihren Stra\u00dfen ein! <\/p>\n\n\n\n<p><strong>Auf dem Programm<\/strong> : Animationen, Tanzvorf\u00fchrungen, Konzert und vor allem die Ankunft der <strong>Fatals Picards auf ihrer 20-Jahre-Tour! <\/strong><\/p>\n\n\n\n<p>Bleiben Sie in Verbindung mit unserem <a href=\"https:\/\/www.creilsudoise-tourisme.fr\/de\/agenda\/\"><strong>Agenda<\/strong><\/a>Wir werden Ihnen mehr dar\u00fcber berichten!<\/p>\n\n\n\n<div class=\"is-layout-flex wp-container-31 wp-block-columns\">\n<div class=\"is-layout-flow wp-block-column\" style=\"flex-basis:33.33%\">\n<figure class=\"wp-block-image size-large\"><img decoding=\"async\" loading=\"lazy\" width=\"568\" height=\"793\" data-src=\"https:\/\/www.creilsudoise-tourisme.fr\/wp-content\/uploads\/2021\/09\/Ouverture-de-saison-Le-Palace.jpg\" alt=\"Saisoner\u00f6ffnung Le Palace\" class=\"wp-image-37786\" data-srcset=\"https:\/\/www.creilsudoise-tourisme.fr\/wp-content\/uploads\/2021\/09\/Ouverture-de-saison-Le-Palace.jpg 568w, https:\/\/www.creilsudoise-tourisme.fr\/wp-content\/uploads\/2021\/09\/Ouverture-de-saison-Le-Palace-430x600.jpg 430w, https:\/\/www.creilsudoise-tourisme.fr\/wp-content\/uploads\/2021\/09\/Ouverture-de-saison-Le-Palace-200x279.jpg 200w, https:\/\/www.creilsudoise-tourisme.fr\/wp-content\/uploads\/2021\/09\/Ouverture-de-saison-Le-Palace-387x540.jpg 387w\" sizes=\"(max-width: 568px) 100vw, 568px\" \/><\/figure>\n<\/div>\n\n\n\n<div class=\"is-layout-flow wp-block-column\" style=\"flex-basis:66.66%\">\n<h3>Saisoner\u00f6ffnung<\/h3>\n\n\n\n<p><strong>Freitag, 17. September um 19.15 Uhr<\/strong>Das Team des<strong> <\/strong>Palace de Montataire l\u00e4dt Sie ein zu<strong> die Er\u00f6ffnung und Vorstellung der Saison 2021-2022<\/strong> in einer Show, die Theater, Humor und Mentalismus miteinander verbindet: <strong><a href=\"https:\/\/www.facebook.com\/events\/855815961693178?ref=newsfeed\" target=\"_blank\" rel=\"noreferrer noopener\">Die Laville-Skala<\/a><\/strong> von der Compagnie Les d\u00e9catalogu\u00e9s.<\/p>\n\n\n\n<div class=\"is-layout-flex wp-block-buttons\">\n<div class=\"wp-block-button\"><a class=\"wp-block-button__link\" href=\"https:\/\/www.facebook.com\/events\/855815961693178?ref=newsfeed\" target=\"_blank\" rel=\"noreferrer noopener\">Der Ma\u00dfstab der Stadt<\/a><\/div>\n<\/div>\n<\/div>\n<\/div>\n\n\n<div class=\"wp-block wp-block-highlight\">\n            <h3 class=\"wp-block-highlight-item wp-block-highlight-title\">Kontaktdaten<\/h3>\n                <p class=\"wp-block-highlight-item wp-block-highlight-excerpt\"><strong>Le Palace in Montataire<\/strong><br>8 bis rue des d\u00e9port\u00e9s in Montataire<br><a href=\"tel:0344246997\">03 44 24 69 97<\/a>  |  <a href=\"mailto:&#108;epa&#108;&#97;&#99;e&#64;m&#97;i&#114;ie&#45;&#109;&#111;ntatair&#101;&#46;f&#114;\">E-Mail<\/a><br><a href=\"https:\/\/www.facebook.com\/lepalace.demontataire\" target=\"_blank\" rel=\"noreferrer noopener\">Facebook-Seite<\/a><\/p>\n    <\/div>\n\n\n<hr class=\"wp-block-separator\"\/>\n\n\n\n<h2 id=\"rochers\">Das Ch\u00e2teau des Rochers<\/h2>\n\n\n\n<div class=\"is-layout-flex wp-container-35 wp-block-columns\">\n<div class=\"is-layout-flow wp-block-column\" style=\"flex-basis:66.66%\">\n<p>L'<strong>Kulturraum des Ch\u00e2teau des Rochers<\/strong>, \u00e0 <strong>Nogent-sur-Oise<\/strong>In der Schweiz gibt es eine Reihe von Veranstaltungen, die f\u00fcr alle zug\u00e4nglich sind. <\/p>\n\n\n\n<p>In diesem Jahr l\u00e4dt Sie das Team des Espace Culturel zu folgenden Veranstaltungen ein <strong>Humor <\/strong>(Headliner <strong>Mathieu Madenian<\/strong> mit <strong><em>Ein Familienspektakel<\/em><\/strong>), der <strong>Musik <\/strong>(<strong>L-Rapha\u00eblle Lannad\u00e8re + Ocho Ojos<\/strong>), des <strong>Theater <\/strong>(<strong><em>Die Geheimnisse eines effektiven Muskelaufbaus <\/em><\/strong>von Les Filles de Simone) sowie <strong>Auff\u00fchrungen f\u00fcr Kinder<\/strong> (<strong><em>Bastien ohne Hand<\/em><\/strong> von Antonio Carmona) und die <strong>schulisch<\/strong>.<\/p>\n<\/div>\n\n\n\n<div class=\"is-layout-flow wp-block-column\" style=\"flex-basis:33.33%\">\n<div class=\"wp-block-image\"><figure class=\"aligncenter size-large\"><a href=\"https:\/\/fr.calameo.com\/read\/001760133394c56c553fe\"><img decoding=\"async\" loading=\"lazy\" width=\"352\" height=\"498\" data-src=\"https:\/\/www.creilsudoise-tourisme.fr\/wp-content\/uploads\/2021\/09\/Programme-Chateau-des-Rochers.jpg\" alt=\"Programm Ch\u00e2teau des Rochers\" class=\"wp-image-37789\" data-srcset=\"https:\/\/www.creilsudoise-tourisme.fr\/wp-content\/uploads\/2021\/09\/Programme-Chateau-des-Rochers.jpg 352w, https:\/\/www.creilsudoise-tourisme.fr\/wp-content\/uploads\/2021\/09\/Programme-Chateau-des-Rochers-200x283.jpg 200w\" sizes=\"(max-width: 352px) 100vw, 352px\" \/><\/a><\/figure><\/div>\n\n\n\n<div class=\"is-layout-flex wp-block-buttons is-content-justification-center\">\n<div class=\"wp-block-button\"><a class=\"wp-block-button__link\" href=\"https:\/\/fr.calameo.com\/read\/001760133394c56c553fe\" target=\"_blank\" rel=\"noreferrer noopener\">Programm 21-22<\/a><\/div>\n<\/div>\n<\/div>\n<\/div>\n\n\n\n<h2>Festivals<\/h2>\n\n\n\n<p>Auch in diesem Jahr <strong>Nogent-sur-Oise <\/strong>verabredet Sie zu zwei unumg\u00e4nglichen Festivals: <\/p>\n\n\n\n<ul><li>Die <strong>So Jazz Festiva<\/strong>l wird von Ende M\u00e4rz bis Mitte April 2022 stattfinden und K\u00fcnstler wie Maceo Parker und Nosfell pr\u00e4sentieren. <\/li><\/ul>\n\n\n\n<ul><li><s>Die <strong>Nogent Beer Festival<\/strong> die Ende Mai 2022 stattfinden wird und bei der die <strong>Bier <\/strong>(Demonstration des Bierbrauens, Treffen mit Produzenten, Workshops...) und die <strong>Musik <\/strong>mit Konzerten aus verschiedenen Horizonten. <\/s><em>UPDATE: Das Nogent Beer Festival wurde leider f\u00fcr 2022 abgesagt!<\/em><\/li><\/ul>\n\n\n\n<p>Bleiben Sie in Verbindung mit unserem <a href=\"https:\/\/www.creilsudoise-tourisme.fr\/de\/agenda\/\" target=\"_blank\" rel=\"noreferrer noopener\">Agenda <\/a>um weitere Informationen zu erhalten!<\/p>\n\n\n<div class=\"wp-block wp-block-highlight\">\n            <h3 class=\"wp-block-highlight-item wp-block-highlight-title\">Kontaktdaten<\/h3>\n                <p class=\"wp-block-highlight-item wp-block-highlight-excerpt\">Kulturraum des Ch\u00e2teau des Rochers<br>1 rue Faidherbe in Nogent-sur-Oise<br><a href=\"tel:0375190140\">03 75 19 01 40<\/a>  |  <a href=\"\/de\/cul&\/#116;&#117;r&#101;&#64;&#110;og&#101;n&#116;s&#117;&#114;&#111;&#105;&#115;&#101;.&#102;&#114;\" target=\"_blank\" rel=\"noreferrer noopener\">E-Mail<\/a><br><a href=\"https:\/\/www.nogentsuroise.fr\/se-divertir\/culture\/584-billetterie-en-ligne\" target=\"_blank\" rel=\"noreferrer noopener\">Website<\/a><\/p>\n    <\/div>\n\n\n<hr class=\"wp-block-separator\"\/>","protected":false},"excerpt":{"rendered":"<p>In Creil Sud Oise beginnt das neue Kulturjahr: Auff\u00fchrungen und Konzerte, die Sie mit der Familie oder mit Freunden entdecken k\u00f6nnen! Hier finden Sie die Kulturprogramme 2021-2022 der Theater- und Konzerts\u00e4le in Creil, Montataire und Nogent-sur-Oise. La Fa\u00efencerie-Th\u00e9\u00e2tre-Cin\u00e9ma de Creil Das im Stadtzentrum von Creil gelegene Fa\u00efencerie-Th\u00e9\u00e2tre-Cin\u00e9ma bietet Ihnen ein Programm [...].<\/p>","protected":false},"author":3,"featured_media":37791,"comment_status":"closed","ping_status":"open","sticky":false,"template":"","format":"standard","meta":{"_relevanssi_hide_post":"","_relevanssi_hide_content":"","_relevanssi_pin_for_all":"","_relevanssi_pin_keywords":"","_relevanssi_unpin_keywords":"","_relevanssi_related_keywords":"","_relevanssi_related_include_ids":"","_relevanssi_related_exclude_ids":"","_relevanssi_related_no_append":"","_relevanssi_related_not_related":"","_relevanssi_related_posts":"271,32820,37317,37307,37060,36690","_relevanssi_noindex_reason":""},"categories":[5],"tags":[],"yoast_head":"<!-- This site is optimized with the Yoast SEO plugin v20.2.1 - https:\/\/yoast.com\/wordpress\/plugins\/seo\/ -->\n<title>Les programmations culturelles 2021-2022 \u00e0 Creil Sud Oise<\/title>\n<meta name=\"description\" content=\"Retrouvez les programmations culturelles de la Fa\u00efencerie et la Grange \u00e0 musique \u00e0 Creil, Le Palace \u00e0 Montataire, le Ch\u00e2teau des Rochers \u00e0 Nogent-sur-Oise.\" \/>\n<meta name=\"robots\" content=\"index, follow, max-snippet:-1, max-image-preview:large, max-video-preview:-1\" \/>\n<link rel=\"canonical\" href=\"https:\/\/www.creilsudoise-tourisme.fr\/de\/2021\/09\/09\/kultur-programm\/\" \/>\n<meta property=\"og:locale\" content=\"de_DE\" \/>\n<meta property=\"og:type\" content=\"article\" \/>\n<meta property=\"og:title\" content=\"Les programmations culturelles 2021-2022 \u00e0 Creil Sud Oise\" \/>\n<meta property=\"og:description\" content=\"Retrouvez les programmations culturelles de la Fa\u00efencerie et la Grange \u00e0 musique \u00e0 Creil, Le Palace \u00e0 Montataire, le Ch\u00e2teau des Rochers \u00e0 Nogent-sur-Oise.\" \/>\n<meta property=\"og:url\" content=\"https:\/\/www.creilsudoise-tourisme.fr\/de\/2021\/09\/09\/kultur-programm\/\" \/>\n<meta property=\"og:site_name\" content=\"Office de Tourisme Creil Sud Oise\" \/>\n<meta property=\"article:publisher\" content=\"https:\/\/www.facebook.com\/creilsudoisetourisme\/\" \/>\n<meta property=\"article:published_time\" content=\"2021-09-09T14:20:24+00:00\" \/>\n<meta property=\"article:modified_time\" content=\"2024-07-02T08:44:50+00:00\" \/>\n<meta property=\"og:image\" content=\"https:\/\/www.creilsudoise-tourisme.fr\/wp-content\/uploads\/2021\/09\/rows-of-red-seats-in-theater.jpg\" \/>\n\t<meta property=\"og:image:width\" content=\"1600\" \/>\n\t<meta property=\"og:image:height\" content=\"997\" \/>\n\t<meta property=\"og:image:type\" content=\"image\/jpeg\" \/>\n<meta name=\"author\" content=\"fdubut\" \/>\n<meta name=\"twitter:card\" content=\"summary_large_image\" \/>\n<meta name=\"twitter:creator\" content=\"@CreilSudOiseOT\" \/>\n<meta name=\"twitter:site\" content=\"@CreilSudOiseOT\" \/>\n<meta name=\"twitter:label1\" content=\"Verfasst von\" \/>\n\t<meta name=\"twitter:data1\" content=\"fdubut\" \/>\n\t<meta name=\"twitter:label2\" content=\"Gesch\u00e4tzte Lesezeit\" \/>\n\t<meta name=\"twitter:data2\" content=\"6\u00a0Minuten\" \/>\n<script type=\"application\/ld+json\" class=\"yoast-schema-graph\">{\"@context\":\"https:\/\/schema.org\",\"@graph\":[{\"@type\":\"Article\",\"@id\":\"https:\/\/www.creilsudoise-tourisme.fr\/2021\/09\/09\/programme-culturel\/#article\",\"isPartOf\":{\"@id\":\"https:\/\/www.creilsudoise-tourisme.fr\/2021\/09\/09\/programme-culturel\/\"},\"author\":{\"name\":\"fdubut\",\"@id\":\"https:\/\/www.creilsudoise-tourisme.fr\/#\/schema\/person\/c5140d47645b13bee896bfe05f1bd5da\"},\"headline\":\"Programmations culturelles\",\"datePublished\":\"2021-09-09T14:20:24+00:00\",\"dateModified\":\"2024-07-02T08:44:50+00:00\",\"mainEntityOfPage\":{\"@id\":\"https:\/\/www.creilsudoise-tourisme.fr\/2021\/09\/09\/programme-culturel\/\"},\"wordCount\":1027,\"publisher\":{\"@id\":\"https:\/\/www.creilsudoise-tourisme.fr\/#organization\"},\"articleSection\":[\"Actus\"],\"inLanguage\":\"de\"},{\"@type\":\"WebPage\",\"@id\":\"https:\/\/www.creilsudoise-tourisme.fr\/2021\/09\/09\/programme-culturel\/\",\"url\":\"https:\/\/www.creilsudoise-tourisme.fr\/2021\/09\/09\/programme-culturel\/\",\"name\":\"Les programmations culturelles 2021-2022 \u00e0 Creil Sud Oise\",\"isPartOf\":{\"@id\":\"https:\/\/www.creilsudoise-tourisme.fr\/#website\"},\"datePublished\":\"2021-09-09T14:20:24+00:00\",\"dateModified\":\"2024-07-02T08:44:50+00:00\",\"description\":\"Retrouvez les programmations culturelles de la Fa\u00efencerie et la Grange \u00e0 musique \u00e0 Creil, Le Palace \u00e0 Montataire, le Ch\u00e2teau des Rochers \u00e0 Nogent-sur-Oise.\",\"breadcrumb\":{\"@id\":\"https:\/\/www.creilsudoise-tourisme.fr\/2021\/09\/09\/programme-culturel\/#breadcrumb\"},\"inLanguage\":\"de\",\"potentialAction\":[{\"@type\":\"ReadAction\",\"target\":[\"https:\/\/www.creilsudoise-tourisme.fr\/2021\/09\/09\/programme-culturel\/\"]}]},{\"@type\":\"BreadcrumbList\",\"@id\":\"https:\/\/www.creilsudoise-tourisme.fr\/2021\/09\/09\/programme-culturel\/#breadcrumb\",\"itemListElement\":[{\"@type\":\"ListItem\",\"position\":1,\"name\":\"Accueil\",\"item\":\"https:\/\/www.creilsudoise-tourisme.fr\/\"},{\"@type\":\"ListItem\",\"position\":2,\"name\":\"Programmations culturelles\"}]},{\"@type\":\"WebSite\",\"@id\":\"https:\/\/www.creilsudoise-tourisme.fr\/#website\",\"url\":\"https:\/\/www.creilsudoise-tourisme.fr\/\",\"name\":\"Office de Tourisme Creil Sud Oise\",\"description\":\"Creil Sud Oise Tourisme, un territoire \u00e0 explorer !\",\"publisher\":{\"@id\":\"https:\/\/www.creilsudoise-tourisme.fr\/#organization\"},\"potentialAction\":[{\"@type\":\"SearchAction\",\"target\":{\"@type\":\"EntryPoint\",\"urlTemplate\":\"https:\/\/www.creilsudoise-tourisme.fr\/?s={search_term_string}\"},\"query-input\":\"required name=search_term_string\"}],\"inLanguage\":\"de\"},{\"@type\":\"Organization\",\"@id\":\"https:\/\/www.creilsudoise-tourisme.fr\/#organization\",\"name\":\"Creil Sud Oise Tourisme\",\"url\":\"https:\/\/www.creilsudoise-tourisme.fr\/\",\"logo\":{\"@type\":\"ImageObject\",\"inLanguage\":\"de\",\"@id\":\"https:\/\/www.creilsudoise-tourisme.fr\/#\/schema\/logo\/image\/\",\"url\":\"https:\/\/www.creilsudoise-tourisme.fr\/wp-content\/uploads\/2021\/05\/logo-svg.png\",\"contentUrl\":\"https:\/\/www.creilsudoise-tourisme.fr\/wp-content\/uploads\/2021\/05\/logo-svg.png\",\"width\":182,\"height\":71,\"caption\":\"Creil Sud Oise Tourisme\"},\"image\":{\"@id\":\"https:\/\/www.creilsudoise-tourisme.fr\/#\/schema\/logo\/image\/\"},\"sameAs\":[\"https:\/\/www.facebook.com\/creilsudoisetourisme\/\",\"https:\/\/twitter.com\/CreilSudOiseOT\",\"https:\/\/www.instagram.com\/creilsudoisetourisme\/\",\"https:\/\/www.youtube.com\/channel\/UC8L_QD2wwyADW14zt9fY8kw\"]},{\"@type\":\"Person\",\"@id\":\"https:\/\/www.creilsudoise-tourisme.fr\/#\/schema\/person\/c5140d47645b13bee896bfe05f1bd5da\",\"name\":\"fdubut\",\"image\":{\"@type\":\"ImageObject\",\"inLanguage\":\"de\",\"@id\":\"https:\/\/www.creilsudoise-tourisme.fr\/#\/schema\/person\/image\/\",\"url\":\"https:\/\/secure.gravatar.com\/avatar\/c49bb61337bf4556cafdbcb92c18618d?s=96&d=mm&r=g\",\"contentUrl\":\"https:\/\/secure.gravatar.com\/avatar\/c49bb61337bf4556cafdbcb92c18618d?s=96&d=mm&r=g\",\"caption\":\"fdubut\"},\"url\":\"https:\/\/www.creilsudoise-tourisme.fr\/de\/auteur\/fdubut\/\"}]}<\/script>\n<!-- \/ Yoast SEO plugin. -->","yoast_head_json":{"title":"Les programmations culturelles 2021-2022 \u00e0 Creil Sud Oise","description":"Retrouvez les programmations culturelles de la Fa\u00efencerie et la Grange \u00e0 musique \u00e0 Creil, Le Palace \u00e0 Montataire, le Ch\u00e2teau des Rochers \u00e0 Nogent-sur-Oise.","robots":{"index":"index","follow":"follow","max-snippet":"max-snippet:-1","max-image-preview":"max-image-preview:large","max-video-preview":"max-video-preview:-1"},"canonical":"https:\/\/www.creilsudoise-tourisme.fr\/de\/2021\/09\/09\/kultur-programm\/","og_locale":"de_DE","og_type":"article","og_title":"Les programmations culturelles 2021-2022 \u00e0 Creil Sud Oise","og_description":"Retrouvez les programmations culturelles de la Fa\u00efencerie et la Grange \u00e0 musique \u00e0 Creil, Le Palace \u00e0 Montataire, le Ch\u00e2teau des Rochers \u00e0 Nogent-sur-Oise.","og_url":"https:\/\/www.creilsudoise-tourisme.fr\/de\/2021\/09\/09\/kultur-programm\/","og_site_name":"Office de Tourisme Creil Sud Oise","article_publisher":"https:\/\/www.facebook.com\/creilsudoisetourisme\/","article_published_time":"2021-09-09T14:20:24+00:00","article_modified_time":"2024-07-02T08:44:50+00:00","og_image":[{"width":1600,"height":997,"url":"https:\/\/www.creilsudoise-tourisme.fr\/wp-content\/uploads\/2021\/09\/rows-of-red-seats-in-theater.jpg","type":"image\/jpeg"}],"author":"fdubut","twitter_card":"summary_large_image","twitter_creator":"@CreilSudOiseOT","twitter_site":"@CreilSudOiseOT","twitter_misc":{"Verfasst von":"fdubut","Gesch\u00e4tzte Lesezeit":"6\u00a0Minuten"},"schema":{"@context":"https:\/\/schema.org","@graph":[{"@type":"Article","@id":"https:\/\/www.creilsudoise-tourisme.fr\/2021\/09\/09\/programme-culturel\/#article","isPartOf":{"@id":"https:\/\/www.creilsudoise-tourisme.fr\/2021\/09\/09\/programme-culturel\/"},"author":{"name":"fdubut","@id":"https:\/\/www.creilsudoise-tourisme.fr\/#\/schema\/person\/c5140d47645b13bee896bfe05f1bd5da"},"headline":"Programmations culturelles","datePublished":"2021-09-09T14:20:24+00:00","dateModified":"2024-07-02T08:44:50+00:00","mainEntityOfPage":{"@id":"https:\/\/www.creilsudoise-tourisme.fr\/2021\/09\/09\/programme-culturel\/"},"wordCount":1027,"publisher":{"@id":"https:\/\/www.creilsudoise-tourisme.fr\/#organization"},"articleSection":["Actus"],"inLanguage":"de"},{"@type":"WebPage","@id":"https:\/\/www.creilsudoise-tourisme.fr\/2021\/09\/09\/programme-culturel\/","url":"https:\/\/www.creilsudoise-tourisme.fr\/2021\/09\/09\/programme-culturel\/","name":"Les programmations culturelles 2021-2022 \u00e0 Creil Sud Oise","isPartOf":{"@id":"https:\/\/www.creilsudoise-tourisme.fr\/#website"},"datePublished":"2021-09-09T14:20:24+00:00","dateModified":"2024-07-02T08:44:50+00:00","description":"Retrouvez les programmations culturelles de la Fa\u00efencerie et la Grange \u00e0 musique \u00e0 Creil, Le Palace \u00e0 Montataire, le Ch\u00e2teau des Rochers \u00e0 Nogent-sur-Oise.","breadcrumb":{"@id":"https:\/\/www.creilsudoise-tourisme.fr\/2021\/09\/09\/programme-culturel\/#breadcrumb"},"inLanguage":"de","potentialAction":[{"@type":"ReadAction","target":["https:\/\/www.creilsudoise-tourisme.fr\/2021\/09\/09\/programme-culturel\/"]}]},{"@type":"BreadcrumbList","@id":"https:\/\/www.creilsudoise-tourisme.fr\/2021\/09\/09\/programme-culturel\/#breadcrumb","itemListElement":[{"@type":"ListItem","position":1,"name":"Accueil","item":"https:\/\/www.creilsudoise-tourisme.fr\/"},{"@type":"ListItem","position":2,"name":"Programmations culturelles"}]},{"@type":"WebSite","@id":"https:\/\/www.creilsudoise-tourisme.fr\/#website","url":"https:\/\/www.creilsudoise-tourisme.fr\/","name":"Office de Tourisme Creil Sud Oise","description":"Creil Sud Oise Tourisme, un territoire \u00e0 explorer !","publisher":{"@id":"https:\/\/www.creilsudoise-tourisme.fr\/#organization"},"potentialAction":[{"@type":"SearchAction","target":{"@type":"EntryPoint","urlTemplate":"https:\/\/www.creilsudoise-tourisme.fr\/?s={search_term_string}"},"query-input":"required name=search_term_string"}],"inLanguage":"de"},{"@type":"Organization","@id":"https:\/\/www.creilsudoise-tourisme.fr\/#organization","name":"Creil Sud Oise Tourisme","url":"https:\/\/www.creilsudoise-tourisme.fr\/","logo":{"@type":"ImageObject","inLanguage":"de","@id":"https:\/\/www.creilsudoise-tourisme.fr\/#\/schema\/logo\/image\/","url":"https:\/\/www.creilsudoise-tourisme.fr\/wp-content\/uploads\/2021\/05\/logo-svg.png","contentUrl":"https:\/\/www.creilsudoise-tourisme.fr\/wp-content\/uploads\/2021\/05\/logo-svg.png","width":182,"height":71,"caption":"Creil Sud Oise Tourisme"},"image":{"@id":"https:\/\/www.creilsudoise-tourisme.fr\/#\/schema\/logo\/image\/"},"sameAs":["https:\/\/www.facebook.com\/creilsudoisetourisme\/","https:\/\/twitter.com\/CreilSudOiseOT","https:\/\/www.instagram.com\/creilsudoisetourisme\/","https:\/\/www.youtube.com\/channel\/UC8L_QD2wwyADW14zt9fY8kw"]},{"@type":"Person","@id":"https:\/\/www.creilsudoise-tourisme.fr\/#\/schema\/person\/c5140d47645b13bee896bfe05f1bd5da","name":"fdubut","image":{"@type":"ImageObject","inLanguage":"de","@id":"https:\/\/www.creilsudoise-tourisme.fr\/#\/schema\/person\/image\/","url":"https:\/\/secure.gravatar.com\/avatar\/c49bb61337bf4556cafdbcb92c18618d?s=96&d=mm&r=g","contentUrl":"https:\/\/secure.gravatar.com\/avatar\/c49bb61337bf4556cafdbcb92c18618d?s=96&d=mm&r=g","caption":"fdubut"},"url":"https:\/\/www.creilsudoise-tourisme.fr\/de\/auteur\/fdubut\/"}]}},"_links":{"self":[{"href":"https:\/\/www.creilsudoise-tourisme.fr\/de\/wp-json\/wp\/v2\/posts\/37757"}],"collection":[{"href":"https:\/\/www.creilsudoise-tourisme.fr\/de\/wp-json\/wp\/v2\/posts"}],"about":[{"href":"https:\/\/www.creilsudoise-tourisme.fr\/de\/wp-json\/wp\/v2\/types\/post"}],"author":[{"embeddable":true,"href":"https:\/\/www.creilsudoise-tourisme.fr\/de\/wp-json\/wp\/v2\/users\/3"}],"replies":[{"embeddable":true,"href":"https:\/\/www.creilsudoise-tourisme.fr\/de\/wp-json\/wp\/v2\/comments?post=37757"}],"version-history":[{"count":13,"href":"https:\/\/www.creilsudoise-tourisme.fr\/de\/wp-json\/wp\/v2\/posts\/37757\/revisions"}],"predecessor-version":[{"id":41285,"href":"https:\/\/www.creilsudoise-tourisme.fr\/de\/wp-json\/wp\/v2\/posts\/37757\/revisions\/41285"}],"wp:featuredmedia":[{"embeddable":true,"href":"https:\/\/www.creilsudoise-tourisme.fr\/de\/wp-json\/wp\/v2\/media\/37791"}],"wp:attachment":[{"href":"https:\/\/www.creilsudoise-tourisme.fr\/de\/wp-json\/wp\/v2\/media?parent=37757"}],"wp:term":[{"taxonomy":"category","embeddable":true,"href":"https:\/\/www.creilsudoise-tourisme.fr\/de\/wp-json\/wp\/v2\/categories?post=37757"},{"taxonomy":"post_tag","embeddable":true,"href":"https:\/\/www.creilsudoise-tourisme.fr\/de\/wp-json\/wp\/v2\/tags?post=37757"}],"curies":[{"name":"wp","href":"https:\/\/api.w.org\/{rel}","templated":true}]}}