{"id":37325,"date":"2021-08-11T14:16:27","date_gmt":"2021-08-11T12:16:27","guid":{"rendered":"https:\/\/www.creilsudoise-tourisme.fr\/?p=37325"},"modified":"2022-01-25T09:09:46","modified_gmt":"2022-01-25T08:09:46","slug":"etymologie","status":"publish","type":"post","link":"https:\/\/www.creilsudoise-tourisme.fr\/de\/2021\/08\/11\/etymologie\/","title":{"rendered":"Etymologie: Rousseloy, Maysel, Cramoisy"},"content":{"rendered":"<p class=\"is-style-excerpt\">Haben Sie sich jemals gefragt <strong>woher der Name Ihrer Gemeinde stammt<\/strong> ? Nun, wir werden versuchen, diese Frage mit einigen Hinweisen zu beantworten. In dieser Anekdote werden wir herausfinden <strong>Rousseloy<\/strong>, <strong>Maysel <\/strong>und <strong>Cramoisy <\/strong>!<\/p>\n\n\n\n<h2>Rousseloy<\/h2>\n\n\n\n<p><strong>Rousseloy<\/strong>Der Name mag an einen Wasserlauf erinnern, doch der Ursprung des Namens scheint ein anderer zu sein.<\/p>\n\n\n\n<p>Laut einer Notiz aus dem ganz fr\u00fchen 17.<sup>\u00e8me<\/sup> Jahrhundert w\u00fcrde der Ursprung von <strong>dieser Name, der auf das 11.<sup>\u00e8me<\/sup> Jahrhundert<\/strong> durch eine semantische Aufteilung. Seine Basis, <strong>\"Ross\", w\u00fcrde tats\u00e4chlich auf das Wort \"Pferd\" verweisen. <\/strong>auf Germanisch, was daran erinnert, dass man fr\u00fcher innerhalb von Rousseloy die<strong> \u00dcberreste eines Relais<\/strong>Der Ort liegt an der Kreuzung von r\u00f6mischen Stra\u00dfen. <\/p>\n\n\n\n<p>Eine zweite Hypothese unter dieser Notiz offenbart die M\u00f6glichkeit eines <strong>Gebiet, in dem viel Schilf zu finden war<\/strong>Diese Pflanze liebt kalkhaltige B\u00f6den, wie sie in Rousseloy zu finden sind.<\/p>\n\n\n\n<figure class=\"wp-block-image size-large\"><img decoding=\"async\" loading=\"lazy\" width=\"1200\" height=\"768\" data-src=\"https:\/\/www.creilsudoise-tourisme.fr\/wp-content\/uploads\/2021\/08\/Rousseloy-1200x768.jpg\" alt=\"Luftaufnahme des Dorfes Rousseloy\" class=\"wp-image-37329\" data-srcset=\"https:\/\/www.creilsudoise-tourisme.fr\/wp-content\/uploads\/2021\/08\/Rousseloy-1200x768.jpg 1200w, https:\/\/www.creilsudoise-tourisme.fr\/wp-content\/uploads\/2021\/08\/Rousseloy-600x384.jpg 600w, https:\/\/www.creilsudoise-tourisme.fr\/wp-content\/uploads\/2021\/08\/Rousseloy-900x576.jpg 900w, https:\/\/www.creilsudoise-tourisme.fr\/wp-content\/uploads\/2021\/08\/Rousseloy-200x128.jpg 200w, https:\/\/www.creilsudoise-tourisme.fr\/wp-content\/uploads\/2021\/08\/Rousseloy-650x416.jpg 650w, https:\/\/www.creilsudoise-tourisme.fr\/wp-content\/uploads\/2021\/08\/Rousseloy-387x248.jpg 387w, https:\/\/www.creilsudoise-tourisme.fr\/wp-content\/uploads\/2021\/08\/Rousseloy.jpg 1496w\" sizes=\"(max-width: 1200px) 100vw, 1200px\" \/><\/figure>\n\n\n\n<h2>Maysel<\/h2>\n\n\n\n<p><strong>Maysel, fr\u00fcher \"Macellum\" genannt<\/strong>hat seinen Ursprung in<strong> Latein und Altfranz\u00f6sisch<\/strong>. <strong>\"Macellum\" bedeutet im Lateinischen \"Schlachthof\".<\/strong>Im Altfranz\u00f6sischen wurde die Form \"Maisel\" beibehalten, um eine Frau zu bezeichnen. <strong>Metzgerei<\/strong>. Es ist daher sehr wahrscheinlich, dass in Maysel Folgendes zu finden war <strong>ein Fleischmarkt, der die Geschichte dieser Gemeinde pr\u00e4gte<\/strong>.<\/p>\n\n\n\n<figure class=\"wp-block-image size-large\"><img decoding=\"async\" loading=\"lazy\" width=\"1200\" height=\"769\" data-src=\"https:\/\/www.creilsudoise-tourisme.fr\/wp-content\/uploads\/2021\/08\/Maysel-1200x769.jpg\" alt=\"Dorf Maysel\" class=\"wp-image-37328\" data-srcset=\"https:\/\/www.creilsudoise-tourisme.fr\/wp-content\/uploads\/2021\/08\/Maysel-1200x769.jpg 1200w, https:\/\/www.creilsudoise-tourisme.fr\/wp-content\/uploads\/2021\/08\/Maysel-600x385.jpg 600w, https:\/\/www.creilsudoise-tourisme.fr\/wp-content\/uploads\/2021\/08\/Maysel-900x577.jpg 900w, https:\/\/www.creilsudoise-tourisme.fr\/wp-content\/uploads\/2021\/08\/Maysel-200x128.jpg 200w, https:\/\/www.creilsudoise-tourisme.fr\/wp-content\/uploads\/2021\/08\/Maysel-650x417.jpg 650w, https:\/\/www.creilsudoise-tourisme.fr\/wp-content\/uploads\/2021\/08\/Maysel-387x248.jpg 387w, https:\/\/www.creilsudoise-tourisme.fr\/wp-content\/uploads\/2021\/08\/Maysel.jpg 1523w\" sizes=\"(max-width: 1200px) 100vw, 1200px\" \/><\/figure>\n\n\n\n<h2>Cramoisy<\/h2>\n\n\n\n<p>Was <strong>Cramoisy<\/strong>Er kommt aus dem <strong>gallo-r\u00f6mischer Vorname Cramisius <\/strong>zu dem das <strong>Suffix \"acum\", das \"das Land von\" bedeutet<\/strong>oder w\u00f6rtlich <strong>\" das Anwesen des Cramisius \"<\/strong>. <\/p>\n\n\n\n<p>Auch wenn die Geschichte seinen Namen nicht festgehalten hat, hat der Mann die Orte offensichtlich gepr\u00e4gt, denn die verschiedenen Namen der Gemeinde haben alle eine Verbindung zu ihm. Von <strong>\"Cramisiacus\" im Jahr 859<\/strong>entwickelt sich das Dorf in <strong>\"Cremoisy en la dioc\u00e8se de Beauveiz\" im Jahr 1273<\/strong>oder <strong>\"Kramoisi\" im 14<sup>\u00e8me<\/sup> Jahrhundert<\/strong>.<\/p>\n\n\n\n<figure class=\"wp-block-image size-large\"><img decoding=\"async\" loading=\"lazy\" width=\"1200\" height=\"753\" data-src=\"https:\/\/www.creilsudoise-tourisme.fr\/wp-content\/uploads\/2021\/08\/Cramoisy-sortie-dusine-1200x753.jpg\" alt=\"Fabrikausfahrt in Cramoisy\" class=\"wp-image-37326\" data-srcset=\"https:\/\/www.creilsudoise-tourisme.fr\/wp-content\/uploads\/2021\/08\/Cramoisy-sortie-dusine-1200x753.jpg 1200w, https:\/\/www.creilsudoise-tourisme.fr\/wp-content\/uploads\/2021\/08\/Cramoisy-sortie-dusine-600x376.jpg 600w, https:\/\/www.creilsudoise-tourisme.fr\/wp-content\/uploads\/2021\/08\/Cramoisy-sortie-dusine-900x565.jpg 900w, https:\/\/www.creilsudoise-tourisme.fr\/wp-content\/uploads\/2021\/08\/Cramoisy-sortie-dusine-1536x964.jpg 1536w, https:\/\/www.creilsudoise-tourisme.fr\/wp-content\/uploads\/2021\/08\/Cramoisy-sortie-dusine-200x125.jpg 200w, https:\/\/www.creilsudoise-tourisme.fr\/wp-content\/uploads\/2021\/08\/Cramoisy-sortie-dusine-650x408.jpg 650w, https:\/\/www.creilsudoise-tourisme.fr\/wp-content\/uploads\/2021\/08\/Cramoisy-sortie-dusine-387x243.jpg 387w, https:\/\/www.creilsudoise-tourisme.fr\/wp-content\/uploads\/2021\/08\/Cramoisy-sortie-dusine.jpg 1913w\" sizes=\"(max-width: 1200px) 100vw, 1200px\" \/><\/figure>\n\n\n\n<hr class=\"wp-block-separator\"\/>","protected":false},"excerpt":{"rendered":"<p>Haben Sie sich schon einmal gefragt, woher der Name Ihrer Gemeinde kommt? Nun, wir werden versuchen, diese Frage mit einigen Hinweisen zu beantworten. In dieser Anekdote werden wir Rousseloy, Maysel und Cramoisy entdecken! Rousseloy Rousseloy, auch wenn dieser Name vielleicht an einen Rinnsal denken l\u00e4sst, scheint der Ursprung des Namens dieser Gemeinde [...].<\/p>","protected":false},"author":3,"featured_media":37326,"comment_status":"closed","ping_status":"open","sticky":false,"template":"","format":"standard","meta":{"_relevanssi_hide_post":"","_relevanssi_hide_content":"","_relevanssi_pin_for_all":"","_relevanssi_pin_keywords":"","_relevanssi_unpin_keywords":"","_relevanssi_related_keywords":"","_relevanssi_related_include_ids":"","_relevanssi_related_exclude_ids":"","_relevanssi_related_no_append":"","_relevanssi_related_not_related":"","_relevanssi_related_posts":"36668,271,37307,36660,36681,36653","_relevanssi_noindex_reason":""},"categories":[3],"tags":[],"yoast_head":"<!-- This site is optimized with the Yoast SEO plugin v20.2.1 - https:\/\/yoast.com\/wordpress\/plugins\/seo\/ -->\n<title>Anecdote : l&#039;\u00e9tymologie de Rousseloy, Maysel et Cramoisy<\/title>\n<meta name=\"description\" content=\"D\u00e9couvrez l&#039;origine des noms des villages de Rousseloy, Maysel et Cramoisy \u00e0 travers une anecdote concoct\u00e9e par l&#039;Office de Tourisme !\" \/>\n<meta name=\"robots\" content=\"index, follow, max-snippet:-1, max-image-preview:large, max-video-preview:-1\" \/>\n<link rel=\"canonical\" href=\"https:\/\/www.creilsudoise-tourisme.fr\/de\/2021\/08\/11\/etymologie\/\" \/>\n<meta property=\"og:locale\" content=\"de_DE\" \/>\n<meta property=\"og:type\" content=\"article\" \/>\n<meta property=\"og:title\" content=\"Anecdote : l&#039;\u00e9tymologie de Rousseloy, Maysel et Cramoisy\" \/>\n<meta property=\"og:description\" content=\"D\u00e9couvrez l&#039;origine des noms des villages de Rousseloy, Maysel et Cramoisy \u00e0 travers une anecdote concoct\u00e9e par l&#039;Office de Tourisme !\" \/>\n<meta property=\"og:url\" content=\"https:\/\/www.creilsudoise-tourisme.fr\/de\/2021\/08\/11\/etymologie\/\" \/>\n<meta property=\"og:site_name\" content=\"Office de Tourisme Creil Sud Oise\" \/>\n<meta property=\"article:publisher\" content=\"https:\/\/www.facebook.com\/creilsudoisetourisme\/\" \/>\n<meta property=\"article:published_time\" content=\"2021-08-11T12:16:27+00:00\" \/>\n<meta property=\"article:modified_time\" content=\"2022-01-25T08:09:46+00:00\" \/>\n<meta property=\"og:image\" content=\"https:\/\/www.creilsudoise-tourisme.fr\/wp-content\/uploads\/2021\/08\/Cramoisy-sortie-dusine.jpg\" \/>\n\t<meta property=\"og:image:width\" content=\"1913\" \/>\n\t<meta property=\"og:image:height\" content=\"1200\" \/>\n\t<meta property=\"og:image:type\" content=\"image\/jpeg\" \/>\n<meta name=\"author\" content=\"fdubut\" \/>\n<meta name=\"twitter:card\" content=\"summary_large_image\" \/>\n<meta name=\"twitter:creator\" content=\"@CreilSudOiseOT\" \/>\n<meta name=\"twitter:site\" content=\"@CreilSudOiseOT\" \/>\n<meta name=\"twitter:label1\" content=\"Verfasst von\" \/>\n\t<meta name=\"twitter:data1\" content=\"fdubut\" \/>\n\t<meta name=\"twitter:label2\" content=\"Gesch\u00e4tzte Lesezeit\" \/>\n\t<meta name=\"twitter:data2\" content=\"2\u00a0Minuten\" \/>\n<script type=\"application\/ld+json\" class=\"yoast-schema-graph\">{\"@context\":\"https:\/\/schema.org\",\"@graph\":[{\"@type\":\"Article\",\"@id\":\"https:\/\/www.creilsudoise-tourisme.fr\/en\/2021\/08\/11\/etymologie\/#article\",\"isPartOf\":{\"@id\":\"https:\/\/www.creilsudoise-tourisme.fr\/en\/2021\/08\/11\/etymologie\/\"},\"author\":{\"name\":\"fdubut\",\"@id\":\"https:\/\/www.creilsudoise-tourisme.fr\/#\/schema\/person\/c5140d47645b13bee896bfe05f1bd5da\"},\"headline\":\"Etymologie : Rousseloy, Maysel, Cramoisy\",\"datePublished\":\"2021-08-11T12:16:27+00:00\",\"dateModified\":\"2022-01-25T08:09:46+00:00\",\"mainEntityOfPage\":{\"@id\":\"https:\/\/www.creilsudoise-tourisme.fr\/en\/2021\/08\/11\/etymologie\/\"},\"wordCount\":305,\"publisher\":{\"@id\":\"https:\/\/www.creilsudoise-tourisme.fr\/#organization\"},\"articleSection\":[\"Anecdotes\"],\"inLanguage\":\"de\"},{\"@type\":\"WebPage\",\"@id\":\"https:\/\/www.creilsudoise-tourisme.fr\/en\/2021\/08\/11\/etymologie\/\",\"url\":\"https:\/\/www.creilsudoise-tourisme.fr\/en\/2021\/08\/11\/etymologie\/\",\"name\":\"Anecdote : l'\u00e9tymologie de Rousseloy, Maysel et Cramoisy\",\"isPartOf\":{\"@id\":\"https:\/\/www.creilsudoise-tourisme.fr\/#website\"},\"datePublished\":\"2021-08-11T12:16:27+00:00\",\"dateModified\":\"2022-01-25T08:09:46+00:00\",\"description\":\"D\u00e9couvrez l'origine des noms des villages de Rousseloy, Maysel et Cramoisy \u00e0 travers une anecdote concoct\u00e9e par l'Office de Tourisme !\",\"breadcrumb\":{\"@id\":\"https:\/\/www.creilsudoise-tourisme.fr\/en\/2021\/08\/11\/etymologie\/#breadcrumb\"},\"inLanguage\":\"de\",\"potentialAction\":[{\"@type\":\"ReadAction\",\"target\":[\"https:\/\/www.creilsudoise-tourisme.fr\/en\/2021\/08\/11\/etymologie\/\"]}]},{\"@type\":\"BreadcrumbList\",\"@id\":\"https:\/\/www.creilsudoise-tourisme.fr\/en\/2021\/08\/11\/etymologie\/#breadcrumb\",\"itemListElement\":[{\"@type\":\"ListItem\",\"position\":1,\"name\":\"Accueil\",\"item\":\"https:\/\/www.creilsudoise-tourisme.fr\/\"},{\"@type\":\"ListItem\",\"position\":2,\"name\":\"Etymologie : Rousseloy, Maysel, Cramoisy\"}]},{\"@type\":\"WebSite\",\"@id\":\"https:\/\/www.creilsudoise-tourisme.fr\/#website\",\"url\":\"https:\/\/www.creilsudoise-tourisme.fr\/\",\"name\":\"Office de Tourisme Creil Sud Oise\",\"description\":\"Creil Sud Oise Tourisme, un territoire \u00e0 explorer !\",\"publisher\":{\"@id\":\"https:\/\/www.creilsudoise-tourisme.fr\/#organization\"},\"potentialAction\":[{\"@type\":\"SearchAction\",\"target\":{\"@type\":\"EntryPoint\",\"urlTemplate\":\"https:\/\/www.creilsudoise-tourisme.fr\/?s={search_term_string}\"},\"query-input\":\"required name=search_term_string\"}],\"inLanguage\":\"de\"},{\"@type\":\"Organization\",\"@id\":\"https:\/\/www.creilsudoise-tourisme.fr\/#organization\",\"name\":\"Creil Sud Oise Tourisme\",\"url\":\"https:\/\/www.creilsudoise-tourisme.fr\/\",\"logo\":{\"@type\":\"ImageObject\",\"inLanguage\":\"de\",\"@id\":\"https:\/\/www.creilsudoise-tourisme.fr\/#\/schema\/logo\/image\/\",\"url\":\"https:\/\/www.creilsudoise-tourisme.fr\/wp-content\/uploads\/2021\/05\/logo-svg.png\",\"contentUrl\":\"https:\/\/www.creilsudoise-tourisme.fr\/wp-content\/uploads\/2021\/05\/logo-svg.png\",\"width\":182,\"height\":71,\"caption\":\"Creil Sud Oise Tourisme\"},\"image\":{\"@id\":\"https:\/\/www.creilsudoise-tourisme.fr\/#\/schema\/logo\/image\/\"},\"sameAs\":[\"https:\/\/www.facebook.com\/creilsudoisetourisme\/\",\"https:\/\/twitter.com\/CreilSudOiseOT\",\"https:\/\/www.instagram.com\/creilsudoisetourisme\/\",\"https:\/\/www.youtube.com\/channel\/UC8L_QD2wwyADW14zt9fY8kw\"]},{\"@type\":\"Person\",\"@id\":\"https:\/\/www.creilsudoise-tourisme.fr\/#\/schema\/person\/c5140d47645b13bee896bfe05f1bd5da\",\"name\":\"fdubut\",\"image\":{\"@type\":\"ImageObject\",\"inLanguage\":\"de\",\"@id\":\"https:\/\/www.creilsudoise-tourisme.fr\/#\/schema\/person\/image\/\",\"url\":\"https:\/\/secure.gravatar.com\/avatar\/c49bb61337bf4556cafdbcb92c18618d?s=96&d=mm&r=g\",\"contentUrl\":\"https:\/\/secure.gravatar.com\/avatar\/c49bb61337bf4556cafdbcb92c18618d?s=96&d=mm&r=g\",\"caption\":\"fdubut\"},\"url\":\"https:\/\/www.creilsudoise-tourisme.fr\/de\/auteur\/fdubut\/\"}]}<\/script>\n<!-- \/ Yoast SEO plugin. -->","yoast_head_json":{"title":"Anecdote : l'\u00e9tymologie de Rousseloy, Maysel et Cramoisy","description":"D\u00e9couvrez l'origine des noms des villages de Rousseloy, Maysel et Cramoisy \u00e0 travers une anecdote concoct\u00e9e par l'Office de Tourisme !","robots":{"index":"index","follow":"follow","max-snippet":"max-snippet:-1","max-image-preview":"max-image-preview:large","max-video-preview":"max-video-preview:-1"},"canonical":"https:\/\/www.creilsudoise-tourisme.fr\/de\/2021\/08\/11\/etymologie\/","og_locale":"de_DE","og_type":"article","og_title":"Anecdote : l'\u00e9tymologie de Rousseloy, Maysel et Cramoisy","og_description":"D\u00e9couvrez l'origine des noms des villages de Rousseloy, Maysel et Cramoisy \u00e0 travers une anecdote concoct\u00e9e par l'Office de Tourisme !","og_url":"https:\/\/www.creilsudoise-tourisme.fr\/de\/2021\/08\/11\/etymologie\/","og_site_name":"Office de Tourisme Creil Sud Oise","article_publisher":"https:\/\/www.facebook.com\/creilsudoisetourisme\/","article_published_time":"2021-08-11T12:16:27+00:00","article_modified_time":"2022-01-25T08:09:46+00:00","og_image":[{"width":1913,"height":1200,"url":"https:\/\/www.creilsudoise-tourisme.fr\/wp-content\/uploads\/2021\/08\/Cramoisy-sortie-dusine.jpg","type":"image\/jpeg"}],"author":"fdubut","twitter_card":"summary_large_image","twitter_creator":"@CreilSudOiseOT","twitter_site":"@CreilSudOiseOT","twitter_misc":{"Verfasst von":"fdubut","Gesch\u00e4tzte Lesezeit":"2\u00a0Minuten"},"schema":{"@context":"https:\/\/schema.org","@graph":[{"@type":"Article","@id":"https:\/\/www.creilsudoise-tourisme.fr\/en\/2021\/08\/11\/etymologie\/#article","isPartOf":{"@id":"https:\/\/www.creilsudoise-tourisme.fr\/en\/2021\/08\/11\/etymologie\/"},"author":{"name":"fdubut","@id":"https:\/\/www.creilsudoise-tourisme.fr\/#\/schema\/person\/c5140d47645b13bee896bfe05f1bd5da"},"headline":"Etymologie : Rousseloy, Maysel, Cramoisy","datePublished":"2021-08-11T12:16:27+00:00","dateModified":"2022-01-25T08:09:46+00:00","mainEntityOfPage":{"@id":"https:\/\/www.creilsudoise-tourisme.fr\/en\/2021\/08\/11\/etymologie\/"},"wordCount":305,"publisher":{"@id":"https:\/\/www.creilsudoise-tourisme.fr\/#organization"},"articleSection":["Anecdotes"],"inLanguage":"de"},{"@type":"WebPage","@id":"https:\/\/www.creilsudoise-tourisme.fr\/en\/2021\/08\/11\/etymologie\/","url":"https:\/\/www.creilsudoise-tourisme.fr\/en\/2021\/08\/11\/etymologie\/","name":"Anecdote : l'\u00e9tymologie de Rousseloy, Maysel et Cramoisy","isPartOf":{"@id":"https:\/\/www.creilsudoise-tourisme.fr\/#website"},"datePublished":"2021-08-11T12:16:27+00:00","dateModified":"2022-01-25T08:09:46+00:00","description":"D\u00e9couvrez l'origine des noms des villages de Rousseloy, Maysel et Cramoisy \u00e0 travers une anecdote concoct\u00e9e par l'Office de Tourisme !","breadcrumb":{"@id":"https:\/\/www.creilsudoise-tourisme.fr\/en\/2021\/08\/11\/etymologie\/#breadcrumb"},"inLanguage":"de","potentialAction":[{"@type":"ReadAction","target":["https:\/\/www.creilsudoise-tourisme.fr\/en\/2021\/08\/11\/etymologie\/"]}]},{"@type":"BreadcrumbList","@id":"https:\/\/www.creilsudoise-tourisme.fr\/en\/2021\/08\/11\/etymologie\/#breadcrumb","itemListElement":[{"@type":"ListItem","position":1,"name":"Accueil","item":"https:\/\/www.creilsudoise-tourisme.fr\/"},{"@type":"ListItem","position":2,"name":"Etymologie : Rousseloy, Maysel, Cramoisy"}]},{"@type":"WebSite","@id":"https:\/\/www.creilsudoise-tourisme.fr\/#website","url":"https:\/\/www.creilsudoise-tourisme.fr\/","name":"Office de Tourisme Creil Sud Oise","description":"Creil Sud Oise Tourisme, un territoire \u00e0 explorer !","publisher":{"@id":"https:\/\/www.creilsudoise-tourisme.fr\/#organization"},"potentialAction":[{"@type":"SearchAction","target":{"@type":"EntryPoint","urlTemplate":"https:\/\/www.creilsudoise-tourisme.fr\/?s={search_term_string}"},"query-input":"required name=search_term_string"}],"inLanguage":"de"},{"@type":"Organization","@id":"https:\/\/www.creilsudoise-tourisme.fr\/#organization","name":"Creil Sud Oise Tourisme","url":"https:\/\/www.creilsudoise-tourisme.fr\/","logo":{"@type":"ImageObject","inLanguage":"de","@id":"https:\/\/www.creilsudoise-tourisme.fr\/#\/schema\/logo\/image\/","url":"https:\/\/www.creilsudoise-tourisme.fr\/wp-content\/uploads\/2021\/05\/logo-svg.png","contentUrl":"https:\/\/www.creilsudoise-tourisme.fr\/wp-content\/uploads\/2021\/05\/logo-svg.png","width":182,"height":71,"caption":"Creil Sud Oise Tourisme"},"image":{"@id":"https:\/\/www.creilsudoise-tourisme.fr\/#\/schema\/logo\/image\/"},"sameAs":["https:\/\/www.facebook.com\/creilsudoisetourisme\/","https:\/\/twitter.com\/CreilSudOiseOT","https:\/\/www.instagram.com\/creilsudoisetourisme\/","https:\/\/www.youtube.com\/channel\/UC8L_QD2wwyADW14zt9fY8kw"]},{"@type":"Person","@id":"https:\/\/www.creilsudoise-tourisme.fr\/#\/schema\/person\/c5140d47645b13bee896bfe05f1bd5da","name":"fdubut","image":{"@type":"ImageObject","inLanguage":"de","@id":"https:\/\/www.creilsudoise-tourisme.fr\/#\/schema\/person\/image\/","url":"https:\/\/secure.gravatar.com\/avatar\/c49bb61337bf4556cafdbcb92c18618d?s=96&d=mm&r=g","contentUrl":"https:\/\/secure.gravatar.com\/avatar\/c49bb61337bf4556cafdbcb92c18618d?s=96&d=mm&r=g","caption":"fdubut"},"url":"https:\/\/www.creilsudoise-tourisme.fr\/de\/auteur\/fdubut\/"}]}},"_links":{"self":[{"href":"https:\/\/www.creilsudoise-tourisme.fr\/de\/wp-json\/wp\/v2\/posts\/37325"}],"collection":[{"href":"https:\/\/www.creilsudoise-tourisme.fr\/de\/wp-json\/wp\/v2\/posts"}],"about":[{"href":"https:\/\/www.creilsudoise-tourisme.fr\/de\/wp-json\/wp\/v2\/types\/post"}],"author":[{"embeddable":true,"href":"https:\/\/www.creilsudoise-tourisme.fr\/de\/wp-json\/wp\/v2\/users\/3"}],"replies":[{"embeddable":true,"href":"https:\/\/www.creilsudoise-tourisme.fr\/de\/wp-json\/wp\/v2\/comments?post=37325"}],"version-history":[{"count":4,"href":"https:\/\/www.creilsudoise-tourisme.fr\/de\/wp-json\/wp\/v2\/posts\/37325\/revisions"}],"predecessor-version":[{"id":38930,"href":"https:\/\/www.creilsudoise-tourisme.fr\/de\/wp-json\/wp\/v2\/posts\/37325\/revisions\/38930"}],"wp:featuredmedia":[{"embeddable":true,"href":"https:\/\/www.creilsudoise-tourisme.fr\/de\/wp-json\/wp\/v2\/media\/37326"}],"wp:attachment":[{"href":"https:\/\/www.creilsudoise-tourisme.fr\/de\/wp-json\/wp\/v2\/media?parent=37325"}],"wp:term":[{"taxonomy":"category","embeddable":true,"href":"https:\/\/www.creilsudoise-tourisme.fr\/de\/wp-json\/wp\/v2\/categories?post=37325"},{"taxonomy":"post_tag","embeddable":true,"href":"https:\/\/www.creilsudoise-tourisme.fr\/de\/wp-json\/wp\/v2\/tags?post=37325"}],"curies":[{"name":"wp","href":"https:\/\/api.w.org\/{rel}","templated":true}]}}