{"id":37307,"date":"2021-08-11T13:42:15","date_gmt":"2021-08-11T11:42:15","guid":{"rendered":"https:\/\/www.creilsudoise-tourisme.fr\/?p=37307"},"modified":"2025-11-24T11:49:31","modified_gmt":"2025-11-24T10:49:31","slug":"canard-creil","status":"publish","type":"post","link":"https:\/\/www.creilsudoise-tourisme.fr\/de\/2021\/08\/11\/tigerente\/","title":{"rendered":"Die Ente von Creil"},"content":{"rendered":"<p class=\"is-style-excerpt\">Echte <strong>Blumensymbol<\/strong> der Stadt Creil, dem <strong>Ente<\/strong>, das sich auf dem Place Carnot befindet, ist ein Muss, das jeder Einwohner von Creille kennt. Aber kennen Sie <strong>den Ursprung dieser Ente <\/strong>? <\/p>\n\n\n\n<p>Als Maskottchen der Stadt erinnert man sich gerne an seine verschiedenen Dekorationen im Laufe der Jahre. Mal <strong>bl\u00fcht im Sommer<\/strong>oder gekleidet in <strong>Tannenzweigen und ein paar Girlanden, sobald Weihnachten <\/strong>Ann\u00e4herung, die Ente von Creil, die sich am Place Carnot befindet, belebt die Landschaft.<\/p>\n\n\n\n<figure class=\"wp-block-image size-large\"><img decoding=\"async\" loading=\"lazy\" width=\"949\" height=\"742\" data-src=\"https:\/\/www.creilsudoise-tourisme.fr\/wp-content\/uploads\/2021\/08\/Canard-de-Creil-en-hiver.jpg\" alt=\"Die Ente von Creil im Winter\" class=\"wp-image-37314\" data-srcset=\"https:\/\/www.creilsudoise-tourisme.fr\/wp-content\/uploads\/2021\/08\/Canard-de-Creil-en-hiver.jpg 949w, https:\/\/www.creilsudoise-tourisme.fr\/wp-content\/uploads\/2021\/08\/Canard-de-Creil-en-hiver-600x469.jpg 600w, https:\/\/www.creilsudoise-tourisme.fr\/wp-content\/uploads\/2021\/08\/Canard-de-Creil-en-hiver-900x704.jpg 900w, https:\/\/www.creilsudoise-tourisme.fr\/wp-content\/uploads\/2021\/08\/Canard-de-Creil-en-hiver-200x156.jpg 200w, https:\/\/www.creilsudoise-tourisme.fr\/wp-content\/uploads\/2021\/08\/Canard-de-Creil-en-hiver-650x508.jpg 650w, https:\/\/www.creilsudoise-tourisme.fr\/wp-content\/uploads\/2021\/08\/Canard-de-Creil-en-hiver-387x303.jpg 387w\" sizes=\"(max-width: 949px) 100vw, 949px\" \/><figcaption class=\"wp-element-caption\">Die Ente von Creil wird im Winter mit Tannenzweigen bedeckt<\/figcaption><\/figure>\n\n\n\n<h2>Der Ursprung der Ente<\/h2>\n\n\n\n<p>Es war nicht leicht, das herauszufinden, aber die<strong>Das Team von Creil Sud Oise Tourisme ging auf Informationsjagd bei der Abteilung f\u00fcr Kulturerbe der Stadt Creil.<\/strong> der uns dies anvertraut hat:<\/p>\n\n\n\n<p>\"Das Eisenger\u00fcst der Ente wurde von der Firma SOFEMO, einem Eisenwarenunternehmen aus Montataire, hergestellt. <strong>in den 1980er Jahren<\/strong>. Es handelt sich um einen Antrag auf <strong>Jean Anciant<\/strong> (ehemaliger B\u00fcrgermeister von Creil) f\u00fcr die Realisierung eines Komplexes mit einem <strong>offenes Buch mit einem Wappen<\/strong> (am Kreisverkehr von Match, rue de la R\u00e9publique), ein weiterer am Eingang des Stadtteils Moulin und die Creil-Ente \"<\/p>\n\n\n\n<p>Wir h\u00e4tten gerne mehr \u00fcber die Symbolik dieser Ente erfahren, aber man kann wahrscheinlich ohne gro\u00dfe Pinzette davon ausgehen, dass dieses<strong> friedliches Tier s\u00e4umt die Ufer des Flusses Oise, der durch die Stadt flie\u00dft<\/strong>. Ein Fluss, dem <strong>Creil verdankt seinen industriellen Aufschwung<\/strong> noch vor der Ankunft der Eisenbahn, vor allem durch den Einsatz von <strong>Wasserm\u00fchlen <\/strong>die es den ersten Industrien erm\u00f6glichen, sich unmittelbar nach der Franz\u00f6sischen Revolution in dem Gebiet niederzulassen (dies war z. B. bei der Fayenceherstellung der Fall).<\/p>\n\n\n\n<h2>Von den st\u00e4dtischen Gew\u00e4chsh\u00e4usern geschm\u00fcckt<\/h2>\n\n\n\n<p>Im Sommer sind es fast <strong>15.000 Blumen<\/strong> die den Metallrahmen der Ente bedecken. Diese Arbeit verdanken wir den <strong>G\u00e4rtner der Gr\u00fcnfl\u00e4chen der Stadt Creil<\/strong>In den USA werden Tausende von S\u00e4mlingen in den USA angebaut. <strong>st\u00e4dtische Gew\u00e4chsh\u00e4user<\/strong>. Konsultieren Sie unseren <a href=\"https:\/\/www.creilsudoise-tourisme.fr\/de\/agenda\/\" target=\"_blank\" rel=\"noreferrer noopener\">Agenda <\/a>um die n\u00e4chsten Besuche zu erfahren!<\/p>\n\n\n\n<hr class=\"wp-block-separator has-css-opacity\"\/>","protected":false},"excerpt":{"rendered":"<p>Die Ente auf dem Place Carnot ist ein echtes Blumensymbol der Stadt Creil und ein Muss, das alle Einwohner Creils kennen. Aber kennen Sie auch den Ursprung dieser Ente? Als Maskottchen der Stadt erinnert man sich gerne an seine verschiedenen Dekorationen im Laufe der Jahre. Mal bl\u00fcht sie im Sommer, mal ist sie mit \u00c4sten von [...]] verkleidet.<\/p>","protected":false},"author":3,"featured_media":37308,"comment_status":"closed","ping_status":"open","sticky":false,"template":"","format":"standard","meta":{"_relevanssi_hide_post":"","_relevanssi_hide_content":"","_relevanssi_pin_for_all":"","_relevanssi_pin_keywords":"","_relevanssi_unpin_keywords":"","_relevanssi_related_keywords":"","_relevanssi_related_include_ids":"","_relevanssi_related_exclude_ids":"","_relevanssi_related_no_append":"","_relevanssi_related_not_related":"","_relevanssi_related_posts":"32820,36690,271,36660,36681,36653","_relevanssi_noindex_reason":""},"categories":[3],"tags":[],"yoast_head":"<!-- This site is optimized with the Yoast SEO plugin v20.2.1 - https:\/\/yoast.com\/wordpress\/plugins\/seo\/ -->\n<title>Anecdote : l&#039;origine du Canard de Creil, mascotte de la ville<\/title>\n<meta name=\"description\" content=\"D\u00e9couvrez, \u00e0 travers une anecdote, l&#039;histoire de la c\u00e9l\u00e8bre mascotte de Creil : le canard de la place Carnot.\" \/>\n<meta name=\"robots\" content=\"index, follow, max-snippet:-1, max-image-preview:large, max-video-preview:-1\" \/>\n<link rel=\"canonical\" href=\"https:\/\/www.creilsudoise-tourisme.fr\/de\/2021\/08\/11\/tigerente\/\" \/>\n<meta property=\"og:locale\" content=\"de_DE\" \/>\n<meta property=\"og:type\" content=\"article\" \/>\n<meta property=\"og:title\" content=\"Anecdote : l&#039;origine du Canard de Creil, mascotte de la ville\" \/>\n<meta property=\"og:description\" content=\"D\u00e9couvrez, \u00e0 travers une anecdote, l&#039;histoire de la c\u00e9l\u00e8bre mascotte de Creil : le canard de la place Carnot.\" \/>\n<meta property=\"og:url\" content=\"https:\/\/www.creilsudoise-tourisme.fr\/de\/2021\/08\/11\/tigerente\/\" \/>\n<meta property=\"og:site_name\" content=\"Office de Tourisme Creil Sud Oise\" \/>\n<meta property=\"article:publisher\" content=\"https:\/\/www.facebook.com\/creilsudoisetourisme\/\" \/>\n<meta property=\"article:published_time\" content=\"2021-08-11T11:42:15+00:00\" \/>\n<meta property=\"article:modified_time\" content=\"2025-11-24T10:49:31+00:00\" \/>\n<meta property=\"og:image\" content=\"https:\/\/www.creilsudoise-tourisme.fr\/wp-content\/uploads\/2021\/08\/Canard-de-Creil.jpg\" \/>\n\t<meta property=\"og:image:width\" content=\"1480\" \/>\n\t<meta property=\"og:image:height\" content=\"934\" \/>\n\t<meta property=\"og:image:type\" content=\"image\/jpeg\" \/>\n<meta name=\"author\" content=\"fdubut\" \/>\n<meta name=\"twitter:card\" content=\"summary_large_image\" \/>\n<meta name=\"twitter:creator\" content=\"@CreilSudOiseOT\" \/>\n<meta name=\"twitter:site\" content=\"@CreilSudOiseOT\" \/>\n<meta name=\"twitter:label1\" content=\"Verfasst von\" \/>\n\t<meta name=\"twitter:data1\" content=\"fdubut\" \/>\n\t<meta name=\"twitter:label2\" content=\"Gesch\u00e4tzte Lesezeit\" \/>\n\t<meta name=\"twitter:data2\" content=\"2\u00a0Minuten\" \/>\n<script type=\"application\/ld+json\" class=\"yoast-schema-graph\">{\"@context\":\"https:\/\/schema.org\",\"@graph\":[{\"@type\":\"Article\",\"@id\":\"https:\/\/www.creilsudoise-tourisme.fr\/2021\/08\/11\/canard-creil\/#article\",\"isPartOf\":{\"@id\":\"https:\/\/www.creilsudoise-tourisme.fr\/2021\/08\/11\/canard-creil\/\"},\"author\":{\"name\":\"fdubut\",\"@id\":\"https:\/\/www.creilsudoise-tourisme.fr\/#\/schema\/person\/c5140d47645b13bee896bfe05f1bd5da\"},\"headline\":\"Le canard de Creil\",\"datePublished\":\"2021-08-11T11:42:15+00:00\",\"dateModified\":\"2025-11-24T10:49:31+00:00\",\"mainEntityOfPage\":{\"@id\":\"https:\/\/www.creilsudoise-tourisme.fr\/2021\/08\/11\/canard-creil\/\"},\"wordCount\":368,\"publisher\":{\"@id\":\"https:\/\/www.creilsudoise-tourisme.fr\/#organization\"},\"articleSection\":[\"Anecdotes\"],\"inLanguage\":\"de\"},{\"@type\":\"WebPage\",\"@id\":\"https:\/\/www.creilsudoise-tourisme.fr\/2021\/08\/11\/canard-creil\/\",\"url\":\"https:\/\/www.creilsudoise-tourisme.fr\/2021\/08\/11\/canard-creil\/\",\"name\":\"Anecdote : l'origine du Canard de Creil, mascotte de la ville\",\"isPartOf\":{\"@id\":\"https:\/\/www.creilsudoise-tourisme.fr\/#website\"},\"datePublished\":\"2021-08-11T11:42:15+00:00\",\"dateModified\":\"2025-11-24T10:49:31+00:00\",\"description\":\"D\u00e9couvrez, \u00e0 travers une anecdote, l'histoire de la c\u00e9l\u00e8bre mascotte de Creil : le canard de la place Carnot.\",\"breadcrumb\":{\"@id\":\"https:\/\/www.creilsudoise-tourisme.fr\/2021\/08\/11\/canard-creil\/#breadcrumb\"},\"inLanguage\":\"de\",\"potentialAction\":[{\"@type\":\"ReadAction\",\"target\":[\"https:\/\/www.creilsudoise-tourisme.fr\/2021\/08\/11\/canard-creil\/\"]}]},{\"@type\":\"BreadcrumbList\",\"@id\":\"https:\/\/www.creilsudoise-tourisme.fr\/2021\/08\/11\/canard-creil\/#breadcrumb\",\"itemListElement\":[{\"@type\":\"ListItem\",\"position\":1,\"name\":\"Accueil\",\"item\":\"https:\/\/www.creilsudoise-tourisme.fr\/\"},{\"@type\":\"ListItem\",\"position\":2,\"name\":\"Le canard de Creil\"}]},{\"@type\":\"WebSite\",\"@id\":\"https:\/\/www.creilsudoise-tourisme.fr\/#website\",\"url\":\"https:\/\/www.creilsudoise-tourisme.fr\/\",\"name\":\"Office de Tourisme Creil Sud Oise\",\"description\":\"Creil Sud Oise Tourisme, un territoire \u00e0 explorer !\",\"publisher\":{\"@id\":\"https:\/\/www.creilsudoise-tourisme.fr\/#organization\"},\"potentialAction\":[{\"@type\":\"SearchAction\",\"target\":{\"@type\":\"EntryPoint\",\"urlTemplate\":\"https:\/\/www.creilsudoise-tourisme.fr\/?s={search_term_string}\"},\"query-input\":\"required name=search_term_string\"}],\"inLanguage\":\"de\"},{\"@type\":\"Organization\",\"@id\":\"https:\/\/www.creilsudoise-tourisme.fr\/#organization\",\"name\":\"Creil Sud Oise Tourisme\",\"url\":\"https:\/\/www.creilsudoise-tourisme.fr\/\",\"logo\":{\"@type\":\"ImageObject\",\"inLanguage\":\"de\",\"@id\":\"https:\/\/www.creilsudoise-tourisme.fr\/#\/schema\/logo\/image\/\",\"url\":\"https:\/\/www.creilsudoise-tourisme.fr\/wp-content\/uploads\/2021\/05\/logo-svg.png\",\"contentUrl\":\"https:\/\/www.creilsudoise-tourisme.fr\/wp-content\/uploads\/2021\/05\/logo-svg.png\",\"width\":182,\"height\":71,\"caption\":\"Creil Sud Oise Tourisme\"},\"image\":{\"@id\":\"https:\/\/www.creilsudoise-tourisme.fr\/#\/schema\/logo\/image\/\"},\"sameAs\":[\"https:\/\/www.facebook.com\/creilsudoisetourisme\/\",\"https:\/\/twitter.com\/CreilSudOiseOT\",\"https:\/\/www.instagram.com\/creilsudoisetourisme\/\",\"https:\/\/www.youtube.com\/channel\/UC8L_QD2wwyADW14zt9fY8kw\"]},{\"@type\":\"Person\",\"@id\":\"https:\/\/www.creilsudoise-tourisme.fr\/#\/schema\/person\/c5140d47645b13bee896bfe05f1bd5da\",\"name\":\"fdubut\",\"image\":{\"@type\":\"ImageObject\",\"inLanguage\":\"de\",\"@id\":\"https:\/\/www.creilsudoise-tourisme.fr\/#\/schema\/person\/image\/\",\"url\":\"https:\/\/secure.gravatar.com\/avatar\/c49bb61337bf4556cafdbcb92c18618d?s=96&d=mm&r=g\",\"contentUrl\":\"https:\/\/secure.gravatar.com\/avatar\/c49bb61337bf4556cafdbcb92c18618d?s=96&d=mm&r=g\",\"caption\":\"fdubut\"},\"url\":\"https:\/\/www.creilsudoise-tourisme.fr\/de\/auteur\/fdubut\/\"}]}<\/script>\n<!-- \/ Yoast SEO plugin. -->","yoast_head_json":{"title":"Anecdote : l'origine du Canard de Creil, mascotte de la ville","description":"D\u00e9couvrez, \u00e0 travers une anecdote, l'histoire de la c\u00e9l\u00e8bre mascotte de Creil : le canard de la place Carnot.","robots":{"index":"index","follow":"follow","max-snippet":"max-snippet:-1","max-image-preview":"max-image-preview:large","max-video-preview":"max-video-preview:-1"},"canonical":"https:\/\/www.creilsudoise-tourisme.fr\/de\/2021\/08\/11\/tigerente\/","og_locale":"de_DE","og_type":"article","og_title":"Anecdote : l'origine du Canard de Creil, mascotte de la ville","og_description":"D\u00e9couvrez, \u00e0 travers une anecdote, l'histoire de la c\u00e9l\u00e8bre mascotte de Creil : le canard de la place Carnot.","og_url":"https:\/\/www.creilsudoise-tourisme.fr\/de\/2021\/08\/11\/tigerente\/","og_site_name":"Office de Tourisme Creil Sud Oise","article_publisher":"https:\/\/www.facebook.com\/creilsudoisetourisme\/","article_published_time":"2021-08-11T11:42:15+00:00","article_modified_time":"2025-11-24T10:49:31+00:00","og_image":[{"width":1480,"height":934,"url":"https:\/\/www.creilsudoise-tourisme.fr\/wp-content\/uploads\/2021\/08\/Canard-de-Creil.jpg","type":"image\/jpeg"}],"author":"fdubut","twitter_card":"summary_large_image","twitter_creator":"@CreilSudOiseOT","twitter_site":"@CreilSudOiseOT","twitter_misc":{"Verfasst von":"fdubut","Gesch\u00e4tzte Lesezeit":"2\u00a0Minuten"},"schema":{"@context":"https:\/\/schema.org","@graph":[{"@type":"Article","@id":"https:\/\/www.creilsudoise-tourisme.fr\/2021\/08\/11\/canard-creil\/#article","isPartOf":{"@id":"https:\/\/www.creilsudoise-tourisme.fr\/2021\/08\/11\/canard-creil\/"},"author":{"name":"fdubut","@id":"https:\/\/www.creilsudoise-tourisme.fr\/#\/schema\/person\/c5140d47645b13bee896bfe05f1bd5da"},"headline":"Le canard de Creil","datePublished":"2021-08-11T11:42:15+00:00","dateModified":"2025-11-24T10:49:31+00:00","mainEntityOfPage":{"@id":"https:\/\/www.creilsudoise-tourisme.fr\/2021\/08\/11\/canard-creil\/"},"wordCount":368,"publisher":{"@id":"https:\/\/www.creilsudoise-tourisme.fr\/#organization"},"articleSection":["Anecdotes"],"inLanguage":"de"},{"@type":"WebPage","@id":"https:\/\/www.creilsudoise-tourisme.fr\/2021\/08\/11\/canard-creil\/","url":"https:\/\/www.creilsudoise-tourisme.fr\/2021\/08\/11\/canard-creil\/","name":"Anecdote : l'origine du Canard de Creil, mascotte de la ville","isPartOf":{"@id":"https:\/\/www.creilsudoise-tourisme.fr\/#website"},"datePublished":"2021-08-11T11:42:15+00:00","dateModified":"2025-11-24T10:49:31+00:00","description":"D\u00e9couvrez, \u00e0 travers une anecdote, l'histoire de la c\u00e9l\u00e8bre mascotte de Creil : le canard de la place Carnot.","breadcrumb":{"@id":"https:\/\/www.creilsudoise-tourisme.fr\/2021\/08\/11\/canard-creil\/#breadcrumb"},"inLanguage":"de","potentialAction":[{"@type":"ReadAction","target":["https:\/\/www.creilsudoise-tourisme.fr\/2021\/08\/11\/canard-creil\/"]}]},{"@type":"BreadcrumbList","@id":"https:\/\/www.creilsudoise-tourisme.fr\/2021\/08\/11\/canard-creil\/#breadcrumb","itemListElement":[{"@type":"ListItem","position":1,"name":"Accueil","item":"https:\/\/www.creilsudoise-tourisme.fr\/"},{"@type":"ListItem","position":2,"name":"Le canard de Creil"}]},{"@type":"WebSite","@id":"https:\/\/www.creilsudoise-tourisme.fr\/#website","url":"https:\/\/www.creilsudoise-tourisme.fr\/","name":"Office de Tourisme Creil Sud Oise","description":"Creil Sud Oise Tourisme, un territoire \u00e0 explorer !","publisher":{"@id":"https:\/\/www.creilsudoise-tourisme.fr\/#organization"},"potentialAction":[{"@type":"SearchAction","target":{"@type":"EntryPoint","urlTemplate":"https:\/\/www.creilsudoise-tourisme.fr\/?s={search_term_string}"},"query-input":"required name=search_term_string"}],"inLanguage":"de"},{"@type":"Organization","@id":"https:\/\/www.creilsudoise-tourisme.fr\/#organization","name":"Creil Sud Oise Tourisme","url":"https:\/\/www.creilsudoise-tourisme.fr\/","logo":{"@type":"ImageObject","inLanguage":"de","@id":"https:\/\/www.creilsudoise-tourisme.fr\/#\/schema\/logo\/image\/","url":"https:\/\/www.creilsudoise-tourisme.fr\/wp-content\/uploads\/2021\/05\/logo-svg.png","contentUrl":"https:\/\/www.creilsudoise-tourisme.fr\/wp-content\/uploads\/2021\/05\/logo-svg.png","width":182,"height":71,"caption":"Creil Sud Oise Tourisme"},"image":{"@id":"https:\/\/www.creilsudoise-tourisme.fr\/#\/schema\/logo\/image\/"},"sameAs":["https:\/\/www.facebook.com\/creilsudoisetourisme\/","https:\/\/twitter.com\/CreilSudOiseOT","https:\/\/www.instagram.com\/creilsudoisetourisme\/","https:\/\/www.youtube.com\/channel\/UC8L_QD2wwyADW14zt9fY8kw"]},{"@type":"Person","@id":"https:\/\/www.creilsudoise-tourisme.fr\/#\/schema\/person\/c5140d47645b13bee896bfe05f1bd5da","name":"fdubut","image":{"@type":"ImageObject","inLanguage":"de","@id":"https:\/\/www.creilsudoise-tourisme.fr\/#\/schema\/person\/image\/","url":"https:\/\/secure.gravatar.com\/avatar\/c49bb61337bf4556cafdbcb92c18618d?s=96&d=mm&r=g","contentUrl":"https:\/\/secure.gravatar.com\/avatar\/c49bb61337bf4556cafdbcb92c18618d?s=96&d=mm&r=g","caption":"fdubut"},"url":"https:\/\/www.creilsudoise-tourisme.fr\/de\/auteur\/fdubut\/"}]}},"_links":{"self":[{"href":"https:\/\/www.creilsudoise-tourisme.fr\/de\/wp-json\/wp\/v2\/posts\/37307"}],"collection":[{"href":"https:\/\/www.creilsudoise-tourisme.fr\/de\/wp-json\/wp\/v2\/posts"}],"about":[{"href":"https:\/\/www.creilsudoise-tourisme.fr\/de\/wp-json\/wp\/v2\/types\/post"}],"author":[{"embeddable":true,"href":"https:\/\/www.creilsudoise-tourisme.fr\/de\/wp-json\/wp\/v2\/users\/3"}],"replies":[{"embeddable":true,"href":"https:\/\/www.creilsudoise-tourisme.fr\/de\/wp-json\/wp\/v2\/comments?post=37307"}],"version-history":[{"count":7,"href":"https:\/\/www.creilsudoise-tourisme.fr\/de\/wp-json\/wp\/v2\/posts\/37307\/revisions"}],"predecessor-version":[{"id":66504,"href":"https:\/\/www.creilsudoise-tourisme.fr\/de\/wp-json\/wp\/v2\/posts\/37307\/revisions\/66504"}],"wp:featuredmedia":[{"embeddable":true,"href":"https:\/\/www.creilsudoise-tourisme.fr\/de\/wp-json\/wp\/v2\/media\/37308"}],"wp:attachment":[{"href":"https:\/\/www.creilsudoise-tourisme.fr\/de\/wp-json\/wp\/v2\/media?parent=37307"}],"wp:term":[{"taxonomy":"category","embeddable":true,"href":"https:\/\/www.creilsudoise-tourisme.fr\/de\/wp-json\/wp\/v2\/categories?post=37307"},{"taxonomy":"post_tag","embeddable":true,"href":"https:\/\/www.creilsudoise-tourisme.fr\/de\/wp-json\/wp\/v2\/tags?post=37307"}],"curies":[{"name":"wp","href":"https:\/\/api.w.org\/{rel}","templated":true}]}}