{"id":36660,"date":"2021-07-20T11:56:15","date_gmt":"2021-07-20T09:56:15","guid":{"rendered":"https:\/\/www.creilsudoise-tourisme.fr\/?p=36660"},"modified":"2022-01-25T09:10:18","modified_gmt":"2022-01-25T08:10:18","slug":"piscine-creil","status":"publish","type":"post","link":"https:\/\/www.creilsudoise-tourisme.fr\/de\/2021\/07\/20\/pool-creil\/","title":{"rendered":"Das Schwimmbad in Creil"},"content":{"rendered":"<p class=\"is-style-excerpt\">Das Schwimmbad in Creil war die <strong>erstes Schwimmbad im Departement Oise<\/strong> ! Sie wurde 1926 eingeweiht.<\/p>\n\n\n\n<h2>Eine Architektur, die sozialen Bed\u00fcrfnissen gerecht wird<\/h2>\n\n\n\n<p>Wie es in den 1920er und 1930er Jahren h\u00e4ufig der Fall war, <strong>die Einrichtung umfasst ein Schwimmbecken in Verbindung mit Duschb\u00e4dern <\/strong>die somit das Waschschiff Esp\u00e9rance ersetzten und soziale Bed\u00fcrfnisse in Bezug auf Hygiene, Gesundheit und Sporterziehung befriedigten.<\/p>\n\n\n\n<h2>Im Zweiten Weltkrieg zerst\u00f6rt<\/h2>\n\n\n\n<p>Die Stadt Creil wurde durch die Bombenangriffe des Zweiten Weltkriegs schwer besch\u00e4digt. <strong>Der Pool ist dann nicht mehr nutzbar<\/strong>ist sie dann <strong>eine Zeit lang von einem Kino besetzt<\/strong>. <\/p>\n\n\n\n<p>Man muss <strong>erst in den 1950er Jahren beschloss die Stadt, das Schwimmbad wieder seiner Funktion zuzuf\u00fchren <\/strong>und Renovierungs-, Modernisierungs- und Erweiterungsarbeiten durchzuf\u00fchren, die zwischen 1961 und 1963 stattfinden. <\/p>\n\n\n\n<p>Das Schwimmbad wird im Sommer 2010 wegen Renovierungsarbeiten erneut geschlossen und im Sommer 2013 wieder er\u00f6ffnet.<\/p>\n\n\n\n<figure class=\"wp-block-image size-large\"><img decoding=\"async\" loading=\"lazy\" width=\"768\" height=\"462\" data-src=\"https:\/\/www.creilsudoise-tourisme.fr\/wp-content\/uploads\/2021\/07\/La-nouvelle-architecture-de-la-piscine-de-Creil.jpg\" alt=\"Die neue Architektur des Schwimmbads in Creil\" class=\"wp-image-36658\" data-srcset=\"https:\/\/www.creilsudoise-tourisme.fr\/wp-content\/uploads\/2021\/07\/La-nouvelle-architecture-de-la-piscine-de-Creil.jpg 768w, https:\/\/www.creilsudoise-tourisme.fr\/wp-content\/uploads\/2021\/07\/La-nouvelle-architecture-de-la-piscine-de-Creil-600x361.jpg 600w, https:\/\/www.creilsudoise-tourisme.fr\/wp-content\/uploads\/2021\/07\/La-nouvelle-architecture-de-la-piscine-de-Creil-200x120.jpg 200w, https:\/\/www.creilsudoise-tourisme.fr\/wp-content\/uploads\/2021\/07\/La-nouvelle-architecture-de-la-piscine-de-Creil-650x391.jpg 650w, https:\/\/www.creilsudoise-tourisme.fr\/wp-content\/uploads\/2021\/07\/La-nouvelle-architecture-de-la-piscine-de-Creil-416x251.jpg 416w, https:\/\/www.creilsudoise-tourisme.fr\/wp-content\/uploads\/2021\/07\/La-nouvelle-architecture-de-la-piscine-de-Creil-387x233.jpg 387w\" sizes=\"(max-width: 768px) 100vw, 768px\" \/><figcaption>Neue Architektur f\u00fcr das Schwimmbad in Creil<\/figcaption><\/figure>\n\n\n\n<h2>Eine Decke gegen die Invasion der Wikinger<\/h2>\n\n\n\n<p>\u00dcberraschende Anekdote: Im Jahr 851 veranstaltete der fr\u00e4nkische K\u00f6nig Karl II. der Kahle ein Plaid: ein Treffen der F\u00fcrsten seines K\u00f6nigreichs, bei dem der K\u00f6nig sie um Ratschl\u00e4ge zum Regieren bat. Der K\u00f6nig w\u00fcnschte sich Hilfe bei der Bew\u00e4ltigung der Wikingerinvasion. Dieses Treffen fand an der Stelle des heutigen Schwimmbads statt, wo sich ein merowingischer Palast befand, von dem bei Bauarbeiten Balken gefunden wurden.<\/p>\n\n\n\n<hr class=\"wp-block-separator\"\/>","protected":false},"excerpt":{"rendered":"<p>Das Schwimmbad in Creil war das erste Schwimmbad im Departement Oise! Es wurde 1926 eingeweiht. Eine Architektur, die sozialen Bed\u00fcrfnissen entgegenkam Wie es in den 1920er und 1930er Jahren h\u00e4ufig der Fall war, umfasste die Einrichtung ein Schwimmbecken in Verbindung mit Duschb\u00e4dern, die somit das Waschschiff Esp\u00e9rance ersetzten und sozialen Bed\u00fcrfnissen [...].<\/p>","protected":false},"author":3,"featured_media":36656,"comment_status":"closed","ping_status":"open","sticky":false,"template":"","format":"standard","meta":{"_relevanssi_hide_post":"","_relevanssi_hide_content":"","_relevanssi_pin_for_all":"","_relevanssi_pin_keywords":"","_relevanssi_unpin_keywords":"","_relevanssi_related_keywords":"","_relevanssi_related_include_ids":"","_relevanssi_related_exclude_ids":"","_relevanssi_related_no_append":"","_relevanssi_related_not_related":"","_relevanssi_related_posts":"32820,267,271,36653","_relevanssi_noindex_reason":""},"categories":[3],"tags":[],"yoast_head":"<!-- This site is optimized with the Yoast SEO plugin v20.2.1 - https:\/\/yoast.com\/wordpress\/plugins\/seo\/ -->\n<title>Anecdote : l&#039;\u00e9tonnante \u00e9volution de la piscine de Creil<\/title>\n<meta name=\"description\" content=\"D\u00e9couvrez l&#039;\u00e9tonnante histoire de la piscine de Creil qui fut un lieu de rendez-vous des rois Francs avant de devenir piscine.\" \/>\n<meta name=\"robots\" content=\"index, follow, max-snippet:-1, max-image-preview:large, max-video-preview:-1\" \/>\n<link rel=\"canonical\" href=\"https:\/\/www.creilsudoise-tourisme.fr\/de\/2021\/07\/20\/piscine-creil\/\" \/>\n<meta property=\"og:locale\" content=\"de_DE\" \/>\n<meta property=\"og:type\" content=\"article\" \/>\n<meta property=\"og:title\" content=\"Anecdote : l&#039;\u00e9tonnante \u00e9volution de la piscine de Creil\" \/>\n<meta property=\"og:description\" content=\"D\u00e9couvrez l&#039;\u00e9tonnante histoire de la piscine de Creil qui fut un lieu de rendez-vous des rois Francs avant de devenir piscine.\" \/>\n<meta property=\"og:url\" content=\"https:\/\/www.creilsudoise-tourisme.fr\/de\/2021\/07\/20\/piscine-creil\/\" \/>\n<meta property=\"og:site_name\" content=\"Office de Tourisme Creil Sud Oise\" \/>\n<meta property=\"article:publisher\" content=\"https:\/\/www.facebook.com\/creilsudoisetourisme\/\" \/>\n<meta property=\"article:published_time\" content=\"2021-07-20T09:56:15+00:00\" \/>\n<meta property=\"article:modified_time\" content=\"2022-01-25T08:10:18+00:00\" \/>\n<meta property=\"og:image\" content=\"https:\/\/www.creilsudoise-tourisme.fr\/wp-content\/uploads\/2021\/07\/La-piscine-de-Creil.jpg\" \/>\n\t<meta property=\"og:image:width\" content=\"768\" \/>\n\t<meta property=\"og:image:height\" content=\"509\" \/>\n\t<meta property=\"og:image:type\" content=\"image\/jpeg\" \/>\n<meta name=\"author\" content=\"fdubut\" \/>\n<meta name=\"twitter:card\" content=\"summary_large_image\" \/>\n<meta name=\"twitter:creator\" content=\"@CreilSudOiseOT\" \/>\n<meta name=\"twitter:site\" content=\"@CreilSudOiseOT\" \/>\n<meta name=\"twitter:label1\" content=\"Verfasst von\" \/>\n\t<meta name=\"twitter:data1\" content=\"fdubut\" \/>\n\t<meta name=\"twitter:label2\" content=\"Gesch\u00e4tzte Lesezeit\" \/>\n\t<meta name=\"twitter:data2\" content=\"2\u00a0Minuten\" \/>\n<script type=\"application\/ld+json\" class=\"yoast-schema-graph\">{\"@context\":\"https:\/\/schema.org\",\"@graph\":[{\"@type\":\"Article\",\"@id\":\"https:\/\/www.creilsudoise-tourisme.fr\/en\/2021\/07\/20\/piscine-creil\/#article\",\"isPartOf\":{\"@id\":\"https:\/\/www.creilsudoise-tourisme.fr\/en\/2021\/07\/20\/piscine-creil\/\"},\"author\":{\"name\":\"fdubut\",\"@id\":\"https:\/\/www.creilsudoise-tourisme.fr\/#\/schema\/person\/c5140d47645b13bee896bfe05f1bd5da\"},\"headline\":\"La Piscine de Creil\",\"datePublished\":\"2021-07-20T09:56:15+00:00\",\"dateModified\":\"2022-01-25T08:10:18+00:00\",\"mainEntityOfPage\":{\"@id\":\"https:\/\/www.creilsudoise-tourisme.fr\/en\/2021\/07\/20\/piscine-creil\/\"},\"wordCount\":260,\"publisher\":{\"@id\":\"https:\/\/www.creilsudoise-tourisme.fr\/#organization\"},\"articleSection\":[\"Anecdotes\"],\"inLanguage\":\"de\"},{\"@type\":\"WebPage\",\"@id\":\"https:\/\/www.creilsudoise-tourisme.fr\/en\/2021\/07\/20\/piscine-creil\/\",\"url\":\"https:\/\/www.creilsudoise-tourisme.fr\/en\/2021\/07\/20\/piscine-creil\/\",\"name\":\"Anecdote : l'\u00e9tonnante \u00e9volution de la piscine de Creil\",\"isPartOf\":{\"@id\":\"https:\/\/www.creilsudoise-tourisme.fr\/#website\"},\"datePublished\":\"2021-07-20T09:56:15+00:00\",\"dateModified\":\"2022-01-25T08:10:18+00:00\",\"description\":\"D\u00e9couvrez l'\u00e9tonnante histoire de la piscine de Creil qui fut un lieu de rendez-vous des rois Francs avant de devenir piscine.\",\"breadcrumb\":{\"@id\":\"https:\/\/www.creilsudoise-tourisme.fr\/en\/2021\/07\/20\/piscine-creil\/#breadcrumb\"},\"inLanguage\":\"de\",\"potentialAction\":[{\"@type\":\"ReadAction\",\"target\":[\"https:\/\/www.creilsudoise-tourisme.fr\/en\/2021\/07\/20\/piscine-creil\/\"]}]},{\"@type\":\"BreadcrumbList\",\"@id\":\"https:\/\/www.creilsudoise-tourisme.fr\/en\/2021\/07\/20\/piscine-creil\/#breadcrumb\",\"itemListElement\":[{\"@type\":\"ListItem\",\"position\":1,\"name\":\"Accueil\",\"item\":\"https:\/\/www.creilsudoise-tourisme.fr\/\"},{\"@type\":\"ListItem\",\"position\":2,\"name\":\"La Piscine de Creil\"}]},{\"@type\":\"WebSite\",\"@id\":\"https:\/\/www.creilsudoise-tourisme.fr\/#website\",\"url\":\"https:\/\/www.creilsudoise-tourisme.fr\/\",\"name\":\"Office de Tourisme Creil Sud Oise\",\"description\":\"Creil Sud Oise Tourisme, un territoire \u00e0 explorer !\",\"publisher\":{\"@id\":\"https:\/\/www.creilsudoise-tourisme.fr\/#organization\"},\"potentialAction\":[{\"@type\":\"SearchAction\",\"target\":{\"@type\":\"EntryPoint\",\"urlTemplate\":\"https:\/\/www.creilsudoise-tourisme.fr\/?s={search_term_string}\"},\"query-input\":\"required name=search_term_string\"}],\"inLanguage\":\"de\"},{\"@type\":\"Organization\",\"@id\":\"https:\/\/www.creilsudoise-tourisme.fr\/#organization\",\"name\":\"Creil Sud Oise Tourisme\",\"url\":\"https:\/\/www.creilsudoise-tourisme.fr\/\",\"logo\":{\"@type\":\"ImageObject\",\"inLanguage\":\"de\",\"@id\":\"https:\/\/www.creilsudoise-tourisme.fr\/#\/schema\/logo\/image\/\",\"url\":\"https:\/\/www.creilsudoise-tourisme.fr\/wp-content\/uploads\/2021\/05\/logo-svg.png\",\"contentUrl\":\"https:\/\/www.creilsudoise-tourisme.fr\/wp-content\/uploads\/2021\/05\/logo-svg.png\",\"width\":182,\"height\":71,\"caption\":\"Creil Sud Oise Tourisme\"},\"image\":{\"@id\":\"https:\/\/www.creilsudoise-tourisme.fr\/#\/schema\/logo\/image\/\"},\"sameAs\":[\"https:\/\/www.facebook.com\/creilsudoisetourisme\/\",\"https:\/\/twitter.com\/CreilSudOiseOT\",\"https:\/\/www.instagram.com\/creilsudoisetourisme\/\",\"https:\/\/www.youtube.com\/channel\/UC8L_QD2wwyADW14zt9fY8kw\"]},{\"@type\":\"Person\",\"@id\":\"https:\/\/www.creilsudoise-tourisme.fr\/#\/schema\/person\/c5140d47645b13bee896bfe05f1bd5da\",\"name\":\"fdubut\",\"image\":{\"@type\":\"ImageObject\",\"inLanguage\":\"de\",\"@id\":\"https:\/\/www.creilsudoise-tourisme.fr\/#\/schema\/person\/image\/\",\"url\":\"https:\/\/secure.gravatar.com\/avatar\/c49bb61337bf4556cafdbcb92c18618d?s=96&d=mm&r=g\",\"contentUrl\":\"https:\/\/secure.gravatar.com\/avatar\/c49bb61337bf4556cafdbcb92c18618d?s=96&d=mm&r=g\",\"caption\":\"fdubut\"},\"url\":\"https:\/\/www.creilsudoise-tourisme.fr\/de\/auteur\/fdubut\/\"}]}<\/script>\n<!-- \/ Yoast SEO plugin. -->","yoast_head_json":{"title":"Anecdote : l'\u00e9tonnante \u00e9volution de la piscine de Creil","description":"D\u00e9couvrez l'\u00e9tonnante histoire de la piscine de Creil qui fut un lieu de rendez-vous des rois Francs avant de devenir piscine.","robots":{"index":"index","follow":"follow","max-snippet":"max-snippet:-1","max-image-preview":"max-image-preview:large","max-video-preview":"max-video-preview:-1"},"canonical":"https:\/\/www.creilsudoise-tourisme.fr\/de\/2021\/07\/20\/piscine-creil\/","og_locale":"de_DE","og_type":"article","og_title":"Anecdote : l'\u00e9tonnante \u00e9volution de la piscine de Creil","og_description":"D\u00e9couvrez l'\u00e9tonnante histoire de la piscine de Creil qui fut un lieu de rendez-vous des rois Francs avant de devenir piscine.","og_url":"https:\/\/www.creilsudoise-tourisme.fr\/de\/2021\/07\/20\/piscine-creil\/","og_site_name":"Office de Tourisme Creil Sud Oise","article_publisher":"https:\/\/www.facebook.com\/creilsudoisetourisme\/","article_published_time":"2021-07-20T09:56:15+00:00","article_modified_time":"2022-01-25T08:10:18+00:00","og_image":[{"width":768,"height":509,"url":"https:\/\/www.creilsudoise-tourisme.fr\/wp-content\/uploads\/2021\/07\/La-piscine-de-Creil.jpg","type":"image\/jpeg"}],"author":"fdubut","twitter_card":"summary_large_image","twitter_creator":"@CreilSudOiseOT","twitter_site":"@CreilSudOiseOT","twitter_misc":{"Verfasst von":"fdubut","Gesch\u00e4tzte Lesezeit":"2\u00a0Minuten"},"schema":{"@context":"https:\/\/schema.org","@graph":[{"@type":"Article","@id":"https:\/\/www.creilsudoise-tourisme.fr\/en\/2021\/07\/20\/piscine-creil\/#article","isPartOf":{"@id":"https:\/\/www.creilsudoise-tourisme.fr\/en\/2021\/07\/20\/piscine-creil\/"},"author":{"name":"fdubut","@id":"https:\/\/www.creilsudoise-tourisme.fr\/#\/schema\/person\/c5140d47645b13bee896bfe05f1bd5da"},"headline":"La Piscine de Creil","datePublished":"2021-07-20T09:56:15+00:00","dateModified":"2022-01-25T08:10:18+00:00","mainEntityOfPage":{"@id":"https:\/\/www.creilsudoise-tourisme.fr\/en\/2021\/07\/20\/piscine-creil\/"},"wordCount":260,"publisher":{"@id":"https:\/\/www.creilsudoise-tourisme.fr\/#organization"},"articleSection":["Anecdotes"],"inLanguage":"de"},{"@type":"WebPage","@id":"https:\/\/www.creilsudoise-tourisme.fr\/en\/2021\/07\/20\/piscine-creil\/","url":"https:\/\/www.creilsudoise-tourisme.fr\/en\/2021\/07\/20\/piscine-creil\/","name":"Anecdote : l'\u00e9tonnante \u00e9volution de la piscine de Creil","isPartOf":{"@id":"https:\/\/www.creilsudoise-tourisme.fr\/#website"},"datePublished":"2021-07-20T09:56:15+00:00","dateModified":"2022-01-25T08:10:18+00:00","description":"D\u00e9couvrez l'\u00e9tonnante histoire de la piscine de Creil qui fut un lieu de rendez-vous des rois Francs avant de devenir piscine.","breadcrumb":{"@id":"https:\/\/www.creilsudoise-tourisme.fr\/en\/2021\/07\/20\/piscine-creil\/#breadcrumb"},"inLanguage":"de","potentialAction":[{"@type":"ReadAction","target":["https:\/\/www.creilsudoise-tourisme.fr\/en\/2021\/07\/20\/piscine-creil\/"]}]},{"@type":"BreadcrumbList","@id":"https:\/\/www.creilsudoise-tourisme.fr\/en\/2021\/07\/20\/piscine-creil\/#breadcrumb","itemListElement":[{"@type":"ListItem","position":1,"name":"Accueil","item":"https:\/\/www.creilsudoise-tourisme.fr\/"},{"@type":"ListItem","position":2,"name":"La Piscine de Creil"}]},{"@type":"WebSite","@id":"https:\/\/www.creilsudoise-tourisme.fr\/#website","url":"https:\/\/www.creilsudoise-tourisme.fr\/","name":"Office de Tourisme Creil Sud Oise","description":"Creil Sud Oise Tourisme, un territoire \u00e0 explorer !","publisher":{"@id":"https:\/\/www.creilsudoise-tourisme.fr\/#organization"},"potentialAction":[{"@type":"SearchAction","target":{"@type":"EntryPoint","urlTemplate":"https:\/\/www.creilsudoise-tourisme.fr\/?s={search_term_string}"},"query-input":"required name=search_term_string"}],"inLanguage":"de"},{"@type":"Organization","@id":"https:\/\/www.creilsudoise-tourisme.fr\/#organization","name":"Creil Sud Oise Tourisme","url":"https:\/\/www.creilsudoise-tourisme.fr\/","logo":{"@type":"ImageObject","inLanguage":"de","@id":"https:\/\/www.creilsudoise-tourisme.fr\/#\/schema\/logo\/image\/","url":"https:\/\/www.creilsudoise-tourisme.fr\/wp-content\/uploads\/2021\/05\/logo-svg.png","contentUrl":"https:\/\/www.creilsudoise-tourisme.fr\/wp-content\/uploads\/2021\/05\/logo-svg.png","width":182,"height":71,"caption":"Creil Sud Oise Tourisme"},"image":{"@id":"https:\/\/www.creilsudoise-tourisme.fr\/#\/schema\/logo\/image\/"},"sameAs":["https:\/\/www.facebook.com\/creilsudoisetourisme\/","https:\/\/twitter.com\/CreilSudOiseOT","https:\/\/www.instagram.com\/creilsudoisetourisme\/","https:\/\/www.youtube.com\/channel\/UC8L_QD2wwyADW14zt9fY8kw"]},{"@type":"Person","@id":"https:\/\/www.creilsudoise-tourisme.fr\/#\/schema\/person\/c5140d47645b13bee896bfe05f1bd5da","name":"fdubut","image":{"@type":"ImageObject","inLanguage":"de","@id":"https:\/\/www.creilsudoise-tourisme.fr\/#\/schema\/person\/image\/","url":"https:\/\/secure.gravatar.com\/avatar\/c49bb61337bf4556cafdbcb92c18618d?s=96&d=mm&r=g","contentUrl":"https:\/\/secure.gravatar.com\/avatar\/c49bb61337bf4556cafdbcb92c18618d?s=96&d=mm&r=g","caption":"fdubut"},"url":"https:\/\/www.creilsudoise-tourisme.fr\/de\/auteur\/fdubut\/"}]}},"_links":{"self":[{"href":"https:\/\/www.creilsudoise-tourisme.fr\/de\/wp-json\/wp\/v2\/posts\/36660"}],"collection":[{"href":"https:\/\/www.creilsudoise-tourisme.fr\/de\/wp-json\/wp\/v2\/posts"}],"about":[{"href":"https:\/\/www.creilsudoise-tourisme.fr\/de\/wp-json\/wp\/v2\/types\/post"}],"author":[{"embeddable":true,"href":"https:\/\/www.creilsudoise-tourisme.fr\/de\/wp-json\/wp\/v2\/users\/3"}],"replies":[{"embeddable":true,"href":"https:\/\/www.creilsudoise-tourisme.fr\/de\/wp-json\/wp\/v2\/comments?post=36660"}],"version-history":[{"count":5,"href":"https:\/\/www.creilsudoise-tourisme.fr\/de\/wp-json\/wp\/v2\/posts\/36660\/revisions"}],"predecessor-version":[{"id":36667,"href":"https:\/\/www.creilsudoise-tourisme.fr\/de\/wp-json\/wp\/v2\/posts\/36660\/revisions\/36667"}],"wp:featuredmedia":[{"embeddable":true,"href":"https:\/\/www.creilsudoise-tourisme.fr\/de\/wp-json\/wp\/v2\/media\/36656"}],"wp:attachment":[{"href":"https:\/\/www.creilsudoise-tourisme.fr\/de\/wp-json\/wp\/v2\/media?parent=36660"}],"wp:term":[{"taxonomy":"category","embeddable":true,"href":"https:\/\/www.creilsudoise-tourisme.fr\/de\/wp-json\/wp\/v2\/categories?post=36660"},{"taxonomy":"post_tag","embeddable":true,"href":"https:\/\/www.creilsudoise-tourisme.fr\/de\/wp-json\/wp\/v2\/tags?post=36660"}],"curies":[{"name":"wp","href":"https:\/\/api.w.org\/{rel}","templated":true}]}}